{"id":14213,"date":"2025-04-26T09:12:11","date_gmt":"2025-04-26T07:12:11","guid":{"rendered":"https:\/\/sport-index.fr\/blog\/?p=14213"},"modified":"2025-04-25T19:35:05","modified_gmt":"2025-04-25T17:35:05","slug":"un-nouveau-defi-pour-emerick-setiano-laviron-bayonnais-laccueille-pour-deux-saisons","status":"publish","type":"post","link":"https:\/\/sport-index.fr\/blog\/a-la-une\/un-nouveau-defi-pour-emerick-setiano-laviron-bayonnais-laccueille-pour-deux-saisons\/","title":{"rendered":"Un nouveau d\u00e9fi pour Emerick Setiano : l&rsquo;Aviron Bayonnais l&rsquo;accueille pour deux saisons"},"content":{"rendered":"<h2>Un transfert marquant pour l&rsquo;Aviron Bayonnais<\/h2>\n<p>Le pilier droit, \u00e2g\u00e9 de 28 ans, quitte Toulon apr\u00e8s plus d&rsquo;une d\u00e9cennie pass\u00e9e au sein du club, un changement qui marque un tournant dans sa carri\u00e8re. En manque de temps de jeu \u00e0 la Rade, Setiano est pr\u00eat \u00e0 relever de nouveaux d\u00e9fis \u00e0 Bayonne pour les deux prochaines saisons.<\/p>\n<p>La signature de Setiano s&rsquo;inscrit dans une strat\u00e9gie de renforcement de l&rsquo;\u00e9quipe, qui aspire \u00e0 se hisser parmi les meilleures du Top 14. Ce transfert repr\u00e9sente une opportunit\u00e9 pour le joueur de retrouver un temps de jeu r\u00e9gulier et de mettre \u00e0 profit son exp\u00e9rience acquise lors de ses 156 matchs avec le RCT. De plus, il a \u00e9galement particip\u00e9 \u00e0 la Coupe du monde 2019, apportant une pr\u00e9cieuse exp\u00e9rience internationale \u00e0 son nouveau club.<\/p>\n<h2>Un renfort de poids pour le pack bayonnais<\/h2>\n<p>Emerick Setiano rejoint une \u00e9quipe qui a d\u00e9j\u00e0 fait des ajouts significatifs \u00e0 son effectif pour la saison prochaine. En plus de Setiano, l&rsquo;Aviron Bayonnais a r\u00e9cemment recrut\u00e9 des talents comme Rob Leota, un troisi\u00e8me ligne australien de renom. Ces nouvelles recrues t\u00e9moignent de l&rsquo;ambition du club de construire un effectif solide et comp\u00e9titif pour le championnat de France.<\/p>\n<p>Avec l&rsquo;arriv\u00e9e de Setiano, le pack bayonnais se renforce consid\u00e9rablement. Sa puissance et son exp\u00e9rience seront des atouts pr\u00e9cieux pour l&rsquo;\u00e9quipe, surtout dans les moments cruciaux des matchs. Les supporters peuvent s&rsquo;attendre \u00e0 voir un jeu plus dynamique et solide, gr\u00e2ce \u00e0 l&rsquo;impact que Setiano aura sur le terrain.<\/p>\n<h2>Une concurrence accrue au poste de pilier droit<\/h2>\n<p>Le recrutement d&rsquo;Emerick Setiano ne signifie pas qu&rsquo;il aura un parcours facile \u00e0 Bayonne. En effet, il devra faire face \u00e0 une concurrence intense au sein du pack, notamment avec Tevita Tatafu, l&rsquo;habituel titulaire \u00e0 ce poste. De plus, Luke Tagi, un puissant pilier fidjien, est \u00e9galement en lice pour le poste, ce qui promet une comp\u00e9tition saine pour obtenir du temps de jeu.<\/p>\n<p>Cette situation pourrait d&rsquo;ailleurs stimuler Setiano \u00e0 donner le meilleur de lui-m\u00eame. Le joueur devra prouver sa valeur sur le terrain pour s&rsquo;imposer dans cette \u00e9quipe en pleine \u00e9volution. Son engagement et sa d\u00e9termination seront sans aucun doute scrut\u00e9s de pr\u00e8s par les entra\u00eeneurs et les supporters.<\/p>\n<ul>\n<li>Emerick Setiano, 28 ans, rejoint l&rsquo;Aviron Bayonnais pour deux saisons.<\/li>\n<li>Il a pass\u00e9 plus de dix ans au Rugby Club Toulonnais.<\/li>\n<li>Setiano a \u00e9t\u00e9 s\u00e9lectionn\u00e9 \u00e0 six reprises avec l&rsquo;\u00e9quipe de France.<\/li>\n<li>Il remplace Pieter Scholtz, qui quittera le club \u00e0 la fin de la saison.<\/li>\n<li>Le pack bayonnais a d\u00e9j\u00e0 accueilli d&rsquo;autres recrues de talent comme Rob Leota.<\/li>\n<\/ul>\n<blockquote>\n<p>Ongi Etorri Emerick !<\/p>\n<p>Emerick Setiano apportera sa puissance dans notre pack pour deux saisons !#rugby #Top14<\/p>\n<p>\u2014 Aviron Bayonnais (@avironrugbypro) April 25, 2025\n<\/p><\/blockquote>\n<p>En somme, l&rsquo;arriv\u00e9e d&rsquo;Emerick Setiano \u00e0 l&rsquo;Aviron Bayonnais est un signal fort de l&rsquo;ambition du club pour la saison \u00e0 venir. Les supporters peuvent s&rsquo;attendre \u00e0 une \u00e9quipe renforc\u00e9e, pr\u00eate \u00e0 rivaliser au plus haut niveau. Avec des joueurs de talent et une dynamique positive, Bayonne vise \u00e0 se positionner comme un pr\u00e9tendant s\u00e9rieux pour le titre dans le Top 14.<\/p>\n","protected":false},"excerpt":{"rendered":"","protected":false},"author":34,"featured_media":14887,"comment_status":"open","ping_status":"open","sticky":false,"template":"","format":"standard","meta":{"_acf_changed":false,"manual_indexmenow":false,"indexmenow_id_project":0,"footnotes":""},"categories":[1],"tags":[4766,5376,4561,4563,4539],"class_list":["post-14213","post","type-post","status-publish","format-standard","has-post-thumbnail","hentry","category-a-la-une","tag-aviron-bayonnais","tag-emerick-setiano","tag-gestion-des-talents","tag-performance-athletique","tag-top-14","generate-columns","tablet-grid-50","mobile-grid-100","grid-parent","grid-25"],"acf":[],"yoast_head":"<!-- This site is optimized with the Yoast SEO Premium plugin v21.3 (Yoast SEO v26.5) - https:\/\/yoast.com\/wordpress\/plugins\/seo\/ -->\n<title>Un nouveau d\u00e9fi pour Emerick Setiano : l&#039;Aviron Bayonnais<\/title>\n<meta name=\"description\" content=\"Un transfert marquant pour l&#039;Aviron Bayonnais Le pilier droit, \u00e2g\u00e9 de 28 ans, quitte Toulon apr\u00e8s plus d&#039;une d\u00e9cennie pass\u00e9e au sein du club, un\u2026\" \/>\n<meta name=\"robots\" content=\"index, follow, max-snippet:-1, max-image-preview:large, max-video-preview:-1\" \/>\n<link rel=\"canonical\" href=\"https:\/\/sport-index.fr\/blog\/a-la-une\/un-nouveau-defi-pour-emerick-setiano-laviron-bayonnais-laccueille-pour-deux-saisons\/\" \/>\n<meta property=\"og:locale\" content=\"fr_FR\" \/>\n<meta property=\"og:type\" content=\"article\" \/>\n<meta property=\"og:title\" content=\"Un nouveau d\u00e9fi pour Emerick Setiano : l&#039;Aviron Bayonnais\" \/>\n<meta property=\"og:description\" content=\"Un transfert marquant pour l&#039;Aviron Bayonnais Le pilier droit, \u00e2g\u00e9 de 28 ans, quitte Toulon apr\u00e8s plus d&#039;une d\u00e9cennie pass\u00e9e au sein du club, un\u2026\" \/>\n<meta property=\"og:url\" content=\"https:\/\/sport-index.fr\/blog\/a-la-une\/un-nouveau-defi-pour-emerick-setiano-laviron-bayonnais-laccueille-pour-deux-saisons\/\" \/>\n<meta property=\"og:site_name\" content=\"sport-index\" \/>\n<meta name=\"author\" content=\"Axel Lauzier\" \/>\n<meta name=\"twitter:card\" content=\"summary_large_image\" \/>\n<script type=\"application\/ld+json\" class=\"yoast-schema-graph\">{\"@context\":\"https:\/\/schema.org\",\"@graph\":[{\"@type\":\"NewsArticle\",\"@id\":\"https:\/\/sport-index.fr\/blog\/a-la-une\/un-nouveau-defi-pour-emerick-setiano-laviron-bayonnais-laccueille-pour-deux-saisons\/#article\",\"isPartOf\":{\"@id\":\"https:\/\/sport-index.fr\/blog\/a-la-une\/un-nouveau-defi-pour-emerick-setiano-laviron-bayonnais-laccueille-pour-deux-saisons\/\"},\"author\":{\"name\":\"Axel Lauzier\",\"@id\":\"https:\/\/sport-index.fr\/blog\/#\/schema\/person\/3c864cdc320801e3db34b663e7e3f816\"},\"headline\":\"Un nouveau d\u00e9fi pour Emerick Setiano : l&rsquo;Aviron Bayonnais l&rsquo;accueille pour deux saisons\",\"datePublished\":\"2025-04-26T07:12:11+00:00\",\"mainEntityOfPage\":{\"@id\":\"https:\/\/sport-index.fr\/blog\/a-la-une\/un-nouveau-defi-pour-emerick-setiano-laviron-bayonnais-laccueille-pour-deux-saisons\/\"},\"wordCount\":553,\"commentCount\":22,\"publisher\":{\"@id\":\"https:\/\/sport-index.fr\/blog\/#organization\"},\"image\":{\"@id\":\"https:\/\/sport-index.fr\/blog\/a-la-une\/un-nouveau-defi-pour-emerick-setiano-laviron-bayonnais-laccueille-pour-deux-saisons\/#primaryimage\"},\"thumbnailUrl\":\"https:\/\/sport-index.fr\/blog\/wp-content\/uploads\/2025\/05\/sdxl-6020d59f00e5cfb22a0dba15f2248b82-scaled.png\",\"keywords\":[\"Aviron Bayonnais\",\"Emerick Setiano\",\"Gestion des Talents\",\"Performance Athl\u00e9tique\",\"Top 14\"],\"articleSection\":[\"\u00c0 la une\"],\"inLanguage\":\"fr-FR\",\"potentialAction\":[{\"@type\":\"CommentAction\",\"name\":\"Comment\",\"target\":[\"https:\/\/sport-index.fr\/blog\/a-la-une\/un-nouveau-defi-pour-emerick-setiano-laviron-bayonnais-laccueille-pour-deux-saisons\/#respond\"]}]},{\"@type\":\"WebPage\",\"@id\":\"https:\/\/sport-index.fr\/blog\/a-la-une\/un-nouveau-defi-pour-emerick-setiano-laviron-bayonnais-laccueille-pour-deux-saisons\/\",\"url\":\"https:\/\/sport-index.fr\/blog\/a-la-une\/un-nouveau-defi-pour-emerick-setiano-laviron-bayonnais-laccueille-pour-deux-saisons\/\",\"name\":\"Un nouveau d\u00e9fi pour Emerick Setiano : l'Aviron Bayonnais\",\"isPartOf\":{\"@id\":\"https:\/\/sport-index.fr\/blog\/#website\"},\"primaryImageOfPage\":{\"@id\":\"https:\/\/sport-index.fr\/blog\/a-la-une\/un-nouveau-defi-pour-emerick-setiano-laviron-bayonnais-laccueille-pour-deux-saisons\/#primaryimage\"},\"image\":{\"@id\":\"https:\/\/sport-index.fr\/blog\/a-la-une\/un-nouveau-defi-pour-emerick-setiano-laviron-bayonnais-laccueille-pour-deux-saisons\/#primaryimage\"},\"thumbnailUrl\":\"https:\/\/sport-index.fr\/blog\/wp-content\/uploads\/2025\/05\/sdxl-6020d59f00e5cfb22a0dba15f2248b82-scaled.png\",\"datePublished\":\"2025-04-26T07:12:11+00:00\",\"description\":\"Un transfert marquant pour l'Aviron Bayonnais Le pilier droit, \u00e2g\u00e9 de 28 ans, quitte Toulon apr\u00e8s plus d'une d\u00e9cennie pass\u00e9e au sein du club, un\u2026\",\"inLanguage\":\"fr-FR\",\"potentialAction\":[{\"@type\":\"ReadAction\",\"target\":[\"https:\/\/sport-index.fr\/blog\/a-la-une\/un-nouveau-defi-pour-emerick-setiano-laviron-bayonnais-laccueille-pour-deux-saisons\/\"]}]},{\"@type\":\"ImageObject\",\"inLanguage\":\"fr-FR\",\"@id\":\"https:\/\/sport-index.fr\/blog\/a-la-une\/un-nouveau-defi-pour-emerick-setiano-laviron-bayonnais-laccueille-pour-deux-saisons\/#primaryimage\",\"url\":\"https:\/\/sport-index.fr\/blog\/wp-content\/uploads\/2025\/05\/sdxl-6020d59f00e5cfb22a0dba15f2248b82-scaled.png\",\"contentUrl\":\"https:\/\/sport-index.fr\/blog\/wp-content\/uploads\/2025\/05\/sdxl-6020d59f00e5cfb22a0dba15f2248b82-scaled.png\",\"width\":1200,\"height\":500},{\"@type\":\"WebSite\",\"@id\":\"https:\/\/sport-index.fr\/blog\/#website\",\"url\":\"https:\/\/sport-index.fr\/blog\/\",\"name\":\"sport-index.fr\",\"description\":\"Le score de l\u2019analyse sportive.\",\"publisher\":{\"@id\":\"https:\/\/sport-index.fr\/blog\/#organization\"},\"alternateName\":\"Le score de l\u2019analyse sportive.\",\"potentialAction\":[{\"@type\":\"SearchAction\",\"target\":{\"@type\":\"EntryPoint\",\"urlTemplate\":\"https:\/\/sport-index.fr\/blog\/?s={search_term_string}\"},\"query-input\":{\"@type\":\"PropertyValueSpecification\",\"valueRequired\":true,\"valueName\":\"search_term_string\"}}],\"inLanguage\":\"fr-FR\"},{\"@type\":\"Organization\",\"@id\":\"https:\/\/sport-index.fr\/blog\/#organization\",\"name\":\"Foretsensations.fr\",\"url\":\"https:\/\/sport-index.fr\/blog\/\",\"logo\":{\"@type\":\"ImageObject\",\"inLanguage\":\"fr-FR\",\"@id\":\"https:\/\/sport-index.fr\/blog\/#\/schema\/logo\/image\/\",\"url\":\"https:\/\/sport-index.fr\/blog\/wp-content\/uploads\/2026\/07\/logo-auto.png\",\"contentUrl\":\"https:\/\/sport-index.fr\/blog\/wp-content\/uploads\/2026\/07\/logo-auto.png\",\"width\":1024,\"height\":1024,\"caption\":\"Foretsensations.fr\"},\"image\":{\"@id\":\"https:\/\/sport-index.fr\/blog\/#\/schema\/logo\/image\/\"}},{\"@type\":\"Person\",\"@id\":\"https:\/\/sport-index.fr\/blog\/#\/schema\/person\/3c864cdc320801e3db34b663e7e3f816\",\"name\":\"Axel Lauzier\",\"image\":{\"@type\":\"ImageObject\",\"inLanguage\":\"fr-FR\",\"@id\":\"https:\/\/sport-index.fr\/blog\/#\/schema\/person\/image\/\",\"url\":\"https:\/\/sport-index.fr\/blog\/wp-content\/uploads\/2026\/06\/persona_axel-l-96x96.jpg\",\"contentUrl\":\"https:\/\/sport-index.fr\/blog\/wp-content\/uploads\/2026\/06\/persona_axel-l-96x96.jpg\",\"caption\":\"Axel Lauzier\"},\"description\":\"Le sport rythme mon quotidien depuis l'enfance, et j'en ai fait mon m\u00e9tier d'analyste r\u00e9dactionnel il y a une dizaine d'ann\u00e9es. Je couvre principalement le football, son actualit\u00e9, ses transferts et l'analyse tactique des grandes affiches, mais aussi les disciplines plus confidentielles que j'aime remettre en lumi\u00e8re. Une partie de mon travail porte sur les pronostics et la lecture statistique d'un match : forme des \u00e9quipes, historique des confrontations, compositions, sans jamais vendre de fausse certitude. Je rappelle syst\u00e9matiquement que parier comporte un risque et doit rester un loisir ma\u00eetris\u00e9. Avant de signer une analyse, je v\u00e9rifie mes chiffres, je recoupe les compositions probables et je distingue toujours la donn\u00e9e brute de l'intuition. Mon objectif : offrir une lecture honn\u00eate et argument\u00e9e, pas un ticket gagnant garanti.\",\"sameAs\":[\"https:\/\/axellauzier.fr\/\"],\"url\":\"https:\/\/sport-index.fr\/blog\/auteur\/noname\/\"}]}<\/script>\n<!-- \/ Yoast SEO Premium plugin. -->","yoast_head_json":{"title":"Un nouveau d\u00e9fi pour Emerick Setiano : l'Aviron Bayonnais","description":"Un transfert marquant pour l'Aviron Bayonnais Le pilier droit, \u00e2g\u00e9 de 28 ans, quitte Toulon apr\u00e8s plus d'une d\u00e9cennie pass\u00e9e au sein du club, un\u2026","robots":{"index":"index","follow":"follow","max-snippet":"max-snippet:-1","max-image-preview":"max-image-preview:large","max-video-preview":"max-video-preview:-1"},"canonical":"https:\/\/sport-index.fr\/blog\/a-la-une\/un-nouveau-defi-pour-emerick-setiano-laviron-bayonnais-laccueille-pour-deux-saisons\/","og_locale":"fr_FR","og_type":"article","og_title":"Un nouveau d\u00e9fi pour Emerick Setiano : l'Aviron Bayonnais","og_description":"Un transfert marquant pour l'Aviron Bayonnais Le pilier droit, \u00e2g\u00e9 de 28 ans, quitte Toulon apr\u00e8s plus d'une d\u00e9cennie pass\u00e9e au sein du club, un\u2026","og_url":"https:\/\/sport-index.fr\/blog\/a-la-une\/un-nouveau-defi-pour-emerick-setiano-laviron-bayonnais-laccueille-pour-deux-saisons\/","og_site_name":"sport-index","author":"Axel Lauzier","twitter_card":"summary_large_image","schema":{"@context":"https:\/\/schema.org","@graph":[{"@type":"NewsArticle","@id":"https:\/\/sport-index.fr\/blog\/a-la-une\/un-nouveau-defi-pour-emerick-setiano-laviron-bayonnais-laccueille-pour-deux-saisons\/#article","isPartOf":{"@id":"https:\/\/sport-index.fr\/blog\/a-la-une\/un-nouveau-defi-pour-emerick-setiano-laviron-bayonnais-laccueille-pour-deux-saisons\/"},"author":{"name":"Axel Lauzier","@id":"https:\/\/sport-index.fr\/blog\/#\/schema\/person\/3c864cdc320801e3db34b663e7e3f816"},"headline":"Un nouveau d\u00e9fi pour Emerick Setiano : l&rsquo;Aviron Bayonnais l&rsquo;accueille pour deux saisons","datePublished":"2025-04-26T07:12:11+00:00","mainEntityOfPage":{"@id":"https:\/\/sport-index.fr\/blog\/a-la-une\/un-nouveau-defi-pour-emerick-setiano-laviron-bayonnais-laccueille-pour-deux-saisons\/"},"wordCount":553,"commentCount":22,"publisher":{"@id":"https:\/\/sport-index.fr\/blog\/#organization"},"image":{"@id":"https:\/\/sport-index.fr\/blog\/a-la-une\/un-nouveau-defi-pour-emerick-setiano-laviron-bayonnais-laccueille-pour-deux-saisons\/#primaryimage"},"thumbnailUrl":"https:\/\/sport-index.fr\/blog\/wp-content\/uploads\/2025\/05\/sdxl-6020d59f00e5cfb22a0dba15f2248b82-scaled.png","keywords":["Aviron Bayonnais","Emerick Setiano","Gestion des Talents","Performance Athl\u00e9tique","Top 14"],"articleSection":["\u00c0 la une"],"inLanguage":"fr-FR","potentialAction":[{"@type":"CommentAction","name":"Comment","target":["https:\/\/sport-index.fr\/blog\/a-la-une\/un-nouveau-defi-pour-emerick-setiano-laviron-bayonnais-laccueille-pour-deux-saisons\/#respond"]}]},{"@type":"WebPage","@id":"https:\/\/sport-index.fr\/blog\/a-la-une\/un-nouveau-defi-pour-emerick-setiano-laviron-bayonnais-laccueille-pour-deux-saisons\/","url":"https:\/\/sport-index.fr\/blog\/a-la-une\/un-nouveau-defi-pour-emerick-setiano-laviron-bayonnais-laccueille-pour-deux-saisons\/","name":"Un nouveau d\u00e9fi pour Emerick Setiano : l'Aviron Bayonnais","isPartOf":{"@id":"https:\/\/sport-index.fr\/blog\/#website"},"primaryImageOfPage":{"@id":"https:\/\/sport-index.fr\/blog\/a-la-une\/un-nouveau-defi-pour-emerick-setiano-laviron-bayonnais-laccueille-pour-deux-saisons\/#primaryimage"},"image":{"@id":"https:\/\/sport-index.fr\/blog\/a-la-une\/un-nouveau-defi-pour-emerick-setiano-laviron-bayonnais-laccueille-pour-deux-saisons\/#primaryimage"},"thumbnailUrl":"https:\/\/sport-index.fr\/blog\/wp-content\/uploads\/2025\/05\/sdxl-6020d59f00e5cfb22a0dba15f2248b82-scaled.png","datePublished":"2025-04-26T07:12:11+00:00","description":"Un transfert marquant pour l'Aviron Bayonnais Le pilier droit, \u00e2g\u00e9 de 28 ans, quitte Toulon apr\u00e8s plus d'une d\u00e9cennie pass\u00e9e au sein du club, un\u2026","inLanguage":"fr-FR","potentialAction":[{"@type":"ReadAction","target":["https:\/\/sport-index.fr\/blog\/a-la-une\/un-nouveau-defi-pour-emerick-setiano-laviron-bayonnais-laccueille-pour-deux-saisons\/"]}]},{"@type":"ImageObject","inLanguage":"fr-FR","@id":"https:\/\/sport-index.fr\/blog\/a-la-une\/un-nouveau-defi-pour-emerick-setiano-laviron-bayonnais-laccueille-pour-deux-saisons\/#primaryimage","url":"https:\/\/sport-index.fr\/blog\/wp-content\/uploads\/2025\/05\/sdxl-6020d59f00e5cfb22a0dba15f2248b82-scaled.png","contentUrl":"https:\/\/sport-index.fr\/blog\/wp-content\/uploads\/2025\/05\/sdxl-6020d59f00e5cfb22a0dba15f2248b82-scaled.png","width":1200,"height":500},{"@type":"WebSite","@id":"https:\/\/sport-index.fr\/blog\/#website","url":"https:\/\/sport-index.fr\/blog\/","name":"sport-index.fr","description":"Le score de l\u2019analyse sportive.","publisher":{"@id":"https:\/\/sport-index.fr\/blog\/#organization"},"alternateName":"Le score de l\u2019analyse sportive.","potentialAction":[{"@type":"SearchAction","target":{"@type":"EntryPoint","urlTemplate":"https:\/\/sport-index.fr\/blog\/?s={search_term_string}"},"query-input":{"@type":"PropertyValueSpecification","valueRequired":true,"valueName":"search_term_string"}}],"inLanguage":"fr-FR"},{"@type":"Organization","@id":"https:\/\/sport-index.fr\/blog\/#organization","name":"Foretsensations.fr","url":"https:\/\/sport-index.fr\/blog\/","logo":{"@type":"ImageObject","inLanguage":"fr-FR","@id":"https:\/\/sport-index.fr\/blog\/#\/schema\/logo\/image\/","url":"https:\/\/sport-index.fr\/blog\/wp-content\/uploads\/2026\/07\/logo-auto.png","contentUrl":"https:\/\/sport-index.fr\/blog\/wp-content\/uploads\/2026\/07\/logo-auto.png","width":1024,"height":1024,"caption":"Foretsensations.fr"},"image":{"@id":"https:\/\/sport-index.fr\/blog\/#\/schema\/logo\/image\/"}},{"@type":"Person","@id":"https:\/\/sport-index.fr\/blog\/#\/schema\/person\/3c864cdc320801e3db34b663e7e3f816","name":"Axel Lauzier","image":{"@type":"ImageObject","inLanguage":"fr-FR","@id":"https:\/\/sport-index.fr\/blog\/#\/schema\/person\/image\/","url":"https:\/\/sport-index.fr\/blog\/wp-content\/uploads\/2026\/06\/persona_axel-l-96x96.jpg","contentUrl":"https:\/\/sport-index.fr\/blog\/wp-content\/uploads\/2026\/06\/persona_axel-l-96x96.jpg","caption":"Axel Lauzier"},"description":"Le sport rythme mon quotidien depuis l'enfance, et j'en ai fait mon m\u00e9tier d'analyste r\u00e9dactionnel il y a une dizaine d'ann\u00e9es. Je couvre principalement le football, son actualit\u00e9, ses transferts et l'analyse tactique des grandes affiches, mais aussi les disciplines plus confidentielles que j'aime remettre en lumi\u00e8re. Une partie de mon travail porte sur les pronostics et la lecture statistique d'un match : forme des \u00e9quipes, historique des confrontations, compositions, sans jamais vendre de fausse certitude. Je rappelle syst\u00e9matiquement que parier comporte un risque et doit rester un loisir ma\u00eetris\u00e9. Avant de signer une analyse, je v\u00e9rifie mes chiffres, je recoupe les compositions probables et je distingue toujours la donn\u00e9e brute de l'intuition. Mon objectif : offrir une lecture honn\u00eate et argument\u00e9e, pas un ticket gagnant garanti.","sameAs":["https:\/\/axellauzier.fr\/"],"url":"https:\/\/sport-index.fr\/blog\/auteur\/noname\/"}]}},"_links":{"self":[{"href":"https:\/\/sport-index.fr\/blog\/wp-json\/wp\/v2\/posts\/14213","targetHints":{"allow":["GET"]}}],"collection":[{"href":"https:\/\/sport-index.fr\/blog\/wp-json\/wp\/v2\/posts"}],"about":[{"href":"https:\/\/sport-index.fr\/blog\/wp-json\/wp\/v2\/types\/post"}],"author":[{"embeddable":true,"href":"https:\/\/sport-index.fr\/blog\/wp-json\/wp\/v2\/users\/34"}],"replies":[{"embeddable":true,"href":"https:\/\/sport-index.fr\/blog\/wp-json\/wp\/v2\/comments?post=14213"}],"version-history":[{"count":1,"href":"https:\/\/sport-index.fr\/blog\/wp-json\/wp\/v2\/posts\/14213\/revisions"}],"predecessor-version":[{"id":14257,"href":"https:\/\/sport-index.fr\/blog\/wp-json\/wp\/v2\/posts\/14213\/revisions\/14257"}],"wp:featuredmedia":[{"embeddable":true,"href":"https:\/\/sport-index.fr\/blog\/wp-json\/wp\/v2\/media\/14887"}],"wp:attachment":[{"href":"https:\/\/sport-index.fr\/blog\/wp-json\/wp\/v2\/media?parent=14213"}],"wp:term":[{"taxonomy":"category","embeddable":true,"href":"https:\/\/sport-index.fr\/blog\/wp-json\/wp\/v2\/categories?post=14213"},{"taxonomy":"post_tag","embeddable":true,"href":"https:\/\/sport-index.fr\/blog\/wp-json\/wp\/v2\/tags?post=14213"}],"curies":[{"name":"wp","href":"https:\/\/api.w.org\/{rel}","templated":true}]}}