{"id":14239,"date":"2025-04-26T01:23:00","date_gmt":"2025-04-25T23:23:00","guid":{"rendered":"https:\/\/sport-index.fr\/blog\/?p=14239"},"modified":"2025-04-25T23:46:36","modified_gmt":"2025-04-25T21:46:36","slug":"maintien-en-pro-d2-le-parcours-emotionnel-de-yann-brethous-et-mont-de-marsan","status":"publish","type":"post","link":"https:\/\/sport-index.fr\/blog\/a-la-une\/maintien-en-pro-d2-le-parcours-emotionnel-de-yann-brethous-et-mont-de-marsan\/","title":{"rendered":"maintien en pro d2 : le parcours \u00e9motionnel de yann brethous et mont-de-marsan"},"content":{"rendered":"<h2>Un dernier derby charg\u00e9 d&rsquo;\u00e9motions<\/h2>\n<p>\u00c0 35 ans, il a jou\u00e9 un r\u00f4le crucial dans la victoire de Mont-de-Marsan, marquant potentiellement la fin de sa carri\u00e8re sportive. La r\u00e9ception d&rsquo;une standing ovation en quittant le terrain a soulign\u00e9 l&rsquo;importance de ce moment pour lui et pour le club.<\/p>\n<p>Pour Yann, cette rencontre n&rsquo;\u00e9tait pas qu&rsquo;un simple match. Il a ressenti une pression immense, comparant ce moment \u00e0 une finale. \u00ab\u00a0C\u2019\u00e9tait une soir\u00e9e particuli\u00e8re en effet,\u00a0\u00bb a-t-il d\u00e9clar\u00e9, mettant en avant la n\u00e9cessit\u00e9 de gagner pour assurer le maintien du club en Pro D2.<\/p>\n<h2>Un \u00e9tat d&rsquo;esprit de combattant<\/h2>\n<p>La victoire contre le rival a solidifi\u00e9 l&rsquo;espoir du maintien pour Mont-de-Marsan. Yann a insist\u00e9 sur l&rsquo;importance de la d\u00e9termination de l&rsquo;\u00e9quipe, affirmant que \u00ab\u00a0nous avions dit avant le match que l\u2019adversaire importait peu.\u00a0\u00bb Cette mentalit\u00e9 de combattant a \u00e9t\u00e9 cruciale pour obtenir le r\u00e9sultat escompt\u00e9.<\/p>\n<p>Dans un championnat aussi comp\u00e9titif, chaque match compte. Yann a soulign\u00e9 qu&rsquo;il reste encore du travail \u00e0 faire pour s\u00e9curiser d\u00e9finitivement le maintien, mais l&rsquo;\u00e9tat d&rsquo;esprit affich\u00e9 lors de cette rencontre lui donne de l&rsquo;espoir pour l&rsquo;avenir de l&rsquo;\u00e9quipe.<\/p>\n<h2>Regarder vers l&rsquo;avenir<\/h2>\n<p>Au-del\u00e0 de la n\u00e9cessit\u00e9 de se maintenir, il y a une volont\u00e9 de redorer le blason du Stade Montois. L&rsquo;\u00e9quipe a \u00e9t\u00e9 per\u00e7ue comme inconstante, avec des performances en dents de scie tout au long de la saison. \u00ab\u00a0Nous avons donn\u00e9 l\u2019image d\u2019une \u00e9quipe inconstante,\u00a0\u00bb a reconnu Yann, tout en soulignant les progr\u00e8s r\u00e9alis\u00e9s r\u00e9cemment.<\/p>\n<p>\u00c0 l&rsquo;approche de la prochaine rencontre contre Valence-Romans, l&rsquo;\u00e9quipe sait qu&rsquo;elle doit rester concentr\u00e9e. \u00ab\u00a0Nous allons savourer ce soir, mais d\u00e8s mardi nous serons \u00e0 l\u2019entra\u00eenement,\u00a0\u00bb a-t-il affirm\u00e9, illustrant la d\u00e9termination de l&rsquo;\u00e9quipe \u00e0 ne pas rel\u00e2cher ses efforts.<\/p>\n<ul>\n<li>Le dernier derby pour Yann Brethous, un moment fort en \u00e9motions.<\/li>\n<li>Une victoire qui rapproche Mont-de-Marsan du maintien.<\/li>\n<li>Un \u00e9tat d&rsquo;esprit de combattant au sein de l&rsquo;\u00e9quipe.<\/li>\n<li>Une pr\u00e9paration intense pour le prochain match contre Valence-Romans.<\/li>\n<li>La fiert\u00e9 de donner une image positive en fin de saison.<\/li>\n<\/ul>\n<blockquote>\n<p>\u201cR\u00e9ussir \u00e0 se maintenir, c\u2019est aussi fort que de jouer une finale.\u201d<\/p>\n<\/blockquote>\n<p>En somme, Yann Brethous incarne l&rsquo;esprit de r\u00e9silience et de d\u00e9termination du Stade Montois. Son parcours, riche de dix-huit saisons, est un t\u00e9moignage de l&rsquo;engagement qu&rsquo;il a toujours eu envers son club. Alors que le maintien reste l&rsquo;objectif, l\u2019\u00e9quipe doit se pr\u00e9parer \u00e0 relever le d\u00e9fi qui les attend dans les prochaines semaines.<\/p>\n","protected":false},"excerpt":{"rendered":"","protected":false},"author":34,"featured_media":14891,"comment_status":"open","ping_status":"open","sticky":false,"template":"","format":"standard","meta":{"_acf_changed":false,"manual_indexmenow":false,"indexmenow_id_project":0,"footnotes":""},"categories":[1],"tags":[4544,4898,5336,4693,4408],"class_list":["post-14239","post","type-post","status-publish","format-standard","has-post-thumbnail","hentry","category-a-la-une","tag-equipe","tag-gestion-du-stress","tag-mont-de-marsan","tag-pro-d2","tag-resilience","generate-columns","tablet-grid-50","mobile-grid-100","grid-parent","grid-25"],"acf":[],"yoast_head":"<!-- This site is optimized with the Yoast SEO Premium plugin v21.3 (Yoast SEO v26.5) - https:\/\/yoast.com\/wordpress\/plugins\/seo\/ -->\n<title>maintien en pro d2 : le parcours \u00e9motionnel de yann<\/title>\n<meta name=\"description\" content=\"Un dernier derby charg\u00e9 d&#039;\u00e9motions \u00c0 35 ans, il a jou\u00e9 un r\u00f4le crucial dans la victoire de Mont-de-Marsan, marquant potentiellement la fin de sa carri\u00e8re\u2026\" \/>\n<meta name=\"robots\" content=\"index, follow, max-snippet:-1, max-image-preview:large, max-video-preview:-1\" \/>\n<link rel=\"canonical\" href=\"https:\/\/sport-index.fr\/blog\/a-la-une\/maintien-en-pro-d2-le-parcours-emotionnel-de-yann-brethous-et-mont-de-marsan\/\" \/>\n<meta property=\"og:locale\" content=\"fr_FR\" \/>\n<meta property=\"og:type\" content=\"article\" \/>\n<meta property=\"og:title\" content=\"maintien en pro d2 : le parcours \u00e9motionnel de yann\" \/>\n<meta property=\"og:description\" content=\"Un dernier derby charg\u00e9 d&#039;\u00e9motions \u00c0 35 ans, il a jou\u00e9 un r\u00f4le crucial dans la victoire de Mont-de-Marsan, marquant potentiellement la fin de sa carri\u00e8re\u2026\" \/>\n<meta property=\"og:url\" content=\"https:\/\/sport-index.fr\/blog\/a-la-une\/maintien-en-pro-d2-le-parcours-emotionnel-de-yann-brethous-et-mont-de-marsan\/\" \/>\n<meta property=\"og:site_name\" content=\"sport-index\" \/>\n<meta name=\"author\" content=\"Axel Lauzier\" \/>\n<meta name=\"twitter:card\" content=\"summary_large_image\" \/>\n<script type=\"application\/ld+json\" class=\"yoast-schema-graph\">{\"@context\":\"https:\/\/schema.org\",\"@graph\":[{\"@type\":\"NewsArticle\",\"@id\":\"https:\/\/sport-index.fr\/blog\/a-la-une\/maintien-en-pro-d2-le-parcours-emotionnel-de-yann-brethous-et-mont-de-marsan\/#article\",\"isPartOf\":{\"@id\":\"https:\/\/sport-index.fr\/blog\/a-la-une\/maintien-en-pro-d2-le-parcours-emotionnel-de-yann-brethous-et-mont-de-marsan\/\"},\"author\":{\"name\":\"Axel Lauzier\",\"@id\":\"https:\/\/sport-index.fr\/blog\/#\/schema\/person\/3c864cdc320801e3db34b663e7e3f816\"},\"headline\":\"maintien en pro d2 : le parcours \u00e9motionnel de yann brethous et mont-de-marsan\",\"datePublished\":\"2025-04-25T23:23:00+00:00\",\"mainEntityOfPage\":{\"@id\":\"https:\/\/sport-index.fr\/blog\/a-la-une\/maintien-en-pro-d2-le-parcours-emotionnel-de-yann-brethous-et-mont-de-marsan\/\"},\"wordCount\":459,\"commentCount\":22,\"publisher\":{\"@id\":\"https:\/\/sport-index.fr\/blog\/#organization\"},\"image\":{\"@id\":\"https:\/\/sport-index.fr\/blog\/a-la-une\/maintien-en-pro-d2-le-parcours-emotionnel-de-yann-brethous-et-mont-de-marsan\/#primaryimage\"},\"thumbnailUrl\":\"https:\/\/sport-index.fr\/blog\/wp-content\/uploads\/2025\/05\/sdxl-e26f8d49f3f7c3ef2d5a2ba0f5724d96-scaled.png\",\"keywords\":[\"\u00c9quipe\",\"Gestion Du Stress\",\"Mont-de-Marsan\",\"Pro D2\",\"R\u00e9silience\"],\"articleSection\":[\"\u00c0 la une\"],\"inLanguage\":\"fr-FR\",\"potentialAction\":[{\"@type\":\"CommentAction\",\"name\":\"Comment\",\"target\":[\"https:\/\/sport-index.fr\/blog\/a-la-une\/maintien-en-pro-d2-le-parcours-emotionnel-de-yann-brethous-et-mont-de-marsan\/#respond\"]}]},{\"@type\":\"WebPage\",\"@id\":\"https:\/\/sport-index.fr\/blog\/a-la-une\/maintien-en-pro-d2-le-parcours-emotionnel-de-yann-brethous-et-mont-de-marsan\/\",\"url\":\"https:\/\/sport-index.fr\/blog\/a-la-une\/maintien-en-pro-d2-le-parcours-emotionnel-de-yann-brethous-et-mont-de-marsan\/\",\"name\":\"maintien en pro d2 : le parcours \u00e9motionnel de yann\",\"isPartOf\":{\"@id\":\"https:\/\/sport-index.fr\/blog\/#website\"},\"primaryImageOfPage\":{\"@id\":\"https:\/\/sport-index.fr\/blog\/a-la-une\/maintien-en-pro-d2-le-parcours-emotionnel-de-yann-brethous-et-mont-de-marsan\/#primaryimage\"},\"image\":{\"@id\":\"https:\/\/sport-index.fr\/blog\/a-la-une\/maintien-en-pro-d2-le-parcours-emotionnel-de-yann-brethous-et-mont-de-marsan\/#primaryimage\"},\"thumbnailUrl\":\"https:\/\/sport-index.fr\/blog\/wp-content\/uploads\/2025\/05\/sdxl-e26f8d49f3f7c3ef2d5a2ba0f5724d96-scaled.png\",\"datePublished\":\"2025-04-25T23:23:00+00:00\",\"description\":\"Un dernier derby charg\u00e9 d'\u00e9motions \u00c0 35 ans, il a jou\u00e9 un r\u00f4le crucial dans la victoire de Mont-de-Marsan, marquant potentiellement la fin de sa carri\u00e8re\u2026\",\"inLanguage\":\"fr-FR\",\"potentialAction\":[{\"@type\":\"ReadAction\",\"target\":[\"https:\/\/sport-index.fr\/blog\/a-la-une\/maintien-en-pro-d2-le-parcours-emotionnel-de-yann-brethous-et-mont-de-marsan\/\"]}]},{\"@type\":\"ImageObject\",\"inLanguage\":\"fr-FR\",\"@id\":\"https:\/\/sport-index.fr\/blog\/a-la-une\/maintien-en-pro-d2-le-parcours-emotionnel-de-yann-brethous-et-mont-de-marsan\/#primaryimage\",\"url\":\"https:\/\/sport-index.fr\/blog\/wp-content\/uploads\/2025\/05\/sdxl-e26f8d49f3f7c3ef2d5a2ba0f5724d96-scaled.png\",\"contentUrl\":\"https:\/\/sport-index.fr\/blog\/wp-content\/uploads\/2025\/05\/sdxl-e26f8d49f3f7c3ef2d5a2ba0f5724d96-scaled.png\",\"width\":1200,\"height\":500},{\"@type\":\"WebSite\",\"@id\":\"https:\/\/sport-index.fr\/blog\/#website\",\"url\":\"https:\/\/sport-index.fr\/blog\/\",\"name\":\"sport-index.fr\",\"description\":\"Le score de l\u2019analyse sportive.\",\"publisher\":{\"@id\":\"https:\/\/sport-index.fr\/blog\/#organization\"},\"alternateName\":\"Le score de l\u2019analyse sportive.\",\"potentialAction\":[{\"@type\":\"SearchAction\",\"target\":{\"@type\":\"EntryPoint\",\"urlTemplate\":\"https:\/\/sport-index.fr\/blog\/?s={search_term_string}\"},\"query-input\":{\"@type\":\"PropertyValueSpecification\",\"valueRequired\":true,\"valueName\":\"search_term_string\"}}],\"inLanguage\":\"fr-FR\"},{\"@type\":\"Organization\",\"@id\":\"https:\/\/sport-index.fr\/blog\/#organization\",\"name\":\"Foretsensations.fr\",\"url\":\"https:\/\/sport-index.fr\/blog\/\",\"logo\":{\"@type\":\"ImageObject\",\"inLanguage\":\"fr-FR\",\"@id\":\"https:\/\/sport-index.fr\/blog\/#\/schema\/logo\/image\/\",\"url\":\"https:\/\/sport-index.fr\/blog\/wp-content\/uploads\/2026\/07\/logo-auto.png\",\"contentUrl\":\"https:\/\/sport-index.fr\/blog\/wp-content\/uploads\/2026\/07\/logo-auto.png\",\"width\":1024,\"height\":1024,\"caption\":\"Foretsensations.fr\"},\"image\":{\"@id\":\"https:\/\/sport-index.fr\/blog\/#\/schema\/logo\/image\/\"}},{\"@type\":\"Person\",\"@id\":\"https:\/\/sport-index.fr\/blog\/#\/schema\/person\/3c864cdc320801e3db34b663e7e3f816\",\"name\":\"Axel Lauzier\",\"image\":{\"@type\":\"ImageObject\",\"inLanguage\":\"fr-FR\",\"@id\":\"https:\/\/sport-index.fr\/blog\/#\/schema\/person\/image\/\",\"url\":\"https:\/\/sport-index.fr\/blog\/wp-content\/uploads\/2026\/06\/persona_axel-l-96x96.jpg\",\"contentUrl\":\"https:\/\/sport-index.fr\/blog\/wp-content\/uploads\/2026\/06\/persona_axel-l-96x96.jpg\",\"caption\":\"Axel Lauzier\"},\"description\":\"Le sport rythme mon quotidien depuis l'enfance, et j'en ai fait mon m\u00e9tier d'analyste r\u00e9dactionnel il y a une dizaine d'ann\u00e9es. Je couvre principalement le football, son actualit\u00e9, ses transferts et l'analyse tactique des grandes affiches, mais aussi les disciplines plus confidentielles que j'aime remettre en lumi\u00e8re. Une partie de mon travail porte sur les pronostics et la lecture statistique d'un match : forme des \u00e9quipes, historique des confrontations, compositions, sans jamais vendre de fausse certitude. Je rappelle syst\u00e9matiquement que parier comporte un risque et doit rester un loisir ma\u00eetris\u00e9. Avant de signer une analyse, je v\u00e9rifie mes chiffres, je recoupe les compositions probables et je distingue toujours la donn\u00e9e brute de l'intuition. Mon objectif : offrir une lecture honn\u00eate et argument\u00e9e, pas un ticket gagnant garanti.\",\"sameAs\":[\"https:\/\/axellauzier.fr\/\"],\"url\":\"https:\/\/sport-index.fr\/blog\/auteur\/noname\/\"}]}<\/script>\n<!-- \/ Yoast SEO Premium plugin. -->","yoast_head_json":{"title":"maintien en pro d2 : le parcours \u00e9motionnel de yann","description":"Un dernier derby charg\u00e9 d'\u00e9motions \u00c0 35 ans, il a jou\u00e9 un r\u00f4le crucial dans la victoire de Mont-de-Marsan, marquant potentiellement la fin de sa carri\u00e8re\u2026","robots":{"index":"index","follow":"follow","max-snippet":"max-snippet:-1","max-image-preview":"max-image-preview:large","max-video-preview":"max-video-preview:-1"},"canonical":"https:\/\/sport-index.fr\/blog\/a-la-une\/maintien-en-pro-d2-le-parcours-emotionnel-de-yann-brethous-et-mont-de-marsan\/","og_locale":"fr_FR","og_type":"article","og_title":"maintien en pro d2 : le parcours \u00e9motionnel de yann","og_description":"Un dernier derby charg\u00e9 d'\u00e9motions \u00c0 35 ans, il a jou\u00e9 un r\u00f4le crucial dans la victoire de Mont-de-Marsan, marquant potentiellement la fin de sa carri\u00e8re\u2026","og_url":"https:\/\/sport-index.fr\/blog\/a-la-une\/maintien-en-pro-d2-le-parcours-emotionnel-de-yann-brethous-et-mont-de-marsan\/","og_site_name":"sport-index","author":"Axel Lauzier","twitter_card":"summary_large_image","schema":{"@context":"https:\/\/schema.org","@graph":[{"@type":"NewsArticle","@id":"https:\/\/sport-index.fr\/blog\/a-la-une\/maintien-en-pro-d2-le-parcours-emotionnel-de-yann-brethous-et-mont-de-marsan\/#article","isPartOf":{"@id":"https:\/\/sport-index.fr\/blog\/a-la-une\/maintien-en-pro-d2-le-parcours-emotionnel-de-yann-brethous-et-mont-de-marsan\/"},"author":{"name":"Axel Lauzier","@id":"https:\/\/sport-index.fr\/blog\/#\/schema\/person\/3c864cdc320801e3db34b663e7e3f816"},"headline":"maintien en pro d2 : le parcours \u00e9motionnel de yann brethous et mont-de-marsan","datePublished":"2025-04-25T23:23:00+00:00","mainEntityOfPage":{"@id":"https:\/\/sport-index.fr\/blog\/a-la-une\/maintien-en-pro-d2-le-parcours-emotionnel-de-yann-brethous-et-mont-de-marsan\/"},"wordCount":459,"commentCount":22,"publisher":{"@id":"https:\/\/sport-index.fr\/blog\/#organization"},"image":{"@id":"https:\/\/sport-index.fr\/blog\/a-la-une\/maintien-en-pro-d2-le-parcours-emotionnel-de-yann-brethous-et-mont-de-marsan\/#primaryimage"},"thumbnailUrl":"https:\/\/sport-index.fr\/blog\/wp-content\/uploads\/2025\/05\/sdxl-e26f8d49f3f7c3ef2d5a2ba0f5724d96-scaled.png","keywords":["\u00c9quipe","Gestion Du Stress","Mont-de-Marsan","Pro D2","R\u00e9silience"],"articleSection":["\u00c0 la une"],"inLanguage":"fr-FR","potentialAction":[{"@type":"CommentAction","name":"Comment","target":["https:\/\/sport-index.fr\/blog\/a-la-une\/maintien-en-pro-d2-le-parcours-emotionnel-de-yann-brethous-et-mont-de-marsan\/#respond"]}]},{"@type":"WebPage","@id":"https:\/\/sport-index.fr\/blog\/a-la-une\/maintien-en-pro-d2-le-parcours-emotionnel-de-yann-brethous-et-mont-de-marsan\/","url":"https:\/\/sport-index.fr\/blog\/a-la-une\/maintien-en-pro-d2-le-parcours-emotionnel-de-yann-brethous-et-mont-de-marsan\/","name":"maintien en pro d2 : le parcours \u00e9motionnel de yann","isPartOf":{"@id":"https:\/\/sport-index.fr\/blog\/#website"},"primaryImageOfPage":{"@id":"https:\/\/sport-index.fr\/blog\/a-la-une\/maintien-en-pro-d2-le-parcours-emotionnel-de-yann-brethous-et-mont-de-marsan\/#primaryimage"},"image":{"@id":"https:\/\/sport-index.fr\/blog\/a-la-une\/maintien-en-pro-d2-le-parcours-emotionnel-de-yann-brethous-et-mont-de-marsan\/#primaryimage"},"thumbnailUrl":"https:\/\/sport-index.fr\/blog\/wp-content\/uploads\/2025\/05\/sdxl-e26f8d49f3f7c3ef2d5a2ba0f5724d96-scaled.png","datePublished":"2025-04-25T23:23:00+00:00","description":"Un dernier derby charg\u00e9 d'\u00e9motions \u00c0 35 ans, il a jou\u00e9 un r\u00f4le crucial dans la victoire de Mont-de-Marsan, marquant potentiellement la fin de sa carri\u00e8re\u2026","inLanguage":"fr-FR","potentialAction":[{"@type":"ReadAction","target":["https:\/\/sport-index.fr\/blog\/a-la-une\/maintien-en-pro-d2-le-parcours-emotionnel-de-yann-brethous-et-mont-de-marsan\/"]}]},{"@type":"ImageObject","inLanguage":"fr-FR","@id":"https:\/\/sport-index.fr\/blog\/a-la-une\/maintien-en-pro-d2-le-parcours-emotionnel-de-yann-brethous-et-mont-de-marsan\/#primaryimage","url":"https:\/\/sport-index.fr\/blog\/wp-content\/uploads\/2025\/05\/sdxl-e26f8d49f3f7c3ef2d5a2ba0f5724d96-scaled.png","contentUrl":"https:\/\/sport-index.fr\/blog\/wp-content\/uploads\/2025\/05\/sdxl-e26f8d49f3f7c3ef2d5a2ba0f5724d96-scaled.png","width":1200,"height":500},{"@type":"WebSite","@id":"https:\/\/sport-index.fr\/blog\/#website","url":"https:\/\/sport-index.fr\/blog\/","name":"sport-index.fr","description":"Le score de l\u2019analyse sportive.","publisher":{"@id":"https:\/\/sport-index.fr\/blog\/#organization"},"alternateName":"Le score de l\u2019analyse sportive.","potentialAction":[{"@type":"SearchAction","target":{"@type":"EntryPoint","urlTemplate":"https:\/\/sport-index.fr\/blog\/?s={search_term_string}"},"query-input":{"@type":"PropertyValueSpecification","valueRequired":true,"valueName":"search_term_string"}}],"inLanguage":"fr-FR"},{"@type":"Organization","@id":"https:\/\/sport-index.fr\/blog\/#organization","name":"Foretsensations.fr","url":"https:\/\/sport-index.fr\/blog\/","logo":{"@type":"ImageObject","inLanguage":"fr-FR","@id":"https:\/\/sport-index.fr\/blog\/#\/schema\/logo\/image\/","url":"https:\/\/sport-index.fr\/blog\/wp-content\/uploads\/2026\/07\/logo-auto.png","contentUrl":"https:\/\/sport-index.fr\/blog\/wp-content\/uploads\/2026\/07\/logo-auto.png","width":1024,"height":1024,"caption":"Foretsensations.fr"},"image":{"@id":"https:\/\/sport-index.fr\/blog\/#\/schema\/logo\/image\/"}},{"@type":"Person","@id":"https:\/\/sport-index.fr\/blog\/#\/schema\/person\/3c864cdc320801e3db34b663e7e3f816","name":"Axel Lauzier","image":{"@type":"ImageObject","inLanguage":"fr-FR","@id":"https:\/\/sport-index.fr\/blog\/#\/schema\/person\/image\/","url":"https:\/\/sport-index.fr\/blog\/wp-content\/uploads\/2026\/06\/persona_axel-l-96x96.jpg","contentUrl":"https:\/\/sport-index.fr\/blog\/wp-content\/uploads\/2026\/06\/persona_axel-l-96x96.jpg","caption":"Axel Lauzier"},"description":"Le sport rythme mon quotidien depuis l'enfance, et j'en ai fait mon m\u00e9tier d'analyste r\u00e9dactionnel il y a une dizaine d'ann\u00e9es. Je couvre principalement le football, son actualit\u00e9, ses transferts et l'analyse tactique des grandes affiches, mais aussi les disciplines plus confidentielles que j'aime remettre en lumi\u00e8re. Une partie de mon travail porte sur les pronostics et la lecture statistique d'un match : forme des \u00e9quipes, historique des confrontations, compositions, sans jamais vendre de fausse certitude. Je rappelle syst\u00e9matiquement que parier comporte un risque et doit rester un loisir ma\u00eetris\u00e9. Avant de signer une analyse, je v\u00e9rifie mes chiffres, je recoupe les compositions probables et je distingue toujours la donn\u00e9e brute de l'intuition. Mon objectif : offrir une lecture honn\u00eate et argument\u00e9e, pas un ticket gagnant garanti.","sameAs":["https:\/\/axellauzier.fr\/"],"url":"https:\/\/sport-index.fr\/blog\/auteur\/noname\/"}]}},"_links":{"self":[{"href":"https:\/\/sport-index.fr\/blog\/wp-json\/wp\/v2\/posts\/14239","targetHints":{"allow":["GET"]}}],"collection":[{"href":"https:\/\/sport-index.fr\/blog\/wp-json\/wp\/v2\/posts"}],"about":[{"href":"https:\/\/sport-index.fr\/blog\/wp-json\/wp\/v2\/types\/post"}],"author":[{"embeddable":true,"href":"https:\/\/sport-index.fr\/blog\/wp-json\/wp\/v2\/users\/34"}],"replies":[{"embeddable":true,"href":"https:\/\/sport-index.fr\/blog\/wp-json\/wp\/v2\/comments?post=14239"}],"version-history":[{"count":1,"href":"https:\/\/sport-index.fr\/blog\/wp-json\/wp\/v2\/posts\/14239\/revisions"}],"predecessor-version":[{"id":14242,"href":"https:\/\/sport-index.fr\/blog\/wp-json\/wp\/v2\/posts\/14239\/revisions\/14242"}],"wp:featuredmedia":[{"embeddable":true,"href":"https:\/\/sport-index.fr\/blog\/wp-json\/wp\/v2\/media\/14891"}],"wp:attachment":[{"href":"https:\/\/sport-index.fr\/blog\/wp-json\/wp\/v2\/media?parent=14239"}],"wp:term":[{"taxonomy":"category","embeddable":true,"href":"https:\/\/sport-index.fr\/blog\/wp-json\/wp\/v2\/categories?post=14239"},{"taxonomy":"post_tag","embeddable":true,"href":"https:\/\/sport-index.fr\/blog\/wp-json\/wp\/v2\/tags?post=14239"}],"curies":[{"name":"wp","href":"https:\/\/api.w.org\/{rel}","templated":true}]}}