{"id":14349,"date":"2025-04-27T19:18:06","date_gmt":"2025-04-27T17:18:06","guid":{"rendered":"https:\/\/sport-index.fr\/blog\/?p=14349"},"modified":"2025-04-27T19:18:06","modified_gmt":"2025-04-27T17:18:06","slug":"adam-vargas-un-triple-memorable-pour-celebrer-le-maintien-de-valence-romans","status":"publish","type":"post","link":"https:\/\/sport-index.fr\/blog\/a-la-une\/adam-vargas-un-triple-memorable-pour-celebrer-le-maintien-de-valence-romans\/","title":{"rendered":"Adam Vargas : un tripl\u00e9 m\u00e9morable pour c\u00e9l\u00e9brer le maintien de Valence-Romans"},"content":{"rendered":"<h2>Une performance \u00e9clatante pour finir la saison<\/h2>\n<p>Adam Vargas, l&rsquo;ailier prometteur de Valence-Romans, a r\u00e9alis\u00e9 une performance exceptionnelle lors de son dernier match de la saison. En inscrivant un tripl\u00e9 contre Nevers, il a non seulement contribu\u00e9 significativement \u00e0 la victoire de son \u00e9quipe, mais a aussi prouv\u00e9 qu&rsquo;il pouvait surmonter une saison difficile. Ce match est devenu un tournant pour lui, marquant un retour en force apr\u00e8s des mois de lutte sur le terrain.<\/p>\n<p>Cette saison, Vargas a connu des hauts et des bas, avec un total de quatorze essais la saison pr\u00e9c\u00e9dente. Cependant, le jeune joueur de 24 ans a rencontr\u00e9 des probl\u00e8mes d&rsquo;indiscipline qui ont limit\u00e9 son temps de jeu. Ce retour sur le devant de la sc\u00e8ne est un excellent moyen de conclure une saison qui a \u00e9t\u00e9, pour lui, un v\u00e9ritable d\u00e9fi.<\/p>\n<h2>Un joueur aux multiples talents<\/h2>\n<p>Le talent d&rsquo;Adam Vargas ne fait aucun doute, comme l&rsquo;a soulign\u00e9 son entra\u00eeneur, Fabien Fortassin. Il le compare m\u00eame \u00e0 Kylian Mbapp\u00e9, soulignant que sa capacit\u00e9 \u00e0 marquer des essais sous pression est impressionnante. \u00ab Adam, c\u2019est notre Kylian Mbapp\u00e9 \u00e0 nous. Pas content ? Tripl\u00e9 ! \u00bb, a d\u00e9clar\u00e9 Fortassin, ajoutant que le jeune joueur a besoin d&rsquo;\u00eatre stimul\u00e9 pour donner le meilleur de lui-m\u00eame.<\/p>\n<p>Malgr\u00e9 ses difficult\u00e9s, Vargas a montr\u00e9 qu&rsquo;il pouvait \u00eatre un atout majeur pour son \u00e9quipe. Ses dribbles rapides et sa vision du jeu en font un joueur redoutable sur le terrain. Ce dernier match a non seulement rassur\u00e9 ses co\u00e9quipiers, mais a aussi \u00e9veill\u00e9 l&rsquo;int\u00e9r\u00eat des clubs de la Top 14, o\u00f9 il pourrait r\u00e9aliser de grandes choses.<\/p>\n<h2>Un avenir prometteur \u00e0 Castres<\/h2>\n<p>Avec le d\u00e9part d&rsquo;Adam Vargas vers Castres la saison prochaine, les attentes sont \u00e9lev\u00e9es. Son entra\u00eeneur croit fermement en son potentiel et esp\u00e8re qu&rsquo;il saura se montrer \u00e0 la hauteur des d\u00e9fis qui l&rsquo;attendent. \u00ab Je suis persuad\u00e9 qu\u2019il a tout pour devenir un tr\u00e8s bon joueur de Top 14 \u00bb, a affirm\u00e9 Fortassin. <\/p>\n<p>Le challenge sera de maintenir sa concentration et d&rsquo;\u00e9viter les erreurs qui l&rsquo;ont emp\u00each\u00e9 de briller cette saison. Vargas a lui-m\u00eame reconnu la difficult\u00e9 de sa saison, tout en affichant sa d\u00e9termination \u00e0 travailler dur pour r\u00e9ussir dans son nouveau club. \u00ab J\u2019ai moins jou\u00e9, mais c\u2019\u00e9tait dans mes objectifs de bien terminer la saison dans un club qui m\u2019a tout donn\u00e9 \u00bb, a-t-il d\u00e9clar\u00e9.<\/p>\n<ul>\n<li>Tripl\u00e9 contre Nevers pour c\u00e9l\u00e9brer le maintien<\/li>\n<li>Meilleur marqueur d&rsquo;essais lors de la saison pr\u00e9c\u00e9dente<\/li>\n<li>Des probl\u00e8mes d&rsquo;indiscipline limitant son temps de jeu<\/li>\n<li>Une comparaison flatteuse avec Kylian Mbapp\u00e9<\/li>\n<li>Un avenir prometteur avec Castres en Top 14<\/li>\n<\/ul>\n<blockquote><p>\n    \u00ab\u00a0Il a tout pour \u00eatre un grand joueur, mais il doit mettre un peu de lucidit\u00e9 dans sa fa\u00e7on d\u2019\u00eatre.\u00a0\u00bb &#8211; Fabien Fortassin\n<\/p><\/blockquote>\n<p>Adam Vargas a prouv\u00e9 qu&rsquo;il pouvait \u00eatre un joueur cl\u00e9 pour Valence-Romans. Avec sa r\u00e9cente performance, il a montr\u00e9 qu&rsquo;il avait le potentiel n\u00e9cessaire pour briller dans un championnat plus comp\u00e9titif. Les supporters attendent avec impatience de voir comment il va \u00e9voluer avec Castres, en esp\u00e9rant qu&rsquo;il saura canaliser son talent et sa passion pour le rugby. La prochaine saison sera cruciale pour lui, et il est pr\u00eat \u00e0 relever le d\u00e9fi.<\/p>\n","protected":false},"excerpt":{"rendered":"","protected":false},"author":34,"featured_media":14855,"comment_status":"open","ping_status":"open","sticky":false,"template":"","format":"standard","meta":{"_acf_changed":false,"manual_indexmenow":false,"indexmenow_id_project":0,"footnotes":""},"categories":[1],"tags":[4619,4561,4632,4536,4539],"class_list":["post-14349","post","type-post","status-publish","format-standard","has-post-thumbnail","hentry","category-a-la-une","tag-developpement-personnel","tag-gestion-des-talents","tag-performance-sportive","tag-rugby","tag-top-14","generate-columns","tablet-grid-50","mobile-grid-100","grid-parent","grid-25"],"acf":[],"yoast_head":"<!-- This site is optimized with the Yoast SEO Premium plugin v21.3 (Yoast SEO v26.5) - https:\/\/yoast.com\/wordpress\/plugins\/seo\/ -->\n<title>Adam Vargas : un tripl\u00e9 m\u00e9morable pour c\u00e9l\u00e9brer le maintien<\/title>\n<meta name=\"description\" content=\"Une performance \u00e9clatante pour finir la saison Adam Vargas, l&#039;ailier prometteur de Valence-Romans, a r\u00e9alis\u00e9 une performance exceptionnelle lors de son\u2026\" \/>\n<meta name=\"robots\" content=\"index, follow, max-snippet:-1, max-image-preview:large, max-video-preview:-1\" \/>\n<link rel=\"canonical\" href=\"https:\/\/sport-index.fr\/blog\/a-la-une\/adam-vargas-un-triple-memorable-pour-celebrer-le-maintien-de-valence-romans\/\" \/>\n<meta property=\"og:locale\" content=\"fr_FR\" \/>\n<meta property=\"og:type\" content=\"article\" \/>\n<meta property=\"og:title\" content=\"Adam Vargas : un tripl\u00e9 m\u00e9morable pour c\u00e9l\u00e9brer le maintien\" \/>\n<meta property=\"og:description\" content=\"Une performance \u00e9clatante pour finir la saison Adam Vargas, l&#039;ailier prometteur de Valence-Romans, a r\u00e9alis\u00e9 une performance exceptionnelle lors de son\u2026\" \/>\n<meta property=\"og:url\" content=\"https:\/\/sport-index.fr\/blog\/a-la-une\/adam-vargas-un-triple-memorable-pour-celebrer-le-maintien-de-valence-romans\/\" \/>\n<meta property=\"og:site_name\" content=\"sport-index\" \/>\n<meta name=\"author\" content=\"Axel Lauzier\" \/>\n<meta name=\"twitter:card\" content=\"summary_large_image\" \/>\n<script type=\"application\/ld+json\" class=\"yoast-schema-graph\">{\"@context\":\"https:\/\/schema.org\",\"@graph\":[{\"@type\":\"NewsArticle\",\"@id\":\"https:\/\/sport-index.fr\/blog\/a-la-une\/adam-vargas-un-triple-memorable-pour-celebrer-le-maintien-de-valence-romans\/#article\",\"isPartOf\":{\"@id\":\"https:\/\/sport-index.fr\/blog\/a-la-une\/adam-vargas-un-triple-memorable-pour-celebrer-le-maintien-de-valence-romans\/\"},\"author\":{\"name\":\"Axel Lauzier\",\"@id\":\"https:\/\/sport-index.fr\/blog\/#\/schema\/person\/3c864cdc320801e3db34b663e7e3f816\"},\"headline\":\"Adam Vargas : un tripl\u00e9 m\u00e9morable pour c\u00e9l\u00e9brer le maintien de Valence-Romans\",\"datePublished\":\"2025-04-27T17:18:06+00:00\",\"mainEntityOfPage\":{\"@id\":\"https:\/\/sport-index.fr\/blog\/a-la-une\/adam-vargas-un-triple-memorable-pour-celebrer-le-maintien-de-valence-romans\/\"},\"wordCount\":580,\"commentCount\":25,\"publisher\":{\"@id\":\"https:\/\/sport-index.fr\/blog\/#organization\"},\"image\":{\"@id\":\"https:\/\/sport-index.fr\/blog\/a-la-une\/adam-vargas-un-triple-memorable-pour-celebrer-le-maintien-de-valence-romans\/#primaryimage\"},\"thumbnailUrl\":\"https:\/\/sport-index.fr\/blog\/wp-content\/uploads\/2025\/05\/sdxl-1d26f970437fdf86290cda80717e4bc4-scaled.png\",\"keywords\":[\"D\u00e9veloppement personnel\",\"Gestion des Talents\",\"Performance sportive\",\"Rugby\",\"Top 14\"],\"articleSection\":[\"\u00c0 la une\"],\"inLanguage\":\"fr-FR\",\"potentialAction\":[{\"@type\":\"CommentAction\",\"name\":\"Comment\",\"target\":[\"https:\/\/sport-index.fr\/blog\/a-la-une\/adam-vargas-un-triple-memorable-pour-celebrer-le-maintien-de-valence-romans\/#respond\"]}]},{\"@type\":\"WebPage\",\"@id\":\"https:\/\/sport-index.fr\/blog\/a-la-une\/adam-vargas-un-triple-memorable-pour-celebrer-le-maintien-de-valence-romans\/\",\"url\":\"https:\/\/sport-index.fr\/blog\/a-la-une\/adam-vargas-un-triple-memorable-pour-celebrer-le-maintien-de-valence-romans\/\",\"name\":\"Adam Vargas : un tripl\u00e9 m\u00e9morable pour c\u00e9l\u00e9brer le maintien\",\"isPartOf\":{\"@id\":\"https:\/\/sport-index.fr\/blog\/#website\"},\"primaryImageOfPage\":{\"@id\":\"https:\/\/sport-index.fr\/blog\/a-la-une\/adam-vargas-un-triple-memorable-pour-celebrer-le-maintien-de-valence-romans\/#primaryimage\"},\"image\":{\"@id\":\"https:\/\/sport-index.fr\/blog\/a-la-une\/adam-vargas-un-triple-memorable-pour-celebrer-le-maintien-de-valence-romans\/#primaryimage\"},\"thumbnailUrl\":\"https:\/\/sport-index.fr\/blog\/wp-content\/uploads\/2025\/05\/sdxl-1d26f970437fdf86290cda80717e4bc4-scaled.png\",\"datePublished\":\"2025-04-27T17:18:06+00:00\",\"description\":\"Une performance \u00e9clatante pour finir la saison Adam Vargas, l'ailier prometteur de Valence-Romans, a r\u00e9alis\u00e9 une performance exceptionnelle lors de son\u2026\",\"inLanguage\":\"fr-FR\",\"potentialAction\":[{\"@type\":\"ReadAction\",\"target\":[\"https:\/\/sport-index.fr\/blog\/a-la-une\/adam-vargas-un-triple-memorable-pour-celebrer-le-maintien-de-valence-romans\/\"]}]},{\"@type\":\"ImageObject\",\"inLanguage\":\"fr-FR\",\"@id\":\"https:\/\/sport-index.fr\/blog\/a-la-une\/adam-vargas-un-triple-memorable-pour-celebrer-le-maintien-de-valence-romans\/#primaryimage\",\"url\":\"https:\/\/sport-index.fr\/blog\/wp-content\/uploads\/2025\/05\/sdxl-1d26f970437fdf86290cda80717e4bc4-scaled.png\",\"contentUrl\":\"https:\/\/sport-index.fr\/blog\/wp-content\/uploads\/2025\/05\/sdxl-1d26f970437fdf86290cda80717e4bc4-scaled.png\",\"width\":1200,\"height\":500},{\"@type\":\"WebSite\",\"@id\":\"https:\/\/sport-index.fr\/blog\/#website\",\"url\":\"https:\/\/sport-index.fr\/blog\/\",\"name\":\"sport-index.fr\",\"description\":\"Le score de l\u2019analyse sportive.\",\"publisher\":{\"@id\":\"https:\/\/sport-index.fr\/blog\/#organization\"},\"alternateName\":\"Le score de l\u2019analyse sportive.\",\"potentialAction\":[{\"@type\":\"SearchAction\",\"target\":{\"@type\":\"EntryPoint\",\"urlTemplate\":\"https:\/\/sport-index.fr\/blog\/?s={search_term_string}\"},\"query-input\":{\"@type\":\"PropertyValueSpecification\",\"valueRequired\":true,\"valueName\":\"search_term_string\"}}],\"inLanguage\":\"fr-FR\"},{\"@type\":\"Organization\",\"@id\":\"https:\/\/sport-index.fr\/blog\/#organization\",\"name\":\"Foretsensations.fr\",\"url\":\"https:\/\/sport-index.fr\/blog\/\",\"logo\":{\"@type\":\"ImageObject\",\"inLanguage\":\"fr-FR\",\"@id\":\"https:\/\/sport-index.fr\/blog\/#\/schema\/logo\/image\/\",\"url\":\"https:\/\/sport-index.fr\/blog\/wp-content\/uploads\/2026\/07\/logo-auto.png\",\"contentUrl\":\"https:\/\/sport-index.fr\/blog\/wp-content\/uploads\/2026\/07\/logo-auto.png\",\"width\":1024,\"height\":1024,\"caption\":\"Foretsensations.fr\"},\"image\":{\"@id\":\"https:\/\/sport-index.fr\/blog\/#\/schema\/logo\/image\/\"}},{\"@type\":\"Person\",\"@id\":\"https:\/\/sport-index.fr\/blog\/#\/schema\/person\/3c864cdc320801e3db34b663e7e3f816\",\"name\":\"Axel Lauzier\",\"image\":{\"@type\":\"ImageObject\",\"inLanguage\":\"fr-FR\",\"@id\":\"https:\/\/sport-index.fr\/blog\/#\/schema\/person\/image\/\",\"url\":\"https:\/\/sport-index.fr\/blog\/wp-content\/uploads\/2026\/06\/persona_axel-l-96x96.jpg\",\"contentUrl\":\"https:\/\/sport-index.fr\/blog\/wp-content\/uploads\/2026\/06\/persona_axel-l-96x96.jpg\",\"caption\":\"Axel Lauzier\"},\"description\":\"Le sport rythme mon quotidien depuis l'enfance, et j'en ai fait mon m\u00e9tier d'analyste r\u00e9dactionnel il y a une dizaine d'ann\u00e9es. Je couvre principalement le football, son actualit\u00e9, ses transferts et l'analyse tactique des grandes affiches, mais aussi les disciplines plus confidentielles que j'aime remettre en lumi\u00e8re. Une partie de mon travail porte sur les pronostics et la lecture statistique d'un match : forme des \u00e9quipes, historique des confrontations, compositions, sans jamais vendre de fausse certitude. Je rappelle syst\u00e9matiquement que parier comporte un risque et doit rester un loisir ma\u00eetris\u00e9. Avant de signer une analyse, je v\u00e9rifie mes chiffres, je recoupe les compositions probables et je distingue toujours la donn\u00e9e brute de l'intuition. Mon objectif : offrir une lecture honn\u00eate et argument\u00e9e, pas un ticket gagnant garanti.\",\"sameAs\":[\"https:\/\/axellauzier.fr\/\"],\"url\":\"https:\/\/sport-index.fr\/blog\/auteur\/noname\/\"}]}<\/script>\n<!-- \/ Yoast SEO Premium plugin. -->","yoast_head_json":{"title":"Adam Vargas : un tripl\u00e9 m\u00e9morable pour c\u00e9l\u00e9brer le maintien","description":"Une performance \u00e9clatante pour finir la saison Adam Vargas, l'ailier prometteur de Valence-Romans, a r\u00e9alis\u00e9 une performance exceptionnelle lors de son\u2026","robots":{"index":"index","follow":"follow","max-snippet":"max-snippet:-1","max-image-preview":"max-image-preview:large","max-video-preview":"max-video-preview:-1"},"canonical":"https:\/\/sport-index.fr\/blog\/a-la-une\/adam-vargas-un-triple-memorable-pour-celebrer-le-maintien-de-valence-romans\/","og_locale":"fr_FR","og_type":"article","og_title":"Adam Vargas : un tripl\u00e9 m\u00e9morable pour c\u00e9l\u00e9brer le maintien","og_description":"Une performance \u00e9clatante pour finir la saison Adam Vargas, l'ailier prometteur de Valence-Romans, a r\u00e9alis\u00e9 une performance exceptionnelle lors de son\u2026","og_url":"https:\/\/sport-index.fr\/blog\/a-la-une\/adam-vargas-un-triple-memorable-pour-celebrer-le-maintien-de-valence-romans\/","og_site_name":"sport-index","author":"Axel Lauzier","twitter_card":"summary_large_image","schema":{"@context":"https:\/\/schema.org","@graph":[{"@type":"NewsArticle","@id":"https:\/\/sport-index.fr\/blog\/a-la-une\/adam-vargas-un-triple-memorable-pour-celebrer-le-maintien-de-valence-romans\/#article","isPartOf":{"@id":"https:\/\/sport-index.fr\/blog\/a-la-une\/adam-vargas-un-triple-memorable-pour-celebrer-le-maintien-de-valence-romans\/"},"author":{"name":"Axel Lauzier","@id":"https:\/\/sport-index.fr\/blog\/#\/schema\/person\/3c864cdc320801e3db34b663e7e3f816"},"headline":"Adam Vargas : un tripl\u00e9 m\u00e9morable pour c\u00e9l\u00e9brer le maintien de Valence-Romans","datePublished":"2025-04-27T17:18:06+00:00","mainEntityOfPage":{"@id":"https:\/\/sport-index.fr\/blog\/a-la-une\/adam-vargas-un-triple-memorable-pour-celebrer-le-maintien-de-valence-romans\/"},"wordCount":580,"commentCount":25,"publisher":{"@id":"https:\/\/sport-index.fr\/blog\/#organization"},"image":{"@id":"https:\/\/sport-index.fr\/blog\/a-la-une\/adam-vargas-un-triple-memorable-pour-celebrer-le-maintien-de-valence-romans\/#primaryimage"},"thumbnailUrl":"https:\/\/sport-index.fr\/blog\/wp-content\/uploads\/2025\/05\/sdxl-1d26f970437fdf86290cda80717e4bc4-scaled.png","keywords":["D\u00e9veloppement personnel","Gestion des Talents","Performance sportive","Rugby","Top 14"],"articleSection":["\u00c0 la une"],"inLanguage":"fr-FR","potentialAction":[{"@type":"CommentAction","name":"Comment","target":["https:\/\/sport-index.fr\/blog\/a-la-une\/adam-vargas-un-triple-memorable-pour-celebrer-le-maintien-de-valence-romans\/#respond"]}]},{"@type":"WebPage","@id":"https:\/\/sport-index.fr\/blog\/a-la-une\/adam-vargas-un-triple-memorable-pour-celebrer-le-maintien-de-valence-romans\/","url":"https:\/\/sport-index.fr\/blog\/a-la-une\/adam-vargas-un-triple-memorable-pour-celebrer-le-maintien-de-valence-romans\/","name":"Adam Vargas : un tripl\u00e9 m\u00e9morable pour c\u00e9l\u00e9brer le maintien","isPartOf":{"@id":"https:\/\/sport-index.fr\/blog\/#website"},"primaryImageOfPage":{"@id":"https:\/\/sport-index.fr\/blog\/a-la-une\/adam-vargas-un-triple-memorable-pour-celebrer-le-maintien-de-valence-romans\/#primaryimage"},"image":{"@id":"https:\/\/sport-index.fr\/blog\/a-la-une\/adam-vargas-un-triple-memorable-pour-celebrer-le-maintien-de-valence-romans\/#primaryimage"},"thumbnailUrl":"https:\/\/sport-index.fr\/blog\/wp-content\/uploads\/2025\/05\/sdxl-1d26f970437fdf86290cda80717e4bc4-scaled.png","datePublished":"2025-04-27T17:18:06+00:00","description":"Une performance \u00e9clatante pour finir la saison Adam Vargas, l'ailier prometteur de Valence-Romans, a r\u00e9alis\u00e9 une performance exceptionnelle lors de son\u2026","inLanguage":"fr-FR","potentialAction":[{"@type":"ReadAction","target":["https:\/\/sport-index.fr\/blog\/a-la-une\/adam-vargas-un-triple-memorable-pour-celebrer-le-maintien-de-valence-romans\/"]}]},{"@type":"ImageObject","inLanguage":"fr-FR","@id":"https:\/\/sport-index.fr\/blog\/a-la-une\/adam-vargas-un-triple-memorable-pour-celebrer-le-maintien-de-valence-romans\/#primaryimage","url":"https:\/\/sport-index.fr\/blog\/wp-content\/uploads\/2025\/05\/sdxl-1d26f970437fdf86290cda80717e4bc4-scaled.png","contentUrl":"https:\/\/sport-index.fr\/blog\/wp-content\/uploads\/2025\/05\/sdxl-1d26f970437fdf86290cda80717e4bc4-scaled.png","width":1200,"height":500},{"@type":"WebSite","@id":"https:\/\/sport-index.fr\/blog\/#website","url":"https:\/\/sport-index.fr\/blog\/","name":"sport-index.fr","description":"Le score de l\u2019analyse sportive.","publisher":{"@id":"https:\/\/sport-index.fr\/blog\/#organization"},"alternateName":"Le score de l\u2019analyse sportive.","potentialAction":[{"@type":"SearchAction","target":{"@type":"EntryPoint","urlTemplate":"https:\/\/sport-index.fr\/blog\/?s={search_term_string}"},"query-input":{"@type":"PropertyValueSpecification","valueRequired":true,"valueName":"search_term_string"}}],"inLanguage":"fr-FR"},{"@type":"Organization","@id":"https:\/\/sport-index.fr\/blog\/#organization","name":"Foretsensations.fr","url":"https:\/\/sport-index.fr\/blog\/","logo":{"@type":"ImageObject","inLanguage":"fr-FR","@id":"https:\/\/sport-index.fr\/blog\/#\/schema\/logo\/image\/","url":"https:\/\/sport-index.fr\/blog\/wp-content\/uploads\/2026\/07\/logo-auto.png","contentUrl":"https:\/\/sport-index.fr\/blog\/wp-content\/uploads\/2026\/07\/logo-auto.png","width":1024,"height":1024,"caption":"Foretsensations.fr"},"image":{"@id":"https:\/\/sport-index.fr\/blog\/#\/schema\/logo\/image\/"}},{"@type":"Person","@id":"https:\/\/sport-index.fr\/blog\/#\/schema\/person\/3c864cdc320801e3db34b663e7e3f816","name":"Axel Lauzier","image":{"@type":"ImageObject","inLanguage":"fr-FR","@id":"https:\/\/sport-index.fr\/blog\/#\/schema\/person\/image\/","url":"https:\/\/sport-index.fr\/blog\/wp-content\/uploads\/2026\/06\/persona_axel-l-96x96.jpg","contentUrl":"https:\/\/sport-index.fr\/blog\/wp-content\/uploads\/2026\/06\/persona_axel-l-96x96.jpg","caption":"Axel Lauzier"},"description":"Le sport rythme mon quotidien depuis l'enfance, et j'en ai fait mon m\u00e9tier d'analyste r\u00e9dactionnel il y a une dizaine d'ann\u00e9es. Je couvre principalement le football, son actualit\u00e9, ses transferts et l'analyse tactique des grandes affiches, mais aussi les disciplines plus confidentielles que j'aime remettre en lumi\u00e8re. Une partie de mon travail porte sur les pronostics et la lecture statistique d'un match : forme des \u00e9quipes, historique des confrontations, compositions, sans jamais vendre de fausse certitude. Je rappelle syst\u00e9matiquement que parier comporte un risque et doit rester un loisir ma\u00eetris\u00e9. Avant de signer une analyse, je v\u00e9rifie mes chiffres, je recoupe les compositions probables et je distingue toujours la donn\u00e9e brute de l'intuition. Mon objectif : offrir une lecture honn\u00eate et argument\u00e9e, pas un ticket gagnant garanti.","sameAs":["https:\/\/axellauzier.fr\/"],"url":"https:\/\/sport-index.fr\/blog\/auteur\/noname\/"}]}},"_links":{"self":[{"href":"https:\/\/sport-index.fr\/blog\/wp-json\/wp\/v2\/posts\/14349","targetHints":{"allow":["GET"]}}],"collection":[{"href":"https:\/\/sport-index.fr\/blog\/wp-json\/wp\/v2\/posts"}],"about":[{"href":"https:\/\/sport-index.fr\/blog\/wp-json\/wp\/v2\/types\/post"}],"author":[{"embeddable":true,"href":"https:\/\/sport-index.fr\/blog\/wp-json\/wp\/v2\/users\/34"}],"replies":[{"embeddable":true,"href":"https:\/\/sport-index.fr\/blog\/wp-json\/wp\/v2\/comments?post=14349"}],"version-history":[{"count":1,"href":"https:\/\/sport-index.fr\/blog\/wp-json\/wp\/v2\/posts\/14349\/revisions"}],"predecessor-version":[{"id":14369,"href":"https:\/\/sport-index.fr\/blog\/wp-json\/wp\/v2\/posts\/14349\/revisions\/14369"}],"wp:featuredmedia":[{"embeddable":true,"href":"https:\/\/sport-index.fr\/blog\/wp-json\/wp\/v2\/media\/14855"}],"wp:attachment":[{"href":"https:\/\/sport-index.fr\/blog\/wp-json\/wp\/v2\/media?parent=14349"}],"wp:term":[{"taxonomy":"category","embeddable":true,"href":"https:\/\/sport-index.fr\/blog\/wp-json\/wp\/v2\/categories?post=14349"},{"taxonomy":"post_tag","embeddable":true,"href":"https:\/\/sport-index.fr\/blog\/wp-json\/wp\/v2\/tags?post=14349"}],"curies":[{"name":"wp","href":"https:\/\/api.w.org\/{rel}","templated":true}]}}