{"id":14406,"date":"2025-04-28T16:37:28","date_gmt":"2025-04-28T14:37:28","guid":{"rendered":"https:\/\/sport-index.fr\/blog\/?p=14406"},"modified":"2025-04-28T16:37:28","modified_gmt":"2025-04-28T14:37:28","slug":"week-end-des-bleus-matthis-lebel-brille-tandis-que-maxime-lucu-decoit-en-top-14","status":"publish","type":"post","link":"https:\/\/sport-index.fr\/blog\/a-la-une\/week-end-des-bleus-matthis-lebel-brille-tandis-que-maxime-lucu-decoit-en-top-14\/","title":{"rendered":"Week-end des Bleus : Matthis Lebel brille tandis que Maxime Lucu d\u00e9\u00e7oit en Top 14"},"content":{"rendered":"<h2>Matthis Lebel, l&rsquo;ailier qui retrouve son \u00e9clat<\/h2>\n<p>Matthis Lebel a fait forte impression lors de son dernier match avec le Stade Toulousain. Malgr\u00e9 une saison d\u00e9but\u00e9e timidement, il a su se montrer d\u00e9cisif face \u00e0 Castres, prouvant ainsi qu&rsquo;il pouvait s&rsquo;imposer dans un secteur o\u00f9 la concurrence est particuli\u00e8rement rude. Ses huit plaquages cass\u00e9s t\u00e9moignent de sa d\u00e9termination et de son engagement sur le terrain.<\/p>\n<p>De plus, Lebel a offert un essai \u00e0 son co\u00e9quipier Alexandre Roumat, illustrant son sens du collectif. Ce week-end a \u00e9t\u00e9 une v\u00e9ritable bouff\u00e9e d&rsquo;air frais pour l&rsquo;ailier, qui avait besoin de retrouver des couleurs. Son retour en forme pourrait s&rsquo;av\u00e9rer crucial pour Toulouse dans les prochaines \u00e9ch\u00e9ances.<\/p>\n<h2>Une performance mitig\u00e9e pour Maxime Lucu<\/h2>\n<p>Du c\u00f4t\u00e9 de Bordeaux-B\u00e8gles, Maxime Lucu a connu un match difficile contre La Rochelle. En tant que demi de m\u00eal\u00e9e, il n&rsquo;a pas r\u00e9ussi \u00e0 imposer son rythme, ce qui a pes\u00e9 sur la performance globale de son \u00e9quipe. Sa charni\u00e8re avec Matthieu Jalibert n&rsquo;a pas \u00e9t\u00e9 \u00e0 la hauteur des attentes, laissant les Bordelais en difficult\u00e9.<\/p>\n<p>Lucu a m\u00eame \u00e9t\u00e9 \u00e0 l&rsquo;origine d&rsquo;une interception qui a permis \u00e0 La Rochelle de marquer un essai d\u00e9cisif. Habitu\u00e9 \u00e0 des prestations de haut niveau, ce revers pourrait avoir un impact sur sa confiance et celle de l&rsquo;\u00e9quipe \u00e0 l&rsquo;approche des phases finales. Les supporters esp\u00e8rent le voir retrouver son meilleur niveau rapidement.<\/p>\n<h2>Les moments cl\u00e9s du week-end en Top 14<\/h2>\n<p>Ce week-end a \u00e9t\u00e9 riche en enseignements pour le Top 14, avec des performances vari\u00e9es de la part des internationaux. Les rencontres ont mis en lumi\u00e8re des joueurs capables de faire la diff\u00e9rence, mais aussi d&rsquo;autres qui doivent rapidement se ressaisir. Voici quelques moments marquants \u00e0 retenir :<\/p>\n<ul>\n<li>Matthis Lebel, brillant avec Toulouse, a prouv\u00e9 sa valeur dans un match crucial.<\/li>\n<li>Maxime Lucu, en difficult\u00e9, devra retrouver son niveau pour aider Bordeaux-B\u00e8gles.<\/li>\n<li>Thomas Ramos a marqu\u00e9 son retour au poste d\u2019ouvreur avec une prestation solide.<\/li>\n<li>Gr\u00e9gory Alldritt a encore une fois \u00e9t\u00e9 un pilier pour La Rochelle.<\/li>\n<li>Le Racing 92 a montr\u00e9 une belle coh\u00e9sion, notamment gr\u00e2ce \u00e0 Nolann Le Garrec.<\/li>\n<\/ul>\n<blockquote><p>\n\u00ab\u00a0Ce week-end a r\u00e9v\u00e9l\u00e9 de nouveaux talents et a mis en lumi\u00e8re certains joueurs qui doivent se ressaisir.\u00a0\u00bb &#8211; Un analyste sportif\n<\/p><\/blockquote>\n<p>Les prochains matchs s&rsquo;annoncent d\u00e9terminants pour les Bleus et leurs clubs respectifs. Avec des \u00e9ch\u00e9ances europ\u00e9ennes en vue, chaque joueur devra \u00eatre \u00e0 son meilleur niveau pour contribuer aux succ\u00e8s de son \u00e9quipe. Les regards seront tourn\u00e9s vers les performances individuelles, et les attentes sont grandes pour les prochaines rencontres.<\/p>\n","protected":false},"excerpt":{"rendered":"","protected":false},"author":34,"featured_media":15078,"comment_status":"open","ping_status":"open","sticky":false,"template":"","format":"standard","meta":{"_acf_changed":false,"manual_indexmenow":false,"indexmenow_id_project":0,"footnotes":""},"categories":[1],"tags":[4585,4561,4543,5139,4539],"class_list":["post-14406","post","type-post","status-publish","format-standard","has-post-thumbnail","hentry","category-a-la-une","tag-cohesion-dequipe","tag-gestion-des-talents","tag-performance","tag-stade-toulousain","tag-top-14","generate-columns","tablet-grid-50","mobile-grid-100","grid-parent","grid-25"],"acf":[],"yoast_head":"<!-- This site is optimized with the Yoast SEO Premium plugin v21.3 (Yoast SEO v26.5) - https:\/\/yoast.com\/wordpress\/plugins\/seo\/ -->\n<title>Week-end des Bleus : Matthis Lebel brille tandis que Maxime<\/title>\n<meta name=\"description\" content=\"Matthis Lebel, l&#039;ailier qui retrouve son \u00e9clat Matthis Lebel a fait forte impression lors de son dernier match avec le Stade Toulousain. Malgr\u00e9 une\u2026\" \/>\n<meta name=\"robots\" content=\"index, follow, max-snippet:-1, max-image-preview:large, max-video-preview:-1\" \/>\n<link rel=\"canonical\" href=\"https:\/\/sport-index.fr\/blog\/a-la-une\/week-end-des-bleus-matthis-lebel-brille-tandis-que-maxime-lucu-decoit-en-top-14\/\" \/>\n<meta property=\"og:locale\" content=\"fr_FR\" \/>\n<meta property=\"og:type\" content=\"article\" \/>\n<meta property=\"og:title\" content=\"Week-end des Bleus : Matthis Lebel brille tandis que Maxime\" \/>\n<meta property=\"og:description\" content=\"Matthis Lebel, l&#039;ailier qui retrouve son \u00e9clat Matthis Lebel a fait forte impression lors de son dernier match avec le Stade Toulousain. Malgr\u00e9 une\u2026\" \/>\n<meta property=\"og:url\" content=\"https:\/\/sport-index.fr\/blog\/a-la-une\/week-end-des-bleus-matthis-lebel-brille-tandis-que-maxime-lucu-decoit-en-top-14\/\" \/>\n<meta property=\"og:site_name\" content=\"sport-index\" \/>\n<meta name=\"author\" content=\"Axel Lauzier\" \/>\n<meta name=\"twitter:card\" content=\"summary_large_image\" \/>\n<script type=\"application\/ld+json\" class=\"yoast-schema-graph\">{\"@context\":\"https:\/\/schema.org\",\"@graph\":[{\"@type\":\"NewsArticle\",\"@id\":\"https:\/\/sport-index.fr\/blog\/a-la-une\/week-end-des-bleus-matthis-lebel-brille-tandis-que-maxime-lucu-decoit-en-top-14\/#article\",\"isPartOf\":{\"@id\":\"https:\/\/sport-index.fr\/blog\/a-la-une\/week-end-des-bleus-matthis-lebel-brille-tandis-que-maxime-lucu-decoit-en-top-14\/\"},\"author\":{\"name\":\"Axel Lauzier\",\"@id\":\"https:\/\/sport-index.fr\/blog\/#\/schema\/person\/3c864cdc320801e3db34b663e7e3f816\"},\"headline\":\"Week-end des Bleus : Matthis Lebel brille tandis que Maxime Lucu d\u00e9\u00e7oit en Top 14\",\"datePublished\":\"2025-04-28T14:37:28+00:00\",\"mainEntityOfPage\":{\"@id\":\"https:\/\/sport-index.fr\/blog\/a-la-une\/week-end-des-bleus-matthis-lebel-brille-tandis-que-maxime-lucu-decoit-en-top-14\/\"},\"wordCount\":473,\"commentCount\":26,\"publisher\":{\"@id\":\"https:\/\/sport-index.fr\/blog\/#organization\"},\"image\":{\"@id\":\"https:\/\/sport-index.fr\/blog\/a-la-une\/week-end-des-bleus-matthis-lebel-brille-tandis-que-maxime-lucu-decoit-en-top-14\/#primaryimage\"},\"thumbnailUrl\":\"https:\/\/sport-index.fr\/blog\/wp-content\/uploads\/2025\/05\/sdxl-7e015f4ad2540ceb83271f11ec16311a-scaled.png\",\"keywords\":[\"Coh\u00e9sion d'\u00c9quipe\",\"Gestion des Talents\",\"Performance\",\"Stade Toulousain\",\"Top 14\"],\"articleSection\":[\"\u00c0 la une\"],\"inLanguage\":\"fr-FR\",\"potentialAction\":[{\"@type\":\"CommentAction\",\"name\":\"Comment\",\"target\":[\"https:\/\/sport-index.fr\/blog\/a-la-une\/week-end-des-bleus-matthis-lebel-brille-tandis-que-maxime-lucu-decoit-en-top-14\/#respond\"]}]},{\"@type\":\"WebPage\",\"@id\":\"https:\/\/sport-index.fr\/blog\/a-la-une\/week-end-des-bleus-matthis-lebel-brille-tandis-que-maxime-lucu-decoit-en-top-14\/\",\"url\":\"https:\/\/sport-index.fr\/blog\/a-la-une\/week-end-des-bleus-matthis-lebel-brille-tandis-que-maxime-lucu-decoit-en-top-14\/\",\"name\":\"Week-end des Bleus : Matthis Lebel brille tandis que Maxime\",\"isPartOf\":{\"@id\":\"https:\/\/sport-index.fr\/blog\/#website\"},\"primaryImageOfPage\":{\"@id\":\"https:\/\/sport-index.fr\/blog\/a-la-une\/week-end-des-bleus-matthis-lebel-brille-tandis-que-maxime-lucu-decoit-en-top-14\/#primaryimage\"},\"image\":{\"@id\":\"https:\/\/sport-index.fr\/blog\/a-la-une\/week-end-des-bleus-matthis-lebel-brille-tandis-que-maxime-lucu-decoit-en-top-14\/#primaryimage\"},\"thumbnailUrl\":\"https:\/\/sport-index.fr\/blog\/wp-content\/uploads\/2025\/05\/sdxl-7e015f4ad2540ceb83271f11ec16311a-scaled.png\",\"datePublished\":\"2025-04-28T14:37:28+00:00\",\"description\":\"Matthis Lebel, l'ailier qui retrouve son \u00e9clat Matthis Lebel a fait forte impression lors de son dernier match avec le Stade Toulousain. Malgr\u00e9 une\u2026\",\"inLanguage\":\"fr-FR\",\"potentialAction\":[{\"@type\":\"ReadAction\",\"target\":[\"https:\/\/sport-index.fr\/blog\/a-la-une\/week-end-des-bleus-matthis-lebel-brille-tandis-que-maxime-lucu-decoit-en-top-14\/\"]}]},{\"@type\":\"ImageObject\",\"inLanguage\":\"fr-FR\",\"@id\":\"https:\/\/sport-index.fr\/blog\/a-la-une\/week-end-des-bleus-matthis-lebel-brille-tandis-que-maxime-lucu-decoit-en-top-14\/#primaryimage\",\"url\":\"https:\/\/sport-index.fr\/blog\/wp-content\/uploads\/2025\/05\/sdxl-7e015f4ad2540ceb83271f11ec16311a-scaled.png\",\"contentUrl\":\"https:\/\/sport-index.fr\/blog\/wp-content\/uploads\/2025\/05\/sdxl-7e015f4ad2540ceb83271f11ec16311a-scaled.png\",\"width\":1200,\"height\":500},{\"@type\":\"WebSite\",\"@id\":\"https:\/\/sport-index.fr\/blog\/#website\",\"url\":\"https:\/\/sport-index.fr\/blog\/\",\"name\":\"sport-index.fr\",\"description\":\"Le score de l\u2019analyse sportive.\",\"publisher\":{\"@id\":\"https:\/\/sport-index.fr\/blog\/#organization\"},\"alternateName\":\"Le score de l\u2019analyse sportive.\",\"potentialAction\":[{\"@type\":\"SearchAction\",\"target\":{\"@type\":\"EntryPoint\",\"urlTemplate\":\"https:\/\/sport-index.fr\/blog\/?s={search_term_string}\"},\"query-input\":{\"@type\":\"PropertyValueSpecification\",\"valueRequired\":true,\"valueName\":\"search_term_string\"}}],\"inLanguage\":\"fr-FR\"},{\"@type\":\"Organization\",\"@id\":\"https:\/\/sport-index.fr\/blog\/#organization\",\"name\":\"Foretsensations.fr\",\"url\":\"https:\/\/sport-index.fr\/blog\/\",\"logo\":{\"@type\":\"ImageObject\",\"inLanguage\":\"fr-FR\",\"@id\":\"https:\/\/sport-index.fr\/blog\/#\/schema\/logo\/image\/\",\"url\":\"https:\/\/sport-index.fr\/blog\/wp-content\/uploads\/2026\/07\/logo-auto.png\",\"contentUrl\":\"https:\/\/sport-index.fr\/blog\/wp-content\/uploads\/2026\/07\/logo-auto.png\",\"width\":1024,\"height\":1024,\"caption\":\"Foretsensations.fr\"},\"image\":{\"@id\":\"https:\/\/sport-index.fr\/blog\/#\/schema\/logo\/image\/\"}},{\"@type\":\"Person\",\"@id\":\"https:\/\/sport-index.fr\/blog\/#\/schema\/person\/3c864cdc320801e3db34b663e7e3f816\",\"name\":\"Axel Lauzier\",\"image\":{\"@type\":\"ImageObject\",\"inLanguage\":\"fr-FR\",\"@id\":\"https:\/\/sport-index.fr\/blog\/#\/schema\/person\/image\/\",\"url\":\"https:\/\/sport-index.fr\/blog\/wp-content\/uploads\/2026\/06\/persona_axel-l-96x96.jpg\",\"contentUrl\":\"https:\/\/sport-index.fr\/blog\/wp-content\/uploads\/2026\/06\/persona_axel-l-96x96.jpg\",\"caption\":\"Axel Lauzier\"},\"description\":\"Le sport rythme mon quotidien depuis l'enfance, et j'en ai fait mon m\u00e9tier d'analyste r\u00e9dactionnel il y a une dizaine d'ann\u00e9es. Je couvre principalement le football, son actualit\u00e9, ses transferts et l'analyse tactique des grandes affiches, mais aussi les disciplines plus confidentielles que j'aime remettre en lumi\u00e8re. Une partie de mon travail porte sur les pronostics et la lecture statistique d'un match : forme des \u00e9quipes, historique des confrontations, compositions, sans jamais vendre de fausse certitude. Je rappelle syst\u00e9matiquement que parier comporte un risque et doit rester un loisir ma\u00eetris\u00e9. Avant de signer une analyse, je v\u00e9rifie mes chiffres, je recoupe les compositions probables et je distingue toujours la donn\u00e9e brute de l'intuition. Mon objectif : offrir une lecture honn\u00eate et argument\u00e9e, pas un ticket gagnant garanti.\",\"sameAs\":[\"https:\/\/axellauzier.fr\/\"],\"url\":\"https:\/\/sport-index.fr\/blog\/auteur\/noname\/\"}]}<\/script>\n<!-- \/ Yoast SEO Premium plugin. -->","yoast_head_json":{"title":"Week-end des Bleus : Matthis Lebel brille tandis que Maxime","description":"Matthis Lebel, l'ailier qui retrouve son \u00e9clat Matthis Lebel a fait forte impression lors de son dernier match avec le Stade Toulousain. Malgr\u00e9 une\u2026","robots":{"index":"index","follow":"follow","max-snippet":"max-snippet:-1","max-image-preview":"max-image-preview:large","max-video-preview":"max-video-preview:-1"},"canonical":"https:\/\/sport-index.fr\/blog\/a-la-une\/week-end-des-bleus-matthis-lebel-brille-tandis-que-maxime-lucu-decoit-en-top-14\/","og_locale":"fr_FR","og_type":"article","og_title":"Week-end des Bleus : Matthis Lebel brille tandis que Maxime","og_description":"Matthis Lebel, l'ailier qui retrouve son \u00e9clat Matthis Lebel a fait forte impression lors de son dernier match avec le Stade Toulousain. Malgr\u00e9 une\u2026","og_url":"https:\/\/sport-index.fr\/blog\/a-la-une\/week-end-des-bleus-matthis-lebel-brille-tandis-que-maxime-lucu-decoit-en-top-14\/","og_site_name":"sport-index","author":"Axel Lauzier","twitter_card":"summary_large_image","schema":{"@context":"https:\/\/schema.org","@graph":[{"@type":"NewsArticle","@id":"https:\/\/sport-index.fr\/blog\/a-la-une\/week-end-des-bleus-matthis-lebel-brille-tandis-que-maxime-lucu-decoit-en-top-14\/#article","isPartOf":{"@id":"https:\/\/sport-index.fr\/blog\/a-la-une\/week-end-des-bleus-matthis-lebel-brille-tandis-que-maxime-lucu-decoit-en-top-14\/"},"author":{"name":"Axel Lauzier","@id":"https:\/\/sport-index.fr\/blog\/#\/schema\/person\/3c864cdc320801e3db34b663e7e3f816"},"headline":"Week-end des Bleus : Matthis Lebel brille tandis que Maxime Lucu d\u00e9\u00e7oit en Top 14","datePublished":"2025-04-28T14:37:28+00:00","mainEntityOfPage":{"@id":"https:\/\/sport-index.fr\/blog\/a-la-une\/week-end-des-bleus-matthis-lebel-brille-tandis-que-maxime-lucu-decoit-en-top-14\/"},"wordCount":473,"commentCount":26,"publisher":{"@id":"https:\/\/sport-index.fr\/blog\/#organization"},"image":{"@id":"https:\/\/sport-index.fr\/blog\/a-la-une\/week-end-des-bleus-matthis-lebel-brille-tandis-que-maxime-lucu-decoit-en-top-14\/#primaryimage"},"thumbnailUrl":"https:\/\/sport-index.fr\/blog\/wp-content\/uploads\/2025\/05\/sdxl-7e015f4ad2540ceb83271f11ec16311a-scaled.png","keywords":["Coh\u00e9sion d'\u00c9quipe","Gestion des Talents","Performance","Stade Toulousain","Top 14"],"articleSection":["\u00c0 la une"],"inLanguage":"fr-FR","potentialAction":[{"@type":"CommentAction","name":"Comment","target":["https:\/\/sport-index.fr\/blog\/a-la-une\/week-end-des-bleus-matthis-lebel-brille-tandis-que-maxime-lucu-decoit-en-top-14\/#respond"]}]},{"@type":"WebPage","@id":"https:\/\/sport-index.fr\/blog\/a-la-une\/week-end-des-bleus-matthis-lebel-brille-tandis-que-maxime-lucu-decoit-en-top-14\/","url":"https:\/\/sport-index.fr\/blog\/a-la-une\/week-end-des-bleus-matthis-lebel-brille-tandis-que-maxime-lucu-decoit-en-top-14\/","name":"Week-end des Bleus : Matthis Lebel brille tandis que Maxime","isPartOf":{"@id":"https:\/\/sport-index.fr\/blog\/#website"},"primaryImageOfPage":{"@id":"https:\/\/sport-index.fr\/blog\/a-la-une\/week-end-des-bleus-matthis-lebel-brille-tandis-que-maxime-lucu-decoit-en-top-14\/#primaryimage"},"image":{"@id":"https:\/\/sport-index.fr\/blog\/a-la-une\/week-end-des-bleus-matthis-lebel-brille-tandis-que-maxime-lucu-decoit-en-top-14\/#primaryimage"},"thumbnailUrl":"https:\/\/sport-index.fr\/blog\/wp-content\/uploads\/2025\/05\/sdxl-7e015f4ad2540ceb83271f11ec16311a-scaled.png","datePublished":"2025-04-28T14:37:28+00:00","description":"Matthis Lebel, l'ailier qui retrouve son \u00e9clat Matthis Lebel a fait forte impression lors de son dernier match avec le Stade Toulousain. Malgr\u00e9 une\u2026","inLanguage":"fr-FR","potentialAction":[{"@type":"ReadAction","target":["https:\/\/sport-index.fr\/blog\/a-la-une\/week-end-des-bleus-matthis-lebel-brille-tandis-que-maxime-lucu-decoit-en-top-14\/"]}]},{"@type":"ImageObject","inLanguage":"fr-FR","@id":"https:\/\/sport-index.fr\/blog\/a-la-une\/week-end-des-bleus-matthis-lebel-brille-tandis-que-maxime-lucu-decoit-en-top-14\/#primaryimage","url":"https:\/\/sport-index.fr\/blog\/wp-content\/uploads\/2025\/05\/sdxl-7e015f4ad2540ceb83271f11ec16311a-scaled.png","contentUrl":"https:\/\/sport-index.fr\/blog\/wp-content\/uploads\/2025\/05\/sdxl-7e015f4ad2540ceb83271f11ec16311a-scaled.png","width":1200,"height":500},{"@type":"WebSite","@id":"https:\/\/sport-index.fr\/blog\/#website","url":"https:\/\/sport-index.fr\/blog\/","name":"sport-index.fr","description":"Le score de l\u2019analyse sportive.","publisher":{"@id":"https:\/\/sport-index.fr\/blog\/#organization"},"alternateName":"Le score de l\u2019analyse sportive.","potentialAction":[{"@type":"SearchAction","target":{"@type":"EntryPoint","urlTemplate":"https:\/\/sport-index.fr\/blog\/?s={search_term_string}"},"query-input":{"@type":"PropertyValueSpecification","valueRequired":true,"valueName":"search_term_string"}}],"inLanguage":"fr-FR"},{"@type":"Organization","@id":"https:\/\/sport-index.fr\/blog\/#organization","name":"Foretsensations.fr","url":"https:\/\/sport-index.fr\/blog\/","logo":{"@type":"ImageObject","inLanguage":"fr-FR","@id":"https:\/\/sport-index.fr\/blog\/#\/schema\/logo\/image\/","url":"https:\/\/sport-index.fr\/blog\/wp-content\/uploads\/2026\/07\/logo-auto.png","contentUrl":"https:\/\/sport-index.fr\/blog\/wp-content\/uploads\/2026\/07\/logo-auto.png","width":1024,"height":1024,"caption":"Foretsensations.fr"},"image":{"@id":"https:\/\/sport-index.fr\/blog\/#\/schema\/logo\/image\/"}},{"@type":"Person","@id":"https:\/\/sport-index.fr\/blog\/#\/schema\/person\/3c864cdc320801e3db34b663e7e3f816","name":"Axel Lauzier","image":{"@type":"ImageObject","inLanguage":"fr-FR","@id":"https:\/\/sport-index.fr\/blog\/#\/schema\/person\/image\/","url":"https:\/\/sport-index.fr\/blog\/wp-content\/uploads\/2026\/06\/persona_axel-l-96x96.jpg","contentUrl":"https:\/\/sport-index.fr\/blog\/wp-content\/uploads\/2026\/06\/persona_axel-l-96x96.jpg","caption":"Axel Lauzier"},"description":"Le sport rythme mon quotidien depuis l'enfance, et j'en ai fait mon m\u00e9tier d'analyste r\u00e9dactionnel il y a une dizaine d'ann\u00e9es. Je couvre principalement le football, son actualit\u00e9, ses transferts et l'analyse tactique des grandes affiches, mais aussi les disciplines plus confidentielles que j'aime remettre en lumi\u00e8re. Une partie de mon travail porte sur les pronostics et la lecture statistique d'un match : forme des \u00e9quipes, historique des confrontations, compositions, sans jamais vendre de fausse certitude. Je rappelle syst\u00e9matiquement que parier comporte un risque et doit rester un loisir ma\u00eetris\u00e9. Avant de signer une analyse, je v\u00e9rifie mes chiffres, je recoupe les compositions probables et je distingue toujours la donn\u00e9e brute de l'intuition. Mon objectif : offrir une lecture honn\u00eate et argument\u00e9e, pas un ticket gagnant garanti.","sameAs":["https:\/\/axellauzier.fr\/"],"url":"https:\/\/sport-index.fr\/blog\/auteur\/noname\/"}]}},"_links":{"self":[{"href":"https:\/\/sport-index.fr\/blog\/wp-json\/wp\/v2\/posts\/14406","targetHints":{"allow":["GET"]}}],"collection":[{"href":"https:\/\/sport-index.fr\/blog\/wp-json\/wp\/v2\/posts"}],"about":[{"href":"https:\/\/sport-index.fr\/blog\/wp-json\/wp\/v2\/types\/post"}],"author":[{"embeddable":true,"href":"https:\/\/sport-index.fr\/blog\/wp-json\/wp\/v2\/users\/34"}],"replies":[{"embeddable":true,"href":"https:\/\/sport-index.fr\/blog\/wp-json\/wp\/v2\/comments?post=14406"}],"version-history":[{"count":1,"href":"https:\/\/sport-index.fr\/blog\/wp-json\/wp\/v2\/posts\/14406\/revisions"}],"predecessor-version":[{"id":14416,"href":"https:\/\/sport-index.fr\/blog\/wp-json\/wp\/v2\/posts\/14406\/revisions\/14416"}],"wp:featuredmedia":[{"embeddable":true,"href":"https:\/\/sport-index.fr\/blog\/wp-json\/wp\/v2\/media\/15078"}],"wp:attachment":[{"href":"https:\/\/sport-index.fr\/blog\/wp-json\/wp\/v2\/media?parent=14406"}],"wp:term":[{"taxonomy":"category","embeddable":true,"href":"https:\/\/sport-index.fr\/blog\/wp-json\/wp\/v2\/categories?post=14406"},{"taxonomy":"post_tag","embeddable":true,"href":"https:\/\/sport-index.fr\/blog\/wp-json\/wp\/v2\/tags?post=14406"}],"curies":[{"name":"wp","href":"https:\/\/api.w.org\/{rel}","templated":true}]}}