{"id":14455,"date":"2025-04-29T18:43:18","date_gmt":"2025-04-29T16:43:18","guid":{"rendered":"https:\/\/sport-index.fr\/blog\/?p=14455"},"modified":"2025-04-29T17:54:10","modified_gmt":"2025-04-29T15:54:10","slug":"top-14-toulon-face-a-labsence-prolongee-de-melvyn-jaminet-et-gianmarco-lucchesi","status":"publish","type":"post","link":"https:\/\/sport-index.fr\/blog\/a-la-une\/top-14-toulon-face-a-labsence-prolongee-de-melvyn-jaminet-et-gianmarco-lucchesi\/","title":{"rendered":"Top 14 : Toulon face \u00e0 l&rsquo;absence prolong\u00e9e de Melvyn Jaminet et Gianmarco Lucchesi"},"content":{"rendered":"<h2>Une blessure pr\u00e9occupante pour Melvyn Jaminet<\/h2>\n<p>Le jeune arri\u00e8re a subi une fracture du plancher orbital, cons\u00e9quence d&rsquo;une commotion violente lors d&rsquo;un match crucial. Cette blessure le tiendra \u00e9loign\u00e9 des terrains pour une p\u00e9riode pouvant atteindre six semaines, un coup dur pour le RCT.<\/p>\n<p>Jaminet, qui avait fait un retour impressionnant, a \u00e9t\u00e9 \u00e9vacu\u00e9 sur civi\u00e8re apr\u00e8s un choc avec son co\u00e9quipier Swan Rebbadj. Malgr\u00e9 la douleur, il a souhait\u00e9 rester aupr\u00e8s de son \u00e9quipe jusqu&rsquo;\u00e0 la fin du match, t\u00e9moignant de son engagement et de son esprit d&rsquo;\u00e9quipe. Malheureusement, son absence pourrait s\u00e9rieusement affecter les chances de Toulon dans la course aux barrages du Top 14.<\/p>\n<h2>Une perte suppl\u00e9mentaire avec Gianmarco Lucchesi<\/h2>\n<p>Les nouvelles ne s&rsquo;am\u00e9liorent pas pour Toulon, avec la blessure de Gianmarco Lucchesi. Le talonneur italien, qui n&rsquo;a pas jou\u00e9 depuis le 5 avril, doit maintenant faire face \u00e0 une op\u00e9ration pour une blessure au ligament crois\u00e9. Son absence prolong\u00e9e, tout comme celle de Jaminet, pourrait avoir des cons\u00e9quences sur la composition de l&rsquo;\u00e9quipe pour la saison prochaine.<\/p>\n<p>Lucchesi a \u00e9t\u00e9 un \u00e9l\u00e9ment cl\u00e9 pour l&rsquo;\u00e9quipe en tant que finisseur, et son absence laisse un vide difficile \u00e0 combler. Actuellement, Teddy Baubigny est le seul talonneur sous contrat, mettant en lumi\u00e8re la n\u00e9cessit\u00e9 pour le RCT de renforcer son effectif. La gestion des blessures devient une priorit\u00e9 pour l&rsquo;encadrement du club afin de naviguer dans cette p\u00e9riode difficile.<\/p>\n<h2>Implications pour l\u2019\u00e9quipe et l\u2019avenir<\/h2>\n<p>Les blessures \u00e0 r\u00e9p\u00e9tition de joueurs cl\u00e9s comme Jaminet et Lucchesi soul\u00e8vent des questions sur l&rsquo;avenir de l&rsquo;\u00e9quipe. Le RCT doit maintenant s\u2019adapter rapidement pour rester comp\u00e9titif, notamment dans un calendrier charg\u00e9. Le retour de Jaminet pourrait co\u00efncider avec les barrages, mais cela reste incertain.<\/p>\n<p>Le club doit \u00e9galement envisager des renforts pour pallier ces absences. Les dirigeants doivent tirer les le\u00e7ons de cette saison pour \u00e9viter que de telles blessures ne compromettent leurs ambitions. L\u2019entra\u00eeneur Pierre Mignoni et son staff devront redoubler d&rsquo;efforts pour maintenir le moral et la coh\u00e9sion de l\u2019\u00e9quipe.<\/p>\n<blockquote><p>\n  \u00ab Le soutien des supporters est essentiel dans ces moments difficiles. Nous devons rester unis et concentr\u00e9s sur nos objectifs. \u00bb &#8211; Pierre Mignoni\n<\/p><\/blockquote>\n<ul>\n<li>Impact des blessures sur la performance de l&rsquo;\u00e9quipe<\/li>\n<li>Importance du soutien des supporters<\/li>\n<li>Strat\u00e9gies pour renforcer l&rsquo;effectif avant la prochaine saison<\/li>\n<\/ul>\n<p>Dans ce contexte, la gestion des joueurs bless\u00e9s et le d\u00e9veloppement de nouveaux talents prendront une importance cruciale. Micka\u00ebl Ivaldi, qui envisageait de prendre sa retraite, a laiss\u00e9 entendre qu&rsquo;il pourrait prolonger sa carri\u00e8re d&rsquo;un an, apportant son exp\u00e9rience \u00e0 une \u00e9quipe en pleine mutation. Chaque d\u00e9cision compte, et l&rsquo;avenir du RCT en d\u00e9pend fortement.<\/p>\n","protected":false},"excerpt":{"rendered":"","protected":false},"author":34,"featured_media":15073,"comment_status":"open","ping_status":"open","sticky":false,"template":"","format":"standard","meta":{"_acf_changed":false,"manual_indexmenow":false,"indexmenow_id_project":0,"footnotes":""},"categories":[1],"tags":[4544,5118,4543,4408,4539],"class_list":["post-14455","post","type-post","status-publish","format-standard","has-post-thumbnail","hentry","category-a-la-une","tag-equipe","tag-gestion-des-blessures","tag-performance","tag-resilience","tag-top-14","generate-columns","tablet-grid-50","mobile-grid-100","grid-parent","grid-25"],"acf":[],"yoast_head":"<!-- This site is optimized with the Yoast SEO Premium plugin v21.3 (Yoast SEO v26.5) - https:\/\/yoast.com\/wordpress\/plugins\/seo\/ -->\n<title>Top 14 : Toulon face \u00e0 l&#039;absence prolong\u00e9e de Melvyn<\/title>\n<meta name=\"description\" content=\"Une blessure pr\u00e9occupante pour Melvyn Jaminet Le jeune arri\u00e8re a subi une fracture du plancher orbital, cons\u00e9quence d&#039;une commotion violente lors d&#039;un\u2026\" \/>\n<meta name=\"robots\" content=\"index, follow, max-snippet:-1, max-image-preview:large, max-video-preview:-1\" \/>\n<link rel=\"canonical\" href=\"https:\/\/sport-index.fr\/blog\/a-la-une\/top-14-toulon-face-a-labsence-prolongee-de-melvyn-jaminet-et-gianmarco-lucchesi\/\" \/>\n<meta property=\"og:locale\" content=\"fr_FR\" \/>\n<meta property=\"og:type\" content=\"article\" \/>\n<meta property=\"og:title\" content=\"Top 14 : Toulon face \u00e0 l&#039;absence prolong\u00e9e de Melvyn\" \/>\n<meta property=\"og:description\" content=\"Une blessure pr\u00e9occupante pour Melvyn Jaminet Le jeune arri\u00e8re a subi une fracture du plancher orbital, cons\u00e9quence d&#039;une commotion violente lors d&#039;un\u2026\" \/>\n<meta property=\"og:url\" content=\"https:\/\/sport-index.fr\/blog\/a-la-une\/top-14-toulon-face-a-labsence-prolongee-de-melvyn-jaminet-et-gianmarco-lucchesi\/\" \/>\n<meta property=\"og:site_name\" content=\"sport-index\" \/>\n<meta name=\"author\" content=\"Axel Lauzier\" \/>\n<meta name=\"twitter:card\" content=\"summary_large_image\" \/>\n<script type=\"application\/ld+json\" class=\"yoast-schema-graph\">{\"@context\":\"https:\/\/schema.org\",\"@graph\":[{\"@type\":\"NewsArticle\",\"@id\":\"https:\/\/sport-index.fr\/blog\/a-la-une\/top-14-toulon-face-a-labsence-prolongee-de-melvyn-jaminet-et-gianmarco-lucchesi\/#article\",\"isPartOf\":{\"@id\":\"https:\/\/sport-index.fr\/blog\/a-la-une\/top-14-toulon-face-a-labsence-prolongee-de-melvyn-jaminet-et-gianmarco-lucchesi\/\"},\"author\":{\"name\":\"Axel Lauzier\",\"@id\":\"https:\/\/sport-index.fr\/blog\/#\/schema\/person\/3c864cdc320801e3db34b663e7e3f816\"},\"headline\":\"Top 14 : Toulon face \u00e0 l&rsquo;absence prolong\u00e9e de Melvyn Jaminet et Gianmarco Lucchesi\",\"datePublished\":\"2025-04-29T16:43:18+00:00\",\"mainEntityOfPage\":{\"@id\":\"https:\/\/sport-index.fr\/blog\/a-la-une\/top-14-toulon-face-a-labsence-prolongee-de-melvyn-jaminet-et-gianmarco-lucchesi\/\"},\"wordCount\":492,\"commentCount\":20,\"publisher\":{\"@id\":\"https:\/\/sport-index.fr\/blog\/#organization\"},\"image\":{\"@id\":\"https:\/\/sport-index.fr\/blog\/a-la-une\/top-14-toulon-face-a-labsence-prolongee-de-melvyn-jaminet-et-gianmarco-lucchesi\/#primaryimage\"},\"thumbnailUrl\":\"https:\/\/sport-index.fr\/blog\/wp-content\/uploads\/2025\/05\/sdxl-9c289e27071db8fdf49023d13fac6dd7-scaled.png\",\"keywords\":[\"\u00c9quipe\",\"Gestion des Blessures\",\"Performance\",\"R\u00e9silience\",\"Top 14\"],\"articleSection\":[\"\u00c0 la une\"],\"inLanguage\":\"fr-FR\",\"potentialAction\":[{\"@type\":\"CommentAction\",\"name\":\"Comment\",\"target\":[\"https:\/\/sport-index.fr\/blog\/a-la-une\/top-14-toulon-face-a-labsence-prolongee-de-melvyn-jaminet-et-gianmarco-lucchesi\/#respond\"]}]},{\"@type\":\"WebPage\",\"@id\":\"https:\/\/sport-index.fr\/blog\/a-la-une\/top-14-toulon-face-a-labsence-prolongee-de-melvyn-jaminet-et-gianmarco-lucchesi\/\",\"url\":\"https:\/\/sport-index.fr\/blog\/a-la-une\/top-14-toulon-face-a-labsence-prolongee-de-melvyn-jaminet-et-gianmarco-lucchesi\/\",\"name\":\"Top 14 : Toulon face \u00e0 l'absence prolong\u00e9e de Melvyn\",\"isPartOf\":{\"@id\":\"https:\/\/sport-index.fr\/blog\/#website\"},\"primaryImageOfPage\":{\"@id\":\"https:\/\/sport-index.fr\/blog\/a-la-une\/top-14-toulon-face-a-labsence-prolongee-de-melvyn-jaminet-et-gianmarco-lucchesi\/#primaryimage\"},\"image\":{\"@id\":\"https:\/\/sport-index.fr\/blog\/a-la-une\/top-14-toulon-face-a-labsence-prolongee-de-melvyn-jaminet-et-gianmarco-lucchesi\/#primaryimage\"},\"thumbnailUrl\":\"https:\/\/sport-index.fr\/blog\/wp-content\/uploads\/2025\/05\/sdxl-9c289e27071db8fdf49023d13fac6dd7-scaled.png\",\"datePublished\":\"2025-04-29T16:43:18+00:00\",\"description\":\"Une blessure pr\u00e9occupante pour Melvyn Jaminet Le jeune arri\u00e8re a subi une fracture du plancher orbital, cons\u00e9quence d'une commotion violente lors d'un\u2026\",\"inLanguage\":\"fr-FR\",\"potentialAction\":[{\"@type\":\"ReadAction\",\"target\":[\"https:\/\/sport-index.fr\/blog\/a-la-une\/top-14-toulon-face-a-labsence-prolongee-de-melvyn-jaminet-et-gianmarco-lucchesi\/\"]}]},{\"@type\":\"ImageObject\",\"inLanguage\":\"fr-FR\",\"@id\":\"https:\/\/sport-index.fr\/blog\/a-la-une\/top-14-toulon-face-a-labsence-prolongee-de-melvyn-jaminet-et-gianmarco-lucchesi\/#primaryimage\",\"url\":\"https:\/\/sport-index.fr\/blog\/wp-content\/uploads\/2025\/05\/sdxl-9c289e27071db8fdf49023d13fac6dd7-scaled.png\",\"contentUrl\":\"https:\/\/sport-index.fr\/blog\/wp-content\/uploads\/2025\/05\/sdxl-9c289e27071db8fdf49023d13fac6dd7-scaled.png\",\"width\":1200,\"height\":500},{\"@type\":\"WebSite\",\"@id\":\"https:\/\/sport-index.fr\/blog\/#website\",\"url\":\"https:\/\/sport-index.fr\/blog\/\",\"name\":\"sport-index.fr\",\"description\":\"Le score de l\u2019analyse sportive.\",\"publisher\":{\"@id\":\"https:\/\/sport-index.fr\/blog\/#organization\"},\"alternateName\":\"Le score de l\u2019analyse sportive.\",\"potentialAction\":[{\"@type\":\"SearchAction\",\"target\":{\"@type\":\"EntryPoint\",\"urlTemplate\":\"https:\/\/sport-index.fr\/blog\/?s={search_term_string}\"},\"query-input\":{\"@type\":\"PropertyValueSpecification\",\"valueRequired\":true,\"valueName\":\"search_term_string\"}}],\"inLanguage\":\"fr-FR\"},{\"@type\":\"Organization\",\"@id\":\"https:\/\/sport-index.fr\/blog\/#organization\",\"name\":\"Foretsensations.fr\",\"url\":\"https:\/\/sport-index.fr\/blog\/\",\"logo\":{\"@type\":\"ImageObject\",\"inLanguage\":\"fr-FR\",\"@id\":\"https:\/\/sport-index.fr\/blog\/#\/schema\/logo\/image\/\",\"url\":\"https:\/\/sport-index.fr\/blog\/wp-content\/uploads\/2026\/07\/logo-auto.png\",\"contentUrl\":\"https:\/\/sport-index.fr\/blog\/wp-content\/uploads\/2026\/07\/logo-auto.png\",\"width\":1024,\"height\":1024,\"caption\":\"Foretsensations.fr\"},\"image\":{\"@id\":\"https:\/\/sport-index.fr\/blog\/#\/schema\/logo\/image\/\"}},{\"@type\":\"Person\",\"@id\":\"https:\/\/sport-index.fr\/blog\/#\/schema\/person\/3c864cdc320801e3db34b663e7e3f816\",\"name\":\"Axel Lauzier\",\"image\":{\"@type\":\"ImageObject\",\"inLanguage\":\"fr-FR\",\"@id\":\"https:\/\/sport-index.fr\/blog\/#\/schema\/person\/image\/\",\"url\":\"https:\/\/sport-index.fr\/blog\/wp-content\/uploads\/2026\/06\/persona_axel-l-96x96.jpg\",\"contentUrl\":\"https:\/\/sport-index.fr\/blog\/wp-content\/uploads\/2026\/06\/persona_axel-l-96x96.jpg\",\"caption\":\"Axel Lauzier\"},\"description\":\"Le sport rythme mon quotidien depuis l'enfance, et j'en ai fait mon m\u00e9tier d'analyste r\u00e9dactionnel il y a une dizaine d'ann\u00e9es. Je couvre principalement le football, son actualit\u00e9, ses transferts et l'analyse tactique des grandes affiches, mais aussi les disciplines plus confidentielles que j'aime remettre en lumi\u00e8re. Une partie de mon travail porte sur les pronostics et la lecture statistique d'un match : forme des \u00e9quipes, historique des confrontations, compositions, sans jamais vendre de fausse certitude. Je rappelle syst\u00e9matiquement que parier comporte un risque et doit rester un loisir ma\u00eetris\u00e9. Avant de signer une analyse, je v\u00e9rifie mes chiffres, je recoupe les compositions probables et je distingue toujours la donn\u00e9e brute de l'intuition. Mon objectif : offrir une lecture honn\u00eate et argument\u00e9e, pas un ticket gagnant garanti.\",\"sameAs\":[\"https:\/\/axellauzier.fr\/\"],\"url\":\"https:\/\/sport-index.fr\/blog\/auteur\/noname\/\"}]}<\/script>\n<!-- \/ Yoast SEO Premium plugin. -->","yoast_head_json":{"title":"Top 14 : Toulon face \u00e0 l'absence prolong\u00e9e de Melvyn","description":"Une blessure pr\u00e9occupante pour Melvyn Jaminet Le jeune arri\u00e8re a subi une fracture du plancher orbital, cons\u00e9quence d'une commotion violente lors d'un\u2026","robots":{"index":"index","follow":"follow","max-snippet":"max-snippet:-1","max-image-preview":"max-image-preview:large","max-video-preview":"max-video-preview:-1"},"canonical":"https:\/\/sport-index.fr\/blog\/a-la-une\/top-14-toulon-face-a-labsence-prolongee-de-melvyn-jaminet-et-gianmarco-lucchesi\/","og_locale":"fr_FR","og_type":"article","og_title":"Top 14 : Toulon face \u00e0 l'absence prolong\u00e9e de Melvyn","og_description":"Une blessure pr\u00e9occupante pour Melvyn Jaminet Le jeune arri\u00e8re a subi une fracture du plancher orbital, cons\u00e9quence d'une commotion violente lors d'un\u2026","og_url":"https:\/\/sport-index.fr\/blog\/a-la-une\/top-14-toulon-face-a-labsence-prolongee-de-melvyn-jaminet-et-gianmarco-lucchesi\/","og_site_name":"sport-index","author":"Axel Lauzier","twitter_card":"summary_large_image","schema":{"@context":"https:\/\/schema.org","@graph":[{"@type":"NewsArticle","@id":"https:\/\/sport-index.fr\/blog\/a-la-une\/top-14-toulon-face-a-labsence-prolongee-de-melvyn-jaminet-et-gianmarco-lucchesi\/#article","isPartOf":{"@id":"https:\/\/sport-index.fr\/blog\/a-la-une\/top-14-toulon-face-a-labsence-prolongee-de-melvyn-jaminet-et-gianmarco-lucchesi\/"},"author":{"name":"Axel Lauzier","@id":"https:\/\/sport-index.fr\/blog\/#\/schema\/person\/3c864cdc320801e3db34b663e7e3f816"},"headline":"Top 14 : Toulon face \u00e0 l&rsquo;absence prolong\u00e9e de Melvyn Jaminet et Gianmarco Lucchesi","datePublished":"2025-04-29T16:43:18+00:00","mainEntityOfPage":{"@id":"https:\/\/sport-index.fr\/blog\/a-la-une\/top-14-toulon-face-a-labsence-prolongee-de-melvyn-jaminet-et-gianmarco-lucchesi\/"},"wordCount":492,"commentCount":20,"publisher":{"@id":"https:\/\/sport-index.fr\/blog\/#organization"},"image":{"@id":"https:\/\/sport-index.fr\/blog\/a-la-une\/top-14-toulon-face-a-labsence-prolongee-de-melvyn-jaminet-et-gianmarco-lucchesi\/#primaryimage"},"thumbnailUrl":"https:\/\/sport-index.fr\/blog\/wp-content\/uploads\/2025\/05\/sdxl-9c289e27071db8fdf49023d13fac6dd7-scaled.png","keywords":["\u00c9quipe","Gestion des Blessures","Performance","R\u00e9silience","Top 14"],"articleSection":["\u00c0 la une"],"inLanguage":"fr-FR","potentialAction":[{"@type":"CommentAction","name":"Comment","target":["https:\/\/sport-index.fr\/blog\/a-la-une\/top-14-toulon-face-a-labsence-prolongee-de-melvyn-jaminet-et-gianmarco-lucchesi\/#respond"]}]},{"@type":"WebPage","@id":"https:\/\/sport-index.fr\/blog\/a-la-une\/top-14-toulon-face-a-labsence-prolongee-de-melvyn-jaminet-et-gianmarco-lucchesi\/","url":"https:\/\/sport-index.fr\/blog\/a-la-une\/top-14-toulon-face-a-labsence-prolongee-de-melvyn-jaminet-et-gianmarco-lucchesi\/","name":"Top 14 : Toulon face \u00e0 l'absence prolong\u00e9e de Melvyn","isPartOf":{"@id":"https:\/\/sport-index.fr\/blog\/#website"},"primaryImageOfPage":{"@id":"https:\/\/sport-index.fr\/blog\/a-la-une\/top-14-toulon-face-a-labsence-prolongee-de-melvyn-jaminet-et-gianmarco-lucchesi\/#primaryimage"},"image":{"@id":"https:\/\/sport-index.fr\/blog\/a-la-une\/top-14-toulon-face-a-labsence-prolongee-de-melvyn-jaminet-et-gianmarco-lucchesi\/#primaryimage"},"thumbnailUrl":"https:\/\/sport-index.fr\/blog\/wp-content\/uploads\/2025\/05\/sdxl-9c289e27071db8fdf49023d13fac6dd7-scaled.png","datePublished":"2025-04-29T16:43:18+00:00","description":"Une blessure pr\u00e9occupante pour Melvyn Jaminet Le jeune arri\u00e8re a subi une fracture du plancher orbital, cons\u00e9quence d'une commotion violente lors d'un\u2026","inLanguage":"fr-FR","potentialAction":[{"@type":"ReadAction","target":["https:\/\/sport-index.fr\/blog\/a-la-une\/top-14-toulon-face-a-labsence-prolongee-de-melvyn-jaminet-et-gianmarco-lucchesi\/"]}]},{"@type":"ImageObject","inLanguage":"fr-FR","@id":"https:\/\/sport-index.fr\/blog\/a-la-une\/top-14-toulon-face-a-labsence-prolongee-de-melvyn-jaminet-et-gianmarco-lucchesi\/#primaryimage","url":"https:\/\/sport-index.fr\/blog\/wp-content\/uploads\/2025\/05\/sdxl-9c289e27071db8fdf49023d13fac6dd7-scaled.png","contentUrl":"https:\/\/sport-index.fr\/blog\/wp-content\/uploads\/2025\/05\/sdxl-9c289e27071db8fdf49023d13fac6dd7-scaled.png","width":1200,"height":500},{"@type":"WebSite","@id":"https:\/\/sport-index.fr\/blog\/#website","url":"https:\/\/sport-index.fr\/blog\/","name":"sport-index.fr","description":"Le score de l\u2019analyse sportive.","publisher":{"@id":"https:\/\/sport-index.fr\/blog\/#organization"},"alternateName":"Le score de l\u2019analyse sportive.","potentialAction":[{"@type":"SearchAction","target":{"@type":"EntryPoint","urlTemplate":"https:\/\/sport-index.fr\/blog\/?s={search_term_string}"},"query-input":{"@type":"PropertyValueSpecification","valueRequired":true,"valueName":"search_term_string"}}],"inLanguage":"fr-FR"},{"@type":"Organization","@id":"https:\/\/sport-index.fr\/blog\/#organization","name":"Foretsensations.fr","url":"https:\/\/sport-index.fr\/blog\/","logo":{"@type":"ImageObject","inLanguage":"fr-FR","@id":"https:\/\/sport-index.fr\/blog\/#\/schema\/logo\/image\/","url":"https:\/\/sport-index.fr\/blog\/wp-content\/uploads\/2026\/07\/logo-auto.png","contentUrl":"https:\/\/sport-index.fr\/blog\/wp-content\/uploads\/2026\/07\/logo-auto.png","width":1024,"height":1024,"caption":"Foretsensations.fr"},"image":{"@id":"https:\/\/sport-index.fr\/blog\/#\/schema\/logo\/image\/"}},{"@type":"Person","@id":"https:\/\/sport-index.fr\/blog\/#\/schema\/person\/3c864cdc320801e3db34b663e7e3f816","name":"Axel Lauzier","image":{"@type":"ImageObject","inLanguage":"fr-FR","@id":"https:\/\/sport-index.fr\/blog\/#\/schema\/person\/image\/","url":"https:\/\/sport-index.fr\/blog\/wp-content\/uploads\/2026\/06\/persona_axel-l-96x96.jpg","contentUrl":"https:\/\/sport-index.fr\/blog\/wp-content\/uploads\/2026\/06\/persona_axel-l-96x96.jpg","caption":"Axel Lauzier"},"description":"Le sport rythme mon quotidien depuis l'enfance, et j'en ai fait mon m\u00e9tier d'analyste r\u00e9dactionnel il y a une dizaine d'ann\u00e9es. Je couvre principalement le football, son actualit\u00e9, ses transferts et l'analyse tactique des grandes affiches, mais aussi les disciplines plus confidentielles que j'aime remettre en lumi\u00e8re. Une partie de mon travail porte sur les pronostics et la lecture statistique d'un match : forme des \u00e9quipes, historique des confrontations, compositions, sans jamais vendre de fausse certitude. Je rappelle syst\u00e9matiquement que parier comporte un risque et doit rester un loisir ma\u00eetris\u00e9. Avant de signer une analyse, je v\u00e9rifie mes chiffres, je recoupe les compositions probables et je distingue toujours la donn\u00e9e brute de l'intuition. Mon objectif : offrir une lecture honn\u00eate et argument\u00e9e, pas un ticket gagnant garanti.","sameAs":["https:\/\/axellauzier.fr\/"],"url":"https:\/\/sport-index.fr\/blog\/auteur\/noname\/"}]}},"_links":{"self":[{"href":"https:\/\/sport-index.fr\/blog\/wp-json\/wp\/v2\/posts\/14455","targetHints":{"allow":["GET"]}}],"collection":[{"href":"https:\/\/sport-index.fr\/blog\/wp-json\/wp\/v2\/posts"}],"about":[{"href":"https:\/\/sport-index.fr\/blog\/wp-json\/wp\/v2\/types\/post"}],"author":[{"embeddable":true,"href":"https:\/\/sport-index.fr\/blog\/wp-json\/wp\/v2\/users\/34"}],"replies":[{"embeddable":true,"href":"https:\/\/sport-index.fr\/blog\/wp-json\/wp\/v2\/comments?post=14455"}],"version-history":[{"count":1,"href":"https:\/\/sport-index.fr\/blog\/wp-json\/wp\/v2\/posts\/14455\/revisions"}],"predecessor-version":[{"id":14459,"href":"https:\/\/sport-index.fr\/blog\/wp-json\/wp\/v2\/posts\/14455\/revisions\/14459"}],"wp:featuredmedia":[{"embeddable":true,"href":"https:\/\/sport-index.fr\/blog\/wp-json\/wp\/v2\/media\/15073"}],"wp:attachment":[{"href":"https:\/\/sport-index.fr\/blog\/wp-json\/wp\/v2\/media?parent=14455"}],"wp:term":[{"taxonomy":"category","embeddable":true,"href":"https:\/\/sport-index.fr\/blog\/wp-json\/wp\/v2\/categories?post=14455"},{"taxonomy":"post_tag","embeddable":true,"href":"https:\/\/sport-index.fr\/blog\/wp-json\/wp\/v2\/tags?post=14455"}],"curies":[{"name":"wp","href":"https:\/\/api.w.org\/{rel}","templated":true}]}}