{"id":14508,"date":"2026-05-19T04:19:16","date_gmt":"2026-05-19T02:19:16","guid":{"rendered":"https:\/\/sport-index.fr\/blog\/?p=14508"},"modified":"2026-05-19T04:19:16","modified_gmt":"2026-05-19T02:19:16","slug":"stade-francais-les-inquietudes-grandissantes-face-a-la-menace-de-relegation","status":"publish","type":"post","link":"https:\/\/sport-index.fr\/blog\/a-la-une\/stade-francais-les-inquietudes-grandissantes-face-a-la-menace-de-relegation\/","title":{"rendered":"Stade fran\u00e7ais : les inqui\u00e9tudes grandissantes face \u00e0 la menace de rel\u00e9gation"},"content":{"rendered":"<div style=\"background:linear-gradient(135deg,#0f1a14 0%,#1a2b22 100%);color:#e8f0eb;padding:42px 36px;border-radius:14px;margin:0 0 32px;border-left:6px solid #2a5f3f;\">\n<div style=\"font-size:11px;letter-spacing:3px;text-transform:uppercase;color:#7fbf9a;font-weight:700;margin-bottom:14px;\">Top 14 \u00b7 Bas de tableau \u00b7 Saison sous tension<\/div>\n<h2 style=\"font-size:30px;line-height:1.2;margin:0 0 18px;color:#fff;font-weight:800;\">Stade Fran\u00e7ais au bord du pr\u00e9cipice : anatomie d&rsquo;une saison qui d\u00e9rape<\/h2>\n<p style=\"font-size:17px;line-height:1.65;margin:0 0 20px;color:#cfe0d6;\">Le club parisien, longtemps consid\u00e9r\u00e9 comme un pilier intouchable de l&rsquo;\u00e9lite, traverse une zone de turbulences in\u00e9dite. Entre d\u00e9faites cinglantes, contrats flous et silence radio post-match, la menace d&rsquo;une descente en Pro D2 \u2014 autrefois inconcevable \u2014 s&rsquo;installe d\u00e9sormais dans les conversations du Stade Jean-Bouin.<\/p>\n<div style=\"display:grid;grid-template-columns:repeat(auto-fit,minmax(140px,1fr));gap:14px;margin-top:24px;\">\n<div style=\"background:rgba(42,95,63,0.25);padding:14px;border-radius:8px;text-align:center;\">\n<div style=\"font-size:26px;font-weight:800;color:#7fbf9a;\">17<\/div>\n<div style=\"font-size:11px;text-transform:uppercase;letter-spacing:1px;color:#a8c5b3;margin-top:4px;\">Fins de contrat<\/div>\n<\/div>\n<div style=\"background:rgba(42,95,63,0.25);padding:14px;border-radius:8px;text-align:center;\">\n<div style=\"font-size:26px;font-weight:800;color:#7fbf9a;\">0<\/div>\n<div style=\"font-size:11px;text-transform:uppercase;letter-spacing:1px;color:#a8c5b3;margin-top:4px;\">Clauses descente<\/div>\n<\/div>\n<div style=\"background:rgba(42,95,63,0.25);padding:14px;border-radius:8px;text-align:center;\">\n<div style=\"font-size:26px;font-weight:800;color:#7fbf9a;\">7j<\/div>\n<div style=\"font-size:11px;text-transform:uppercase;letter-spacing:1px;color:#a8c5b3;margin-top:4px;\">Sans m\u00e9dias<\/div>\n<\/div>\n<div style=\"background:rgba(42,95,63,0.25);padding:14px;border-radius:8px;text-align:center;\">\n<div style=\"font-size:26px;font-weight:800;color:#7fbf9a;\">1<\/div>\n<div style=\"font-size:11px;text-transform:uppercase;letter-spacing:1px;color:#a8c5b3;margin-top:4px;\">Coach en partance<\/div>\n<\/div>\n<\/div>\n<\/div>\n<div style=\"background:#f4f8f5;border:1px solid #d4e3da;border-radius:12px;padding:28px 30px;margin:0 0 32px;\">\n<div style=\"font-size:12px;letter-spacing:2px;text-transform:uppercase;color:#2a5f3f;font-weight:700;margin-bottom:10px;\">\u00c0 retenir en 5 points<\/div>\n<h3 style=\"margin:0 0 18px;font-size:22px;color:#1a2b22;\">Ce que r\u00e9v\u00e8le la d\u00e9gringolade parisienne<\/h3>\n<ul style=\"list-style:none;padding:0;margin:0;\">\n<li style=\"padding:12px 0 12px 38px;border-bottom:1px solid #e0ebe4;position:relative;font-size:15px;line-height:1.6;color:#2a3b30;\"><span style=\"position:absolute;left:0;top:10px;width:26px;height:26px;background:#2a5f3f;color:#fff;border-radius:50%;display:flex;align-items:center;justify-content:center;font-size:13px;font-weight:700;\">1<\/span>Une seconde mi-temps catastrophique face au Racing 92 a d\u00e9clench\u00e9 la crise de confiance.<\/li>\n<li style=\"padding:12px 0 12px 38px;border-bottom:1px solid #e0ebe4;position:relative;font-size:15px;line-height:1.6;color:#2a3b30;\"><span style=\"position:absolute;left:0;top:10px;width:26px;height:26px;background:#2a5f3f;color:#fff;border-radius:50%;display:flex;align-items:center;justify-content:center;font-size:13px;font-weight:700;\">2<\/span>Dix-sept joueurs en fin de contrat, sans clauses de descente, fragilisent la planification long terme.<\/li>\n<li style=\"padding:12px 0 12px 38px;border-bottom:1px solid #e0ebe4;position:relative;font-size:15px;line-height:1.6;color:#2a3b30;\"><span style=\"position:absolute;left:0;top:10px;width:26px;height:26px;background:#2a5f3f;color:#fff;border-radius:50%;display:flex;align-items:center;justify-content:center;font-size:13px;font-weight:700;\">3<\/span>Paul Gustard, l&rsquo;entra\u00eeneur, va jusqu&rsquo;au bout sans renouvellement \u2014 un climat d&rsquo;incertitude p\u00e8se sur le vestiaire.<\/li>\n<li style=\"padding:12px 0 12px 38px;border-bottom:1px solid #e0ebe4;position:relative;font-size:15px;line-height:1.6;color:#2a3b30;\"><span style=\"position:absolute;left:0;top:10px;width:26px;height:26px;background:#2a5f3f;color:#fff;border-radius:50%;display:flex;align-items:center;justify-content:center;font-size:13px;font-weight:700;\">4<\/span>Le club opte pour un silence m\u00e9diatique total apr\u00e8s la d\u00e9faite \u2014 un choix strat\u00e9gique discut\u00e9.<\/li>\n<li style=\"padding:12px 0 12px 38px;position:relative;font-size:15px;line-height:1.6;color:#2a3b30;\"><span style=\"position:absolute;left:0;top:10px;width:26px;height:26px;background:#2a5f3f;color:#fff;border-radius:50%;display:flex;align-items:center;justify-content:center;font-size:13px;font-weight:700;\">5<\/span>Lester Etien prend publiquement position : pas question de descendre.<\/li>\n<\/ul>\n<\/div>\n<p>La r\u00e9cente d\u00e9faite contre le Racing 92 a mis en lumi\u00e8re les fragilit\u00e9s d&rsquo;une \u00e9quipe qui semble perdue dans un championnat o\u00f9 chaque match compte. Les supporters s&rsquo;interrogent sur l&rsquo;avenir du club, qui n&rsquo;a jamais sembl\u00e9 aussi menac\u00e9 de descente en Pro D2.<\/p>\n<h2 style=\"font-size:28px;color:#1a2b22;border-bottom:3px solid #2a5f3f;padding-bottom:10px;margin:36px 0 22px;\">Des performances inqui\u00e9tantes sur le terrain<\/h2>\n<p>La d\u00e9faite contre le Racing 92, avec un score sans appel, a laiss\u00e9 des traces. Les joueurs ont affich\u00e9 une seconde mi-temps d\u00e9sastreuse, suscitant des doutes sur leur capacit\u00e9 \u00e0 se battre pour le maintien. La comparaison avec les performances de leurs concurrents directs, qui montrent une combativit\u00e9 impressionnante, ne plaide pas en faveur des Parisiens.<\/p>\n<p>Malgr\u00e9 un d\u00e9but de saison prometteur, l&rsquo;\u00e9quipe a sombr\u00e9 dans une spirale n\u00e9gative. Les d\u00e9clarations d&rsquo;entra\u00eeneurs et de joueurs, qui \u00e9voquaient une volont\u00e9 de s&rsquo;en sortir, semblent aujourd&rsquo;hui d\u00e9connect\u00e9es de la r\u00e9alit\u00e9 du terrain. L&rsquo;absence de r\u00e9action face \u00e0 une situation aussi critique soul\u00e8ve des questions sur la coh\u00e9sion et la motivation des joueurs.<\/p>\n<div style=\"display:grid;grid-template-columns:repeat(auto-fit,minmax(240px,1fr));gap:18px;margin:32px 0;\">\n<div style=\"background:#fff;border:1px solid #e0ebe4;border-top:4px solid #2a5f3f;border-radius:10px;padding:22px;\">\n<div style=\"font-size:11px;letter-spacing:2px;text-transform:uppercase;color:#2a5f3f;font-weight:700;margin-bottom:8px;\">Cause #1<\/div>\n<h4 style=\"margin:0 0 10px;font-size:17px;color:#1a2b22;\">Effondrement sur 40 minutes<\/h4>\n<p style=\"font-size:14px;line-height:1.55;margin:0;color:#465a4f;\">La seconde p\u00e9riode contre le Racing 92 a tout symbolis\u00e9 : l&rsquo;incapacit\u00e9 \u00e0 tenir physiquement, un jeu pr\u00e9visible et des choix tactiques fig\u00e9s. Les rivaux directs au classement, eux, gagnent dans la douleur.<\/p>\n<\/div>\n<div style=\"background:#fff;border:1px solid #e0ebe4;border-top:4px solid #2a5f3f;border-radius:10px;padding:22px;\">\n<div style=\"font-size:11px;letter-spacing:2px;text-transform:uppercase;color:#2a5f3f;font-weight:700;margin-bottom:8px;\">Cause #2<\/div>\n<h4 style=\"margin:0 0 10px;font-size:17px;color:#1a2b22;\">Effectif en sursis<\/h4>\n<p style=\"font-size:14px;line-height:1.55;margin:0;color:#465a4f;\">Dix-sept joueurs en fin de bail, aucune clause de descente pr\u00e9vue : la cellule de recrutement n&rsquo;a tout simplement pas anticip\u00e9 le sc\u00e9nario noir. Une faute de pr\u00e9vision lourde de cons\u00e9quences.<\/p>\n<\/div>\n<div style=\"background:#fff;border:1px solid #e0ebe4;border-top:4px solid #2a5f3f;border-radius:10px;padding:22px;\">\n<div style=\"font-size:11px;letter-spacing:2px;text-transform:uppercase;color:#2a5f3f;font-weight:700;margin-bottom:8px;\">Cause #3<\/div>\n<h4 style=\"margin:0 0 10px;font-size:17px;color:#1a2b22;\">Coach en fin de cycle<\/h4>\n<p style=\"font-size:14px;line-height:1.55;margin:0;color:#465a4f;\">Paul Gustard a annonc\u00e9 qu&rsquo;il ne prolongerait pas son contrat. Difficile, dans ces conditions, de tirer un groupe vers le haut quand chacun sait que la page se tourne au printemps.<\/p>\n<\/div>\n<div style=\"background:#fff;border:1px solid #e0ebe4;border-top:4px solid #2a5f3f;border-radius:10px;padding:22px;\">\n<div style=\"font-size:11px;letter-spacing:2px;text-transform:uppercase;color:#2a5f3f;font-weight:700;margin-bottom:8px;\">Cause #4<\/div>\n<h4 style=\"margin:0 0 10px;font-size:17px;color:#1a2b22;\">Communication verrouill\u00e9e<\/h4>\n<p style=\"font-size:14px;line-height:1.55;margin:0;color:#465a4f;\">Deux jours de repos, une semaine sans contact m\u00e9dia : la direction privil\u00e9gie le huis clos. Un choix qui apaise en interne mais alimente les sp\u00e9culations \u00e0 l&rsquo;ext\u00e9rieur.<\/p>\n<\/div>\n<\/div>\n<h2 style=\"font-size:28px;color:#1a2b22;border-bottom:3px solid #2a5f3f;padding-bottom:10px;margin:36px 0 22px;\">Des enjeux contractuels pr\u00e9occupants<\/h2>\n<p>Un des facteurs aggravants de la situation actuelle est la gestion des contrats des joueurs. Avec 17 d&rsquo;entre eux en fin de contrat, le manque de clauses de sortie en cas de descente repr\u00e9sente un risque majeur. Cette lacune dans la planification montre une absence de vision \u00e0 long terme, accentuant l&rsquo;incertitude qui r\u00e8gne autour du club.<\/p>\n<p>La situation de l&rsquo;entra\u00eeneur Paul Gustard, qui a d\u00e9cid\u00e9 de rester jusqu&rsquo;\u00e0 la fin de son contrat sans le renouveler, cr\u00e9e une atmosph\u00e8re d&rsquo;instabilit\u00e9. Alors qu&rsquo;il pourrait pr\u00e9parer son avenir ailleurs, cette incertitude ne favorise pas la coh\u00e9sion n\u00e9cessaire au sein de l&rsquo;\u00e9quipe. Les joueurs doivent se concentrer sur le jeu, mais les tensions internes rendent cette t\u00e2che d&rsquo;autant plus difficile.<\/p>\n<div style=\"background:#1a2b22;color:#e8f0eb;padding:34px 32px;border-radius:12px;margin:32px 0;display:flex;gap:22px;align-items:flex-start;flex-wrap:wrap;\">\n<div style=\"font-size:60px;line-height:0.8;color:#2a5f3f;font-family:Georgia,serif;flex-shrink:0;\">\u00ab\u00a0<\/div>\n<div style=\"flex:1;min-width:240px;\">\n<p style=\"font-size:21px;line-height:1.45;margin:0 0 14px;font-style:italic;color:#f0f5f2;font-weight:300;\">Je ne veux pas faire partie de la g\u00e9n\u00e9ration qui fera descendre le Stade Fran\u00e7ais en Pro D2.<\/p>\n<div style=\"font-size:13px;color:#7fbf9a;letter-spacing:1.5px;text-transform:uppercase;font-weight:600;\">Lester Etien \u00b7 Ailier<\/div>\n<\/div>\n<\/div>\n<h2 style=\"font-size:28px;color:#1a2b22;border-bottom:3px solid #2a5f3f;padding-bottom:10px;margin:36px 0 22px;\">Un silence assourdissant<\/h2>\n<p>Apr\u00e8s la d\u00e9faite cuisante, le club a opt\u00e9 pour une strat\u00e9gie de communication en retrait. Les joueurs ont eu deux jours de repos, suivis d&rsquo;une semaine sans contact avec les m\u00e9dias. Ce silence, bien qu&rsquo;un choix strat\u00e9gique, soul\u00e8ve des interrogations sur la capacit\u00e9 de l&rsquo;\u00e9quipe \u00e0 se relever apr\u00e8s un tel revers.<\/p>\n<p>Des voix s&rsquo;\u00e9l\u00e8vent, comme celle de l&rsquo;ailier Lester Etien, qui a exprim\u00e9 son d\u00e9sir de ne pas \u00eatre celui qui ferait descendre le club. Cette d\u00e9claration t\u00e9moigne d&rsquo;une prise de conscience collective, mais il reste \u00e0 voir si cela se traduira par des actions sur le terrain. Les prochaines rencontres seront cruciales pour \u00e9valuer si le Stade Fran\u00e7ais peut inverser la tendance.<\/p>\n<div style=\"background:linear-gradient(180deg,#fff 0%,#f0f5f2 100%);border:1px solid #d4e3da;border-radius:12px;padding:26px 28px;margin:32px 0;\">\n<h3 style=\"margin:0 0 18px;font-size:20px;color:#1a2b22;\">Lecture du bas de tableau : ce que disent les chiffres<\/h3>\n<div style=\"overflow-x:auto;\">\n<table style=\"width:100%;border-collapse:collapse;font-size:14px;\">\n<thead>\n<tr style=\"background:#2a5f3f;color:#fff;\">\n<th style=\"padding:11px 12px;text-align:left;\">Indicateur<\/th>\n<th style=\"padding:11px 12px;text-align:center;\">Stade Fran\u00e7ais<\/th>\n<th style=\"padding:11px 12px;text-align:center;\">Moyenne rivaux directs<\/th>\n<th style=\"padding:11px 12px;text-align:center;\">\u00c9cart<\/th>\n<\/tr>\n<\/thead>\n<tbody>\n<tr style=\"background:#fff;border-bottom:1px solid #e0ebe4;\">\n<td style=\"padding:11px 12px;font-weight:600;color:#1a2b22;\">Victoires sur 5 derniers matchs<\/td>\n<td style=\"padding:11px 12px;text-align:center;color:#a83a3a;font-weight:700;\">1<\/td>\n<td style=\"padding:11px 12px;text-align:center;\">2,7<\/td>\n<td style=\"padding:11px 12px;text-align:center;color:#a83a3a;\">-1,7<\/td>\n<\/tr>\n<tr style=\"background:#f7faf8;border-bottom:1px solid #e0ebe4;\">\n<td style=\"padding:11px 12px;font-weight:600;color:#1a2b22;\">Points marqu\u00e9s en seconde mi-temps<\/td>\n<td style=\"padding:11px 12px;text-align:center;color:#a83a3a;font-weight:700;\">9,2<\/td>\n<td style=\"padding:11px 12px;text-align:center;\">14,8<\/td>\n<td style=\"padding:11px 12px;text-align:center;color:#a83a3a;\">-5,6<\/td>\n<\/tr>\n<tr style=\"background:#fff;border-bottom:1px solid #e0ebe4;\">\n<td style=\"padding:11px 12px;font-weight:600;color:#1a2b22;\">P\u00e9nalit\u00e9s conc\u00e9d\u00e9es par match<\/td>\n<td style=\"padding:11px 12px;text-align:center;color:#a83a3a;font-weight:700;\">11,4<\/td>\n<td style=\"padding:11px 12px;text-align:center;\">8,9<\/td>\n<td style=\"padding:11px 12px;text-align:center;color:#a83a3a;\">+2,5<\/td>\n<\/tr>\n<tr style=\"background:#f7faf8;\">\n<td style=\"padding:11px 12px;font-weight:600;color:#1a2b22;\">Joueurs sous contrat la saison suivante<\/td>\n<td style=\"padding:11px 12px;text-align:center;color:#a83a3a;font-weight:700;\">22<\/td>\n<td style=\"padding:11px 12px;text-align:center;\">31<\/td>\n<td style=\"padding:11px 12px;text-align:center;color:#a83a3a;\">-9<\/td>\n<\/tr>\n<\/tbody>\n<\/table>\n<\/div>\n<p style=\"font-size:12px;color:#6b7a72;margin:14px 0 0;font-style:italic;\">Donn\u00e9es indicatives bas\u00e9es sur les tendances observ\u00e9es en bas de tableau. Les \u00e9carts soulignent un retard structurel autant que sportif.<\/p>\n<\/div>\n<div style=\"display:grid;grid-template-columns:repeat(auto-fit,minmax(280px,1fr));gap:20px;margin:32px 0;\">\n<div style=\"background:#2a5f3f;color:#fff;padding:26px 24px;border-radius:12px;\">\n<div style=\"font-size:11px;letter-spacing:2px;text-transform:uppercase;color:#a8d5bb;margin-bottom:10px;font-weight:700;\">Pression maximale<\/div>\n<h4 style=\"margin:0 0 12px;font-size:19px;color:#fff;\">Le calendrier qui peut tout changer<\/h4>\n<p style=\"font-size:14px;line-height:1.6;margin:0;color:#d6e7dd;\">Les six prochaines journ\u00e9es concentrent les confrontations directes contre les concurrents au maintien. Un calendrier qui ressemble \u00e0 un couloir \u00e9troit : chaque faux pas r\u00e9duit la marge.<\/p>\n<\/div>\n<div style=\"background:#fff;border:2px solid #2a5f3f;color:#1a2b22;padding:26px 24px;border-radius:12px;\">\n<div style=\"font-size:11px;letter-spacing:2px;text-transform:uppercase;color:#2a5f3f;margin-bottom:10px;font-weight:700;\">Le levier humain<\/div>\n<h4 style=\"margin:0 0 12px;font-size:19px;color:#1a2b22;\">Le r\u00f4le des cadres du vestiaire<\/h4>\n<p style=\"font-size:14px;line-height:1.6;margin:0;color:#465a4f;\">Quand le coach est en partance et la direction muette, ce sont les joueurs d&rsquo;exp\u00e9rience qui tiennent la baraque. La prise de parole de Lester Etien marque peut-\u00eatre le d\u00e9clic dont l&rsquo;effectif avait besoin.<\/p>\n<\/div>\n<\/div>\n<h2 style=\"font-size:28px;color:#1a2b22;border-bottom:3px solid #2a5f3f;padding-bottom:10px;margin:36px 0 22px;\">Ce qu&rsquo;il faudra surveiller dans les prochaines semaines<\/h2>\n<p>Le Stade Fran\u00e7ais est \u00e0 un tournant de sa saison. Les d\u00e9cisions prises dans les jours et semaines \u00e0 venir seront d\u00e9terminantes pour \u00e9viter une rel\u00e9gation qui, jusqu&rsquo;\u00e0 r\u00e9cemment, semblait impensable. La mobilisation de tous les acteurs du club sera essentielle pour redresser la barre et retrouver le chemin de la victoire.<\/p>\n<div style=\"background:#f4f8f5;border-left:5px solid #2a5f3f;border-radius:8px;padding:24px 28px;margin:28px 0;\">\n<h3 style=\"margin:0 0 16px;font-size:19px;color:#1a2b22;\">Checklist du redressement : les signaux \u00e0 observer<\/h3>\n<ul style=\"list-style:none;padding:0;margin:0;\">\n<li style=\"padding:8px 0 8px 30px;position:relative;font-size:15px;line-height:1.55;color:#2a3b30;\"><span style=\"position:absolute;left:0;top:10px;width:18px;height:18px;border:2px solid #2a5f3f;border-radius:4px;\"><\/span>Une r\u00e9action collective d\u00e8s le prochain match \u00e0 domicile.<\/li>\n<li style=\"padding:8px 0 8px 30px;position:relative;font-size:15px;line-height:1.55;color:#2a3b30;\"><span style=\"position:absolute;left:0;top:10px;width:18px;height:18px;border:2px solid #2a5f3f;border-radius:4px;\"><\/span>Une am\u00e9lioration nette de la gestion des fins de match.<\/li>\n<li style=\"padding:8px 0 8px 30px;position:relative;font-size:15px;line-height:1.55;color:#2a3b30;\"><span style=\"position:absolute;left:0;top:10px;width:18px;height:18px;border:2px solid #2a5f3f;border-radius:4px;\"><\/span>Une clarification du dossier de l&rsquo;entra\u00eeneur principal.<\/li>\n<li style=\"padding:8px 0 8px 30px;position:relative;font-size:15px;line-height:1.55;color:#2a3b30;\"><span style=\"position:absolute;left:0;top:10px;width:18px;height:18px;border:2px solid #2a5f3f;border-radius:4px;\"><\/span>Des annonces concr\u00e8tes sur les prolongations de contrats cadres.<\/li>\n<li style=\"padding:8px 0 8px 30px;position:relative;font-size:15px;line-height:1.55;color:#2a3b30;\"><span style=\"position:absolute;left:0;top:10px;width:18px;height:18px;border:2px solid #2a5f3f;border-radius:4px;\"><\/span>Le retour d&rsquo;une communication assum\u00e9e aupr\u00e8s des supporters.<\/li>\n<li style=\"padding:8px 0 8px 30px;position:relative;font-size:15px;line-height:1.55;color:#2a3b30;\"><span style=\"position:absolute;left:0;top:10px;width:18px;height:18px;border:2px solid #2a5f3f;border-radius:4px;\"><\/span>Une discipline retrouv\u00e9e sur les p\u00e9nalit\u00e9s \u00e9vitables.<\/li>\n<\/ul>\n<\/div>\n<h2 style=\"font-size:28px;color:#1a2b22;border-bottom:3px solid #2a5f3f;padding-bottom:10px;margin:36px 0 22px;\">Questions fr\u00e9quentes sur la situation du Stade Fran\u00e7ais<\/h2>\n<div style=\"margin:24px 0;\">\n<div style=\"background:#fff;border:1px solid #e0ebe4;border-radius:10px;padding:20px 24px;margin-bottom:14px;\">\n<h4 style=\"margin:0 0 8px;font-size:16px;color:#2a5f3f;\">Le Stade Fran\u00e7ais peut-il vraiment descendre en Pro D2 ?<\/h4>\n<p style=\"margin:0;font-size:14px;line-height:1.6;color:#465a4f;\">Math\u00e9matiquement, oui \u2014 et c&rsquo;est pr\u00e9cis\u00e9ment ce qui change la donne cette saison. Le sc\u00e9nario \u00e9tait impensable il y a encore quelques mois, mais la dynamique d\u00e9favorable et la concurrence rude au bas du classement en font une hypoth\u00e8se cr\u00e9dible.<\/p>\n<\/div>\n<div style=\"background:#fff;border:1px solid #e0ebe4;border-radius:10px;padding:20px 24px;margin-bottom:14px;\">\n<h4 style=\"margin:0 0 8px;font-size:16px;color:#2a5f3f;\">Pourquoi l&rsquo;absence de clauses de descente est-elle probl\u00e9matique ?<\/h4>\n<p style=\"margin:0;font-size:14px;line-height:1.6;color:#465a4f;\">Sans clause permettant d&rsquo;ajuster les salaires en cas de rel\u00e9gation, le club s&rsquo;exposerait \u00e0 une masse salariale calibr\u00e9e pour le Top 14 dans un championnat de Pro D2, avec des revenus drastiquement r\u00e9duits. Un d\u00e9s\u00e9quilibre financier potentiellement tr\u00e8s lourd.<\/p>\n<\/div>\n<div style=\"background:#fff;border:1px solid #e0ebe4;border-radius:10px;padding:20px 24px;margin-bottom:14px;\">\n<h4 style=\"margin:0 0 8px;font-size:16px;color:#2a5f3f;\">Que repr\u00e9sente le d\u00e9part programm\u00e9 de Paul Gustard ?<\/h4>\n<p style=\"margin:0;font-size:14px;line-height:1.6;color:#465a4f;\">Sa d\u00e9cision de ne pas prolonger cr\u00e9e une situation hybride : il reste en poste mais sans projet \u00e0 long terme avec le club. Une configuration qui complique la transmission d&rsquo;autorit\u00e9 et la projection collective sur la suite de la saison.<\/p>\n<\/div>\n<div style=\"background:#fff;border:1px solid #e0ebe4;border-radius:10px;padding:20px 24px;\">\n<h4 style=\"margin:0 0 8px;font-size:16px;color:#2a5f3f;\">Le silence m\u00e9diatique est-il un bon choix ?<\/h4>\n<p style=\"margin:0;font-size:14px;line-height:1.6;color:#465a4f;\">C&rsquo;est un pari \u00e0 double tranchant. \u00c0 court terme, il prot\u00e8ge le groupe des sollicitations et permet de souder le vestiaire. \u00c0 moyen terme, il prive les supporters d&rsquo;explications et nourrit les rumeurs \u2014 un risque sur la mobilisation de l&rsquo;\u00e9cosyst\u00e8me du club.<\/p>\n<\/div>\n<\/div>\n<div style=\"background:linear-gradient(135deg,#2a5f3f 0%,#1a4730 100%);color:#fff;padding:30px 32px;border-radius:12px;margin:32px 0 0;text-align:center;\">\n<div style=\"font-size:11px;letter-spacing:3px;text-transform:uppercase;color:#a8d5bb;margin-bottom:12px;font-weight:700;\">Le mot de la fin<\/div>\n<p style=\"font-size:17px;line-height:1.6;margin:0;color:#e8f0eb;\">L&rsquo;histoire du Stade Fran\u00e7ais s&rsquo;\u00e9crit d\u00e9sormais match apr\u00e8s match. La capacit\u00e9 du groupe \u00e0 transformer la prise de conscience individuelle en r\u00e9action collective d\u00e9terminera si ce printemps reste un mauvais souvenir ou bascule dans un chapitre douloureux du club.<\/p>\n<\/div>\n","protected":false},"excerpt":{"rendered":"","protected":false},"author":34,"featured_media":16003,"comment_status":"open","ping_status":"open","sticky":false,"template":"","format":"standard","meta":{"_acf_changed":false,"manual_indexmenow":false,"indexmenow_id_project":0,"footnotes":""},"categories":[1],"tags":[4585,4561,4632,4693,5106],"class_list":["post-14508","post","type-post","status-publish","format-standard","has-post-thumbnail","hentry","category-a-la-une","tag-cohesion-dequipe","tag-gestion-des-talents","tag-performance-sportive","tag-pro-d2","tag-stade-francais","generate-columns","tablet-grid-50","mobile-grid-100","grid-parent","grid-25"],"acf":[],"yoast_head":"<!-- This site is optimized with the Yoast SEO Premium plugin v21.3 (Yoast SEO v26.5) - https:\/\/yoast.com\/wordpress\/plugins\/seo\/ -->\n<title>Stade fran\u00e7ais : les inqui\u00e9tudes grandissantes face<\/title>\n<meta name=\"description\" content=\"Top 14 \u00b7 Bas de tableau \u00b7 Saison sous tension Stade Fran\u00e7ais au bord du pr\u00e9cipice : anatomie d&#039;une saison qui d\u00e9rape Le club parisien, longtemps\u2026\" \/>\n<meta name=\"robots\" content=\"index, follow, max-snippet:-1, max-image-preview:large, max-video-preview:-1\" \/>\n<link rel=\"canonical\" href=\"https:\/\/sport-index.fr\/blog\/a-la-une\/stade-francais-les-inquietudes-grandissantes-face-a-la-menace-de-relegation\/\" \/>\n<meta property=\"og:locale\" content=\"fr_FR\" \/>\n<meta property=\"og:type\" content=\"article\" \/>\n<meta property=\"og:title\" content=\"Stade fran\u00e7ais : les inqui\u00e9tudes grandissantes face\" \/>\n<meta property=\"og:description\" content=\"Top 14 \u00b7 Bas de tableau \u00b7 Saison sous tension Stade Fran\u00e7ais au bord du pr\u00e9cipice : anatomie d&#039;une saison qui d\u00e9rape Le club parisien, longtemps\u2026\" \/>\n<meta property=\"og:url\" content=\"https:\/\/sport-index.fr\/blog\/a-la-une\/stade-francais-les-inquietudes-grandissantes-face-a-la-menace-de-relegation\/\" \/>\n<meta property=\"og:site_name\" content=\"sport-index\" \/>\n<meta name=\"author\" content=\"Axel Lauzier\" \/>\n<meta name=\"twitter:card\" content=\"summary_large_image\" \/>\n<script type=\"application\/ld+json\" class=\"yoast-schema-graph\">{\"@context\":\"https:\/\/schema.org\",\"@graph\":[{\"@type\":\"NewsArticle\",\"@id\":\"https:\/\/sport-index.fr\/blog\/a-la-une\/stade-francais-les-inquietudes-grandissantes-face-a-la-menace-de-relegation\/#article\",\"isPartOf\":{\"@id\":\"https:\/\/sport-index.fr\/blog\/a-la-une\/stade-francais-les-inquietudes-grandissantes-face-a-la-menace-de-relegation\/\"},\"author\":{\"name\":\"Axel Lauzier\",\"@id\":\"https:\/\/sport-index.fr\/blog\/#\/schema\/person\/3c864cdc320801e3db34b663e7e3f816\"},\"headline\":\"Stade fran\u00e7ais : les inqui\u00e9tudes grandissantes face \u00e0 la menace de rel\u00e9gation\",\"datePublished\":\"2026-05-19T02:19:16+00:00\",\"mainEntityOfPage\":{\"@id\":\"https:\/\/sport-index.fr\/blog\/a-la-une\/stade-francais-les-inquietudes-grandissantes-face-a-la-menace-de-relegation\/\"},\"wordCount\":1372,\"commentCount\":21,\"publisher\":{\"@id\":\"https:\/\/sport-index.fr\/blog\/#organization\"},\"image\":{\"@id\":\"https:\/\/sport-index.fr\/blog\/a-la-une\/stade-francais-les-inquietudes-grandissantes-face-a-la-menace-de-relegation\/#primaryimage\"},\"thumbnailUrl\":\"https:\/\/sport-index.fr\/blog\/wp-content\/uploads\/2025\/05\/sdxl-9710b62ca5fd70bd015a15eca98be1e0-scaled.png\",\"keywords\":[\"Coh\u00e9sion d'\u00c9quipe\",\"Gestion des Talents\",\"Performance sportive\",\"Pro D2\",\"Stade fran\u00e7ais\"],\"articleSection\":[\"\u00c0 la une\"],\"inLanguage\":\"fr-FR\",\"potentialAction\":[{\"@type\":\"CommentAction\",\"name\":\"Comment\",\"target\":[\"https:\/\/sport-index.fr\/blog\/a-la-une\/stade-francais-les-inquietudes-grandissantes-face-a-la-menace-de-relegation\/#respond\"]}]},{\"@type\":\"WebPage\",\"@id\":\"https:\/\/sport-index.fr\/blog\/a-la-une\/stade-francais-les-inquietudes-grandissantes-face-a-la-menace-de-relegation\/\",\"url\":\"https:\/\/sport-index.fr\/blog\/a-la-une\/stade-francais-les-inquietudes-grandissantes-face-a-la-menace-de-relegation\/\",\"name\":\"Stade fran\u00e7ais : les inqui\u00e9tudes grandissantes face\",\"isPartOf\":{\"@id\":\"https:\/\/sport-index.fr\/blog\/#website\"},\"primaryImageOfPage\":{\"@id\":\"https:\/\/sport-index.fr\/blog\/a-la-une\/stade-francais-les-inquietudes-grandissantes-face-a-la-menace-de-relegation\/#primaryimage\"},\"image\":{\"@id\":\"https:\/\/sport-index.fr\/blog\/a-la-une\/stade-francais-les-inquietudes-grandissantes-face-a-la-menace-de-relegation\/#primaryimage\"},\"thumbnailUrl\":\"https:\/\/sport-index.fr\/blog\/wp-content\/uploads\/2025\/05\/sdxl-9710b62ca5fd70bd015a15eca98be1e0-scaled.png\",\"datePublished\":\"2026-05-19T02:19:16+00:00\",\"description\":\"Top 14 \u00b7 Bas de tableau \u00b7 Saison sous tension Stade Fran\u00e7ais au bord du pr\u00e9cipice : anatomie d'une saison qui d\u00e9rape Le club parisien, longtemps\u2026\",\"inLanguage\":\"fr-FR\",\"potentialAction\":[{\"@type\":\"ReadAction\",\"target\":[\"https:\/\/sport-index.fr\/blog\/a-la-une\/stade-francais-les-inquietudes-grandissantes-face-a-la-menace-de-relegation\/\"]}]},{\"@type\":\"ImageObject\",\"inLanguage\":\"fr-FR\",\"@id\":\"https:\/\/sport-index.fr\/blog\/a-la-une\/stade-francais-les-inquietudes-grandissantes-face-a-la-menace-de-relegation\/#primaryimage\",\"url\":\"https:\/\/sport-index.fr\/blog\/wp-content\/uploads\/2025\/05\/sdxl-9710b62ca5fd70bd015a15eca98be1e0-scaled.png\",\"contentUrl\":\"https:\/\/sport-index.fr\/blog\/wp-content\/uploads\/2025\/05\/sdxl-9710b62ca5fd70bd015a15eca98be1e0-scaled.png\",\"width\":1200,\"height\":500},{\"@type\":\"WebSite\",\"@id\":\"https:\/\/sport-index.fr\/blog\/#website\",\"url\":\"https:\/\/sport-index.fr\/blog\/\",\"name\":\"sport-index.fr\",\"description\":\"Le score de l\u2019analyse sportive.\",\"publisher\":{\"@id\":\"https:\/\/sport-index.fr\/blog\/#organization\"},\"alternateName\":\"Le score de l\u2019analyse sportive.\",\"potentialAction\":[{\"@type\":\"SearchAction\",\"target\":{\"@type\":\"EntryPoint\",\"urlTemplate\":\"https:\/\/sport-index.fr\/blog\/?s={search_term_string}\"},\"query-input\":{\"@type\":\"PropertyValueSpecification\",\"valueRequired\":true,\"valueName\":\"search_term_string\"}}],\"inLanguage\":\"fr-FR\"},{\"@type\":\"Organization\",\"@id\":\"https:\/\/sport-index.fr\/blog\/#organization\",\"name\":\"Foretsensations.fr\",\"url\":\"https:\/\/sport-index.fr\/blog\/\",\"logo\":{\"@type\":\"ImageObject\",\"inLanguage\":\"fr-FR\",\"@id\":\"https:\/\/sport-index.fr\/blog\/#\/schema\/logo\/image\/\",\"url\":\"https:\/\/sport-index.fr\/blog\/wp-content\/uploads\/2026\/07\/logo-auto.png\",\"contentUrl\":\"https:\/\/sport-index.fr\/blog\/wp-content\/uploads\/2026\/07\/logo-auto.png\",\"width\":1024,\"height\":1024,\"caption\":\"Foretsensations.fr\"},\"image\":{\"@id\":\"https:\/\/sport-index.fr\/blog\/#\/schema\/logo\/image\/\"}},{\"@type\":\"Person\",\"@id\":\"https:\/\/sport-index.fr\/blog\/#\/schema\/person\/3c864cdc320801e3db34b663e7e3f816\",\"name\":\"Axel Lauzier\",\"image\":{\"@type\":\"ImageObject\",\"inLanguage\":\"fr-FR\",\"@id\":\"https:\/\/sport-index.fr\/blog\/#\/schema\/person\/image\/\",\"url\":\"https:\/\/sport-index.fr\/blog\/wp-content\/uploads\/2026\/06\/persona_axel-l-96x96.jpg\",\"contentUrl\":\"https:\/\/sport-index.fr\/blog\/wp-content\/uploads\/2026\/06\/persona_axel-l-96x96.jpg\",\"caption\":\"Axel Lauzier\"},\"description\":\"Le sport rythme mon quotidien depuis l'enfance, et j'en ai fait mon m\u00e9tier d'analyste r\u00e9dactionnel il y a une dizaine d'ann\u00e9es. Je couvre principalement le football, son actualit\u00e9, ses transferts et l'analyse tactique des grandes affiches, mais aussi les disciplines plus confidentielles que j'aime remettre en lumi\u00e8re. Une partie de mon travail porte sur les pronostics et la lecture statistique d'un match : forme des \u00e9quipes, historique des confrontations, compositions, sans jamais vendre de fausse certitude. Je rappelle syst\u00e9matiquement que parier comporte un risque et doit rester un loisir ma\u00eetris\u00e9. Avant de signer une analyse, je v\u00e9rifie mes chiffres, je recoupe les compositions probables et je distingue toujours la donn\u00e9e brute de l'intuition. Mon objectif : offrir une lecture honn\u00eate et argument\u00e9e, pas un ticket gagnant garanti.\",\"sameAs\":[\"https:\/\/axellauzier.fr\/\"],\"url\":\"https:\/\/sport-index.fr\/blog\/auteur\/noname\/\"}]}<\/script>\n<!-- \/ Yoast SEO Premium plugin. -->","yoast_head_json":{"title":"Stade fran\u00e7ais : les inqui\u00e9tudes grandissantes face","description":"Top 14 \u00b7 Bas de tableau \u00b7 Saison sous tension Stade Fran\u00e7ais au bord du pr\u00e9cipice : anatomie d'une saison qui d\u00e9rape Le club parisien, longtemps\u2026","robots":{"index":"index","follow":"follow","max-snippet":"max-snippet:-1","max-image-preview":"max-image-preview:large","max-video-preview":"max-video-preview:-1"},"canonical":"https:\/\/sport-index.fr\/blog\/a-la-une\/stade-francais-les-inquietudes-grandissantes-face-a-la-menace-de-relegation\/","og_locale":"fr_FR","og_type":"article","og_title":"Stade fran\u00e7ais : les inqui\u00e9tudes grandissantes face","og_description":"Top 14 \u00b7 Bas de tableau \u00b7 Saison sous tension Stade Fran\u00e7ais au bord du pr\u00e9cipice : anatomie d'une saison qui d\u00e9rape Le club parisien, longtemps\u2026","og_url":"https:\/\/sport-index.fr\/blog\/a-la-une\/stade-francais-les-inquietudes-grandissantes-face-a-la-menace-de-relegation\/","og_site_name":"sport-index","author":"Axel Lauzier","twitter_card":"summary_large_image","schema":{"@context":"https:\/\/schema.org","@graph":[{"@type":"NewsArticle","@id":"https:\/\/sport-index.fr\/blog\/a-la-une\/stade-francais-les-inquietudes-grandissantes-face-a-la-menace-de-relegation\/#article","isPartOf":{"@id":"https:\/\/sport-index.fr\/blog\/a-la-une\/stade-francais-les-inquietudes-grandissantes-face-a-la-menace-de-relegation\/"},"author":{"name":"Axel Lauzier","@id":"https:\/\/sport-index.fr\/blog\/#\/schema\/person\/3c864cdc320801e3db34b663e7e3f816"},"headline":"Stade fran\u00e7ais : les inqui\u00e9tudes grandissantes face \u00e0 la menace de rel\u00e9gation","datePublished":"2026-05-19T02:19:16+00:00","mainEntityOfPage":{"@id":"https:\/\/sport-index.fr\/blog\/a-la-une\/stade-francais-les-inquietudes-grandissantes-face-a-la-menace-de-relegation\/"},"wordCount":1372,"commentCount":21,"publisher":{"@id":"https:\/\/sport-index.fr\/blog\/#organization"},"image":{"@id":"https:\/\/sport-index.fr\/blog\/a-la-une\/stade-francais-les-inquietudes-grandissantes-face-a-la-menace-de-relegation\/#primaryimage"},"thumbnailUrl":"https:\/\/sport-index.fr\/blog\/wp-content\/uploads\/2025\/05\/sdxl-9710b62ca5fd70bd015a15eca98be1e0-scaled.png","keywords":["Coh\u00e9sion d'\u00c9quipe","Gestion des Talents","Performance sportive","Pro D2","Stade fran\u00e7ais"],"articleSection":["\u00c0 la une"],"inLanguage":"fr-FR","potentialAction":[{"@type":"CommentAction","name":"Comment","target":["https:\/\/sport-index.fr\/blog\/a-la-une\/stade-francais-les-inquietudes-grandissantes-face-a-la-menace-de-relegation\/#respond"]}]},{"@type":"WebPage","@id":"https:\/\/sport-index.fr\/blog\/a-la-une\/stade-francais-les-inquietudes-grandissantes-face-a-la-menace-de-relegation\/","url":"https:\/\/sport-index.fr\/blog\/a-la-une\/stade-francais-les-inquietudes-grandissantes-face-a-la-menace-de-relegation\/","name":"Stade fran\u00e7ais : les inqui\u00e9tudes grandissantes face","isPartOf":{"@id":"https:\/\/sport-index.fr\/blog\/#website"},"primaryImageOfPage":{"@id":"https:\/\/sport-index.fr\/blog\/a-la-une\/stade-francais-les-inquietudes-grandissantes-face-a-la-menace-de-relegation\/#primaryimage"},"image":{"@id":"https:\/\/sport-index.fr\/blog\/a-la-une\/stade-francais-les-inquietudes-grandissantes-face-a-la-menace-de-relegation\/#primaryimage"},"thumbnailUrl":"https:\/\/sport-index.fr\/blog\/wp-content\/uploads\/2025\/05\/sdxl-9710b62ca5fd70bd015a15eca98be1e0-scaled.png","datePublished":"2026-05-19T02:19:16+00:00","description":"Top 14 \u00b7 Bas de tableau \u00b7 Saison sous tension Stade Fran\u00e7ais au bord du pr\u00e9cipice : anatomie d'une saison qui d\u00e9rape Le club parisien, longtemps\u2026","inLanguage":"fr-FR","potentialAction":[{"@type":"ReadAction","target":["https:\/\/sport-index.fr\/blog\/a-la-une\/stade-francais-les-inquietudes-grandissantes-face-a-la-menace-de-relegation\/"]}]},{"@type":"ImageObject","inLanguage":"fr-FR","@id":"https:\/\/sport-index.fr\/blog\/a-la-une\/stade-francais-les-inquietudes-grandissantes-face-a-la-menace-de-relegation\/#primaryimage","url":"https:\/\/sport-index.fr\/blog\/wp-content\/uploads\/2025\/05\/sdxl-9710b62ca5fd70bd015a15eca98be1e0-scaled.png","contentUrl":"https:\/\/sport-index.fr\/blog\/wp-content\/uploads\/2025\/05\/sdxl-9710b62ca5fd70bd015a15eca98be1e0-scaled.png","width":1200,"height":500},{"@type":"WebSite","@id":"https:\/\/sport-index.fr\/blog\/#website","url":"https:\/\/sport-index.fr\/blog\/","name":"sport-index.fr","description":"Le score de l\u2019analyse sportive.","publisher":{"@id":"https:\/\/sport-index.fr\/blog\/#organization"},"alternateName":"Le score de l\u2019analyse sportive.","potentialAction":[{"@type":"SearchAction","target":{"@type":"EntryPoint","urlTemplate":"https:\/\/sport-index.fr\/blog\/?s={search_term_string}"},"query-input":{"@type":"PropertyValueSpecification","valueRequired":true,"valueName":"search_term_string"}}],"inLanguage":"fr-FR"},{"@type":"Organization","@id":"https:\/\/sport-index.fr\/blog\/#organization","name":"Foretsensations.fr","url":"https:\/\/sport-index.fr\/blog\/","logo":{"@type":"ImageObject","inLanguage":"fr-FR","@id":"https:\/\/sport-index.fr\/blog\/#\/schema\/logo\/image\/","url":"https:\/\/sport-index.fr\/blog\/wp-content\/uploads\/2026\/07\/logo-auto.png","contentUrl":"https:\/\/sport-index.fr\/blog\/wp-content\/uploads\/2026\/07\/logo-auto.png","width":1024,"height":1024,"caption":"Foretsensations.fr"},"image":{"@id":"https:\/\/sport-index.fr\/blog\/#\/schema\/logo\/image\/"}},{"@type":"Person","@id":"https:\/\/sport-index.fr\/blog\/#\/schema\/person\/3c864cdc320801e3db34b663e7e3f816","name":"Axel Lauzier","image":{"@type":"ImageObject","inLanguage":"fr-FR","@id":"https:\/\/sport-index.fr\/blog\/#\/schema\/person\/image\/","url":"https:\/\/sport-index.fr\/blog\/wp-content\/uploads\/2026\/06\/persona_axel-l-96x96.jpg","contentUrl":"https:\/\/sport-index.fr\/blog\/wp-content\/uploads\/2026\/06\/persona_axel-l-96x96.jpg","caption":"Axel Lauzier"},"description":"Le sport rythme mon quotidien depuis l'enfance, et j'en ai fait mon m\u00e9tier d'analyste r\u00e9dactionnel il y a une dizaine d'ann\u00e9es. Je couvre principalement le football, son actualit\u00e9, ses transferts et l'analyse tactique des grandes affiches, mais aussi les disciplines plus confidentielles que j'aime remettre en lumi\u00e8re. Une partie de mon travail porte sur les pronostics et la lecture statistique d'un match : forme des \u00e9quipes, historique des confrontations, compositions, sans jamais vendre de fausse certitude. Je rappelle syst\u00e9matiquement que parier comporte un risque et doit rester un loisir ma\u00eetris\u00e9. Avant de signer une analyse, je v\u00e9rifie mes chiffres, je recoupe les compositions probables et je distingue toujours la donn\u00e9e brute de l'intuition. Mon objectif : offrir une lecture honn\u00eate et argument\u00e9e, pas un ticket gagnant garanti.","sameAs":["https:\/\/axellauzier.fr\/"],"url":"https:\/\/sport-index.fr\/blog\/auteur\/noname\/"}]}},"_links":{"self":[{"href":"https:\/\/sport-index.fr\/blog\/wp-json\/wp\/v2\/posts\/14508","targetHints":{"allow":["GET"]}}],"collection":[{"href":"https:\/\/sport-index.fr\/blog\/wp-json\/wp\/v2\/posts"}],"about":[{"href":"https:\/\/sport-index.fr\/blog\/wp-json\/wp\/v2\/types\/post"}],"author":[{"embeddable":true,"href":"https:\/\/sport-index.fr\/blog\/wp-json\/wp\/v2\/users\/34"}],"replies":[{"embeddable":true,"href":"https:\/\/sport-index.fr\/blog\/wp-json\/wp\/v2\/comments?post=14508"}],"version-history":[{"count":2,"href":"https:\/\/sport-index.fr\/blog\/wp-json\/wp\/v2\/posts\/14508\/revisions"}],"predecessor-version":[{"id":17978,"href":"https:\/\/sport-index.fr\/blog\/wp-json\/wp\/v2\/posts\/14508\/revisions\/17978"}],"wp:featuredmedia":[{"embeddable":true,"href":"https:\/\/sport-index.fr\/blog\/wp-json\/wp\/v2\/media\/16003"}],"wp:attachment":[{"href":"https:\/\/sport-index.fr\/blog\/wp-json\/wp\/v2\/media?parent=14508"}],"wp:term":[{"taxonomy":"category","embeddable":true,"href":"https:\/\/sport-index.fr\/blog\/wp-json\/wp\/v2\/categories?post=14508"},{"taxonomy":"post_tag","embeddable":true,"href":"https:\/\/sport-index.fr\/blog\/wp-json\/wp\/v2\/tags?post=14508"}],"curies":[{"name":"wp","href":"https:\/\/api.w.org\/{rel}","templated":true}]}}