{"id":14599,"date":"2025-05-04T17:03:14","date_gmt":"2025-05-04T15:03:14","guid":{"rendered":"https:\/\/sport-index.fr\/blog\/?p=14599"},"modified":"2025-05-04T06:38:19","modified_gmt":"2025-05-04T04:38:19","slug":"ne-manquez-pas-la-demi-finale-lyon-racing-92-horaires-et-chaines-de-diffusion","status":"publish","type":"post","link":"https:\/\/sport-index.fr\/blog\/a-la-une\/ne-manquez-pas-la-demi-finale-lyon-racing-92-horaires-et-chaines-de-diffusion\/","title":{"rendered":"Ne manquez pas la demi-finale Lyon \u2013 Racing 92 : horaires et cha\u00eenes de diffusion"},"content":{"rendered":"<h2>Un choc d\u00e9cisif entre Lyon et le Racing 92<\/h2>\n<p>Les deux \u00e9quipes s&rsquo;affrontent lors de la demi-finale de la Challenge Cup, un \u00e9v\u00e9nement marquant du calendrier sportif. Ce match ne sera pas seulement un affrontement sur le terrain, mais \u00e9galement un test de caract\u00e8re pour les joueurs.<\/p>\n<p>Le Racing 92, apr\u00e8s quelques difficult\u00e9s en championnat, se rend \u00e0 Lyon avec l&rsquo;espoir de redresser la barre. Cependant, ils devront faire face \u00e0 une \u00e9quipe lyonnaise d\u00e9termin\u00e9e, qui a d\u00e9j\u00e0 remport\u00e9 ce prestigieux troph\u00e9e en 2022. La pression sera forte des deux c\u00f4t\u00e9s, rendant cette confrontation encore plus excitante pour les fans.<\/p>\n<h2>Horaires et d\u00e9tails du match<\/h2>\n<p>Pour assister \u00e0 ce moment crucial, soyez pr\u00eat \u00e0 regarder le match \u00e0 13h30, heure \u00e0 laquelle le coup d\u2019envoi sera donn\u00e9. L&rsquo;arbitre, M. Dickson, aura la lourde t\u00e2che de g\u00e9rer ce duel qui s&rsquo;annonce intense. Les supporters doivent s&rsquo;assurer d&rsquo;\u00eatre devant leurs \u00e9crans \u00e0 temps pour ne rien rater.<\/p>\n<p>Ce match repr\u00e9sente une occasion en or pour les deux \u00e9quipes de prouver leur valeur sur la sc\u00e8ne europ\u00e9enne. Lyon, en particulier, veut capitaliser sur son avantage \u00e0 domicile pour avancer vers la finale. Il est donc essentiel que les fans se mobilisent et encouragent leur \u00e9quipe avec ferveur.<\/p>\n<p><iframe loading=\"lazy\" title=\"Je saigne \u00e0 la salle de sport \ud83e\ude78\ud83e\udd75\" width=\"1200\" height=\"675\" src=\"https:\/\/www.youtube.com\/embed\/Wt78IMVu4sY?feature=oembed\" frameborder=\"0\" allow=\"accelerometer; autoplay; clipboard-write; encrypted-media; gyroscope; picture-in-picture; web-share\" referrerpolicy=\"strict-origin-when-cross-origin\" allowfullscreen><\/iframe><\/p>\n<h2>O\u00f9 suivre la demi-finale Lyon \u2013 Racing 92<\/h2>\n<p>Pour ceux qui ne seront pas pr\u00e9sents dans le stade, plusieurs options s&rsquo;offrent \u00e0 vous pour suivre le match. La rencontre sera diffus\u00e9e en clair sur France T\u00e9l\u00e9visions, ainsi que sur BeIN Sport. Si vous optez pour France 3, vous pourrez profiter de la diffusion gratuite.<\/p>\n<p>Pour ceux qui pr\u00e9f\u00e8rent BeIN Sport, il faudra se tourner vers BeIN Sport 2. De plus, une \u00e9mission d&rsquo;avant-match intitul\u00e9e \u00ab\u00a0Rugby Pack\u00a0\u00bb d\u00e9butera \u00e0 13 heures, offrant une analyse approfondie et des commentaires sur les enjeux du match. Ces moments d&rsquo;avant-match ajoutent une dimension excitante \u00e0 l&rsquo;exp\u00e9rience de visionnage.<\/p>\n<blockquote><p>\n    \u00ab\u00a0Chaque match est une nouvelle bataille, et Lyon comme le Racing 92 sont pr\u00eats \u00e0 tout donner sur le terrain.\u00a0\u00bb\n<\/p><\/blockquote>\n<h2>Pourquoi ce match est important<\/h2>\n<p>La demi-finale de la Challenge Cup repr\u00e9sente bien plus qu&rsquo;un simple match de rugby. Elle symbolise l&rsquo;ambition des deux \u00e9quipes de se hisser au sommet du rugby europ\u00e9en. Pour Lyon, gagner ce match serait l&rsquo;occasion d&rsquo;ajouter un nouveau titre \u00e0 leur palmar\u00e8s, tandis que le Racing 92 cherche \u00e0 retrouver la confiance n\u00e9cessaire pour briller en fin de saison.<\/p>\n<p>Les enjeux sont immenses, tant sur le plan sportif que sur le plan \u00e9motionnel. Les joueurs doivent faire preuve de d\u00e9termination et de strat\u00e9gie pour sortir victorieux. Les supporters, quant \u00e0 eux, attendent avec impatience ce choc franco-fran\u00e7ais et esp\u00e8rent voir leur \u00e9quipe favorite triompher.<\/p>\n<ul>\n<li>Date : Ce week-end<\/li>\n<li>Heure : 13h30<\/li>\n<li>Cha\u00eenes : France T\u00e9l\u00e9visions (France 3) et BeIN Sport 2<\/li>\n<li>\u00c9mission d&rsquo;avant-match : \u00ab\u00a0Rugby Pack\u00a0\u00bb \u00e0 13 heures<\/li>\n<\/ul>\n","protected":false},"excerpt":{"rendered":"","protected":false},"author":34,"featured_media":14785,"comment_status":"open","ping_status":"open","sticky":false,"template":"","format":"standard","meta":{"_acf_changed":false,"manual_indexmenow":false,"indexmenow_id_project":0,"footnotes":""},"categories":[1],"tags":[5304,5375,4563,4546,4536],"class_list":["post-14599","post","type-post","status-publish","format-standard","has-post-thumbnail","hentry","category-a-la-une","tag-challenge-cup","tag-lyon","tag-performance-athletique","tag-racing-92","tag-rugby","generate-columns","tablet-grid-50","mobile-grid-100","grid-parent","grid-25"],"acf":[],"yoast_head":"<!-- This site is optimized with the Yoast SEO Premium plugin v21.3 (Yoast SEO v26.5) - https:\/\/yoast.com\/wordpress\/plugins\/seo\/ -->\n<title>Ne manquez pas la demi-finale Lyon \u2013 Racing 92 : horaires<\/title>\n<meta name=\"description\" content=\"Un choc d\u00e9cisif entre Lyon et le Racing 92 Les deux \u00e9quipes s&#039;affrontent lors de la demi-finale de la Challenge Cup, un \u00e9v\u00e9nement marquant du calendrier\u2026\" \/>\n<meta name=\"robots\" content=\"index, follow, max-snippet:-1, max-image-preview:large, max-video-preview:-1\" \/>\n<link rel=\"canonical\" href=\"https:\/\/sport-index.fr\/blog\/a-la-une\/ne-manquez-pas-la-demi-finale-lyon-racing-92-horaires-et-chaines-de-diffusion\/\" \/>\n<meta property=\"og:locale\" content=\"fr_FR\" \/>\n<meta property=\"og:type\" content=\"article\" \/>\n<meta property=\"og:title\" content=\"Ne manquez pas la demi-finale Lyon \u2013 Racing 92 : horaires\" \/>\n<meta property=\"og:description\" content=\"Un choc d\u00e9cisif entre Lyon et le Racing 92 Les deux \u00e9quipes s&#039;affrontent lors de la demi-finale de la Challenge Cup, un \u00e9v\u00e9nement marquant du calendrier\u2026\" \/>\n<meta property=\"og:url\" content=\"https:\/\/sport-index.fr\/blog\/a-la-une\/ne-manquez-pas-la-demi-finale-lyon-racing-92-horaires-et-chaines-de-diffusion\/\" \/>\n<meta property=\"og:site_name\" content=\"sport-index\" \/>\n<meta name=\"author\" content=\"Axel Lauzier\" \/>\n<meta name=\"twitter:card\" content=\"summary_large_image\" \/>\n<script type=\"application\/ld+json\" class=\"yoast-schema-graph\">{\"@context\":\"https:\/\/schema.org\",\"@graph\":[{\"@type\":\"NewsArticle\",\"@id\":\"https:\/\/sport-index.fr\/blog\/a-la-une\/ne-manquez-pas-la-demi-finale-lyon-racing-92-horaires-et-chaines-de-diffusion\/#article\",\"isPartOf\":{\"@id\":\"https:\/\/sport-index.fr\/blog\/a-la-une\/ne-manquez-pas-la-demi-finale-lyon-racing-92-horaires-et-chaines-de-diffusion\/\"},\"author\":{\"name\":\"Axel Lauzier\",\"@id\":\"https:\/\/sport-index.fr\/blog\/#\/schema\/person\/3c864cdc320801e3db34b663e7e3f816\"},\"headline\":\"Ne manquez pas la demi-finale Lyon \u2013 Racing 92 : horaires et cha\u00eenes de diffusion\",\"datePublished\":\"2025-05-04T15:03:14+00:00\",\"mainEntityOfPage\":{\"@id\":\"https:\/\/sport-index.fr\/blog\/a-la-une\/ne-manquez-pas-la-demi-finale-lyon-racing-92-horaires-et-chaines-de-diffusion\/\"},\"wordCount\":502,\"commentCount\":24,\"publisher\":{\"@id\":\"https:\/\/sport-index.fr\/blog\/#organization\"},\"image\":{\"@id\":\"https:\/\/sport-index.fr\/blog\/a-la-une\/ne-manquez-pas-la-demi-finale-lyon-racing-92-horaires-et-chaines-de-diffusion\/#primaryimage\"},\"thumbnailUrl\":\"https:\/\/sport-index.fr\/blog\/wp-content\/uploads\/2025\/05\/sdxl-f4fe9eb2ec0d67a19b054259d6bab844-scaled.png\",\"keywords\":[\"Challenge Cup\",\"Lyon\",\"Performance Athl\u00e9tique\",\"Racing 92\",\"Rugby\"],\"articleSection\":[\"\u00c0 la une\"],\"inLanguage\":\"fr-FR\",\"potentialAction\":[{\"@type\":\"CommentAction\",\"name\":\"Comment\",\"target\":[\"https:\/\/sport-index.fr\/blog\/a-la-une\/ne-manquez-pas-la-demi-finale-lyon-racing-92-horaires-et-chaines-de-diffusion\/#respond\"]}]},{\"@type\":\"WebPage\",\"@id\":\"https:\/\/sport-index.fr\/blog\/a-la-une\/ne-manquez-pas-la-demi-finale-lyon-racing-92-horaires-et-chaines-de-diffusion\/\",\"url\":\"https:\/\/sport-index.fr\/blog\/a-la-une\/ne-manquez-pas-la-demi-finale-lyon-racing-92-horaires-et-chaines-de-diffusion\/\",\"name\":\"Ne manquez pas la demi-finale Lyon \u2013 Racing 92 : horaires\",\"isPartOf\":{\"@id\":\"https:\/\/sport-index.fr\/blog\/#website\"},\"primaryImageOfPage\":{\"@id\":\"https:\/\/sport-index.fr\/blog\/a-la-une\/ne-manquez-pas-la-demi-finale-lyon-racing-92-horaires-et-chaines-de-diffusion\/#primaryimage\"},\"image\":{\"@id\":\"https:\/\/sport-index.fr\/blog\/a-la-une\/ne-manquez-pas-la-demi-finale-lyon-racing-92-horaires-et-chaines-de-diffusion\/#primaryimage\"},\"thumbnailUrl\":\"https:\/\/sport-index.fr\/blog\/wp-content\/uploads\/2025\/05\/sdxl-f4fe9eb2ec0d67a19b054259d6bab844-scaled.png\",\"datePublished\":\"2025-05-04T15:03:14+00:00\",\"description\":\"Un choc d\u00e9cisif entre Lyon et le Racing 92 Les deux \u00e9quipes s'affrontent lors de la demi-finale de la Challenge Cup, un \u00e9v\u00e9nement marquant du calendrier\u2026\",\"inLanguage\":\"fr-FR\",\"potentialAction\":[{\"@type\":\"ReadAction\",\"target\":[\"https:\/\/sport-index.fr\/blog\/a-la-une\/ne-manquez-pas-la-demi-finale-lyon-racing-92-horaires-et-chaines-de-diffusion\/\"]}]},{\"@type\":\"ImageObject\",\"inLanguage\":\"fr-FR\",\"@id\":\"https:\/\/sport-index.fr\/blog\/a-la-une\/ne-manquez-pas-la-demi-finale-lyon-racing-92-horaires-et-chaines-de-diffusion\/#primaryimage\",\"url\":\"https:\/\/sport-index.fr\/blog\/wp-content\/uploads\/2025\/05\/sdxl-f4fe9eb2ec0d67a19b054259d6bab844-scaled.png\",\"contentUrl\":\"https:\/\/sport-index.fr\/blog\/wp-content\/uploads\/2025\/05\/sdxl-f4fe9eb2ec0d67a19b054259d6bab844-scaled.png\",\"width\":1200,\"height\":500},{\"@type\":\"WebSite\",\"@id\":\"https:\/\/sport-index.fr\/blog\/#website\",\"url\":\"https:\/\/sport-index.fr\/blog\/\",\"name\":\"sport-index.fr\",\"description\":\"Le score de l\u2019analyse sportive.\",\"publisher\":{\"@id\":\"https:\/\/sport-index.fr\/blog\/#organization\"},\"alternateName\":\"Le score de l\u2019analyse sportive.\",\"potentialAction\":[{\"@type\":\"SearchAction\",\"target\":{\"@type\":\"EntryPoint\",\"urlTemplate\":\"https:\/\/sport-index.fr\/blog\/?s={search_term_string}\"},\"query-input\":{\"@type\":\"PropertyValueSpecification\",\"valueRequired\":true,\"valueName\":\"search_term_string\"}}],\"inLanguage\":\"fr-FR\"},{\"@type\":\"Organization\",\"@id\":\"https:\/\/sport-index.fr\/blog\/#organization\",\"name\":\"Foretsensations.fr\",\"url\":\"https:\/\/sport-index.fr\/blog\/\",\"logo\":{\"@type\":\"ImageObject\",\"inLanguage\":\"fr-FR\",\"@id\":\"https:\/\/sport-index.fr\/blog\/#\/schema\/logo\/image\/\",\"url\":\"https:\/\/sport-index.fr\/blog\/wp-content\/uploads\/2026\/07\/logo-auto.png\",\"contentUrl\":\"https:\/\/sport-index.fr\/blog\/wp-content\/uploads\/2026\/07\/logo-auto.png\",\"width\":1024,\"height\":1024,\"caption\":\"Foretsensations.fr\"},\"image\":{\"@id\":\"https:\/\/sport-index.fr\/blog\/#\/schema\/logo\/image\/\"}},{\"@type\":\"Person\",\"@id\":\"https:\/\/sport-index.fr\/blog\/#\/schema\/person\/3c864cdc320801e3db34b663e7e3f816\",\"name\":\"Axel Lauzier\",\"image\":{\"@type\":\"ImageObject\",\"inLanguage\":\"fr-FR\",\"@id\":\"https:\/\/sport-index.fr\/blog\/#\/schema\/person\/image\/\",\"url\":\"https:\/\/sport-index.fr\/blog\/wp-content\/uploads\/2026\/06\/persona_axel-l-96x96.jpg\",\"contentUrl\":\"https:\/\/sport-index.fr\/blog\/wp-content\/uploads\/2026\/06\/persona_axel-l-96x96.jpg\",\"caption\":\"Axel Lauzier\"},\"description\":\"Le sport rythme mon quotidien depuis l'enfance, et j'en ai fait mon m\u00e9tier d'analyste r\u00e9dactionnel il y a une dizaine d'ann\u00e9es. Je couvre principalement le football, son actualit\u00e9, ses transferts et l'analyse tactique des grandes affiches, mais aussi les disciplines plus confidentielles que j'aime remettre en lumi\u00e8re. Une partie de mon travail porte sur les pronostics et la lecture statistique d'un match : forme des \u00e9quipes, historique des confrontations, compositions, sans jamais vendre de fausse certitude. Je rappelle syst\u00e9matiquement que parier comporte un risque et doit rester un loisir ma\u00eetris\u00e9. Avant de signer une analyse, je v\u00e9rifie mes chiffres, je recoupe les compositions probables et je distingue toujours la donn\u00e9e brute de l'intuition. Mon objectif : offrir une lecture honn\u00eate et argument\u00e9e, pas un ticket gagnant garanti.\",\"sameAs\":[\"https:\/\/axellauzier.fr\/\"],\"url\":\"https:\/\/sport-index.fr\/blog\/auteur\/noname\/\"}]}<\/script>\n<!-- \/ Yoast SEO Premium plugin. -->","yoast_head_json":{"title":"Ne manquez pas la demi-finale Lyon \u2013 Racing 92 : horaires","description":"Un choc d\u00e9cisif entre Lyon et le Racing 92 Les deux \u00e9quipes s'affrontent lors de la demi-finale de la Challenge Cup, un \u00e9v\u00e9nement marquant du calendrier\u2026","robots":{"index":"index","follow":"follow","max-snippet":"max-snippet:-1","max-image-preview":"max-image-preview:large","max-video-preview":"max-video-preview:-1"},"canonical":"https:\/\/sport-index.fr\/blog\/a-la-une\/ne-manquez-pas-la-demi-finale-lyon-racing-92-horaires-et-chaines-de-diffusion\/","og_locale":"fr_FR","og_type":"article","og_title":"Ne manquez pas la demi-finale Lyon \u2013 Racing 92 : horaires","og_description":"Un choc d\u00e9cisif entre Lyon et le Racing 92 Les deux \u00e9quipes s'affrontent lors de la demi-finale de la Challenge Cup, un \u00e9v\u00e9nement marquant du calendrier\u2026","og_url":"https:\/\/sport-index.fr\/blog\/a-la-une\/ne-manquez-pas-la-demi-finale-lyon-racing-92-horaires-et-chaines-de-diffusion\/","og_site_name":"sport-index","author":"Axel Lauzier","twitter_card":"summary_large_image","schema":{"@context":"https:\/\/schema.org","@graph":[{"@type":"NewsArticle","@id":"https:\/\/sport-index.fr\/blog\/a-la-une\/ne-manquez-pas-la-demi-finale-lyon-racing-92-horaires-et-chaines-de-diffusion\/#article","isPartOf":{"@id":"https:\/\/sport-index.fr\/blog\/a-la-une\/ne-manquez-pas-la-demi-finale-lyon-racing-92-horaires-et-chaines-de-diffusion\/"},"author":{"name":"Axel Lauzier","@id":"https:\/\/sport-index.fr\/blog\/#\/schema\/person\/3c864cdc320801e3db34b663e7e3f816"},"headline":"Ne manquez pas la demi-finale Lyon \u2013 Racing 92 : horaires et cha\u00eenes de diffusion","datePublished":"2025-05-04T15:03:14+00:00","mainEntityOfPage":{"@id":"https:\/\/sport-index.fr\/blog\/a-la-une\/ne-manquez-pas-la-demi-finale-lyon-racing-92-horaires-et-chaines-de-diffusion\/"},"wordCount":502,"commentCount":24,"publisher":{"@id":"https:\/\/sport-index.fr\/blog\/#organization"},"image":{"@id":"https:\/\/sport-index.fr\/blog\/a-la-une\/ne-manquez-pas-la-demi-finale-lyon-racing-92-horaires-et-chaines-de-diffusion\/#primaryimage"},"thumbnailUrl":"https:\/\/sport-index.fr\/blog\/wp-content\/uploads\/2025\/05\/sdxl-f4fe9eb2ec0d67a19b054259d6bab844-scaled.png","keywords":["Challenge Cup","Lyon","Performance Athl\u00e9tique","Racing 92","Rugby"],"articleSection":["\u00c0 la une"],"inLanguage":"fr-FR","potentialAction":[{"@type":"CommentAction","name":"Comment","target":["https:\/\/sport-index.fr\/blog\/a-la-une\/ne-manquez-pas-la-demi-finale-lyon-racing-92-horaires-et-chaines-de-diffusion\/#respond"]}]},{"@type":"WebPage","@id":"https:\/\/sport-index.fr\/blog\/a-la-une\/ne-manquez-pas-la-demi-finale-lyon-racing-92-horaires-et-chaines-de-diffusion\/","url":"https:\/\/sport-index.fr\/blog\/a-la-une\/ne-manquez-pas-la-demi-finale-lyon-racing-92-horaires-et-chaines-de-diffusion\/","name":"Ne manquez pas la demi-finale Lyon \u2013 Racing 92 : horaires","isPartOf":{"@id":"https:\/\/sport-index.fr\/blog\/#website"},"primaryImageOfPage":{"@id":"https:\/\/sport-index.fr\/blog\/a-la-une\/ne-manquez-pas-la-demi-finale-lyon-racing-92-horaires-et-chaines-de-diffusion\/#primaryimage"},"image":{"@id":"https:\/\/sport-index.fr\/blog\/a-la-une\/ne-manquez-pas-la-demi-finale-lyon-racing-92-horaires-et-chaines-de-diffusion\/#primaryimage"},"thumbnailUrl":"https:\/\/sport-index.fr\/blog\/wp-content\/uploads\/2025\/05\/sdxl-f4fe9eb2ec0d67a19b054259d6bab844-scaled.png","datePublished":"2025-05-04T15:03:14+00:00","description":"Un choc d\u00e9cisif entre Lyon et le Racing 92 Les deux \u00e9quipes s'affrontent lors de la demi-finale de la Challenge Cup, un \u00e9v\u00e9nement marquant du calendrier\u2026","inLanguage":"fr-FR","potentialAction":[{"@type":"ReadAction","target":["https:\/\/sport-index.fr\/blog\/a-la-une\/ne-manquez-pas-la-demi-finale-lyon-racing-92-horaires-et-chaines-de-diffusion\/"]}]},{"@type":"ImageObject","inLanguage":"fr-FR","@id":"https:\/\/sport-index.fr\/blog\/a-la-une\/ne-manquez-pas-la-demi-finale-lyon-racing-92-horaires-et-chaines-de-diffusion\/#primaryimage","url":"https:\/\/sport-index.fr\/blog\/wp-content\/uploads\/2025\/05\/sdxl-f4fe9eb2ec0d67a19b054259d6bab844-scaled.png","contentUrl":"https:\/\/sport-index.fr\/blog\/wp-content\/uploads\/2025\/05\/sdxl-f4fe9eb2ec0d67a19b054259d6bab844-scaled.png","width":1200,"height":500},{"@type":"WebSite","@id":"https:\/\/sport-index.fr\/blog\/#website","url":"https:\/\/sport-index.fr\/blog\/","name":"sport-index.fr","description":"Le score de l\u2019analyse sportive.","publisher":{"@id":"https:\/\/sport-index.fr\/blog\/#organization"},"alternateName":"Le score de l\u2019analyse sportive.","potentialAction":[{"@type":"SearchAction","target":{"@type":"EntryPoint","urlTemplate":"https:\/\/sport-index.fr\/blog\/?s={search_term_string}"},"query-input":{"@type":"PropertyValueSpecification","valueRequired":true,"valueName":"search_term_string"}}],"inLanguage":"fr-FR"},{"@type":"Organization","@id":"https:\/\/sport-index.fr\/blog\/#organization","name":"Foretsensations.fr","url":"https:\/\/sport-index.fr\/blog\/","logo":{"@type":"ImageObject","inLanguage":"fr-FR","@id":"https:\/\/sport-index.fr\/blog\/#\/schema\/logo\/image\/","url":"https:\/\/sport-index.fr\/blog\/wp-content\/uploads\/2026\/07\/logo-auto.png","contentUrl":"https:\/\/sport-index.fr\/blog\/wp-content\/uploads\/2026\/07\/logo-auto.png","width":1024,"height":1024,"caption":"Foretsensations.fr"},"image":{"@id":"https:\/\/sport-index.fr\/blog\/#\/schema\/logo\/image\/"}},{"@type":"Person","@id":"https:\/\/sport-index.fr\/blog\/#\/schema\/person\/3c864cdc320801e3db34b663e7e3f816","name":"Axel Lauzier","image":{"@type":"ImageObject","inLanguage":"fr-FR","@id":"https:\/\/sport-index.fr\/blog\/#\/schema\/person\/image\/","url":"https:\/\/sport-index.fr\/blog\/wp-content\/uploads\/2026\/06\/persona_axel-l-96x96.jpg","contentUrl":"https:\/\/sport-index.fr\/blog\/wp-content\/uploads\/2026\/06\/persona_axel-l-96x96.jpg","caption":"Axel Lauzier"},"description":"Le sport rythme mon quotidien depuis l'enfance, et j'en ai fait mon m\u00e9tier d'analyste r\u00e9dactionnel il y a une dizaine d'ann\u00e9es. Je couvre principalement le football, son actualit\u00e9, ses transferts et l'analyse tactique des grandes affiches, mais aussi les disciplines plus confidentielles que j'aime remettre en lumi\u00e8re. Une partie de mon travail porte sur les pronostics et la lecture statistique d'un match : forme des \u00e9quipes, historique des confrontations, compositions, sans jamais vendre de fausse certitude. Je rappelle syst\u00e9matiquement que parier comporte un risque et doit rester un loisir ma\u00eetris\u00e9. Avant de signer une analyse, je v\u00e9rifie mes chiffres, je recoupe les compositions probables et je distingue toujours la donn\u00e9e brute de l'intuition. Mon objectif : offrir une lecture honn\u00eate et argument\u00e9e, pas un ticket gagnant garanti.","sameAs":["https:\/\/axellauzier.fr\/"],"url":"https:\/\/sport-index.fr\/blog\/auteur\/noname\/"}]}},"_links":{"self":[{"href":"https:\/\/sport-index.fr\/blog\/wp-json\/wp\/v2\/posts\/14599","targetHints":{"allow":["GET"]}}],"collection":[{"href":"https:\/\/sport-index.fr\/blog\/wp-json\/wp\/v2\/posts"}],"about":[{"href":"https:\/\/sport-index.fr\/blog\/wp-json\/wp\/v2\/types\/post"}],"author":[{"embeddable":true,"href":"https:\/\/sport-index.fr\/blog\/wp-json\/wp\/v2\/users\/34"}],"replies":[{"embeddable":true,"href":"https:\/\/sport-index.fr\/blog\/wp-json\/wp\/v2\/comments?post=14599"}],"version-history":[{"count":1,"href":"https:\/\/sport-index.fr\/blog\/wp-json\/wp\/v2\/posts\/14599\/revisions"}],"predecessor-version":[{"id":14629,"href":"https:\/\/sport-index.fr\/blog\/wp-json\/wp\/v2\/posts\/14599\/revisions\/14629"}],"wp:featuredmedia":[{"embeddable":true,"href":"https:\/\/sport-index.fr\/blog\/wp-json\/wp\/v2\/media\/14785"}],"wp:attachment":[{"href":"https:\/\/sport-index.fr\/blog\/wp-json\/wp\/v2\/media?parent=14599"}],"wp:term":[{"taxonomy":"category","embeddable":true,"href":"https:\/\/sport-index.fr\/blog\/wp-json\/wp\/v2\/categories?post=14599"},{"taxonomy":"post_tag","embeddable":true,"href":"https:\/\/sport-index.fr\/blog\/wp-json\/wp\/v2\/tags?post=14599"}],"curies":[{"name":"wp","href":"https:\/\/api.w.org\/{rel}","templated":true}]}}