{"id":14727,"date":"2025-05-06T12:22:55","date_gmt":"2025-05-06T10:22:55","guid":{"rendered":"https:\/\/sport-index.fr\/blog\/?p=14727"},"modified":"2025-05-06T12:21:40","modified_gmt":"2025-05-06T10:21:40","slug":"raphael-ibanez-entre-pertes-dechirantes-et-espoirs-retrouves-un-temoignage-emouvant","status":"publish","type":"post","link":"https:\/\/sport-index.fr\/blog\/a-la-une\/raphael-ibanez-entre-pertes-dechirantes-et-espoirs-retrouves-un-temoignage-emouvant\/","title":{"rendered":"Rapha\u00ebl Ibanez : entre pertes d\u00e9chirantes et espoirs retrouv\u00e9s, un t\u00e9moignage \u00e9mouvant"},"content":{"rendered":"<p>Au-del\u00e0 de son image publique, il cache des blessures profondes qui ont fa\u00e7onn\u00e9 son parcours. Dans un entretien poignant, il \u00e9voque la perte de son meilleur ami, Fabrice Labarri\u00e8re, et le combat de son fils Mat\u00e9o contre la maladie, r\u00e9v\u00e9lant ainsi une facette plus intime de sa vie.<\/p>\n<h2>La trag\u00e9die du kayak<\/h2>\n<p>Le 11 avril 2022, une journ\u00e9e qui devait \u00eatre paisible s\u2019est transform\u00e9e en un v\u00e9ritable cauchemar pour Rapha\u00ebl Ibanez. En kayak avec son ami d&rsquo;enfance, il assiste impuissant \u00e0 la noyade de Fabrice, coinc\u00e9 sous des branches. Ce moment tragique l\u2019a plong\u00e9 dans un tourbillon de douleur et de culpabilit\u00e9, marquant un tournant brutal dans sa vie.<\/p>\n<p>Ibanez raconte : \u00ab\u00a0J\u2019ai vu mon meilleur ami se noyer sous mes yeux\u00a0\u00bb. Ces mots r\u00e9sonnent avec une intensit\u00e9 d\u00e9chirante. La lutte pour sauver Fabrice a \u00e9t\u00e9 vaine, laissant Rapha\u00ebl avec des souvenirs obs\u00e9dants. Il confie avoir perdu le sommeil et ressass\u00e9 cette trag\u00e9die, un poids difficile \u00e0 porter.<\/p>\n<ul>\n<li>La date fatidique : 11 avril 2022<\/li>\n<li>La lutte d\u00e9sesp\u00e9r\u00e9e pour sauver un ami<\/li>\n<li>Un soutien inattendu de la communaut\u00e9<\/li>\n<\/ul>\n<blockquote><p>\n    \u00ab\u00a0C\u2019est la premi\u00e8re fois, et sans doute la derni\u00e8re, que je vais parler de tout \u00e7a publiquement.\u00a0\u00bb\n<\/p><\/blockquote>\n<p>Pour faire face \u00e0 cette douleur, Rapha\u00ebl a d\u00e9cid\u00e9 de consulter un th\u00e9rapeute sp\u00e9cialis\u00e9. Gr\u00e2ce \u00e0 l\u2019EMDR, il a pu travailler sur ses traumatismes, revisitant des souvenirs d&rsquo;enfance et partageant des moments joyeux avec Fabrice. Cette th\u00e9rapie lui a offert une lueur d&rsquo;espoir au milieu de l&rsquo;obscurit\u00e9.<img decoding=\"async\" width=\"1024\" height=\"576\" src=\"https:\/\/sport-index.fr\/blog\/wp-content\/uploads\/2025\/05\/stability-raphael-ibanez-entre-pertes-dechirantes-et-espoirs-retrouves-un-temoignage-emouvant.png\" class=\"aligncenter\" alt=\"Illustration d\u00e9taill\u00e9e sur Rapha\u00ebl Ibanez : entre pertes d\u00e9chirantes et espoirs retrouv\u00e9s, un t\u00e9moignage \u00e9mouvant\" title=\"Rapha\u00ebl Ibanez : entre pertes d\u00e9chirantes et espoirs retrouv\u00e9s, un t\u00e9moignage \u00e9mouvant\" loading=\"lazy\" \/><\/p>\n<h2>Le combat de Mat\u00e9o<\/h2>\n<p>Huit mois apr\u00e8s cette trag\u00e9die, un nouveau coup dur frappe la famille d\u2019Ibanez. Le 18 d\u00e9cembre 2022, il apprend que son fils Mat\u00e9o, \u00e2g\u00e9 de 22 ans, est atteint d&rsquo;une leuc\u00e9mie aigu\u00eb. \u00ab\u00a0Un choc total\u00a0\u00bb, se souvient Rapha\u00ebl, en \u00e9voquant les semaines difficiles pass\u00e9es en r\u00e9animation avec son fils. Ce nouvel affrontement avec la maladie a boulevers\u00e9 leur quotidien.<\/p>\n<p>Face \u00e0 cette \u00e9preuve, Rapha\u00ebl a d\u00fb trouver la force de soutenir son fils. Les h\u00f4pitaux, les traitements et l&rsquo;incertitude sont devenus leur nouvelle r\u00e9alit\u00e9. La fragilit\u00e9 de la vie a pris une signification encore plus profonde, lui rappelant que les enfants ne devraient jamais avoir \u00e0 endurer de telles souffrances.<\/p>\n<ul>\n<li>Le diagnostic de leuc\u00e9mie : un coup de massue<\/li>\n<li>Les semaines d\u2019incertitude en r\u00e9animation<\/li>\n<li>Un p\u00e8re qui se bat aux c\u00f4t\u00e9s de son fils<\/li>\n<\/ul>\n<blockquote><p>\n    \u00ab\u00a0Aucun parent n\u2019est pr\u00e9par\u00e9 \u00e0 ce genre de douleur.\u00a0\u00bb\n<\/p><\/blockquote>\n<p>Malgr\u00e9 les d\u00e9fis, Mat\u00e9o a montr\u00e9 un courage exceptionnel. Il a combattu la maladie avec d\u00e9termination, et apr\u00e8s des mois de lutte, il est en r\u00e9mission. Rapha\u00ebl souligne l&rsquo;importance des soins m\u00e9dicaux en France et la chance d&rsquo;avoir acc\u00e8s \u00e0 des professionnels d\u00e9vou\u00e9s qui sauvent des vies.<\/p>\n<h2>Une lueur d&rsquo;espoir<\/h2>\n<p>Aujourd&rsquo;hui, alors que Mat\u00e9o reprend le rugby \u00e0 Blagnac, Rapha\u00ebl ressent une immense fiert\u00e9. Son fils, qui a \u00e9galement termin\u00e9 major de sa promotion \u00e0 l&rsquo;INSA, incarne la r\u00e9silience et la force face \u00e0 l&rsquo;adversit\u00e9. \u00ab\u00a0Mat\u00e9o est de loin le plus fort d\u2019entre nous\u00a0\u00bb, affirme son p\u00e8re avec admiration.<\/p>\n<p>La vie de Rapha\u00ebl Ibanez a \u00e9t\u00e9 marqu\u00e9e par des \u00e9preuves, mais il en est sorti transform\u00e9. La perte de son ami et la maladie de son fils lui ont permis de red\u00e9couvrir l&rsquo;importance de la vie et des liens familiaux. Il a appris \u00e0 savourer chaque instant et \u00e0 ch\u00e9rir les moments de joie, m\u00eame au milieu des difficult\u00e9s.<\/p>\n<ul>\n<li>Mat\u00e9o en r\u00e9mission et retour au rugby<\/li>\n<li>Une fiert\u00e9 paternelle face \u00e0 l&rsquo;adversit\u00e9<\/li>\n<li>La vie comme un cadeau pr\u00e9cieux \u00e0 appr\u00e9cier<\/li>\n<\/ul>\n<p>Rapha\u00ebl Ibanez nous rappelle ainsi que m\u00eame dans les t\u00e9n\u00e8bres, il existe toujours une lueur d&rsquo;espoir. \u00c0 travers son t\u00e9moignage, il inspire ceux qui traversent des \u00e9preuves similaires \u00e0 trouver la force de se relever et \u00e0 continuer d&rsquo;avancer, car chaque jour est une nouvelle opportunit\u00e9 de vivre pleinement.<\/p>\n","protected":false},"excerpt":{"rendered":"","protected":false},"author":34,"featured_media":15679,"comment_status":"open","ping_status":"open","sticky":false,"template":"","format":"standard","meta":{"_acf_changed":false,"manual_indexmenow":false,"indexmenow_id_project":0,"footnotes":""},"categories":[1],"tags":[4846,4585,4898,4563,4408],"class_list":["post-14727","post","type-post","status-publish","format-standard","has-post-thumbnail","hentry","category-a-la-une","tag-bien-etre-mental","tag-cohesion-dequipe","tag-gestion-du-stress","tag-performance-athletique","tag-resilience","generate-columns","tablet-grid-50","mobile-grid-100","grid-parent","grid-25"],"acf":[],"yoast_head":"<!-- This site is optimized with the Yoast SEO Premium plugin v21.3 (Yoast SEO v26.5) - https:\/\/yoast.com\/wordpress\/plugins\/seo\/ -->\n<title>Rapha\u00ebl Ibanez : entre pertes d\u00e9chirantes et espoirs<\/title>\n<meta name=\"description\" content=\"Au-del\u00e0 de son image publique, il cache des blessures profondes qui ont fa\u00e7onn\u00e9 son parcours. Dans un entretien poignant, il \u00e9voque la perte de son\u2026\" \/>\n<meta name=\"robots\" content=\"index, follow, max-snippet:-1, max-image-preview:large, max-video-preview:-1\" \/>\n<link rel=\"canonical\" href=\"https:\/\/sport-index.fr\/blog\/a-la-une\/raphael-ibanez-entre-pertes-dechirantes-et-espoirs-retrouves-un-temoignage-emouvant\/\" \/>\n<meta property=\"og:locale\" content=\"fr_FR\" \/>\n<meta property=\"og:type\" content=\"article\" \/>\n<meta property=\"og:title\" content=\"Rapha\u00ebl Ibanez : entre pertes d\u00e9chirantes et espoirs\" \/>\n<meta property=\"og:description\" content=\"Au-del\u00e0 de son image publique, il cache des blessures profondes qui ont fa\u00e7onn\u00e9 son parcours. Dans un entretien poignant, il \u00e9voque la perte de son\u2026\" \/>\n<meta property=\"og:url\" content=\"https:\/\/sport-index.fr\/blog\/a-la-une\/raphael-ibanez-entre-pertes-dechirantes-et-espoirs-retrouves-un-temoignage-emouvant\/\" \/>\n<meta property=\"og:site_name\" content=\"sport-index\" \/>\n<meta property=\"og:image\" content=\"https:\/\/sport-index.fr\/blog\/wp-content\/uploads\/2025\/05\/stability-raphael-ibanez-entre-pertes-dechirantes-et-espoirs-retrouves-un-temoignage-emouvant.png\" \/>\n<meta name=\"author\" content=\"Axel Lauzier\" \/>\n<meta name=\"twitter:card\" content=\"summary_large_image\" \/>\n<script type=\"application\/ld+json\" class=\"yoast-schema-graph\">{\"@context\":\"https:\/\/schema.org\",\"@graph\":[{\"@type\":\"NewsArticle\",\"@id\":\"https:\/\/sport-index.fr\/blog\/a-la-une\/raphael-ibanez-entre-pertes-dechirantes-et-espoirs-retrouves-un-temoignage-emouvant\/#article\",\"isPartOf\":{\"@id\":\"https:\/\/sport-index.fr\/blog\/a-la-une\/raphael-ibanez-entre-pertes-dechirantes-et-espoirs-retrouves-un-temoignage-emouvant\/\"},\"author\":{\"name\":\"Axel Lauzier\",\"@id\":\"https:\/\/sport-index.fr\/blog\/#\/schema\/person\/3c864cdc320801e3db34b663e7e3f816\"},\"headline\":\"Rapha\u00ebl Ibanez : entre pertes d\u00e9chirantes et espoirs retrouv\u00e9s, un t\u00e9moignage \u00e9mouvant\",\"datePublished\":\"2025-05-06T10:22:55+00:00\",\"mainEntityOfPage\":{\"@id\":\"https:\/\/sport-index.fr\/blog\/a-la-une\/raphael-ibanez-entre-pertes-dechirantes-et-espoirs-retrouves-un-temoignage-emouvant\/\"},\"wordCount\":704,\"commentCount\":17,\"publisher\":{\"@id\":\"https:\/\/sport-index.fr\/blog\/#organization\"},\"image\":{\"@id\":\"https:\/\/sport-index.fr\/blog\/a-la-une\/raphael-ibanez-entre-pertes-dechirantes-et-espoirs-retrouves-un-temoignage-emouvant\/#primaryimage\"},\"thumbnailUrl\":\"https:\/\/sport-index.fr\/blog\/wp-content\/uploads\/2025\/05\/sdxl-f85906007abe8037526f05ebf567f58a-scaled.png\",\"keywords\":[\"Bien-\u00eatre Mental\",\"Coh\u00e9sion d'\u00c9quipe\",\"Gestion Du Stress\",\"Performance Athl\u00e9tique\",\"R\u00e9silience\"],\"articleSection\":[\"\u00c0 la une\"],\"inLanguage\":\"fr-FR\",\"potentialAction\":[{\"@type\":\"CommentAction\",\"name\":\"Comment\",\"target\":[\"https:\/\/sport-index.fr\/blog\/a-la-une\/raphael-ibanez-entre-pertes-dechirantes-et-espoirs-retrouves-un-temoignage-emouvant\/#respond\"]}]},{\"@type\":\"WebPage\",\"@id\":\"https:\/\/sport-index.fr\/blog\/a-la-une\/raphael-ibanez-entre-pertes-dechirantes-et-espoirs-retrouves-un-temoignage-emouvant\/\",\"url\":\"https:\/\/sport-index.fr\/blog\/a-la-une\/raphael-ibanez-entre-pertes-dechirantes-et-espoirs-retrouves-un-temoignage-emouvant\/\",\"name\":\"Rapha\u00ebl Ibanez : entre pertes d\u00e9chirantes et espoirs\",\"isPartOf\":{\"@id\":\"https:\/\/sport-index.fr\/blog\/#website\"},\"primaryImageOfPage\":{\"@id\":\"https:\/\/sport-index.fr\/blog\/a-la-une\/raphael-ibanez-entre-pertes-dechirantes-et-espoirs-retrouves-un-temoignage-emouvant\/#primaryimage\"},\"image\":{\"@id\":\"https:\/\/sport-index.fr\/blog\/a-la-une\/raphael-ibanez-entre-pertes-dechirantes-et-espoirs-retrouves-un-temoignage-emouvant\/#primaryimage\"},\"thumbnailUrl\":\"https:\/\/sport-index.fr\/blog\/wp-content\/uploads\/2025\/05\/sdxl-f85906007abe8037526f05ebf567f58a-scaled.png\",\"datePublished\":\"2025-05-06T10:22:55+00:00\",\"description\":\"Au-del\u00e0 de son image publique, il cache des blessures profondes qui ont fa\u00e7onn\u00e9 son parcours. Dans un entretien poignant, il \u00e9voque la perte de son\u2026\",\"inLanguage\":\"fr-FR\",\"potentialAction\":[{\"@type\":\"ReadAction\",\"target\":[\"https:\/\/sport-index.fr\/blog\/a-la-une\/raphael-ibanez-entre-pertes-dechirantes-et-espoirs-retrouves-un-temoignage-emouvant\/\"]}]},{\"@type\":\"ImageObject\",\"inLanguage\":\"fr-FR\",\"@id\":\"https:\/\/sport-index.fr\/blog\/a-la-une\/raphael-ibanez-entre-pertes-dechirantes-et-espoirs-retrouves-un-temoignage-emouvant\/#primaryimage\",\"url\":\"https:\/\/sport-index.fr\/blog\/wp-content\/uploads\/2025\/05\/sdxl-f85906007abe8037526f05ebf567f58a-scaled.png\",\"contentUrl\":\"https:\/\/sport-index.fr\/blog\/wp-content\/uploads\/2025\/05\/sdxl-f85906007abe8037526f05ebf567f58a-scaled.png\",\"width\":1200,\"height\":500},{\"@type\":\"WebSite\",\"@id\":\"https:\/\/sport-index.fr\/blog\/#website\",\"url\":\"https:\/\/sport-index.fr\/blog\/\",\"name\":\"sport-index.fr\",\"description\":\"Le score de l\u2019analyse sportive.\",\"publisher\":{\"@id\":\"https:\/\/sport-index.fr\/blog\/#organization\"},\"alternateName\":\"Le score de l\u2019analyse sportive.\",\"potentialAction\":[{\"@type\":\"SearchAction\",\"target\":{\"@type\":\"EntryPoint\",\"urlTemplate\":\"https:\/\/sport-index.fr\/blog\/?s={search_term_string}\"},\"query-input\":{\"@type\":\"PropertyValueSpecification\",\"valueRequired\":true,\"valueName\":\"search_term_string\"}}],\"inLanguage\":\"fr-FR\"},{\"@type\":\"Organization\",\"@id\":\"https:\/\/sport-index.fr\/blog\/#organization\",\"name\":\"Foretsensations.fr\",\"url\":\"https:\/\/sport-index.fr\/blog\/\",\"logo\":{\"@type\":\"ImageObject\",\"inLanguage\":\"fr-FR\",\"@id\":\"https:\/\/sport-index.fr\/blog\/#\/schema\/logo\/image\/\",\"url\":\"https:\/\/sport-index.fr\/blog\/wp-content\/uploads\/2026\/07\/logo-auto.png\",\"contentUrl\":\"https:\/\/sport-index.fr\/blog\/wp-content\/uploads\/2026\/07\/logo-auto.png\",\"width\":1024,\"height\":1024,\"caption\":\"Foretsensations.fr\"},\"image\":{\"@id\":\"https:\/\/sport-index.fr\/blog\/#\/schema\/logo\/image\/\"}},{\"@type\":\"Person\",\"@id\":\"https:\/\/sport-index.fr\/blog\/#\/schema\/person\/3c864cdc320801e3db34b663e7e3f816\",\"name\":\"Axel Lauzier\",\"image\":{\"@type\":\"ImageObject\",\"inLanguage\":\"fr-FR\",\"@id\":\"https:\/\/sport-index.fr\/blog\/#\/schema\/person\/image\/\",\"url\":\"https:\/\/sport-index.fr\/blog\/wp-content\/uploads\/2026\/06\/persona_axel-l-96x96.jpg\",\"contentUrl\":\"https:\/\/sport-index.fr\/blog\/wp-content\/uploads\/2026\/06\/persona_axel-l-96x96.jpg\",\"caption\":\"Axel Lauzier\"},\"description\":\"Le sport rythme mon quotidien depuis l'enfance, et j'en ai fait mon m\u00e9tier d'analyste r\u00e9dactionnel il y a une dizaine d'ann\u00e9es. Je couvre principalement le football, son actualit\u00e9, ses transferts et l'analyse tactique des grandes affiches, mais aussi les disciplines plus confidentielles que j'aime remettre en lumi\u00e8re. Une partie de mon travail porte sur les pronostics et la lecture statistique d'un match : forme des \u00e9quipes, historique des confrontations, compositions, sans jamais vendre de fausse certitude. Je rappelle syst\u00e9matiquement que parier comporte un risque et doit rester un loisir ma\u00eetris\u00e9. Avant de signer une analyse, je v\u00e9rifie mes chiffres, je recoupe les compositions probables et je distingue toujours la donn\u00e9e brute de l'intuition. Mon objectif : offrir une lecture honn\u00eate et argument\u00e9e, pas un ticket gagnant garanti.\",\"sameAs\":[\"https:\/\/axellauzier.fr\/\"],\"url\":\"https:\/\/sport-index.fr\/blog\/auteur\/noname\/\"}]}<\/script>\n<!-- \/ Yoast SEO Premium plugin. -->","yoast_head_json":{"title":"Rapha\u00ebl Ibanez : entre pertes d\u00e9chirantes et espoirs","description":"Au-del\u00e0 de son image publique, il cache des blessures profondes qui ont fa\u00e7onn\u00e9 son parcours. Dans un entretien poignant, il \u00e9voque la perte de son\u2026","robots":{"index":"index","follow":"follow","max-snippet":"max-snippet:-1","max-image-preview":"max-image-preview:large","max-video-preview":"max-video-preview:-1"},"canonical":"https:\/\/sport-index.fr\/blog\/a-la-une\/raphael-ibanez-entre-pertes-dechirantes-et-espoirs-retrouves-un-temoignage-emouvant\/","og_locale":"fr_FR","og_type":"article","og_title":"Rapha\u00ebl Ibanez : entre pertes d\u00e9chirantes et espoirs","og_description":"Au-del\u00e0 de son image publique, il cache des blessures profondes qui ont fa\u00e7onn\u00e9 son parcours. Dans un entretien poignant, il \u00e9voque la perte de son\u2026","og_url":"https:\/\/sport-index.fr\/blog\/a-la-une\/raphael-ibanez-entre-pertes-dechirantes-et-espoirs-retrouves-un-temoignage-emouvant\/","og_site_name":"sport-index","og_image":[{"url":"https:\/\/sport-index.fr\/blog\/wp-content\/uploads\/2025\/05\/stability-raphael-ibanez-entre-pertes-dechirantes-et-espoirs-retrouves-un-temoignage-emouvant.png","type":"","width":"","height":""}],"author":"Axel Lauzier","twitter_card":"summary_large_image","schema":{"@context":"https:\/\/schema.org","@graph":[{"@type":"NewsArticle","@id":"https:\/\/sport-index.fr\/blog\/a-la-une\/raphael-ibanez-entre-pertes-dechirantes-et-espoirs-retrouves-un-temoignage-emouvant\/#article","isPartOf":{"@id":"https:\/\/sport-index.fr\/blog\/a-la-une\/raphael-ibanez-entre-pertes-dechirantes-et-espoirs-retrouves-un-temoignage-emouvant\/"},"author":{"name":"Axel Lauzier","@id":"https:\/\/sport-index.fr\/blog\/#\/schema\/person\/3c864cdc320801e3db34b663e7e3f816"},"headline":"Rapha\u00ebl Ibanez : entre pertes d\u00e9chirantes et espoirs retrouv\u00e9s, un t\u00e9moignage \u00e9mouvant","datePublished":"2025-05-06T10:22:55+00:00","mainEntityOfPage":{"@id":"https:\/\/sport-index.fr\/blog\/a-la-une\/raphael-ibanez-entre-pertes-dechirantes-et-espoirs-retrouves-un-temoignage-emouvant\/"},"wordCount":704,"commentCount":17,"publisher":{"@id":"https:\/\/sport-index.fr\/blog\/#organization"},"image":{"@id":"https:\/\/sport-index.fr\/blog\/a-la-une\/raphael-ibanez-entre-pertes-dechirantes-et-espoirs-retrouves-un-temoignage-emouvant\/#primaryimage"},"thumbnailUrl":"https:\/\/sport-index.fr\/blog\/wp-content\/uploads\/2025\/05\/sdxl-f85906007abe8037526f05ebf567f58a-scaled.png","keywords":["Bien-\u00eatre Mental","Coh\u00e9sion d'\u00c9quipe","Gestion Du Stress","Performance Athl\u00e9tique","R\u00e9silience"],"articleSection":["\u00c0 la une"],"inLanguage":"fr-FR","potentialAction":[{"@type":"CommentAction","name":"Comment","target":["https:\/\/sport-index.fr\/blog\/a-la-une\/raphael-ibanez-entre-pertes-dechirantes-et-espoirs-retrouves-un-temoignage-emouvant\/#respond"]}]},{"@type":"WebPage","@id":"https:\/\/sport-index.fr\/blog\/a-la-une\/raphael-ibanez-entre-pertes-dechirantes-et-espoirs-retrouves-un-temoignage-emouvant\/","url":"https:\/\/sport-index.fr\/blog\/a-la-une\/raphael-ibanez-entre-pertes-dechirantes-et-espoirs-retrouves-un-temoignage-emouvant\/","name":"Rapha\u00ebl Ibanez : entre pertes d\u00e9chirantes et espoirs","isPartOf":{"@id":"https:\/\/sport-index.fr\/blog\/#website"},"primaryImageOfPage":{"@id":"https:\/\/sport-index.fr\/blog\/a-la-une\/raphael-ibanez-entre-pertes-dechirantes-et-espoirs-retrouves-un-temoignage-emouvant\/#primaryimage"},"image":{"@id":"https:\/\/sport-index.fr\/blog\/a-la-une\/raphael-ibanez-entre-pertes-dechirantes-et-espoirs-retrouves-un-temoignage-emouvant\/#primaryimage"},"thumbnailUrl":"https:\/\/sport-index.fr\/blog\/wp-content\/uploads\/2025\/05\/sdxl-f85906007abe8037526f05ebf567f58a-scaled.png","datePublished":"2025-05-06T10:22:55+00:00","description":"Au-del\u00e0 de son image publique, il cache des blessures profondes qui ont fa\u00e7onn\u00e9 son parcours. Dans un entretien poignant, il \u00e9voque la perte de son\u2026","inLanguage":"fr-FR","potentialAction":[{"@type":"ReadAction","target":["https:\/\/sport-index.fr\/blog\/a-la-une\/raphael-ibanez-entre-pertes-dechirantes-et-espoirs-retrouves-un-temoignage-emouvant\/"]}]},{"@type":"ImageObject","inLanguage":"fr-FR","@id":"https:\/\/sport-index.fr\/blog\/a-la-une\/raphael-ibanez-entre-pertes-dechirantes-et-espoirs-retrouves-un-temoignage-emouvant\/#primaryimage","url":"https:\/\/sport-index.fr\/blog\/wp-content\/uploads\/2025\/05\/sdxl-f85906007abe8037526f05ebf567f58a-scaled.png","contentUrl":"https:\/\/sport-index.fr\/blog\/wp-content\/uploads\/2025\/05\/sdxl-f85906007abe8037526f05ebf567f58a-scaled.png","width":1200,"height":500},{"@type":"WebSite","@id":"https:\/\/sport-index.fr\/blog\/#website","url":"https:\/\/sport-index.fr\/blog\/","name":"sport-index.fr","description":"Le score de l\u2019analyse sportive.","publisher":{"@id":"https:\/\/sport-index.fr\/blog\/#organization"},"alternateName":"Le score de l\u2019analyse sportive.","potentialAction":[{"@type":"SearchAction","target":{"@type":"EntryPoint","urlTemplate":"https:\/\/sport-index.fr\/blog\/?s={search_term_string}"},"query-input":{"@type":"PropertyValueSpecification","valueRequired":true,"valueName":"search_term_string"}}],"inLanguage":"fr-FR"},{"@type":"Organization","@id":"https:\/\/sport-index.fr\/blog\/#organization","name":"Foretsensations.fr","url":"https:\/\/sport-index.fr\/blog\/","logo":{"@type":"ImageObject","inLanguage":"fr-FR","@id":"https:\/\/sport-index.fr\/blog\/#\/schema\/logo\/image\/","url":"https:\/\/sport-index.fr\/blog\/wp-content\/uploads\/2026\/07\/logo-auto.png","contentUrl":"https:\/\/sport-index.fr\/blog\/wp-content\/uploads\/2026\/07\/logo-auto.png","width":1024,"height":1024,"caption":"Foretsensations.fr"},"image":{"@id":"https:\/\/sport-index.fr\/blog\/#\/schema\/logo\/image\/"}},{"@type":"Person","@id":"https:\/\/sport-index.fr\/blog\/#\/schema\/person\/3c864cdc320801e3db34b663e7e3f816","name":"Axel Lauzier","image":{"@type":"ImageObject","inLanguage":"fr-FR","@id":"https:\/\/sport-index.fr\/blog\/#\/schema\/person\/image\/","url":"https:\/\/sport-index.fr\/blog\/wp-content\/uploads\/2026\/06\/persona_axel-l-96x96.jpg","contentUrl":"https:\/\/sport-index.fr\/blog\/wp-content\/uploads\/2026\/06\/persona_axel-l-96x96.jpg","caption":"Axel Lauzier"},"description":"Le sport rythme mon quotidien depuis l'enfance, et j'en ai fait mon m\u00e9tier d'analyste r\u00e9dactionnel il y a une dizaine d'ann\u00e9es. Je couvre principalement le football, son actualit\u00e9, ses transferts et l'analyse tactique des grandes affiches, mais aussi les disciplines plus confidentielles que j'aime remettre en lumi\u00e8re. Une partie de mon travail porte sur les pronostics et la lecture statistique d'un match : forme des \u00e9quipes, historique des confrontations, compositions, sans jamais vendre de fausse certitude. Je rappelle syst\u00e9matiquement que parier comporte un risque et doit rester un loisir ma\u00eetris\u00e9. Avant de signer une analyse, je v\u00e9rifie mes chiffres, je recoupe les compositions probables et je distingue toujours la donn\u00e9e brute de l'intuition. Mon objectif : offrir une lecture honn\u00eate et argument\u00e9e, pas un ticket gagnant garanti.","sameAs":["https:\/\/axellauzier.fr\/"],"url":"https:\/\/sport-index.fr\/blog\/auteur\/noname\/"}]}},"_links":{"self":[{"href":"https:\/\/sport-index.fr\/blog\/wp-json\/wp\/v2\/posts\/14727","targetHints":{"allow":["GET"]}}],"collection":[{"href":"https:\/\/sport-index.fr\/blog\/wp-json\/wp\/v2\/posts"}],"about":[{"href":"https:\/\/sport-index.fr\/blog\/wp-json\/wp\/v2\/types\/post"}],"author":[{"embeddable":true,"href":"https:\/\/sport-index.fr\/blog\/wp-json\/wp\/v2\/users\/34"}],"replies":[{"embeddable":true,"href":"https:\/\/sport-index.fr\/blog\/wp-json\/wp\/v2\/comments?post=14727"}],"version-history":[{"count":2,"href":"https:\/\/sport-index.fr\/blog\/wp-json\/wp\/v2\/posts\/14727\/revisions"}],"predecessor-version":[{"id":14730,"href":"https:\/\/sport-index.fr\/blog\/wp-json\/wp\/v2\/posts\/14727\/revisions\/14730"}],"wp:featuredmedia":[{"embeddable":true,"href":"https:\/\/sport-index.fr\/blog\/wp-json\/wp\/v2\/media\/15679"}],"wp:attachment":[{"href":"https:\/\/sport-index.fr\/blog\/wp-json\/wp\/v2\/media?parent=14727"}],"wp:term":[{"taxonomy":"category","embeddable":true,"href":"https:\/\/sport-index.fr\/blog\/wp-json\/wp\/v2\/categories?post=14727"},{"taxonomy":"post_tag","embeddable":true,"href":"https:\/\/sport-index.fr\/blog\/wp-json\/wp\/v2\/tags?post=14727"}],"curies":[{"name":"wp","href":"https:\/\/api.w.org\/{rel}","templated":true}]}}