{"id":14950,"date":"2025-05-07T14:19:57","date_gmt":"2025-05-07T12:19:57","guid":{"rendered":"https:\/\/sport-index.fr\/blog\/?p=14950"},"modified":"2025-05-07T14:19:57","modified_gmt":"2025-05-07T12:19:57","slug":"pro-d2-aubin-hueber-et-les-grenoblois-la-quete-de-la-premiere-place-en-jeu","status":"publish","type":"post","link":"https:\/\/sport-index.fr\/blog\/a-la-une\/pro-d2-aubin-hueber-et-les-grenoblois-la-quete-de-la-premiere-place-en-jeu\/","title":{"rendered":"Pro D2 : Aubin Hueber et les Grenoblois, la qu\u00eate de la premi\u00e8re place en jeu"},"content":{"rendered":"<h2>Un objectif clair pour le FCG<\/h2>\n<p>Le directeur sportif du FCG, Aubin Hueber, a r\u00e9cemment fait le point sur la situation de son \u00e9quipe \u00e0 l&rsquo;approche de la fin de la phase r\u00e9guli\u00e8re. L&rsquo;objectif principal est de maintenir la premi\u00e8re place du classement, un enjeu crucial avant le d\u00e9placement \u00e0 Brive. Cette position permettrait au FCG de disputer une demi-finale \u00e0 domicile, un avantage significatif dans le cadre des playoffs.<\/p>\n<p>Hueber a soulign\u00e9 l&rsquo;importance de garder cet \u00e9lan, m\u00eame si les r\u00e9sultats des deux derni\u00e8res journ\u00e9es ne sont pas seulement une question de position. \u00ab\u00a0Nous voulons essayer de garder cette premi\u00e8re place. C&rsquo;est important\u00a0\u00bb, a-t-il d\u00e9clar\u00e9, tout en reconnaissant que l&rsquo;\u00e9quipe doit rester concentr\u00e9e sur ses performances. La route est sem\u00e9e d&#8217;emb\u00fbches, mais la d\u00e9termination de l&rsquo;\u00e9quipe est palpable.<\/p>\n<h2>Une \u00e9quipe en constante \u00e9volution<\/h2>\n<p>Le FCG a connu une saison marqu\u00e9e par des hauts et des bas, et Hueber a reconnu que certaines performances n&rsquo;ont pas \u00e9t\u00e9 \u00e0 la hauteur. \u00ab\u00a0Sur l&rsquo;aspect comptable, on peut dire oui\u00a0\u00bb, a-t-il comment\u00e9, faisant r\u00e9f\u00e9rence \u00e0 la position actuelle de l&rsquo;\u00e9quipe. Cependant, il a aussi not\u00e9 que l&rsquo;\u00e9quipe a parfois manqu\u00e9 de conviction, m\u00eame dans des matchs remport\u00e9s.<\/p>\n<p>Pour pallier ces lacunes, l&rsquo;entra\u00eeneur a modifi\u00e9 l&rsquo;intensit\u00e9 des entra\u00eenements. \u00ab\u00a0Nous travaillons dur physiquement pour \u00eatre pr\u00eats lors des matchs couperets\u00a0\u00bb, a-t-il expliqu\u00e9. Bien que cela ait mis l&rsquo;\u00e9quipe \u00e0 l&rsquo;\u00e9preuve, l&rsquo;espoir est de r\u00e9colter les fruits de ces efforts au moment d\u00e9cisif de la saison.<\/p>\n<h2>La pr\u00e9paration pour le match contre Brive<\/h2>\n<p>\u00c0 l&rsquo;approche du match contre Brive, les Grenoblois savent que chaque point comptera. La rencontre s&rsquo;annonce difficile, d&rsquo;autant plus que Brive est en pleine forme. \u00ab\u00a0Nous devons nous mettre devant eux, afficher notre orgueil et notre fiert\u00e9\u00a0\u00bb, a affirm\u00e9 Hueber, insistant sur la n\u00e9cessit\u00e9 de bien g\u00e9rer cette confrontation.<\/p>\n<p>Le FCG se pr\u00e9sentera avec une \u00e9quipe l\u00e9g\u00e8rement remani\u00e9e, mais avec l&rsquo;intention claire de grappiller des points. Les joueurs savent que ce match est une opportunit\u00e9 de d\u00e9montrer leur force et leur d\u00e9termination. Le d\u00e9fi est de taille, mais l&rsquo;\u00e9tat d&rsquo;esprit de l&rsquo;\u00e9quipe est prometteur.<\/p>\n<h2>Les le\u00e7ons du pass\u00e9 pour un avenir prometteur<\/h2>\n<p>La gestion de l&rsquo;effectif est un aspect que l&rsquo;\u00e9quipe a am\u00e9lior\u00e9 depuis l&rsquo;ann\u00e9e derni\u00e8re. Bien que des blessures aient touch\u00e9 certains joueurs, comme Sirgel et Cros, la profondeur du banc semble d\u00e9sormais plus solide. \u00ab\u00a0Nous n&rsquo;avons pas senti de diff\u00e9rence en changeant certains joueurs\u00a0\u00bb, a not\u00e9 Hueber, t\u00e9moignant d&rsquo;une meilleure pr\u00e9paration.<\/p>\n<p>Cette saison, les Grenoblois semblent mieux arm\u00e9s pour faire face aux d\u00e9fis qui les attendent. Les retours de joueurs comme Ployet et Hulleu pourraient renforcer l&rsquo;\u00e9quipe alors qu&rsquo;elle se dirige vers les phases finales. La confiance est de mise, et l&rsquo;\u00e9quipe est pr\u00eate \u00e0 relever le d\u00e9fi qui se pr\u00e9sente \u00e0 elle.<\/p>\n<ul>\n<li><strong>Lire aussi : Deux places pour quatre dans le top 6, Aurillac sur la sellette : les enjeux de la fin de saison<\/strong><\/li>\n<\/ul>\n<blockquote>\n<p lang=\"fr\" dir=\"ltr\">L&rsquo;exigence est la cl\u00e9 pour Patrick P\u00e9zery, en vue de la fin de saison de Grenoble.<\/p>\n<\/blockquote>\n<p>Les Grenoblois sont engag\u00e9s dans une lutte acharn\u00e9e pour conserver leur position en t\u00eate du classement. Leurs performances sur le terrain et leur capacit\u00e9 \u00e0 g\u00e9rer la pression seront d\u00e9terminantes pour atteindre leurs objectifs. Une victoire contre Brive serait un pas de plus vers la concr\u00e9tisation de leur r\u00eave de jouer les phases finales \u00e0 domicile. La saison est encore loin d&rsquo;\u00eatre termin\u00e9e, mais avec une \u00e9quipe d\u00e9termin\u00e9e et un staff attentif, Grenoble a toutes les cartes en main pour r\u00e9ussir.<\/p>\n","protected":false},"excerpt":{"rendered":"","protected":false},"author":34,"featured_media":15032,"comment_status":"open","ping_status":"open","sticky":false,"template":"","format":"standard","meta":{"_acf_changed":false,"manual_indexmenow":false,"indexmenow_id_project":0,"footnotes":""},"categories":[1],"tags":[4585,4544,4898,4632,4885],"class_list":["post-14950","post","type-post","status-publish","format-standard","has-post-thumbnail","hentry","category-a-la-une","tag-cohesion-dequipe","tag-equipe","tag-gestion-du-stress","tag-performance-sportive","tag-preparation-mentale","generate-columns","tablet-grid-50","mobile-grid-100","grid-parent","grid-25"],"acf":[],"yoast_head":"<!-- This site is optimized with the Yoast SEO Premium plugin v21.3 (Yoast SEO v26.5) - https:\/\/yoast.com\/wordpress\/plugins\/seo\/ -->\n<title>Pro D2 : Aubin Hueber et les Grenoblois, la qu\u00eate<\/title>\n<meta name=\"description\" content=\"Un objectif clair pour le FCG Le directeur sportif du FCG, Aubin Hueber, a r\u00e9cemment fait le point sur la situation de son \u00e9quipe \u00e0 l&#039;approche de la fin\u2026\" \/>\n<meta name=\"robots\" content=\"index, follow, max-snippet:-1, max-image-preview:large, max-video-preview:-1\" \/>\n<link rel=\"canonical\" href=\"https:\/\/sport-index.fr\/blog\/a-la-une\/pro-d2-aubin-hueber-et-les-grenoblois-la-quete-de-la-premiere-place-en-jeu\/\" \/>\n<meta property=\"og:locale\" content=\"fr_FR\" \/>\n<meta property=\"og:type\" content=\"article\" \/>\n<meta property=\"og:title\" content=\"Pro D2 : Aubin Hueber et les Grenoblois, la qu\u00eate\" \/>\n<meta property=\"og:description\" content=\"Un objectif clair pour le FCG Le directeur sportif du FCG, Aubin Hueber, a r\u00e9cemment fait le point sur la situation de son \u00e9quipe \u00e0 l&#039;approche de la fin\u2026\" \/>\n<meta property=\"og:url\" content=\"https:\/\/sport-index.fr\/blog\/a-la-une\/pro-d2-aubin-hueber-et-les-grenoblois-la-quete-de-la-premiere-place-en-jeu\/\" \/>\n<meta property=\"og:site_name\" content=\"sport-index\" \/>\n<meta name=\"author\" content=\"Axel Lauzier\" \/>\n<meta name=\"twitter:card\" content=\"summary_large_image\" \/>\n<script type=\"application\/ld+json\" class=\"yoast-schema-graph\">{\"@context\":\"https:\/\/schema.org\",\"@graph\":[{\"@type\":\"NewsArticle\",\"@id\":\"https:\/\/sport-index.fr\/blog\/a-la-une\/pro-d2-aubin-hueber-et-les-grenoblois-la-quete-de-la-premiere-place-en-jeu\/#article\",\"isPartOf\":{\"@id\":\"https:\/\/sport-index.fr\/blog\/a-la-une\/pro-d2-aubin-hueber-et-les-grenoblois-la-quete-de-la-premiere-place-en-jeu\/\"},\"author\":{\"name\":\"Axel Lauzier\",\"@id\":\"https:\/\/sport-index.fr\/blog\/#\/schema\/person\/3c864cdc320801e3db34b663e7e3f816\"},\"headline\":\"Pro D2 : Aubin Hueber et les Grenoblois, la qu\u00eate de la premi\u00e8re place en jeu\",\"datePublished\":\"2025-05-07T12:19:57+00:00\",\"mainEntityOfPage\":{\"@id\":\"https:\/\/sport-index.fr\/blog\/a-la-une\/pro-d2-aubin-hueber-et-les-grenoblois-la-quete-de-la-premiere-place-en-jeu\/\"},\"wordCount\":668,\"commentCount\":22,\"publisher\":{\"@id\":\"https:\/\/sport-index.fr\/blog\/#organization\"},\"image\":{\"@id\":\"https:\/\/sport-index.fr\/blog\/a-la-une\/pro-d2-aubin-hueber-et-les-grenoblois-la-quete-de-la-premiere-place-en-jeu\/#primaryimage\"},\"thumbnailUrl\":\"https:\/\/sport-index.fr\/blog\/wp-content\/uploads\/2025\/05\/sdxl-ad8e39845c5a8e3aa15e505a01997f5d-scaled.png\",\"keywords\":[\"Coh\u00e9sion d'\u00c9quipe\",\"\u00c9quipe\",\"Gestion Du Stress\",\"Performance sportive\",\"Pr\u00e9paration Mentale\"],\"articleSection\":[\"\u00c0 la une\"],\"inLanguage\":\"fr-FR\",\"potentialAction\":[{\"@type\":\"CommentAction\",\"name\":\"Comment\",\"target\":[\"https:\/\/sport-index.fr\/blog\/a-la-une\/pro-d2-aubin-hueber-et-les-grenoblois-la-quete-de-la-premiere-place-en-jeu\/#respond\"]}]},{\"@type\":\"WebPage\",\"@id\":\"https:\/\/sport-index.fr\/blog\/a-la-une\/pro-d2-aubin-hueber-et-les-grenoblois-la-quete-de-la-premiere-place-en-jeu\/\",\"url\":\"https:\/\/sport-index.fr\/blog\/a-la-une\/pro-d2-aubin-hueber-et-les-grenoblois-la-quete-de-la-premiere-place-en-jeu\/\",\"name\":\"Pro D2 : Aubin Hueber et les Grenoblois, la qu\u00eate\",\"isPartOf\":{\"@id\":\"https:\/\/sport-index.fr\/blog\/#website\"},\"primaryImageOfPage\":{\"@id\":\"https:\/\/sport-index.fr\/blog\/a-la-une\/pro-d2-aubin-hueber-et-les-grenoblois-la-quete-de-la-premiere-place-en-jeu\/#primaryimage\"},\"image\":{\"@id\":\"https:\/\/sport-index.fr\/blog\/a-la-une\/pro-d2-aubin-hueber-et-les-grenoblois-la-quete-de-la-premiere-place-en-jeu\/#primaryimage\"},\"thumbnailUrl\":\"https:\/\/sport-index.fr\/blog\/wp-content\/uploads\/2025\/05\/sdxl-ad8e39845c5a8e3aa15e505a01997f5d-scaled.png\",\"datePublished\":\"2025-05-07T12:19:57+00:00\",\"description\":\"Un objectif clair pour le FCG Le directeur sportif du FCG, Aubin Hueber, a r\u00e9cemment fait le point sur la situation de son \u00e9quipe \u00e0 l'approche de la fin\u2026\",\"inLanguage\":\"fr-FR\",\"potentialAction\":[{\"@type\":\"ReadAction\",\"target\":[\"https:\/\/sport-index.fr\/blog\/a-la-une\/pro-d2-aubin-hueber-et-les-grenoblois-la-quete-de-la-premiere-place-en-jeu\/\"]}]},{\"@type\":\"ImageObject\",\"inLanguage\":\"fr-FR\",\"@id\":\"https:\/\/sport-index.fr\/blog\/a-la-une\/pro-d2-aubin-hueber-et-les-grenoblois-la-quete-de-la-premiere-place-en-jeu\/#primaryimage\",\"url\":\"https:\/\/sport-index.fr\/blog\/wp-content\/uploads\/2025\/05\/sdxl-ad8e39845c5a8e3aa15e505a01997f5d-scaled.png\",\"contentUrl\":\"https:\/\/sport-index.fr\/blog\/wp-content\/uploads\/2025\/05\/sdxl-ad8e39845c5a8e3aa15e505a01997f5d-scaled.png\",\"width\":1200,\"height\":500},{\"@type\":\"WebSite\",\"@id\":\"https:\/\/sport-index.fr\/blog\/#website\",\"url\":\"https:\/\/sport-index.fr\/blog\/\",\"name\":\"sport-index.fr\",\"description\":\"Le score de l\u2019analyse sportive.\",\"publisher\":{\"@id\":\"https:\/\/sport-index.fr\/blog\/#organization\"},\"alternateName\":\"Le score de l\u2019analyse sportive.\",\"potentialAction\":[{\"@type\":\"SearchAction\",\"target\":{\"@type\":\"EntryPoint\",\"urlTemplate\":\"https:\/\/sport-index.fr\/blog\/?s={search_term_string}\"},\"query-input\":{\"@type\":\"PropertyValueSpecification\",\"valueRequired\":true,\"valueName\":\"search_term_string\"}}],\"inLanguage\":\"fr-FR\"},{\"@type\":\"Organization\",\"@id\":\"https:\/\/sport-index.fr\/blog\/#organization\",\"name\":\"Foretsensations.fr\",\"url\":\"https:\/\/sport-index.fr\/blog\/\",\"logo\":{\"@type\":\"ImageObject\",\"inLanguage\":\"fr-FR\",\"@id\":\"https:\/\/sport-index.fr\/blog\/#\/schema\/logo\/image\/\",\"url\":\"https:\/\/sport-index.fr\/blog\/wp-content\/uploads\/2026\/07\/logo-auto.png\",\"contentUrl\":\"https:\/\/sport-index.fr\/blog\/wp-content\/uploads\/2026\/07\/logo-auto.png\",\"width\":1024,\"height\":1024,\"caption\":\"Foretsensations.fr\"},\"image\":{\"@id\":\"https:\/\/sport-index.fr\/blog\/#\/schema\/logo\/image\/\"}},{\"@type\":\"Person\",\"@id\":\"https:\/\/sport-index.fr\/blog\/#\/schema\/person\/3c864cdc320801e3db34b663e7e3f816\",\"name\":\"Axel Lauzier\",\"image\":{\"@type\":\"ImageObject\",\"inLanguage\":\"fr-FR\",\"@id\":\"https:\/\/sport-index.fr\/blog\/#\/schema\/person\/image\/\",\"url\":\"https:\/\/sport-index.fr\/blog\/wp-content\/uploads\/2026\/06\/persona_axel-l-96x96.jpg\",\"contentUrl\":\"https:\/\/sport-index.fr\/blog\/wp-content\/uploads\/2026\/06\/persona_axel-l-96x96.jpg\",\"caption\":\"Axel Lauzier\"},\"description\":\"Le sport rythme mon quotidien depuis l'enfance, et j'en ai fait mon m\u00e9tier d'analyste r\u00e9dactionnel il y a une dizaine d'ann\u00e9es. Je couvre principalement le football, son actualit\u00e9, ses transferts et l'analyse tactique des grandes affiches, mais aussi les disciplines plus confidentielles que j'aime remettre en lumi\u00e8re. Une partie de mon travail porte sur les pronostics et la lecture statistique d'un match : forme des \u00e9quipes, historique des confrontations, compositions, sans jamais vendre de fausse certitude. Je rappelle syst\u00e9matiquement que parier comporte un risque et doit rester un loisir ma\u00eetris\u00e9. Avant de signer une analyse, je v\u00e9rifie mes chiffres, je recoupe les compositions probables et je distingue toujours la donn\u00e9e brute de l'intuition. Mon objectif : offrir une lecture honn\u00eate et argument\u00e9e, pas un ticket gagnant garanti.\",\"sameAs\":[\"https:\/\/axellauzier.fr\/\"],\"url\":\"https:\/\/sport-index.fr\/blog\/auteur\/noname\/\"}]}<\/script>\n<!-- \/ Yoast SEO Premium plugin. -->","yoast_head_json":{"title":"Pro D2 : Aubin Hueber et les Grenoblois, la qu\u00eate","description":"Un objectif clair pour le FCG Le directeur sportif du FCG, Aubin Hueber, a r\u00e9cemment fait le point sur la situation de son \u00e9quipe \u00e0 l'approche de la fin\u2026","robots":{"index":"index","follow":"follow","max-snippet":"max-snippet:-1","max-image-preview":"max-image-preview:large","max-video-preview":"max-video-preview:-1"},"canonical":"https:\/\/sport-index.fr\/blog\/a-la-une\/pro-d2-aubin-hueber-et-les-grenoblois-la-quete-de-la-premiere-place-en-jeu\/","og_locale":"fr_FR","og_type":"article","og_title":"Pro D2 : Aubin Hueber et les Grenoblois, la qu\u00eate","og_description":"Un objectif clair pour le FCG Le directeur sportif du FCG, Aubin Hueber, a r\u00e9cemment fait le point sur la situation de son \u00e9quipe \u00e0 l'approche de la fin\u2026","og_url":"https:\/\/sport-index.fr\/blog\/a-la-une\/pro-d2-aubin-hueber-et-les-grenoblois-la-quete-de-la-premiere-place-en-jeu\/","og_site_name":"sport-index","author":"Axel Lauzier","twitter_card":"summary_large_image","schema":{"@context":"https:\/\/schema.org","@graph":[{"@type":"NewsArticle","@id":"https:\/\/sport-index.fr\/blog\/a-la-une\/pro-d2-aubin-hueber-et-les-grenoblois-la-quete-de-la-premiere-place-en-jeu\/#article","isPartOf":{"@id":"https:\/\/sport-index.fr\/blog\/a-la-une\/pro-d2-aubin-hueber-et-les-grenoblois-la-quete-de-la-premiere-place-en-jeu\/"},"author":{"name":"Axel Lauzier","@id":"https:\/\/sport-index.fr\/blog\/#\/schema\/person\/3c864cdc320801e3db34b663e7e3f816"},"headline":"Pro D2 : Aubin Hueber et les Grenoblois, la qu\u00eate de la premi\u00e8re place en jeu","datePublished":"2025-05-07T12:19:57+00:00","mainEntityOfPage":{"@id":"https:\/\/sport-index.fr\/blog\/a-la-une\/pro-d2-aubin-hueber-et-les-grenoblois-la-quete-de-la-premiere-place-en-jeu\/"},"wordCount":668,"commentCount":22,"publisher":{"@id":"https:\/\/sport-index.fr\/blog\/#organization"},"image":{"@id":"https:\/\/sport-index.fr\/blog\/a-la-une\/pro-d2-aubin-hueber-et-les-grenoblois-la-quete-de-la-premiere-place-en-jeu\/#primaryimage"},"thumbnailUrl":"https:\/\/sport-index.fr\/blog\/wp-content\/uploads\/2025\/05\/sdxl-ad8e39845c5a8e3aa15e505a01997f5d-scaled.png","keywords":["Coh\u00e9sion d'\u00c9quipe","\u00c9quipe","Gestion Du Stress","Performance sportive","Pr\u00e9paration Mentale"],"articleSection":["\u00c0 la une"],"inLanguage":"fr-FR","potentialAction":[{"@type":"CommentAction","name":"Comment","target":["https:\/\/sport-index.fr\/blog\/a-la-une\/pro-d2-aubin-hueber-et-les-grenoblois-la-quete-de-la-premiere-place-en-jeu\/#respond"]}]},{"@type":"WebPage","@id":"https:\/\/sport-index.fr\/blog\/a-la-une\/pro-d2-aubin-hueber-et-les-grenoblois-la-quete-de-la-premiere-place-en-jeu\/","url":"https:\/\/sport-index.fr\/blog\/a-la-une\/pro-d2-aubin-hueber-et-les-grenoblois-la-quete-de-la-premiere-place-en-jeu\/","name":"Pro D2 : Aubin Hueber et les Grenoblois, la qu\u00eate","isPartOf":{"@id":"https:\/\/sport-index.fr\/blog\/#website"},"primaryImageOfPage":{"@id":"https:\/\/sport-index.fr\/blog\/a-la-une\/pro-d2-aubin-hueber-et-les-grenoblois-la-quete-de-la-premiere-place-en-jeu\/#primaryimage"},"image":{"@id":"https:\/\/sport-index.fr\/blog\/a-la-une\/pro-d2-aubin-hueber-et-les-grenoblois-la-quete-de-la-premiere-place-en-jeu\/#primaryimage"},"thumbnailUrl":"https:\/\/sport-index.fr\/blog\/wp-content\/uploads\/2025\/05\/sdxl-ad8e39845c5a8e3aa15e505a01997f5d-scaled.png","datePublished":"2025-05-07T12:19:57+00:00","description":"Un objectif clair pour le FCG Le directeur sportif du FCG, Aubin Hueber, a r\u00e9cemment fait le point sur la situation de son \u00e9quipe \u00e0 l'approche de la fin\u2026","inLanguage":"fr-FR","potentialAction":[{"@type":"ReadAction","target":["https:\/\/sport-index.fr\/blog\/a-la-une\/pro-d2-aubin-hueber-et-les-grenoblois-la-quete-de-la-premiere-place-en-jeu\/"]}]},{"@type":"ImageObject","inLanguage":"fr-FR","@id":"https:\/\/sport-index.fr\/blog\/a-la-une\/pro-d2-aubin-hueber-et-les-grenoblois-la-quete-de-la-premiere-place-en-jeu\/#primaryimage","url":"https:\/\/sport-index.fr\/blog\/wp-content\/uploads\/2025\/05\/sdxl-ad8e39845c5a8e3aa15e505a01997f5d-scaled.png","contentUrl":"https:\/\/sport-index.fr\/blog\/wp-content\/uploads\/2025\/05\/sdxl-ad8e39845c5a8e3aa15e505a01997f5d-scaled.png","width":1200,"height":500},{"@type":"WebSite","@id":"https:\/\/sport-index.fr\/blog\/#website","url":"https:\/\/sport-index.fr\/blog\/","name":"sport-index.fr","description":"Le score de l\u2019analyse sportive.","publisher":{"@id":"https:\/\/sport-index.fr\/blog\/#organization"},"alternateName":"Le score de l\u2019analyse sportive.","potentialAction":[{"@type":"SearchAction","target":{"@type":"EntryPoint","urlTemplate":"https:\/\/sport-index.fr\/blog\/?s={search_term_string}"},"query-input":{"@type":"PropertyValueSpecification","valueRequired":true,"valueName":"search_term_string"}}],"inLanguage":"fr-FR"},{"@type":"Organization","@id":"https:\/\/sport-index.fr\/blog\/#organization","name":"Foretsensations.fr","url":"https:\/\/sport-index.fr\/blog\/","logo":{"@type":"ImageObject","inLanguage":"fr-FR","@id":"https:\/\/sport-index.fr\/blog\/#\/schema\/logo\/image\/","url":"https:\/\/sport-index.fr\/blog\/wp-content\/uploads\/2026\/07\/logo-auto.png","contentUrl":"https:\/\/sport-index.fr\/blog\/wp-content\/uploads\/2026\/07\/logo-auto.png","width":1024,"height":1024,"caption":"Foretsensations.fr"},"image":{"@id":"https:\/\/sport-index.fr\/blog\/#\/schema\/logo\/image\/"}},{"@type":"Person","@id":"https:\/\/sport-index.fr\/blog\/#\/schema\/person\/3c864cdc320801e3db34b663e7e3f816","name":"Axel Lauzier","image":{"@type":"ImageObject","inLanguage":"fr-FR","@id":"https:\/\/sport-index.fr\/blog\/#\/schema\/person\/image\/","url":"https:\/\/sport-index.fr\/blog\/wp-content\/uploads\/2026\/06\/persona_axel-l-96x96.jpg","contentUrl":"https:\/\/sport-index.fr\/blog\/wp-content\/uploads\/2026\/06\/persona_axel-l-96x96.jpg","caption":"Axel Lauzier"},"description":"Le sport rythme mon quotidien depuis l'enfance, et j'en ai fait mon m\u00e9tier d'analyste r\u00e9dactionnel il y a une dizaine d'ann\u00e9es. Je couvre principalement le football, son actualit\u00e9, ses transferts et l'analyse tactique des grandes affiches, mais aussi les disciplines plus confidentielles que j'aime remettre en lumi\u00e8re. Une partie de mon travail porte sur les pronostics et la lecture statistique d'un match : forme des \u00e9quipes, historique des confrontations, compositions, sans jamais vendre de fausse certitude. Je rappelle syst\u00e9matiquement que parier comporte un risque et doit rester un loisir ma\u00eetris\u00e9. Avant de signer une analyse, je v\u00e9rifie mes chiffres, je recoupe les compositions probables et je distingue toujours la donn\u00e9e brute de l'intuition. Mon objectif : offrir une lecture honn\u00eate et argument\u00e9e, pas un ticket gagnant garanti.","sameAs":["https:\/\/axellauzier.fr\/"],"url":"https:\/\/sport-index.fr\/blog\/auteur\/noname\/"}]}},"_links":{"self":[{"href":"https:\/\/sport-index.fr\/blog\/wp-json\/wp\/v2\/posts\/14950","targetHints":{"allow":["GET"]}}],"collection":[{"href":"https:\/\/sport-index.fr\/blog\/wp-json\/wp\/v2\/posts"}],"about":[{"href":"https:\/\/sport-index.fr\/blog\/wp-json\/wp\/v2\/types\/post"}],"author":[{"embeddable":true,"href":"https:\/\/sport-index.fr\/blog\/wp-json\/wp\/v2\/users\/34"}],"replies":[{"embeddable":true,"href":"https:\/\/sport-index.fr\/blog\/wp-json\/wp\/v2\/comments?post=14950"}],"version-history":[{"count":1,"href":"https:\/\/sport-index.fr\/blog\/wp-json\/wp\/v2\/posts\/14950\/revisions"}],"predecessor-version":[{"id":14959,"href":"https:\/\/sport-index.fr\/blog\/wp-json\/wp\/v2\/posts\/14950\/revisions\/14959"}],"wp:featuredmedia":[{"embeddable":true,"href":"https:\/\/sport-index.fr\/blog\/wp-json\/wp\/v2\/media\/15032"}],"wp:attachment":[{"href":"https:\/\/sport-index.fr\/blog\/wp-json\/wp\/v2\/media?parent=14950"}],"wp:term":[{"taxonomy":"category","embeddable":true,"href":"https:\/\/sport-index.fr\/blog\/wp-json\/wp\/v2\/categories?post=14950"},{"taxonomy":"post_tag","embeddable":true,"href":"https:\/\/sport-index.fr\/blog\/wp-json\/wp\/v2\/tags?post=14950"}],"curies":[{"name":"wp","href":"https:\/\/api.w.org\/{rel}","templated":true}]}}