{"id":14972,"date":"2025-05-08T02:25:47","date_gmt":"2025-05-08T00:25:47","guid":{"rendered":"https:\/\/sport-index.fr\/blog\/?p=14972"},"modified":"2025-05-07T18:24:48","modified_gmt":"2025-05-07T16:24:48","slug":"federale-2-les-rheusois-face-a-un-defi-de-taille-contre-tours-apres-lexploit","status":"publish","type":"post","link":"https:\/\/sport-index.fr\/blog\/a-la-une\/federale-2-les-rheusois-face-a-un-defi-de-taille-contre-tours-apres-lexploit\/","title":{"rendered":"f\u00e9d\u00e9rale 2 : les rheusois face \u00e0 un d\u00e9fi de taille contre tours apr\u00e8s l&rsquo;exploit"},"content":{"rendered":"<h2>Une rencontre d\u00e9cisive pour les rheusois<\/h2>\n<p>Cette rencontre s\u2019annonce comme un v\u00e9ritable test pour les Rheusois, qui ont r\u00e9cemment r\u00e9alis\u00e9 un exploit en battant Lons-le-Saunier, une \u00e9quipe invaincue \u00e0 domicile depuis deux ans. Les joueurs du Rheu, galvanis\u00e9s par cette victoire, doivent maintenant se concentrer sur le d\u00e9fi qui les attend contre le leader national.<\/p>\n<p>Le match \u00e0 Lons-le-Saunier a \u00e9t\u00e9 l\u2019occasion pour les Rheusois de prouver leur force de caract\u00e8re. Avec des performances remarquables de Simon Piaud et Ga\u00ebtan B\u00e9raud, ils ont su faire face \u00e0 la pression. Maintenant, ils se tournent vers Tours avec la d\u00e9termination de r\u00e9it\u00e9rer cet exploit et de poursuivre leur aventure en phase finale.<\/p>\n<h2>Des adversaires redoutables mais pas invincibles<\/h2>\n<p>Les Tourangeaux, dirig\u00e9s par Bertrand Guilloux, affichent un parcours impressionnant cette saison avec dix-neuf victoires \u00e0 leur actif. Toutefois, leur seule d\u00e9faite a \u00e9t\u00e9 inflig\u00e9e par le Rheu en f\u00e9vrier dernier, ce qui leur rappelle que la victoire n\u2019est pas acquise d\u2019avance. Les Rheusois ont prouv\u00e9 qu\u2019ils pouvaient rivaliser avec les meilleures \u00e9quipes, et ils entreront sur le terrain avec une grande confiance.<\/p>\n<p>Ga\u00ebtan B\u00e9raud, l&rsquo;un des piliers de l\u2019\u00e9quipe, souligne que m\u00eame s&rsquo;ils ne sont pas favoris, l&rsquo;\u00e9quipe ne se pr\u00e9sentera pas en tant que perdants. Son exp\u00e9rience et son d\u00e9sir de continuer son parcours de rugbyman motivent ses co\u00e9quipiers \u00e0 donner le meilleur d\u2019eux-m\u00eames. \u00ab\u00a0On a d\u00e9j\u00e0 battu cette \u00e9quipe de Tours. Si on est capable de r\u00e9it\u00e9rer cette performance, tout sera possible,\u00a0\u00bb d\u00e9clare-t-il.<\/p>\n<h2>Une pr\u00e9paration m\u00e9ticuleuse pour l\u2019affrontement<\/h2>\n<p>Apr\u00e8s leur retour tardif de Lons-le-Saunier, les Rheusois se sont remis au travail sans tarder. Leur pr\u00e9paration pour le match contre Tours inclut des s\u00e9ances d\u2019entra\u00eenement intensives et une analyse approfondie de l\u2019\u00e9quipe adverse. L\u2019entra\u00eeneur des trois-quarts, Yann Moison, insiste sur l\u2019importance de l\u2019investissement personnel des joueurs, tant sur le terrain qu\u2019en dehors.<\/p>\n<p>Moison fait preuve de r\u00e9alisme en reconnaissant le niveau de l\u2019adversaire, mais il sait aussi que ses joueurs aiment relever des d\u00e9fis. Leur victoire contre Tours en f\u00e9vrier a prouv\u00e9 qu&rsquo;ils sont capables de grandes choses. \u00ab\u00a0Nous avons gagn\u00e9 le droit de r\u00eaver,\u00a0\u00bb conclut-il, soulignant la motivation de ses joueurs \u00e0 faire un nouvel exploit.<\/p>\n<ul>\n<li>Une victoire d\u00e9cisive \u00e0 Lons-le-Saunier<\/li>\n<li>Une pr\u00e9paration intense pour le match contre Tours<\/li>\n<li>Des joueurs motiv\u00e9s et confiants<\/li>\n<li>Le soutien ind\u00e9fectible des supporters<\/li>\n<li>Une \u00e9quipe qui a prouv\u00e9 sa valeur sur le terrain<\/li>\n<\/ul>\n<blockquote><p>\n  \u00ab\u00a0Il fallait \u00eatre costaud pour aller gagner \u00e0 Lons devant son public,\u00a0\u00bb estime l\u2019entra\u00eeneur des trois-quarts Yann Moison.\n<\/p><\/blockquote>\n<p>Les Rheusois se lancent donc dans cette nouvelle bataille avec la ferme intention de prouver qu\u2019ils peuvent rivaliser avec les meilleures \u00e9quipes de la division. La rencontre contre Tours promet d\u2019\u00eatre palpitante et pourrait marquer un tournant dans leur saison. Les supporters attendent avec impatience de voir si l&rsquo;\u00e9quipe parviendra \u00e0 transformer leur r\u00eave en r\u00e9alit\u00e9 et \u00e0 continuer leur parcours en phase finale.<\/p>\n","protected":false},"excerpt":{"rendered":"","protected":false},"author":34,"featured_media":15025,"comment_status":"open","ping_status":"open","sticky":false,"template":"","format":"standard","meta":{"_acf_changed":false,"manual_indexmenow":false,"indexmenow_id_project":0,"footnotes":""},"categories":[1],"tags":[4886,4585,4632,4885,4536],"class_list":["post-14972","post","type-post","status-publish","format-standard","has-post-thumbnail","hentry","category-a-la-une","tag-analyse-des-adversaires","tag-cohesion-dequipe","tag-performance-sportive","tag-preparation-mentale","tag-rugby","generate-columns","tablet-grid-50","mobile-grid-100","grid-parent","grid-25"],"acf":[],"yoast_head":"<!-- This site is optimized with the Yoast SEO Premium plugin v21.3 (Yoast SEO v26.5) - https:\/\/yoast.com\/wordpress\/plugins\/seo\/ -->\n<title>f\u00e9d\u00e9rale 2 : les rheusois face \u00e0 un d\u00e9fi de taille contre<\/title>\n<meta name=\"description\" content=\"Une rencontre d\u00e9cisive pour les rheusois Cette rencontre s\u2019annonce comme un v\u00e9ritable test pour les Rheusois, qui ont r\u00e9cemment r\u00e9alis\u00e9 un exploit en\u2026\" \/>\n<meta name=\"robots\" content=\"index, follow, max-snippet:-1, max-image-preview:large, max-video-preview:-1\" \/>\n<link rel=\"canonical\" href=\"https:\/\/sport-index.fr\/blog\/a-la-une\/federale-2-les-rheusois-face-a-un-defi-de-taille-contre-tours-apres-lexploit\/\" \/>\n<meta property=\"og:locale\" content=\"fr_FR\" \/>\n<meta property=\"og:type\" content=\"article\" \/>\n<meta property=\"og:title\" content=\"f\u00e9d\u00e9rale 2 : les rheusois face \u00e0 un d\u00e9fi de taille contre\" \/>\n<meta property=\"og:description\" content=\"Une rencontre d\u00e9cisive pour les rheusois Cette rencontre s\u2019annonce comme un v\u00e9ritable test pour les Rheusois, qui ont r\u00e9cemment r\u00e9alis\u00e9 un exploit en\u2026\" \/>\n<meta property=\"og:url\" content=\"https:\/\/sport-index.fr\/blog\/a-la-une\/federale-2-les-rheusois-face-a-un-defi-de-taille-contre-tours-apres-lexploit\/\" \/>\n<meta property=\"og:site_name\" content=\"sport-index\" \/>\n<meta name=\"author\" content=\"Axel Lauzier\" \/>\n<meta name=\"twitter:card\" content=\"summary_large_image\" \/>\n<script type=\"application\/ld+json\" class=\"yoast-schema-graph\">{\"@context\":\"https:\/\/schema.org\",\"@graph\":[{\"@type\":\"NewsArticle\",\"@id\":\"https:\/\/sport-index.fr\/blog\/a-la-une\/federale-2-les-rheusois-face-a-un-defi-de-taille-contre-tours-apres-lexploit\/#article\",\"isPartOf\":{\"@id\":\"https:\/\/sport-index.fr\/blog\/a-la-une\/federale-2-les-rheusois-face-a-un-defi-de-taille-contre-tours-apres-lexploit\/\"},\"author\":{\"name\":\"Axel Lauzier\",\"@id\":\"https:\/\/sport-index.fr\/blog\/#\/schema\/person\/3c864cdc320801e3db34b663e7e3f816\"},\"headline\":\"f\u00e9d\u00e9rale 2 : les rheusois face \u00e0 un d\u00e9fi de taille contre tours apr\u00e8s l&rsquo;exploit\",\"datePublished\":\"2025-05-08T00:25:47+00:00\",\"mainEntityOfPage\":{\"@id\":\"https:\/\/sport-index.fr\/blog\/a-la-une\/federale-2-les-rheusois-face-a-un-defi-de-taille-contre-tours-apres-lexploit\/\"},\"wordCount\":546,\"commentCount\":24,\"publisher\":{\"@id\":\"https:\/\/sport-index.fr\/blog\/#organization\"},\"image\":{\"@id\":\"https:\/\/sport-index.fr\/blog\/a-la-une\/federale-2-les-rheusois-face-a-un-defi-de-taille-contre-tours-apres-lexploit\/#primaryimage\"},\"thumbnailUrl\":\"https:\/\/sport-index.fr\/blog\/wp-content\/uploads\/2025\/05\/sdxl-8a391e3e8534763228c3b0b87452202a-scaled.png\",\"keywords\":[\"Analyse des Adversaires\",\"Coh\u00e9sion d'\u00c9quipe\",\"Performance sportive\",\"Pr\u00e9paration Mentale\",\"Rugby\"],\"articleSection\":[\"\u00c0 la une\"],\"inLanguage\":\"fr-FR\",\"potentialAction\":[{\"@type\":\"CommentAction\",\"name\":\"Comment\",\"target\":[\"https:\/\/sport-index.fr\/blog\/a-la-une\/federale-2-les-rheusois-face-a-un-defi-de-taille-contre-tours-apres-lexploit\/#respond\"]}]},{\"@type\":\"WebPage\",\"@id\":\"https:\/\/sport-index.fr\/blog\/a-la-une\/federale-2-les-rheusois-face-a-un-defi-de-taille-contre-tours-apres-lexploit\/\",\"url\":\"https:\/\/sport-index.fr\/blog\/a-la-une\/federale-2-les-rheusois-face-a-un-defi-de-taille-contre-tours-apres-lexploit\/\",\"name\":\"f\u00e9d\u00e9rale 2 : les rheusois face \u00e0 un d\u00e9fi de taille contre\",\"isPartOf\":{\"@id\":\"https:\/\/sport-index.fr\/blog\/#website\"},\"primaryImageOfPage\":{\"@id\":\"https:\/\/sport-index.fr\/blog\/a-la-une\/federale-2-les-rheusois-face-a-un-defi-de-taille-contre-tours-apres-lexploit\/#primaryimage\"},\"image\":{\"@id\":\"https:\/\/sport-index.fr\/blog\/a-la-une\/federale-2-les-rheusois-face-a-un-defi-de-taille-contre-tours-apres-lexploit\/#primaryimage\"},\"thumbnailUrl\":\"https:\/\/sport-index.fr\/blog\/wp-content\/uploads\/2025\/05\/sdxl-8a391e3e8534763228c3b0b87452202a-scaled.png\",\"datePublished\":\"2025-05-08T00:25:47+00:00\",\"description\":\"Une rencontre d\u00e9cisive pour les rheusois Cette rencontre s\u2019annonce comme un v\u00e9ritable test pour les Rheusois, qui ont r\u00e9cemment r\u00e9alis\u00e9 un exploit en\u2026\",\"inLanguage\":\"fr-FR\",\"potentialAction\":[{\"@type\":\"ReadAction\",\"target\":[\"https:\/\/sport-index.fr\/blog\/a-la-une\/federale-2-les-rheusois-face-a-un-defi-de-taille-contre-tours-apres-lexploit\/\"]}]},{\"@type\":\"ImageObject\",\"inLanguage\":\"fr-FR\",\"@id\":\"https:\/\/sport-index.fr\/blog\/a-la-une\/federale-2-les-rheusois-face-a-un-defi-de-taille-contre-tours-apres-lexploit\/#primaryimage\",\"url\":\"https:\/\/sport-index.fr\/blog\/wp-content\/uploads\/2025\/05\/sdxl-8a391e3e8534763228c3b0b87452202a-scaled.png\",\"contentUrl\":\"https:\/\/sport-index.fr\/blog\/wp-content\/uploads\/2025\/05\/sdxl-8a391e3e8534763228c3b0b87452202a-scaled.png\",\"width\":1200,\"height\":500},{\"@type\":\"WebSite\",\"@id\":\"https:\/\/sport-index.fr\/blog\/#website\",\"url\":\"https:\/\/sport-index.fr\/blog\/\",\"name\":\"sport-index.fr\",\"description\":\"Le score de l\u2019analyse sportive.\",\"publisher\":{\"@id\":\"https:\/\/sport-index.fr\/blog\/#organization\"},\"alternateName\":\"Le score de l\u2019analyse sportive.\",\"potentialAction\":[{\"@type\":\"SearchAction\",\"target\":{\"@type\":\"EntryPoint\",\"urlTemplate\":\"https:\/\/sport-index.fr\/blog\/?s={search_term_string}\"},\"query-input\":{\"@type\":\"PropertyValueSpecification\",\"valueRequired\":true,\"valueName\":\"search_term_string\"}}],\"inLanguage\":\"fr-FR\"},{\"@type\":\"Organization\",\"@id\":\"https:\/\/sport-index.fr\/blog\/#organization\",\"name\":\"Foretsensations.fr\",\"url\":\"https:\/\/sport-index.fr\/blog\/\",\"logo\":{\"@type\":\"ImageObject\",\"inLanguage\":\"fr-FR\",\"@id\":\"https:\/\/sport-index.fr\/blog\/#\/schema\/logo\/image\/\",\"url\":\"https:\/\/sport-index.fr\/blog\/wp-content\/uploads\/2026\/07\/logo-auto.png\",\"contentUrl\":\"https:\/\/sport-index.fr\/blog\/wp-content\/uploads\/2026\/07\/logo-auto.png\",\"width\":1024,\"height\":1024,\"caption\":\"Foretsensations.fr\"},\"image\":{\"@id\":\"https:\/\/sport-index.fr\/blog\/#\/schema\/logo\/image\/\"}},{\"@type\":\"Person\",\"@id\":\"https:\/\/sport-index.fr\/blog\/#\/schema\/person\/3c864cdc320801e3db34b663e7e3f816\",\"name\":\"Axel Lauzier\",\"image\":{\"@type\":\"ImageObject\",\"inLanguage\":\"fr-FR\",\"@id\":\"https:\/\/sport-index.fr\/blog\/#\/schema\/person\/image\/\",\"url\":\"https:\/\/sport-index.fr\/blog\/wp-content\/uploads\/2026\/06\/persona_axel-l-96x96.jpg\",\"contentUrl\":\"https:\/\/sport-index.fr\/blog\/wp-content\/uploads\/2026\/06\/persona_axel-l-96x96.jpg\",\"caption\":\"Axel Lauzier\"},\"description\":\"Le sport rythme mon quotidien depuis l'enfance, et j'en ai fait mon m\u00e9tier d'analyste r\u00e9dactionnel il y a une dizaine d'ann\u00e9es. Je couvre principalement le football, son actualit\u00e9, ses transferts et l'analyse tactique des grandes affiches, mais aussi les disciplines plus confidentielles que j'aime remettre en lumi\u00e8re. Une partie de mon travail porte sur les pronostics et la lecture statistique d'un match : forme des \u00e9quipes, historique des confrontations, compositions, sans jamais vendre de fausse certitude. Je rappelle syst\u00e9matiquement que parier comporte un risque et doit rester un loisir ma\u00eetris\u00e9. Avant de signer une analyse, je v\u00e9rifie mes chiffres, je recoupe les compositions probables et je distingue toujours la donn\u00e9e brute de l'intuition. Mon objectif : offrir une lecture honn\u00eate et argument\u00e9e, pas un ticket gagnant garanti.\",\"sameAs\":[\"https:\/\/axellauzier.fr\/\"],\"url\":\"https:\/\/sport-index.fr\/blog\/auteur\/noname\/\"}]}<\/script>\n<!-- \/ Yoast SEO Premium plugin. -->","yoast_head_json":{"title":"f\u00e9d\u00e9rale 2 : les rheusois face \u00e0 un d\u00e9fi de taille contre","description":"Une rencontre d\u00e9cisive pour les rheusois Cette rencontre s\u2019annonce comme un v\u00e9ritable test pour les Rheusois, qui ont r\u00e9cemment r\u00e9alis\u00e9 un exploit en\u2026","robots":{"index":"index","follow":"follow","max-snippet":"max-snippet:-1","max-image-preview":"max-image-preview:large","max-video-preview":"max-video-preview:-1"},"canonical":"https:\/\/sport-index.fr\/blog\/a-la-une\/federale-2-les-rheusois-face-a-un-defi-de-taille-contre-tours-apres-lexploit\/","og_locale":"fr_FR","og_type":"article","og_title":"f\u00e9d\u00e9rale 2 : les rheusois face \u00e0 un d\u00e9fi de taille contre","og_description":"Une rencontre d\u00e9cisive pour les rheusois Cette rencontre s\u2019annonce comme un v\u00e9ritable test pour les Rheusois, qui ont r\u00e9cemment r\u00e9alis\u00e9 un exploit en\u2026","og_url":"https:\/\/sport-index.fr\/blog\/a-la-une\/federale-2-les-rheusois-face-a-un-defi-de-taille-contre-tours-apres-lexploit\/","og_site_name":"sport-index","author":"Axel Lauzier","twitter_card":"summary_large_image","schema":{"@context":"https:\/\/schema.org","@graph":[{"@type":"NewsArticle","@id":"https:\/\/sport-index.fr\/blog\/a-la-une\/federale-2-les-rheusois-face-a-un-defi-de-taille-contre-tours-apres-lexploit\/#article","isPartOf":{"@id":"https:\/\/sport-index.fr\/blog\/a-la-une\/federale-2-les-rheusois-face-a-un-defi-de-taille-contre-tours-apres-lexploit\/"},"author":{"name":"Axel Lauzier","@id":"https:\/\/sport-index.fr\/blog\/#\/schema\/person\/3c864cdc320801e3db34b663e7e3f816"},"headline":"f\u00e9d\u00e9rale 2 : les rheusois face \u00e0 un d\u00e9fi de taille contre tours apr\u00e8s l&rsquo;exploit","datePublished":"2025-05-08T00:25:47+00:00","mainEntityOfPage":{"@id":"https:\/\/sport-index.fr\/blog\/a-la-une\/federale-2-les-rheusois-face-a-un-defi-de-taille-contre-tours-apres-lexploit\/"},"wordCount":546,"commentCount":24,"publisher":{"@id":"https:\/\/sport-index.fr\/blog\/#organization"},"image":{"@id":"https:\/\/sport-index.fr\/blog\/a-la-une\/federale-2-les-rheusois-face-a-un-defi-de-taille-contre-tours-apres-lexploit\/#primaryimage"},"thumbnailUrl":"https:\/\/sport-index.fr\/blog\/wp-content\/uploads\/2025\/05\/sdxl-8a391e3e8534763228c3b0b87452202a-scaled.png","keywords":["Analyse des Adversaires","Coh\u00e9sion d'\u00c9quipe","Performance sportive","Pr\u00e9paration Mentale","Rugby"],"articleSection":["\u00c0 la une"],"inLanguage":"fr-FR","potentialAction":[{"@type":"CommentAction","name":"Comment","target":["https:\/\/sport-index.fr\/blog\/a-la-une\/federale-2-les-rheusois-face-a-un-defi-de-taille-contre-tours-apres-lexploit\/#respond"]}]},{"@type":"WebPage","@id":"https:\/\/sport-index.fr\/blog\/a-la-une\/federale-2-les-rheusois-face-a-un-defi-de-taille-contre-tours-apres-lexploit\/","url":"https:\/\/sport-index.fr\/blog\/a-la-une\/federale-2-les-rheusois-face-a-un-defi-de-taille-contre-tours-apres-lexploit\/","name":"f\u00e9d\u00e9rale 2 : les rheusois face \u00e0 un d\u00e9fi de taille contre","isPartOf":{"@id":"https:\/\/sport-index.fr\/blog\/#website"},"primaryImageOfPage":{"@id":"https:\/\/sport-index.fr\/blog\/a-la-une\/federale-2-les-rheusois-face-a-un-defi-de-taille-contre-tours-apres-lexploit\/#primaryimage"},"image":{"@id":"https:\/\/sport-index.fr\/blog\/a-la-une\/federale-2-les-rheusois-face-a-un-defi-de-taille-contre-tours-apres-lexploit\/#primaryimage"},"thumbnailUrl":"https:\/\/sport-index.fr\/blog\/wp-content\/uploads\/2025\/05\/sdxl-8a391e3e8534763228c3b0b87452202a-scaled.png","datePublished":"2025-05-08T00:25:47+00:00","description":"Une rencontre d\u00e9cisive pour les rheusois Cette rencontre s\u2019annonce comme un v\u00e9ritable test pour les Rheusois, qui ont r\u00e9cemment r\u00e9alis\u00e9 un exploit en\u2026","inLanguage":"fr-FR","potentialAction":[{"@type":"ReadAction","target":["https:\/\/sport-index.fr\/blog\/a-la-une\/federale-2-les-rheusois-face-a-un-defi-de-taille-contre-tours-apres-lexploit\/"]}]},{"@type":"ImageObject","inLanguage":"fr-FR","@id":"https:\/\/sport-index.fr\/blog\/a-la-une\/federale-2-les-rheusois-face-a-un-defi-de-taille-contre-tours-apres-lexploit\/#primaryimage","url":"https:\/\/sport-index.fr\/blog\/wp-content\/uploads\/2025\/05\/sdxl-8a391e3e8534763228c3b0b87452202a-scaled.png","contentUrl":"https:\/\/sport-index.fr\/blog\/wp-content\/uploads\/2025\/05\/sdxl-8a391e3e8534763228c3b0b87452202a-scaled.png","width":1200,"height":500},{"@type":"WebSite","@id":"https:\/\/sport-index.fr\/blog\/#website","url":"https:\/\/sport-index.fr\/blog\/","name":"sport-index.fr","description":"Le score de l\u2019analyse sportive.","publisher":{"@id":"https:\/\/sport-index.fr\/blog\/#organization"},"alternateName":"Le score de l\u2019analyse sportive.","potentialAction":[{"@type":"SearchAction","target":{"@type":"EntryPoint","urlTemplate":"https:\/\/sport-index.fr\/blog\/?s={search_term_string}"},"query-input":{"@type":"PropertyValueSpecification","valueRequired":true,"valueName":"search_term_string"}}],"inLanguage":"fr-FR"},{"@type":"Organization","@id":"https:\/\/sport-index.fr\/blog\/#organization","name":"Foretsensations.fr","url":"https:\/\/sport-index.fr\/blog\/","logo":{"@type":"ImageObject","inLanguage":"fr-FR","@id":"https:\/\/sport-index.fr\/blog\/#\/schema\/logo\/image\/","url":"https:\/\/sport-index.fr\/blog\/wp-content\/uploads\/2026\/07\/logo-auto.png","contentUrl":"https:\/\/sport-index.fr\/blog\/wp-content\/uploads\/2026\/07\/logo-auto.png","width":1024,"height":1024,"caption":"Foretsensations.fr"},"image":{"@id":"https:\/\/sport-index.fr\/blog\/#\/schema\/logo\/image\/"}},{"@type":"Person","@id":"https:\/\/sport-index.fr\/blog\/#\/schema\/person\/3c864cdc320801e3db34b663e7e3f816","name":"Axel Lauzier","image":{"@type":"ImageObject","inLanguage":"fr-FR","@id":"https:\/\/sport-index.fr\/blog\/#\/schema\/person\/image\/","url":"https:\/\/sport-index.fr\/blog\/wp-content\/uploads\/2026\/06\/persona_axel-l-96x96.jpg","contentUrl":"https:\/\/sport-index.fr\/blog\/wp-content\/uploads\/2026\/06\/persona_axel-l-96x96.jpg","caption":"Axel Lauzier"},"description":"Le sport rythme mon quotidien depuis l'enfance, et j'en ai fait mon m\u00e9tier d'analyste r\u00e9dactionnel il y a une dizaine d'ann\u00e9es. Je couvre principalement le football, son actualit\u00e9, ses transferts et l'analyse tactique des grandes affiches, mais aussi les disciplines plus confidentielles que j'aime remettre en lumi\u00e8re. Une partie de mon travail porte sur les pronostics et la lecture statistique d'un match : forme des \u00e9quipes, historique des confrontations, compositions, sans jamais vendre de fausse certitude. Je rappelle syst\u00e9matiquement que parier comporte un risque et doit rester un loisir ma\u00eetris\u00e9. Avant de signer une analyse, je v\u00e9rifie mes chiffres, je recoupe les compositions probables et je distingue toujours la donn\u00e9e brute de l'intuition. Mon objectif : offrir une lecture honn\u00eate et argument\u00e9e, pas un ticket gagnant garanti.","sameAs":["https:\/\/axellauzier.fr\/"],"url":"https:\/\/sport-index.fr\/blog\/auteur\/noname\/"}]}},"_links":{"self":[{"href":"https:\/\/sport-index.fr\/blog\/wp-json\/wp\/v2\/posts\/14972","targetHints":{"allow":["GET"]}}],"collection":[{"href":"https:\/\/sport-index.fr\/blog\/wp-json\/wp\/v2\/posts"}],"about":[{"href":"https:\/\/sport-index.fr\/blog\/wp-json\/wp\/v2\/types\/post"}],"author":[{"embeddable":true,"href":"https:\/\/sport-index.fr\/blog\/wp-json\/wp\/v2\/users\/34"}],"replies":[{"embeddable":true,"href":"https:\/\/sport-index.fr\/blog\/wp-json\/wp\/v2\/comments?post=14972"}],"version-history":[{"count":1,"href":"https:\/\/sport-index.fr\/blog\/wp-json\/wp\/v2\/posts\/14972\/revisions"}],"predecessor-version":[{"id":14989,"href":"https:\/\/sport-index.fr\/blog\/wp-json\/wp\/v2\/posts\/14972\/revisions\/14989"}],"wp:featuredmedia":[{"embeddable":true,"href":"https:\/\/sport-index.fr\/blog\/wp-json\/wp\/v2\/media\/15025"}],"wp:attachment":[{"href":"https:\/\/sport-index.fr\/blog\/wp-json\/wp\/v2\/media?parent=14972"}],"wp:term":[{"taxonomy":"category","embeddable":true,"href":"https:\/\/sport-index.fr\/blog\/wp-json\/wp\/v2\/categories?post=14972"},{"taxonomy":"post_tag","embeddable":true,"href":"https:\/\/sport-index.fr\/blog\/wp-json\/wp\/v2\/tags?post=14972"}],"curies":[{"name":"wp","href":"https:\/\/api.w.org\/{rel}","templated":true}]}}