{"id":16467,"date":"2026-05-19T04:31:37","date_gmt":"2026-05-19T02:31:37","guid":{"rendered":"https:\/\/sport-index.fr\/blog\/?p=16467"},"modified":"2026-05-19T04:31:37","modified_gmt":"2026-05-19T02:31:37","slug":"decouvrez-les-equipes-promues-en-federale-2-et-les-affiches-des-huitiemes-de-finale","status":"publish","type":"post","link":"https:\/\/sport-index.fr\/blog\/a-la-une\/decouvrez-les-equipes-promues-en-federale-2-et-les-affiches-des-huitiemes-de-finale\/","title":{"rendered":"D\u00e9couvrez les \u00e9quipes promues en F\u00e9d\u00e9rale 2 et les affiches des huiti\u00e8mes de finale"},"content":{"rendered":"<aside style=\"background:#f1f5f1;border-left:5px solid #2a5f3f;padding:22px 28px;margin:24px 0;font-family:-apple-system,BlinkMacSystemFont,'Segoe UI',Roboto,sans-serif;\">\n<div style=\"margin:0;font-size:19px;line-height:1.55;color:#2a2a2a;font-weight:500;letter-spacing:-0.005em;\">\n    Seize clubs viennent de d\u00e9crocher leur ticket pour la F\u00e9d\u00e9rale 2, et d\u00e9j\u00e0 les huiti\u00e8mes de finale dessinent une affiche du dimanche 1er juin charg\u00e9e de promesses. Voici les chocs \u00e0 suivre et ceux qui montent vraiment d&rsquo;un cran.\n  <\/div>\n<\/aside>\n<h2>Les r\u00e9sultats des seizi\u00e8mes de finale retour<\/h2>\n<p>Les \u00e9quipes se sont battues avec acharnement pour d\u00e9crocher leur place dans le tour suivant, et le verdict est d\u00e9sormais tomb\u00e9. Chaque rencontre a \u00e9t\u00e9 le th\u00e9\u00e2tre de performances impressionnantes, r\u00e9v\u00e9lant la d\u00e9termination et le talent des joueurs sur la pelouse. Les \u00e9carts au tableau d&rsquo;affichage ne disent pas tout : certaines qualifications se sont jou\u00e9es sur un essai de la derni\u00e8re minute, d&rsquo;autres sur un drop salvateur ou une m\u00eal\u00e9e \u00e0 cinq m\u00e8tres convertie en or.<\/p>\n<p>Les \u00e9quipes qualifi\u00e9es ont fait preuve d&rsquo;une grande r\u00e9silience, renversant souvent la tendance lors des derni\u00e8res minutes. Ces rencontres ont mis en avant le meilleur du rugby amateur, ce m\u00e9lange de combat physique, de strat\u00e9gie et d&rsquo;\u00e9motion brute qui caract\u00e9rise les phases finales. La passion et l&rsquo;engagement des joueurs ont captiv\u00e9 les supporters mass\u00e9s en bord de touche, beaucoup ayant fait plusieurs centaines de kilom\u00e8tres pour pousser leur club.<\/p>\n<aside style=\"background:#fafaf7;border:1px solid #e5e5e0;border-radius:8px;padding:24px 26px 26px;margin:28px 0;font-family:-apple-system,BlinkMacSystemFont,'Segoe UI',Roboto,sans-serif;\">\n<div style=\"margin:0 0 18px 0;font-size:11px;font-weight:700;text-transform:uppercase;letter-spacing:2.2px;color:#2a5f3f;\">\u00c0 retenir<\/div>\n<div style=\"display:grid;grid-template-columns:repeat(auto-fit,minmax(240px,1fr));gap:10px;\">\n<div style=\"display:flex;gap:12px;background:#fff;border:1px solid #ebebe5;padding:12px 14px;border-radius:6px;align-items:flex-start;\">\n      <span style=\"flex:0 0 26px;width:26px;height:26px;background:#2a5f3f;color:#fff;border-radius:50%;display:inline-flex;align-items:center;justify-content:center;font-size:12px;font-weight:700;font-family:-apple-system,sans-serif;\">1<\/span><br \/>\n      <span style=\"font-size:14px;line-height:1.5;color:#2a2a2a;\">Seize clubs acc\u00e8dent \u00e0 la F\u00e9d\u00e9rale 2, fruit d&rsquo;une saison enti\u00e8re de combats.<\/span>\n    <\/div>\n<div style=\"display:flex;gap:12px;background:#fff;border:1px solid #ebebe5;padding:12px 14px;border-radius:6px;align-items:flex-start;\">\n      <span style=\"flex:0 0 26px;width:26px;height:26px;background:#2a5f3f;color:#fff;border-radius:50%;display:inline-flex;align-items:center;justify-content:center;font-size:12px;font-weight:700;font-family:-apple-system,sans-serif;\">2<\/span><br \/>\n      <span style=\"font-size:14px;line-height:1.5;color:#2a2a2a;\">Huiti\u00e8mes programm\u00e9s le dimanche 1er juin sur terrain neutre.<\/span>\n    <\/div>\n<div style=\"display:flex;gap:12px;background:#fff;border:1px solid #ebebe5;padding:12px 14px;border-radius:6px;align-items:flex-start;\">\n      <span style=\"flex:0 0 26px;width:26px;height:26px;background:#2a5f3f;color:#fff;border-radius:50%;display:inline-flex;align-items:center;justify-content:center;font-size:12px;font-weight:700;font-family:-apple-system,sans-serif;\">3<\/span><br \/>\n      <span style=\"font-size:14px;line-height:1.5;color:#2a2a2a;\">Roubaix\u2013Saint-Claude et Vincennes\u2013Saint-Savin parmi les chocs attendus.<\/span>\n    <\/div>\n<div style=\"display:flex;gap:12px;background:#fff;border:1px solid #ebebe5;padding:12px 14px;border-radius:6px;align-items:flex-start;\">\n      <span style=\"flex:0 0 26px;width:26px;height:26px;background:#2a5f3f;color:#fff;border-radius:50%;display:inline-flex;align-items:center;justify-content:center;font-size:12px;font-weight:700;font-family:-apple-system,sans-serif;\">4<\/span><br \/>\n      <span style=\"font-size:14px;line-height:1.5;color:#2a2a2a;\">Le format terrain neutre change la donne : pas d&rsquo;avantage de la pelouse.<\/span>\n    <\/div>\n<div style=\"display:flex;gap:12px;background:#fff;border:1px solid #ebebe5;padding:12px 14px;border-radius:6px;align-items:flex-start;\">\n      <span style=\"flex:0 0 26px;width:26px;height:26px;background:#2a5f3f;color:#fff;border-radius:50%;display:inline-flex;align-items:center;justify-content:center;font-size:12px;font-weight:700;font-family:-apple-system,sans-serif;\">5<\/span><br \/>\n      <span style=\"font-size:14px;line-height:1.5;color:#2a2a2a;\">Les promus auront un saut de niveau r\u00e9el \u00e0 g\u00e9rer d\u00e8s la rentr\u00e9e.<\/span>\n    <\/div>\n<\/p><\/div>\n<\/aside>\n<h2>Le programme des huiti\u00e8mes de finale<\/h2>\n<p>Avec les seizi\u00e8mes derri\u00e8re nous, toute l&rsquo;attention se tourne vers les huiti\u00e8mes de finale qui s&rsquo;annoncent palpitants. Les supporters de F\u00e9d\u00e9rale 3 connaissent d\u00e9sormais l&rsquo;identit\u00e9 des huit affiches qui rythmeront ce premier week-end de juin. Chaque match sera crucial, et les \u00e9quipes promettent de donner le meilleur d&rsquo;elles-m\u00eames pour atteindre le tour suivant.<\/p>\n<p>Les rencontres tant attendues incluent des chocs int\u00e9ressants tels que Roubaix contre Saint-Claude et Vincennes face \u00e0 Saint-Savin. Les supporters peuvent s&rsquo;attendre \u00e0 des confrontations \u00e9piques, o\u00f9 chaque point comptera. Les huiti\u00e8mes de finale s&rsquo;annoncent comme un v\u00e9ritable festival de rugby, mettant en avant le talent des joueurs et la strat\u00e9gie des entra\u00eeneurs, tant les profils d&rsquo;\u00e9quipes diff\u00e8rent \u2014 certains avants dominateurs face \u00e0 des trois-quarts virevoltants, d&rsquo;autres collectifs huil\u00e9s contre des poules de jeunes talents.<\/p>\n<aside style=\"background:#fff7e0;border-left:4px solid #d4a017;padding:14px 18px;margin:18px 0;border-radius:0 4px 4px 0;font-family:-apple-system,BlinkMacSystemFont,'Segoe UI',Roboto,sans-serif;\">\n  <strong style=\"display:inline-block;color:#7a5e00;font-size:12px;text-transform:uppercase;letter-spacing:1.5px;margin-right:8px;\">&#128161; Bon &agrave; savoir<\/strong><br \/>\n  <span style=\"font-size:14.5px;line-height:1.55;color:#3a3a3a;\">Le format \u00ab\u00a0match sec\u00a0\u00bb sur terrain neutre supprime totalement l&rsquo;effet du d\u00e9placement. Une \u00e9quipe habitu\u00e9e \u00e0 recevoir devra construire son match sans rep\u00e8re familier \u2014 banc, supporters, vestiaire, tout est \u00e0 r\u00e9inventer pour 80 minutes.<\/span><br \/>\n<\/aside>\n<figure style=\"margin:32px 0;font-family:-apple-system,BlinkMacSystemFont,'Segoe UI',Roboto,sans-serif;\">\n<div style=\"overflow-x:auto;border:1px solid #e5e5e0;border-radius:8px;\">\n<table style=\"width:100%;border-collapse:collapse;font-size:14px;color:#2a2a2a;min-width:500px;\">\n<thead>\n<tr style=\"background:#1a1a1a;color:#fff;\">\n<th style=\"text-align:left;padding:14px 18px;font-weight:700;font-size:12px;text-transform:uppercase;letter-spacing:1.5px;\">Affiche<\/th>\n<th style=\"text-align:left;padding:14px 18px;font-weight:700;font-size:12px;text-transform:uppercase;letter-spacing:1.5px;\">Profil du duel<\/th>\n<th style=\"text-align:center;padding:14px 18px;font-weight:700;font-size:12px;text-transform:uppercase;letter-spacing:1.5px;\">Pronostic<\/th>\n<\/tr>\n<\/thead>\n<tbody>\n<tr style=\"background:#fff;border-bottom:1px solid #f0ede5;\">\n<td style=\"padding:14px 18px;font-weight:600;\">Roubaix \u2013 Saint-Claude<\/td>\n<td style=\"padding:14px 18px;color:#4a4a4a;\">Nord vs Jura, deux \u00e9coles d&rsquo;avants<\/td>\n<td style=\"padding:14px 18px;text-align:center;color:#6a6a6a;\">Ind\u00e9cis<\/td>\n<\/tr>\n<tr style=\"background:#fafaf7;border-bottom:1px solid #f0ede5;\">\n<td style=\"padding:14px 18px;font-weight:600;\">Vincennes \u2013 Saint-Savin<\/td>\n<td style=\"padding:14px 18px;color:#4a4a4a;\">\u00cele-de-France face au Sud-Ouest<\/td>\n<td style=\"padding:14px 18px;text-align:center;color:#6a6a6a;\">Serr\u00e9<\/td>\n<\/tr>\n<tr style=\"background:#fff;border-bottom:1px solid #f0ede5;\">\n<td style=\"padding:14px 18px;font-weight:600;\">Rodez \u2013 Larressore<\/td>\n<td style=\"padding:14px 18px;color:#4a4a4a;\">Aveyron vs Pays Basque, choc culturel<\/td>\n<td style=\"padding:14px 18px;text-align:center;color:#6a6a6a;\">Ouvert<\/td>\n<\/tr>\n<tr style=\"background:#fafaf7;border-bottom:1px solid #f0ede5;\">\n<td style=\"padding:14px 18px;font-weight:600;\">Caussade \u2013 Arcangues-Bassus<\/td>\n<td style=\"padding:14px 18px;color:#4a4a4a;\">Tarn-et-Garonne contre c\u00f4te basque<\/td>\n<td style=\"padding:14px 18px;text-align:center;color:#6a6a6a;\">Serr\u00e9<\/td>\n<\/tr>\n<tr style=\"background:#fff;border-bottom:1px solid #f0ede5;\">\n<td style=\"padding:14px 18px;font-weight:600;\">Sables-d&rsquo;Olonne \u2013 Caen<\/td>\n<td style=\"padding:14px 18px;color:#4a4a4a;\">Duel atlantique-normand 100% Nord-Ouest<\/td>\n<td style=\"padding:14px 18px;text-align:center;color:#6a6a6a;\">Ind\u00e9cis<\/td>\n<\/tr>\n<tr style=\"background:#fafaf7;border-bottom:1px solid #f0ede5;\">\n<td style=\"padding:14px 18px;font-weight:600;\">Stade bordelais \u2013 Bagneux<\/td>\n<td style=\"padding:14px 18px;color:#4a4a4a;\">L\u00e9gende girondine face \u00e0 la banlieue parisienne<\/td>\n<td style=\"padding:14px 18px;text-align:center;color:#6a6a6a;\">Bordeaux favori<\/td>\n<\/tr>\n<tr style=\"background:#fff;border-bottom:1px solid #f0ede5;\">\n<td style=\"padding:14px 18px;font-weight:600;\">Quillan-Limoux \u2013 Saint-Marcelin<\/td>\n<td style=\"padding:14px 18px;color:#4a4a4a;\">Aude contre Is\u00e8re, deux territoires rugby<\/td>\n<td style=\"padding:14px 18px;text-align:center;color:#6a6a6a;\">Serr\u00e9<\/td>\n<\/tr>\n<tr style=\"background:#fafaf7;\">\n<td style=\"padding:14px 18px;font-weight:600;\">Mont\u00e9limar \u2013 Thuir<\/td>\n<td style=\"padding:14px 18px;color:#4a4a4a;\">Dr\u00f4me vs Pyr\u00e9n\u00e9es-Orientales<\/td>\n<td style=\"padding:14px 18px;text-align:center;color:#6a6a6a;\">Ouvert<\/td>\n<\/tr>\n<\/tbody>\n<\/table><\/div><figcaption style=\"font-size:11px;color:#7a7a7a;margin-top:8px;text-align:right;letter-spacing:0.3px;\">Pronostics indicatifs \u2014 chaque match reste totalement ouvert sur terrain neutre.<\/figcaption><\/figure>\n<h2>Les \u00e9quipes promues en F\u00e9d\u00e9rale 2<\/h2>\n<p>\u00c0 l&rsquo;issue de ces seizi\u00e8mes de finale, les seize \u00e9quipes qui acc\u00e9deront \u00e0 la F\u00e9d\u00e9rale 2 sont d\u00e9sormais connues. Cette promotion est un aboutissement pour ces clubs, qui ont travaill\u00e9 dur toute la saison, parfois depuis plusieurs exercices, en construisant patiemment leur identit\u00e9 de jeu, leur banc et leur \u00e9cole de jeunes. Les \u00e9quipes promues apportent avec elles une nouvelle \u00e9nergie et des ambitions renouvel\u00e9es pour le futur.<\/p>\n<p>Les clubs qui montent en F\u00e9d\u00e9rale 2 auront l&rsquo;opportunit\u00e9 de se mesurer \u00e0 des adversaires d&rsquo;un cran au-dessus, ce qui constitue un d\u00e9fi stimulant. Ces \u00e9quipes sont pr\u00eates \u00e0 relever la barre et \u00e0 s&rsquo;imposer dans la comp\u00e9tition. Au-del\u00e0 de la satisfaction sportive, la mont\u00e9e signifie aussi une exposition m\u00e9diatique accrue, des budgets revus \u00e0 la hausse et un effet d&rsquo;aimant sur les recrues, jeunes du cru comme exp\u00e9riment\u00e9s en fin de carri\u00e8re.<\/p>\n<div style=\"display:grid;grid-template-columns:repeat(auto-fit,minmax(220px,1fr));gap:14px;margin:28px 0;font-family:-apple-system,BlinkMacSystemFont,'Segoe UI',Roboto,sans-serif;\">\n<article style=\"background:#fff;border:1px solid #e5e5e0;border-top:3px solid #2a5f3f;border-radius:6px;padding:18px 18px 16px;\">\n<div style=\"width:36px;height:36px;background:#f1f5f1;border-radius:50%;display:inline-flex;align-items:center;justify-content:center;margin-bottom:12px;\">\n      <span style=\"font-size:18px;color:#2a5f3f;font-weight:900;font-family:Georgia,serif;\">01<\/span>\n    <\/div>\n<h3 style=\"margin:0 0 6px 0;font-size:16px;font-weight:700;color:#1a1a1a;letter-spacing:-0.01em;\">Roubaix<\/h3>\n<div style=\"margin:0;font-size:13.5px;line-height:1.55;color:#4a4a4a;\">Le rugby du Nord se rappelle au bon souvenir des terres ovales : mont\u00e9e m\u00e9rit\u00e9e pour un club historique.<\/div>\n<\/article>\n<article style=\"background:#fff;border:1px solid #e5e5e0;border-top:3px solid #2a5f3f;border-radius:6px;padding:18px 18px 16px;\">\n<div style=\"width:36px;height:36px;background:#f1f5f1;border-radius:50%;display:inline-flex;align-items:center;justify-content:center;margin-bottom:12px;\">\n      <span style=\"font-size:18px;color:#2a5f3f;font-weight:900;font-family:Georgia,serif;\">02<\/span>\n    <\/div>\n<h3 style=\"margin:0 0 6px 0;font-size:16px;font-weight:700;color:#1a1a1a;letter-spacing:-0.01em;\">Saint-Claude<\/h3>\n<div style=\"margin:0;font-size:13.5px;line-height:1.55;color:#4a4a4a;\">Le Jura confirme sa progression, port\u00e9 par un collectif rigoureux et une \u00e9cole de jeunes solide.<\/div>\n<\/article>\n<article style=\"background:#fff;border:1px solid #e5e5e0;border-top:3px solid #2a5f3f;border-radius:6px;padding:18px 18px 16px;\">\n<div style=\"width:36px;height:36px;background:#f1f5f1;border-radius:50%;display:inline-flex;align-items:center;justify-content:center;margin-bottom:12px;\">\n      <span style=\"font-size:18px;color:#2a5f3f;font-weight:900;font-family:Georgia,serif;\">03<\/span>\n    <\/div>\n<h3 style=\"margin:0 0 6px 0;font-size:16px;font-weight:700;color:#1a1a1a;letter-spacing:-0.01em;\">Vincennes<\/h3>\n<div style=\"margin:0;font-size:13.5px;line-height:1.55;color:#4a4a4a;\">Vitrine du rugby francilien amateur, le club d\u00e9croche un statut national m\u00e9rit\u00e9.<\/div>\n<\/article>\n<article style=\"background:#fff;border:1px solid #e5e5e0;border-top:3px solid #2a5f3f;border-radius:6px;padding:18px 18px 16px;\">\n<div style=\"width:36px;height:36px;background:#f1f5f1;border-radius:50%;display:inline-flex;align-items:center;justify-content:center;margin-bottom:12px;\">\n      <span style=\"font-size:18px;color:#2a5f3f;font-weight:900;font-family:Georgia,serif;\">04<\/span>\n    <\/div>\n<h3 style=\"margin:0 0 6px 0;font-size:16px;font-weight:700;color:#1a1a1a;letter-spacing:-0.01em;\">Saint-Savin<\/h3>\n<div style=\"margin:0;font-size:13.5px;line-height:1.55;color:#4a4a4a;\">Place forte du rugby gascon, Saint-Savin retrouve une division qui lui correspond.<\/div>\n<\/article>\n<article style=\"background:#fff;border:1px solid #e5e5e0;border-top:3px solid #2a5f3f;border-radius:6px;padding:18px 18px 16px;\">\n<div style=\"width:36px;height:36px;background:#f1f5f1;border-radius:50%;display:inline-flex;align-items:center;justify-content:center;margin-bottom:12px;\">\n      <span style=\"font-size:18px;color:#2a5f3f;font-weight:900;font-family:Georgia,serif;\">05<\/span>\n    <\/div>\n<h3 style=\"margin:0 0 6px 0;font-size:16px;font-weight:700;color:#1a1a1a;letter-spacing:-0.01em;\">Rodez<\/h3>\n<div style=\"margin:0;font-size:13.5px;line-height:1.55;color:#4a4a4a;\">L&rsquo;Aveyron rugby boucle un projet sportif ambitieux avec une mont\u00e9e porteuse de sens.<\/div>\n<\/article>\n<article style=\"background:#fff;border:1px solid #e5e5e0;border-top:3px solid #2a5f3f;border-radius:6px;padding:18px 18px 16px;\">\n<div style=\"width:36px;height:36px;background:#f1f5f1;border-radius:50%;display:inline-flex;align-items:center;justify-content:center;margin-bottom:12px;\">\n      <span style=\"font-size:18px;color:#2a5f3f;font-weight:900;font-family:Georgia,serif;\">06<\/span>\n    <\/div>\n<h3 style=\"margin:0 0 6px 0;font-size:16px;font-weight:700;color:#1a1a1a;letter-spacing:-0.01em;\">Larressore<\/h3>\n<div style=\"margin:0;font-size:13.5px;line-height:1.55;color:#4a4a4a;\">Petite commune, grand club : Larressore continue de surprendre la plan\u00e8te ovale basque.<\/div>\n<\/article>\n<article style=\"background:#fff;border:1px solid #e5e5e0;border-top:3px solid #2a5f3f;border-radius:6px;padding:18px 18px 16px;\">\n<div style=\"width:36px;height:36px;background:#f1f5f1;border-radius:50%;display:inline-flex;align-items:center;justify-content:center;margin-bottom:12px;\">\n      <span style=\"font-size:18px;color:#2a5f3f;font-weight:900;font-family:Georgia,serif;\">07<\/span>\n    <\/div>\n<h3 style=\"margin:0 0 6px 0;font-size:16px;font-weight:700;color:#1a1a1a;letter-spacing:-0.01em;\">Caussade<\/h3>\n<div style=\"margin:0;font-size:13.5px;line-height:1.55;color:#4a4a4a;\">Le Tarn-et-Garonne assure une mont\u00e9e discr\u00e8te mais nette, fruit d&rsquo;une saison r\u00e9guli\u00e8re.<\/div>\n<\/article>\n<article style=\"background:#fff;border:1px solid #e5e5e0;border-top:3px solid #2a5f3f;border-radius:6px;padding:18px 18px 16px;\">\n<div style=\"width:36px;height:36px;background:#f1f5f1;border-radius:50%;display:inline-flex;align-items:center;justify-content:center;margin-bottom:12px;\">\n      <span style=\"font-size:18px;color:#2a5f3f;font-weight:900;font-family:Georgia,serif;\">08<\/span>\n    <\/div>\n<h3 style=\"margin:0 0 6px 0;font-size:16px;font-weight:700;color:#1a1a1a;letter-spacing:-0.01em;\">Arcangues-Bassus<\/h3>\n<div style=\"margin:0;font-size:13.5px;line-height:1.55;color:#4a4a4a;\">La fusion basque tient ses promesses et signe une promotion construite collectivement.<\/div>\n<\/article>\n<article style=\"background:#fff;border:1px solid #e5e5e0;border-top:3px solid #2a5f3f;border-radius:6px;padding:18px 18px 16px;\">\n<div style=\"width:36px;height:36px;background:#f1f5f1;border-radius:50%;display:inline-flex;align-items:center;justify-content:center;margin-bottom:12px;\">\n      <span style=\"font-size:18px;color:#2a5f3f;font-weight:900;font-family:Georgia,serif;\">09<\/span>\n    <\/div>\n<h3 style=\"margin:0 0 6px 0;font-size:16px;font-weight:700;color:#1a1a1a;letter-spacing:-0.01em;\">Sables-d&rsquo;Olonne<\/h3>\n<div style=\"margin:0;font-size:13.5px;line-height:1.55;color:#4a4a4a;\">Le rugby vend\u00e9en retrouve un \u00e9chelon national avec une \u00e9quipe compl\u00e8te et joueuse.<\/div>\n<\/article>\n<article style=\"background:#fff;border:1px solid #e5e5e0;border-top:3px solid #2a5f3f;border-radius:6px;padding:18px 18px 16px;\">\n<div style=\"width:36px;height:36px;background:#f1f5f1;border-radius:50%;display:inline-flex;align-items:center;justify-content:center;margin-bottom:12px;\">\n      <span style=\"font-size:18px;color:#2a5f3f;font-weight:900;font-family:Georgia,serif;\">10<\/span>\n    <\/div>\n<h3 style=\"margin:0 0 6px 0;font-size:16px;font-weight:700;color:#1a1a1a;letter-spacing:-0.01em;\">Caen<\/h3>\n<div style=\"margin:0;font-size:13.5px;line-height:1.55;color:#4a4a4a;\">La Normandie ovale franchit un cap et confirme sa place sur la carte du rugby national.<\/div>\n<\/article>\n<article style=\"background:#fff;border:1px solid #e5e5e0;border-top:3px solid #2a5f3f;border-radius:6px;padding:18px 18px 16px;\">\n<div style=\"width:36px;height:36px;background:#f1f5f1;border-radius:50%;display:inline-flex;align-items:center;justify-content:center;margin-bottom:12px;\">\n      <span style=\"font-size:18px;color:#2a5f3f;font-weight:900;font-family:Georgia,serif;\">11<\/span>\n    <\/div>\n<h3 style=\"margin:0 0 6px 0;font-size:16px;font-weight:700;color:#1a1a1a;letter-spacing:-0.01em;\">Stade bordelais<\/h3>\n<div style=\"margin:0;font-size:13.5px;line-height:1.55;color:#4a4a4a;\">Un nom mythique du rugby fran\u00e7ais retrouve un niveau plus en phase avec son histoire.<\/div>\n<\/article>\n<article style=\"background:#fff;border:1px solid #e5e5e0;border-top:3px solid #2a5f3f;border-radius:6px;padding:18px 18px 16px;\">\n<div style=\"width:36px;height:36px;background:#f1f5f1;border-radius:50%;display:inline-flex;align-items:center;justify-content:center;margin-bottom:12px;\">\n      <span style=\"font-size:18px;color:#2a5f3f;font-weight:900;font-family:Georgia,serif;\">12<\/span>\n    <\/div>\n<h3 style=\"margin:0 0 6px 0;font-size:16px;font-weight:700;color:#1a1a1a;letter-spacing:-0.01em;\">Bagneux<\/h3>\n<div style=\"margin:0;font-size:13.5px;line-height:1.55;color:#4a4a4a;\">Le rugby de banlieue parisienne tient son standard-bearer, fier d&rsquo;un parcours abouti.<\/div>\n<\/article>\n<article style=\"background:#fff;border:1px solid #e5e5e0;border-top:3px solid #2a5f3f;border-radius:6px;padding:18px 18px 16px;\">\n<div style=\"width:36px;height:36px;background:#f1f5f1;border-radius:50%;display:inline-flex;align-items:center;justify-content:center;margin-bottom:12px;\">\n      <span style=\"font-size:18px;color:#2a5f3f;font-weight:900;font-family:Georgia,serif;\">13<\/span>\n    <\/div>\n<h3 style=\"margin:0 0 6px 0;font-size:16px;font-weight:700;color:#1a1a1a;letter-spacing:-0.01em;\">Quillan-Limoux<\/h3>\n<div style=\"margin:0;font-size:13.5px;line-height:1.55;color:#4a4a4a;\">L&rsquo;union audoise valide son mod\u00e8le et hisse haut les couleurs du rugby de terroir.<\/div>\n<\/article>\n<article style=\"background:#fff;border:1px solid #e5e5e0;border-top:3px solid #2a5f3f;border-radius:6px;padding:18px 18px 16px;\">\n<div style=\"width:36px;height:36px;background:#f1f5f1;border-radius:50%;display:inline-flex;align-items:center;justify-content:center;margin-bottom:12px;\">\n      <span style=\"font-size:18px;color:#2a5f3f;font-weight:900;font-family:Georgia,serif;\">14<\/span>\n    <\/div>\n<h3 style=\"margin:0 0 6px 0;font-size:16px;font-weight:700;color:#1a1a1a;letter-spacing:-0.01em;\">Saint-Marcelin<\/h3>\n<div style=\"margin:0;font-size:13.5px;line-height:1.55;color:#4a4a4a;\">L&rsquo;Is\u00e8re rugbystique confirme sa renaissance et acc\u00e8de \u00e0 un palier sup\u00e9rieur.<\/div>\n<\/article>\n<article style=\"background:#fff;border:1px solid #e5e5e0;border-top:3px solid #2a5f3f;border-radius:6px;padding:18px 18px 16px;\">\n<div style=\"width:36px;height:36px;background:#f1f5f1;border-radius:50%;display:inline-flex;align-items:center;justify-content:center;margin-bottom:12px;\">\n      <span style=\"font-size:18px;color:#2a5f3f;font-weight:900;font-family:Georgia,serif;\">15<\/span>\n    <\/div>\n<h3 style=\"margin:0 0 6px 0;font-size:16px;font-weight:700;color:#1a1a1a;letter-spacing:-0.01em;\">Mont\u00e9limar<\/h3>\n<div style=\"margin:0;font-size:13.5px;line-height:1.55;color:#4a4a4a;\">La Dr\u00f4me m\u00e9ridionale tient un projet ambitieux et un effectif pr\u00eat \u00e0 franchir la marche.<\/div>\n<\/article>\n<article style=\"background:#fff;border:1px solid #e5e5e0;border-top:3px solid #2a5f3f;border-radius:6px;padding:18px 18px 16px;\">\n<div style=\"width:36px;height:36px;background:#f1f5f1;border-radius:50%;display:inline-flex;align-items:center;justify-content:center;margin-bottom:12px;\">\n      <span style=\"font-size:18px;color:#2a5f3f;font-weight:900;font-family:Georgia,serif;\">16<\/span>\n    <\/div>\n<h3 style=\"margin:0 0 6px 0;font-size:16px;font-weight:700;color:#1a1a1a;letter-spacing:-0.01em;\">Thuir<\/h3>\n<div style=\"margin:0;font-size:13.5px;line-height:1.55;color:#4a4a4a;\">Les Pyr\u00e9n\u00e9es-Orientales tiennent leur repr\u00e9sentant : un rugby catalan offensif et joueur.<\/div>\n<\/article>\n<\/div>\n<figure style=\"margin:38px auto;padding:28px 24px;text-align:center;border-top:1px solid #2a2a2a;border-bottom:1px solid #2a2a2a;max-width:640px;position:relative;font-family:Georgia,'Hoefler Text',serif;\">\n<div style=\"position:absolute;top:-20px;left:50%;transform:translateX(-50%);background:#ffffff;padding:0 14px;font-size:48px;line-height:1;color:#2a5f3f;font-family:Georgia,serif;\">&laquo;<\/div>\n<blockquote style=\"margin:0;padding:0;font-size:24px;line-height:1.45;font-style:italic;color:#1a1a1a;letter-spacing:-0.005em;\"><p>\n    Chaque mont\u00e9e est une nouvelle chance de grandir et de prouver notre valeur sur le terrain.<br \/>\n  <\/blockquote><figcaption style=\"margin-top:14px;font-size:12px;text-transform:uppercase;letter-spacing:2px;color:#6a6a6a;font-family:-apple-system,sans-serif;font-style:normal;\">\u2014 Un entra\u00eeneur d&rsquo;un club promu<\/figcaption><\/figure>\n<h2>Ce que la mont\u00e9e change concr\u00e8tement<\/h2>\n<p>Au-del\u00e0 de la f\u00eate imm\u00e9diate, acc\u00e9der \u00e0 la F\u00e9d\u00e9rale 2 implique des ajustements structurels que les staffs int\u00e8grent d\u00e8s l&rsquo;inter-saison. Le calendrier devient plus dense, les d\u00e9placements s&rsquo;allongent, et la pr\u00e9paration physique doit anticiper un rythme plus exigeant tout l&rsquo;hiver.<\/p>\n<aside style=\"background:#e7f5ec;border-left:4px solid #2a5f3f;padding:14px 18px;margin:18px 0;border-radius:0 4px 4px 0;font-family:-apple-system,BlinkMacSystemFont,'Segoe UI',Roboto,sans-serif;\">\n  <strong style=\"display:inline-block;color:#1d4a30;font-size:12px;text-transform:uppercase;letter-spacing:1.5px;margin-right:8px;\">&#10022; Astuce<\/strong><br \/>\n  <span style=\"font-size:14.5px;line-height:1.55;color:#3a3a3a;\">Les promus qui se maintiennent durablement sont souvent ceux qui anticipent le recrutement d\u00e8s le mois de mai \u2014 pas en juillet une fois le titre act\u00e9.<\/span><br \/>\n<\/aside>\n<div style=\"display:grid;grid-template-columns:repeat(auto-fit,minmax(260px,1fr));gap:14px;margin:28px 0;font-family:-apple-system,BlinkMacSystemFont,'Segoe UI',Roboto,sans-serif;\">\n<div style=\"background:#fafaf7;border:1px solid #c4dfcd;border-top:4px solid #2a5f3f;border-radius:4px;padding:20px 22px;\">\n<h3 style=\"margin:0 0 14px 0;font-size:13px;font-weight:700;text-transform:uppercase;letter-spacing:1.8px;color:#1d4a30;\">&#10003; Bien aborder la mont\u00e9e<\/h3>\n<ul style=\"margin:0;padding:0;list-style:none;\">\n<li style=\"display:flex;gap:10px;align-items:flex-start;padding:6px 0;font-size:14px;line-height:1.5;color:#2a2a2a;border-bottom:1px solid #ebebe5;\"><span style=\"color:#2a5f3f;font-weight:700;flex:0 0 14px;\">&#10003;<\/span><span>S\u00e9curiser la colonne vert\u00e9brale (talonneur, n\u00b08, ouvreur, centre).<\/span><\/li>\n<li style=\"display:flex;gap:10px;align-items:flex-start;padding:6px 0;font-size:14px;line-height:1.5;color:#2a2a2a;border-bottom:1px solid #ebebe5;\"><span style=\"color:#2a5f3f;font-weight:700;flex:0 0 14px;\">&#10003;<\/span><span>Renforcer la pr\u00e9pa physique estivale, en particulier la m\u00eal\u00e9e.<\/span><\/li>\n<li style=\"display:flex;gap:10px;align-items:flex-start;padding:6px 0;font-size:14px;line-height:1.5;color:#2a2a2a;border-bottom:1px solid #ebebe5;\"><span style=\"color:#2a5f3f;font-weight:700;flex:0 0 14px;\">&#10003;<\/span><span>Soigner le banc : 7-8 finisseurs en F\u00e9d\u00e9rale 2.<\/span><\/li>\n<li style=\"display:flex;gap:10px;align-items:flex-start;padding:6px 0;font-size:14px;line-height:1.5;color:#2a2a2a;\"><span style=\"color:#2a5f3f;font-weight:700;flex:0 0 14px;\">&#10003;<\/span><span>Cadrer le projet m\u00e9dical : kin\u00e9s, pr\u00e9pa, suivi blessures.<\/span><\/li>\n<\/ul><\/div>\n<div style=\"background:#fafaf7;border:1px solid #f3cccc;border-top:4px solid #c54848;border-radius:4px;padding:20px 22px;\">\n<h3 style=\"margin:0 0 14px 0;font-size:13px;font-weight:700;text-transform:uppercase;letter-spacing:1.8px;color:#8a2020;\">&#10005; Pi\u00e8ges \u00e0 \u00e9viter<\/h3>\n<ul style=\"margin:0;padding:0;list-style:none;\">\n<li style=\"display:flex;gap:10px;align-items:flex-start;padding:6px 0;font-size:14px;line-height:1.5;color:#2a2a2a;border-bottom:1px solid #ebebe5;\"><span style=\"color:#c54848;font-weight:700;flex:0 0 14px;\">&#10005;<\/span><span>Br\u00fbler le budget recrutement en quelques signatures clinquantes.<\/span><\/li>\n<li style=\"display:flex;gap:10px;align-items:flex-start;padding:6px 0;font-size:14px;line-height:1.5;color:#2a2a2a;border-bottom:1px solid #ebebe5;\"><span style=\"color:#c54848;font-weight:700;flex:0 0 14px;\">&#10005;<\/span><span>Garder le m\u00eame staff sans renforcer la cellule analyse vid\u00e9o.<\/span><\/li>\n<li style=\"display:flex;gap:10px;align-items:flex-start;padding:6px 0;font-size:14px;line-height:1.5;color:#2a2a2a;border-bottom:1px solid #ebebe5;\"><span style=\"color:#c54848;font-weight:700;flex:0 0 14px;\">&#10005;<\/span><span>Sous-estimer l&rsquo;intensit\u00e9 des d\u00e9placements longue distance.<\/span><\/li>\n<li style=\"display:flex;gap:10px;align-items:flex-start;padding:6px 0;font-size:14px;line-height:1.5;color:#2a2a2a;\"><span style=\"color:#c54848;font-weight:700;flex:0 0 14px;\">&#10005;<\/span><span>Oublier de fid\u00e9liser les piliers du vestiaire qui ont fait la mont\u00e9e.<\/span><\/li>\n<\/ul><\/div>\n<\/div>\n<h2>Le format terrain neutre, un facteur cl\u00e9<\/h2>\n<p>Les huiti\u00e8mes de finale se joueront le dimanche 1er juin sur terrain neutre, un format qui ajoute une dimension suppl\u00e9mentaire \u00e0 la comp\u00e9tition. Les clubs devront s&rsquo;adapter \u00e0 cette nouvelle r\u00e9alit\u00e9 et donner le meilleur d&rsquo;eux-m\u00eames, sans pouvoir compter sur la ferveur de leur public habituel. Pour beaucoup, c&rsquo;est une d\u00e9couverte : la veille on dort \u00e0 l&rsquo;h\u00f4tel, le matin on d\u00e9couvre le vestiaire, et 80 minutes plus tard tout est dit.<\/p>\n<aside style=\"background:#fdecec;border-left:4px solid #c54848;padding:14px 18px;margin:18px 0;border-radius:0 4px 4px 0;font-family:-apple-system,BlinkMacSystemFont,'Segoe UI',Roboto,sans-serif;\">\n  <strong style=\"display:inline-block;color:#8a2020;font-size:12px;text-transform:uppercase;letter-spacing:1.5px;margin-right:8px;\">&#9888;&#65039; Attention<\/strong><br \/>\n  <span style=\"font-size:14.5px;line-height:1.55;color:#3a3a3a;\">Le terrain neutre annule l&rsquo;avantage du terrain mais n&rsquo;efface pas la fatigue accumul\u00e9e. Les \u00e9quipes ayant jou\u00e9 un seizi\u00e8me aller-retour tr\u00e8s engag\u00e9 devront g\u00e9rer la r\u00e9cup\u00e9ration.<\/span><br \/>\n<\/aside>\n<p>Les supporters, quant \u00e0 eux, attendent avec impatience ces matchs d\u00e9cisifs qui marquent le d\u00e9but d&rsquo;une nouvelle \u00e9tape pour ces \u00e9quipes prometteuses. Les bus affr\u00e9t\u00e9s depuis Roubaix, Vincennes, Caen ou Bordeaux convergeront vers les pelouses choisies par la f\u00e9d\u00e9ration, et c&rsquo;est tout l&rsquo;\u00e9cosyst\u00e8me du rugby de territoire qui vibrera ce jour-l\u00e0 \u2014 buvettes, troisi\u00e8mes mi-temps, jeunes de l&rsquo;\u00e9cole de rugby venus voir leurs a\u00een\u00e9s.<\/p>\n<h2>En r\u00e9sum\u00e9<\/h2>\n<p>Seize clubs viennent d&rsquo;\u00e9crire la derni\u00e8re page d&rsquo;une saison longue et exigeante en d\u00e9crochant leur ticket pour la F\u00e9d\u00e9rale 2. Avant cela, huit affiches restent \u00e0 disputer le 1er juin, sur terrain neutre, dans des duels que personne ne donne jou\u00e9s d&rsquo;avance. Roubaix, Vincennes, Rodez, Caussade, Sables-d&rsquo;Olonne, Stade bordelais, Quillan-Limoux et Mont\u00e9limar d\u00e9fieront leurs adversaires respectifs pour aller chercher une qualification au tour suivant. Quelle que soit l&rsquo;issue, ces seize promus apportent du sang neuf \u00e0 la F\u00e9d\u00e9rale 2 \u2014 et c&rsquo;est tout le rugby amateur fran\u00e7ais qui en sort grandi.<\/p>\n<section style=\"margin:32px 0;font-family:-apple-system,BlinkMacSystemFont,'Segoe UI',Roboto,sans-serif;\">\n<h2 style=\"margin:0 0 18px 0;font-size:22px;font-weight:800;color:#1a1a1a;letter-spacing:-0.01em;\">Questions fr\u00e9quentes<\/h2>\n<div style=\"border-top:1px solid #d4cfc4;\">\n<details style=\"border-bottom:1px solid #d4cfc4;padding:0;\">\n<summary style=\"cursor:pointer;padding:16px 0;font-size:17px;font-weight:700;color:#1a1a1a;list-style:none;display:flex;justify-content:space-between;align-items:center;gap:14px;\">\n        <span>Combien d&rsquo;\u00e9quipes acc\u00e8dent \u00e0 la F\u00e9d\u00e9rale 2 cette saison ?<\/span><br \/>\n        <span style=\"font-size:22px;font-weight:300;color:#2a5f3f;line-height:1;\">+<\/span><br \/>\n      <\/summary>\n<div style=\"padding:0 0 16px 0;font-size:15px;line-height:1.7;color:#4a4a4a;\">Seize \u00e9quipes ont valid\u00e9 leur mont\u00e9e \u00e0 l&rsquo;issue des seizi\u00e8mes de finale retour, et acc\u00e9deront donc \u00e0 la F\u00e9d\u00e9rale 2 d\u00e8s la rentr\u00e9e.<\/div>\n<\/details>\n<details style=\"border-bottom:1px solid #d4cfc4;padding:0;\">\n<summary style=\"cursor:pointer;padding:16px 0;font-size:17px;font-weight:700;color:#1a1a1a;list-style:none;display:flex;justify-content:space-between;align-items:center;gap:14px;\">\n        <span>Quand se jouent les huiti\u00e8mes de finale ?<\/span><br \/>\n        <span style=\"font-size:22px;font-weight:300;color:#2a5f3f;line-height:1;\">+<\/span><br \/>\n      <\/summary>\n<div style=\"padding:0 0 16px 0;font-size:15px;line-height:1.7;color:#4a4a4a;\">Les huit affiches sont programm\u00e9es le dimanche 1er juin, sur terrain neutre d\u00e9sign\u00e9 par la f\u00e9d\u00e9ration.<\/div>\n<\/details>\n<details style=\"border-bottom:1px solid #d4cfc4;padding:0;\">\n<summary style=\"cursor:pointer;padding:16px 0;font-size:17px;font-weight:700;color:#1a1a1a;list-style:none;display:flex;justify-content:space-between;align-items:center;gap:14px;\">\n        <span>Pourquoi jouer sur terrain neutre ?<\/span><br \/>\n        <span style=\"font-size:22px;font-weight:300;color:#2a5f3f;line-height:1;\">+<\/span><br \/>\n      <\/summary>\n<div style=\"padding:0 0 16px 0;font-size:15px;line-height:1.7;color:#4a4a4a;\">Ce format \u00e9vite tout avantage sportif li\u00e9 \u00e0 la pelouse, \u00e0 la m\u00e9t\u00e9o locale ou au public. Il garantit l&rsquo;\u00e9quit\u00e9 entre les deux finalistes des seizi\u00e8mes.<\/div>\n<\/details>\n<details style=\"border-bottom:1px solid #d4cfc4;padding:0;\">\n<summary style=\"cursor:pointer;padding:16px 0;font-size:17px;font-weight:700;color:#1a1a1a;list-style:none;display:flex;justify-content:space-between;align-items:center;gap:14px;\">\n        <span>Quels sont les chocs les plus attendus ?<\/span><br \/>\n        <span style=\"font-size:22px;font-weight:300;color:#2a5f3f;line-height:1;\">+<\/span><br \/>\n      <\/summary>\n<div style=\"padding:0 0 16px 0;font-size:15px;line-height:1.7;color:#4a4a4a;\">Roubaix\u2013Saint-Claude et Vincennes\u2013Saint-Savin se d\u00e9tachent comme deux duels embl\u00e9matiques, mais l&rsquo;affiche Stade bordelais\u2013Bagneux promet aussi un beau plateau de rugby.<\/div>\n<\/details>\n<details style=\"border-bottom:1px solid #d4cfc4;padding:0;\">\n<summary style=\"cursor:pointer;padding:16px 0;font-size:17px;font-weight:700;color:#1a1a1a;list-style:none;display:flex;justify-content:space-between;align-items:center;gap:14px;\">\n        <span>Que change concr\u00e8tement la F\u00e9d\u00e9rale 2 pour un club ?<\/span><br \/>\n        <span style=\"font-size:22px;font-weight:300;color:#2a5f3f;line-height:1;\">+<\/span><br \/>\n      <\/summary>\n<div style=\"padding:0 0 16px 0;font-size:15px;line-height:1.7;color:#4a4a4a;\">Calendrier plus dense, d\u00e9placements allong\u00e9s, exigence physique en hausse et budget revu : il faut anticiper d\u00e8s la fin de saison, notamment c\u00f4t\u00e9 recrutement et pr\u00e9paration physique.<\/div>\n<\/details><\/div>\n<\/section>\n","protected":false},"excerpt":{"rendered":"","protected":false},"author":34,"featured_media":16517,"comment_status":"open","ping_status":"open","sticky":false,"template":"","format":"standard","meta":{"_acf_changed":false,"manual_indexmenow":false,"indexmenow_id_project":0,"footnotes":""},"categories":[1],"tags":[4745,4544,4543,4408,4536],"class_list":["post-16467","post","type-post","status-publish","format-standard","has-post-thumbnail","hentry","category-a-la-une","tag-competition","tag-equipe","tag-performance","tag-resilience","tag-rugby","generate-columns","tablet-grid-50","mobile-grid-100","grid-parent","grid-25"],"acf":[],"yoast_head":"<!-- This site is optimized with the Yoast SEO Premium plugin v21.3 (Yoast SEO v26.5) - https:\/\/yoast.com\/wordpress\/plugins\/seo\/ -->\n<title>D\u00e9couvrez les \u00e9quipes promues en F\u00e9d\u00e9rale 2 et les affiches<\/title>\n<meta name=\"description\" content=\"Seize clubs viennent de d\u00e9crocher leur ticket pour la F\u00e9d\u00e9rale 2, et d\u00e9j\u00e0 les huiti\u00e8mes de finale dessinent une affiche du dimanche 1er juin charg\u00e9e de\u2026\" \/>\n<meta name=\"robots\" content=\"index, follow, max-snippet:-1, max-image-preview:large, max-video-preview:-1\" \/>\n<link rel=\"canonical\" href=\"https:\/\/sport-index.fr\/blog\/a-la-une\/decouvrez-les-equipes-promues-en-federale-2-et-les-affiches-des-huitiemes-de-finale\/\" \/>\n<meta property=\"og:locale\" content=\"fr_FR\" \/>\n<meta property=\"og:type\" content=\"article\" \/>\n<meta property=\"og:title\" content=\"D\u00e9couvrez les \u00e9quipes promues en F\u00e9d\u00e9rale 2 et les affiches\" \/>\n<meta property=\"og:description\" content=\"Seize clubs viennent de d\u00e9crocher leur ticket pour la F\u00e9d\u00e9rale 2, et d\u00e9j\u00e0 les huiti\u00e8mes de finale dessinent une affiche du dimanche 1er juin charg\u00e9e de\u2026\" \/>\n<meta property=\"og:url\" content=\"https:\/\/sport-index.fr\/blog\/a-la-une\/decouvrez-les-equipes-promues-en-federale-2-et-les-affiches-des-huitiemes-de-finale\/\" \/>\n<meta property=\"og:site_name\" content=\"sport-index\" \/>\n<meta name=\"author\" content=\"Axel Lauzier\" \/>\n<meta name=\"twitter:card\" content=\"summary_large_image\" \/>\n<script type=\"application\/ld+json\" class=\"yoast-schema-graph\">{\"@context\":\"https:\/\/schema.org\",\"@graph\":[{\"@type\":\"NewsArticle\",\"@id\":\"https:\/\/sport-index.fr\/blog\/a-la-une\/decouvrez-les-equipes-promues-en-federale-2-et-les-affiches-des-huitiemes-de-finale\/#article\",\"isPartOf\":{\"@id\":\"https:\/\/sport-index.fr\/blog\/a-la-une\/decouvrez-les-equipes-promues-en-federale-2-et-les-affiches-des-huitiemes-de-finale\/\"},\"author\":{\"name\":\"Axel Lauzier\",\"@id\":\"https:\/\/sport-index.fr\/blog\/#\/schema\/person\/3c864cdc320801e3db34b663e7e3f816\"},\"headline\":\"D\u00e9couvrez les \u00e9quipes promues en F\u00e9d\u00e9rale 2 et les affiches des huiti\u00e8mes de finale\",\"datePublished\":\"2026-05-19T02:31:37+00:00\",\"mainEntityOfPage\":{\"@id\":\"https:\/\/sport-index.fr\/blog\/a-la-une\/decouvrez-les-equipes-promues-en-federale-2-et-les-affiches-des-huitiemes-de-finale\/\"},\"wordCount\":1691,\"commentCount\":24,\"publisher\":{\"@id\":\"https:\/\/sport-index.fr\/blog\/#organization\"},\"image\":{\"@id\":\"https:\/\/sport-index.fr\/blog\/a-la-une\/decouvrez-les-equipes-promues-en-federale-2-et-les-affiches-des-huitiemes-de-finale\/#primaryimage\"},\"thumbnailUrl\":\"https:\/\/sport-index.fr\/blog\/wp-content\/uploads\/2025\/05\/sdxl-b29f13ea00f8e294af836b1e71580e77-scaled.png\",\"keywords\":[\"Comp\u00e9tition\",\"\u00c9quipe\",\"Performance\",\"R\u00e9silience\",\"Rugby\"],\"articleSection\":[\"\u00c0 la une\"],\"inLanguage\":\"fr-FR\",\"potentialAction\":[{\"@type\":\"CommentAction\",\"name\":\"Comment\",\"target\":[\"https:\/\/sport-index.fr\/blog\/a-la-une\/decouvrez-les-equipes-promues-en-federale-2-et-les-affiches-des-huitiemes-de-finale\/#respond\"]}]},{\"@type\":\"WebPage\",\"@id\":\"https:\/\/sport-index.fr\/blog\/a-la-une\/decouvrez-les-equipes-promues-en-federale-2-et-les-affiches-des-huitiemes-de-finale\/\",\"url\":\"https:\/\/sport-index.fr\/blog\/a-la-une\/decouvrez-les-equipes-promues-en-federale-2-et-les-affiches-des-huitiemes-de-finale\/\",\"name\":\"D\u00e9couvrez les \u00e9quipes promues en F\u00e9d\u00e9rale 2 et les affiches\",\"isPartOf\":{\"@id\":\"https:\/\/sport-index.fr\/blog\/#website\"},\"primaryImageOfPage\":{\"@id\":\"https:\/\/sport-index.fr\/blog\/a-la-une\/decouvrez-les-equipes-promues-en-federale-2-et-les-affiches-des-huitiemes-de-finale\/#primaryimage\"},\"image\":{\"@id\":\"https:\/\/sport-index.fr\/blog\/a-la-une\/decouvrez-les-equipes-promues-en-federale-2-et-les-affiches-des-huitiemes-de-finale\/#primaryimage\"},\"thumbnailUrl\":\"https:\/\/sport-index.fr\/blog\/wp-content\/uploads\/2025\/05\/sdxl-b29f13ea00f8e294af836b1e71580e77-scaled.png\",\"datePublished\":\"2026-05-19T02:31:37+00:00\",\"description\":\"Seize clubs viennent de d\u00e9crocher leur ticket pour la F\u00e9d\u00e9rale 2, et d\u00e9j\u00e0 les huiti\u00e8mes de finale dessinent une affiche du dimanche 1er juin charg\u00e9e de\u2026\",\"inLanguage\":\"fr-FR\",\"potentialAction\":[{\"@type\":\"ReadAction\",\"target\":[\"https:\/\/sport-index.fr\/blog\/a-la-une\/decouvrez-les-equipes-promues-en-federale-2-et-les-affiches-des-huitiemes-de-finale\/\"]}]},{\"@type\":\"ImageObject\",\"inLanguage\":\"fr-FR\",\"@id\":\"https:\/\/sport-index.fr\/blog\/a-la-une\/decouvrez-les-equipes-promues-en-federale-2-et-les-affiches-des-huitiemes-de-finale\/#primaryimage\",\"url\":\"https:\/\/sport-index.fr\/blog\/wp-content\/uploads\/2025\/05\/sdxl-b29f13ea00f8e294af836b1e71580e77-scaled.png\",\"contentUrl\":\"https:\/\/sport-index.fr\/blog\/wp-content\/uploads\/2025\/05\/sdxl-b29f13ea00f8e294af836b1e71580e77-scaled.png\",\"width\":1200,\"height\":500},{\"@type\":\"WebSite\",\"@id\":\"https:\/\/sport-index.fr\/blog\/#website\",\"url\":\"https:\/\/sport-index.fr\/blog\/\",\"name\":\"sport-index.fr\",\"description\":\"Le score de l\u2019analyse sportive.\",\"publisher\":{\"@id\":\"https:\/\/sport-index.fr\/blog\/#organization\"},\"alternateName\":\"Le score de l\u2019analyse sportive.\",\"potentialAction\":[{\"@type\":\"SearchAction\",\"target\":{\"@type\":\"EntryPoint\",\"urlTemplate\":\"https:\/\/sport-index.fr\/blog\/?s={search_term_string}\"},\"query-input\":{\"@type\":\"PropertyValueSpecification\",\"valueRequired\":true,\"valueName\":\"search_term_string\"}}],\"inLanguage\":\"fr-FR\"},{\"@type\":\"Organization\",\"@id\":\"https:\/\/sport-index.fr\/blog\/#organization\",\"name\":\"Foretsensations.fr\",\"url\":\"https:\/\/sport-index.fr\/blog\/\",\"logo\":{\"@type\":\"ImageObject\",\"inLanguage\":\"fr-FR\",\"@id\":\"https:\/\/sport-index.fr\/blog\/#\/schema\/logo\/image\/\",\"url\":\"https:\/\/sport-index.fr\/blog\/wp-content\/uploads\/2026\/07\/logo-auto.png\",\"contentUrl\":\"https:\/\/sport-index.fr\/blog\/wp-content\/uploads\/2026\/07\/logo-auto.png\",\"width\":1024,\"height\":1024,\"caption\":\"Foretsensations.fr\"},\"image\":{\"@id\":\"https:\/\/sport-index.fr\/blog\/#\/schema\/logo\/image\/\"}},{\"@type\":\"Person\",\"@id\":\"https:\/\/sport-index.fr\/blog\/#\/schema\/person\/3c864cdc320801e3db34b663e7e3f816\",\"name\":\"Axel Lauzier\",\"image\":{\"@type\":\"ImageObject\",\"inLanguage\":\"fr-FR\",\"@id\":\"https:\/\/sport-index.fr\/blog\/#\/schema\/person\/image\/\",\"url\":\"https:\/\/sport-index.fr\/blog\/wp-content\/uploads\/2026\/06\/persona_axel-l-96x96.jpg\",\"contentUrl\":\"https:\/\/sport-index.fr\/blog\/wp-content\/uploads\/2026\/06\/persona_axel-l-96x96.jpg\",\"caption\":\"Axel Lauzier\"},\"description\":\"Le sport rythme mon quotidien depuis l'enfance, et j'en ai fait mon m\u00e9tier d'analyste r\u00e9dactionnel il y a une dizaine d'ann\u00e9es. Je couvre principalement le football, son actualit\u00e9, ses transferts et l'analyse tactique des grandes affiches, mais aussi les disciplines plus confidentielles que j'aime remettre en lumi\u00e8re. Une partie de mon travail porte sur les pronostics et la lecture statistique d'un match : forme des \u00e9quipes, historique des confrontations, compositions, sans jamais vendre de fausse certitude. Je rappelle syst\u00e9matiquement que parier comporte un risque et doit rester un loisir ma\u00eetris\u00e9. Avant de signer une analyse, je v\u00e9rifie mes chiffres, je recoupe les compositions probables et je distingue toujours la donn\u00e9e brute de l'intuition. Mon objectif : offrir une lecture honn\u00eate et argument\u00e9e, pas un ticket gagnant garanti.\",\"sameAs\":[\"https:\/\/axellauzier.fr\/\"],\"url\":\"https:\/\/sport-index.fr\/blog\/auteur\/noname\/\"}]}<\/script>\n<!-- \/ Yoast SEO Premium plugin. -->","yoast_head_json":{"title":"D\u00e9couvrez les \u00e9quipes promues en F\u00e9d\u00e9rale 2 et les affiches","description":"Seize clubs viennent de d\u00e9crocher leur ticket pour la F\u00e9d\u00e9rale 2, et d\u00e9j\u00e0 les huiti\u00e8mes de finale dessinent une affiche du dimanche 1er juin charg\u00e9e de\u2026","robots":{"index":"index","follow":"follow","max-snippet":"max-snippet:-1","max-image-preview":"max-image-preview:large","max-video-preview":"max-video-preview:-1"},"canonical":"https:\/\/sport-index.fr\/blog\/a-la-une\/decouvrez-les-equipes-promues-en-federale-2-et-les-affiches-des-huitiemes-de-finale\/","og_locale":"fr_FR","og_type":"article","og_title":"D\u00e9couvrez les \u00e9quipes promues en F\u00e9d\u00e9rale 2 et les affiches","og_description":"Seize clubs viennent de d\u00e9crocher leur ticket pour la F\u00e9d\u00e9rale 2, et d\u00e9j\u00e0 les huiti\u00e8mes de finale dessinent une affiche du dimanche 1er juin charg\u00e9e de\u2026","og_url":"https:\/\/sport-index.fr\/blog\/a-la-une\/decouvrez-les-equipes-promues-en-federale-2-et-les-affiches-des-huitiemes-de-finale\/","og_site_name":"sport-index","author":"Axel Lauzier","twitter_card":"summary_large_image","schema":{"@context":"https:\/\/schema.org","@graph":[{"@type":"NewsArticle","@id":"https:\/\/sport-index.fr\/blog\/a-la-une\/decouvrez-les-equipes-promues-en-federale-2-et-les-affiches-des-huitiemes-de-finale\/#article","isPartOf":{"@id":"https:\/\/sport-index.fr\/blog\/a-la-une\/decouvrez-les-equipes-promues-en-federale-2-et-les-affiches-des-huitiemes-de-finale\/"},"author":{"name":"Axel Lauzier","@id":"https:\/\/sport-index.fr\/blog\/#\/schema\/person\/3c864cdc320801e3db34b663e7e3f816"},"headline":"D\u00e9couvrez les \u00e9quipes promues en F\u00e9d\u00e9rale 2 et les affiches des huiti\u00e8mes de finale","datePublished":"2026-05-19T02:31:37+00:00","mainEntityOfPage":{"@id":"https:\/\/sport-index.fr\/blog\/a-la-une\/decouvrez-les-equipes-promues-en-federale-2-et-les-affiches-des-huitiemes-de-finale\/"},"wordCount":1691,"commentCount":24,"publisher":{"@id":"https:\/\/sport-index.fr\/blog\/#organization"},"image":{"@id":"https:\/\/sport-index.fr\/blog\/a-la-une\/decouvrez-les-equipes-promues-en-federale-2-et-les-affiches-des-huitiemes-de-finale\/#primaryimage"},"thumbnailUrl":"https:\/\/sport-index.fr\/blog\/wp-content\/uploads\/2025\/05\/sdxl-b29f13ea00f8e294af836b1e71580e77-scaled.png","keywords":["Comp\u00e9tition","\u00c9quipe","Performance","R\u00e9silience","Rugby"],"articleSection":["\u00c0 la une"],"inLanguage":"fr-FR","potentialAction":[{"@type":"CommentAction","name":"Comment","target":["https:\/\/sport-index.fr\/blog\/a-la-une\/decouvrez-les-equipes-promues-en-federale-2-et-les-affiches-des-huitiemes-de-finale\/#respond"]}]},{"@type":"WebPage","@id":"https:\/\/sport-index.fr\/blog\/a-la-une\/decouvrez-les-equipes-promues-en-federale-2-et-les-affiches-des-huitiemes-de-finale\/","url":"https:\/\/sport-index.fr\/blog\/a-la-une\/decouvrez-les-equipes-promues-en-federale-2-et-les-affiches-des-huitiemes-de-finale\/","name":"D\u00e9couvrez les \u00e9quipes promues en F\u00e9d\u00e9rale 2 et les affiches","isPartOf":{"@id":"https:\/\/sport-index.fr\/blog\/#website"},"primaryImageOfPage":{"@id":"https:\/\/sport-index.fr\/blog\/a-la-une\/decouvrez-les-equipes-promues-en-federale-2-et-les-affiches-des-huitiemes-de-finale\/#primaryimage"},"image":{"@id":"https:\/\/sport-index.fr\/blog\/a-la-une\/decouvrez-les-equipes-promues-en-federale-2-et-les-affiches-des-huitiemes-de-finale\/#primaryimage"},"thumbnailUrl":"https:\/\/sport-index.fr\/blog\/wp-content\/uploads\/2025\/05\/sdxl-b29f13ea00f8e294af836b1e71580e77-scaled.png","datePublished":"2026-05-19T02:31:37+00:00","description":"Seize clubs viennent de d\u00e9crocher leur ticket pour la F\u00e9d\u00e9rale 2, et d\u00e9j\u00e0 les huiti\u00e8mes de finale dessinent une affiche du dimanche 1er juin charg\u00e9e de\u2026","inLanguage":"fr-FR","potentialAction":[{"@type":"ReadAction","target":["https:\/\/sport-index.fr\/blog\/a-la-une\/decouvrez-les-equipes-promues-en-federale-2-et-les-affiches-des-huitiemes-de-finale\/"]}]},{"@type":"ImageObject","inLanguage":"fr-FR","@id":"https:\/\/sport-index.fr\/blog\/a-la-une\/decouvrez-les-equipes-promues-en-federale-2-et-les-affiches-des-huitiemes-de-finale\/#primaryimage","url":"https:\/\/sport-index.fr\/blog\/wp-content\/uploads\/2025\/05\/sdxl-b29f13ea00f8e294af836b1e71580e77-scaled.png","contentUrl":"https:\/\/sport-index.fr\/blog\/wp-content\/uploads\/2025\/05\/sdxl-b29f13ea00f8e294af836b1e71580e77-scaled.png","width":1200,"height":500},{"@type":"WebSite","@id":"https:\/\/sport-index.fr\/blog\/#website","url":"https:\/\/sport-index.fr\/blog\/","name":"sport-index.fr","description":"Le score de l\u2019analyse sportive.","publisher":{"@id":"https:\/\/sport-index.fr\/blog\/#organization"},"alternateName":"Le score de l\u2019analyse sportive.","potentialAction":[{"@type":"SearchAction","target":{"@type":"EntryPoint","urlTemplate":"https:\/\/sport-index.fr\/blog\/?s={search_term_string}"},"query-input":{"@type":"PropertyValueSpecification","valueRequired":true,"valueName":"search_term_string"}}],"inLanguage":"fr-FR"},{"@type":"Organization","@id":"https:\/\/sport-index.fr\/blog\/#organization","name":"Foretsensations.fr","url":"https:\/\/sport-index.fr\/blog\/","logo":{"@type":"ImageObject","inLanguage":"fr-FR","@id":"https:\/\/sport-index.fr\/blog\/#\/schema\/logo\/image\/","url":"https:\/\/sport-index.fr\/blog\/wp-content\/uploads\/2026\/07\/logo-auto.png","contentUrl":"https:\/\/sport-index.fr\/blog\/wp-content\/uploads\/2026\/07\/logo-auto.png","width":1024,"height":1024,"caption":"Foretsensations.fr"},"image":{"@id":"https:\/\/sport-index.fr\/blog\/#\/schema\/logo\/image\/"}},{"@type":"Person","@id":"https:\/\/sport-index.fr\/blog\/#\/schema\/person\/3c864cdc320801e3db34b663e7e3f816","name":"Axel Lauzier","image":{"@type":"ImageObject","inLanguage":"fr-FR","@id":"https:\/\/sport-index.fr\/blog\/#\/schema\/person\/image\/","url":"https:\/\/sport-index.fr\/blog\/wp-content\/uploads\/2026\/06\/persona_axel-l-96x96.jpg","contentUrl":"https:\/\/sport-index.fr\/blog\/wp-content\/uploads\/2026\/06\/persona_axel-l-96x96.jpg","caption":"Axel Lauzier"},"description":"Le sport rythme mon quotidien depuis l'enfance, et j'en ai fait mon m\u00e9tier d'analyste r\u00e9dactionnel il y a une dizaine d'ann\u00e9es. Je couvre principalement le football, son actualit\u00e9, ses transferts et l'analyse tactique des grandes affiches, mais aussi les disciplines plus confidentielles que j'aime remettre en lumi\u00e8re. Une partie de mon travail porte sur les pronostics et la lecture statistique d'un match : forme des \u00e9quipes, historique des confrontations, compositions, sans jamais vendre de fausse certitude. Je rappelle syst\u00e9matiquement que parier comporte un risque et doit rester un loisir ma\u00eetris\u00e9. Avant de signer une analyse, je v\u00e9rifie mes chiffres, je recoupe les compositions probables et je distingue toujours la donn\u00e9e brute de l'intuition. Mon objectif : offrir une lecture honn\u00eate et argument\u00e9e, pas un ticket gagnant garanti.","sameAs":["https:\/\/axellauzier.fr\/"],"url":"https:\/\/sport-index.fr\/blog\/auteur\/noname\/"}]}},"_links":{"self":[{"href":"https:\/\/sport-index.fr\/blog\/wp-json\/wp\/v2\/posts\/16467","targetHints":{"allow":["GET"]}}],"collection":[{"href":"https:\/\/sport-index.fr\/blog\/wp-json\/wp\/v2\/posts"}],"about":[{"href":"https:\/\/sport-index.fr\/blog\/wp-json\/wp\/v2\/types\/post"}],"author":[{"embeddable":true,"href":"https:\/\/sport-index.fr\/blog\/wp-json\/wp\/v2\/users\/34"}],"replies":[{"embeddable":true,"href":"https:\/\/sport-index.fr\/blog\/wp-json\/wp\/v2\/comments?post=16467"}],"version-history":[{"count":2,"href":"https:\/\/sport-index.fr\/blog\/wp-json\/wp\/v2\/posts\/16467\/revisions"}],"predecessor-version":[{"id":17980,"href":"https:\/\/sport-index.fr\/blog\/wp-json\/wp\/v2\/posts\/16467\/revisions\/17980"}],"wp:featuredmedia":[{"embeddable":true,"href":"https:\/\/sport-index.fr\/blog\/wp-json\/wp\/v2\/media\/16517"}],"wp:attachment":[{"href":"https:\/\/sport-index.fr\/blog\/wp-json\/wp\/v2\/media?parent=16467"}],"wp:term":[{"taxonomy":"category","embeddable":true,"href":"https:\/\/sport-index.fr\/blog\/wp-json\/wp\/v2\/categories?post=16467"},{"taxonomy":"post_tag","embeddable":true,"href":"https:\/\/sport-index.fr\/blog\/wp-json\/wp\/v2\/tags?post=16467"}],"curies":[{"name":"wp","href":"https:\/\/api.w.org\/{rel}","templated":true}]}}