{"id":16857,"date":"2025-06-11T22:04:13","date_gmt":"2025-06-11T20:04:13","guid":{"rendered":"https:\/\/sport-index.fr\/blog\/?p=16857"},"modified":"2025-06-11T13:14:53","modified_gmt":"2025-06-11T11:14:53","slug":"decouvrez-les-groupes-de-france-7-pour-les-championnats-deurope-en-croatie","status":"publish","type":"post","link":"https:\/\/sport-index.fr\/blog\/a-la-une\/decouvrez-les-groupes-de-france-7-pour-les-championnats-deurope-en-croatie\/","title":{"rendered":"D\u00e9couvrez les groupes de France 7 pour les championnats d\u2019Europe en Croatie"},"content":{"rendered":"<p>Les \u00e9quipes masculine et f\u00e9minine se rendront \u00e0 Makarska, en Croatie, pour la premi\u00e8re \u00e9tape des championnats d&rsquo;Europe. Cet \u00e9v\u00e9nement, qui se d\u00e9roulera du 13 au 15 juin, sera crucial pour les deux \u00e9quipes, qui cherchent \u00e0 se relancer apr\u00e8s une ann\u00e9e difficile.<\/p>\n<h2>Une \u00e9quipe masculine redynamis\u00e9e<\/h2>\n<p>Pour cette premi\u00e8re \u00e9tape, la FFR a choisi de laisser de c\u00f4t\u00e9 certains joueurs vedettes comme Stephen Parez-Edo et Paulin Riva. Cependant, la pr\u00e9sence d&rsquo;Enahemo Artaud, consid\u00e9r\u00e9 comme la r\u00e9v\u00e9lation du circuit mondial, apporte une dynamique nouvelle. Avec l&rsquo;ajout de Lucas Oudard, un joueur prometteur du Stade aurillacois, l&rsquo;\u00e9quipe masculine esp\u00e8re surprendre ses adversaires.<\/p>\n<p>Ce changement de composition pourrait offrir une chance \u00e0 de jeunes talents de briller sur la sc\u00e8ne europ\u00e9enne. L&rsquo;absence des grands noms pourrait \u00e9galement lib\u00e9rer une pression sur les joueurs, leur permettant de s&rsquo;exprimer pleinement. Les Bleus du 7 entreront sur le terrain avec la volont\u00e9 de montrer leur valeur d\u00e8s le premier match.<\/p>\n<p><iframe loading=\"lazy\" title=\"Mondial : le parcours (presque) sans faute de la Croatie\" width=\"1200\" height=\"675\" src=\"https:\/\/www.youtube.com\/embed\/Z4-7-kjdU6E?feature=oembed\" frameborder=\"0\" allow=\"accelerometer; autoplay; clipboard-write; encrypted-media; gyroscope; picture-in-picture; web-share\" referrerpolicy=\"strict-origin-when-cross-origin\" allowfullscreen><\/iframe><\/p>\n<h2>Les femmes en qu\u00eate de r\u00e9demption<\/h2>\n<p>Du c\u00f4t\u00e9 f\u00e9minin, l&rsquo;\u00e9quipe cherche \u00e0 se relever apr\u00e8s une saison marqu\u00e9e par des d\u00e9fis. Christophe Reigt, l&rsquo;entra\u00eeneur, mise sur des joueuses exp\u00e9riment\u00e9es, dont Camille Grassineau, qui fait partie int\u00e9grante du groupe depuis 2013. Elle incarne la force et la r\u00e9silience n\u00e9cessaires pour aborder ce tournoi avec d\u00e9termination.<\/p>\n<p>Les femmes du rugby \u00e0 7 fran\u00e7ais doivent faire face \u00e0 des attentes \u00e9lev\u00e9es. Pour r\u00e9ussir, elles devront capitaliser sur leur exp\u00e9rience collective et sur leur capacit\u00e9 \u00e0 surmonter les obstacles. Chaque match sera une occasion de prouver leur potentiel et de se racheter aupr\u00e8s des supporters.<\/p>\n<h2>Les groupes d\u00e9voil\u00e9s<\/h2>\n<p>Voici les groupes constitu\u00e9s par la FFR pour les championnats d&rsquo;Europe :<\/p>\n<ul>\n<li>Enahemo Artaud (FFR)<\/li>\n<li>Guillaume Bouche (Dax)<\/li>\n<li>Josselin Bouhier (Section paloise)<\/li>\n<li>Simon Desert (FFR)<\/li>\n<li>Th\u00e9o Forner (Usap)<\/li>\n<li>Victor Hannoun (Avrion bayonnais)<\/li>\n<li>William Iraguha (FFR)<\/li>\n<li>Paul Leraitre (Racing 92)<\/li>\n<li>Tom Leveque (Aviron bayonnais)<\/li>\n<li>Thibaud Mazzoleni (Agen)<\/li>\n<li>Luca Mignot (RC Massy Essonne)<\/li>\n<li>Diego Miranda (Dax)<\/li>\n<li>Lucas Oudard (Stade aurillacois)<\/li>\n<\/ul>\n<p><strong>Le programme de l&rsquo;\u00e9quipe masculine :<\/strong><\/p>\n<p>VENDREDI 13 JUIN<\/p>\n<p>13h50 : France \u2013 Su\u00e8de<\/p>\n<p>20h20 : France \u2013 Espagne<\/p>\n<p>SAMEDI 14 JUIN<\/p>\n<p>13h50 : France \u2013 Italie<\/p>\n<h2>Un calendrier charg\u00e9 pour les f\u00e9minines<\/h2>\n<p>Concernant l&rsquo;\u00e9quipe f\u00e9minine, les attentes sont tout aussi \u00e9lev\u00e9es. Les joueuses s&rsquo;appr\u00eatent \u00e0 affronter des adversaires redoutables, et chaque match comptera pour leur progression. Camille Grassineau et ses co\u00e9quipi\u00e8res devront faire preuve de solidarit\u00e9 et de strat\u00e9gie pour d\u00e9crocher de bons r\u00e9sultats.<\/p>\n<p>Voici le groupe f\u00e9minin s\u00e9lectionn\u00e9 pour le tournoi :<\/p>\n<ul>\n<li>Kal\u00e9a BERROYER (Stade Bordelais)<\/li>\n<li>Alycia CHRISTIAENS (Stade Villeneuvois Lille M\u00e9tropole)<\/li>\n<li>Noa COUDRE (Lyon OU Rugby)<\/li>\n<li>Marie DUPOUY (Blagnac Sporting Club Rugby)<\/li>\n<li>Camille GRASSINEAU (FFR)<\/li>\n<li>Cl\u00e9o HAGEL (Lyon OU Rugby)<\/li>\n<li>Flavie LAINE (Blagnac Sporting Club Rugby)<\/li>\n<li>Valentine LOTHOZ (Stade Rochelais)<\/li>\n<li>Lou NOEL RIVIER (FC Grenoble Amazones)<\/li>\n<li>Faustine PISCICELLI (FC Grenoble Amazones)<\/li>\n<li>Suliana SIVI (Stade Rennais Rugby)<\/li>\n<li>Hawa TOUNKARA (AC Bobigny 93 Rugby)<\/li>\n<li>Iness ZEZE (AC Bobigny 93 Rugby)<\/li>\n<\/ul>\n<p><strong>Le programme de l&rsquo;\u00e9quipe f\u00e9minine :<\/strong><\/p>\n<p>VENDREDI 13 JUIN<\/p>\n<p>11h20 : France \u2013 G\u00e9orgie<\/p>\n<p>17h50 : France \u2013 Irlande<\/p>\n<p>SAMEDI 14 JUIN<\/p>\n<p>11h20 : France \u2013 R\u00e9publique Tch\u00e8que<\/p>\n<blockquote>\n<p>\u00ab\u00a0Nous sommes pr\u00eats \u00e0 relever le d\u00e9fi et \u00e0 montrer ce dont nous sommes capables.\u00a0\u00bb &#8211; Camille Grassineau<\/p>\n<\/blockquote>\n<p>Les \u00e9quipes de rugby \u00e0 7 de la France sont pr\u00eates \u00e0 \u00e9crire une nouvelle page de leur histoire lors de ces championnats d&rsquo;Europe. Les attentes sont grandes, mais avec du talent et de la d\u00e9termination, la France peut esp\u00e9rer briller sur la sc\u00e8ne europ\u00e9enne.<\/p>\n","protected":false},"excerpt":{"rendered":"","protected":false},"author":34,"featured_media":17445,"comment_status":"open","ping_status":"open","sticky":false,"template":"","format":"standard","meta":{"_acf_changed":false,"manual_indexmenow":false,"indexmenow_id_project":0,"footnotes":""},"categories":[1],"tags":[4544,4543,4408,4536,4556],"class_list":["post-16857","post","type-post","status-publish","format-standard","has-post-thumbnail","hentry","category-a-la-une","tag-equipe","tag-performance","tag-resilience","tag-rugby","tag-tournoi-des-6-nations","generate-columns","tablet-grid-50","mobile-grid-100","grid-parent","grid-25"],"acf":[],"yoast_head":"<!-- This site is optimized with the Yoast SEO Premium plugin v21.3 (Yoast SEO v26.5) - https:\/\/yoast.com\/wordpress\/plugins\/seo\/ -->\n<title>D\u00e9couvrez les groupes de France 7 pour les championnats<\/title>\n<meta name=\"description\" content=\"Les \u00e9quipes masculine et f\u00e9minine se rendront \u00e0 Makarska, en Croatie, pour la premi\u00e8re \u00e9tape des championnats d&#039;Europe. Cet \u00e9v\u00e9nement, qui se d\u00e9roulera\u2026\" \/>\n<meta name=\"robots\" content=\"index, follow, max-snippet:-1, max-image-preview:large, max-video-preview:-1\" \/>\n<link rel=\"canonical\" href=\"https:\/\/sport-index.fr\/blog\/a-la-une\/decouvrez-les-groupes-de-france-7-pour-les-championnats-deurope-en-croatie\/\" \/>\n<meta property=\"og:locale\" content=\"fr_FR\" \/>\n<meta property=\"og:type\" content=\"article\" \/>\n<meta property=\"og:title\" content=\"D\u00e9couvrez les groupes de France 7 pour les championnats\" \/>\n<meta property=\"og:description\" content=\"Les \u00e9quipes masculine et f\u00e9minine se rendront \u00e0 Makarska, en Croatie, pour la premi\u00e8re \u00e9tape des championnats d&#039;Europe. Cet \u00e9v\u00e9nement, qui se d\u00e9roulera\u2026\" \/>\n<meta property=\"og:url\" content=\"https:\/\/sport-index.fr\/blog\/a-la-une\/decouvrez-les-groupes-de-france-7-pour-les-championnats-deurope-en-croatie\/\" \/>\n<meta property=\"og:site_name\" content=\"sport-index\" \/>\n<meta name=\"author\" content=\"Axel Lauzier\" \/>\n<meta name=\"twitter:card\" content=\"summary_large_image\" \/>\n<script type=\"application\/ld+json\" class=\"yoast-schema-graph\">{\"@context\":\"https:\/\/schema.org\",\"@graph\":[{\"@type\":\"NewsArticle\",\"@id\":\"https:\/\/sport-index.fr\/blog\/a-la-une\/decouvrez-les-groupes-de-france-7-pour-les-championnats-deurope-en-croatie\/#article\",\"isPartOf\":{\"@id\":\"https:\/\/sport-index.fr\/blog\/a-la-une\/decouvrez-les-groupes-de-france-7-pour-les-championnats-deurope-en-croatie\/\"},\"author\":{\"name\":\"Axel Lauzier\",\"@id\":\"https:\/\/sport-index.fr\/blog\/#\/schema\/person\/3c864cdc320801e3db34b663e7e3f816\"},\"headline\":\"D\u00e9couvrez les groupes de France 7 pour les championnats d\u2019Europe en Croatie\",\"datePublished\":\"2025-06-11T20:04:13+00:00\",\"mainEntityOfPage\":{\"@id\":\"https:\/\/sport-index.fr\/blog\/a-la-une\/decouvrez-les-groupes-de-france-7-pour-les-championnats-deurope-en-croatie\/\"},\"wordCount\":619,\"commentCount\":24,\"publisher\":{\"@id\":\"https:\/\/sport-index.fr\/blog\/#organization\"},\"image\":{\"@id\":\"https:\/\/sport-index.fr\/blog\/a-la-une\/decouvrez-les-groupes-de-france-7-pour-les-championnats-deurope-en-croatie\/#primaryimage\"},\"thumbnailUrl\":\"https:\/\/sport-index.fr\/blog\/wp-content\/uploads\/2025\/07\/sdxl-1bc595ddc565f087182337eb8d10c8d9-scaled.png\",\"keywords\":[\"\u00c9quipe\",\"Performance\",\"R\u00e9silience\",\"Rugby\",\"Tournoi des 6 Nations\"],\"articleSection\":[\"\u00c0 la une\"],\"inLanguage\":\"fr-FR\",\"potentialAction\":[{\"@type\":\"CommentAction\",\"name\":\"Comment\",\"target\":[\"https:\/\/sport-index.fr\/blog\/a-la-une\/decouvrez-les-groupes-de-france-7-pour-les-championnats-deurope-en-croatie\/#respond\"]}]},{\"@type\":\"WebPage\",\"@id\":\"https:\/\/sport-index.fr\/blog\/a-la-une\/decouvrez-les-groupes-de-france-7-pour-les-championnats-deurope-en-croatie\/\",\"url\":\"https:\/\/sport-index.fr\/blog\/a-la-une\/decouvrez-les-groupes-de-france-7-pour-les-championnats-deurope-en-croatie\/\",\"name\":\"D\u00e9couvrez les groupes de France 7 pour les championnats\",\"isPartOf\":{\"@id\":\"https:\/\/sport-index.fr\/blog\/#website\"},\"primaryImageOfPage\":{\"@id\":\"https:\/\/sport-index.fr\/blog\/a-la-une\/decouvrez-les-groupes-de-france-7-pour-les-championnats-deurope-en-croatie\/#primaryimage\"},\"image\":{\"@id\":\"https:\/\/sport-index.fr\/blog\/a-la-une\/decouvrez-les-groupes-de-france-7-pour-les-championnats-deurope-en-croatie\/#primaryimage\"},\"thumbnailUrl\":\"https:\/\/sport-index.fr\/blog\/wp-content\/uploads\/2025\/07\/sdxl-1bc595ddc565f087182337eb8d10c8d9-scaled.png\",\"datePublished\":\"2025-06-11T20:04:13+00:00\",\"description\":\"Les \u00e9quipes masculine et f\u00e9minine se rendront \u00e0 Makarska, en Croatie, pour la premi\u00e8re \u00e9tape des championnats d'Europe. Cet \u00e9v\u00e9nement, qui se d\u00e9roulera\u2026\",\"inLanguage\":\"fr-FR\",\"potentialAction\":[{\"@type\":\"ReadAction\",\"target\":[\"https:\/\/sport-index.fr\/blog\/a-la-une\/decouvrez-les-groupes-de-france-7-pour-les-championnats-deurope-en-croatie\/\"]}]},{\"@type\":\"ImageObject\",\"inLanguage\":\"fr-FR\",\"@id\":\"https:\/\/sport-index.fr\/blog\/a-la-une\/decouvrez-les-groupes-de-france-7-pour-les-championnats-deurope-en-croatie\/#primaryimage\",\"url\":\"https:\/\/sport-index.fr\/blog\/wp-content\/uploads\/2025\/07\/sdxl-1bc595ddc565f087182337eb8d10c8d9-scaled.png\",\"contentUrl\":\"https:\/\/sport-index.fr\/blog\/wp-content\/uploads\/2025\/07\/sdxl-1bc595ddc565f087182337eb8d10c8d9-scaled.png\",\"width\":1200,\"height\":500},{\"@type\":\"WebSite\",\"@id\":\"https:\/\/sport-index.fr\/blog\/#website\",\"url\":\"https:\/\/sport-index.fr\/blog\/\",\"name\":\"sport-index.fr\",\"description\":\"Le score de l\u2019analyse sportive.\",\"publisher\":{\"@id\":\"https:\/\/sport-index.fr\/blog\/#organization\"},\"alternateName\":\"Le score de l\u2019analyse sportive.\",\"potentialAction\":[{\"@type\":\"SearchAction\",\"target\":{\"@type\":\"EntryPoint\",\"urlTemplate\":\"https:\/\/sport-index.fr\/blog\/?s={search_term_string}\"},\"query-input\":{\"@type\":\"PropertyValueSpecification\",\"valueRequired\":true,\"valueName\":\"search_term_string\"}}],\"inLanguage\":\"fr-FR\"},{\"@type\":\"Organization\",\"@id\":\"https:\/\/sport-index.fr\/blog\/#organization\",\"name\":\"Foretsensations.fr\",\"url\":\"https:\/\/sport-index.fr\/blog\/\",\"logo\":{\"@type\":\"ImageObject\",\"inLanguage\":\"fr-FR\",\"@id\":\"https:\/\/sport-index.fr\/blog\/#\/schema\/logo\/image\/\",\"url\":\"https:\/\/sport-index.fr\/blog\/wp-content\/uploads\/2026\/07\/logo-auto.png\",\"contentUrl\":\"https:\/\/sport-index.fr\/blog\/wp-content\/uploads\/2026\/07\/logo-auto.png\",\"width\":1024,\"height\":1024,\"caption\":\"Foretsensations.fr\"},\"image\":{\"@id\":\"https:\/\/sport-index.fr\/blog\/#\/schema\/logo\/image\/\"}},{\"@type\":\"Person\",\"@id\":\"https:\/\/sport-index.fr\/blog\/#\/schema\/person\/3c864cdc320801e3db34b663e7e3f816\",\"name\":\"Axel Lauzier\",\"image\":{\"@type\":\"ImageObject\",\"inLanguage\":\"fr-FR\",\"@id\":\"https:\/\/sport-index.fr\/blog\/#\/schema\/person\/image\/\",\"url\":\"https:\/\/sport-index.fr\/blog\/wp-content\/uploads\/2026\/06\/persona_axel-l-96x96.jpg\",\"contentUrl\":\"https:\/\/sport-index.fr\/blog\/wp-content\/uploads\/2026\/06\/persona_axel-l-96x96.jpg\",\"caption\":\"Axel Lauzier\"},\"description\":\"Le sport rythme mon quotidien depuis l'enfance, et j'en ai fait mon m\u00e9tier d'analyste r\u00e9dactionnel il y a une dizaine d'ann\u00e9es. Je couvre principalement le football, son actualit\u00e9, ses transferts et l'analyse tactique des grandes affiches, mais aussi les disciplines plus confidentielles que j'aime remettre en lumi\u00e8re. Une partie de mon travail porte sur les pronostics et la lecture statistique d'un match : forme des \u00e9quipes, historique des confrontations, compositions, sans jamais vendre de fausse certitude. Je rappelle syst\u00e9matiquement que parier comporte un risque et doit rester un loisir ma\u00eetris\u00e9. Avant de signer une analyse, je v\u00e9rifie mes chiffres, je recoupe les compositions probables et je distingue toujours la donn\u00e9e brute de l'intuition. Mon objectif : offrir une lecture honn\u00eate et argument\u00e9e, pas un ticket gagnant garanti.\",\"sameAs\":[\"https:\/\/axellauzier.fr\/\"],\"url\":\"https:\/\/sport-index.fr\/blog\/auteur\/noname\/\"}]}<\/script>\n<!-- \/ Yoast SEO Premium plugin. -->","yoast_head_json":{"title":"D\u00e9couvrez les groupes de France 7 pour les championnats","description":"Les \u00e9quipes masculine et f\u00e9minine se rendront \u00e0 Makarska, en Croatie, pour la premi\u00e8re \u00e9tape des championnats d'Europe. Cet \u00e9v\u00e9nement, qui se d\u00e9roulera\u2026","robots":{"index":"index","follow":"follow","max-snippet":"max-snippet:-1","max-image-preview":"max-image-preview:large","max-video-preview":"max-video-preview:-1"},"canonical":"https:\/\/sport-index.fr\/blog\/a-la-une\/decouvrez-les-groupes-de-france-7-pour-les-championnats-deurope-en-croatie\/","og_locale":"fr_FR","og_type":"article","og_title":"D\u00e9couvrez les groupes de France 7 pour les championnats","og_description":"Les \u00e9quipes masculine et f\u00e9minine se rendront \u00e0 Makarska, en Croatie, pour la premi\u00e8re \u00e9tape des championnats d'Europe. Cet \u00e9v\u00e9nement, qui se d\u00e9roulera\u2026","og_url":"https:\/\/sport-index.fr\/blog\/a-la-une\/decouvrez-les-groupes-de-france-7-pour-les-championnats-deurope-en-croatie\/","og_site_name":"sport-index","author":"Axel Lauzier","twitter_card":"summary_large_image","schema":{"@context":"https:\/\/schema.org","@graph":[{"@type":"NewsArticle","@id":"https:\/\/sport-index.fr\/blog\/a-la-une\/decouvrez-les-groupes-de-france-7-pour-les-championnats-deurope-en-croatie\/#article","isPartOf":{"@id":"https:\/\/sport-index.fr\/blog\/a-la-une\/decouvrez-les-groupes-de-france-7-pour-les-championnats-deurope-en-croatie\/"},"author":{"name":"Axel Lauzier","@id":"https:\/\/sport-index.fr\/blog\/#\/schema\/person\/3c864cdc320801e3db34b663e7e3f816"},"headline":"D\u00e9couvrez les groupes de France 7 pour les championnats d\u2019Europe en Croatie","datePublished":"2025-06-11T20:04:13+00:00","mainEntityOfPage":{"@id":"https:\/\/sport-index.fr\/blog\/a-la-une\/decouvrez-les-groupes-de-france-7-pour-les-championnats-deurope-en-croatie\/"},"wordCount":619,"commentCount":24,"publisher":{"@id":"https:\/\/sport-index.fr\/blog\/#organization"},"image":{"@id":"https:\/\/sport-index.fr\/blog\/a-la-une\/decouvrez-les-groupes-de-france-7-pour-les-championnats-deurope-en-croatie\/#primaryimage"},"thumbnailUrl":"https:\/\/sport-index.fr\/blog\/wp-content\/uploads\/2025\/07\/sdxl-1bc595ddc565f087182337eb8d10c8d9-scaled.png","keywords":["\u00c9quipe","Performance","R\u00e9silience","Rugby","Tournoi des 6 Nations"],"articleSection":["\u00c0 la une"],"inLanguage":"fr-FR","potentialAction":[{"@type":"CommentAction","name":"Comment","target":["https:\/\/sport-index.fr\/blog\/a-la-une\/decouvrez-les-groupes-de-france-7-pour-les-championnats-deurope-en-croatie\/#respond"]}]},{"@type":"WebPage","@id":"https:\/\/sport-index.fr\/blog\/a-la-une\/decouvrez-les-groupes-de-france-7-pour-les-championnats-deurope-en-croatie\/","url":"https:\/\/sport-index.fr\/blog\/a-la-une\/decouvrez-les-groupes-de-france-7-pour-les-championnats-deurope-en-croatie\/","name":"D\u00e9couvrez les groupes de France 7 pour les championnats","isPartOf":{"@id":"https:\/\/sport-index.fr\/blog\/#website"},"primaryImageOfPage":{"@id":"https:\/\/sport-index.fr\/blog\/a-la-une\/decouvrez-les-groupes-de-france-7-pour-les-championnats-deurope-en-croatie\/#primaryimage"},"image":{"@id":"https:\/\/sport-index.fr\/blog\/a-la-une\/decouvrez-les-groupes-de-france-7-pour-les-championnats-deurope-en-croatie\/#primaryimage"},"thumbnailUrl":"https:\/\/sport-index.fr\/blog\/wp-content\/uploads\/2025\/07\/sdxl-1bc595ddc565f087182337eb8d10c8d9-scaled.png","datePublished":"2025-06-11T20:04:13+00:00","description":"Les \u00e9quipes masculine et f\u00e9minine se rendront \u00e0 Makarska, en Croatie, pour la premi\u00e8re \u00e9tape des championnats d'Europe. Cet \u00e9v\u00e9nement, qui se d\u00e9roulera\u2026","inLanguage":"fr-FR","potentialAction":[{"@type":"ReadAction","target":["https:\/\/sport-index.fr\/blog\/a-la-une\/decouvrez-les-groupes-de-france-7-pour-les-championnats-deurope-en-croatie\/"]}]},{"@type":"ImageObject","inLanguage":"fr-FR","@id":"https:\/\/sport-index.fr\/blog\/a-la-une\/decouvrez-les-groupes-de-france-7-pour-les-championnats-deurope-en-croatie\/#primaryimage","url":"https:\/\/sport-index.fr\/blog\/wp-content\/uploads\/2025\/07\/sdxl-1bc595ddc565f087182337eb8d10c8d9-scaled.png","contentUrl":"https:\/\/sport-index.fr\/blog\/wp-content\/uploads\/2025\/07\/sdxl-1bc595ddc565f087182337eb8d10c8d9-scaled.png","width":1200,"height":500},{"@type":"WebSite","@id":"https:\/\/sport-index.fr\/blog\/#website","url":"https:\/\/sport-index.fr\/blog\/","name":"sport-index.fr","description":"Le score de l\u2019analyse sportive.","publisher":{"@id":"https:\/\/sport-index.fr\/blog\/#organization"},"alternateName":"Le score de l\u2019analyse sportive.","potentialAction":[{"@type":"SearchAction","target":{"@type":"EntryPoint","urlTemplate":"https:\/\/sport-index.fr\/blog\/?s={search_term_string}"},"query-input":{"@type":"PropertyValueSpecification","valueRequired":true,"valueName":"search_term_string"}}],"inLanguage":"fr-FR"},{"@type":"Organization","@id":"https:\/\/sport-index.fr\/blog\/#organization","name":"Foretsensations.fr","url":"https:\/\/sport-index.fr\/blog\/","logo":{"@type":"ImageObject","inLanguage":"fr-FR","@id":"https:\/\/sport-index.fr\/blog\/#\/schema\/logo\/image\/","url":"https:\/\/sport-index.fr\/blog\/wp-content\/uploads\/2026\/07\/logo-auto.png","contentUrl":"https:\/\/sport-index.fr\/blog\/wp-content\/uploads\/2026\/07\/logo-auto.png","width":1024,"height":1024,"caption":"Foretsensations.fr"},"image":{"@id":"https:\/\/sport-index.fr\/blog\/#\/schema\/logo\/image\/"}},{"@type":"Person","@id":"https:\/\/sport-index.fr\/blog\/#\/schema\/person\/3c864cdc320801e3db34b663e7e3f816","name":"Axel Lauzier","image":{"@type":"ImageObject","inLanguage":"fr-FR","@id":"https:\/\/sport-index.fr\/blog\/#\/schema\/person\/image\/","url":"https:\/\/sport-index.fr\/blog\/wp-content\/uploads\/2026\/06\/persona_axel-l-96x96.jpg","contentUrl":"https:\/\/sport-index.fr\/blog\/wp-content\/uploads\/2026\/06\/persona_axel-l-96x96.jpg","caption":"Axel Lauzier"},"description":"Le sport rythme mon quotidien depuis l'enfance, et j'en ai fait mon m\u00e9tier d'analyste r\u00e9dactionnel il y a une dizaine d'ann\u00e9es. Je couvre principalement le football, son actualit\u00e9, ses transferts et l'analyse tactique des grandes affiches, mais aussi les disciplines plus confidentielles que j'aime remettre en lumi\u00e8re. Une partie de mon travail porte sur les pronostics et la lecture statistique d'un match : forme des \u00e9quipes, historique des confrontations, compositions, sans jamais vendre de fausse certitude. Je rappelle syst\u00e9matiquement que parier comporte un risque et doit rester un loisir ma\u00eetris\u00e9. Avant de signer une analyse, je v\u00e9rifie mes chiffres, je recoupe les compositions probables et je distingue toujours la donn\u00e9e brute de l'intuition. Mon objectif : offrir une lecture honn\u00eate et argument\u00e9e, pas un ticket gagnant garanti.","sameAs":["https:\/\/axellauzier.fr\/"],"url":"https:\/\/sport-index.fr\/blog\/auteur\/noname\/"}]}},"_links":{"self":[{"href":"https:\/\/sport-index.fr\/blog\/wp-json\/wp\/v2\/posts\/16857","targetHints":{"allow":["GET"]}}],"collection":[{"href":"https:\/\/sport-index.fr\/blog\/wp-json\/wp\/v2\/posts"}],"about":[{"href":"https:\/\/sport-index.fr\/blog\/wp-json\/wp\/v2\/types\/post"}],"author":[{"embeddable":true,"href":"https:\/\/sport-index.fr\/blog\/wp-json\/wp\/v2\/users\/34"}],"replies":[{"embeddable":true,"href":"https:\/\/sport-index.fr\/blog\/wp-json\/wp\/v2\/comments?post=16857"}],"version-history":[{"count":1,"href":"https:\/\/sport-index.fr\/blog\/wp-json\/wp\/v2\/posts\/16857\/revisions"}],"predecessor-version":[{"id":16873,"href":"https:\/\/sport-index.fr\/blog\/wp-json\/wp\/v2\/posts\/16857\/revisions\/16873"}],"wp:featuredmedia":[{"embeddable":true,"href":"https:\/\/sport-index.fr\/blog\/wp-json\/wp\/v2\/media\/17445"}],"wp:attachment":[{"href":"https:\/\/sport-index.fr\/blog\/wp-json\/wp\/v2\/media?parent=16857"}],"wp:term":[{"taxonomy":"category","embeddable":true,"href":"https:\/\/sport-index.fr\/blog\/wp-json\/wp\/v2\/categories?post=16857"},{"taxonomy":"post_tag","embeddable":true,"href":"https:\/\/sport-index.fr\/blog\/wp-json\/wp\/v2\/tags?post=16857"}],"curies":[{"name":"wp","href":"https:\/\/api.w.org\/{rel}","templated":true}]}}