{"id":16969,"date":"2026-09-01T17:23:55","date_gmt":"2026-09-01T15:23:55","guid":{"rendered":"https:\/\/sport-index.fr\/blog\/?p=16969"},"modified":"2026-09-01T17:23:55","modified_gmt":"2026-09-01T15:23:55","slug":"premiers-pas-des-bleus-en-nouvelle-zelande-immersion-au-mont-eden-et-kings-college","status":"publish","type":"post","link":"https:\/\/sport-index.fr\/blog\/a-la-une\/premiers-pas-des-bleus-en-nouvelle-zelande-immersion-au-mont-eden-et-kings-college\/","title":{"rendered":"Premiers pas des Bleus en Nouvelle-Z\u00e9lande : immersion au Mont Eden et Kings College"},"content":{"rendered":"<link rel=\"stylesheet\" href=\"https:\/\/fonts.googleapis.com\/css2?family=Newsreader:ital,opsz,wght@0,6..72,500;0,6..72,700;1,6..72,500&#038;family=Inter:wght@400;500;600;700&#038;family=JetBrains+Mono:wght@500&#038;display=swap\">\n<style>\n.spx-actu-wrap{--spx-ink:#101828;--spx-acc:#0b6b53;--spx-acc2:#eef7f4;--spx-bd:#e4e7ec;--spx-mut:#5b6472;font-family:\"Inter\",-apple-system,Segoe UI,sans-serif;color:var(--spx-ink);font-size:17px;line-height:1.65}\n.spx-actu-wrap h2{font-family:\"Newsreader\",Georgia,serif;font-weight:700;font-size:clamp(24px,3.2vw,33px);line-height:1.2;letter-spacing:-.015em;margin:46px 0 14px;color:var(--spx-ink)}\n.spx-actu-wrap h3{font-family:\"Newsreader\",Georgia,serif;font-weight:700;font-size:20px;margin:26px 0 8px}\n.spx-actu-wrap p{margin:0 0 16px}\n.spx-actu-date{font-family:\"JetBrains Mono\",ui-monospace,monospace;font-size:12px;font-weight:500;letter-spacing:.08em;text-transform:uppercase;color:var(--spx-acc);border-left:3px solid var(--spx-acc);padding-left:10px;margin:0 0 18px}\n.spx-actu-lead{font-family:\"Newsreader\",Georgia,serif;font-size:21px;line-height:1.5;color:#243043;margin:0 0 26px}\n.spx-actu-key{background:var(--spx-acc2);border:1px solid #cfe6de;border-left:5px solid var(--spx-acc);border-radius:12px;padding:22px 26px;margin:26px 0;box-shadow:0 1px 2px rgba(16,24,40,.05),0 12px 28px -18px rgba(16,24,40,.22)}\n.spx-actu-key .spx-actu-kick{font-family:\"JetBrains Mono\",monospace;font-size:11px;letter-spacing:.1em;text-transform:uppercase;color:var(--spx-acc);font-weight:500;margin-bottom:10px}\n.spx-actu-key ul{margin:0;padding-left:20px}\n.spx-actu-key li{margin:0 0 8px}\n.spx-actu-key li::marker{color:var(--spx-acc)}\n.spx-actu-tw{border:1px solid var(--spx-bd);border-radius:12px;overflow:hidden;margin:26px 0;box-shadow:0 1px 2px rgba(16,24,40,.05),0 12px 28px -18px rgba(16,24,40,.2)}\n.spx-actu-tw table{width:100%;border-collapse:collapse;font-size:15.5px}\n.spx-actu-tw th{background:var(--spx-acc2);color:var(--spx-ink);text-align:left;font-weight:700;padding:12px 14px;font-size:13px;letter-spacing:.04em;text-transform:uppercase}\n.spx-actu-tw td{padding:12px 14px;border-top:1px solid var(--spx-bd)}\n.spx-actu-tw tbody tr:nth-child(even) td{background:#fafbfc}\n.spx-actu-tw .spx-actu-sc{font-family:\"JetBrains Mono\",monospace;font-weight:500;white-space:nowrap}\n.spx-actu-cards{display:grid;grid-template-columns:repeat(auto-fit,minmax(240px,1fr));gap:20px;margin:26px 0}\n.spx-actu-card{border:1px solid var(--spx-bd);border-top:3px solid var(--spx-acc);border-radius:12px;padding:22px;background:#fff;transition:.25s ease}\n.spx-actu-card:hover{transform:translateY(-3px);box-shadow:0 1px 2px rgba(16,24,40,.05),0 16px 34px -18px rgba(16,24,40,.3)}\n.spx-actu-card .spx-actu-ct{font-family:\"Newsreader\",Georgia,serif;font-weight:700;font-size:19px;margin-bottom:8px}\n.spx-actu-card .spx-actu-txt{font-size:15.5px;color:var(--spx-mut);line-height:1.6}\n.spx-actu-retain{background:#101828;color:#eef3f9;border-radius:14px;padding:26px 28px;margin:36px 0}\n.spx-actu-retain .spx-actu-kick{font-family:\"JetBrains Mono\",monospace;font-size:11px;letter-spacing:.1em;text-transform:uppercase;color:#7fd8bd;margin-bottom:12px;font-weight:500}\n.spx-actu-retain ul{margin:0;padding-left:20px}\n.spx-actu-retain li,.spx-actu-retain span,.spx-actu-retain div{color:#eef3f9!important}\n.spx-actu-retain li{margin:0 0 9px}\n.spx-actu-retain strong,.spx-actu-retain b{color:#ffffff!important}\n.spx-actu-retain li::marker{color:#7fd8bd}\n.spx-actu-faq{margin:30px 0}\n.spx-actu-faq details{border:1px solid var(--spx-bd);border-radius:10px;padding:14px 18px;margin:0 0 12px;background:#fff;transition:.25s ease}\n.spx-actu-faq details:hover{border-color:var(--spx-acc);box-shadow:0 10px 24px -18px rgba(16,24,40,.35)}\n.spx-actu-faq summary{cursor:pointer;font-weight:600;font-size:16.5px;list-style:none}\n.spx-actu-faq summary::-webkit-details-marker{display:none}\n.spx-actu-faq summary::before{content:\"\u2192\";color:var(--spx-acc);font-weight:700;margin-right:9px}\n.spx-actu-faq details[open] summary::before{content:\"\u2193\"}\n.spx-actu-faq .spx-actu-txt{margin-top:10px;font-size:16px;color:#33404f;line-height:1.62}\n.spx-actu-notes{border:1px dashed #cbd2da;border-radius:12px;padding:20px 24px;margin:32px 0;background:#fafbfc}\n.spx-actu-notes .spx-actu-kick{font-family:\"JetBrains Mono\",monospace;font-size:11px;letter-spacing:.1em;text-transform:uppercase;color:var(--spx-mut);margin-bottom:10px;font-weight:500}\n.spx-actu-notes ul{margin:0;padding-left:20px}\n.spx-actu-notes li{margin:0 0 8px;font-size:15.5px;color:#3a4451}\n.spx-actu-src{font-size:14.5px;color:var(--spx-mut);border-top:1px solid var(--spx-bd);padding-top:16px;margin-top:30px}\n.spx-actu-wrap a{color:var(--spx-acc);text-decoration:underline;text-underline-offset:2px;text-decoration-thickness:1.5px}\n<\/style>\n<div class=\"spx-actu-wrap\">\n<div class=\"spx-actu-date\">Publi\u00e9 le 27 juin 2025 \u00b7 mis \u00e0 jour le 1\u1d49\u02b3 septembre 2026<\/div>\n<p class=\"spx-actu-lead\">Le 26 juin 2025, apr\u00e8s vingt-cinq heures d\u2019avion, le XV de France posait ses valises \u00e0 Auckland pour une tourn\u00e9e de trois tests contre les All Blacks. Un an plus tard, on conna\u00eet la fin de l\u2019histoire : la Nouvelle-Z\u00e9lande a remport\u00e9 les trois matches. Retour sur les premi\u00e8res heures n\u00e9o-z\u00e9landaises des Bleus, et sur ce qu\u2019elles ont produit.<\/p>\n<div class=\"spx-actu-key\">\n<div class=\"spx-actu-kick\">L\u2019essentiel<\/div>\n<ul>\n<li><strong>Quoi<\/strong> : arriv\u00e9e du groupe France \u00e0 Auckland, marche au Mont Eden pour absorber le d\u00e9calage horaire, puis prise de possession de la base d\u2019entra\u00eenement du King\u2019s College.<\/li>\n<li><strong>Quand et qui<\/strong> : jeudi 26 juin 2025, sous la conduite du s\u00e9lectionneur <strong>Fabien Galthi\u00e9<\/strong>, avec <strong>Ga\u00ebl Fickou<\/strong> comme capitaine de tourn\u00e9e.<\/li>\n<li><strong>Pourquoi \u00e7a compte<\/strong> : c\u2019\u00e9tait le point de d\u00e9part d\u2019une s\u00e9rie de trois tests, les 5, 12 et 19 juillet 2025, <strong>perdue 3-0<\/strong> par les Bleus.<\/li>\n<\/ul>\n<\/div>\n<h2>Un voyage de 25 heures jusqu\u2019\u00e0 Auckland<\/h2>\n<p>Dix-neuf mille kilom\u00e8tres et vingt-cinq heures de vol s\u00e9paraient Marcoussis d\u2019Auckland. Le groupe qui a atterri jeudi 26 juin comptait <strong>36 joueurs<\/strong> : la liste d\u00e9voil\u00e9e par Fabien Galthi\u00e9 le 24 juin en comptait 37, mais <strong>L\u00e9o Barr\u00e9<\/strong> \u00e9tait rest\u00e9 \u00e0 Marcoussis pour finir de soigner une b\u00e9quille, selon le reportage de Rugbyrama sur place.<\/p>\n<p>Le groupe devait encore s\u2019\u00e9toffer. Le 30 juin, deux jours apr\u00e8s la finale du Top 14, cinq finalistes ont \u00e9t\u00e9 appel\u00e9s en renfort pour les deux derniers tests : <strong>Pierre-Louis Barassi<\/strong>, <strong>Pierre Bochaton<\/strong>, <strong>Joshua Brennan<\/strong>, <strong>Nicolas Depoort\u00e8re<\/strong> et <strong>Bastien Vergnes-Taillefer<\/strong>. L\u00e9o Barr\u00e9, lui, a bien rejoint la Nouvelle-Z\u00e9lande : il a \u00e9t\u00e9 titularis\u00e9 \u00e0 l\u2019arri\u00e8re lors des deuxi\u00e8me et troisi\u00e8me tests, et a inscrit un essai \u00e0 Wellington.<\/p>\n<h2>Le Mont Eden, une marche contre le d\u00e9calage horaire<\/h2>\n<p>La promenade au Mont Eden, le premier jour, n\u2019avait rien d\u2019une excursion touristique : elle r\u00e9pondait \u00e0 une contrainte physiologique. Entre la France et la Nouvelle-Z\u00e9lande, l\u2019\u00e9cart est de <strong>dix heures<\/strong> en juin : le premier jour, l\u2019enjeu est de tenir \u00e9veill\u00e9 jusqu\u2019au soir local. C\u2019est la raison que donne le reportage de Rugbyrama, qui suivait le groupe \u2014 la promenade servait \u00e0 lutter contre le sommeil et le d\u00e9calage horaire, pas \u00e0 faire du tourisme.<\/p>\n<p>Le lieu s\u2019y pr\u00eate : <strong>Maungawhau \/ Mount Eden<\/strong> est un c\u00f4ne volcanique \u00e9teint du champ volcanique d\u2019Auckland, culminant \u00e0 <strong>196 m\u00e8tres<\/strong>. C\u2019est le point naturel le plus \u00e9lev\u00e9 de l\u2019isthme d\u2019Auckland, ce qui en fait un belv\u00e9d\u00e8re \u00e0 360 degr\u00e9s sur la ville. Le lendemain, vendredi, les Tricolores ont encha\u00een\u00e9 dans un gymnase du centre-ville avec une s\u00e9ance dite de clart\u00e9 : r\u00e9p\u00e9tition des touches pour les avants, des lancements de jeu pour les trois-quarts.<\/p>\n<h2>Le King\u2019s College, base d\u2019entra\u00eenement des Bleus<\/h2>\n<p>Le programme annonc\u00e9 pla\u00e7ait au samedi 28 juin la premi\u00e8re venue du groupe \u00e0 son centre d\u2019entra\u00eenement de la tourn\u00e9e, le <strong>King\u2019s College<\/strong>. Il ne s\u2019agit ni du stade d\u2019Eden Park ni du quartier de Mount Eden, mais d\u2019un <strong>internat anglican priv\u00e9<\/strong> fond\u00e9 en 1896, install\u00e9 depuis 1922 \u00e0 Middlemore, dans le faubourg d\u2019\u014ct\u0101huhu, au sud d\u2019Auckland. Ses terrains ont servi de base d\u2019entra\u00eenement aux Bleus pendant leur s\u00e9jour dans la r\u00e9gion.<\/p>\n<p>L\u2019\u00e9tablissement a effectivement form\u00e9 des internationaux n\u00e9o-z\u00e9landais, dont le centre <strong>Pita Alatini<\/strong> (17 s\u00e9lections entre 1999 et 2001) et le deuxi\u00e8me-ligne <strong>Ali Williams<\/strong> (77 s\u00e9lections entre 2002 et 2012). Au programme annonc\u00e9 de cette premi\u00e8re matin\u00e9e : musculation, puis premier entra\u00eenement collectif sur le sol n\u00e9o-z\u00e9landais.<\/p>\n<h2>Ce que la tourn\u00e9e a donn\u00e9<\/h2>\n<p>La s\u00e9rie s\u2019est jou\u00e9e les 5, 12 et 19 juillet 2025. Les All Blacks l\u2019ont remport\u00e9e <strong>3-0<\/strong> et ont repris \u00e0 cette occasion le <strong>Dave Gallaher Trophy<\/strong>, que la France d\u00e9tenait.<\/p>\n<div class=\"spx-actu-tw\">\n<table>\n<thead>\n<tr>\n<th>Date<\/th>\n<th>Lieu<\/th>\n<th>Score<\/th>\n<\/tr>\n<\/thead>\n<tbody>\n<tr>\n<td>5 juillet 2025<\/td>\n<td>Forsyth Barr Stadium, Dunedin<\/td>\n<td class=\"spx-actu-sc\">Nouvelle-Z\u00e9lande 31 &#8211; 27 France<\/td>\n<\/tr>\n<tr>\n<td>12 juillet 2025<\/td>\n<td>Sky Stadium, Wellington<\/td>\n<td class=\"spx-actu-sc\">Nouvelle-Z\u00e9lande 43 &#8211; 17 France<\/td>\n<\/tr>\n<tr>\n<td>19 juillet 2025<\/td>\n<td>FMG Stadium Waikato, Hamilton<\/td>\n<td class=\"spx-actu-sc\">Nouvelle-Z\u00e9lande 29 &#8211; 19 France<\/td>\n<\/tr>\n<\/tbody>\n<\/table>\n<\/div>\n<p>Le premier test, \u00e0 Dunedin, aura \u00e9t\u00e9 le plus disput\u00e9 : quatre points d\u2019\u00e9cart, trois essais fran\u00e7ais. Les deux suivants ont tourn\u00e9 \u00e0 l\u2019avantage n\u00e9o-z\u00e9landais.<\/p>\n<h2>Le contexte : une \u00e9quipe priv\u00e9e de ses cadres<\/h2>\n<p>Ces premiers pas ne doivent rien au hasard du calendrier. Ils d\u00e9coulent d\u2019un accord sign\u00e9 en octobre 2024 entre la <strong>FFR<\/strong> et la <strong>LNR<\/strong> sur la mise \u00e0 disposition des joueurs de Top 14 : les finalistes du championnat \u00e9taient exclus de la s\u00e9lection pour cette fen\u00eatre, et une vingtaine de cadres ont \u00e9t\u00e9 laiss\u00e9s au repos. La finale du Top 14 se jouait une semaine avant le premier test.<\/p>\n<div class=\"spx-actu-cards\">\n<div class=\"spx-actu-card\">\n<div class=\"spx-actu-ct\">Une liste \u00e0 deux \u00e9tages<\/div>\n<div class=\"spx-actu-txt\">37 joueurs annonc\u00e9s le 24 juin, puis cinq finalistes du Top 14 ajout\u00e9s le 30 juin pour les deuxi\u00e8me et troisi\u00e8me tests.<\/div>\n<\/div>\n<div class=\"spx-actu-card\">\n<div class=\"spx-actu-ct\">Une pol\u00e9mique n\u00e9o-z\u00e9landaise<\/div>\n<div class=\"spx-actu-txt\">L\u2019absence des cadres fran\u00e7ais a \u00e9t\u00e9 tr\u00e8s mal re\u00e7ue en Nouvelle-Z\u00e9lande, o\u00f9 la f\u00e9d\u00e9ration a demand\u00e9 des clarifications \u00e0 World Rugby.<\/div>\n<\/div>\n<div class=\"spx-actu-card\">\n<div class=\"spx-actu-ct\">Un objectif 2027<\/div>\n<div class=\"spx-actu-txt\">La tourn\u00e9e a servi de banc d\u2019essai : sept joueurs fran\u00e7ais ont connu leur premi\u00e8re s\u00e9lection d\u00e8s le test de Dunedin.<\/div>\n<\/div>\n<\/div>\n<div class=\"spx-actu-retain\">\n<div class=\"spx-actu-kick\">\u00c0 retenir<\/div>\n<ul>\n<li>Les Bleus sont arriv\u00e9s \u00e0 Auckland le <strong>26 juin 2025<\/strong>, apr\u00e8s 25 heures de voyage et 19 000 kilom\u00e8tres.<\/li>\n<li>La marche au <strong>Mont Eden<\/strong> (196 m) servait \u00e0 absorber <strong>dix heures de d\u00e9calage horaire<\/strong>, pas \u00e0 faire du tourisme.<\/li>\n<li>La base d\u2019entra\u00eenement \u00e9tait le <strong>King\u2019s College<\/strong>, un internat d\u2019\u014ct\u0101huhu, au sud d\u2019Auckland \u2014 \u00e0 ne pas confondre avec Eden Park.<\/li>\n<li>Capitaine de tourn\u00e9e : <strong>Ga\u00ebl Fickou<\/strong>. S\u00e9lectionneur : <strong>Fabien Galthi\u00e9<\/strong>.<\/li>\n<li>R\u00e9sultat final : <strong>trois d\u00e9faites en trois tests<\/strong>, et le Dave Gallaher Trophy repris par les All Blacks.<\/li>\n<\/ul>\n<\/div>\n<h2>Questions fr\u00e9quentes<\/h2>\n<div class=\"spx-actu-faq\">\n<details>\n<summary>Quel \u00e9tait le camp de base du XV de France en Nouvelle-Z\u00e9lande ?<\/summary>\n<div class=\"spx-actu-txt\">Le groupe logeait \u00e0 Auckland et s\u2019entra\u00eenait au King\u2019s College, un internat priv\u00e9 situ\u00e9 \u00e0 Middlemore, dans le faubourg d\u2019\u014ct\u0101huhu au sud de la ville. Ce n\u2019est ni un stade ni un centre f\u00e9d\u00e9ral : c\u2019est un \u00e9tablissement scolaire dont les terrains ont \u00e9t\u00e9 mis \u00e0 disposition.<\/div>\n<\/details>\n<details>\n<summary>Mont Eden, Eden Park, Mount Eden : quelle diff\u00e9rence ?<\/summary>\n<div class=\"spx-actu-txt\">Maungawhau \/ Mount Eden est un c\u00f4ne volcanique de 196 m\u00e8tres, point naturel le plus haut de l\u2019isthme d\u2019Auckland ; Mount Eden est aussi le nom du quartier qui l\u2019entoure. Eden Park est le grand stade d\u2019Auckland, situ\u00e9 ailleurs dans la ville. Les Bleus ont visit\u00e9 le volcan ; ils n\u2019ont jou\u00e9 aucun test \u00e0 Eden Park lors de cette tourn\u00e9e.<\/div>\n<\/details>\n<details>\n<summary>Quels ont \u00e9t\u00e9 les scores des trois tests de juillet 2025 ?<\/summary>\n<div class=\"spx-actu-txt\">Nouvelle-Z\u00e9lande 31-27 France \u00e0 Dunedin le 5 juillet, 43-17 \u00e0 Wellington le 12 juillet, 29-19 \u00e0 Hamilton le 19 juillet. S\u00e9rie remport\u00e9e 3-0 par les All Blacks.<\/div>\n<\/details>\n<details>\n<summary>L\u00e9o Barr\u00e9 a-t-il finalement particip\u00e9 \u00e0 la tourn\u00e9e ?<\/summary>\n<div class=\"spx-actu-txt\">Oui. Absent du vol initial pour soigner une b\u00e9quille, il a rejoint le groupe en Nouvelle-Z\u00e9lande et a \u00e9t\u00e9 titularis\u00e9 \u00e0 l\u2019arri\u00e8re lors des deuxi\u00e8me et troisi\u00e8me tests, avec un essai \u00e0 Wellington.<\/div>\n<\/details>\n<\/div>\n<div class=\"spx-actu-notes\">\n<div class=\"spx-actu-kick\">Ce que cet article ne publie plus<\/div>\n<ul>\n<li>Une citation entre guillemets sur la coh\u00e9sion d\u2019\u00e9quipe, attribu\u00e9e \u00e0 personne et absente de la source : elle a \u00e9t\u00e9 retir\u00e9e, sans remplacement.<\/li>\n<li>La date de la derni\u00e8re \u00e9ruption du Mont Eden : la source de presse indiquait 15 000 ans, les r\u00e9f\u00e9rences volcanologiques d\u2019Auckland donnent un ordre de grandeur nettement plus ancien. Le chiffre a \u00e9t\u00e9 retir\u00e9 plut\u00f4t qu\u2019arbitr\u00e9.<\/li>\n<li>La distance exacte entre l\u2019h\u00f4tel et le King\u2019s College, inv\u00e9rifiable : remplac\u00e9e par la localisation du campus.<\/li>\n<li>Les qualificatifs ajout\u00e9s \u2014 rencontre d\u00e9cisive, temple du rugby, immersion \u2014 qui ne figuraient dans aucune source. Le premier test de Dunedin ouvrait une s\u00e9rie de trois, il n\u2019avait rien de d\u00e9cisif.<\/li>\n<li>Le temps futur : la tourn\u00e9e s\u2019est achev\u00e9e le 19 juillet 2025, l\u2019article est d\u00e9sormais \u00e9crit au pass\u00e9 avec son issue.<\/li>\n<\/ul>\n<\/div>\n<div class=\"spx-actu-src\">Sources : reportage sur place de <a href=\"https:\/\/www.rugbyrama.fr\/2025\/06\/27\/tournee-en-nouvelle-zelande-promenade-au-mont-eden-decouverte-du-kings-college-les-premiers-pas-des-bleus-en-nouvelle-zelande-12790020.php\" target=\"_blank\" rel=\"noopener nofollow\">Rugbyrama, 27 juin 2025<\/a> pour le d\u00e9roul\u00e9 des premiers jours ; <a href=\"https:\/\/www.ffr.fr\/\" target=\"_blank\" rel=\"noopener nofollow\">F\u00e9d\u00e9ration fran\u00e7aise de rugby<\/a> et <a href=\"https:\/\/www.allblacks.com\/\" target=\"_blank\" rel=\"noopener nofollow\">New Zealand Rugby<\/a> pour les compositions et les r\u00e9sultats ; <a href=\"https:\/\/fr.wikipedia.org\/wiki\/Tourn%C3%A9e_de_l%27%C3%A9quipe_de_France_de_rugby_%C3%A0_XV_en_2025\" target=\"_blank\" rel=\"noopener nofollow\">r\u00e9capitulatif de la tourn\u00e9e 2025<\/a> pour les scores et les feuilles de match.<\/div>\n<\/div>\n","protected":false},"excerpt":{"rendered":"","protected":false},"author":34,"featured_media":17552,"comment_status":"open","ping_status":"open","sticky":false,"template":"","format":"standard","meta":{"_acf_changed":false,"manual_indexmenow":false,"indexmenow_id_project":0,"footnotes":""},"categories":[1],"tags":[5757,5760,4557,5758,4632,5759,4554],"class_list":["post-16969","post","type-post","status-publish","format-standard","has-post-thumbnail","hentry","category-a-la-une","tag-all-blacks","tag-auckland","tag-fabien-galthie","tag-nouvelle-zelande","tag-performance-sportive","tag-tournee-2025","tag-xv-de-france","generate-columns","tablet-grid-50","mobile-grid-100","grid-parent","grid-25"],"acf":[],"yoast_head":"<!-- This site is optimized with the Yoast SEO Premium plugin v21.3 (Yoast SEO v26.5) - https:\/\/yoast.com\/wordpress\/plugins\/seo\/ -->\n<title>Bleus en Nouvelle-Z\u00e9lande 2025 : Mont Eden, King\u2019s College et une s\u00e9rie perdue 3-0<\/title>\n<meta name=\"description\" content=\"Juin 2025 : le XV de France arrive \u00e0 Auckland, marche au Mont Eden contre le d\u00e9calage horaire et s\u2019entra\u00eene au King\u2019s College. R\u00e9cit dat\u00e9, et issue r\u00e9elle de la tourn\u00e9e.\" \/>\n<meta name=\"robots\" content=\"index, follow, max-snippet:-1, max-image-preview:large, max-video-preview:-1\" \/>\n<link rel=\"canonical\" href=\"https:\/\/sport-index.fr\/blog\/a-la-une\/premiers-pas-des-bleus-en-nouvelle-zelande-immersion-au-mont-eden-et-kings-college\/\" \/>\n<meta property=\"og:locale\" content=\"fr_FR\" \/>\n<meta property=\"og:type\" content=\"article\" \/>\n<meta property=\"og:title\" content=\"Bleus en Nouvelle-Z\u00e9lande 2025 : Mont Eden, King\u2019s College et une s\u00e9rie perdue 3-0\" \/>\n<meta property=\"og:description\" content=\"Juin 2025 : le XV de France arrive \u00e0 Auckland, marche au Mont Eden contre le d\u00e9calage horaire et s\u2019entra\u00eene au King\u2019s College. R\u00e9cit dat\u00e9, et issue r\u00e9elle de la tourn\u00e9e.\" \/>\n<meta property=\"og:url\" content=\"https:\/\/sport-index.fr\/blog\/a-la-une\/premiers-pas-des-bleus-en-nouvelle-zelande-immersion-au-mont-eden-et-kings-college\/\" \/>\n<meta property=\"og:site_name\" content=\"sport-index\" \/>\n<meta name=\"author\" content=\"Axel Lauzier\" \/>\n<meta name=\"twitter:card\" content=\"summary_large_image\" \/>\n<script type=\"application\/ld+json\" class=\"yoast-schema-graph\">{\"@context\":\"https:\/\/schema.org\",\"@graph\":[{\"@type\":\"NewsArticle\",\"@id\":\"https:\/\/sport-index.fr\/blog\/a-la-une\/premiers-pas-des-bleus-en-nouvelle-zelande-immersion-au-mont-eden-et-kings-college\/#article\",\"isPartOf\":{\"@id\":\"https:\/\/sport-index.fr\/blog\/a-la-une\/premiers-pas-des-bleus-en-nouvelle-zelande-immersion-au-mont-eden-et-kings-college\/\"},\"author\":{\"name\":\"Axel Lauzier\",\"@id\":\"https:\/\/sport-index.fr\/blog\/#\/schema\/person\/3c864cdc320801e3db34b663e7e3f816\"},\"headline\":\"Premiers pas des Bleus en Nouvelle-Z\u00e9lande : immersion au Mont Eden et Kings College\",\"datePublished\":\"2026-09-01T15:23:55+00:00\",\"mainEntityOfPage\":{\"@id\":\"https:\/\/sport-index.fr\/blog\/a-la-une\/premiers-pas-des-bleus-en-nouvelle-zelande-immersion-au-mont-eden-et-kings-college\/\"},\"wordCount\":1385,\"commentCount\":26,\"publisher\":{\"@id\":\"https:\/\/sport-index.fr\/blog\/#organization\"},\"image\":{\"@id\":\"https:\/\/sport-index.fr\/blog\/a-la-une\/premiers-pas-des-bleus-en-nouvelle-zelande-immersion-au-mont-eden-et-kings-college\/#primaryimage\"},\"thumbnailUrl\":\"https:\/\/sport-index.fr\/blog\/wp-content\/uploads\/2025\/07\/sdxl-64fb4ed11b8309ad62fd1b09b8bc2ad9-scaled.png\",\"keywords\":[\"All Blacks\",\"Auckland\",\"Fabien Galthi\u00e9\",\"Nouvelle-Z\u00e9lande\",\"Performance sportive\",\"Tourn\u00e9e 2025\",\"XV de France\"],\"articleSection\":[\"\u00c0 la une\"],\"inLanguage\":\"fr-FR\",\"potentialAction\":[{\"@type\":\"CommentAction\",\"name\":\"Comment\",\"target\":[\"https:\/\/sport-index.fr\/blog\/a-la-une\/premiers-pas-des-bleus-en-nouvelle-zelande-immersion-au-mont-eden-et-kings-college\/#respond\"]}]},{\"@type\":\"WebPage\",\"@id\":\"https:\/\/sport-index.fr\/blog\/a-la-une\/premiers-pas-des-bleus-en-nouvelle-zelande-immersion-au-mont-eden-et-kings-college\/\",\"url\":\"https:\/\/sport-index.fr\/blog\/a-la-une\/premiers-pas-des-bleus-en-nouvelle-zelande-immersion-au-mont-eden-et-kings-college\/\",\"name\":\"Bleus en Nouvelle-Z\u00e9lande 2025 : Mont Eden, King\u2019s College et une s\u00e9rie perdue 3-0\",\"isPartOf\":{\"@id\":\"https:\/\/sport-index.fr\/blog\/#website\"},\"primaryImageOfPage\":{\"@id\":\"https:\/\/sport-index.fr\/blog\/a-la-une\/premiers-pas-des-bleus-en-nouvelle-zelande-immersion-au-mont-eden-et-kings-college\/#primaryimage\"},\"image\":{\"@id\":\"https:\/\/sport-index.fr\/blog\/a-la-une\/premiers-pas-des-bleus-en-nouvelle-zelande-immersion-au-mont-eden-et-kings-college\/#primaryimage\"},\"thumbnailUrl\":\"https:\/\/sport-index.fr\/blog\/wp-content\/uploads\/2025\/07\/sdxl-64fb4ed11b8309ad62fd1b09b8bc2ad9-scaled.png\",\"datePublished\":\"2026-09-01T15:23:55+00:00\",\"description\":\"Juin 2025 : le XV de France arrive \u00e0 Auckland, marche au Mont Eden contre le d\u00e9calage horaire et s\u2019entra\u00eene au King\u2019s College. R\u00e9cit dat\u00e9, et issue r\u00e9elle de la tourn\u00e9e.\",\"inLanguage\":\"fr-FR\",\"potentialAction\":[{\"@type\":\"ReadAction\",\"target\":[\"https:\/\/sport-index.fr\/blog\/a-la-une\/premiers-pas-des-bleus-en-nouvelle-zelande-immersion-au-mont-eden-et-kings-college\/\"]}]},{\"@type\":\"ImageObject\",\"inLanguage\":\"fr-FR\",\"@id\":\"https:\/\/sport-index.fr\/blog\/a-la-une\/premiers-pas-des-bleus-en-nouvelle-zelande-immersion-au-mont-eden-et-kings-college\/#primaryimage\",\"url\":\"https:\/\/sport-index.fr\/blog\/wp-content\/uploads\/2025\/07\/sdxl-64fb4ed11b8309ad62fd1b09b8bc2ad9-scaled.png\",\"contentUrl\":\"https:\/\/sport-index.fr\/blog\/wp-content\/uploads\/2025\/07\/sdxl-64fb4ed11b8309ad62fd1b09b8bc2ad9-scaled.png\",\"width\":1200,\"height\":500},{\"@type\":\"WebSite\",\"@id\":\"https:\/\/sport-index.fr\/blog\/#website\",\"url\":\"https:\/\/sport-index.fr\/blog\/\",\"name\":\"sport-index.fr\",\"description\":\"Le score de l\u2019analyse sportive.\",\"publisher\":{\"@id\":\"https:\/\/sport-index.fr\/blog\/#organization\"},\"alternateName\":\"Le score de l\u2019analyse sportive.\",\"potentialAction\":[{\"@type\":\"SearchAction\",\"target\":{\"@type\":\"EntryPoint\",\"urlTemplate\":\"https:\/\/sport-index.fr\/blog\/?s={search_term_string}\"},\"query-input\":{\"@type\":\"PropertyValueSpecification\",\"valueRequired\":true,\"valueName\":\"search_term_string\"}}],\"inLanguage\":\"fr-FR\"},{\"@type\":\"Organization\",\"@id\":\"https:\/\/sport-index.fr\/blog\/#organization\",\"name\":\"Foretsensations.fr\",\"url\":\"https:\/\/sport-index.fr\/blog\/\",\"logo\":{\"@type\":\"ImageObject\",\"inLanguage\":\"fr-FR\",\"@id\":\"https:\/\/sport-index.fr\/blog\/#\/schema\/logo\/image\/\",\"url\":\"https:\/\/sport-index.fr\/blog\/wp-content\/uploads\/2026\/07\/logo-auto.png\",\"contentUrl\":\"https:\/\/sport-index.fr\/blog\/wp-content\/uploads\/2026\/07\/logo-auto.png\",\"width\":1024,\"height\":1024,\"caption\":\"Foretsensations.fr\"},\"image\":{\"@id\":\"https:\/\/sport-index.fr\/blog\/#\/schema\/logo\/image\/\"}},{\"@type\":\"Person\",\"@id\":\"https:\/\/sport-index.fr\/blog\/#\/schema\/person\/3c864cdc320801e3db34b663e7e3f816\",\"name\":\"Axel Lauzier\",\"image\":{\"@type\":\"ImageObject\",\"inLanguage\":\"fr-FR\",\"@id\":\"https:\/\/sport-index.fr\/blog\/#\/schema\/person\/image\/\",\"url\":\"https:\/\/sport-index.fr\/blog\/wp-content\/uploads\/2026\/06\/persona_axel-l-96x96.jpg\",\"contentUrl\":\"https:\/\/sport-index.fr\/blog\/wp-content\/uploads\/2026\/06\/persona_axel-l-96x96.jpg\",\"caption\":\"Axel Lauzier\"},\"description\":\"Le sport rythme mon quotidien depuis l'enfance, et j'en ai fait mon m\u00e9tier d'analyste r\u00e9dactionnel il y a une dizaine d'ann\u00e9es. Je couvre principalement le football, son actualit\u00e9, ses transferts et l'analyse tactique des grandes affiches, mais aussi les disciplines plus confidentielles que j'aime remettre en lumi\u00e8re. Une partie de mon travail porte sur les pronostics et la lecture statistique d'un match : forme des \u00e9quipes, historique des confrontations, compositions, sans jamais vendre de fausse certitude. Je rappelle syst\u00e9matiquement que parier comporte un risque et doit rester un loisir ma\u00eetris\u00e9. Avant de signer une analyse, je v\u00e9rifie mes chiffres, je recoupe les compositions probables et je distingue toujours la donn\u00e9e brute de l'intuition. Mon objectif : offrir une lecture honn\u00eate et argument\u00e9e, pas un ticket gagnant garanti.\",\"sameAs\":[\"https:\/\/axellauzier.fr\/\"],\"url\":\"https:\/\/sport-index.fr\/blog\/auteur\/noname\/\"}]}<\/script>\n<!-- \/ Yoast SEO Premium plugin. -->","yoast_head_json":{"title":"Bleus en Nouvelle-Z\u00e9lande 2025 : Mont Eden, King\u2019s College et une s\u00e9rie perdue 3-0","description":"Juin 2025 : le XV de France arrive \u00e0 Auckland, marche au Mont Eden contre le d\u00e9calage horaire et s\u2019entra\u00eene au King\u2019s College. R\u00e9cit dat\u00e9, et issue r\u00e9elle de la tourn\u00e9e.","robots":{"index":"index","follow":"follow","max-snippet":"max-snippet:-1","max-image-preview":"max-image-preview:large","max-video-preview":"max-video-preview:-1"},"canonical":"https:\/\/sport-index.fr\/blog\/a-la-une\/premiers-pas-des-bleus-en-nouvelle-zelande-immersion-au-mont-eden-et-kings-college\/","og_locale":"fr_FR","og_type":"article","og_title":"Bleus en Nouvelle-Z\u00e9lande 2025 : Mont Eden, King\u2019s College et une s\u00e9rie perdue 3-0","og_description":"Juin 2025 : le XV de France arrive \u00e0 Auckland, marche au Mont Eden contre le d\u00e9calage horaire et s\u2019entra\u00eene au King\u2019s College. R\u00e9cit dat\u00e9, et issue r\u00e9elle de la tourn\u00e9e.","og_url":"https:\/\/sport-index.fr\/blog\/a-la-une\/premiers-pas-des-bleus-en-nouvelle-zelande-immersion-au-mont-eden-et-kings-college\/","og_site_name":"sport-index","author":"Axel Lauzier","twitter_card":"summary_large_image","schema":{"@context":"https:\/\/schema.org","@graph":[{"@type":"NewsArticle","@id":"https:\/\/sport-index.fr\/blog\/a-la-une\/premiers-pas-des-bleus-en-nouvelle-zelande-immersion-au-mont-eden-et-kings-college\/#article","isPartOf":{"@id":"https:\/\/sport-index.fr\/blog\/a-la-une\/premiers-pas-des-bleus-en-nouvelle-zelande-immersion-au-mont-eden-et-kings-college\/"},"author":{"name":"Axel Lauzier","@id":"https:\/\/sport-index.fr\/blog\/#\/schema\/person\/3c864cdc320801e3db34b663e7e3f816"},"headline":"Premiers pas des Bleus en Nouvelle-Z\u00e9lande : immersion au Mont Eden et Kings College","datePublished":"2026-09-01T15:23:55+00:00","mainEntityOfPage":{"@id":"https:\/\/sport-index.fr\/blog\/a-la-une\/premiers-pas-des-bleus-en-nouvelle-zelande-immersion-au-mont-eden-et-kings-college\/"},"wordCount":1385,"commentCount":26,"publisher":{"@id":"https:\/\/sport-index.fr\/blog\/#organization"},"image":{"@id":"https:\/\/sport-index.fr\/blog\/a-la-une\/premiers-pas-des-bleus-en-nouvelle-zelande-immersion-au-mont-eden-et-kings-college\/#primaryimage"},"thumbnailUrl":"https:\/\/sport-index.fr\/blog\/wp-content\/uploads\/2025\/07\/sdxl-64fb4ed11b8309ad62fd1b09b8bc2ad9-scaled.png","keywords":["All Blacks","Auckland","Fabien Galthi\u00e9","Nouvelle-Z\u00e9lande","Performance sportive","Tourn\u00e9e 2025","XV de France"],"articleSection":["\u00c0 la une"],"inLanguage":"fr-FR","potentialAction":[{"@type":"CommentAction","name":"Comment","target":["https:\/\/sport-index.fr\/blog\/a-la-une\/premiers-pas-des-bleus-en-nouvelle-zelande-immersion-au-mont-eden-et-kings-college\/#respond"]}]},{"@type":"WebPage","@id":"https:\/\/sport-index.fr\/blog\/a-la-une\/premiers-pas-des-bleus-en-nouvelle-zelande-immersion-au-mont-eden-et-kings-college\/","url":"https:\/\/sport-index.fr\/blog\/a-la-une\/premiers-pas-des-bleus-en-nouvelle-zelande-immersion-au-mont-eden-et-kings-college\/","name":"Bleus en Nouvelle-Z\u00e9lande 2025 : Mont Eden, King\u2019s College et une s\u00e9rie perdue 3-0","isPartOf":{"@id":"https:\/\/sport-index.fr\/blog\/#website"},"primaryImageOfPage":{"@id":"https:\/\/sport-index.fr\/blog\/a-la-une\/premiers-pas-des-bleus-en-nouvelle-zelande-immersion-au-mont-eden-et-kings-college\/#primaryimage"},"image":{"@id":"https:\/\/sport-index.fr\/blog\/a-la-une\/premiers-pas-des-bleus-en-nouvelle-zelande-immersion-au-mont-eden-et-kings-college\/#primaryimage"},"thumbnailUrl":"https:\/\/sport-index.fr\/blog\/wp-content\/uploads\/2025\/07\/sdxl-64fb4ed11b8309ad62fd1b09b8bc2ad9-scaled.png","datePublished":"2026-09-01T15:23:55+00:00","description":"Juin 2025 : le XV de France arrive \u00e0 Auckland, marche au Mont Eden contre le d\u00e9calage horaire et s\u2019entra\u00eene au King\u2019s College. R\u00e9cit dat\u00e9, et issue r\u00e9elle de la tourn\u00e9e.","inLanguage":"fr-FR","potentialAction":[{"@type":"ReadAction","target":["https:\/\/sport-index.fr\/blog\/a-la-une\/premiers-pas-des-bleus-en-nouvelle-zelande-immersion-au-mont-eden-et-kings-college\/"]}]},{"@type":"ImageObject","inLanguage":"fr-FR","@id":"https:\/\/sport-index.fr\/blog\/a-la-une\/premiers-pas-des-bleus-en-nouvelle-zelande-immersion-au-mont-eden-et-kings-college\/#primaryimage","url":"https:\/\/sport-index.fr\/blog\/wp-content\/uploads\/2025\/07\/sdxl-64fb4ed11b8309ad62fd1b09b8bc2ad9-scaled.png","contentUrl":"https:\/\/sport-index.fr\/blog\/wp-content\/uploads\/2025\/07\/sdxl-64fb4ed11b8309ad62fd1b09b8bc2ad9-scaled.png","width":1200,"height":500},{"@type":"WebSite","@id":"https:\/\/sport-index.fr\/blog\/#website","url":"https:\/\/sport-index.fr\/blog\/","name":"sport-index.fr","description":"Le score de l\u2019analyse sportive.","publisher":{"@id":"https:\/\/sport-index.fr\/blog\/#organization"},"alternateName":"Le score de l\u2019analyse sportive.","potentialAction":[{"@type":"SearchAction","target":{"@type":"EntryPoint","urlTemplate":"https:\/\/sport-index.fr\/blog\/?s={search_term_string}"},"query-input":{"@type":"PropertyValueSpecification","valueRequired":true,"valueName":"search_term_string"}}],"inLanguage":"fr-FR"},{"@type":"Organization","@id":"https:\/\/sport-index.fr\/blog\/#organization","name":"Foretsensations.fr","url":"https:\/\/sport-index.fr\/blog\/","logo":{"@type":"ImageObject","inLanguage":"fr-FR","@id":"https:\/\/sport-index.fr\/blog\/#\/schema\/logo\/image\/","url":"https:\/\/sport-index.fr\/blog\/wp-content\/uploads\/2026\/07\/logo-auto.png","contentUrl":"https:\/\/sport-index.fr\/blog\/wp-content\/uploads\/2026\/07\/logo-auto.png","width":1024,"height":1024,"caption":"Foretsensations.fr"},"image":{"@id":"https:\/\/sport-index.fr\/blog\/#\/schema\/logo\/image\/"}},{"@type":"Person","@id":"https:\/\/sport-index.fr\/blog\/#\/schema\/person\/3c864cdc320801e3db34b663e7e3f816","name":"Axel Lauzier","image":{"@type":"ImageObject","inLanguage":"fr-FR","@id":"https:\/\/sport-index.fr\/blog\/#\/schema\/person\/image\/","url":"https:\/\/sport-index.fr\/blog\/wp-content\/uploads\/2026\/06\/persona_axel-l-96x96.jpg","contentUrl":"https:\/\/sport-index.fr\/blog\/wp-content\/uploads\/2026\/06\/persona_axel-l-96x96.jpg","caption":"Axel Lauzier"},"description":"Le sport rythme mon quotidien depuis l'enfance, et j'en ai fait mon m\u00e9tier d'analyste r\u00e9dactionnel il y a une dizaine d'ann\u00e9es. Je couvre principalement le football, son actualit\u00e9, ses transferts et l'analyse tactique des grandes affiches, mais aussi les disciplines plus confidentielles que j'aime remettre en lumi\u00e8re. Une partie de mon travail porte sur les pronostics et la lecture statistique d'un match : forme des \u00e9quipes, historique des confrontations, compositions, sans jamais vendre de fausse certitude. Je rappelle syst\u00e9matiquement que parier comporte un risque et doit rester un loisir ma\u00eetris\u00e9. Avant de signer une analyse, je v\u00e9rifie mes chiffres, je recoupe les compositions probables et je distingue toujours la donn\u00e9e brute de l'intuition. Mon objectif : offrir une lecture honn\u00eate et argument\u00e9e, pas un ticket gagnant garanti.","sameAs":["https:\/\/axellauzier.fr\/"],"url":"https:\/\/sport-index.fr\/blog\/auteur\/noname\/"}]}},"_links":{"self":[{"href":"https:\/\/sport-index.fr\/blog\/wp-json\/wp\/v2\/posts\/16969","targetHints":{"allow":["GET"]}}],"collection":[{"href":"https:\/\/sport-index.fr\/blog\/wp-json\/wp\/v2\/posts"}],"about":[{"href":"https:\/\/sport-index.fr\/blog\/wp-json\/wp\/v2\/types\/post"}],"author":[{"embeddable":true,"href":"https:\/\/sport-index.fr\/blog\/wp-json\/wp\/v2\/users\/34"}],"replies":[{"embeddable":true,"href":"https:\/\/sport-index.fr\/blog\/wp-json\/wp\/v2\/comments?post=16969"}],"version-history":[{"count":2,"href":"https:\/\/sport-index.fr\/blog\/wp-json\/wp\/v2\/posts\/16969\/revisions"}],"predecessor-version":[{"id":18353,"href":"https:\/\/sport-index.fr\/blog\/wp-json\/wp\/v2\/posts\/16969\/revisions\/18353"}],"wp:featuredmedia":[{"embeddable":true,"href":"https:\/\/sport-index.fr\/blog\/wp-json\/wp\/v2\/media\/17552"}],"wp:attachment":[{"href":"https:\/\/sport-index.fr\/blog\/wp-json\/wp\/v2\/media?parent=16969"}],"wp:term":[{"taxonomy":"category","embeddable":true,"href":"https:\/\/sport-index.fr\/blog\/wp-json\/wp\/v2\/categories?post=16969"},{"taxonomy":"post_tag","embeddable":true,"href":"https:\/\/sport-index.fr\/blog\/wp-json\/wp\/v2\/tags?post=16969"}],"curies":[{"name":"wp","href":"https:\/\/api.w.org\/{rel}","templated":true}]}}