{"id":17083,"date":"2025-06-29T16:18:26","date_gmt":"2025-06-29T14:18:26","guid":{"rendered":"https:\/\/sport-index.fr\/blog\/?p=17083"},"modified":"2025-06-29T16:18:26","modified_gmt":"2025-06-29T14:18:26","slug":"que-sest-il-passe-pour-louis-bielle-biarrey-lors-de-la-finale-de-top-14","status":"publish","type":"post","link":"https:\/\/sport-index.fr\/blog\/a-la-une\/que-sest-il-passe-pour-louis-bielle-biarrey-lors-de-la-finale-de-top-14\/","title":{"rendered":"Que s&rsquo;est-il pass\u00e9 pour Louis Bielle-Biarrey lors de la finale de Top 14 ?"},"content":{"rendered":"<h2>Un d\u00e9but de match prometteur mais inqui\u00e9tant<\/h2>\n<p>Louis Bielle-Biarrey, ailier de l&rsquo;UBB, a entam\u00e9 la finale de Top 14 avec une certaine incertitude. \u00c0 peine 40 minutes sur le terrain, il a d\u00fb quitter ses co\u00e9quipiers \u00e0 la mi-temps, remplac\u00e9 par Arthur Reti\u00e8re. Son manager, Yannick Bru, avait d\u00e9j\u00e0 exprim\u00e9 des pr\u00e9occupations quant \u00e0 son \u00e9tat de sant\u00e9, notant qu&rsquo;il ne semblait pas en pleine forme avant le coup d&rsquo;envoi.<\/p>\n<p>Les craintes de Bru se sont av\u00e9r\u00e9es justifi\u00e9es. D\u00e8s le d\u00e9but de la rencontre, Bielle-Biarrey a subi un coup s\u00e9rieux, ce qui a entrav\u00e9 sa performance. Malgr\u00e9 son d\u00e9sir de jouer et de contribuer \u00e0 l&rsquo;\u00e9quipe, il est rapidement devenu clair qu&rsquo;il n&rsquo;\u00e9tait pas \u00e0 son meilleur niveau.<\/p>\n<h2>Les cons\u00e9quences d&rsquo;une blessure malheureuse<\/h2>\n<p>La blessure de Louis Bielle-Biarrey a eu des r\u00e9percussions sur le jeu de l&rsquo;UBB. En effet, apr\u00e8s un premier plaquage violent, il a montr\u00e9 des signes \u00e9vidents de douleur, boitant et appelant r\u00e9guli\u00e8rement le soigneur. Ce n\u2019est pas un simple incident ; cela soul\u00e8ve des questions sur la gestion des blessures et la s\u00e9curit\u00e9 des joueurs dans le rugby professionnel.<\/p>\n<p>Apr\u00e8s avoir subi trois plaquages cons\u00e9cutifs, il est apparu que Bielle-Biarrey n&rsquo;\u00e9tait plus capable de jouer efficacement. Ses capacit\u00e9s de vitesse, habituellement impressionnantes, \u00e9taient compromises, ce qui a conduit \u00e0 une premi\u00e8re mi-temps difficile. Ce moment a \u00e9t\u00e9 marqu\u00e9 par une chute de performance qui a inqui\u00e9t\u00e9 les fans et ses co\u00e9quipiers.<\/p>\n<p><iframe loading=\"lazy\" title=\"Coupe du monde de rugby 2023 - Les explications de Fabien Galthi\u00e9 sur la liste des 33\" width=\"1200\" height=\"675\" src=\"https:\/\/www.youtube.com\/embed\/cXGSlukp4W0?feature=oembed\" frameborder=\"0\" allow=\"accelerometer; autoplay; clipboard-write; encrypted-media; gyroscope; picture-in-picture; web-share\" referrerpolicy=\"strict-origin-when-cross-origin\" allowfullscreen><\/iframe><\/p>\n<h2>Un joueur \u00e0 la r\u00e9putation ternie par les blessures<\/h2>\n<p>Louis Bielle-Biarrey, reconnu comme l&rsquo;un des meilleurs marqueurs d&rsquo;essais du championnat, a vu sa saison culminer dans un moment d\u00e9cevant. En ayant marqu\u00e9 33 essais en 31 matchs, son absence sur le terrain lors de la finale a laiss\u00e9 un vide immense pour l&rsquo;UBB. Le fait qu&rsquo;il n&rsquo;ait pas eu l&rsquo;occasion de briller au Stade de France est regrettable.<\/p>\n<p>Les mots de Yannick Bru r\u00e9sonnent encore : \u00ab Les phases finales n\u2019ont pas voulu sourire \u00e0 Louis. \u00bb Cette phrase souligne la frustration ressentie face \u00e0 une promesse de talent non r\u00e9alis\u00e9e. La performance de Bielle-Biarrey ce jour-l\u00e0 alimentera les discussions sur la protection des joueurs et la n\u00e9cessit\u00e9 d&rsquo;une meilleure gestion des blessures dans le rugby.<\/p>\n<ul>\n<li>Louis Bielle-Biarrey a jou\u00e9 40 minutes dans la finale de Top 14.<\/li>\n<li>Il a \u00e9t\u00e9 remplac\u00e9 par Arthur Reti\u00e8re \u00e0 la mi-temps.<\/li>\n<li>Yannick Bru a exprim\u00e9 des inqui\u00e9tudes concernant son \u00e9tat de sant\u00e9 avant le match.<\/li>\n<li>Bielle-Biarrey a subi plusieurs plaquages violents d\u00e8s le d\u00e9but de la rencontre.<\/li>\n<li>Sa performance a \u00e9t\u00e9 affect\u00e9e par une blessure au premier coup d\u2019envoi.<\/li>\n<\/ul>\n<blockquote><p>\n\u00ab\u00a0Le TGV LBB \u00e9tait rest\u00e9 au ralenti\u00a0\u00bb, ont \u00e9crit nos confr\u00e8res de Sud-Ouest.\n<\/p><\/blockquote>\n<p>La finale de Top 14 a donc \u00e9t\u00e9 un moment de tristesse pour Louis Bielle-Biarrey, qui esp\u00e9rait briller sur la plus grande sc\u00e8ne du rugby fran\u00e7ais. Les amateurs de rugby esp\u00e8rent le voir retrouver sa forme et sa vitesse, car son talent est ind\u00e9niable. La prochaine saison pourrait \u00eatre d\u00e9terminante pour lui, tant sur le plan physique que psychologique.<\/p>\n","protected":false},"excerpt":{"rendered":"","protected":false},"author":34,"featured_media":17462,"comment_status":"open","ping_status":"open","sticky":false,"template":"","format":"standard","meta":{"_acf_changed":false,"manual_indexmenow":false,"indexmenow_id_project":0,"footnotes":""},"categories":[1],"tags":[5118,4543,4885,4536,4539],"class_list":["post-17083","post","type-post","status-publish","format-standard","has-post-thumbnail","hentry","category-a-la-une","tag-gestion-des-blessures","tag-performance","tag-preparation-mentale","tag-rugby","tag-top-14","generate-columns","tablet-grid-50","mobile-grid-100","grid-parent","grid-25"],"acf":[],"yoast_head":"<!-- This site is optimized with the Yoast SEO Premium plugin v21.3 (Yoast SEO v26.5) - https:\/\/yoast.com\/wordpress\/plugins\/seo\/ -->\n<title>Que s&#039;est-il pass\u00e9 pour Louis Bielle-Biarrey lors<\/title>\n<meta name=\"description\" content=\"Un d\u00e9but de match prometteur mais inqui\u00e9tant Louis Bielle-Biarrey, ailier de l&#039;UBB, a entam\u00e9 la finale de Top 14 avec une certaine incertitude. \u00c0 peine\u2026\" \/>\n<meta name=\"robots\" content=\"index, follow, max-snippet:-1, max-image-preview:large, max-video-preview:-1\" \/>\n<link rel=\"canonical\" href=\"https:\/\/sport-index.fr\/blog\/a-la-une\/que-sest-il-passe-pour-louis-bielle-biarrey-lors-de-la-finale-de-top-14\/\" \/>\n<meta property=\"og:locale\" content=\"fr_FR\" \/>\n<meta property=\"og:type\" content=\"article\" \/>\n<meta property=\"og:title\" content=\"Que s&#039;est-il pass\u00e9 pour Louis Bielle-Biarrey lors\" \/>\n<meta property=\"og:description\" content=\"Un d\u00e9but de match prometteur mais inqui\u00e9tant Louis Bielle-Biarrey, ailier de l&#039;UBB, a entam\u00e9 la finale de Top 14 avec une certaine incertitude. \u00c0 peine\u2026\" \/>\n<meta property=\"og:url\" content=\"https:\/\/sport-index.fr\/blog\/a-la-une\/que-sest-il-passe-pour-louis-bielle-biarrey-lors-de-la-finale-de-top-14\/\" \/>\n<meta property=\"og:site_name\" content=\"sport-index\" \/>\n<meta name=\"author\" content=\"Axel Lauzier\" \/>\n<meta name=\"twitter:card\" content=\"summary_large_image\" \/>\n<script type=\"application\/ld+json\" class=\"yoast-schema-graph\">{\"@context\":\"https:\/\/schema.org\",\"@graph\":[{\"@type\":\"NewsArticle\",\"@id\":\"https:\/\/sport-index.fr\/blog\/a-la-une\/que-sest-il-passe-pour-louis-bielle-biarrey-lors-de-la-finale-de-top-14\/#article\",\"isPartOf\":{\"@id\":\"https:\/\/sport-index.fr\/blog\/a-la-une\/que-sest-il-passe-pour-louis-bielle-biarrey-lors-de-la-finale-de-top-14\/\"},\"author\":{\"name\":\"Axel Lauzier\",\"@id\":\"https:\/\/sport-index.fr\/blog\/#\/schema\/person\/3c864cdc320801e3db34b663e7e3f816\"},\"headline\":\"Que s&rsquo;est-il pass\u00e9 pour Louis Bielle-Biarrey lors de la finale de Top 14 ?\",\"datePublished\":\"2025-06-29T14:18:26+00:00\",\"mainEntityOfPage\":{\"@id\":\"https:\/\/sport-index.fr\/blog\/a-la-une\/que-sest-il-passe-pour-louis-bielle-biarrey-lors-de-la-finale-de-top-14\/\"},\"wordCount\":553,\"commentCount\":23,\"publisher\":{\"@id\":\"https:\/\/sport-index.fr\/blog\/#organization\"},\"image\":{\"@id\":\"https:\/\/sport-index.fr\/blog\/a-la-une\/que-sest-il-passe-pour-louis-bielle-biarrey-lors-de-la-finale-de-top-14\/#primaryimage\"},\"thumbnailUrl\":\"https:\/\/sport-index.fr\/blog\/wp-content\/uploads\/2025\/07\/sdxl-dd668f83aaca51137e8af3de63171b20-scaled.png\",\"keywords\":[\"Gestion des Blessures\",\"Performance\",\"Pr\u00e9paration Mentale\",\"Rugby\",\"Top 14\"],\"articleSection\":[\"\u00c0 la une\"],\"inLanguage\":\"fr-FR\",\"potentialAction\":[{\"@type\":\"CommentAction\",\"name\":\"Comment\",\"target\":[\"https:\/\/sport-index.fr\/blog\/a-la-une\/que-sest-il-passe-pour-louis-bielle-biarrey-lors-de-la-finale-de-top-14\/#respond\"]}]},{\"@type\":\"WebPage\",\"@id\":\"https:\/\/sport-index.fr\/blog\/a-la-une\/que-sest-il-passe-pour-louis-bielle-biarrey-lors-de-la-finale-de-top-14\/\",\"url\":\"https:\/\/sport-index.fr\/blog\/a-la-une\/que-sest-il-passe-pour-louis-bielle-biarrey-lors-de-la-finale-de-top-14\/\",\"name\":\"Que s'est-il pass\u00e9 pour Louis Bielle-Biarrey lors\",\"isPartOf\":{\"@id\":\"https:\/\/sport-index.fr\/blog\/#website\"},\"primaryImageOfPage\":{\"@id\":\"https:\/\/sport-index.fr\/blog\/a-la-une\/que-sest-il-passe-pour-louis-bielle-biarrey-lors-de-la-finale-de-top-14\/#primaryimage\"},\"image\":{\"@id\":\"https:\/\/sport-index.fr\/blog\/a-la-une\/que-sest-il-passe-pour-louis-bielle-biarrey-lors-de-la-finale-de-top-14\/#primaryimage\"},\"thumbnailUrl\":\"https:\/\/sport-index.fr\/blog\/wp-content\/uploads\/2025\/07\/sdxl-dd668f83aaca51137e8af3de63171b20-scaled.png\",\"datePublished\":\"2025-06-29T14:18:26+00:00\",\"description\":\"Un d\u00e9but de match prometteur mais inqui\u00e9tant Louis Bielle-Biarrey, ailier de l'UBB, a entam\u00e9 la finale de Top 14 avec une certaine incertitude. \u00c0 peine\u2026\",\"inLanguage\":\"fr-FR\",\"potentialAction\":[{\"@type\":\"ReadAction\",\"target\":[\"https:\/\/sport-index.fr\/blog\/a-la-une\/que-sest-il-passe-pour-louis-bielle-biarrey-lors-de-la-finale-de-top-14\/\"]}]},{\"@type\":\"ImageObject\",\"inLanguage\":\"fr-FR\",\"@id\":\"https:\/\/sport-index.fr\/blog\/a-la-une\/que-sest-il-passe-pour-louis-bielle-biarrey-lors-de-la-finale-de-top-14\/#primaryimage\",\"url\":\"https:\/\/sport-index.fr\/blog\/wp-content\/uploads\/2025\/07\/sdxl-dd668f83aaca51137e8af3de63171b20-scaled.png\",\"contentUrl\":\"https:\/\/sport-index.fr\/blog\/wp-content\/uploads\/2025\/07\/sdxl-dd668f83aaca51137e8af3de63171b20-scaled.png\",\"width\":1200,\"height\":500},{\"@type\":\"WebSite\",\"@id\":\"https:\/\/sport-index.fr\/blog\/#website\",\"url\":\"https:\/\/sport-index.fr\/blog\/\",\"name\":\"sport-index.fr\",\"description\":\"Le score de l\u2019analyse sportive.\",\"publisher\":{\"@id\":\"https:\/\/sport-index.fr\/blog\/#organization\"},\"alternateName\":\"Le score de l\u2019analyse sportive.\",\"potentialAction\":[{\"@type\":\"SearchAction\",\"target\":{\"@type\":\"EntryPoint\",\"urlTemplate\":\"https:\/\/sport-index.fr\/blog\/?s={search_term_string}\"},\"query-input\":{\"@type\":\"PropertyValueSpecification\",\"valueRequired\":true,\"valueName\":\"search_term_string\"}}],\"inLanguage\":\"fr-FR\"},{\"@type\":\"Organization\",\"@id\":\"https:\/\/sport-index.fr\/blog\/#organization\",\"name\":\"Foretsensations.fr\",\"url\":\"https:\/\/sport-index.fr\/blog\/\",\"logo\":{\"@type\":\"ImageObject\",\"inLanguage\":\"fr-FR\",\"@id\":\"https:\/\/sport-index.fr\/blog\/#\/schema\/logo\/image\/\",\"url\":\"https:\/\/sport-index.fr\/blog\/wp-content\/uploads\/2026\/07\/logo-auto.png\",\"contentUrl\":\"https:\/\/sport-index.fr\/blog\/wp-content\/uploads\/2026\/07\/logo-auto.png\",\"width\":1024,\"height\":1024,\"caption\":\"Foretsensations.fr\"},\"image\":{\"@id\":\"https:\/\/sport-index.fr\/blog\/#\/schema\/logo\/image\/\"}},{\"@type\":\"Person\",\"@id\":\"https:\/\/sport-index.fr\/blog\/#\/schema\/person\/3c864cdc320801e3db34b663e7e3f816\",\"name\":\"Axel Lauzier\",\"image\":{\"@type\":\"ImageObject\",\"inLanguage\":\"fr-FR\",\"@id\":\"https:\/\/sport-index.fr\/blog\/#\/schema\/person\/image\/\",\"url\":\"https:\/\/sport-index.fr\/blog\/wp-content\/uploads\/2026\/06\/persona_axel-l-96x96.jpg\",\"contentUrl\":\"https:\/\/sport-index.fr\/blog\/wp-content\/uploads\/2026\/06\/persona_axel-l-96x96.jpg\",\"caption\":\"Axel Lauzier\"},\"description\":\"Le sport rythme mon quotidien depuis l'enfance, et j'en ai fait mon m\u00e9tier d'analyste r\u00e9dactionnel il y a une dizaine d'ann\u00e9es. Je couvre principalement le football, son actualit\u00e9, ses transferts et l'analyse tactique des grandes affiches, mais aussi les disciplines plus confidentielles que j'aime remettre en lumi\u00e8re. Une partie de mon travail porte sur les pronostics et la lecture statistique d'un match : forme des \u00e9quipes, historique des confrontations, compositions, sans jamais vendre de fausse certitude. Je rappelle syst\u00e9matiquement que parier comporte un risque et doit rester un loisir ma\u00eetris\u00e9. Avant de signer une analyse, je v\u00e9rifie mes chiffres, je recoupe les compositions probables et je distingue toujours la donn\u00e9e brute de l'intuition. Mon objectif : offrir une lecture honn\u00eate et argument\u00e9e, pas un ticket gagnant garanti.\",\"sameAs\":[\"https:\/\/axellauzier.fr\/\"],\"url\":\"https:\/\/sport-index.fr\/blog\/auteur\/noname\/\"}]}<\/script>\n<!-- \/ Yoast SEO Premium plugin. -->","yoast_head_json":{"title":"Que s'est-il pass\u00e9 pour Louis Bielle-Biarrey lors","description":"Un d\u00e9but de match prometteur mais inqui\u00e9tant Louis Bielle-Biarrey, ailier de l'UBB, a entam\u00e9 la finale de Top 14 avec une certaine incertitude. \u00c0 peine\u2026","robots":{"index":"index","follow":"follow","max-snippet":"max-snippet:-1","max-image-preview":"max-image-preview:large","max-video-preview":"max-video-preview:-1"},"canonical":"https:\/\/sport-index.fr\/blog\/a-la-une\/que-sest-il-passe-pour-louis-bielle-biarrey-lors-de-la-finale-de-top-14\/","og_locale":"fr_FR","og_type":"article","og_title":"Que s'est-il pass\u00e9 pour Louis Bielle-Biarrey lors","og_description":"Un d\u00e9but de match prometteur mais inqui\u00e9tant Louis Bielle-Biarrey, ailier de l'UBB, a entam\u00e9 la finale de Top 14 avec une certaine incertitude. \u00c0 peine\u2026","og_url":"https:\/\/sport-index.fr\/blog\/a-la-une\/que-sest-il-passe-pour-louis-bielle-biarrey-lors-de-la-finale-de-top-14\/","og_site_name":"sport-index","author":"Axel Lauzier","twitter_card":"summary_large_image","schema":{"@context":"https:\/\/schema.org","@graph":[{"@type":"NewsArticle","@id":"https:\/\/sport-index.fr\/blog\/a-la-une\/que-sest-il-passe-pour-louis-bielle-biarrey-lors-de-la-finale-de-top-14\/#article","isPartOf":{"@id":"https:\/\/sport-index.fr\/blog\/a-la-une\/que-sest-il-passe-pour-louis-bielle-biarrey-lors-de-la-finale-de-top-14\/"},"author":{"name":"Axel Lauzier","@id":"https:\/\/sport-index.fr\/blog\/#\/schema\/person\/3c864cdc320801e3db34b663e7e3f816"},"headline":"Que s&rsquo;est-il pass\u00e9 pour Louis Bielle-Biarrey lors de la finale de Top 14 ?","datePublished":"2025-06-29T14:18:26+00:00","mainEntityOfPage":{"@id":"https:\/\/sport-index.fr\/blog\/a-la-une\/que-sest-il-passe-pour-louis-bielle-biarrey-lors-de-la-finale-de-top-14\/"},"wordCount":553,"commentCount":23,"publisher":{"@id":"https:\/\/sport-index.fr\/blog\/#organization"},"image":{"@id":"https:\/\/sport-index.fr\/blog\/a-la-une\/que-sest-il-passe-pour-louis-bielle-biarrey-lors-de-la-finale-de-top-14\/#primaryimage"},"thumbnailUrl":"https:\/\/sport-index.fr\/blog\/wp-content\/uploads\/2025\/07\/sdxl-dd668f83aaca51137e8af3de63171b20-scaled.png","keywords":["Gestion des Blessures","Performance","Pr\u00e9paration Mentale","Rugby","Top 14"],"articleSection":["\u00c0 la une"],"inLanguage":"fr-FR","potentialAction":[{"@type":"CommentAction","name":"Comment","target":["https:\/\/sport-index.fr\/blog\/a-la-une\/que-sest-il-passe-pour-louis-bielle-biarrey-lors-de-la-finale-de-top-14\/#respond"]}]},{"@type":"WebPage","@id":"https:\/\/sport-index.fr\/blog\/a-la-une\/que-sest-il-passe-pour-louis-bielle-biarrey-lors-de-la-finale-de-top-14\/","url":"https:\/\/sport-index.fr\/blog\/a-la-une\/que-sest-il-passe-pour-louis-bielle-biarrey-lors-de-la-finale-de-top-14\/","name":"Que s'est-il pass\u00e9 pour Louis Bielle-Biarrey lors","isPartOf":{"@id":"https:\/\/sport-index.fr\/blog\/#website"},"primaryImageOfPage":{"@id":"https:\/\/sport-index.fr\/blog\/a-la-une\/que-sest-il-passe-pour-louis-bielle-biarrey-lors-de-la-finale-de-top-14\/#primaryimage"},"image":{"@id":"https:\/\/sport-index.fr\/blog\/a-la-une\/que-sest-il-passe-pour-louis-bielle-biarrey-lors-de-la-finale-de-top-14\/#primaryimage"},"thumbnailUrl":"https:\/\/sport-index.fr\/blog\/wp-content\/uploads\/2025\/07\/sdxl-dd668f83aaca51137e8af3de63171b20-scaled.png","datePublished":"2025-06-29T14:18:26+00:00","description":"Un d\u00e9but de match prometteur mais inqui\u00e9tant Louis Bielle-Biarrey, ailier de l'UBB, a entam\u00e9 la finale de Top 14 avec une certaine incertitude. \u00c0 peine\u2026","inLanguage":"fr-FR","potentialAction":[{"@type":"ReadAction","target":["https:\/\/sport-index.fr\/blog\/a-la-une\/que-sest-il-passe-pour-louis-bielle-biarrey-lors-de-la-finale-de-top-14\/"]}]},{"@type":"ImageObject","inLanguage":"fr-FR","@id":"https:\/\/sport-index.fr\/blog\/a-la-une\/que-sest-il-passe-pour-louis-bielle-biarrey-lors-de-la-finale-de-top-14\/#primaryimage","url":"https:\/\/sport-index.fr\/blog\/wp-content\/uploads\/2025\/07\/sdxl-dd668f83aaca51137e8af3de63171b20-scaled.png","contentUrl":"https:\/\/sport-index.fr\/blog\/wp-content\/uploads\/2025\/07\/sdxl-dd668f83aaca51137e8af3de63171b20-scaled.png","width":1200,"height":500},{"@type":"WebSite","@id":"https:\/\/sport-index.fr\/blog\/#website","url":"https:\/\/sport-index.fr\/blog\/","name":"sport-index.fr","description":"Le score de l\u2019analyse sportive.","publisher":{"@id":"https:\/\/sport-index.fr\/blog\/#organization"},"alternateName":"Le score de l\u2019analyse sportive.","potentialAction":[{"@type":"SearchAction","target":{"@type":"EntryPoint","urlTemplate":"https:\/\/sport-index.fr\/blog\/?s={search_term_string}"},"query-input":{"@type":"PropertyValueSpecification","valueRequired":true,"valueName":"search_term_string"}}],"inLanguage":"fr-FR"},{"@type":"Organization","@id":"https:\/\/sport-index.fr\/blog\/#organization","name":"Foretsensations.fr","url":"https:\/\/sport-index.fr\/blog\/","logo":{"@type":"ImageObject","inLanguage":"fr-FR","@id":"https:\/\/sport-index.fr\/blog\/#\/schema\/logo\/image\/","url":"https:\/\/sport-index.fr\/blog\/wp-content\/uploads\/2026\/07\/logo-auto.png","contentUrl":"https:\/\/sport-index.fr\/blog\/wp-content\/uploads\/2026\/07\/logo-auto.png","width":1024,"height":1024,"caption":"Foretsensations.fr"},"image":{"@id":"https:\/\/sport-index.fr\/blog\/#\/schema\/logo\/image\/"}},{"@type":"Person","@id":"https:\/\/sport-index.fr\/blog\/#\/schema\/person\/3c864cdc320801e3db34b663e7e3f816","name":"Axel Lauzier","image":{"@type":"ImageObject","inLanguage":"fr-FR","@id":"https:\/\/sport-index.fr\/blog\/#\/schema\/person\/image\/","url":"https:\/\/sport-index.fr\/blog\/wp-content\/uploads\/2026\/06\/persona_axel-l-96x96.jpg","contentUrl":"https:\/\/sport-index.fr\/blog\/wp-content\/uploads\/2026\/06\/persona_axel-l-96x96.jpg","caption":"Axel Lauzier"},"description":"Le sport rythme mon quotidien depuis l'enfance, et j'en ai fait mon m\u00e9tier d'analyste r\u00e9dactionnel il y a une dizaine d'ann\u00e9es. Je couvre principalement le football, son actualit\u00e9, ses transferts et l'analyse tactique des grandes affiches, mais aussi les disciplines plus confidentielles que j'aime remettre en lumi\u00e8re. Une partie de mon travail porte sur les pronostics et la lecture statistique d'un match : forme des \u00e9quipes, historique des confrontations, compositions, sans jamais vendre de fausse certitude. Je rappelle syst\u00e9matiquement que parier comporte un risque et doit rester un loisir ma\u00eetris\u00e9. Avant de signer une analyse, je v\u00e9rifie mes chiffres, je recoupe les compositions probables et je distingue toujours la donn\u00e9e brute de l'intuition. Mon objectif : offrir une lecture honn\u00eate et argument\u00e9e, pas un ticket gagnant garanti.","sameAs":["https:\/\/axellauzier.fr\/"],"url":"https:\/\/sport-index.fr\/blog\/auteur\/noname\/"}]}},"_links":{"self":[{"href":"https:\/\/sport-index.fr\/blog\/wp-json\/wp\/v2\/posts\/17083","targetHints":{"allow":["GET"]}}],"collection":[{"href":"https:\/\/sport-index.fr\/blog\/wp-json\/wp\/v2\/posts"}],"about":[{"href":"https:\/\/sport-index.fr\/blog\/wp-json\/wp\/v2\/types\/post"}],"author":[{"embeddable":true,"href":"https:\/\/sport-index.fr\/blog\/wp-json\/wp\/v2\/users\/34"}],"replies":[{"embeddable":true,"href":"https:\/\/sport-index.fr\/blog\/wp-json\/wp\/v2\/comments?post=17083"}],"version-history":[{"count":1,"href":"https:\/\/sport-index.fr\/blog\/wp-json\/wp\/v2\/posts\/17083\/revisions"}],"predecessor-version":[{"id":17085,"href":"https:\/\/sport-index.fr\/blog\/wp-json\/wp\/v2\/posts\/17083\/revisions\/17085"}],"wp:featuredmedia":[{"embeddable":true,"href":"https:\/\/sport-index.fr\/blog\/wp-json\/wp\/v2\/media\/17462"}],"wp:attachment":[{"href":"https:\/\/sport-index.fr\/blog\/wp-json\/wp\/v2\/media?parent=17083"}],"wp:term":[{"taxonomy":"category","embeddable":true,"href":"https:\/\/sport-index.fr\/blog\/wp-json\/wp\/v2\/categories?post=17083"},{"taxonomy":"post_tag","embeddable":true,"href":"https:\/\/sport-index.fr\/blog\/wp-json\/wp\/v2\/tags?post=17083"}],"curies":[{"name":"wp","href":"https:\/\/api.w.org\/{rel}","templated":true}]}}