{"id":17142,"date":"2025-07-01T18:04:32","date_gmt":"2025-07-01T16:04:32","guid":{"rendered":"https:\/\/sport-index.fr\/blog\/?p=17142"},"modified":"2025-07-01T07:39:38","modified_gmt":"2025-07-01T05:39:38","slug":"le-speaker-toulousain-et-son-pas-de-danse-une-finale-inoubliable-au-stade-de-france","status":"publish","type":"post","link":"https:\/\/sport-index.fr\/blog\/a-la-une\/le-speaker-toulousain-et-son-pas-de-danse-une-finale-inoubliable-au-stade-de-france\/","title":{"rendered":"Le speaker toulousain et son pas de danse : une finale inoubliable au Stade de France"},"content":{"rendered":"<h2>Un moment de joie inattendu sur le terrain<\/h2>\n<p>Apr\u00e8s la finale, alors qu\u2019il \u00e9tait en communication avec son p\u00e8re, il a laiss\u00e9 \u00e9chapper un pas de danse inspir\u00e9 par la musique d&rsquo;Earth, Wind &amp; Fire. Ce moment de pur bonheur, film\u00e9 \u00e0 son insu, a rapidement fait le tour des r\u00e9seaux sociaux, provoquant une vague d&rsquo;affection de la part des supporters.<\/p>\n<p>Ce pas de danse, loin d&rsquo;\u00eatre une simple distraction, a symbolis\u00e9 l&rsquo;enthousiasme et la passion qui r\u00e8gnent autour du rugby. Reyda a partag\u00e9 que ce geste \u00e9tait avant tout une danse de la joie, un instinctif acte d\u2019expression qui a touch\u00e9 de nombreux fans. Il a \u00e9t\u00e9 surpris par l&rsquo;ampleur de la r\u00e9action, avec de nombreux messages venant de personnes qui l\u2019ont reconnu.<\/p>\n<p><iframe loading=\"lazy\" title=\"Le but magnifique de Mbapp\u00e9 ! #shorts\" width=\"1200\" height=\"675\" src=\"https:\/\/www.youtube.com\/embed\/haBLCiQr8eE?feature=oembed\" frameborder=\"0\" allow=\"accelerometer; autoplay; clipboard-write; encrypted-media; gyroscope; picture-in-picture; web-share\" referrerpolicy=\"strict-origin-when-cross-origin\" allowfullscreen><\/iframe><\/p>\n<h2>Une finale riche en \u00e9motions<\/h2>\n<p>Le week-end de la finale a \u00e9t\u00e9 un v\u00e9ritable tourbillon pour Reyda, entre pr\u00e9paratifs et moments de tension. Il a d\u2019abord anim\u00e9 le d\u00e9part des joueurs vers Paris, avant de s\u2019immerger dans l\u2019ambiance festive de la ville. Le vendredi, il a particip\u00e9 \u00e0 un ap\u00e9ritif sur la pelouse du Stade de France, un moment de convivialit\u00e9 qui rappelle l&rsquo;importance de la camaraderie dans le sport.<\/p>\n<p>Le jour du match, Reyda a ressenti une mont\u00e9e d\u2019adr\u00e9naline, conscient de l\u2019enjeu. Il a partag\u00e9 ses propres inqui\u00e9tudes avec les joueurs, qui l\u2019ont rassur\u00e9. Au fur et \u00e0 mesure que le match avan\u00e7ait, l\u2019intensit\u00e9 a grimp\u00e9, culminant avec une derni\u00e8re p\u00e9nalit\u00e9 qui a provoqu\u00e9 une explosion d\u2019\u00e9motions dans le stade.<\/p>\n<h2>Des souvenirs inoubliables et des le\u00e7ons de vie<\/h2>\n<p>Au-del\u00e0 des moments de c\u00e9l\u00e9bration, Reyda a \u00e9galement v\u00e9cu des instants plus difficiles. Il a d\u00fb faire face \u00e0 des situations impr\u00e9vues, comme un incident avec un parachutiste lors d\u2019un match, o\u00f9 il a d\u00fb garder son calme pour assurer la s\u00e9curit\u00e9 du public. Ces exp\u00e9riences lui ont appris l\u2019importance de la gestion des \u00e9motions, tant pour lui que pour les spectateurs.<\/p>\n<p>Reyda a \u00e9galement \u00e9t\u00e9 touch\u00e9 par des \u00e9v\u00e9nements tragiques, comme la perte de membres de la famille du club. Il a d\u00fb prononcer des hommages touchants, un moment qu&rsquo;il d\u00e9crit comme extr\u00eamement difficile. Ces exp\u00e9riences lui rappellent que le sport est bien plus qu\u2019un simple jeu, et qu&rsquo;il tisse des liens profonds entre les personnes.<\/p>\n<ul>\n<li>Danser pour c\u00e9l\u00e9brer les victoires et les joies simples.<\/li>\n<li>Vivre des moments de tension et apprendre \u00e0 g\u00e9rer le stress.<\/li>\n<li>Rester connect\u00e9 aux \u00e9motions des joueurs et des supporters.<\/li>\n<\/ul>\n<blockquote>\n<p>\u00ab\u00a0C\u2019\u00e9tait une finale dantesque, je ne pensais pas revivre une telle intensit\u00e9.\u00a0\u00bb<\/p>\n<\/blockquote>\n<p>Pour ceux qui r\u00eavent de suivre les traces de Reyda, il partage quelques conseils. La rigueur, la passion et le courage d\u2019oser sont des qualit\u00e9s essentielles pour devenir un bon speaker. Prendre le micro d\u00e8s que possible est crucial pour gagner en aisance. Ces le\u00e7ons, combin\u00e9es \u00e0 des moments de joie et de tristesse, font du parcours de Reyda un exemple inspirant pour beaucoup.<\/p>\n","protected":false},"excerpt":{"rendered":"","protected":false},"author":34,"featured_media":17393,"comment_status":"open","ping_status":"open","sticky":false,"template":"","format":"standard","meta":{"_acf_changed":false,"manual_indexmenow":false,"indexmenow_id_project":0,"footnotes":""},"categories":[1],"tags":[4618,4585,4685,4898,4543],"class_list":["post-17142","post","type-post","status-publish","format-standard","has-post-thumbnail","hentry","category-a-la-une","tag-camaraderie","tag-cohesion-dequipe","tag-evenements-sportifs","tag-gestion-du-stress","tag-performance","generate-columns","tablet-grid-50","mobile-grid-100","grid-parent","grid-25"],"acf":[],"yoast_head":"<!-- This site is optimized with the Yoast SEO Premium plugin v21.3 (Yoast SEO v26.5) - https:\/\/yoast.com\/wordpress\/plugins\/seo\/ -->\n<title>Le speaker toulousain et son pas de danse : une finale<\/title>\n<meta name=\"description\" content=\"Un moment de joie inattendu sur le terrain Apr\u00e8s la finale, alors qu\u2019il \u00e9tait en communication avec son p\u00e8re, il a laiss\u00e9 \u00e9chapper un pas de danse\u2026\" \/>\n<meta name=\"robots\" content=\"index, follow, max-snippet:-1, max-image-preview:large, max-video-preview:-1\" \/>\n<link rel=\"canonical\" href=\"https:\/\/sport-index.fr\/blog\/a-la-une\/le-speaker-toulousain-et-son-pas-de-danse-une-finale-inoubliable-au-stade-de-france\/\" \/>\n<meta property=\"og:locale\" content=\"fr_FR\" \/>\n<meta property=\"og:type\" content=\"article\" \/>\n<meta property=\"og:title\" content=\"Le speaker toulousain et son pas de danse : une finale\" \/>\n<meta property=\"og:description\" content=\"Un moment de joie inattendu sur le terrain Apr\u00e8s la finale, alors qu\u2019il \u00e9tait en communication avec son p\u00e8re, il a laiss\u00e9 \u00e9chapper un pas de danse\u2026\" \/>\n<meta property=\"og:url\" content=\"https:\/\/sport-index.fr\/blog\/a-la-une\/le-speaker-toulousain-et-son-pas-de-danse-une-finale-inoubliable-au-stade-de-france\/\" \/>\n<meta property=\"og:site_name\" content=\"sport-index\" \/>\n<meta name=\"author\" content=\"Axel Lauzier\" \/>\n<meta name=\"twitter:card\" content=\"summary_large_image\" \/>\n<script type=\"application\/ld+json\" class=\"yoast-schema-graph\">{\"@context\":\"https:\/\/schema.org\",\"@graph\":[{\"@type\":\"NewsArticle\",\"@id\":\"https:\/\/sport-index.fr\/blog\/a-la-une\/le-speaker-toulousain-et-son-pas-de-danse-une-finale-inoubliable-au-stade-de-france\/#article\",\"isPartOf\":{\"@id\":\"https:\/\/sport-index.fr\/blog\/a-la-une\/le-speaker-toulousain-et-son-pas-de-danse-une-finale-inoubliable-au-stade-de-france\/\"},\"author\":{\"name\":\"Axel Lauzier\",\"@id\":\"https:\/\/sport-index.fr\/blog\/#\/schema\/person\/3c864cdc320801e3db34b663e7e3f816\"},\"headline\":\"Le speaker toulousain et son pas de danse : une finale inoubliable au Stade de France\",\"datePublished\":\"2025-07-01T16:04:32+00:00\",\"mainEntityOfPage\":{\"@id\":\"https:\/\/sport-index.fr\/blog\/a-la-une\/le-speaker-toulousain-et-son-pas-de-danse-une-finale-inoubliable-au-stade-de-france\/\"},\"wordCount\":547,\"commentCount\":19,\"publisher\":{\"@id\":\"https:\/\/sport-index.fr\/blog\/#organization\"},\"image\":{\"@id\":\"https:\/\/sport-index.fr\/blog\/a-la-une\/le-speaker-toulousain-et-son-pas-de-danse-une-finale-inoubliable-au-stade-de-france\/#primaryimage\"},\"thumbnailUrl\":\"https:\/\/sport-index.fr\/blog\/wp-content\/uploads\/2025\/07\/sdxl-8d89011ae8e70e62ac34e93d7254caf7-scaled.png\",\"keywords\":[\"Camaraderie\",\"Coh\u00e9sion d'\u00c9quipe\",\"\u00c9v\u00e9nements Sportifs\",\"Gestion Du Stress\",\"Performance\"],\"articleSection\":[\"\u00c0 la une\"],\"inLanguage\":\"fr-FR\",\"potentialAction\":[{\"@type\":\"CommentAction\",\"name\":\"Comment\",\"target\":[\"https:\/\/sport-index.fr\/blog\/a-la-une\/le-speaker-toulousain-et-son-pas-de-danse-une-finale-inoubliable-au-stade-de-france\/#respond\"]}]},{\"@type\":\"WebPage\",\"@id\":\"https:\/\/sport-index.fr\/blog\/a-la-une\/le-speaker-toulousain-et-son-pas-de-danse-une-finale-inoubliable-au-stade-de-france\/\",\"url\":\"https:\/\/sport-index.fr\/blog\/a-la-une\/le-speaker-toulousain-et-son-pas-de-danse-une-finale-inoubliable-au-stade-de-france\/\",\"name\":\"Le speaker toulousain et son pas de danse : une finale\",\"isPartOf\":{\"@id\":\"https:\/\/sport-index.fr\/blog\/#website\"},\"primaryImageOfPage\":{\"@id\":\"https:\/\/sport-index.fr\/blog\/a-la-une\/le-speaker-toulousain-et-son-pas-de-danse-une-finale-inoubliable-au-stade-de-france\/#primaryimage\"},\"image\":{\"@id\":\"https:\/\/sport-index.fr\/blog\/a-la-une\/le-speaker-toulousain-et-son-pas-de-danse-une-finale-inoubliable-au-stade-de-france\/#primaryimage\"},\"thumbnailUrl\":\"https:\/\/sport-index.fr\/blog\/wp-content\/uploads\/2025\/07\/sdxl-8d89011ae8e70e62ac34e93d7254caf7-scaled.png\",\"datePublished\":\"2025-07-01T16:04:32+00:00\",\"description\":\"Un moment de joie inattendu sur le terrain Apr\u00e8s la finale, alors qu\u2019il \u00e9tait en communication avec son p\u00e8re, il a laiss\u00e9 \u00e9chapper un pas de danse\u2026\",\"inLanguage\":\"fr-FR\",\"potentialAction\":[{\"@type\":\"ReadAction\",\"target\":[\"https:\/\/sport-index.fr\/blog\/a-la-une\/le-speaker-toulousain-et-son-pas-de-danse-une-finale-inoubliable-au-stade-de-france\/\"]}]},{\"@type\":\"ImageObject\",\"inLanguage\":\"fr-FR\",\"@id\":\"https:\/\/sport-index.fr\/blog\/a-la-une\/le-speaker-toulousain-et-son-pas-de-danse-une-finale-inoubliable-au-stade-de-france\/#primaryimage\",\"url\":\"https:\/\/sport-index.fr\/blog\/wp-content\/uploads\/2025\/07\/sdxl-8d89011ae8e70e62ac34e93d7254caf7-scaled.png\",\"contentUrl\":\"https:\/\/sport-index.fr\/blog\/wp-content\/uploads\/2025\/07\/sdxl-8d89011ae8e70e62ac34e93d7254caf7-scaled.png\",\"width\":1200,\"height\":500},{\"@type\":\"WebSite\",\"@id\":\"https:\/\/sport-index.fr\/blog\/#website\",\"url\":\"https:\/\/sport-index.fr\/blog\/\",\"name\":\"sport-index.fr\",\"description\":\"Le score de l\u2019analyse sportive.\",\"publisher\":{\"@id\":\"https:\/\/sport-index.fr\/blog\/#organization\"},\"alternateName\":\"Le score de l\u2019analyse sportive.\",\"potentialAction\":[{\"@type\":\"SearchAction\",\"target\":{\"@type\":\"EntryPoint\",\"urlTemplate\":\"https:\/\/sport-index.fr\/blog\/?s={search_term_string}\"},\"query-input\":{\"@type\":\"PropertyValueSpecification\",\"valueRequired\":true,\"valueName\":\"search_term_string\"}}],\"inLanguage\":\"fr-FR\"},{\"@type\":\"Organization\",\"@id\":\"https:\/\/sport-index.fr\/blog\/#organization\",\"name\":\"Foretsensations.fr\",\"url\":\"https:\/\/sport-index.fr\/blog\/\",\"logo\":{\"@type\":\"ImageObject\",\"inLanguage\":\"fr-FR\",\"@id\":\"https:\/\/sport-index.fr\/blog\/#\/schema\/logo\/image\/\",\"url\":\"https:\/\/sport-index.fr\/blog\/wp-content\/uploads\/2026\/07\/logo-auto.png\",\"contentUrl\":\"https:\/\/sport-index.fr\/blog\/wp-content\/uploads\/2026\/07\/logo-auto.png\",\"width\":1024,\"height\":1024,\"caption\":\"Foretsensations.fr\"},\"image\":{\"@id\":\"https:\/\/sport-index.fr\/blog\/#\/schema\/logo\/image\/\"}},{\"@type\":\"Person\",\"@id\":\"https:\/\/sport-index.fr\/blog\/#\/schema\/person\/3c864cdc320801e3db34b663e7e3f816\",\"name\":\"Axel Lauzier\",\"image\":{\"@type\":\"ImageObject\",\"inLanguage\":\"fr-FR\",\"@id\":\"https:\/\/sport-index.fr\/blog\/#\/schema\/person\/image\/\",\"url\":\"https:\/\/sport-index.fr\/blog\/wp-content\/uploads\/2026\/06\/persona_axel-l-96x96.jpg\",\"contentUrl\":\"https:\/\/sport-index.fr\/blog\/wp-content\/uploads\/2026\/06\/persona_axel-l-96x96.jpg\",\"caption\":\"Axel Lauzier\"},\"description\":\"Le sport rythme mon quotidien depuis l'enfance, et j'en ai fait mon m\u00e9tier d'analyste r\u00e9dactionnel il y a une dizaine d'ann\u00e9es. Je couvre principalement le football, son actualit\u00e9, ses transferts et l'analyse tactique des grandes affiches, mais aussi les disciplines plus confidentielles que j'aime remettre en lumi\u00e8re. Une partie de mon travail porte sur les pronostics et la lecture statistique d'un match : forme des \u00e9quipes, historique des confrontations, compositions, sans jamais vendre de fausse certitude. Je rappelle syst\u00e9matiquement que parier comporte un risque et doit rester un loisir ma\u00eetris\u00e9. Avant de signer une analyse, je v\u00e9rifie mes chiffres, je recoupe les compositions probables et je distingue toujours la donn\u00e9e brute de l'intuition. Mon objectif : offrir une lecture honn\u00eate et argument\u00e9e, pas un ticket gagnant garanti.\",\"sameAs\":[\"https:\/\/axellauzier.fr\/\"],\"url\":\"https:\/\/sport-index.fr\/blog\/auteur\/noname\/\"}]}<\/script>\n<!-- \/ Yoast SEO Premium plugin. -->","yoast_head_json":{"title":"Le speaker toulousain et son pas de danse : une finale","description":"Un moment de joie inattendu sur le terrain Apr\u00e8s la finale, alors qu\u2019il \u00e9tait en communication avec son p\u00e8re, il a laiss\u00e9 \u00e9chapper un pas de danse\u2026","robots":{"index":"index","follow":"follow","max-snippet":"max-snippet:-1","max-image-preview":"max-image-preview:large","max-video-preview":"max-video-preview:-1"},"canonical":"https:\/\/sport-index.fr\/blog\/a-la-une\/le-speaker-toulousain-et-son-pas-de-danse-une-finale-inoubliable-au-stade-de-france\/","og_locale":"fr_FR","og_type":"article","og_title":"Le speaker toulousain et son pas de danse : une finale","og_description":"Un moment de joie inattendu sur le terrain Apr\u00e8s la finale, alors qu\u2019il \u00e9tait en communication avec son p\u00e8re, il a laiss\u00e9 \u00e9chapper un pas de danse\u2026","og_url":"https:\/\/sport-index.fr\/blog\/a-la-une\/le-speaker-toulousain-et-son-pas-de-danse-une-finale-inoubliable-au-stade-de-france\/","og_site_name":"sport-index","author":"Axel Lauzier","twitter_card":"summary_large_image","schema":{"@context":"https:\/\/schema.org","@graph":[{"@type":"NewsArticle","@id":"https:\/\/sport-index.fr\/blog\/a-la-une\/le-speaker-toulousain-et-son-pas-de-danse-une-finale-inoubliable-au-stade-de-france\/#article","isPartOf":{"@id":"https:\/\/sport-index.fr\/blog\/a-la-une\/le-speaker-toulousain-et-son-pas-de-danse-une-finale-inoubliable-au-stade-de-france\/"},"author":{"name":"Axel Lauzier","@id":"https:\/\/sport-index.fr\/blog\/#\/schema\/person\/3c864cdc320801e3db34b663e7e3f816"},"headline":"Le speaker toulousain et son pas de danse : une finale inoubliable au Stade de France","datePublished":"2025-07-01T16:04:32+00:00","mainEntityOfPage":{"@id":"https:\/\/sport-index.fr\/blog\/a-la-une\/le-speaker-toulousain-et-son-pas-de-danse-une-finale-inoubliable-au-stade-de-france\/"},"wordCount":547,"commentCount":19,"publisher":{"@id":"https:\/\/sport-index.fr\/blog\/#organization"},"image":{"@id":"https:\/\/sport-index.fr\/blog\/a-la-une\/le-speaker-toulousain-et-son-pas-de-danse-une-finale-inoubliable-au-stade-de-france\/#primaryimage"},"thumbnailUrl":"https:\/\/sport-index.fr\/blog\/wp-content\/uploads\/2025\/07\/sdxl-8d89011ae8e70e62ac34e93d7254caf7-scaled.png","keywords":["Camaraderie","Coh\u00e9sion d'\u00c9quipe","\u00c9v\u00e9nements Sportifs","Gestion Du Stress","Performance"],"articleSection":["\u00c0 la une"],"inLanguage":"fr-FR","potentialAction":[{"@type":"CommentAction","name":"Comment","target":["https:\/\/sport-index.fr\/blog\/a-la-une\/le-speaker-toulousain-et-son-pas-de-danse-une-finale-inoubliable-au-stade-de-france\/#respond"]}]},{"@type":"WebPage","@id":"https:\/\/sport-index.fr\/blog\/a-la-une\/le-speaker-toulousain-et-son-pas-de-danse-une-finale-inoubliable-au-stade-de-france\/","url":"https:\/\/sport-index.fr\/blog\/a-la-une\/le-speaker-toulousain-et-son-pas-de-danse-une-finale-inoubliable-au-stade-de-france\/","name":"Le speaker toulousain et son pas de danse : une finale","isPartOf":{"@id":"https:\/\/sport-index.fr\/blog\/#website"},"primaryImageOfPage":{"@id":"https:\/\/sport-index.fr\/blog\/a-la-une\/le-speaker-toulousain-et-son-pas-de-danse-une-finale-inoubliable-au-stade-de-france\/#primaryimage"},"image":{"@id":"https:\/\/sport-index.fr\/blog\/a-la-une\/le-speaker-toulousain-et-son-pas-de-danse-une-finale-inoubliable-au-stade-de-france\/#primaryimage"},"thumbnailUrl":"https:\/\/sport-index.fr\/blog\/wp-content\/uploads\/2025\/07\/sdxl-8d89011ae8e70e62ac34e93d7254caf7-scaled.png","datePublished":"2025-07-01T16:04:32+00:00","description":"Un moment de joie inattendu sur le terrain Apr\u00e8s la finale, alors qu\u2019il \u00e9tait en communication avec son p\u00e8re, il a laiss\u00e9 \u00e9chapper un pas de danse\u2026","inLanguage":"fr-FR","potentialAction":[{"@type":"ReadAction","target":["https:\/\/sport-index.fr\/blog\/a-la-une\/le-speaker-toulousain-et-son-pas-de-danse-une-finale-inoubliable-au-stade-de-france\/"]}]},{"@type":"ImageObject","inLanguage":"fr-FR","@id":"https:\/\/sport-index.fr\/blog\/a-la-une\/le-speaker-toulousain-et-son-pas-de-danse-une-finale-inoubliable-au-stade-de-france\/#primaryimage","url":"https:\/\/sport-index.fr\/blog\/wp-content\/uploads\/2025\/07\/sdxl-8d89011ae8e70e62ac34e93d7254caf7-scaled.png","contentUrl":"https:\/\/sport-index.fr\/blog\/wp-content\/uploads\/2025\/07\/sdxl-8d89011ae8e70e62ac34e93d7254caf7-scaled.png","width":1200,"height":500},{"@type":"WebSite","@id":"https:\/\/sport-index.fr\/blog\/#website","url":"https:\/\/sport-index.fr\/blog\/","name":"sport-index.fr","description":"Le score de l\u2019analyse sportive.","publisher":{"@id":"https:\/\/sport-index.fr\/blog\/#organization"},"alternateName":"Le score de l\u2019analyse sportive.","potentialAction":[{"@type":"SearchAction","target":{"@type":"EntryPoint","urlTemplate":"https:\/\/sport-index.fr\/blog\/?s={search_term_string}"},"query-input":{"@type":"PropertyValueSpecification","valueRequired":true,"valueName":"search_term_string"}}],"inLanguage":"fr-FR"},{"@type":"Organization","@id":"https:\/\/sport-index.fr\/blog\/#organization","name":"Foretsensations.fr","url":"https:\/\/sport-index.fr\/blog\/","logo":{"@type":"ImageObject","inLanguage":"fr-FR","@id":"https:\/\/sport-index.fr\/blog\/#\/schema\/logo\/image\/","url":"https:\/\/sport-index.fr\/blog\/wp-content\/uploads\/2026\/07\/logo-auto.png","contentUrl":"https:\/\/sport-index.fr\/blog\/wp-content\/uploads\/2026\/07\/logo-auto.png","width":1024,"height":1024,"caption":"Foretsensations.fr"},"image":{"@id":"https:\/\/sport-index.fr\/blog\/#\/schema\/logo\/image\/"}},{"@type":"Person","@id":"https:\/\/sport-index.fr\/blog\/#\/schema\/person\/3c864cdc320801e3db34b663e7e3f816","name":"Axel Lauzier","image":{"@type":"ImageObject","inLanguage":"fr-FR","@id":"https:\/\/sport-index.fr\/blog\/#\/schema\/person\/image\/","url":"https:\/\/sport-index.fr\/blog\/wp-content\/uploads\/2026\/06\/persona_axel-l-96x96.jpg","contentUrl":"https:\/\/sport-index.fr\/blog\/wp-content\/uploads\/2026\/06\/persona_axel-l-96x96.jpg","caption":"Axel Lauzier"},"description":"Le sport rythme mon quotidien depuis l'enfance, et j'en ai fait mon m\u00e9tier d'analyste r\u00e9dactionnel il y a une dizaine d'ann\u00e9es. Je couvre principalement le football, son actualit\u00e9, ses transferts et l'analyse tactique des grandes affiches, mais aussi les disciplines plus confidentielles que j'aime remettre en lumi\u00e8re. Une partie de mon travail porte sur les pronostics et la lecture statistique d'un match : forme des \u00e9quipes, historique des confrontations, compositions, sans jamais vendre de fausse certitude. Je rappelle syst\u00e9matiquement que parier comporte un risque et doit rester un loisir ma\u00eetris\u00e9. Avant de signer une analyse, je v\u00e9rifie mes chiffres, je recoupe les compositions probables et je distingue toujours la donn\u00e9e brute de l'intuition. Mon objectif : offrir une lecture honn\u00eate et argument\u00e9e, pas un ticket gagnant garanti.","sameAs":["https:\/\/axellauzier.fr\/"],"url":"https:\/\/sport-index.fr\/blog\/auteur\/noname\/"}]}},"_links":{"self":[{"href":"https:\/\/sport-index.fr\/blog\/wp-json\/wp\/v2\/posts\/17142","targetHints":{"allow":["GET"]}}],"collection":[{"href":"https:\/\/sport-index.fr\/blog\/wp-json\/wp\/v2\/posts"}],"about":[{"href":"https:\/\/sport-index.fr\/blog\/wp-json\/wp\/v2\/types\/post"}],"author":[{"embeddable":true,"href":"https:\/\/sport-index.fr\/blog\/wp-json\/wp\/v2\/users\/34"}],"replies":[{"embeddable":true,"href":"https:\/\/sport-index.fr\/blog\/wp-json\/wp\/v2\/comments?post=17142"}],"version-history":[{"count":1,"href":"https:\/\/sport-index.fr\/blog\/wp-json\/wp\/v2\/posts\/17142\/revisions"}],"predecessor-version":[{"id":17170,"href":"https:\/\/sport-index.fr\/blog\/wp-json\/wp\/v2\/posts\/17142\/revisions\/17170"}],"wp:featuredmedia":[{"embeddable":true,"href":"https:\/\/sport-index.fr\/blog\/wp-json\/wp\/v2\/media\/17393"}],"wp:attachment":[{"href":"https:\/\/sport-index.fr\/blog\/wp-json\/wp\/v2\/media?parent=17142"}],"wp:term":[{"taxonomy":"category","embeddable":true,"href":"https:\/\/sport-index.fr\/blog\/wp-json\/wp\/v2\/categories?post=17142"},{"taxonomy":"post_tag","embeddable":true,"href":"https:\/\/sport-index.fr\/blog\/wp-json\/wp\/v2\/tags?post=17142"}],"curies":[{"name":"wp","href":"https:\/\/api.w.org\/{rel}","templated":true}]}}