{"id":17145,"date":"2026-06-16T15:00:46","date_gmt":"2026-06-16T13:00:46","guid":{"rendered":"https:\/\/sport-index.fr\/blog\/?p=17145"},"modified":"2026-06-16T15:00:46","modified_gmt":"2026-06-16T13:00:46","slug":"le-moment-marquant-du-xv-de-france-au-marae-un-kia-ora-inoubliable","status":"publish","type":"post","link":"https:\/\/sport-index.fr\/blog\/a-la-une\/le-moment-marquant-du-xv-de-france-au-marae-un-kia-ora-inoubliable\/","title":{"rendered":"le moment marquant du XV de France au marae : un kia ora inoubliable"},"content":{"rendered":"<link rel=\"stylesheet\" href=\"https:\/\/fonts.googleapis.com\/css2?family=Newsreader:ital,opsz,wght@0,6..72,500..700;1,6..72,500..600&#038;family=Inter:wght@400;500;600&#038;family=JetBrains+Mono:wght@500&#038;display=swap\">\n<style>\n.spi-actunews-wrap{font-family:\"Inter\",-apple-system,BlinkMacSystemFont,sans-serif;color:#1c2421;line-height:1.65;font-size:17px;--spi-accent:#0d6b58;--spi-ink:#152521;--spi-surf:#f3f7f5}\n.spi-actunews-wrap h2{font-family:\"Newsreader\",\"Georgia\",serif;font-weight:700;font-size:clamp(25px,3.2vw,34px);line-height:1.18;letter-spacing:-.01em;color:var(--spi-ink);margin:48px 0 16px}\n.spi-actunews-wrap h3{font-family:\"Newsreader\",\"Georgia\",serif;font-weight:600;font-size:clamp(20px,2.4vw,24px);color:var(--spi-ink);margin:26px 0 10px}\n.spi-actunews-wrap p{margin:0 0 18px}\n.spi-actunews-dateline{font-family:\"JetBrains Mono\",monospace;font-weight:500;font-size:12.5px;letter-spacing:.08em;text-transform:uppercase;color:var(--spi-accent);margin:0 0 14px;display:flex;align-items:center;gap:10px;flex-wrap:wrap}\n.spi-actunews-dateline span{display:inline-block;width:26px;height:2px;background:var(--spi-accent)}\n.spi-actunews-chapo{font-family:\"Newsreader\",\"Georgia\",serif;font-size:clamp(20px,2.5vw,23px);font-style:italic;line-height:1.5;color:#2a3b35;border-left:5px solid var(--spi-accent);background:var(--spi-surf);padding:20px 24px;margin:0 0 36px;border-radius:0 10px 10px 0}\n.spi-actunews-essentiel{background:#fff;border:1px solid #dde7e3;border-top:3px solid var(--spi-accent);border-radius:12px;padding:24px 26px;margin:0 0 40px;box-shadow:0 1px 2px rgba(16,24,40,.05),0 12px 28px -16px rgba(16,24,40,.18);transition:.25s ease}\n.spi-actunews-essentiel:hover{transform:translateY(-3px);box-shadow:0 1px 2px rgba(16,24,40,.06),0 18px 36px -16px rgba(16,24,40,.24)}\n.spi-actunews-essentiel .spi-actunews-kicker{font-family:\"JetBrains Mono\",monospace;font-size:11.5px;letter-spacing:.12em;text-transform:uppercase;color:var(--spi-accent);margin-bottom:14px}\n.spi-actunews-grid{display:grid;grid-template-columns:repeat(auto-fit,minmax(220px,1fr));gap:18px}\n.spi-actunews-cell{border-left:3px solid var(--spi-accent);padding:2px 0 2px 14px}\n.spi-actunews-cell .spi-actunews-lbl{font-family:\"JetBrains Mono\",monospace;font-size:11px;letter-spacing:.1em;text-transform:uppercase;color:#5f726b;margin-bottom:6px}\n.spi-actunews-cell .spi-actunews-val{font-weight:500;color:var(--spi-ink);line-height:1.5}\n.spi-actunews-pull{font-family:\"Newsreader\",\"Georgia\",serif;font-style:italic;font-weight:500;font-size:clamp(23px,3vw,30px);line-height:1.4;color:var(--spi-ink);margin:40px 0;padding:6px 0 6px 28px;border-left:5px solid var(--spi-accent);position:relative}\n.spi-actunews-pull .spi-actunews-cite{display:block;font-family:\"Inter\",sans-serif;font-style:normal;font-size:14px;font-weight:600;letter-spacing:.02em;color:var(--spi-accent);margin-top:14px}\n.spi-actunews-list{list-style:none;padding:0;margin:0;display:grid;gap:10px}\n.spi-actunews-list li{position:relative;padding-left:26px;line-height:1.55}\n.spi-actunews-list li::before{content:\"\u2192\";position:absolute;left:0;top:0;color:var(--spi-accent);font-family:\"JetBrains Mono\",monospace;font-weight:500}\n.spi-actunews-retenir{background:var(--spi-surf);border:1px solid #dde7e3;border-left:5px solid var(--spi-accent);border-radius:0 12px 12px 0;padding:24px 26px;margin:44px 0;transition:.25s ease}\n.spi-actunews-retenir:hover{transform:translateY(-3px);box-shadow:0 14px 30px -18px rgba(16,24,40,.28)}\n.spi-actunews-retenir .spi-actunews-kicker{font-family:\"JetBrains Mono\",monospace;font-size:11.5px;letter-spacing:.12em;text-transform:uppercase;color:var(--spi-accent);margin-bottom:14px}\n.spi-actunews-faq{margin:40px 0 8px}\n.spi-actunews-faq details{background:#fff;border:1px solid #dde7e3;border-radius:10px;padding:0;margin-bottom:12px;overflow:hidden;transition:.25s ease}\n.spi-actunews-faq details:hover{border-color:var(--spi-accent)}\n.spi-actunews-faq summary{cursor:pointer;list-style:none;font-family:\"Newsreader\",\"Georgia\",serif;font-weight:600;font-size:18.5px;color:var(--spi-ink);padding:16px 20px;position:relative;padding-right:46px}\n.spi-actunews-faq summary::-webkit-details-marker{display:none}\n.spi-actunews-faq summary::after{content:\"+\";position:absolute;right:20px;top:50%;transform:translateY(-50%);font-family:\"JetBrains Mono\",monospace;color:var(--spi-accent);font-size:20px}\n.spi-actunews-faq details[open] summary::after{content:\"\u2212\"}\n.spi-actunews-faq .spi-actunews-ans{padding:0 20px 18px;color:#2a3b35;line-height:1.6}\n@media(max-width:640px){.spi-actunews-wrap h2{margin-top:38px}}\n<\/style>\n<div class=\"spi-actunews-wrap\">\n<div class=\"spi-actunews-dateline\">Rugby<span><\/span>XV de France \u00b7 Nouvelle-Z\u00e9lande<span><\/span>Reportage<\/div>\n<div class=\"spi-actunews-chapo\">Lors de la tourn\u00e9e du XV de France en Nouvelle-Z\u00e9lande, l&rsquo;accueil des Bleus dans un marae a tourn\u00e9 \u00e0 la rencontre des cultures&nbsp;: po\u00e9sie maorie, anecdotes historiques, chant et haka authentique ont scell\u00e9 un moment que Rapha\u00ebl Iba\u00f1ez a promis de ne jamais oublier.<\/div>\n<div class=\"spi-actunews-essentiel\">\n<div class=\"spi-actunews-kicker\">L&rsquo;essentiel<\/div>\n<div class=\"spi-actunews-grid\">\n<div class=\"spi-actunews-cell\">\n<div class=\"spi-actunews-lbl\">Quoi<\/div>\n<div class=\"spi-actunews-val\">Une c\u00e9r\u00e9monie d&rsquo;accueil maorie au marae, bien plus qu&rsquo;un protocole&nbsp;: une immersion culturelle compl\u00e8te.<\/div>\n<\/div>\n<div class=\"spi-actunews-cell\">\n<div class=\"spi-actunews-lbl\">Qui \/ O\u00f9<\/div>\n<div class=\"spi-actunews-val\">Les joueurs du XV de France, accueillis par des dignitaires et des jeunes d&rsquo;Auckland en pleine tourn\u00e9e n\u00e9o-z\u00e9landaise.<\/div>\n<\/div>\n<div class=\"spi-actunews-cell\">\n<div class=\"spi-actunews-lbl\">Pourquoi \u00e7a compte<\/div>\n<div class=\"spi-actunews-val\">Le 201Ckia ora201D et le haka ont transform\u00e9 un d\u00e9placement sportif en \u00e9change humain durable entre deux peuples.<\/div>\n<\/div>\n<\/div>\n<\/div>\n<h2>Une immersion dans la culture maorie<\/h2>\n<p>C&rsquo;\u00e9tait bien plus qu&rsquo;une simple c\u00e9r\u00e9monie d&rsquo;accueil, c&rsquo;\u00e9tait une plong\u00e9e dans un monde ancien et vibrant. Les joueurs ont \u00e9t\u00e9 invit\u00e9s \u00e0 laisser leurs identit\u00e9s derri\u00e8re eux pour se connecter \u00e0 quelque chose de plus grand.<\/p>\n<p>Dans cet espace, chaque mot prononc\u00e9 r\u00e9sonnait avec une intensit\u00e9 particuli\u00e8re. La po\u00e9sie maorie, d\u00e9livr\u00e9e par un dignitaire local, a ouvert la voie \u00e0 une connexion profonde entre les cultures. Ce moment a transcend\u00e9 le sport, devenant une c\u00e9l\u00e9bration de l&rsquo;humanit\u00e9 partag\u00e9e.<\/p>\n<h2>Des souvenirs qui lient les peuples<\/h2>\n<p>Les \u00e9changes culturels se sont intensifi\u00e9s gr\u00e2ce \u00e0 des anecdotes historiques, comme celles de Jean-Baptiste Pompallier, un missionnaire fran\u00e7ais. Sa tentative d&rsquo;int\u00e9gration dans un monde maori a rappel\u00e9 l&rsquo;importance des relations entre les nations. Les joueurs du XV de France ont compris que chaque rencontre sportive est aussi un \u00e9change culturel.<\/p>\n<p>Rapha\u00ebl Iba\u00f1ez, ancien capitaine de l&rsquo;\u00e9quipe, a m\u00eame \u00e9voqu\u00e9 des moments marquants de leurs confrontations avec les All Blacks. Les rires qui ont suivi ont illustr\u00e9 la camaraderie qui peut exister m\u00eame entre adversaires. Ces souvenirs partag\u00e9s sont des tr\u00e9sors qui unissent les peuples au-del\u00e0 des fronti\u00e8res.<\/p>\n<h2>Le haka, un symbole de respect et d&rsquo;unit\u00e9<\/h2>\n<p>La soir\u00e9e s&rsquo;est termin\u00e9e par un moment de chant et de haka, un rituel vivant et puissant. Contrairement aux repr\u00e9sentations m\u00e9diatiques, le haka ex\u00e9cut\u00e9 cette nuit-l\u00e0 \u00e9tait authentique et charg\u00e9 d&rsquo;\u00e9motion. Les jeunes d&rsquo;Auckland ont invit\u00e9 des joueurs fran\u00e7ais \u00e0 participer, cr\u00e9ant ainsi un pont entre les cultures.<\/p>\n<p>Baptiste Erdocio, en particulier, a embrass\u00e9 cette exp\u00e9rience avec passion, incarnant l&rsquo;esprit du rugby. Sa performance a rappel\u00e9 que ce sport va au-del\u00e0 du simple jeu&nbsp;; il cr\u00e9e des liens ind\u00e9l\u00e9biles entre les individus. \u00c0 la fin de la soir\u00e9e, Iba\u00f1ez a exprim\u00e9 sa gratitude, soulignant que ce moment resterait grav\u00e9 dans les m\u00e9moires.<\/p>\n<div class=\"spi-actunews-pull\">\nMerci pour ce moment. Nous ne l&rsquo;oublierons jamais.<br \/>\n<span class=\"spi-actunews-cite\">Rapha\u00ebl Iba\u00f1ez<\/span>\n<\/div>\n<p>Le 201Ckia ora201D, qui signifie bonjour en maori, a pris une nouvelle dimension lors de cette rencontre. Les joueurs du XV de France ont non seulement d\u00e9couvert un autre aspect du rugby, mais ils ont \u00e9galement tiss\u00e9 des liens d&rsquo;amiti\u00e9. Ces moments transcendent le sport et rappellent que les \u00e9changes culturels enrichissent l&rsquo;exp\u00e9rience humaine de mani\u00e8re inestimable.<\/p>\n<div class=\"spi-actunews-retenir\">\n<div class=\"spi-actunews-kicker\">\u00c0 retenir<\/div>\n<ul class=\"spi-actunews-list\">\n<li>Une exp\u00e9rience unique au marae, v\u00e9cue comme une immersion et non comme un simple protocole.<\/li>\n<li>Des \u00e9changes culturels enrichissants, nourris d&rsquo;anecdotes historiques et de la figure de Jean-Baptiste Pompallier.<\/li>\n<li>Le haka, ex\u00e9cut\u00e9 de fa\u00e7on authentique, comme symbole d&rsquo;unit\u00e9 entre joueurs fran\u00e7ais et jeunes d&rsquo;Auckland.<\/li>\n<li>Des souvenirs partag\u00e9s entre nations, jusqu&rsquo;aux confrontations pass\u00e9es avec les All Blacks \u00e9voqu\u00e9es par Iba\u00f1ez.<\/li>\n<li>Un moment inoubliable pour le XV de France, salu\u00e9 par les remerciements de Rapha\u00ebl Iba\u00f1ez.<\/li>\n<\/ul>\n<\/div>\n<div class=\"spi-actunews-faq\">\n<details>\n<summary>Que signifie 201Ckia ora201D&nbsp;?<\/summary>\n<div class=\"spi-actunews-ans\">C&rsquo;est une salutation maorie qui signifie 201Cbonjour201D. Lors de cet accueil du XV de France, l&rsquo;expression a pris une dimension symbolique forte, marquant le d\u00e9but d&rsquo;un v\u00e9ritable \u00e9change entre les cultures.<\/div>\n<\/details>\n<details>\n<summary>Qu&rsquo;est-ce qu&rsquo;un marae&nbsp;?<\/summary>\n<div class=\"spi-actunews-ans\">C&rsquo;est le lieu de rassemblement traditionnel maori o\u00f9 s&rsquo;est tenue la c\u00e9r\u00e9monie d&rsquo;accueil&nbsp;: un espace ancien et vibrant o\u00f9 chaque mot, chaque chant et le haka ont r\u00e9sonn\u00e9 avec une intensit\u00e9 particuli\u00e8re.<\/div>\n<\/details>\n<\/div>\n<\/div>\n","protected":false},"excerpt":{"rendered":"","protected":false},"author":34,"featured_media":17242,"comment_status":"open","ping_status":"open","sticky":false,"template":"","format":"standard","meta":{"_acf_changed":false,"manual_indexmenow":false,"indexmenow_id_project":0,"footnotes":""},"categories":[1],"tags":[4618,4585,5576,5575,4554],"class_list":["post-17145","post","type-post","status-publish","format-standard","has-post-thumbnail","hentry","category-a-la-une","tag-camaraderie","tag-cohesion-dequipe","tag-echanges-culturels","tag-haka","tag-xv-de-france","generate-columns","tablet-grid-50","mobile-grid-100","grid-parent","grid-25"],"acf":[],"yoast_head":"<!-- This site is optimized with the Yoast SEO Premium plugin v21.3 (Yoast SEO v26.5) - https:\/\/yoast.com\/wordpress\/plugins\/seo\/ -->\n<title>le moment marquant du XV de France au marae : un kia ora<\/title>\n<meta name=\"description\" content=\"Rugby XV de France \u00b7 Nouvelle-Z\u00e9lande Reportage Lors de la tourn\u00e9e du XV de France en Nouvelle-Z\u00e9lande, l&#039;accueil des Bleus dans un marae a tourn\u00e9 \u00e0 la\u2026\" \/>\n<meta name=\"robots\" content=\"index, follow, max-snippet:-1, max-image-preview:large, max-video-preview:-1\" \/>\n<link rel=\"canonical\" href=\"https:\/\/sport-index.fr\/blog\/a-la-une\/le-moment-marquant-du-xv-de-france-au-marae-un-kia-ora-inoubliable\/\" \/>\n<meta property=\"og:locale\" content=\"fr_FR\" \/>\n<meta property=\"og:type\" content=\"article\" \/>\n<meta property=\"og:title\" content=\"le moment marquant du XV de France au marae : un kia ora\" \/>\n<meta property=\"og:description\" content=\"Rugby XV de France \u00b7 Nouvelle-Z\u00e9lande Reportage Lors de la tourn\u00e9e du XV de France en Nouvelle-Z\u00e9lande, l&#039;accueil des Bleus dans un marae a tourn\u00e9 \u00e0 la\u2026\" \/>\n<meta property=\"og:url\" content=\"https:\/\/sport-index.fr\/blog\/a-la-une\/le-moment-marquant-du-xv-de-france-au-marae-un-kia-ora-inoubliable\/\" \/>\n<meta property=\"og:site_name\" content=\"sport-index\" \/>\n<meta name=\"author\" content=\"Axel Lauzier\" \/>\n<meta name=\"twitter:card\" content=\"summary_large_image\" \/>\n<script type=\"application\/ld+json\" class=\"yoast-schema-graph\">{\"@context\":\"https:\/\/schema.org\",\"@graph\":[{\"@type\":\"NewsArticle\",\"@id\":\"https:\/\/sport-index.fr\/blog\/a-la-une\/le-moment-marquant-du-xv-de-france-au-marae-un-kia-ora-inoubliable\/#article\",\"isPartOf\":{\"@id\":\"https:\/\/sport-index.fr\/blog\/a-la-une\/le-moment-marquant-du-xv-de-france-au-marae-un-kia-ora-inoubliable\/\"},\"author\":{\"name\":\"Axel Lauzier\",\"@id\":\"https:\/\/sport-index.fr\/blog\/#\/schema\/person\/3c864cdc320801e3db34b663e7e3f816\"},\"headline\":\"le moment marquant du XV de France au marae : un kia ora inoubliable\",\"datePublished\":\"2026-06-16T13:00:46+00:00\",\"mainEntityOfPage\":{\"@id\":\"https:\/\/sport-index.fr\/blog\/a-la-une\/le-moment-marquant-du-xv-de-france-au-marae-un-kia-ora-inoubliable\/\"},\"wordCount\":740,\"commentCount\":15,\"publisher\":{\"@id\":\"https:\/\/sport-index.fr\/blog\/#organization\"},\"image\":{\"@id\":\"https:\/\/sport-index.fr\/blog\/a-la-une\/le-moment-marquant-du-xv-de-france-au-marae-un-kia-ora-inoubliable\/#primaryimage\"},\"thumbnailUrl\":\"https:\/\/sport-index.fr\/blog\/wp-content\/uploads\/2025\/07\/sdxl-702ecfc0e234f8722f7940deacd17352-scaled.png\",\"keywords\":[\"Camaraderie\",\"Coh\u00e9sion d'\u00c9quipe\",\"\u00c9changes Culturels\",\"Haka\",\"XV de France\"],\"articleSection\":[\"\u00c0 la une\"],\"inLanguage\":\"fr-FR\",\"potentialAction\":[{\"@type\":\"CommentAction\",\"name\":\"Comment\",\"target\":[\"https:\/\/sport-index.fr\/blog\/a-la-une\/le-moment-marquant-du-xv-de-france-au-marae-un-kia-ora-inoubliable\/#respond\"]}]},{\"@type\":\"WebPage\",\"@id\":\"https:\/\/sport-index.fr\/blog\/a-la-une\/le-moment-marquant-du-xv-de-france-au-marae-un-kia-ora-inoubliable\/\",\"url\":\"https:\/\/sport-index.fr\/blog\/a-la-une\/le-moment-marquant-du-xv-de-france-au-marae-un-kia-ora-inoubliable\/\",\"name\":\"le moment marquant du XV de France au marae : un kia ora\",\"isPartOf\":{\"@id\":\"https:\/\/sport-index.fr\/blog\/#website\"},\"primaryImageOfPage\":{\"@id\":\"https:\/\/sport-index.fr\/blog\/a-la-une\/le-moment-marquant-du-xv-de-france-au-marae-un-kia-ora-inoubliable\/#primaryimage\"},\"image\":{\"@id\":\"https:\/\/sport-index.fr\/blog\/a-la-une\/le-moment-marquant-du-xv-de-france-au-marae-un-kia-ora-inoubliable\/#primaryimage\"},\"thumbnailUrl\":\"https:\/\/sport-index.fr\/blog\/wp-content\/uploads\/2025\/07\/sdxl-702ecfc0e234f8722f7940deacd17352-scaled.png\",\"datePublished\":\"2026-06-16T13:00:46+00:00\",\"description\":\"Rugby XV de France \u00b7 Nouvelle-Z\u00e9lande Reportage Lors de la tourn\u00e9e du XV de France en Nouvelle-Z\u00e9lande, l'accueil des Bleus dans un marae a tourn\u00e9 \u00e0 la\u2026\",\"inLanguage\":\"fr-FR\",\"potentialAction\":[{\"@type\":\"ReadAction\",\"target\":[\"https:\/\/sport-index.fr\/blog\/a-la-une\/le-moment-marquant-du-xv-de-france-au-marae-un-kia-ora-inoubliable\/\"]}]},{\"@type\":\"ImageObject\",\"inLanguage\":\"fr-FR\",\"@id\":\"https:\/\/sport-index.fr\/blog\/a-la-une\/le-moment-marquant-du-xv-de-france-au-marae-un-kia-ora-inoubliable\/#primaryimage\",\"url\":\"https:\/\/sport-index.fr\/blog\/wp-content\/uploads\/2025\/07\/sdxl-702ecfc0e234f8722f7940deacd17352-scaled.png\",\"contentUrl\":\"https:\/\/sport-index.fr\/blog\/wp-content\/uploads\/2025\/07\/sdxl-702ecfc0e234f8722f7940deacd17352-scaled.png\",\"width\":1200,\"height\":500},{\"@type\":\"WebSite\",\"@id\":\"https:\/\/sport-index.fr\/blog\/#website\",\"url\":\"https:\/\/sport-index.fr\/blog\/\",\"name\":\"sport-index.fr\",\"description\":\"Le score de l\u2019analyse sportive.\",\"publisher\":{\"@id\":\"https:\/\/sport-index.fr\/blog\/#organization\"},\"alternateName\":\"Le score de l\u2019analyse sportive.\",\"potentialAction\":[{\"@type\":\"SearchAction\",\"target\":{\"@type\":\"EntryPoint\",\"urlTemplate\":\"https:\/\/sport-index.fr\/blog\/?s={search_term_string}\"},\"query-input\":{\"@type\":\"PropertyValueSpecification\",\"valueRequired\":true,\"valueName\":\"search_term_string\"}}],\"inLanguage\":\"fr-FR\"},{\"@type\":\"Organization\",\"@id\":\"https:\/\/sport-index.fr\/blog\/#organization\",\"name\":\"Foretsensations.fr\",\"url\":\"https:\/\/sport-index.fr\/blog\/\",\"logo\":{\"@type\":\"ImageObject\",\"inLanguage\":\"fr-FR\",\"@id\":\"https:\/\/sport-index.fr\/blog\/#\/schema\/logo\/image\/\",\"url\":\"https:\/\/sport-index.fr\/blog\/wp-content\/uploads\/2026\/07\/logo-auto.png\",\"contentUrl\":\"https:\/\/sport-index.fr\/blog\/wp-content\/uploads\/2026\/07\/logo-auto.png\",\"width\":1024,\"height\":1024,\"caption\":\"Foretsensations.fr\"},\"image\":{\"@id\":\"https:\/\/sport-index.fr\/blog\/#\/schema\/logo\/image\/\"}},{\"@type\":\"Person\",\"@id\":\"https:\/\/sport-index.fr\/blog\/#\/schema\/person\/3c864cdc320801e3db34b663e7e3f816\",\"name\":\"Axel Lauzier\",\"image\":{\"@type\":\"ImageObject\",\"inLanguage\":\"fr-FR\",\"@id\":\"https:\/\/sport-index.fr\/blog\/#\/schema\/person\/image\/\",\"url\":\"https:\/\/sport-index.fr\/blog\/wp-content\/uploads\/2026\/06\/persona_axel-l-96x96.jpg\",\"contentUrl\":\"https:\/\/sport-index.fr\/blog\/wp-content\/uploads\/2026\/06\/persona_axel-l-96x96.jpg\",\"caption\":\"Axel Lauzier\"},\"description\":\"Le sport rythme mon quotidien depuis l'enfance, et j'en ai fait mon m\u00e9tier d'analyste r\u00e9dactionnel il y a une dizaine d'ann\u00e9es. Je couvre principalement le football, son actualit\u00e9, ses transferts et l'analyse tactique des grandes affiches, mais aussi les disciplines plus confidentielles que j'aime remettre en lumi\u00e8re. Une partie de mon travail porte sur les pronostics et la lecture statistique d'un match : forme des \u00e9quipes, historique des confrontations, compositions, sans jamais vendre de fausse certitude. Je rappelle syst\u00e9matiquement que parier comporte un risque et doit rester un loisir ma\u00eetris\u00e9. Avant de signer une analyse, je v\u00e9rifie mes chiffres, je recoupe les compositions probables et je distingue toujours la donn\u00e9e brute de l'intuition. Mon objectif : offrir une lecture honn\u00eate et argument\u00e9e, pas un ticket gagnant garanti.\",\"sameAs\":[\"https:\/\/axellauzier.fr\/\"],\"url\":\"https:\/\/sport-index.fr\/blog\/auteur\/noname\/\"}]}<\/script>\n<!-- \/ Yoast SEO Premium plugin. -->","yoast_head_json":{"title":"le moment marquant du XV de France au marae : un kia ora","description":"Rugby XV de France \u00b7 Nouvelle-Z\u00e9lande Reportage Lors de la tourn\u00e9e du XV de France en Nouvelle-Z\u00e9lande, l'accueil des Bleus dans un marae a tourn\u00e9 \u00e0 la\u2026","robots":{"index":"index","follow":"follow","max-snippet":"max-snippet:-1","max-image-preview":"max-image-preview:large","max-video-preview":"max-video-preview:-1"},"canonical":"https:\/\/sport-index.fr\/blog\/a-la-une\/le-moment-marquant-du-xv-de-france-au-marae-un-kia-ora-inoubliable\/","og_locale":"fr_FR","og_type":"article","og_title":"le moment marquant du XV de France au marae : un kia ora","og_description":"Rugby XV de France \u00b7 Nouvelle-Z\u00e9lande Reportage Lors de la tourn\u00e9e du XV de France en Nouvelle-Z\u00e9lande, l'accueil des Bleus dans un marae a tourn\u00e9 \u00e0 la\u2026","og_url":"https:\/\/sport-index.fr\/blog\/a-la-une\/le-moment-marquant-du-xv-de-france-au-marae-un-kia-ora-inoubliable\/","og_site_name":"sport-index","author":"Axel Lauzier","twitter_card":"summary_large_image","schema":{"@context":"https:\/\/schema.org","@graph":[{"@type":"NewsArticle","@id":"https:\/\/sport-index.fr\/blog\/a-la-une\/le-moment-marquant-du-xv-de-france-au-marae-un-kia-ora-inoubliable\/#article","isPartOf":{"@id":"https:\/\/sport-index.fr\/blog\/a-la-une\/le-moment-marquant-du-xv-de-france-au-marae-un-kia-ora-inoubliable\/"},"author":{"name":"Axel Lauzier","@id":"https:\/\/sport-index.fr\/blog\/#\/schema\/person\/3c864cdc320801e3db34b663e7e3f816"},"headline":"le moment marquant du XV de France au marae : un kia ora inoubliable","datePublished":"2026-06-16T13:00:46+00:00","mainEntityOfPage":{"@id":"https:\/\/sport-index.fr\/blog\/a-la-une\/le-moment-marquant-du-xv-de-france-au-marae-un-kia-ora-inoubliable\/"},"wordCount":740,"commentCount":15,"publisher":{"@id":"https:\/\/sport-index.fr\/blog\/#organization"},"image":{"@id":"https:\/\/sport-index.fr\/blog\/a-la-une\/le-moment-marquant-du-xv-de-france-au-marae-un-kia-ora-inoubliable\/#primaryimage"},"thumbnailUrl":"https:\/\/sport-index.fr\/blog\/wp-content\/uploads\/2025\/07\/sdxl-702ecfc0e234f8722f7940deacd17352-scaled.png","keywords":["Camaraderie","Coh\u00e9sion d'\u00c9quipe","\u00c9changes Culturels","Haka","XV de France"],"articleSection":["\u00c0 la une"],"inLanguage":"fr-FR","potentialAction":[{"@type":"CommentAction","name":"Comment","target":["https:\/\/sport-index.fr\/blog\/a-la-une\/le-moment-marquant-du-xv-de-france-au-marae-un-kia-ora-inoubliable\/#respond"]}]},{"@type":"WebPage","@id":"https:\/\/sport-index.fr\/blog\/a-la-une\/le-moment-marquant-du-xv-de-france-au-marae-un-kia-ora-inoubliable\/","url":"https:\/\/sport-index.fr\/blog\/a-la-une\/le-moment-marquant-du-xv-de-france-au-marae-un-kia-ora-inoubliable\/","name":"le moment marquant du XV de France au marae : un kia ora","isPartOf":{"@id":"https:\/\/sport-index.fr\/blog\/#website"},"primaryImageOfPage":{"@id":"https:\/\/sport-index.fr\/blog\/a-la-une\/le-moment-marquant-du-xv-de-france-au-marae-un-kia-ora-inoubliable\/#primaryimage"},"image":{"@id":"https:\/\/sport-index.fr\/blog\/a-la-une\/le-moment-marquant-du-xv-de-france-au-marae-un-kia-ora-inoubliable\/#primaryimage"},"thumbnailUrl":"https:\/\/sport-index.fr\/blog\/wp-content\/uploads\/2025\/07\/sdxl-702ecfc0e234f8722f7940deacd17352-scaled.png","datePublished":"2026-06-16T13:00:46+00:00","description":"Rugby XV de France \u00b7 Nouvelle-Z\u00e9lande Reportage Lors de la tourn\u00e9e du XV de France en Nouvelle-Z\u00e9lande, l'accueil des Bleus dans un marae a tourn\u00e9 \u00e0 la\u2026","inLanguage":"fr-FR","potentialAction":[{"@type":"ReadAction","target":["https:\/\/sport-index.fr\/blog\/a-la-une\/le-moment-marquant-du-xv-de-france-au-marae-un-kia-ora-inoubliable\/"]}]},{"@type":"ImageObject","inLanguage":"fr-FR","@id":"https:\/\/sport-index.fr\/blog\/a-la-une\/le-moment-marquant-du-xv-de-france-au-marae-un-kia-ora-inoubliable\/#primaryimage","url":"https:\/\/sport-index.fr\/blog\/wp-content\/uploads\/2025\/07\/sdxl-702ecfc0e234f8722f7940deacd17352-scaled.png","contentUrl":"https:\/\/sport-index.fr\/blog\/wp-content\/uploads\/2025\/07\/sdxl-702ecfc0e234f8722f7940deacd17352-scaled.png","width":1200,"height":500},{"@type":"WebSite","@id":"https:\/\/sport-index.fr\/blog\/#website","url":"https:\/\/sport-index.fr\/blog\/","name":"sport-index.fr","description":"Le score de l\u2019analyse sportive.","publisher":{"@id":"https:\/\/sport-index.fr\/blog\/#organization"},"alternateName":"Le score de l\u2019analyse sportive.","potentialAction":[{"@type":"SearchAction","target":{"@type":"EntryPoint","urlTemplate":"https:\/\/sport-index.fr\/blog\/?s={search_term_string}"},"query-input":{"@type":"PropertyValueSpecification","valueRequired":true,"valueName":"search_term_string"}}],"inLanguage":"fr-FR"},{"@type":"Organization","@id":"https:\/\/sport-index.fr\/blog\/#organization","name":"Foretsensations.fr","url":"https:\/\/sport-index.fr\/blog\/","logo":{"@type":"ImageObject","inLanguage":"fr-FR","@id":"https:\/\/sport-index.fr\/blog\/#\/schema\/logo\/image\/","url":"https:\/\/sport-index.fr\/blog\/wp-content\/uploads\/2026\/07\/logo-auto.png","contentUrl":"https:\/\/sport-index.fr\/blog\/wp-content\/uploads\/2026\/07\/logo-auto.png","width":1024,"height":1024,"caption":"Foretsensations.fr"},"image":{"@id":"https:\/\/sport-index.fr\/blog\/#\/schema\/logo\/image\/"}},{"@type":"Person","@id":"https:\/\/sport-index.fr\/blog\/#\/schema\/person\/3c864cdc320801e3db34b663e7e3f816","name":"Axel Lauzier","image":{"@type":"ImageObject","inLanguage":"fr-FR","@id":"https:\/\/sport-index.fr\/blog\/#\/schema\/person\/image\/","url":"https:\/\/sport-index.fr\/blog\/wp-content\/uploads\/2026\/06\/persona_axel-l-96x96.jpg","contentUrl":"https:\/\/sport-index.fr\/blog\/wp-content\/uploads\/2026\/06\/persona_axel-l-96x96.jpg","caption":"Axel Lauzier"},"description":"Le sport rythme mon quotidien depuis l'enfance, et j'en ai fait mon m\u00e9tier d'analyste r\u00e9dactionnel il y a une dizaine d'ann\u00e9es. Je couvre principalement le football, son actualit\u00e9, ses transferts et l'analyse tactique des grandes affiches, mais aussi les disciplines plus confidentielles que j'aime remettre en lumi\u00e8re. Une partie de mon travail porte sur les pronostics et la lecture statistique d'un match : forme des \u00e9quipes, historique des confrontations, compositions, sans jamais vendre de fausse certitude. Je rappelle syst\u00e9matiquement que parier comporte un risque et doit rester un loisir ma\u00eetris\u00e9. Avant de signer une analyse, je v\u00e9rifie mes chiffres, je recoupe les compositions probables et je distingue toujours la donn\u00e9e brute de l'intuition. Mon objectif : offrir une lecture honn\u00eate et argument\u00e9e, pas un ticket gagnant garanti.","sameAs":["https:\/\/axellauzier.fr\/"],"url":"https:\/\/sport-index.fr\/blog\/auteur\/noname\/"}]}},"_links":{"self":[{"href":"https:\/\/sport-index.fr\/blog\/wp-json\/wp\/v2\/posts\/17145","targetHints":{"allow":["GET"]}}],"collection":[{"href":"https:\/\/sport-index.fr\/blog\/wp-json\/wp\/v2\/posts"}],"about":[{"href":"https:\/\/sport-index.fr\/blog\/wp-json\/wp\/v2\/types\/post"}],"author":[{"embeddable":true,"href":"https:\/\/sport-index.fr\/blog\/wp-json\/wp\/v2\/users\/34"}],"replies":[{"embeddable":true,"href":"https:\/\/sport-index.fr\/blog\/wp-json\/wp\/v2\/comments?post=17145"}],"version-history":[{"count":3,"href":"https:\/\/sport-index.fr\/blog\/wp-json\/wp\/v2\/posts\/17145\/revisions"}],"predecessor-version":[{"id":18266,"href":"https:\/\/sport-index.fr\/blog\/wp-json\/wp\/v2\/posts\/17145\/revisions\/18266"}],"wp:featuredmedia":[{"embeddable":true,"href":"https:\/\/sport-index.fr\/blog\/wp-json\/wp\/v2\/media\/17242"}],"wp:attachment":[{"href":"https:\/\/sport-index.fr\/blog\/wp-json\/wp\/v2\/media?parent=17145"}],"wp:term":[{"taxonomy":"category","embeddable":true,"href":"https:\/\/sport-index.fr\/blog\/wp-json\/wp\/v2\/categories?post=17145"},{"taxonomy":"post_tag","embeddable":true,"href":"https:\/\/sport-index.fr\/blog\/wp-json\/wp\/v2\/tags?post=17145"}],"curies":[{"name":"wp","href":"https:\/\/api.w.org\/{rel}","templated":true}]}}