{"id":17160,"date":"2025-07-01T17:33:25","date_gmt":"2025-07-01T15:33:25","guid":{"rendered":"https:\/\/sport-index.fr\/blog\/?p=17160"},"modified":"2025-07-01T17:33:25","modified_gmt":"2025-07-01T15:33:25","slug":"congres-de-la-ffr-rugby-scolaire-et-lutte-contre-les-violences-un-enjeu-crucial","status":"publish","type":"post","link":"https:\/\/sport-index.fr\/blog\/a-la-une\/congres-de-la-ffr-rugby-scolaire-et-lutte-contre-les-violences-un-enjeu-crucial\/","title":{"rendered":"Congr\u00e8s de la FFR : rugby scolaire et lutte contre les violences, un enjeu crucial"},"content":{"rendered":"<h2>Un rendez-vous f\u00e9d\u00e9ral incontournable<\/h2>\n<p>Le congr\u00e8s annuel de la F\u00e9d\u00e9ration Fran\u00e7aise de Rugby (FFR) se d\u00e9roulera du 3 au 5 juillet \u00e0 Clermont-Ferrand. Cet \u00e9v\u00e9nement marquera la 165e Assembl\u00e9e G\u00e9n\u00e9rale, rassemblant pr\u00e8s de 1 000 dirigeants de clubs de toute la France. Florian Grill, \u00e0 la t\u00eate de la FFR depuis deux ans, pr\u00e9sentera un bilan complet et engagera des discussions essentielles avec les acteurs du rugby amateur.<\/p>\n<p>Ce congr\u00e8s repr\u00e9sente bien plus qu\u2019une simple r\u00e9union administrative. Il incarne un moment de partage d&rsquo;id\u00e9es et de pr\u00e9occupations, o\u00f9 chaque voix compte. Les membres pourront ainsi s&rsquo;impliquer activement dans la vie de la f\u00e9d\u00e9ration, renfor\u00e7ant ainsi la d\u00e9mocratie f\u00e9d\u00e9rale.<\/p>\n<h2>Focus sur le rugby scolaire et la lutte contre la violence<\/h2>\n<p>L&rsquo;un des th\u00e8mes majeurs de cette ann\u00e9e sera le d\u00e9veloppement du rugby en milieu scolaire. En effet, cette initiative vise \u00e0 promouvoir les valeurs du rugby d\u00e8s le plus jeune \u00e2ge et \u00e0 encourager la pratique sportive dans les \u00e9coles. Le succ\u00e8s de cette d\u00e9marche passe par l&rsquo;engagement des \u00e9ducateurs et des clubs pour encadrer les jeunes joueurs.<\/p>\n<p>L&rsquo;autre sujet crucial abord\u00e9 lors de ce congr\u00e8s sera la lutte contre la violence dans le rugby. Les incidents d&rsquo;incivilit\u00e9 sur et autour des terrains ont r\u00e9cemment augment\u00e9, rendant ce d\u00e9bat d&rsquo;autant plus urgent. La FFR entend donc mettre en place des mesures concr\u00e8tes pour garantir la s\u00e9curit\u00e9 de tous les acteurs du jeu.<\/p>\n<h2>Des temps forts et des moments d&rsquo;\u00e9changes<\/h2>\n<p>Le congr\u00e8s sera ponctu\u00e9 par plusieurs temps forts, dont le retour de l\u2019Agora du pr\u00e9sident. Ce format, instaur\u00e9 par Bernard Laporte et maintenu par Florian Grill, permet aux dirigeants de poser toutes leurs questions sans aucun filtre. Ce dialogue direct est un gage de transparence et de confiance au sein de la f\u00e9d\u00e9ration.<\/p>\n<p>En soir\u00e9e, les Ligues R\u00e9gionales organiseront une bod\u00e9ga g\u00e9ante, un moment de convivialit\u00e9 o\u00f9 la communaut\u00e9 du rugby pourra se retrouver. C&rsquo;est une occasion de c\u00e9l\u00e9brer ensemble la passion qui unit tous les acteurs de ce sport. Ce rassemblement festif illustre bien que le rugby, au-del\u00e0 de ses comp\u00e9titions, est avant tout une grande famille.<\/p>\n<blockquote><p>\n\u00ab La d\u00e9mocratie f\u00e9d\u00e9rale se nourrit des \u00e9changes et des id\u00e9es de chacun. \u00bb\n<\/p><\/blockquote>\n<h2>Un regard vers l&rsquo;avenir du rugby<\/h2>\n<p>Le samedi matin sera marqu\u00e9 par la 165e Assembl\u00e9e G\u00e9n\u00e9rale, o\u00f9 des votes cruciaux seront r\u00e9alis\u00e9s. Ce moment solennel d\u00e9terminera les orientations et r\u00e9solutions qui guideront la FFR pour les ann\u00e9es \u00e0 venir. Les d\u00e9cisions prises ici auront un impact significatif sur l&rsquo;\u00e9volution du rugby en France.<\/p>\n<p>Pour rappeler l&rsquo;importance de cet \u00e9v\u00e9nement, un test des Bleus sera diffus\u00e9 sur grand \u00e9cran, rappelant que le rugby ne s&rsquo;arr\u00eate jamais. M\u00eame lorsque les dirigeants se r\u00e9unissent pour discuter de l&rsquo;avenir du sport, les matchs continuent de se jouer \u00e0 l&rsquo;international. Ce lien entre les d\u00e9cisions f\u00e9d\u00e9rales et la r\u00e9alit\u00e9 du terrain est essentiel pour promouvoir un rugby \u00e9thique et responsable.<\/p>\n<ul>\n<li>D\u00e9veloppement du rugby en milieu scolaire<\/li>\n<li>Lutte contre la violence et les incivilit\u00e9s<\/li>\n<li>Retour de l\u2019Agora du pr\u00e9sident pour la transparence<\/li>\n<li>Bod\u00e9ga g\u00e9ante pour la convivialit\u00e9<\/li>\n<li>Assembl\u00e9e G\u00e9n\u00e9rale pour des d\u00e9cisions cl\u00e9s<\/li>\n<\/ul>\n<p>Le congr\u00e8s de la FFR, c&rsquo;est donc l&rsquo;occasion pour tous de r\u00e9fl\u00e9chir \u00e0 l&rsquo;avenir du rugby en France. Les enjeux abord\u00e9s, tels que la promotion du rugby scolaire et la lutte contre les violences, sont cruciaux pour garantir un environnement sain et respectueux pour tous les joueurs. En participant \u00e0 ce rendez-vous, chaque acteur du rugby peut influencer positivement le futur de ce sport, enracin\u00e9 dans des valeurs fortes de respect et de camaraderie.<\/p>\n","protected":false},"excerpt":{"rendered":"","protected":false},"author":34,"featured_media":17235,"comment_status":"open","ping_status":"open","sticky":false,"template":"","format":"standard","meta":{"_acf_changed":false,"manual_indexmenow":false,"indexmenow_id_project":0,"footnotes":""},"categories":[1],"tags":[5581,5584,4941,5583,5582],"class_list":["post-17160","post","type-post","status-publish","format-standard","has-post-thumbnail","hentry","category-a-la-une","tag-congres-ffr","tag-democratie-federale","tag-engagement-communautaire","tag-lutte-contre-la-violence","tag-rugby-scolaire","generate-columns","tablet-grid-50","mobile-grid-100","grid-parent","grid-25"],"acf":[],"yoast_head":"<!-- This site is optimized with the Yoast SEO Premium plugin v21.3 (Yoast SEO v26.5) - https:\/\/yoast.com\/wordpress\/plugins\/seo\/ -->\n<title>Congr\u00e8s de la FFR : rugby scolaire et lutte contre<\/title>\n<meta name=\"description\" content=\"Un rendez-vous f\u00e9d\u00e9ral incontournable Le congr\u00e8s annuel de la F\u00e9d\u00e9ration Fran\u00e7aise de Rugby (FFR) se d\u00e9roulera du 3 au 5 juillet \u00e0 Clermont-Ferrand. Cet\u2026\" \/>\n<meta name=\"robots\" content=\"index, follow, max-snippet:-1, max-image-preview:large, max-video-preview:-1\" \/>\n<link rel=\"canonical\" href=\"https:\/\/sport-index.fr\/blog\/a-la-une\/congres-de-la-ffr-rugby-scolaire-et-lutte-contre-les-violences-un-enjeu-crucial\/\" \/>\n<meta property=\"og:locale\" content=\"fr_FR\" \/>\n<meta property=\"og:type\" content=\"article\" \/>\n<meta property=\"og:title\" content=\"Congr\u00e8s de la FFR : rugby scolaire et lutte contre\" \/>\n<meta property=\"og:description\" content=\"Un rendez-vous f\u00e9d\u00e9ral incontournable Le congr\u00e8s annuel de la F\u00e9d\u00e9ration Fran\u00e7aise de Rugby (FFR) se d\u00e9roulera du 3 au 5 juillet \u00e0 Clermont-Ferrand. Cet\u2026\" \/>\n<meta property=\"og:url\" content=\"https:\/\/sport-index.fr\/blog\/a-la-une\/congres-de-la-ffr-rugby-scolaire-et-lutte-contre-les-violences-un-enjeu-crucial\/\" \/>\n<meta property=\"og:site_name\" content=\"sport-index\" \/>\n<meta name=\"author\" content=\"Axel Lauzier\" \/>\n<meta name=\"twitter:card\" content=\"summary_large_image\" \/>\n<script type=\"application\/ld+json\" class=\"yoast-schema-graph\">{\"@context\":\"https:\/\/schema.org\",\"@graph\":[{\"@type\":\"NewsArticle\",\"@id\":\"https:\/\/sport-index.fr\/blog\/a-la-une\/congres-de-la-ffr-rugby-scolaire-et-lutte-contre-les-violences-un-enjeu-crucial\/#article\",\"isPartOf\":{\"@id\":\"https:\/\/sport-index.fr\/blog\/a-la-une\/congres-de-la-ffr-rugby-scolaire-et-lutte-contre-les-violences-un-enjeu-crucial\/\"},\"author\":{\"name\":\"Axel Lauzier\",\"@id\":\"https:\/\/sport-index.fr\/blog\/#\/schema\/person\/3c864cdc320801e3db34b663e7e3f816\"},\"headline\":\"Congr\u00e8s de la FFR : rugby scolaire et lutte contre les violences, un enjeu crucial\",\"datePublished\":\"2025-07-01T15:33:25+00:00\",\"mainEntityOfPage\":{\"@id\":\"https:\/\/sport-index.fr\/blog\/a-la-une\/congres-de-la-ffr-rugby-scolaire-et-lutte-contre-les-violences-un-enjeu-crucial\/\"},\"wordCount\":685,\"commentCount\":16,\"publisher\":{\"@id\":\"https:\/\/sport-index.fr\/blog\/#organization\"},\"image\":{\"@id\":\"https:\/\/sport-index.fr\/blog\/a-la-une\/congres-de-la-ffr-rugby-scolaire-et-lutte-contre-les-violences-un-enjeu-crucial\/#primaryimage\"},\"thumbnailUrl\":\"https:\/\/sport-index.fr\/blog\/wp-content\/uploads\/2025\/07\/sdxl-e3fd80dbf8154fed42933e7f85440088-scaled.png\",\"keywords\":[\"Congr\u00e8s FFR\",\"D\u00e9mocratie f\u00e9d\u00e9rale\",\"Engagement communautaire\",\"Lutte contre la violence\",\"Rugby scolaire\"],\"articleSection\":[\"\u00c0 la une\"],\"inLanguage\":\"fr-FR\",\"potentialAction\":[{\"@type\":\"CommentAction\",\"name\":\"Comment\",\"target\":[\"https:\/\/sport-index.fr\/blog\/a-la-une\/congres-de-la-ffr-rugby-scolaire-et-lutte-contre-les-violences-un-enjeu-crucial\/#respond\"]}]},{\"@type\":\"WebPage\",\"@id\":\"https:\/\/sport-index.fr\/blog\/a-la-une\/congres-de-la-ffr-rugby-scolaire-et-lutte-contre-les-violences-un-enjeu-crucial\/\",\"url\":\"https:\/\/sport-index.fr\/blog\/a-la-une\/congres-de-la-ffr-rugby-scolaire-et-lutte-contre-les-violences-un-enjeu-crucial\/\",\"name\":\"Congr\u00e8s de la FFR : rugby scolaire et lutte contre\",\"isPartOf\":{\"@id\":\"https:\/\/sport-index.fr\/blog\/#website\"},\"primaryImageOfPage\":{\"@id\":\"https:\/\/sport-index.fr\/blog\/a-la-une\/congres-de-la-ffr-rugby-scolaire-et-lutte-contre-les-violences-un-enjeu-crucial\/#primaryimage\"},\"image\":{\"@id\":\"https:\/\/sport-index.fr\/blog\/a-la-une\/congres-de-la-ffr-rugby-scolaire-et-lutte-contre-les-violences-un-enjeu-crucial\/#primaryimage\"},\"thumbnailUrl\":\"https:\/\/sport-index.fr\/blog\/wp-content\/uploads\/2025\/07\/sdxl-e3fd80dbf8154fed42933e7f85440088-scaled.png\",\"datePublished\":\"2025-07-01T15:33:25+00:00\",\"description\":\"Un rendez-vous f\u00e9d\u00e9ral incontournable Le congr\u00e8s annuel de la F\u00e9d\u00e9ration Fran\u00e7aise de Rugby (FFR) se d\u00e9roulera du 3 au 5 juillet \u00e0 Clermont-Ferrand. Cet\u2026\",\"inLanguage\":\"fr-FR\",\"potentialAction\":[{\"@type\":\"ReadAction\",\"target\":[\"https:\/\/sport-index.fr\/blog\/a-la-une\/congres-de-la-ffr-rugby-scolaire-et-lutte-contre-les-violences-un-enjeu-crucial\/\"]}]},{\"@type\":\"ImageObject\",\"inLanguage\":\"fr-FR\",\"@id\":\"https:\/\/sport-index.fr\/blog\/a-la-une\/congres-de-la-ffr-rugby-scolaire-et-lutte-contre-les-violences-un-enjeu-crucial\/#primaryimage\",\"url\":\"https:\/\/sport-index.fr\/blog\/wp-content\/uploads\/2025\/07\/sdxl-e3fd80dbf8154fed42933e7f85440088-scaled.png\",\"contentUrl\":\"https:\/\/sport-index.fr\/blog\/wp-content\/uploads\/2025\/07\/sdxl-e3fd80dbf8154fed42933e7f85440088-scaled.png\",\"width\":1200,\"height\":500},{\"@type\":\"WebSite\",\"@id\":\"https:\/\/sport-index.fr\/blog\/#website\",\"url\":\"https:\/\/sport-index.fr\/blog\/\",\"name\":\"sport-index.fr\",\"description\":\"Le score de l\u2019analyse sportive.\",\"publisher\":{\"@id\":\"https:\/\/sport-index.fr\/blog\/#organization\"},\"alternateName\":\"Le score de l\u2019analyse sportive.\",\"potentialAction\":[{\"@type\":\"SearchAction\",\"target\":{\"@type\":\"EntryPoint\",\"urlTemplate\":\"https:\/\/sport-index.fr\/blog\/?s={search_term_string}\"},\"query-input\":{\"@type\":\"PropertyValueSpecification\",\"valueRequired\":true,\"valueName\":\"search_term_string\"}}],\"inLanguage\":\"fr-FR\"},{\"@type\":\"Organization\",\"@id\":\"https:\/\/sport-index.fr\/blog\/#organization\",\"name\":\"Foretsensations.fr\",\"url\":\"https:\/\/sport-index.fr\/blog\/\",\"logo\":{\"@type\":\"ImageObject\",\"inLanguage\":\"fr-FR\",\"@id\":\"https:\/\/sport-index.fr\/blog\/#\/schema\/logo\/image\/\",\"url\":\"https:\/\/sport-index.fr\/blog\/wp-content\/uploads\/2026\/07\/logo-auto.png\",\"contentUrl\":\"https:\/\/sport-index.fr\/blog\/wp-content\/uploads\/2026\/07\/logo-auto.png\",\"width\":1024,\"height\":1024,\"caption\":\"Foretsensations.fr\"},\"image\":{\"@id\":\"https:\/\/sport-index.fr\/blog\/#\/schema\/logo\/image\/\"}},{\"@type\":\"Person\",\"@id\":\"https:\/\/sport-index.fr\/blog\/#\/schema\/person\/3c864cdc320801e3db34b663e7e3f816\",\"name\":\"Axel Lauzier\",\"image\":{\"@type\":\"ImageObject\",\"inLanguage\":\"fr-FR\",\"@id\":\"https:\/\/sport-index.fr\/blog\/#\/schema\/person\/image\/\",\"url\":\"https:\/\/sport-index.fr\/blog\/wp-content\/uploads\/2026\/06\/persona_axel-l-96x96.jpg\",\"contentUrl\":\"https:\/\/sport-index.fr\/blog\/wp-content\/uploads\/2026\/06\/persona_axel-l-96x96.jpg\",\"caption\":\"Axel Lauzier\"},\"description\":\"Le sport rythme mon quotidien depuis l'enfance, et j'en ai fait mon m\u00e9tier d'analyste r\u00e9dactionnel il y a une dizaine d'ann\u00e9es. Je couvre principalement le football, son actualit\u00e9, ses transferts et l'analyse tactique des grandes affiches, mais aussi les disciplines plus confidentielles que j'aime remettre en lumi\u00e8re. Une partie de mon travail porte sur les pronostics et la lecture statistique d'un match : forme des \u00e9quipes, historique des confrontations, compositions, sans jamais vendre de fausse certitude. Je rappelle syst\u00e9matiquement que parier comporte un risque et doit rester un loisir ma\u00eetris\u00e9. Avant de signer une analyse, je v\u00e9rifie mes chiffres, je recoupe les compositions probables et je distingue toujours la donn\u00e9e brute de l'intuition. Mon objectif : offrir une lecture honn\u00eate et argument\u00e9e, pas un ticket gagnant garanti.\",\"sameAs\":[\"https:\/\/axellauzier.fr\/\"],\"url\":\"https:\/\/sport-index.fr\/blog\/auteur\/noname\/\"}]}<\/script>\n<!-- \/ Yoast SEO Premium plugin. -->","yoast_head_json":{"title":"Congr\u00e8s de la FFR : rugby scolaire et lutte contre","description":"Un rendez-vous f\u00e9d\u00e9ral incontournable Le congr\u00e8s annuel de la F\u00e9d\u00e9ration Fran\u00e7aise de Rugby (FFR) se d\u00e9roulera du 3 au 5 juillet \u00e0 Clermont-Ferrand. Cet\u2026","robots":{"index":"index","follow":"follow","max-snippet":"max-snippet:-1","max-image-preview":"max-image-preview:large","max-video-preview":"max-video-preview:-1"},"canonical":"https:\/\/sport-index.fr\/blog\/a-la-une\/congres-de-la-ffr-rugby-scolaire-et-lutte-contre-les-violences-un-enjeu-crucial\/","og_locale":"fr_FR","og_type":"article","og_title":"Congr\u00e8s de la FFR : rugby scolaire et lutte contre","og_description":"Un rendez-vous f\u00e9d\u00e9ral incontournable Le congr\u00e8s annuel de la F\u00e9d\u00e9ration Fran\u00e7aise de Rugby (FFR) se d\u00e9roulera du 3 au 5 juillet \u00e0 Clermont-Ferrand. Cet\u2026","og_url":"https:\/\/sport-index.fr\/blog\/a-la-une\/congres-de-la-ffr-rugby-scolaire-et-lutte-contre-les-violences-un-enjeu-crucial\/","og_site_name":"sport-index","author":"Axel Lauzier","twitter_card":"summary_large_image","schema":{"@context":"https:\/\/schema.org","@graph":[{"@type":"NewsArticle","@id":"https:\/\/sport-index.fr\/blog\/a-la-une\/congres-de-la-ffr-rugby-scolaire-et-lutte-contre-les-violences-un-enjeu-crucial\/#article","isPartOf":{"@id":"https:\/\/sport-index.fr\/blog\/a-la-une\/congres-de-la-ffr-rugby-scolaire-et-lutte-contre-les-violences-un-enjeu-crucial\/"},"author":{"name":"Axel Lauzier","@id":"https:\/\/sport-index.fr\/blog\/#\/schema\/person\/3c864cdc320801e3db34b663e7e3f816"},"headline":"Congr\u00e8s de la FFR : rugby scolaire et lutte contre les violences, un enjeu crucial","datePublished":"2025-07-01T15:33:25+00:00","mainEntityOfPage":{"@id":"https:\/\/sport-index.fr\/blog\/a-la-une\/congres-de-la-ffr-rugby-scolaire-et-lutte-contre-les-violences-un-enjeu-crucial\/"},"wordCount":685,"commentCount":16,"publisher":{"@id":"https:\/\/sport-index.fr\/blog\/#organization"},"image":{"@id":"https:\/\/sport-index.fr\/blog\/a-la-une\/congres-de-la-ffr-rugby-scolaire-et-lutte-contre-les-violences-un-enjeu-crucial\/#primaryimage"},"thumbnailUrl":"https:\/\/sport-index.fr\/blog\/wp-content\/uploads\/2025\/07\/sdxl-e3fd80dbf8154fed42933e7f85440088-scaled.png","keywords":["Congr\u00e8s FFR","D\u00e9mocratie f\u00e9d\u00e9rale","Engagement communautaire","Lutte contre la violence","Rugby scolaire"],"articleSection":["\u00c0 la une"],"inLanguage":"fr-FR","potentialAction":[{"@type":"CommentAction","name":"Comment","target":["https:\/\/sport-index.fr\/blog\/a-la-une\/congres-de-la-ffr-rugby-scolaire-et-lutte-contre-les-violences-un-enjeu-crucial\/#respond"]}]},{"@type":"WebPage","@id":"https:\/\/sport-index.fr\/blog\/a-la-une\/congres-de-la-ffr-rugby-scolaire-et-lutte-contre-les-violences-un-enjeu-crucial\/","url":"https:\/\/sport-index.fr\/blog\/a-la-une\/congres-de-la-ffr-rugby-scolaire-et-lutte-contre-les-violences-un-enjeu-crucial\/","name":"Congr\u00e8s de la FFR : rugby scolaire et lutte contre","isPartOf":{"@id":"https:\/\/sport-index.fr\/blog\/#website"},"primaryImageOfPage":{"@id":"https:\/\/sport-index.fr\/blog\/a-la-une\/congres-de-la-ffr-rugby-scolaire-et-lutte-contre-les-violences-un-enjeu-crucial\/#primaryimage"},"image":{"@id":"https:\/\/sport-index.fr\/blog\/a-la-une\/congres-de-la-ffr-rugby-scolaire-et-lutte-contre-les-violences-un-enjeu-crucial\/#primaryimage"},"thumbnailUrl":"https:\/\/sport-index.fr\/blog\/wp-content\/uploads\/2025\/07\/sdxl-e3fd80dbf8154fed42933e7f85440088-scaled.png","datePublished":"2025-07-01T15:33:25+00:00","description":"Un rendez-vous f\u00e9d\u00e9ral incontournable Le congr\u00e8s annuel de la F\u00e9d\u00e9ration Fran\u00e7aise de Rugby (FFR) se d\u00e9roulera du 3 au 5 juillet \u00e0 Clermont-Ferrand. Cet\u2026","inLanguage":"fr-FR","potentialAction":[{"@type":"ReadAction","target":["https:\/\/sport-index.fr\/blog\/a-la-une\/congres-de-la-ffr-rugby-scolaire-et-lutte-contre-les-violences-un-enjeu-crucial\/"]}]},{"@type":"ImageObject","inLanguage":"fr-FR","@id":"https:\/\/sport-index.fr\/blog\/a-la-une\/congres-de-la-ffr-rugby-scolaire-et-lutte-contre-les-violences-un-enjeu-crucial\/#primaryimage","url":"https:\/\/sport-index.fr\/blog\/wp-content\/uploads\/2025\/07\/sdxl-e3fd80dbf8154fed42933e7f85440088-scaled.png","contentUrl":"https:\/\/sport-index.fr\/blog\/wp-content\/uploads\/2025\/07\/sdxl-e3fd80dbf8154fed42933e7f85440088-scaled.png","width":1200,"height":500},{"@type":"WebSite","@id":"https:\/\/sport-index.fr\/blog\/#website","url":"https:\/\/sport-index.fr\/blog\/","name":"sport-index.fr","description":"Le score de l\u2019analyse sportive.","publisher":{"@id":"https:\/\/sport-index.fr\/blog\/#organization"},"alternateName":"Le score de l\u2019analyse sportive.","potentialAction":[{"@type":"SearchAction","target":{"@type":"EntryPoint","urlTemplate":"https:\/\/sport-index.fr\/blog\/?s={search_term_string}"},"query-input":{"@type":"PropertyValueSpecification","valueRequired":true,"valueName":"search_term_string"}}],"inLanguage":"fr-FR"},{"@type":"Organization","@id":"https:\/\/sport-index.fr\/blog\/#organization","name":"Foretsensations.fr","url":"https:\/\/sport-index.fr\/blog\/","logo":{"@type":"ImageObject","inLanguage":"fr-FR","@id":"https:\/\/sport-index.fr\/blog\/#\/schema\/logo\/image\/","url":"https:\/\/sport-index.fr\/blog\/wp-content\/uploads\/2026\/07\/logo-auto.png","contentUrl":"https:\/\/sport-index.fr\/blog\/wp-content\/uploads\/2026\/07\/logo-auto.png","width":1024,"height":1024,"caption":"Foretsensations.fr"},"image":{"@id":"https:\/\/sport-index.fr\/blog\/#\/schema\/logo\/image\/"}},{"@type":"Person","@id":"https:\/\/sport-index.fr\/blog\/#\/schema\/person\/3c864cdc320801e3db34b663e7e3f816","name":"Axel Lauzier","image":{"@type":"ImageObject","inLanguage":"fr-FR","@id":"https:\/\/sport-index.fr\/blog\/#\/schema\/person\/image\/","url":"https:\/\/sport-index.fr\/blog\/wp-content\/uploads\/2026\/06\/persona_axel-l-96x96.jpg","contentUrl":"https:\/\/sport-index.fr\/blog\/wp-content\/uploads\/2026\/06\/persona_axel-l-96x96.jpg","caption":"Axel Lauzier"},"description":"Le sport rythme mon quotidien depuis l'enfance, et j'en ai fait mon m\u00e9tier d'analyste r\u00e9dactionnel il y a une dizaine d'ann\u00e9es. Je couvre principalement le football, son actualit\u00e9, ses transferts et l'analyse tactique des grandes affiches, mais aussi les disciplines plus confidentielles que j'aime remettre en lumi\u00e8re. Une partie de mon travail porte sur les pronostics et la lecture statistique d'un match : forme des \u00e9quipes, historique des confrontations, compositions, sans jamais vendre de fausse certitude. Je rappelle syst\u00e9matiquement que parier comporte un risque et doit rester un loisir ma\u00eetris\u00e9. Avant de signer une analyse, je v\u00e9rifie mes chiffres, je recoupe les compositions probables et je distingue toujours la donn\u00e9e brute de l'intuition. Mon objectif : offrir une lecture honn\u00eate et argument\u00e9e, pas un ticket gagnant garanti.","sameAs":["https:\/\/axellauzier.fr\/"],"url":"https:\/\/sport-index.fr\/blog\/auteur\/noname\/"}]}},"_links":{"self":[{"href":"https:\/\/sport-index.fr\/blog\/wp-json\/wp\/v2\/posts\/17160","targetHints":{"allow":["GET"]}}],"collection":[{"href":"https:\/\/sport-index.fr\/blog\/wp-json\/wp\/v2\/posts"}],"about":[{"href":"https:\/\/sport-index.fr\/blog\/wp-json\/wp\/v2\/types\/post"}],"author":[{"embeddable":true,"href":"https:\/\/sport-index.fr\/blog\/wp-json\/wp\/v2\/users\/34"}],"replies":[{"embeddable":true,"href":"https:\/\/sport-index.fr\/blog\/wp-json\/wp\/v2\/comments?post=17160"}],"version-history":[{"count":1,"href":"https:\/\/sport-index.fr\/blog\/wp-json\/wp\/v2\/posts\/17160\/revisions"}],"predecessor-version":[{"id":17169,"href":"https:\/\/sport-index.fr\/blog\/wp-json\/wp\/v2\/posts\/17160\/revisions\/17169"}],"wp:featuredmedia":[{"embeddable":true,"href":"https:\/\/sport-index.fr\/blog\/wp-json\/wp\/v2\/media\/17235"}],"wp:attachment":[{"href":"https:\/\/sport-index.fr\/blog\/wp-json\/wp\/v2\/media?parent=17160"}],"wp:term":[{"taxonomy":"category","embeddable":true,"href":"https:\/\/sport-index.fr\/blog\/wp-json\/wp\/v2\/categories?post=17160"},{"taxonomy":"post_tag","embeddable":true,"href":"https:\/\/sport-index.fr\/blog\/wp-json\/wp\/v2\/tags?post=17160"}],"curies":[{"name":"wp","href":"https:\/\/api.w.org\/{rel}","templated":true}]}}