{"id":17197,"date":"2025-07-02T12:29:04","date_gmt":"2025-07-02T10:29:04","guid":{"rendered":"https:\/\/sport-index.fr\/blog\/?p=17197"},"modified":"2025-07-02T12:27:35","modified_gmt":"2025-07-02T10:27:35","slug":"coupe-du-monde-u20-2025-jon-echegaray-fait-son-retour-mathis-baret-absent-pour-le-choc-face-au-pays-de-galles","status":"publish","type":"post","link":"https:\/\/sport-index.fr\/blog\/a-la-une\/coupe-du-monde-u20-2025-jon-echegaray-fait-son-retour-mathis-baret-absent-pour-le-choc-face-au-pays-de-galles\/","title":{"rendered":"Coupe du monde U20 2025 : Jon Echegaray fait son retour, Mathis Baret absent pour le choc face au pays de Galles"},"content":{"rendered":"<h2>Un match d\u00e9cisif pour les Bleuets<\/h2>\n<p>Les Bleuets, apr\u00e8s un d\u00e9but de comp\u00e9tition convaincant, cherchent \u00e0 capitaliser sur leur succ\u00e8s face \u00e0 l&rsquo;Espagne. Avec un score de 49-11 lors de leur premier match, l&rsquo;\u00e9quipe se sent pr\u00eate \u00e0 relever un nouveau d\u00e9fi.<\/p>\n<p>Le s\u00e9lectionneur C\u00e9dric Laborde a opt\u00e9 pour un renouvellement de l\u2019effectif, apportant neuf changements au quinze de d\u00e9part. Jon Echegaray, qui a brill\u00e9 avec l&rsquo;Union Bordeaux-B\u00e8gles, fait son retour \u00e0 l&rsquo;arri\u00e8re, tandis que Mathis Baret, auteur de deux essais lors du premier match, est absent de la feuille de match.<\/p>\n<h2>Des ajustements strat\u00e9giques importants<\/h2>\n<p>La composition de l\u2019\u00e9quipe a \u00e9t\u00e9 soigneusement pens\u00e9e pour maximiser les chances de victoire. En effet, Jon Echegaray, bien qu\u2019ayant rejoint le groupe plus tard, apporte une exp\u00e9rience pr\u00e9cieuse \u00e0 l\u2019arri\u00e8re. Sa pr\u00e9sence sur le terrain est attendue pour solidifier la d\u00e9fense et apporter une touche offensive d\u00e9cisive.<\/p>\n<p>Pour le match contre les Gallois, d&rsquo;autres ajustements notables incluent Diego Jurd qui prend la place de Luca Keletaona \u00e0 la m\u00eal\u00e9e. Bartholom\u00e9 Sanspon, qui a montr\u00e9 de belles promesses, sera titulaire en deuxi\u00e8me ligne, renfor\u00e7ant ainsi la ligne d&rsquo;attaque des Bleuets. Ces changements visent \u00e0 dynamiser le jeu et \u00e0 surprendre l\u2019adversaire gallois.<\/p>\n<h2>La composition d&rsquo;\u00e9quipe align\u00e9e pour le match<\/h2>\n<p>Voici le XV de d\u00e9part qui tentera de mener les Bleuets \u00e0 la victoire : 15. Echegaray (Bordeaux-B\u00e8gles) ; 14. Mousques (Bayonne), 13. Taccola (Vannes), 12. Daunivucu (La Rochelle), 11. Lev\u00eaque (Bayonne) ; 10. Jurd (La Rochelle), 9. Tilloles (Bayonne) ; 7. Traversier (Bayonne), 8. Ibsaiene (Bordeaux-B\u00e8gles), 6. Deliance (cap., Lyon) ; 5. M\u00e9zou (Toulon), 4. Sanson (Lyon) ; 3. Megherbi (Toulouse), 2. Akrab (Montpellier), 1. Jean-Christophe (Toulon).<\/p>\n<p>Les rempla\u00e7ants sont : 16. Garault (Stade rochelais), 17. Jabea Njocke (Racing 92), 18. Alifanety (Bordeaux-B\u00e8gles), 19. Lanen (Clermont), 20. Bissu (Bordeaux-B\u00e8gles), 21. Daroque (Toulouse), 22. Keletaona (Brive), 23. Gourgues (Toulouse).<\/p>\n<blockquote>\n<p>\u00ab Pour leur entr\u00e9e en lice dans ce Mondial, les Bleuets ont \u00e9vit\u00e9 le pi\u00e8ge espagnol en s&rsquo;imposant avec le bonus offensif. \u00bb<\/p>\n<\/blockquote>\n<p>Ce match contre le pays de Galles repr\u00e9sente une \u00e9tape cruciale pour les Bleuets dans leur qu\u00eate de succ\u00e8s dans cette comp\u00e9tition mondiale. La pression est forte, mais l\u2019\u00e9quipe montre une grande d\u00e9termination \u00e0 poursuivre sur sa lanc\u00e9e.<\/p>\n<ul>\n<li>Jon Echegaray revient comme titulaire<\/li>\n<li>Mathis Baret absent du groupe<\/li>\n<li>Neuf changements dans le quinze de d\u00e9part<\/li>\n<li>Match pr\u00e9vu ce vendredi \u00e0 15h30<\/li>\n<li>Les Bleuets visent une nouvelle victoire<\/li>\n<\/ul>\n","protected":false},"excerpt":{"rendered":"","protected":false},"author":34,"featured_media":17229,"comment_status":"open","ping_status":"open","sticky":false,"template":"","format":"standard","meta":{"_acf_changed":false,"manual_indexmenow":false,"indexmenow_id_project":0,"footnotes":""},"categories":[1],"tags":[5222,4544,4561,4632,4554],"class_list":["post-17197","post","type-post","status-publish","format-standard","has-post-thumbnail","hentry","category-a-la-une","tag-coupe-du-monde-u20","tag-equipe","tag-gestion-des-talents","tag-performance-sportive","tag-xv-de-france","generate-columns","tablet-grid-50","mobile-grid-100","grid-parent","grid-25"],"acf":[],"yoast_head":"<!-- This site is optimized with the Yoast SEO Premium plugin v21.3 (Yoast SEO v26.5) - https:\/\/yoast.com\/wordpress\/plugins\/seo\/ -->\n<title>Coupe du monde U20 2025 : Jon Echegaray fait son retour<\/title>\n<meta name=\"description\" content=\"Un match d\u00e9cisif pour les Bleuets Les Bleuets, apr\u00e8s un d\u00e9but de comp\u00e9tition convaincant, cherchent \u00e0 capitaliser sur leur succ\u00e8s face \u00e0 l&#039;Espagne. Avec\u2026\" \/>\n<meta name=\"robots\" content=\"index, follow, max-snippet:-1, max-image-preview:large, max-video-preview:-1\" \/>\n<link rel=\"canonical\" href=\"https:\/\/sport-index.fr\/blog\/a-la-une\/coupe-du-monde-u20-2025-jon-echegaray-fait-son-retour-mathis-baret-absent-pour-le-choc-face-au-pays-de-galles\/\" \/>\n<meta property=\"og:locale\" content=\"fr_FR\" \/>\n<meta property=\"og:type\" content=\"article\" \/>\n<meta property=\"og:title\" content=\"Coupe du monde U20 2025 : Jon Echegaray fait son retour\" \/>\n<meta property=\"og:description\" content=\"Un match d\u00e9cisif pour les Bleuets Les Bleuets, apr\u00e8s un d\u00e9but de comp\u00e9tition convaincant, cherchent \u00e0 capitaliser sur leur succ\u00e8s face \u00e0 l&#039;Espagne. Avec\u2026\" \/>\n<meta property=\"og:url\" content=\"https:\/\/sport-index.fr\/blog\/a-la-une\/coupe-du-monde-u20-2025-jon-echegaray-fait-son-retour-mathis-baret-absent-pour-le-choc-face-au-pays-de-galles\/\" \/>\n<meta property=\"og:site_name\" content=\"sport-index\" \/>\n<meta name=\"author\" content=\"Axel Lauzier\" \/>\n<meta name=\"twitter:card\" content=\"summary_large_image\" \/>\n<script type=\"application\/ld+json\" class=\"yoast-schema-graph\">{\"@context\":\"https:\/\/schema.org\",\"@graph\":[{\"@type\":\"NewsArticle\",\"@id\":\"https:\/\/sport-index.fr\/blog\/a-la-une\/coupe-du-monde-u20-2025-jon-echegaray-fait-son-retour-mathis-baret-absent-pour-le-choc-face-au-pays-de-galles\/#article\",\"isPartOf\":{\"@id\":\"https:\/\/sport-index.fr\/blog\/a-la-une\/coupe-du-monde-u20-2025-jon-echegaray-fait-son-retour-mathis-baret-absent-pour-le-choc-face-au-pays-de-galles\/\"},\"author\":{\"name\":\"Axel Lauzier\",\"@id\":\"https:\/\/sport-index.fr\/blog\/#\/schema\/person\/3c864cdc320801e3db34b663e7e3f816\"},\"headline\":\"Coupe du monde U20 2025 : Jon Echegaray fait son retour, Mathis Baret absent pour le choc face au pays de Galles\",\"datePublished\":\"2025-07-02T10:29:04+00:00\",\"mainEntityOfPage\":{\"@id\":\"https:\/\/sport-index.fr\/blog\/a-la-une\/coupe-du-monde-u20-2025-jon-echegaray-fait-son-retour-mathis-baret-absent-pour-le-choc-face-au-pays-de-galles\/\"},\"wordCount\":427,\"commentCount\":27,\"publisher\":{\"@id\":\"https:\/\/sport-index.fr\/blog\/#organization\"},\"image\":{\"@id\":\"https:\/\/sport-index.fr\/blog\/a-la-une\/coupe-du-monde-u20-2025-jon-echegaray-fait-son-retour-mathis-baret-absent-pour-le-choc-face-au-pays-de-galles\/#primaryimage\"},\"thumbnailUrl\":\"https:\/\/sport-index.fr\/blog\/wp-content\/uploads\/2025\/07\/sdxl-6997bebf3c71bd3cd9e3a783f99167fe-scaled.png\",\"keywords\":[\"Coupe du Monde U20\",\"\u00c9quipe\",\"Gestion des Talents\",\"Performance sportive\",\"XV de France\"],\"articleSection\":[\"\u00c0 la une\"],\"inLanguage\":\"fr-FR\",\"potentialAction\":[{\"@type\":\"CommentAction\",\"name\":\"Comment\",\"target\":[\"https:\/\/sport-index.fr\/blog\/a-la-une\/coupe-du-monde-u20-2025-jon-echegaray-fait-son-retour-mathis-baret-absent-pour-le-choc-face-au-pays-de-galles\/#respond\"]}]},{\"@type\":\"WebPage\",\"@id\":\"https:\/\/sport-index.fr\/blog\/a-la-une\/coupe-du-monde-u20-2025-jon-echegaray-fait-son-retour-mathis-baret-absent-pour-le-choc-face-au-pays-de-galles\/\",\"url\":\"https:\/\/sport-index.fr\/blog\/a-la-une\/coupe-du-monde-u20-2025-jon-echegaray-fait-son-retour-mathis-baret-absent-pour-le-choc-face-au-pays-de-galles\/\",\"name\":\"Coupe du monde U20 2025 : Jon Echegaray fait son retour\",\"isPartOf\":{\"@id\":\"https:\/\/sport-index.fr\/blog\/#website\"},\"primaryImageOfPage\":{\"@id\":\"https:\/\/sport-index.fr\/blog\/a-la-une\/coupe-du-monde-u20-2025-jon-echegaray-fait-son-retour-mathis-baret-absent-pour-le-choc-face-au-pays-de-galles\/#primaryimage\"},\"image\":{\"@id\":\"https:\/\/sport-index.fr\/blog\/a-la-une\/coupe-du-monde-u20-2025-jon-echegaray-fait-son-retour-mathis-baret-absent-pour-le-choc-face-au-pays-de-galles\/#primaryimage\"},\"thumbnailUrl\":\"https:\/\/sport-index.fr\/blog\/wp-content\/uploads\/2025\/07\/sdxl-6997bebf3c71bd3cd9e3a783f99167fe-scaled.png\",\"datePublished\":\"2025-07-02T10:29:04+00:00\",\"description\":\"Un match d\u00e9cisif pour les Bleuets Les Bleuets, apr\u00e8s un d\u00e9but de comp\u00e9tition convaincant, cherchent \u00e0 capitaliser sur leur succ\u00e8s face \u00e0 l'Espagne. Avec\u2026\",\"inLanguage\":\"fr-FR\",\"potentialAction\":[{\"@type\":\"ReadAction\",\"target\":[\"https:\/\/sport-index.fr\/blog\/a-la-une\/coupe-du-monde-u20-2025-jon-echegaray-fait-son-retour-mathis-baret-absent-pour-le-choc-face-au-pays-de-galles\/\"]}]},{\"@type\":\"ImageObject\",\"inLanguage\":\"fr-FR\",\"@id\":\"https:\/\/sport-index.fr\/blog\/a-la-une\/coupe-du-monde-u20-2025-jon-echegaray-fait-son-retour-mathis-baret-absent-pour-le-choc-face-au-pays-de-galles\/#primaryimage\",\"url\":\"https:\/\/sport-index.fr\/blog\/wp-content\/uploads\/2025\/07\/sdxl-6997bebf3c71bd3cd9e3a783f99167fe-scaled.png\",\"contentUrl\":\"https:\/\/sport-index.fr\/blog\/wp-content\/uploads\/2025\/07\/sdxl-6997bebf3c71bd3cd9e3a783f99167fe-scaled.png\",\"width\":1200,\"height\":500},{\"@type\":\"WebSite\",\"@id\":\"https:\/\/sport-index.fr\/blog\/#website\",\"url\":\"https:\/\/sport-index.fr\/blog\/\",\"name\":\"sport-index.fr\",\"description\":\"Le score de l\u2019analyse sportive.\",\"publisher\":{\"@id\":\"https:\/\/sport-index.fr\/blog\/#organization\"},\"alternateName\":\"Le score de l\u2019analyse sportive.\",\"potentialAction\":[{\"@type\":\"SearchAction\",\"target\":{\"@type\":\"EntryPoint\",\"urlTemplate\":\"https:\/\/sport-index.fr\/blog\/?s={search_term_string}\"},\"query-input\":{\"@type\":\"PropertyValueSpecification\",\"valueRequired\":true,\"valueName\":\"search_term_string\"}}],\"inLanguage\":\"fr-FR\"},{\"@type\":\"Organization\",\"@id\":\"https:\/\/sport-index.fr\/blog\/#organization\",\"name\":\"Foretsensations.fr\",\"url\":\"https:\/\/sport-index.fr\/blog\/\",\"logo\":{\"@type\":\"ImageObject\",\"inLanguage\":\"fr-FR\",\"@id\":\"https:\/\/sport-index.fr\/blog\/#\/schema\/logo\/image\/\",\"url\":\"https:\/\/sport-index.fr\/blog\/wp-content\/uploads\/2026\/07\/logo-auto.png\",\"contentUrl\":\"https:\/\/sport-index.fr\/blog\/wp-content\/uploads\/2026\/07\/logo-auto.png\",\"width\":1024,\"height\":1024,\"caption\":\"Foretsensations.fr\"},\"image\":{\"@id\":\"https:\/\/sport-index.fr\/blog\/#\/schema\/logo\/image\/\"}},{\"@type\":\"Person\",\"@id\":\"https:\/\/sport-index.fr\/blog\/#\/schema\/person\/3c864cdc320801e3db34b663e7e3f816\",\"name\":\"Axel Lauzier\",\"image\":{\"@type\":\"ImageObject\",\"inLanguage\":\"fr-FR\",\"@id\":\"https:\/\/sport-index.fr\/blog\/#\/schema\/person\/image\/\",\"url\":\"https:\/\/sport-index.fr\/blog\/wp-content\/uploads\/2026\/06\/persona_axel-l-96x96.jpg\",\"contentUrl\":\"https:\/\/sport-index.fr\/blog\/wp-content\/uploads\/2026\/06\/persona_axel-l-96x96.jpg\",\"caption\":\"Axel Lauzier\"},\"description\":\"Le sport rythme mon quotidien depuis l'enfance, et j'en ai fait mon m\u00e9tier d'analyste r\u00e9dactionnel il y a une dizaine d'ann\u00e9es. Je couvre principalement le football, son actualit\u00e9, ses transferts et l'analyse tactique des grandes affiches, mais aussi les disciplines plus confidentielles que j'aime remettre en lumi\u00e8re. Une partie de mon travail porte sur les pronostics et la lecture statistique d'un match : forme des \u00e9quipes, historique des confrontations, compositions, sans jamais vendre de fausse certitude. Je rappelle syst\u00e9matiquement que parier comporte un risque et doit rester un loisir ma\u00eetris\u00e9. Avant de signer une analyse, je v\u00e9rifie mes chiffres, je recoupe les compositions probables et je distingue toujours la donn\u00e9e brute de l'intuition. Mon objectif : offrir une lecture honn\u00eate et argument\u00e9e, pas un ticket gagnant garanti.\",\"sameAs\":[\"https:\/\/axellauzier.fr\/\"],\"url\":\"https:\/\/sport-index.fr\/blog\/auteur\/noname\/\"}]}<\/script>\n<!-- \/ Yoast SEO Premium plugin. -->","yoast_head_json":{"title":"Coupe du monde U20 2025 : Jon Echegaray fait son retour","description":"Un match d\u00e9cisif pour les Bleuets Les Bleuets, apr\u00e8s un d\u00e9but de comp\u00e9tition convaincant, cherchent \u00e0 capitaliser sur leur succ\u00e8s face \u00e0 l'Espagne. Avec\u2026","robots":{"index":"index","follow":"follow","max-snippet":"max-snippet:-1","max-image-preview":"max-image-preview:large","max-video-preview":"max-video-preview:-1"},"canonical":"https:\/\/sport-index.fr\/blog\/a-la-une\/coupe-du-monde-u20-2025-jon-echegaray-fait-son-retour-mathis-baret-absent-pour-le-choc-face-au-pays-de-galles\/","og_locale":"fr_FR","og_type":"article","og_title":"Coupe du monde U20 2025 : Jon Echegaray fait son retour","og_description":"Un match d\u00e9cisif pour les Bleuets Les Bleuets, apr\u00e8s un d\u00e9but de comp\u00e9tition convaincant, cherchent \u00e0 capitaliser sur leur succ\u00e8s face \u00e0 l'Espagne. Avec\u2026","og_url":"https:\/\/sport-index.fr\/blog\/a-la-une\/coupe-du-monde-u20-2025-jon-echegaray-fait-son-retour-mathis-baret-absent-pour-le-choc-face-au-pays-de-galles\/","og_site_name":"sport-index","author":"Axel Lauzier","twitter_card":"summary_large_image","schema":{"@context":"https:\/\/schema.org","@graph":[{"@type":"NewsArticle","@id":"https:\/\/sport-index.fr\/blog\/a-la-une\/coupe-du-monde-u20-2025-jon-echegaray-fait-son-retour-mathis-baret-absent-pour-le-choc-face-au-pays-de-galles\/#article","isPartOf":{"@id":"https:\/\/sport-index.fr\/blog\/a-la-une\/coupe-du-monde-u20-2025-jon-echegaray-fait-son-retour-mathis-baret-absent-pour-le-choc-face-au-pays-de-galles\/"},"author":{"name":"Axel Lauzier","@id":"https:\/\/sport-index.fr\/blog\/#\/schema\/person\/3c864cdc320801e3db34b663e7e3f816"},"headline":"Coupe du monde U20 2025 : Jon Echegaray fait son retour, Mathis Baret absent pour le choc face au pays de Galles","datePublished":"2025-07-02T10:29:04+00:00","mainEntityOfPage":{"@id":"https:\/\/sport-index.fr\/blog\/a-la-une\/coupe-du-monde-u20-2025-jon-echegaray-fait-son-retour-mathis-baret-absent-pour-le-choc-face-au-pays-de-galles\/"},"wordCount":427,"commentCount":27,"publisher":{"@id":"https:\/\/sport-index.fr\/blog\/#organization"},"image":{"@id":"https:\/\/sport-index.fr\/blog\/a-la-une\/coupe-du-monde-u20-2025-jon-echegaray-fait-son-retour-mathis-baret-absent-pour-le-choc-face-au-pays-de-galles\/#primaryimage"},"thumbnailUrl":"https:\/\/sport-index.fr\/blog\/wp-content\/uploads\/2025\/07\/sdxl-6997bebf3c71bd3cd9e3a783f99167fe-scaled.png","keywords":["Coupe du Monde U20","\u00c9quipe","Gestion des Talents","Performance sportive","XV de France"],"articleSection":["\u00c0 la une"],"inLanguage":"fr-FR","potentialAction":[{"@type":"CommentAction","name":"Comment","target":["https:\/\/sport-index.fr\/blog\/a-la-une\/coupe-du-monde-u20-2025-jon-echegaray-fait-son-retour-mathis-baret-absent-pour-le-choc-face-au-pays-de-galles\/#respond"]}]},{"@type":"WebPage","@id":"https:\/\/sport-index.fr\/blog\/a-la-une\/coupe-du-monde-u20-2025-jon-echegaray-fait-son-retour-mathis-baret-absent-pour-le-choc-face-au-pays-de-galles\/","url":"https:\/\/sport-index.fr\/blog\/a-la-une\/coupe-du-monde-u20-2025-jon-echegaray-fait-son-retour-mathis-baret-absent-pour-le-choc-face-au-pays-de-galles\/","name":"Coupe du monde U20 2025 : Jon Echegaray fait son retour","isPartOf":{"@id":"https:\/\/sport-index.fr\/blog\/#website"},"primaryImageOfPage":{"@id":"https:\/\/sport-index.fr\/blog\/a-la-une\/coupe-du-monde-u20-2025-jon-echegaray-fait-son-retour-mathis-baret-absent-pour-le-choc-face-au-pays-de-galles\/#primaryimage"},"image":{"@id":"https:\/\/sport-index.fr\/blog\/a-la-une\/coupe-du-monde-u20-2025-jon-echegaray-fait-son-retour-mathis-baret-absent-pour-le-choc-face-au-pays-de-galles\/#primaryimage"},"thumbnailUrl":"https:\/\/sport-index.fr\/blog\/wp-content\/uploads\/2025\/07\/sdxl-6997bebf3c71bd3cd9e3a783f99167fe-scaled.png","datePublished":"2025-07-02T10:29:04+00:00","description":"Un match d\u00e9cisif pour les Bleuets Les Bleuets, apr\u00e8s un d\u00e9but de comp\u00e9tition convaincant, cherchent \u00e0 capitaliser sur leur succ\u00e8s face \u00e0 l'Espagne. Avec\u2026","inLanguage":"fr-FR","potentialAction":[{"@type":"ReadAction","target":["https:\/\/sport-index.fr\/blog\/a-la-une\/coupe-du-monde-u20-2025-jon-echegaray-fait-son-retour-mathis-baret-absent-pour-le-choc-face-au-pays-de-galles\/"]}]},{"@type":"ImageObject","inLanguage":"fr-FR","@id":"https:\/\/sport-index.fr\/blog\/a-la-une\/coupe-du-monde-u20-2025-jon-echegaray-fait-son-retour-mathis-baret-absent-pour-le-choc-face-au-pays-de-galles\/#primaryimage","url":"https:\/\/sport-index.fr\/blog\/wp-content\/uploads\/2025\/07\/sdxl-6997bebf3c71bd3cd9e3a783f99167fe-scaled.png","contentUrl":"https:\/\/sport-index.fr\/blog\/wp-content\/uploads\/2025\/07\/sdxl-6997bebf3c71bd3cd9e3a783f99167fe-scaled.png","width":1200,"height":500},{"@type":"WebSite","@id":"https:\/\/sport-index.fr\/blog\/#website","url":"https:\/\/sport-index.fr\/blog\/","name":"sport-index.fr","description":"Le score de l\u2019analyse sportive.","publisher":{"@id":"https:\/\/sport-index.fr\/blog\/#organization"},"alternateName":"Le score de l\u2019analyse sportive.","potentialAction":[{"@type":"SearchAction","target":{"@type":"EntryPoint","urlTemplate":"https:\/\/sport-index.fr\/blog\/?s={search_term_string}"},"query-input":{"@type":"PropertyValueSpecification","valueRequired":true,"valueName":"search_term_string"}}],"inLanguage":"fr-FR"},{"@type":"Organization","@id":"https:\/\/sport-index.fr\/blog\/#organization","name":"Foretsensations.fr","url":"https:\/\/sport-index.fr\/blog\/","logo":{"@type":"ImageObject","inLanguage":"fr-FR","@id":"https:\/\/sport-index.fr\/blog\/#\/schema\/logo\/image\/","url":"https:\/\/sport-index.fr\/blog\/wp-content\/uploads\/2026\/07\/logo-auto.png","contentUrl":"https:\/\/sport-index.fr\/blog\/wp-content\/uploads\/2026\/07\/logo-auto.png","width":1024,"height":1024,"caption":"Foretsensations.fr"},"image":{"@id":"https:\/\/sport-index.fr\/blog\/#\/schema\/logo\/image\/"}},{"@type":"Person","@id":"https:\/\/sport-index.fr\/blog\/#\/schema\/person\/3c864cdc320801e3db34b663e7e3f816","name":"Axel Lauzier","image":{"@type":"ImageObject","inLanguage":"fr-FR","@id":"https:\/\/sport-index.fr\/blog\/#\/schema\/person\/image\/","url":"https:\/\/sport-index.fr\/blog\/wp-content\/uploads\/2026\/06\/persona_axel-l-96x96.jpg","contentUrl":"https:\/\/sport-index.fr\/blog\/wp-content\/uploads\/2026\/06\/persona_axel-l-96x96.jpg","caption":"Axel Lauzier"},"description":"Le sport rythme mon quotidien depuis l'enfance, et j'en ai fait mon m\u00e9tier d'analyste r\u00e9dactionnel il y a une dizaine d'ann\u00e9es. Je couvre principalement le football, son actualit\u00e9, ses transferts et l'analyse tactique des grandes affiches, mais aussi les disciplines plus confidentielles que j'aime remettre en lumi\u00e8re. Une partie de mon travail porte sur les pronostics et la lecture statistique d'un match : forme des \u00e9quipes, historique des confrontations, compositions, sans jamais vendre de fausse certitude. Je rappelle syst\u00e9matiquement que parier comporte un risque et doit rester un loisir ma\u00eetris\u00e9. Avant de signer une analyse, je v\u00e9rifie mes chiffres, je recoupe les compositions probables et je distingue toujours la donn\u00e9e brute de l'intuition. Mon objectif : offrir une lecture honn\u00eate et argument\u00e9e, pas un ticket gagnant garanti.","sameAs":["https:\/\/axellauzier.fr\/"],"url":"https:\/\/sport-index.fr\/blog\/auteur\/noname\/"}]}},"_links":{"self":[{"href":"https:\/\/sport-index.fr\/blog\/wp-json\/wp\/v2\/posts\/17197","targetHints":{"allow":["GET"]}}],"collection":[{"href":"https:\/\/sport-index.fr\/blog\/wp-json\/wp\/v2\/posts"}],"about":[{"href":"https:\/\/sport-index.fr\/blog\/wp-json\/wp\/v2\/types\/post"}],"author":[{"embeddable":true,"href":"https:\/\/sport-index.fr\/blog\/wp-json\/wp\/v2\/users\/34"}],"replies":[{"embeddable":true,"href":"https:\/\/sport-index.fr\/blog\/wp-json\/wp\/v2\/comments?post=17197"}],"version-history":[{"count":1,"href":"https:\/\/sport-index.fr\/blog\/wp-json\/wp\/v2\/posts\/17197\/revisions"}],"predecessor-version":[{"id":17198,"href":"https:\/\/sport-index.fr\/blog\/wp-json\/wp\/v2\/posts\/17197\/revisions\/17198"}],"wp:featuredmedia":[{"embeddable":true,"href":"https:\/\/sport-index.fr\/blog\/wp-json\/wp\/v2\/media\/17229"}],"wp:attachment":[{"href":"https:\/\/sport-index.fr\/blog\/wp-json\/wp\/v2\/media?parent=17197"}],"wp:term":[{"taxonomy":"category","embeddable":true,"href":"https:\/\/sport-index.fr\/blog\/wp-json\/wp\/v2\/categories?post=17197"},{"taxonomy":"post_tag","embeddable":true,"href":"https:\/\/sport-index.fr\/blog\/wp-json\/wp\/v2\/tags?post=17197"}],"curies":[{"name":"wp","href":"https:\/\/api.w.org\/{rel}","templated":true}]}}