{"id":17203,"date":"2026-09-01T18:03:51","date_gmt":"2026-09-01T16:03:51","guid":{"rendered":"https:\/\/sport-index.fr\/blog\/?p=17203"},"modified":"2026-09-01T18:03:51","modified_gmt":"2026-09-01T16:03:51","slug":"le-mercato-de-lubb-departs-et-arrivees-une-nouvelle-ere-sannonce","status":"publish","type":"post","link":"https:\/\/sport-index.fr\/blog\/a-la-une\/le-mercato-de-lubb-departs-et-arrivees-une-nouvelle-ere-sannonce\/","title":{"rendered":"Le mercato de l&rsquo;UBB : d\u00e9parts et arriv\u00e9es, le bilan de la nouvelle \u00e8re"},"content":{"rendered":"<link rel=\"stylesheet\" href=\"https:\/\/fonts.googleapis.com\/css2?family=Newsreader:ital,opsz,wght@0,6..72,500;0,6..72,600;0,6..72,700;1,6..72,500&#038;family=Inter:wght@400;500;600;700&#038;family=JetBrains+Mono:wght@500;700&#038;display=swap\">\n<style>\n.spi-actu-wrap{font-family:\"Inter\",-apple-system,sans-serif;font-size:17.5px;line-height:1.68;color:#1b2333;--spi-ac:#A4123F;--spi-ink:#16223a;--spi-soft:#faf7f8;--spi-line:#e6e2e4}\n.spi-actu-wrap h2{font-family:\"Newsreader\",Georgia,serif;font-weight:700;font-size:clamp(24px,3.2vw,33px);line-height:1.2;letter-spacing:-.015em;color:var(--spi-ink);margin:46px 0 14px;padding-bottom:10px;border-bottom:2px solid var(--spi-line)}\n.spi-actu-wrap h3{font-family:\"Newsreader\",Georgia,serif;font-weight:600;font-size:clamp(19px,2.2vw,23px);color:var(--spi-ink);margin:26px 0 8px}\n.spi-actu-wrap p{margin:0 0 16px}\n.spi-actu-dateline{font-family:\"JetBrains Mono\",ui-monospace,monospace;font-size:12.5px;font-weight:500;letter-spacing:.02em;color:#6b7280;border-left:4px solid var(--spi-ac);padding:6px 0 6px 14px;margin:0 0 20px}\n.spi-actu-lead{font-family:\"Newsreader\",Georgia,serif;font-size:clamp(19px,2.4vw,22px);line-height:1.5;font-weight:500;color:#33405a;margin:0 0 26px}\n.spi-actu-key{background:linear-gradient(180deg,#fff6f8,var(--spi-soft));border:1px solid #f0d6de;border-left:5px solid var(--spi-ac);border-radius:14px;padding:22px 24px;margin:26px 0;box-shadow:0 1px 2px rgba(16,24,40,.05),0 12px 28px -18px rgba(16,24,40,.22)}\n.spi-actu-key .spi-actu-kick{font-family:\"JetBrains Mono\",monospace;font-size:11px;font-weight:700;letter-spacing:.12em;text-transform:uppercase;color:var(--spi-ac);display:block;margin-bottom:12px}\n.spi-actu-key ul{margin:0;padding-left:20px}\n.spi-actu-key li{margin:0 0 9px;font-size:16.5px;line-height:1.55}\n.spi-actu-key li:last-child{margin-bottom:0}\n.spi-actu-grid{display:grid;grid-template-columns:repeat(auto-fit,minmax(240px,1fr));gap:20px;margin:26px 0}\n.spi-actu-card{border:1px solid var(--spi-line);border-top:3px solid var(--spi-ac);border-radius:12px;padding:20px 22px;background:#fff;transition:transform .25s ease,box-shadow .25s ease,border-color .25s ease}\n.spi-actu-card:hover{transform:translateY(-3px);box-shadow:0 1px 2px rgba(16,24,40,.05),0 14px 30px -16px rgba(16,24,40,.28);border-color:#d9ccd1}\n.spi-actu-card .spi-actu-nm{font-family:\"Newsreader\",Georgia,serif;font-weight:700;font-size:20px;color:var(--spi-ink);display:block;margin-bottom:2px}\n.spi-actu-card .spi-actu-pos{font-family:\"JetBrains Mono\",monospace;font-size:11.5px;font-weight:500;letter-spacing:.06em;text-transform:uppercase;color:var(--spi-ac);display:block;margin-bottom:10px}\n.spi-actu-card .spi-actu-txt{font-size:15.5px;line-height:1.6;color:#414e68}\n.spi-actu-tw{border:1px solid var(--spi-line);border-radius:12px;overflow-x:auto;margin:26px 0;box-shadow:0 1px 2px rgba(16,24,40,.05),0 12px 26px -20px rgba(16,24,40,.25)}\n.spi-actu-tw table{width:100%;border-collapse:collapse;font-size:15.5px;min-width:520px}\n.spi-actu-tw th{background:#fdf2f5;font-family:\"JetBrains Mono\",monospace;font-size:11.5px;font-weight:700;letter-spacing:.08em;text-transform:uppercase;color:var(--spi-ac);text-align:left;padding:12px 14px;border-bottom:2px solid #f0d6de}\n.spi-actu-tw td{padding:12px 14px;border-bottom:1px solid #eeeaec;vertical-align:top;color:#2b364c}\n.spi-actu-tw tr:nth-child(even) td{background:#fbfafb}\n.spi-actu-tw tr:last-child td{border-bottom:none}\n.spi-actu-ok{font-family:\"JetBrains Mono\",monospace;font-size:11.5px;font-weight:700;color:#0f7a49}\n.spi-actu-no{font-family:\"JetBrains Mono\",monospace;font-size:11.5px;font-weight:700;color:#9a6a00}\n.spi-actu-quote{border-left:5px solid var(--spi-ac);background:var(--spi-soft);border-radius:0 12px 12px 0;padding:20px 24px;margin:28px 0}\n.spi-actu-quote .spi-actu-q{font-family:\"Newsreader\",Georgia,serif;font-style:italic;font-size:clamp(19px,2.3vw,22px);line-height:1.45;color:var(--spi-ink);display:block}\n.spi-actu-quote .spi-actu-src{font-family:\"JetBrains Mono\",monospace;font-size:11.5px;letter-spacing:.04em;color:#6b7280;display:block;margin-top:12px}\n.spi-actu-retain{background:var(--spi-ink);color:#eef3f9;border-radius:14px;padding:24px 26px;margin:34px 0;box-shadow:0 14px 34px -20px rgba(16,24,40,.6)}\n.spi-actu-retain .spi-actu-kick{font-family:\"JetBrains Mono\",monospace;font-size:11px;font-weight:700;letter-spacing:.12em;text-transform:uppercase;color:#ffb3c6!important;display:block;margin-bottom:12px}\n.spi-actu-retain ul{margin:0;padding-left:20px}\n.spi-actu-retain li{margin:0 0 9px;font-size:16px;line-height:1.55;color:#eef3f9!important}\n.spi-actu-retain li:last-child{margin-bottom:0}\n.spi-actu-retain span,.spi-actu-retain div{color:#eef3f9!important}\n.spi-actu-retain strong,.spi-actu-retain b{color:#ffffff!important}\n.spi-actu-faq{margin:26px 0}\n.spi-actu-faq details{border:1px solid var(--spi-line);border-radius:10px;padding:14px 18px;margin-bottom:12px;background:#fff;transition:border-color .25s ease,box-shadow .25s ease}\n.spi-actu-faq details:hover{border-color:var(--spi-ac);box-shadow:0 10px 24px -18px rgba(16,24,40,.4)}\n.spi-actu-faq summary{cursor:pointer;font-weight:600;font-size:16.5px;color:var(--spi-ink);list-style:none}\n.spi-actu-faq summary::-webkit-details-marker{display:none}\n.spi-actu-faq summary::before{content:\"\u2192\";color:var(--spi-ac);font-weight:700;margin-right:10px;display:inline-block}\n.spi-actu-faq details[open] summary::before{content:\"\u2193\"}\n.spi-actu-faq .spi-actu-ans{margin-top:10px;font-size:16px;line-height:1.62;color:#414e68}\n@media(max-width:640px){.spi-actu-wrap{font-size:16.5px}.spi-actu-key,.spi-actu-retain{padding:18px 18px}}\n<\/style>\n<div class=\"spi-actu-wrap\">\n<div class=\"spi-actu-dateline\">Publi\u00e9 le 3 juillet 2025 \u00b7 Faits rev\u00e9rifi\u00e9s et bilan ajout\u00e9 le 1er septembre 2026<\/div>\n<p class=\"spi-actu-lead\">Le 2 juillet 2025, l&rsquo;Union Bordeaux-B\u00e8gles officialisait le d\u00e9part de Mahamadou Diaby et les arriv\u00e9es de Boris Palu, Ga\u00ebtan Barlot et Martin Page-Relo. Une saison plus tard, on sait ce que ce mercato a produit : voici la version v\u00e9rifi\u00e9e, mouvement par mouvement.<\/p>\n<div class=\"spi-actu-key\">\n<span class=\"spi-actu-kick\">L&rsquo;essentiel<\/span><\/p>\n<ul>\n<li><strong>Quoi<\/strong> \u2014 Le 2 juillet 2025, l&rsquo;UBB annonce le d\u00e9part de Mahamadou Diaby et trois recrues : Palu, Barlot, Page-Relo.<\/li>\n<li><strong>Qui<\/strong> \u2014 Un club alors champion d&rsquo;Europe et vice-champion de France, pr\u00e9sid\u00e9 par Laurent Marti, entra\u00een\u00e9 par Yannick Bru.<\/li>\n<li><strong>Pourquoi \u00e7a compte<\/strong> \u2014 Ce recrutement a d\u00e9bouch\u00e9 sur une <strong>deuxi\u00e8me Champions Cup<\/strong> le 23 mai 2026, mais sur un Top 14 sans phase finale.<\/li>\n<\/ul>\n<\/div>\n<h2>Des d\u00e9parts marquants pour l&rsquo;UBB<\/h2>\n<p>Le club girondin a officialis\u00e9 le 2 juillet 2025 le d\u00e9part de <strong>Mahamadou Diaby<\/strong>, <strong>troisi\u00e8me ligne aile<\/strong> \u2014 et non pilier, contrairement \u00e0 ce qu&rsquo;affirmait une premi\u00e8re version de cet article. Arriv\u00e9 en 2017, il quitte l&rsquo;Union apr\u00e8s <strong>huit saisons<\/strong> et <strong>177 matchs officiels<\/strong>.<\/p>\n<p>Sur Instagram, c&rsquo;est le club qui salue son joueur d&rsquo;un \u00ab Bon vent soldat \u00bb et pr\u00e9cise que le d\u00e9part intervient \u00ab \u00e0 sa demande \u00bb. Le sentiment du \u00ab devoir accompli \u00bb, lui, Diaby l&rsquo;avait exprim\u00e9 quelques jours plus t\u00f4t dans un entretien \u00e0 Rugbyrama, le 30 juin 2025 : deux canaux distincts qu&rsquo;il ne faut pas confondre.<\/p>\n<div class=\"spi-actu-quote\">\n<span class=\"spi-actu-q\">\u00ab Je sens qu&rsquo;on n&rsquo;a plus trop besoin de moi ici \u00bb<\/span><br \/>\n<span class=\"spi-actu-src\">Mahamadou Diaby, propos recueillis par Rugbyrama, entretien du 30 juin 2025<\/span>\n<\/div>\n<p>La suite est document\u00e9e : Diaby a rejoint l&rsquo;USA Perpignan pour la saison 2025-2026 (14 rencontres), puis sign\u00e9 au Montpellier HR en 2026, avant de prendre des fonctions d&rsquo;entra\u00eeneur de la d\u00e9fense au Stade bordelais, en rugby f\u00e9minin.<\/p>\n<h2>Des arriv\u00e9es prometteuses pour renforcer l&rsquo;effectif<\/h2>\n<p>Trois signatures \u00e9taient officialis\u00e9es le m\u00eame jour. Toutes se sont confirm\u00e9es, et les trois joueurs figuraient encore dans l&rsquo;effectif bordelais lors de la finale europ\u00e9enne de mai 2026.<\/p>\n<div class=\"spi-actu-grid\">\n<div class=\"spi-actu-card\">\n<span class=\"spi-actu-nm\">Ga\u00ebtan Barlot<\/span><br \/>\n<span class=\"spi-actu-pos\">Talonneur \u00b7 ex-Castres olympique<\/span><\/p>\n<div class=\"spi-actu-txt\">Cinq saisons \u00e0 Castres (117 matchs, 11 essais au d\u00e9compte de Rugbyrama le 2 juillet 2025). International fran\u00e7ais, il s&rsquo;engage <strong>trois ans<\/strong>, jusqu&rsquo;en 2028.<\/div>\n<\/div>\n<div class=\"spi-actu-card\">\n<span class=\"spi-actu-nm\">Martin Page-Relo<\/span><br \/>\n<span class=\"spi-actu-pos\">Demi de m\u00eal\u00e9e \u00b7 ex-LOU<\/span><\/p>\n<div class=\"spi-actu-txt\">Demi de m\u00eal\u00e9e international <strong>italien<\/strong> (18 s\u00e9lections \u00e0 sa signature), pass\u00e9 par le Stade toulousain puis Lyon. Rugbyrama annon\u00e7ait un contrat jusqu&rsquo;en 2026 ; il est bordelais depuis.<\/div>\n<\/div>\n<div class=\"spi-actu-card\">\n<span class=\"spi-actu-nm\">Boris Palu<\/span><br \/>\n<span class=\"spi-actu-pos\">Deuxi\u00e8me ligne \u00b7 ex-Racing 92<\/span><\/p>\n<div class=\"spi-actu-txt\">Form\u00e9 au Racing 92, o\u00f9 il a disput\u00e9 plus de 200 rencontres, l&rsquo;international fran\u00e7ais (2 s\u00e9lections) arrive en Gironde jusqu&rsquo;en 2027 pour densifier le pack.<\/div>\n<\/div>\n<\/div>\n<h2>Une vision pour l&rsquo;UBB : ce qu&rsquo;elle a r\u00e9ellement donn\u00e9<\/h2>\n<p>Rugbyrama annon\u00e7ait le m\u00eame jour d&rsquo;autres officialisations \u00e0 venir, citant notamment <strong>Louis Mary<\/strong> (Dax) et le retour de <strong>Cameron Woki<\/strong> (Racing 92), pass\u00e9 par l&rsquo;Union de 2017 \u00e0 2022. Ces mouvements ont bien eu lieu, comme ceux de Jean-Luc Du Preez (Sale Sharks) et de Salesi Rayasi (Vannes). Le tableau ci-dessous reprend chaque mouvement annonc\u00e9 ou pressenti ce 2 juillet 2025 et dit ce qu&rsquo;il est devenu \u2014 v\u00e9rification faite au 1<sup>er<\/sup> septembre 2026.<\/p>\n<div class=\"spi-actu-tw\">\n<table>\n<thead>\n<tr>\n<th>Mouvement annonc\u00e9<\/th>\n<th>Statut v\u00e9rifi\u00e9<\/th>\n<th>Ce qui s&rsquo;est pass\u00e9<\/th>\n<\/tr>\n<\/thead>\n<tbody>\n<tr>\n<td>D\u00e9part de Mahamadou Diaby<\/td>\n<td><span class=\"spi-actu-ok\">CONFIRM\u00c9<\/span><\/td>\n<td>Perpignan puis Montpellier HR en 2026<\/td>\n<\/tr>\n<tr>\n<td>Arriv\u00e9e de Ga\u00ebtan Barlot<\/td>\n<td><span class=\"spi-actu-ok\">CONFIRM\u00c9<\/span><\/td>\n<td>Trois ans, jusqu&rsquo;en 2028 ; finaliste europ\u00e9en 2026<\/td>\n<\/tr>\n<tr>\n<td>Arriv\u00e9e de Martin Page-Relo<\/td>\n<td><span class=\"spi-actu-ok\">CONFIRM\u00c9<\/span><\/td>\n<td>Arriv\u00e9 du LOU en 2025, toujours \u00e0 l&rsquo;UBB<\/td>\n<\/tr>\n<tr>\n<td>Arriv\u00e9e de Boris Palu<\/td>\n<td><span class=\"spi-actu-ok\">CONFIRM\u00c9<\/span><\/td>\n<td>Quitte le Racing 92 ; champion d&rsquo;Europe 2026<\/td>\n<\/tr>\n<tr>\n<td>Louis Mary (Dax)<\/td>\n<td><span class=\"spi-actu-ok\">CONFIRM\u00c9<\/span><\/td>\n<td>Deux ans, puis pr\u00eat \u00e0 Grenoble et d\u00e9part \u00e0 Brive<\/td>\n<\/tr>\n<tr>\n<td>Cameron Woki (Racing 92)<\/td>\n<td><span class=\"spi-actu-ok\">CONFIRM\u00c9<\/span><\/td>\n<td>Retour \u00e0 l&rsquo;UBB, huit ans apr\u00e8s ses d\u00e9buts au club<\/td>\n<\/tr>\n<tr>\n<td>Jean-Luc Du Preez (Sale Sharks)<\/td>\n<td><span class=\"spi-actu-ok\">CONFIRM\u00c9<\/span><\/td>\n<td>Pr\u00e9-contrat sign\u00e9 d\u00e8s novembre 2024<\/td>\n<\/tr>\n<tr>\n<td>Salesi Rayasi (Vannes)<\/td>\n<td><span class=\"spi-actu-ok\">CONFIRM\u00c9<\/span><\/td>\n<td>Prolong\u00e9 jusqu&rsquo;en 2028 d\u00e8s d\u00e9cembre 2025, titulaire en finale<\/td>\n<\/tr>\n<tr>\n<td>Autres noms \u00e9voqu\u00e9s \u00e0 l&rsquo;\u00e9poque<\/td>\n<td><span class=\"spi-actu-no\">NON V\u00c9RIFI\u00c9<\/span><\/td>\n<td>Retir\u00e9s faute de confirmation ind\u00e9pendante<\/td>\n<\/tr>\n<\/tbody>\n<\/table>\n<\/div>\n<h2>Le bilan dat\u00e9 de la saison 2025-2026<\/h2>\n<p>La question pos\u00e9e en juillet 2025 \u2014 ce mercato allait-il porter l&rsquo;UBB plus haut ? \u2014 a d\u00e9sormais une r\u00e9ponse, et elle est double. Sur la sc\u00e8ne europ\u00e9enne, l&rsquo;Union a fait mieux que confirmer : le <strong>23 mai 2026<\/strong>, \u00e0 San Mam\u00e9s (Bilbao), elle a d\u00e9croch\u00e9 sa <strong>deuxi\u00e8me Champions Cup<\/strong> cons\u00e9cutive en dominant le Leinster 41-19. Barlot est entr\u00e9 en jeu, Rayasi a d\u00e9but\u00e9 \u00e0 l&rsquo;arri\u00e8re, Palu figurait dans le groupe : les recrues de l&rsquo;\u00e9t\u00e9 2025 \u00e9taient au c\u0153ur du titre.<\/p>\n<p>En Top 14, la saison a \u00e9t\u00e9 manqu\u00e9e : l&rsquo;UBB a termin\u00e9 <strong>huiti\u00e8me<\/strong> de la phase r\u00e9guli\u00e8re, sans atteindre la phase finale, un an apr\u00e8s avoir jou\u00e9 la finale. Le titre est revenu au Stade toulousain, vainqueur de Montpellier le 27 juin 2026 au Stade de France \u2014 son 25<sup>e<\/sup> sacre, apr\u00e8s celui d\u00e9croch\u00e9 face \u00e0 ces m\u00eames Bordelais en 2025.<\/p>\n<div class=\"spi-actu-retain\">\n<span class=\"spi-actu-kick\">\u00c0 retenir<\/span><\/p>\n<ul>\n<li>Le 2 juillet 2025 : <strong>un d\u00e9part<\/strong> (Diaby), <strong>trois arriv\u00e9es<\/strong> (Palu, Barlot, Page-Relo).<\/li>\n<li>Diaby est un <strong>troisi\u00e8me ligne aile<\/strong>, pas un pilier : 8 saisons et 177 matchs \u00e0 l&rsquo;Union avant Perpignan puis Montpellier.<\/li>\n<li>Les <strong>huit mouvements<\/strong> annonc\u00e9s ou pressentis se sont tous confirm\u00e9s, Woki, Mary, Du Preez et Rayasi compris.<\/li>\n<li>R\u00e9sultat sportif : <strong>Champions Cup 2026 remport\u00e9e<\/strong> le 23 mai \u00e0 Bilbao face au Leinster (41-19).<\/li>\n<li>Revers de la m\u00e9daille : <strong>8<sup>e<\/sup> du Top 14<\/strong> et aucune phase finale nationale en 2025-2026.<\/li>\n<\/ul>\n<\/div>\n<h2>Questions fr\u00e9quentes sur le mercato 2025 de l&rsquo;UBB<\/h2>\n<div class=\"spi-actu-faq\">\n<details>\n<summary>Pourquoi Mahamadou Diaby a-t-il quitt\u00e9 l&rsquo;UBB ?<\/summary>\n<div class=\"spi-actu-ans\">Le club a pr\u00e9cis\u00e9 sur Instagram que le d\u00e9part intervenait \u00ab \u00e0 sa demande \u00bb. Dans un entretien \u00e0 Rugbyrama du 30 juin 2025, le joueur \u00e9voquait le devoir accompli : \u00ab Je sens qu&rsquo;on n&rsquo;a plus trop besoin de moi ici \u00bb.<\/div>\n<\/details>\n<details>\n<summary>Quels joueurs l&rsquo;UBB a-t-elle recrut\u00e9s \u00e0 l&rsquo;\u00e9t\u00e9 2025 ?<\/summary>\n<div class=\"spi-actu-ans\">Trois arriv\u00e9es officialis\u00e9es le 2 juillet 2025 \u2014 Barlot (talonneur, Castres), Page-Relo (demi de m\u00eal\u00e9e, LOU), Palu (deuxi\u00e8me ligne, Racing 92) \u2014 puis Woki, Mary, Du Preez et Rayasi.<\/div>\n<\/details>\n<details>\n<summary>Martin Page-Relo est-il international fran\u00e7ais ?<\/summary>\n<div class=\"spi-actu-ans\">Non : bien que n\u00e9 et form\u00e9 en France, il est international <strong>italien<\/strong>, avec 18 s\u00e9lections au moment de sa signature \u00e0 Bordeaux.<\/div>\n<\/details>\n<details>\n<summary>Qu&rsquo;a donn\u00e9 ce mercato sur la saison 2025-2026 ?<\/summary>\n<div class=\"spi-actu-ans\">Une deuxi\u00e8me Champions Cup, le 23 mai 2026 face au Leinster (41-19) \u00e0 Bilbao, mais une 8<sup>e<\/sup> place en Top 14 sans phase finale.<\/div>\n<\/details>\n<\/div>\n<p>Un mercato ne se juge pas quand il est annonc\u00e9, mais \u00e0 ce qu&rsquo;il produit sur le terrain. Celui de l&rsquo;\u00e9t\u00e9 2025 a offert \u00e0 l&rsquo;UBB un deuxi\u00e8me titre europ\u00e9en d&rsquo;affil\u00e9e, sans lui garantir la r\u00e9gularit\u00e9 n\u00e9cessaire en championnat : c&rsquo;est le constat, chiffres et dates \u00e0 l&rsquo;appui, \u00e0 l&rsquo;issue de la saison 2025-2026.<\/p>\n<\/div>\n","protected":false},"excerpt":{"rendered":"","protected":false},"author":34,"featured_media":17382,"comment_status":"open","ping_status":"open","sticky":false,"template":"","format":"standard","meta":{"_acf_changed":false,"manual_indexmenow":false,"indexmenow_id_project":0,"footnotes":""},"categories":[1],"tags":[4544,4539,5107],"class_list":["post-17203","post","type-post","status-publish","format-standard","has-post-thumbnail","hentry","category-a-la-une","tag-equipe","tag-top-14","tag-union-bordeaux-begles","generate-columns","tablet-grid-50","mobile-grid-100","grid-parent","grid-25"],"acf":[],"yoast_head":"<!-- This site is optimized with the Yoast SEO Premium plugin v21.3 (Yoast SEO v26.5) - https:\/\/yoast.com\/wordpress\/plugins\/seo\/ -->\n<title>Mercato UBB 2025 : d\u00e9parts, arriv\u00e9es et bilan v\u00e9rifi\u00e9<\/title>\n<meta name=\"description\" content=\"D\u00e9part de Mahamadou Diaby, arriv\u00e9es de Barlot, Page-Relo et Palu : le mercato 2025 de l&#039;UBB, mouvement par mouvement, avec le bilan de la saison 2025-2026.\" \/>\n<meta name=\"robots\" content=\"index, follow, max-snippet:-1, max-image-preview:large, max-video-preview:-1\" \/>\n<link rel=\"canonical\" href=\"https:\/\/sport-index.fr\/blog\/a-la-une\/le-mercato-de-lubb-departs-et-arrivees-une-nouvelle-ere-sannonce\/\" \/>\n<meta property=\"og:locale\" content=\"fr_FR\" \/>\n<meta property=\"og:type\" content=\"article\" \/>\n<meta property=\"og:title\" content=\"Mercato UBB 2025 : d\u00e9parts, arriv\u00e9es et bilan v\u00e9rifi\u00e9\" \/>\n<meta property=\"og:description\" content=\"D\u00e9part de Mahamadou Diaby, arriv\u00e9es de Barlot, Page-Relo et Palu : le mercato 2025 de l&#039;UBB, mouvement par mouvement, avec le bilan de la saison 2025-2026.\" \/>\n<meta property=\"og:url\" content=\"https:\/\/sport-index.fr\/blog\/a-la-une\/le-mercato-de-lubb-departs-et-arrivees-une-nouvelle-ere-sannonce\/\" \/>\n<meta property=\"og:site_name\" content=\"sport-index\" \/>\n<meta name=\"author\" content=\"Axel Lauzier\" \/>\n<meta name=\"twitter:card\" content=\"summary_large_image\" \/>\n<script type=\"application\/ld+json\" class=\"yoast-schema-graph\">{\"@context\":\"https:\/\/schema.org\",\"@graph\":[{\"@type\":\"NewsArticle\",\"@id\":\"https:\/\/sport-index.fr\/blog\/a-la-une\/le-mercato-de-lubb-departs-et-arrivees-une-nouvelle-ere-sannonce\/#article\",\"isPartOf\":{\"@id\":\"https:\/\/sport-index.fr\/blog\/a-la-une\/le-mercato-de-lubb-departs-et-arrivees-une-nouvelle-ere-sannonce\/\"},\"author\":{\"name\":\"Axel Lauzier\",\"@id\":\"https:\/\/sport-index.fr\/blog\/#\/schema\/person\/3c864cdc320801e3db34b663e7e3f816\"},\"headline\":\"Le mercato de l&rsquo;UBB : d\u00e9parts et arriv\u00e9es, le bilan de la nouvelle \u00e8re\",\"datePublished\":\"2026-09-01T16:03:51+00:00\",\"mainEntityOfPage\":{\"@id\":\"https:\/\/sport-index.fr\/blog\/a-la-une\/le-mercato-de-lubb-departs-et-arrivees-une-nouvelle-ere-sannonce\/\"},\"wordCount\":1105,\"commentCount\":24,\"publisher\":{\"@id\":\"https:\/\/sport-index.fr\/blog\/#organization\"},\"image\":{\"@id\":\"https:\/\/sport-index.fr\/blog\/a-la-une\/le-mercato-de-lubb-departs-et-arrivees-une-nouvelle-ere-sannonce\/#primaryimage\"},\"thumbnailUrl\":\"https:\/\/sport-index.fr\/blog\/wp-content\/uploads\/2025\/07\/sdxl-0e2a5748cbb52087d4d9c02f03d10b5e-scaled.png\",\"keywords\":[\"\u00c9quipe\",\"Top 14\",\"Union Bordeaux-B\u00e8gles\"],\"articleSection\":[\"\u00c0 la une\"],\"inLanguage\":\"fr-FR\",\"potentialAction\":[{\"@type\":\"CommentAction\",\"name\":\"Comment\",\"target\":[\"https:\/\/sport-index.fr\/blog\/a-la-une\/le-mercato-de-lubb-departs-et-arrivees-une-nouvelle-ere-sannonce\/#respond\"]}]},{\"@type\":\"WebPage\",\"@id\":\"https:\/\/sport-index.fr\/blog\/a-la-une\/le-mercato-de-lubb-departs-et-arrivees-une-nouvelle-ere-sannonce\/\",\"url\":\"https:\/\/sport-index.fr\/blog\/a-la-une\/le-mercato-de-lubb-departs-et-arrivees-une-nouvelle-ere-sannonce\/\",\"name\":\"Mercato UBB 2025 : d\u00e9parts, arriv\u00e9es et bilan v\u00e9rifi\u00e9\",\"isPartOf\":{\"@id\":\"https:\/\/sport-index.fr\/blog\/#website\"},\"primaryImageOfPage\":{\"@id\":\"https:\/\/sport-index.fr\/blog\/a-la-une\/le-mercato-de-lubb-departs-et-arrivees-une-nouvelle-ere-sannonce\/#primaryimage\"},\"image\":{\"@id\":\"https:\/\/sport-index.fr\/blog\/a-la-une\/le-mercato-de-lubb-departs-et-arrivees-une-nouvelle-ere-sannonce\/#primaryimage\"},\"thumbnailUrl\":\"https:\/\/sport-index.fr\/blog\/wp-content\/uploads\/2025\/07\/sdxl-0e2a5748cbb52087d4d9c02f03d10b5e-scaled.png\",\"datePublished\":\"2026-09-01T16:03:51+00:00\",\"description\":\"D\u00e9part de Mahamadou Diaby, arriv\u00e9es de Barlot, Page-Relo et Palu : le mercato 2025 de l'UBB, mouvement par mouvement, avec le bilan de la saison 2025-2026.\",\"inLanguage\":\"fr-FR\",\"potentialAction\":[{\"@type\":\"ReadAction\",\"target\":[\"https:\/\/sport-index.fr\/blog\/a-la-une\/le-mercato-de-lubb-departs-et-arrivees-une-nouvelle-ere-sannonce\/\"]}]},{\"@type\":\"ImageObject\",\"inLanguage\":\"fr-FR\",\"@id\":\"https:\/\/sport-index.fr\/blog\/a-la-une\/le-mercato-de-lubb-departs-et-arrivees-une-nouvelle-ere-sannonce\/#primaryimage\",\"url\":\"https:\/\/sport-index.fr\/blog\/wp-content\/uploads\/2025\/07\/sdxl-0e2a5748cbb52087d4d9c02f03d10b5e-scaled.png\",\"contentUrl\":\"https:\/\/sport-index.fr\/blog\/wp-content\/uploads\/2025\/07\/sdxl-0e2a5748cbb52087d4d9c02f03d10b5e-scaled.png\",\"width\":1200,\"height\":500},{\"@type\":\"WebSite\",\"@id\":\"https:\/\/sport-index.fr\/blog\/#website\",\"url\":\"https:\/\/sport-index.fr\/blog\/\",\"name\":\"sport-index.fr\",\"description\":\"Le score de l\u2019analyse sportive.\",\"publisher\":{\"@id\":\"https:\/\/sport-index.fr\/blog\/#organization\"},\"alternateName\":\"Le score de l\u2019analyse sportive.\",\"potentialAction\":[{\"@type\":\"SearchAction\",\"target\":{\"@type\":\"EntryPoint\",\"urlTemplate\":\"https:\/\/sport-index.fr\/blog\/?s={search_term_string}\"},\"query-input\":{\"@type\":\"PropertyValueSpecification\",\"valueRequired\":true,\"valueName\":\"search_term_string\"}}],\"inLanguage\":\"fr-FR\"},{\"@type\":\"Organization\",\"@id\":\"https:\/\/sport-index.fr\/blog\/#organization\",\"name\":\"Foretsensations.fr\",\"url\":\"https:\/\/sport-index.fr\/blog\/\",\"logo\":{\"@type\":\"ImageObject\",\"inLanguage\":\"fr-FR\",\"@id\":\"https:\/\/sport-index.fr\/blog\/#\/schema\/logo\/image\/\",\"url\":\"https:\/\/sport-index.fr\/blog\/wp-content\/uploads\/2026\/07\/logo-auto.png\",\"contentUrl\":\"https:\/\/sport-index.fr\/blog\/wp-content\/uploads\/2026\/07\/logo-auto.png\",\"width\":1024,\"height\":1024,\"caption\":\"Foretsensations.fr\"},\"image\":{\"@id\":\"https:\/\/sport-index.fr\/blog\/#\/schema\/logo\/image\/\"}},{\"@type\":\"Person\",\"@id\":\"https:\/\/sport-index.fr\/blog\/#\/schema\/person\/3c864cdc320801e3db34b663e7e3f816\",\"name\":\"Axel Lauzier\",\"image\":{\"@type\":\"ImageObject\",\"inLanguage\":\"fr-FR\",\"@id\":\"https:\/\/sport-index.fr\/blog\/#\/schema\/person\/image\/\",\"url\":\"https:\/\/sport-index.fr\/blog\/wp-content\/uploads\/2026\/06\/persona_axel-l-96x96.jpg\",\"contentUrl\":\"https:\/\/sport-index.fr\/blog\/wp-content\/uploads\/2026\/06\/persona_axel-l-96x96.jpg\",\"caption\":\"Axel Lauzier\"},\"description\":\"Le sport rythme mon quotidien depuis l'enfance, et j'en ai fait mon m\u00e9tier d'analyste r\u00e9dactionnel il y a une dizaine d'ann\u00e9es. Je couvre principalement le football, son actualit\u00e9, ses transferts et l'analyse tactique des grandes affiches, mais aussi les disciplines plus confidentielles que j'aime remettre en lumi\u00e8re. Une partie de mon travail porte sur les pronostics et la lecture statistique d'un match : forme des \u00e9quipes, historique des confrontations, compositions, sans jamais vendre de fausse certitude. Je rappelle syst\u00e9matiquement que parier comporte un risque et doit rester un loisir ma\u00eetris\u00e9. Avant de signer une analyse, je v\u00e9rifie mes chiffres, je recoupe les compositions probables et je distingue toujours la donn\u00e9e brute de l'intuition. Mon objectif : offrir une lecture honn\u00eate et argument\u00e9e, pas un ticket gagnant garanti.\",\"sameAs\":[\"https:\/\/axellauzier.fr\/\"],\"url\":\"https:\/\/sport-index.fr\/blog\/auteur\/noname\/\"}]}<\/script>\n<!-- \/ Yoast SEO Premium plugin. -->","yoast_head_json":{"title":"Mercato UBB 2025 : d\u00e9parts, arriv\u00e9es et bilan v\u00e9rifi\u00e9","description":"D\u00e9part de Mahamadou Diaby, arriv\u00e9es de Barlot, Page-Relo et Palu : le mercato 2025 de l'UBB, mouvement par mouvement, avec le bilan de la saison 2025-2026.","robots":{"index":"index","follow":"follow","max-snippet":"max-snippet:-1","max-image-preview":"max-image-preview:large","max-video-preview":"max-video-preview:-1"},"canonical":"https:\/\/sport-index.fr\/blog\/a-la-une\/le-mercato-de-lubb-departs-et-arrivees-une-nouvelle-ere-sannonce\/","og_locale":"fr_FR","og_type":"article","og_title":"Mercato UBB 2025 : d\u00e9parts, arriv\u00e9es et bilan v\u00e9rifi\u00e9","og_description":"D\u00e9part de Mahamadou Diaby, arriv\u00e9es de Barlot, Page-Relo et Palu : le mercato 2025 de l'UBB, mouvement par mouvement, avec le bilan de la saison 2025-2026.","og_url":"https:\/\/sport-index.fr\/blog\/a-la-une\/le-mercato-de-lubb-departs-et-arrivees-une-nouvelle-ere-sannonce\/","og_site_name":"sport-index","author":"Axel Lauzier","twitter_card":"summary_large_image","schema":{"@context":"https:\/\/schema.org","@graph":[{"@type":"NewsArticle","@id":"https:\/\/sport-index.fr\/blog\/a-la-une\/le-mercato-de-lubb-departs-et-arrivees-une-nouvelle-ere-sannonce\/#article","isPartOf":{"@id":"https:\/\/sport-index.fr\/blog\/a-la-une\/le-mercato-de-lubb-departs-et-arrivees-une-nouvelle-ere-sannonce\/"},"author":{"name":"Axel Lauzier","@id":"https:\/\/sport-index.fr\/blog\/#\/schema\/person\/3c864cdc320801e3db34b663e7e3f816"},"headline":"Le mercato de l&rsquo;UBB : d\u00e9parts et arriv\u00e9es, le bilan de la nouvelle \u00e8re","datePublished":"2026-09-01T16:03:51+00:00","mainEntityOfPage":{"@id":"https:\/\/sport-index.fr\/blog\/a-la-une\/le-mercato-de-lubb-departs-et-arrivees-une-nouvelle-ere-sannonce\/"},"wordCount":1105,"commentCount":24,"publisher":{"@id":"https:\/\/sport-index.fr\/blog\/#organization"},"image":{"@id":"https:\/\/sport-index.fr\/blog\/a-la-une\/le-mercato-de-lubb-departs-et-arrivees-une-nouvelle-ere-sannonce\/#primaryimage"},"thumbnailUrl":"https:\/\/sport-index.fr\/blog\/wp-content\/uploads\/2025\/07\/sdxl-0e2a5748cbb52087d4d9c02f03d10b5e-scaled.png","keywords":["\u00c9quipe","Top 14","Union Bordeaux-B\u00e8gles"],"articleSection":["\u00c0 la une"],"inLanguage":"fr-FR","potentialAction":[{"@type":"CommentAction","name":"Comment","target":["https:\/\/sport-index.fr\/blog\/a-la-une\/le-mercato-de-lubb-departs-et-arrivees-une-nouvelle-ere-sannonce\/#respond"]}]},{"@type":"WebPage","@id":"https:\/\/sport-index.fr\/blog\/a-la-une\/le-mercato-de-lubb-departs-et-arrivees-une-nouvelle-ere-sannonce\/","url":"https:\/\/sport-index.fr\/blog\/a-la-une\/le-mercato-de-lubb-departs-et-arrivees-une-nouvelle-ere-sannonce\/","name":"Mercato UBB 2025 : d\u00e9parts, arriv\u00e9es et bilan v\u00e9rifi\u00e9","isPartOf":{"@id":"https:\/\/sport-index.fr\/blog\/#website"},"primaryImageOfPage":{"@id":"https:\/\/sport-index.fr\/blog\/a-la-une\/le-mercato-de-lubb-departs-et-arrivees-une-nouvelle-ere-sannonce\/#primaryimage"},"image":{"@id":"https:\/\/sport-index.fr\/blog\/a-la-une\/le-mercato-de-lubb-departs-et-arrivees-une-nouvelle-ere-sannonce\/#primaryimage"},"thumbnailUrl":"https:\/\/sport-index.fr\/blog\/wp-content\/uploads\/2025\/07\/sdxl-0e2a5748cbb52087d4d9c02f03d10b5e-scaled.png","datePublished":"2026-09-01T16:03:51+00:00","description":"D\u00e9part de Mahamadou Diaby, arriv\u00e9es de Barlot, Page-Relo et Palu : le mercato 2025 de l'UBB, mouvement par mouvement, avec le bilan de la saison 2025-2026.","inLanguage":"fr-FR","potentialAction":[{"@type":"ReadAction","target":["https:\/\/sport-index.fr\/blog\/a-la-une\/le-mercato-de-lubb-departs-et-arrivees-une-nouvelle-ere-sannonce\/"]}]},{"@type":"ImageObject","inLanguage":"fr-FR","@id":"https:\/\/sport-index.fr\/blog\/a-la-une\/le-mercato-de-lubb-departs-et-arrivees-une-nouvelle-ere-sannonce\/#primaryimage","url":"https:\/\/sport-index.fr\/blog\/wp-content\/uploads\/2025\/07\/sdxl-0e2a5748cbb52087d4d9c02f03d10b5e-scaled.png","contentUrl":"https:\/\/sport-index.fr\/blog\/wp-content\/uploads\/2025\/07\/sdxl-0e2a5748cbb52087d4d9c02f03d10b5e-scaled.png","width":1200,"height":500},{"@type":"WebSite","@id":"https:\/\/sport-index.fr\/blog\/#website","url":"https:\/\/sport-index.fr\/blog\/","name":"sport-index.fr","description":"Le score de l\u2019analyse sportive.","publisher":{"@id":"https:\/\/sport-index.fr\/blog\/#organization"},"alternateName":"Le score de l\u2019analyse sportive.","potentialAction":[{"@type":"SearchAction","target":{"@type":"EntryPoint","urlTemplate":"https:\/\/sport-index.fr\/blog\/?s={search_term_string}"},"query-input":{"@type":"PropertyValueSpecification","valueRequired":true,"valueName":"search_term_string"}}],"inLanguage":"fr-FR"},{"@type":"Organization","@id":"https:\/\/sport-index.fr\/blog\/#organization","name":"Foretsensations.fr","url":"https:\/\/sport-index.fr\/blog\/","logo":{"@type":"ImageObject","inLanguage":"fr-FR","@id":"https:\/\/sport-index.fr\/blog\/#\/schema\/logo\/image\/","url":"https:\/\/sport-index.fr\/blog\/wp-content\/uploads\/2026\/07\/logo-auto.png","contentUrl":"https:\/\/sport-index.fr\/blog\/wp-content\/uploads\/2026\/07\/logo-auto.png","width":1024,"height":1024,"caption":"Foretsensations.fr"},"image":{"@id":"https:\/\/sport-index.fr\/blog\/#\/schema\/logo\/image\/"}},{"@type":"Person","@id":"https:\/\/sport-index.fr\/blog\/#\/schema\/person\/3c864cdc320801e3db34b663e7e3f816","name":"Axel Lauzier","image":{"@type":"ImageObject","inLanguage":"fr-FR","@id":"https:\/\/sport-index.fr\/blog\/#\/schema\/person\/image\/","url":"https:\/\/sport-index.fr\/blog\/wp-content\/uploads\/2026\/06\/persona_axel-l-96x96.jpg","contentUrl":"https:\/\/sport-index.fr\/blog\/wp-content\/uploads\/2026\/06\/persona_axel-l-96x96.jpg","caption":"Axel Lauzier"},"description":"Le sport rythme mon quotidien depuis l'enfance, et j'en ai fait mon m\u00e9tier d'analyste r\u00e9dactionnel il y a une dizaine d'ann\u00e9es. Je couvre principalement le football, son actualit\u00e9, ses transferts et l'analyse tactique des grandes affiches, mais aussi les disciplines plus confidentielles que j'aime remettre en lumi\u00e8re. Une partie de mon travail porte sur les pronostics et la lecture statistique d'un match : forme des \u00e9quipes, historique des confrontations, compositions, sans jamais vendre de fausse certitude. Je rappelle syst\u00e9matiquement que parier comporte un risque et doit rester un loisir ma\u00eetris\u00e9. Avant de signer une analyse, je v\u00e9rifie mes chiffres, je recoupe les compositions probables et je distingue toujours la donn\u00e9e brute de l'intuition. Mon objectif : offrir une lecture honn\u00eate et argument\u00e9e, pas un ticket gagnant garanti.","sameAs":["https:\/\/axellauzier.fr\/"],"url":"https:\/\/sport-index.fr\/blog\/auteur\/noname\/"}]}},"_links":{"self":[{"href":"https:\/\/sport-index.fr\/blog\/wp-json\/wp\/v2\/posts\/17203","targetHints":{"allow":["GET"]}}],"collection":[{"href":"https:\/\/sport-index.fr\/blog\/wp-json\/wp\/v2\/posts"}],"about":[{"href":"https:\/\/sport-index.fr\/blog\/wp-json\/wp\/v2\/types\/post"}],"author":[{"embeddable":true,"href":"https:\/\/sport-index.fr\/blog\/wp-json\/wp\/v2\/users\/34"}],"replies":[{"embeddable":true,"href":"https:\/\/sport-index.fr\/blog\/wp-json\/wp\/v2\/comments?post=17203"}],"version-history":[{"count":2,"href":"https:\/\/sport-index.fr\/blog\/wp-json\/wp\/v2\/posts\/17203\/revisions"}],"predecessor-version":[{"id":18371,"href":"https:\/\/sport-index.fr\/blog\/wp-json\/wp\/v2\/posts\/17203\/revisions\/18371"}],"wp:featuredmedia":[{"embeddable":true,"href":"https:\/\/sport-index.fr\/blog\/wp-json\/wp\/v2\/media\/17382"}],"wp:attachment":[{"href":"https:\/\/sport-index.fr\/blog\/wp-json\/wp\/v2\/media?parent=17203"}],"wp:term":[{"taxonomy":"category","embeddable":true,"href":"https:\/\/sport-index.fr\/blog\/wp-json\/wp\/v2\/categories?post=17203"},{"taxonomy":"post_tag","embeddable":true,"href":"https:\/\/sport-index.fr\/blog\/wp-json\/wp\/v2\/tags?post=17203"}],"curies":[{"name":"wp","href":"https:\/\/api.w.org\/{rel}","templated":true}]}}