{"id":17214,"date":"2026-05-18T19:35:36","date_gmt":"2026-05-18T17:35:36","guid":{"rendered":"https:\/\/sport-index.fr\/blog\/?p=17214"},"modified":"2026-05-18T19:35:36","modified_gmt":"2026-05-18T17:35:36","slug":"une-soiree-memorable-a-lelysee-theo-bastardie-partage-son-experience-unique-avec-lula","status":"publish","type":"post","link":"https:\/\/sport-index.fr\/blog\/a-la-une\/une-soiree-memorable-a-lelysee-theo-bastardie-partage-son-experience-unique-avec-lula\/","title":{"rendered":"Une soir\u00e9e m\u00e9morable \u00e0 l\u2019\u00c9lys\u00e9e : Th\u00e9o Bastardie partage son exp\u00e9rience unique avec Lula"},"content":{"rendered":"<h2>Une invitation inattendue \u00e0 l&rsquo;\u00c9lys\u00e9e<\/h2>\n<aside style=\"background:#f1f5f1;border-left:5px solid #2a5f3f;padding:22px 28px;margin:24px 0;font-family:-apple-system,BlinkMacSystemFont,'Segoe UI',Roboto,sans-serif;\">\n<div style=\"margin:0;font-size:19px;line-height:1.55;color:#2a2a2a;font-weight:500;letter-spacing:-0.005em;\">Re\u00e7u autour d&rsquo;une table o\u00f9 se croisent dirigeants politiques, capitaines d&rsquo;industrie et figures culturelles, Th\u00e9o Bastardie a v\u00e9cu une parenth\u00e8se rare. R\u00e9cit d&rsquo;une soir\u00e9e pr\u00e9sidentielle o\u00f9 le rugby s&rsquo;est invit\u00e9 dans la diplomatie franco-br\u00e9silienne.<\/div>\n<\/aside>\n<p>Tout a commenc\u00e9 par un appel inattendu de William Massari-Elman, conseiller aux sports du pr\u00e9sident fran\u00e7ais, qui a suscit\u00e9 son \u00e9tonnement. Se rendant compte que l&rsquo;appel n&rsquo;\u00e9tait pas une blague, Th\u00e9o s&rsquo;est pr\u00e9par\u00e9 pour cette rencontre prestigieuse, \u00e0 mi-chemin entre l&rsquo;honneur officiel et la curiosit\u00e9 personnelle.<\/p>\n<p>Lors de cet \u00e9v\u00e9nement, il s&rsquo;est retrouv\u00e9 \u00e0 une table pleine de personnalit\u00e9s influentes, dont Jack Lang et Manuel Valls. \u00ab C&rsquo;\u00e9tait une bonne tabl\u00e9e \u00bb, se souvient-il, soulignant la surprise de se retrouver \u00e0 c\u00f4toyer des figures politiques et culturelles. En effet, il n&rsquo;est pas courant pour un athl\u00e8te de se voir offrir une telle opportunit\u00e9 de croiser des leaders de divers domaines au sein du palais pr\u00e9sidentiel.<\/p>\n<aside style=\"background:#fafaf7;border:1px solid #e5e5e0;border-radius:8px;padding:24px 26px 26px;margin:28px 0;font-family:-apple-system,BlinkMacSystemFont,'Segoe UI',Roboto,sans-serif;\">\n<div style=\"margin:0 0 18px 0;font-size:11px;font-weight:700;text-transform:uppercase;letter-spacing:2.2px;color:#2a5f3f;\">\u00c0 retenir<\/div>\n<div style=\"display:grid;grid-template-columns:repeat(auto-fit,minmax(240px,1fr));gap:10px;\">\n<div style=\"display:flex;gap:12px;background:#fff;border:1px solid #ebebe5;padding:12px 14px;border-radius:6px;align-items:flex-start;\">\n      <span style=\"flex:0 0 26px;width:26px;height:26px;background:#2a5f3f;color:#fff;border-radius:50%;display:inline-flex;align-items:center;justify-content:center;font-size:12px;font-weight:700;font-family:-apple-system,sans-serif;\">1<\/span><br \/>\n      <span style=\"font-size:14px;line-height:1.5;color:#2a2a2a;\">Une invitation officielle re\u00e7ue \u00e0 la suite d&rsquo;un appel direct du conseiller aux sports.<\/span>\n    <\/div>\n<div style=\"display:flex;gap:12px;background:#fff;border:1px solid #ebebe5;padding:12px 14px;border-radius:6px;align-items:flex-start;\">\n      <span style=\"flex:0 0 26px;width:26px;height:26px;background:#2a5f3f;color:#fff;border-radius:50%;display:inline-flex;align-items:center;justify-content:center;font-size:12px;font-weight:700;font-family:-apple-system,sans-serif;\">2<\/span><br \/>\n      <span style=\"font-size:14px;line-height:1.5;color:#2a2a2a;\">Tabl\u00e9e m\u00ealant Jack Lang, Manuel Valls et dirigeants \u00e9conomiques de premier plan.<\/span>\n    <\/div>\n<div style=\"display:flex;gap:12px;background:#fff;border:1px solid #ebebe5;padding:12px 14px;border-radius:6px;align-items:flex-start;\">\n      <span style=\"flex:0 0 26px;width:26px;height:26px;background:#2a5f3f;color:#fff;border-radius:50%;display:inline-flex;align-items:center;justify-content:center;font-size:12px;font-weight:700;font-family:-apple-system,sans-serif;\">3<\/span><br \/>\n      <span style=\"font-size:14px;line-height:1.5;color:#2a2a2a;\">D\u00eener sign\u00e9 Guy Savoy, dans le d\u00e9cor d&rsquo;un palais pr\u00e9sidentiel impressionnant.<\/span>\n    <\/div>\n<div style=\"display:flex;gap:12px;background:#fff;border:1px solid #ebebe5;padding:12px 14px;border-radius:6px;align-items:flex-start;\">\n      <span style=\"flex:0 0 26px;width:26px;height:26px;background:#2a5f3f;color:#fff;border-radius:50%;display:inline-flex;align-items:center;justify-content:center;font-size:12px;font-weight:700;font-family:-apple-system,sans-serif;\">4<\/span><br \/>\n      <span style=\"font-size:14px;line-height:1.5;color:#2a2a2a;\">Conversations centr\u00e9es sur le rugby, le match Espagne\u2013France et l&rsquo;identit\u00e9 franco-br\u00e9silienne.<\/span>\n    <\/div>\n<div style=\"display:flex;gap:12px;background:#fff;border:1px solid #ebebe5;padding:12px 14px;border-radius:6px;align-items:flex-start;\">\n      <span style=\"flex:0 0 26px;width:26px;height:26px;background:#2a5f3f;color:#fff;border-radius:50%;display:inline-flex;align-items:center;justify-content:center;font-size:12px;font-weight:700;font-family:-apple-system,sans-serif;\">5<\/span><br \/>\n      <span style=\"font-size:14px;line-height:1.5;color:#2a2a2a;\">Une \u00e9tape symbolique avant les \u00e9ch\u00e9ances de la Coupe du monde et la saison Br\u00e9sil\u2013France.<\/span>\n    <\/div>\n<\/p><\/div>\n<\/aside>\n<h2>Un moment de partage et d&rsquo;\u00e9changes<\/h2>\n<p>Th\u00e9o a pu \u00e9changer avec les convives sur divers sujets allant du rugby aux \u00e9v\u00e9nements sportifs \u00e0 venir. \u00ab Je me suis dit : \u00ab\u00a0Qu&rsquo;est-ce que je vais raconter \u00e0 ces gens-l\u00e0 ?\u00a0\u00bb \u00bb, avoue-t-il, mais il a finalement trouv\u00e9 le soutien et l&rsquo;int\u00e9r\u00eat de ses interlocuteurs. Les discussions ont \u00e9t\u00e9 riches et vari\u00e9es, m\u00ealant anecdotes sportives et exp\u00e9riences personnelles, ponctu\u00e9es d&rsquo;une curiosit\u00e9 sinc\u00e8re pour le parcours du joueur.<\/p>\n<p>Les invit\u00e9s ont montr\u00e9 un int\u00e9r\u00eat particulier pour son parcours atypique, se questionnant sur ses origines br\u00e9siliennes et son int\u00e9gration dans l&rsquo;\u00e9quipe nationale. Ces \u00e9changes lui ont permis de se sentir \u00e0 l&rsquo;aise dans cet environnement parfois intimidant, renfor\u00e7ant ainsi ses liens avec ces personnalit\u00e9s de renom et confirmant que le sport reste un formidable passeport entre univers cloisonn\u00e9s.<\/p>\n<aside style=\"background:#fff7e0;border-left:4px solid #d4a017;padding:14px 18px;margin:18px 0;border-radius:0 4px 4px 0;font-family:-apple-system,BlinkMacSystemFont,'Segoe UI',Roboto,sans-serif;\">\n  <strong style=\"display:inline-block;color:#7a5e00;font-size:12px;text-transform:uppercase;letter-spacing:1.5px;margin-right:8px;\">&#128161; Bon \u00e0 savoir<\/strong><br \/>\n  <span style=\"font-size:14.5px;line-height:1.55;color:#3a3a3a;\">Les d\u00eeners d&rsquo;\u00c9tat \u00e0 l&rsquo;\u00c9lys\u00e9e rassemblent en moyenne une centaine de convives, s\u00e9lectionn\u00e9s par le protocole pour refl\u00e9ter l&rsquo;agenda diplomatique du moment \u2014 ici, la saison crois\u00e9e franco-br\u00e9silienne.<\/span><br \/>\n<\/aside>\n<div style=\"display:grid;grid-template-columns:repeat(auto-fit,minmax(220px,1fr));gap:14px;margin:28px 0;font-family:-apple-system,BlinkMacSystemFont,'Segoe UI',Roboto,sans-serif;\">\n<article style=\"background:#fff;border:1px solid #e5e5e0;border-top:3px solid #2a5f3f;border-radius:6px;padding:18px 18px 16px;\">\n<div style=\"width:36px;height:36px;background:#f1f5f1;border-radius:50%;display:inline-flex;align-items:center;justify-content:center;margin-bottom:12px;\">\n      <span style=\"font-size:18px;color:#2a5f3f;font-weight:900;font-family:Georgia,serif;\">01<\/span>\n    <\/div>\n<h3 style=\"margin:0 0 6px 0;font-size:16px;font-weight:700;color:#1a1a1a;letter-spacing:-0.01em;\">L&rsquo;appel d\u00e9cisif<\/h3>\n<div style=\"margin:0;font-size:13.5px;line-height:1.55;color:#4a4a4a;\">Une voix officielle au bout du fil, une invitation que l&rsquo;on croit d&rsquo;abord \u00e0 une blague, puis la prise de conscience qu&rsquo;il s&rsquo;agit bien d&rsquo;une convocation pr\u00e9sidentielle.<\/div>\n<\/article>\n<article style=\"background:#fff;border:1px solid #e5e5e0;border-top:3px solid #2a5f3f;border-radius:6px;padding:18px 18px 16px;\">\n<div style=\"width:36px;height:36px;background:#f1f5f1;border-radius:50%;display:inline-flex;align-items:center;justify-content:center;margin-bottom:12px;\">\n      <span style=\"font-size:18px;color:#2a5f3f;font-weight:900;font-family:Georgia,serif;\">02<\/span>\n    <\/div>\n<h3 style=\"margin:0 0 6px 0;font-size:16px;font-weight:700;color:#1a1a1a;letter-spacing:-0.01em;\">Arriv\u00e9e au palais<\/h3>\n<div style=\"margin:0;font-size:13.5px;line-height:1.55;color:#4a4a4a;\">Lustres majestueux, parquet cir\u00e9, huissiers en tenue : la mat\u00e9rialit\u00e9 d&rsquo;un lieu vu mille fois \u00e0 la t\u00e9l\u00e9vision devient soudain tangible.<\/div>\n<\/article>\n<article style=\"background:#fff;border:1px solid #e5e5e0;border-top:3px solid #2a5f3f;border-radius:6px;padding:18px 18px 16px;\">\n<div style=\"width:36px;height:36px;background:#f1f5f1;border-radius:50%;display:inline-flex;align-items:center;justify-content:center;margin-bottom:12px;\">\n      <span style=\"font-size:18px;color:#2a5f3f;font-weight:900;font-family:Georgia,serif;\">03<\/span>\n    <\/div>\n<h3 style=\"margin:0 0 6px 0;font-size:16px;font-weight:700;color:#1a1a1a;letter-spacing:-0.01em;\">La table partag\u00e9e<\/h3>\n<div style=\"margin:0;font-size:13.5px;line-height:1.55;color:#4a4a4a;\">Anciens ministres, dirigeants culturels et capitaines d&rsquo;industrie r\u00e9unis sur la m\u00eame nappe damass\u00e9e \u2014 un terrain neutre o\u00f9 chacun pose ses armes.<\/div>\n<\/article>\n<article style=\"background:#fff;border:1px solid #e5e5e0;border-top:3px solid #2a5f3f;border-radius:6px;padding:18px 18px 16px;\">\n<div style=\"width:36px;height:36px;background:#f1f5f1;border-radius:50%;display:inline-flex;align-items:center;justify-content:center;margin-bottom:12px;\">\n      <span style=\"font-size:18px;color:#2a5f3f;font-weight:900;font-family:Georgia,serif;\">04<\/span>\n    <\/div>\n<h3 style=\"margin:0 0 6px 0;font-size:16px;font-weight:700;color:#1a1a1a;letter-spacing:-0.01em;\">Le moment Bernard Arnault<\/h3>\n<div style=\"margin:0;font-size:13.5px;line-height:1.55;color:#4a4a4a;\">Une poign\u00e9e de main br\u00e8ve mais marquante avec l&rsquo;une des figures les plus influentes du capitalisme fran\u00e7ais, rest\u00e9e grav\u00e9e dans le r\u00e9cit du joueur.<\/div>\n<\/article>\n<\/div>\n<h2>Des souvenirs marquants et des rencontres inspirantes<\/h2>\n<p>Parmi les anecdotes m\u00e9morables, Th\u00e9o a partag\u00e9 sa rencontre avec Bernard Arnault et ses \u00e9changes avec Manuel Valls sur le match Espagne-France qui se d\u00e9roulait ce soir-l\u00e0. \u00ab C&rsquo;\u00e9tait fou de serrer la main de Bernard Arnault \u00bb, confie-t-il, impressionn\u00e9 par la stature de cet homme d&rsquo;affaires. Ces interactions lui ont permis de sortir de sa zone de confort et de comprendre l&rsquo;importance de la culture dans le sport.<\/p>\n<figure style=\"margin:38px auto;padding:28px 24px;text-align:center;border-top:1px solid #2a2a2a;border-bottom:1px solid #2a2a2a;max-width:640px;position:relative;font-family:Georgia,'Hoefler Text',serif;\">\n<div style=\"position:absolute;top:-20px;left:50%;transform:translateX(-50%);background:#ffffff;padding:0 14px;font-size:48px;line-height:1;color:#2a5f3f;font-family:Georgia,serif;\">&laquo;<\/div>\n<blockquote style=\"margin:0;padding:0;font-size:24px;line-height:1.45;font-style:italic;color:#1a1a1a;letter-spacing:-0.005em;\"><p>\n    Je me suis dit : \u00ab Qu&rsquo;est-ce que je vais raconter \u00e0 ces gens-l\u00e0 ? \u00bb<br \/>\n  <\/blockquote><figcaption style=\"margin-top:14px;font-size:12px;text-transform:uppercase;letter-spacing:2px;color:#6a6a6a;font-family:-apple-system,sans-serif;font-style:normal;\">\u2014 Le joueur, \u00e0 propos de son arriv\u00e9e \u00e0 table<\/figcaption><\/figure>\n<p>Th\u00e9o a \u00e9galement \u00e9t\u00e9 touch\u00e9 par la beaut\u00e9 du palais pr\u00e9sidentiel, d\u00e9crivant les lustres majestueux et le service impeccable. \u00ab C&rsquo;est un palais magnifique \u00bb, dit-il, \u00e9merveill\u00e9 par l&rsquo;organisation et le professionnalisme des serveurs. Ces d\u00e9tails ont ajout\u00e9 une touche de magie \u00e0 cette soir\u00e9e d\u00e9j\u00e0 exceptionnelle, et confirm\u00e9 que le d\u00e9cor p\u00e8se autant que le contenu protocolaire dans la m\u00e9moire des invit\u00e9s.<\/p>\n<figure style=\"margin:32px 0;font-family:-apple-system,BlinkMacSystemFont,'Segoe UI',Roboto,sans-serif;\">\n<div style=\"overflow-x:auto;border:1px solid #e5e5e0;border-radius:8px;\">\n<table style=\"width:100%;border-collapse:collapse;font-size:14px;color:#2a2a2a;min-width:500px;\">\n<thead>\n<tr style=\"background:#1a1a1a;color:#fff;\">\n<th style=\"text-align:left;padding:14px 18px;font-weight:700;font-size:12px;text-transform:uppercase;letter-spacing:1.5px;\">Temps fort<\/th>\n<th style=\"text-align:left;padding:14px 18px;font-weight:700;font-size:12px;text-transform:uppercase;letter-spacing:1.5px;\">Personnalit\u00e9 crois\u00e9e<\/th>\n<th style=\"text-align:center;padding:14px 18px;font-weight:700;font-size:12px;text-transform:uppercase;letter-spacing:1.5px;\">Registre d&rsquo;\u00e9change<\/th>\n<\/tr>\n<\/thead>\n<tbody>\n<tr style=\"background:#fff;border-bottom:1px solid #f0ede5;\">\n<td style=\"padding:14px 18px;font-weight:600;\">L&rsquo;appel initial<\/td>\n<td style=\"padding:14px 18px;color:#4a4a4a;\">William Massari-Elman<\/td>\n<td style=\"padding:14px 18px;text-align:center;color:#6a6a6a;\">Officiel<\/td>\n<\/tr>\n<tr style=\"background:#fafaf7;border-bottom:1px solid #f0ede5;\">\n<td style=\"padding:14px 18px;font-weight:600;\">Discussion politique<\/td>\n<td style=\"padding:14px 18px;color:#4a4a4a;\">Jack Lang<\/td>\n<td style=\"padding:14px 18px;text-align:center;color:#6a6a6a;\">Culturel<\/td>\n<\/tr>\n<tr style=\"background:#fff;border-bottom:1px solid #f0ede5;\">\n<td style=\"padding:14px 18px;font-weight:600;\">Match Espagne\u2013France<\/td>\n<td style=\"padding:14px 18px;color:#4a4a4a;\">Manuel Valls<\/td>\n<td style=\"padding:14px 18px;text-align:center;color:#6a6a6a;\">Sportif<\/td>\n<\/tr>\n<tr style=\"background:#fafaf7;border-bottom:1px solid #f0ede5;\">\n<td style=\"padding:14px 18px;font-weight:600;\">Poign\u00e9e de main marquante<\/td>\n<td style=\"padding:14px 18px;color:#4a4a4a;\">Bernard Arnault<\/td>\n<td style=\"padding:14px 18px;text-align:center;color:#6a6a6a;\">\u00c9conomique<\/td>\n<\/tr>\n<tr style=\"background:#fff;\">\n<td style=\"padding:14px 18px;font-weight:600;\">D\u00eener gastronomique<\/td>\n<td style=\"padding:14px 18px;color:#4a4a4a;\">Brigade de Guy Savoy<\/td>\n<td style=\"padding:14px 18px;text-align:center;color:#6a6a6a;\">Culinaire<\/td>\n<\/tr>\n<\/tbody>\n<\/table><\/div>\n<\/figure>\n<h2>Le rugby en passerelle diplomatique<\/h2>\n<p>Au-del\u00e0 du protocole, ce d\u00eener illustre une tendance discr\u00e8te mais r\u00e9elle : les sportifs de haut niveau sont de plus en plus convi\u00e9s aux temps forts de la diplomatie culturelle. Leur parcours, souvent m\u00e9tiss\u00e9, leur permet d&rsquo;incarner des liens entre pays mieux qu&rsquo;aucun discours officiel. Pour un joueur franco-br\u00e9silien, la passerelle est \u00e9vidente \u2014 et l&rsquo;agenda 2026 entre la France et le Br\u00e9sil multiplie les occasions de la mat\u00e9rialiser.<\/p>\n<aside style=\"background:#e7f5ec;border-left:4px solid #2a5f3f;padding:14px 18px;margin:18px 0;border-radius:0 4px 4px 0;font-family:-apple-system,BlinkMacSystemFont,'Segoe UI',Roboto,sans-serif;\">\n  <strong style=\"display:inline-block;color:#1d4a30;font-size:12px;text-transform:uppercase;letter-spacing:1.5px;margin-right:8px;\">&#10022; Astuce<\/strong><br \/>\n  <span style=\"font-size:14.5px;line-height:1.55;color:#3a3a3a;\">\u00c0 l&rsquo;occasion d&rsquo;un d\u00eener officiel, mieux vaut \u00e9couter d&rsquo;abord et raconter ensuite : les figures de pouvoir appr\u00e9cient les profils qui dialoguent plut\u00f4t que ceux qui exposent un parcours en monologue.<\/span><br \/>\n<\/aside>\n<div style=\"display:grid;grid-template-columns:repeat(auto-fit,minmax(260px,1fr));gap:14px;margin:28px 0;font-family:-apple-system,BlinkMacSystemFont,'Segoe UI',Roboto,sans-serif;\">\n<div style=\"background:#fafaf7;border:1px solid #c4dfcd;border-top:4px solid #2a5f3f;border-radius:4px;padding:20px 22px;\">\n<h3 style=\"margin:0 0 14px 0;font-size:13px;font-weight:700;text-transform:uppercase;letter-spacing:1.8px;color:#1d4a30;\">&#10003; \u00c0 retenir de la soir\u00e9e<\/h3>\n<ul style=\"margin:0;padding:0;list-style:none;\">\n<li style=\"display:flex;gap:10px;align-items:flex-start;padding:6px 0;font-size:14px;line-height:1.5;color:#2a2a2a;border-bottom:1px solid #ebebe5;\"><span style=\"color:#2a5f3f;font-weight:700;flex:0 0 14px;\">&#10003;<\/span><span>Une invitation institutionnelle assum\u00e9e comme une opportunit\u00e9.<\/span><\/li>\n<li style=\"display:flex;gap:10px;align-items:flex-start;padding:6px 0;font-size:14px;line-height:1.5;color:#2a2a2a;border-bottom:1px solid #ebebe5;\"><span style=\"color:#2a5f3f;font-weight:700;flex:0 0 14px;\">&#10003;<\/span><span>Un parcours franco-br\u00e9silien valoris\u00e9 aupr\u00e8s des convives.<\/span><\/li>\n<li style=\"display:flex;gap:10px;align-items:flex-start;padding:6px 0;font-size:14px;line-height:1.5;color:#2a2a2a;border-bottom:1px solid #ebebe5;\"><span style=\"color:#2a5f3f;font-weight:700;flex:0 0 14px;\">&#10003;<\/span><span>Des conversations sportives qui d\u00e9bouchent sur des liens humains.<\/span><\/li>\n<li style=\"display:flex;gap:10px;align-items:flex-start;padding:6px 0;font-size:14px;line-height:1.5;color:#2a2a2a;\"><span style=\"color:#2a5f3f;font-weight:700;flex:0 0 14px;\">&#10003;<\/span><span>Une exp\u00e9rience qui \u00e9largit la perception du m\u00e9tier de joueur.<\/span><\/li>\n<\/ul><\/div>\n<div style=\"background:#fafaf7;border:1px solid #f3cccc;border-top:4px solid #c54848;border-radius:4px;padding:20px 22px;\">\n<h3 style=\"margin:0 0 14px 0;font-size:13px;font-weight:700;text-transform:uppercase;letter-spacing:1.8px;color:#8a2020;\">&#10005; \u00c0 \u00e9viter en pareille situation<\/h3>\n<ul style=\"margin:0;padding:0;list-style:none;\">\n<li style=\"display:flex;gap:10px;align-items:flex-start;padding:6px 0;font-size:14px;line-height:1.5;color:#2a2a2a;border-bottom:1px solid #ebebe5;\"><span style=\"color:#c54848;font-weight:700;flex:0 0 14px;\">&#10005;<\/span><span>Prendre l&rsquo;invitation \u00e0 la l\u00e9g\u00e8re ou la d\u00e9cliner par timidit\u00e9.<\/span><\/li>\n<li style=\"display:flex;gap:10px;align-items:flex-start;padding:6px 0;font-size:14px;line-height:1.5;color:#2a2a2a;border-bottom:1px solid #ebebe5;\"><span style=\"color:#c54848;font-weight:700;flex:0 0 14px;\">&#10005;<\/span><span>R\u00e9citer un CV sportif au lieu d&rsquo;\u00e9couter ses interlocuteurs.<\/span><\/li>\n<li style=\"display:flex;gap:10px;align-items:flex-start;padding:6px 0;font-size:14px;line-height:1.5;color:#2a2a2a;border-bottom:1px solid #ebebe5;\"><span style=\"color:#c54848;font-weight:700;flex:0 0 14px;\">&#10005;<\/span><span>Confondre proximit\u00e9 d&rsquo;un soir et amiti\u00e9 durable.<\/span><\/li>\n<li style=\"display:flex;gap:10px;align-items:flex-start;padding:6px 0;font-size:14px;line-height:1.5;color:#2a2a2a;\"><span style=\"color:#c54848;font-weight:700;flex:0 0 14px;\">&#10005;<\/span><span>Oublier que le terrain reste le seul juge final.<\/span><\/li>\n<\/ul><\/div>\n<\/div>\n<h2>Un tremplin vers la Coupe du monde<\/h2>\n<p>En fin de compte, cette exp\u00e9rience unique a permis \u00e0 Th\u00e9o Bastardie de tisser des liens avec des figures politiques et culturelles tout en renfor\u00e7ant son identit\u00e9 franco-br\u00e9silienne. Le rugbyman a su profiter de cette occasion pour parler de ses ambitions et de ses projets futurs, notamment sa participation aux qualifications pour la Coupe du monde. \u00c0 travers cette soir\u00e9e, il a non seulement \u00e9largi son r\u00e9seau, mais a aussi redonn\u00e9 un souffle \u00e0 ses aspirations sportives.<\/p>\n<aside style=\"background:#fdecec;border-left:4px solid #c54848;padding:14px 18px;margin:18px 0;border-radius:0 4px 4px 0;font-family:-apple-system,BlinkMacSystemFont,'Segoe UI',Roboto,sans-serif;\">\n  <strong style=\"display:inline-block;color:#8a2020;font-size:12px;text-transform:uppercase;letter-spacing:1.5px;margin-right:8px;\">&#9888;&#65039; Attention<\/strong><br \/>\n  <span style=\"font-size:14.5px;line-height:1.55;color:#3a3a3a;\">L&rsquo;effet \u00ab palais \u00bb peut vite \u00e9clipser l&rsquo;objectif sportif. Les joueurs qui durent au plus haut niveau gardent la m\u00eame routine d&rsquo;entra\u00eenement le lendemain, comme si rien ne s&rsquo;\u00e9tait pass\u00e9.<\/span><br \/>\n<\/aside>\n<p>Alors que la saison Br\u00e9sil-France approche, Th\u00e9o esp\u00e8re jouer un r\u00f4le cl\u00e9 dans la qualification de son \u00e9quipe pour la Coupe du monde, tout en continuant \u00e0 partager ses exp\u00e9riences avec le public. Sa soir\u00e9e \u00e0 l&rsquo;\u00c9lys\u00e9e est une belle illustration de la mani\u00e8re dont le sport peut rassembler des cultures et des personnes de tous horizons. En somme, le joueur n&rsquo;a pas seulement assist\u00e9 \u00e0 un d\u00eener d&rsquo;\u00c9tat, il a \u00e9galement pris part \u00e0 un \u00e9change culturel enrichissant qui marquera sa carri\u00e8re.<\/p>\n<section style=\"margin:32px 0;font-family:-apple-system,BlinkMacSystemFont,'Segoe UI',Roboto,sans-serif;\">\n<h2 style=\"margin:0 0 18px 0;font-size:22px;font-weight:800;color:#1a1a1a;letter-spacing:-0.01em;\">Questions fr\u00e9quentes<\/h2>\n<div style=\"border-top:1px solid #d4cfc4;\">\n<details style=\"border-bottom:1px solid #d4cfc4;padding:0;\">\n<summary style=\"cursor:pointer;padding:16px 0;font-size:17px;font-weight:700;color:#1a1a1a;list-style:none;display:flex;justify-content:space-between;align-items:center;gap:14px;\">\n        <span>Comment un joueur est-il invit\u00e9 \u00e0 un d\u00eener d&rsquo;\u00c9tat ?<\/span><br \/>\n        <span style=\"font-size:22px;font-weight:300;color:#2a5f3f;line-height:1;\">+<\/span><br \/>\n      <\/summary>\n<div style=\"padding:0 0 16px 0;font-size:15px;line-height:1.7;color:#4a4a4a;\">L&rsquo;invitation transite g\u00e9n\u00e9ralement par le conseiller aux sports de la pr\u00e9sidence, qui coordonne avec le protocole. Le choix d\u00e9pend des th\u00e9matiques abord\u00e9es : ici la saison crois\u00e9e franco-br\u00e9silienne expliquait la pr\u00e9sence d&rsquo;un sportif au profil binational.<\/div>\n<\/details>\n<details style=\"border-bottom:1px solid #d4cfc4;padding:0;\">\n<summary style=\"cursor:pointer;padding:16px 0;font-size:17px;font-weight:700;color:#1a1a1a;list-style:none;display:flex;justify-content:space-between;align-items:center;gap:14px;\">\n        <span>Pourquoi le rugby s&rsquo;invite-t-il dans la diplomatie franco-br\u00e9silienne ?<\/span><br \/>\n        <span style=\"font-size:22px;font-weight:300;color:#2a5f3f;line-height:1;\">+<\/span><br \/>\n      <\/summary>\n<div style=\"padding:0 0 16px 0;font-size:15px;line-height:1.7;color:#4a4a4a;\">Le d\u00e9veloppement du rugby au Br\u00e9sil et la pr\u00e9sence de joueurs franco-br\u00e9siliens en \u00e9quipe nationale en font un terrain symbolique commun, propice aux \u00e9changes culturels et \u00e9conomiques entre les deux pays.<\/div>\n<\/details>\n<details style=\"border-bottom:1px solid #d4cfc4;padding:0;\">\n<summary style=\"cursor:pointer;padding:16px 0;font-size:17px;font-weight:700;color:#1a1a1a;list-style:none;display:flex;justify-content:space-between;align-items:center;gap:14px;\">\n        <span>Quel impact sportif apr\u00e8s une telle soir\u00e9e ?<\/span><br \/>\n        <span style=\"font-size:22px;font-weight:300;color:#2a5f3f;line-height:1;\">+<\/span><br \/>\n      <\/summary>\n<div style=\"padding:0 0 16px 0;font-size:15px;line-height:1.7;color:#4a4a4a;\">L&rsquo;effet est avant tout symbolique : reconnaissance institutionnelle et confiance renforc\u00e9e. Sur le terrain, la routine ne change pas \u2014 les qualifications pour la Coupe du monde restent le seul indicateur r\u00e9el.<\/div>\n<\/details>\n<details style=\"padding:0;\">\n<summary style=\"cursor:pointer;padding:16px 0;font-size:17px;font-weight:700;color:#1a1a1a;list-style:none;display:flex;justify-content:space-between;align-items:center;gap:14px;\">\n        <span>Qui pr\u00e9pare habituellement le d\u00eener \u00e0 l&rsquo;\u00c9lys\u00e9e ?<\/span><br \/>\n        <span style=\"font-size:22px;font-weight:300;color:#2a5f3f;line-height:1;\">+<\/span><br \/>\n      <\/summary>\n<div style=\"padding:0 0 16px 0;font-size:15px;line-height:1.7;color:#4a4a4a;\">La cuisine pr\u00e9sidentielle dispose de sa propre brigade, mais pour les d\u00eeners d&rsquo;apparat, le protocole invite r\u00e9guli\u00e8rement de grands chefs \u00e9toil\u00e9s \u00e0 composer le menu \u2014 Guy Savoy figure parmi les habitu\u00e9s des grandes occasions.<\/div>\n<\/details><\/div>\n<\/section>\n","protected":false},"excerpt":{"rendered":"","protected":false},"author":34,"featured_media":17221,"comment_status":"open","ping_status":"open","sticky":false,"template":"","format":"standard","meta":{"_acf_changed":false,"manual_indexmenow":false,"indexmenow_id_project":0,"footnotes":""},"categories":[1],"tags":[4685,4561,4563,4536,4554],"class_list":["post-17214","post","type-post","status-publish","format-standard","has-post-thumbnail","hentry","category-a-la-une","tag-evenements-sportifs","tag-gestion-des-talents","tag-performance-athletique","tag-rugby","tag-xv-de-france","generate-columns","tablet-grid-50","mobile-grid-100","grid-parent","grid-25"],"acf":[],"yoast_head":"<!-- This site is optimized with the Yoast SEO Premium plugin v21.3 (Yoast SEO v26.5) - https:\/\/yoast.com\/wordpress\/plugins\/seo\/ -->\n<title>Une soir\u00e9e m\u00e9morable \u00e0 l\u2019\u00c9lys\u00e9e : Th\u00e9o Bastardie partage<\/title>\n<meta name=\"description\" content=\"Une invitation inattendue \u00e0 l&#039;\u00c9lys\u00e9e Re\u00e7u autour d&#039;une table o\u00f9 se croisent dirigeants politiques, capitaines d&#039;industrie et figures culturelles, Th\u00e9o\u2026\" \/>\n<meta name=\"robots\" content=\"index, follow, max-snippet:-1, max-image-preview:large, max-video-preview:-1\" \/>\n<link rel=\"canonical\" href=\"https:\/\/sport-index.fr\/blog\/a-la-une\/une-soiree-memorable-a-lelysee-theo-bastardie-partage-son-experience-unique-avec-lula\/\" \/>\n<meta property=\"og:locale\" content=\"fr_FR\" \/>\n<meta property=\"og:type\" content=\"article\" \/>\n<meta property=\"og:title\" content=\"Une soir\u00e9e m\u00e9morable \u00e0 l\u2019\u00c9lys\u00e9e : Th\u00e9o Bastardie partage\" \/>\n<meta property=\"og:description\" content=\"Une invitation inattendue \u00e0 l&#039;\u00c9lys\u00e9e Re\u00e7u autour d&#039;une table o\u00f9 se croisent dirigeants politiques, capitaines d&#039;industrie et figures culturelles, Th\u00e9o\u2026\" \/>\n<meta property=\"og:url\" content=\"https:\/\/sport-index.fr\/blog\/a-la-une\/une-soiree-memorable-a-lelysee-theo-bastardie-partage-son-experience-unique-avec-lula\/\" \/>\n<meta property=\"og:site_name\" content=\"sport-index\" \/>\n<meta name=\"author\" content=\"Axel Lauzier\" \/>\n<meta name=\"twitter:card\" content=\"summary_large_image\" \/>\n<script type=\"application\/ld+json\" class=\"yoast-schema-graph\">{\"@context\":\"https:\/\/schema.org\",\"@graph\":[{\"@type\":\"NewsArticle\",\"@id\":\"https:\/\/sport-index.fr\/blog\/a-la-une\/une-soiree-memorable-a-lelysee-theo-bastardie-partage-son-experience-unique-avec-lula\/#article\",\"isPartOf\":{\"@id\":\"https:\/\/sport-index.fr\/blog\/a-la-une\/une-soiree-memorable-a-lelysee-theo-bastardie-partage-son-experience-unique-avec-lula\/\"},\"author\":{\"name\":\"Axel Lauzier\",\"@id\":\"https:\/\/sport-index.fr\/blog\/#\/schema\/person\/3c864cdc320801e3db34b663e7e3f816\"},\"headline\":\"Une soir\u00e9e m\u00e9morable \u00e0 l\u2019\u00c9lys\u00e9e : Th\u00e9o Bastardie partage son exp\u00e9rience unique avec Lula\",\"datePublished\":\"2026-05-18T17:35:36+00:00\",\"mainEntityOfPage\":{\"@id\":\"https:\/\/sport-index.fr\/blog\/a-la-une\/une-soiree-memorable-a-lelysee-theo-bastardie-partage-son-experience-unique-avec-lula\/\"},\"wordCount\":1421,\"commentCount\":19,\"publisher\":{\"@id\":\"https:\/\/sport-index.fr\/blog\/#organization\"},\"image\":{\"@id\":\"https:\/\/sport-index.fr\/blog\/a-la-une\/une-soiree-memorable-a-lelysee-theo-bastardie-partage-son-experience-unique-avec-lula\/#primaryimage\"},\"thumbnailUrl\":\"https:\/\/sport-index.fr\/blog\/wp-content\/uploads\/2025\/07\/sdxl-c5ef663a37416b43a0b7ac474358a84e-scaled.png\",\"keywords\":[\"\u00c9v\u00e9nements Sportifs\",\"Gestion des Talents\",\"Performance Athl\u00e9tique\",\"Rugby\",\"XV de France\"],\"articleSection\":[\"\u00c0 la une\"],\"inLanguage\":\"fr-FR\",\"potentialAction\":[{\"@type\":\"CommentAction\",\"name\":\"Comment\",\"target\":[\"https:\/\/sport-index.fr\/blog\/a-la-une\/une-soiree-memorable-a-lelysee-theo-bastardie-partage-son-experience-unique-avec-lula\/#respond\"]}]},{\"@type\":\"WebPage\",\"@id\":\"https:\/\/sport-index.fr\/blog\/a-la-une\/une-soiree-memorable-a-lelysee-theo-bastardie-partage-son-experience-unique-avec-lula\/\",\"url\":\"https:\/\/sport-index.fr\/blog\/a-la-une\/une-soiree-memorable-a-lelysee-theo-bastardie-partage-son-experience-unique-avec-lula\/\",\"name\":\"Une soir\u00e9e m\u00e9morable \u00e0 l\u2019\u00c9lys\u00e9e : Th\u00e9o Bastardie partage\",\"isPartOf\":{\"@id\":\"https:\/\/sport-index.fr\/blog\/#website\"},\"primaryImageOfPage\":{\"@id\":\"https:\/\/sport-index.fr\/blog\/a-la-une\/une-soiree-memorable-a-lelysee-theo-bastardie-partage-son-experience-unique-avec-lula\/#primaryimage\"},\"image\":{\"@id\":\"https:\/\/sport-index.fr\/blog\/a-la-une\/une-soiree-memorable-a-lelysee-theo-bastardie-partage-son-experience-unique-avec-lula\/#primaryimage\"},\"thumbnailUrl\":\"https:\/\/sport-index.fr\/blog\/wp-content\/uploads\/2025\/07\/sdxl-c5ef663a37416b43a0b7ac474358a84e-scaled.png\",\"datePublished\":\"2026-05-18T17:35:36+00:00\",\"description\":\"Une invitation inattendue \u00e0 l'\u00c9lys\u00e9e Re\u00e7u autour d'une table o\u00f9 se croisent dirigeants politiques, capitaines d'industrie et figures culturelles, Th\u00e9o\u2026\",\"inLanguage\":\"fr-FR\",\"potentialAction\":[{\"@type\":\"ReadAction\",\"target\":[\"https:\/\/sport-index.fr\/blog\/a-la-une\/une-soiree-memorable-a-lelysee-theo-bastardie-partage-son-experience-unique-avec-lula\/\"]}]},{\"@type\":\"ImageObject\",\"inLanguage\":\"fr-FR\",\"@id\":\"https:\/\/sport-index.fr\/blog\/a-la-une\/une-soiree-memorable-a-lelysee-theo-bastardie-partage-son-experience-unique-avec-lula\/#primaryimage\",\"url\":\"https:\/\/sport-index.fr\/blog\/wp-content\/uploads\/2025\/07\/sdxl-c5ef663a37416b43a0b7ac474358a84e-scaled.png\",\"contentUrl\":\"https:\/\/sport-index.fr\/blog\/wp-content\/uploads\/2025\/07\/sdxl-c5ef663a37416b43a0b7ac474358a84e-scaled.png\",\"width\":1200,\"height\":500},{\"@type\":\"WebSite\",\"@id\":\"https:\/\/sport-index.fr\/blog\/#website\",\"url\":\"https:\/\/sport-index.fr\/blog\/\",\"name\":\"sport-index.fr\",\"description\":\"Le score de l\u2019analyse sportive.\",\"publisher\":{\"@id\":\"https:\/\/sport-index.fr\/blog\/#organization\"},\"alternateName\":\"Le score de l\u2019analyse sportive.\",\"potentialAction\":[{\"@type\":\"SearchAction\",\"target\":{\"@type\":\"EntryPoint\",\"urlTemplate\":\"https:\/\/sport-index.fr\/blog\/?s={search_term_string}\"},\"query-input\":{\"@type\":\"PropertyValueSpecification\",\"valueRequired\":true,\"valueName\":\"search_term_string\"}}],\"inLanguage\":\"fr-FR\"},{\"@type\":\"Organization\",\"@id\":\"https:\/\/sport-index.fr\/blog\/#organization\",\"name\":\"Foretsensations.fr\",\"url\":\"https:\/\/sport-index.fr\/blog\/\",\"logo\":{\"@type\":\"ImageObject\",\"inLanguage\":\"fr-FR\",\"@id\":\"https:\/\/sport-index.fr\/blog\/#\/schema\/logo\/image\/\",\"url\":\"https:\/\/sport-index.fr\/blog\/wp-content\/uploads\/2026\/07\/logo-auto.png\",\"contentUrl\":\"https:\/\/sport-index.fr\/blog\/wp-content\/uploads\/2026\/07\/logo-auto.png\",\"width\":1024,\"height\":1024,\"caption\":\"Foretsensations.fr\"},\"image\":{\"@id\":\"https:\/\/sport-index.fr\/blog\/#\/schema\/logo\/image\/\"}},{\"@type\":\"Person\",\"@id\":\"https:\/\/sport-index.fr\/blog\/#\/schema\/person\/3c864cdc320801e3db34b663e7e3f816\",\"name\":\"Axel Lauzier\",\"image\":{\"@type\":\"ImageObject\",\"inLanguage\":\"fr-FR\",\"@id\":\"https:\/\/sport-index.fr\/blog\/#\/schema\/person\/image\/\",\"url\":\"https:\/\/sport-index.fr\/blog\/wp-content\/uploads\/2026\/06\/persona_axel-l-96x96.jpg\",\"contentUrl\":\"https:\/\/sport-index.fr\/blog\/wp-content\/uploads\/2026\/06\/persona_axel-l-96x96.jpg\",\"caption\":\"Axel Lauzier\"},\"description\":\"Le sport rythme mon quotidien depuis l'enfance, et j'en ai fait mon m\u00e9tier d'analyste r\u00e9dactionnel il y a une dizaine d'ann\u00e9es. Je couvre principalement le football, son actualit\u00e9, ses transferts et l'analyse tactique des grandes affiches, mais aussi les disciplines plus confidentielles que j'aime remettre en lumi\u00e8re. Une partie de mon travail porte sur les pronostics et la lecture statistique d'un match : forme des \u00e9quipes, historique des confrontations, compositions, sans jamais vendre de fausse certitude. Je rappelle syst\u00e9matiquement que parier comporte un risque et doit rester un loisir ma\u00eetris\u00e9. Avant de signer une analyse, je v\u00e9rifie mes chiffres, je recoupe les compositions probables et je distingue toujours la donn\u00e9e brute de l'intuition. Mon objectif : offrir une lecture honn\u00eate et argument\u00e9e, pas un ticket gagnant garanti.\",\"sameAs\":[\"https:\/\/axellauzier.fr\/\"],\"url\":\"https:\/\/sport-index.fr\/blog\/auteur\/noname\/\"}]}<\/script>\n<!-- \/ Yoast SEO Premium plugin. -->","yoast_head_json":{"title":"Une soir\u00e9e m\u00e9morable \u00e0 l\u2019\u00c9lys\u00e9e : Th\u00e9o Bastardie partage","description":"Une invitation inattendue \u00e0 l'\u00c9lys\u00e9e Re\u00e7u autour d'une table o\u00f9 se croisent dirigeants politiques, capitaines d'industrie et figures culturelles, Th\u00e9o\u2026","robots":{"index":"index","follow":"follow","max-snippet":"max-snippet:-1","max-image-preview":"max-image-preview:large","max-video-preview":"max-video-preview:-1"},"canonical":"https:\/\/sport-index.fr\/blog\/a-la-une\/une-soiree-memorable-a-lelysee-theo-bastardie-partage-son-experience-unique-avec-lula\/","og_locale":"fr_FR","og_type":"article","og_title":"Une soir\u00e9e m\u00e9morable \u00e0 l\u2019\u00c9lys\u00e9e : Th\u00e9o Bastardie partage","og_description":"Une invitation inattendue \u00e0 l'\u00c9lys\u00e9e Re\u00e7u autour d'une table o\u00f9 se croisent dirigeants politiques, capitaines d'industrie et figures culturelles, Th\u00e9o\u2026","og_url":"https:\/\/sport-index.fr\/blog\/a-la-une\/une-soiree-memorable-a-lelysee-theo-bastardie-partage-son-experience-unique-avec-lula\/","og_site_name":"sport-index","author":"Axel Lauzier","twitter_card":"summary_large_image","schema":{"@context":"https:\/\/schema.org","@graph":[{"@type":"NewsArticle","@id":"https:\/\/sport-index.fr\/blog\/a-la-une\/une-soiree-memorable-a-lelysee-theo-bastardie-partage-son-experience-unique-avec-lula\/#article","isPartOf":{"@id":"https:\/\/sport-index.fr\/blog\/a-la-une\/une-soiree-memorable-a-lelysee-theo-bastardie-partage-son-experience-unique-avec-lula\/"},"author":{"name":"Axel Lauzier","@id":"https:\/\/sport-index.fr\/blog\/#\/schema\/person\/3c864cdc320801e3db34b663e7e3f816"},"headline":"Une soir\u00e9e m\u00e9morable \u00e0 l\u2019\u00c9lys\u00e9e : Th\u00e9o Bastardie partage son exp\u00e9rience unique avec Lula","datePublished":"2026-05-18T17:35:36+00:00","mainEntityOfPage":{"@id":"https:\/\/sport-index.fr\/blog\/a-la-une\/une-soiree-memorable-a-lelysee-theo-bastardie-partage-son-experience-unique-avec-lula\/"},"wordCount":1421,"commentCount":19,"publisher":{"@id":"https:\/\/sport-index.fr\/blog\/#organization"},"image":{"@id":"https:\/\/sport-index.fr\/blog\/a-la-une\/une-soiree-memorable-a-lelysee-theo-bastardie-partage-son-experience-unique-avec-lula\/#primaryimage"},"thumbnailUrl":"https:\/\/sport-index.fr\/blog\/wp-content\/uploads\/2025\/07\/sdxl-c5ef663a37416b43a0b7ac474358a84e-scaled.png","keywords":["\u00c9v\u00e9nements Sportifs","Gestion des Talents","Performance Athl\u00e9tique","Rugby","XV de France"],"articleSection":["\u00c0 la une"],"inLanguage":"fr-FR","potentialAction":[{"@type":"CommentAction","name":"Comment","target":["https:\/\/sport-index.fr\/blog\/a-la-une\/une-soiree-memorable-a-lelysee-theo-bastardie-partage-son-experience-unique-avec-lula\/#respond"]}]},{"@type":"WebPage","@id":"https:\/\/sport-index.fr\/blog\/a-la-une\/une-soiree-memorable-a-lelysee-theo-bastardie-partage-son-experience-unique-avec-lula\/","url":"https:\/\/sport-index.fr\/blog\/a-la-une\/une-soiree-memorable-a-lelysee-theo-bastardie-partage-son-experience-unique-avec-lula\/","name":"Une soir\u00e9e m\u00e9morable \u00e0 l\u2019\u00c9lys\u00e9e : Th\u00e9o Bastardie partage","isPartOf":{"@id":"https:\/\/sport-index.fr\/blog\/#website"},"primaryImageOfPage":{"@id":"https:\/\/sport-index.fr\/blog\/a-la-une\/une-soiree-memorable-a-lelysee-theo-bastardie-partage-son-experience-unique-avec-lula\/#primaryimage"},"image":{"@id":"https:\/\/sport-index.fr\/blog\/a-la-une\/une-soiree-memorable-a-lelysee-theo-bastardie-partage-son-experience-unique-avec-lula\/#primaryimage"},"thumbnailUrl":"https:\/\/sport-index.fr\/blog\/wp-content\/uploads\/2025\/07\/sdxl-c5ef663a37416b43a0b7ac474358a84e-scaled.png","datePublished":"2026-05-18T17:35:36+00:00","description":"Une invitation inattendue \u00e0 l'\u00c9lys\u00e9e Re\u00e7u autour d'une table o\u00f9 se croisent dirigeants politiques, capitaines d'industrie et figures culturelles, Th\u00e9o\u2026","inLanguage":"fr-FR","potentialAction":[{"@type":"ReadAction","target":["https:\/\/sport-index.fr\/blog\/a-la-une\/une-soiree-memorable-a-lelysee-theo-bastardie-partage-son-experience-unique-avec-lula\/"]}]},{"@type":"ImageObject","inLanguage":"fr-FR","@id":"https:\/\/sport-index.fr\/blog\/a-la-une\/une-soiree-memorable-a-lelysee-theo-bastardie-partage-son-experience-unique-avec-lula\/#primaryimage","url":"https:\/\/sport-index.fr\/blog\/wp-content\/uploads\/2025\/07\/sdxl-c5ef663a37416b43a0b7ac474358a84e-scaled.png","contentUrl":"https:\/\/sport-index.fr\/blog\/wp-content\/uploads\/2025\/07\/sdxl-c5ef663a37416b43a0b7ac474358a84e-scaled.png","width":1200,"height":500},{"@type":"WebSite","@id":"https:\/\/sport-index.fr\/blog\/#website","url":"https:\/\/sport-index.fr\/blog\/","name":"sport-index.fr","description":"Le score de l\u2019analyse sportive.","publisher":{"@id":"https:\/\/sport-index.fr\/blog\/#organization"},"alternateName":"Le score de l\u2019analyse sportive.","potentialAction":[{"@type":"SearchAction","target":{"@type":"EntryPoint","urlTemplate":"https:\/\/sport-index.fr\/blog\/?s={search_term_string}"},"query-input":{"@type":"PropertyValueSpecification","valueRequired":true,"valueName":"search_term_string"}}],"inLanguage":"fr-FR"},{"@type":"Organization","@id":"https:\/\/sport-index.fr\/blog\/#organization","name":"Foretsensations.fr","url":"https:\/\/sport-index.fr\/blog\/","logo":{"@type":"ImageObject","inLanguage":"fr-FR","@id":"https:\/\/sport-index.fr\/blog\/#\/schema\/logo\/image\/","url":"https:\/\/sport-index.fr\/blog\/wp-content\/uploads\/2026\/07\/logo-auto.png","contentUrl":"https:\/\/sport-index.fr\/blog\/wp-content\/uploads\/2026\/07\/logo-auto.png","width":1024,"height":1024,"caption":"Foretsensations.fr"},"image":{"@id":"https:\/\/sport-index.fr\/blog\/#\/schema\/logo\/image\/"}},{"@type":"Person","@id":"https:\/\/sport-index.fr\/blog\/#\/schema\/person\/3c864cdc320801e3db34b663e7e3f816","name":"Axel Lauzier","image":{"@type":"ImageObject","inLanguage":"fr-FR","@id":"https:\/\/sport-index.fr\/blog\/#\/schema\/person\/image\/","url":"https:\/\/sport-index.fr\/blog\/wp-content\/uploads\/2026\/06\/persona_axel-l-96x96.jpg","contentUrl":"https:\/\/sport-index.fr\/blog\/wp-content\/uploads\/2026\/06\/persona_axel-l-96x96.jpg","caption":"Axel Lauzier"},"description":"Le sport rythme mon quotidien depuis l'enfance, et j'en ai fait mon m\u00e9tier d'analyste r\u00e9dactionnel il y a une dizaine d'ann\u00e9es. Je couvre principalement le football, son actualit\u00e9, ses transferts et l'analyse tactique des grandes affiches, mais aussi les disciplines plus confidentielles que j'aime remettre en lumi\u00e8re. Une partie de mon travail porte sur les pronostics et la lecture statistique d'un match : forme des \u00e9quipes, historique des confrontations, compositions, sans jamais vendre de fausse certitude. Je rappelle syst\u00e9matiquement que parier comporte un risque et doit rester un loisir ma\u00eetris\u00e9. Avant de signer une analyse, je v\u00e9rifie mes chiffres, je recoupe les compositions probables et je distingue toujours la donn\u00e9e brute de l'intuition. Mon objectif : offrir une lecture honn\u00eate et argument\u00e9e, pas un ticket gagnant garanti.","sameAs":["https:\/\/axellauzier.fr\/"],"url":"https:\/\/sport-index.fr\/blog\/auteur\/noname\/"}]}},"_links":{"self":[{"href":"https:\/\/sport-index.fr\/blog\/wp-json\/wp\/v2\/posts\/17214","targetHints":{"allow":["GET"]}}],"collection":[{"href":"https:\/\/sport-index.fr\/blog\/wp-json\/wp\/v2\/posts"}],"about":[{"href":"https:\/\/sport-index.fr\/blog\/wp-json\/wp\/v2\/types\/post"}],"author":[{"embeddable":true,"href":"https:\/\/sport-index.fr\/blog\/wp-json\/wp\/v2\/users\/34"}],"replies":[{"embeddable":true,"href":"https:\/\/sport-index.fr\/blog\/wp-json\/wp\/v2\/comments?post=17214"}],"version-history":[{"count":2,"href":"https:\/\/sport-index.fr\/blog\/wp-json\/wp\/v2\/posts\/17214\/revisions"}],"predecessor-version":[{"id":17959,"href":"https:\/\/sport-index.fr\/blog\/wp-json\/wp\/v2\/posts\/17214\/revisions\/17959"}],"wp:featuredmedia":[{"embeddable":true,"href":"https:\/\/sport-index.fr\/blog\/wp-json\/wp\/v2\/media\/17221"}],"wp:attachment":[{"href":"https:\/\/sport-index.fr\/blog\/wp-json\/wp\/v2\/media?parent=17214"}],"wp:term":[{"taxonomy":"category","embeddable":true,"href":"https:\/\/sport-index.fr\/blog\/wp-json\/wp\/v2\/categories?post=17214"},{"taxonomy":"post_tag","embeddable":true,"href":"https:\/\/sport-index.fr\/blog\/wp-json\/wp\/v2\/tags?post=17214"}],"curies":[{"name":"wp","href":"https:\/\/api.w.org\/{rel}","templated":true}]}}