{"id":17603,"date":"2025-07-10T13:11:58","date_gmt":"2025-07-10T11:11:58","guid":{"rendered":"https:\/\/sport-index.fr\/blog\/?p=17603"},"modified":"2025-07-10T09:13:06","modified_gmt":"2025-07-10T07:13:06","slug":"le-xv-de-france-face-aux-all-blacks-hommage-et-eloge-de-la-charniere-bleue","status":"publish","type":"post","link":"https:\/\/sport-index.fr\/blog\/a-la-une\/le-xv-de-france-face-aux-all-blacks-hommage-et-eloge-de-la-charniere-bleue\/","title":{"rendered":"le XV de France face aux All Blacks : hommage et \u00e9loge de la charni\u00e8re bleue"},"content":{"rendered":"<h2>Un hommage poignant en Nouvelle-Z\u00e9lande<\/h2>\n<p>La c\u00e9r\u00e9monie s&rsquo;est d\u00e9roul\u00e9e au M\u00e9morial National de la Guerre de Wellington, un moment charg\u00e9 d&rsquo;\u00e9motion pour la d\u00e9l\u00e9gation fran\u00e7aise. Environ 100 000 N\u00e9o-Z\u00e9landais avaient rejoint le front fran\u00e7ais, et 18 000 d&rsquo;entre eux ont perdu la vie sur le sol europ\u00e9en.<\/p>\n<p>Ce devoir de m\u00e9moire r\u00e9sonne profond\u00e9ment dans le c\u0153ur des joueurs fran\u00e7ais qui, au-del\u00e0 du rugby, portent une responsabilit\u00e9 culturelle et historique. Le respect et l&rsquo;hommage aux soldats tomb\u00e9s rappellent l&rsquo;importance des liens entre la France et la Nouvelle-Z\u00e9lande, renfor\u00e7ant le sentiment d&rsquo;unit\u00e9 \u00e0 travers le sport.<\/p>\n<h2>Les louanges de Scott Robertson<\/h2>\n<p>Scott Robertson, le s\u00e9lectionneur des All Blacks, a exprim\u00e9 son admiration pour la charni\u00e8re fran\u00e7aise, compos\u00e9e de Le Garrec et Segonds. Il a soulign\u00e9 leur capacit\u00e9 \u00e0 performer sous pression, en particulier lors de phases de jeu o\u00f9 la pr\u00e9cision est cruciale. \u00ab\u00a0Ils aiment chasser sous les ballons hauts\u00a0\u00bb, a-t-il d\u00e9clar\u00e9, \u00e9voquant la technique et le talent des jeunes joueurs fran\u00e7ais.<img decoding=\"async\" width=\"1024\" height=\"576\" src=\"https:\/\/sport-index.fr\/blog\/wp-content\/uploads\/2025\/07\/stability-le-xv-de-france-face-aux-all-blacks-hommage-et-eloge-de-la-charniere-bleue-1.png\" class=\"aligncenter\" alt=\"Illustration d\u00e9taill\u00e9e sur le XV de France face aux All Blacks : hommage et \u00e9loge de la charni\u00e8re bleue\" title=\"le XV de France face aux All Blacks : hommage et \u00e9loge de la charni\u00e8re bleue\" loading=\"lazy\" \/><\/p>\n<p>La performance de cette charni\u00e8re pourrait bien \u00eatre d\u00e9terminante lors du match \u00e0 venir. Robertson a fait savoir que les All Blacks devront s&rsquo;adapter \u00e0 leur style de jeu, en particulier apr\u00e8s avoir \u00e9t\u00e9 d\u00e9fi\u00e9s par les avants fran\u00e7ais lors de la premi\u00e8re rencontre. La concurrence s&rsquo;annonce rude, et le respect mutuel entre les \u00e9quipes est palpable.<\/p>\n<h2>Pr\u00e9paration pour le match d\u00e9cisif<\/h2>\n<p>\u00c0 quelques jours du deuxi\u00e8me test match, le XV de France peaufine sa strat\u00e9gie pour contrer le jeu des All Blacks. La composition de l&rsquo;\u00e9quipe n\u00e9o-z\u00e9landaise, d\u00e9voil\u00e9e par Robertson, montre une \u00e9quipe pr\u00eate \u00e0 montrer les muscles apr\u00e8s une premi\u00e8re rencontre difficile. Les joueurs fran\u00e7ais, conscients de l&rsquo;enjeu, se pr\u00e9parent \u00e0 relever le d\u00e9fi.<\/p>\n<p>Florian Grill, pr\u00e9sident de la FFR, sera pr\u00e9sent \u00e0 Wellington pour soutenir les joueurs. Son implication t\u00e9moigne de l&rsquo;importance de ce match pour l&rsquo;avenir du rugby fran\u00e7ais, alors que les Bleus visent \u00e0 prouver leur valeur sur la sc\u00e8ne internationale.<\/p>\n<ul>\n<li>Hommage aux soldats n\u00e9o-z\u00e9landais au M\u00e9morial National de la Guerre<\/li>\n<li>Scott Robertson loue la charni\u00e8re fran\u00e7aise avant le match<\/li>\n<li>Pr\u00e9paration intense du XV de France pour le deuxi\u00e8me test<\/li>\n<li>Florian Grill pr\u00e9sent pour soutenir les Bleus \u00e0 Wellington<\/li>\n<li>Objectif de victoire pour renforcer la confiance de l&rsquo;\u00e9quipe<\/li>\n<\/ul>\n<blockquote><p>\n\u00ab\u00a0Nous devons \u00eatre meilleurs que la semaine pass\u00e9e\u00a0\u00bb, a d\u00e9clar\u00e9 Scott Robertson, soulignant l&rsquo;importance de la pr\u00e9paration.\n<\/p><\/blockquote>\n<p>Le match \u00e0 venir repr\u00e9sente bien plus qu&rsquo;une simple rencontre sportive. Il s&rsquo;agit d&rsquo;un moment de respect, de m\u00e9moire et de d\u00e9fi, o\u00f9 le rugby devient un moyen d&rsquo;unir les nations et de c\u00e9l\u00e9brer les valeurs de courage et de camaraderie. Les joueurs fran\u00e7ais, port\u00e9s par un hommage poignant, entreront sur le terrain avec la d\u00e9termination de rendre hommage \u00e0 ceux qui ont sacrifi\u00e9 leur vie pour leur pays, tout en cherchant \u00e0 marquer leur empreinte dans l&rsquo;histoire du rugby.<\/p>\n","protected":false},"excerpt":{"rendered":"","protected":false},"author":34,"featured_media":17604,"comment_status":"open","ping_status":"open","sticky":false,"template":"","format":"standard","meta":{"_acf_changed":false,"manual_indexmenow":false,"indexmenow_id_project":0,"footnotes":""},"categories":[1],"tags":[4618,4585,4685,4543,4554],"class_list":["post-17603","post","type-post","status-publish","format-standard","has-post-thumbnail","hentry","category-a-la-une","tag-camaraderie","tag-cohesion-dequipe","tag-evenements-sportifs","tag-performance","tag-xv-de-france","generate-columns","tablet-grid-50","mobile-grid-100","grid-parent","grid-25"],"acf":[],"yoast_head":"<!-- This site is optimized with the Yoast SEO Premium plugin v21.3 (Yoast SEO v26.5) - https:\/\/yoast.com\/wordpress\/plugins\/seo\/ -->\n<title>le XV de France face aux All Blacks : hommage et \u00e9loge<\/title>\n<meta name=\"description\" content=\"Un hommage poignant en Nouvelle-Z\u00e9lande La c\u00e9r\u00e9monie s&#039;est d\u00e9roul\u00e9e au M\u00e9morial National de la Guerre de Wellington, un moment charg\u00e9 d&#039;\u00e9motion pour la\u2026\" \/>\n<meta name=\"robots\" content=\"index, follow, max-snippet:-1, max-image-preview:large, max-video-preview:-1\" \/>\n<link rel=\"canonical\" href=\"https:\/\/sport-index.fr\/blog\/a-la-une\/le-xv-de-france-face-aux-all-blacks-hommage-et-eloge-de-la-charniere-bleue\/\" \/>\n<meta property=\"og:locale\" content=\"fr_FR\" \/>\n<meta property=\"og:type\" content=\"article\" \/>\n<meta property=\"og:title\" content=\"le XV de France face aux All Blacks : hommage et \u00e9loge\" \/>\n<meta property=\"og:description\" content=\"Un hommage poignant en Nouvelle-Z\u00e9lande La c\u00e9r\u00e9monie s&#039;est d\u00e9roul\u00e9e au M\u00e9morial National de la Guerre de Wellington, un moment charg\u00e9 d&#039;\u00e9motion pour la\u2026\" \/>\n<meta property=\"og:url\" content=\"https:\/\/sport-index.fr\/blog\/a-la-une\/le-xv-de-france-face-aux-all-blacks-hommage-et-eloge-de-la-charniere-bleue\/\" \/>\n<meta property=\"og:site_name\" content=\"sport-index\" \/>\n<meta property=\"og:image\" content=\"https:\/\/sport-index.fr\/blog\/wp-content\/uploads\/2025\/07\/stability-le-xv-de-france-face-aux-all-blacks-hommage-et-eloge-de-la-charniere-bleue.png\" \/>\n\t<meta property=\"og:image:width\" content=\"1024\" \/>\n\t<meta property=\"og:image:height\" content=\"576\" \/>\n\t<meta property=\"og:image:type\" content=\"image\/png\" \/>\n<meta name=\"author\" content=\"Axel Lauzier\" \/>\n<meta name=\"twitter:card\" content=\"summary_large_image\" \/>\n<script type=\"application\/ld+json\" class=\"yoast-schema-graph\">{\"@context\":\"https:\/\/schema.org\",\"@graph\":[{\"@type\":\"NewsArticle\",\"@id\":\"https:\/\/sport-index.fr\/blog\/a-la-une\/le-xv-de-france-face-aux-all-blacks-hommage-et-eloge-de-la-charniere-bleue\/#article\",\"isPartOf\":{\"@id\":\"https:\/\/sport-index.fr\/blog\/a-la-une\/le-xv-de-france-face-aux-all-blacks-hommage-et-eloge-de-la-charniere-bleue\/\"},\"author\":{\"name\":\"Axel Lauzier\",\"@id\":\"https:\/\/sport-index.fr\/blog\/#\/schema\/person\/3c864cdc320801e3db34b663e7e3f816\"},\"headline\":\"le XV de France face aux All Blacks : hommage et \u00e9loge de la charni\u00e8re bleue\",\"datePublished\":\"2025-07-10T11:11:58+00:00\",\"mainEntityOfPage\":{\"@id\":\"https:\/\/sport-index.fr\/blog\/a-la-une\/le-xv-de-france-face-aux-all-blacks-hommage-et-eloge-de-la-charniere-bleue\/\"},\"wordCount\":551,\"commentCount\":23,\"publisher\":{\"@id\":\"https:\/\/sport-index.fr\/blog\/#organization\"},\"image\":{\"@id\":\"https:\/\/sport-index.fr\/blog\/a-la-une\/le-xv-de-france-face-aux-all-blacks-hommage-et-eloge-de-la-charniere-bleue\/#primaryimage\"},\"thumbnailUrl\":\"https:\/\/sport-index.fr\/blog\/wp-content\/uploads\/2025\/07\/stability-le-xv-de-france-face-aux-all-blacks-hommage-et-eloge-de-la-charniere-bleue.png\",\"keywords\":[\"Camaraderie\",\"Coh\u00e9sion d'\u00c9quipe\",\"\u00c9v\u00e9nements Sportifs\",\"Performance\",\"XV de France\"],\"articleSection\":[\"\u00c0 la une\"],\"inLanguage\":\"fr-FR\",\"potentialAction\":[{\"@type\":\"CommentAction\",\"name\":\"Comment\",\"target\":[\"https:\/\/sport-index.fr\/blog\/a-la-une\/le-xv-de-france-face-aux-all-blacks-hommage-et-eloge-de-la-charniere-bleue\/#respond\"]}]},{\"@type\":\"WebPage\",\"@id\":\"https:\/\/sport-index.fr\/blog\/a-la-une\/le-xv-de-france-face-aux-all-blacks-hommage-et-eloge-de-la-charniere-bleue\/\",\"url\":\"https:\/\/sport-index.fr\/blog\/a-la-une\/le-xv-de-france-face-aux-all-blacks-hommage-et-eloge-de-la-charniere-bleue\/\",\"name\":\"le XV de France face aux All Blacks : hommage et \u00e9loge\",\"isPartOf\":{\"@id\":\"https:\/\/sport-index.fr\/blog\/#website\"},\"primaryImageOfPage\":{\"@id\":\"https:\/\/sport-index.fr\/blog\/a-la-une\/le-xv-de-france-face-aux-all-blacks-hommage-et-eloge-de-la-charniere-bleue\/#primaryimage\"},\"image\":{\"@id\":\"https:\/\/sport-index.fr\/blog\/a-la-une\/le-xv-de-france-face-aux-all-blacks-hommage-et-eloge-de-la-charniere-bleue\/#primaryimage\"},\"thumbnailUrl\":\"https:\/\/sport-index.fr\/blog\/wp-content\/uploads\/2025\/07\/stability-le-xv-de-france-face-aux-all-blacks-hommage-et-eloge-de-la-charniere-bleue.png\",\"datePublished\":\"2025-07-10T11:11:58+00:00\",\"description\":\"Un hommage poignant en Nouvelle-Z\u00e9lande La c\u00e9r\u00e9monie s'est d\u00e9roul\u00e9e au M\u00e9morial National de la Guerre de Wellington, un moment charg\u00e9 d'\u00e9motion pour la\u2026\",\"inLanguage\":\"fr-FR\",\"potentialAction\":[{\"@type\":\"ReadAction\",\"target\":[\"https:\/\/sport-index.fr\/blog\/a-la-une\/le-xv-de-france-face-aux-all-blacks-hommage-et-eloge-de-la-charniere-bleue\/\"]}]},{\"@type\":\"ImageObject\",\"inLanguage\":\"fr-FR\",\"@id\":\"https:\/\/sport-index.fr\/blog\/a-la-une\/le-xv-de-france-face-aux-all-blacks-hommage-et-eloge-de-la-charniere-bleue\/#primaryimage\",\"url\":\"https:\/\/sport-index.fr\/blog\/wp-content\/uploads\/2025\/07\/stability-le-xv-de-france-face-aux-all-blacks-hommage-et-eloge-de-la-charniere-bleue.png\",\"contentUrl\":\"https:\/\/sport-index.fr\/blog\/wp-content\/uploads\/2025\/07\/stability-le-xv-de-france-face-aux-all-blacks-hommage-et-eloge-de-la-charniere-bleue.png\",\"width\":1024,\"height\":576},{\"@type\":\"WebSite\",\"@id\":\"https:\/\/sport-index.fr\/blog\/#website\",\"url\":\"https:\/\/sport-index.fr\/blog\/\",\"name\":\"sport-index.fr\",\"description\":\"Le score de l\u2019analyse sportive.\",\"publisher\":{\"@id\":\"https:\/\/sport-index.fr\/blog\/#organization\"},\"alternateName\":\"Le score de l\u2019analyse sportive.\",\"potentialAction\":[{\"@type\":\"SearchAction\",\"target\":{\"@type\":\"EntryPoint\",\"urlTemplate\":\"https:\/\/sport-index.fr\/blog\/?s={search_term_string}\"},\"query-input\":{\"@type\":\"PropertyValueSpecification\",\"valueRequired\":true,\"valueName\":\"search_term_string\"}}],\"inLanguage\":\"fr-FR\"},{\"@type\":\"Organization\",\"@id\":\"https:\/\/sport-index.fr\/blog\/#organization\",\"name\":\"Foretsensations.fr\",\"url\":\"https:\/\/sport-index.fr\/blog\/\",\"logo\":{\"@type\":\"ImageObject\",\"inLanguage\":\"fr-FR\",\"@id\":\"https:\/\/sport-index.fr\/blog\/#\/schema\/logo\/image\/\",\"url\":\"https:\/\/sport-index.fr\/blog\/wp-content\/uploads\/2026\/07\/logo-auto.png\",\"contentUrl\":\"https:\/\/sport-index.fr\/blog\/wp-content\/uploads\/2026\/07\/logo-auto.png\",\"width\":1024,\"height\":1024,\"caption\":\"Foretsensations.fr\"},\"image\":{\"@id\":\"https:\/\/sport-index.fr\/blog\/#\/schema\/logo\/image\/\"}},{\"@type\":\"Person\",\"@id\":\"https:\/\/sport-index.fr\/blog\/#\/schema\/person\/3c864cdc320801e3db34b663e7e3f816\",\"name\":\"Axel Lauzier\",\"image\":{\"@type\":\"ImageObject\",\"inLanguage\":\"fr-FR\",\"@id\":\"https:\/\/sport-index.fr\/blog\/#\/schema\/person\/image\/\",\"url\":\"https:\/\/sport-index.fr\/blog\/wp-content\/uploads\/2026\/06\/persona_axel-l-96x96.jpg\",\"contentUrl\":\"https:\/\/sport-index.fr\/blog\/wp-content\/uploads\/2026\/06\/persona_axel-l-96x96.jpg\",\"caption\":\"Axel Lauzier\"},\"description\":\"Le sport rythme mon quotidien depuis l'enfance, et j'en ai fait mon m\u00e9tier d'analyste r\u00e9dactionnel il y a une dizaine d'ann\u00e9es. Je couvre principalement le football, son actualit\u00e9, ses transferts et l'analyse tactique des grandes affiches, mais aussi les disciplines plus confidentielles que j'aime remettre en lumi\u00e8re. Une partie de mon travail porte sur les pronostics et la lecture statistique d'un match : forme des \u00e9quipes, historique des confrontations, compositions, sans jamais vendre de fausse certitude. Je rappelle syst\u00e9matiquement que parier comporte un risque et doit rester un loisir ma\u00eetris\u00e9. Avant de signer une analyse, je v\u00e9rifie mes chiffres, je recoupe les compositions probables et je distingue toujours la donn\u00e9e brute de l'intuition. Mon objectif : offrir une lecture honn\u00eate et argument\u00e9e, pas un ticket gagnant garanti.\",\"sameAs\":[\"https:\/\/axellauzier.fr\/\"],\"url\":\"https:\/\/sport-index.fr\/blog\/auteur\/noname\/\"}]}<\/script>\n<!-- \/ Yoast SEO Premium plugin. -->","yoast_head_json":{"title":"le XV de France face aux All Blacks : hommage et \u00e9loge","description":"Un hommage poignant en Nouvelle-Z\u00e9lande La c\u00e9r\u00e9monie s'est d\u00e9roul\u00e9e au M\u00e9morial National de la Guerre de Wellington, un moment charg\u00e9 d'\u00e9motion pour la\u2026","robots":{"index":"index","follow":"follow","max-snippet":"max-snippet:-1","max-image-preview":"max-image-preview:large","max-video-preview":"max-video-preview:-1"},"canonical":"https:\/\/sport-index.fr\/blog\/a-la-une\/le-xv-de-france-face-aux-all-blacks-hommage-et-eloge-de-la-charniere-bleue\/","og_locale":"fr_FR","og_type":"article","og_title":"le XV de France face aux All Blacks : hommage et \u00e9loge","og_description":"Un hommage poignant en Nouvelle-Z\u00e9lande La c\u00e9r\u00e9monie s'est d\u00e9roul\u00e9e au M\u00e9morial National de la Guerre de Wellington, un moment charg\u00e9 d'\u00e9motion pour la\u2026","og_url":"https:\/\/sport-index.fr\/blog\/a-la-une\/le-xv-de-france-face-aux-all-blacks-hommage-et-eloge-de-la-charniere-bleue\/","og_site_name":"sport-index","og_image":[{"width":1024,"height":576,"url":"https:\/\/sport-index.fr\/blog\/wp-content\/uploads\/2025\/07\/stability-le-xv-de-france-face-aux-all-blacks-hommage-et-eloge-de-la-charniere-bleue.png","type":"image\/png"}],"author":"Axel Lauzier","twitter_card":"summary_large_image","schema":{"@context":"https:\/\/schema.org","@graph":[{"@type":"NewsArticle","@id":"https:\/\/sport-index.fr\/blog\/a-la-une\/le-xv-de-france-face-aux-all-blacks-hommage-et-eloge-de-la-charniere-bleue\/#article","isPartOf":{"@id":"https:\/\/sport-index.fr\/blog\/a-la-une\/le-xv-de-france-face-aux-all-blacks-hommage-et-eloge-de-la-charniere-bleue\/"},"author":{"name":"Axel Lauzier","@id":"https:\/\/sport-index.fr\/blog\/#\/schema\/person\/3c864cdc320801e3db34b663e7e3f816"},"headline":"le XV de France face aux All Blacks : hommage et \u00e9loge de la charni\u00e8re bleue","datePublished":"2025-07-10T11:11:58+00:00","mainEntityOfPage":{"@id":"https:\/\/sport-index.fr\/blog\/a-la-une\/le-xv-de-france-face-aux-all-blacks-hommage-et-eloge-de-la-charniere-bleue\/"},"wordCount":551,"commentCount":23,"publisher":{"@id":"https:\/\/sport-index.fr\/blog\/#organization"},"image":{"@id":"https:\/\/sport-index.fr\/blog\/a-la-une\/le-xv-de-france-face-aux-all-blacks-hommage-et-eloge-de-la-charniere-bleue\/#primaryimage"},"thumbnailUrl":"https:\/\/sport-index.fr\/blog\/wp-content\/uploads\/2025\/07\/stability-le-xv-de-france-face-aux-all-blacks-hommage-et-eloge-de-la-charniere-bleue.png","keywords":["Camaraderie","Coh\u00e9sion d'\u00c9quipe","\u00c9v\u00e9nements Sportifs","Performance","XV de France"],"articleSection":["\u00c0 la une"],"inLanguage":"fr-FR","potentialAction":[{"@type":"CommentAction","name":"Comment","target":["https:\/\/sport-index.fr\/blog\/a-la-une\/le-xv-de-france-face-aux-all-blacks-hommage-et-eloge-de-la-charniere-bleue\/#respond"]}]},{"@type":"WebPage","@id":"https:\/\/sport-index.fr\/blog\/a-la-une\/le-xv-de-france-face-aux-all-blacks-hommage-et-eloge-de-la-charniere-bleue\/","url":"https:\/\/sport-index.fr\/blog\/a-la-une\/le-xv-de-france-face-aux-all-blacks-hommage-et-eloge-de-la-charniere-bleue\/","name":"le XV de France face aux All Blacks : hommage et \u00e9loge","isPartOf":{"@id":"https:\/\/sport-index.fr\/blog\/#website"},"primaryImageOfPage":{"@id":"https:\/\/sport-index.fr\/blog\/a-la-une\/le-xv-de-france-face-aux-all-blacks-hommage-et-eloge-de-la-charniere-bleue\/#primaryimage"},"image":{"@id":"https:\/\/sport-index.fr\/blog\/a-la-une\/le-xv-de-france-face-aux-all-blacks-hommage-et-eloge-de-la-charniere-bleue\/#primaryimage"},"thumbnailUrl":"https:\/\/sport-index.fr\/blog\/wp-content\/uploads\/2025\/07\/stability-le-xv-de-france-face-aux-all-blacks-hommage-et-eloge-de-la-charniere-bleue.png","datePublished":"2025-07-10T11:11:58+00:00","description":"Un hommage poignant en Nouvelle-Z\u00e9lande La c\u00e9r\u00e9monie s'est d\u00e9roul\u00e9e au M\u00e9morial National de la Guerre de Wellington, un moment charg\u00e9 d'\u00e9motion pour la\u2026","inLanguage":"fr-FR","potentialAction":[{"@type":"ReadAction","target":["https:\/\/sport-index.fr\/blog\/a-la-une\/le-xv-de-france-face-aux-all-blacks-hommage-et-eloge-de-la-charniere-bleue\/"]}]},{"@type":"ImageObject","inLanguage":"fr-FR","@id":"https:\/\/sport-index.fr\/blog\/a-la-une\/le-xv-de-france-face-aux-all-blacks-hommage-et-eloge-de-la-charniere-bleue\/#primaryimage","url":"https:\/\/sport-index.fr\/blog\/wp-content\/uploads\/2025\/07\/stability-le-xv-de-france-face-aux-all-blacks-hommage-et-eloge-de-la-charniere-bleue.png","contentUrl":"https:\/\/sport-index.fr\/blog\/wp-content\/uploads\/2025\/07\/stability-le-xv-de-france-face-aux-all-blacks-hommage-et-eloge-de-la-charniere-bleue.png","width":1024,"height":576},{"@type":"WebSite","@id":"https:\/\/sport-index.fr\/blog\/#website","url":"https:\/\/sport-index.fr\/blog\/","name":"sport-index.fr","description":"Le score de l\u2019analyse sportive.","publisher":{"@id":"https:\/\/sport-index.fr\/blog\/#organization"},"alternateName":"Le score de l\u2019analyse sportive.","potentialAction":[{"@type":"SearchAction","target":{"@type":"EntryPoint","urlTemplate":"https:\/\/sport-index.fr\/blog\/?s={search_term_string}"},"query-input":{"@type":"PropertyValueSpecification","valueRequired":true,"valueName":"search_term_string"}}],"inLanguage":"fr-FR"},{"@type":"Organization","@id":"https:\/\/sport-index.fr\/blog\/#organization","name":"Foretsensations.fr","url":"https:\/\/sport-index.fr\/blog\/","logo":{"@type":"ImageObject","inLanguage":"fr-FR","@id":"https:\/\/sport-index.fr\/blog\/#\/schema\/logo\/image\/","url":"https:\/\/sport-index.fr\/blog\/wp-content\/uploads\/2026\/07\/logo-auto.png","contentUrl":"https:\/\/sport-index.fr\/blog\/wp-content\/uploads\/2026\/07\/logo-auto.png","width":1024,"height":1024,"caption":"Foretsensations.fr"},"image":{"@id":"https:\/\/sport-index.fr\/blog\/#\/schema\/logo\/image\/"}},{"@type":"Person","@id":"https:\/\/sport-index.fr\/blog\/#\/schema\/person\/3c864cdc320801e3db34b663e7e3f816","name":"Axel Lauzier","image":{"@type":"ImageObject","inLanguage":"fr-FR","@id":"https:\/\/sport-index.fr\/blog\/#\/schema\/person\/image\/","url":"https:\/\/sport-index.fr\/blog\/wp-content\/uploads\/2026\/06\/persona_axel-l-96x96.jpg","contentUrl":"https:\/\/sport-index.fr\/blog\/wp-content\/uploads\/2026\/06\/persona_axel-l-96x96.jpg","caption":"Axel Lauzier"},"description":"Le sport rythme mon quotidien depuis l'enfance, et j'en ai fait mon m\u00e9tier d'analyste r\u00e9dactionnel il y a une dizaine d'ann\u00e9es. Je couvre principalement le football, son actualit\u00e9, ses transferts et l'analyse tactique des grandes affiches, mais aussi les disciplines plus confidentielles que j'aime remettre en lumi\u00e8re. Une partie de mon travail porte sur les pronostics et la lecture statistique d'un match : forme des \u00e9quipes, historique des confrontations, compositions, sans jamais vendre de fausse certitude. Je rappelle syst\u00e9matiquement que parier comporte un risque et doit rester un loisir ma\u00eetris\u00e9. Avant de signer une analyse, je v\u00e9rifie mes chiffres, je recoupe les compositions probables et je distingue toujours la donn\u00e9e brute de l'intuition. Mon objectif : offrir une lecture honn\u00eate et argument\u00e9e, pas un ticket gagnant garanti.","sameAs":["https:\/\/axellauzier.fr\/"],"url":"https:\/\/sport-index.fr\/blog\/auteur\/noname\/"}]}},"_links":{"self":[{"href":"https:\/\/sport-index.fr\/blog\/wp-json\/wp\/v2\/posts\/17603","targetHints":{"allow":["GET"]}}],"collection":[{"href":"https:\/\/sport-index.fr\/blog\/wp-json\/wp\/v2\/posts"}],"about":[{"href":"https:\/\/sport-index.fr\/blog\/wp-json\/wp\/v2\/types\/post"}],"author":[{"embeddable":true,"href":"https:\/\/sport-index.fr\/blog\/wp-json\/wp\/v2\/users\/34"}],"replies":[{"embeddable":true,"href":"https:\/\/sport-index.fr\/blog\/wp-json\/wp\/v2\/comments?post=17603"}],"version-history":[{"count":2,"href":"https:\/\/sport-index.fr\/blog\/wp-json\/wp\/v2\/posts\/17603\/revisions"}],"predecessor-version":[{"id":17641,"href":"https:\/\/sport-index.fr\/blog\/wp-json\/wp\/v2\/posts\/17603\/revisions\/17641"}],"wp:featuredmedia":[{"embeddable":true,"href":"https:\/\/sport-index.fr\/blog\/wp-json\/wp\/v2\/media\/17604"}],"wp:attachment":[{"href":"https:\/\/sport-index.fr\/blog\/wp-json\/wp\/v2\/media?parent=17603"}],"wp:term":[{"taxonomy":"category","embeddable":true,"href":"https:\/\/sport-index.fr\/blog\/wp-json\/wp\/v2\/categories?post=17603"},{"taxonomy":"post_tag","embeddable":true,"href":"https:\/\/sport-index.fr\/blog\/wp-json\/wp\/v2\/tags?post=17603"}],"curies":[{"name":"wp","href":"https:\/\/api.w.org\/{rel}","templated":true}]}}