{"id":17624,"date":"2026-09-02T10:58:42","date_gmt":"2026-09-02T08:58:42","guid":{"rendered":"https:\/\/sport-index.fr\/blog\/?p=17624"},"modified":"2026-09-02T10:58:42","modified_gmt":"2026-09-02T08:58:42","slug":"calendrier-de-pro-d2-brive-et-vannes-en-ouverture-grenoble-termine-la-saison","status":"publish","type":"post","link":"https:\/\/sport-index.fr\/blog\/a-la-une\/calendrier-de-pro-d2-brive-et-vannes-en-ouverture-grenoble-termine-la-saison\/","title":{"rendered":"Calendrier de Pro D2 : Brive et Vannes en ouverture, Grenoble termine la saison"},"content":{"rendered":"<div style=\"border-left:4px solid #7a1f2b;background:#faf3f2;border-radius:8px;padding:18px 22px;margin:20px 0 28px;\">\n<span style=\"font-size:11px;font-weight:700;letter-spacing:.08em;text-transform:uppercase;color:#7a1f2b;margin-bottom:8px;display:block;\">L&rsquo;essentiel<\/span><\/p>\n<ul style=\"margin:0;padding-left:20px;\">\n<li style=\"margin:6px 0;\"><strong>Quoi :<\/strong> le calendrier de la Pro D2 2025-2026 a \u00e9t\u00e9 d\u00e9voil\u00e9 le 10 juillet 2025 par la LNR \u2014 Brive recevait Vannes en ouverture.<\/li>\n<li style=\"margin:6px 0;\"><strong>Quand\/Qui :<\/strong> saison r\u00e9guli\u00e8re du 29 ao\u00fbt 2025 au 15 mai 2026, puis phases finales jusqu&rsquo;au 6 juin 2026.<\/li>\n<li style=\"margin:6px 0;\"><strong>Pourquoi \u00e7a compte aujourd&rsquo;hui :<\/strong> la saison est d\u00e9sormais termin\u00e9e \u2014 le RC Vannes l&rsquo;a remport\u00e9e et retrouve le Top 14.<\/li>\n<\/ul>\n<\/div>\n<p>Le calendrier de la saison 2025-2026 de Pro D2 a \u00e9t\u00e9 d\u00e9voil\u00e9 le 10 juillet 2025 par la Ligue Nationale de Rugby. La saison r\u00e9guli\u00e8re a d\u00e9but\u00e9 le 29 ao\u00fbt 2025, avant qu&rsquo;une phase finale ne d\u00e9signe le champion. <strong>Mise \u00e0 jour du 2 septembre 2026 :<\/strong> la saison 2025-2026 est d\u00e9sormais achev\u00e9e \u2014 le r\u00e9sum\u00e9 complet des r\u00e9sultats figure en bas de cet article.<\/p>\n<h2>Une ouverture entre Brive et Vannes<\/h2>\n<p>Le premier match de la saison a oppos\u00e9, le 29 ao\u00fbt 2025, le CA Brive au RC Vannes sur la pelouse briviste. L&rsquo;affiche \u00e9tait d&rsquo;autant plus particuli\u00e8re que Vannes, tout juste rel\u00e9gu\u00e9 du Top 14 apr\u00e8s une seule saison dans l&rsquo;\u00e9lite, retrouvait la Pro D2 d\u00e8s la premi\u00e8re journ\u00e9e.<\/p>\n<p>Le m\u00eame week-end, l&rsquo;autre grand nom de la Pro D2 sortant de la saison pr\u00e9c\u00e9dente, le FC Grenoble \u2014 vice-champion battu en finale par Montauban \u2014 se d\u00e9pla\u00e7ait lui aussi, mais chez un autre pr\u00e9tendant d\u00e9clar\u00e9 au titre : Oyonnax. C&rsquo;est cette affiche, et non celle de la fin de saison, que la Ligue Nationale de Rugby avait mise en avant en d\u00e9voilant le calendrier.<img decoding=\"async\" width=\"1024\" height=\"576\" src=\"https:\/\/sport-index.fr\/blog\/wp-content\/uploads\/2025\/07\/stability-calendrier-de-pro-d2-brive-et-vannes-en-ouverture-grenoble-termine-la-saison-1.png\" class=\"aligncenter\" alt=\"Illustration d\u00e9taill\u00e9e sur calendrier de pro D2 : brive et vannes en ouverture, grenoble termine la saison\" title=\"calendrier de pro D2 : brive et vannes en ouverture, grenoble termine la saison\" loading=\"lazy\" \/><\/p>\n<h2>Des chocs au programme tout au long de la saison<\/h2>\n<p>Le calendrier complet de la Pro D2 2025-2026 avait \u00e9t\u00e9 d\u00e9voil\u00e9 dans son int\u00e9gralit\u00e9. Grenoble, Colomiers et Biarritz figuraient, aux c\u00f4t\u00e9s de Brive et Vannes, parmi les pr\u00e9tendants annonc\u00e9s au titre. La saison r\u00e9guli\u00e8re s&rsquo;est \u00e9tal\u00e9e jusqu&rsquo;au 15 mai 2026, date \u00e0 laquelle la phase finale a d\u00e9but\u00e9.<\/p>\n<p>Trente journ\u00e9es ont rythm\u00e9 la comp\u00e9tition, chacune apportant son lot de confrontations pour le maintien comme pour l&rsquo;accession au Top 14.<\/p>\n<h2>Les dates cl\u00e9s du calendrier annonc\u00e9<\/h2>\n<ul>\n<li>Journ\u00e9e 1 : 29\/08\/2025 &#8211; Brive re\u00e7oit Vannes<\/li>\n<li>Journ\u00e9e 2 : 05\/09\/2025 &#8211; Grenoble re\u00e7oit Aurillac<\/li>\n<li>Journ\u00e9e 4 : 19\/09\/2025 &#8211; Biarritz re\u00e7oit Brive<\/li>\n<li>Journ\u00e9e 10 : 07\/11\/2025 &#8211; Grenoble re\u00e7oit B\u00e9ziers<\/li>\n<li>Journ\u00e9e 15 : 19\/12\/2025 &#8211; Carcassonne re\u00e7oit Soyaux-Angoul\u00eame (et non Dax, qui se d\u00e9pla\u00e7ait chez Grenoble ce jour-l\u00e0)<\/li>\n<li>Journ\u00e9e 30 : 15\/05\/2026 &#8211; Vannes re\u00e7oit Dax, derni\u00e8re journ\u00e9e de la saison r\u00e9guli\u00e8re (et non Aurillac, qui se d\u00e9pla\u00e7ait chez Oyonnax ce jour-l\u00e0)<\/li>\n<\/ul>\n<p>Comme le pr\u00e9cisait Rugbyrama \u00e0 la publication du calendrier, la programmation horaire n&rsquo;\u00e9tait alors pas encore d\u00e9voil\u00e9e : on ne savait pas encore quelle affiche aurait l&rsquo;honneur d&rsquo;ouvrir le bal en t\u00eate d&rsquo;affiche t\u00e9l\u00e9vis\u00e9e.<\/p>\n<p>La Pro D2 2025-2026 a de nouveau \u00e9t\u00e9 diffus\u00e9e sur Canal+ tout au long de la saison.<\/p>\n<h2>Ce que la saison 2025-2026 a donn\u00e9<\/h2>\n<p>Le RC Vannes, tout juste redescendu du Top 14, a r\u00e9alis\u00e9 la meilleure saison r\u00e9guli\u00e8re (24 victoires, 1 nul, 5 d\u00e9faites, 1<sup>er<\/sup>), \u00e9cras\u00e9 Oyonnax 48-7 en demi-finale, puis remport\u00e9 la finale face \u00e0 Provence Rugby 18-14 le 6 juin 2026 au stade Ernest-Wallon de Toulouse. C&rsquo;est le 2<sup>e<\/sup> titre de champion de Pro D2 de son histoire, synonyme de retour imm\u00e9diat en Top 14 pour 2026-2027.<\/p>\n<p>Provence Rugby, finaliste, a ensuite disput\u00e9 le barrage d&rsquo;accession au Top 14 face \u00e0 Perpignan et l&rsquo;a perdu (24-47, le 14 juin 2026) : le club reste en Pro D2.<\/p>\n<p>Le CA Brive, qualifi\u00e9 pour les barrages en terminant 6<sup>e<\/sup> de la saison r\u00e9guli\u00e8re (17 victoires, 1 nul, 12 d\u00e9faites), a \u00e9t\u00e9 \u00e9limin\u00e9 le 23 mai 2026 par Provence Rugby (39-21).<\/p>\n<p>Le FC Grenoble, vice-champion l&rsquo;ann\u00e9e pr\u00e9c\u00e9dente, a termin\u00e9 8<sup>e<\/sup> de la saison r\u00e9guli\u00e8re (14 victoires, 16 d\u00e9faites) et n&rsquo;a pas acc\u00e9d\u00e9 aux phases finales.<\/p>\n<p>En bas de tableau, l&rsquo;US Carcassonne (16<sup>e<\/sup>, promue de Nationale en juillet 2025) et le Stade montois (15<sup>e<\/sup>, battu au barrage d&rsquo;accession) ont \u00e9t\u00e9 rel\u00e9gu\u00e9s en Nationale pour la saison 2026-2027.<\/p>\n<div style=\"background:#1c1f26;color:#eef3f9;border-radius:10px;padding:20px 24px;margin:30px 0;\">\n<span style=\"font-size:11px;font-weight:700;letter-spacing:.08em;text-transform:uppercase;color:#e7a9af;margin-bottom:8px;display:block;\">\u00c0 retenir<\/span><\/p>\n<ul style=\"margin:0;padding-left:20px;\">\n<li style=\"margin:6px 0;color:#eef3f9;\">Le calendrier r\u00e9v\u00e9l\u00e9 le 10 juillet 2025 \u00e9tait exact sur l&rsquo;ouverture Brive-Vannes, mais fautif sur deux affiches de la liste (journ\u00e9es 15 et 30).<\/li>\n<li style=\"margin:6px 0;color:#eef3f9;\">Grenoble n&rsquo;a pas \u00ab termin\u00e9 \u00bb la saison diff\u00e9remment des 15 autres clubs : sa v\u00e9ritable actualit\u00e9 au moment du calendrier \u00e9tait son d\u00e9placement \u00e0 Oyonnax en ouverture.<\/li>\n<li style=\"margin:6px 0;color:#eef3f9;\">Le RC Vannes a remport\u00e9 le titre 2025-2026 et retrouve le Top 14 d\u00e8s 2026-2027.<\/li>\n<li style=\"margin:6px 0;color:#eef3f9;\">Brive (barrages) et Grenoble (8<sup>e<\/sup>) n&rsquo;ont pas d\u00e9pass\u00e9 la saison r\u00e9guli\u00e8re ou les barrages.<\/li>\n<li style=\"margin:6px 0;color:#eef3f9;\">Carcassonne et Mont-de-Marsan redescendent en Nationale.<\/li>\n<\/ul>\n<\/div>\n","protected":false},"excerpt":{"rendered":"","protected":false},"author":34,"featured_media":17625,"comment_status":"open","ping_status":"open","sticky":false,"template":"","format":"standard","meta":{"_acf_changed":false,"manual_indexmenow":false,"indexmenow_id_project":0,"footnotes":""},"categories":[1],"tags":[4531,4745,4544,4693],"class_list":["post-17624","post","type-post","status-publish","format-standard","has-post-thumbnail","hentry","category-a-la-une","tag-biarritz-olympique","tag-competition","tag-equipe","tag-pro-d2","generate-columns","tablet-grid-50","mobile-grid-100","grid-parent","grid-25"],"acf":[],"yoast_head":"<!-- This site is optimized with the Yoast SEO Premium plugin v21.3 (Yoast SEO v26.5) - https:\/\/yoast.com\/wordpress\/plugins\/seo\/ -->\n<title>Calendrier de Pro D2 : Brive et Vannes en ouverture, Grenoble termine la saison<\/title>\n<meta name=\"description\" content=\"Calendrier de la Pro D2 2025-2026 d\u00e9voil\u00e9 le 10 juillet 2025 : Brive recevait Vannes en ouverture. Saison d\u00e9sormais achev\u00e9e : vainqueur et r\u00e9sum\u00e9 complet des r\u00e9sultats.\" \/>\n<meta name=\"robots\" content=\"index, follow, max-snippet:-1, max-image-preview:large, max-video-preview:-1\" \/>\n<link rel=\"canonical\" href=\"https:\/\/sport-index.fr\/blog\/a-la-une\/calendrier-de-pro-d2-brive-et-vannes-en-ouverture-grenoble-termine-la-saison\/\" \/>\n<meta property=\"og:locale\" content=\"fr_FR\" \/>\n<meta property=\"og:type\" content=\"article\" \/>\n<meta property=\"og:title\" content=\"Calendrier de Pro D2 : Brive et Vannes en ouverture, Grenoble termine la saison\" \/>\n<meta property=\"og:description\" content=\"Calendrier de la Pro D2 2025-2026 d\u00e9voil\u00e9 le 10 juillet 2025 : Brive recevait Vannes en ouverture. Saison d\u00e9sormais achev\u00e9e : vainqueur et r\u00e9sum\u00e9 complet des r\u00e9sultats.\" \/>\n<meta property=\"og:url\" content=\"https:\/\/sport-index.fr\/blog\/a-la-une\/calendrier-de-pro-d2-brive-et-vannes-en-ouverture-grenoble-termine-la-saison\/\" \/>\n<meta property=\"og:site_name\" content=\"sport-index\" \/>\n<meta property=\"og:image\" content=\"https:\/\/sport-index.fr\/blog\/wp-content\/uploads\/2025\/07\/stability-calendrier-de-pro-d2-brive-et-vannes-en-ouverture-grenoble-termine-la-saison.png\" \/>\n\t<meta property=\"og:image:width\" content=\"1024\" \/>\n\t<meta property=\"og:image:height\" content=\"576\" \/>\n\t<meta property=\"og:image:type\" content=\"image\/png\" \/>\n<meta name=\"author\" content=\"Axel Lauzier\" \/>\n<meta name=\"twitter:card\" content=\"summary_large_image\" \/>\n<script type=\"application\/ld+json\" class=\"yoast-schema-graph\">{\"@context\":\"https:\/\/schema.org\",\"@graph\":[{\"@type\":\"NewsArticle\",\"@id\":\"https:\/\/sport-index.fr\/blog\/a-la-une\/calendrier-de-pro-d2-brive-et-vannes-en-ouverture-grenoble-termine-la-saison\/#article\",\"isPartOf\":{\"@id\":\"https:\/\/sport-index.fr\/blog\/a-la-une\/calendrier-de-pro-d2-brive-et-vannes-en-ouverture-grenoble-termine-la-saison\/\"},\"author\":{\"name\":\"Axel Lauzier\",\"@id\":\"https:\/\/sport-index.fr\/blog\/#\/schema\/person\/3c864cdc320801e3db34b663e7e3f816\"},\"headline\":\"Calendrier de Pro D2 : Brive et Vannes en ouverture, Grenoble termine la saison\",\"datePublished\":\"2026-09-02T08:58:42+00:00\",\"mainEntityOfPage\":{\"@id\":\"https:\/\/sport-index.fr\/blog\/a-la-une\/calendrier-de-pro-d2-brive-et-vannes-en-ouverture-grenoble-termine-la-saison\/\"},\"wordCount\":797,\"commentCount\":22,\"publisher\":{\"@id\":\"https:\/\/sport-index.fr\/blog\/#organization\"},\"image\":{\"@id\":\"https:\/\/sport-index.fr\/blog\/a-la-une\/calendrier-de-pro-d2-brive-et-vannes-en-ouverture-grenoble-termine-la-saison\/#primaryimage\"},\"thumbnailUrl\":\"https:\/\/sport-index.fr\/blog\/wp-content\/uploads\/2025\/07\/stability-calendrier-de-pro-d2-brive-et-vannes-en-ouverture-grenoble-termine-la-saison.png\",\"keywords\":[\"Biarritz Olympique\",\"Comp\u00e9tition\",\"\u00c9quipe\",\"Pro D2\"],\"articleSection\":[\"\u00c0 la une\"],\"inLanguage\":\"fr-FR\",\"potentialAction\":[{\"@type\":\"CommentAction\",\"name\":\"Comment\",\"target\":[\"https:\/\/sport-index.fr\/blog\/a-la-une\/calendrier-de-pro-d2-brive-et-vannes-en-ouverture-grenoble-termine-la-saison\/#respond\"]}]},{\"@type\":\"WebPage\",\"@id\":\"https:\/\/sport-index.fr\/blog\/a-la-une\/calendrier-de-pro-d2-brive-et-vannes-en-ouverture-grenoble-termine-la-saison\/\",\"url\":\"https:\/\/sport-index.fr\/blog\/a-la-une\/calendrier-de-pro-d2-brive-et-vannes-en-ouverture-grenoble-termine-la-saison\/\",\"name\":\"Calendrier de Pro D2 : Brive et Vannes en ouverture, Grenoble termine la saison\",\"isPartOf\":{\"@id\":\"https:\/\/sport-index.fr\/blog\/#website\"},\"primaryImageOfPage\":{\"@id\":\"https:\/\/sport-index.fr\/blog\/a-la-une\/calendrier-de-pro-d2-brive-et-vannes-en-ouverture-grenoble-termine-la-saison\/#primaryimage\"},\"image\":{\"@id\":\"https:\/\/sport-index.fr\/blog\/a-la-une\/calendrier-de-pro-d2-brive-et-vannes-en-ouverture-grenoble-termine-la-saison\/#primaryimage\"},\"thumbnailUrl\":\"https:\/\/sport-index.fr\/blog\/wp-content\/uploads\/2025\/07\/stability-calendrier-de-pro-d2-brive-et-vannes-en-ouverture-grenoble-termine-la-saison.png\",\"datePublished\":\"2026-09-02T08:58:42+00:00\",\"description\":\"Calendrier de la Pro D2 2025-2026 d\u00e9voil\u00e9 le 10 juillet 2025 : Brive recevait Vannes en ouverture. Saison d\u00e9sormais achev\u00e9e : vainqueur et r\u00e9sum\u00e9 complet des r\u00e9sultats.\",\"inLanguage\":\"fr-FR\",\"potentialAction\":[{\"@type\":\"ReadAction\",\"target\":[\"https:\/\/sport-index.fr\/blog\/a-la-une\/calendrier-de-pro-d2-brive-et-vannes-en-ouverture-grenoble-termine-la-saison\/\"]}]},{\"@type\":\"ImageObject\",\"inLanguage\":\"fr-FR\",\"@id\":\"https:\/\/sport-index.fr\/blog\/a-la-une\/calendrier-de-pro-d2-brive-et-vannes-en-ouverture-grenoble-termine-la-saison\/#primaryimage\",\"url\":\"https:\/\/sport-index.fr\/blog\/wp-content\/uploads\/2025\/07\/stability-calendrier-de-pro-d2-brive-et-vannes-en-ouverture-grenoble-termine-la-saison.png\",\"contentUrl\":\"https:\/\/sport-index.fr\/blog\/wp-content\/uploads\/2025\/07\/stability-calendrier-de-pro-d2-brive-et-vannes-en-ouverture-grenoble-termine-la-saison.png\",\"width\":1024,\"height\":576},{\"@type\":\"WebSite\",\"@id\":\"https:\/\/sport-index.fr\/blog\/#website\",\"url\":\"https:\/\/sport-index.fr\/blog\/\",\"name\":\"sport-index.fr\",\"description\":\"Le score de l\u2019analyse sportive.\",\"publisher\":{\"@id\":\"https:\/\/sport-index.fr\/blog\/#organization\"},\"alternateName\":\"Le score de l\u2019analyse sportive.\",\"potentialAction\":[{\"@type\":\"SearchAction\",\"target\":{\"@type\":\"EntryPoint\",\"urlTemplate\":\"https:\/\/sport-index.fr\/blog\/?s={search_term_string}\"},\"query-input\":{\"@type\":\"PropertyValueSpecification\",\"valueRequired\":true,\"valueName\":\"search_term_string\"}}],\"inLanguage\":\"fr-FR\"},{\"@type\":\"Organization\",\"@id\":\"https:\/\/sport-index.fr\/blog\/#organization\",\"name\":\"Foretsensations.fr\",\"url\":\"https:\/\/sport-index.fr\/blog\/\",\"logo\":{\"@type\":\"ImageObject\",\"inLanguage\":\"fr-FR\",\"@id\":\"https:\/\/sport-index.fr\/blog\/#\/schema\/logo\/image\/\",\"url\":\"https:\/\/sport-index.fr\/blog\/wp-content\/uploads\/2026\/07\/logo-auto.png\",\"contentUrl\":\"https:\/\/sport-index.fr\/blog\/wp-content\/uploads\/2026\/07\/logo-auto.png\",\"width\":1024,\"height\":1024,\"caption\":\"Foretsensations.fr\"},\"image\":{\"@id\":\"https:\/\/sport-index.fr\/blog\/#\/schema\/logo\/image\/\"}},{\"@type\":\"Person\",\"@id\":\"https:\/\/sport-index.fr\/blog\/#\/schema\/person\/3c864cdc320801e3db34b663e7e3f816\",\"name\":\"Axel Lauzier\",\"image\":{\"@type\":\"ImageObject\",\"inLanguage\":\"fr-FR\",\"@id\":\"https:\/\/sport-index.fr\/blog\/#\/schema\/person\/image\/\",\"url\":\"https:\/\/sport-index.fr\/blog\/wp-content\/uploads\/2026\/06\/persona_axel-l-96x96.jpg\",\"contentUrl\":\"https:\/\/sport-index.fr\/blog\/wp-content\/uploads\/2026\/06\/persona_axel-l-96x96.jpg\",\"caption\":\"Axel Lauzier\"},\"description\":\"Le sport rythme mon quotidien depuis l'enfance, et j'en ai fait mon m\u00e9tier d'analyste r\u00e9dactionnel il y a une dizaine d'ann\u00e9es. Je couvre principalement le football, son actualit\u00e9, ses transferts et l'analyse tactique des grandes affiches, mais aussi les disciplines plus confidentielles que j'aime remettre en lumi\u00e8re. Une partie de mon travail porte sur les pronostics et la lecture statistique d'un match : forme des \u00e9quipes, historique des confrontations, compositions, sans jamais vendre de fausse certitude. Je rappelle syst\u00e9matiquement que parier comporte un risque et doit rester un loisir ma\u00eetris\u00e9. Avant de signer une analyse, je v\u00e9rifie mes chiffres, je recoupe les compositions probables et je distingue toujours la donn\u00e9e brute de l'intuition. Mon objectif : offrir une lecture honn\u00eate et argument\u00e9e, pas un ticket gagnant garanti.\",\"sameAs\":[\"https:\/\/axellauzier.fr\/\"],\"url\":\"https:\/\/sport-index.fr\/blog\/auteur\/noname\/\"}]}<\/script>\n<!-- \/ Yoast SEO Premium plugin. -->","yoast_head_json":{"title":"Calendrier de Pro D2 : Brive et Vannes en ouverture, Grenoble termine la saison","description":"Calendrier de la Pro D2 2025-2026 d\u00e9voil\u00e9 le 10 juillet 2025 : Brive recevait Vannes en ouverture. Saison d\u00e9sormais achev\u00e9e : vainqueur et r\u00e9sum\u00e9 complet des r\u00e9sultats.","robots":{"index":"index","follow":"follow","max-snippet":"max-snippet:-1","max-image-preview":"max-image-preview:large","max-video-preview":"max-video-preview:-1"},"canonical":"https:\/\/sport-index.fr\/blog\/a-la-une\/calendrier-de-pro-d2-brive-et-vannes-en-ouverture-grenoble-termine-la-saison\/","og_locale":"fr_FR","og_type":"article","og_title":"Calendrier de Pro D2 : Brive et Vannes en ouverture, Grenoble termine la saison","og_description":"Calendrier de la Pro D2 2025-2026 d\u00e9voil\u00e9 le 10 juillet 2025 : Brive recevait Vannes en ouverture. Saison d\u00e9sormais achev\u00e9e : vainqueur et r\u00e9sum\u00e9 complet des r\u00e9sultats.","og_url":"https:\/\/sport-index.fr\/blog\/a-la-une\/calendrier-de-pro-d2-brive-et-vannes-en-ouverture-grenoble-termine-la-saison\/","og_site_name":"sport-index","og_image":[{"width":1024,"height":576,"url":"https:\/\/sport-index.fr\/blog\/wp-content\/uploads\/2025\/07\/stability-calendrier-de-pro-d2-brive-et-vannes-en-ouverture-grenoble-termine-la-saison.png","type":"image\/png"}],"author":"Axel Lauzier","twitter_card":"summary_large_image","schema":{"@context":"https:\/\/schema.org","@graph":[{"@type":"NewsArticle","@id":"https:\/\/sport-index.fr\/blog\/a-la-une\/calendrier-de-pro-d2-brive-et-vannes-en-ouverture-grenoble-termine-la-saison\/#article","isPartOf":{"@id":"https:\/\/sport-index.fr\/blog\/a-la-une\/calendrier-de-pro-d2-brive-et-vannes-en-ouverture-grenoble-termine-la-saison\/"},"author":{"name":"Axel Lauzier","@id":"https:\/\/sport-index.fr\/blog\/#\/schema\/person\/3c864cdc320801e3db34b663e7e3f816"},"headline":"Calendrier de Pro D2 : Brive et Vannes en ouverture, Grenoble termine la saison","datePublished":"2026-09-02T08:58:42+00:00","mainEntityOfPage":{"@id":"https:\/\/sport-index.fr\/blog\/a-la-une\/calendrier-de-pro-d2-brive-et-vannes-en-ouverture-grenoble-termine-la-saison\/"},"wordCount":797,"commentCount":22,"publisher":{"@id":"https:\/\/sport-index.fr\/blog\/#organization"},"image":{"@id":"https:\/\/sport-index.fr\/blog\/a-la-une\/calendrier-de-pro-d2-brive-et-vannes-en-ouverture-grenoble-termine-la-saison\/#primaryimage"},"thumbnailUrl":"https:\/\/sport-index.fr\/blog\/wp-content\/uploads\/2025\/07\/stability-calendrier-de-pro-d2-brive-et-vannes-en-ouverture-grenoble-termine-la-saison.png","keywords":["Biarritz Olympique","Comp\u00e9tition","\u00c9quipe","Pro D2"],"articleSection":["\u00c0 la une"],"inLanguage":"fr-FR","potentialAction":[{"@type":"CommentAction","name":"Comment","target":["https:\/\/sport-index.fr\/blog\/a-la-une\/calendrier-de-pro-d2-brive-et-vannes-en-ouverture-grenoble-termine-la-saison\/#respond"]}]},{"@type":"WebPage","@id":"https:\/\/sport-index.fr\/blog\/a-la-une\/calendrier-de-pro-d2-brive-et-vannes-en-ouverture-grenoble-termine-la-saison\/","url":"https:\/\/sport-index.fr\/blog\/a-la-une\/calendrier-de-pro-d2-brive-et-vannes-en-ouverture-grenoble-termine-la-saison\/","name":"Calendrier de Pro D2 : Brive et Vannes en ouverture, Grenoble termine la saison","isPartOf":{"@id":"https:\/\/sport-index.fr\/blog\/#website"},"primaryImageOfPage":{"@id":"https:\/\/sport-index.fr\/blog\/a-la-une\/calendrier-de-pro-d2-brive-et-vannes-en-ouverture-grenoble-termine-la-saison\/#primaryimage"},"image":{"@id":"https:\/\/sport-index.fr\/blog\/a-la-une\/calendrier-de-pro-d2-brive-et-vannes-en-ouverture-grenoble-termine-la-saison\/#primaryimage"},"thumbnailUrl":"https:\/\/sport-index.fr\/blog\/wp-content\/uploads\/2025\/07\/stability-calendrier-de-pro-d2-brive-et-vannes-en-ouverture-grenoble-termine-la-saison.png","datePublished":"2026-09-02T08:58:42+00:00","description":"Calendrier de la Pro D2 2025-2026 d\u00e9voil\u00e9 le 10 juillet 2025 : Brive recevait Vannes en ouverture. Saison d\u00e9sormais achev\u00e9e : vainqueur et r\u00e9sum\u00e9 complet des r\u00e9sultats.","inLanguage":"fr-FR","potentialAction":[{"@type":"ReadAction","target":["https:\/\/sport-index.fr\/blog\/a-la-une\/calendrier-de-pro-d2-brive-et-vannes-en-ouverture-grenoble-termine-la-saison\/"]}]},{"@type":"ImageObject","inLanguage":"fr-FR","@id":"https:\/\/sport-index.fr\/blog\/a-la-une\/calendrier-de-pro-d2-brive-et-vannes-en-ouverture-grenoble-termine-la-saison\/#primaryimage","url":"https:\/\/sport-index.fr\/blog\/wp-content\/uploads\/2025\/07\/stability-calendrier-de-pro-d2-brive-et-vannes-en-ouverture-grenoble-termine-la-saison.png","contentUrl":"https:\/\/sport-index.fr\/blog\/wp-content\/uploads\/2025\/07\/stability-calendrier-de-pro-d2-brive-et-vannes-en-ouverture-grenoble-termine-la-saison.png","width":1024,"height":576},{"@type":"WebSite","@id":"https:\/\/sport-index.fr\/blog\/#website","url":"https:\/\/sport-index.fr\/blog\/","name":"sport-index.fr","description":"Le score de l\u2019analyse sportive.","publisher":{"@id":"https:\/\/sport-index.fr\/blog\/#organization"},"alternateName":"Le score de l\u2019analyse sportive.","potentialAction":[{"@type":"SearchAction","target":{"@type":"EntryPoint","urlTemplate":"https:\/\/sport-index.fr\/blog\/?s={search_term_string}"},"query-input":{"@type":"PropertyValueSpecification","valueRequired":true,"valueName":"search_term_string"}}],"inLanguage":"fr-FR"},{"@type":"Organization","@id":"https:\/\/sport-index.fr\/blog\/#organization","name":"Foretsensations.fr","url":"https:\/\/sport-index.fr\/blog\/","logo":{"@type":"ImageObject","inLanguage":"fr-FR","@id":"https:\/\/sport-index.fr\/blog\/#\/schema\/logo\/image\/","url":"https:\/\/sport-index.fr\/blog\/wp-content\/uploads\/2026\/07\/logo-auto.png","contentUrl":"https:\/\/sport-index.fr\/blog\/wp-content\/uploads\/2026\/07\/logo-auto.png","width":1024,"height":1024,"caption":"Foretsensations.fr"},"image":{"@id":"https:\/\/sport-index.fr\/blog\/#\/schema\/logo\/image\/"}},{"@type":"Person","@id":"https:\/\/sport-index.fr\/blog\/#\/schema\/person\/3c864cdc320801e3db34b663e7e3f816","name":"Axel Lauzier","image":{"@type":"ImageObject","inLanguage":"fr-FR","@id":"https:\/\/sport-index.fr\/blog\/#\/schema\/person\/image\/","url":"https:\/\/sport-index.fr\/blog\/wp-content\/uploads\/2026\/06\/persona_axel-l-96x96.jpg","contentUrl":"https:\/\/sport-index.fr\/blog\/wp-content\/uploads\/2026\/06\/persona_axel-l-96x96.jpg","caption":"Axel Lauzier"},"description":"Le sport rythme mon quotidien depuis l'enfance, et j'en ai fait mon m\u00e9tier d'analyste r\u00e9dactionnel il y a une dizaine d'ann\u00e9es. Je couvre principalement le football, son actualit\u00e9, ses transferts et l'analyse tactique des grandes affiches, mais aussi les disciplines plus confidentielles que j'aime remettre en lumi\u00e8re. Une partie de mon travail porte sur les pronostics et la lecture statistique d'un match : forme des \u00e9quipes, historique des confrontations, compositions, sans jamais vendre de fausse certitude. Je rappelle syst\u00e9matiquement que parier comporte un risque et doit rester un loisir ma\u00eetris\u00e9. Avant de signer une analyse, je v\u00e9rifie mes chiffres, je recoupe les compositions probables et je distingue toujours la donn\u00e9e brute de l'intuition. Mon objectif : offrir une lecture honn\u00eate et argument\u00e9e, pas un ticket gagnant garanti.","sameAs":["https:\/\/axellauzier.fr\/"],"url":"https:\/\/sport-index.fr\/blog\/auteur\/noname\/"}]}},"_links":{"self":[{"href":"https:\/\/sport-index.fr\/blog\/wp-json\/wp\/v2\/posts\/17624","targetHints":{"allow":["GET"]}}],"collection":[{"href":"https:\/\/sport-index.fr\/blog\/wp-json\/wp\/v2\/posts"}],"about":[{"href":"https:\/\/sport-index.fr\/blog\/wp-json\/wp\/v2\/types\/post"}],"author":[{"embeddable":true,"href":"https:\/\/sport-index.fr\/blog\/wp-json\/wp\/v2\/users\/34"}],"replies":[{"embeddable":true,"href":"https:\/\/sport-index.fr\/blog\/wp-json\/wp\/v2\/comments?post=17624"}],"version-history":[{"count":5,"href":"https:\/\/sport-index.fr\/blog\/wp-json\/wp\/v2\/posts\/17624\/revisions"}],"predecessor-version":[{"id":18524,"href":"https:\/\/sport-index.fr\/blog\/wp-json\/wp\/v2\/posts\/17624\/revisions\/18524"}],"wp:featuredmedia":[{"embeddable":true,"href":"https:\/\/sport-index.fr\/blog\/wp-json\/wp\/v2\/media\/17625"}],"wp:attachment":[{"href":"https:\/\/sport-index.fr\/blog\/wp-json\/wp\/v2\/media?parent=17624"}],"wp:term":[{"taxonomy":"category","embeddable":true,"href":"https:\/\/sport-index.fr\/blog\/wp-json\/wp\/v2\/categories?post=17624"},{"taxonomy":"post_tag","embeddable":true,"href":"https:\/\/sport-index.fr\/blog\/wp-json\/wp\/v2\/tags?post=17624"}],"curies":[{"name":"wp","href":"https:\/\/api.w.org\/{rel}","templated":true}]}}