{"id":17632,"date":"2025-07-10T13:58:51","date_gmt":"2025-07-10T11:58:51","guid":{"rendered":"https:\/\/sport-index.fr\/blog\/?p=17632"},"modified":"2025-07-10T12:21:25","modified_gmt":"2025-07-10T10:21:25","slug":"une-equipe-tricolore-renouvelee-galthie-mise-sur-la-jeunesse-face-aux-all-blacks","status":"publish","type":"post","link":"https:\/\/sport-index.fr\/blog\/a-la-une\/une-equipe-tricolore-renouvelee-galthie-mise-sur-la-jeunesse-face-aux-all-blacks\/","title":{"rendered":"Une \u00e9quipe tricolore renouvel\u00e9e : Galthi\u00e9 mise sur la jeunesse face aux All Blacks"},"content":{"rendered":"<p>Le XV de France s\u2019appr\u00eate \u00e0 affronter la Nouvelle-Z\u00e9lande avec une composition d\u2019\u00e9quipe remani\u00e9e, refl\u00e9tant une volont\u00e9 de renouvellement et d\u2019ambition. Le s\u00e9lectionneur Fabien Galthi\u00e9 a choisi de faire confiance \u00e0 de nouveaux visages, tout en maintenant une certaine continuit\u00e9 dans des secteurs cl\u00e9s. Cette strat\u00e9gie vise \u00e0 renforcer l\u2019\u00e9quipe tout en int\u00e9grant des joueurs moins exp\u00e9riment\u00e9s, un choix qui pourrait s\u2019av\u00e9rer d\u00e9cisif dans cette rencontre cruciale.<\/p>\n<h2>Colombe, une chance \u00e0 saisir<\/h2>\n<p>Georges-Henri Colombe, qui a longtemps \u00e9t\u00e9 le rempla\u00e7ant d&rsquo;Uini Atonio, revient dans la lumi\u00e8re. Son dernier passage sur le terrain, bien que marqu\u00e9 par des difficult\u00e9s, lui a permis de prendre conscience de l&rsquo;importance de son r\u00f4le. Apr\u00e8s avoir \u00e9t\u00e9 \u00e9cart\u00e9 \u00e0 plusieurs reprises, il se retrouve face \u00e0 une opportunit\u00e9 unique de se relancer et prouver sa valeur sous la pression.<\/p>\n<p>La titularisation de Colombe en tant que pilier droit lors de ce test-match est un message fort de la part du staff technique. Fabien Galthi\u00e9 a d\u00e9clar\u00e9 qu\u2019il souhaite d\u00e9velopper Georges-Henri en raison de la n\u00e9cessit\u00e9 de renforcer la profondeur de l\u2019effectif. Avec la concurrence accrue, Colombe doit montrer qu&rsquo;il a la force et l&rsquo;engagement n\u00e9cessaires pour s&rsquo;imposer sur le terrain.<\/p>\n<h2>Des novices en deuxi\u00e8me ligne<\/h2>\n<p>Pour ce match contre les All Blacks, le staff a fait le choix audacieux d\u2019aligner deux joueurs sans exp\u00e9rience internationale, Joshua Brennan et Matthias Halagahu. Bien que certains puissent consid\u00e9rer cela comme un risque, Galthi\u00e9 y voit une opportunit\u00e9 de r\u00e9v\u00e9ler de nouveaux talents. Brennan a brill\u00e9 lors de la saison pr\u00e9c\u00e9dente en Top 14, tandis qu&rsquo;Halagahu, bien qu&rsquo;il n&rsquo;ait pas encore de capes, a su gagner la confiance de l&rsquo;\u00e9quipe.<\/p>\n<p>Ces deux joueurs apportent une dynamisme et une puissance n\u00e9cessaires dans la cage. Leur association avec une troisi\u00e8me ligne plus mobile pourrait offrir un \u00e9quilibre pr\u00e9cieux, permettant au XV de France d&rsquo;\u00eatre comp\u00e9titif tant en attaque qu\u2019en d\u00e9fense. L&rsquo;exp\u00e9rience collective sera cruciale, et leur performance pourrait bien d\u00e9terminer l&rsquo;issue de ce match.<\/p>\n<h2>Une charni\u00e8re essentielle pour la stabilit\u00e9<\/h2>\n<p>Malgr\u00e9 les changements, la charni\u00e8re Nolann Le Garrec et Joris Segonds reste inchang\u00e9e. Leur continuit\u00e9 est essentielle pour assurer une certaine stabilit\u00e9 dans le jeu. Galthi\u00e9 a soulign\u00e9 l&rsquo;importance de leur exp\u00e9rience croissante, qui pourrait s&rsquo;av\u00e9rer cruciale pour g\u00e9rer la pression lors de ce match.<\/p>\n<p>Le duo a montr\u00e9 de bonnes performances lors des matchs pr\u00e9c\u00e9dents, et leur capacit\u00e9 \u00e0 bien communiquer sur le terrain est un atout majeur. En pr\u00e9servant cette charni\u00e8re, Galthi\u00e9 esp\u00e8re maximiser les chances de succ\u00e8s du XV de France face \u00e0 une \u00e9quipe n\u00e9o-z\u00e9landaise redoutable.<\/p>\n<h2>Les changements strat\u00e9giques en troisi\u00e8me ligne<\/h2>\n<p>Le repositionnement d&rsquo;Esteban Abadie en num\u00e9ro 8 est une autre d\u00e9cision strat\u00e9gique marquante de Galthi\u00e9. Bien qu&rsquo;il n&rsquo;ait pas l&rsquo;exp\u00e9rience \u00e0 ce poste, son intelligence et sa capacit\u00e9 d\u2019adaptation seront mises \u00e0 l&rsquo;\u00e9preuve. Il formera une troisi\u00e8me ligne mobile avec Pierre Bochaton et Jacobus Van Tonder, ce qui pourrait apporter un nouvel \u00e9lan \u00e0 l&rsquo;\u00e9quipe.<\/p>\n<p>Galthi\u00e9 a exprim\u00e9 sa confiance en Abadie, soulignant qu&rsquo;il est essentiel de d\u00e9velopper des joueurs polyvalents \u00e0 ce poste. Son r\u00f4le sera crucial pour le dynamisme de l\u2019\u00e9quipe, surtout face \u00e0 une \u00e9quipe aussi physique que la Nouvelle-Z\u00e9lande.<\/p>\n<h2>Un banc de rempla\u00e7ants prometteur<\/h2>\n<p>Bien que le XV de d\u00e9part ait subi plusieurs changements, le banc de rempla\u00e7ants reste solide. Six des huit \u00ab\u00a0finisseurs\u00a0\u00bb de la derni\u00e8re rencontre contre les All Blacks seront reconduits. Leur impact lors du dernier match a \u00e9t\u00e9 d\u00e9terminant, et Galthi\u00e9 veut capitaliser sur cette dynamique.<\/p>\n<p>Ces rempla\u00e7ants, tels que Paul Mallez et Romain Taofifenua, apporteront une fra\u00eecheur n\u00e9cessaire pour faire face \u00e0 la puissance des N\u00e9o-Z\u00e9landais. La strat\u00e9gie de \u00ab\u00a0finisseurs\u00a0\u00bb est un \u00e9l\u00e9ment cl\u00e9 de la philosophie de jeu de Galthi\u00e9, qui mise sur une \u00e9quipe capable de maintenir l&rsquo;intensit\u00e9 jusqu&rsquo;\u00e0 la derni\u00e8re minute.<\/p>\n<h2>Un d\u00e9fi de taille \u00e0 relever<\/h2>\n<p>Le match contre la Nouvelle-Z\u00e9lande repr\u00e9sente un v\u00e9ritable d\u00e9fi pour le XV de France. Galthi\u00e9 est conscient que chaque joueur devra donner le meilleur de lui-m\u00eame pour esp\u00e9rer obtenir un r\u00e9sultat positif. Les choix effectu\u00e9s, bien que risqu\u00e9s, refl\u00e8tent une volont\u00e9 de b\u00e2tir une \u00e9quipe solide sur le long terme.<\/p>\n<p>Le s\u00e9lectionneur a la ferme conviction que ces jeunes joueurs, puissants et dynamiques, peuvent rivaliser avec les meilleurs. La cl\u00e9 sera de transformer cette opportunit\u00e9 en performance sur le terrain. Il est temps pour le XV de France de prouver qu&rsquo;il peut s&rsquo;imposer face \u00e0 l&rsquo;un des plus grands adversaires du rugby mondial.<\/p>\n<blockquote><p>\n\u201cOn a mis les ressources qu\u2019on avait \u00e0 disposition. On pense pouvoir rivaliser au sol, comme en l\u2019air, avec cette composition.\u201d &#8211; Fabien Galthi\u00e9\n<\/p><\/blockquote>\n<p>Le XV de France est donc pr\u00eat \u00e0 relever ce d\u00e9fi avec un m\u00e9lange d&rsquo;exp\u00e9rience et de jeunesse. L&rsquo;engagement et la d\u00e9termination des joueurs seront d\u00e9cisifs pour esp\u00e9rer briser la mal\u00e9diction face aux All Blacks.<img decoding=\"async\" width=\"1024\" height=\"576\" src=\"https:\/\/sport-index.fr\/blog\/wp-content\/uploads\/2025\/07\/stability-une-equipe-tricolore-renouvelee-galthie-mise-sur-la-jeunesse-face-aux-all-blacks-1.png\" class=\"aligncenter\" alt=\"Illustration d\u00e9taill\u00e9e sur Une \u00e9quipe tricolore renouvel\u00e9e : Galthi\u00e9 mise sur la jeunesse face aux All Blacks\" title=\"Une \u00e9quipe tricolore renouvel\u00e9e : Galthi\u00e9 mise sur la jeunesse face aux All Blacks\" loading=\"lazy\" \/><\/p>\n","protected":false},"excerpt":{"rendered":"","protected":false},"author":34,"featured_media":17633,"comment_status":"open","ping_status":"open","sticky":false,"template":"","format":"standard","meta":{"_acf_changed":false,"manual_indexmenow":false,"indexmenow_id_project":0,"footnotes":""},"categories":[1],"tags":[4745,4561,4632,4885,4554],"class_list":["post-17632","post","type-post","status-publish","format-standard","has-post-thumbnail","hentry","category-a-la-une","tag-competition","tag-gestion-des-talents","tag-performance-sportive","tag-preparation-mentale","tag-xv-de-france","generate-columns","tablet-grid-50","mobile-grid-100","grid-parent","grid-25"],"acf":[],"yoast_head":"<!-- This site is optimized with the Yoast SEO Premium plugin v21.3 (Yoast SEO v26.5) - https:\/\/yoast.com\/wordpress\/plugins\/seo\/ -->\n<title>Une \u00e9quipe tricolore renouvel\u00e9e : Galthi\u00e9 mise<\/title>\n<meta name=\"description\" content=\"Le XV de France s\u2019appr\u00eate \u00e0 affronter la Nouvelle-Z\u00e9lande avec une composition d\u2019\u00e9quipe remani\u00e9e, refl\u00e9tant une volont\u00e9 de renouvellement et d\u2019ambition\u2026\" \/>\n<meta name=\"robots\" content=\"index, follow, max-snippet:-1, max-image-preview:large, max-video-preview:-1\" \/>\n<link rel=\"canonical\" href=\"https:\/\/sport-index.fr\/blog\/a-la-une\/une-equipe-tricolore-renouvelee-galthie-mise-sur-la-jeunesse-face-aux-all-blacks\/\" \/>\n<meta property=\"og:locale\" content=\"fr_FR\" \/>\n<meta property=\"og:type\" content=\"article\" \/>\n<meta property=\"og:title\" content=\"Une \u00e9quipe tricolore renouvel\u00e9e : Galthi\u00e9 mise\" \/>\n<meta property=\"og:description\" content=\"Le XV de France s\u2019appr\u00eate \u00e0 affronter la Nouvelle-Z\u00e9lande avec une composition d\u2019\u00e9quipe remani\u00e9e, refl\u00e9tant une volont\u00e9 de renouvellement et d\u2019ambition\u2026\" \/>\n<meta property=\"og:url\" content=\"https:\/\/sport-index.fr\/blog\/a-la-une\/une-equipe-tricolore-renouvelee-galthie-mise-sur-la-jeunesse-face-aux-all-blacks\/\" \/>\n<meta property=\"og:site_name\" content=\"sport-index\" \/>\n<meta property=\"og:image\" content=\"https:\/\/sport-index.fr\/blog\/wp-content\/uploads\/2025\/07\/stability-une-equipe-tricolore-renouvelee-galthie-mise-sur-la-jeunesse-face-aux-all-blacks.png\" \/>\n\t<meta property=\"og:image:width\" content=\"1024\" \/>\n\t<meta property=\"og:image:height\" content=\"576\" \/>\n\t<meta property=\"og:image:type\" content=\"image\/png\" \/>\n<meta name=\"author\" content=\"Axel Lauzier\" \/>\n<meta name=\"twitter:card\" content=\"summary_large_image\" \/>\n<script type=\"application\/ld+json\" class=\"yoast-schema-graph\">{\"@context\":\"https:\/\/schema.org\",\"@graph\":[{\"@type\":\"NewsArticle\",\"@id\":\"https:\/\/sport-index.fr\/blog\/a-la-une\/une-equipe-tricolore-renouvelee-galthie-mise-sur-la-jeunesse-face-aux-all-blacks\/#article\",\"isPartOf\":{\"@id\":\"https:\/\/sport-index.fr\/blog\/a-la-une\/une-equipe-tricolore-renouvelee-galthie-mise-sur-la-jeunesse-face-aux-all-blacks\/\"},\"author\":{\"name\":\"Axel Lauzier\",\"@id\":\"https:\/\/sport-index.fr\/blog\/#\/schema\/person\/3c864cdc320801e3db34b663e7e3f816\"},\"headline\":\"Une \u00e9quipe tricolore renouvel\u00e9e : Galthi\u00e9 mise sur la jeunesse face aux All Blacks\",\"datePublished\":\"2025-07-10T11:58:51+00:00\",\"mainEntityOfPage\":{\"@id\":\"https:\/\/sport-index.fr\/blog\/a-la-une\/une-equipe-tricolore-renouvelee-galthie-mise-sur-la-jeunesse-face-aux-all-blacks\/\"},\"wordCount\":913,\"commentCount\":20,\"publisher\":{\"@id\":\"https:\/\/sport-index.fr\/blog\/#organization\"},\"image\":{\"@id\":\"https:\/\/sport-index.fr\/blog\/a-la-une\/une-equipe-tricolore-renouvelee-galthie-mise-sur-la-jeunesse-face-aux-all-blacks\/#primaryimage\"},\"thumbnailUrl\":\"https:\/\/sport-index.fr\/blog\/wp-content\/uploads\/2025\/07\/stability-une-equipe-tricolore-renouvelee-galthie-mise-sur-la-jeunesse-face-aux-all-blacks.png\",\"keywords\":[\"Comp\u00e9tition\",\"Gestion des Talents\",\"Performance sportive\",\"Pr\u00e9paration Mentale\",\"XV de France\"],\"articleSection\":[\"\u00c0 la une\"],\"inLanguage\":\"fr-FR\",\"potentialAction\":[{\"@type\":\"CommentAction\",\"name\":\"Comment\",\"target\":[\"https:\/\/sport-index.fr\/blog\/a-la-une\/une-equipe-tricolore-renouvelee-galthie-mise-sur-la-jeunesse-face-aux-all-blacks\/#respond\"]}]},{\"@type\":\"WebPage\",\"@id\":\"https:\/\/sport-index.fr\/blog\/a-la-une\/une-equipe-tricolore-renouvelee-galthie-mise-sur-la-jeunesse-face-aux-all-blacks\/\",\"url\":\"https:\/\/sport-index.fr\/blog\/a-la-une\/une-equipe-tricolore-renouvelee-galthie-mise-sur-la-jeunesse-face-aux-all-blacks\/\",\"name\":\"Une \u00e9quipe tricolore renouvel\u00e9e : Galthi\u00e9 mise\",\"isPartOf\":{\"@id\":\"https:\/\/sport-index.fr\/blog\/#website\"},\"primaryImageOfPage\":{\"@id\":\"https:\/\/sport-index.fr\/blog\/a-la-une\/une-equipe-tricolore-renouvelee-galthie-mise-sur-la-jeunesse-face-aux-all-blacks\/#primaryimage\"},\"image\":{\"@id\":\"https:\/\/sport-index.fr\/blog\/a-la-une\/une-equipe-tricolore-renouvelee-galthie-mise-sur-la-jeunesse-face-aux-all-blacks\/#primaryimage\"},\"thumbnailUrl\":\"https:\/\/sport-index.fr\/blog\/wp-content\/uploads\/2025\/07\/stability-une-equipe-tricolore-renouvelee-galthie-mise-sur-la-jeunesse-face-aux-all-blacks.png\",\"datePublished\":\"2025-07-10T11:58:51+00:00\",\"description\":\"Le XV de France s\u2019appr\u00eate \u00e0 affronter la Nouvelle-Z\u00e9lande avec une composition d\u2019\u00e9quipe remani\u00e9e, refl\u00e9tant une volont\u00e9 de renouvellement et d\u2019ambition\u2026\",\"inLanguage\":\"fr-FR\",\"potentialAction\":[{\"@type\":\"ReadAction\",\"target\":[\"https:\/\/sport-index.fr\/blog\/a-la-une\/une-equipe-tricolore-renouvelee-galthie-mise-sur-la-jeunesse-face-aux-all-blacks\/\"]}]},{\"@type\":\"ImageObject\",\"inLanguage\":\"fr-FR\",\"@id\":\"https:\/\/sport-index.fr\/blog\/a-la-une\/une-equipe-tricolore-renouvelee-galthie-mise-sur-la-jeunesse-face-aux-all-blacks\/#primaryimage\",\"url\":\"https:\/\/sport-index.fr\/blog\/wp-content\/uploads\/2025\/07\/stability-une-equipe-tricolore-renouvelee-galthie-mise-sur-la-jeunesse-face-aux-all-blacks.png\",\"contentUrl\":\"https:\/\/sport-index.fr\/blog\/wp-content\/uploads\/2025\/07\/stability-une-equipe-tricolore-renouvelee-galthie-mise-sur-la-jeunesse-face-aux-all-blacks.png\",\"width\":1024,\"height\":576},{\"@type\":\"WebSite\",\"@id\":\"https:\/\/sport-index.fr\/blog\/#website\",\"url\":\"https:\/\/sport-index.fr\/blog\/\",\"name\":\"sport-index.fr\",\"description\":\"Le score de l\u2019analyse sportive.\",\"publisher\":{\"@id\":\"https:\/\/sport-index.fr\/blog\/#organization\"},\"alternateName\":\"Le score de l\u2019analyse sportive.\",\"potentialAction\":[{\"@type\":\"SearchAction\",\"target\":{\"@type\":\"EntryPoint\",\"urlTemplate\":\"https:\/\/sport-index.fr\/blog\/?s={search_term_string}\"},\"query-input\":{\"@type\":\"PropertyValueSpecification\",\"valueRequired\":true,\"valueName\":\"search_term_string\"}}],\"inLanguage\":\"fr-FR\"},{\"@type\":\"Organization\",\"@id\":\"https:\/\/sport-index.fr\/blog\/#organization\",\"name\":\"Foretsensations.fr\",\"url\":\"https:\/\/sport-index.fr\/blog\/\",\"logo\":{\"@type\":\"ImageObject\",\"inLanguage\":\"fr-FR\",\"@id\":\"https:\/\/sport-index.fr\/blog\/#\/schema\/logo\/image\/\",\"url\":\"https:\/\/sport-index.fr\/blog\/wp-content\/uploads\/2026\/07\/logo-auto.png\",\"contentUrl\":\"https:\/\/sport-index.fr\/blog\/wp-content\/uploads\/2026\/07\/logo-auto.png\",\"width\":1024,\"height\":1024,\"caption\":\"Foretsensations.fr\"},\"image\":{\"@id\":\"https:\/\/sport-index.fr\/blog\/#\/schema\/logo\/image\/\"}},{\"@type\":\"Person\",\"@id\":\"https:\/\/sport-index.fr\/blog\/#\/schema\/person\/3c864cdc320801e3db34b663e7e3f816\",\"name\":\"Axel Lauzier\",\"image\":{\"@type\":\"ImageObject\",\"inLanguage\":\"fr-FR\",\"@id\":\"https:\/\/sport-index.fr\/blog\/#\/schema\/person\/image\/\",\"url\":\"https:\/\/sport-index.fr\/blog\/wp-content\/uploads\/2026\/06\/persona_axel-l-96x96.jpg\",\"contentUrl\":\"https:\/\/sport-index.fr\/blog\/wp-content\/uploads\/2026\/06\/persona_axel-l-96x96.jpg\",\"caption\":\"Axel Lauzier\"},\"description\":\"Le sport rythme mon quotidien depuis l'enfance, et j'en ai fait mon m\u00e9tier d'analyste r\u00e9dactionnel il y a une dizaine d'ann\u00e9es. Je couvre principalement le football, son actualit\u00e9, ses transferts et l'analyse tactique des grandes affiches, mais aussi les disciplines plus confidentielles que j'aime remettre en lumi\u00e8re. Une partie de mon travail porte sur les pronostics et la lecture statistique d'un match : forme des \u00e9quipes, historique des confrontations, compositions, sans jamais vendre de fausse certitude. Je rappelle syst\u00e9matiquement que parier comporte un risque et doit rester un loisir ma\u00eetris\u00e9. Avant de signer une analyse, je v\u00e9rifie mes chiffres, je recoupe les compositions probables et je distingue toujours la donn\u00e9e brute de l'intuition. Mon objectif : offrir une lecture honn\u00eate et argument\u00e9e, pas un ticket gagnant garanti.\",\"sameAs\":[\"https:\/\/axellauzier.fr\/\"],\"url\":\"https:\/\/sport-index.fr\/blog\/auteur\/noname\/\"}]}<\/script>\n<!-- \/ Yoast SEO Premium plugin. -->","yoast_head_json":{"title":"Une \u00e9quipe tricolore renouvel\u00e9e : Galthi\u00e9 mise","description":"Le XV de France s\u2019appr\u00eate \u00e0 affronter la Nouvelle-Z\u00e9lande avec une composition d\u2019\u00e9quipe remani\u00e9e, refl\u00e9tant une volont\u00e9 de renouvellement et d\u2019ambition\u2026","robots":{"index":"index","follow":"follow","max-snippet":"max-snippet:-1","max-image-preview":"max-image-preview:large","max-video-preview":"max-video-preview:-1"},"canonical":"https:\/\/sport-index.fr\/blog\/a-la-une\/une-equipe-tricolore-renouvelee-galthie-mise-sur-la-jeunesse-face-aux-all-blacks\/","og_locale":"fr_FR","og_type":"article","og_title":"Une \u00e9quipe tricolore renouvel\u00e9e : Galthi\u00e9 mise","og_description":"Le XV de France s\u2019appr\u00eate \u00e0 affronter la Nouvelle-Z\u00e9lande avec une composition d\u2019\u00e9quipe remani\u00e9e, refl\u00e9tant une volont\u00e9 de renouvellement et d\u2019ambition\u2026","og_url":"https:\/\/sport-index.fr\/blog\/a-la-une\/une-equipe-tricolore-renouvelee-galthie-mise-sur-la-jeunesse-face-aux-all-blacks\/","og_site_name":"sport-index","og_image":[{"width":1024,"height":576,"url":"https:\/\/sport-index.fr\/blog\/wp-content\/uploads\/2025\/07\/stability-une-equipe-tricolore-renouvelee-galthie-mise-sur-la-jeunesse-face-aux-all-blacks.png","type":"image\/png"}],"author":"Axel Lauzier","twitter_card":"summary_large_image","schema":{"@context":"https:\/\/schema.org","@graph":[{"@type":"NewsArticle","@id":"https:\/\/sport-index.fr\/blog\/a-la-une\/une-equipe-tricolore-renouvelee-galthie-mise-sur-la-jeunesse-face-aux-all-blacks\/#article","isPartOf":{"@id":"https:\/\/sport-index.fr\/blog\/a-la-une\/une-equipe-tricolore-renouvelee-galthie-mise-sur-la-jeunesse-face-aux-all-blacks\/"},"author":{"name":"Axel Lauzier","@id":"https:\/\/sport-index.fr\/blog\/#\/schema\/person\/3c864cdc320801e3db34b663e7e3f816"},"headline":"Une \u00e9quipe tricolore renouvel\u00e9e : Galthi\u00e9 mise sur la jeunesse face aux All Blacks","datePublished":"2025-07-10T11:58:51+00:00","mainEntityOfPage":{"@id":"https:\/\/sport-index.fr\/blog\/a-la-une\/une-equipe-tricolore-renouvelee-galthie-mise-sur-la-jeunesse-face-aux-all-blacks\/"},"wordCount":913,"commentCount":20,"publisher":{"@id":"https:\/\/sport-index.fr\/blog\/#organization"},"image":{"@id":"https:\/\/sport-index.fr\/blog\/a-la-une\/une-equipe-tricolore-renouvelee-galthie-mise-sur-la-jeunesse-face-aux-all-blacks\/#primaryimage"},"thumbnailUrl":"https:\/\/sport-index.fr\/blog\/wp-content\/uploads\/2025\/07\/stability-une-equipe-tricolore-renouvelee-galthie-mise-sur-la-jeunesse-face-aux-all-blacks.png","keywords":["Comp\u00e9tition","Gestion des Talents","Performance sportive","Pr\u00e9paration Mentale","XV de France"],"articleSection":["\u00c0 la une"],"inLanguage":"fr-FR","potentialAction":[{"@type":"CommentAction","name":"Comment","target":["https:\/\/sport-index.fr\/blog\/a-la-une\/une-equipe-tricolore-renouvelee-galthie-mise-sur-la-jeunesse-face-aux-all-blacks\/#respond"]}]},{"@type":"WebPage","@id":"https:\/\/sport-index.fr\/blog\/a-la-une\/une-equipe-tricolore-renouvelee-galthie-mise-sur-la-jeunesse-face-aux-all-blacks\/","url":"https:\/\/sport-index.fr\/blog\/a-la-une\/une-equipe-tricolore-renouvelee-galthie-mise-sur-la-jeunesse-face-aux-all-blacks\/","name":"Une \u00e9quipe tricolore renouvel\u00e9e : Galthi\u00e9 mise","isPartOf":{"@id":"https:\/\/sport-index.fr\/blog\/#website"},"primaryImageOfPage":{"@id":"https:\/\/sport-index.fr\/blog\/a-la-une\/une-equipe-tricolore-renouvelee-galthie-mise-sur-la-jeunesse-face-aux-all-blacks\/#primaryimage"},"image":{"@id":"https:\/\/sport-index.fr\/blog\/a-la-une\/une-equipe-tricolore-renouvelee-galthie-mise-sur-la-jeunesse-face-aux-all-blacks\/#primaryimage"},"thumbnailUrl":"https:\/\/sport-index.fr\/blog\/wp-content\/uploads\/2025\/07\/stability-une-equipe-tricolore-renouvelee-galthie-mise-sur-la-jeunesse-face-aux-all-blacks.png","datePublished":"2025-07-10T11:58:51+00:00","description":"Le XV de France s\u2019appr\u00eate \u00e0 affronter la Nouvelle-Z\u00e9lande avec une composition d\u2019\u00e9quipe remani\u00e9e, refl\u00e9tant une volont\u00e9 de renouvellement et d\u2019ambition\u2026","inLanguage":"fr-FR","potentialAction":[{"@type":"ReadAction","target":["https:\/\/sport-index.fr\/blog\/a-la-une\/une-equipe-tricolore-renouvelee-galthie-mise-sur-la-jeunesse-face-aux-all-blacks\/"]}]},{"@type":"ImageObject","inLanguage":"fr-FR","@id":"https:\/\/sport-index.fr\/blog\/a-la-une\/une-equipe-tricolore-renouvelee-galthie-mise-sur-la-jeunesse-face-aux-all-blacks\/#primaryimage","url":"https:\/\/sport-index.fr\/blog\/wp-content\/uploads\/2025\/07\/stability-une-equipe-tricolore-renouvelee-galthie-mise-sur-la-jeunesse-face-aux-all-blacks.png","contentUrl":"https:\/\/sport-index.fr\/blog\/wp-content\/uploads\/2025\/07\/stability-une-equipe-tricolore-renouvelee-galthie-mise-sur-la-jeunesse-face-aux-all-blacks.png","width":1024,"height":576},{"@type":"WebSite","@id":"https:\/\/sport-index.fr\/blog\/#website","url":"https:\/\/sport-index.fr\/blog\/","name":"sport-index.fr","description":"Le score de l\u2019analyse sportive.","publisher":{"@id":"https:\/\/sport-index.fr\/blog\/#organization"},"alternateName":"Le score de l\u2019analyse sportive.","potentialAction":[{"@type":"SearchAction","target":{"@type":"EntryPoint","urlTemplate":"https:\/\/sport-index.fr\/blog\/?s={search_term_string}"},"query-input":{"@type":"PropertyValueSpecification","valueRequired":true,"valueName":"search_term_string"}}],"inLanguage":"fr-FR"},{"@type":"Organization","@id":"https:\/\/sport-index.fr\/blog\/#organization","name":"Foretsensations.fr","url":"https:\/\/sport-index.fr\/blog\/","logo":{"@type":"ImageObject","inLanguage":"fr-FR","@id":"https:\/\/sport-index.fr\/blog\/#\/schema\/logo\/image\/","url":"https:\/\/sport-index.fr\/blog\/wp-content\/uploads\/2026\/07\/logo-auto.png","contentUrl":"https:\/\/sport-index.fr\/blog\/wp-content\/uploads\/2026\/07\/logo-auto.png","width":1024,"height":1024,"caption":"Foretsensations.fr"},"image":{"@id":"https:\/\/sport-index.fr\/blog\/#\/schema\/logo\/image\/"}},{"@type":"Person","@id":"https:\/\/sport-index.fr\/blog\/#\/schema\/person\/3c864cdc320801e3db34b663e7e3f816","name":"Axel Lauzier","image":{"@type":"ImageObject","inLanguage":"fr-FR","@id":"https:\/\/sport-index.fr\/blog\/#\/schema\/person\/image\/","url":"https:\/\/sport-index.fr\/blog\/wp-content\/uploads\/2026\/06\/persona_axel-l-96x96.jpg","contentUrl":"https:\/\/sport-index.fr\/blog\/wp-content\/uploads\/2026\/06\/persona_axel-l-96x96.jpg","caption":"Axel Lauzier"},"description":"Le sport rythme mon quotidien depuis l'enfance, et j'en ai fait mon m\u00e9tier d'analyste r\u00e9dactionnel il y a une dizaine d'ann\u00e9es. Je couvre principalement le football, son actualit\u00e9, ses transferts et l'analyse tactique des grandes affiches, mais aussi les disciplines plus confidentielles que j'aime remettre en lumi\u00e8re. Une partie de mon travail porte sur les pronostics et la lecture statistique d'un match : forme des \u00e9quipes, historique des confrontations, compositions, sans jamais vendre de fausse certitude. Je rappelle syst\u00e9matiquement que parier comporte un risque et doit rester un loisir ma\u00eetris\u00e9. Avant de signer une analyse, je v\u00e9rifie mes chiffres, je recoupe les compositions probables et je distingue toujours la donn\u00e9e brute de l'intuition. Mon objectif : offrir une lecture honn\u00eate et argument\u00e9e, pas un ticket gagnant garanti.","sameAs":["https:\/\/axellauzier.fr\/"],"url":"https:\/\/sport-index.fr\/blog\/auteur\/noname\/"}]}},"_links":{"self":[{"href":"https:\/\/sport-index.fr\/blog\/wp-json\/wp\/v2\/posts\/17632","targetHints":{"allow":["GET"]}}],"collection":[{"href":"https:\/\/sport-index.fr\/blog\/wp-json\/wp\/v2\/posts"}],"about":[{"href":"https:\/\/sport-index.fr\/blog\/wp-json\/wp\/v2\/types\/post"}],"author":[{"embeddable":true,"href":"https:\/\/sport-index.fr\/blog\/wp-json\/wp\/v2\/users\/34"}],"replies":[{"embeddable":true,"href":"https:\/\/sport-index.fr\/blog\/wp-json\/wp\/v2\/comments?post=17632"}],"version-history":[{"count":1,"href":"https:\/\/sport-index.fr\/blog\/wp-json\/wp\/v2\/posts\/17632\/revisions"}],"predecessor-version":[{"id":17635,"href":"https:\/\/sport-index.fr\/blog\/wp-json\/wp\/v2\/posts\/17632\/revisions\/17635"}],"wp:featuredmedia":[{"embeddable":true,"href":"https:\/\/sport-index.fr\/blog\/wp-json\/wp\/v2\/media\/17633"}],"wp:attachment":[{"href":"https:\/\/sport-index.fr\/blog\/wp-json\/wp\/v2\/media?parent=17632"}],"wp:term":[{"taxonomy":"category","embeddable":true,"href":"https:\/\/sport-index.fr\/blog\/wp-json\/wp\/v2\/categories?post=17632"},{"taxonomy":"post_tag","embeddable":true,"href":"https:\/\/sport-index.fr\/blog\/wp-json\/wp\/v2\/tags?post=17632"}],"curies":[{"name":"wp","href":"https:\/\/api.w.org\/{rel}","templated":true}]}}