{"id":17670,"date":"2025-08-07T09:29:00","date_gmt":"2025-08-07T07:29:00","guid":{"rendered":"https:\/\/sport-index.fr\/blog\/?p=17670"},"modified":"2025-08-07T09:29:00","modified_gmt":"2025-08-07T07:29:00","slug":"canoe-kayak-descentes-ardeche-et-materiel-perception","status":"publish","type":"post","link":"https:\/\/sport-index.fr\/blog\/a-la-une\/canoe-kayak-descentes-ardeche-et-materiel-perception\/","title":{"rendered":"Cano\u00eb-kayak : descentes Ard\u00e8che et mat\u00e9riel Perception"},"content":{"rendered":"<h1>Descente des Gorges de l\u2019Ard\u00e8che en cano\u00eb-kayak : aventures et mat\u00e9riel Perception<\/h1>\n<h2>Choisir son parcours : des descentes mythiques pour tous les niveaux<\/h2>\n<p>\nLa <strong>Vall\u00e9e de l\u2019Ard\u00e8che<\/strong>, joyau du d\u00e9partement \u00e9ponyme au sud-est de la France, se distingue par ses gorges sauvages, creus\u00e9es entre <strong>Vallon-Pont-d\u2019Arc<\/strong> et <strong>Saint-Martin-d\u2019Ard\u00e8che<\/strong>. Les descentes r\u00e9put\u00e9es offrent un panel de choix adapt\u00e9s aussi bien aux n\u00e9ophytes qu\u2019aux pagayeurs confirm\u00e9s, chacun pouvant s\u00e9lectionner un trac\u00e9 en fonction de la <u>difficult\u00e9 technique<\/u>, de la longueur et du temps disponible.\n<\/p>\n<ul>\n<li><strong>Mini-descente 8 km<\/strong> : Id\u00e9ale pour une premi\u00e8re approche, elle d\u00e9marre \u00e0 <strong>Vallon-Pont-d\u2019Arc<\/strong> et s\u2019ach\u00e8ve juste apr\u00e8s le <strong>Pont d\u2019Arc<\/strong>. Cette portion offre l\u2019iconique passage sous l\u2019arche naturelle et int\u00e8gre plusieurs petits rapides accessibles, r\u00e9alisable en 1h30 \u00e0 2h30 sans pr\u00e9cipitation. Site tr\u00e8s fr\u00e9quent\u00e9 l\u2019\u00e9t\u00e9, il reste l\u2019un des meilleurs spots pour s\u2019initier ou profiter d\u2019une sortie famille avec enfants \u00e0 partir de 7 ans sachant nager.<\/li>\n<li><strong>Classique 24 km<\/strong> : Cet itin\u00e9raire relie <strong>Vallon-Pont-d\u2019Arc<\/strong> \u00e0 <strong>Ch\u00e2mes<\/strong> ou <strong>Sauze<\/strong>, traversant l\u2019int\u00e9gralit\u00e9 de la <strong>R\u00e9serve Naturelle des Gorges de l\u2019Ard\u00e8che<\/strong>. L\u2019itin\u00e9raire r\u00e9v\u00e8le des rapides embl\u00e9matiques comme le <u>Charlemagne<\/u> ou le <u>R\u00e9v\u00e9rend<\/u>, des plages isol\u00e9es, et des panoramas sur l\u2019\u00e9cosyst\u00e8me local. Il faut pr\u00e9voir entre 5 et 8 heures selon le d\u00e9bit et les arr\u00eats.<\/li>\n<li><strong>Descente int\u00e9grale sur deux jours<\/strong> : Ce parcours longue distance, de <strong>32 km<\/strong>, s\u00e9duit les amateurs d\u2019aventure compl\u00e8te. Il inclut la travers\u00e9e de tous les rapides majeurs, le passage de plages sauvages et des bivouacs officiels, permettant une immersion de nuit sous les \u00e9toiles. Cette option est privil\u00e9gi\u00e9e par les groupes sportifs et les passionn\u00e9s en qu\u00eate de d\u00e9paysement total.<\/li>\n<\/ul>\n<p>\nLe choix du parcours d\u00e9pendra de plusieurs param\u00e8tres : <strong>niveau technique<\/strong>, <strong>\u00e2ge des participants<\/strong> (l\u2019acc\u00e8s \u00e9tant interdit aux moins de 7 ans), <strong>conditions m\u00e9t\u00e9orologiques<\/strong>, <strong>d\u00e9bit de la rivi\u00e8re<\/strong> et <u>p\u00e9riode de l\u2019ann\u00e9e<\/u> (avec des restrictions sur certains tron\u00e7ons lors de crues). Le <strong>Pont d\u2019Arc<\/strong>, joyau g\u00e9ologique, demeure le passage embl\u00e9matique de toutes les formules, tandis que les rapides num\u00e9rot\u00e9s <u>de I \u00e0 III sur l\u2019\u00e9chelle internationale de difficult\u00e9<\/u> ponctuent la descente avec des niveaux adapt\u00e9s \u00e0 chaque profil.\n<\/p>\n<h2>Exp\u00e9rience immersive : gorges sauvages, bivouacs et pauses secr\u00e8tes<\/h2>\n<p>\nNaviguer dans les <strong>Gorges de l\u2019Ard\u00e8che<\/strong>, c\u2019est entrer dans une r\u00e9serve naturelle class\u00e9e depuis 1980, abritant une <u>biodiversit\u00e9 exceptionnelle<\/u> et des paysages \u00e0 couper le souffle. Sur l\u2019eau, le sentiment d\u2019isolement prime : les rochers vertigineux, la v\u00e9g\u00e9tation m\u00e9diterran\u00e9enne et l\u2019alternance de zones ombrag\u00e9es ou solaires cr\u00e9ent une atmosph\u00e8re unique.\n<\/p>\n<ul>\n<li><strong>Observation de la faune<\/strong> : Il n\u2019est pas rare d\u2019apercevoir des <strong>aigles de Bonelli<\/strong>, des <strong>castors d\u2019Europe<\/strong>, ou des <strong>h\u00e9rons cendr\u00e9s<\/strong>, esp\u00e8ces prot\u00e9g\u00e9es qui font la renomm\u00e9e de la r\u00e9serve. Lors des pauses discr\u00e8tes sur les gr\u00e8ves, on profite du silence pour entendre le chant des oiseaux ou observer les empreintes laiss\u00e9es sur le sable.<\/li>\n<li><strong>Haltes secr\u00e8tes et plages sauvages<\/strong> : Plusieurs plages de galets, accessibles uniquement en cano\u00eb ou kayak, permettent de s\u2019octroyer des pauses baignade dans une eau limpide (temp\u00e9rature comprise entre 17 et 26\u00b0C selon la saison). Ces escales offrent le cadre id\u00e9al pour un pique-nique, loin de l\u2019agitation urbaine. Les lieux incontournables incluent la <strong>plage de Gournier<\/strong> ou la <strong>plage des Templiers<\/strong>, site de bivouac officiel.<\/li>\n<li><strong>Nuit en bivouac<\/strong> : L\u2019exp\u00e9rience int\u00e9grale propose une immersion nocturne sur les aires balis\u00e9es (r\u00e9servation pr\u00e9alable obligatoire via le <strong>Syndicat de Gestion des Gorges de l\u2019Ard\u00e8che<\/strong>). Sous la vo\u00fbte \u00e9toil\u00e9e, le calme du canyon permet une reconnexion \u00e0 la nature et renforce le sentiment d\u2019aventure. L\u2019h\u00e9bergement se fait sous tente l\u00e9g\u00e8re ou \u00e0 m\u00eame la belle \u00e9toile, suivant la r\u00e9glementation locale.<\/li>\n<\/ul>\n<p>\nL\u2019<u>ambiance sensorielle<\/u> caract\u00e9rise chaque instant : \u00e9clats de lumi\u00e8re sur l\u2019eau, bruissement du vent dans les feuillages, odeur de la garrigue environnante. Cette dimension immersive fait de la descente un moment aussi contemplatif que sportif, loin des itin\u00e9raires classiques de tourisme de masse.\n<\/p>\n<h2>Mat\u00e9riel Perception : confort, maniabilit\u00e9 et s\u00e9curit\u00e9 au service du pagayeur<\/h2>\n<p>\nLe choix du mat\u00e9riel conditionne la r\u00e9ussite de la descente, et la renomm\u00e9e de la marque <strong>Perception<\/strong>, sp\u00e9cialiste mondial du kayak depuis 1976, n\u2019est plus \u00e0 d\u00e9montrer. Les mod\u00e8les propos\u00e9s pour l\u2019Ard\u00e8che conjuguent robustesse, confort et accessibilit\u00e9 : autant d\u2019atouts qui rassurent les d\u00e9butants et offrent de la technicit\u00e9 aux sportifs avertis.\n<\/p>\n<ul>\n<li><strong>Si\u00e8ges ergonomiques<\/strong> : Les mod\u00e8les <strong>Perception Expression 11<\/strong> et <strong>Perception Tribe<\/strong> int\u00e8grent des assises ajustables, dossiers rembourr\u00e9s et cale-pieds modulables. Ce syst\u00e8me limite la fatigue lombaire lors des longues \u00e9tapes, m\u00eame pour les enfants et les adultes de petite taille.<\/li>\n<li><strong>Stabilit\u00e9 renforc\u00e9e<\/strong> : Les car\u00e8nes \u00e0 fond plat, typiques des kayaks Perception en poly\u00e9thyl\u00e8ne rotomoul\u00e9, offrent une excellente stabilit\u00e9 lat\u00e9rale, limitant les risques de chavirage dans les rapides de classe II et III. Les mod\u00e8les biplaces disposent d\u2019une grande largeur utile (jusqu\u2019\u00e0 86 cm), id\u00e9ale pour rassurer les moins exp\u00e9riment\u00e9s.<\/li>\n<li><strong>Capacit\u00e9 de chargement<\/strong> : Les versions randonn\u00e9e, comme le <strong>Perception Carolina 14<\/strong>, sont dot\u00e9es de trappes \u00e9tanches et d\u2019espaces de rangement (bidons de 55L, sangles d\u2019arrimage), favorisant l\u2019emport de tout le n\u00e9cessaire pour bivouac et excursions sur plusieurs jours.<\/li>\n<li><strong>Syst\u00e8mes de vidage<\/strong> : Les mod\u00e8les disposent de bouchons de vidange accessible depuis le cockpit, facilitant le nettoyage apr\u00e8s les passages dans les vagues ou en cas de pluie.<\/li>\n<li><strong>S\u00e9curit\u00e9<\/strong> : Les mat\u00e9riaux utilis\u00e9s, anti-UV et anti-abrasion, et les points d\u2019attache renforc\u00e9s pour le portage, sont pens\u00e9s pour les conditions exigeantes de la rivi\u00e8re ard\u00e9choise.<\/li>\n<\/ul>\n<p>\n\u00c0 l\u2019usage, ces kayaks brillent par leur <u>facilit\u00e9 de prise en main<\/u> gr\u00e2ce \u00e0 une maniabilit\u00e9 accrue : l\u2019\u00e9quipement conviendra aussi bien aux adeptes d\u2019efforts sportifs qu\u2019aux familles \u00e0 la recherche de stabilit\u00e9 et de s\u00e9r\u00e9nit\u00e9 en rivi\u00e8re. Les loueurs locaux, comme <strong>La Vern\u00e8de Cano\u00eb<\/strong> ou <strong>Kayak Vert<\/strong>, privil\u00e9gient ces mod\u00e8les pour limiter les incidents et garantir une descente fluide, quelles que soient les conditions de navigation.\n<\/p>\n<h2>Bien se pr\u00e9parer : \u00e9quipements indispensables et consignes sur la rivi\u00e8re<\/h2>\n<p>\nUne pr\u00e9paration minutieuse conditionne la r\u00e9ussite de toute exp\u00e9dition sur l\u2019Ard\u00e8che. Chaque participant doit r\u00e9unir un ensemble d\u2019<strong>\u00e9quipements obligatoires<\/strong> et respecter les r\u00e8gles de s\u00e9curit\u00e9 \u00e9dict\u00e9es par la <strong>Pr\u00e9fecture de l\u2019Ard\u00e8che<\/strong> et le <strong>Syndicat de Gestion des Gorges de l\u2019Ard\u00e8che<\/strong>.\n<\/p>\n<ul>\n<li><strong>Tenue vestimentaire adapt\u00e9e<\/strong> : Opter pour un <u>maillot de bain r\u00e9sistant<\/u>, un t-shirt technique anti-UV, un short ou legging sec, des v\u00eatements de rechange pour l\u2019arriv\u00e9e et, hors saison, un coupe-vent ou un pull fin en laine.<\/li>\n<li><strong>Chaussures ferm\u00e9es<\/strong> : Obligatoires pour toutes les descentes, privil\u00e9giez d\u2019anciennes baskets, chaussures aquatiques ou sandales \u00e0 scratch. Les tongs et chaussures ouvertes sont proscrites pour des raisons de s\u00e9curit\u00e9 sur les rochers et galets glissants.<\/li>\n<li><strong>Protection solaire<\/strong> : Casquette, chapeau ou bandana, lunettes de soleil avec cordon et cr\u00e8me solaire indice 50 \u00e0 renouveler toutes les heures, surtout sur les cuisses expos\u00e9es en position assise.<\/li>\n<li><strong>Gilet de flottaison<\/strong> : Un gilet homologu\u00e9 est fourni par l\u2019ensemble des loueurs. Il doit rester ferm\u00e9 sur toute la dur\u00e9e de la navigation.<\/li>\n<li><strong>Bidon \u00e9tanche<\/strong> : Un contenant de 55L est inclus dans chaque embarcation, afin de prot\u00e9ger les affaires de rechange, \u00e9quipements \u00e9lectroniques et nourriture. Pour optimiser l\u2019espace, pr\u00e9f\u00e9rez des sacs souples et limitez les objets inutiles.<\/li>\n<li><strong>Nourriture et hydratation<\/strong> : Pr\u00e9voyez <u>au moins 1,5 litre d\u2019eau par jour et par personne<\/u>, des aliments \u00e9nerg\u00e9tiques et r\u00e9sistants \u00e0 la chaleur (barres de c\u00e9r\u00e9ales, fruits secs, sandwichs). Pour les parcours bivouac, ajoutez une tente l\u00e9g\u00e8re, un duvet compact et le n\u00e9cessaire pour deux d\u00eeners, un petit-d\u00e9jeuner et deux d\u00e9jeuners.<\/li>\n<li><strong>Sac pour d\u00e9chets<\/strong> : Afin de pr\u00e9server la rivi\u00e8re, emportez syst\u00e9matiquement un sac poubelle pour vos d\u00e9tritus.<\/li>\n<li><strong>Mat\u00e9riel optionnel<\/strong> : T\u00e9l\u00e9phone portable dans une pochette \u00e9tanche (indispensable pour l\u2019appel des secours), lampe frontale pour le bivouac, serviette microfibre et trousse de premiers secours.<\/li>\n<\/ul>\n<p>\nLa r\u00e9glementation pr\u00e9cise que <u>tous les participants doivent obligatoirement savoir nager sur 25 m\u00e8tres et s\u2019immerger<\/u>. Les mineurs non accompagn\u00e9s sont interdits, l\u2019\u00e2ge minimal \u00e9tant fix\u00e9 \u00e0 7 ans. Les descentes sont possibles de <strong>mars \u00e0 octobre<\/strong>, sous r\u00e9serve de conditions hydrologiques favorables. Le respect du balisage, l\u2019interdiction des feux sauvages et le port permanent du gilet constituent des pr\u00e9requis stricts.\n<\/p>\n<h2>Conseils de pro pour une descente r\u00e9ussie et respectueuse de l\u2019environnement<\/h2>\n<p>\nPr\u00e9server l\u2019\u00e9cosyst\u00e8me de l\u2019Ard\u00e8che, class\u00e9 Natura 2000, demeure une priorit\u00e9 pour les pagayeurs conscients de la fragilit\u00e9 du site. Adopter les <strong>bons r\u00e9flexes<\/strong> garantit une cohabitation harmonieuse avec la faune et les autres usagers du fleuve.\n<\/p>\n<ul>\n<li><strong>Respect des zones prot\u00e9g\u00e9es<\/strong> : Suivre scrupuleusement les itin\u00e9raires balis\u00e9s, sans accoster dans les secteurs signal\u00e9s (zones de nidification, r\u00e9serves int\u00e9grales).<\/li>\n<li><strong>Gestion des d\u00e9chets<\/strong> : Garder tous les d\u00e9chets jusqu\u2019aux points de collecte officiels \u00e0 la sortie de la rivi\u00e8re. Ne rien laisser, m\u00eame biod\u00e9gradable, sur les plages ou dans l\u2019eau.<\/li>\n<li><strong>Discr\u00e9tion et respect de la faune<\/strong> : Mod\u00e9rer le bruit en \u00e9vitant la musique ou les cris intempestifs, particuli\u00e8rement lors des pauses. Ne jamais nourrir les animaux observ\u00e9s et s\u2019\u00e9loigner des nids et terriers rep\u00e9r\u00e9s.<\/li>\n<li><strong>Anticipation de la m\u00e9t\u00e9o et des d\u00e9bits<\/strong> : Toujours v\u00e9rifier la m\u00e9t\u00e9o via <strong>M\u00e9t\u00e9o France<\/strong> et le d\u00e9bit journalier du fleuve (informations affich\u00e9es chez les loueurs). En cas de vigilance orange ou de d\u00e9bit d\u00e9passant les 250 m3\/s, la navigation est suspendue pour des raisons de s\u00e9curit\u00e9.<\/li>\n<li><strong>Partage de la rivi\u00e8re<\/strong> : Privil\u00e9gier la courtoisie, doubler \u00e0 distance raisonnable, respecter les autres groupes, notamment lors des passages sous le <strong>Pont d\u2019Arc<\/strong> et dans les rapides fr\u00e9quent\u00e9s.<\/li>\n<\/ul>\n<p>\n\u00c0 notre avis, choisir une descente de l\u2019Ard\u00e8che en cano\u00eb-kayak \u00e9quip\u00e9 du mat\u00e9riel <strong>Perception<\/strong>, c\u2019est conjuguer <u>plaisir sportif, s\u00e9curit\u00e9, confort et engagement environnemental<\/u>. Les itin\u00e9raires vari\u00e9s, la qualit\u00e9 des \u00e9quipements et le cadre naturel d\u2019exception font de cette aventure une r\u00e9f\u00e9rence incontournable du tourisme sportif en <strong>Auvergne-Rh\u00f4ne-Alpes<\/strong>. Respecter les consignes, soigner sa pr\u00e9paration et cultiver la discr\u00e9tion au fil de l\u2019eau participent pleinement \u00e0 la r\u00e9ussite de votre exp\u00e9dition.<\/p>\n","protected":false},"excerpt":{"rendered":"","protected":false},"author":34,"featured_media":17672,"comment_status":"open","ping_status":"open","sticky":false,"template":"","format":"standard","meta":{"_acf_changed":false,"manual_indexmenow":false,"indexmenow_id_project":0,"footnotes":""},"categories":[1],"tags":[5607,5608,5609],"class_list":["post-17670","post","type-post","status-publish","format-standard","has-post-thumbnail","hentry","category-a-la-une","tag-ardeche","tag-canoe-kayak","tag-perception","generate-columns","tablet-grid-50","mobile-grid-100","grid-parent","grid-25"],"acf":[],"yoast_head":"<!-- This site is optimized with the Yoast SEO Premium plugin v21.3 (Yoast SEO v26.5) - https:\/\/yoast.com\/wordpress\/plugins\/seo\/ -->\n<title>Cano\u00eb-kayak : descentes Ard\u00e8che et mat\u00e9riel Perception<\/title>\n<meta name=\"description\" content=\"Descente des Gorges de l\u2019Ard\u00e8che en cano\u00eb-kayak : aventures et mat\u00e9riel Perception Choisir son parcours : des descentes mythiques pour tous les niveaux\u2026\" \/>\n<meta name=\"robots\" content=\"index, follow, max-snippet:-1, max-image-preview:large, max-video-preview:-1\" \/>\n<link rel=\"canonical\" href=\"https:\/\/sport-index.fr\/blog\/a-la-une\/canoe-kayak-descentes-ardeche-et-materiel-perception\/\" \/>\n<meta property=\"og:locale\" content=\"fr_FR\" \/>\n<meta property=\"og:type\" content=\"article\" \/>\n<meta property=\"og:title\" content=\"Cano\u00eb-kayak : descentes Ard\u00e8che et mat\u00e9riel Perception\" \/>\n<meta property=\"og:description\" content=\"Descente des Gorges de l\u2019Ard\u00e8che en cano\u00eb-kayak : aventures et mat\u00e9riel Perception Choisir son parcours : des descentes mythiques pour tous les niveaux\u2026\" \/>\n<meta property=\"og:url\" content=\"https:\/\/sport-index.fr\/blog\/a-la-une\/canoe-kayak-descentes-ardeche-et-materiel-perception\/\" \/>\n<meta property=\"og:site_name\" content=\"sport-index\" \/>\n<meta property=\"og:image\" content=\"https:\/\/sport-index.fr\/blog\/wp-content\/uploads\/2025\/07\/pag-image-687177081a29a-scaled.png\" \/>\n\t<meta property=\"og:image:width\" content=\"1200\" \/>\n\t<meta property=\"og:image:height\" content=\"686\" \/>\n\t<meta property=\"og:image:type\" content=\"image\/png\" \/>\n<meta name=\"author\" content=\"Axel Lauzier\" \/>\n<meta name=\"twitter:card\" content=\"summary_large_image\" \/>\n<script type=\"application\/ld+json\" class=\"yoast-schema-graph\">{\"@context\":\"https:\/\/schema.org\",\"@graph\":[{\"@type\":\"NewsArticle\",\"@id\":\"https:\/\/sport-index.fr\/blog\/a-la-une\/canoe-kayak-descentes-ardeche-et-materiel-perception\/#article\",\"isPartOf\":{\"@id\":\"https:\/\/sport-index.fr\/blog\/a-la-une\/canoe-kayak-descentes-ardeche-et-materiel-perception\/\"},\"author\":{\"name\":\"Axel Lauzier\",\"@id\":\"https:\/\/sport-index.fr\/blog\/#\/schema\/person\/3c864cdc320801e3db34b663e7e3f816\"},\"headline\":\"Cano\u00eb-kayak : descentes Ard\u00e8che et mat\u00e9riel Perception\",\"datePublished\":\"2025-08-07T07:29:00+00:00\",\"mainEntityOfPage\":{\"@id\":\"https:\/\/sport-index.fr\/blog\/a-la-une\/canoe-kayak-descentes-ardeche-et-materiel-perception\/\"},\"wordCount\":1849,\"commentCount\":0,\"publisher\":{\"@id\":\"https:\/\/sport-index.fr\/blog\/#organization\"},\"image\":{\"@id\":\"https:\/\/sport-index.fr\/blog\/a-la-une\/canoe-kayak-descentes-ardeche-et-materiel-perception\/#primaryimage\"},\"thumbnailUrl\":\"https:\/\/sport-index.fr\/blog\/wp-content\/uploads\/2025\/07\/pag-image-687177081a29a-scaled.png\",\"keywords\":[\"ardeche\",\"canoe kayak\",\"perception\"],\"articleSection\":[\"\u00c0 la une\"],\"inLanguage\":\"fr-FR\",\"potentialAction\":[{\"@type\":\"CommentAction\",\"name\":\"Comment\",\"target\":[\"https:\/\/sport-index.fr\/blog\/a-la-une\/canoe-kayak-descentes-ardeche-et-materiel-perception\/#respond\"]}]},{\"@type\":\"WebPage\",\"@id\":\"https:\/\/sport-index.fr\/blog\/a-la-une\/canoe-kayak-descentes-ardeche-et-materiel-perception\/\",\"url\":\"https:\/\/sport-index.fr\/blog\/a-la-une\/canoe-kayak-descentes-ardeche-et-materiel-perception\/\",\"name\":\"Cano\u00eb-kayak : descentes Ard\u00e8che et mat\u00e9riel Perception\",\"isPartOf\":{\"@id\":\"https:\/\/sport-index.fr\/blog\/#website\"},\"primaryImageOfPage\":{\"@id\":\"https:\/\/sport-index.fr\/blog\/a-la-une\/canoe-kayak-descentes-ardeche-et-materiel-perception\/#primaryimage\"},\"image\":{\"@id\":\"https:\/\/sport-index.fr\/blog\/a-la-une\/canoe-kayak-descentes-ardeche-et-materiel-perception\/#primaryimage\"},\"thumbnailUrl\":\"https:\/\/sport-index.fr\/blog\/wp-content\/uploads\/2025\/07\/pag-image-687177081a29a-scaled.png\",\"datePublished\":\"2025-08-07T07:29:00+00:00\",\"description\":\"Descente des Gorges de l\u2019Ard\u00e8che en cano\u00eb-kayak : aventures et mat\u00e9riel Perception Choisir son parcours : des descentes mythiques pour tous les niveaux\u2026\",\"inLanguage\":\"fr-FR\",\"potentialAction\":[{\"@type\":\"ReadAction\",\"target\":[\"https:\/\/sport-index.fr\/blog\/a-la-une\/canoe-kayak-descentes-ardeche-et-materiel-perception\/\"]}]},{\"@type\":\"ImageObject\",\"inLanguage\":\"fr-FR\",\"@id\":\"https:\/\/sport-index.fr\/blog\/a-la-une\/canoe-kayak-descentes-ardeche-et-materiel-perception\/#primaryimage\",\"url\":\"https:\/\/sport-index.fr\/blog\/wp-content\/uploads\/2025\/07\/pag-image-687177081a29a-scaled.png\",\"contentUrl\":\"https:\/\/sport-index.fr\/blog\/wp-content\/uploads\/2025\/07\/pag-image-687177081a29a-scaled.png\",\"width\":1200,\"height\":686,\"caption\":\"Image g\u00e9n\u00e9r\u00e9e par IA optimis\u00e9e pour Google Discover\"},{\"@type\":\"WebSite\",\"@id\":\"https:\/\/sport-index.fr\/blog\/#website\",\"url\":\"https:\/\/sport-index.fr\/blog\/\",\"name\":\"sport-index.fr\",\"description\":\"Le score de l\u2019analyse sportive.\",\"publisher\":{\"@id\":\"https:\/\/sport-index.fr\/blog\/#organization\"},\"alternateName\":\"Le score de l\u2019analyse sportive.\",\"potentialAction\":[{\"@type\":\"SearchAction\",\"target\":{\"@type\":\"EntryPoint\",\"urlTemplate\":\"https:\/\/sport-index.fr\/blog\/?s={search_term_string}\"},\"query-input\":{\"@type\":\"PropertyValueSpecification\",\"valueRequired\":true,\"valueName\":\"search_term_string\"}}],\"inLanguage\":\"fr-FR\"},{\"@type\":\"Organization\",\"@id\":\"https:\/\/sport-index.fr\/blog\/#organization\",\"name\":\"Foretsensations.fr\",\"url\":\"https:\/\/sport-index.fr\/blog\/\",\"logo\":{\"@type\":\"ImageObject\",\"inLanguage\":\"fr-FR\",\"@id\":\"https:\/\/sport-index.fr\/blog\/#\/schema\/logo\/image\/\",\"url\":\"https:\/\/sport-index.fr\/blog\/wp-content\/uploads\/2026\/07\/logo-auto.png\",\"contentUrl\":\"https:\/\/sport-index.fr\/blog\/wp-content\/uploads\/2026\/07\/logo-auto.png\",\"width\":1024,\"height\":1024,\"caption\":\"Foretsensations.fr\"},\"image\":{\"@id\":\"https:\/\/sport-index.fr\/blog\/#\/schema\/logo\/image\/\"}},{\"@type\":\"Person\",\"@id\":\"https:\/\/sport-index.fr\/blog\/#\/schema\/person\/3c864cdc320801e3db34b663e7e3f816\",\"name\":\"Axel Lauzier\",\"image\":{\"@type\":\"ImageObject\",\"inLanguage\":\"fr-FR\",\"@id\":\"https:\/\/sport-index.fr\/blog\/#\/schema\/person\/image\/\",\"url\":\"https:\/\/sport-index.fr\/blog\/wp-content\/uploads\/2026\/06\/persona_axel-l-96x96.jpg\",\"contentUrl\":\"https:\/\/sport-index.fr\/blog\/wp-content\/uploads\/2026\/06\/persona_axel-l-96x96.jpg\",\"caption\":\"Axel Lauzier\"},\"description\":\"Le sport rythme mon quotidien depuis l'enfance, et j'en ai fait mon m\u00e9tier d'analyste r\u00e9dactionnel il y a une dizaine d'ann\u00e9es. Je couvre principalement le football, son actualit\u00e9, ses transferts et l'analyse tactique des grandes affiches, mais aussi les disciplines plus confidentielles que j'aime remettre en lumi\u00e8re. Une partie de mon travail porte sur les pronostics et la lecture statistique d'un match : forme des \u00e9quipes, historique des confrontations, compositions, sans jamais vendre de fausse certitude. Je rappelle syst\u00e9matiquement que parier comporte un risque et doit rester un loisir ma\u00eetris\u00e9. Avant de signer une analyse, je v\u00e9rifie mes chiffres, je recoupe les compositions probables et je distingue toujours la donn\u00e9e brute de l'intuition. Mon objectif : offrir une lecture honn\u00eate et argument\u00e9e, pas un ticket gagnant garanti.\",\"sameAs\":[\"https:\/\/axellauzier.fr\/\"],\"url\":\"https:\/\/sport-index.fr\/blog\/auteur\/noname\/\"}]}<\/script>\n<!-- \/ Yoast SEO Premium plugin. -->","yoast_head_json":{"title":"Cano\u00eb-kayak : descentes Ard\u00e8che et mat\u00e9riel Perception","description":"Descente des Gorges de l\u2019Ard\u00e8che en cano\u00eb-kayak : aventures et mat\u00e9riel Perception Choisir son parcours : des descentes mythiques pour tous les niveaux\u2026","robots":{"index":"index","follow":"follow","max-snippet":"max-snippet:-1","max-image-preview":"max-image-preview:large","max-video-preview":"max-video-preview:-1"},"canonical":"https:\/\/sport-index.fr\/blog\/a-la-une\/canoe-kayak-descentes-ardeche-et-materiel-perception\/","og_locale":"fr_FR","og_type":"article","og_title":"Cano\u00eb-kayak : descentes Ard\u00e8che et mat\u00e9riel Perception","og_description":"Descente des Gorges de l\u2019Ard\u00e8che en cano\u00eb-kayak : aventures et mat\u00e9riel Perception Choisir son parcours : des descentes mythiques pour tous les niveaux\u2026","og_url":"https:\/\/sport-index.fr\/blog\/a-la-une\/canoe-kayak-descentes-ardeche-et-materiel-perception\/","og_site_name":"sport-index","og_image":[{"width":1200,"height":686,"url":"https:\/\/sport-index.fr\/blog\/wp-content\/uploads\/2025\/07\/pag-image-687177081a29a-scaled.png","type":"image\/png"}],"author":"Axel Lauzier","twitter_card":"summary_large_image","schema":{"@context":"https:\/\/schema.org","@graph":[{"@type":"NewsArticle","@id":"https:\/\/sport-index.fr\/blog\/a-la-une\/canoe-kayak-descentes-ardeche-et-materiel-perception\/#article","isPartOf":{"@id":"https:\/\/sport-index.fr\/blog\/a-la-une\/canoe-kayak-descentes-ardeche-et-materiel-perception\/"},"author":{"name":"Axel Lauzier","@id":"https:\/\/sport-index.fr\/blog\/#\/schema\/person\/3c864cdc320801e3db34b663e7e3f816"},"headline":"Cano\u00eb-kayak : descentes Ard\u00e8che et mat\u00e9riel Perception","datePublished":"2025-08-07T07:29:00+00:00","mainEntityOfPage":{"@id":"https:\/\/sport-index.fr\/blog\/a-la-une\/canoe-kayak-descentes-ardeche-et-materiel-perception\/"},"wordCount":1849,"commentCount":0,"publisher":{"@id":"https:\/\/sport-index.fr\/blog\/#organization"},"image":{"@id":"https:\/\/sport-index.fr\/blog\/a-la-une\/canoe-kayak-descentes-ardeche-et-materiel-perception\/#primaryimage"},"thumbnailUrl":"https:\/\/sport-index.fr\/blog\/wp-content\/uploads\/2025\/07\/pag-image-687177081a29a-scaled.png","keywords":["ardeche","canoe kayak","perception"],"articleSection":["\u00c0 la une"],"inLanguage":"fr-FR","potentialAction":[{"@type":"CommentAction","name":"Comment","target":["https:\/\/sport-index.fr\/blog\/a-la-une\/canoe-kayak-descentes-ardeche-et-materiel-perception\/#respond"]}]},{"@type":"WebPage","@id":"https:\/\/sport-index.fr\/blog\/a-la-une\/canoe-kayak-descentes-ardeche-et-materiel-perception\/","url":"https:\/\/sport-index.fr\/blog\/a-la-une\/canoe-kayak-descentes-ardeche-et-materiel-perception\/","name":"Cano\u00eb-kayak : descentes Ard\u00e8che et mat\u00e9riel Perception","isPartOf":{"@id":"https:\/\/sport-index.fr\/blog\/#website"},"primaryImageOfPage":{"@id":"https:\/\/sport-index.fr\/blog\/a-la-une\/canoe-kayak-descentes-ardeche-et-materiel-perception\/#primaryimage"},"image":{"@id":"https:\/\/sport-index.fr\/blog\/a-la-une\/canoe-kayak-descentes-ardeche-et-materiel-perception\/#primaryimage"},"thumbnailUrl":"https:\/\/sport-index.fr\/blog\/wp-content\/uploads\/2025\/07\/pag-image-687177081a29a-scaled.png","datePublished":"2025-08-07T07:29:00+00:00","description":"Descente des Gorges de l\u2019Ard\u00e8che en cano\u00eb-kayak : aventures et mat\u00e9riel Perception Choisir son parcours : des descentes mythiques pour tous les niveaux\u2026","inLanguage":"fr-FR","potentialAction":[{"@type":"ReadAction","target":["https:\/\/sport-index.fr\/blog\/a-la-une\/canoe-kayak-descentes-ardeche-et-materiel-perception\/"]}]},{"@type":"ImageObject","inLanguage":"fr-FR","@id":"https:\/\/sport-index.fr\/blog\/a-la-une\/canoe-kayak-descentes-ardeche-et-materiel-perception\/#primaryimage","url":"https:\/\/sport-index.fr\/blog\/wp-content\/uploads\/2025\/07\/pag-image-687177081a29a-scaled.png","contentUrl":"https:\/\/sport-index.fr\/blog\/wp-content\/uploads\/2025\/07\/pag-image-687177081a29a-scaled.png","width":1200,"height":686,"caption":"Image g\u00e9n\u00e9r\u00e9e par IA optimis\u00e9e pour Google Discover"},{"@type":"WebSite","@id":"https:\/\/sport-index.fr\/blog\/#website","url":"https:\/\/sport-index.fr\/blog\/","name":"sport-index.fr","description":"Le score de l\u2019analyse sportive.","publisher":{"@id":"https:\/\/sport-index.fr\/blog\/#organization"},"alternateName":"Le score de l\u2019analyse sportive.","potentialAction":[{"@type":"SearchAction","target":{"@type":"EntryPoint","urlTemplate":"https:\/\/sport-index.fr\/blog\/?s={search_term_string}"},"query-input":{"@type":"PropertyValueSpecification","valueRequired":true,"valueName":"search_term_string"}}],"inLanguage":"fr-FR"},{"@type":"Organization","@id":"https:\/\/sport-index.fr\/blog\/#organization","name":"Foretsensations.fr","url":"https:\/\/sport-index.fr\/blog\/","logo":{"@type":"ImageObject","inLanguage":"fr-FR","@id":"https:\/\/sport-index.fr\/blog\/#\/schema\/logo\/image\/","url":"https:\/\/sport-index.fr\/blog\/wp-content\/uploads\/2026\/07\/logo-auto.png","contentUrl":"https:\/\/sport-index.fr\/blog\/wp-content\/uploads\/2026\/07\/logo-auto.png","width":1024,"height":1024,"caption":"Foretsensations.fr"},"image":{"@id":"https:\/\/sport-index.fr\/blog\/#\/schema\/logo\/image\/"}},{"@type":"Person","@id":"https:\/\/sport-index.fr\/blog\/#\/schema\/person\/3c864cdc320801e3db34b663e7e3f816","name":"Axel Lauzier","image":{"@type":"ImageObject","inLanguage":"fr-FR","@id":"https:\/\/sport-index.fr\/blog\/#\/schema\/person\/image\/","url":"https:\/\/sport-index.fr\/blog\/wp-content\/uploads\/2026\/06\/persona_axel-l-96x96.jpg","contentUrl":"https:\/\/sport-index.fr\/blog\/wp-content\/uploads\/2026\/06\/persona_axel-l-96x96.jpg","caption":"Axel Lauzier"},"description":"Le sport rythme mon quotidien depuis l'enfance, et j'en ai fait mon m\u00e9tier d'analyste r\u00e9dactionnel il y a une dizaine d'ann\u00e9es. Je couvre principalement le football, son actualit\u00e9, ses transferts et l'analyse tactique des grandes affiches, mais aussi les disciplines plus confidentielles que j'aime remettre en lumi\u00e8re. Une partie de mon travail porte sur les pronostics et la lecture statistique d'un match : forme des \u00e9quipes, historique des confrontations, compositions, sans jamais vendre de fausse certitude. Je rappelle syst\u00e9matiquement que parier comporte un risque et doit rester un loisir ma\u00eetris\u00e9. Avant de signer une analyse, je v\u00e9rifie mes chiffres, je recoupe les compositions probables et je distingue toujours la donn\u00e9e brute de l'intuition. Mon objectif : offrir une lecture honn\u00eate et argument\u00e9e, pas un ticket gagnant garanti.","sameAs":["https:\/\/axellauzier.fr\/"],"url":"https:\/\/sport-index.fr\/blog\/auteur\/noname\/"}]}},"_links":{"self":[{"href":"https:\/\/sport-index.fr\/blog\/wp-json\/wp\/v2\/posts\/17670","targetHints":{"allow":["GET"]}}],"collection":[{"href":"https:\/\/sport-index.fr\/blog\/wp-json\/wp\/v2\/posts"}],"about":[{"href":"https:\/\/sport-index.fr\/blog\/wp-json\/wp\/v2\/types\/post"}],"author":[{"embeddable":true,"href":"https:\/\/sport-index.fr\/blog\/wp-json\/wp\/v2\/users\/34"}],"replies":[{"embeddable":true,"href":"https:\/\/sport-index.fr\/blog\/wp-json\/wp\/v2\/comments?post=17670"}],"version-history":[{"count":1,"href":"https:\/\/sport-index.fr\/blog\/wp-json\/wp\/v2\/posts\/17670\/revisions"}],"predecessor-version":[{"id":17804,"href":"https:\/\/sport-index.fr\/blog\/wp-json\/wp\/v2\/posts\/17670\/revisions\/17804"}],"wp:featuredmedia":[{"embeddable":true,"href":"https:\/\/sport-index.fr\/blog\/wp-json\/wp\/v2\/media\/17672"}],"wp:attachment":[{"href":"https:\/\/sport-index.fr\/blog\/wp-json\/wp\/v2\/media?parent=17670"}],"wp:term":[{"taxonomy":"category","embeddable":true,"href":"https:\/\/sport-index.fr\/blog\/wp-json\/wp\/v2\/categories?post=17670"},{"taxonomy":"post_tag","embeddable":true,"href":"https:\/\/sport-index.fr\/blog\/wp-json\/wp\/v2\/tags?post=17670"}],"curies":[{"name":"wp","href":"https:\/\/api.w.org\/{rel}","templated":true}]}}