{"id":17760,"date":"2025-11-20T09:10:00","date_gmt":"2025-11-20T08:10:00","guid":{"rendered":"https:\/\/sport-index.fr\/blog\/?p=17760"},"modified":"2025-11-20T09:10:00","modified_gmt":"2025-11-20T08:10:00","slug":"course-noel-paris-versailles-et-runs-thematiques","status":"publish","type":"post","link":"https:\/\/sport-index.fr\/blog\/a-la-une\/course-noel-paris-versailles-et-runs-thematiques\/","title":{"rendered":"Course No\u00ebl : Paris-Versailles et runs th\u00e9matiques"},"content":{"rendered":"<h1>Course de No\u00ebl \u00e0 Paris\u00a0: l\u2019esprit festif sur les parcours Paris-Versailles et les runs th\u00e9matiques<\/h1>\n<h2>Paris-Versailles\u00a0: une \u00e9preuve mythique dans un \u00e9crin de lumi\u00e8re hivernale<\/h2>\n<p>La <strong>course Paris-Versailles<\/strong>, organis\u00e9e chaque ann\u00e9e depuis <strong>1976<\/strong>, s\u2019est impos\u00e9e comme le rendez-vous incontournable des passionn\u00e9s de running, de trail et de marathon en \u00cele-de-France. Le parcours s\u2019\u00e9tire sur <strong>16,2 km<\/strong> entre la <strong>tour Eiffel<\/strong>, embl\u00e8me de <strong>Paris<\/strong>, et le <strong>ch\u00e2teau de Versailles<\/strong>, traversant d\u2019authentiques quartiers par\u00e9s des lumi\u00e8res de No\u00ebl. R\u00e9unissant jusqu\u2019\u00e0 <strong>25\u00a0000 coureurs lors des \u00e9ditions r\u00e9centes<\/strong>, cette manifestation sportive se distingue par ses passages embl\u00e9matiques (la <strong>c\u00f4te des Gardes<\/strong>, ou encore la travers\u00e9e d\u2019Issy-les-Moulineaux) mais aussi par son ambiance port\u00e9e par des milliers de spectateurs, familles et photographes, mass\u00e9s tout au long du chemin.<\/p>\n<ul>\n<li><strong>Date phare\u00a0: 28 septembre 2025<\/strong>, pour la 46e \u00e9dition, t\u00e9moignant du succ\u00e8s continu de cette course sur la sc\u00e8ne parisienne.<\/li>\n<li>\u00c9v\u00e9nement soutenu par des partenaires majeurs comme <strong>Adidas<\/strong> (\u00e9quipementier sportif europ\u00e9en) ou <strong>France T\u00e9l\u00e9visions<\/strong> pour la couverture m\u00e9diatique.<\/li>\n<li>Services aux coureurs : ravitaillements, vestiaires, kin\u00e9sith\u00e9rapeutes, animations en milieu et fin de parcours pour optimiser l\u2019exp\u00e9rience.<\/li>\n<\/ul>\n<p>\n        Courir Paris-Versailles en p\u00e9riode de f\u00eates d\u00e9cuple le plaisir\u00a0: la ville rayonne sous les installations lumineuses, l\u2019environnement devient source d\u2019inspiration et de d\u00e9passement. L\u2019\u00e9dition 2024, par exemple, a enregistr\u00e9 une fr\u00e9quentation record, preuve de l\u2019attrait grandissant pour les \u00e9preuves conjuguant sport et f\u00e9\u00e9rie urbaine. L\u2019effort se transforme en moment de partage, d\u2019\u00e9motion et d\u2019exception, renforc\u00e9 par le soutien d\u2019institutions telles que la <strong>Mairie de Paris<\/strong> et la <strong>Ville de Versailles<\/strong>.<\/p>\n<h2>Ambiance et traditions des runs th\u00e9matiques de No\u00ebl \u00e0 Paris<\/h2>\n<p>La capitale s\u2019affirme chaque hiver comme un centre n\u00e9vralgique du <strong>running festif<\/strong> gr\u00e2ce \u00e0 une multitude de <strong>courses th\u00e9matiques de No\u00ebl<\/strong>, v\u00e9ritables institutions qui s\u00e9duisent un public interg\u00e9n\u00e9rationnel. Ces \u00e9v\u00e9nements s\u2019appuient sur des codes distinctifs\u2009: <strong>d\u00e9guisements de P\u00e8re No\u00ebl, costumes f\u00e9\u00e9riques, accessoires lumineux et guirlandes<\/strong> sont de rigueur, dessinant des cort\u00e8ges color\u00e9s et r\u00e9jouissants, en particulier du c\u00f4t\u00e9 de la <strong>Corrida de No\u00ebl d\u2019Issy-les-Moulineaux<\/strong>, ou de la c\u00e9l\u00e8bre <strong>Santa Run Paris<\/strong>, organis\u00e9e chaque d\u00e9cembre dans les rues du centre.<\/p>\n<ul>\n<li><strong>Animations musicales<\/strong> orchestr\u00e9es par des fanfares ou DJ locaux, transformant les points de passage en f\u00eates \u00e0 ciel ouvert.<\/li>\n<li><strong>Ravitaillements gourmands<\/strong> proposant vin chaud, pain d\u2019\u00e9pices, mendiants, marrons grill\u00e9s, donn\u00e9s par des b\u00e9n\u00e9voles ou commer\u00e7ants partenaires (<strong>Boulangerie Poil\u00e2ne<\/strong>, <strong>Maison Pierre Herm\u00e9<\/strong>).<\/li>\n<li>Nombre de ces courses int\u00e8grent des <strong>d\u00e9fis ludiques<\/strong> (prix du meilleur costume, relais d\u00e9guis\u00e9, challenges sur la distance la plus originale).<\/li>\n<\/ul>\n<p>Au c\u0153ur de cette ambiance, la <u>performance sportive<\/u> s\u2019accommode sans complexe de la <u>joie du partage<\/u> et de la <u>cr\u00e9ativit\u00e9 vestimentaire<\/u>. Les familles, les enfants ou les groupes d\u2019amis forment des cort\u00e8ges anim\u00e9s, immortalis\u00e9s par les photographes officiels ou relay\u00e9s sur les r\u00e9seaux sociaux. L\u2019esprit de connivence, typique de ces runs, repose sur une <strong>dimension participative et inclusive<\/strong> privil\u00e9giant le plaisir de courir ensemble dans un d\u00e9cor hivernal unique.<\/p>\n<h2>Exp\u00e9riences nocturnes\u00a0: Paris-Versailles-Mantes \u00e0 la marche sous les \u00e9toiles<\/h2>\n<p>Pour celles et ceux qui recherchent une aventure plus immersive, la <strong>Paris-Versailles-Mantes \u00e0 la marche<\/strong>, organis\u00e9e par l\u2019<strong>Association Sportive Mantaise<\/strong>, propose une formule nocturne in\u00e9dite accessible d\u00e8s 16 ans. Depuis <strong>1935<\/strong>, cet \u00e9v\u00e9nement embl\u00e9matique rassemble chaque \u00e9dition environ <strong>4\u00a0500 participants<\/strong> pour un d\u00e9fi p\u00e9destre entre lumi\u00e8re urbaine et nature, culminant sur le parvis du <strong>Complexe F\u00e9licien Dantan<\/strong> \u00e0 <strong>Mantes-la-Jolie<\/strong>.<\/p>\n<ul>\n<li><strong>Date-cl\u00e9\u00a0: dans la nuit du samedi 25 au dimanche 26 janvier 2025<\/strong>, une tradition install\u00e9e chaque dernier week-end de janvier.<\/li>\n<li>Parcours disponibles\u00a0: 54 km (d\u00e9part minuit de <strong>Versailles<\/strong>), 39 km (<strong>Beynes<\/strong>, d\u00e9part \u00e0 1h), 22 km (<strong>Maule<\/strong>, d\u00e9part \u00e0 6h), 12 km (<strong>Jumeauville<\/strong>, d\u00e9part \u00e0 8h).<\/li>\n<li>\u00c9quipements obligatoires\u00a0: lampe frontale, gilet r\u00e9fl\u00e9chissant, v\u00eatements adapt\u00e9s au froid nocturne et \u00e0 la marche prolong\u00e9e.<\/li>\n<li>Tarifs 2025\u00a0: entre 19\u20ac et 23\u20ac en individuel, inscriptions limit\u00e9es \u00e0 <u>4 500 places<\/u>.<\/li>\n<\/ul>\n<p>\n        Le concept de cette randonn\u00e9e r\u00e9side dans la <u>d\u00e9couverte alternative de la r\u00e9gion parisienne<\/u> sous l\u2019\u00e9clairage des \u00e9toiles, sans contraintes de classement ni n\u00e9cessit\u00e9 de certificat m\u00e9dical. L\u2019ambiance unique g\u00e9n\u00e9r\u00e9e par la nuit, le rythme syncop\u00e9 des lampes frontales et la solidarit\u00e9 spontan\u00e9e entre marcheurs offrent une exp\u00e9rience sensorielle rare, particuli\u00e8rement appr\u00e9ci\u00e9e par les amateurs de d\u00e9fis collectifs. La s\u00e9curit\u00e9, assur\u00e9e par de nombreux volontaires et secouristes, et la logistique (points de ravitaillement, navettes retour) rendent cette aventure accessible, tout en pr\u00e9servant la convivialit\u00e9 qui fait la force de cet \u00e9v\u00e9nement.<\/p>\n<h2>Courses solidaires et initiatives caritatives \u00e0 l\u2019approche des f\u00eates<\/h2>\n<p>\u00c0 Paris, la dimension solidaire occupe une place croissante dans la dynamique des courses et runs de No\u00ebl. Nombre d\u2019organisateurs int\u00e8grent des actions au profit d\u2019associations caritatives nationales comme <strong>La Croix-Rouge fran\u00e7aise<\/strong> ou des ONG de proximit\u00e9 (<strong>Secours Populaire Paris<\/strong>, <strong>Emma\u00fcs Solidarit\u00e9<\/strong>), mobilisant \u00e0 la fois coureurs et b\u00e9n\u00e9voles autour de la collecte de jouets, de v\u00eatements ou de fonds.<\/p>\n<ul>\n<li>La <strong>Santa Run Paris<\/strong> collecte chaque ann\u00e9e plus de <u>5\u00a0000 jouets<\/u> remis aux enfants d\u00e9favoris\u00e9s via des r\u00e9seaux associatifs reconnus.<\/li>\n<li>La <strong>Corrida de No\u00ebl d\u2019Issy-les-Moulineaux<\/strong> reverse une partie de ses b\u00e9n\u00e9fices \u00e0 la <strong>Fondation h\u00f4pitaux de Paris \u2013 H\u00f4pitaux de France<\/strong> afin de financer des \u00e9quipements p\u00e9diatriques.<\/li>\n<li>Des initiatives originales, telles que le \u00ab\u00a0dossard solidaire\u00a0\u00bb, permettent de courir en soutien \u00e0 une cause sp\u00e9cifique (recherche m\u00e9dicale, lutte contre l\u2019isolement, aide alimentaire).<\/li>\n<\/ul>\n<p>En participant \u00e0 ces \u00e9v\u00e9nements, chaque coureur apporte une dimension suppl\u00e9mentaire \u00e0 sa d\u00e9marche\u00a0: <u>le d\u00e9passement physique s\u2019accompagne d\u2019un engagement citoyen<\/u>, la f\u00eate du sport se mue en f\u00eate du partage. Cette synergie entre d\u00e9fi sportif et action sociale fait \u00e9cho \u00e0 l\u2019ambition de nombreux organisateurs de positionner Paris comme capitale de la course responsable et inclusive durant la p\u00e9riode hivernale.<\/p>\n<h2>Organiser sa participation\u00a0: conseils pratiques pour une course de No\u00ebl r\u00e9ussie<\/h2>\n<p>Nous recommandons \u00e0 tous ceux qui souhaitent vivre une <strong>exp\u00e9rience optimale<\/strong> sur ces parcours de <u>pr\u00e9parer leur participation de mani\u00e8re structur\u00e9e<\/u>. La r\u00e9ussite d\u2019une course en hiver ou d\u2019un run th\u00e9matique d\u00e9pend autant de la pr\u00e9paration physique que de l\u2019anticipation logistique.<\/p>\n<ul>\n<li>Anticiper les inscriptions\u00a0: la plupart des courses affichent complet plusieurs semaines \u00e0 l\u2019avance (limitation \u00e0 <u>4\u00a0500 inscrits pour Paris-Versailles-Mantes \u00e0 la marche<\/u>), une vigilance est donc n\u00e9cessaire.<\/li>\n<li>Choisir un d\u00e9guisement festif con\u00e7u pour l\u2019effort, privil\u00e9giant des textiles respirants et thermor\u00e9gulateurs (<strong>Gore-Tex\u00ae<\/strong>, <strong>Polartec\u00ae<\/strong>, collant technique <strong>Under Armour<\/strong>).<\/li>\n<li>S\u2019\u00e9quiper de v\u00eatements adapt\u00e9s aux basses temp\u00e9ratures, en superposant couches techniques et coupe-vent (<strong>Salomon S\/Lab<\/strong>, <strong>North Face Summit Series<\/strong>).<\/li>\n<li>Adopter une strat\u00e9gie d\u2019hydratation et de nutrition\u00a0: privil\u00e9gier l\u2019eau, les boissons chaudes \u00e0 faible teneur en sucre, les apports en glucides lents en pr\u00e9-course (<strong>bananes, barres \u00e9nerg\u00e9tiques<\/strong>).<\/li>\n<li>V\u00e9rifier la logistique\u00a0: modalit\u00e9s de retrait des dossards, acc\u00e8s aux vestiaires, consignes bagages (<strong>Centre sportif Emile Anthoine \u2013 Paris<\/strong>), modalit\u00e9s de transport et horaires de navettes retour.<\/li>\n<li>Consulter les plans de s\u00e9curit\u00e9 et respecter les consignes sanitaires qui \u00e9voluent d\u2019ann\u00e9e en ann\u00e9e selon le contexte (notamment post-Covid).<\/li>\n<\/ul>\n<p>Un dernier conseil\u00a0: profiter pleinement de l\u2019ambiance en participant aux animations pr\u00e9par\u00e9es (\u00e9chauffement collectif, s\u00e9ances photos, animations partenaires) et en partageant son exp\u00e9rience via les plateformes sociales <strong>Strava<\/strong> ou <strong>Instagram<\/strong> o\u00f9 les communaut\u00e9s de coureurs parisiens sont particuli\u00e8rement actives.<\/p>\n<h2>L\u2019impact touristique et la dynamique locale autour des runs de fin d\u2019ann\u00e9e<\/h2>\n<p>Les <strong>courses de No\u00ebl<\/strong> et la <strong>Paris-Versailles<\/strong> agissent comme de puissants leviers de dynamisme pour l\u2019<strong>\u00e9conomie locale<\/strong> et le <strong>tourisme parisien<\/strong>. Chaque \u00e9v\u00e9nement attire un volume significatif de visiteurs nationaux et \u00e9trangers, souvent venus de <strong>Londres, Bruxelles, Berlin<\/strong> ou du <strong>Japon<\/strong>, d\u00e9sireux de conjuguer city break et participation \u00e0 une exp\u00e9rience sportive hors norme. \u00c0 titre d\u2019exemple, <u>la Paris-Versailles g\u00e9n\u00e8re chaque ann\u00e9e plus de 30\u00a0000 nuit\u00e9es d\u2019h\u00f4tel<\/u> selon les chiffres de <strong>l\u2019Office du tourisme de Paris<\/strong>.<\/p>\n<ul>\n<li><strong>Restaurants, h\u00f4tels, commerces<\/strong> et grandes enseignes comme <strong>Decathlon (distribution d\u2019\u00e9quipements)<\/strong> ou <strong>La Poste (logistique courrier\/dossards)<\/strong> enregistrent des pics d\u2019activit\u00e9 notables lors des week-ends de course.<\/li>\n<li>De nombreux sponsors institutionnels (<strong>Ville de Paris<\/strong>, <strong>Soci\u00e9t\u00e9 du Grand Paris<\/strong>, <strong>RATP<\/strong>) profitent de ces \u00e9v\u00e9nements pour renforcer leur image de proximit\u00e9 et leur engagement pour des mobilit\u00e9s douces.<\/li>\n<li>Ces courses sont relay\u00e9es sur les supports officiels (<strong>Le Parisien<\/strong>, <strong>L\u2019\u00c9quipe<\/strong>, <strong>France 3 \u00cele-de-France<\/strong>), g\u00e9n\u00e9rant une visibilit\u00e9 accrue pour les territoires travers\u00e9s, du 7e arrondissement \u00e0 la Place d\u2019Armes de Versailles.<\/li>\n<\/ul>\n<p>L\u2019impact sur la vie locale se traduit aussi par une augmentation de l\u2019offre culturelle et sportive dans les quartiers travers\u00e9s (ateliers en plein air, rencontres avec des champions comme <strong>Mahamadou Demb\u00e9l\u00e9<\/strong> ou <strong>Laurence Klein<\/strong>, sessions d\u2019initiation au running dans les \u00e9coles). Les retomb\u00e9es \u00e9conomiques s\u2019accompagnent d\u2019une valorisation du patrimoine, faisant de Paris un p\u00f4le d\u2019attractivit\u00e9 majeur pour la fin d\u2019ann\u00e9e. Les chiffres parlent d\u2019eux-m\u00eames\u00a0: un accroissement de <u>15% de la fr\u00e9quentation touristique durant les week-ends de course<\/u> en d\u00e9cembre 2023, selon <strong>l\u2019INSEE \u00cele-de-France<\/strong>.<\/p>\n","protected":false},"excerpt":{"rendered":"","protected":false},"author":34,"featured_media":17762,"comment_status":"open","ping_status":"open","sticky":false,"template":"","format":"standard","meta":{"_acf_changed":false,"manual_indexmenow":false,"indexmenow_id_project":0,"footnotes":""},"categories":[1],"tags":[5682,5683,5684],"class_list":["post-17760","post","type-post","status-publish","format-standard","has-post-thumbnail","hentry","category-a-la-une","tag-course-noel","tag-paris-versailles","tag-runs-thematiques","generate-columns","tablet-grid-50","mobile-grid-100","grid-parent","grid-25"],"acf":[],"yoast_head":"<!-- This site is optimized with the Yoast SEO Premium plugin v21.3 (Yoast SEO v26.5) - https:\/\/yoast.com\/wordpress\/plugins\/seo\/ -->\n<title>Course No\u00ebl : Paris-Versailles et runs th\u00e9matiques<\/title>\n<meta name=\"description\" content=\"Course de No\u00ebl \u00e0 Paris : l\u2019esprit festif sur les parcours Paris-Versailles et les runs th\u00e9matiques Paris-Versailles : une \u00e9preuve mythique dans un \u00e9crin\u2026\" \/>\n<meta name=\"robots\" content=\"index, follow, max-snippet:-1, max-image-preview:large, max-video-preview:-1\" \/>\n<link rel=\"canonical\" href=\"https:\/\/sport-index.fr\/blog\/a-la-une\/course-noel-paris-versailles-et-runs-thematiques\/\" \/>\n<meta property=\"og:locale\" content=\"fr_FR\" \/>\n<meta property=\"og:type\" content=\"article\" \/>\n<meta property=\"og:title\" content=\"Course No\u00ebl : Paris-Versailles et runs th\u00e9matiques\" \/>\n<meta property=\"og:description\" content=\"Course de No\u00ebl \u00e0 Paris : l\u2019esprit festif sur les parcours Paris-Versailles et les runs th\u00e9matiques Paris-Versailles : une \u00e9preuve mythique dans un \u00e9crin\u2026\" \/>\n<meta property=\"og:url\" content=\"https:\/\/sport-index.fr\/blog\/a-la-une\/course-noel-paris-versailles-et-runs-thematiques\/\" \/>\n<meta property=\"og:site_name\" content=\"sport-index\" \/>\n<meta property=\"og:image\" content=\"https:\/\/sport-index.fr\/blog\/wp-content\/uploads\/2025\/07\/pag-image-68717e7269ced-scaled.png\" \/>\n\t<meta property=\"og:image:width\" content=\"1200\" \/>\n\t<meta property=\"og:image:height\" content=\"686\" \/>\n\t<meta property=\"og:image:type\" content=\"image\/png\" \/>\n<meta name=\"author\" content=\"Axel Lauzier\" \/>\n<meta name=\"twitter:card\" content=\"summary_large_image\" \/>\n<script type=\"application\/ld+json\" class=\"yoast-schema-graph\">{\"@context\":\"https:\/\/schema.org\",\"@graph\":[{\"@type\":\"NewsArticle\",\"@id\":\"https:\/\/sport-index.fr\/blog\/a-la-une\/course-noel-paris-versailles-et-runs-thematiques\/#article\",\"isPartOf\":{\"@id\":\"https:\/\/sport-index.fr\/blog\/a-la-une\/course-noel-paris-versailles-et-runs-thematiques\/\"},\"author\":{\"name\":\"Axel Lauzier\",\"@id\":\"https:\/\/sport-index.fr\/blog\/#\/schema\/person\/3c864cdc320801e3db34b663e7e3f816\"},\"headline\":\"Course No\u00ebl : Paris-Versailles et runs th\u00e9matiques\",\"datePublished\":\"2025-11-20T08:10:00+00:00\",\"mainEntityOfPage\":{\"@id\":\"https:\/\/sport-index.fr\/blog\/a-la-une\/course-noel-paris-versailles-et-runs-thematiques\/\"},\"wordCount\":1611,\"commentCount\":0,\"publisher\":{\"@id\":\"https:\/\/sport-index.fr\/blog\/#organization\"},\"image\":{\"@id\":\"https:\/\/sport-index.fr\/blog\/a-la-une\/course-noel-paris-versailles-et-runs-thematiques\/#primaryimage\"},\"thumbnailUrl\":\"https:\/\/sport-index.fr\/blog\/wp-content\/uploads\/2025\/07\/pag-image-68717e7269ced-scaled.png\",\"keywords\":[\"course noel\",\"paris versailles\",\"runs thematiques\"],\"articleSection\":[\"\u00c0 la une\"],\"inLanguage\":\"fr-FR\",\"potentialAction\":[{\"@type\":\"CommentAction\",\"name\":\"Comment\",\"target\":[\"https:\/\/sport-index.fr\/blog\/a-la-une\/course-noel-paris-versailles-et-runs-thematiques\/#respond\"]}]},{\"@type\":\"WebPage\",\"@id\":\"https:\/\/sport-index.fr\/blog\/a-la-une\/course-noel-paris-versailles-et-runs-thematiques\/\",\"url\":\"https:\/\/sport-index.fr\/blog\/a-la-une\/course-noel-paris-versailles-et-runs-thematiques\/\",\"name\":\"Course No\u00ebl : Paris-Versailles et runs th\u00e9matiques\",\"isPartOf\":{\"@id\":\"https:\/\/sport-index.fr\/blog\/#website\"},\"primaryImageOfPage\":{\"@id\":\"https:\/\/sport-index.fr\/blog\/a-la-une\/course-noel-paris-versailles-et-runs-thematiques\/#primaryimage\"},\"image\":{\"@id\":\"https:\/\/sport-index.fr\/blog\/a-la-une\/course-noel-paris-versailles-et-runs-thematiques\/#primaryimage\"},\"thumbnailUrl\":\"https:\/\/sport-index.fr\/blog\/wp-content\/uploads\/2025\/07\/pag-image-68717e7269ced-scaled.png\",\"datePublished\":\"2025-11-20T08:10:00+00:00\",\"description\":\"Course de No\u00ebl \u00e0 Paris : l\u2019esprit festif sur les parcours Paris-Versailles et les runs th\u00e9matiques Paris-Versailles : une \u00e9preuve mythique dans un \u00e9crin\u2026\",\"inLanguage\":\"fr-FR\",\"potentialAction\":[{\"@type\":\"ReadAction\",\"target\":[\"https:\/\/sport-index.fr\/blog\/a-la-une\/course-noel-paris-versailles-et-runs-thematiques\/\"]}]},{\"@type\":\"ImageObject\",\"inLanguage\":\"fr-FR\",\"@id\":\"https:\/\/sport-index.fr\/blog\/a-la-une\/course-noel-paris-versailles-et-runs-thematiques\/#primaryimage\",\"url\":\"https:\/\/sport-index.fr\/blog\/wp-content\/uploads\/2025\/07\/pag-image-68717e7269ced-scaled.png\",\"contentUrl\":\"https:\/\/sport-index.fr\/blog\/wp-content\/uploads\/2025\/07\/pag-image-68717e7269ced-scaled.png\",\"width\":1200,\"height\":686,\"caption\":\"Image g\u00e9n\u00e9r\u00e9e par IA optimis\u00e9e pour Google Discover\"},{\"@type\":\"WebSite\",\"@id\":\"https:\/\/sport-index.fr\/blog\/#website\",\"url\":\"https:\/\/sport-index.fr\/blog\/\",\"name\":\"sport-index.fr\",\"description\":\"Le score de l\u2019analyse sportive.\",\"publisher\":{\"@id\":\"https:\/\/sport-index.fr\/blog\/#organization\"},\"alternateName\":\"Le score de l\u2019analyse sportive.\",\"potentialAction\":[{\"@type\":\"SearchAction\",\"target\":{\"@type\":\"EntryPoint\",\"urlTemplate\":\"https:\/\/sport-index.fr\/blog\/?s={search_term_string}\"},\"query-input\":{\"@type\":\"PropertyValueSpecification\",\"valueRequired\":true,\"valueName\":\"search_term_string\"}}],\"inLanguage\":\"fr-FR\"},{\"@type\":\"Organization\",\"@id\":\"https:\/\/sport-index.fr\/blog\/#organization\",\"name\":\"Foretsensations.fr\",\"url\":\"https:\/\/sport-index.fr\/blog\/\",\"logo\":{\"@type\":\"ImageObject\",\"inLanguage\":\"fr-FR\",\"@id\":\"https:\/\/sport-index.fr\/blog\/#\/schema\/logo\/image\/\",\"url\":\"https:\/\/sport-index.fr\/blog\/wp-content\/uploads\/2026\/07\/logo-auto.png\",\"contentUrl\":\"https:\/\/sport-index.fr\/blog\/wp-content\/uploads\/2026\/07\/logo-auto.png\",\"width\":1024,\"height\":1024,\"caption\":\"Foretsensations.fr\"},\"image\":{\"@id\":\"https:\/\/sport-index.fr\/blog\/#\/schema\/logo\/image\/\"}},{\"@type\":\"Person\",\"@id\":\"https:\/\/sport-index.fr\/blog\/#\/schema\/person\/3c864cdc320801e3db34b663e7e3f816\",\"name\":\"Axel Lauzier\",\"image\":{\"@type\":\"ImageObject\",\"inLanguage\":\"fr-FR\",\"@id\":\"https:\/\/sport-index.fr\/blog\/#\/schema\/person\/image\/\",\"url\":\"https:\/\/sport-index.fr\/blog\/wp-content\/uploads\/2026\/06\/persona_axel-l-96x96.jpg\",\"contentUrl\":\"https:\/\/sport-index.fr\/blog\/wp-content\/uploads\/2026\/06\/persona_axel-l-96x96.jpg\",\"caption\":\"Axel Lauzier\"},\"description\":\"Le sport rythme mon quotidien depuis l'enfance, et j'en ai fait mon m\u00e9tier d'analyste r\u00e9dactionnel il y a une dizaine d'ann\u00e9es. Je couvre principalement le football, son actualit\u00e9, ses transferts et l'analyse tactique des grandes affiches, mais aussi les disciplines plus confidentielles que j'aime remettre en lumi\u00e8re. Une partie de mon travail porte sur les pronostics et la lecture statistique d'un match : forme des \u00e9quipes, historique des confrontations, compositions, sans jamais vendre de fausse certitude. Je rappelle syst\u00e9matiquement que parier comporte un risque et doit rester un loisir ma\u00eetris\u00e9. Avant de signer une analyse, je v\u00e9rifie mes chiffres, je recoupe les compositions probables et je distingue toujours la donn\u00e9e brute de l'intuition. Mon objectif : offrir une lecture honn\u00eate et argument\u00e9e, pas un ticket gagnant garanti.\",\"sameAs\":[\"https:\/\/axellauzier.fr\/\"],\"url\":\"https:\/\/sport-index.fr\/blog\/auteur\/noname\/\"}]}<\/script>\n<!-- \/ Yoast SEO Premium plugin. -->","yoast_head_json":{"title":"Course No\u00ebl : Paris-Versailles et runs th\u00e9matiques","description":"Course de No\u00ebl \u00e0 Paris : l\u2019esprit festif sur les parcours Paris-Versailles et les runs th\u00e9matiques Paris-Versailles : une \u00e9preuve mythique dans un \u00e9crin\u2026","robots":{"index":"index","follow":"follow","max-snippet":"max-snippet:-1","max-image-preview":"max-image-preview:large","max-video-preview":"max-video-preview:-1"},"canonical":"https:\/\/sport-index.fr\/blog\/a-la-une\/course-noel-paris-versailles-et-runs-thematiques\/","og_locale":"fr_FR","og_type":"article","og_title":"Course No\u00ebl : Paris-Versailles et runs th\u00e9matiques","og_description":"Course de No\u00ebl \u00e0 Paris : l\u2019esprit festif sur les parcours Paris-Versailles et les runs th\u00e9matiques Paris-Versailles : une \u00e9preuve mythique dans un \u00e9crin\u2026","og_url":"https:\/\/sport-index.fr\/blog\/a-la-une\/course-noel-paris-versailles-et-runs-thematiques\/","og_site_name":"sport-index","og_image":[{"width":1200,"height":686,"url":"https:\/\/sport-index.fr\/blog\/wp-content\/uploads\/2025\/07\/pag-image-68717e7269ced-scaled.png","type":"image\/png"}],"author":"Axel Lauzier","twitter_card":"summary_large_image","schema":{"@context":"https:\/\/schema.org","@graph":[{"@type":"NewsArticle","@id":"https:\/\/sport-index.fr\/blog\/a-la-une\/course-noel-paris-versailles-et-runs-thematiques\/#article","isPartOf":{"@id":"https:\/\/sport-index.fr\/blog\/a-la-une\/course-noel-paris-versailles-et-runs-thematiques\/"},"author":{"name":"Axel Lauzier","@id":"https:\/\/sport-index.fr\/blog\/#\/schema\/person\/3c864cdc320801e3db34b663e7e3f816"},"headline":"Course No\u00ebl : Paris-Versailles et runs th\u00e9matiques","datePublished":"2025-11-20T08:10:00+00:00","mainEntityOfPage":{"@id":"https:\/\/sport-index.fr\/blog\/a-la-une\/course-noel-paris-versailles-et-runs-thematiques\/"},"wordCount":1611,"commentCount":0,"publisher":{"@id":"https:\/\/sport-index.fr\/blog\/#organization"},"image":{"@id":"https:\/\/sport-index.fr\/blog\/a-la-une\/course-noel-paris-versailles-et-runs-thematiques\/#primaryimage"},"thumbnailUrl":"https:\/\/sport-index.fr\/blog\/wp-content\/uploads\/2025\/07\/pag-image-68717e7269ced-scaled.png","keywords":["course noel","paris versailles","runs thematiques"],"articleSection":["\u00c0 la une"],"inLanguage":"fr-FR","potentialAction":[{"@type":"CommentAction","name":"Comment","target":["https:\/\/sport-index.fr\/blog\/a-la-une\/course-noel-paris-versailles-et-runs-thematiques\/#respond"]}]},{"@type":"WebPage","@id":"https:\/\/sport-index.fr\/blog\/a-la-une\/course-noel-paris-versailles-et-runs-thematiques\/","url":"https:\/\/sport-index.fr\/blog\/a-la-une\/course-noel-paris-versailles-et-runs-thematiques\/","name":"Course No\u00ebl : Paris-Versailles et runs th\u00e9matiques","isPartOf":{"@id":"https:\/\/sport-index.fr\/blog\/#website"},"primaryImageOfPage":{"@id":"https:\/\/sport-index.fr\/blog\/a-la-une\/course-noel-paris-versailles-et-runs-thematiques\/#primaryimage"},"image":{"@id":"https:\/\/sport-index.fr\/blog\/a-la-une\/course-noel-paris-versailles-et-runs-thematiques\/#primaryimage"},"thumbnailUrl":"https:\/\/sport-index.fr\/blog\/wp-content\/uploads\/2025\/07\/pag-image-68717e7269ced-scaled.png","datePublished":"2025-11-20T08:10:00+00:00","description":"Course de No\u00ebl \u00e0 Paris : l\u2019esprit festif sur les parcours Paris-Versailles et les runs th\u00e9matiques Paris-Versailles : une \u00e9preuve mythique dans un \u00e9crin\u2026","inLanguage":"fr-FR","potentialAction":[{"@type":"ReadAction","target":["https:\/\/sport-index.fr\/blog\/a-la-une\/course-noel-paris-versailles-et-runs-thematiques\/"]}]},{"@type":"ImageObject","inLanguage":"fr-FR","@id":"https:\/\/sport-index.fr\/blog\/a-la-une\/course-noel-paris-versailles-et-runs-thematiques\/#primaryimage","url":"https:\/\/sport-index.fr\/blog\/wp-content\/uploads\/2025\/07\/pag-image-68717e7269ced-scaled.png","contentUrl":"https:\/\/sport-index.fr\/blog\/wp-content\/uploads\/2025\/07\/pag-image-68717e7269ced-scaled.png","width":1200,"height":686,"caption":"Image g\u00e9n\u00e9r\u00e9e par IA optimis\u00e9e pour Google Discover"},{"@type":"WebSite","@id":"https:\/\/sport-index.fr\/blog\/#website","url":"https:\/\/sport-index.fr\/blog\/","name":"sport-index.fr","description":"Le score de l\u2019analyse sportive.","publisher":{"@id":"https:\/\/sport-index.fr\/blog\/#organization"},"alternateName":"Le score de l\u2019analyse sportive.","potentialAction":[{"@type":"SearchAction","target":{"@type":"EntryPoint","urlTemplate":"https:\/\/sport-index.fr\/blog\/?s={search_term_string}"},"query-input":{"@type":"PropertyValueSpecification","valueRequired":true,"valueName":"search_term_string"}}],"inLanguage":"fr-FR"},{"@type":"Organization","@id":"https:\/\/sport-index.fr\/blog\/#organization","name":"Foretsensations.fr","url":"https:\/\/sport-index.fr\/blog\/","logo":{"@type":"ImageObject","inLanguage":"fr-FR","@id":"https:\/\/sport-index.fr\/blog\/#\/schema\/logo\/image\/","url":"https:\/\/sport-index.fr\/blog\/wp-content\/uploads\/2026\/07\/logo-auto.png","contentUrl":"https:\/\/sport-index.fr\/blog\/wp-content\/uploads\/2026\/07\/logo-auto.png","width":1024,"height":1024,"caption":"Foretsensations.fr"},"image":{"@id":"https:\/\/sport-index.fr\/blog\/#\/schema\/logo\/image\/"}},{"@type":"Person","@id":"https:\/\/sport-index.fr\/blog\/#\/schema\/person\/3c864cdc320801e3db34b663e7e3f816","name":"Axel Lauzier","image":{"@type":"ImageObject","inLanguage":"fr-FR","@id":"https:\/\/sport-index.fr\/blog\/#\/schema\/person\/image\/","url":"https:\/\/sport-index.fr\/blog\/wp-content\/uploads\/2026\/06\/persona_axel-l-96x96.jpg","contentUrl":"https:\/\/sport-index.fr\/blog\/wp-content\/uploads\/2026\/06\/persona_axel-l-96x96.jpg","caption":"Axel Lauzier"},"description":"Le sport rythme mon quotidien depuis l'enfance, et j'en ai fait mon m\u00e9tier d'analyste r\u00e9dactionnel il y a une dizaine d'ann\u00e9es. Je couvre principalement le football, son actualit\u00e9, ses transferts et l'analyse tactique des grandes affiches, mais aussi les disciplines plus confidentielles que j'aime remettre en lumi\u00e8re. Une partie de mon travail porte sur les pronostics et la lecture statistique d'un match : forme des \u00e9quipes, historique des confrontations, compositions, sans jamais vendre de fausse certitude. Je rappelle syst\u00e9matiquement que parier comporte un risque et doit rester un loisir ma\u00eetris\u00e9. Avant de signer une analyse, je v\u00e9rifie mes chiffres, je recoupe les compositions probables et je distingue toujours la donn\u00e9e brute de l'intuition. Mon objectif : offrir une lecture honn\u00eate et argument\u00e9e, pas un ticket gagnant garanti.","sameAs":["https:\/\/axellauzier.fr\/"],"url":"https:\/\/sport-index.fr\/blog\/auteur\/noname\/"}]}},"_links":{"self":[{"href":"https:\/\/sport-index.fr\/blog\/wp-json\/wp\/v2\/posts\/17760","targetHints":{"allow":["GET"]}}],"collection":[{"href":"https:\/\/sport-index.fr\/blog\/wp-json\/wp\/v2\/posts"}],"about":[{"href":"https:\/\/sport-index.fr\/blog\/wp-json\/wp\/v2\/types\/post"}],"author":[{"embeddable":true,"href":"https:\/\/sport-index.fr\/blog\/wp-json\/wp\/v2\/users\/34"}],"replies":[{"embeddable":true,"href":"https:\/\/sport-index.fr\/blog\/wp-json\/wp\/v2\/comments?post=17760"}],"version-history":[{"count":1,"href":"https:\/\/sport-index.fr\/blog\/wp-json\/wp\/v2\/posts\/17760\/revisions"}],"predecessor-version":[{"id":17850,"href":"https:\/\/sport-index.fr\/blog\/wp-json\/wp\/v2\/posts\/17760\/revisions\/17850"}],"wp:featuredmedia":[{"embeddable":true,"href":"https:\/\/sport-index.fr\/blog\/wp-json\/wp\/v2\/media\/17762"}],"wp:attachment":[{"href":"https:\/\/sport-index.fr\/blog\/wp-json\/wp\/v2\/media?parent=17760"}],"wp:term":[{"taxonomy":"category","embeddable":true,"href":"https:\/\/sport-index.fr\/blog\/wp-json\/wp\/v2\/categories?post=17760"},{"taxonomy":"post_tag","embeddable":true,"href":"https:\/\/sport-index.fr\/blog\/wp-json\/wp\/v2\/tags?post=17760"}],"curies":[{"name":"wp","href":"https:\/\/api.w.org\/{rel}","templated":true}]}}