{"id":17802,"date":"2025-08-25T11:46:44","date_gmt":"2025-08-25T09:46:44","guid":{"rendered":"https:\/\/sport-index.fr\/blog\/?p=17802"},"modified":"2025-08-04T12:27:46","modified_gmt":"2025-08-04T10:27:46","slug":"technicien-velo-fiche-metier-complete-formation-missions-salaire-et-evolutions","status":"publish","type":"post","link":"https:\/\/sport-index.fr\/blog\/a-la-une\/technicien-velo-fiche-metier-complete-formation-missions-salaire-et-evolutions\/","title":{"rendered":"Technicien v\u00e9lo\u00a0: fiche m\u00e9tier compl\u00e8te, formation, missions, salaire et \u00e9volutions"},"content":{"rendered":"<p>Dans ce contexte dynamique, le m\u00e9tier de <strong>technicien cycle<\/strong> occupe une place centrale en alliant expertise technique, sens du service et adaptation aux innovations. Nous vous guiderons \u00e0 travers cette <strong>fiche m\u00e9tier technicien v\u00e9lo<\/strong> compl\u00e8te, de la formation aux \u00e9volutions de carri\u00e8re\u00a0: missions, comp\u00e9tences cl\u00e9s, environnement, salaires, sp\u00e9cialisation, diff\u00e9rences avec les m\u00e9tiers voisins \u2014 tout pour vous aider \u00e0 b\u00e2tir ou orienter votre parcours dans le domaine du <strong>cycle<\/strong>.<\/p>\n<h2>Qu\u2019est-ce qu\u2019un technicien v\u00e9lo\u00a0? D\u00e9finition et contexte du m\u00e9tier<\/h2>\n<p>Le <strong>technicien v\u00e9lo<\/strong>, parfois appel\u00e9 <strong>technicien cycle<\/strong>, est le professionnel charg\u00e9 de l\u2019<u>entretien r\u00e9gulier<\/u>, du <u>diagnostic<\/u> et de la <strong>r\u00e9paration des cycles<\/strong>. Il intervient sur tous types de v\u00e9los\u00a0: urbains, route, VTT, VAE ou encore v\u00e9los haut de gamme. Ce m\u00e9tier se distingue du <strong>m\u00e9canicien cycle<\/strong> ou du <strong>v\u00e9lociste<\/strong> par la polyvalence\u00a0: intervention technique, relation client\u00e8le, gestion d\u2019atelier, parfois vente et conseil. Il assure la <u>s\u00e9curit\u00e9<\/u> du cycliste et la long\u00e9vit\u00e9 du mat\u00e9riel, jouant un r\u00f4le cl\u00e9 dans la promotion d\u2019une mobilit\u00e9 durable.<\/p>\n<ul>\n<li>Interventions techniques sur cycles m\u00e9caniques ou \u00e9lectriques<\/li>\n<li>Accueil, conseil et SAV aupr\u00e8s des clients<\/li>\n<li>Gestion des stocks et commandes de pi\u00e8ces d\u00e9tach\u00e9es<\/li>\n<li>Veille technologique et adaptation aux innovations du march\u00e9 du v\u00e9lo<\/li>\n<\/ul>\n<p>Ce m\u00e9tier attire des profils vari\u00e9s, de l\u2019autodidacte passionn\u00e9 au salari\u00e9 en reconversion, et offre une grande richesse humaine \u00e0 travers ses missions et la diversit\u00e9 des publics rencontr\u00e9s.<\/p>\n<h2>Missions principales du technicien cycle<\/h2>\n<p>Le c\u0153ur du <strong>m\u00e9tier de technicien v\u00e9lo<\/strong> r\u00e9side dans la prise en charge compl\u00e8te des v\u00e9los en atelier ou au sein de points de vente sp\u00e9cialis\u00e9s. Les <u>missions technicien cycle<\/u> sont multiples\u00a0:<\/p>\n<ul>\n<li><strong>Entretien r\u00e9gulier<\/strong>\u00a0: nettoyage, r\u00e9glages, contr\u00f4les de s\u00e9curit\u00e9, v\u00e9rification de l\u2019usure des pi\u00e8ces<\/li>\n<li><strong>Diagnostic<\/strong>\u00a0: identification pr\u00e9cise des pannes m\u00e9caniques ou \u00e9lectroniques sur VAE<\/li>\n<li><strong>R\u00e9paration<\/strong>\u00a0: remplacement de pi\u00e8ces, r\u00e9glage de d\u00e9railleurs, freins, roues, circuits \u00e9lectriques VAE<\/li>\n<li><strong>Montage<\/strong>\u00a0: assemblage de v\u00e9los neufs, pose d\u2019accessoires<\/li>\n<li><strong>Relation client et conseil<\/strong>\u00a0: explication des interventions, conseils d\u2019usage, recommandations personnalis\u00e9es<\/li>\n<li><strong>Gestion de l\u2019atelier<\/strong>\u00a0: organisation du poste de travail, gestion des stocks, commande de pi\u00e8ces<\/li>\n<li>SAV (service apr\u00e8s-vente) et gestion des garanties<\/li>\n<li>Formation des clients \u00e0 l\u2019utilisation de leur v\u00e9lo, notamment sur les outils connect\u00e9s des VAE<\/li>\n<\/ul>\n<table style=\"margin: 20px auto 20px 0;\" border=\"1\" cellpadding=\"4\">\n<tbody>\n<tr>\n<th>Mission<\/th>\n<th>Exemple concret<\/th>\n<th>Comp\u00e9tence cl\u00e9 mobilis\u00e9e<\/th>\n<\/tr>\n<tr>\n<td>Diagnostic panne<\/td>\n<td>V\u00e9lo qui ne passe plus les vitesses<\/td>\n<td>Analyse transmission<\/td>\n<\/tr>\n<tr>\n<td>R\u00e9paration VAE<\/td>\n<td>Remplacement batterie d\u00e9fectueuse<\/td>\n<td>M\u00e9canique et \u00e9lectronique<\/td>\n<\/tr>\n<tr>\n<td>Montage<\/td>\n<td>Assemblage d\u2019un VTT haut de gamme<\/td>\n<td>Pr\u00e9cision, lecture notice<\/td>\n<\/tr>\n<tr>\n<td>Conseil client<\/td>\n<td>Aide au choix d\u2019un porte-bagages<\/td>\n<td>P\u00e9dagogie, \u00e9coute<\/td>\n<\/tr>\n<\/tbody>\n<\/table>\n<p>La <strong>rigueur<\/strong> et le <u>sens du conseil client<\/u> sont donc au c\u0153ur de la r\u00e9ussite dans ce m\u00e9tier, qui exige technicit\u00e9, pr\u00e9cision et adaptabilit\u00e9, notamment face \u00e0 l&rsquo;\u00e9volution permanente du <strong>mat\u00e9riel de r\u00e9paration<\/strong> et des exigences de s\u00e9curit\u00e9.<\/p>\n<h2>Comp\u00e9tences et qualit\u00e9s requises<\/h2>\n<p>\u00catre un bon <strong>technicien cycle<\/strong> suppose un \u00e9quilibre entre <u>comp\u00e9tences techniques<\/u> pointues et <strong>savoir-\u00eatre<\/strong> d\u00e9velopp\u00e9. L\u2019expertise m\u00e9canique v\u00e9lo s\u2019acquiert certes par la formation professionnelle, mais aussi par la curiosit\u00e9 et l\u2019exp\u00e9rience terrain. Voici les points diff\u00e9renciants\u00a0:<\/p>\n<ul>\n<li><strong>Ma\u00eetrise des outils de r\u00e9paration<\/strong> et de l\u2019<u>outillage sp\u00e9cialis\u00e9<\/u> (extracteurs de manivelles, cl\u00e9s dynamom\u00e9triques\u2026)<\/li>\n<li><strong>Comp\u00e9tences en \u00e9lectronique<\/strong> pour la maintenance des VAE\u00a0: diagnostic batteries, moteurs, circuits de commande<\/li>\n<li>Capacit\u00e9 \u00e0 lire une notice technique, \u00e0 anticiper les innovations (connectique, diagnostics digitaux\u2026)<\/li>\n<li>Qualit\u00e9s relationnelles\u00a0: accueil, <u>\u00e9coute du client<\/u>, p\u00e9dagogie dans le conseil<\/li>\n<li>Rigueur, organisation, respect des d\u00e9lais<\/li>\n<li>Autonomie et gestion du stress en p\u00e9riode de forte activit\u00e9<\/li>\n<li>Condition physique\u00a0: station debout prolong\u00e9e, port de charges<\/li>\n<\/ul>\n<p>L\u2019adaptation rapide \u00e0 de nouveaux mod\u00e8les de cycles (VAE, pliables, gravel, comp\u00e9tition), une veille permanente sur le <strong>march\u00e9 du v\u00e9lo<\/strong> et une solide <strong>\u00e9thique professionnelle<\/strong> distinguent les meilleurs techniciens v\u00e9lo. Le <strong>diagnostic v\u00e9lo<\/strong> exige \u00e9galement m\u00e9thode et pr\u00e9cision, qu&rsquo;il s&rsquo;agisse d&rsquo;un simple freinage \u00e0 r\u00e9gler ou d&rsquo;une panne complexe sur un v\u00e9lo connect\u00e9.<\/p>\n<h2>Formation, dipl\u00f4mes et parcours d\u2019acc\u00e8s au m\u00e9tier<\/h2>\n<p>Il est possible de devenir <strong>technicien cycle<\/strong> sans dipl\u00f4me, \u00e0 condition d\u2019avoir acquis une solide exp\u00e9rience pratique en <u>atelier v\u00e9lo<\/u>. Toutefois, le secteur favorise les candidats certifi\u00e9s, gage de professionnalisme :<\/p>\n<ul>\n<li><strong>CQP cycle (Certificat de Qualification Professionnelle)<\/strong>\u00a0: formation phare (6 \u00e0 12 mois, alternance possible) donnant acc\u00e8s rapide au m\u00e9tier et \u00e0 la sp\u00e9cialisation VAE<\/li>\n<li>Titre professionnel \u00ab\u00a0M\u00e9canicien cycles\u00a0\u00bb (RNCP 34346)\u00a0: reconnaissance officielle par l\u2019\u00c9tat, acc\u00e8s possible via VAE (Validation des Acquis de l\u2019Exp\u00e9rience)<\/li>\n<li>Formations compl\u00e9mentaires\u00a0: stages aupr\u00e8s de grandes marques, modules sp\u00e9cifiques VAE ou haut de gamme<\/li>\n<li>Autodidaxie, reconversion professionnelle, tutorat en magasin<\/li>\n<\/ul>\n<table style=\"margin: 20px auto 20px 0;\" border=\"1\" cellpadding=\"4\">\n<tbody>\n<tr>\n<th>Intitul\u00e9<\/th>\n<th>Dur\u00e9e<\/th>\n<th>Pr\u00e9requis<\/th>\n<th>Objectif principal<\/th>\n<\/tr>\n<tr>\n<td>CQP technicien cycle<\/td>\n<td>6-12 mois<\/td>\n<td>Acc\u00e8s tout public<\/td>\n<td>Polyvalence technique, VAE<\/td>\n<\/tr>\n<tr>\n<td>Titre professionnel m\u00e9canicien cycles<\/td>\n<td>10-14 semaines \u00e0 1 an<\/td>\n<td>Sans dipl\u00f4me possible<\/td>\n<td>R\u00e9paration, entretien, diagnostic<\/td>\n<\/tr>\n<tr>\n<td>Stages fabricants<\/td>\n<td>1 \u00e0 3 semaines<\/td>\n<td>Technicien exp\u00e9riment\u00e9<\/td>\n<td>Sp\u00e9cialisation marques\/technologies<\/td>\n<\/tr>\n<\/tbody>\n<\/table>\n<p>Les <u>formations professionnelles<\/u> alternent th\u00e9orie et pratique, abordant l\u2019<strong>entretien r\u00e9gulier<\/strong>, le diagnostic, la vente de cycles et la gestion d\u2019atelier. Les stages en entreprise sont d\u00e9cisifs pour l\u2019acquisition du savoir-faire et pour tester sa motivation r\u00e9elle.<\/p>\n<h2>Environnement et conditions de travail<\/h2>\n<p>Le <strong>technicien v\u00e9lo<\/strong> exerce dans des environnements vari\u00e9s selon son parcours\u00a0:<\/p>\n<ul>\n<li><strong>Atelier v\u00e9lo ind\u00e9pendant<\/strong> ou grandes enseignes de la mobilit\u00e9<\/li>\n<li><strong>Magasin de cycles<\/strong> ou boutique sp\u00e9cialis\u00e9e (urbain, comp\u00e9tition, VAE\u2026)<\/li>\n<li>Entreprises de location, services aupr\u00e8s d\u2019une <u>\u00e9quipe cycliste professionnelle<\/u><\/li>\n<li>Prestations mobiles et services itin\u00e9rants (diagnostic et r\u00e9paration \u00e0 domicile ou sur \u00e9v\u00e9nement)<\/li>\n<\/ul>\n<p>Le m\u00e9tier implique souvent de <u>travailler debout<\/u>, de manipuler charges lourdes et outils de pr\u00e9cision, avec des horaires parfois \u00e9tendus selon la saison (forte activit\u00e9 printemps-\u00e9t\u00e9). L\u2019accueil du client et la gestion de l\u2019impr\u00e9vu font partie du quotidien. L\u2019\u00e9volution peut se faire vers des postes de gestion et de responsabilit\u00e9 (<a href=\"https:\/\/www.emploivelo.com\/emploi\/responsable-magasin\">https:\/\/www.emploivelo.com\/emploi\/responsable-magasin<\/a>), en particulier apr\u00e8s quelques ann\u00e9es d\u2019exp\u00e9rience et une sp\u00e9cialisation sur certains types de v\u00e9los ou de client\u00e8le.<\/p>\n<h2>Sp\u00e9cialisation\u00a0: technicien v\u00e9lo \u00e0 assistance \u00e9lectrique (VAE)<\/h2>\n<p>L\u2019arriv\u00e9e massive du <strong>v\u00e9lo \u00e0 assistance \u00e9lectrique<\/strong> (VAE) a chang\u00e9 le quotidien du <strong>technicien cycle<\/strong>. Ce segment demande des <u>comp\u00e9tences techniques<\/u> additionnelles\u00a0: diagnostic \u00e9lectronique, r\u00e9paration et param\u00e9trage de moteurs, gestion de batteries et des mises \u00e0 jour logicielles. Il s\u2019agit d\u2019un enjeu de <strong>s\u00e9curit\u00e9<\/strong> (normes \u00e9lectriques, connectiques, certifications), mais aussi d\u2019un puissant levier de sp\u00e9cialisation pour rester comp\u00e9titif sur le <strong>march\u00e9 du v\u00e9lo<\/strong>.<\/p>\n<ul>\n<li>Utilisation d\u2019outils de diagnostic num\u00e9rique<\/li>\n<li>Mise en conformit\u00e9 avec les \u00e9volutions r\u00e9glementaires (batteries, chargeurs\u2026)<\/li>\n<li>Formation continue aupr\u00e8s des fabricants de VAE et de modules \u00e9lectriques<\/li>\n<li>Montage\/d\u00e9pannage de kits \u00e9lectriques sur v\u00e9los traditionnels, \u00e9largissant la <u>palette de services<\/u><\/li>\n<\/ul>\n<p>La sp\u00e9cialisation \u00ab\u00a0VAE\u00a0\u00bb acc\u00e9l\u00e8re fortement l\u2019<strong>\u00e9volution professionnelle<\/strong> du technicien, face \u00e0 la p\u00e9nurie de profils qualifi\u00e9s, avec des offres d\u2019emploi et des r\u00e9mun\u00e9rations souvent sup\u00e9rieures \u00e0 la moyenne du secteur.<\/p>\n<h2>\u00c9volution professionnelle, d\u00e9bouch\u00e9s et perspectives de carri\u00e8re<\/h2>\n<p>Gr\u00e2ce \u00e0 une exp\u00e9rience solide et aux comp\u00e9tences acquises, le <strong>technicien cycle<\/strong> peut \u00e9voluer vers des m\u00e9tiers voisins ou \u00e0 plus forte responsabilit\u00e9\u00a0:<\/p>\n<ul>\n<li><strong>Responsable atelier<\/strong> ou chef d\u2019\u00e9quipe<\/li>\n<li>Cr\u00e9ation d\u2019une entreprise de r\u00e9paration ou de vente de cycles<\/li>\n<li>Responsable magasin cycles (<a href=\"https:\/\/www.emploivelo.com\/emploi\/responsable-magasin\">https:\/\/www.emploivelo.com\/emploi\/responsable-magasin<\/a>)<\/li>\n<li>Enseignement et formation professionnelle, animateur cycle<\/li>\n<li>Sp\u00e9cialisation technique (courses, VAE, haut de gamme, \u00e9tudes posturales\u2026)<\/li>\n<\/ul>\n<p>L\u2019essor continu du <strong>march\u00e9 du v\u00e9lo<\/strong> offre de v\u00e9ritables passerelles vers le commerce sp\u00e9cialis\u00e9, la gestion, l\u2019expertise technique ou la mobilit\u00e9 urbaine. La <strong>polyvalence<\/strong> et la sp\u00e9cialisation (notamment VAE) sont les cl\u00e9s pour r\u00e9pondre \u00e0 la forte demande et acc\u00e9der \u00e0 des postes \u00e0 responsabilit\u00e9.<\/p>\n<h2>Salaire et r\u00e9mun\u00e9ration du technicien v\u00e9lo<\/h2>\n<p>Le <u>salaire du technicien v\u00e9lo<\/u> varie selon l\u2019exp\u00e9rience, la sp\u00e9cialisation et le type de structure (atelier ind\u00e9pendant, grande enseigne, zone g\u00e9ographique)\u00a0:<\/p>\n<table border=\"1\" cellpadding=\"4\">\n<tbody>\n<tr>\n<th>Profil<\/th>\n<th>Exp\u00e9rience<\/th>\n<th>R\u00e9mun\u00e9ration brute annuelle<\/th>\n<th>Facteurs d\u2019\u00e9volution<\/th>\n<\/tr>\n<tr>\n<td>D\u00e9butant<\/td>\n<td>0-2 ans<\/td>\n<td>21 000 \u00e0 24 000\u00a0\u20ac<\/td>\n<td>Mobilit\u00e9, saison, formation sp\u00e9cifique<\/td>\n<\/tr>\n<tr>\n<td>Technicien confirm\u00e9<\/td>\n<td>3-5 ans<\/td>\n<td>24 000 \u00e0 28 000\u00a0\u20ac<\/td>\n<td>Sp\u00e9cialisation (VAE, haut de gamme)<\/td>\n<\/tr>\n<tr>\n<td>Responsable atelier\/magasin<\/td>\n<td>5 ans et +<\/td>\n<td>28 000 \u00e0 35 000\u00a0\u20ac+<\/td>\n<td>Gestion d\u2019\u00e9quipe, d\u00e9veloppement commercial, zone urbaine<\/td>\n<\/tr>\n<\/tbody>\n<\/table>\n<p>Le <u>niveau de demande<\/u> sur le <strong>march\u00e9 du v\u00e9lo<\/strong> et le dynamisme local influent sur le salaire. Les types de contrats sont vari\u00e9s\u00a0: CDI, CDD, int\u00e9rim, saisonnier ou prestation ind\u00e9pendante. La sp\u00e9cialisation sur le segment <u>VAE<\/u> ou le haut de gamme reste le meilleur atout pour un meilleur <strong>niveau de r\u00e9mun\u00e9ration<\/strong> et une progression rapide.<\/p>\n<h2>Diff\u00e9rences et recoupements\u00a0: technicien v\u00e9lo, m\u00e9canicien cycle, v\u00e9lociste<\/h2>\n<table border=\"1\" cellpadding=\"4\">\n<tbody>\n<tr>\n<th>Intitul\u00e9<\/th>\n<th>Mission principale<\/th>\n<th>Comp\u00e9tences requises<\/th>\n<th>Relation client<\/th>\n<th>\u00c9volution<\/th>\n<\/tr>\n<tr>\n<td>Technicien v\u00e9lo\/cycle<\/td>\n<td>Entretien complet, diagnostic, r\u00e9paration, VAE<\/td>\n<td>M\u00e9canique, \u00e9lectronique, conseil<\/td>\n<td>Forte<\/td>\n<td>Chef atelier, responsable magasin<\/td>\n<\/tr>\n<tr>\n<td>M\u00e9canicien cycle<\/td>\n<td>R\u00e9paration, maintenance m\u00e9canique<\/td>\n<td>M\u00e9canique cycle, rigueur<\/td>\n<td>Moyenne<\/td>\n<td>Technicien, formateur<\/td>\n<\/tr>\n<tr>\n<td>V\u00e9lociste<\/td>\n<td>Vente, conseil, SAV<\/td>\n<td>M\u00e9canique, vente, accueil<\/td>\n<td>Essentielle<\/td>\n<td>Responsable boutique, gestion commerciale<\/td>\n<\/tr>\n<\/tbody>\n<\/table>\n<p>Le <u>technicien v\u00e9lo<\/u> se distingue ainsi par sa polyvalence, sa technicit\u00e9 (notamment sur VAE) et son r\u00f4le d\u2019interface technique et commerciale, l\u00e0 o\u00f9 le <u>m\u00e9canicien cycle<\/u> reste plus centr\u00e9 sur l\u2019atelier pur tandis que le <u>v\u00e9lociste<\/u> \u00e9volue davantage dans la <strong>vente de cycles<\/strong>. Cependant, ces fonctions se recoupent souvent au sein de petites structures.<\/p>\n<h2>Le march\u00e9 et les tendances du m\u00e9tier<\/h2>\n<p>Le <strong>march\u00e9 du v\u00e9lo<\/strong> affiche une croissance \u00e0 deux chiffres et commence \u00e0 p\u00e2tir d\u2019une <u>p\u00e9nurie de techniciens cycles<\/u>. L\u2019innovation (connectique, VAE, applications num\u00e9riques) acc\u00e9l\u00e8re la digitalisation du m\u00e9tier (<u>diagnostic num\u00e9rique<\/u>, SAV \u00e0 distance). Face \u00e0 la demande, les parcours de formation se multiplient et la sp\u00e9cialisation s\u2019av\u00e8re de plus en plus strat\u00e9gique\u00a0: VAE, haut de gamme, \u00e9tude posturale, accessoires connect\u00e9s. Cette dynamique touche l\u2019ensemble du territoire, bien au-del\u00e0 des zones urbaines.<\/p>\n<ul>\n<li>Cr\u00e9ation d\u2019ateliers mobiles, services \u00e0 domicile<\/li>\n<li>Exp\u00e9rience client centralis\u00e9e (fiches de suivi, conseils personnalis\u00e9s, maintenance pr\u00e9dictive)<\/li>\n<li>R\u00f4le accru dans la <strong>promotion de la mobilit\u00e9 douce<\/strong><\/li>\n<\/ul>\n<p>Le <u>secteur du cycle<\/u> \u00e9largit ses missions vers l\u2019\u00e9tude posturale, la formation du public et l\u2019assistance technique avanc\u00e9e, renfor\u00e7ant l\u2019attractivit\u00e9 et l\u2019avenir du <strong>m\u00e9tier de technicien v\u00e9lo<\/strong>.<\/p>\n<h2>Voix de professionnels\u00a0: retour du terrain<\/h2>\n<p>Un <strong>technicien cycle<\/strong> r\u00e9cemment reconverti t\u00e9moigne\u00a0: \u00ab\u00a0L\u2019accompagnement du client, les nouveaux diagnostics sur VAE et la polyvalence demandent une adaptation constante. Mais la satisfaction de remettre en selle une personne, c\u2019est unique\u00a0\u00bb. D\u2019autres \u00e9voquent la fiert\u00e9 de travailler sur du mat\u00e9riel haut de gamme ou de se sp\u00e9cialiser\u00a0: \u00ab\u00a0Apr\u00e8s plusieurs saisons en atelier, je suis devenu expert VAE et responsable magasin gr\u00e2ce \u00e0 des formations compl\u00e9mentaires, ce qui m&rsquo;a ouvert de nombreuses perspectives professionnelles.\u00a0\u00bb Ces exp\u00e9riences soulignent la <u>dimension humaine<\/u> du m\u00e9tier, l\u2019esprit d\u2019\u00e9quipe et l\u2019importance de chaque intervention dans le quotidien des clients et le d\u00e9veloppement de la <strong>mobilit\u00e9 douce<\/strong>.<\/p>\n<ul>\n<li>Profils autodidactes passionn\u00e9s valoris\u00e9s par la pratique et la mont\u00e9e en comp\u00e9tences<\/li>\n<li>\u00c9volution facilit\u00e9e par la sp\u00e9cialisation (VAE, haut de gamme)<\/li>\n<li>Polyvalence et enrichissement professionnel au sein du secteur<\/li>\n<\/ul>\n<h2>Conclusion<\/h2>\n<p>Le m\u00e9tier de <strong>technicien v\u00e9lo<\/strong> s\u2019impose aujourd\u2019hui comme une profession d\u2019avenir, au c\u0153ur des enjeux de <strong>mobilit\u00e9 douce<\/strong>, de s\u00e9curit\u00e9 et de conseil. Il allie expertise technique, adaptabilit\u00e9 et relation client, que vous souhaitiez exercer en atelier, boutique, itin\u00e9rance ou vous sp\u00e9cialiser dans le <strong>VAE<\/strong>. Formation initiale solide, d\u00e9veloppement continu des comp\u00e9tences et passion sont les cl\u00e9s pour r\u00e9ussir et \u00e9voluer dans ce secteur en plein essor.<\/p>\n","protected":false},"excerpt":{"rendered":"","protected":false},"author":34,"featured_media":17810,"comment_status":"open","ping_status":"open","sticky":false,"template":"","format":"standard","meta":{"_acf_changed":false,"manual_indexmenow":false,"indexmenow_id_project":0,"footnotes":""},"categories":[1],"tags":[],"class_list":["post-17802","post","type-post","status-publish","format-standard","has-post-thumbnail","hentry","category-a-la-une","generate-columns","tablet-grid-50","mobile-grid-100","grid-parent","grid-25"],"acf":[],"yoast_head":"<!-- This site is optimized with the Yoast SEO Premium plugin v21.3 (Yoast SEO v26.5) - https:\/\/yoast.com\/wordpress\/plugins\/seo\/ -->\n<title>Technicien v\u00e9lo : fiche m\u00e9tier compl\u00e8te, formation<\/title>\n<meta name=\"description\" content=\"Dans ce contexte dynamique, le m\u00e9tier de technicien cycle occupe une place centrale en alliant expertise technique, sens du service et adaptation aux\u2026\" \/>\n<meta name=\"robots\" content=\"index, follow, max-snippet:-1, max-image-preview:large, max-video-preview:-1\" \/>\n<link rel=\"canonical\" href=\"https:\/\/sport-index.fr\/blog\/a-la-une\/technicien-velo-fiche-metier-complete-formation-missions-salaire-et-evolutions\/\" \/>\n<meta property=\"og:locale\" content=\"fr_FR\" \/>\n<meta property=\"og:type\" content=\"article\" \/>\n<meta property=\"og:title\" content=\"Technicien v\u00e9lo : fiche m\u00e9tier compl\u00e8te, formation\" \/>\n<meta property=\"og:description\" content=\"Dans ce contexte dynamique, le m\u00e9tier de technicien cycle occupe une place centrale en alliant expertise technique, sens du service et adaptation aux\u2026\" \/>\n<meta property=\"og:url\" content=\"https:\/\/sport-index.fr\/blog\/a-la-une\/technicien-velo-fiche-metier-complete-formation-missions-salaire-et-evolutions\/\" \/>\n<meta property=\"og:site_name\" content=\"sport-index\" \/>\n<meta name=\"author\" content=\"Axel Lauzier\" \/>\n<meta name=\"twitter:card\" content=\"summary_large_image\" \/>\n<script type=\"application\/ld+json\" class=\"yoast-schema-graph\">{\"@context\":\"https:\/\/schema.org\",\"@graph\":[{\"@type\":\"NewsArticle\",\"@id\":\"https:\/\/sport-index.fr\/blog\/a-la-une\/technicien-velo-fiche-metier-complete-formation-missions-salaire-et-evolutions\/#article\",\"isPartOf\":{\"@id\":\"https:\/\/sport-index.fr\/blog\/a-la-une\/technicien-velo-fiche-metier-complete-formation-missions-salaire-et-evolutions\/\"},\"author\":{\"name\":\"Axel Lauzier\",\"@id\":\"https:\/\/sport-index.fr\/blog\/#\/schema\/person\/3c864cdc320801e3db34b663e7e3f816\"},\"headline\":\"Technicien v\u00e9lo\u00a0: fiche m\u00e9tier compl\u00e8te, formation, missions, salaire et \u00e9volutions\",\"datePublished\":\"2025-08-25T09:46:44+00:00\",\"mainEntityOfPage\":{\"@id\":\"https:\/\/sport-index.fr\/blog\/a-la-une\/technicien-velo-fiche-metier-complete-formation-missions-salaire-et-evolutions\/\"},\"wordCount\":2045,\"commentCount\":0,\"publisher\":{\"@id\":\"https:\/\/sport-index.fr\/blog\/#organization\"},\"image\":{\"@id\":\"https:\/\/sport-index.fr\/blog\/a-la-une\/technicien-velo-fiche-metier-complete-formation-missions-salaire-et-evolutions\/#primaryimage\"},\"thumbnailUrl\":\"https:\/\/sport-index.fr\/blog\/wp-content\/uploads\/2025\/08\/sdxl-5551af8950c1c8f4aea297bf9f57e206-scaled.png\",\"articleSection\":[\"\u00c0 la une\"],\"inLanguage\":\"fr-FR\",\"potentialAction\":[{\"@type\":\"CommentAction\",\"name\":\"Comment\",\"target\":[\"https:\/\/sport-index.fr\/blog\/a-la-une\/technicien-velo-fiche-metier-complete-formation-missions-salaire-et-evolutions\/#respond\"]}]},{\"@type\":\"WebPage\",\"@id\":\"https:\/\/sport-index.fr\/blog\/a-la-une\/technicien-velo-fiche-metier-complete-formation-missions-salaire-et-evolutions\/\",\"url\":\"https:\/\/sport-index.fr\/blog\/a-la-une\/technicien-velo-fiche-metier-complete-formation-missions-salaire-et-evolutions\/\",\"name\":\"Technicien v\u00e9lo : fiche m\u00e9tier compl\u00e8te, formation\",\"isPartOf\":{\"@id\":\"https:\/\/sport-index.fr\/blog\/#website\"},\"primaryImageOfPage\":{\"@id\":\"https:\/\/sport-index.fr\/blog\/a-la-une\/technicien-velo-fiche-metier-complete-formation-missions-salaire-et-evolutions\/#primaryimage\"},\"image\":{\"@id\":\"https:\/\/sport-index.fr\/blog\/a-la-une\/technicien-velo-fiche-metier-complete-formation-missions-salaire-et-evolutions\/#primaryimage\"},\"thumbnailUrl\":\"https:\/\/sport-index.fr\/blog\/wp-content\/uploads\/2025\/08\/sdxl-5551af8950c1c8f4aea297bf9f57e206-scaled.png\",\"datePublished\":\"2025-08-25T09:46:44+00:00\",\"description\":\"Dans ce contexte dynamique, le m\u00e9tier de technicien cycle occupe une place centrale en alliant expertise technique, sens du service et adaptation aux\u2026\",\"inLanguage\":\"fr-FR\",\"potentialAction\":[{\"@type\":\"ReadAction\",\"target\":[\"https:\/\/sport-index.fr\/blog\/a-la-une\/technicien-velo-fiche-metier-complete-formation-missions-salaire-et-evolutions\/\"]}]},{\"@type\":\"ImageObject\",\"inLanguage\":\"fr-FR\",\"@id\":\"https:\/\/sport-index.fr\/blog\/a-la-une\/technicien-velo-fiche-metier-complete-formation-missions-salaire-et-evolutions\/#primaryimage\",\"url\":\"https:\/\/sport-index.fr\/blog\/wp-content\/uploads\/2025\/08\/sdxl-5551af8950c1c8f4aea297bf9f57e206-scaled.png\",\"contentUrl\":\"https:\/\/sport-index.fr\/blog\/wp-content\/uploads\/2025\/08\/sdxl-5551af8950c1c8f4aea297bf9f57e206-scaled.png\",\"width\":1200,\"height\":500},{\"@type\":\"WebSite\",\"@id\":\"https:\/\/sport-index.fr\/blog\/#website\",\"url\":\"https:\/\/sport-index.fr\/blog\/\",\"name\":\"sport-index.fr\",\"description\":\"Le score de l\u2019analyse sportive.\",\"publisher\":{\"@id\":\"https:\/\/sport-index.fr\/blog\/#organization\"},\"alternateName\":\"Le score de l\u2019analyse sportive.\",\"potentialAction\":[{\"@type\":\"SearchAction\",\"target\":{\"@type\":\"EntryPoint\",\"urlTemplate\":\"https:\/\/sport-index.fr\/blog\/?s={search_term_string}\"},\"query-input\":{\"@type\":\"PropertyValueSpecification\",\"valueRequired\":true,\"valueName\":\"search_term_string\"}}],\"inLanguage\":\"fr-FR\"},{\"@type\":\"Organization\",\"@id\":\"https:\/\/sport-index.fr\/blog\/#organization\",\"name\":\"Foretsensations.fr\",\"url\":\"https:\/\/sport-index.fr\/blog\/\",\"logo\":{\"@type\":\"ImageObject\",\"inLanguage\":\"fr-FR\",\"@id\":\"https:\/\/sport-index.fr\/blog\/#\/schema\/logo\/image\/\",\"url\":\"https:\/\/sport-index.fr\/blog\/wp-content\/uploads\/2026\/07\/logo-auto.png\",\"contentUrl\":\"https:\/\/sport-index.fr\/blog\/wp-content\/uploads\/2026\/07\/logo-auto.png\",\"width\":1024,\"height\":1024,\"caption\":\"Foretsensations.fr\"},\"image\":{\"@id\":\"https:\/\/sport-index.fr\/blog\/#\/schema\/logo\/image\/\"}},{\"@type\":\"Person\",\"@id\":\"https:\/\/sport-index.fr\/blog\/#\/schema\/person\/3c864cdc320801e3db34b663e7e3f816\",\"name\":\"Axel Lauzier\",\"image\":{\"@type\":\"ImageObject\",\"inLanguage\":\"fr-FR\",\"@id\":\"https:\/\/sport-index.fr\/blog\/#\/schema\/person\/image\/\",\"url\":\"https:\/\/sport-index.fr\/blog\/wp-content\/uploads\/2026\/06\/persona_axel-l-96x96.jpg\",\"contentUrl\":\"https:\/\/sport-index.fr\/blog\/wp-content\/uploads\/2026\/06\/persona_axel-l-96x96.jpg\",\"caption\":\"Axel Lauzier\"},\"description\":\"Le sport rythme mon quotidien depuis l'enfance, et j'en ai fait mon m\u00e9tier d'analyste r\u00e9dactionnel il y a une dizaine d'ann\u00e9es. Je couvre principalement le football, son actualit\u00e9, ses transferts et l'analyse tactique des grandes affiches, mais aussi les disciplines plus confidentielles que j'aime remettre en lumi\u00e8re. Une partie de mon travail porte sur les pronostics et la lecture statistique d'un match : forme des \u00e9quipes, historique des confrontations, compositions, sans jamais vendre de fausse certitude. Je rappelle syst\u00e9matiquement que parier comporte un risque et doit rester un loisir ma\u00eetris\u00e9. Avant de signer une analyse, je v\u00e9rifie mes chiffres, je recoupe les compositions probables et je distingue toujours la donn\u00e9e brute de l'intuition. Mon objectif : offrir une lecture honn\u00eate et argument\u00e9e, pas un ticket gagnant garanti.\",\"sameAs\":[\"https:\/\/axellauzier.fr\/\"],\"url\":\"https:\/\/sport-index.fr\/blog\/auteur\/noname\/\"}]}<\/script>\n<!-- \/ Yoast SEO Premium plugin. -->","yoast_head_json":{"title":"Technicien v\u00e9lo : fiche m\u00e9tier compl\u00e8te, formation","description":"Dans ce contexte dynamique, le m\u00e9tier de technicien cycle occupe une place centrale en alliant expertise technique, sens du service et adaptation aux\u2026","robots":{"index":"index","follow":"follow","max-snippet":"max-snippet:-1","max-image-preview":"max-image-preview:large","max-video-preview":"max-video-preview:-1"},"canonical":"https:\/\/sport-index.fr\/blog\/a-la-une\/technicien-velo-fiche-metier-complete-formation-missions-salaire-et-evolutions\/","og_locale":"fr_FR","og_type":"article","og_title":"Technicien v\u00e9lo : fiche m\u00e9tier compl\u00e8te, formation","og_description":"Dans ce contexte dynamique, le m\u00e9tier de technicien cycle occupe une place centrale en alliant expertise technique, sens du service et adaptation aux\u2026","og_url":"https:\/\/sport-index.fr\/blog\/a-la-une\/technicien-velo-fiche-metier-complete-formation-missions-salaire-et-evolutions\/","og_site_name":"sport-index","author":"Axel Lauzier","twitter_card":"summary_large_image","schema":{"@context":"https:\/\/schema.org","@graph":[{"@type":"NewsArticle","@id":"https:\/\/sport-index.fr\/blog\/a-la-une\/technicien-velo-fiche-metier-complete-formation-missions-salaire-et-evolutions\/#article","isPartOf":{"@id":"https:\/\/sport-index.fr\/blog\/a-la-une\/technicien-velo-fiche-metier-complete-formation-missions-salaire-et-evolutions\/"},"author":{"name":"Axel Lauzier","@id":"https:\/\/sport-index.fr\/blog\/#\/schema\/person\/3c864cdc320801e3db34b663e7e3f816"},"headline":"Technicien v\u00e9lo\u00a0: fiche m\u00e9tier compl\u00e8te, formation, missions, salaire et \u00e9volutions","datePublished":"2025-08-25T09:46:44+00:00","mainEntityOfPage":{"@id":"https:\/\/sport-index.fr\/blog\/a-la-une\/technicien-velo-fiche-metier-complete-formation-missions-salaire-et-evolutions\/"},"wordCount":2045,"commentCount":0,"publisher":{"@id":"https:\/\/sport-index.fr\/blog\/#organization"},"image":{"@id":"https:\/\/sport-index.fr\/blog\/a-la-une\/technicien-velo-fiche-metier-complete-formation-missions-salaire-et-evolutions\/#primaryimage"},"thumbnailUrl":"https:\/\/sport-index.fr\/blog\/wp-content\/uploads\/2025\/08\/sdxl-5551af8950c1c8f4aea297bf9f57e206-scaled.png","articleSection":["\u00c0 la une"],"inLanguage":"fr-FR","potentialAction":[{"@type":"CommentAction","name":"Comment","target":["https:\/\/sport-index.fr\/blog\/a-la-une\/technicien-velo-fiche-metier-complete-formation-missions-salaire-et-evolutions\/#respond"]}]},{"@type":"WebPage","@id":"https:\/\/sport-index.fr\/blog\/a-la-une\/technicien-velo-fiche-metier-complete-formation-missions-salaire-et-evolutions\/","url":"https:\/\/sport-index.fr\/blog\/a-la-une\/technicien-velo-fiche-metier-complete-formation-missions-salaire-et-evolutions\/","name":"Technicien v\u00e9lo : fiche m\u00e9tier compl\u00e8te, formation","isPartOf":{"@id":"https:\/\/sport-index.fr\/blog\/#website"},"primaryImageOfPage":{"@id":"https:\/\/sport-index.fr\/blog\/a-la-une\/technicien-velo-fiche-metier-complete-formation-missions-salaire-et-evolutions\/#primaryimage"},"image":{"@id":"https:\/\/sport-index.fr\/blog\/a-la-une\/technicien-velo-fiche-metier-complete-formation-missions-salaire-et-evolutions\/#primaryimage"},"thumbnailUrl":"https:\/\/sport-index.fr\/blog\/wp-content\/uploads\/2025\/08\/sdxl-5551af8950c1c8f4aea297bf9f57e206-scaled.png","datePublished":"2025-08-25T09:46:44+00:00","description":"Dans ce contexte dynamique, le m\u00e9tier de technicien cycle occupe une place centrale en alliant expertise technique, sens du service et adaptation aux\u2026","inLanguage":"fr-FR","potentialAction":[{"@type":"ReadAction","target":["https:\/\/sport-index.fr\/blog\/a-la-une\/technicien-velo-fiche-metier-complete-formation-missions-salaire-et-evolutions\/"]}]},{"@type":"ImageObject","inLanguage":"fr-FR","@id":"https:\/\/sport-index.fr\/blog\/a-la-une\/technicien-velo-fiche-metier-complete-formation-missions-salaire-et-evolutions\/#primaryimage","url":"https:\/\/sport-index.fr\/blog\/wp-content\/uploads\/2025\/08\/sdxl-5551af8950c1c8f4aea297bf9f57e206-scaled.png","contentUrl":"https:\/\/sport-index.fr\/blog\/wp-content\/uploads\/2025\/08\/sdxl-5551af8950c1c8f4aea297bf9f57e206-scaled.png","width":1200,"height":500},{"@type":"WebSite","@id":"https:\/\/sport-index.fr\/blog\/#website","url":"https:\/\/sport-index.fr\/blog\/","name":"sport-index.fr","description":"Le score de l\u2019analyse sportive.","publisher":{"@id":"https:\/\/sport-index.fr\/blog\/#organization"},"alternateName":"Le score de l\u2019analyse sportive.","potentialAction":[{"@type":"SearchAction","target":{"@type":"EntryPoint","urlTemplate":"https:\/\/sport-index.fr\/blog\/?s={search_term_string}"},"query-input":{"@type":"PropertyValueSpecification","valueRequired":true,"valueName":"search_term_string"}}],"inLanguage":"fr-FR"},{"@type":"Organization","@id":"https:\/\/sport-index.fr\/blog\/#organization","name":"Foretsensations.fr","url":"https:\/\/sport-index.fr\/blog\/","logo":{"@type":"ImageObject","inLanguage":"fr-FR","@id":"https:\/\/sport-index.fr\/blog\/#\/schema\/logo\/image\/","url":"https:\/\/sport-index.fr\/blog\/wp-content\/uploads\/2026\/07\/logo-auto.png","contentUrl":"https:\/\/sport-index.fr\/blog\/wp-content\/uploads\/2026\/07\/logo-auto.png","width":1024,"height":1024,"caption":"Foretsensations.fr"},"image":{"@id":"https:\/\/sport-index.fr\/blog\/#\/schema\/logo\/image\/"}},{"@type":"Person","@id":"https:\/\/sport-index.fr\/blog\/#\/schema\/person\/3c864cdc320801e3db34b663e7e3f816","name":"Axel Lauzier","image":{"@type":"ImageObject","inLanguage":"fr-FR","@id":"https:\/\/sport-index.fr\/blog\/#\/schema\/person\/image\/","url":"https:\/\/sport-index.fr\/blog\/wp-content\/uploads\/2026\/06\/persona_axel-l-96x96.jpg","contentUrl":"https:\/\/sport-index.fr\/blog\/wp-content\/uploads\/2026\/06\/persona_axel-l-96x96.jpg","caption":"Axel Lauzier"},"description":"Le sport rythme mon quotidien depuis l'enfance, et j'en ai fait mon m\u00e9tier d'analyste r\u00e9dactionnel il y a une dizaine d'ann\u00e9es. Je couvre principalement le football, son actualit\u00e9, ses transferts et l'analyse tactique des grandes affiches, mais aussi les disciplines plus confidentielles que j'aime remettre en lumi\u00e8re. Une partie de mon travail porte sur les pronostics et la lecture statistique d'un match : forme des \u00e9quipes, historique des confrontations, compositions, sans jamais vendre de fausse certitude. Je rappelle syst\u00e9matiquement que parier comporte un risque et doit rester un loisir ma\u00eetris\u00e9. Avant de signer une analyse, je v\u00e9rifie mes chiffres, je recoupe les compositions probables et je distingue toujours la donn\u00e9e brute de l'intuition. Mon objectif : offrir une lecture honn\u00eate et argument\u00e9e, pas un ticket gagnant garanti.","sameAs":["https:\/\/axellauzier.fr\/"],"url":"https:\/\/sport-index.fr\/blog\/auteur\/noname\/"}]}},"_links":{"self":[{"href":"https:\/\/sport-index.fr\/blog\/wp-json\/wp\/v2\/posts\/17802","targetHints":{"allow":["GET"]}}],"collection":[{"href":"https:\/\/sport-index.fr\/blog\/wp-json\/wp\/v2\/posts"}],"about":[{"href":"https:\/\/sport-index.fr\/blog\/wp-json\/wp\/v2\/types\/post"}],"author":[{"embeddable":true,"href":"https:\/\/sport-index.fr\/blog\/wp-json\/wp\/v2\/users\/34"}],"replies":[{"embeddable":true,"href":"https:\/\/sport-index.fr\/blog\/wp-json\/wp\/v2\/comments?post=17802"}],"version-history":[{"count":1,"href":"https:\/\/sport-index.fr\/blog\/wp-json\/wp\/v2\/posts\/17802\/revisions"}],"predecessor-version":[{"id":17803,"href":"https:\/\/sport-index.fr\/blog\/wp-json\/wp\/v2\/posts\/17802\/revisions\/17803"}],"wp:featuredmedia":[{"embeddable":true,"href":"https:\/\/sport-index.fr\/blog\/wp-json\/wp\/v2\/media\/17810"}],"wp:attachment":[{"href":"https:\/\/sport-index.fr\/blog\/wp-json\/wp\/v2\/media?parent=17802"}],"wp:term":[{"taxonomy":"category","embeddable":true,"href":"https:\/\/sport-index.fr\/blog\/wp-json\/wp\/v2\/categories?post=17802"},{"taxonomy":"post_tag","embeddable":true,"href":"https:\/\/sport-index.fr\/blog\/wp-json\/wp\/v2\/tags?post=17802"}],"curies":[{"name":"wp","href":"https:\/\/api.w.org\/{rel}","templated":true}]}}