{"id":18141,"date":"2026-06-06T20:16:13","date_gmt":"2026-06-06T18:16:13","guid":{"rendered":"https:\/\/sport-index.fr\/blog\/evenements-et-competitions\/tour-de-france-2026-parcours-dates-et-favoris-de-la-grande-boucle\/"},"modified":"2026-08-17T19:01:10","modified_gmt":"2026-08-17T17:01:10","slug":"tour-de-france-2026-parcours-dates-et-favoris-de-la-grande-boucle","status":"publish","type":"post","link":"https:\/\/sport-index.fr\/blog\/evenements-et-competitions\/tour-de-france-2026-parcours-dates-et-favoris-de-la-grande-boucle\/","title":{"rendered":"Tour de France 2026 : parcours, dates et favoris de la Grande Boucle"},"content":{"rendered":"<aside style=\"background:#E7F3EC;border-left:5px solid #15803D;padding:22px 28px;margin:24px 0;font-family:-apple-system,BlinkMacSystemFont,'Segoe UI',Roboto,sans-serif;\">\n<div style=\"margin:0;font-size:19px;line-height:1.55;color:#2a2a2a;font-weight:500;letter-spacing:-0.005em;\">\n    La 113e Grande Boucle s&rsquo;\u00e9lancera de Barcelone le samedi 4 juillet 2026 pour rejoindre les Champs-\u00c9lys\u00e9es le dimanche 26 juillet, apr\u00e8s 21 \u00e9tapes, 3 333 km et un final in\u00e9dit par Montmartre. Voici tout ce qu&rsquo;il faut savoir avant le d\u00e9part : dates, parcours et favoris.\n  <\/div>\n<\/aside>\n<p>Le Tour de France 2026 promet une \u00e9dition hors normes. Pour la premi\u00e8re fois, le Grand D\u00e9part sera donn\u00e9 depuis Barcelone, la ville la plus m\u00e9ridionale jamais retenue pour lancer l&rsquo;\u00e9preuve, avant trois jours en Catalogne. Le trac\u00e9 devrait ensuite remonter vers les Pyr\u00e9n\u00e9es, traverser le Massif central et les Vosges, puis s&rsquo;achever par un bouquet alpin spectaculaire avec une double ascension de l&rsquo;Alpe d&rsquo;Huez. Cet article est une pr\u00e9sentation \u00e0 l&rsquo;approche de la course : aucun r\u00e9sultat n&rsquo;a encore \u00e9t\u00e9 disput\u00e9, et tout ce qui suit rel\u00e8ve donc du programme annonc\u00e9 et des pronostics.<\/p>\n<aside style=\"background:#FAFAF7;border:1px solid #e5e5e0;border-radius:8px;padding:24px 26px 26px;margin:28px 0;font-family:-apple-system,BlinkMacSystemFont,'Segoe UI',Roboto,sans-serif;\">\n<div style=\"margin:0 0 18px 0;font-size:11px;font-weight:700;text-transform:uppercase;letter-spacing:2.2px;color:#15803D;\">\u00c0 retenir<\/div>\n<div style=\"display:grid;grid-template-columns:repeat(auto-fit,minmax(240px,1fr));gap:10px;\">\n<div style=\"display:flex;gap:12px;background:#fff;border:1px solid #ebebe5;padding:12px 14px;border-radius:6px;align-items:flex-start;\">\n      <span style=\"flex:0 0 26px;width:26px;height:26px;background:#15803D;color:#fff;border-radius:50%;display:inline-flex;align-items:center;justify-content:center;font-size:12px;font-weight:700;font-family:-apple-system,sans-serif;\">1<\/span><br \/>\n      <span style=\"font-size:14px;line-height:1.5;color:#2a2a2a;\">D\u00e9part de Barcelone le 4 juillet, arriv\u00e9e \u00e0 Paris le 26 juillet 2026.<\/span>\n    <\/div>\n<div style=\"display:flex;gap:12px;background:#fff;border:1px solid #ebebe5;padding:12px 14px;border-radius:6px;align-items:flex-start;\">\n      <span style=\"flex:0 0 26px;width:26px;height:26px;background:#15803D;color:#fff;border-radius:50%;display:inline-flex;align-items:center;justify-content:center;font-size:12px;font-weight:700;font-family:-apple-system,sans-serif;\">2<\/span><br \/>\n      <span style=\"font-size:14px;line-height:1.5;color:#2a2a2a;\">21 \u00e9tapes, environ 3 333 km et pr\u00e8s de 54 000 m de d\u00e9nivel\u00e9 positif.<\/span>\n    <\/div>\n<div style=\"display:flex;gap:12px;background:#fff;border:1px solid #ebebe5;padding:12px 14px;border-radius:6px;align-items:flex-start;\">\n      <span style=\"flex:0 0 26px;width:26px;height:26px;background:#15803D;color:#fff;border-radius:50%;display:inline-flex;align-items:center;justify-content:center;font-size:12px;font-weight:700;font-family:-apple-system,sans-serif;\">3<\/span><br \/>\n      <span style=\"font-size:14px;line-height:1.5;color:#2a2a2a;\">Double Alpe d&rsquo;Huez (\u00e9tapes 19 et 20) et final par Montmartre.<\/span>\n    <\/div>\n<div style=\"display:flex;gap:12px;background:#fff;border:1px solid #ebebe5;padding:12px 14px;border-radius:6px;align-items:flex-start;\">\n      <span style=\"flex:0 0 26px;width:26px;height:26px;background:#15803D;color:#fff;border-radius:50%;display:inline-flex;align-items:center;justify-content:center;font-size:12px;font-weight:700;font-family:-apple-system,sans-serif;\">4<\/span><br \/>\n      <span style=\"font-size:14px;line-height:1.5;color:#2a2a2a;\">Tadej Poga\u010dar grand favori, devant Vingegaard et Evenepoel.<\/span>\n    <\/div>\n<div style=\"display:flex;gap:12px;background:#fff;border:1px solid #ebebe5;padding:12px 14px;border-radius:6px;align-items:flex-start;\">\n      <span style=\"flex:0 0 26px;width:26px;height:26px;background:#15803D;color:#fff;border-radius:50%;display:inline-flex;align-items:center;justify-content:center;font-size:12px;font-weight:700;font-family:-apple-system,sans-serif;\">5<\/span><br \/>\n      <span style=\"font-size:14px;line-height:1.5;color:#2a2a2a;\">Diffusion gratuite sur France 2 et France 3, couverture \u00e9largie sur Eurosport.<\/span>\n    <\/div>\n<\/p><\/div>\n<\/aside>\n<h2>Les dates<\/h2>\n<p>La 113e \u00e9dition du Tour de France se disputera du samedi 4 juillet au dimanche 26 juillet 2026, soit les trois semaines habituelles ponctu\u00e9es de deux journ\u00e9es de repos. Le coup d&rsquo;envoi sera donn\u00e9 \u00e0 Barcelone, qui devient la ville la plus au sud \u00e0 avoir jamais accueilli un Grand D\u00e9part. Ce sera le troisi\u00e8me d\u00e9part de la Grande Boucle depuis l&rsquo;Espagne, apr\u00e8s Saint-S\u00e9bastien en 1992 et Bilbao en 2023.<\/p>\n<p>Trois \u00e9tapes se courront en Catalogne avant que le peloton ne bascule vers la France. La premi\u00e8re journ\u00e9e, le 4 juillet, prendra la forme d&rsquo;un contre-la-montre par \u00e9quipes sur un circuit d&rsquo;environ 19,6 km dans Barcelone : un format rare en ouverture, qui pourrait d\u00e9j\u00e0 cr\u00e9er des \u00e9carts entre les \u00e9quipes des favoris. Le lendemain, la deuxi\u00e8me \u00e9tape reliera Tarragone \u00e0 Barcelone, suivie d&rsquo;une troisi\u00e8me \u00e9tape partant de Granollers vers Les Angles, dans les Pyr\u00e9n\u00e9es-Orientales.<\/p>\n<aside style=\"background:#FFF7E0;border-left:4px solid #d4a017;padding:14px 18px;margin:18px 0;border-radius:0 4px 4px 0;font-family:-apple-system,BlinkMacSystemFont,'Segoe UI',Roboto,sans-serif;\">\n  <strong style=\"display:inline-block;color:#7a5e00;font-size:12px;text-transform:uppercase;letter-spacing:1.5px;margin-right:8px;\">&#128161; Bon \u00e0 savoir<\/strong><br \/>\n  <span style=\"font-size:14.5px;line-height:1.55;color:#3a3a3a;\">Un contre-la-montre par \u00e9quipes en ouverture signifie qu&rsquo;aucun coureur ne portera le maillot jaune avant d&rsquo;avoir franchi la ligne avec ses \u00e9quipiers. Les \u00e9quipes les plus solides collectivement devraient prendre l&rsquo;avantage d\u00e8s le premier jour.<\/span><br \/>\n<\/aside>\n<figure style=\"margin:32px 0;font-family:-apple-system,BlinkMacSystemFont,'Segoe UI',Roboto,sans-serif;\">\n<div style=\"overflow-x:auto;border:1px solid #e5e5e0;border-radius:8px;\">\n<table style=\"width:100%;border-collapse:collapse;font-size:14px;color:#2a2a2a;min-width:500px;\">\n<thead>\n<tr style=\"background:#1a1a1a;color:#fff;\">\n<th style=\"text-align:left;padding:14px 18px;font-weight:700;font-size:12px;text-transform:uppercase;letter-spacing:1.5px;\">Rep\u00e8re<\/th>\n<th style=\"text-align:left;padding:14px 18px;font-weight:700;font-size:12px;text-transform:uppercase;letter-spacing:1.5px;\">D\u00e9tail<\/th>\n<\/tr>\n<\/thead>\n<tbody>\n<tr style=\"background:#fff;border-bottom:1px solid #f0ede5;\">\n<td style=\"padding:14px 18px;font-weight:600;\">\u00c9dition<\/td>\n<td style=\"padding:14px 18px;color:#4a4a4a;\">113e Tour de France<\/td>\n<\/tr>\n<tr style=\"background:#fafaf7;border-bottom:1px solid #f0ede5;\">\n<td style=\"padding:14px 18px;font-weight:600;\">Dates<\/td>\n<td style=\"padding:14px 18px;color:#4a4a4a;\">Du 4 au 26 juillet 2026<\/td>\n<\/tr>\n<tr style=\"background:#fff;border-bottom:1px solid #f0ede5;\">\n<td style=\"padding:14px 18px;font-weight:600;\">Grand D\u00e9part<\/td>\n<td style=\"padding:14px 18px;color:#4a4a4a;\">Barcelone (Espagne)<\/td>\n<\/tr>\n<tr style=\"background:#fafaf7;border-bottom:1px solid #f0ede5;\">\n<td style=\"padding:14px 18px;font-weight:600;\">Arriv\u00e9e<\/td>\n<td style=\"padding:14px 18px;color:#4a4a4a;\">Paris, Champs-\u00c9lys\u00e9es (via Montmartre)<\/td>\n<\/tr>\n<tr style=\"background:#fff;border-bottom:1px solid #f0ede5;\">\n<td style=\"padding:14px 18px;font-weight:600;\">\u00c9tapes<\/td>\n<td style=\"padding:14px 18px;color:#4a4a4a;\">21<\/td>\n<\/tr>\n<tr style=\"background:#fafaf7;border-bottom:1px solid #f0ede5;\">\n<td style=\"padding:14px 18px;font-weight:600;\">Distance<\/td>\n<td style=\"padding:14px 18px;color:#4a4a4a;\">Environ 3 333 km<\/td>\n<\/tr>\n<tr style=\"background:#fff;border-bottom:1px solid #f0ede5;\">\n<td style=\"padding:14px 18px;font-weight:600;\">D\u00e9nivel\u00e9<\/td>\n<td style=\"padding:14px 18px;color:#4a4a4a;\">Pr\u00e8s de 54 000 m de D+<\/td>\n<\/tr>\n<tr style=\"background:#fafaf7;\">\n<td style=\"padding:14px 18px;font-weight:600;\">Diffusion<\/td>\n<td style=\"padding:14px 18px;color:#4a4a4a;\">France 2 \/ France 3 (gratuit), Eurosport (payant)<\/td>\n<\/tr>\n<\/tbody>\n<\/table><\/div><figcaption style=\"font-size:11px;color:#7a7a7a;margin-top:8px;text-align:right;letter-spacing:0.3px;\">Donn\u00e9es ASO et presse sportive, \u00e0 confirmer \u00e0 l&rsquo;approche de la course.<\/figcaption><\/figure>\n<h2>Le parcours<\/h2>\n<p>Le trac\u00e9 2026 annonce 21 \u00e9tapes pour environ 3 333 km et pr\u00e8s de 54 000 m de d\u00e9nivel\u00e9 positif, un menu particuli\u00e8rement cors\u00e9 en montagne. Apr\u00e8s le prologue catalan, le peloton devrait gagner les Pyr\u00e9n\u00e9es, o\u00f9 une premi\u00e8re arriv\u00e9e au sommet est attendue \u00e0 Gavarnie-G\u00e8dre lors de la sixi\u00e8me \u00e9tape. Viendraient ensuite le Massif central, puis les Vosges, avant le grand final dans les Alpes.<\/p>\n<p>C&rsquo;est en effet la derni\u00e8re semaine qui devrait faire basculer le classement g\u00e9n\u00e9ral. Une arriv\u00e9e au Plateau de Solaison, une autre \u00e0 Orci\u00e8res-Merlette, puis surtout deux \u00e9tapes cons\u00e9cutives se terminant \u00e0 l&rsquo;Alpe d&rsquo;Huez (\u00e9tapes 19 et 20) figurent au programme. La vingti\u00e8me \u00e9tape s&rsquo;annonce comme la plus redoutable, avec notamment le Col du Galibier au menu avant l&rsquo;ascension finale par le Col de la Sarenne. De quoi promettre un suspense maintenu jusqu&rsquo;aux portes de Paris.<\/p>\n<div style=\"display:grid;grid-template-columns:repeat(auto-fit,minmax(220px,1fr));gap:14px;margin:28px 0;font-family:-apple-system,BlinkMacSystemFont,'Segoe UI',Roboto,sans-serif;\">\n<article style=\"background:#fff;border:1px solid #e5e5e0;border-top:3px solid #15803D;border-radius:6px;padding:18px 18px 16px;\">\n<div style=\"width:36px;height:36px;background:#E7F3EC;border-radius:50%;display:inline-flex;align-items:center;justify-content:center;margin-bottom:12px;\">\n      <span style=\"font-size:18px;color:#15803D;font-weight:900;font-family:Georgia,serif;\">01<\/span>\n    <\/div>\n<h3 style=\"margin:0 0 6px 0;font-size:16px;font-weight:700;color:#1a1a1a;letter-spacing:-0.01em;\">Catalogne<\/h3>\n<div style=\"margin:0;font-size:13.5px;line-height:1.55;color:#4a4a4a;\">Trois \u00e9tapes autour de Barcelone, dont le contre-la-montre par \u00e9quipes inaugural.<\/div>\n<\/article>\n<article style=\"background:#fff;border:1px solid #e5e5e0;border-top:3px solid #15803D;border-radius:6px;padding:18px 18px 16px;\">\n<div style=\"width:36px;height:36px;background:#E7F3EC;border-radius:50%;display:inline-flex;align-items:center;justify-content:center;margin-bottom:12px;\">\n      <span style=\"font-size:18px;color:#15803D;font-weight:900;font-family:Georgia,serif;\">02<\/span>\n    <\/div>\n<h3 style=\"margin:0 0 6px 0;font-size:16px;font-weight:700;color:#1a1a1a;letter-spacing:-0.01em;\">Pyr\u00e9n\u00e9es<\/h3>\n<div style=\"margin:0;font-size:13.5px;line-height:1.55;color:#4a4a4a;\">Premi\u00e8re arriv\u00e9e au sommet annonc\u00e9e \u00e0 Gavarnie-G\u00e8dre lors de la 6e \u00e9tape.<\/div>\n<\/article>\n<article style=\"background:#fff;border:1px solid #e5e5e0;border-top:3px solid #15803D;border-radius:6px;padding:18px 18px 16px;\">\n<div style=\"width:36px;height:36px;background:#E7F3EC;border-radius:50%;display:inline-flex;align-items:center;justify-content:center;margin-bottom:12px;\">\n      <span style=\"font-size:18px;color:#15803D;font-weight:900;font-family:Georgia,serif;\">03<\/span>\n    <\/div>\n<h3 style=\"margin:0 0 6px 0;font-size:16px;font-weight:700;color:#1a1a1a;letter-spacing:-0.01em;\">Massif central &amp; Vosges<\/h3>\n<div style=\"margin:0;font-size:13.5px;line-height:1.55;color:#4a4a4a;\">Le ventre du parcours, propice aux \u00e9chapp\u00e9es et aux pi\u00e8ges de la deuxi\u00e8me semaine.<\/div>\n<\/article>\n<article style=\"background:#fff;border:1px solid #e5e5e0;border-top:3px solid #15803D;border-radius:6px;padding:18px 18px 16px;\">\n<div style=\"width:36px;height:36px;background:#E7F3EC;border-radius:50%;display:inline-flex;align-items:center;justify-content:center;margin-bottom:12px;\">\n      <span style=\"font-size:18px;color:#15803D;font-weight:900;font-family:Georgia,serif;\">04<\/span>\n    <\/div>\n<h3 style=\"margin:0 0 6px 0;font-size:16px;font-weight:700;color:#1a1a1a;letter-spacing:-0.01em;\">Alpes<\/h3>\n<div style=\"margin:0;font-size:13.5px;line-height:1.55;color:#4a4a4a;\">Double Alpe d&rsquo;Huez (\u00e9tapes 19 et 20) avec Galibier et Col de la Sarenne au programme.<\/div>\n<\/article>\n<\/div>\n<aside style=\"background:#E7F3EC;border-left:4px solid #15803D;padding:14px 18px;margin:18px 0;border-radius:0 4px 4px 0;font-family:-apple-system,BlinkMacSystemFont,'Segoe UI',Roboto,sans-serif;\">\n  <strong style=\"display:inline-block;color:#0f5c2c;font-size:12px;text-transform:uppercase;letter-spacing:1.5px;margin-right:8px;\">&#10022; Astuce<\/strong><br \/>\n  <span style=\"font-size:14.5px;line-height:1.55;color:#3a3a3a;\">Deux arriv\u00e9es d&rsquo;affil\u00e9e au m\u00eame sommet sont rarissimes : la premi\u00e8re mont\u00e9e de l&rsquo;Alpe d&rsquo;Huez pourrait servir de r\u00e9p\u00e9tition g\u00e9n\u00e9rale avant la grande explication du lendemain.<\/span><br \/>\n<\/aside>\n<figure style=\"margin:32px 0;padding:0;font-family:-apple-system,BlinkMacSystemFont,'Segoe UI',Roboto,sans-serif;\">\n<div style=\"display:grid;grid-template-columns:repeat(auto-fit,minmax(140px,1fr));background:#1a1a1a;border-radius:6px;overflow:hidden;\">\n<div style=\"padding:22px 16px;text-align:center;border-right:1px solid #2f2f2f;\">\n<div style=\"font-size:36px;font-weight:900;color:#fff;letter-spacing:-0.04em;font-feature-settings:'tnum';line-height:1;\">21<\/div>\n<div style=\"font-size:11px;text-transform:uppercase;letter-spacing:1.5px;color:#9a9a9a;margin-top:8px;\">\u00e9tapes<\/div>\n<\/p><\/div>\n<div style=\"padding:22px 16px;text-align:center;border-right:1px solid #2f2f2f;\">\n<div style=\"font-size:36px;font-weight:900;color:#fff;letter-spacing:-0.04em;font-feature-settings:'tnum';line-height:1;\">3 333<\/div>\n<div style=\"font-size:11px;text-transform:uppercase;letter-spacing:1.5px;color:#9a9a9a;margin-top:8px;\">kilom\u00e8tres<\/div>\n<\/p><\/div>\n<div style=\"padding:22px 16px;text-align:center;\">\n<div style=\"font-size:36px;font-weight:900;color:#7fb88a;letter-spacing:-0.04em;font-feature-settings:'tnum';line-height:1;\">54 000<\/div>\n<div style=\"font-size:11px;text-transform:uppercase;letter-spacing:1.5px;color:#9a9a9a;margin-top:8px;\">m de d\u00e9nivel\u00e9<\/div>\n<\/p><\/div>\n<\/p><\/div><figcaption style=\"font-size:11px;color:#7a7a7a;margin-top:8px;text-align:right;letter-spacing:0.3px;\">Chiffres-cl\u00e9s annonc\u00e9s pour l&rsquo;\u00e9dition 2026 \u2014 voir sources en fin d&rsquo;article.<\/figcaption><\/figure>\n<h2>Les favoris<\/h2>\n<p>Sur le papier, Tadej Poga\u010dar fait figure de favori num\u00e9ro un. Le Slov\u00e8ne, vainqueur de la Grande Boucle en 2020, 2021, 2024 et 2025, viserait un cinqui\u00e8me sacre qui l&rsquo;\u00e9galerait avec les plus grands de l&rsquo;histoire. Son d\u00e9but de saison 2026, marqu\u00e9 par plusieurs victoires de prestige sur les classiques, conforte ce statut. Mais rien n&rsquo;est jou\u00e9 : un Tour se gagne sur trois semaines, et la montagne du dernier acte laisse la porte ouverte aux retournements.<\/p>\n<p>Son rival historique, Jonas Vingegaard, arriverait \u00e0 Barcelone fort de sa victoire sur le Giro d&rsquo;Italia 2026 et viserait un rare doubl\u00e9 Giro-Tour. La question de la fra\u00eecheur apr\u00e8s un grand tour disput\u00e9 au printemps sera scrut\u00e9e de pr\u00e8s. Remco Evenepoel, lui, mise sur une pr\u00e9paration volontairement all\u00e9g\u00e9e, centr\u00e9e sur la fra\u00eecheur plut\u00f4t que sur le rythme de course. Derri\u00e8re ce trio, le jeune Fran\u00e7ais Paul Seixas, qui disputerait son premier Tour, et l&rsquo;Allemand Florian Lipowitz sont cit\u00e9s parmi les outsiders capables de viser le podium.<\/p>\n<figure style=\"margin:38px auto;padding:28px 24px;text-align:center;border-top:1px solid #2a2a2a;border-bottom:1px solid #2a2a2a;max-width:640px;position:relative;font-family:Georgia,'Hoefler Text',serif;\">\n<div style=\"position:absolute;top:-20px;left:50%;transform:translateX(-50%);background:#ffffff;padding:0 14px;font-size:48px;line-height:1;color:#15803D;font-family:Georgia,serif;\">&laquo;<\/div>\n<blockquote style=\"margin:0;padding:0;font-size:24px;line-height:1.45;font-style:italic;color:#1a1a1a;letter-spacing:-0.005em;\"><p>\n    Avec une double Alpe d&rsquo;Huez dans la derni\u00e8re semaine, ce Tour devrait se jouer jusqu&rsquo;au tout dernier col.<br \/>\n  <\/blockquote><figcaption style=\"margin-top:14px;font-size:12px;text-transform:uppercase;letter-spacing:2px;color:#6a6a6a;font-family:-apple-system,sans-serif;font-style:normal;\">\u2014 L&rsquo;angle du parcours 2026<\/figcaption><\/figure>\n<div style=\"display:grid;grid-template-columns:repeat(auto-fit,minmax(260px,1fr));gap:14px;margin:28px 0;font-family:-apple-system,BlinkMacSystemFont,'Segoe UI',Roboto,sans-serif;\">\n<div style=\"background:#E7F3EC;border:1px solid #c4dfcd;border-radius:6px;padding:20px 22px;\">\n<div style=\"display:flex;align-items:center;gap:10px;margin-bottom:14px;padding-bottom:10px;border-bottom:1px solid #c4dfcd;\">\n      <span style=\"width:32px;height:32px;background:#15803D;color:#fff;border-radius:50%;display:inline-flex;align-items:center;justify-content:center;font-size:18px;font-weight:700;\">&#10003;<\/span><\/p>\n<h3 style=\"margin:0;font-size:16px;font-weight:700;color:#0f5c2c;letter-spacing:-0.01em;\">Les favoris d\u00e9clar\u00e9s<\/h3>\n<\/p><\/div>\n<ul style=\"margin:0;padding-left:18px;font-size:14px;line-height:1.7;color:#3a3a3a;\">\n<li>Tadej Poga\u010dar, quadruple vainqueur, en qu\u00eate d&rsquo;un 5e titre<\/li>\n<li>Jonas Vingegaard, vainqueur du Giro 2026, viserait le doubl\u00e9<\/li>\n<li>Remco Evenepoel, talent \u00e0 confirmer sur trois semaines<\/li>\n<\/ul><\/div>\n<div style=\"background:#FFF7E0;border:1px solid #f0e0a8;border-radius:6px;padding:20px 22px;\">\n<div style=\"display:flex;align-items:center;gap:10px;margin-bottom:14px;padding-bottom:10px;border-bottom:1px solid #f0e0a8;\">\n      <span style=\"width:32px;height:32px;background:#d4a017;color:#fff;border-radius:50%;display:inline-flex;align-items:center;justify-content:center;font-size:18px;font-weight:700;\">&#9733;<\/span><\/p>\n<h3 style=\"margin:0;font-size:16px;font-weight:700;color:#7a5e00;letter-spacing:-0.01em;\">Les outsiders \u00e0 suivre<\/h3>\n<\/p><\/div>\n<ul style=\"margin:0;padding-left:18px;font-size:14px;line-height:1.7;color:#3a3a3a;\">\n<li>Paul Seixas, jeune Fran\u00e7ais pour son premier Tour<\/li>\n<li>Florian Lipowitz, grimpeur allemand en progression<\/li>\n<li>Les puncheurs sur les \u00e9tapes catalanes d&rsquo;ouverture<\/li>\n<\/ul><\/div>\n<\/div>\n<aside style=\"background:#FDECEC;border-left:4px solid #c54848;padding:14px 18px;margin:18px 0;border-radius:0 4px 4px 0;font-family:-apple-system,BlinkMacSystemFont,'Segoe UI',Roboto,sans-serif;\">\n  <strong style=\"display:inline-block;color:#8a2020;font-size:12px;text-transform:uppercase;letter-spacing:1.5px;margin-right:8px;\">&#9888;&#65039; Attention<\/strong><br \/>\n  <span style=\"font-size:14.5px;line-height:1.55;color:#3a3a3a;\">Les hi\u00e9rarchies d&rsquo;avant-course peuvent voler en \u00e9clats. Chute, d\u00e9faillance ou jour sans : un favori peut perdre le Tour en une seule \u00e9tape de montagne, comme l&rsquo;histoire r\u00e9cente l&rsquo;a montr\u00e9.<\/span><br \/>\n<\/aside>\n<h2>Comment suivre<\/h2>\n<p>En France, l&rsquo;int\u00e9gralit\u00e9 de la course sera diffus\u00e9e gratuitement et en clair sur France 2 et France 3, avec l&rsquo;\u00e9mission \u00ab V\u00e9lo Club \u00bb chaque soir pour les analyses et les r\u00e9actions. Les t\u00e9l\u00e9spectateurs souhaitant une couverture \u00e9largie, avec des directs prolong\u00e9s et des plateaux suppl\u00e9mentaires, pourront se tourner vers Eurosport, accessible notamment via le service de streaming Max et son option sport. La plupart des \u00e9tapes seront aussi disponibles en direct sur les plateformes num\u00e9riques des diffuseurs.<\/p>\n<p>Pour ne rien manquer du suspense, le mieux est de cibler les rendez-vous d\u00e9cisifs : le contre-la-montre par \u00e9quipes d&rsquo;ouverture \u00e0 Barcelone, les arriv\u00e9es au sommet pyr\u00e9n\u00e9ennes, puis le triptyque alpin final avec la double Alpe d&rsquo;Huez et l&rsquo;entr\u00e9e par Montmartre lors de l&rsquo;ultime \u00e9tape vers les Champs-\u00c9lys\u00e9es. Comme toujours, le programme exact des horaires et la liste d\u00e9finitive des engag\u00e9s seront confirm\u00e9s par l&rsquo;organisateur, ASO, \u00e0 l&rsquo;approche du d\u00e9part.<\/p>\n<section style=\"margin:32px 0;font-family:-apple-system,BlinkMacSystemFont,'Segoe UI',Roboto,sans-serif;\">\n<h2 style=\"margin:0 0 18px 0;font-size:22px;font-weight:800;color:#1a1a1a;letter-spacing:-0.01em;\">Questions fr\u00e9quentes<\/h2>\n<div style=\"border-top:1px solid #d4cfc4;\">\n<details style=\"border-bottom:1px solid #d4cfc4;padding:0;\">\n<summary style=\"cursor:pointer;padding:16px 0;font-size:17px;font-weight:700;color:#1a1a1a;list-style:none;display:flex;justify-content:space-between;align-items:center;gap:14px;\">\n        <span>Quand se d\u00e9roule le Tour de France 2026 ?<\/span><br \/>\n        <span style=\"font-size:22px;font-weight:300;color:#15803D;line-height:1;\">+<\/span><br \/>\n      <\/summary>\n<div style=\"padding:0 0 16px 0;font-size:15px;line-height:1.7;color:#4a4a4a;\">La 113e \u00e9dition se court du samedi 4 juillet au dimanche 26 juillet 2026, sur trois semaines avec deux journ\u00e9es de repos.<\/div>\n<\/details>\n<details style=\"border-bottom:1px solid #d4cfc4;padding:0;\">\n<summary style=\"cursor:pointer;padding:16px 0;font-size:17px;font-weight:700;color:#1a1a1a;list-style:none;display:flex;justify-content:space-between;align-items:center;gap:14px;\">\n        <span>D&rsquo;o\u00f9 part le Tour de France 2026 ?<\/span><br \/>\n        <span style=\"font-size:22px;font-weight:300;color:#15803D;line-height:1;\">+<\/span><br \/>\n      <\/summary>\n<div style=\"padding:0 0 16px 0;font-size:15px;line-height:1.7;color:#4a4a4a;\">Le Grand D\u00e9part sera donn\u00e9 de Barcelone, en Espagne, avec trois \u00e9tapes en Catalogne avant le passage en France. C&rsquo;est le troisi\u00e8me d\u00e9part du Tour depuis le sol espagnol.<\/div>\n<\/details>\n<details style=\"border-bottom:1px solid #d4cfc4;padding:0;\">\n<summary style=\"cursor:pointer;padding:16px 0;font-size:17px;font-weight:700;color:#1a1a1a;list-style:none;display:flex;justify-content:space-between;align-items:center;gap:14px;\">\n        <span>Quelles sont les grandes \u00e9tapes de montagne ?<\/span><br \/>\n        <span style=\"font-size:22px;font-weight:300;color:#15803D;line-height:1;\">+<\/span><br \/>\n      <\/summary>\n<div style=\"padding:0 0 16px 0;font-size:15px;line-height:1.7;color:#4a4a4a;\">Le parcours traverse les Pyr\u00e9n\u00e9es, le Massif central, les Vosges et les Alpes. Les temps forts annonc\u00e9s incluent les arriv\u00e9es au sommet \u00e0 Gavarnie-G\u00e8dre, au Plateau de Solaison, \u00e0 Orci\u00e8res-Merlette, et une double Alpe d&rsquo;Huez sur les \u00e9tapes 19 et 20.<\/div>\n<\/details>\n<details style=\"border-bottom:1px solid #d4cfc4;padding:0;\">\n<summary style=\"cursor:pointer;padding:16px 0;font-size:17px;font-weight:700;color:#1a1a1a;list-style:none;display:flex;justify-content:space-between;align-items:center;gap:14px;\">\n        <span>Qui sont les favoris ?<\/span><br \/>\n        <span style=\"font-size:22px;font-weight:300;color:#15803D;line-height:1;\">+<\/span><br \/>\n      <\/summary>\n<div style=\"padding:0 0 16px 0;font-size:15px;line-height:1.7;color:#4a4a4a;\">Tadej Poga\u010dar est consid\u00e9r\u00e9 comme le grand favori, devant Jonas Vingegaard et Remco Evenepoel. Paul Seixas et Florian Lipowitz figurent parmi les outsiders \u00e0 surveiller. Aucun r\u00e9sultat n&rsquo;est encore connu : il s&rsquo;agit de pronostics d&rsquo;avant-course.<\/div>\n<\/details>\n<details style=\"padding:0;\">\n<summary style=\"cursor:pointer;padding:16px 0;font-size:17px;font-weight:700;color:#1a1a1a;list-style:none;display:flex;justify-content:space-between;align-items:center;gap:14px;\">\n        <span>Sur quelle cha\u00eene regarder le Tour de France 2026 ?<\/span><br \/>\n        <span style=\"font-size:22px;font-weight:300;color:#15803D;line-height:1;\">+<\/span><br \/>\n      <\/summary>\n<div style=\"padding:0 0 16px 0;font-size:15px;line-height:1.7;color:#4a4a4a;\">En France, la course est diffus\u00e9e gratuitement sur France 2 et France 3, avec l&rsquo;\u00e9mission \u00ab V\u00e9lo Club \u00bb. Eurosport propose une couverture \u00e9largie pour les abonn\u00e9s, accessible notamment via le service de streaming Max.<\/div>\n<\/details><\/div>\n<\/section>\n<p>Avec son Grand D\u00e9part catalan, sa double ascension de l&rsquo;Alpe d&rsquo;Huez et son final in\u00e9dit par Montmartre, le Tour de France 2026 r\u00e9unit tous les ingr\u00e9dients d&rsquo;une \u00e9dition m\u00e9morable. Reste \u00e0 savoir si Tadej Poga\u010dar d\u00e9crochera un cinqui\u00e8me sacre historique, ou si l&rsquo;un de ses rivaux profitera des Alpes pour rebattre les cartes. R\u00e9ponse \u00e0 partir du 4 juillet.<\/p>\n<p>\u00c0 lire aussi : <a href=\"https:\/\/sport-index.fr\/blog\/evenements-et-competitions\/vuelta-2026-grand-depart-de-monaco-etapes-en-france-et-diffusion-tv\/\">La Vuelta 2026 part de Monaco le 22 ao\u00fbt<\/a>, avec deux \u00e9tapes en France (Manosque, Gruissan \u2013 Font-Romeu).<\/p>\n<p style=\"font-size:13px;color:#6a6a6a;margin-top:32px;\">Sources : ASO et presse sportive. Article mis \u00e0 jour r\u00e9guli\u00e8rement.<\/p>\n","protected":false},"excerpt":{"rendered":"","protected":false},"author":39,"featured_media":18159,"comment_status":"open","ping_status":"open","sticky":false,"template":"","format":"standard","meta":{"_acf_changed":false,"manual_indexmenow":false,"indexmenow_id_project":0,"footnotes":""},"categories":[4523],"tags":[],"class_list":["post-18141","post","type-post","status-publish","format-standard","has-post-thumbnail","hentry","category-evenements-et-competitions","generate-columns","tablet-grid-50","mobile-grid-100","grid-parent","grid-25"],"acf":[],"yoast_head":"<!-- This site is optimized with the Yoast SEO Premium plugin v21.3 (Yoast SEO v26.5) - https:\/\/yoast.com\/wordpress\/plugins\/seo\/ -->\n<title>Tour de France 2026 : parcours, dates et favoris<\/title>\n<meta name=\"description\" content=\"La 113e Grande Boucle s&#039;\u00e9lancera de Barcelone le samedi 4 juillet 2026 pour rejoindre les Champs-\u00c9lys\u00e9es le dimanche 26 juillet, apr\u00e8s 21 \u00e9tapes, 3 333\u2026\" \/>\n<meta name=\"robots\" content=\"index, follow, max-snippet:-1, max-image-preview:large, max-video-preview:-1\" \/>\n<link rel=\"canonical\" href=\"https:\/\/sport-index.fr\/blog\/evenements-et-competitions\/tour-de-france-2026-parcours-dates-et-favoris-de-la-grande-boucle\/\" \/>\n<meta property=\"og:locale\" content=\"fr_FR\" \/>\n<meta property=\"og:type\" content=\"article\" \/>\n<meta property=\"og:title\" content=\"Tour de France 2026 : parcours, dates et favoris\" \/>\n<meta property=\"og:description\" content=\"La 113e Grande Boucle s&#039;\u00e9lancera de Barcelone le samedi 4 juillet 2026 pour rejoindre les Champs-\u00c9lys\u00e9es le dimanche 26 juillet, apr\u00e8s 21 \u00e9tapes, 3 333\u2026\" \/>\n<meta property=\"og:url\" content=\"https:\/\/sport-index.fr\/blog\/evenements-et-competitions\/tour-de-france-2026-parcours-dates-et-favoris-de-la-grande-boucle\/\" \/>\n<meta property=\"og:site_name\" content=\"sport-index\" \/>\n<meta property=\"og:image\" content=\"https:\/\/sport-index.fr\/blog\/wp-content\/uploads\/2026\/06\/sdxl-179252253698ef8ad4cc0955b52fa009-scaled.png\" \/>\n\t<meta property=\"og:image:width\" content=\"1200\" \/>\n\t<meta property=\"og:image:height\" content=\"500\" \/>\n\t<meta property=\"og:image:type\" content=\"image\/png\" \/>\n<meta name=\"author\" content=\"Lucas Moreau\" \/>\n<meta name=\"twitter:card\" content=\"summary_large_image\" \/>\n<script type=\"application\/ld+json\" class=\"yoast-schema-graph\">{\"@context\":\"https:\/\/schema.org\",\"@graph\":[{\"@type\":\"NewsArticle\",\"@id\":\"https:\/\/sport-index.fr\/blog\/evenements-et-competitions\/tour-de-france-2026-parcours-dates-et-favoris-de-la-grande-boucle\/#article\",\"isPartOf\":{\"@id\":\"https:\/\/sport-index.fr\/blog\/evenements-et-competitions\/tour-de-france-2026-parcours-dates-et-favoris-de-la-grande-boucle\/\"},\"author\":{\"name\":\"Lucas Moreau\",\"@id\":\"https:\/\/sport-index.fr\/blog\/#\/schema\/person\/51382fb0b3e562f2d8b7b16213248735\"},\"headline\":\"Tour de France 2026 : parcours, dates et favoris de la Grande Boucle\",\"datePublished\":\"2026-06-06T18:16:13+00:00\",\"dateModified\":\"2026-08-17T17:01:10+00:00\",\"mainEntityOfPage\":{\"@id\":\"https:\/\/sport-index.fr\/blog\/evenements-et-competitions\/tour-de-france-2026-parcours-dates-et-favoris-de-la-grande-boucle\/\"},\"wordCount\":1527,\"commentCount\":0,\"publisher\":{\"@id\":\"https:\/\/sport-index.fr\/blog\/#organization\"},\"image\":{\"@id\":\"https:\/\/sport-index.fr\/blog\/evenements-et-competitions\/tour-de-france-2026-parcours-dates-et-favoris-de-la-grande-boucle\/#primaryimage\"},\"thumbnailUrl\":\"https:\/\/sport-index.fr\/blog\/wp-content\/uploads\/2026\/06\/sdxl-179252253698ef8ad4cc0955b52fa009-scaled.png\",\"articleSection\":[\"\u00c9v\u00e9nements et Comp\u00e9titions\"],\"inLanguage\":\"fr-FR\",\"potentialAction\":[{\"@type\":\"CommentAction\",\"name\":\"Comment\",\"target\":[\"https:\/\/sport-index.fr\/blog\/evenements-et-competitions\/tour-de-france-2026-parcours-dates-et-favoris-de-la-grande-boucle\/#respond\"]}]},{\"@type\":\"WebPage\",\"@id\":\"https:\/\/sport-index.fr\/blog\/evenements-et-competitions\/tour-de-france-2026-parcours-dates-et-favoris-de-la-grande-boucle\/\",\"url\":\"https:\/\/sport-index.fr\/blog\/evenements-et-competitions\/tour-de-france-2026-parcours-dates-et-favoris-de-la-grande-boucle\/\",\"name\":\"Tour de France 2026 : parcours, dates et favoris\",\"isPartOf\":{\"@id\":\"https:\/\/sport-index.fr\/blog\/#website\"},\"primaryImageOfPage\":{\"@id\":\"https:\/\/sport-index.fr\/blog\/evenements-et-competitions\/tour-de-france-2026-parcours-dates-et-favoris-de-la-grande-boucle\/#primaryimage\"},\"image\":{\"@id\":\"https:\/\/sport-index.fr\/blog\/evenements-et-competitions\/tour-de-france-2026-parcours-dates-et-favoris-de-la-grande-boucle\/#primaryimage\"},\"thumbnailUrl\":\"https:\/\/sport-index.fr\/blog\/wp-content\/uploads\/2026\/06\/sdxl-179252253698ef8ad4cc0955b52fa009-scaled.png\",\"datePublished\":\"2026-06-06T18:16:13+00:00\",\"dateModified\":\"2026-08-17T17:01:10+00:00\",\"description\":\"La 113e Grande Boucle s'\u00e9lancera de Barcelone le samedi 4 juillet 2026 pour rejoindre les Champs-\u00c9lys\u00e9es le dimanche 26 juillet, apr\u00e8s 21 \u00e9tapes, 3 333\u2026\",\"inLanguage\":\"fr-FR\",\"potentialAction\":[{\"@type\":\"ReadAction\",\"target\":[\"https:\/\/sport-index.fr\/blog\/evenements-et-competitions\/tour-de-france-2026-parcours-dates-et-favoris-de-la-grande-boucle\/\"]}]},{\"@type\":\"ImageObject\",\"inLanguage\":\"fr-FR\",\"@id\":\"https:\/\/sport-index.fr\/blog\/evenements-et-competitions\/tour-de-france-2026-parcours-dates-et-favoris-de-la-grande-boucle\/#primaryimage\",\"url\":\"https:\/\/sport-index.fr\/blog\/wp-content\/uploads\/2026\/06\/sdxl-179252253698ef8ad4cc0955b52fa009-scaled.png\",\"contentUrl\":\"https:\/\/sport-index.fr\/blog\/wp-content\/uploads\/2026\/06\/sdxl-179252253698ef8ad4cc0955b52fa009-scaled.png\",\"width\":1200,\"height\":500},{\"@type\":\"WebSite\",\"@id\":\"https:\/\/sport-index.fr\/blog\/#website\",\"url\":\"https:\/\/sport-index.fr\/blog\/\",\"name\":\"sport-index.fr\",\"description\":\"Le score de l\u2019analyse sportive.\",\"publisher\":{\"@id\":\"https:\/\/sport-index.fr\/blog\/#organization\"},\"alternateName\":\"Le score de l\u2019analyse sportive.\",\"potentialAction\":[{\"@type\":\"SearchAction\",\"target\":{\"@type\":\"EntryPoint\",\"urlTemplate\":\"https:\/\/sport-index.fr\/blog\/?s={search_term_string}\"},\"query-input\":{\"@type\":\"PropertyValueSpecification\",\"valueRequired\":true,\"valueName\":\"search_term_string\"}}],\"inLanguage\":\"fr-FR\"},{\"@type\":\"Organization\",\"@id\":\"https:\/\/sport-index.fr\/blog\/#organization\",\"name\":\"Foretsensations.fr\",\"url\":\"https:\/\/sport-index.fr\/blog\/\",\"logo\":{\"@type\":\"ImageObject\",\"inLanguage\":\"fr-FR\",\"@id\":\"https:\/\/sport-index.fr\/blog\/#\/schema\/logo\/image\/\",\"url\":\"https:\/\/sport-index.fr\/blog\/wp-content\/uploads\/2026\/07\/logo-auto.png\",\"contentUrl\":\"https:\/\/sport-index.fr\/blog\/wp-content\/uploads\/2026\/07\/logo-auto.png\",\"width\":1024,\"height\":1024,\"caption\":\"Foretsensations.fr\"},\"image\":{\"@id\":\"https:\/\/sport-index.fr\/blog\/#\/schema\/logo\/image\/\"}},{\"@type\":\"Person\",\"@id\":\"https:\/\/sport-index.fr\/blog\/#\/schema\/person\/51382fb0b3e562f2d8b7b16213248735\",\"name\":\"Lucas Moreau\",\"image\":{\"@type\":\"ImageObject\",\"inLanguage\":\"fr-FR\",\"@id\":\"https:\/\/sport-index.fr\/blog\/#\/schema\/person\/image\/\",\"url\":\"https:\/\/secure.gravatar.com\/avatar\/?s=96&d=mm&r=g\",\"contentUrl\":\"https:\/\/secure.gravatar.com\/avatar\/?s=96&d=mm&r=g\",\"caption\":\"Lucas Moreau\"},\"description\":\"Journaliste sportif avec plus de 15 ans d\u2019exp\u00e9rience couvrant divers sports tels que le football, le basket-ball, et le tennis. Lucas offre des analyses approfondies, des interviews exclusives et des reportages sur les grands \u00e9v\u00e9nements sportifs.\",\"url\":\"https:\/\/sport-index.fr\/blog\/auteur\/lucas-moreau\/\"}]}<\/script>\n<!-- \/ Yoast SEO Premium plugin. -->","yoast_head_json":{"title":"Tour de France 2026 : parcours, dates et favoris","description":"La 113e Grande Boucle s'\u00e9lancera de Barcelone le samedi 4 juillet 2026 pour rejoindre les Champs-\u00c9lys\u00e9es le dimanche 26 juillet, apr\u00e8s 21 \u00e9tapes, 3 333\u2026","robots":{"index":"index","follow":"follow","max-snippet":"max-snippet:-1","max-image-preview":"max-image-preview:large","max-video-preview":"max-video-preview:-1"},"canonical":"https:\/\/sport-index.fr\/blog\/evenements-et-competitions\/tour-de-france-2026-parcours-dates-et-favoris-de-la-grande-boucle\/","og_locale":"fr_FR","og_type":"article","og_title":"Tour de France 2026 : parcours, dates et favoris","og_description":"La 113e Grande Boucle s'\u00e9lancera de Barcelone le samedi 4 juillet 2026 pour rejoindre les Champs-\u00c9lys\u00e9es le dimanche 26 juillet, apr\u00e8s 21 \u00e9tapes, 3 333\u2026","og_url":"https:\/\/sport-index.fr\/blog\/evenements-et-competitions\/tour-de-france-2026-parcours-dates-et-favoris-de-la-grande-boucle\/","og_site_name":"sport-index","og_image":[{"width":1200,"height":500,"url":"https:\/\/sport-index.fr\/blog\/wp-content\/uploads\/2026\/06\/sdxl-179252253698ef8ad4cc0955b52fa009-scaled.png","type":"image\/png"}],"author":"Lucas Moreau","twitter_card":"summary_large_image","schema":{"@context":"https:\/\/schema.org","@graph":[{"@type":"NewsArticle","@id":"https:\/\/sport-index.fr\/blog\/evenements-et-competitions\/tour-de-france-2026-parcours-dates-et-favoris-de-la-grande-boucle\/#article","isPartOf":{"@id":"https:\/\/sport-index.fr\/blog\/evenements-et-competitions\/tour-de-france-2026-parcours-dates-et-favoris-de-la-grande-boucle\/"},"author":{"name":"Lucas Moreau","@id":"https:\/\/sport-index.fr\/blog\/#\/schema\/person\/51382fb0b3e562f2d8b7b16213248735"},"headline":"Tour de France 2026 : parcours, dates et favoris de la Grande Boucle","datePublished":"2026-06-06T18:16:13+00:00","dateModified":"2026-08-17T17:01:10+00:00","mainEntityOfPage":{"@id":"https:\/\/sport-index.fr\/blog\/evenements-et-competitions\/tour-de-france-2026-parcours-dates-et-favoris-de-la-grande-boucle\/"},"wordCount":1527,"commentCount":0,"publisher":{"@id":"https:\/\/sport-index.fr\/blog\/#organization"},"image":{"@id":"https:\/\/sport-index.fr\/blog\/evenements-et-competitions\/tour-de-france-2026-parcours-dates-et-favoris-de-la-grande-boucle\/#primaryimage"},"thumbnailUrl":"https:\/\/sport-index.fr\/blog\/wp-content\/uploads\/2026\/06\/sdxl-179252253698ef8ad4cc0955b52fa009-scaled.png","articleSection":["\u00c9v\u00e9nements et Comp\u00e9titions"],"inLanguage":"fr-FR","potentialAction":[{"@type":"CommentAction","name":"Comment","target":["https:\/\/sport-index.fr\/blog\/evenements-et-competitions\/tour-de-france-2026-parcours-dates-et-favoris-de-la-grande-boucle\/#respond"]}]},{"@type":"WebPage","@id":"https:\/\/sport-index.fr\/blog\/evenements-et-competitions\/tour-de-france-2026-parcours-dates-et-favoris-de-la-grande-boucle\/","url":"https:\/\/sport-index.fr\/blog\/evenements-et-competitions\/tour-de-france-2026-parcours-dates-et-favoris-de-la-grande-boucle\/","name":"Tour de France 2026 : parcours, dates et favoris","isPartOf":{"@id":"https:\/\/sport-index.fr\/blog\/#website"},"primaryImageOfPage":{"@id":"https:\/\/sport-index.fr\/blog\/evenements-et-competitions\/tour-de-france-2026-parcours-dates-et-favoris-de-la-grande-boucle\/#primaryimage"},"image":{"@id":"https:\/\/sport-index.fr\/blog\/evenements-et-competitions\/tour-de-france-2026-parcours-dates-et-favoris-de-la-grande-boucle\/#primaryimage"},"thumbnailUrl":"https:\/\/sport-index.fr\/blog\/wp-content\/uploads\/2026\/06\/sdxl-179252253698ef8ad4cc0955b52fa009-scaled.png","datePublished":"2026-06-06T18:16:13+00:00","dateModified":"2026-08-17T17:01:10+00:00","description":"La 113e Grande Boucle s'\u00e9lancera de Barcelone le samedi 4 juillet 2026 pour rejoindre les Champs-\u00c9lys\u00e9es le dimanche 26 juillet, apr\u00e8s 21 \u00e9tapes, 3 333\u2026","inLanguage":"fr-FR","potentialAction":[{"@type":"ReadAction","target":["https:\/\/sport-index.fr\/blog\/evenements-et-competitions\/tour-de-france-2026-parcours-dates-et-favoris-de-la-grande-boucle\/"]}]},{"@type":"ImageObject","inLanguage":"fr-FR","@id":"https:\/\/sport-index.fr\/blog\/evenements-et-competitions\/tour-de-france-2026-parcours-dates-et-favoris-de-la-grande-boucle\/#primaryimage","url":"https:\/\/sport-index.fr\/blog\/wp-content\/uploads\/2026\/06\/sdxl-179252253698ef8ad4cc0955b52fa009-scaled.png","contentUrl":"https:\/\/sport-index.fr\/blog\/wp-content\/uploads\/2026\/06\/sdxl-179252253698ef8ad4cc0955b52fa009-scaled.png","width":1200,"height":500},{"@type":"WebSite","@id":"https:\/\/sport-index.fr\/blog\/#website","url":"https:\/\/sport-index.fr\/blog\/","name":"sport-index.fr","description":"Le score de l\u2019analyse sportive.","publisher":{"@id":"https:\/\/sport-index.fr\/blog\/#organization"},"alternateName":"Le score de l\u2019analyse sportive.","potentialAction":[{"@type":"SearchAction","target":{"@type":"EntryPoint","urlTemplate":"https:\/\/sport-index.fr\/blog\/?s={search_term_string}"},"query-input":{"@type":"PropertyValueSpecification","valueRequired":true,"valueName":"search_term_string"}}],"inLanguage":"fr-FR"},{"@type":"Organization","@id":"https:\/\/sport-index.fr\/blog\/#organization","name":"Foretsensations.fr","url":"https:\/\/sport-index.fr\/blog\/","logo":{"@type":"ImageObject","inLanguage":"fr-FR","@id":"https:\/\/sport-index.fr\/blog\/#\/schema\/logo\/image\/","url":"https:\/\/sport-index.fr\/blog\/wp-content\/uploads\/2026\/07\/logo-auto.png","contentUrl":"https:\/\/sport-index.fr\/blog\/wp-content\/uploads\/2026\/07\/logo-auto.png","width":1024,"height":1024,"caption":"Foretsensations.fr"},"image":{"@id":"https:\/\/sport-index.fr\/blog\/#\/schema\/logo\/image\/"}},{"@type":"Person","@id":"https:\/\/sport-index.fr\/blog\/#\/schema\/person\/51382fb0b3e562f2d8b7b16213248735","name":"Lucas Moreau","image":{"@type":"ImageObject","inLanguage":"fr-FR","@id":"https:\/\/sport-index.fr\/blog\/#\/schema\/person\/image\/","url":"https:\/\/secure.gravatar.com\/avatar\/?s=96&d=mm&r=g","contentUrl":"https:\/\/secure.gravatar.com\/avatar\/?s=96&d=mm&r=g","caption":"Lucas Moreau"},"description":"Journaliste sportif avec plus de 15 ans d\u2019exp\u00e9rience couvrant divers sports tels que le football, le basket-ball, et le tennis. Lucas offre des analyses approfondies, des interviews exclusives et des reportages sur les grands \u00e9v\u00e9nements sportifs.","url":"https:\/\/sport-index.fr\/blog\/auteur\/lucas-moreau\/"}]}},"_links":{"self":[{"href":"https:\/\/sport-index.fr\/blog\/wp-json\/wp\/v2\/posts\/18141","targetHints":{"allow":["GET"]}}],"collection":[{"href":"https:\/\/sport-index.fr\/blog\/wp-json\/wp\/v2\/posts"}],"about":[{"href":"https:\/\/sport-index.fr\/blog\/wp-json\/wp\/v2\/types\/post"}],"author":[{"embeddable":true,"href":"https:\/\/sport-index.fr\/blog\/wp-json\/wp\/v2\/users\/39"}],"replies":[{"embeddable":true,"href":"https:\/\/sport-index.fr\/blog\/wp-json\/wp\/v2\/comments?post=18141"}],"version-history":[{"count":1,"href":"https:\/\/sport-index.fr\/blog\/wp-json\/wp\/v2\/posts\/18141\/revisions"}],"predecessor-version":[{"id":18324,"href":"https:\/\/sport-index.fr\/blog\/wp-json\/wp\/v2\/posts\/18141\/revisions\/18324"}],"wp:featuredmedia":[{"embeddable":true,"href":"https:\/\/sport-index.fr\/blog\/wp-json\/wp\/v2\/media\/18159"}],"wp:attachment":[{"href":"https:\/\/sport-index.fr\/blog\/wp-json\/wp\/v2\/media?parent=18141"}],"wp:term":[{"taxonomy":"category","embeddable":true,"href":"https:\/\/sport-index.fr\/blog\/wp-json\/wp\/v2\/categories?post=18141"},{"taxonomy":"post_tag","embeddable":true,"href":"https:\/\/sport-index.fr\/blog\/wp-json\/wp\/v2\/tags?post=18141"}],"curies":[{"name":"wp","href":"https:\/\/api.w.org\/{rel}","templated":true}]}}