{"id":18143,"date":"2026-06-06T20:16:57","date_gmt":"2026-06-06T18:16:57","guid":{"rendered":"https:\/\/sport-index.fr\/blog\/actualites-sportives\/l-agenda-de-l-ete-sportif-2026-les-grands-rendez-vous-a-ne-pas-manquer\/"},"modified":"2026-06-06T20:16:57","modified_gmt":"2026-06-06T18:16:57","slug":"l-agenda-de-l-ete-sportif-2026-les-grands-rendez-vous-a-ne-pas-manquer","status":"publish","type":"post","link":"https:\/\/sport-index.fr\/blog\/actualites-sportives\/l-agenda-de-l-ete-sportif-2026-les-grands-rendez-vous-a-ne-pas-manquer\/","title":{"rendered":"L&rsquo;agenda de l&rsquo;\u00e9t\u00e9 sportif 2026 : les grands rendez-vous \u00e0 ne pas manquer"},"content":{"rendered":"<aside style=\"background:#E7F3EC;border-left:5px solid #15803D;padding:22px 28px;margin:24px 0;font-family:-apple-system,BlinkMacSystemFont,'Segoe UI',Roboto,sans-serif;\">\n<div style=\"margin:0;font-size:19px;line-height:1.55;color:#2a2a2a;font-weight:500;letter-spacing:-0.005em;\">\n    L&rsquo;\u00e9t\u00e9 2026 sera l&rsquo;un des plus denses de la d\u00e9cennie pour le sport. Entre la premi\u00e8re Coupe du Monde de football \u00e0 48 \u00e9quipes (11 juin&#8202;-&#8202;19 juillet), un Tour de France qui s&rsquo;\u00e9lance pour la premi\u00e8re fois de Barcelone et une saison de tennis sur gazon couronn\u00e9e par Wimbledon, voici l&rsquo;agenda complet des grands rendez-vous \u00e0 bloquer dans votre calendrier.\n  <\/div>\n<\/aside>\n<p>De la mi-juin \u00e0 la fin ao\u00fbt, les calendriers s&rsquo;encha\u00eenent sans r\u00e9pit. Le football monopolise l&rsquo;attention d\u00e8s le 11 juin avec un Mondial nord-am\u00e9ricain in\u00e9dit, mais le tennis, le cyclisme et l&rsquo;athl\u00e9tisme offrent eux aussi des moments forts presque chaque semaine. Pour s&rsquo;y retrouver, nous avons compil\u00e9 les dates officielles annonc\u00e9es par les organisateurs des principaux \u00e9v\u00e9nements de l&rsquo;\u00e9t\u00e9 sportif 2026. Voici l&rsquo;essentiel, discipline par discipline.<\/p>\n<aside style=\"background:#fafaf7;border:1px solid #e5e5e0;border-radius:8px;padding:24px 26px 26px;margin:28px 0;font-family:-apple-system,BlinkMacSystemFont,'Segoe UI',Roboto,sans-serif;\">\n<div style=\"margin:0 0 18px 0;font-size:11px;font-weight:700;text-transform:uppercase;letter-spacing:2.2px;color:#15803D;\">Les 5 dates \u00e0 retenir<\/div>\n<div style=\"display:grid;grid-template-columns:repeat(auto-fit,minmax(240px,1fr));gap:10px;\">\n<div style=\"display:flex;gap:12px;background:#fff;border:1px solid #ebebe5;padding:12px 14px;border-radius:6px;align-items:flex-start;\">\n      <span style=\"flex:0 0 26px;width:26px;height:26px;background:#15803D;color:#fff;border-radius:50%;display:inline-flex;align-items:center;justify-content:center;font-size:12px;font-weight:700;font-family:-apple-system,sans-serif;\">1<\/span><br \/>\n      <span style=\"font-size:14px;line-height:1.5;color:#2a2a2a;\">11 juin&#8201;: coup d&rsquo;envoi de la Coupe du Monde de football au stade Azt\u00e8que de Mexico.<\/span>\n    <\/div>\n<div style=\"display:flex;gap:12px;background:#fff;border:1px solid #ebebe5;padding:12px 14px;border-radius:6px;align-items:flex-start;\">\n      <span style=\"flex:0 0 26px;width:26px;height:26px;background:#15803D;color:#fff;border-radius:50%;display:inline-flex;align-items:center;justify-content:center;font-size:12px;font-weight:700;font-family:-apple-system,sans-serif;\">2<\/span><br \/>\n      <span style=\"font-size:14px;line-height:1.5;color:#2a2a2a;\">29 juin&#8201;: d\u00e9but de Wimbledon, dernier Grand Chelem de la premi\u00e8re moiti\u00e9 d&rsquo;ann\u00e9e.<\/span>\n    <\/div>\n<div style=\"display:flex;gap:12px;background:#fff;border:1px solid #ebebe5;padding:12px 14px;border-radius:6px;align-items:flex-start;\">\n      <span style=\"flex:0 0 26px;width:26px;height:26px;background:#15803D;color:#fff;border-radius:50%;display:inline-flex;align-items:center;justify-content:center;font-size:12px;font-weight:700;font-family:-apple-system,sans-serif;\">3<\/span><br \/>\n      <span style=\"font-size:14px;line-height:1.5;color:#2a2a2a;\">4 juillet&#8201;: Grand D\u00e9part du Tour de France depuis Barcelone, une premi\u00e8re historique.<\/span>\n    <\/div>\n<div style=\"display:flex;gap:12px;background:#fff;border:1px solid #ebebe5;padding:12px 14px;border-radius:6px;align-items:flex-start;\">\n      <span style=\"flex:0 0 26px;width:26px;height:26px;background:#15803D;color:#fff;border-radius:50%;display:inline-flex;align-items:center;justify-content:center;font-size:12px;font-weight:700;font-family:-apple-system,sans-serif;\">4<\/span><br \/>\n      <span style=\"font-size:14px;line-height:1.5;color:#2a2a2a;\">19 juillet&#8201;: finale du Mondial au MetLife Stadium, pr\u00e8s de New York.<\/span>\n    <\/div>\n<div style=\"display:flex;gap:12px;background:#fff;border:1px solid #ebebe5;padding:12px 14px;border-radius:6px;align-items:flex-start;\">\n      <span style=\"flex:0 0 26px;width:26px;height:26px;background:#15803D;color:#fff;border-radius:50%;display:inline-flex;align-items:center;justify-content:center;font-size:12px;font-weight:700;font-family:-apple-system,sans-serif;\">5<\/span><br \/>\n      <span style=\"font-size:14px;line-height:1.5;color:#2a2a2a;\">1er&#8201;-&#8201;9 ao\u00fbt&#8201;: Tour de France Femmes, avec un Grand D\u00e9part en Suisse.<\/span>\n    <\/div>\n<\/p><\/div>\n<\/aside>\n<h2>Le calendrier complet de l&rsquo;\u00e9t\u00e9 sportif 2026<\/h2>\n<p>Le tableau ci-dessous r\u00e9capitule les grands rendez-vous de l&rsquo;\u00e9t\u00e9, class\u00e9s par date de d\u00e9but. Toutes les dates sont celles communiqu\u00e9es par les f\u00e9d\u00e9rations et organisateurs. Pour la Coupe du Monde, nous renvoyons \u00e0 notre dossier d\u00e9di\u00e9&#8201;: l&rsquo;agenda se concentre ici sur le rep\u00e9rage des temps forts.<\/p>\n<figure style=\"margin:32px 0;font-family:-apple-system,BlinkMacSystemFont,'Segoe UI',Roboto,sans-serif;\">\n<div style=\"overflow-x:auto;border:1px solid #e5e5e0;border-radius:8px;\">\n<table style=\"width:100%;border-collapse:collapse;font-size:14px;color:#2a2a2a;min-width:520px;\">\n<thead>\n<tr style=\"background:#15803D;color:#fff;\">\n<th style=\"text-align:left;padding:14px 18px;font-weight:700;font-size:12px;text-transform:uppercase;letter-spacing:1.5px;\">\u00c9v\u00e9nement<\/th>\n<th style=\"text-align:left;padding:14px 18px;font-weight:700;font-size:12px;text-transform:uppercase;letter-spacing:1.5px;\">Dates 2026<\/th>\n<th style=\"text-align:left;padding:14px 18px;font-weight:700;font-size:12px;text-transform:uppercase;letter-spacing:1.5px;\">Lieu<\/th>\n<\/tr>\n<\/thead>\n<tbody>\n<tr style=\"background:#fff;border-bottom:1px solid #f0ede5;\">\n<td style=\"padding:14px 18px;font-weight:600;\">Coupe du Monde de football<\/td>\n<td style=\"padding:14px 18px;color:#4a4a4a;\">11 juin&#8201;-&#8201;19 juillet<\/td>\n<td style=\"padding:14px 18px;color:#6a6a6a;\">USA, Canada, Mexique<\/td>\n<\/tr>\n<tr style=\"background:#fafaf7;border-bottom:1px solid #f0ede5;\">\n<td style=\"padding:14px 18px;font-weight:600;\">Meeting de Paris (Diamond League)<\/td>\n<td style=\"padding:14px 18px;color:#4a4a4a;\">28 juin<\/td>\n<td style=\"padding:14px 18px;color:#6a6a6a;\">Stade Charl\u00e9ty, Paris<\/td>\n<\/tr>\n<tr style=\"background:#fff;border-bottom:1px solid #f0ede5;\">\n<td style=\"padding:14px 18px;font-weight:600;\">Wimbledon<\/td>\n<td style=\"padding:14px 18px;color:#4a4a4a;\">29 juin&#8201;-&#8201;12 juillet<\/td>\n<td style=\"padding:14px 18px;color:#6a6a6a;\">Londres, Royaume-Uni<\/td>\n<\/tr>\n<tr style=\"background:#fafaf7;border-bottom:1px solid #f0ede5;\">\n<td style=\"padding:14px 18px;font-weight:600;\">Tour de France (hommes)<\/td>\n<td style=\"padding:14px 18px;color:#4a4a4a;\">4&#8201;-&#8201;26 juillet<\/td>\n<td style=\"padding:14px 18px;color:#6a6a6a;\">Barcelone &rarr; Paris<\/td>\n<\/tr>\n<tr style=\"background:#fff;border-bottom:1px solid #f0ede5;\">\n<td style=\"padding:14px 18px;font-weight:600;\">The Open Championship (golf)<\/td>\n<td style=\"padding:14px 18px;color:#4a4a4a;\">16&#8201;-&#8201;19 juillet<\/td>\n<td style=\"padding:14px 18px;color:#6a6a6a;\">Royal Birkdale, Southport (GB)<\/td>\n<\/tr>\n<tr style=\"background:#fafaf7;border-bottom:1px solid #f0ede5;\">\n<td style=\"padding:14px 18px;font-weight:600;\">Tour de France Femmes<\/td>\n<td style=\"padding:14px 18px;color:#4a4a4a;\">1er&#8201;-&#8201;9 ao\u00fbt<\/td>\n<td style=\"padding:14px 18px;color:#6a6a6a;\">Suisse &rarr; France<\/td>\n<\/tr>\n<tr style=\"background:#fff;\">\n<td style=\"padding:14px 18px;font-weight:600;\">Championnats d&rsquo;Europe d&rsquo;athl\u00e9tisme<\/td>\n<td style=\"padding:14px 18px;color:#4a4a4a;\">10&#8201;-&#8201;16 ao\u00fbt<\/td>\n<td style=\"padding:14px 18px;color:#6a6a6a;\">Birmingham, Royaume-Uni<\/td>\n<\/tr>\n<\/tbody>\n<\/table><\/div><figcaption style=\"font-size:11px;color:#7a7a7a;margin-top:8px;text-align:right;letter-spacing:0.3px;\">Dates officielles des organisateurs &mdash; voir sources en fin d&rsquo;article.<\/figcaption><\/figure>\n<h2>Les temps forts \u00e0 ne pas manquer<\/h2>\n<p>Au-del\u00e0 du calendrier brut, certains rendez-vous concentrent \u00e0 eux seuls l&rsquo;attention des amateurs. Voici quatre moments qui devraient marquer l&rsquo;\u00e9t\u00e9.<\/p>\n<div style=\"display:grid;grid-template-columns:repeat(auto-fit,minmax(220px,1fr));gap:14px;margin:28px 0;font-family:-apple-system,BlinkMacSystemFont,'Segoe UI',Roboto,sans-serif;\">\n<article style=\"background:#fff;border:1px solid #e5e5e0;border-top:3px solid #15803D;border-radius:6px;padding:18px 18px 16px;\">\n<div style=\"width:36px;height:36px;background:#E7F3EC;border-radius:50%;display:inline-flex;align-items:center;justify-content:center;margin-bottom:12px;\">\n      <span style=\"font-size:18px;color:#15803D;font-weight:900;font-family:Georgia,serif;\">01<\/span>\n    <\/div>\n<h3 style=\"margin:0 0 6px 0;font-size:16px;font-weight:700;color:#1a1a1a;letter-spacing:-0.01em;\">Un Mondial \u00e0 48 \u00e9quipes<\/h3>\n<div style=\"margin:0;font-size:13.5px;line-height:1.55;color:#4a4a4a;\">Pour la premi\u00e8re fois, 48 nations sont au rendez-vous. Le format passe \u00e0 12 groupes et les huit meilleurs troisi\u00e8mes acc\u00e8dent aussi \u00e0 la phase \u00e0 \u00e9limination directe.<\/div>\n<\/article>\n<article style=\"background:#fff;border:1px solid #e5e5e0;border-top:3px solid #15803D;border-radius:6px;padding:18px 18px 16px;\">\n<div style=\"width:36px;height:36px;background:#E7F3EC;border-radius:50%;display:inline-flex;align-items:center;justify-content:center;margin-bottom:12px;\">\n      <span style=\"font-size:18px;color:#15803D;font-weight:900;font-family:Georgia,serif;\">02<\/span>\n    <\/div>\n<h3 style=\"margin:0 0 6px 0;font-size:16px;font-weight:700;color:#1a1a1a;letter-spacing:-0.01em;\">Le Tour part d&rsquo;Espagne<\/h3>\n<div style=\"margin:0;font-size:13.5px;line-height:1.55;color:#4a4a4a;\">Barcelone accueille le Grand D\u00e9part pour la premi\u00e8re fois&#8201;: contre-la-montre par \u00e9quipes le 4 juillet, puis montagne d\u00e8s la troisi\u00e8me \u00e9tape.<\/div>\n<\/article>\n<article style=\"background:#fff;border:1px solid #e5e5e0;border-top:3px solid #15803D;border-radius:6px;padding:18px 18px 16px;\">\n<div style=\"width:36px;height:36px;background:#E7F3EC;border-radius:50%;display:inline-flex;align-items:center;justify-content:center;margin-bottom:12px;\">\n      <span style=\"font-size:18px;color:#15803D;font-weight:900;font-family:Georgia,serif;\">03<\/span>\n    <\/div>\n<h3 style=\"margin:0 0 6px 0;font-size:16px;font-weight:700;color:#1a1a1a;letter-spacing:-0.01em;\">Wimbledon sur gazon<\/h3>\n<div style=\"margin:0;font-size:13.5px;line-height:1.55;color:#4a4a4a;\">Deux semaines de tennis dans le temple londonien, du 29 juin au 12 juillet, pour clore la tourn\u00e9e sur herbe et lancer la deuxi\u00e8me partie de saison.<\/div>\n<\/article>\n<article style=\"background:#fff;border:1px solid #e5e5e0;border-top:3px solid #15803D;border-radius:6px;padding:18px 18px 16px;\">\n<div style=\"width:36px;height:36px;background:#E7F3EC;border-radius:50%;display:inline-flex;align-items:center;justify-content:center;margin-bottom:12px;\">\n      <span style=\"font-size:18px;color:#15803D;font-weight:900;font-family:Georgia,serif;\">04<\/span>\n    <\/div>\n<h3 style=\"margin:0 0 6px 0;font-size:16px;font-weight:700;color:#1a1a1a;letter-spacing:-0.01em;\">L&rsquo;athl\u00e9 \u00e0 Paris et Birmingham<\/h3>\n<div style=\"margin:0;font-size:13.5px;line-height:1.55;color:#4a4a4a;\">Le Meeting de Paris (28 juin) lance la saison estivale, avant les Championnats d&rsquo;Europe \u00e0 Birmingham du 10 au 16 ao\u00fbt.<\/div>\n<\/article>\n<\/div>\n<h2>Football&#8201;: le Mondial nord-am\u00e9ricain en ouverture<\/h2>\n<p>C&rsquo;est l&rsquo;\u00e9v\u00e9nement qui ouvre et structure tout l&rsquo;\u00e9t\u00e9. La Coupe du Monde 2026 se d\u00e9roule du 11 juin au 19 juillet, organis\u00e9e conjointement par les \u00c9tats-Unis, le Canada et le Mexique. Le coup d&rsquo;envoi est donn\u00e9 le jeudi 11 juin au stade Azt\u00e8que de Mexico, avec une premi\u00e8re affiche opposant le Mexique \u00e0 l&rsquo;Afrique du Sud. La finale se jouera le 19 juillet au MetLife Stadium, dans la banlieue de New York.<\/p>\n<p>Cette \u00e9dition est historique \u00e0 plus d&rsquo;un titre&#8201;: elle est la premi\u00e8re \u00e0 r\u00e9unir 48 \u00e9quipes (contre 32 auparavant), r\u00e9parties en 12 groupes. Les deux premiers de chaque poule, plus les huit meilleurs troisi\u00e8mes, se qualifient pour les huiti\u00e8mes de finale. Le tournoi gagne ainsi en matchs et en dur\u00e9e. Nous consacrons un dossier complet au format, aux groupes et aux favoris&#8201;; cet agenda se limite \u00e0 en situer les bornes dans le calendrier de l&rsquo;\u00e9t\u00e9.<\/p>\n<p>Concr\u00e8tement, ce Mondial \u00e9largi occupera l&rsquo;essentiel de l&rsquo;attention m\u00e9diatique pendant pr\u00e8s de six semaines. La phase de groupes s&rsquo;\u00e9tire sur la premi\u00e8re quinzaine, suivie d&rsquo;une phase finale qui monte en intensit\u00e9 jusqu&rsquo;\u00e0 la mi-juillet. Pour le t\u00e9l\u00e9spectateur fran\u00e7ais, l&rsquo;enjeu logistique sera de composer avec le d\u00e9calage horaire&#8201;: les rencontres disput\u00e9es sur la c\u00f4te ouest am\u00e9ricaine ou au Mexique se joueront souvent en pleine soir\u00e9e, voire en d\u00e9but de nuit, en heure de Paris. Mieux vaut donc rep\u00e9rer \u00e0 l&rsquo;avance les affiches \u00e0 ne pas manquer.<\/p>\n<aside style=\"background:#E7F3EC;border-left:4px solid #15803D;padding:14px 18px;margin:18px 0;border-radius:0 4px 4px 0;font-family:-apple-system,BlinkMacSystemFont,'Segoe UI',Roboto,sans-serif;\">\n  <strong style=\"display:inline-block;color:#0f5c2c;font-size:12px;text-transform:uppercase;letter-spacing:1.5px;margin-right:8px;\">&#10022; Astuce<\/strong><br \/>\n  <span style=\"font-size:14.5px;line-height:1.55;color:#3a3a3a;\">Le Mondial s&rsquo;\u00e9tend sur trois fuseaux horaires nord-am\u00e9ricains&#8201;: pr\u00e9voyez des matchs en soir\u00e9e et en nuit pour le public fran\u00e7ais.<\/span><br \/>\n<\/aside>\n<h2>Tennis&#8201;: le gazon, puis Wimbledon<\/h2>\n<p>Apr\u00e8s Roland-Garros, qui s&rsquo;est tenu du 24 mai au 7 juin sur la terre battue parisienne, le tennis bascule sur gazon. La saison sur herbe culmine avec Wimbledon, du 29 juin au 12 juillet 2026. Le plus ancien des tournois du Grand Chelem reste un sommet de l&rsquo;\u00e9t\u00e9 sportif, avec ses traditions immuables et son court central. C&rsquo;est aussi le dernier des quatre Majeurs de la premi\u00e8re moiti\u00e9 de saison avant la tourn\u00e9e nord-am\u00e9ricaine et l&rsquo;US Open de fin d&rsquo;\u00e9t\u00e9.<\/p>\n<p>La transition entre la terre battue et le gazon est l&rsquo;une des plus rudes du calendrier&#8201;: les joueurs disposent de quelques semaines \u00e0 peine pour s&rsquo;adapter \u00e0 une surface plus rapide et \u00e0 des rebonds plus bas. Wimbledon en tire toute sa singularit\u00e9. Pour les amateurs, ces deux semaines de tennis londonien chevauchent en partie le Mondial et le Tour de France&#8201;: l&rsquo;\u00e9t\u00e9 2026 imposera donc, \u00e0 plusieurs reprises, de jongler entre plusieurs \u00e9crans le m\u00eame jour.<\/p>\n<figure style=\"margin:38px auto;padding:28px 24px;text-align:center;border-top:1px solid #2a2a2a;border-bottom:1px solid #2a2a2a;max-width:640px;position:relative;font-family:Georgia,'Hoefler Text',serif;\">\n<div style=\"position:absolute;top:-20px;left:50%;transform:translateX(-50%);background:#ffffff;padding:0 14px;font-size:48px;line-height:1;color:#15803D;font-family:Georgia,serif;\">&laquo;<\/div>\n<blockquote style=\"margin:0;padding:0;font-size:24px;line-height:1.45;font-style:italic;color:#1a1a1a;letter-spacing:-0.005em;\"><p>\n    Trois Grands Chelems en moins de deux mois, un Mondial et deux Grands Tours&#8201;: rarement un \u00e9t\u00e9 aura concentr\u00e9 autant de rendez-vous majeurs.<br \/>\n  <\/blockquote><figcaption style=\"margin-top:14px;font-size:12px;text-transform:uppercase;letter-spacing:2px;color:#6a6a6a;font-family:-apple-system,sans-serif;font-style:normal;\">&mdash; La r\u00e9daction de Sport-Index<\/figcaption><\/figure>\n<h2>Cyclisme&#8201;: deux Grands Tours et un d\u00e9part in\u00e9dit<\/h2>\n<p>Le cyclisme offre l&rsquo;un des plus beaux feuilletons de l&rsquo;\u00e9t\u00e9. Le Tour de France 2026, 113e \u00e9dition, s&rsquo;\u00e9lance pour la premi\u00e8re fois de son histoire de Barcelone, le samedi 4 juillet, avec un contre-la-montre par \u00e9quipes de 19 kilom\u00e8tres. L&rsquo;\u00e9preuve traverse cinq massifs (Pyr\u00e9n\u00e9es, Massif central, Vosges, Jura, Alpes) sur 3&#8201;333 km et 21 \u00e9tapes, avant une arriv\u00e9e le dimanche 26 juillet \u00e0 Paris. La derni\u00e8re \u00e9tape passe de nouveau par la butte Montmartre, gravie \u00e0 trois reprises via la rue Lepic, avant le final traditionnel sur les Champs-\u00c9lys\u00e9es.<\/p>\n<p>Dans la foul\u00e9e, le Tour de France Femmes prend le relais du 1er au 9 ao\u00fbt, avec un Grand D\u00e9part donn\u00e9 en Suisse. Neuf \u00e9tapes pour 1&#8201;175 km&#8201;: la course continue de monter en puissance et s&rsquo;impose comme l&rsquo;un des temps forts de la fin de l&rsquo;\u00e9t\u00e9 cycliste.<\/p>\n<div style=\"display:grid;grid-template-columns:repeat(auto-fit,minmax(260px,1fr));gap:14px;margin:28px 0;font-family:-apple-system,BlinkMacSystemFont,'Segoe UI',Roboto,sans-serif;\">\n<div style=\"background:#E7F3EC;border:1px solid #c4dfcd;border-radius:6px;padding:20px 22px;\">\n<div style=\"display:flex;align-items:center;gap:10px;margin-bottom:14px;padding-bottom:10px;border-bottom:1px solid #c4dfcd;\">\n      <span style=\"width:32px;height:32px;background:#15803D;color:#fff;border-radius:50%;display:inline-flex;align-items:center;justify-content:center;font-size:16px;font-weight:700;\">H<\/span><\/p>\n<h3 style=\"margin:0;font-size:16px;font-weight:700;color:#0f5c2c;letter-spacing:-0.01em;\">Tour de France hommes<\/h3>\n<\/p><\/div>\n<ul style=\"margin:0;padding-left:18px;font-size:14px;line-height:1.7;color:#3a3a3a;\">\n<li>Du 4 au 26 juillet, 21 \u00e9tapes<\/li>\n<li>Grand D\u00e9part in\u00e9dit de Barcelone<\/li>\n<li>3&#8201;333 km, cinq massifs, double passage \u00e0 l&rsquo;Alpe d&rsquo;Huez<\/li>\n<li>Final par Montmartre puis les Champs-\u00c9lys\u00e9es<\/li>\n<\/ul><\/div>\n<div style=\"background:#E7F3EC;border:1px solid #c4dfcd;border-radius:6px;padding:20px 22px;\">\n<div style=\"display:flex;align-items:center;gap:10px;margin-bottom:14px;padding-bottom:10px;border-bottom:1px solid #c4dfcd;\">\n      <span style=\"width:32px;height:32px;background:#15803D;color:#fff;border-radius:50%;display:inline-flex;align-items:center;justify-content:center;font-size:16px;font-weight:700;\">F<\/span><\/p>\n<h3 style=\"margin:0;font-size:16px;font-weight:700;color:#0f5c2c;letter-spacing:-0.01em;\">Tour de France Femmes<\/h3>\n<\/p><\/div>\n<ul style=\"margin:0;padding-left:18px;font-size:14px;line-height:1.7;color:#3a3a3a;\">\n<li>Du 1er au 9 ao\u00fbt, 9 \u00e9tapes<\/li>\n<li>Grand D\u00e9part en Suisse<\/li>\n<li>1&#8201;175 km de parcours<\/li>\n<li>Une mont\u00e9e en notori\u00e9t\u00e9 confirm\u00e9e<\/li>\n<\/ul><\/div>\n<\/div>\n<aside style=\"background:#fff7e0;border-left:4px solid #d4a017;padding:14px 18px;margin:18px 0;border-radius:0 4px 4px 0;font-family:-apple-system,BlinkMacSystemFont,'Segoe UI',Roboto,sans-serif;\">\n  <strong style=\"display:inline-block;color:#7a5e00;font-size:12px;text-transform:uppercase;letter-spacing:1.5px;margin-right:8px;\">&#128161; Bon \u00e0 savoir<\/strong><br \/>\n  <span style=\"font-size:14.5px;line-height:1.55;color:#3a3a3a;\">Le Tour 2026 compte deux journ\u00e9es de repos et un d\u00e9nivel\u00e9 cumul\u00e9 d&rsquo;environ 54&#8201;540 m\u00e8tres&#8201;: un parcours taill\u00e9 pour les grimpeurs.<\/span><br \/>\n<\/aside>\n<h2>Athl\u00e9tisme et autres rendez-vous<\/h2>\n<p>L&rsquo;athl\u00e9tisme rythme aussi l&rsquo;\u00e9t\u00e9 gr\u00e2ce \u00e0 la Ligue de diamant, dont la saison s&rsquo;\u00e9tire de mai \u00e0 septembre. Le Meeting de Paris se tient le dimanche 28 juin au stade Charl\u00e9ty, l&rsquo;une des \u00e9tapes fran\u00e7aises les plus attendues du circuit. Le grand objectif de la saison reste les Championnats d&rsquo;Europe, organis\u00e9s \u00e0 Birmingham du 10 au 16 ao\u00fbt, o\u00f9 les meilleurs athl\u00e8tes du continent s&rsquo;affronteront.<\/p>\n<p>Le golf n&rsquo;est pas en reste&#8201;: The Open Championship, le plus ancien des Majeurs, se dispute du 16 au 19 juillet sur le links de Royal Birkdale, \u00e0 Southport, en Angleterre. De quoi compl\u00e9ter un \u00e9t\u00e9 o\u00f9 chaque discipline trouve sa fen\u00eatre.<\/p>\n<figure style=\"margin:32px 0;padding:0;font-family:-apple-system,BlinkMacSystemFont,'Segoe UI',Roboto,sans-serif;\">\n<div style=\"display:grid;grid-template-columns:repeat(auto-fit,minmax(140px,1fr));background:#15803D;border-radius:6px;overflow:hidden;\">\n<div style=\"padding:22px 16px;text-align:center;border-right:1px solid #1f9c4c;\">\n<div style=\"font-size:36px;font-weight:900;color:#fff;letter-spacing:-0.04em;font-feature-settings:'tnum';line-height:1;\">48<\/div>\n<div style=\"font-size:11px;text-transform:uppercase;letter-spacing:1.5px;color:#d6efe0;margin-top:8px;\">nations au Mondial<\/div>\n<\/p><\/div>\n<div style=\"padding:22px 16px;text-align:center;border-right:1px solid #1f9c4c;\">\n<div style=\"font-size:36px;font-weight:900;color:#fff;letter-spacing:-0.04em;font-feature-settings:'tnum';line-height:1;\">21<\/div>\n<div style=\"font-size:11px;text-transform:uppercase;letter-spacing:1.5px;color:#d6efe0;margin-top:8px;\">\u00e9tapes du Tour<\/div>\n<\/p><\/div>\n<div style=\"padding:22px 16px;text-align:center;\">\n<div style=\"font-size:36px;font-weight:900;color:#fff;letter-spacing:-0.04em;font-feature-settings:'tnum';line-height:1;\">7<\/div>\n<div style=\"font-size:11px;text-transform:uppercase;letter-spacing:1.5px;color:#d6efe0;margin-top:8px;\">grands rendez-vous<\/div>\n<\/p><\/div>\n<\/p><\/div><figcaption style=\"font-size:11px;color:#7a7a7a;margin-top:8px;text-align:right;letter-spacing:0.3px;\">Chiffres-cl\u00e9s de l&rsquo;\u00e9t\u00e9 sportif 2026.<\/figcaption><\/figure>\n<section style=\"margin:32px 0;font-family:-apple-system,BlinkMacSystemFont,'Segoe UI',Roboto,sans-serif;\">\n<h2 style=\"margin:0 0 18px 0;font-size:22px;font-weight:800;color:#1a1a1a;letter-spacing:-0.01em;\">Questions fr\u00e9quentes<\/h2>\n<div style=\"border-top:1px solid #d4cfc4;\">\n<details style=\"border-bottom:1px solid #d4cfc4;padding:0;\">\n<summary style=\"cursor:pointer;padding:16px 0;font-size:17px;font-weight:700;color:#1a1a1a;list-style:none;display:flex;justify-content:space-between;align-items:center;gap:14px;\">\n        <span>Quand a lieu la Coupe du Monde de football 2026&#8201;?<\/span><br \/>\n        <span style=\"font-size:22px;font-weight:300;color:#15803D;line-height:1;\">+<\/span><br \/>\n      <\/summary>\n<div style=\"padding:0 0 16px 0;font-size:15px;line-height:1.7;color:#4a4a4a;\">Du 11 juin au 19 juillet 2026. Le tournoi est organis\u00e9 par les \u00c9tats-Unis, le Canada et le Mexique. Le match d&rsquo;ouverture se joue le 11 juin au stade Azt\u00e8que de Mexico et la finale le 19 juillet au MetLife Stadium, pr\u00e8s de New York.<\/div>\n<\/details>\n<details style=\"border-bottom:1px solid #d4cfc4;padding:0;\">\n<summary style=\"cursor:pointer;padding:16px 0;font-size:17px;font-weight:700;color:#1a1a1a;list-style:none;display:flex;justify-content:space-between;align-items:center;gap:14px;\">\n        <span>D&rsquo;o\u00f9 part le Tour de France 2026&#8201;?<\/span><br \/>\n        <span style=\"font-size:22px;font-weight:300;color:#15803D;line-height:1;\">+<\/span><br \/>\n      <\/summary>\n<div style=\"padding:0 0 16px 0;font-size:15px;line-height:1.7;color:#4a4a4a;\">Le Grand D\u00e9part est donn\u00e9 de Barcelone, le 4 juillet 2026, avec un contre-la-montre par \u00e9quipes&#8201;: c&rsquo;est la premi\u00e8re fois que la ville catalane accueille le d\u00e9part de la Grande Boucle. L&rsquo;arriv\u00e9e a lieu le 26 juillet \u00e0 Paris, via Montmartre et les Champs-\u00c9lys\u00e9es.<\/div>\n<\/details>\n<details style=\"border-bottom:1px solid #d4cfc4;padding:0;\">\n<summary style=\"cursor:pointer;padding:16px 0;font-size:17px;font-weight:700;color:#1a1a1a;list-style:none;display:flex;justify-content:space-between;align-items:center;gap:14px;\">\n        <span>Quelles sont les dates de Wimbledon 2026&#8201;?<\/span><br \/>\n        <span style=\"font-size:22px;font-weight:300;color:#15803D;line-height:1;\">+<\/span><br \/>\n      <\/summary>\n<div style=\"padding:0 0 16px 0;font-size:15px;line-height:1.7;color:#4a4a4a;\">Wimbledon se d\u00e9roule du 29 juin au 12 juillet 2026 \u00e0 Londres. C&rsquo;est le dernier tournoi du Grand Chelem de la premi\u00e8re moiti\u00e9 de saison, disput\u00e9 sur gazon.<\/div>\n<\/details>\n<details style=\"border-bottom:1px solid #d4cfc4;padding:0;\">\n<summary style=\"cursor:pointer;padding:16px 0;font-size:17px;font-weight:700;color:#1a1a1a;list-style:none;display:flex;justify-content:space-between;align-items:center;gap:14px;\">\n        <span>Y a-t-il un Tour de France Femmes cet \u00e9t\u00e9&#8201;?<\/span><br \/>\n        <span style=\"font-size:22px;font-weight:300;color:#15803D;line-height:1;\">+<\/span><br \/>\n      <\/summary>\n<div style=\"padding:0 0 16px 0;font-size:15px;line-height:1.7;color:#4a4a4a;\">Oui. Le Tour de France Femmes se tient du 1er au 9 ao\u00fbt 2026, avec un Grand D\u00e9part en Suisse et neuf \u00e9tapes pour environ 1&#8201;175 km.<\/div>\n<\/details>\n<details style=\"padding:0;\">\n<summary style=\"cursor:pointer;padding:16px 0;font-size:17px;font-weight:700;color:#1a1a1a;list-style:none;display:flex;justify-content:space-between;align-items:center;gap:14px;\">\n        <span>Quels rendez-vous d&rsquo;athl\u00e9tisme suivre cet \u00e9t\u00e9&#8201;?<\/span><br \/>\n        <span style=\"font-size:22px;font-weight:300;color:#15803D;line-height:1;\">+<\/span><br \/>\n      <\/summary>\n<div style=\"padding:0 0 16px 0;font-size:15px;line-height:1.7;color:#4a4a4a;\">Deux temps forts&#8201;: le Meeting de Paris de la Ligue de diamant, le 28 juin au stade Charl\u00e9ty, et les Championnats d&rsquo;Europe d&rsquo;athl\u00e9tisme \u00e0 Birmingham, du 10 au 16 ao\u00fbt 2026.<\/div>\n<\/details><\/div>\n<\/section>\n<p>De juin \u00e0 ao\u00fbt, l&rsquo;\u00e9t\u00e9 2026 ne laissera pas une semaine de r\u00e9pit aux passionn\u00e9s. Entre le Mondial qui rythme tout le mois de juin et la premi\u00e8re moiti\u00e9 de juillet, les deux Tours de France, Wimbledon et les rendez-vous de l&rsquo;athl\u00e9tisme, le calendrier est exceptionnellement dense. Gardez cet agenda sous la main&#8201;: nous le mettrons \u00e0 jour au fil des annonces officielles.<\/p>\n<p style=\"font-size:13px;color:#6a6a6a;margin-top:32px;\">Sources : organisateurs et presse sportive. Article mis \u00e0 jour r\u00e9guli\u00e8rement.<\/p>\n","protected":false},"excerpt":{"rendered":"","protected":false},"author":43,"featured_media":18157,"comment_status":"open","ping_status":"open","sticky":false,"template":"","format":"standard","meta":{"_acf_changed":false,"manual_indexmenow":false,"indexmenow_id_project":0,"footnotes":""},"categories":[4520],"tags":[],"class_list":["post-18143","post","type-post","status-publish","format-standard","has-post-thumbnail","hentry","category-actualites-sportives","generate-columns","tablet-grid-50","mobile-grid-100","grid-parent","grid-25"],"acf":[],"yoast_head":"<!-- This site is optimized with the Yoast SEO Premium plugin v21.3 (Yoast SEO v26.5) - https:\/\/yoast.com\/wordpress\/plugins\/seo\/ -->\n<title>L&#039;agenda de l&#039;\u00e9t\u00e9 sportif 2026 : les grands rendez-vous<\/title>\n<meta name=\"description\" content=\"L&#039;\u00e9t\u00e9 2026 sera l&#039;un des plus denses de la d\u00e9cennie pour le sport. Entre la premi\u00e8re Coupe du Monde de football \u00e0 48 \u00e9quipes (11 juin - 19 juillet), un\u2026\" \/>\n<meta name=\"robots\" content=\"index, follow, max-snippet:-1, max-image-preview:large, max-video-preview:-1\" \/>\n<link rel=\"canonical\" href=\"https:\/\/sport-index.fr\/blog\/actualites-sportives\/l-agenda-de-l-ete-sportif-2026-les-grands-rendez-vous-a-ne-pas-manquer\/\" \/>\n<meta property=\"og:locale\" content=\"fr_FR\" \/>\n<meta property=\"og:type\" content=\"article\" \/>\n<meta property=\"og:title\" content=\"L&#039;agenda de l&#039;\u00e9t\u00e9 sportif 2026 : les grands rendez-vous\" \/>\n<meta property=\"og:description\" content=\"L&#039;\u00e9t\u00e9 2026 sera l&#039;un des plus denses de la d\u00e9cennie pour le sport. Entre la premi\u00e8re Coupe du Monde de football \u00e0 48 \u00e9quipes (11 juin - 19 juillet), un\u2026\" \/>\n<meta property=\"og:url\" content=\"https:\/\/sport-index.fr\/blog\/actualites-sportives\/l-agenda-de-l-ete-sportif-2026-les-grands-rendez-vous-a-ne-pas-manquer\/\" \/>\n<meta property=\"og:site_name\" content=\"sport-index\" \/>\n<meta name=\"author\" content=\"Marc Dubois\" \/>\n<meta name=\"twitter:card\" content=\"summary_large_image\" \/>\n<script type=\"application\/ld+json\" class=\"yoast-schema-graph\">{\"@context\":\"https:\/\/schema.org\",\"@graph\":[{\"@type\":\"NewsArticle\",\"@id\":\"https:\/\/sport-index.fr\/blog\/actualites-sportives\/l-agenda-de-l-ete-sportif-2026-les-grands-rendez-vous-a-ne-pas-manquer\/#article\",\"isPartOf\":{\"@id\":\"https:\/\/sport-index.fr\/blog\/actualites-sportives\/l-agenda-de-l-ete-sportif-2026-les-grands-rendez-vous-a-ne-pas-manquer\/\"},\"author\":{\"name\":\"Marc Dubois\",\"@id\":\"https:\/\/sport-index.fr\/blog\/#\/schema\/person\/7832f0c7fa157794f1f7661b0d558c1d\"},\"headline\":\"L&rsquo;agenda de l&rsquo;\u00e9t\u00e9 sportif 2026 : les grands rendez-vous \u00e0 ne pas manquer\",\"datePublished\":\"2026-06-06T18:16:57+00:00\",\"mainEntityOfPage\":{\"@id\":\"https:\/\/sport-index.fr\/blog\/actualites-sportives\/l-agenda-de-l-ete-sportif-2026-les-grands-rendez-vous-a-ne-pas-manquer\/\"},\"wordCount\":1668,\"commentCount\":0,\"publisher\":{\"@id\":\"https:\/\/sport-index.fr\/blog\/#organization\"},\"image\":{\"@id\":\"https:\/\/sport-index.fr\/blog\/actualites-sportives\/l-agenda-de-l-ete-sportif-2026-les-grands-rendez-vous-a-ne-pas-manquer\/#primaryimage\"},\"thumbnailUrl\":\"https:\/\/sport-index.fr\/blog\/wp-content\/uploads\/2026\/06\/sdxl-c392ac39054b383d871321f0c2f613a0-scaled.png\",\"articleSection\":[\"Actualit\u00e9s Sportives\"],\"inLanguage\":\"fr-FR\",\"potentialAction\":[{\"@type\":\"CommentAction\",\"name\":\"Comment\",\"target\":[\"https:\/\/sport-index.fr\/blog\/actualites-sportives\/l-agenda-de-l-ete-sportif-2026-les-grands-rendez-vous-a-ne-pas-manquer\/#respond\"]}]},{\"@type\":\"WebPage\",\"@id\":\"https:\/\/sport-index.fr\/blog\/actualites-sportives\/l-agenda-de-l-ete-sportif-2026-les-grands-rendez-vous-a-ne-pas-manquer\/\",\"url\":\"https:\/\/sport-index.fr\/blog\/actualites-sportives\/l-agenda-de-l-ete-sportif-2026-les-grands-rendez-vous-a-ne-pas-manquer\/\",\"name\":\"L'agenda de l'\u00e9t\u00e9 sportif 2026 : les grands rendez-vous\",\"isPartOf\":{\"@id\":\"https:\/\/sport-index.fr\/blog\/#website\"},\"primaryImageOfPage\":{\"@id\":\"https:\/\/sport-index.fr\/blog\/actualites-sportives\/l-agenda-de-l-ete-sportif-2026-les-grands-rendez-vous-a-ne-pas-manquer\/#primaryimage\"},\"image\":{\"@id\":\"https:\/\/sport-index.fr\/blog\/actualites-sportives\/l-agenda-de-l-ete-sportif-2026-les-grands-rendez-vous-a-ne-pas-manquer\/#primaryimage\"},\"thumbnailUrl\":\"https:\/\/sport-index.fr\/blog\/wp-content\/uploads\/2026\/06\/sdxl-c392ac39054b383d871321f0c2f613a0-scaled.png\",\"datePublished\":\"2026-06-06T18:16:57+00:00\",\"description\":\"L'\u00e9t\u00e9 2026 sera l'un des plus denses de la d\u00e9cennie pour le sport. Entre la premi\u00e8re Coupe du Monde de football \u00e0 48 \u00e9quipes (11 juin - 19 juillet), un\u2026\",\"inLanguage\":\"fr-FR\",\"potentialAction\":[{\"@type\":\"ReadAction\",\"target\":[\"https:\/\/sport-index.fr\/blog\/actualites-sportives\/l-agenda-de-l-ete-sportif-2026-les-grands-rendez-vous-a-ne-pas-manquer\/\"]}]},{\"@type\":\"ImageObject\",\"inLanguage\":\"fr-FR\",\"@id\":\"https:\/\/sport-index.fr\/blog\/actualites-sportives\/l-agenda-de-l-ete-sportif-2026-les-grands-rendez-vous-a-ne-pas-manquer\/#primaryimage\",\"url\":\"https:\/\/sport-index.fr\/blog\/wp-content\/uploads\/2026\/06\/sdxl-c392ac39054b383d871321f0c2f613a0-scaled.png\",\"contentUrl\":\"https:\/\/sport-index.fr\/blog\/wp-content\/uploads\/2026\/06\/sdxl-c392ac39054b383d871321f0c2f613a0-scaled.png\",\"width\":1200,\"height\":500},{\"@type\":\"WebSite\",\"@id\":\"https:\/\/sport-index.fr\/blog\/#website\",\"url\":\"https:\/\/sport-index.fr\/blog\/\",\"name\":\"sport-index.fr\",\"description\":\"Le score de l\u2019analyse sportive.\",\"publisher\":{\"@id\":\"https:\/\/sport-index.fr\/blog\/#organization\"},\"alternateName\":\"Le score de l\u2019analyse sportive.\",\"potentialAction\":[{\"@type\":\"SearchAction\",\"target\":{\"@type\":\"EntryPoint\",\"urlTemplate\":\"https:\/\/sport-index.fr\/blog\/?s={search_term_string}\"},\"query-input\":{\"@type\":\"PropertyValueSpecification\",\"valueRequired\":true,\"valueName\":\"search_term_string\"}}],\"inLanguage\":\"fr-FR\"},{\"@type\":\"Organization\",\"@id\":\"https:\/\/sport-index.fr\/blog\/#organization\",\"name\":\"Foretsensations.fr\",\"url\":\"https:\/\/sport-index.fr\/blog\/\",\"logo\":{\"@type\":\"ImageObject\",\"inLanguage\":\"fr-FR\",\"@id\":\"https:\/\/sport-index.fr\/blog\/#\/schema\/logo\/image\/\",\"url\":\"https:\/\/sport-index.fr\/blog\/wp-content\/uploads\/2026\/07\/logo-auto.png\",\"contentUrl\":\"https:\/\/sport-index.fr\/blog\/wp-content\/uploads\/2026\/07\/logo-auto.png\",\"width\":1024,\"height\":1024,\"caption\":\"Foretsensations.fr\"},\"image\":{\"@id\":\"https:\/\/sport-index.fr\/blog\/#\/schema\/logo\/image\/\"}},{\"@type\":\"Person\",\"@id\":\"https:\/\/sport-index.fr\/blog\/#\/schema\/person\/7832f0c7fa157794f1f7661b0d558c1d\",\"name\":\"Marc Dubois\",\"image\":{\"@type\":\"ImageObject\",\"inLanguage\":\"fr-FR\",\"@id\":\"https:\/\/sport-index.fr\/blog\/#\/schema\/person\/image\/\",\"url\":\"https:\/\/secure.gravatar.com\/avatar\/?s=96&d=mm&r=g\",\"contentUrl\":\"https:\/\/secure.gravatar.com\/avatar\/?s=96&d=mm&r=g\",\"caption\":\"Marc Dubois\"},\"description\":\"Ancien athl\u00e8te professionnel devenu coach en mentalit\u00e9 sportive. Marc offre des insights sur la psychologie du sport, la gestion du stress en comp\u00e9tition, et les techniques pour renforcer la r\u00e9silience mentale des sportifs.\",\"url\":\"https:\/\/sport-index.fr\/blog\/auteur\/marc-dubois\/\"}]}<\/script>\n<!-- \/ Yoast SEO Premium plugin. -->","yoast_head_json":{"title":"L'agenda de l'\u00e9t\u00e9 sportif 2026 : les grands rendez-vous","description":"L'\u00e9t\u00e9 2026 sera l'un des plus denses de la d\u00e9cennie pour le sport. Entre la premi\u00e8re Coupe du Monde de football \u00e0 48 \u00e9quipes (11 juin - 19 juillet), un\u2026","robots":{"index":"index","follow":"follow","max-snippet":"max-snippet:-1","max-image-preview":"max-image-preview:large","max-video-preview":"max-video-preview:-1"},"canonical":"https:\/\/sport-index.fr\/blog\/actualites-sportives\/l-agenda-de-l-ete-sportif-2026-les-grands-rendez-vous-a-ne-pas-manquer\/","og_locale":"fr_FR","og_type":"article","og_title":"L'agenda de l'\u00e9t\u00e9 sportif 2026 : les grands rendez-vous","og_description":"L'\u00e9t\u00e9 2026 sera l'un des plus denses de la d\u00e9cennie pour le sport. Entre la premi\u00e8re Coupe du Monde de football \u00e0 48 \u00e9quipes (11 juin - 19 juillet), un\u2026","og_url":"https:\/\/sport-index.fr\/blog\/actualites-sportives\/l-agenda-de-l-ete-sportif-2026-les-grands-rendez-vous-a-ne-pas-manquer\/","og_site_name":"sport-index","author":"Marc Dubois","twitter_card":"summary_large_image","schema":{"@context":"https:\/\/schema.org","@graph":[{"@type":"NewsArticle","@id":"https:\/\/sport-index.fr\/blog\/actualites-sportives\/l-agenda-de-l-ete-sportif-2026-les-grands-rendez-vous-a-ne-pas-manquer\/#article","isPartOf":{"@id":"https:\/\/sport-index.fr\/blog\/actualites-sportives\/l-agenda-de-l-ete-sportif-2026-les-grands-rendez-vous-a-ne-pas-manquer\/"},"author":{"name":"Marc Dubois","@id":"https:\/\/sport-index.fr\/blog\/#\/schema\/person\/7832f0c7fa157794f1f7661b0d558c1d"},"headline":"L&rsquo;agenda de l&rsquo;\u00e9t\u00e9 sportif 2026 : les grands rendez-vous \u00e0 ne pas manquer","datePublished":"2026-06-06T18:16:57+00:00","mainEntityOfPage":{"@id":"https:\/\/sport-index.fr\/blog\/actualites-sportives\/l-agenda-de-l-ete-sportif-2026-les-grands-rendez-vous-a-ne-pas-manquer\/"},"wordCount":1668,"commentCount":0,"publisher":{"@id":"https:\/\/sport-index.fr\/blog\/#organization"},"image":{"@id":"https:\/\/sport-index.fr\/blog\/actualites-sportives\/l-agenda-de-l-ete-sportif-2026-les-grands-rendez-vous-a-ne-pas-manquer\/#primaryimage"},"thumbnailUrl":"https:\/\/sport-index.fr\/blog\/wp-content\/uploads\/2026\/06\/sdxl-c392ac39054b383d871321f0c2f613a0-scaled.png","articleSection":["Actualit\u00e9s Sportives"],"inLanguage":"fr-FR","potentialAction":[{"@type":"CommentAction","name":"Comment","target":["https:\/\/sport-index.fr\/blog\/actualites-sportives\/l-agenda-de-l-ete-sportif-2026-les-grands-rendez-vous-a-ne-pas-manquer\/#respond"]}]},{"@type":"WebPage","@id":"https:\/\/sport-index.fr\/blog\/actualites-sportives\/l-agenda-de-l-ete-sportif-2026-les-grands-rendez-vous-a-ne-pas-manquer\/","url":"https:\/\/sport-index.fr\/blog\/actualites-sportives\/l-agenda-de-l-ete-sportif-2026-les-grands-rendez-vous-a-ne-pas-manquer\/","name":"L'agenda de l'\u00e9t\u00e9 sportif 2026 : les grands rendez-vous","isPartOf":{"@id":"https:\/\/sport-index.fr\/blog\/#website"},"primaryImageOfPage":{"@id":"https:\/\/sport-index.fr\/blog\/actualites-sportives\/l-agenda-de-l-ete-sportif-2026-les-grands-rendez-vous-a-ne-pas-manquer\/#primaryimage"},"image":{"@id":"https:\/\/sport-index.fr\/blog\/actualites-sportives\/l-agenda-de-l-ete-sportif-2026-les-grands-rendez-vous-a-ne-pas-manquer\/#primaryimage"},"thumbnailUrl":"https:\/\/sport-index.fr\/blog\/wp-content\/uploads\/2026\/06\/sdxl-c392ac39054b383d871321f0c2f613a0-scaled.png","datePublished":"2026-06-06T18:16:57+00:00","description":"L'\u00e9t\u00e9 2026 sera l'un des plus denses de la d\u00e9cennie pour le sport. Entre la premi\u00e8re Coupe du Monde de football \u00e0 48 \u00e9quipes (11 juin - 19 juillet), un\u2026","inLanguage":"fr-FR","potentialAction":[{"@type":"ReadAction","target":["https:\/\/sport-index.fr\/blog\/actualites-sportives\/l-agenda-de-l-ete-sportif-2026-les-grands-rendez-vous-a-ne-pas-manquer\/"]}]},{"@type":"ImageObject","inLanguage":"fr-FR","@id":"https:\/\/sport-index.fr\/blog\/actualites-sportives\/l-agenda-de-l-ete-sportif-2026-les-grands-rendez-vous-a-ne-pas-manquer\/#primaryimage","url":"https:\/\/sport-index.fr\/blog\/wp-content\/uploads\/2026\/06\/sdxl-c392ac39054b383d871321f0c2f613a0-scaled.png","contentUrl":"https:\/\/sport-index.fr\/blog\/wp-content\/uploads\/2026\/06\/sdxl-c392ac39054b383d871321f0c2f613a0-scaled.png","width":1200,"height":500},{"@type":"WebSite","@id":"https:\/\/sport-index.fr\/blog\/#website","url":"https:\/\/sport-index.fr\/blog\/","name":"sport-index.fr","description":"Le score de l\u2019analyse sportive.","publisher":{"@id":"https:\/\/sport-index.fr\/blog\/#organization"},"alternateName":"Le score de l\u2019analyse sportive.","potentialAction":[{"@type":"SearchAction","target":{"@type":"EntryPoint","urlTemplate":"https:\/\/sport-index.fr\/blog\/?s={search_term_string}"},"query-input":{"@type":"PropertyValueSpecification","valueRequired":true,"valueName":"search_term_string"}}],"inLanguage":"fr-FR"},{"@type":"Organization","@id":"https:\/\/sport-index.fr\/blog\/#organization","name":"Foretsensations.fr","url":"https:\/\/sport-index.fr\/blog\/","logo":{"@type":"ImageObject","inLanguage":"fr-FR","@id":"https:\/\/sport-index.fr\/blog\/#\/schema\/logo\/image\/","url":"https:\/\/sport-index.fr\/blog\/wp-content\/uploads\/2026\/07\/logo-auto.png","contentUrl":"https:\/\/sport-index.fr\/blog\/wp-content\/uploads\/2026\/07\/logo-auto.png","width":1024,"height":1024,"caption":"Foretsensations.fr"},"image":{"@id":"https:\/\/sport-index.fr\/blog\/#\/schema\/logo\/image\/"}},{"@type":"Person","@id":"https:\/\/sport-index.fr\/blog\/#\/schema\/person\/7832f0c7fa157794f1f7661b0d558c1d","name":"Marc Dubois","image":{"@type":"ImageObject","inLanguage":"fr-FR","@id":"https:\/\/sport-index.fr\/blog\/#\/schema\/person\/image\/","url":"https:\/\/secure.gravatar.com\/avatar\/?s=96&d=mm&r=g","contentUrl":"https:\/\/secure.gravatar.com\/avatar\/?s=96&d=mm&r=g","caption":"Marc Dubois"},"description":"Ancien athl\u00e8te professionnel devenu coach en mentalit\u00e9 sportive. Marc offre des insights sur la psychologie du sport, la gestion du stress en comp\u00e9tition, et les techniques pour renforcer la r\u00e9silience mentale des sportifs.","url":"https:\/\/sport-index.fr\/blog\/auteur\/marc-dubois\/"}]}},"_links":{"self":[{"href":"https:\/\/sport-index.fr\/blog\/wp-json\/wp\/v2\/posts\/18143","targetHints":{"allow":["GET"]}}],"collection":[{"href":"https:\/\/sport-index.fr\/blog\/wp-json\/wp\/v2\/posts"}],"about":[{"href":"https:\/\/sport-index.fr\/blog\/wp-json\/wp\/v2\/types\/post"}],"author":[{"embeddable":true,"href":"https:\/\/sport-index.fr\/blog\/wp-json\/wp\/v2\/users\/43"}],"replies":[{"embeddable":true,"href":"https:\/\/sport-index.fr\/blog\/wp-json\/wp\/v2\/comments?post=18143"}],"version-history":[{"count":0,"href":"https:\/\/sport-index.fr\/blog\/wp-json\/wp\/v2\/posts\/18143\/revisions"}],"wp:featuredmedia":[{"embeddable":true,"href":"https:\/\/sport-index.fr\/blog\/wp-json\/wp\/v2\/media\/18157"}],"wp:attachment":[{"href":"https:\/\/sport-index.fr\/blog\/wp-json\/wp\/v2\/media?parent=18143"}],"wp:term":[{"taxonomy":"category","embeddable":true,"href":"https:\/\/sport-index.fr\/blog\/wp-json\/wp\/v2\/categories?post=18143"},{"taxonomy":"post_tag","embeddable":true,"href":"https:\/\/sport-index.fr\/blog\/wp-json\/wp\/v2\/tags?post=18143"}],"curies":[{"name":"wp","href":"https:\/\/api.w.org\/{rel}","templated":true}]}}