{"id":18294,"date":"2026-07-26T06:59:55","date_gmt":"2026-07-26T04:59:55","guid":{"rendered":"https:\/\/sport-index.fr\/blog\/evenements-et-competitions\/tour-de-france-2026-heure-chaine-derniere-etape-paris\/"},"modified":"2026-07-26T20:34:15","modified_gmt":"2026-07-26T18:34:15","slug":"tour-de-france-2026-heure-chaine-derniere-etape-paris","status":"publish","type":"post","link":"https:\/\/sport-index.fr\/blog\/evenements-et-competitions\/tour-de-france-2026-heure-chaine-derniere-etape-paris\/","title":{"rendered":"Tour de France 2026 : Pogacar sacr\u00e9 pour la cinqui\u00e8me fois, Van der Poel s&rsquo;offre la derni\u00e8re \u00e9tape \u00e0 Paris"},"content":{"rendered":"<p><strong>Tadej Pogacar a remport\u00e9 ce dimanche 26 juillet son cinqui\u00e8me Tour de France, et Mathieu van der Poel s&rsquo;est offert la derni\u00e8re \u00e9tape sur les Champs-\u00c9lys\u00e9es, au terme d&rsquo;un final anim\u00e9 par trois mont\u00e9es de la Butte Montmartre.<\/strong> Le Slov\u00e8ne rejoint Jacques Anquetil, Eddy Merckx, Bernard Hinault et Miguel Indurain, seuls coureurs \u00e0 cinq victoires dans la Grande Boucle. Remco Evenepoel termine deuxi\u00e8me, Isaac Del Toro troisi\u00e8me, et Paul Seixas, 19 ans, quatri\u00e8me \u2014 meilleur Fran\u00e7ais de cette 113e \u00e9dition.<\/p>\n<div class=\"si-enbref\" style=\"background:#f5f7fa;border-left:4px solid #1a5fb4;padding:16px 20px;margin:20px 0;border-radius:8px;\">\n<p style=\"margin:0 0 8px;\"><strong>En bref<\/strong><\/p>\n<ul style=\"margin:0;\">\n<li><strong>\u00c9tape 21<\/strong> : victoire de Mathieu van der Poel (Alpecin-Premier Tech), 89 km dans Paris couverts en 1h58&rsquo;49\u00a0\u00bb, devant Jasper Philipsen et Mads Pedersen.<\/li>\n<li><strong>Classement g\u00e9n\u00e9ral<\/strong> : Pogacar sacr\u00e9 devant Evenepoel (+6&rsquo;26\u00a0\u00bb) et Del Toro (+9&rsquo;42\u00a0\u00bb) ; Paul Seixas 4e (+11&rsquo;56\u00a0\u00bb), Lenny Martinez 5e (+13&rsquo;02\u00a0\u00bb).<\/li>\n<li><strong>Maillots<\/strong> : vert pour Pedersen, \u00e0 pois pour Carapaz, blanc pour Del Toro ; Lidl-Trek meilleure \u00e9quipe.<\/li>\n<li><strong>Prime<\/strong> : 500 000 \u20ac pour le vainqueur, sur environ 2,3 millions d&rsquo;euros distribu\u00e9s au total.<\/li>\n<\/ul>\n<\/div>\n<h2>Van der Poel s&rsquo;offre Paris apr\u00e8s un final d\u00e9brid\u00e9<\/h2>\n<p>Ramen\u00e9e \u00e0 <strong>89 km enti\u00e8rement disput\u00e9s dans Paris<\/strong>, l&rsquo;\u00e9tape de cl\u00f4ture n&rsquo;a pas \u00e9t\u00e9 la parade tranquille que certains attendaient. Aux avant-postes avec Tadej Pogacar dans la troisi\u00e8me et derni\u00e8re ascension de la rue Lepic, \u00e0 Montmartre, <strong>Mathieu van der Poel<\/strong> a fait la diff\u00e9rence et s&rsquo;est impos\u00e9 sur les Champs-\u00c9lys\u00e9es en <strong>1h58&rsquo;49\u00a0\u00bb<\/strong>, devant Jasper Philipsen, son co\u00e9quipier chez Alpecin-Premier Tech, et Mads Pedersen, r\u00e9gl\u00e9s dans le m\u00eame temps. Wout van Aert, vainqueur spectaculaire \u00e0 Montmartre l&rsquo;an dernier \u2014 d&rsquo;o\u00f9 les nombreuses recherches \u00e0 son sujet ce dimanche \u2014, n&rsquo;a cette fois pas r\u00e9\u00e9dit\u00e9 son num\u00e9ro de 2025.<\/p>\n<table>\n<tr>\n<th>Verdict final<\/th>\n<th>R\u00e9sultat<\/th>\n<\/tr>\n<tr>\n<td>Vainqueur de l&rsquo;\u00e9tape 21<\/td>\n<td>Mathieu van der Poel (Alpecin-Premier Tech), 89 km en 1h58&rsquo;49\u00a0\u00bb<\/td>\n<\/tr>\n<tr>\n<td>Vainqueur du Tour 2026<\/td>\n<td>Tadej Pogacar (UAE Emirates-XRG), 5e sacre<\/td>\n<\/tr>\n<tr>\n<td>Podium final<\/td>\n<td>Evenepoel \u00e0 6&rsquo;26\u00a0\u00bb, Del Toro \u00e0 9&rsquo;42\u00a0\u00bb<\/td>\n<\/tr>\n<tr>\n<td>Maillot vert (points)<\/td>\n<td>Mads Pedersen (Lidl-Trek)<\/td>\n<\/tr>\n<tr>\n<td>Maillot \u00e0 pois (montagne)<\/td>\n<td>Richard Carapaz (EF Education-EasyPost), aussi super-combatif<\/td>\n<\/tr>\n<tr>\n<td>Maillot blanc (jeunes)<\/td>\n<td>Isaac Del Toro (UAE Emirates-XRG)<\/td>\n<\/tr>\n<tr>\n<td>Meilleure \u00e9quipe<\/td>\n<td>Lidl-Trek<\/td>\n<\/tr>\n<\/table>\n<h2>Le classement final : deux Fran\u00e7ais dans le top 5<\/h2>\n<p>Les \u00e9carts, fig\u00e9s avant cette derni\u00e8re \u00e9tape courue group\u00e9e, consacrent une hi\u00e9rarchie limpide : <strong>Remco Evenepoel<\/strong> (Red Bull-Bora-Hansgrohe) termine deuxi\u00e8me \u00e0 6&rsquo;26\u00a0\u00bb, <strong>Isaac Del Toro<\/strong> (UAE Emirates-XRG) troisi\u00e8me \u00e0 9&rsquo;42\u00a0\u00bb. La belle histoire fran\u00e7aise est sign\u00e9e <strong>Paul Seixas<\/strong> : \u00e0 19 ans, le grimpeur de Decathlon CMA CGM prend la 4e place \u00e0 11&rsquo;56\u00a0\u00bb, juste devant <strong>Lenny Martinez<\/strong> (Bahrain-Victorious), 5e \u00e0 13&rsquo;02\u00a0\u00bb. Avec Jordan Jegat (TotalEnergies), 10e, trois Fran\u00e7ais figurent dans le top 10 \u2014 une premi\u00e8re r\u00e9jouissante depuis des ann\u00e9es pour le cyclisme tricolore.<\/p>\n<h2>Pogacar dans le club des cinq<\/h2>\n<p>Sacr\u00e9 apr\u00e8s 2020, 2021, 2024 et 2025, Tadej Pogacar devient le <strong>cinqui\u00e8me membre du club des quintuples vainqueurs<\/strong> \u2014 et son plus jeune soci\u00e9taire, l\u00e0 o\u00f9 Anquetil, Hinault et Indurain avaient d\u00e9croch\u00e9 leur cinqui\u00e8me Tour \u00e0 la trentaine. Le Slov\u00e8ne a \u00e9cras\u00e9 cette \u00e9dition : son principal rival, le Danois <strong>Jonas Vingegaard, avait abandonn\u00e9 d\u00e8s la 15e \u00e9tape<\/strong>, le 21 juillet, apr\u00e8s une chute sur le plateau de Solaison alors qu&rsquo;il comptait d\u00e9j\u00e0 environ 4 min 30 s de retard au g\u00e9n\u00e9ral. Avec ses succ\u00e8s de cette \u00e9dition, dont le record d&rsquo;ascension de l&rsquo;Alpe d&rsquo;Huez repris \u00e0 Marco Pantani, Pogacar porte son total \u00e0 <strong>25 victoires d&rsquo;\u00e9tape<\/strong> sur le Tour, parmi les plus hauts totaux de l&rsquo;histoire de l&rsquo;\u00e9preuve.<\/p>\n<h2>Pedersen dans l&rsquo;histoire, Carapaz double la mise<\/h2>\n<p>Porteur du maillot vert depuis sa victoire \u00e0 Foix lors de la 4e \u00e9tape, <strong>Mads Pedersen<\/strong> r\u00e9ussit un exploit rare : le \u00ab grand chelem \u00bb des classements par points des trois grands tours, apr\u00e8s ses maillots de la Vuelta (2022, 2025) et du Giro (2025). Seuls Eddy Merckx, Djamolidine Abdoujaparov, Laurent Jalabert, Alessandro Petacchi et Mark Cavendish l&rsquo;avaient fait avant lui \u2014 le Danois est le sixi\u00e8me de l&rsquo;histoire. Au classement de la montagne, <strong>Richard Carapaz<\/strong> conserve son maillot \u00e0 pois avec 156 points, devant Pogacar (100) et Valentin Paret-Peintre (99), et repart aussi avec le prix de <strong>super-combatif<\/strong> du Tour, comme en 2024. Le maillot blanc de meilleur jeune revient \u00e0 Isaac Del Toro, et le classement par \u00e9quipes \u00e0 la Lidl-Trek de Skjelmose et Ayuso.<\/p>\n<h2>Combien gagne le vainqueur du Tour de France ?<\/h2>\n<p>C&rsquo;est l&rsquo;une des questions les plus pos\u00e9es ce dimanche : le vainqueur du classement g\u00e9n\u00e9ral touche <strong>500 000 \u20ac<\/strong>, sur une dotation totale d&rsquo;environ <strong>2 302 800 \u20ac<\/strong> de primes distribu\u00e9es sur l&rsquo;ensemble de l&rsquo;\u00e9preuve (\u00e9tapes, classements annexes, bonifications). La tradition veut que le vainqueur redistribue l&rsquo;essentiel de sa prime \u00e0 ses \u00e9quipiers et au staff, en remerciement du travail collectif de trois semaines.<\/p>\n<h2>Un parcours raccourci \u00e0 cause des incendies<\/h2>\n<p>L&rsquo;\u00e9tape 21 devait initialement relier Thoiry (Yvelines) aux Champs-\u00c9lys\u00e9es sur 132,5 km. Elle a \u00e9t\u00e9 <strong>ramen\u00e9e \u00e0 89 km, disput\u00e9s enti\u00e8rement dans Paris<\/strong>, afin d&rsquo;all\u00e9ger le dispositif de s\u00e9curit\u00e9 et de secours, massivement mobilis\u00e9 sur les incendies qui touchent le sud-ouest de la France. Le m\u00e9gafeu parti de Saumos, en Gironde, mobilise des milliers de sapeurs-pompiers, des renforts militaires et des moyens a\u00e9riens depuis le 22 juillet \u2014 nous suivons heure par heure <a href=\"https:\/\/lnformation.fr\/actualites-8503-incendie-en-gironde-marcheprime-cestas-biganos-et-le-barp-evacuees-dans-la-nuit-le-feu-approche-de-la-metropole-bordelaise\">l&rsquo;\u00e9volution de l&rsquo;incendie en Gironde et les \u00e9vacuations autour de la m\u00e9tropole bordelaise<\/a>. Le Tour a gard\u00e9 sa signature \u2014 Montmartre, les Champs \u2014 tout en s&rsquo;ajustant \u00e0 la situation du pays.<\/p>\n<h2>Le r\u00e9cap du week-end : l&rsquo;Alpe d&rsquo;Huez avait rendu son verdict<\/h2>\n<p>La journ\u00e9e de samedi restera comme l&rsquo;une des plus dures de cette 113e \u00e9dition : 171 km entre Le Bourg-d&rsquo;Oisans et l&rsquo;Alpe d&rsquo;Huez, avec la Croix de Fer, le T\u00e9l\u00e9graphe, le Galibier et le col de Sarenne au menu \u2014 avant la mont\u00e9e finale. <strong>Richard Carapaz<\/strong> s&rsquo;y est impos\u00e9 devant <strong>Remco Evenepoel<\/strong>, d\u00e9crochant du m\u00eame coup le maillot \u00e0 pois de meilleur grimpeur. L&rsquo;Am\u00e9ricain <strong>Sepp Kuss<\/strong>, en t\u00eate \u00e0 l&rsquo;entame de la descente finale, a chut\u00e9 \u00e0 deux reprises et termine troisi\u00e8me de l&rsquo;\u00e9tape. Le jeune Fran\u00e7ais <strong>Paul Seixas<\/strong>, 19 ans, a tent\u00e9 sa chance avant de craquer dans la mont\u00e9e.<\/p>\n<p>La veille, vendredi, Tadej Pogacar avait frapp\u00e9 un grand coup sur cette m\u00eame Alpe d&rsquo;Huez \u2014 gravie deux fois en deux jours par le peloton, une premi\u00e8re \u2014 en <strong>battant le record d&rsquo;ascension de Marco Pantani, qui tenait depuis 1995<\/strong>, pour sa cinqui\u00e8me victoire d&rsquo;\u00e9tape sur ce Tour 2026.<\/p>\n<figure style=\"margin:24px auto;max-width:560px;\">\n<div style=\"position:relative;padding-bottom:56.25%;height:0;max-width:560px;margin:0 auto;\"><iframe src=\"https:\/\/www.youtube-nocookie.com\/embed\/P7E05TTpVr4\" style=\"position:absolute;top:0;left:0;width:100%;height:100%;border:none;border-radius:12px;\" loading=\"lazy\" title=\"Publication r\u00e9seau social\" allowfullscreen><\/iframe><\/div><figcaption style=\"text-align:center;font-size:13px;color:#666;margin-top:8px;\">Le r\u00e9sum\u00e9 officiel de la 20e \u00e9tape (Le Bourg-d\u2019Oisans \u2192 Alpe d\u2019Huez) sur la cha\u00eene du Tour de France \u2014 150 889 vues, 3 300 j\u2019aime, 159 commentaires au 26 juillet.<\/figcaption><\/figure>\n<h2>Comment revoir l&rsquo;\u00e9tape et le sacre<\/h2>\n<p>Le replay complet de l&rsquo;\u00e9tape et de la c\u00e9r\u00e9monie protocolaire est disponible gratuitement sur <strong>france.tv<\/strong>, et l&rsquo;apr\u00e8s-course s&rsquo;est prolong\u00e9e dans <em>V\u00e9lo Club<\/em> sur France 2. Sur abonnement, Eurosport 1 et HBO Max proposent le replay et les r\u00e9sum\u00e9s de chaque \u00e9tape. Pour retrouver l&rsquo;ensemble des classements en direct lors des prochaines courses, consultez aussi <a href=\"https:\/\/sport-index.fr\/blog\/a-la-une\/suivre-les-resultats-en-direct-les-portails-incontournables-pour-ne-rien-manquer-de-lactualite-sportive\/\">notre guide des portails de r\u00e9sultats sportifs en direct<\/a>.<\/p>\n<h2>FAQ<\/h2>\n<details>\n<summary><strong>Qui a gagn\u00e9 le Tour de France 2026 ?<\/strong><\/summary>\n<p>Tadej Pogacar a remport\u00e9 son cinqui\u00e8me Tour de France (apr\u00e8s 2020, 2021, 2024 et 2025), devant Remco Evenepoel \u00e0 6&rsquo;26\u00a0\u00bb et Isaac Del Toro \u00e0 9&rsquo;42\u00a0\u00bb. Il rejoint Anquetil, Merckx, Hinault et Indurain au rang des quintuples vainqueurs.<\/p>\n<\/details>\n<details>\n<summary><strong>Qui a remport\u00e9 la derni\u00e8re \u00e9tape \u00e0 Paris ?<\/strong><\/summary>\n<p>Mathieu van der Poel, au terme d&rsquo;un final lanc\u00e9 dans la derni\u00e8re mont\u00e9e de Montmartre, devant Jasper Philipsen et Mads Pedersen. Wout van Aert, vainqueur de la derni\u00e8re \u00e9tape en 2025 \u00e0 Montmartre, n&rsquo;a pas r\u00e9\u00e9dit\u00e9 sa victoire cette ann\u00e9e.<\/p>\n<\/details>\n<details>\n<summary><strong>Combien gagne le vainqueur du Tour de France 2026 ?<\/strong><\/summary>\n<p>500 000 \u20ac pour le vainqueur du classement g\u00e9n\u00e9ral, sur une dotation totale d&rsquo;environ 2,3 millions d&rsquo;euros. La tradition veut que le vainqueur partage sa prime avec ses \u00e9quipiers et le staff.<\/p>\n<\/details>\n<h2>\u00c0 retenir<\/h2>\n<ul>\n<li>Mathieu van der Poel remporte la 21e \u00e9tape (89 km dans Paris, 1h58&rsquo;49\u00a0\u00bb), devant Philipsen et Pedersen.<\/li>\n<li>Tadej Pogacar d\u00e9croche son cinqui\u00e8me Tour de France et rejoint Anquetil, Merckx, Hinault et Indurain.<\/li>\n<li>Paul Seixas (4e \u00e0 19 ans) et Lenny Martinez (5e) placent deux Fran\u00e7ais dans le top 5, Jordan Jegat compl\u00e8te le trio tricolore du top 10.<\/li>\n<li>Pedersen (vert), Carapaz (pois et super-combatif), Del Toro (blanc) et Lidl-Trek (\u00e9quipes) compl\u00e8tent le palmar\u00e8s ; le vainqueur touche 500 000 \u20ac.<\/li>\n<\/ul>\n<p class=\"si-sources\" style=\"font-size:13px;color:#666;\"><em>Sources : <a href=\"https:\/\/www.olympics.com\/fr\/infos\/tour-de-france-2026-etape-21-mathieu-van-der-poel-victoire-champs-elysees-classements-resultats\" rel=\"noopener nofollow\">Olympics.com<\/a>, <a href=\"https:\/\/dicodusport.fr\/blog\/le-classement-et-les-resultats-de-la-21e-etape-du-tour-de-france-2026-remportee-par-mathieu-van-der-poel\/\" rel=\"noopener nofollow\">Dicodusport<\/a>, <a href=\"https:\/\/www.eurosport.fr\/cyclisme\/tour-de-france\/2026\/tour-de-france-2026-classement-par-points-maillot-vert-jeu-set-et-mads-pedersen_sto23322618\/story.shtml\" rel=\"noopener nofollow\">Eurosport<\/a>, <a href=\"https:\/\/www.france24.com\/en\/sport\/20260726-pogacar-wins-fifth-tour-de-france-as-teen-seixas-seals-stunning-fourth-place\" rel=\"noopener nofollow\">France 24<\/a>, <a href=\"https:\/\/www.yvelines.gouv.fr\/Actualites\/Tour-de-France-2026-modification-du-parcours-de-la-derniere-etape-entre-Thoiry-et-Paris\" rel=\"noopener nofollow\">Pr\u00e9fecture des Yvelines<\/a>, <a href=\"https:\/\/www.cyclist.co.uk\/in-depth\/tour-de-france-prize-money\" rel=\"noopener nofollow\">Cyclist<\/a> \u2014 informations v\u00e9rifi\u00e9es le 26 juillet 2026 au soir.<\/em><\/p>\n<p><script type=\"application\/ld+json\">{\"@context\":\"https:\/\/schema.org\",\"@type\":\"FAQPage\",\"mainEntity\":[{\"@type\":\"Question\",\"name\":\"Qui a gagn\u00e9 le Tour de France 2026 ?\",\"acceptedAnswer\":{\"@type\":\"Answer\",\"text\":\"Tadej Pogacar a remport\u00e9 son cinqui\u00e8me Tour de France (apr\u00e8s 2020, 2021, 2024 et 2025), devant Remco Evenepoel \u00e0 6'26\\\" et Isaac Del Toro \u00e0 9'42\\\". Il rejoint Anquetil, Merckx, Hinault et Indurain au rang des quintuples vainqueurs.\"}},{\"@type\":\"Question\",\"name\":\"Qui a remport\u00e9 la derni\u00e8re \u00e9tape \u00e0 Paris ?\",\"acceptedAnswer\":{\"@type\":\"Answer\",\"text\":\"Mathieu van der Poel, au terme d'un final lanc\u00e9 dans la derni\u00e8re mont\u00e9e de Montmartre, devant Jasper Philipsen et Mads Pedersen. Wout van Aert, vainqueur de la derni\u00e8re \u00e9tape en 2025 \u00e0 Montmartre, n'a pas r\u00e9\u00e9dit\u00e9 sa victoire cette ann\u00e9e.\"}},{\"@type\":\"Question\",\"name\":\"Combien gagne le vainqueur du Tour de France 2026 ?\",\"acceptedAnswer\":{\"@type\":\"Answer\",\"text\":\"500 000 \u20ac pour le vainqueur du classement g\u00e9n\u00e9ral, sur une dotation totale d'environ 2,3 millions d'euros. La tradition veut que le vainqueur partage sa prime avec ses \u00e9quipiers et le staff.\"}}]}<\/script><\/p>\n","protected":false},"excerpt":{"rendered":"","protected":false},"author":41,"featured_media":18295,"comment_status":"open","ping_status":"open","sticky":false,"template":"","format":"standard","meta":{"_acf_changed":false,"manual_indexmenow":false,"indexmenow_id_project":0,"footnotes":""},"categories":[4523],"tags":[],"class_list":["post-18294","post","type-post","status-publish","format-standard","has-post-thumbnail","hentry","category-evenements-et-competitions","generate-columns","tablet-grid-50","mobile-grid-100","grid-parent","grid-25"],"acf":[],"yoast_head":"<!-- This site is optimized with the Yoast SEO Premium plugin v21.3 (Yoast SEO v26.5) - https:\/\/yoast.com\/wordpress\/plugins\/seo\/ -->\n<title>Tour 2026 : Pogacar sacr\u00e9, Van der Poel gagne \u00e0 Paris<\/title>\n<meta name=\"description\" content=\"Van der Poel a gagn\u00e9 la 21e \u00e9tape \u00e0 Paris ; Pogacar d\u00e9croche son 5e Tour de France devant Evenepoel et Del Toro. Classements, maillots et primes.\" \/>\n<meta name=\"robots\" content=\"index, follow, max-snippet:-1, max-image-preview:large, max-video-preview:-1\" \/>\n<link rel=\"canonical\" href=\"https:\/\/sport-index.fr\/blog\/evenements-et-competitions\/tour-de-france-2026-heure-chaine-derniere-etape-paris\/\" \/>\n<meta property=\"og:locale\" content=\"fr_FR\" \/>\n<meta property=\"og:type\" content=\"article\" \/>\n<meta property=\"og:title\" content=\"Tour 2026 : Pogacar sacr\u00e9, Van der Poel gagne \u00e0 Paris\" \/>\n<meta property=\"og:description\" content=\"Van der Poel a gagn\u00e9 la 21e \u00e9tape \u00e0 Paris ; Pogacar d\u00e9croche son 5e Tour de France devant Evenepoel et Del Toro. Classements, maillots et primes.\" \/>\n<meta property=\"og:url\" content=\"https:\/\/sport-index.fr\/blog\/evenements-et-competitions\/tour-de-france-2026-heure-chaine-derniere-etape-paris\/\" \/>\n<meta property=\"og:site_name\" content=\"sport-index\" \/>\n<meta property=\"og:image\" content=\"https:\/\/sport-index.fr\/blog\/wp-content\/uploads\/2026\/07\/pexels_sport-index_fr_18294_35467511-scaled.jpg\" \/>\n<meta name=\"author\" content=\"Antoine Bernard\" \/>\n<meta name=\"twitter:card\" content=\"summary_large_image\" \/>\n<meta name=\"twitter:image\" content=\"https:\/\/sport-index.fr\/blog\/wp-content\/uploads\/2026\/07\/pexels_sport-index_fr_18294_35467511-scaled.jpg\" \/>\n<script type=\"application\/ld+json\" class=\"yoast-schema-graph\">{\"@context\":\"https:\/\/schema.org\",\"@graph\":[{\"@type\":\"NewsArticle\",\"@id\":\"https:\/\/sport-index.fr\/blog\/evenements-et-competitions\/tour-de-france-2026-heure-chaine-derniere-etape-paris\/#article\",\"isPartOf\":{\"@id\":\"https:\/\/sport-index.fr\/blog\/evenements-et-competitions\/tour-de-france-2026-heure-chaine-derniere-etape-paris\/\"},\"author\":{\"name\":\"Antoine Bernard\",\"@id\":\"https:\/\/sport-index.fr\/blog\/#\/schema\/person\/44426045f6d04c1519cfa471757b400f\"},\"headline\":\"Tour de France 2026 : Pogacar sacr\u00e9 pour la cinqui\u00e8me fois, Van der Poel s&rsquo;offre la derni\u00e8re \u00e9tape \u00e0 Paris\",\"datePublished\":\"2026-07-26T04:59:55+00:00\",\"dateModified\":\"2026-07-26T18:34:15+00:00\",\"mainEntityOfPage\":{\"@id\":\"https:\/\/sport-index.fr\/blog\/evenements-et-competitions\/tour-de-france-2026-heure-chaine-derniere-etape-paris\/\"},\"wordCount\":1410,\"commentCount\":0,\"publisher\":{\"@id\":\"https:\/\/sport-index.fr\/blog\/#organization\"},\"image\":{\"@id\":\"https:\/\/sport-index.fr\/blog\/evenements-et-competitions\/tour-de-france-2026-heure-chaine-derniere-etape-paris\/#primaryimage\"},\"thumbnailUrl\":\"https:\/\/sport-index.fr\/blog\/wp-content\/uploads\/2026\/07\/pexels_sport-index_fr_18294_35467511-scaled.jpg\",\"articleSection\":[\"\u00c9v\u00e9nements et Comp\u00e9titions\"],\"inLanguage\":\"fr-FR\",\"potentialAction\":[{\"@type\":\"CommentAction\",\"name\":\"Comment\",\"target\":[\"https:\/\/sport-index.fr\/blog\/evenements-et-competitions\/tour-de-france-2026-heure-chaine-derniere-etape-paris\/#respond\"]}]},{\"@type\":\"WebPage\",\"@id\":\"https:\/\/sport-index.fr\/blog\/evenements-et-competitions\/tour-de-france-2026-heure-chaine-derniere-etape-paris\/\",\"url\":\"https:\/\/sport-index.fr\/blog\/evenements-et-competitions\/tour-de-france-2026-heure-chaine-derniere-etape-paris\/\",\"name\":\"Tour 2026 : Pogacar sacr\u00e9, Van der Poel gagne \u00e0 Paris\",\"isPartOf\":{\"@id\":\"https:\/\/sport-index.fr\/blog\/#website\"},\"primaryImageOfPage\":{\"@id\":\"https:\/\/sport-index.fr\/blog\/evenements-et-competitions\/tour-de-france-2026-heure-chaine-derniere-etape-paris\/#primaryimage\"},\"image\":{\"@id\":\"https:\/\/sport-index.fr\/blog\/evenements-et-competitions\/tour-de-france-2026-heure-chaine-derniere-etape-paris\/#primaryimage\"},\"thumbnailUrl\":\"https:\/\/sport-index.fr\/blog\/wp-content\/uploads\/2026\/07\/pexels_sport-index_fr_18294_35467511-scaled.jpg\",\"datePublished\":\"2026-07-26T04:59:55+00:00\",\"dateModified\":\"2026-07-26T18:34:15+00:00\",\"description\":\"Van der Poel a gagn\u00e9 la 21e \u00e9tape \u00e0 Paris ; Pogacar d\u00e9croche son 5e Tour de France devant Evenepoel et Del Toro. Classements, maillots et primes.\",\"inLanguage\":\"fr-FR\",\"potentialAction\":[{\"@type\":\"ReadAction\",\"target\":[\"https:\/\/sport-index.fr\/blog\/evenements-et-competitions\/tour-de-france-2026-heure-chaine-derniere-etape-paris\/\"]}]},{\"@type\":\"ImageObject\",\"inLanguage\":\"fr-FR\",\"@id\":\"https:\/\/sport-index.fr\/blog\/evenements-et-competitions\/tour-de-france-2026-heure-chaine-derniere-etape-paris\/#primaryimage\",\"url\":\"https:\/\/sport-index.fr\/blog\/wp-content\/uploads\/2026\/07\/pexels_sport-index_fr_18294_35467511-scaled.jpg\",\"contentUrl\":\"https:\/\/sport-index.fr\/blog\/wp-content\/uploads\/2026\/07\/pexels_sport-index_fr_18294_35467511-scaled.jpg\",\"width\":1200,\"height\":675,\"caption\":\"Cyclists competing in a professional race through picturesque Knaresborough, England.\"},{\"@type\":\"WebSite\",\"@id\":\"https:\/\/sport-index.fr\/blog\/#website\",\"url\":\"https:\/\/sport-index.fr\/blog\/\",\"name\":\"sport-index.fr\",\"description\":\"Le score de l\u2019analyse sportive.\",\"publisher\":{\"@id\":\"https:\/\/sport-index.fr\/blog\/#organization\"},\"alternateName\":\"Le score de l\u2019analyse sportive.\",\"potentialAction\":[{\"@type\":\"SearchAction\",\"target\":{\"@type\":\"EntryPoint\",\"urlTemplate\":\"https:\/\/sport-index.fr\/blog\/?s={search_term_string}\"},\"query-input\":{\"@type\":\"PropertyValueSpecification\",\"valueRequired\":true,\"valueName\":\"search_term_string\"}}],\"inLanguage\":\"fr-FR\"},{\"@type\":\"Organization\",\"@id\":\"https:\/\/sport-index.fr\/blog\/#organization\",\"name\":\"Foretsensations.fr\",\"url\":\"https:\/\/sport-index.fr\/blog\/\",\"logo\":{\"@type\":\"ImageObject\",\"inLanguage\":\"fr-FR\",\"@id\":\"https:\/\/sport-index.fr\/blog\/#\/schema\/logo\/image\/\",\"url\":\"https:\/\/sport-index.fr\/blog\/wp-content\/uploads\/2026\/07\/logo-auto.png\",\"contentUrl\":\"https:\/\/sport-index.fr\/blog\/wp-content\/uploads\/2026\/07\/logo-auto.png\",\"width\":1024,\"height\":1024,\"caption\":\"Foretsensations.fr\"},\"image\":{\"@id\":\"https:\/\/sport-index.fr\/blog\/#\/schema\/logo\/image\/\"}},{\"@type\":\"Person\",\"@id\":\"https:\/\/sport-index.fr\/blog\/#\/schema\/person\/44426045f6d04c1519cfa471757b400f\",\"name\":\"Antoine Bernard\",\"image\":{\"@type\":\"ImageObject\",\"inLanguage\":\"fr-FR\",\"@id\":\"https:\/\/sport-index.fr\/blog\/#\/schema\/person\/image\/\",\"url\":\"https:\/\/secure.gravatar.com\/avatar\/?s=96&d=mm&r=g\",\"contentUrl\":\"https:\/\/secure.gravatar.com\/avatar\/?s=96&d=mm&r=g\",\"caption\":\"Antoine Bernard\"},\"description\":\"Analyste en statistiques sportives et passionn\u00e9 de data science appliqu\u00e9e au sport. Antoine propose des articles sur l\u2019analyse des performances, les tendances statistiques et l\u2019utilisation des donn\u00e9es pour optimiser les strat\u00e9gies de jeu.\",\"sameAs\":[\"https:\/\/bernardantoine.fr\/\"],\"url\":\"https:\/\/sport-index.fr\/blog\/auteur\/antoine-bernard\/\",\"jobTitle\":\"Contributeur m\u00e9canique\",\"email\":\"antoine.bernard@autosmythiques57.fr\"}]}<\/script>\n<!-- \/ Yoast SEO Premium plugin. -->","yoast_head_json":{"title":"Tour 2026 : Pogacar sacr\u00e9, Van der Poel gagne \u00e0 Paris","description":"Van der Poel a gagn\u00e9 la 21e \u00e9tape \u00e0 Paris ; Pogacar d\u00e9croche son 5e Tour de France devant Evenepoel et Del Toro. Classements, maillots et primes.","robots":{"index":"index","follow":"follow","max-snippet":"max-snippet:-1","max-image-preview":"max-image-preview:large","max-video-preview":"max-video-preview:-1"},"canonical":"https:\/\/sport-index.fr\/blog\/evenements-et-competitions\/tour-de-france-2026-heure-chaine-derniere-etape-paris\/","og_locale":"fr_FR","og_type":"article","og_title":"Tour 2026 : Pogacar sacr\u00e9, Van der Poel gagne \u00e0 Paris","og_description":"Van der Poel a gagn\u00e9 la 21e \u00e9tape \u00e0 Paris ; Pogacar d\u00e9croche son 5e Tour de France devant Evenepoel et Del Toro. Classements, maillots et primes.","og_url":"https:\/\/sport-index.fr\/blog\/evenements-et-competitions\/tour-de-france-2026-heure-chaine-derniere-etape-paris\/","og_site_name":"sport-index","og_image":[{"url":"https:\/\/sport-index.fr\/blog\/wp-content\/uploads\/2026\/07\/pexels_sport-index_fr_18294_35467511-scaled.jpg","type":"","width":"","height":""}],"author":"Antoine Bernard","twitter_card":"summary_large_image","twitter_image":"https:\/\/sport-index.fr\/blog\/wp-content\/uploads\/2026\/07\/pexels_sport-index_fr_18294_35467511-scaled.jpg","schema":{"@context":"https:\/\/schema.org","@graph":[{"@type":"NewsArticle","@id":"https:\/\/sport-index.fr\/blog\/evenements-et-competitions\/tour-de-france-2026-heure-chaine-derniere-etape-paris\/#article","isPartOf":{"@id":"https:\/\/sport-index.fr\/blog\/evenements-et-competitions\/tour-de-france-2026-heure-chaine-derniere-etape-paris\/"},"author":{"name":"Antoine Bernard","@id":"https:\/\/sport-index.fr\/blog\/#\/schema\/person\/44426045f6d04c1519cfa471757b400f"},"headline":"Tour de France 2026 : Pogacar sacr\u00e9 pour la cinqui\u00e8me fois, Van der Poel s&rsquo;offre la derni\u00e8re \u00e9tape \u00e0 Paris","datePublished":"2026-07-26T04:59:55+00:00","dateModified":"2026-07-26T18:34:15+00:00","mainEntityOfPage":{"@id":"https:\/\/sport-index.fr\/blog\/evenements-et-competitions\/tour-de-france-2026-heure-chaine-derniere-etape-paris\/"},"wordCount":1410,"commentCount":0,"publisher":{"@id":"https:\/\/sport-index.fr\/blog\/#organization"},"image":{"@id":"https:\/\/sport-index.fr\/blog\/evenements-et-competitions\/tour-de-france-2026-heure-chaine-derniere-etape-paris\/#primaryimage"},"thumbnailUrl":"https:\/\/sport-index.fr\/blog\/wp-content\/uploads\/2026\/07\/pexels_sport-index_fr_18294_35467511-scaled.jpg","articleSection":["\u00c9v\u00e9nements et Comp\u00e9titions"],"inLanguage":"fr-FR","potentialAction":[{"@type":"CommentAction","name":"Comment","target":["https:\/\/sport-index.fr\/blog\/evenements-et-competitions\/tour-de-france-2026-heure-chaine-derniere-etape-paris\/#respond"]}]},{"@type":"WebPage","@id":"https:\/\/sport-index.fr\/blog\/evenements-et-competitions\/tour-de-france-2026-heure-chaine-derniere-etape-paris\/","url":"https:\/\/sport-index.fr\/blog\/evenements-et-competitions\/tour-de-france-2026-heure-chaine-derniere-etape-paris\/","name":"Tour 2026 : Pogacar sacr\u00e9, Van der Poel gagne \u00e0 Paris","isPartOf":{"@id":"https:\/\/sport-index.fr\/blog\/#website"},"primaryImageOfPage":{"@id":"https:\/\/sport-index.fr\/blog\/evenements-et-competitions\/tour-de-france-2026-heure-chaine-derniere-etape-paris\/#primaryimage"},"image":{"@id":"https:\/\/sport-index.fr\/blog\/evenements-et-competitions\/tour-de-france-2026-heure-chaine-derniere-etape-paris\/#primaryimage"},"thumbnailUrl":"https:\/\/sport-index.fr\/blog\/wp-content\/uploads\/2026\/07\/pexels_sport-index_fr_18294_35467511-scaled.jpg","datePublished":"2026-07-26T04:59:55+00:00","dateModified":"2026-07-26T18:34:15+00:00","description":"Van der Poel a gagn\u00e9 la 21e \u00e9tape \u00e0 Paris ; Pogacar d\u00e9croche son 5e Tour de France devant Evenepoel et Del Toro. Classements, maillots et primes.","inLanguage":"fr-FR","potentialAction":[{"@type":"ReadAction","target":["https:\/\/sport-index.fr\/blog\/evenements-et-competitions\/tour-de-france-2026-heure-chaine-derniere-etape-paris\/"]}]},{"@type":"ImageObject","inLanguage":"fr-FR","@id":"https:\/\/sport-index.fr\/blog\/evenements-et-competitions\/tour-de-france-2026-heure-chaine-derniere-etape-paris\/#primaryimage","url":"https:\/\/sport-index.fr\/blog\/wp-content\/uploads\/2026\/07\/pexels_sport-index_fr_18294_35467511-scaled.jpg","contentUrl":"https:\/\/sport-index.fr\/blog\/wp-content\/uploads\/2026\/07\/pexels_sport-index_fr_18294_35467511-scaled.jpg","width":1200,"height":675,"caption":"Cyclists competing in a professional race through picturesque Knaresborough, England."},{"@type":"WebSite","@id":"https:\/\/sport-index.fr\/blog\/#website","url":"https:\/\/sport-index.fr\/blog\/","name":"sport-index.fr","description":"Le score de l\u2019analyse sportive.","publisher":{"@id":"https:\/\/sport-index.fr\/blog\/#organization"},"alternateName":"Le score de l\u2019analyse sportive.","potentialAction":[{"@type":"SearchAction","target":{"@type":"EntryPoint","urlTemplate":"https:\/\/sport-index.fr\/blog\/?s={search_term_string}"},"query-input":{"@type":"PropertyValueSpecification","valueRequired":true,"valueName":"search_term_string"}}],"inLanguage":"fr-FR"},{"@type":"Organization","@id":"https:\/\/sport-index.fr\/blog\/#organization","name":"Foretsensations.fr","url":"https:\/\/sport-index.fr\/blog\/","logo":{"@type":"ImageObject","inLanguage":"fr-FR","@id":"https:\/\/sport-index.fr\/blog\/#\/schema\/logo\/image\/","url":"https:\/\/sport-index.fr\/blog\/wp-content\/uploads\/2026\/07\/logo-auto.png","contentUrl":"https:\/\/sport-index.fr\/blog\/wp-content\/uploads\/2026\/07\/logo-auto.png","width":1024,"height":1024,"caption":"Foretsensations.fr"},"image":{"@id":"https:\/\/sport-index.fr\/blog\/#\/schema\/logo\/image\/"}},{"@type":"Person","@id":"https:\/\/sport-index.fr\/blog\/#\/schema\/person\/44426045f6d04c1519cfa471757b400f","name":"Antoine Bernard","image":{"@type":"ImageObject","inLanguage":"fr-FR","@id":"https:\/\/sport-index.fr\/blog\/#\/schema\/person\/image\/","url":"https:\/\/secure.gravatar.com\/avatar\/?s=96&d=mm&r=g","contentUrl":"https:\/\/secure.gravatar.com\/avatar\/?s=96&d=mm&r=g","caption":"Antoine Bernard"},"description":"Analyste en statistiques sportives et passionn\u00e9 de data science appliqu\u00e9e au sport. Antoine propose des articles sur l\u2019analyse des performances, les tendances statistiques et l\u2019utilisation des donn\u00e9es pour optimiser les strat\u00e9gies de jeu.","sameAs":["https:\/\/bernardantoine.fr\/"],"url":"https:\/\/sport-index.fr\/blog\/auteur\/antoine-bernard\/","jobTitle":"Contributeur m\u00e9canique","email":"antoine.bernard@autosmythiques57.fr"}]}},"_links":{"self":[{"href":"https:\/\/sport-index.fr\/blog\/wp-json\/wp\/v2\/posts\/18294","targetHints":{"allow":["GET"]}}],"collection":[{"href":"https:\/\/sport-index.fr\/blog\/wp-json\/wp\/v2\/posts"}],"about":[{"href":"https:\/\/sport-index.fr\/blog\/wp-json\/wp\/v2\/types\/post"}],"author":[{"embeddable":true,"href":"https:\/\/sport-index.fr\/blog\/wp-json\/wp\/v2\/users\/41"}],"replies":[{"embeddable":true,"href":"https:\/\/sport-index.fr\/blog\/wp-json\/wp\/v2\/comments?post=18294"}],"version-history":[{"count":1,"href":"https:\/\/sport-index.fr\/blog\/wp-json\/wp\/v2\/posts\/18294\/revisions"}],"predecessor-version":[{"id":18296,"href":"https:\/\/sport-index.fr\/blog\/wp-json\/wp\/v2\/posts\/18294\/revisions\/18296"}],"wp:featuredmedia":[{"embeddable":true,"href":"https:\/\/sport-index.fr\/blog\/wp-json\/wp\/v2\/media\/18295"}],"wp:attachment":[{"href":"https:\/\/sport-index.fr\/blog\/wp-json\/wp\/v2\/media?parent=18294"}],"wp:term":[{"taxonomy":"category","embeddable":true,"href":"https:\/\/sport-index.fr\/blog\/wp-json\/wp\/v2\/categories?post=18294"},{"taxonomy":"post_tag","embeddable":true,"href":"https:\/\/sport-index.fr\/blog\/wp-json\/wp\/v2\/tags?post=18294"}],"curies":[{"name":"wp","href":"https:\/\/api.w.org\/{rel}","templated":true}]}}