{"id":18297,"date":"2026-07-28T10:25:50","date_gmt":"2026-07-28T08:25:50","guid":{"rendered":"https:\/\/sport-index.fr\/blog\/actualites-sportives\/kamissoko-prolonge-jusqu-en-2029-pourquoi-l-om-verrouille-un-milieu-de\/"},"modified":"2026-07-28T10:25:50","modified_gmt":"2026-07-28T08:25:50","slug":"kamissoko-prolonge-jusqu-en-2029-pourquoi-l-om-verrouille-un-milieu-de","status":"publish","type":"post","link":"https:\/\/sport-index.fr\/blog\/actualites-sportives\/kamissoko-prolonge-jusqu-en-2029-pourquoi-l-om-verrouille-un-milieu-de\/","title":{"rendered":"Kamissoko prolonge jusqu&rsquo;en 2029 : pourquoi l&rsquo;OM verrouille un milieu de 21 ans qui n&rsquo;a jou\u00e9 que trois matches"},"content":{"rendered":"<p style=\"font-size:18px;line-height:1.65;color:#1a1a1a;\"><strong>L&rsquo;Olympique de Marseille a officialis\u00e9 le 26 juillet 2026 la prolongation de Nouhoum Kamissoko jusqu&rsquo;en juin 2029.<\/strong> Le nom ne dira rien au spectateur occasionnel : ce milieu de terrain malien de 21 ans n&rsquo;a disput\u00e9 que trois matches avec l&rsquo;\u00e9quipe premi\u00e8re la saison derni\u00e8re, tous lors des quatre derni\u00e8res journ\u00e9es. C&rsquo;est pourtant l&rsquo;une des op\u00e9rations les plus significatives de l&rsquo;\u00e9t\u00e9 marseillais \u2014 et la deuxi\u00e8me fois en cinq mois que le club s\u00e9curise le m\u00eame joueur. Voici pourquoi.<\/p>\n<div style=\"background:#E7F3EC;border:1px solid #15803D33;border-radius:14px;padding:20px 24px;margin:26px 0;font-family:-apple-system,BlinkMacSystemFont,'Segoe UI',Roboto,sans-serif;\">\n<div style=\"font-size:12px;font-weight:800;letter-spacing:.14em;text-transform:uppercase;color:#15803D;margin-bottom:12px;\">\u26a1 En bref<\/div>\n<ul style=\"margin:0;padding:0;list-style:none;font-size:15.5px;color:#1a1a1a;\">\n<li style=\"margin:0 0 8px;padding-left:24px;position:relative;line-height:1.5;\"><span style=\"position:absolute;left:0;color:#15803D;font-weight:800;\">\u25b8<\/span>Contrat prolong\u00e9 de <strong>deux saisons suppl\u00e9mentaires, jusqu&rsquo;au 30 juin 2029<\/strong> ; l&rsquo;ancien bail courait jusqu&rsquo;en 2027.<\/li>\n<li style=\"margin:0 0 8px;padding-left:24px;position:relative;line-height:1.5;\"><span style=\"position:absolute;left:0;color:#15803D;font-weight:800;\">\u25b8<\/span>Kamissoko, <strong>21 ans<\/strong> (n\u00e9 le 27 d\u00e9cembre 2004 \u00e0 Bamako), est arriv\u00e9 \u00e0 la r\u00e9serve olympienne en <strong>juillet 2023<\/strong>, form\u00e9 aux \u00c9toiles Mand\u00e9 au Mali.<\/li>\n<li style=\"margin:0 0 8px;padding-left:24px;position:relative;line-height:1.5;\"><span style=\"position:absolute;left:0;color:#15803D;font-weight:800;\">\u25b8<\/span>Il a \u00e9t\u00e9 pr\u00eat\u00e9 \u00e0 <strong>Ch\u00e2teauroux<\/strong> lors de la saison 2024-2025 avant de retrouver Marseille \u00e0 l&rsquo;\u00e9t\u00e9 2025.<\/li>\n<li style=\"margin:0 0 8px;padding-left:24px;position:relative;line-height:1.5;\"><span style=\"position:absolute;left:0;color:#15803D;font-weight:800;\">\u25b8<\/span>Ses d\u00e9buts professionnels remontent au <strong>26 avril 2026<\/strong>, en entrant en jeu lors du match nul 1-1 contre Nice.<\/li>\n<li style=\"margin:0 0 8px;padding-left:24px;position:relative;line-height:1.5;\"><span style=\"position:absolute;left:0;color:#15803D;font-weight:800;\">\u25b8<\/span>Il \u00e9tait <strong>courtis\u00e9 en Ligue 1<\/strong> cet \u00e9t\u00e9 : la prolongation ferme la porte au moins pour cette saison.<\/li>\n<\/ul>\n<\/div>\n<div style=\"display:flex;flex-wrap:wrap;gap:12px;margin:24px 0;\">\n<div style=\"flex:1;min-width:120px;background:#fff;border:1px solid #e6e8ee;border-top:3px solid #15803D;border-radius:12px;padding:16px 18px;text-align:center;\">\n<div style=\"font-size:26px;font-weight:800;color:#15803D;line-height:1.1;letter-spacing:-.01em;\">2029<\/div>\n<div style=\"font-size:12.5px;color:#667085;margin-top:6px;line-height:1.3;\">nouvelle \u00e9ch\u00e9ance de contrat (au lieu de 2027)<\/div>\n<\/div>\n<div style=\"flex:1;min-width:120px;background:#fff;border:1px solid #e6e8ee;border-top:3px solid #15803D;border-radius:12px;padding:16px 18px;text-align:center;\">\n<div style=\"font-size:26px;font-weight:800;color:#15803D;line-height:1.1;letter-spacing:-.01em;\">21 ans<\/div>\n<div style=\"font-size:12.5px;color:#667085;margin-top:6px;line-height:1.3;\">n\u00e9 le 27 d\u00e9cembre 2004 \u00e0 Bamako<\/div>\n<\/div>\n<div style=\"flex:1;min-width:120px;background:#fff;border:1px solid #e6e8ee;border-top:3px solid #15803D;border-radius:12px;padding:16px 18px;text-align:center;\">\n<div style=\"font-size:26px;font-weight:800;color:#15803D;line-height:1.1;letter-spacing:-.01em;\">3<\/div>\n<div style=\"font-size:12.5px;color:#667085;margin-top:6px;line-height:1.3;\">matches disput\u00e9s avec l&rsquo;\u00e9quipe premi\u00e8re en 2025-2026<\/div>\n<\/div>\n<div style=\"flex:1;min-width:120px;background:#fff;border:1px solid #e6e8ee;border-top:3px solid #15803D;border-radius:12px;padding:16px 18px;text-align:center;\">\n<div style=\"font-size:26px;font-weight:800;color:#15803D;line-height:1.1;letter-spacing:-.01em;\">71<\/div>\n<div style=\"font-size:12.5px;color:#667085;margin-top:6px;line-height:1.3;\">num\u00e9ro port\u00e9 \u00e0 l&rsquo;Olympique de Marseille<\/div>\n<\/div>\n<\/div>\n<h2 style=\"font-size:24px;line-height:1.25;margin:36px 0 14px;letter-spacing:-.01em;color:#1a1a1a;font-weight:800;\">Ce que le club a officialis\u00e9, exactement<\/h2>\n<p style=\"font-size:16.5px;line-height:1.7;color:#2a2a2a;margin:0 0 16px;\">Le communiqu\u00e9 marseillais est court : \u00ab Notre milieu de terrain malien prolonge son contrat avec l&rsquo;Olympique de Marseille jusqu&rsquo;en 2029. \u00bb Concr\u00e8tement, l&rsquo;engagement de Nouhoum Kamissoko court d\u00e9sormais jusqu&rsquo;au <strong>30 juin 2029<\/strong>, soit <strong>deux saisons de plus<\/strong> que l&rsquo;\u00e9ch\u00e9ance pr\u00e9c\u00e9dente, fix\u00e9e \u00e0 juin 2027.<\/p>\n<p style=\"font-size:16.5px;line-height:1.7;color:#2a2a2a;margin:0 0 16px;\">Le d\u00e9tail que peu de r\u00e9sum\u00e9s rel\u00e8vent : ce n&rsquo;est pas la premi\u00e8re prolongation du joueur cette ann\u00e9e. Il avait <u>d\u00e9j\u00e0 \u00e9tendu son bail jusqu&rsquo;en 2027 en f\u00e9vrier 2026<\/u>, avant m\u00eame d&rsquo;avoir foul\u00e9 une pelouse de Ligue 1. Un club qui reprend la plume cinq mois plus tard pour rallonger de deux ans le m\u00eame contrat envoie un signal assez clair sur la place qu&rsquo;il compte lui donner.<\/p>\n<p style=\"font-size:16.5px;line-height:1.7;color:#2a2a2a;margin:0 0 16px;\">Kamissoko porte le <strong>num\u00e9ro 71<\/strong>, une num\u00e9rotation typique des joueurs pass\u00e9s par la r\u00e9serve \u2014 et qu&rsquo;on garde parfois par superstition une fois install\u00e9 dans le groupe professionnel.<\/p>\n<div style=\"border:1px solid #e6e8ee;border-radius:14px;padding:16px 18px;margin:22px 0;background:#fafbfc;font-family:-apple-system,BlinkMacSystemFont,'Segoe UI',Roboto,sans-serif;\">\n<div style=\"display:flex;align-items:center;gap:8px;margin-bottom:10px;\"><span style=\"font-size:11px;font-weight:800;letter-spacing:.06em;color:#fff;background:#FF0000;padding:3px 9px;border-radius:6px;\">\u25b6 YouTube<\/span><span style=\"font-size:13px;color:#667085;font-weight:600;\">Plan\u00e8te Sports Mali<\/span><span style=\"margin-left:auto;font-size:13px;color:#667085;white-space:nowrap;\">269 vues<\/span><\/div>\n<p><a href=\"https:\/\/www.youtube.com\/watch?v=isIHyqB3tQ8\" target=\"_blank\" rel=\"noopener nofollow\" style=\"display:block;position:relative;border-radius:10px;overflow:hidden;text-decoration:none;\"><img decoding=\"async\" src=\"https:\/\/img.youtube.com\/vi\/isIHyqB3tQ8\/maxresdefault.jpg\" alt=\"Nouhoum Kamissoko, milieu de l'Olympique de Marseille, revient sur sa saison \u2014 entretien du 14 juin 2026\" style=\"width:100%;display:block;\"><span style=\"position:absolute;inset:0;display:flex;align-items:center;justify-content:center;background:rgba(0,0,0,.18);\"><span style=\"width:62px;height:62px;border-radius:50%;background:rgba(255,0,0,.92);display:flex;align-items:center;justify-content:center;color:#fff;font-size:24px;\">\u25b6<\/span><\/span><\/a><\/p>\n<div style=\"font-size:14px;color:#1a1a1a;font-weight:600;margin-top:10px;\">Nouhoum Kamissoko, milieu de l&rsquo;Olympique de Marseille, revient sur sa saison \u2014 entretien du 14 juin 2026<\/div>\n<\/div>\n<blockquote style=\"margin:28px 0;padding:20px 26px;border-left:4px solid #15803D;background:#E7F3EC;border-radius:0 12px 12px 0;font-size:19px;line-height:1.5;font-style:italic;color:#1a1a1a;\"><p>\u00ab Notre milieu de terrain malien prolonge son contrat avec l&rsquo;Olympique de Marseille jusqu&rsquo;en 2029. \u00bb<\/p>\n<div style=\"font-size:13px;color:#667085;margin-top:10px;font-style:normal;\">\u2014 Communiqu\u00e9 officiel de l&rsquo;Olympique de Marseille, 26 juillet 2026<\/div>\n<\/blockquote>\n<h2 style=\"font-size:24px;line-height:1.25;margin:36px 0 14px;letter-spacing:-.01em;color:#1a1a1a;font-weight:800;\">Un parcours que trois matches en Ligue 1 r\u00e9sument tr\u00e8s mal<\/h2>\n<p style=\"font-size:16.5px;line-height:1.7;color:#2a2a2a;margin:0 0 16px;\">N\u00e9 le <strong>27 d\u00e9cembre 2004 \u00e0 Bamako<\/strong>, Nouhoum Kamissoko mesure 1,83 m et \u00e9volue au milieu de terrain. Il s&rsquo;est form\u00e9 aux <strong>\u00c9toiles Mand\u00e9<\/strong>, l&rsquo;un des centres de formation maliens qui alimentent r\u00e9guli\u00e8rement les clubs europ\u00e9ens.<\/p>\n<p style=\"font-size:16.5px;line-height:1.7;color:#2a2a2a;margin:0 0 16px;\">Il rejoint la <strong>r\u00e9serve de l&rsquo;Olympique de Marseille en juillet 2023<\/strong>. Deux ans plus tard, sa trajectoire passe par une \u00e9tape que beaucoup d&rsquo;observateurs sous-estiment : un <strong>pr\u00eat \u00e0 Ch\u00e2teauroux sur la saison 2024-2025<\/strong>, o\u00f9 il joue avec la r\u00e9serve puis avec l&rsquo;\u00e9quipe premi\u00e8re berrichonne. Ce type de passage en division inf\u00e9rieure est le vrai r\u00e9v\u00e9lateur pour un milieu de formation : la densit\u00e9 physique y est brutale, les espaces inexistants, et un joueur qui n&rsquo;a pas le volume s&rsquo;y noie.<\/p>\n<p style=\"font-size:16.5px;line-height:1.7;color:#2a2a2a;margin:0 0 16px;\">Retour \u00e0 Marseille \u00e0 l&rsquo;\u00e9t\u00e9 2025. Puis le <strong>26 avril 2026<\/strong>, ses premi\u00e8res minutes professionnelles avec l&rsquo;OM, en sortie de banc lors du <strong>match nul 1-1 contre Nice<\/strong>. Suivront deux autres apparitions sur les quatre derni\u00e8res journ\u00e9es du championnat. Au 17 mai 2026, son compteur affichait <strong>33 matches tous clubs confondus<\/strong>, sans but marqu\u00e9 \u2014 ce qui, pour un milieu de r\u00e9cup\u00e9ration et de relance, ne dit strictement rien de sa valeur.<\/p>\n<ul style=\"margin:6px 0 18px;padding:0;list-style:none;font-size:16px;\">\n<li style=\"margin:0 0 8px;padding-left:26px;position:relative;line-height:1.55;color:#2a2a2a;\"><span style=\"position:absolute;left:0;top:1px;color:#15803D;font-weight:800;\">\u2713<\/span>Formation aux <strong>\u00c9toiles Mand\u00e9<\/strong> (Bamako, Mali)<\/li>\n<li style=\"margin:0 0 8px;padding-left:26px;position:relative;line-height:1.55;color:#2a2a2a;\"><span style=\"position:absolute;left:0;top:1px;color:#15803D;font-weight:800;\">\u2713<\/span>Arriv\u00e9e \u00e0 la <strong>r\u00e9serve de l&rsquo;OM en juillet 2023<\/strong><\/li>\n<li style=\"margin:0 0 8px;padding-left:26px;position:relative;line-height:1.55;color:#2a2a2a;\"><span style=\"position:absolute;left:0;top:1px;color:#15803D;font-weight:800;\">\u2713<\/span>Pr\u00eat \u00e0 <strong>Ch\u00e2teauroux<\/strong> en 2024-2025 (r\u00e9serve puis \u00e9quipe premi\u00e8re)<\/li>\n<li style=\"margin:0 0 8px;padding-left:26px;position:relative;line-height:1.55;color:#2a2a2a;\"><span style=\"position:absolute;left:0;top:1px;color:#15803D;font-weight:800;\">\u2713<\/span>Premi\u00e8re apparition professionnelle avec l&rsquo;OM le <strong>26 avril 2026<\/strong> face \u00e0 Nice<\/li>\n<li style=\"margin:0 0 8px;padding-left:26px;position:relative;line-height:1.55;color:#2a2a2a;\"><span style=\"position:absolute;left:0;top:1px;color:#15803D;font-weight:800;\">\u2713<\/span>Prolongation <strong>jusqu&rsquo;en 2029<\/strong> officialis\u00e9e le 26 juillet 2026<\/li>\n<\/ul>\n<div style=\"border:1px solid #e6e8ee;border-radius:14px;padding:16px 18px;margin:22px 0;background:#fafbfc;font-family:-apple-system,BlinkMacSystemFont,'Segoe UI',Roboto,sans-serif;\">\n<div style=\"display:flex;align-items:center;gap:8px;margin-bottom:10px;\"><span style=\"font-size:11px;font-weight:800;letter-spacing:.06em;color:#fff;background:#FF0000;padding:3px 9px;border-radius:6px;\">\u25b6 YouTube<\/span><span style=\"font-size:13px;color:#667085;font-weight:600;\">AFTER FOOT<\/span><span style=\"margin-left:auto;font-size:13px;color:#667085;white-space:nowrap;\">24 969 vues<\/span><\/div>\n<p><a href=\"https:\/\/www.youtube.com\/watch?v=Lg9fHtyRpnE\" target=\"_blank\" rel=\"noopener nofollow\" style=\"display:block;position:relative;border-radius:10px;overflow:hidden;text-decoration:none;\"><img decoding=\"async\" src=\"https:\/\/img.youtube.com\/vi\/Lg9fHtyRpnE\/maxresdefault.jpg\" alt=\"\u00ab Le mercato restreint et limit\u00e9 marseillais est un atout pour la saison \u00e0 venir \u00bb, d\u00e9bat du 25 juillet 2026\" style=\"width:100%;display:block;\"><span style=\"position:absolute;inset:0;display:flex;align-items:center;justify-content:center;background:rgba(0,0,0,.18);\"><span style=\"width:62px;height:62px;border-radius:50%;background:rgba(255,0,0,.92);display:flex;align-items:center;justify-content:center;color:#fff;font-size:24px;\">\u25b6<\/span><\/span><\/a><\/p>\n<div style=\"font-size:14px;color:#1a1a1a;font-weight:600;margin-top:10px;\">\u00ab Le mercato restreint et limit\u00e9 marseillais est un atout pour la saison \u00e0 venir \u00bb, d\u00e9bat du 25 juillet 2026<\/div>\n<\/div>\n<h2 style=\"font-size:24px;line-height:1.25;margin:36px 0 14px;letter-spacing:-.01em;color:#1a1a1a;font-weight:800;\">Pourquoi cette signature compte plus qu&rsquo;une recrue \u00e0 20 millions<\/h2>\n<p style=\"font-size:16.5px;line-height:1.7;color:#2a2a2a;margin:0 0 16px;\">Il faut replacer l&rsquo;op\u00e9ration dans le contexte marseillais de l&rsquo;\u00e9t\u00e9 2026, marqu\u00e9 par un <strong>mercato volontairement restreint<\/strong> \u2014 sujet de d\u00e9bat r\u00e9current dans les \u00e9missions sp\u00e9cialis\u00e9es, certains y voyant une faiblesse, d&rsquo;autres un atout de stabilit\u00e9 pour la saison \u00e0 venir.<\/p>\n<p style=\"font-size:16.5px;line-height:1.7;color:#2a2a2a;margin:0 0 16px;\">Dans une fen\u00eatre de transferts contrainte, s\u00e9curiser un joueur form\u00e9 au club vaut \u00e9conomiquement une recrue. Un joueur issu du centre de formation entre dans les <strong>quotas de joueurs form\u00e9s localement<\/strong>, ne co\u00fbte aucune indemnit\u00e9 de transfert, et p\u00e8se peu au salaire. Surtout, s&rsquo;il progresse, sa revente constitue une plus-value nette \u2014 le mod\u00e8le \u00e9conomique que l&rsquo;OM cherche \u00e0 installer depuis plusieurs saisons.<\/p>\n<p style=\"font-size:16.5px;line-height:1.7;color:#2a2a2a;margin:0 0 16px;\">L&rsquo;autre lecture est sportive. Kamissoko a \u00e9t\u00e9 <strong>titulaire lors du premier match amical de pr\u00e9paration<\/strong> contre Yamoussoukro FC, ce qui n&rsquo;est jamais anodin : les compositions des premiers amicaux traduisent assez fid\u00e8lement la hi\u00e9rarchie mentale d&rsquo;un staff avant le d\u00e9but du championnat.<\/p>\n<p style=\"font-size:16.5px;line-height:1.7;color:#2a2a2a;margin:0 0 16px;\">Il faut cependant se garder de tout emballement, et l&rsquo;\u00e9t\u00e9 marseillais invite \u00e0 la prudence : l&rsquo;OM s&rsquo;est inclin\u00e9 <strong>0-3 face \u00e0 Nice<\/strong> lors d&rsquo;un amical de pr\u00e9paration le 26 juillet 2026, le jour m\u00eame de l&rsquo;annonce de la prolongation. Une pr\u00e9paration ne se juge pas au score, mais elle ne se lit pas non plus comme une promesse de titularisations. Kamissoko reste, \u00e0 ce stade, un joueur de rotation \u00e0 confirmer, dans un secteur de jeu o\u00f9 la concurrence est le premier obstacle.<\/p>\n<h2 style=\"font-size:24px;line-height:1.25;margin:36px 0 14px;letter-spacing:-.01em;color:#1a1a1a;font-weight:800;\">Ce qu&rsquo;il faut surveiller dans les prochaines semaines<\/h2>\n<p style=\"font-size:16.5px;line-height:1.7;color:#2a2a2a;margin:0 0 16px;\">Le vrai indicateur ne sera pas le nombre de minutes cumul\u00e9es, mais <strong>la nature des matches dans lesquels il entre<\/strong>. Un jeune milieu qu&rsquo;on fait entrer \u00e0 2-0 dans le temps additionnel est g\u00e9r\u00e9 ; un jeune milieu qu&rsquo;on lance \u00e0 1-1 \u00e0 la 60<sup>e<\/sup> minute d&rsquo;un match tendu est int\u00e9gr\u00e9. C&rsquo;est la distinction qui compte.<\/p>\n<p style=\"font-size:16.5px;line-height:1.7;color:#2a2a2a;margin:0 0 16px;\">Second point d&rsquo;attention : la <strong>s\u00e9lection malienne<\/strong>. Un joueur r\u00e9guli\u00e8rement appel\u00e9 bascule dans une autre cat\u00e9gorie de valorisation, mais s&rsquo;expose aussi aux absences li\u00e9es aux comp\u00e9titions continentales \u2014 une contrainte r\u00e9elle pour un club qui doit g\u00e9rer un effectif limit\u00e9.<\/p>\n<p style=\"font-size:16.5px;line-height:1.7;color:#2a2a2a;margin:0 0 16px;\">Enfin, la dur\u00e9e de contrat elle-m\u00eame est un outil. En verrouillant jusqu&rsquo;en 2029, l&rsquo;OM se donne <strong>trois saisons<\/strong> pour valoriser le joueur sans jamais n\u00e9gocier en position de faiblesse. C&rsquo;est pr\u00e9cis\u00e9ment ce que les clubs qui vendent bien font syst\u00e9matiquement, et ce que ceux qui laissent partir leurs jeunes libres oublient de faire.<\/p>\n<div style=\"background:#1a1a1a;border-radius:14px;padding:22px 26px;margin:30px 0 8px;font-family:-apple-system,BlinkMacSystemFont,'Segoe UI',Roboto,sans-serif;\">\n<div style=\"font-size:12px;font-weight:800;letter-spacing:.16em;text-transform:uppercase;color:#15803D;margin-bottom:8px;\">\ud83c\udfaf \u00c0 retenir<\/div>\n<div style=\"font-size:17px;line-height:1.6;color:#f0f0f0;\">Trois matches de Ligue 1 au compteur et d\u00e9j\u00e0 deux prolongations en cinq mois : l&rsquo;OM a verrouill\u00e9 Nouhoum Kamissoko jusqu&rsquo;en juin 2029 le 26 juillet, dans un mercato volontairement restreint. Pour un club qui doit vendre pour investir, s\u00e9curiser un milieu de 21 ans form\u00e9 \u00e0 la maison vaut \u00e9conomiquement une recrue. Reste \u00e0 voir dans quels matches, et \u00e0 quels scores, le staff osera le lancer.<\/div>\n<\/div>\n","protected":false},"excerpt":{"rendered":"","protected":false},"author":39,"featured_media":18299,"comment_status":"open","ping_status":"open","sticky":false,"template":"","format":"standard","meta":{"_acf_changed":false,"manual_indexmenow":false,"indexmenow_id_project":0,"footnotes":""},"categories":[4520],"tags":[],"class_list":["post-18297","post","type-post","status-publish","format-standard","has-post-thumbnail","hentry","category-actualites-sportives","generate-columns","tablet-grid-50","mobile-grid-100","grid-parent","grid-25"],"acf":[],"yoast_head":"<!-- This site is optimized with the Yoast SEO Premium plugin v21.3 (Yoast SEO v26.5) - https:\/\/yoast.com\/wordpress\/plugins\/seo\/ -->\n<title>Kamissoko prolonge jusqu&#039;en 2029 : pourquoi l&#039;OM verrouille un milieu de 21 ans qui n&#039;a jou\u00e9 que trois matches<\/title>\n<meta name=\"description\" content=\"L&#039;Olympique de Marseille a officialis\u00e9 le 26 juillet 2026 la prolongation de Nouhoum Kamissoko jusqu&#039;en juin 2029. Le nom ne dira rien au spectateur\" \/>\n<meta name=\"robots\" content=\"index, follow, max-snippet:-1, max-image-preview:large, max-video-preview:-1\" \/>\n<link rel=\"canonical\" href=\"https:\/\/sport-index.fr\/blog\/actualites-sportives\/kamissoko-prolonge-jusqu-en-2029-pourquoi-l-om-verrouille-un-milieu-de\/\" \/>\n<meta property=\"og:locale\" content=\"fr_FR\" \/>\n<meta property=\"og:type\" content=\"article\" \/>\n<meta property=\"og:title\" content=\"Kamissoko prolonge jusqu&#039;en 2029 : pourquoi l&#039;OM verrouille un milieu de 21 ans qui n&#039;a jou\u00e9 que trois matches\" \/>\n<meta property=\"og:description\" content=\"L&#039;Olympique de Marseille a officialis\u00e9 le 26 juillet 2026 la prolongation de Nouhoum Kamissoko jusqu&#039;en juin 2029. Le nom ne dira rien au spectateur\" \/>\n<meta property=\"og:url\" content=\"https:\/\/sport-index.fr\/blog\/actualites-sportives\/kamissoko-prolonge-jusqu-en-2029-pourquoi-l-om-verrouille-un-milieu-de\/\" \/>\n<meta property=\"og:site_name\" content=\"sport-index\" \/>\n<meta property=\"og:image\" content=\"https:\/\/img.youtube.com\/vi\/isIHyqB3tQ8\/maxresdefault.jpg\" \/>\n<meta name=\"author\" content=\"Lucas Moreau\" \/>\n<meta name=\"twitter:card\" content=\"summary_large_image\" \/>\n<script type=\"application\/ld+json\" class=\"yoast-schema-graph\">{\"@context\":\"https:\/\/schema.org\",\"@graph\":[{\"@type\":\"NewsArticle\",\"@id\":\"https:\/\/sport-index.fr\/blog\/actualites-sportives\/kamissoko-prolonge-jusqu-en-2029-pourquoi-l-om-verrouille-un-milieu-de\/#article\",\"isPartOf\":{\"@id\":\"https:\/\/sport-index.fr\/blog\/actualites-sportives\/kamissoko-prolonge-jusqu-en-2029-pourquoi-l-om-verrouille-un-milieu-de\/\"},\"author\":{\"name\":\"Lucas Moreau\",\"@id\":\"https:\/\/sport-index.fr\/blog\/#\/schema\/person\/51382fb0b3e562f2d8b7b16213248735\"},\"headline\":\"Kamissoko prolonge jusqu&rsquo;en 2029 : pourquoi l&rsquo;OM verrouille un milieu de 21 ans qui n&rsquo;a jou\u00e9 que trois matches\",\"datePublished\":\"2026-07-28T08:25:50+00:00\",\"mainEntityOfPage\":{\"@id\":\"https:\/\/sport-index.fr\/blog\/actualites-sportives\/kamissoko-prolonge-jusqu-en-2029-pourquoi-l-om-verrouille-un-milieu-de\/\"},\"wordCount\":1214,\"commentCount\":0,\"publisher\":{\"@id\":\"https:\/\/sport-index.fr\/blog\/#organization\"},\"image\":{\"@id\":\"https:\/\/sport-index.fr\/blog\/actualites-sportives\/kamissoko-prolonge-jusqu-en-2029-pourquoi-l-om-verrouille-un-milieu-de\/#primaryimage\"},\"thumbnailUrl\":\"https:\/\/sport-index.fr\/blog\/wp-content\/uploads\/2026\/07\/pexels_sport-index_fr_18297_28355082-scaled.jpg\",\"articleSection\":[\"Actualit\u00e9s Sportives\"],\"inLanguage\":\"fr-FR\",\"potentialAction\":[{\"@type\":\"CommentAction\",\"name\":\"Comment\",\"target\":[\"https:\/\/sport-index.fr\/blog\/actualites-sportives\/kamissoko-prolonge-jusqu-en-2029-pourquoi-l-om-verrouille-un-milieu-de\/#respond\"]}]},{\"@type\":\"WebPage\",\"@id\":\"https:\/\/sport-index.fr\/blog\/actualites-sportives\/kamissoko-prolonge-jusqu-en-2029-pourquoi-l-om-verrouille-un-milieu-de\/\",\"url\":\"https:\/\/sport-index.fr\/blog\/actualites-sportives\/kamissoko-prolonge-jusqu-en-2029-pourquoi-l-om-verrouille-un-milieu-de\/\",\"name\":\"Kamissoko prolonge jusqu'en 2029 : pourquoi l'OM verrouille un milieu de 21 ans qui n'a jou\u00e9 que trois matches\",\"isPartOf\":{\"@id\":\"https:\/\/sport-index.fr\/blog\/#website\"},\"primaryImageOfPage\":{\"@id\":\"https:\/\/sport-index.fr\/blog\/actualites-sportives\/kamissoko-prolonge-jusqu-en-2029-pourquoi-l-om-verrouille-un-milieu-de\/#primaryimage\"},\"image\":{\"@id\":\"https:\/\/sport-index.fr\/blog\/actualites-sportives\/kamissoko-prolonge-jusqu-en-2029-pourquoi-l-om-verrouille-un-milieu-de\/#primaryimage\"},\"thumbnailUrl\":\"https:\/\/sport-index.fr\/blog\/wp-content\/uploads\/2026\/07\/pexels_sport-index_fr_18297_28355082-scaled.jpg\",\"datePublished\":\"2026-07-28T08:25:50+00:00\",\"description\":\"L'Olympique de Marseille a officialis\u00e9 le 26 juillet 2026 la prolongation de Nouhoum Kamissoko jusqu'en juin 2029. Le nom ne dira rien au spectateur\",\"inLanguage\":\"fr-FR\",\"potentialAction\":[{\"@type\":\"ReadAction\",\"target\":[\"https:\/\/sport-index.fr\/blog\/actualites-sportives\/kamissoko-prolonge-jusqu-en-2029-pourquoi-l-om-verrouille-un-milieu-de\/\"]}]},{\"@type\":\"ImageObject\",\"inLanguage\":\"fr-FR\",\"@id\":\"https:\/\/sport-index.fr\/blog\/actualites-sportives\/kamissoko-prolonge-jusqu-en-2029-pourquoi-l-om-verrouille-un-milieu-de\/#primaryimage\",\"url\":\"https:\/\/sport-index.fr\/blog\/wp-content\/uploads\/2026\/07\/pexels_sport-index_fr_18297_28355082-scaled.jpg\",\"contentUrl\":\"https:\/\/sport-index.fr\/blog\/wp-content\/uploads\/2026\/07\/pexels_sport-index_fr_18297_28355082-scaled.jpg\",\"width\":1200,\"height\":689,\"caption\":\"Close-up of a football player standing by a ball during a game on a grass pitch.\"},{\"@type\":\"WebSite\",\"@id\":\"https:\/\/sport-index.fr\/blog\/#website\",\"url\":\"https:\/\/sport-index.fr\/blog\/\",\"name\":\"sport-index.fr\",\"description\":\"Le score de l\u2019analyse sportive.\",\"publisher\":{\"@id\":\"https:\/\/sport-index.fr\/blog\/#organization\"},\"alternateName\":\"Le score de l\u2019analyse sportive.\",\"potentialAction\":[{\"@type\":\"SearchAction\",\"target\":{\"@type\":\"EntryPoint\",\"urlTemplate\":\"https:\/\/sport-index.fr\/blog\/?s={search_term_string}\"},\"query-input\":{\"@type\":\"PropertyValueSpecification\",\"valueRequired\":true,\"valueName\":\"search_term_string\"}}],\"inLanguage\":\"fr-FR\"},{\"@type\":\"Organization\",\"@id\":\"https:\/\/sport-index.fr\/blog\/#organization\",\"name\":\"Foretsensations.fr\",\"url\":\"https:\/\/sport-index.fr\/blog\/\",\"logo\":{\"@type\":\"ImageObject\",\"inLanguage\":\"fr-FR\",\"@id\":\"https:\/\/sport-index.fr\/blog\/#\/schema\/logo\/image\/\",\"url\":\"https:\/\/sport-index.fr\/blog\/wp-content\/uploads\/2026\/07\/logo-auto.png\",\"contentUrl\":\"https:\/\/sport-index.fr\/blog\/wp-content\/uploads\/2026\/07\/logo-auto.png\",\"width\":1024,\"height\":1024,\"caption\":\"Foretsensations.fr\"},\"image\":{\"@id\":\"https:\/\/sport-index.fr\/blog\/#\/schema\/logo\/image\/\"}},{\"@type\":\"Person\",\"@id\":\"https:\/\/sport-index.fr\/blog\/#\/schema\/person\/51382fb0b3e562f2d8b7b16213248735\",\"name\":\"Lucas Moreau\",\"image\":{\"@type\":\"ImageObject\",\"inLanguage\":\"fr-FR\",\"@id\":\"https:\/\/sport-index.fr\/blog\/#\/schema\/person\/image\/\",\"url\":\"https:\/\/secure.gravatar.com\/avatar\/?s=96&d=mm&r=g\",\"contentUrl\":\"https:\/\/secure.gravatar.com\/avatar\/?s=96&d=mm&r=g\",\"caption\":\"Lucas Moreau\"},\"description\":\"Journaliste sportif avec plus de 15 ans d\u2019exp\u00e9rience couvrant divers sports tels que le football, le basket-ball, et le tennis. Lucas offre des analyses approfondies, des interviews exclusives et des reportages sur les grands \u00e9v\u00e9nements sportifs.\",\"url\":\"https:\/\/sport-index.fr\/blog\/auteur\/lucas-moreau\/\"}]}<\/script>\n<!-- \/ Yoast SEO Premium plugin. -->","yoast_head_json":{"title":"Kamissoko prolonge jusqu'en 2029 : pourquoi l'OM verrouille un milieu de 21 ans qui n'a jou\u00e9 que trois matches","description":"L'Olympique de Marseille a officialis\u00e9 le 26 juillet 2026 la prolongation de Nouhoum Kamissoko jusqu'en juin 2029. Le nom ne dira rien au spectateur","robots":{"index":"index","follow":"follow","max-snippet":"max-snippet:-1","max-image-preview":"max-image-preview:large","max-video-preview":"max-video-preview:-1"},"canonical":"https:\/\/sport-index.fr\/blog\/actualites-sportives\/kamissoko-prolonge-jusqu-en-2029-pourquoi-l-om-verrouille-un-milieu-de\/","og_locale":"fr_FR","og_type":"article","og_title":"Kamissoko prolonge jusqu'en 2029 : pourquoi l'OM verrouille un milieu de 21 ans qui n'a jou\u00e9 que trois matches","og_description":"L'Olympique de Marseille a officialis\u00e9 le 26 juillet 2026 la prolongation de Nouhoum Kamissoko jusqu'en juin 2029. Le nom ne dira rien au spectateur","og_url":"https:\/\/sport-index.fr\/blog\/actualites-sportives\/kamissoko-prolonge-jusqu-en-2029-pourquoi-l-om-verrouille-un-milieu-de\/","og_site_name":"sport-index","og_image":[{"url":"https:\/\/img.youtube.com\/vi\/isIHyqB3tQ8\/maxresdefault.jpg","type":"","width":"","height":""}],"author":"Lucas Moreau","twitter_card":"summary_large_image","schema":{"@context":"https:\/\/schema.org","@graph":[{"@type":"NewsArticle","@id":"https:\/\/sport-index.fr\/blog\/actualites-sportives\/kamissoko-prolonge-jusqu-en-2029-pourquoi-l-om-verrouille-un-milieu-de\/#article","isPartOf":{"@id":"https:\/\/sport-index.fr\/blog\/actualites-sportives\/kamissoko-prolonge-jusqu-en-2029-pourquoi-l-om-verrouille-un-milieu-de\/"},"author":{"name":"Lucas Moreau","@id":"https:\/\/sport-index.fr\/blog\/#\/schema\/person\/51382fb0b3e562f2d8b7b16213248735"},"headline":"Kamissoko prolonge jusqu&rsquo;en 2029 : pourquoi l&rsquo;OM verrouille un milieu de 21 ans qui n&rsquo;a jou\u00e9 que trois matches","datePublished":"2026-07-28T08:25:50+00:00","mainEntityOfPage":{"@id":"https:\/\/sport-index.fr\/blog\/actualites-sportives\/kamissoko-prolonge-jusqu-en-2029-pourquoi-l-om-verrouille-un-milieu-de\/"},"wordCount":1214,"commentCount":0,"publisher":{"@id":"https:\/\/sport-index.fr\/blog\/#organization"},"image":{"@id":"https:\/\/sport-index.fr\/blog\/actualites-sportives\/kamissoko-prolonge-jusqu-en-2029-pourquoi-l-om-verrouille-un-milieu-de\/#primaryimage"},"thumbnailUrl":"https:\/\/sport-index.fr\/blog\/wp-content\/uploads\/2026\/07\/pexels_sport-index_fr_18297_28355082-scaled.jpg","articleSection":["Actualit\u00e9s Sportives"],"inLanguage":"fr-FR","potentialAction":[{"@type":"CommentAction","name":"Comment","target":["https:\/\/sport-index.fr\/blog\/actualites-sportives\/kamissoko-prolonge-jusqu-en-2029-pourquoi-l-om-verrouille-un-milieu-de\/#respond"]}]},{"@type":"WebPage","@id":"https:\/\/sport-index.fr\/blog\/actualites-sportives\/kamissoko-prolonge-jusqu-en-2029-pourquoi-l-om-verrouille-un-milieu-de\/","url":"https:\/\/sport-index.fr\/blog\/actualites-sportives\/kamissoko-prolonge-jusqu-en-2029-pourquoi-l-om-verrouille-un-milieu-de\/","name":"Kamissoko prolonge jusqu'en 2029 : pourquoi l'OM verrouille un milieu de 21 ans qui n'a jou\u00e9 que trois matches","isPartOf":{"@id":"https:\/\/sport-index.fr\/blog\/#website"},"primaryImageOfPage":{"@id":"https:\/\/sport-index.fr\/blog\/actualites-sportives\/kamissoko-prolonge-jusqu-en-2029-pourquoi-l-om-verrouille-un-milieu-de\/#primaryimage"},"image":{"@id":"https:\/\/sport-index.fr\/blog\/actualites-sportives\/kamissoko-prolonge-jusqu-en-2029-pourquoi-l-om-verrouille-un-milieu-de\/#primaryimage"},"thumbnailUrl":"https:\/\/sport-index.fr\/blog\/wp-content\/uploads\/2026\/07\/pexels_sport-index_fr_18297_28355082-scaled.jpg","datePublished":"2026-07-28T08:25:50+00:00","description":"L'Olympique de Marseille a officialis\u00e9 le 26 juillet 2026 la prolongation de Nouhoum Kamissoko jusqu'en juin 2029. Le nom ne dira rien au spectateur","inLanguage":"fr-FR","potentialAction":[{"@type":"ReadAction","target":["https:\/\/sport-index.fr\/blog\/actualites-sportives\/kamissoko-prolonge-jusqu-en-2029-pourquoi-l-om-verrouille-un-milieu-de\/"]}]},{"@type":"ImageObject","inLanguage":"fr-FR","@id":"https:\/\/sport-index.fr\/blog\/actualites-sportives\/kamissoko-prolonge-jusqu-en-2029-pourquoi-l-om-verrouille-un-milieu-de\/#primaryimage","url":"https:\/\/sport-index.fr\/blog\/wp-content\/uploads\/2026\/07\/pexels_sport-index_fr_18297_28355082-scaled.jpg","contentUrl":"https:\/\/sport-index.fr\/blog\/wp-content\/uploads\/2026\/07\/pexels_sport-index_fr_18297_28355082-scaled.jpg","width":1200,"height":689,"caption":"Close-up of a football player standing by a ball during a game on a grass pitch."},{"@type":"WebSite","@id":"https:\/\/sport-index.fr\/blog\/#website","url":"https:\/\/sport-index.fr\/blog\/","name":"sport-index.fr","description":"Le score de l\u2019analyse sportive.","publisher":{"@id":"https:\/\/sport-index.fr\/blog\/#organization"},"alternateName":"Le score de l\u2019analyse sportive.","potentialAction":[{"@type":"SearchAction","target":{"@type":"EntryPoint","urlTemplate":"https:\/\/sport-index.fr\/blog\/?s={search_term_string}"},"query-input":{"@type":"PropertyValueSpecification","valueRequired":true,"valueName":"search_term_string"}}],"inLanguage":"fr-FR"},{"@type":"Organization","@id":"https:\/\/sport-index.fr\/blog\/#organization","name":"Foretsensations.fr","url":"https:\/\/sport-index.fr\/blog\/","logo":{"@type":"ImageObject","inLanguage":"fr-FR","@id":"https:\/\/sport-index.fr\/blog\/#\/schema\/logo\/image\/","url":"https:\/\/sport-index.fr\/blog\/wp-content\/uploads\/2026\/07\/logo-auto.png","contentUrl":"https:\/\/sport-index.fr\/blog\/wp-content\/uploads\/2026\/07\/logo-auto.png","width":1024,"height":1024,"caption":"Foretsensations.fr"},"image":{"@id":"https:\/\/sport-index.fr\/blog\/#\/schema\/logo\/image\/"}},{"@type":"Person","@id":"https:\/\/sport-index.fr\/blog\/#\/schema\/person\/51382fb0b3e562f2d8b7b16213248735","name":"Lucas Moreau","image":{"@type":"ImageObject","inLanguage":"fr-FR","@id":"https:\/\/sport-index.fr\/blog\/#\/schema\/person\/image\/","url":"https:\/\/secure.gravatar.com\/avatar\/?s=96&d=mm&r=g","contentUrl":"https:\/\/secure.gravatar.com\/avatar\/?s=96&d=mm&r=g","caption":"Lucas Moreau"},"description":"Journaliste sportif avec plus de 15 ans d\u2019exp\u00e9rience couvrant divers sports tels que le football, le basket-ball, et le tennis. Lucas offre des analyses approfondies, des interviews exclusives et des reportages sur les grands \u00e9v\u00e9nements sportifs.","url":"https:\/\/sport-index.fr\/blog\/auteur\/lucas-moreau\/"}]}},"_links":{"self":[{"href":"https:\/\/sport-index.fr\/blog\/wp-json\/wp\/v2\/posts\/18297","targetHints":{"allow":["GET"]}}],"collection":[{"href":"https:\/\/sport-index.fr\/blog\/wp-json\/wp\/v2\/posts"}],"about":[{"href":"https:\/\/sport-index.fr\/blog\/wp-json\/wp\/v2\/types\/post"}],"author":[{"embeddable":true,"href":"https:\/\/sport-index.fr\/blog\/wp-json\/wp\/v2\/users\/39"}],"replies":[{"embeddable":true,"href":"https:\/\/sport-index.fr\/blog\/wp-json\/wp\/v2\/comments?post=18297"}],"version-history":[{"count":0,"href":"https:\/\/sport-index.fr\/blog\/wp-json\/wp\/v2\/posts\/18297\/revisions"}],"wp:featuredmedia":[{"embeddable":true,"href":"https:\/\/sport-index.fr\/blog\/wp-json\/wp\/v2\/media\/18299"}],"wp:attachment":[{"href":"https:\/\/sport-index.fr\/blog\/wp-json\/wp\/v2\/media?parent=18297"}],"wp:term":[{"taxonomy":"category","embeddable":true,"href":"https:\/\/sport-index.fr\/blog\/wp-json\/wp\/v2\/categories?post=18297"},{"taxonomy":"post_tag","embeddable":true,"href":"https:\/\/sport-index.fr\/blog\/wp-json\/wp\/v2\/tags?post=18297"}],"curies":[{"name":"wp","href":"https:\/\/api.w.org\/{rel}","templated":true}]}}