{"id":18300,"date":"2026-07-31T10:14:08","date_gmt":"2026-07-31T08:14:08","guid":{"rendered":"https:\/\/sport-index.fr\/blog\/actualites-sportives\/franco-baresi-est-mort-a-66-ans-le-football-perd-le-numero-6-eternel-d\/"},"modified":"2026-07-31T10:14:08","modified_gmt":"2026-07-31T08:14:08","slug":"franco-baresi-est-mort-a-66-ans-le-football-perd-le-numero-6-eternel-d","status":"publish","type":"post","link":"https:\/\/sport-index.fr\/blog\/actualites-sportives\/franco-baresi-est-mort-a-66-ans-le-football-perd-le-numero-6-eternel-d\/","title":{"rendered":"Franco Baresi est mort \u00e0 66 ans : le football perd le num\u00e9ro 6 \u00e9ternel de l&rsquo;AC Milan"},"content":{"rendered":"<p style=\"font-size:18px;line-height:1.65;color:#1a1a1a;\"><strong>Franco Baresi est mort \u00e0 66 ans, a annonc\u00e9 l&rsquo;AC Milan ce vendredi 31 juillet.<\/strong> Capitaine embl\u00e9matique des Rossoneri pendant deux d\u00e9cennies, consid\u00e9r\u00e9 comme l&rsquo;un des plus grands d\u00e9fenseurs de l&rsquo;histoire du football, l&rsquo;Italien s&rsquo;est \u00e9teint apr\u00e8s une longue maladie : il avait \u00e9t\u00e9 op\u00e9r\u00e9 d&rsquo;un nodule pulmonaire en ao\u00fbt 2025. Son maillot num\u00e9ro 6, retir\u00e9 par le club d\u00e8s 1997, r\u00e9sume \u00e0 lui seul ce qu&rsquo;il repr\u00e9sentait \u00e0 San Siro.<\/p>\n<div style=\"background:#E7F3EC;border:1px solid #15803D33;border-radius:14px;padding:20px 24px;margin:26px 0;font-family:-apple-system,BlinkMacSystemFont,'Segoe UI',Roboto,sans-serif;\">\n<div style=\"font-size:12px;font-weight:800;letter-spacing:.14em;text-transform:uppercase;color:#15803D;margin-bottom:12px;\">\u26a1 En bref<\/div>\n<ul style=\"margin:0;padding:0;list-style:none;font-size:15.5px;color:#1a1a1a;\">\n<li style=\"margin:0 0 8px;padding-left:24px;position:relative;line-height:1.5;\"><span style=\"position:absolute;left:0;color:#15803D;font-weight:800;\">\u25b8<\/span>L&rsquo;<strong>AC Milan<\/strong> a annonc\u00e9 le d\u00e9c\u00e8s de Franco Baresi ce vendredi 31 juillet, \u00e0 l&rsquo;\u00e2ge de <strong>66 ans<\/strong><\/li>\n<li style=\"margin:0 0 8px;padding-left:24px;position:relative;line-height:1.5;\"><span style=\"position:absolute;left:0;color:#15803D;font-weight:800;\">\u25b8<\/span>Une seule tunique de 1977 \u00e0 1997 : <strong>719 matches officiels<\/strong> avec Milan, 6 titres de champion d&rsquo;Italie, 3 Coupes d&rsquo;Europe des clubs champions<\/li>\n<li style=\"margin:0 0 8px;padding-left:24px;position:relative;line-height:1.5;\"><span style=\"position:absolute;left:0;color:#15803D;font-weight:800;\">\u25b8<\/span>Champion du monde 1982 avec l&rsquo;Italie sans jouer, <strong>finaliste h\u00e9ro\u00efque du Mondial 1994<\/strong>, disput\u00e9 moins d&rsquo;un mois apr\u00e8s une op\u00e9ration du m\u00e9nisque<\/li>\n<li style=\"margin:0 0 8px;padding-left:24px;position:relative;line-height:1.5;\"><span style=\"position:absolute;left:0;color:#15803D;font-weight:800;\">\u25b8<\/span>Le club avait d\u00fb <strong>d\u00e9mentir de fausses rumeurs de d\u00e9c\u00e8s<\/strong> mercredi soir, relay\u00e9es jusqu&rsquo;\u00e0 des responsables politiques italiens<\/li>\n<\/ul>\n<\/div>\n<div style=\"display:flex;flex-wrap:wrap;gap:12px;margin:24px 0;\">\n<div style=\"flex:1;min-width:120px;background:#fff;border:1px solid #e6e8ee;border-top:3px solid #15803D;border-radius:12px;padding:16px 18px;text-align:center;\">\n<div style=\"font-size:26px;font-weight:800;color:#15803D;line-height:1.1;letter-spacing:-.01em;\">66 ans<\/div>\n<div style=\"font-size:12.5px;color:#667085;margin-top:6px;line-height:1.3;\">d\u00e9c\u00e9d\u00e9 le 31 juillet 2026<\/div>\n<\/div>\n<div style=\"flex:1;min-width:120px;background:#fff;border:1px solid #e6e8ee;border-top:3px solid #15803D;border-radius:12px;padding:16px 18px;text-align:center;\">\n<div style=\"font-size:26px;font-weight:800;color:#15803D;line-height:1.1;letter-spacing:-.01em;\">719<\/div>\n<div style=\"font-size:12.5px;color:#667085;margin-top:6px;line-height:1.3;\">matches officiels avec l&rsquo;AC Milan (1977-1997)<\/div>\n<\/div>\n<div style=\"flex:1;min-width:120px;background:#fff;border:1px solid #e6e8ee;border-top:3px solid #15803D;border-radius:12px;padding:16px 18px;text-align:center;\">\n<div style=\"font-size:26px;font-weight:800;color:#15803D;line-height:1.1;letter-spacing:-.01em;\">6<\/div>\n<div style=\"font-size:12.5px;color:#667085;margin-top:6px;line-height:1.3;\">Scudetti (titres de champion d&rsquo;Italie)<\/div>\n<\/div>\n<div style=\"flex:1;min-width:120px;background:#fff;border:1px solid #e6e8ee;border-top:3px solid #15803D;border-radius:12px;padding:16px 18px;text-align:center;\">\n<div style=\"font-size:26px;font-weight:800;color:#15803D;line-height:1.1;letter-spacing:-.01em;\">3<\/div>\n<div style=\"font-size:12.5px;color:#667085;margin-top:6px;line-height:1.3;\">Coupes d&rsquo;Europe \/ C1 (1989, 1990, 1994)<\/div>\n<\/div>\n<\/div>\n<h2 style=\"font-size:24px;line-height:1.25;margin:36px 0 14px;letter-spacing:-.01em;color:#1a1a1a;font-weight:800;\">Un seul club, une vie enti\u00e8re : le num\u00e9ro 6 de San Siro<\/h2>\n<p style=\"font-size:16.5px;line-height:1.7;color:#2a2a2a;margin:0 0 16px;\">L&rsquo;histoire aurait pu \u00eatre toute autre : adolescent, Franco Baresi est recal\u00e9 par l&rsquo;Inter \u2014 jug\u00e9 trop fr\u00eale \u2014 alors que son fr\u00e8re a\u00een\u00e9 Giuseppe y fera toute sa carri\u00e8re. Milan le r\u00e9cup\u00e8re en 1977, et ne le l\u00e2chera plus : <strong>vingt saisons, 719 matches officiels<\/strong>, un record de fid\u00e9lit\u00e9 que seul Paolo Maldini prolongera. Lib\u00e9ro moderne avant l&rsquo;heure, il gagne 6 Scudetti et 3 Coupes d&rsquo;Europe, dont les deux triomphes du grand Milan d&rsquo;Arrigo Sacchi (1989, 1990) aux c\u00f4t\u00e9s de Maldini, Costacurta et Tassotti \u2014 la d\u00e9fense la plus c\u00e9l\u00e8bre de l&rsquo;histoire.<\/p>\n<p style=\"font-size:16.5px;line-height:1.7;color:#2a2a2a;margin:0 0 16px;\">\u00c0 sa retraite en 1997, le club fait un geste rarissime dans le football italien : il <strong>retire le maillot num\u00e9ro 6<\/strong>. Personne ne l&rsquo;a port\u00e9 depuis. Depuis 2020, Baresi occupait le poste de vice-pr\u00e9sident d&rsquo;honneur du club, rappelle <a href=\"https:\/\/www.lavenir.net\/sports\/football\/2026\/07\/31\/le-legendaire-defenseur-italien-franco-baresi-est-mort-a-66-ans-TDEBEJXME5FN3AS4MRGMFKJYEU\/\" rel=\"nofollow noopener\" target=\"_blank\">L&rsquo;Avenir<\/a>.<\/p>\n<div style=\"border:1px solid #e6e8ee;border-radius:14px;padding:16px 18px;margin:22px 0;background:#fafbfc;font-family:-apple-system,BlinkMacSystemFont,'Segoe UI',Roboto,sans-serif;\">\n<div style=\"display:flex;align-items:center;gap:8px;margin-bottom:10px;\"><span style=\"font-size:11px;font-weight:800;letter-spacing:.06em;color:#fff;background:#FF0000;padding:3px 9px;border-radius:6px;\">\u25b6 YouTube<\/span><span style=\"font-size:13px;color:#667085;font-weight:600;\">RaiNews<\/span><span style=\"margin-left:auto;font-size:13px;color:#667085;white-space:nowrap;\">4 814 vues<\/span><\/div>\n<p><a href=\"https:\/\/www.youtube.com\/watch?v=7kKexpGY_EU\" target=\"_blank\" rel=\"noopener nofollow\" style=\"display:block;position:relative;border-radius:10px;overflow:hidden;text-decoration:none;\"><img decoding=\"async\" src=\"https:\/\/i.ytimg.com\/vi\/7kKexpGY_EU\/hq720.jpg\" alt=\"Franco Baresi \u00e8 morto. A 66 anni si \u00e8 spenta la leggenda del Milan e del calcio italiano\" style=\"width:100%;display:block;\"><span style=\"position:absolute;inset:0;display:flex;align-items:center;justify-content:center;background:rgba(0,0,0,.18);\"><span style=\"width:62px;height:62px;border-radius:50%;background:rgba(255,0,0,.92);display:flex;align-items:center;justify-content:center;color:#fff;font-size:24px;\">\u25b6<\/span><\/span><\/a><\/p>\n<div style=\"font-size:14px;color:#1a1a1a;font-weight:600;margin-top:10px;\">Franco Baresi \u00e8 morto. A 66 anni si \u00e8 spenta la leggenda del Milan e del calcio italiano<\/div>\n<\/div>\n<blockquote style=\"margin:28px 0;padding:20px 26px;border-left:4px solid #15803D;background:#E7F3EC;border-radius:0 12px 12px 0;font-size:19px;line-height:1.5;font-style:italic;color:#1a1a1a;\"><p>\u00ab Milan pleure la disparition de Franco Baresi, qui restera pour toujours, comme son maillot num\u00e9ro 6, une partie ins\u00e9parable et fondamentale de l&rsquo;ADN et de l&rsquo;histoire du club. \u00bb<\/p>\n<div style=\"font-size:13px;color:#667085;margin-top:10px;font-style:normal;\">\u2014 Communiqu\u00e9 de l&rsquo;AC Milan, 31 juillet 2026<\/div>\n<\/blockquote>\n<h2 style=\"font-size:24px;line-height:1.25;margin:36px 0 14px;letter-spacing:-.01em;color:#1a1a1a;font-weight:800;\">1994, la finale qui a scell\u00e9 sa l\u00e9gende<\/h2>\n<p style=\"font-size:16.5px;line-height:1.7;color:#2a2a2a;margin:0 0 16px;\">En s\u00e9lection, Baresi compte 81 capes et fait partie du groupe champion du monde en <strong>1982<\/strong> \u2014 \u00e0 <strong>22 ans<\/strong>, sans disputer une minute. Douze ans plus tard, il \u00e9crit l&rsquo;une des pages les plus folles de l&rsquo;histoire des Mondiaux : bless\u00e9 au m\u00e9nisque en d\u00e9but de tournoi aux \u00c9tats-Unis, il est op\u00e9r\u00e9, puis <strong>revient <strong>25 jours<\/strong> plus tard pour jouer l&rsquo;int\u00e9gralit\u00e9 de la finale<\/strong> contre le Br\u00e9sil de Romario, \u00e0 <strong>34 ans<\/strong>, dans la fournaise de Pasadena.<\/p>\n<p style=\"font-size:16.5px;line-height:1.7;color:#2a2a2a;margin:0 0 16px;\">L&rsquo;Italie s&rsquo;incline aux tirs au but \u2014 Baresi, \u00e9puis\u00e9, envoie le sien au-dessus, avant les \u00e9checs de Massaro et Baggio. L&rsquo;image de son visage d\u00e9fait, consol\u00e9 par ses co\u00e9quipiers, reste l&rsquo;une des plus poignantes du football des ann\u00e9es 90. Paradoxe cruel pour un joueur qui n&rsquo;a pratiquement jamais rien rat\u00e9 d&rsquo;autre.<\/p>\n<h2 style=\"font-size:24px;line-height:1.25;margin:36px 0 14px;letter-spacing:-.01em;color:#1a1a1a;font-weight:800;\">Deux jours de confusion, puis l&rsquo;annonce officielle<\/h2>\n<p style=\"font-size:16.5px;line-height:1.7;color:#2a2a2a;margin:0 0 16px;\">La fin est arriv\u00e9e dans une p\u00e9nible cacophonie m\u00e9diatique. <strong>Mercredi soir<\/strong>, de fausses annonces de d\u00e9c\u00e8s se sont r\u00e9pandues sur les r\u00e9seaux sociaux, reprises jusque par le vice-pr\u00e9sident du Conseil italien Matteo Salvini, qui a publi\u00e9 puis supprim\u00e9 un message d&rsquo;hommage. L&rsquo;AC Milan avait d\u00fb d\u00e9mentir dans la soir\u00e9e, indiquant que son ancien capitaine traversait \u00ab une p\u00e9riode difficile et d\u00e9licate \u00bb et appelant au respect de sa vie priv\u00e9e, comme le rapportait <a href=\"https:\/\/sports.orange.fr\/football\/italie\/article\/ac-milan-l-annonce-du-deces-de-baresi-dementie-exclu-CNT000002qLwiw.html\" rel=\"nofollow noopener\" target=\"_blank\">Orange Sports<\/a>.<\/p>\n<p style=\"font-size:16.5px;line-height:1.7;color:#2a2a2a;margin:0 0 16px;\">L&rsquo;annonce officielle est tomb\u00e9e ce vendredi. Baresi luttait contre la maladie depuis l&rsquo;\u00e9t\u00e9 2025, quand il avait \u00e9t\u00e9 op\u00e9r\u00e9 d&rsquo;une <strong>nodulation pulmonaire<\/strong>. Le club n&rsquo;a pas pr\u00e9cis\u00e9 les causes exactes du d\u00e9c\u00e8s. De Maldini aux anciens du Milan de Sacchi, les hommages affluent de toute l&rsquo;Europe du football.<\/p>\n<div style=\"background:#1a1a1a;border-radius:14px;padding:22px 26px;margin:30px 0 8px;font-family:-apple-system,BlinkMacSystemFont,'Segoe UI',Roboto,sans-serif;\">\n<div style=\"font-size:12px;font-weight:800;letter-spacing:.16em;text-transform:uppercase;color:#15803D;margin-bottom:8px;\">\ud83c\udfaf \u00c0 retenir<\/div>\n<div style=\"font-size:17px;line-height:1.6;color:#f0f0f0;\">Franco Baresi, c&rsquo;\u00e9tait un club unique, un num\u00e9ro retir\u00e9, six Scudetti, trois Coupes d&rsquo;Europe et une finale de Mondial jou\u00e9e sur une jambe : le football perd \u00e0 66 ans l&rsquo;un des derniers monuments du calcio, et Milan perd une partie de son ADN.<\/div>\n<\/div>\n","protected":false},"excerpt":{"rendered":"","protected":false},"author":43,"featured_media":18301,"comment_status":"open","ping_status":"open","sticky":false,"template":"","format":"standard","meta":{"_acf_changed":false,"manual_indexmenow":false,"indexmenow_id_project":0,"footnotes":""},"categories":[4520],"tags":[],"class_list":["post-18300","post","type-post","status-publish","format-standard","has-post-thumbnail","hentry","category-actualites-sportives","generate-columns","tablet-grid-50","mobile-grid-100","grid-parent","grid-25"],"acf":[],"yoast_head":"<!-- This site is optimized with the Yoast SEO Premium plugin v21.3 (Yoast SEO v26.5) - https:\/\/yoast.com\/wordpress\/plugins\/seo\/ -->\n<title>Franco Baresi est mort \u00e0 66 ans : le football perd le num\u00e9ro 6 \u00e9ternel de l&#039;AC Milan<\/title>\n<meta name=\"description\" content=\"Franco Baresi est mort \u00e0 66 ans, a annonc\u00e9 l&#039;AC Milan ce vendredi 31 juillet. Capitaine embl\u00e9matique des Rossoneri pendant deux d\u00e9cennies, consid\u00e9r\u00e9 comme\" \/>\n<meta name=\"robots\" content=\"index, follow, max-snippet:-1, max-image-preview:large, max-video-preview:-1\" \/>\n<link rel=\"canonical\" href=\"https:\/\/sport-index.fr\/blog\/actualites-sportives\/franco-baresi-est-mort-a-66-ans-le-football-perd-le-numero-6-eternel-d\/\" \/>\n<meta property=\"og:locale\" content=\"fr_FR\" \/>\n<meta property=\"og:type\" content=\"article\" \/>\n<meta property=\"og:title\" content=\"Franco Baresi est mort \u00e0 66 ans : le football perd le num\u00e9ro 6 \u00e9ternel de l&#039;AC Milan\" \/>\n<meta property=\"og:description\" content=\"Franco Baresi est mort \u00e0 66 ans, a annonc\u00e9 l&#039;AC Milan ce vendredi 31 juillet. Capitaine embl\u00e9matique des Rossoneri pendant deux d\u00e9cennies, consid\u00e9r\u00e9 comme\" \/>\n<meta property=\"og:url\" content=\"https:\/\/sport-index.fr\/blog\/actualites-sportives\/franco-baresi-est-mort-a-66-ans-le-football-perd-le-numero-6-eternel-d\/\" \/>\n<meta property=\"og:site_name\" content=\"sport-index\" \/>\n<meta property=\"og:image\" content=\"https:\/\/i.ytimg.com\/vi\/7kKexpGY_EU\/hq720.jpg\" \/>\n<meta name=\"author\" content=\"Marc Dubois\" \/>\n<meta name=\"twitter:card\" content=\"summary_large_image\" \/>\n<script type=\"application\/ld+json\" class=\"yoast-schema-graph\">{\"@context\":\"https:\/\/schema.org\",\"@graph\":[{\"@type\":\"NewsArticle\",\"@id\":\"https:\/\/sport-index.fr\/blog\/actualites-sportives\/franco-baresi-est-mort-a-66-ans-le-football-perd-le-numero-6-eternel-d\/#article\",\"isPartOf\":{\"@id\":\"https:\/\/sport-index.fr\/blog\/actualites-sportives\/franco-baresi-est-mort-a-66-ans-le-football-perd-le-numero-6-eternel-d\/\"},\"author\":{\"name\":\"Marc Dubois\",\"@id\":\"https:\/\/sport-index.fr\/blog\/#\/schema\/person\/7832f0c7fa157794f1f7661b0d558c1d\"},\"headline\":\"Franco Baresi est mort \u00e0 66 ans : le football perd le num\u00e9ro 6 \u00e9ternel de l&rsquo;AC Milan\",\"datePublished\":\"2026-07-31T08:14:08+00:00\",\"mainEntityOfPage\":{\"@id\":\"https:\/\/sport-index.fr\/blog\/actualites-sportives\/franco-baresi-est-mort-a-66-ans-le-football-perd-le-numero-6-eternel-d\/\"},\"wordCount\":762,\"commentCount\":0,\"publisher\":{\"@id\":\"https:\/\/sport-index.fr\/blog\/#organization\"},\"image\":{\"@id\":\"https:\/\/sport-index.fr\/blog\/actualites-sportives\/franco-baresi-est-mort-a-66-ans-le-football-perd-le-numero-6-eternel-d\/#primaryimage\"},\"thumbnailUrl\":\"https:\/\/sport-index.fr\/blog\/wp-content\/uploads\/2026\/07\/px_18300-scaled.jpg\",\"articleSection\":[\"Actualit\u00e9s Sportives\"],\"inLanguage\":\"fr-FR\",\"potentialAction\":[{\"@type\":\"CommentAction\",\"name\":\"Comment\",\"target\":[\"https:\/\/sport-index.fr\/blog\/actualites-sportives\/franco-baresi-est-mort-a-66-ans-le-football-perd-le-numero-6-eternel-d\/#respond\"]}]},{\"@type\":\"WebPage\",\"@id\":\"https:\/\/sport-index.fr\/blog\/actualites-sportives\/franco-baresi-est-mort-a-66-ans-le-football-perd-le-numero-6-eternel-d\/\",\"url\":\"https:\/\/sport-index.fr\/blog\/actualites-sportives\/franco-baresi-est-mort-a-66-ans-le-football-perd-le-numero-6-eternel-d\/\",\"name\":\"Franco Baresi est mort \u00e0 66 ans : le football perd le num\u00e9ro 6 \u00e9ternel de l'AC Milan\",\"isPartOf\":{\"@id\":\"https:\/\/sport-index.fr\/blog\/#website\"},\"primaryImageOfPage\":{\"@id\":\"https:\/\/sport-index.fr\/blog\/actualites-sportives\/franco-baresi-est-mort-a-66-ans-le-football-perd-le-numero-6-eternel-d\/#primaryimage\"},\"image\":{\"@id\":\"https:\/\/sport-index.fr\/blog\/actualites-sportives\/franco-baresi-est-mort-a-66-ans-le-football-perd-le-numero-6-eternel-d\/#primaryimage\"},\"thumbnailUrl\":\"https:\/\/sport-index.fr\/blog\/wp-content\/uploads\/2026\/07\/px_18300-scaled.jpg\",\"datePublished\":\"2026-07-31T08:14:08+00:00\",\"description\":\"Franco Baresi est mort \u00e0 66 ans, a annonc\u00e9 l'AC Milan ce vendredi 31 juillet. Capitaine embl\u00e9matique des Rossoneri pendant deux d\u00e9cennies, consid\u00e9r\u00e9 comme\",\"inLanguage\":\"fr-FR\",\"potentialAction\":[{\"@type\":\"ReadAction\",\"target\":[\"https:\/\/sport-index.fr\/blog\/actualites-sportives\/franco-baresi-est-mort-a-66-ans-le-football-perd-le-numero-6-eternel-d\/\"]}]},{\"@type\":\"ImageObject\",\"inLanguage\":\"fr-FR\",\"@id\":\"https:\/\/sport-index.fr\/blog\/actualites-sportives\/franco-baresi-est-mort-a-66-ans-le-football-perd-le-numero-6-eternel-d\/#primaryimage\",\"url\":\"https:\/\/sport-index.fr\/blog\/wp-content\/uploads\/2026\/07\/px_18300-scaled.jpg\",\"contentUrl\":\"https:\/\/sport-index.fr\/blog\/wp-content\/uploads\/2026\/07\/px_18300-scaled.jpg\",\"width\":1200,\"height\":797},{\"@type\":\"WebSite\",\"@id\":\"https:\/\/sport-index.fr\/blog\/#website\",\"url\":\"https:\/\/sport-index.fr\/blog\/\",\"name\":\"sport-index.fr\",\"description\":\"Le score de l\u2019analyse sportive.\",\"publisher\":{\"@id\":\"https:\/\/sport-index.fr\/blog\/#organization\"},\"alternateName\":\"Le score de l\u2019analyse sportive.\",\"potentialAction\":[{\"@type\":\"SearchAction\",\"target\":{\"@type\":\"EntryPoint\",\"urlTemplate\":\"https:\/\/sport-index.fr\/blog\/?s={search_term_string}\"},\"query-input\":{\"@type\":\"PropertyValueSpecification\",\"valueRequired\":true,\"valueName\":\"search_term_string\"}}],\"inLanguage\":\"fr-FR\"},{\"@type\":\"Organization\",\"@id\":\"https:\/\/sport-index.fr\/blog\/#organization\",\"name\":\"Foretsensations.fr\",\"url\":\"https:\/\/sport-index.fr\/blog\/\",\"logo\":{\"@type\":\"ImageObject\",\"inLanguage\":\"fr-FR\",\"@id\":\"https:\/\/sport-index.fr\/blog\/#\/schema\/logo\/image\/\",\"url\":\"https:\/\/sport-index.fr\/blog\/wp-content\/uploads\/2026\/07\/logo-auto.png\",\"contentUrl\":\"https:\/\/sport-index.fr\/blog\/wp-content\/uploads\/2026\/07\/logo-auto.png\",\"width\":1024,\"height\":1024,\"caption\":\"Foretsensations.fr\"},\"image\":{\"@id\":\"https:\/\/sport-index.fr\/blog\/#\/schema\/logo\/image\/\"}},{\"@type\":\"Person\",\"@id\":\"https:\/\/sport-index.fr\/blog\/#\/schema\/person\/7832f0c7fa157794f1f7661b0d558c1d\",\"name\":\"Marc Dubois\",\"image\":{\"@type\":\"ImageObject\",\"inLanguage\":\"fr-FR\",\"@id\":\"https:\/\/sport-index.fr\/blog\/#\/schema\/person\/image\/\",\"url\":\"https:\/\/secure.gravatar.com\/avatar\/?s=96&d=mm&r=g\",\"contentUrl\":\"https:\/\/secure.gravatar.com\/avatar\/?s=96&d=mm&r=g\",\"caption\":\"Marc Dubois\"},\"description\":\"Ancien athl\u00e8te professionnel devenu coach en mentalit\u00e9 sportive. Marc offre des insights sur la psychologie du sport, la gestion du stress en comp\u00e9tition, et les techniques pour renforcer la r\u00e9silience mentale des sportifs.\",\"url\":\"https:\/\/sport-index.fr\/blog\/auteur\/marc-dubois\/\"}]}<\/script>\n<!-- \/ Yoast SEO Premium plugin. -->","yoast_head_json":{"title":"Franco Baresi est mort \u00e0 66 ans : le football perd le num\u00e9ro 6 \u00e9ternel de l'AC Milan","description":"Franco Baresi est mort \u00e0 66 ans, a annonc\u00e9 l'AC Milan ce vendredi 31 juillet. Capitaine embl\u00e9matique des Rossoneri pendant deux d\u00e9cennies, consid\u00e9r\u00e9 comme","robots":{"index":"index","follow":"follow","max-snippet":"max-snippet:-1","max-image-preview":"max-image-preview:large","max-video-preview":"max-video-preview:-1"},"canonical":"https:\/\/sport-index.fr\/blog\/actualites-sportives\/franco-baresi-est-mort-a-66-ans-le-football-perd-le-numero-6-eternel-d\/","og_locale":"fr_FR","og_type":"article","og_title":"Franco Baresi est mort \u00e0 66 ans : le football perd le num\u00e9ro 6 \u00e9ternel de l'AC Milan","og_description":"Franco Baresi est mort \u00e0 66 ans, a annonc\u00e9 l'AC Milan ce vendredi 31 juillet. Capitaine embl\u00e9matique des Rossoneri pendant deux d\u00e9cennies, consid\u00e9r\u00e9 comme","og_url":"https:\/\/sport-index.fr\/blog\/actualites-sportives\/franco-baresi-est-mort-a-66-ans-le-football-perd-le-numero-6-eternel-d\/","og_site_name":"sport-index","og_image":[{"url":"https:\/\/i.ytimg.com\/vi\/7kKexpGY_EU\/hq720.jpg","type":"","width":"","height":""}],"author":"Marc Dubois","twitter_card":"summary_large_image","schema":{"@context":"https:\/\/schema.org","@graph":[{"@type":"NewsArticle","@id":"https:\/\/sport-index.fr\/blog\/actualites-sportives\/franco-baresi-est-mort-a-66-ans-le-football-perd-le-numero-6-eternel-d\/#article","isPartOf":{"@id":"https:\/\/sport-index.fr\/blog\/actualites-sportives\/franco-baresi-est-mort-a-66-ans-le-football-perd-le-numero-6-eternel-d\/"},"author":{"name":"Marc Dubois","@id":"https:\/\/sport-index.fr\/blog\/#\/schema\/person\/7832f0c7fa157794f1f7661b0d558c1d"},"headline":"Franco Baresi est mort \u00e0 66 ans : le football perd le num\u00e9ro 6 \u00e9ternel de l&rsquo;AC Milan","datePublished":"2026-07-31T08:14:08+00:00","mainEntityOfPage":{"@id":"https:\/\/sport-index.fr\/blog\/actualites-sportives\/franco-baresi-est-mort-a-66-ans-le-football-perd-le-numero-6-eternel-d\/"},"wordCount":762,"commentCount":0,"publisher":{"@id":"https:\/\/sport-index.fr\/blog\/#organization"},"image":{"@id":"https:\/\/sport-index.fr\/blog\/actualites-sportives\/franco-baresi-est-mort-a-66-ans-le-football-perd-le-numero-6-eternel-d\/#primaryimage"},"thumbnailUrl":"https:\/\/sport-index.fr\/blog\/wp-content\/uploads\/2026\/07\/px_18300-scaled.jpg","articleSection":["Actualit\u00e9s Sportives"],"inLanguage":"fr-FR","potentialAction":[{"@type":"CommentAction","name":"Comment","target":["https:\/\/sport-index.fr\/blog\/actualites-sportives\/franco-baresi-est-mort-a-66-ans-le-football-perd-le-numero-6-eternel-d\/#respond"]}]},{"@type":"WebPage","@id":"https:\/\/sport-index.fr\/blog\/actualites-sportives\/franco-baresi-est-mort-a-66-ans-le-football-perd-le-numero-6-eternel-d\/","url":"https:\/\/sport-index.fr\/blog\/actualites-sportives\/franco-baresi-est-mort-a-66-ans-le-football-perd-le-numero-6-eternel-d\/","name":"Franco Baresi est mort \u00e0 66 ans : le football perd le num\u00e9ro 6 \u00e9ternel de l'AC Milan","isPartOf":{"@id":"https:\/\/sport-index.fr\/blog\/#website"},"primaryImageOfPage":{"@id":"https:\/\/sport-index.fr\/blog\/actualites-sportives\/franco-baresi-est-mort-a-66-ans-le-football-perd-le-numero-6-eternel-d\/#primaryimage"},"image":{"@id":"https:\/\/sport-index.fr\/blog\/actualites-sportives\/franco-baresi-est-mort-a-66-ans-le-football-perd-le-numero-6-eternel-d\/#primaryimage"},"thumbnailUrl":"https:\/\/sport-index.fr\/blog\/wp-content\/uploads\/2026\/07\/px_18300-scaled.jpg","datePublished":"2026-07-31T08:14:08+00:00","description":"Franco Baresi est mort \u00e0 66 ans, a annonc\u00e9 l'AC Milan ce vendredi 31 juillet. Capitaine embl\u00e9matique des Rossoneri pendant deux d\u00e9cennies, consid\u00e9r\u00e9 comme","inLanguage":"fr-FR","potentialAction":[{"@type":"ReadAction","target":["https:\/\/sport-index.fr\/blog\/actualites-sportives\/franco-baresi-est-mort-a-66-ans-le-football-perd-le-numero-6-eternel-d\/"]}]},{"@type":"ImageObject","inLanguage":"fr-FR","@id":"https:\/\/sport-index.fr\/blog\/actualites-sportives\/franco-baresi-est-mort-a-66-ans-le-football-perd-le-numero-6-eternel-d\/#primaryimage","url":"https:\/\/sport-index.fr\/blog\/wp-content\/uploads\/2026\/07\/px_18300-scaled.jpg","contentUrl":"https:\/\/sport-index.fr\/blog\/wp-content\/uploads\/2026\/07\/px_18300-scaled.jpg","width":1200,"height":797},{"@type":"WebSite","@id":"https:\/\/sport-index.fr\/blog\/#website","url":"https:\/\/sport-index.fr\/blog\/","name":"sport-index.fr","description":"Le score de l\u2019analyse sportive.","publisher":{"@id":"https:\/\/sport-index.fr\/blog\/#organization"},"alternateName":"Le score de l\u2019analyse sportive.","potentialAction":[{"@type":"SearchAction","target":{"@type":"EntryPoint","urlTemplate":"https:\/\/sport-index.fr\/blog\/?s={search_term_string}"},"query-input":{"@type":"PropertyValueSpecification","valueRequired":true,"valueName":"search_term_string"}}],"inLanguage":"fr-FR"},{"@type":"Organization","@id":"https:\/\/sport-index.fr\/blog\/#organization","name":"Foretsensations.fr","url":"https:\/\/sport-index.fr\/blog\/","logo":{"@type":"ImageObject","inLanguage":"fr-FR","@id":"https:\/\/sport-index.fr\/blog\/#\/schema\/logo\/image\/","url":"https:\/\/sport-index.fr\/blog\/wp-content\/uploads\/2026\/07\/logo-auto.png","contentUrl":"https:\/\/sport-index.fr\/blog\/wp-content\/uploads\/2026\/07\/logo-auto.png","width":1024,"height":1024,"caption":"Foretsensations.fr"},"image":{"@id":"https:\/\/sport-index.fr\/blog\/#\/schema\/logo\/image\/"}},{"@type":"Person","@id":"https:\/\/sport-index.fr\/blog\/#\/schema\/person\/7832f0c7fa157794f1f7661b0d558c1d","name":"Marc Dubois","image":{"@type":"ImageObject","inLanguage":"fr-FR","@id":"https:\/\/sport-index.fr\/blog\/#\/schema\/person\/image\/","url":"https:\/\/secure.gravatar.com\/avatar\/?s=96&d=mm&r=g","contentUrl":"https:\/\/secure.gravatar.com\/avatar\/?s=96&d=mm&r=g","caption":"Marc Dubois"},"description":"Ancien athl\u00e8te professionnel devenu coach en mentalit\u00e9 sportive. Marc offre des insights sur la psychologie du sport, la gestion du stress en comp\u00e9tition, et les techniques pour renforcer la r\u00e9silience mentale des sportifs.","url":"https:\/\/sport-index.fr\/blog\/auteur\/marc-dubois\/"}]}},"_links":{"self":[{"href":"https:\/\/sport-index.fr\/blog\/wp-json\/wp\/v2\/posts\/18300","targetHints":{"allow":["GET"]}}],"collection":[{"href":"https:\/\/sport-index.fr\/blog\/wp-json\/wp\/v2\/posts"}],"about":[{"href":"https:\/\/sport-index.fr\/blog\/wp-json\/wp\/v2\/types\/post"}],"author":[{"embeddable":true,"href":"https:\/\/sport-index.fr\/blog\/wp-json\/wp\/v2\/users\/43"}],"replies":[{"embeddable":true,"href":"https:\/\/sport-index.fr\/blog\/wp-json\/wp\/v2\/comments?post=18300"}],"version-history":[{"count":0,"href":"https:\/\/sport-index.fr\/blog\/wp-json\/wp\/v2\/posts\/18300\/revisions"}],"wp:featuredmedia":[{"embeddable":true,"href":"https:\/\/sport-index.fr\/blog\/wp-json\/wp\/v2\/media\/18301"}],"wp:attachment":[{"href":"https:\/\/sport-index.fr\/blog\/wp-json\/wp\/v2\/media?parent=18300"}],"wp:term":[{"taxonomy":"category","embeddable":true,"href":"https:\/\/sport-index.fr\/blog\/wp-json\/wp\/v2\/categories?post=18300"},{"taxonomy":"post_tag","embeddable":true,"href":"https:\/\/sport-index.fr\/blog\/wp-json\/wp\/v2\/tags?post=18300"}],"curies":[{"name":"wp","href":"https:\/\/api.w.org\/{rel}","templated":true}]}}