{"id":18303,"date":"2026-08-03T00:48:34","date_gmt":"2026-08-02T22:48:34","guid":{"rendered":"https:\/\/sport-index.fr\/blog\/actualites-sportives\/yan-diomande-real-madrid-transfert-rb-leipzig-ou-en-est-le-dossier\/"},"modified":"2026-08-03T00:49:32","modified_gmt":"2026-08-02T22:49:32","slug":"yan-diomande-real-madrid-transfert-rb-leipzig-ou-en-est-le-dossier","status":"publish","type":"post","link":"https:\/\/sport-index.fr\/blog\/actualites-sportives\/yan-diomande-real-madrid-transfert-rb-leipzig-ou-en-est-le-dossier\/","title":{"rendered":"Yan Diomand\u00e9 au Real Madrid : ce qui est act\u00e9, ce qui bloque encore"},"content":{"rendered":"<p><strong>Yan Diomand\u00e9, ailier international ivoirien de 19 ans qui \u00e9volue au RB Leipzig, est annonc\u00e9 depuis le 26 juillet 2026 comme la prochaine recrue du Real Madrid, pour un montant situ\u00e9 entre 120 et 132 M\u20ac selon les sources. Mais au 3 ao\u00fbt 2026, ni le Real Madrid ni le RB Leipzig n&rsquo;ont publi\u00e9 le moindre communiqu\u00e9 : le transfert n&rsquo;est pas officiel, et les derni\u00e8res informations disponibles d\u00e9crivent un dossier enlis\u00e9 sur la structure des bonus.<\/strong><\/p>\n<div style=\"background:#f4f7fb;border-left:4px solid #1a5fb4;padding:16px 20px;margin:24px 0;border-radius:4px;\">\n<p style=\"margin:0 0 10px;font-weight:700;text-transform:uppercase;letter-spacing:.5px;font-size:14px;color:#1a5fb4;\">En bref<\/p>\n<ul style=\"margin:0;padding-left:20px;\">\n<li><strong>Qui<\/strong> : Yan Diomand\u00e9, n\u00e9 le <strong>14 novembre 2006<\/strong> \u00e0 Abidjan, ailier gauche du RB Leipzig, international ivoirien.<\/li>\n<li><strong>\u00c9tabli<\/strong> : un <strong>accord de principe<\/strong>, rapport\u00e9 le 26 juillet 2026 par Fabrizio Romano, puis par ESPN, la BBC et The Athletic.<\/li>\n<li><strong>Pas \u00e9tabli<\/strong> : aucune annonce des clubs, aucune visite m\u00e9dicale, et un blocage rapport\u00e9 le 2 ao\u00fbt sur les clauses additionnelles.<\/li>\n<li><strong>Le montant<\/strong> : trois versions, de \u00ab plus de 100 M\u20ac \u00bb \u00e0 <strong>132 M\u20ac<\/strong> bonus compris.<\/li>\n<\/ul>\n<\/div>\n<h2>Qui est Yan Diomand\u00e9, et pourquoi ce nom surgit maintenant<\/h2>\n<p>La graphie exacte est <strong>Yan Diomand\u00e9<\/strong>, accent aigu sur le \u00ab e \u00bb final. \u00c0 ne pas confondre avec <em>Ousmane Diomand\u00e9<\/em>, d\u00e9fenseur du Sporting Portugal, ni avec <em>Isma\u00ebl Diomand\u00e9<\/em>, ancien milieu de Saint-\u00c9tienne : trois joueurs diff\u00e9rents, un patronyme tr\u00e8s r\u00e9pandu en C\u00f4te d&rsquo;Ivoire.<\/p>\n<p>N\u00e9 le <strong>14 novembre 2006 \u00e0 Abidjan<\/strong>, il entre \u00e0 <strong>9 ans<\/strong> \u00e0 l&rsquo;Acad\u00e9mie internationale de football du Sud-Como\u00e9. \u00c0 <strong>15 ans<\/strong>, il part aux \u00c9tats-Unis : lyc\u00e9e en Floride, puis la <strong>DME Academy de Daytona Beach<\/strong>, un centre priv\u00e9 et non un club professionnel. C&rsquo;est de l\u00e0 qu&rsquo;il signe son premier contrat pro en <strong>novembre 2024<\/strong>, au <strong>CD Legan\u00e9s<\/strong>, alors en Liga. Six mois plus tard, le RB Leipzig le r\u00e9cup\u00e8re pour environ <strong>20 M\u20ac<\/strong>.<\/p>\n<p>Sa premi\u00e8re saison en Bundesliga a fait le reste : <strong>12 buts<\/strong> en 2025-26, chiffre constant d&rsquo;une source \u00e0 l&rsquo;autre. Le nombre de passes d\u00e9cisives, lui, ne l&rsquo;est pas \u2014 <strong>8 en 35 matches selon ESPN<\/strong>, <strong>6 en 33 matches selon Goal et Sports Mole<\/strong>. Les deux versions sont conserv\u00e9es ici plut\u00f4t qu&rsquo;arbitr\u00e9es.<\/p>\n<p>Le match d\u00e9clencheur est dat\u00e9 : le <strong>6 d\u00e9cembre 2025<\/strong>, Leipzig <a href=\"https:\/\/www.bundesliga.com\/en\/bundesliga\/news\/rb-leipzig-eintracht-frankfurt-match-report-highlights-matchday-13-35095\" rel=\"nofollow noopener\" target=\"_blank\">\u00e9crase l&rsquo;Eintracht Francfort <strong>6-0<\/strong><\/a> et Diomand\u00e9 inscrit un tripl\u00e9 <strong>en 18 minutes<\/strong>, de la 47<sup>e<\/sup> \u00e0 la 65<sup>e<\/sup>. \u00c0 <strong>19 ans et 22 jours<\/strong>, il devient le deuxi\u00e8me plus jeune auteur d&rsquo;un tripl\u00e9 de l&rsquo;histoire de la Bundesliga, derri\u00e8re le seul Walter Bechtold (novembre 1965), et est \u00e9lu <strong>Rookie du mois<\/strong>. Il a ensuite disput\u00e9 les <strong>4 matches<\/strong> de la C\u00f4te d&rsquo;Ivoire \u00e0 la Coupe du monde 2026.<\/p>\n<h2>Le statut exact du dossier au 3 ao\u00fbt 2026<\/h2>\n<p>C&rsquo;est le point dur, et il m\u00e9rite une chronologie plut\u00f4t qu&rsquo;un titre.<\/p>\n<p><strong>26 juillet, 20 h 56 (Paris)<\/strong> \u2014 Fabrizio Romano publie son \u00ab here we go \u00bb : accord boucl\u00e9 avec Leipzig pour un montant \u00ab sup\u00e9rieur \u00e0 100 M\u20ac \u00bb, vol vers Madrid dans la semaine, visite m\u00e9dicale et signature jusqu&rsquo;en <strong>juin 2031<\/strong>. Le mot \u00ab DONE \u00bb cl\u00f4t la publication.<\/p>\n<figure style=\"margin:24px auto;max-width:560px;\"><iframe src=\"https:\/\/platform.twitter.com\/embed\/Tweet.html?id=2081453698962592146\" style=\"width:100%;max-width:560px;height:480px;border:none;display:block;margin:0 auto;background:#fff;border-radius:12px;\" loading=\"lazy\" scrolling=\"no\" title=\"Publication r\u00e9seau social\"><\/iframe><figcaption style=\"text-align:center;font-size:13px;color:#666;margin-top:8px;\">Le \u00ab here we go \u00bb de Fabrizio Romano, publi\u00e9 le 26 juillet 2026 \u00e0 20 h 56 (Paris). Relev\u00e9 le 3 ao\u00fbt 2026 \u00e0 01 h 00 : 419 306 j&rsquo;aime, 40 087 republications, 72,6 millions de vues.<\/figcaption><\/figure>\n<p><strong>27 juillet<\/strong> \u2014 ESPN, la BBC, The Athletic et Al Jazeera reprennent l&rsquo;information d&rsquo;un accord trouv\u00e9. Le PSG et Liverpool, jusque-l\u00e0 int\u00e9ress\u00e9s, se retirent.<\/p>\n<p><strong>30 juillet<\/strong> \u2014 Version nettement moins nette. Selon le journaliste allemand Florian Plettenberg, cit\u00e9 par Goal, les deux clubs ont tenu de <em>nouvelles<\/em> discussions le jeudi, le joueur \u00ab attendant patiemment qu&rsquo;un accord soit trouv\u00e9 \u00bb. Traduction : il n&rsquo;y en a pas encore.<\/p>\n<p><strong>1<sup>er<\/sup> ao\u00fbt<\/strong> \u2014 Diomand\u00e9 est \u00e9cart\u00e9 du stage de Leipzig \u00e0 Saalfelden, en Autriche : le club invoque une infection. Apr\u00e8s un amical gagn\u00e9 4-0 contre le SC Verl, l&rsquo;entra\u00eeneur <strong>Martin Demichelis<\/strong> est interrog\u00e9.<\/p>\n<div style=\"border-left:4px solid #c0392b;background:#fdf3f2;margin:24px 0;padding:16px 22px;border-radius:4px;font-style:italic;\">\n<p style=\"margin:0;\">\u00ab Je sais que c&rsquo;est un gros sujet. Yan est r\u00e9ellement malade. On verra. Je n&rsquo;ai pas encore parl\u00e9 au m\u00e9decin. S&rsquo;il est en bonne sant\u00e9, il doit venir avec nous. S&rsquo;il est malade, il est malade. \u00bb<\/p>\n<p style=\"margin:10px 0 0;font-style:normal;font-size:14px;color:#555;\">\u2014 Martin Demichelis, entra\u00eeneur du RB Leipzig, le 1<sup>er<\/sup> ao\u00fbt 2026. D\u00e9claration rapport\u00e9e par beIN Sports et Goal ; traduction de l&rsquo;anglais.<\/p>\n<\/div>\n<p>Le m\u00eame jour, Goal rapporte que le Real Madrid est \u00ab surpris \u00bb par le silence de Leipzig, les discussions \u00e9tant \u00ab largement \u00e0 l&rsquo;arr\u00eat depuis 24 heures \u00bb. beIN Sports indique qu&rsquo;une offre \u00e0 <strong>100 M\u20ac<\/strong> a \u00e9t\u00e9 refus\u00e9e.<\/p>\n<p><strong>2 ao\u00fbt<\/strong> \u2014 TeamTalk \u00e9crit que le dossier bute sur <strong>la structure du paquet de bonus<\/strong>, et que des interm\u00e9diaires ont recontact\u00e9 Liverpool et le PSG. Les deux clubs ont d\u00e9clin\u00e9, estimant le joueur d\u00e9cid\u00e9 \u00e0 rejoindre Madrid.<\/p>\n<p><strong>3 ao\u00fbt, 1 h du matin<\/strong> \u2014 La <a href=\"https:\/\/www.realmadrid.com\/fr-FR\/actualites\/football\" rel=\"nofollow noopener\" target=\"_blank\">page officielle d&rsquo;actualit\u00e9s du Real Madrid<\/a> ne mentionne toujours pas Yan Diomand\u00e9, et le RB Leipzig n&rsquo;a rien publi\u00e9. <strong>Le transfert n&rsquo;est donc pas act\u00e9<\/strong> : il en est au stade de l&rsquo;accord de principe rapport\u00e9 par la presse, huit jours apr\u00e8s le \u00ab DONE \u00bb.<\/p>\n<h2>120, 122, 132 ou 135 M\u20ac ? Les versions en pr\u00e9sence<\/h2>\n<p>Un montant circule presque toujours en plusieurs versions, selon que l&rsquo;on compte le fixe seul ou le fixe plus les variables. Ici, l&rsquo;\u00e9cart entre les sources atteint <strong>plus de 30 M\u20ac<\/strong>.<\/p>\n<ul>\n<li><strong>\u00ab Plus de 100 M\u20ac \u00bb<\/strong> \u2014 Fabrizio Romano, 26 juillet 2026.<\/li>\n<li><strong>115 \u00e0 120 M\u20ac de fixe, 135 M\u20ac tout compris<\/strong> \u2014 <a href=\"https:\/\/www.espn.com\/soccer\/story\/_\/id\/49460425\/real-madrid-set-sign-yan-diomande-135m-deal-rb-leipzig-transfer\" rel=\"nofollow noopener\" target=\"_blank\">ESPN<\/a>, 27 juillet 2026.<\/li>\n<li><strong>120 \u00e0 130 M\u20ac<\/strong> \u2014 Afrik-Foot, 27 juillet 2026.<\/li>\n<li><strong>122 M\u20ac de fixe + 10 M\u20ac de bonus, soit 132 M\u20ac<\/strong> \u2014 Madrid Universal, 1<sup>er<\/sup> ao\u00fbt 2026 : la version la plus pr\u00e9cise, mais aussi la source la moins \u00e9tablie de la liste.<\/li>\n<\/ul>\n<p>Un rep\u00e8re utile : Leipzig a refus\u00e9 une offre \u00e0 100 M\u20ac le 1<sup>er<\/sup> ao\u00fbt. Le prix de sortie r\u00e9el se situe donc au-dessus, mais aucun chiffre n&rsquo;a \u00e9t\u00e9 confirm\u00e9 par un club.<\/p>\n<h2>Le record africain : ce qu&rsquo;un tel transfert pulv\u00e9riserait<\/h2>\n<p>C&rsquo;est l&rsquo;affirmation qui circule le plus, et celle qui m\u00e9rite le plus d&rsquo;\u00eatre v\u00e9rifi\u00e9e : le titre de <strong>joueur africain le plus cher de l&rsquo;histoire<\/strong> est lui-m\u00eame <em>disput\u00e9<\/em> entre deux joueurs, selon la fa\u00e7on dont on comptabilise les bonus.<\/p>\n<figure style=\"overflow-x:auto;margin:24px 0;\">\n<table style=\"width:100%;border-collapse:collapse;font-size:15px;\">\n<thead>\n<tr style=\"background:#1a5fb4;color:#fff;\">\n<th style=\"padding:10px;text-align:left;\">Joueur<\/th>\n<th style=\"padding:10px;text-align:left;\">Transfert<\/th>\n<th style=\"padding:10px;text-align:left;\">Ann\u00e9e<\/th>\n<th style=\"padding:10px;text-align:left;\">Montant<\/th>\n<\/tr>\n<\/thead>\n<tbody>\n<tr style=\"background:#eef4fc;\">\n<td style=\"padding:10px;border-bottom:1px solid #ddd;\"><strong>Yan Diomand\u00e9<\/strong> (C\u00f4te d&rsquo;Ivoire)<\/td>\n<td style=\"padding:10px;border-bottom:1px solid #ddd;\">Leipzig \u2192 Real Madrid <em>(non officialis\u00e9)<\/em><\/td>\n<td style=\"padding:10px;border-bottom:1px solid #ddd;\">2026 ?<\/td>\n<td style=\"padding:10px;border-bottom:1px solid #ddd;\"><strong>120 \u00e0 132 M\u20ac<\/strong><\/td>\n<\/tr>\n<tr>\n<td style=\"padding:10px;border-bottom:1px solid #ddd;\">Bryan Mbeumo (Cameroun)<\/td>\n<td style=\"padding:10px;border-bottom:1px solid #ddd;\">Brentford \u2192 Manchester United<\/td>\n<td style=\"padding:10px;border-bottom:1px solid #ddd;\">2025<\/td>\n<td style=\"padding:10px;border-bottom:1px solid #ddd;\">75 \u00e0 81 M\u20ac selon les bar\u00e8mes<\/td>\n<\/tr>\n<tr>\n<td style=\"padding:10px;border-bottom:1px solid #ddd;\">Nicolas P\u00e9p\u00e9 (C\u00f4te d&rsquo;Ivoire)<\/td>\n<td style=\"padding:10px;border-bottom:1px solid #ddd;\">Lille \u2192 Arsenal<\/td>\n<td style=\"padding:10px;border-bottom:1px solid #ddd;\">2019<\/td>\n<td style=\"padding:10px;border-bottom:1px solid #ddd;\">80 M\u20ac<\/td>\n<\/tr>\n<tr>\n<td style=\"padding:10px;border-bottom:1px solid #ddd;\">Victor Osimhen (Nigeria)<\/td>\n<td style=\"padding:10px;border-bottom:1px solid #ddd;\">Lille \u2192 Naples<\/td>\n<td style=\"padding:10px;border-bottom:1px solid #ddd;\">2020<\/td>\n<td style=\"padding:10px;border-bottom:1px solid #ddd;\">78,9 M\u20ac<\/td>\n<\/tr>\n<tr>\n<td style=\"padding:10px;border-bottom:1px solid #ddd;\">Achraf Hakimi (Maroc)<\/td>\n<td style=\"padding:10px;border-bottom:1px solid #ddd;\">Inter \u2192 PSG<\/td>\n<td style=\"padding:10px;border-bottom:1px solid #ddd;\">2021<\/td>\n<td style=\"padding:10px;border-bottom:1px solid #ddd;\">68 M\u20ac<\/td>\n<\/tr>\n<tr>\n<td style=\"padding:10px;border-bottom:1px solid #ddd;\">Riyad Mahrez (Alg\u00e9rie)<\/td>\n<td style=\"padding:10px;border-bottom:1px solid #ddd;\">Leicester \u2192 Manchester City<\/td>\n<td style=\"padding:10px;border-bottom:1px solid #ddd;\">2018<\/td>\n<td style=\"padding:10px;border-bottom:1px solid #ddd;\">67,8 M\u20ac<\/td>\n<\/tr>\n<\/tbody>\n<\/table><figcaption style=\"font-size:13px;color:#666;margin-top:8px;\">Sources : Afrik-Foot (27 juillet 2026), qui place Mbeumo en t\u00eate \u00e0 81 M\u20ac, et 90min (26 juillet 2025), qui place P\u00e9p\u00e9 en t\u00eate \u00e0 80 M\u20ac et Mbeumo \u00e0 75 M\u20ac.<\/figcaption><\/figure>\n<p>Autrement dit : que le record pr\u00e9c\u00e9dent soit celui de P\u00e9p\u00e9 ou celui de Mbeumo, il tourne autour de <strong>80 M\u20ac<\/strong>. Un transfert \u00e0 120 M\u20ac ne le battrait pas de peu, il l&rsquo;\u00e9craserait d&rsquo;environ <strong>50 %<\/strong>. C\u00f4t\u00e9 madril\u00e8ne, l&rsquo;op\u00e9ration d\u00e9passerait aussi les records maison d&rsquo;Eden Hazard (Chelsea, 2019) et de Jude Bellingham (Dortmund, 2023, 103 M\u20ac de fixe).<\/p>\n<h2>Ce que son profil changerait au Real<\/h2>\n<p>Diomand\u00e9 est un <strong>ailier gauche<\/strong> de percussion, de un-contre-un et de profondeur, pas de construction. Son tripl\u00e9 contre Francfort, trois buts en 18 minutes apr\u00e8s la pause, dit ce qu&rsquo;il est : un joueur d&rsquo;acc\u00e9l\u00e9ration qui punit une d\u00e9fense fatigu\u00e9e. Recruter ce profil \u00e0 ce prix pose une question sur le couloir gauche madril\u00e8ne, o\u00f9 le club conna\u00eet d\u00e9j\u00e0 des <a href=\"https:\/\/sport-index.fr\/blog\/a-la-une\/vinicius-jr-la-crise-au-real-madrid-tensions-et-insatisfaction-grandissante\/\">tensions document\u00e9es depuis plusieurs saisons<\/a>.<\/p>\n<p>Dernier rep\u00e8re pour situer le pari : Leipzig l&rsquo;a achet\u00e9 <strong>20 M\u20ac<\/strong> il y a un an. Une revente autour de 120 M\u20ac repr\u00e9senterait une plus-value d&rsquo;environ <strong>100 M\u20ac en douze mois<\/strong> \u2014 ce qui explique aussi que le club allemand ne soit pas press\u00e9 de brader la fin de n\u00e9gociation. En France, le m\u00eame m\u00e9canisme joue \u00e0 une autre \u00e9chelle : voir <a href=\"https:\/\/sport-index.fr\/blog\/actualites-sportives\/kamissoko-prolonge-jusqu-en-2029-pourquoi-l-om-verrouille-un-milieu-de\/\">comment l&rsquo;OM verrouille ses jeunes avant de discuter prix<\/a>.<\/p>\n<h2>Questions fr\u00e9quentes<\/h2>\n<details style=\"border:1px solid #ddd;border-radius:4px;padding:12px 16px;margin-bottom:10px;\">\n<summary style=\"font-weight:700;cursor:pointer;\">Yan Diomand\u00e9 a-t-il sign\u00e9 au Real Madrid ?<\/summary>\n<p style=\"margin:10px 0 0;\">Non. Au 3 ao\u00fbt 2026, ni le Real Madrid ni le RB Leipzig n&rsquo;ont publi\u00e9 de communiqu\u00e9. La presse rapporte un accord de principe depuis le 26 juillet, mais la visite m\u00e9dicale n&rsquo;a pas eu lieu et les n\u00e9gociations sur les bonus \u00e9taient encore d\u00e9crites comme bloqu\u00e9es le 2 ao\u00fbt.<\/p>\n<\/details>\n<details style=\"border:1px solid #ddd;border-radius:4px;padding:12px 16px;margin-bottom:10px;\">\n<summary style=\"font-weight:700;cursor:pointer;\">Combien co\u00fbterait le transfert de Yan Diomand\u00e9 ?<\/summary>\n<p style=\"margin:10px 0 0;\">Les montants varient : \u00ab plus de 100 M\u20ac \u00bb pour Fabrizio Romano (26 juillet), 115 \u00e0 120 M\u20ac de fixe pour un total de 135 M\u20ac selon ESPN (27 juillet), 122 M\u20ac plus 10 M\u20ac de bonus soit 132 M\u20ac selon Madrid Universal (1<sup>er<\/sup> ao\u00fbt). Une offre \u00e0 100 M\u20ac a \u00e9t\u00e9 refus\u00e9e par Leipzig.<\/p>\n<\/details>\n<details style=\"border:1px solid #ddd;border-radius:4px;padding:12px 16px;margin-bottom:10px;\">\n<summary style=\"font-weight:700;cursor:pointer;\">Qui est le joueur africain le plus cher de l&rsquo;histoire ?<\/summary>\n<p style=\"margin:10px 0 0;\">Le titre est disput\u00e9 entre Nicolas P\u00e9p\u00e9 (Lille-Arsenal, 80 M\u20ac en 2019) et Bryan Mbeumo (Brentford-Manchester United, 2025), \u00e9valu\u00e9 entre 75 et 81 M\u20ac selon les bar\u00e8mes. Si le transfert de Diomand\u00e9 aboutissait au niveau annonc\u00e9, il d\u00e9passerait ce record d&rsquo;environ 50 %.<\/p>\n<\/details>\n<div style=\"background:#111;color:#fff;padding:20px 24px;margin:28px 0;border-radius:6px;\">\n<p style=\"margin:0 0 10px;font-weight:700;text-transform:uppercase;letter-spacing:.5px;font-size:14px;\">\u00c0 retenir<\/p>\n<p style=\"margin:0;\">Yan Diomand\u00e9, 19 ans, ailier ivoirien du RB Leipzig, est promis au Real Madrid pour 120 \u00e0 132 M\u20ac. L&rsquo;accord de principe est solidement rapport\u00e9 depuis le 26 juillet 2026, mais <strong>aucun des deux clubs n&rsquo;a officialis\u00e9 quoi que ce soit au 3 ao\u00fbt<\/strong> : pas de visite m\u00e9dicale, et un blocage sur les bonus. Tant que le communiqu\u00e9 n&rsquo;est pas publi\u00e9, l&rsquo;op\u00e9ration reste un accord de principe \u2014 pas un transfert.<\/p>\n<\/div>\n<p><script type=\"application\/ld+json\">{\"@context\": \"https:\/\/schema.org\", \"@type\": \"FAQPage\", \"mainEntity\": [{\"@type\": \"Question\", \"name\": \"Yan Diomand\u00e9 a-t-il sign\u00e9 au Real Madrid ?\", \"acceptedAnswer\": {\"@type\": \"Answer\", \"text\": \"Non. Au 3 ao\u00fbt 2026, ni le Real Madrid ni le RB Leipzig n'ont publi\u00e9 de communiqu\u00e9. La presse rapporte un accord de principe depuis le 26 juillet, mais la visite m\u00e9dicale n'a pas eu lieu et les n\u00e9gociations sur les bonus \u00e9taient encore d\u00e9crites comme bloqu\u00e9es le 2 ao\u00fbt.\"}}, {\"@type\": \"Question\", \"name\": \"Combien co\u00fbterait le transfert de Yan Diomand\u00e9 ?\", \"acceptedAnswer\": {\"@type\": \"Answer\", \"text\": \"Les montants varient : \u00ab plus de 100 M\u20ac \u00bb pour Fabrizio Romano (26 juillet 2026), 115 \u00e0 120 M\u20ac de fixe pour un total de 135 M\u20ac selon ESPN (27 juillet), 122 M\u20ac plus 10 M\u20ac de bonus soit 132 M\u20ac selon Madrid Universal (1er ao\u00fbt). Une offre \u00e0 100 M\u20ac a \u00e9t\u00e9 refus\u00e9e par le RB Leipzig.\"}}, {\"@type\": \"Question\", \"name\": \"Qui est le joueur africain le plus cher de l'histoire ?\", \"acceptedAnswer\": {\"@type\": \"Answer\", \"text\": \"Le titre est disput\u00e9 entre Nicolas P\u00e9p\u00e9 (Lille-Arsenal, 80 M\u20ac en 2019) et Bryan Mbeumo (Brentford-Manchester United, 2025), \u00e9valu\u00e9 entre 75 et 81 M\u20ac selon les bar\u00e8mes. Si le transfert de Yan Diomand\u00e9 aboutissait au niveau annonc\u00e9, il d\u00e9passerait ce record d'environ 50 %.\"}}]}<\/script><\/p>\n","protected":false},"excerpt":{"rendered":"","protected":false},"author":39,"featured_media":18304,"comment_status":"open","ping_status":"open","sticky":false,"template":"","format":"standard","meta":{"_acf_changed":false,"manual_indexmenow":false,"indexmenow_id_project":0,"footnotes":""},"categories":[4520],"tags":[],"class_list":["post-18303","post","type-post","status-publish","format-standard","has-post-thumbnail","hentry","category-actualites-sportives","generate-columns","tablet-grid-50","mobile-grid-100","grid-parent","grid-25"],"acf":[],"yoast_head":"<!-- This site is optimized with the Yoast SEO Premium plugin v21.3 (Yoast SEO v26.5) - https:\/\/yoast.com\/wordpress\/plugins\/seo\/ -->\n<title>Yan Diomand\u00e9 au Real Madrid : o\u00f9 en est le transfert<\/title>\n<meta name=\"description\" content=\"Yan Diomand\u00e9, ailier ivoirien de 19 ans du RB Leipzig, est annonc\u00e9 au Real Madrid pour 120 \u00e0 132 M\u20ac. Au 3 ao\u00fbt 2026, aucun club n&#039;a officialis\u00e9 : le point.\" \/>\n<meta name=\"robots\" content=\"index, follow, max-snippet:-1, max-image-preview:large, max-video-preview:-1\" \/>\n<link rel=\"canonical\" href=\"https:\/\/sport-index.fr\/blog\/actualites-sportives\/yan-diomande-real-madrid-transfert-rb-leipzig-ou-en-est-le-dossier\/\" \/>\n<meta property=\"og:locale\" content=\"fr_FR\" \/>\n<meta property=\"og:type\" content=\"article\" \/>\n<meta property=\"og:title\" content=\"Yan Diomand\u00e9 au Real Madrid : o\u00f9 en est le transfert\" \/>\n<meta property=\"og:description\" content=\"Yan Diomand\u00e9, ailier ivoirien de 19 ans du RB Leipzig, est annonc\u00e9 au Real Madrid pour 120 \u00e0 132 M\u20ac. Au 3 ao\u00fbt 2026, aucun club n&#039;a officialis\u00e9 : le point.\" \/>\n<meta property=\"og:url\" content=\"https:\/\/sport-index.fr\/blog\/actualites-sportives\/yan-diomande-real-madrid-transfert-rb-leipzig-ou-en-est-le-dossier\/\" \/>\n<meta property=\"og:site_name\" content=\"sport-index\" \/>\n<meta property=\"og:image\" content=\"https:\/\/sport-index.fr\/blog\/wp-content\/uploads\/2026\/08\/stade-football-nuit-scaled.jpg\" \/>\n\t<meta property=\"og:image:width\" content=\"1200\" \/>\n\t<meta property=\"og:image:height\" content=\"801\" \/>\n\t<meta property=\"og:image:type\" content=\"image\/jpeg\" \/>\n<meta name=\"author\" content=\"Lucas Moreau\" \/>\n<meta name=\"twitter:card\" content=\"summary_large_image\" \/>\n<script type=\"application\/ld+json\" class=\"yoast-schema-graph\">{\"@context\":\"https:\/\/schema.org\",\"@graph\":[{\"@type\":\"NewsArticle\",\"@id\":\"https:\/\/sport-index.fr\/blog\/actualites-sportives\/yan-diomande-real-madrid-transfert-rb-leipzig-ou-en-est-le-dossier\/#article\",\"isPartOf\":{\"@id\":\"https:\/\/sport-index.fr\/blog\/actualites-sportives\/yan-diomande-real-madrid-transfert-rb-leipzig-ou-en-est-le-dossier\/\"},\"author\":{\"name\":\"Lucas Moreau\",\"@id\":\"https:\/\/sport-index.fr\/blog\/#\/schema\/person\/51382fb0b3e562f2d8b7b16213248735\"},\"headline\":\"Yan Diomand\u00e9 au Real Madrid : ce qui est act\u00e9, ce qui bloque encore\",\"datePublished\":\"2026-08-02T22:48:34+00:00\",\"dateModified\":\"2026-08-02T22:49:32+00:00\",\"mainEntityOfPage\":{\"@id\":\"https:\/\/sport-index.fr\/blog\/actualites-sportives\/yan-diomande-real-madrid-transfert-rb-leipzig-ou-en-est-le-dossier\/\"},\"wordCount\":1511,\"commentCount\":0,\"publisher\":{\"@id\":\"https:\/\/sport-index.fr\/blog\/#organization\"},\"image\":{\"@id\":\"https:\/\/sport-index.fr\/blog\/actualites-sportives\/yan-diomande-real-madrid-transfert-rb-leipzig-ou-en-est-le-dossier\/#primaryimage\"},\"thumbnailUrl\":\"https:\/\/sport-index.fr\/blog\/wp-content\/uploads\/2026\/08\/stade-football-nuit-scaled.jpg\",\"articleSection\":[\"Actualit\u00e9s Sportives\"],\"inLanguage\":\"fr-FR\",\"potentialAction\":[{\"@type\":\"CommentAction\",\"name\":\"Comment\",\"target\":[\"https:\/\/sport-index.fr\/blog\/actualites-sportives\/yan-diomande-real-madrid-transfert-rb-leipzig-ou-en-est-le-dossier\/#respond\"]}]},{\"@type\":\"WebPage\",\"@id\":\"https:\/\/sport-index.fr\/blog\/actualites-sportives\/yan-diomande-real-madrid-transfert-rb-leipzig-ou-en-est-le-dossier\/\",\"url\":\"https:\/\/sport-index.fr\/blog\/actualites-sportives\/yan-diomande-real-madrid-transfert-rb-leipzig-ou-en-est-le-dossier\/\",\"name\":\"Yan Diomand\u00e9 au Real Madrid : o\u00f9 en est le transfert\",\"isPartOf\":{\"@id\":\"https:\/\/sport-index.fr\/blog\/#website\"},\"primaryImageOfPage\":{\"@id\":\"https:\/\/sport-index.fr\/blog\/actualites-sportives\/yan-diomande-real-madrid-transfert-rb-leipzig-ou-en-est-le-dossier\/#primaryimage\"},\"image\":{\"@id\":\"https:\/\/sport-index.fr\/blog\/actualites-sportives\/yan-diomande-real-madrid-transfert-rb-leipzig-ou-en-est-le-dossier\/#primaryimage\"},\"thumbnailUrl\":\"https:\/\/sport-index.fr\/blog\/wp-content\/uploads\/2026\/08\/stade-football-nuit-scaled.jpg\",\"datePublished\":\"2026-08-02T22:48:34+00:00\",\"dateModified\":\"2026-08-02T22:49:32+00:00\",\"description\":\"Yan Diomand\u00e9, ailier ivoirien de 19 ans du RB Leipzig, est annonc\u00e9 au Real Madrid pour 120 \u00e0 132 M\u20ac. Au 3 ao\u00fbt 2026, aucun club n'a officialis\u00e9 : le point.\",\"inLanguage\":\"fr-FR\",\"potentialAction\":[{\"@type\":\"ReadAction\",\"target\":[\"https:\/\/sport-index.fr\/blog\/actualites-sportives\/yan-diomande-real-madrid-transfert-rb-leipzig-ou-en-est-le-dossier\/\"]}]},{\"@type\":\"ImageObject\",\"inLanguage\":\"fr-FR\",\"@id\":\"https:\/\/sport-index.fr\/blog\/actualites-sportives\/yan-diomande-real-madrid-transfert-rb-leipzig-ou-en-est-le-dossier\/#primaryimage\",\"url\":\"https:\/\/sport-index.fr\/blog\/wp-content\/uploads\/2026\/08\/stade-football-nuit-scaled.jpg\",\"contentUrl\":\"https:\/\/sport-index.fr\/blog\/wp-content\/uploads\/2026\/08\/stade-football-nuit-scaled.jpg\",\"width\":1200,\"height\":801,\"caption\":\"Pelouse d un stade de football sous les projecteurs, illustration mercato\"},{\"@type\":\"WebSite\",\"@id\":\"https:\/\/sport-index.fr\/blog\/#website\",\"url\":\"https:\/\/sport-index.fr\/blog\/\",\"name\":\"sport-index.fr\",\"description\":\"Le score de l\u2019analyse sportive.\",\"publisher\":{\"@id\":\"https:\/\/sport-index.fr\/blog\/#organization\"},\"alternateName\":\"Le score de l\u2019analyse sportive.\",\"potentialAction\":[{\"@type\":\"SearchAction\",\"target\":{\"@type\":\"EntryPoint\",\"urlTemplate\":\"https:\/\/sport-index.fr\/blog\/?s={search_term_string}\"},\"query-input\":{\"@type\":\"PropertyValueSpecification\",\"valueRequired\":true,\"valueName\":\"search_term_string\"}}],\"inLanguage\":\"fr-FR\"},{\"@type\":\"Organization\",\"@id\":\"https:\/\/sport-index.fr\/blog\/#organization\",\"name\":\"Foretsensations.fr\",\"url\":\"https:\/\/sport-index.fr\/blog\/\",\"logo\":{\"@type\":\"ImageObject\",\"inLanguage\":\"fr-FR\",\"@id\":\"https:\/\/sport-index.fr\/blog\/#\/schema\/logo\/image\/\",\"url\":\"https:\/\/sport-index.fr\/blog\/wp-content\/uploads\/2026\/07\/logo-auto.png\",\"contentUrl\":\"https:\/\/sport-index.fr\/blog\/wp-content\/uploads\/2026\/07\/logo-auto.png\",\"width\":1024,\"height\":1024,\"caption\":\"Foretsensations.fr\"},\"image\":{\"@id\":\"https:\/\/sport-index.fr\/blog\/#\/schema\/logo\/image\/\"}},{\"@type\":\"Person\",\"@id\":\"https:\/\/sport-index.fr\/blog\/#\/schema\/person\/51382fb0b3e562f2d8b7b16213248735\",\"name\":\"Lucas Moreau\",\"image\":{\"@type\":\"ImageObject\",\"inLanguage\":\"fr-FR\",\"@id\":\"https:\/\/sport-index.fr\/blog\/#\/schema\/person\/image\/\",\"url\":\"https:\/\/secure.gravatar.com\/avatar\/?s=96&d=mm&r=g\",\"contentUrl\":\"https:\/\/secure.gravatar.com\/avatar\/?s=96&d=mm&r=g\",\"caption\":\"Lucas Moreau\"},\"description\":\"Journaliste sportif avec plus de 15 ans d\u2019exp\u00e9rience couvrant divers sports tels que le football, le basket-ball, et le tennis. Lucas offre des analyses approfondies, des interviews exclusives et des reportages sur les grands \u00e9v\u00e9nements sportifs.\",\"url\":\"https:\/\/sport-index.fr\/blog\/auteur\/lucas-moreau\/\"}]}<\/script>\n<!-- \/ Yoast SEO Premium plugin. -->","yoast_head_json":{"title":"Yan Diomand\u00e9 au Real Madrid : o\u00f9 en est le transfert","description":"Yan Diomand\u00e9, ailier ivoirien de 19 ans du RB Leipzig, est annonc\u00e9 au Real Madrid pour 120 \u00e0 132 M\u20ac. Au 3 ao\u00fbt 2026, aucun club n'a officialis\u00e9 : le point.","robots":{"index":"index","follow":"follow","max-snippet":"max-snippet:-1","max-image-preview":"max-image-preview:large","max-video-preview":"max-video-preview:-1"},"canonical":"https:\/\/sport-index.fr\/blog\/actualites-sportives\/yan-diomande-real-madrid-transfert-rb-leipzig-ou-en-est-le-dossier\/","og_locale":"fr_FR","og_type":"article","og_title":"Yan Diomand\u00e9 au Real Madrid : o\u00f9 en est le transfert","og_description":"Yan Diomand\u00e9, ailier ivoirien de 19 ans du RB Leipzig, est annonc\u00e9 au Real Madrid pour 120 \u00e0 132 M\u20ac. Au 3 ao\u00fbt 2026, aucun club n'a officialis\u00e9 : le point.","og_url":"https:\/\/sport-index.fr\/blog\/actualites-sportives\/yan-diomande-real-madrid-transfert-rb-leipzig-ou-en-est-le-dossier\/","og_site_name":"sport-index","og_image":[{"width":1200,"height":801,"url":"https:\/\/sport-index.fr\/blog\/wp-content\/uploads\/2026\/08\/stade-football-nuit-scaled.jpg","type":"image\/jpeg"}],"author":"Lucas Moreau","twitter_card":"summary_large_image","schema":{"@context":"https:\/\/schema.org","@graph":[{"@type":"NewsArticle","@id":"https:\/\/sport-index.fr\/blog\/actualites-sportives\/yan-diomande-real-madrid-transfert-rb-leipzig-ou-en-est-le-dossier\/#article","isPartOf":{"@id":"https:\/\/sport-index.fr\/blog\/actualites-sportives\/yan-diomande-real-madrid-transfert-rb-leipzig-ou-en-est-le-dossier\/"},"author":{"name":"Lucas Moreau","@id":"https:\/\/sport-index.fr\/blog\/#\/schema\/person\/51382fb0b3e562f2d8b7b16213248735"},"headline":"Yan Diomand\u00e9 au Real Madrid : ce qui est act\u00e9, ce qui bloque encore","datePublished":"2026-08-02T22:48:34+00:00","dateModified":"2026-08-02T22:49:32+00:00","mainEntityOfPage":{"@id":"https:\/\/sport-index.fr\/blog\/actualites-sportives\/yan-diomande-real-madrid-transfert-rb-leipzig-ou-en-est-le-dossier\/"},"wordCount":1511,"commentCount":0,"publisher":{"@id":"https:\/\/sport-index.fr\/blog\/#organization"},"image":{"@id":"https:\/\/sport-index.fr\/blog\/actualites-sportives\/yan-diomande-real-madrid-transfert-rb-leipzig-ou-en-est-le-dossier\/#primaryimage"},"thumbnailUrl":"https:\/\/sport-index.fr\/blog\/wp-content\/uploads\/2026\/08\/stade-football-nuit-scaled.jpg","articleSection":["Actualit\u00e9s Sportives"],"inLanguage":"fr-FR","potentialAction":[{"@type":"CommentAction","name":"Comment","target":["https:\/\/sport-index.fr\/blog\/actualites-sportives\/yan-diomande-real-madrid-transfert-rb-leipzig-ou-en-est-le-dossier\/#respond"]}]},{"@type":"WebPage","@id":"https:\/\/sport-index.fr\/blog\/actualites-sportives\/yan-diomande-real-madrid-transfert-rb-leipzig-ou-en-est-le-dossier\/","url":"https:\/\/sport-index.fr\/blog\/actualites-sportives\/yan-diomande-real-madrid-transfert-rb-leipzig-ou-en-est-le-dossier\/","name":"Yan Diomand\u00e9 au Real Madrid : o\u00f9 en est le transfert","isPartOf":{"@id":"https:\/\/sport-index.fr\/blog\/#website"},"primaryImageOfPage":{"@id":"https:\/\/sport-index.fr\/blog\/actualites-sportives\/yan-diomande-real-madrid-transfert-rb-leipzig-ou-en-est-le-dossier\/#primaryimage"},"image":{"@id":"https:\/\/sport-index.fr\/blog\/actualites-sportives\/yan-diomande-real-madrid-transfert-rb-leipzig-ou-en-est-le-dossier\/#primaryimage"},"thumbnailUrl":"https:\/\/sport-index.fr\/blog\/wp-content\/uploads\/2026\/08\/stade-football-nuit-scaled.jpg","datePublished":"2026-08-02T22:48:34+00:00","dateModified":"2026-08-02T22:49:32+00:00","description":"Yan Diomand\u00e9, ailier ivoirien de 19 ans du RB Leipzig, est annonc\u00e9 au Real Madrid pour 120 \u00e0 132 M\u20ac. Au 3 ao\u00fbt 2026, aucun club n'a officialis\u00e9 : le point.","inLanguage":"fr-FR","potentialAction":[{"@type":"ReadAction","target":["https:\/\/sport-index.fr\/blog\/actualites-sportives\/yan-diomande-real-madrid-transfert-rb-leipzig-ou-en-est-le-dossier\/"]}]},{"@type":"ImageObject","inLanguage":"fr-FR","@id":"https:\/\/sport-index.fr\/blog\/actualites-sportives\/yan-diomande-real-madrid-transfert-rb-leipzig-ou-en-est-le-dossier\/#primaryimage","url":"https:\/\/sport-index.fr\/blog\/wp-content\/uploads\/2026\/08\/stade-football-nuit-scaled.jpg","contentUrl":"https:\/\/sport-index.fr\/blog\/wp-content\/uploads\/2026\/08\/stade-football-nuit-scaled.jpg","width":1200,"height":801,"caption":"Pelouse d un stade de football sous les projecteurs, illustration mercato"},{"@type":"WebSite","@id":"https:\/\/sport-index.fr\/blog\/#website","url":"https:\/\/sport-index.fr\/blog\/","name":"sport-index.fr","description":"Le score de l\u2019analyse sportive.","publisher":{"@id":"https:\/\/sport-index.fr\/blog\/#organization"},"alternateName":"Le score de l\u2019analyse sportive.","potentialAction":[{"@type":"SearchAction","target":{"@type":"EntryPoint","urlTemplate":"https:\/\/sport-index.fr\/blog\/?s={search_term_string}"},"query-input":{"@type":"PropertyValueSpecification","valueRequired":true,"valueName":"search_term_string"}}],"inLanguage":"fr-FR"},{"@type":"Organization","@id":"https:\/\/sport-index.fr\/blog\/#organization","name":"Foretsensations.fr","url":"https:\/\/sport-index.fr\/blog\/","logo":{"@type":"ImageObject","inLanguage":"fr-FR","@id":"https:\/\/sport-index.fr\/blog\/#\/schema\/logo\/image\/","url":"https:\/\/sport-index.fr\/blog\/wp-content\/uploads\/2026\/07\/logo-auto.png","contentUrl":"https:\/\/sport-index.fr\/blog\/wp-content\/uploads\/2026\/07\/logo-auto.png","width":1024,"height":1024,"caption":"Foretsensations.fr"},"image":{"@id":"https:\/\/sport-index.fr\/blog\/#\/schema\/logo\/image\/"}},{"@type":"Person","@id":"https:\/\/sport-index.fr\/blog\/#\/schema\/person\/51382fb0b3e562f2d8b7b16213248735","name":"Lucas Moreau","image":{"@type":"ImageObject","inLanguage":"fr-FR","@id":"https:\/\/sport-index.fr\/blog\/#\/schema\/person\/image\/","url":"https:\/\/secure.gravatar.com\/avatar\/?s=96&d=mm&r=g","contentUrl":"https:\/\/secure.gravatar.com\/avatar\/?s=96&d=mm&r=g","caption":"Lucas Moreau"},"description":"Journaliste sportif avec plus de 15 ans d\u2019exp\u00e9rience couvrant divers sports tels que le football, le basket-ball, et le tennis. Lucas offre des analyses approfondies, des interviews exclusives et des reportages sur les grands \u00e9v\u00e9nements sportifs.","url":"https:\/\/sport-index.fr\/blog\/auteur\/lucas-moreau\/"}]}},"_links":{"self":[{"href":"https:\/\/sport-index.fr\/blog\/wp-json\/wp\/v2\/posts\/18303","targetHints":{"allow":["GET"]}}],"collection":[{"href":"https:\/\/sport-index.fr\/blog\/wp-json\/wp\/v2\/posts"}],"about":[{"href":"https:\/\/sport-index.fr\/blog\/wp-json\/wp\/v2\/types\/post"}],"author":[{"embeddable":true,"href":"https:\/\/sport-index.fr\/blog\/wp-json\/wp\/v2\/users\/39"}],"replies":[{"embeddable":true,"href":"https:\/\/sport-index.fr\/blog\/wp-json\/wp\/v2\/comments?post=18303"}],"version-history":[{"count":1,"href":"https:\/\/sport-index.fr\/blog\/wp-json\/wp\/v2\/posts\/18303\/revisions"}],"predecessor-version":[{"id":18305,"href":"https:\/\/sport-index.fr\/blog\/wp-json\/wp\/v2\/posts\/18303\/revisions\/18305"}],"wp:featuredmedia":[{"embeddable":true,"href":"https:\/\/sport-index.fr\/blog\/wp-json\/wp\/v2\/media\/18304"}],"wp:attachment":[{"href":"https:\/\/sport-index.fr\/blog\/wp-json\/wp\/v2\/media?parent=18303"}],"wp:term":[{"taxonomy":"category","embeddable":true,"href":"https:\/\/sport-index.fr\/blog\/wp-json\/wp\/v2\/categories?post=18303"},{"taxonomy":"post_tag","embeddable":true,"href":"https:\/\/sport-index.fr\/blog\/wp-json\/wp\/v2\/tags?post=18303"}],"curies":[{"name":"wp","href":"https:\/\/api.w.org\/{rel}","templated":true}]}}