{"id":18306,"date":"2026-08-08T10:11:27","date_gmt":"2026-08-08T08:11:27","guid":{"rendered":"https:\/\/sport-index.fr\/blog\/actualites-sportives\/thomas-ramos-au-racing-92-pourquoi-le-meilleur-marqueur-de-l-histoire\/"},"modified":"2026-08-08T10:11:27","modified_gmt":"2026-08-08T08:11:27","slug":"thomas-ramos-au-racing-92-pourquoi-le-meilleur-marqueur-de-l-histoire","status":"publish","type":"post","link":"https:\/\/sport-index.fr\/blog\/actualites-sportives\/thomas-ramos-au-racing-92-pourquoi-le-meilleur-marqueur-de-l-histoire\/","title":{"rendered":"Thomas Ramos au Racing 92 : pourquoi le meilleur marqueur de l&rsquo;histoire du Stade Toulousain s&rsquo;en va"},"content":{"rendered":"<p style=\"font-size:18px;line-height:1.65;color:#1a1a1a;\">C&rsquo;est officiel depuis le mardi 4 ao\u00fbt : <strong>Thomas Ramos quittera le Stade Toulousain \u00e0 l&rsquo;issue de la saison 2026-2027<\/strong> pour rejoindre le Racing 92. L&rsquo;arri\u00e8re international de 31 ans, meilleur r\u00e9alisateur de l&rsquo;histoire du club haut-garonnais, a annonc\u00e9 sa d\u00e9cision dans un communiqu\u00e9 du club \u2014 et le sujet affole les recherches depuis quatre jours. En cause, notamment : une politique salariale toulousaine qui impose une baisse de revenus aux joueurs de plus de 30 ans.<\/p>\n<div style=\"background:#E7F3EC;border:1px solid #15803D33;border-radius:14px;padding:20px 24px;margin:26px 0;font-family:-apple-system,BlinkMacSystemFont,'Segoe UI',Roboto,sans-serif;\">\n<div style=\"font-size:12px;font-weight:800;letter-spacing:.14em;text-transform:uppercase;color:#15803D;margin-bottom:12px;\">\u26a1 En bref<\/div>\n<ul style=\"margin:0;padding:0;list-style:none;font-size:15.5px;color:#1a1a1a;\">\n<li style=\"margin:0 0 8px;padding-left:24px;position:relative;line-height:1.5;\"><span style=\"position:absolute;left:0;color:#15803D;font-weight:800;\">\u25b8<\/span>Le Stade Toulousain a officialis\u00e9 le <strong>4 ao\u00fbt 2026<\/strong> le d\u00e9part de Thomas Ramos pour le <strong>Racing 92<\/strong>, effectif \u00e0 l&rsquo;\u00e9t\u00e9 2027, apr\u00e8s la saison 2026-2027.<\/li>\n<li style=\"margin:0 0 8px;padding-left:24px;position:relative;line-height:1.5;\"><span style=\"position:absolute;left:0;color:#15803D;font-weight:800;\">\u25b8<\/span>Ramos, <strong>31 ans<\/strong>, est le <strong>meilleur marqueur de l&rsquo;histoire du club<\/strong> avec 2 321 points inscrits depuis ses d\u00e9buts.<\/li>\n<li style=\"margin:0 0 8px;padding-left:24px;position:relative;line-height:1.5;\"><span style=\"position:absolute;left:0;color:#15803D;font-weight:800;\">\u25b8<\/span>Selon la presse sp\u00e9cialis\u00e9e, Toulouse demandait \u00e0 ses trentenaires une <strong>baisse de salaire d&rsquo;environ 25 %<\/strong> pour prolonger \u2014 un point de blocage d\u00e9cisif.<\/li>\n<li style=\"margin:0 0 8px;padding-left:24px;position:relative;line-height:1.5;\"><span style=\"position:absolute;left:0;color:#15803D;font-weight:800;\">\u25b8<\/span>Le joueur disputera une <strong>derni\u00e8re saison pleine<\/strong> en rouge et noir : \u00ab Nous savons que nous pouvons compter sur l&rsquo;engagement total de Thomas \u00bb, assure le pr\u00e9sident Didier Lacroix.<\/li>\n<\/ul>\n<\/div>\n<div style=\"display:flex;flex-wrap:wrap;gap:12px;margin:24px 0;\">\n<div style=\"flex:1;min-width:120px;background:#fff;border:1px solid #e6e8ee;border-top:3px solid #15803D;border-radius:12px;padding:16px 18px;text-align:center;\">\n<div style=\"font-size:26px;font-weight:800;color:#15803D;line-height:1.1;letter-spacing:-.01em;\">2 321<\/div>\n<div style=\"font-size:12.5px;color:#667085;margin-top:6px;line-height:1.3;\">points marqu\u00e9s sous le maillot toulousain, record du club<\/div>\n<\/div>\n<div style=\"flex:1;min-width:120px;background:#fff;border:1px solid #e6e8ee;border-top:3px solid #15803D;border-radius:12px;padding:16px 18px;text-align:center;\">\n<div style=\"font-size:26px;font-weight:800;color:#15803D;line-height:1.1;letter-spacing:-.01em;\">6<\/div>\n<div style=\"font-size:12.5px;color:#667085;margin-top:6px;line-height:1.3;\">Boucliers de Brennus remport\u00e9s avec Toulouse<\/div>\n<\/div>\n<div style=\"flex:1;min-width:120px;background:#fff;border:1px solid #e6e8ee;border-top:3px solid #15803D;border-radius:12px;padding:16px 18px;text-align:center;\">\n<div style=\"font-size:26px;font-weight:800;color:#15803D;line-height:1.1;letter-spacing:-.01em;\">2<\/div>\n<div style=\"font-size:12.5px;color:#667085;margin-top:6px;line-height:1.3;\">Champions Cup (2021 et 2024)<\/div>\n<\/div>\n<div style=\"flex:1;min-width:120px;background:#fff;border:1px solid #e6e8ee;border-top:3px solid #15803D;border-radius:12px;padding:16px 18px;text-align:center;\">\n<div style=\"font-size:26px;font-weight:800;color:#15803D;line-height:1.1;letter-spacing:-.01em;\">\u00e9t\u00e9 2027<\/div>\n<div style=\"font-size:12.5px;color:#667085;margin-top:6px;line-height:1.3;\">date d&rsquo;arriv\u00e9e au Racing 92<\/div>\n<\/div>\n<\/div>\n<h2 style=\"font-size:24px;line-height:1.25;margin:36px 0 14px;letter-spacing:-.01em;color:#1a1a1a;font-weight:800;\">Ce que le club a annonc\u00e9, mot pour mot<\/h2>\n<p style=\"font-size:16.5px;line-height:1.7;color:#2a2a2a;margin:0 0 16px;\">Le communiqu\u00e9 publi\u00e9 mardi par le Stade Toulousain ne laisse aucune ambigu\u00eft\u00e9 : l&rsquo;arri\u00e8re du XV de France portera le maillot ciel et blanc du <strong>Racing 92<\/strong> \u00e0 partir de la saison 2027-2028. Aucune indemnit\u00e9 de transfert n&rsquo;a \u00e9t\u00e9 communiqu\u00e9e, le joueur allant au bout de son contrat actuel.<\/p>\n<p style=\"font-size:16.5px;line-height:1.7;color:#2a2a2a;margin:0 0 16px;\">\u00ab Cette d\u00e9cision a \u00e9t\u00e9 particuli\u00e8rement difficile \u00e0 prendre. Le Stade Toulousain, c&rsquo;est mon club \u00bb, a expliqu\u00e9 Thomas Ramos, qui dit avoir \u00ab choisi de relever un nouveau d\u00e9fi sportif \u00bb tout en promettant de tout donner lors de sa derni\u00e8re saison, rapporte <a href=\"https:\/\/toulouse7.com\/2026\/08\/04\/thomas-ramos-racing-officiel-stade-toulousain\/\" rel=\"nofollow\">Toulouse7<\/a>.<\/p>\n<blockquote style=\"margin:28px 0;padding:20px 26px;border-left:4px solid #15803D;background:#E7F3EC;border-radius:0 12px 12px 0;font-size:19px;line-height:1.5;font-style:italic;color:#1a1a1a;\"><p>\u00ab Cette d\u00e9cision a \u00e9t\u00e9 particuli\u00e8rement difficile \u00e0 prendre. Le Stade Toulousain, c&rsquo;est mon club. J&rsquo;ai choisi de relever un nouveau d\u00e9fi sportif. \u00bb<\/p>\n<div style=\"font-size:13px;color:#667085;margin-top:10px;font-style:normal;\">\u2014 Thomas Ramos, communiqu\u00e9 du 4 ao\u00fbt 2026<\/div>\n<\/blockquote>\n<h2 style=\"font-size:24px;line-height:1.25;margin:36px 0 14px;letter-spacing:-.01em;color:#1a1a1a;font-weight:800;\">La r\u00e8gle des \u00ab plus de 30 ans \u00bb, vraie cause du divorce<\/h2>\n<p style=\"font-size:16.5px;line-height:1.7;color:#2a2a2a;margin:0 0 16px;\">Pourquoi un cadre du XV de France quitte-t-il le club de sa vie ? La r\u00e9ponse tient en une r\u00e8gle interne : \u00e0 Toulouse, les joueurs de <strong>plus de <strong>30 ans<\/strong><\/strong> qui veulent prolonger doivent accepter une <strong>r\u00e9duction de salaire<\/strong>, estim\u00e9e \u00e0 environ <strong>25 %<\/strong> dans le cas de Ramos selon Minute Sports. Une politique assum\u00e9e pour ma\u00eetriser la masse salariale et faire de la place aux jeunes du centre de formation.<\/p>\n<p style=\"font-size:16.5px;line-height:1.7;color:#2a2a2a;margin:0 0 16px;\">Les discussions de prolongation, entam\u00e9es d\u00e8s la fin de l&rsquo;\u00e9t\u00e9 2025, ont tra\u00een\u00e9 : le club envisageait m\u00eame d&rsquo;int\u00e9grer Ramos au staff apr\u00e8s sa carri\u00e8re, mais l&rsquo;attente a \u00e9t\u00e9 mal v\u00e9cue par le joueur et son entourage. Le Racing 92, lui, n&rsquo;impose pas ce type de d\u00e9cote \u2014 l&rsquo;arri\u00e8re y signerait sans rogner ses revenus.<\/p>\n<h2 style=\"font-size:24px;line-height:1.25;margin:36px 0 14px;letter-spacing:-.01em;color:#1a1a1a;font-weight:800;\">Ce qu&rsquo;il laisse derri\u00e8re lui : des chiffres que les suiveurs connaissent par c\u0153ur<\/h2>\n<p style=\"font-size:16.5px;line-height:1.7;color:#2a2a2a;margin:0 0 16px;\">Arriv\u00e9 au club en 2011 comme junior, Ramos a tout gagn\u00e9 en rouge et noir : <strong>six titres de champion de France<\/strong> et <strong>deux Champions Cup<\/strong> (2021 et 2024). Buteur d&rsquo;une r\u00e9gularit\u00e9 m\u00e9tronomique, il a inscrit <strong><strong>2 321 points<\/strong><\/strong> pour Toulouse \u2014 record absolu dans l&rsquo;histoire d&rsquo;un club fond\u00e9 en 1907.<\/p>\n<p style=\"font-size:16.5px;line-height:1.7;color:#2a2a2a;margin:0 0 16px;\">Chez les supporters, l&rsquo;annonce a provoqu\u00e9 des r\u00e9actions contrast\u00e9es : beaucoup de messages de remerciement, mais aussi quelques \u00ab tra\u00eetre \u00bb et \u00ab mercenaire \u00bb sur les r\u00e9seaux, signe que le sujet d\u00e9passe largement le cadre sportif. D&rsquo;autres rappellent, plus mesur\u00e9s, qu&rsquo;un trentenaire confront\u00e9 \u00e0 une baisse de salaire impos\u00e9e fait un choix de carri\u00e8re comme un autre.<\/p>\n<h2 style=\"font-size:24px;line-height:1.25;margin:36px 0 14px;letter-spacing:-.01em;color:#1a1a1a;font-weight:800;\">Et maintenant : une saison enti\u00e8re avec un \u00ab condamn\u00e9 \u00bb tr\u00e8s motiv\u00e9<\/h2>\n<p style=\"font-size:16.5px;line-height:1.7;color:#2a2a2a;margin:0 0 16px;\">Situation in\u00e9dite : Toulouse va disputer toute la saison 2026-2027 avec un titulaire dont le d\u00e9part est d\u00e9j\u00e0 act\u00e9. Le pr\u00e9sident <strong>Didier Lacroix<\/strong> a \u00e9vacu\u00e9 le malaise : \u00ab D&rsquo;ici son d\u00e9part, une seule chose compte : r\u00e9ussir ensemble cette saison 2026-2027. \u00bb<\/p>\n<p style=\"font-size:16.5px;line-height:1.7;color:#2a2a2a;margin:0 0 16px;\">Pour le Racing 92, qui s&rsquo;installe dans son nouveau projet sportif, c&rsquo;est un coup majeur : recruter \u00e0 <strong>32 ans<\/strong> un buteur de classe mondiale et cadre du XV de France, sans indemnit\u00e9 de transfert. Rendez-vous \u00e0 l&rsquo;\u00e9t\u00e9 2027 \u2014 avec, d&rsquo;ici l\u00e0, de probables retrouvailles piquantes entre les deux clubs en Top 14, comme le d\u00e9taille <a href=\"https:\/\/www.franceinfo.fr\/sports\/rugby\/l-arriere-de-l-equipe-de-france-thomas-ramos-quittera-le-stade-toulousain-pour-le-racing-92-a-l-issue-de-la-saison-2026-2027_8134649.html\" rel=\"nofollow\">franceinfo<\/a>.<\/p>\n<div style=\"background:#1a1a1a;border-radius:14px;padding:22px 26px;margin:30px 0 8px;font-family:-apple-system,BlinkMacSystemFont,'Segoe UI',Roboto,sans-serif;\">\n<div style=\"font-size:12px;font-weight:800;letter-spacing:.16em;text-transform:uppercase;color:#15803D;margin-bottom:8px;\">\ud83c\udfaf \u00c0 retenir<\/div>\n<div style=\"font-size:17px;line-height:1.6;color:#f0f0f0;\">Thomas Ramos jouera encore un an \u00e0 Toulouse avant de rejoindre le Racing 92 \u00e0 l&rsquo;\u00e9t\u00e9 2027 : la r\u00e8gle toulousaine de baisse salariale des plus de 30 ans a eu raison de seize ans de fid\u00e9lit\u00e9 au club dont il est le meilleur marqueur historique.<\/div>\n<\/div>\n","protected":false},"excerpt":{"rendered":"","protected":false},"author":41,"featured_media":18307,"comment_status":"open","ping_status":"open","sticky":false,"template":"","format":"standard","meta":{"_acf_changed":false,"manual_indexmenow":false,"indexmenow_id_project":0,"footnotes":""},"categories":[4520],"tags":[],"class_list":["post-18306","post","type-post","status-publish","format-standard","has-post-thumbnail","hentry","category-actualites-sportives","generate-columns","tablet-grid-50","mobile-grid-100","grid-parent","grid-25"],"acf":[],"yoast_head":"<!-- This site is optimized with the Yoast SEO Premium plugin v21.3 (Yoast SEO v26.5) - https:\/\/yoast.com\/wordpress\/plugins\/seo\/ -->\n<title>Thomas Ramos au Racing 92 : pourquoi le meilleur marqueur de l&#039;histoire du Stade Toulousain s&#039;en va<\/title>\n<meta name=\"description\" content=\"C&#039;est officiel depuis le mardi 4 ao\u00fbt : Thomas Ramos quittera le Stade Toulousain \u00e0 l&#039;issue de la saison 2026-2027 pour rejoindre le Racing 92. L&#039;arri\u00e8re\" \/>\n<meta name=\"robots\" content=\"index, follow, max-snippet:-1, max-image-preview:large, max-video-preview:-1\" \/>\n<link rel=\"canonical\" href=\"https:\/\/sport-index.fr\/blog\/actualites-sportives\/thomas-ramos-au-racing-92-pourquoi-le-meilleur-marqueur-de-l-histoire\/\" \/>\n<meta property=\"og:locale\" content=\"fr_FR\" \/>\n<meta property=\"og:type\" content=\"article\" \/>\n<meta property=\"og:title\" content=\"Thomas Ramos au Racing 92 : pourquoi le meilleur marqueur de l&#039;histoire du Stade Toulousain s&#039;en va\" \/>\n<meta property=\"og:description\" content=\"C&#039;est officiel depuis le mardi 4 ao\u00fbt : Thomas Ramos quittera le Stade Toulousain \u00e0 l&#039;issue de la saison 2026-2027 pour rejoindre le Racing 92. L&#039;arri\u00e8re\" \/>\n<meta property=\"og:url\" content=\"https:\/\/sport-index.fr\/blog\/actualites-sportives\/thomas-ramos-au-racing-92-pourquoi-le-meilleur-marqueur-de-l-histoire\/\" \/>\n<meta property=\"og:site_name\" content=\"sport-index\" \/>\n<meta name=\"author\" content=\"Antoine Bernard\" \/>\n<meta name=\"twitter:card\" content=\"summary_large_image\" \/>\n<script type=\"application\/ld+json\" class=\"yoast-schema-graph\">{\"@context\":\"https:\/\/schema.org\",\"@graph\":[{\"@type\":\"NewsArticle\",\"@id\":\"https:\/\/sport-index.fr\/blog\/actualites-sportives\/thomas-ramos-au-racing-92-pourquoi-le-meilleur-marqueur-de-l-histoire\/#article\",\"isPartOf\":{\"@id\":\"https:\/\/sport-index.fr\/blog\/actualites-sportives\/thomas-ramos-au-racing-92-pourquoi-le-meilleur-marqueur-de-l-histoire\/\"},\"author\":{\"name\":\"Antoine Bernard\",\"@id\":\"https:\/\/sport-index.fr\/blog\/#\/schema\/person\/44426045f6d04c1519cfa471757b400f\"},\"headline\":\"Thomas Ramos au Racing 92 : pourquoi le meilleur marqueur de l&rsquo;histoire du Stade Toulousain s&rsquo;en va\",\"datePublished\":\"2026-08-08T08:11:27+00:00\",\"mainEntityOfPage\":{\"@id\":\"https:\/\/sport-index.fr\/blog\/actualites-sportives\/thomas-ramos-au-racing-92-pourquoi-le-meilleur-marqueur-de-l-histoire\/\"},\"wordCount\":788,\"commentCount\":0,\"publisher\":{\"@id\":\"https:\/\/sport-index.fr\/blog\/#organization\"},\"image\":{\"@id\":\"https:\/\/sport-index.fr\/blog\/actualites-sportives\/thomas-ramos-au-racing-92-pourquoi-le-meilleur-marqueur-de-l-histoire\/#primaryimage\"},\"thumbnailUrl\":\"https:\/\/sport-index.fr\/blog\/wp-content\/uploads\/2026\/08\/si_18306-scaled.jpg\",\"articleSection\":[\"Actualit\u00e9s Sportives\"],\"inLanguage\":\"fr-FR\",\"potentialAction\":[{\"@type\":\"CommentAction\",\"name\":\"Comment\",\"target\":[\"https:\/\/sport-index.fr\/blog\/actualites-sportives\/thomas-ramos-au-racing-92-pourquoi-le-meilleur-marqueur-de-l-histoire\/#respond\"]}]},{\"@type\":\"WebPage\",\"@id\":\"https:\/\/sport-index.fr\/blog\/actualites-sportives\/thomas-ramos-au-racing-92-pourquoi-le-meilleur-marqueur-de-l-histoire\/\",\"url\":\"https:\/\/sport-index.fr\/blog\/actualites-sportives\/thomas-ramos-au-racing-92-pourquoi-le-meilleur-marqueur-de-l-histoire\/\",\"name\":\"Thomas Ramos au Racing 92 : pourquoi le meilleur marqueur de l'histoire du Stade Toulousain s'en va\",\"isPartOf\":{\"@id\":\"https:\/\/sport-index.fr\/blog\/#website\"},\"primaryImageOfPage\":{\"@id\":\"https:\/\/sport-index.fr\/blog\/actualites-sportives\/thomas-ramos-au-racing-92-pourquoi-le-meilleur-marqueur-de-l-histoire\/#primaryimage\"},\"image\":{\"@id\":\"https:\/\/sport-index.fr\/blog\/actualites-sportives\/thomas-ramos-au-racing-92-pourquoi-le-meilleur-marqueur-de-l-histoire\/#primaryimage\"},\"thumbnailUrl\":\"https:\/\/sport-index.fr\/blog\/wp-content\/uploads\/2026\/08\/si_18306-scaled.jpg\",\"datePublished\":\"2026-08-08T08:11:27+00:00\",\"description\":\"C'est officiel depuis le mardi 4 ao\u00fbt : Thomas Ramos quittera le Stade Toulousain \u00e0 l'issue de la saison 2026-2027 pour rejoindre le Racing 92. L'arri\u00e8re\",\"inLanguage\":\"fr-FR\",\"potentialAction\":[{\"@type\":\"ReadAction\",\"target\":[\"https:\/\/sport-index.fr\/blog\/actualites-sportives\/thomas-ramos-au-racing-92-pourquoi-le-meilleur-marqueur-de-l-histoire\/\"]}]},{\"@type\":\"ImageObject\",\"inLanguage\":\"fr-FR\",\"@id\":\"https:\/\/sport-index.fr\/blog\/actualites-sportives\/thomas-ramos-au-racing-92-pourquoi-le-meilleur-marqueur-de-l-histoire\/#primaryimage\",\"url\":\"https:\/\/sport-index.fr\/blog\/wp-content\/uploads\/2026\/08\/si_18306-scaled.jpg\",\"contentUrl\":\"https:\/\/sport-index.fr\/blog\/wp-content\/uploads\/2026\/08\/si_18306-scaled.jpg\",\"width\":1200,\"height\":796},{\"@type\":\"WebSite\",\"@id\":\"https:\/\/sport-index.fr\/blog\/#website\",\"url\":\"https:\/\/sport-index.fr\/blog\/\",\"name\":\"sport-index.fr\",\"description\":\"Le score de l\u2019analyse sportive.\",\"publisher\":{\"@id\":\"https:\/\/sport-index.fr\/blog\/#organization\"},\"alternateName\":\"Le score de l\u2019analyse sportive.\",\"potentialAction\":[{\"@type\":\"SearchAction\",\"target\":{\"@type\":\"EntryPoint\",\"urlTemplate\":\"https:\/\/sport-index.fr\/blog\/?s={search_term_string}\"},\"query-input\":{\"@type\":\"PropertyValueSpecification\",\"valueRequired\":true,\"valueName\":\"search_term_string\"}}],\"inLanguage\":\"fr-FR\"},{\"@type\":\"Organization\",\"@id\":\"https:\/\/sport-index.fr\/blog\/#organization\",\"name\":\"Foretsensations.fr\",\"url\":\"https:\/\/sport-index.fr\/blog\/\",\"logo\":{\"@type\":\"ImageObject\",\"inLanguage\":\"fr-FR\",\"@id\":\"https:\/\/sport-index.fr\/blog\/#\/schema\/logo\/image\/\",\"url\":\"https:\/\/sport-index.fr\/blog\/wp-content\/uploads\/2026\/07\/logo-auto.png\",\"contentUrl\":\"https:\/\/sport-index.fr\/blog\/wp-content\/uploads\/2026\/07\/logo-auto.png\",\"width\":1024,\"height\":1024,\"caption\":\"Foretsensations.fr\"},\"image\":{\"@id\":\"https:\/\/sport-index.fr\/blog\/#\/schema\/logo\/image\/\"}},{\"@type\":\"Person\",\"@id\":\"https:\/\/sport-index.fr\/blog\/#\/schema\/person\/44426045f6d04c1519cfa471757b400f\",\"name\":\"Antoine Bernard\",\"image\":{\"@type\":\"ImageObject\",\"inLanguage\":\"fr-FR\",\"@id\":\"https:\/\/sport-index.fr\/blog\/#\/schema\/person\/image\/\",\"url\":\"https:\/\/secure.gravatar.com\/avatar\/?s=96&d=mm&r=g\",\"contentUrl\":\"https:\/\/secure.gravatar.com\/avatar\/?s=96&d=mm&r=g\",\"caption\":\"Antoine Bernard\"},\"description\":\"Analyste en statistiques sportives et passionn\u00e9 de data science appliqu\u00e9e au sport. Antoine propose des articles sur l\u2019analyse des performances, les tendances statistiques et l\u2019utilisation des donn\u00e9es pour optimiser les strat\u00e9gies de jeu.\",\"sameAs\":[\"https:\/\/bernardantoine.fr\/\"],\"url\":\"https:\/\/sport-index.fr\/blog\/auteur\/antoine-bernard\/\",\"jobTitle\":\"Contributeur m\u00e9canique\",\"email\":\"antoine.bernard@autosmythiques57.fr\"}]}<\/script>\n<!-- \/ Yoast SEO Premium plugin. -->","yoast_head_json":{"title":"Thomas Ramos au Racing 92 : pourquoi le meilleur marqueur de l'histoire du Stade Toulousain s'en va","description":"C'est officiel depuis le mardi 4 ao\u00fbt : Thomas Ramos quittera le Stade Toulousain \u00e0 l'issue de la saison 2026-2027 pour rejoindre le Racing 92. L'arri\u00e8re","robots":{"index":"index","follow":"follow","max-snippet":"max-snippet:-1","max-image-preview":"max-image-preview:large","max-video-preview":"max-video-preview:-1"},"canonical":"https:\/\/sport-index.fr\/blog\/actualites-sportives\/thomas-ramos-au-racing-92-pourquoi-le-meilleur-marqueur-de-l-histoire\/","og_locale":"fr_FR","og_type":"article","og_title":"Thomas Ramos au Racing 92 : pourquoi le meilleur marqueur de l'histoire du Stade Toulousain s'en va","og_description":"C'est officiel depuis le mardi 4 ao\u00fbt : Thomas Ramos quittera le Stade Toulousain \u00e0 l'issue de la saison 2026-2027 pour rejoindre le Racing 92. L'arri\u00e8re","og_url":"https:\/\/sport-index.fr\/blog\/actualites-sportives\/thomas-ramos-au-racing-92-pourquoi-le-meilleur-marqueur-de-l-histoire\/","og_site_name":"sport-index","author":"Antoine Bernard","twitter_card":"summary_large_image","schema":{"@context":"https:\/\/schema.org","@graph":[{"@type":"NewsArticle","@id":"https:\/\/sport-index.fr\/blog\/actualites-sportives\/thomas-ramos-au-racing-92-pourquoi-le-meilleur-marqueur-de-l-histoire\/#article","isPartOf":{"@id":"https:\/\/sport-index.fr\/blog\/actualites-sportives\/thomas-ramos-au-racing-92-pourquoi-le-meilleur-marqueur-de-l-histoire\/"},"author":{"name":"Antoine Bernard","@id":"https:\/\/sport-index.fr\/blog\/#\/schema\/person\/44426045f6d04c1519cfa471757b400f"},"headline":"Thomas Ramos au Racing 92 : pourquoi le meilleur marqueur de l&rsquo;histoire du Stade Toulousain s&rsquo;en va","datePublished":"2026-08-08T08:11:27+00:00","mainEntityOfPage":{"@id":"https:\/\/sport-index.fr\/blog\/actualites-sportives\/thomas-ramos-au-racing-92-pourquoi-le-meilleur-marqueur-de-l-histoire\/"},"wordCount":788,"commentCount":0,"publisher":{"@id":"https:\/\/sport-index.fr\/blog\/#organization"},"image":{"@id":"https:\/\/sport-index.fr\/blog\/actualites-sportives\/thomas-ramos-au-racing-92-pourquoi-le-meilleur-marqueur-de-l-histoire\/#primaryimage"},"thumbnailUrl":"https:\/\/sport-index.fr\/blog\/wp-content\/uploads\/2026\/08\/si_18306-scaled.jpg","articleSection":["Actualit\u00e9s Sportives"],"inLanguage":"fr-FR","potentialAction":[{"@type":"CommentAction","name":"Comment","target":["https:\/\/sport-index.fr\/blog\/actualites-sportives\/thomas-ramos-au-racing-92-pourquoi-le-meilleur-marqueur-de-l-histoire\/#respond"]}]},{"@type":"WebPage","@id":"https:\/\/sport-index.fr\/blog\/actualites-sportives\/thomas-ramos-au-racing-92-pourquoi-le-meilleur-marqueur-de-l-histoire\/","url":"https:\/\/sport-index.fr\/blog\/actualites-sportives\/thomas-ramos-au-racing-92-pourquoi-le-meilleur-marqueur-de-l-histoire\/","name":"Thomas Ramos au Racing 92 : pourquoi le meilleur marqueur de l'histoire du Stade Toulousain s'en va","isPartOf":{"@id":"https:\/\/sport-index.fr\/blog\/#website"},"primaryImageOfPage":{"@id":"https:\/\/sport-index.fr\/blog\/actualites-sportives\/thomas-ramos-au-racing-92-pourquoi-le-meilleur-marqueur-de-l-histoire\/#primaryimage"},"image":{"@id":"https:\/\/sport-index.fr\/blog\/actualites-sportives\/thomas-ramos-au-racing-92-pourquoi-le-meilleur-marqueur-de-l-histoire\/#primaryimage"},"thumbnailUrl":"https:\/\/sport-index.fr\/blog\/wp-content\/uploads\/2026\/08\/si_18306-scaled.jpg","datePublished":"2026-08-08T08:11:27+00:00","description":"C'est officiel depuis le mardi 4 ao\u00fbt : Thomas Ramos quittera le Stade Toulousain \u00e0 l'issue de la saison 2026-2027 pour rejoindre le Racing 92. L'arri\u00e8re","inLanguage":"fr-FR","potentialAction":[{"@type":"ReadAction","target":["https:\/\/sport-index.fr\/blog\/actualites-sportives\/thomas-ramos-au-racing-92-pourquoi-le-meilleur-marqueur-de-l-histoire\/"]}]},{"@type":"ImageObject","inLanguage":"fr-FR","@id":"https:\/\/sport-index.fr\/blog\/actualites-sportives\/thomas-ramos-au-racing-92-pourquoi-le-meilleur-marqueur-de-l-histoire\/#primaryimage","url":"https:\/\/sport-index.fr\/blog\/wp-content\/uploads\/2026\/08\/si_18306-scaled.jpg","contentUrl":"https:\/\/sport-index.fr\/blog\/wp-content\/uploads\/2026\/08\/si_18306-scaled.jpg","width":1200,"height":796},{"@type":"WebSite","@id":"https:\/\/sport-index.fr\/blog\/#website","url":"https:\/\/sport-index.fr\/blog\/","name":"sport-index.fr","description":"Le score de l\u2019analyse sportive.","publisher":{"@id":"https:\/\/sport-index.fr\/blog\/#organization"},"alternateName":"Le score de l\u2019analyse sportive.","potentialAction":[{"@type":"SearchAction","target":{"@type":"EntryPoint","urlTemplate":"https:\/\/sport-index.fr\/blog\/?s={search_term_string}"},"query-input":{"@type":"PropertyValueSpecification","valueRequired":true,"valueName":"search_term_string"}}],"inLanguage":"fr-FR"},{"@type":"Organization","@id":"https:\/\/sport-index.fr\/blog\/#organization","name":"Foretsensations.fr","url":"https:\/\/sport-index.fr\/blog\/","logo":{"@type":"ImageObject","inLanguage":"fr-FR","@id":"https:\/\/sport-index.fr\/blog\/#\/schema\/logo\/image\/","url":"https:\/\/sport-index.fr\/blog\/wp-content\/uploads\/2026\/07\/logo-auto.png","contentUrl":"https:\/\/sport-index.fr\/blog\/wp-content\/uploads\/2026\/07\/logo-auto.png","width":1024,"height":1024,"caption":"Foretsensations.fr"},"image":{"@id":"https:\/\/sport-index.fr\/blog\/#\/schema\/logo\/image\/"}},{"@type":"Person","@id":"https:\/\/sport-index.fr\/blog\/#\/schema\/person\/44426045f6d04c1519cfa471757b400f","name":"Antoine Bernard","image":{"@type":"ImageObject","inLanguage":"fr-FR","@id":"https:\/\/sport-index.fr\/blog\/#\/schema\/person\/image\/","url":"https:\/\/secure.gravatar.com\/avatar\/?s=96&d=mm&r=g","contentUrl":"https:\/\/secure.gravatar.com\/avatar\/?s=96&d=mm&r=g","caption":"Antoine Bernard"},"description":"Analyste en statistiques sportives et passionn\u00e9 de data science appliqu\u00e9e au sport. Antoine propose des articles sur l\u2019analyse des performances, les tendances statistiques et l\u2019utilisation des donn\u00e9es pour optimiser les strat\u00e9gies de jeu.","sameAs":["https:\/\/bernardantoine.fr\/"],"url":"https:\/\/sport-index.fr\/blog\/auteur\/antoine-bernard\/","jobTitle":"Contributeur m\u00e9canique","email":"antoine.bernard@autosmythiques57.fr"}]}},"_links":{"self":[{"href":"https:\/\/sport-index.fr\/blog\/wp-json\/wp\/v2\/posts\/18306","targetHints":{"allow":["GET"]}}],"collection":[{"href":"https:\/\/sport-index.fr\/blog\/wp-json\/wp\/v2\/posts"}],"about":[{"href":"https:\/\/sport-index.fr\/blog\/wp-json\/wp\/v2\/types\/post"}],"author":[{"embeddable":true,"href":"https:\/\/sport-index.fr\/blog\/wp-json\/wp\/v2\/users\/41"}],"replies":[{"embeddable":true,"href":"https:\/\/sport-index.fr\/blog\/wp-json\/wp\/v2\/comments?post=18306"}],"version-history":[{"count":0,"href":"https:\/\/sport-index.fr\/blog\/wp-json\/wp\/v2\/posts\/18306\/revisions"}],"wp:featuredmedia":[{"embeddable":true,"href":"https:\/\/sport-index.fr\/blog\/wp-json\/wp\/v2\/media\/18307"}],"wp:attachment":[{"href":"https:\/\/sport-index.fr\/blog\/wp-json\/wp\/v2\/media?parent=18306"}],"wp:term":[{"taxonomy":"category","embeddable":true,"href":"https:\/\/sport-index.fr\/blog\/wp-json\/wp\/v2\/categories?post=18306"},{"taxonomy":"post_tag","embeddable":true,"href":"https:\/\/sport-index.fr\/blog\/wp-json\/wp\/v2\/tags?post=18306"}],"curies":[{"name":"wp","href":"https:\/\/api.w.org\/{rel}","templated":true}]}}