{"id":18310,"date":"2026-08-14T19:01:15","date_gmt":"2026-08-14T17:01:15","guid":{"rendered":"https:\/\/sport-index.fr\/blog\/actualites-sportives\/finlay-tarling-mort-tour-du-portugal\/"},"modified":"2026-08-14T19:16:03","modified_gmt":"2026-08-14T17:16:03","slug":"finlay-tarling-mort-tour-du-portugal","status":"publish","type":"post","link":"https:\/\/sport-index.fr\/blog\/actualites-sportives\/finlay-tarling-mort-tour-du-portugal\/","title":{"rendered":"Finlay Tarling, coureur de 19 ans et fr\u00e8re de Joshua, est mort sur le Tour du Portugal"},"content":{"rendered":"<p style=\"font-size:18px;line-height:1.65;color:#1a1a1a;\"><strong>Finlay Tarling, coureur cycliste britannique de 19 ans, est mort ce vendredi 14 ao\u00fbt 2026 lors de la 8<sup>e<\/sup> \u00e9tape du Tour du Portugal, entre Melga\u00e7o et Fafe, a annonc\u00e9 l\u2019organisation de la course.<\/strong> Le jeune coureur de la NSN Development Team \u00e9tait le fr\u00e8re cadet de Joshua Tarling, de la formation Netcompany INEOS. L\u2019\u00e9preuve a \u00e9t\u00e9 neutralis\u00e9e jusqu\u2019\u00e0 l\u2019arriv\u00e9e. \u00c0 ce stade, l\u2019organisateur n\u2019a communiqu\u00e9 aucune pr\u00e9cision sur le d\u00e9roulement de l\u2019accident, et les r\u00e9cits de la presse portugaise divergent.<\/p>\n<div style=\"background:#E7F3EC;border:1px solid #15803D33;border-radius:14px;padding:20px 24px;margin:26px 0;font-family:-apple-system,BlinkMacSystemFont,'Segoe UI',Roboto,sans-serif;\">\n<div style=\"font-size:12px;font-weight:800;letter-spacing:.14em;text-transform:uppercase;color:#15803D;margin-bottom:12px;\">\u26a1 En bref<\/div>\n<ul style=\"margin:0;padding:0;list-style:none;font-size:15.5px;color:#1a1a1a;\">\n<li style=\"margin:0 0 8px;padding-left:24px;position:relative;line-height:1.5;\"><span style=\"position:absolute;left:0;color:#15803D;font-weight:800;\">\u25b8<\/span><strong>Finlay Tarling<\/strong>, 19 ans, de la <strong>NSN Development Team<\/strong>, est mort le <strong>vendredi 14 ao\u00fbt 2026<\/strong> pendant la 8<sup>e<\/sup> \u00e9tape de la 87<sup>e<\/sup> Volta a Portugal<\/li>\n<li style=\"margin:0 0 8px;padding-left:24px;position:relative;line-height:1.5;\"><span style=\"position:absolute;left:0;color:#15803D;font-weight:800;\">\u25b8<\/span>L\u2019organisation a confirm\u00e9 le d\u00e9c\u00e8s dans un communiqu\u00e9 \u00e9voquant \u00ab un grave accident \u00bb \u2014 <strong>sans mentionner de v\u00e9hicule<\/strong><\/li>\n<li style=\"margin:0 0 8px;padding-left:24px;position:relative;line-height:1.5;\"><span style=\"position:absolute;left:0;color:#15803D;font-weight:800;\">\u25b8<\/span>La course a \u00e9t\u00e9 <strong>neutralis\u00e9e \u00e0 23 km de l\u2019arriv\u00e9e<\/strong> \u00e0 Fafe et la c\u00e9r\u00e9monie protocolaire annul\u00e9e<\/li>\n<li style=\"margin:0 0 8px;padding-left:24px;position:relative;line-height:1.5;\"><span style=\"position:absolute;left:0;color:#15803D;font-weight:800;\">\u25b8<\/span>Il \u00e9tait le <strong>fr\u00e8re cadet de Joshua Tarling<\/strong> (Netcompany INEOS) ; les <strong>circonstances exactes restent \u00e0 confirmer<\/strong><\/li>\n<\/ul>\n<\/div>\n<div style=\"display:flex;flex-wrap:wrap;gap:12px;margin:24px 0;\">\n<div style=\"flex:1;min-width:120px;background:#fff;border:1px solid #e6e8ee;border-top:3px solid #15803D;border-radius:12px;padding:16px 18px;text-align:center;\">\n<div style=\"font-size:26px;font-weight:800;color:#15803D;line-height:1.1;letter-spacing:-.01em;\">19 ans<\/div>\n<div style=\"font-size:12.5px;color:#667085;margin-top:6px;line-height:1.3;\">l\u2019\u00e2ge de Finlay Tarling<\/div>\n<\/div>\n<div style=\"flex:1;min-width:120px;background:#fff;border:1px solid #e6e8ee;border-top:3px solid #15803D;border-radius:12px;padding:16px 18px;text-align:center;\">\n<div style=\"font-size:26px;font-weight:800;color:#15803D;line-height:1.1;letter-spacing:-.01em;\">8<sup>e<\/sup><\/div>\n<div style=\"font-size:12.5px;color:#667085;margin-top:6px;line-height:1.3;\">\u00e9tape de la course, Melga\u00e7o &#8211; Fafe<\/div>\n<\/div>\n<div style=\"flex:1;min-width:120px;background:#fff;border:1px solid #e6e8ee;border-top:3px solid #15803D;border-radius:12px;padding:16px 18px;text-align:center;\">\n<div style=\"font-size:26px;font-weight:800;color:#15803D;line-height:1.1;letter-spacing:-.01em;\">23 km<\/div>\n<div style=\"font-size:12.5px;color:#667085;margin-top:6px;line-height:1.3;\">de l\u2019arriv\u00e9e au moment de la neutralisation<\/div>\n<\/div>\n<div style=\"flex:1;min-width:120px;background:#fff;border:1px solid #e6e8ee;border-top:3px solid #15803D;border-radius:12px;padding:16px 18px;text-align:center;\">\n<div style=\"font-size:26px;font-weight:800;color:#15803D;line-height:1.1;letter-spacing:-.01em;\">87<sup>e<\/sup><\/div>\n<div style=\"font-size:12.5px;color:#667085;margin-top:6px;line-height:1.3;\">\u00e9dition de la Volta a Portugal<\/div>\n<\/div>\n<\/div>\n<h2 style=\"font-size:24px;line-height:1.25;margin:36px 0 14px;letter-spacing:-.01em;color:#1a1a1a;font-weight:800;\">Ce que dit \u2014 et ne dit pas \u2014 le communiqu\u00e9 officiel<\/h2>\n<p style=\"font-size:16.5px;line-height:1.7;color:#2a2a2a;margin:0 0 16px;\">C\u2019est l\u2019organisation de la course elle-m\u00eame qui a annonc\u00e9 la mort du coureur, en fin d\u2019apr\u00e8s-midi, dans un communiqu\u00e9 diffus\u00e9 sur ses r\u00e9seaux sociaux. Le texte, cosign\u00e9 dans son message de condol\u00e9ances avec la <strong>F\u00e9d\u00e9ration portugaise de cyclisme<\/strong>, confirme l\u2019identit\u00e9 du coureur, son \u00e9quipe et le fait que le drame s\u2019est produit pendant la 8<sup>e<\/sup> \u00e9tape.<\/p>\n<blockquote style=\"margin:28px 0;padding:20px 26px;border-left:4px solid #15803D;background:#E7F3EC;border-radius:0 12px 12px 0;font-size:19px;line-height:1.5;font-style:italic;color:#1a1a1a;\"><p>\u00ab Les organisateurs de la Volta a Portugal em Bicicleta Jogos Santa Casa ont le profond regret d\u2019annoncer le d\u00e9c\u00e8s du coureur britannique Finlay Tarling, de la NSN Development Team, \u00e0 la suite d\u2019un grave accident survenu pendant la 8<sup>e<\/sup> \u00e9tape de l\u2019\u00e9preuve, entre Melga\u00e7o et Fafe. \u00bb<\/p>\n<div style=\"font-size:13px;color:#667085;margin-top:10px;font-style:normal;\">\u2014 Communiqu\u00e9 de l\u2019organisation de la Volta a Portugal, 14 ao\u00fbt 2026<\/div>\n<\/blockquote>\n<p style=\"font-size:16.5px;line-height:1.7;color:#2a2a2a;margin:0 0 16px;\">Un point m\u00e9rite d\u2019\u00eatre relev\u00e9, parce qu\u2019il explique la prudence qui s\u2019impose sur cette affaire : <strong>ce communiqu\u00e9 ne d\u00e9crit \u00e0 aucun moment le m\u00e9canisme de l\u2019accident<\/strong>. Il parle d\u2019\u00ab un grave accident \u00bb, sans \u00e9voquer de voiture, de v\u00e9hicule suiveur ni de chute collective. Toutes les descriptions plus pr\u00e9cises qui circulent depuis proviennent de m\u00e9dias, pas de l\u2019organisateur.<\/p>\n<figure style=\"margin:24px auto;max-width:560px;\"><iframe src=\"https:\/\/platform.twitter.com\/embed\/Tweet.html?id=2088297757492568082\" style=\"width:100%;max-width:560px;height:520px;border:none;display:block;margin:0 auto;background:#fff;border-radius:12px;\" loading=\"lazy\" scrolling=\"no\" title=\"Communiqu\u00e9 officiel de la Volta a Portugal\"><\/iframe><figcaption style=\"text-align:center;font-size:13px;color:#666;margin-top:8px;\">Le communiqu\u00e9 officiel publi\u00e9 par l\u2019organisation de la Volta a Portugal (@VoltaPortugal) le 14 ao\u00fbt 2026 \u00e0 16 h 12 GMT.<\/figcaption><\/figure>\n<p style=\"font-size:16.5px;line-height:1.7;color:#2a2a2a;margin:0 0 16px;\">L\u2019organisation a par ailleurs indiqu\u00e9 qu\u2019elle communiquerait des informations compl\u00e9mentaires \u00ab d\u00e8s que les circonstances le permettront \u00bb. L\u2019\u00e9quipe <strong>NSN<\/strong> a de son c\u00f4t\u00e9 publi\u00e9 un message d\u2019hommage : \u00ab Nous avons le c\u0153ur bris\u00e9 d\u2019annoncer la disparition de Finlay Tarling sur la Volta a Portugal aujourd\u2019hui. Fin \u00e9tait un membre tr\u00e8s aim\u00e9 de notre \u00e9quipe mais, plus important encore, il \u00e9tait un fils, un fr\u00e8re et un ami pour tant de gens. Il nous manquera profond\u00e9ment \u00bb, \u00e9crit la formation, cit\u00e9e par Cyclingnews.<\/p>\n<h2 style=\"font-size:24px;line-height:1.25;margin:36px 0 14px;letter-spacing:-.01em;color:#1a1a1a;font-weight:800;\">Circonstances : trois r\u00e9cits diff\u00e9rents, aucune version officielle<\/h2>\n<p style=\"font-size:16.5px;line-height:1.7;color:#2a2a2a;margin:0 0 16px;\">C\u2019est le point sur lequel il faut \u00eatre pr\u00e9cis, car les d\u00e9p\u00eaches fran\u00e7aises parues dans l\u2019heure ont tr\u00e8s majoritairement retenu une seule version \u2014 \u00ab percut\u00e9 par une voiture \u00bb \u2014 pr\u00e9sent\u00e9e comme un fait acquis. <strong>Elle ne l\u2019est pas.<\/strong> Le quotidien sportif portugais <em>O Jogo<\/em> rapporte c\u00f4te \u00e0 c\u00f4te deux versions contradictoires, en les attribuant explicitement \u00e0 deux m\u00e9dias diff\u00e9rents.<\/p>\n<div style=\"overflow-x:auto;margin:22px 0;\">\n<table style=\"width:100%;border-collapse:collapse;font-size:15px;font-family:-apple-system,BlinkMacSystemFont,'Segoe UI',Roboto,sans-serif;\">\n<thead>\n<tr style=\"background:#1a1a1a;color:#fff;\">\n<th style=\"padding:11px 13px;text-align:left;font-weight:700;\">Source<\/th>\n<th style=\"padding:11px 13px;text-align:left;font-weight:700;\">Ce qu\u2019elle d\u00e9crit<\/th>\n<\/tr>\n<\/thead>\n<tbody>\n<tr style=\"background:#fff;border-bottom:1px solid #e6e8ee;\">\n<td style=\"padding:11px 13px;vertical-align:top;font-weight:600;color:#1a1a1a;\">Organisation de la Volta a Portugal <em>(communiqu\u00e9 officiel)<\/em><\/td>\n<td style=\"padding:11px 13px;vertical-align:top;color:#2a2a2a;\">\u00ab Un grave accident \u00bb survenu pendant la 8<sup>e<\/sup> \u00e9tape. <strong>Aucun v\u00e9hicule mentionn\u00e9<\/strong>, aucun m\u00e9canisme d\u00e9crit.<\/td>\n<\/tr>\n<tr style=\"background:#fafbfc;border-bottom:1px solid #e6e8ee;\">\n<td style=\"padding:11px 13px;vertical-align:top;font-weight:600;color:#1a1a1a;\">RTP <em>(t\u00e9l\u00e9vision publique portugaise, via O Jogo)<\/em><\/td>\n<td style=\"padding:11px 13px;vertical-align:top;color:#2a2a2a;\">Un <strong>renversement par une voiture circulant \u00e0 contresens<\/strong>.<\/td>\n<\/tr>\n<tr style=\"background:#fff;border-bottom:1px solid #e6e8ee;\">\n<td style=\"padding:11px 13px;vertical-align:top;font-weight:600;color:#1a1a1a;\">TVI<\/td>\n<td style=\"padding:11px 13px;vertical-align:top;color:#2a2a2a;\">Une voiture arrivant <strong>\u00e0 contresens<\/strong> serait entr\u00e9e sur le parcours de la course et aurait percut\u00e9 le coureur.<\/td>\n<\/tr>\n<tr style=\"background:#fafbfc;border-bottom:1px solid #e6e8ee;\">\n<td style=\"padding:11px 13px;vertical-align:top;font-weight:600;color:#1a1a1a;\">Alto Minho TV <em>(m\u00e9dia r\u00e9gional, via O Jogo)<\/em><\/td>\n<td style=\"padding:11px 13px;vertical-align:top;color:#2a2a2a;\">Une <strong>perte de contr\u00f4le<\/strong> du coureur (<em>despiste<\/em>) qui aurait fini par un choc contre une <strong>voiture \u00e0 l\u2019arr\u00eat<\/strong>.<\/td>\n<\/tr>\n<tr style=\"background:#fff;border-bottom:1px solid #e6e8ee;\">\n<td style=\"padding:11px 13px;vertical-align:top;font-weight:600;color:#1a1a1a;\">Cyclingnews<\/td>\n<td style=\"padding:11px 13px;vertical-align:top;color:#2a2a2a;\">\u00ab La nature de l\u2019incident n\u2019est pas claire. \u00bb Pr\u00e9cise que le coureur \u00e9tait <strong>d\u00e9croch\u00e9 \u00e0 l\u2019arri\u00e8re du peloton<\/strong>.<\/td>\n<\/tr>\n<tr style=\"background:#fafbfc;border-bottom:1px solid #e6e8ee;\">\n<td style=\"padding:11px 13px;vertical-align:top;font-weight:600;color:#1a1a1a;\">DirectVelo<\/td>\n<td style=\"padding:11px 13px;vertical-align:top;color:#2a2a2a;\">Emploie le <strong>conditionnel<\/strong> : il \u00ab aurait \u00e9t\u00e9 percut\u00e9 par un v\u00e9hicule venant \u00e0 contresens \u00bb.<\/td>\n<\/tr>\n<\/tbody>\n<\/table>\n<\/div>\n<p style=\"font-size:16.5px;line-height:1.7;color:#2a2a2a;margin:0 0 16px;\">L\u2019\u00e9cart n\u2019est pas anodin. Entre \u00ab une voiture entre \u00e0 contresens sur le parcours et percute un coureur \u00bb et \u00ab un coureur perd le contr\u00f4le et heurte une voiture stationn\u00e9e \u00bb, ce ne sont pas les m\u00eames faits, pas les m\u00eames responsabilit\u00e9s, et pas les m\u00eames cons\u00e9quences pour l\u2019organisation d\u2019une course. <strong>Tant que l\u2019organisateur ou les autorit\u00e9s portugaises n\u2019auront pas communiqu\u00e9, aucune de ces versions ne peut \u00eatre retenue.<\/strong> Aucune enqu\u00eate n\u2019a conclu quoi que ce soit \u00e0 ce stade.<\/p>\n<p style=\"font-size:16.5px;line-height:1.7;color:#2a2a2a;margin:0 0 16px;\">La presse r\u00e9gionale du Haut-Minho situe les faits dans la paroisse d\u2019<strong>Arcozelo<\/strong>, sur la commune de <strong>Ponte de Lima<\/strong>, sur la route <strong>N306<\/strong>. Cette localisation, elle aussi, reste \u00e0 confirmer officiellement.<\/p>\n<h2 style=\"font-size:24px;line-height:1.25;margin:36px 0 14px;letter-spacing:-.01em;color:#1a1a1a;font-weight:800;\">Qui \u00e9tait Finlay Tarling<\/h2>\n<p style=\"font-size:16.5px;line-height:1.7;color:#2a2a2a;margin:0 0 16px;\">Finlay Tarling \u00e9tait un coureur de 19 ans en pleine progression, engag\u00e9 depuis 2025 dans la structure de d\u00e9veloppement issue d\u2019Israel-Premier Tech, devenue <strong>NSN<\/strong> cette ann\u00e9e. Son d\u00e9but de saison 2026 disait quelque chose de son niveau r\u00e9el, au-del\u00e0 du seul nom de famille. Selon DirectVelo, il avait pris cette ann\u00e9e la <strong>2<sup>e<\/sup> et la 4<sup>e<\/sup> place d\u2019\u00e9tapes du Tour du Rwanda<\/strong>, et termin\u00e9 <strong>3<sup>e<\/sup> du championnat de Grande-Bretagne Espoirs du contre-la-montre<\/strong> \u2014 la discipline qui a fait la r\u00e9putation de son fr\u00e8re. D\u00e9tail que peu de d\u00e9p\u00eaches ont relev\u00e9 : il avait aussi termin\u00e9 <strong>11<sup>e<\/sup> du prologue de ce m\u00eame Tour du Portugal<\/strong>, quelques jours seulement avant le drame. Deux ans plus t\u00f4t, chez les juniors, il avait \u00e9t\u00e9 <strong>3<sup>e<\/sup> du contre-la-montre du Troph\u00e9e Centre Morbihan<\/strong> (Coupe des Nations) et 8<sup>e<\/sup> du classement g\u00e9n\u00e9ral de cette \u00e9preuve fran\u00e7aise.<\/p>\n<h2 style=\"font-size:24px;line-height:1.25;margin:36px 0 14px;letter-spacing:-.01em;color:#1a1a1a;font-weight:800;\">Joshua Tarling, le fr\u00e8re a\u00een\u00e9 que le peloton conna\u00eet<\/h2>\n<p style=\"font-size:16.5px;line-height:1.7;color:#2a2a2a;margin:0 0 16px;\">Pour le grand public fran\u00e7ais, le nom de Tarling est arriv\u00e9 ce vendredi avec le drame. Pour les suiveurs du cyclisme, il \u00e9tait d\u00e9j\u00e0 install\u00e9&nbsp;: <strong>Joshua Tarling<\/strong>, le fr\u00e8re a\u00een\u00e9 de Finlay, est l\u2019un des sp\u00e9cialistes du contre-la-montre du peloton World Tour, sous les couleurs de <strong>Netcompany INEOS<\/strong> \u2014 l\u2019\u00e9quipe britannique dont DirectVelo et Cyclingnews confirment tous deux qu\u2019il porte le maillot cette saison. Cyclingnews pr\u00e9sente d\u2019ailleurs Finlay, dans son article, comme \u00ab&nbsp;le fr\u00e8re cadet de Josh Tarling, de Netcompany Ineos&nbsp;\u00bb.<\/p>\n<p style=\"font-size:16.5px;line-height:1.7;color:#2a2a2a;margin:0 0 16px;\">Les deux fr\u00e8res partageaient la m\u00eame sp\u00e9cialit\u00e9 d\u2019origine, l\u2019effort solitaire contre le chronom\u00e8tre&nbsp;: c\u2019est sur un contre-la-montre que Finlay avait d\u00e9croch\u00e9 son podium national chez les Espoirs cette ann\u00e9e. L\u2019\u00e9quipe NSN, dans son hommage, a adress\u00e9 ses condol\u00e9ances \u00e0 ses parents et \u00e0 son fr\u00e8re Josh.<\/p>\n<h2 style=\"font-size:24px;line-height:1.25;margin:36px 0 14px;letter-spacing:-.01em;color:#1a1a1a;font-weight:800;\">La Volta a Portugal, cette course d\u2019ao\u00fbt que la France regarde peu<\/h2>\n<p style=\"font-size:16.5px;line-height:1.7;color:#2a2a2a;margin:0 0 16px;\">Le Tour du Portugal \u2014 <em>Volta a Portugal em Bicicleta Jogos Santa Casa<\/em> de son nom complet \u2014 en \u00e9tait cette ann\u00e9e \u00e0 sa <strong>87<sup>e<\/sup> \u00e9dition<\/strong>, ce qui en fait l\u2019une des plus anciennes courses par \u00e9tapes d\u2019Europe. Elle se dispute en <strong>ao\u00fbt<\/strong>, dans ce creux du calendrier situ\u00e9 entre la fin du <a href=\"https:\/\/sport-index.fr\/blog\/evenements-et-competitions\/tour-de-france-2026-heure-chaine-derniere-etape-paris\/\" style=\"color:#15803D;font-weight:600;\">Tour de France<\/a> et le d\u00e9part du Tour d\u2019Espagne, et elle est organis\u00e9e en lien avec la <strong>F\u00e9d\u00e9ration portugaise de cyclisme<\/strong>, cosignataire du message de condol\u00e9ances publi\u00e9 vendredi.<\/p>\n<p style=\"font-size:16.5px;line-height:1.7;color:#2a2a2a;margin:0 0 16px;\">C\u2019est pr\u00e9cis\u00e9ment ce positionnement qui explique la pr\u00e9sence d\u2019un coureur britannique de 19&nbsp;ans sur ses routes&nbsp;: \u00e0 cette p\u00e9riode, l\u2019\u00e9preuve offre aux <strong>\u00e9quipes de d\u00e9veloppement<\/strong> un vrai volume de course par \u00e9tapes, sur des <a href=\"https:\/\/sport-index.fr\/blog\/a-la-une\/cyclisme-montagne-cols-pyrenees-et-developpements-shimano\/\" style=\"color:#15803D;font-weight:600;\">profils de montagne<\/a> exigeants, sans se heurter aux plus grandes \u00e9quipes du World Tour mobilis\u00e9es ailleurs.<\/p>\n<h2 style=\"font-size:24px;line-height:1.25;margin:36px 0 14px;letter-spacing:-.01em;color:#1a1a1a;font-weight:800;\">Le point sensible&nbsp;: la circulation sur des routes qui ne sont jamais totalement ferm\u00e9es<\/h2>\n<p style=\"font-size:16.5px;line-height:1.7;color:#2a2a2a;margin:0 0 16px;\">Quelle que soit la version qui sera retenue, le drame renvoie \u00e0 une question que le peloton professionnel pose depuis des ann\u00e9es&nbsp;: <strong>l\u2019\u00e9tanch\u00e9it\u00e9 du parcours<\/strong>. Une course sur route se dispute sur un r\u00e9seau routier ordinaire, s\u00e9curis\u00e9 sur un temps court par les forces de l\u2019ordre et des signaleurs, et non sur un circuit ferm\u00e9. Les deux versions qui circulent au Portugal \u2014 un v\u00e9hicule entrant \u00e0 contresens sur le parcours, ou une voiture stationn\u00e9e sur le bas-c\u00f4t\u00e9 \u2014 pointent, chacune \u00e0 sa mani\u00e8re, vers ce m\u00eame point de vuln\u00e9rabilit\u00e9.<\/p>\n<p style=\"font-size:16.5px;line-height:1.7;color:#2a2a2a;margin:0 0 16px;\">Un \u00e9l\u00e9ment rapport\u00e9 par Cyclingnews m\u00e9rite ici d\u2019\u00eatre soulign\u00e9, parce qu\u2019il est pass\u00e9 sous les radars des d\u00e9p\u00eaches fran\u00e7aises&nbsp;: le coureur se trouvait <strong>d\u00e9croch\u00e9 \u00e0 l\u2019arri\u00e8re du peloton<\/strong> au moment des faits. C\u2019est une situation connue des suiveurs \u2014 le coureur l\u00e2ch\u00e9 roule seul, souvent plusieurs minutes apr\u00e8s le gros de la course, \u00e0 un moment o\u00f9 le dispositif de s\u00e9curit\u00e9 commence m\u00e9caniquement \u00e0 se rel\u00e2cher et o\u00f9 la route se rouvre progressivement derri\u00e8re la caravane. C\u2019est l\u2019une des zones grises les plus discut\u00e9es de la s\u00e9curit\u00e9 en course, et elle ne concerne pas que les chutes de peloton comme <a href=\"https:\/\/sport-index.fr\/blog\/a-la-une\/jonathan-milan-triomphe-a-tirreno-adriatico-apres-une-chute-spectaculaire-de-magnier\/\" style=\"color:#15803D;font-weight:600;\">celles que connaissent les sprinteurs<\/a>.<\/p>\n<h3 style=\"font-size:19px;line-height:1.3;margin:28px 0 12px;color:#1a1a1a;font-weight:700;\">Ce que dit vraiment le r\u00e8glement UCI<\/h3>\n<p style=\"font-size:16.5px;line-height:1.7;color:#2a2a2a;margin:0 0 16px;\">Le <a href=\"https:\/\/assets.ctfassets.net\/761l7gh5x5an\/6FEzFHeA2oKMBGb5sdIvQ7\/6495a6535b573ed5eb8d7fd213b9e808\/2-ROA-20260206-E.pdf\" style=\"color:#15803D;font-weight:600;\" rel=\"nofollow noopener\" target=\"_blank\">R\u00e8glement UCI du sport cycliste<\/a> (Partie&nbsp;2, \u00ab&nbsp;Courses sur route&nbsp;\u00bb, version en vigueur au <strong>6&nbsp;f\u00e9vrier 2026<\/strong>) ne contient, dans son corps, <strong>aucun article posant une obligation g\u00e9n\u00e9rale de fermeture totale des routes<\/strong>. L\u2019exigence n\u2019appara\u00eet qu\u2019en creux, dans la grille de sanctions&nbsp;: l\u2019<strong>article 2.12.012<\/strong> range parmi les infractions \u00e0 la s\u00e9curit\u00e9 de l\u2019\u00e9preuve le fait que le \u00ab&nbsp;<em>parcours [ne soit] pas enti\u00e8rement ferm\u00e9 et [que] le trafic routier [ne soit] pas arr\u00eat\u00e9 sur le parcours<\/em>&nbsp;\u00bb, passible d\u2019une <strong>amende de 10&nbsp;000 \u00e0 50&nbsp;000&nbsp;francs suisses<\/strong>.<\/p>\n<p style=\"font-size:16.5px;line-height:1.7;color:#2a2a2a;margin:0 0 16px;\">Et c\u2019est l\u00e0 que se loge un d\u00e9tail que les d\u00e9p\u00eaches ne rel\u00e8vent pas&nbsp;: l\u2019<strong>article 2.12.011<\/strong> pond\u00e8re ces amendes <strong>selon la classe de l\u2019\u00e9preuve<\/strong>. Une course du WorldTour paie <strong>100&nbsp;%<\/strong> du montant, une ProSeries <strong>50&nbsp;%<\/strong>, et une \u00e9preuve de classe&nbsp;1 comme la Volta a Portugal \u2014 class\u00e9e <strong>2.1 sur l\u2019UCI Europe Tour<\/strong>, et non 2.Pro \u2014 entre <strong>14&nbsp;% et 40&nbsp;%<\/strong> selon le groupe de sa f\u00e9d\u00e9ration nationale. Autrement dit&nbsp;: \u00e0 infraction identique sur la fermeture du parcours, la facture peut \u00eatre <strong>jusqu\u2019\u00e0 sept fois plus l\u00e9g\u00e8re<\/strong> sur la Volta que sur le Tour de France.<\/p>\n<p style=\"font-size:16.5px;line-height:1.7;color:#2a2a2a;margin:0 0 16px;\">Le m\u00eame \u00e9cart se retrouve du c\u00f4t\u00e9 de <strong>SafeR<\/strong>, la structure de s\u00e9curit\u00e9 cr\u00e9\u00e9e en 2023 par l\u2019UCI avec les organisateurs, les \u00e9quipes et les associations de coureurs. Son <a href=\"https:\/\/www.uci.org\/pressrelease\/stakeholders-of-professional-road-cycling-unite-to-launch-safer-an\/2dHAAn3TC3p5tfFHDWmz63\" style=\"color:#15803D;font-weight:600;\" rel=\"nofollow noopener\" target=\"_blank\">mandat fondateur<\/a> vise nomm\u00e9ment les \u00e9preuves \u00ab&nbsp;<em>UCI WorldTour, UCI Women\u2019s World et UCI ProSeries<\/em>&nbsp;\u00bb. <strong>La Volta a Portugal, en 2.1, se situe donc en dehors de ce p\u00e9rim\u00e8tre<\/strong> \u2014 c\u2019est un rapprochement que nous faisons entre deux faits publi\u00e9s (le mandat de SafeR et la classe de la course), pas une d\u00e9claration de l\u2019UCI.<\/p>\n<h3 style=\"font-size:19px;line-height:1.3;margin:28px 0 12px;color:#1a1a1a;font-weight:700;\">Deux pr\u00e9c\u00e9dents, et un qui ressemble beaucoup \u00e0 celui-ci<\/h3>\n<p style=\"font-size:16.5px;line-height:1.7;color:#2a2a2a;margin:0 0 16px;\">Le cas n\u2019est pas isol\u00e9. Le <strong>27&nbsp;mars 2016<\/strong>, le Belge <strong>Antoine Demoiti\u00e9<\/strong>, 25&nbsp;ans, tombe sur Gand-Wevelgem&nbsp;; au sol, il est percut\u00e9 par <strong>une moto de la course<\/strong> et meurt le soir m\u00eame \u00e0 Lille (<a href=\"https:\/\/www.bbc.co.uk\/sport\/cycling\/35908455\" style=\"color:#15803D;font-weight:600;\" rel=\"nofollow noopener\" target=\"_blank\">BBC Sport<\/a>). Le <strong>20&nbsp;octobre 2017<\/strong>, le Fran\u00e7ais <strong>Mathieu Riebel<\/strong>, 20&nbsp;ans, meurt sur la 9<sup>e<\/sup> \u00e9tape du Tour de Nouvelle-Cal\u00e9donie&nbsp;: revenu \u00e0 vive allure dans une descente, il heurte de plein fouet <strong>une ambulance circulant en sens inverse sur le parcours<\/strong>, o\u00f9 la circulation \u00e9tait seulement <em>stopp\u00e9e au passage des coureurs<\/em> et non ferm\u00e9e (<a href=\"https:\/\/www.directvelo.com\/actualite\/62079\/mathieu-riebel-est-mort\" style=\"color:#15803D;font-weight:600;\" rel=\"nofollow noopener\" target=\"_blank\">DirectVelo<\/a>).<\/p>\n<p style=\"font-size:16.5px;line-height:1.7;color:#2a2a2a;margin:0 0 16px;\">Le second cas est, \u00e0 cette heure, le parall\u00e8le le plus troublant&nbsp;: un jeune coureur d\u00e9tach\u00e9 du peloton, un v\u00e9hicule arrivant en face, et un parcours dont la circulation n\u2019\u00e9tait que suspendue au passage de la course. <strong>Ce n\u2019est pas une explication de ce qui s\u2019est produit \u00e0 Ponte de Lima&nbsp;: c\u2019est un pr\u00e9c\u00e9dent, rien de plus.<\/strong><\/p>\n<p style=\"font-size:16.5px;line-height:1.7;color:#2a2a2a;margin:0 0 16px;\">Nous n\u2019avons obtenu, \u00e0 l\u2019heure de publication, <strong>aucune r\u00e9action de l\u2019UCI ni de son pr\u00e9sident David Lappartient<\/strong>, et le dispositif de s\u00e9curit\u00e9 effectivement d\u00e9ploy\u00e9 sur cette 8<sup>e<\/sup> \u00e9tape ne nous est pas connu. Nous ne tirons donc aucune conclusion sur d\u2019\u00e9ventuels manquements&nbsp;: <strong>rien ne permet, \u00e0 ce stade, de dire que le dispositif de s\u00e9curit\u00e9 \u00e9tait en cause.<\/strong><\/p>\n<h2 style=\"font-size:24px;line-height:1.25;margin:36px 0 14px;letter-spacing:-.01em;color:#1a1a1a;font-weight:800;\">Le chef de l\u2019\u00c9tat portugais et le gouvernement r\u00e9agissent<\/h2>\n<p style=\"font-size:16.5px;line-height:1.7;color:#2a2a2a;margin:0 0 16px;\">Le drame a provoqu\u00e9 des r\u00e9actions au plus haut niveau de l\u2019\u00c9tat portugais. La <strong>Pr\u00e9sidence de la R\u00e9publique portugaise<\/strong> a publi\u00e9 en fin d\u2019apr\u00e8s-midi une <em>nota de pesar<\/em> \u2014 une note de deuil officielle \u2014 sur son site institutionnel, sign\u00e9e du pr\u00e9sident <strong>Ant\u00f3nio Jos\u00e9 Seguro<\/strong>.<\/p>\n<blockquote style=\"margin:28px 0;padding:20px 26px;border-left:4px solid #15803D;background:#E7F3EC;border-radius:0 12px 12px 0;font-size:19px;line-height:1.5;font-style:italic;color:#1a1a1a;\"><p>\u00ab \u00c0 19 ans, Finlay Tarling est parti sur la route, d\u00e9vou\u00e9 au sport qu\u2019il aimait et qu\u2019il honorait, et sa mort endeuille le peloton, l\u2019\u00e9preuve et le pays qui l\u2019accueillait. \u00bb<\/p>\n<div style=\"font-size:13px;color:#667085;margin-top:10px;font-style:normal;\">\u2014 Note de deuil de la Pr\u00e9sidence de la R\u00e9publique portugaise, 14 ao\u00fbt 2026 (traduit du portugais)<\/div>\n<\/blockquote>\n<p style=\"font-size:16.5px;line-height:1.7;color:#2a2a2a;margin:0 0 16px;\">Dans ce m\u00eame texte, le chef de l\u2019\u00c9tat exprime sa solidarit\u00e9 avec la direction de la Volta a Portugal et la F\u00e9d\u00e9ration portugaise de cyclisme, \u00ab&nbsp;qui traversent l\u2019un des moments les plus douloureux de l\u2019histoire de l\u2019\u00e9preuve&nbsp;\u00bb, et salue la dignit\u00e9 des d\u00e9cisions prises en m\u00e9moire du coureur \u2014 c\u2019est-\u00e0-dire la neutralisation de l\u2019\u00e9tape et l\u2019annulation du protocole. Le Premier ministre <strong>Lu\u00eds Montenegro<\/strong> a lui aussi adress\u00e9 ses condol\u00e9ances \u00e0 la famille, \u00e0 l\u2019\u00e9quipe et au peloton, selon la cha\u00eene portugaise TVI. Ces r\u00e9actions institutionnelles disent l\u2019onde de choc dans un pays o\u00f9 la Volta reste l\u2019un des grands rendez-vous populaires de l\u2019\u00e9t\u00e9.<\/p>\n<div style=\"background:#FFF8E6;border:1px solid #F59E0B55;border-radius:14px;padding:20px 24px;margin:30px 0;font-family:-apple-system,BlinkMacSystemFont,'Segoe UI',Roboto,sans-serif;\">\n<div style=\"font-size:12px;font-weight:800;letter-spacing:.14em;text-transform:uppercase;color:#B45309;margin-bottom:12px;\">\u26a0\ufe0f Ce que nous n\u2019avons pas pu v\u00e9rifier<\/div>\n<ul style=\"margin:0;padding-left:20px;font-size:15.5px;color:#1a1a1a;line-height:1.6;\">\n<li style=\"margin-bottom:7px;\">Le <strong>m\u00e9canisme exact<\/strong> de l\u2019accident&nbsp;: les sources portugaises se contredisent et l\u2019organisateur ne le d\u00e9crit pas.<\/li>\n<li style=\"margin-bottom:7px;\">Le <strong>statut du v\u00e9hicule<\/strong> impliqu\u00e9&nbsp;: ext\u00e9rieur \u00e0 la course ou non, en mouvement ou \u00e0 l\u2019arr\u00eat.<\/li>\n<li style=\"margin-bottom:7px;\">L\u2019<strong>heure pr\u00e9cise<\/strong> de l\u2019accident et le d\u00e9tail de l\u2019intervention des secours.<\/li>\n<li style=\"margin-bottom:7px;\">L\u2019existence d\u2019<strong>autres coureurs impliqu\u00e9s<\/strong> ou bless\u00e9s&nbsp;: aucune source consult\u00e9e n\u2019en mentionne, mais aucune ne l\u2019exclut explicitement.<\/li>\n<li>Le <strong>classement de l\u2019\u00e9tape et le g\u00e9n\u00e9ral<\/strong> apr\u00e8s neutralisation.<\/li>\n<\/ul>\n<div style=\"font-size:13px;color:#78716C;margin-top:12px;\">Relev\u00e9 effectu\u00e9 le <strong>14 ao\u00fbt 2026 \u00e0 19 h 00<\/strong> (heure de Paris). Cet article sera mis \u00e0 jour si l\u2019organisation ou les autorit\u00e9s portugaises communiquent.<\/div>\n<\/div>\n<h2 style=\"font-size:24px;line-height:1.25;margin:36px 0 14px;letter-spacing:-.01em;color:#1a1a1a;font-weight:800;\">FAQ<\/h2>\n<details style=\"border:1px solid #e6e8ee;border-radius:10px;padding:14px 18px;margin:0 0 12px;background:#fafbfc;\">\n<summary style=\"cursor:pointer;font-weight:700;font-size:16.5px;color:#1a1a1a;\">Qui \u00e9tait Finlay Tarling&nbsp;?<\/summary>\n<p style=\"font-size:16px;line-height:1.7;color:#2a2a2a;margin:12px 0 0;\">Finlay Tarling \u00e9tait un coureur cycliste britannique de <strong>19&nbsp;ans<\/strong> de la <strong>NSN Development Team<\/strong>, l\u2019\u00e9quipe de d\u00e9veloppement issue de la structure Israel-Premier Tech qu\u2019il avait rejointe en 2025. Il \u00e9tait le fr\u00e8re cadet de <strong>Joshua Tarling<\/strong>, coureur de la formation Netcompany INEOS. En 2026, il avait notamment pris la 2<sup>e<\/sup> et la 4<sup>e<\/sup> place d\u2019\u00e9tapes du Tour du Rwanda et la 3<sup>e<\/sup> place du championnat de Grande-Bretagne Espoirs du contre-la-montre.<\/p>\n<\/details>\n<details style=\"border:1px solid #e6e8ee;border-radius:10px;padding:14px 18px;margin:0 0 12px;background:#fafbfc;\">\n<summary style=\"cursor:pointer;font-weight:700;font-size:16.5px;color:#1a1a1a;\">Que s\u2019est-il exactement pass\u00e9 lors de la 8<sup>e<\/sup> \u00e9tape&nbsp;?<\/summary>\n<p style=\"font-size:16px;line-height:1.7;color:#2a2a2a;margin:12px 0 0;\">\u00c0 ce stade, <strong>les circonstances ne sont pas \u00e9tablies<\/strong>. Le communiqu\u00e9 de l\u2019organisation \u00e9voque uniquement \u00ab&nbsp;un grave accident&nbsp;\u00bb et ne mentionne aucun v\u00e9hicule. Les m\u00e9dias portugais donnent deux versions diff\u00e9rentes&nbsp;: un choc avec une voiture circulant \u00e0 contresens d\u2019un c\u00f4t\u00e9, une perte de contr\u00f4le suivie d\u2019un choc contre une voiture \u00e0 l\u2019arr\u00eat de l\u2019autre. Cyclingnews \u00e9crit que la nature de l\u2019incident n\u2019est pas claire. Aucune version officielle n\u2019avait \u00e9t\u00e9 confirm\u00e9e par l\u2019organisateur ni par les autorit\u00e9s au 14&nbsp;ao\u00fbt \u00e0 19&nbsp;h&nbsp;00.<\/p>\n<\/details>\n<details style=\"border:1px solid #e6e8ee;border-radius:10px;padding:14px 18px;margin:0 0 12px;background:#fafbfc;\">\n<summary style=\"cursor:pointer;font-weight:700;font-size:16.5px;color:#1a1a1a;\">La 8<sup>e<\/sup> \u00e9tape du Tour du Portugal a-t-elle \u00e9t\u00e9 annul\u00e9e&nbsp;?<\/summary>\n<p style=\"font-size:16px;line-height:1.7;color:#2a2a2a;margin:12px 0 0;\">Elle n\u2019a pas \u00e9t\u00e9 annul\u00e9e mais <strong>neutralis\u00e9e<\/strong>&nbsp;: selon Cyclingnews, la neutralisation est intervenue \u00e0 <strong>23&nbsp;kilom\u00e8tres de l\u2019arriv\u00e9e<\/strong>. Le peloton a rejoint Fafe au ralenti et la <strong>c\u00e9r\u00e9monie protocolaire<\/strong> pr\u00e9vue ce jour-l\u00e0 n\u2019a pas eu lieu, en signe de deuil, comme l\u2019a indiqu\u00e9 l\u2019organisation.<\/p>\n<\/details>\n<div style=\"background:#1a1a1a;border-radius:14px;padding:22px 26px;margin:30px 0 8px;font-family:-apple-system,BlinkMacSystemFont,'Segoe UI',Roboto,sans-serif;\">\n<div style=\"font-size:12px;font-weight:800;letter-spacing:.16em;text-transform:uppercase;color:#15803D;margin-bottom:8px;\">\ud83c\udfaf \u00c0 retenir<\/div>\n<div style=\"font-size:17px;line-height:1.6;color:#f0f0f0;\">Finlay Tarling, 19 ans, coureur de la NSN Development Team et fr\u00e8re cadet de Joshua Tarling, est mort le 14 ao\u00fbt 2026 pendant la 8<sup>e<\/sup> \u00e9tape du Tour du Portugal&nbsp;; la course a \u00e9t\u00e9 neutralis\u00e9e \u00e0 23 km de Fafe et la c\u00e9r\u00e9monie protocolaire annul\u00e9e. Le communiqu\u00e9 officiel parle d\u2019un \u00ab&nbsp;grave accident&nbsp;\u00bb sans d\u00e9crire de v\u00e9hicule, et les r\u00e9cits de la presse portugaise divergent&nbsp;: \u00e0 cette heure, les circonstances restent \u00e0 confirmer.<\/div>\n<\/div>\n<p style=\"font-size:13px;color:#666;margin-top:22px;\"><em>Sources&nbsp;: communiqu\u00e9 de l\u2019organisation de la Volta a Portugal (compte officiel @VoltaPortugal, 14 ao\u00fbt 2026)&nbsp;; <a href=\"https:\/\/www.cyclingnews.com\/pro-cycling\/racing\/volta-a-portugal-organisers-confirm-death-of-finlay-tarling-after-serious-accident-during-stage-8\/\" rel=\"nofollow noopener\" target=\"_blank\">Cyclingnews<\/a>&nbsp;; <a href=\"https:\/\/www.directvelo.com\/actualite\/131184\/finlay-tarling-meurt-dans-un-accident-au-tour-du-portugal\" rel=\"nofollow noopener\" target=\"_blank\">DirectVelo<\/a>&nbsp;; <a href=\"https:\/\/www.ojogo.pt\/modalidades\/artigo\/falecimento-de-ciclista-suspende-oitava-etapa-da-volta-a-portugal\/18116222\" rel=\"nofollow noopener\" target=\"_blank\">O Jogo<\/a>&nbsp;; <a href=\"https:\/\/tvi.iol.pt\/noticias\/ciclismo\/modalidades\/etapa-8-da-volta-a-portugal-suspensa-morreu-um-ciclista\" rel=\"nofollow noopener\" target=\"_blank\">TVI<\/a>. note de deuil de la <a href=\"https:\/\/www.presidencia.pt\/atualidade\/toda-a-atualidade\/2026\/08\/nota-de-pesar-pelo-falecimento-do-ciclista-finlay-tarling\/\" rel=\"nofollow noopener\" target=\"_blank\">Pr\u00e9sidence de la R\u00e9publique portugaise<\/a>. Informations v\u00e9rifi\u00e9es le 14 ao\u00fbt 2026 \u00e0 19 h 30.<\/em><\/p>\n<p><script type=\"application\/ld+json\">{\"@context\": \"https:\/\/schema.org\", \"@type\": \"FAQPage\", \"mainEntity\": [{\"@type\": \"Question\", \"name\": \"Qui \u00e9tait Finlay Tarling\u202f?\", \"acceptedAnswer\": {\"@type\": \"Answer\", \"text\": \"Finlay Tarling \u00e9tait un coureur cycliste britannique de 19\u202fans de la NSN Development Team, l\u2019\u00e9quipe de d\u00e9veloppement issue de la structure Israel-Premier Tech qu\u2019il avait rejointe en 2025. Il \u00e9tait le fr\u00e8re cadet de Joshua Tarling, coureur de la formation Netcompany INEOS. En 2026, il avait notamment pris la 2e et la 4e place d\u2019\u00e9tapes du Tour du Rwanda et la 3e place du championnat de Grande-Bretagne Espoirs du contre-la-montre.\"}}, {\"@type\": \"Question\", \"name\": \"Que s\u2019est-il exactement pass\u00e9 lors de la 8e \u00e9tape\u202f?\", \"acceptedAnswer\": {\"@type\": \"Answer\", \"text\": \"\u00c0 ce stade, les circonstances ne sont pas \u00e9tablies. Le communiqu\u00e9 de l\u2019organisation \u00e9voque uniquement \u00ab\u202fun grave accident\u202f\u00bb et ne mentionne aucun v\u00e9hicule. Les m\u00e9dias portugais donnent deux versions diff\u00e9rentes\u202f: un choc avec une voiture circulant \u00e0 contresens d\u2019un c\u00f4t\u00e9, une perte de contr\u00f4le suivie d\u2019un choc contre une voiture \u00e0 l\u2019arr\u00eat de l\u2019autre. Cyclingnews \u00e9crit que la nature de l\u2019incident n\u2019est pas claire. Aucune version officielle n\u2019avait \u00e9t\u00e9 confirm\u00e9e par l\u2019organisateur ni par les autorit\u00e9s au 14\u202fao\u00fbt \u00e0 19\u202fh\u202f00.\"}}, {\"@type\": \"Question\", \"name\": \"La 8e \u00e9tape du Tour du Portugal a-t-elle \u00e9t\u00e9 annul\u00e9e\u202f?\", \"acceptedAnswer\": {\"@type\": \"Answer\", \"text\": \"Elle n\u2019a pas \u00e9t\u00e9 annul\u00e9e mais neutralis\u00e9e\u202f: selon Cyclingnews, la neutralisation est intervenue \u00e0 23\u202fkilom\u00e8tres de l\u2019arriv\u00e9e. Le peloton a rejoint Fafe au ralenti et la c\u00e9r\u00e9monie protocolaire pr\u00e9vue ce jour-l\u00e0 n\u2019a pas eu lieu, en signe de deuil, comme l\u2019a indiqu\u00e9 l\u2019organisation.\"}}]}<\/script><\/p>\n","protected":false},"excerpt":{"rendered":"","protected":false},"author":41,"featured_media":18311,"comment_status":"closed","ping_status":"open","sticky":false,"template":"","format":"standard","meta":{"_acf_changed":false,"manual_indexmenow":false,"indexmenow_id_project":0,"footnotes":""},"categories":[4520],"tags":[],"class_list":["post-18310","post","type-post","status-publish","format-standard","has-post-thumbnail","hentry","category-actualites-sportives","generate-columns","tablet-grid-50","mobile-grid-100","grid-parent","grid-25"],"acf":[],"yoast_head":"<!-- This site is optimized with the Yoast SEO Premium plugin v21.3 (Yoast SEO v26.5) - https:\/\/yoast.com\/wordpress\/plugins\/seo\/ -->\n<title>Finlay Tarling, 19 ans, est mort sur le Tour du Portugal<\/title>\n<meta name=\"description\" content=\"Finlay Tarling, coureur britannique de 19 ans et fr\u00e8re de Joshua, est mort le 14 ao\u00fbt 2026 sur la 8e \u00e9tape du Tour du Portugal. Ce que l&#039;on sait.\" \/>\n<meta name=\"robots\" content=\"index, follow, max-snippet:-1, max-image-preview:large, max-video-preview:-1\" \/>\n<link rel=\"canonical\" href=\"https:\/\/sport-index.fr\/blog\/actualites-sportives\/finlay-tarling-mort-tour-du-portugal\/\" \/>\n<meta property=\"og:locale\" content=\"fr_FR\" \/>\n<meta property=\"og:type\" content=\"article\" \/>\n<meta property=\"og:title\" content=\"Finlay Tarling, 19 ans, est mort sur le Tour du Portugal\" \/>\n<meta property=\"og:description\" content=\"Finlay Tarling, coureur britannique de 19 ans et fr\u00e8re de Joshua, est mort le 14 ao\u00fbt 2026 sur la 8e \u00e9tape du Tour du Portugal. Ce que l&#039;on sait.\" \/>\n<meta property=\"og:url\" content=\"https:\/\/sport-index.fr\/blog\/actualites-sportives\/finlay-tarling-mort-tour-du-portugal\/\" \/>\n<meta property=\"og:site_name\" content=\"sport-index\" \/>\n<meta property=\"og:image\" content=\"https:\/\/sport-index.fr\/blog\/wp-content\/uploads\/2026\/08\/peloton-cyclisme-route-tour-du-portugal-scaled.jpg\" \/>\n\t<meta property=\"og:image:width\" content=\"1200\" \/>\n\t<meta property=\"og:image:height\" content=\"675\" \/>\n\t<meta property=\"og:image:type\" content=\"image\/jpeg\" \/>\n<meta name=\"author\" content=\"Antoine Bernard\" \/>\n<meta name=\"twitter:card\" content=\"summary_large_image\" \/>\n<script type=\"application\/ld+json\" class=\"yoast-schema-graph\">{\"@context\":\"https:\/\/schema.org\",\"@graph\":[{\"@type\":\"NewsArticle\",\"@id\":\"https:\/\/sport-index.fr\/blog\/actualites-sportives\/finlay-tarling-mort-tour-du-portugal\/#article\",\"isPartOf\":{\"@id\":\"https:\/\/sport-index.fr\/blog\/actualites-sportives\/finlay-tarling-mort-tour-du-portugal\/\"},\"author\":{\"name\":\"Antoine Bernard\",\"@id\":\"https:\/\/sport-index.fr\/blog\/#\/schema\/person\/44426045f6d04c1519cfa471757b400f\"},\"headline\":\"Finlay Tarling, coureur de 19 ans et fr\u00e8re de Joshua, est mort sur le Tour du Portugal\",\"datePublished\":\"2026-08-14T17:01:15+00:00\",\"dateModified\":\"2026-08-14T17:16:03+00:00\",\"mainEntityOfPage\":{\"@id\":\"https:\/\/sport-index.fr\/blog\/actualites-sportives\/finlay-tarling-mort-tour-du-portugal\/\"},\"wordCount\":2885,\"publisher\":{\"@id\":\"https:\/\/sport-index.fr\/blog\/#organization\"},\"image\":{\"@id\":\"https:\/\/sport-index.fr\/blog\/actualites-sportives\/finlay-tarling-mort-tour-du-portugal\/#primaryimage\"},\"thumbnailUrl\":\"https:\/\/sport-index.fr\/blog\/wp-content\/uploads\/2026\/08\/peloton-cyclisme-route-tour-du-portugal-scaled.jpg\",\"articleSection\":[\"Actualit\u00e9s Sportives\"],\"inLanguage\":\"fr-FR\"},{\"@type\":\"WebPage\",\"@id\":\"https:\/\/sport-index.fr\/blog\/actualites-sportives\/finlay-tarling-mort-tour-du-portugal\/\",\"url\":\"https:\/\/sport-index.fr\/blog\/actualites-sportives\/finlay-tarling-mort-tour-du-portugal\/\",\"name\":\"Finlay Tarling, 19 ans, est mort sur le Tour du Portugal\",\"isPartOf\":{\"@id\":\"https:\/\/sport-index.fr\/blog\/#website\"},\"primaryImageOfPage\":{\"@id\":\"https:\/\/sport-index.fr\/blog\/actualites-sportives\/finlay-tarling-mort-tour-du-portugal\/#primaryimage\"},\"image\":{\"@id\":\"https:\/\/sport-index.fr\/blog\/actualites-sportives\/finlay-tarling-mort-tour-du-portugal\/#primaryimage\"},\"thumbnailUrl\":\"https:\/\/sport-index.fr\/blog\/wp-content\/uploads\/2026\/08\/peloton-cyclisme-route-tour-du-portugal-scaled.jpg\",\"datePublished\":\"2026-08-14T17:01:15+00:00\",\"dateModified\":\"2026-08-14T17:16:03+00:00\",\"description\":\"Finlay Tarling, coureur britannique de 19 ans et fr\u00e8re de Joshua, est mort le 14 ao\u00fbt 2026 sur la 8e \u00e9tape du Tour du Portugal. Ce que l'on sait.\",\"inLanguage\":\"fr-FR\",\"potentialAction\":[{\"@type\":\"ReadAction\",\"target\":[\"https:\/\/sport-index.fr\/blog\/actualites-sportives\/finlay-tarling-mort-tour-du-portugal\/\"]}]},{\"@type\":\"ImageObject\",\"inLanguage\":\"fr-FR\",\"@id\":\"https:\/\/sport-index.fr\/blog\/actualites-sportives\/finlay-tarling-mort-tour-du-portugal\/#primaryimage\",\"url\":\"https:\/\/sport-index.fr\/blog\/wp-content\/uploads\/2026\/08\/peloton-cyclisme-route-tour-du-portugal-scaled.jpg\",\"contentUrl\":\"https:\/\/sport-index.fr\/blog\/wp-content\/uploads\/2026\/08\/peloton-cyclisme-route-tour-du-portugal-scaled.jpg\",\"width\":1200,\"height\":675,\"caption\":\"Peloton de cyclistes professionnels sur une route ouverte\"},{\"@type\":\"WebSite\",\"@id\":\"https:\/\/sport-index.fr\/blog\/#website\",\"url\":\"https:\/\/sport-index.fr\/blog\/\",\"name\":\"sport-index.fr\",\"description\":\"Le score de l\u2019analyse sportive.\",\"publisher\":{\"@id\":\"https:\/\/sport-index.fr\/blog\/#organization\"},\"alternateName\":\"Le score de l\u2019analyse sportive.\",\"potentialAction\":[{\"@type\":\"SearchAction\",\"target\":{\"@type\":\"EntryPoint\",\"urlTemplate\":\"https:\/\/sport-index.fr\/blog\/?s={search_term_string}\"},\"query-input\":{\"@type\":\"PropertyValueSpecification\",\"valueRequired\":true,\"valueName\":\"search_term_string\"}}],\"inLanguage\":\"fr-FR\"},{\"@type\":\"Organization\",\"@id\":\"https:\/\/sport-index.fr\/blog\/#organization\",\"name\":\"Foretsensations.fr\",\"url\":\"https:\/\/sport-index.fr\/blog\/\",\"logo\":{\"@type\":\"ImageObject\",\"inLanguage\":\"fr-FR\",\"@id\":\"https:\/\/sport-index.fr\/blog\/#\/schema\/logo\/image\/\",\"url\":\"https:\/\/sport-index.fr\/blog\/wp-content\/uploads\/2026\/07\/logo-auto.png\",\"contentUrl\":\"https:\/\/sport-index.fr\/blog\/wp-content\/uploads\/2026\/07\/logo-auto.png\",\"width\":1024,\"height\":1024,\"caption\":\"Foretsensations.fr\"},\"image\":{\"@id\":\"https:\/\/sport-index.fr\/blog\/#\/schema\/logo\/image\/\"}},{\"@type\":\"Person\",\"@id\":\"https:\/\/sport-index.fr\/blog\/#\/schema\/person\/44426045f6d04c1519cfa471757b400f\",\"name\":\"Antoine Bernard\",\"image\":{\"@type\":\"ImageObject\",\"inLanguage\":\"fr-FR\",\"@id\":\"https:\/\/sport-index.fr\/blog\/#\/schema\/person\/image\/\",\"url\":\"https:\/\/secure.gravatar.com\/avatar\/?s=96&d=mm&r=g\",\"contentUrl\":\"https:\/\/secure.gravatar.com\/avatar\/?s=96&d=mm&r=g\",\"caption\":\"Antoine Bernard\"},\"description\":\"Analyste en statistiques sportives et passionn\u00e9 de data science appliqu\u00e9e au sport. Antoine propose des articles sur l\u2019analyse des performances, les tendances statistiques et l\u2019utilisation des donn\u00e9es pour optimiser les strat\u00e9gies de jeu.\",\"sameAs\":[\"https:\/\/bernardantoine.fr\/\"],\"url\":\"https:\/\/sport-index.fr\/blog\/auteur\/antoine-bernard\/\",\"jobTitle\":\"Contributeur m\u00e9canique\",\"email\":\"antoine.bernard@autosmythiques57.fr\"}]}<\/script>\n<!-- \/ Yoast SEO Premium plugin. -->","yoast_head_json":{"title":"Finlay Tarling, 19 ans, est mort sur le Tour du Portugal","description":"Finlay Tarling, coureur britannique de 19 ans et fr\u00e8re de Joshua, est mort le 14 ao\u00fbt 2026 sur la 8e \u00e9tape du Tour du Portugal. Ce que l'on sait.","robots":{"index":"index","follow":"follow","max-snippet":"max-snippet:-1","max-image-preview":"max-image-preview:large","max-video-preview":"max-video-preview:-1"},"canonical":"https:\/\/sport-index.fr\/blog\/actualites-sportives\/finlay-tarling-mort-tour-du-portugal\/","og_locale":"fr_FR","og_type":"article","og_title":"Finlay Tarling, 19 ans, est mort sur le Tour du Portugal","og_description":"Finlay Tarling, coureur britannique de 19 ans et fr\u00e8re de Joshua, est mort le 14 ao\u00fbt 2026 sur la 8e \u00e9tape du Tour du Portugal. Ce que l'on sait.","og_url":"https:\/\/sport-index.fr\/blog\/actualites-sportives\/finlay-tarling-mort-tour-du-portugal\/","og_site_name":"sport-index","og_image":[{"width":1200,"height":675,"url":"https:\/\/sport-index.fr\/blog\/wp-content\/uploads\/2026\/08\/peloton-cyclisme-route-tour-du-portugal-scaled.jpg","type":"image\/jpeg"}],"author":"Antoine Bernard","twitter_card":"summary_large_image","schema":{"@context":"https:\/\/schema.org","@graph":[{"@type":"NewsArticle","@id":"https:\/\/sport-index.fr\/blog\/actualites-sportives\/finlay-tarling-mort-tour-du-portugal\/#article","isPartOf":{"@id":"https:\/\/sport-index.fr\/blog\/actualites-sportives\/finlay-tarling-mort-tour-du-portugal\/"},"author":{"name":"Antoine Bernard","@id":"https:\/\/sport-index.fr\/blog\/#\/schema\/person\/44426045f6d04c1519cfa471757b400f"},"headline":"Finlay Tarling, coureur de 19 ans et fr\u00e8re de Joshua, est mort sur le Tour du Portugal","datePublished":"2026-08-14T17:01:15+00:00","dateModified":"2026-08-14T17:16:03+00:00","mainEntityOfPage":{"@id":"https:\/\/sport-index.fr\/blog\/actualites-sportives\/finlay-tarling-mort-tour-du-portugal\/"},"wordCount":2885,"publisher":{"@id":"https:\/\/sport-index.fr\/blog\/#organization"},"image":{"@id":"https:\/\/sport-index.fr\/blog\/actualites-sportives\/finlay-tarling-mort-tour-du-portugal\/#primaryimage"},"thumbnailUrl":"https:\/\/sport-index.fr\/blog\/wp-content\/uploads\/2026\/08\/peloton-cyclisme-route-tour-du-portugal-scaled.jpg","articleSection":["Actualit\u00e9s Sportives"],"inLanguage":"fr-FR"},{"@type":"WebPage","@id":"https:\/\/sport-index.fr\/blog\/actualites-sportives\/finlay-tarling-mort-tour-du-portugal\/","url":"https:\/\/sport-index.fr\/blog\/actualites-sportives\/finlay-tarling-mort-tour-du-portugal\/","name":"Finlay Tarling, 19 ans, est mort sur le Tour du Portugal","isPartOf":{"@id":"https:\/\/sport-index.fr\/blog\/#website"},"primaryImageOfPage":{"@id":"https:\/\/sport-index.fr\/blog\/actualites-sportives\/finlay-tarling-mort-tour-du-portugal\/#primaryimage"},"image":{"@id":"https:\/\/sport-index.fr\/blog\/actualites-sportives\/finlay-tarling-mort-tour-du-portugal\/#primaryimage"},"thumbnailUrl":"https:\/\/sport-index.fr\/blog\/wp-content\/uploads\/2026\/08\/peloton-cyclisme-route-tour-du-portugal-scaled.jpg","datePublished":"2026-08-14T17:01:15+00:00","dateModified":"2026-08-14T17:16:03+00:00","description":"Finlay Tarling, coureur britannique de 19 ans et fr\u00e8re de Joshua, est mort le 14 ao\u00fbt 2026 sur la 8e \u00e9tape du Tour du Portugal. Ce que l'on sait.","inLanguage":"fr-FR","potentialAction":[{"@type":"ReadAction","target":["https:\/\/sport-index.fr\/blog\/actualites-sportives\/finlay-tarling-mort-tour-du-portugal\/"]}]},{"@type":"ImageObject","inLanguage":"fr-FR","@id":"https:\/\/sport-index.fr\/blog\/actualites-sportives\/finlay-tarling-mort-tour-du-portugal\/#primaryimage","url":"https:\/\/sport-index.fr\/blog\/wp-content\/uploads\/2026\/08\/peloton-cyclisme-route-tour-du-portugal-scaled.jpg","contentUrl":"https:\/\/sport-index.fr\/blog\/wp-content\/uploads\/2026\/08\/peloton-cyclisme-route-tour-du-portugal-scaled.jpg","width":1200,"height":675,"caption":"Peloton de cyclistes professionnels sur une route ouverte"},{"@type":"WebSite","@id":"https:\/\/sport-index.fr\/blog\/#website","url":"https:\/\/sport-index.fr\/blog\/","name":"sport-index.fr","description":"Le score de l\u2019analyse sportive.","publisher":{"@id":"https:\/\/sport-index.fr\/blog\/#organization"},"alternateName":"Le score de l\u2019analyse sportive.","potentialAction":[{"@type":"SearchAction","target":{"@type":"EntryPoint","urlTemplate":"https:\/\/sport-index.fr\/blog\/?s={search_term_string}"},"query-input":{"@type":"PropertyValueSpecification","valueRequired":true,"valueName":"search_term_string"}}],"inLanguage":"fr-FR"},{"@type":"Organization","@id":"https:\/\/sport-index.fr\/blog\/#organization","name":"Foretsensations.fr","url":"https:\/\/sport-index.fr\/blog\/","logo":{"@type":"ImageObject","inLanguage":"fr-FR","@id":"https:\/\/sport-index.fr\/blog\/#\/schema\/logo\/image\/","url":"https:\/\/sport-index.fr\/blog\/wp-content\/uploads\/2026\/07\/logo-auto.png","contentUrl":"https:\/\/sport-index.fr\/blog\/wp-content\/uploads\/2026\/07\/logo-auto.png","width":1024,"height":1024,"caption":"Foretsensations.fr"},"image":{"@id":"https:\/\/sport-index.fr\/blog\/#\/schema\/logo\/image\/"}},{"@type":"Person","@id":"https:\/\/sport-index.fr\/blog\/#\/schema\/person\/44426045f6d04c1519cfa471757b400f","name":"Antoine Bernard","image":{"@type":"ImageObject","inLanguage":"fr-FR","@id":"https:\/\/sport-index.fr\/blog\/#\/schema\/person\/image\/","url":"https:\/\/secure.gravatar.com\/avatar\/?s=96&d=mm&r=g","contentUrl":"https:\/\/secure.gravatar.com\/avatar\/?s=96&d=mm&r=g","caption":"Antoine Bernard"},"description":"Analyste en statistiques sportives et passionn\u00e9 de data science appliqu\u00e9e au sport. Antoine propose des articles sur l\u2019analyse des performances, les tendances statistiques et l\u2019utilisation des donn\u00e9es pour optimiser les strat\u00e9gies de jeu.","sameAs":["https:\/\/bernardantoine.fr\/"],"url":"https:\/\/sport-index.fr\/blog\/auteur\/antoine-bernard\/","jobTitle":"Contributeur m\u00e9canique","email":"antoine.bernard@autosmythiques57.fr"}]}},"_links":{"self":[{"href":"https:\/\/sport-index.fr\/blog\/wp-json\/wp\/v2\/posts\/18310","targetHints":{"allow":["GET"]}}],"collection":[{"href":"https:\/\/sport-index.fr\/blog\/wp-json\/wp\/v2\/posts"}],"about":[{"href":"https:\/\/sport-index.fr\/blog\/wp-json\/wp\/v2\/types\/post"}],"author":[{"embeddable":true,"href":"https:\/\/sport-index.fr\/blog\/wp-json\/wp\/v2\/users\/41"}],"replies":[{"embeddable":true,"href":"https:\/\/sport-index.fr\/blog\/wp-json\/wp\/v2\/comments?post=18310"}],"version-history":[{"count":2,"href":"https:\/\/sport-index.fr\/blog\/wp-json\/wp\/v2\/posts\/18310\/revisions"}],"predecessor-version":[{"id":18313,"href":"https:\/\/sport-index.fr\/blog\/wp-json\/wp\/v2\/posts\/18310\/revisions\/18313"}],"wp:featuredmedia":[{"embeddable":true,"href":"https:\/\/sport-index.fr\/blog\/wp-json\/wp\/v2\/media\/18311"}],"wp:attachment":[{"href":"https:\/\/sport-index.fr\/blog\/wp-json\/wp\/v2\/media?parent=18310"}],"wp:term":[{"taxonomy":"category","embeddable":true,"href":"https:\/\/sport-index.fr\/blog\/wp-json\/wp\/v2\/categories?post=18310"},{"taxonomy":"post_tag","embeddable":true,"href":"https:\/\/sport-index.fr\/blog\/wp-json\/wp\/v2\/tags?post=18310"}],"curies":[{"name":"wp","href":"https:\/\/api.w.org\/{rel}","templated":true}]}}