{"id":18322,"date":"2026-08-17T18:59:57","date_gmt":"2026-08-17T16:59:57","guid":{"rendered":"https:\/\/sport-index.fr\/blog\/evenements-et-competitions\/vuelta-2026-grand-depart-de-monaco-etapes-en-france-et-diffusion-tv\/"},"modified":"2026-09-04T19:59:06","modified_gmt":"2026-09-04T17:59:06","slug":"vuelta-2026-grand-depart-de-monaco-etapes-en-france-et-diffusion-tv","status":"publish","type":"post","link":"https:\/\/sport-index.fr\/blog\/evenements-et-competitions\/vuelta-2026-grand-depart-de-monaco-etapes-en-france-et-diffusion-tv\/","title":{"rendered":"Vuelta 2026 : grand d\u00e9part de Monaco, \u00e9tapes en France et diffusion TV"},"content":{"rendered":"<p><strong>La Vuelta 2026 (Tour d\u2019Espagne) s\u2019\u00e9lance de Monaco le samedi 22 ao\u00fbt 2026 par un contre-la-montre individuel de 9,4 km et s\u2019ach\u00e8ve le dimanche 13 septembre \u00e0 Grenade, au terme de 21 \u00e9tapes et de 3 275 km.<\/strong><\/p>\n<p>Le Tour d\u2019Espagne quitte la p\u00e9ninsule ib\u00e9rique pour son coup d\u2019envoi. Le peloton part de la Place du Casino de Monte-Carlo, encha\u00eene deux journ\u00e9es de course sur le sol fran\u00e7ais, traverse l\u2019Andorre, puis redescend le long de la M\u00e9diterran\u00e9e jusqu\u2019\u00e0 l\u2019Andalousie. Voici les dates, le d\u00e9tail des premi\u00e8res \u00e9tapes, le programme heure par heure du grand d\u00e9part et les cha\u00eenes qui diffusent la course en France.<\/p>\n<div class=\"encart-maj\" style=\"border-left:4px solid #c0392b;background:#fdf3f2;padding:16px 20px;margin:20px 0;\">\n<p style=\"margin:0 0 8px;\"><strong>Mise \u00e0 jour du vendredi 4 septembre 2026, 18 h<\/strong><\/p>\n<p style=\"margin:0;\"><strong>Wout van Aert<\/strong> (Team Visma | Lease a Bike) a remport\u00e9 la <strong>13e \u00e9tape<\/strong>, ce vendredi 4 septembre entre Almu\u00f1\u00e9car et Loja, en devan\u00e7ant au sprint le Fran\u00e7ais <strong>Valentin Paret-Peintre<\/strong> (Soudal Quick-Step) ; Matthew Brennan compl\u00e8te le podium \u00e0 24\u2033. Au classement g\u00e9n\u00e9ral, <strong>Enric Mas<\/strong> (Movistar Team) conserve le maillot rouge avec <strong>1\u2032\u00a045\u2033<\/strong> d\u2019avance sur Primo\u017e Rogli\u010d et 2\u2032\u00a006\u2033 sur Felix Gall. Tadej Poga\u010dar, dont la chute lors de la 8e \u00e9tape (le 29 ao\u00fbt) a mis fin \u00e0 la course \u2014 commotion c\u00e9r\u00e9brale, clavicule gauche op\u00e9r\u00e9e le 31 ao\u00fbt, fracture cervicale C7 stable \u2014 a quitt\u00e9 l\u2019h\u00f4pital le 2 septembre ; le m\u00e9decin de la s\u00e9lection slov\u00e8ne juge sa pr\u00e9sence aux Mondiaux de Montr\u00e9al \u00ab pas r\u00e9aliste \u00bb. Notre article complet : <a href=\"https:\/\/sport-index.fr\/blog\/a-la-une\/tadej-pogacar-opere-apres-sa-chute-sur-la-vuelta-les-mondiaux-de-montreal-menaces\/\">Poga\u010dar op\u00e9r\u00e9 apr\u00e8s sa chute, les Mondiaux de Montr\u00e9al menac\u00e9s<\/a>. Les classements d\u00e9taill\u00e9s sont plus bas.<\/p>\n<\/div>\n<h2>En bref<\/h2>\n<ul>\n<li><strong>Dates<\/strong> : du samedi 22 ao\u00fbt au dimanche 13 septembre 2026, 21 \u00e9tapes, 3 275 km au total (source : parcours officiel de La Vuelta).<\/li>\n<li><strong>Grand d\u00e9part<\/strong> : Monaco, Place du Casino de Monte-Carlo, contre-la-montre individuel de 9,4 km, premier coureur \u00e0 16h00.<\/li>\n<li><strong>\u00c9tapes en France<\/strong> : Monaco \u2013 Manosque (214,3 km) le dimanche 23 ao\u00fbt, puis Gruissan \u2013 Font-Romeu (174 km) le lundi 24 ao\u00fbt \u2014 <strong>cette derni\u00e8re a \u00e9t\u00e9 annul\u00e9e sur place<\/strong>, \u00e0 une quinzaine de kilom\u00e8tres de l\u2019arriv\u00e9e, \u00e0 cause d\u2019un orage de gr\u00eale.<\/li>\n<li><strong>Diffusion en France<\/strong> : Eurosport 1 et Eurosport 2, \u00e9galement accessibles en streaming via l\u2019option Sport de HBO Max.<\/li>\n<li><strong>Au soir du 4 septembre<\/strong> : Wout van Aert a gagn\u00e9 la 13e \u00e9tape \u00e0 Loja devant Valentin Paret-Peintre ; Enric Mas (Movistar Team) reste en rouge, avec 1\u2032\u00a045\u2033 d\u2019avance sur Primo\u017e Rogli\u010d.<\/li>\n<\/ul>\n<h2>13e \u00e9tape : Wout van Aert devant Valentin Paret-Peintre \u00e0 Loja<\/h2>\n<p><em>Section \u00e9crite le vendredi 4 septembre 2026 \u00e0 18 h, apr\u00e8s l\u2019arriv\u00e9e de la 13e \u00e9tape. Chiffres relev\u00e9s sur les classements officiels de La Vuelta.<\/em><\/p>\n<p>La 13e \u00e9tape, disput\u00e9e ce <strong>vendredi 4 septembre<\/strong> entre <strong>Almu\u00f1\u00e9car<\/strong> et <strong>Loja<\/strong> sur <strong>192,8 km<\/strong> class\u00e9s en moyenne montagne, est revenue \u00e0 <strong>Wout van Aert<\/strong> (Team Visma | Lease a Bike). Sorti d\u2019une \u00e9chapp\u00e9e, le Belge a r\u00e9gl\u00e9 au sprint le Fran\u00e7ais <strong>Valentin Paret-Peintre<\/strong> (Soudal Quick-Step), cr\u00e9dit\u00e9 du m\u00eame temps. Son co\u00e9quipier <strong>Matthew Brennan<\/strong> prend la troisi\u00e8me place \u00e0 24\u2033.<\/p>\n<p>C\u2019est la <strong>premi\u00e8re victoire d\u2019\u00e9tape de Wout van Aert sur cette Vuelta 2026<\/strong>. Les douze premi\u00e8res \u00e9tapes \u00e9taient revenues \u00e0 Tadej Poga\u010dar (3), Matthew Brennan (3), Andreas Leknessund, Bryan Coquard, Enric Mas, Bastien Tronchon et Jakob Omrzel \u2014 la 3e, elle, n\u2019a pas eu de vainqueur (voir plus bas).<\/p>\n<h3>Classement de la 13e \u00e9tape (Almu\u00f1\u00e9car \u2013 Loja, 192,8 km)<\/h3>\n<table>\n<tr>\n<th>Rang<\/th>\n<th>Coureur<\/th>\n<th>\u00c9quipe<\/th>\n<th>Temps<\/th>\n<\/tr>\n<tr>\n<td>1<\/td>\n<td><strong>Wout van Aert<\/strong> (BEL)<\/td>\n<td>Team Visma | Lease a Bike<\/td>\n<td>4 h 34\u2032\u00a000\u2033<\/td>\n<\/tr>\n<tr>\n<td>2<\/td>\n<td><strong>Valentin Paret-Peintre<\/strong> (FRA)<\/td>\n<td>Soudal Quick-Step<\/td>\n<td>m\u00eame temps<\/td>\n<\/tr>\n<tr>\n<td>3<\/td>\n<td>Matthew Brennan (GBR)<\/td>\n<td>Team Visma | Lease a Bike<\/td>\n<td>+ 24\u2033<\/td>\n<\/tr>\n<\/table>\n<p>Derri\u00e8re, le Fran\u00e7ais <strong>L\u00e9o Bisiaux<\/strong> (Decathlon CMA CGM Team) signe la 8e place \u00e0 28\u2033.<\/p>\n<h3>Classement g\u00e9n\u00e9ral apr\u00e8s la 13e \u00e9tape<\/h3>\n<p><strong>Enric Mas<\/strong> (Movistar Team) garde le maillot rouge, qu\u2019il porte depuis l\u2019abandon de Tadej Poga\u010dar sur la 8e \u00e9tape.<\/p>\n<table>\n<tr>\n<th>Rang<\/th>\n<th>Coureur<\/th>\n<th>\u00c9quipe<\/th>\n<th>Temps \/ \u00e9cart<\/th>\n<\/tr>\n<tr>\n<td>1<\/td>\n<td><strong>Enric Mas<\/strong> (ESP)<\/td>\n<td>Movistar Team<\/td>\n<td>45 h 08\u2032\u00a051\u2033<\/td>\n<\/tr>\n<tr>\n<td>2<\/td>\n<td>Primo\u017e Rogli\u010d (SLO)<\/td>\n<td>Red Bull &#8211; Bora &#8211; Hansgrohe<\/td>\n<td>+ 1\u2032\u00a045\u2033<\/td>\n<\/tr>\n<tr>\n<td>3<\/td>\n<td>Felix Gall (AUT)<\/td>\n<td>Decathlon CMA CGM Team<\/td>\n<td>+ 2\u2032\u00a006\u2033<\/td>\n<\/tr>\n<tr>\n<td>4<\/td>\n<td>Richard Carapaz (ECU)<\/td>\n<td>EF Education &#8211; EasyPost<\/td>\n<td>+ 3\u2032\u00a053\u2033<\/td>\n<\/tr>\n<tr>\n<td>5<\/td>\n<td>Oscar Onley (GBR)<\/td>\n<td>Netcompany-Ineos<\/td>\n<td>+ 4\u2032\u00a029\u2033<\/td>\n<\/tr>\n<\/table>\n<p>Sur les classements annexes, toujours au soir du 4 septembre : <strong>Wout van Aert<\/strong> m\u00e8ne le classement par points avec 224 points devant Matthew Brennan (159) ; <strong>Santiago Buitrago<\/strong> (Bahrain Victorious) est en t\u00eate du classement de la montagne avec 58 points ; <strong>Oscar Onley<\/strong> reste le meilleur jeune, devant Jakob Omrzel.<\/p>\n<h3>Ce qu\u2019il reste \u00e0 courir<\/h3>\n<p>Huit \u00e9tapes s\u00e9parent encore le peloton de Grenade. La suite, d\u2019apr\u00e8s le parcours officiel :<\/p>\n<ul>\n<li><strong>Samedi 5 septembre<\/strong> \u2014 14e \u00e9tape, Ja\u00e9n &gt; Sierra de La Pandera, 154,5 km, montagne : la premi\u00e8re arriv\u00e9e au sommet de cette derni\u00e8re ligne droite.<\/li>\n<li><strong>Dimanche 6 septembre<\/strong> \u2014 15e \u00e9tape, Palma del R\u00edo &gt; C\u00f3rdoba, 189,7 km, moyenne montagne. Puis <strong>deuxi\u00e8me journ\u00e9e de repos le lundi 7 septembre<\/strong>.<\/li>\n<li><strong>Jeudi 10 septembre<\/strong> \u2014 18e \u00e9tape, le second contre-la-montre individuel, 32,1 km entre El Puerto de Santa Mar\u00eda et Jerez de la Frontera.<\/li>\n<li><strong>Samedi 12 septembre<\/strong> \u2014 20e \u00e9tape, La Calahorra &gt; Collado del Alguacil, 186,8 km de montagne : la derni\u00e8re occasion de renverser le g\u00e9n\u00e9ral.<\/li>\n<li><strong>Dimanche 13 septembre<\/strong> \u2014 21e et derni\u00e8re \u00e9tape, un circuit plat de 112 km \u00e0 Grenade.<\/li>\n<\/ul>\n<p>La course reste diffus\u00e9e en France sur Eurosport 1 et Eurosport 2, accessibles en streaming via l\u2019option Sport de HBO Max.<\/p>\n<h2>Monaco, premier lieu au monde \u00e0 lancer les trois grands tours<\/h2>\n<p>Avec ce grand d\u00e9part, la Principaut\u00e9 devient le premier lieu au monde \u00e0 avoir accueilli le d\u00e9part des trois grands tours : le Tour de France, le Giro d\u2019Italia et d\u00e9sormais la Vuelta. Sur un territoire d\u2019un peu plus de deux kilom\u00e8tres carr\u00e9s, c\u2019est un fait rare : des pays entiers n\u2019ont jamais coch\u00e9 les trois cases.<\/p>\n<p>Le trac\u00e9 du chrono inaugural emprunte les d\u00e9cors les plus reconnaissables de Monaco. Le parcours publi\u00e9 par le gouvernement princier annonce le d\u00e9part Place du Casino, avec l\u2019H\u00f4tel de Paris et le Caf\u00e9 de Paris, puis le quartier des Moulins, le virage du Fairmont, le quartier du Larvotto, le port Hercule, le port de Fontvieille, le chapiteau du Cirque et le Stade Louis II, avant une arriv\u00e9e sur la ligne de d\u00e9part\/arriv\u00e9e des Grands Prix automobiles.<\/p>\n<h2>\u00c9tape 1 : le programme heure par heure du samedi 22 ao\u00fbt<\/h2>\n<p>Pour qui compte se d\u00e9placer, les horaires publi\u00e9s pour l\u2019\u00e9tape mon\u00e9gasque sont pr\u00e9cis :<\/p>\n<ul>\n<li><strong>12h<\/strong> : fermeture du trac\u00e9<\/li>\n<li><strong>13h \u2013 15h<\/strong> : reconnaissance des coureurs<\/li>\n<li><strong>16h00<\/strong> : d\u00e9part du premier coureur<\/li>\n<li><strong>19h30<\/strong> : arriv\u00e9e du dernier coureur<\/li>\n<\/ul>\n<p>Trois heures et demie de course contre le chrono, donc, avec le maillot rouge en jeu d\u00e8s le premier jour. Sur 9,4 km en milieu urbain, le profil est technique : relances, virages serr\u00e9s, changements de rythme. Un chrono aussi court ne creuse pas d\u2019\u00e9carts \u00e9normes, mais il installe une premi\u00e8re hi\u00e9rarchie avant les \u00e9tapes fran\u00e7aises.<\/p>\n<p>Retenez surtout la fermeture du trac\u00e9 \u00e0 midi : au-del\u00e0 de cette heure, les d\u00e9placements dans le p\u00e9rim\u00e8tre de course deviennent impossibles. Mieux vaut \u00eatre plac\u00e9 avant.<\/p>\n<h2>Les trois premi\u00e8res \u00e9tapes de la Vuelta 2026<\/h2>\n<table>\n<tr>\n<th>Date<\/th>\n<th>Parcours<\/th>\n<th>Distance<\/th>\n<th>Type d\u2019\u00e9tape<\/th>\n<\/tr>\n<tr>\n<td>Samedi 22 ao\u00fbt 2026<\/td>\n<td>Monaco &gt; Monaco<\/td>\n<td>9,4 km<\/td>\n<td>Contre-la-montre individuel<\/td>\n<\/tr>\n<tr>\n<td>Dimanche 23 ao\u00fbt 2026<\/td>\n<td>Monaco &gt; Manosque (France)<\/td>\n<td>214,3 km<\/td>\n<td>\u00c9tape accident\u00e9e<\/td>\n<\/tr>\n<tr>\n<td>Lundi 24 ao\u00fbt 2026<\/td>\n<td>Gruissan \u2013 Aude &gt; Font-Romeu (France)<\/td>\n<td>174 km<\/td>\n<td>Moyenne montagne<\/td>\n<\/tr>\n<\/table>\n<p>Distances issues des fiches d\u2019\u00e9tapes officielles de La Vuelta. Attention : plusieurs sites reprennent encore des chiffres provisoires (215,2 km pour l\u2019\u00e9tape 2, 166,7 km pour l\u2019\u00e9tape 3) qui ne correspondent plus aux fiches actuelles.<\/p>\n<h2>Manosque, Gruissan, Font-Romeu : deux journ\u00e9es de course en France<\/h2>\n<p>Le dimanche 23 ao\u00fbt, l\u2019\u00e9tape 2 relie Monaco \u00e0 <strong>Manosque<\/strong> sur 214,3 km, class\u00e9e accident\u00e9e. Le peloton quitte le d\u00e9cor compact de la Principaut\u00e9 pour s\u2019\u00e9tirer vers la Provence, sur des routes vallonn\u00e9es et une distance qui compte parmi les plus longues de cette Vuelta.<\/p>\n<p>Le lundi 24 ao\u00fbt, l\u2019\u00e9tape 3 va de <strong>Gruissan<\/strong>, dans l\u2019Aude, \u00e0 <strong>Font-Romeu<\/strong>, dans les Pyr\u00e9n\u00e9es-Orientales, sur 174 km class\u00e9s en moyenne montagne. Bascule compl\u00e8te : on part du littoral m\u00e9diterran\u00e9en, expos\u00e9 au vent, pour finir dans une station d\u2019altitude pyr\u00e9n\u00e9enne. C\u2019est la premi\u00e8re vraie arriv\u00e9e en hauteur de l\u2019\u00e9dition, et donc le premier juge de paix pour le classement g\u00e9n\u00e9ral.<\/p>\n<p><strong>Correction du 4 septembre 2026 :<\/strong> cette arriv\u00e9e en hauteur n\u2019a jamais \u00e9t\u00e9 disput\u00e9e. Le 24 ao\u00fbt, un violent orage de gr\u00eale s\u2019est abattu sur le final vers Font-Romeu ; les coureurs se sont mis \u00e0 l\u2019abri et l\u2019organisation a <strong>annul\u00e9 la 3e \u00e9tape \u00e0 une quinzaine de kilom\u00e8tres de l\u2019arriv\u00e9e<\/strong>, sans vainqueur et sans modifier le classement g\u00e9n\u00e9ral. La Vuelta 2026 n\u2019aura donc eu qu\u2019<strong>une seule journ\u00e9e de course men\u00e9e \u00e0 son terme sur le sol fran\u00e7ais<\/strong>, celle de Manosque.<\/p>\n<p>Pour les spectateurs de Provence ou des Pyr\u00e9n\u00e9es-Orientales, c\u2019est une occasion peu fr\u00e9quente : voir passer un grand tour espagnol sans franchir la fronti\u00e8re.<\/p>\n<h2>Andorre, Espagne, Grenade : la suite du parcours<\/h2>\n<p>Le mardi 25 ao\u00fbt, la course bascule en <strong>Andorre<\/strong> avec une \u00e9tape de montagne en circuit autour d\u2019Andorre-la-Vieille (104,8 km). La Vuelta 2026 traverse donc quatre pays : Monaco, la France, l\u2019Andorre et l\u2019Espagne.<\/p>\n<p>Ensuite, le peloton descend la fa\u00e7ade m\u00e9diterran\u00e9enne espagnole, puis s\u2019installe durablement dans le Sud : <strong>\u00e0 partir de la 12e \u00e9tape, la course ne quitte plus l\u2019Andalousie<\/strong>, d\u2019Almer\u00eda jusqu\u2019\u00e0 Grenade. Deux journ\u00e9es de repos sont pr\u00e9vues, le 31 ao\u00fbt et le 7 septembre.<\/p>\n<p>C\u00f4t\u00e9 chronos, l\u2019\u00e9dition en compte deux : celui de Monaco (9,4 km) et un second de 32 km entre El Puerto de Santa Mar\u00eda et Jerez de la Frontera, le 10 septembre. L\u2019ultime \u00e9tape, le 13 septembre, est un circuit de 112 km \u00e0 Grenade class\u00e9 plat, dont le trac\u00e9 passe par le Paseo del Generalife, aux abords de l\u2019Alhambra, avec plusieurs passages sur la ligne d\u2019arriv\u00e9e.<\/p>\n<p>Sur le d\u00e9nivel\u00e9, les d\u00e9comptes des m\u00e9dias sp\u00e9cialis\u00e9s convergent vers plus de 58 000 m de d\u00e9nivel\u00e9 positif cumul\u00e9, ce qui ferait de cette Vuelta l\u2019un des grands tours les plus montagneux de ces derni\u00e8res ann\u00e9es.<\/p>\n<h2>Tadej Poga\u010dar au d\u00e9part, avec le triptyque en ligne de mire<\/h2>\n<p>La participation de <strong>Tadej Poga\u010dar<\/strong> a \u00e9t\u00e9 officialis\u00e9e par son \u00e9quipe UAE Team Emirates-XRG d\u00e9but ao\u00fbt 2026. Le Slov\u00e8ne, qui r\u00e9side \u00e0 Monaco, retrouve le Tour d\u2019Espagne sept ans apr\u00e8s sa premi\u00e8re participation.<\/p>\n<p>L\u2019enjeu est identifiable : vainqueur du Tour de France et du Giro, il lui manque la Vuelta pour rejoindre le cercle des coureurs ayant gagn\u00e9 les trois grands tours. Sur un parcours aussi montagneux, avec un chrono initial disput\u00e9 sur ses routes d\u2019entra\u00eenement, la question du maillot rouge se posera d\u00e8s le 22 ao\u00fbt. Si vous suivez d\u00e9j\u00e0 les grands rendez-vous de la saison, le contraste avec <a href=\"https:\/\/sport-index.fr\/blog\/evenements-et-competitions\/tour-de-france-2026-parcours-dates-et-favoris-de-la-grande-boucle\/\">le parcours du Tour de France 2026<\/a> vaut le d\u00e9tour.<\/p>\n<p><em>Mise \u00e0 jour du 2 septembre : Tadej Poga\u010dar a finalement abandonn\u00e9 sur chute lors de la 8e \u00e9tape \u2014 voir l\u2019encart en haut de page.<\/em><\/p>\n<h2>Sur quelle cha\u00eene voir la Vuelta 2026 en France ?<\/h2>\n<p>En France, la Vuelta 2026 est diffus\u00e9e sur les cha\u00eenes <strong>Eurosport 1 et Eurosport 2<\/strong>. Ces m\u00eames cha\u00eenes sont accessibles en streaming via l\u2019option Sport de <strong>HBO Max<\/strong>, dont la plateforme annonce elle-m\u00eame la diffusion du Tour d\u2019Espagne.<\/p>\n<p>\u00c0 la date de publication de cet article, aucune diffusion en clair sur une cha\u00eene gratuite fran\u00e7aise n\u2019a \u00e9t\u00e9 annonc\u00e9e. Les horaires de prise d\u2019antenne \u00e9tape par \u00e9tape ne sont pas encore publi\u00e9s : ils sont g\u00e9n\u00e9ralement communiqu\u00e9s par le diffuseur dans les jours pr\u00e9c\u00e9dant le d\u00e9part, il vaut donc mieux les v\u00e9rifier sur la grille d\u2019Eurosport au moment voulu plut\u00f4t que de se fier \u00e0 une estimation.<\/p>\n<h2>Questions fr\u00e9quentes<\/h2>\n<details>\n<summary>Qui a gagn\u00e9 la 13e \u00e9tape de la Vuelta 2026 ?<\/summary>\n<p>Wout van Aert (Team Visma | Lease a Bike) a remport\u00e9 la 13e \u00e9tape, disput\u00e9e le vendredi 4 septembre 2026 entre Almu\u00f1\u00e9car et Loja sur 192,8 km. Il a devanc\u00e9 au sprint le Fran\u00e7ais Valentin Paret-Peintre (Soudal Quick-Step), cr\u00e9dit\u00e9 du m\u00eame temps, et son co\u00e9quipier Matthew Brennan, troisi\u00e8me \u00e0 24\u2033. C\u2019est sa premi\u00e8re victoire d\u2019\u00e9tape sur cette \u00e9dition.<\/p>\n<\/details>\n<details>\n<summary>Qui porte le maillot rouge de la Vuelta 2026 au 4 septembre ?<\/summary>\n<p>L\u2019Espagnol Enric Mas (Movistar Team) est en t\u00eate du classement g\u00e9n\u00e9ral \u00e0 l\u2019issue de la 13e \u00e9tape, en 45 h 08\u2032\u00a051\u2033. Il devance Primo\u017e Rogli\u010d de 1\u2032\u00a045\u2033 et Felix Gall de 2\u2032\u00a006\u2033. Il porte le maillot rouge depuis l\u2019abandon de Tadej Poga\u010dar, tomb\u00e9 lors de la 8e \u00e9tape le 29 ao\u00fbt.<\/p>\n<\/details>\n<details>\n<summary>Quand a lieu la Vuelta 2026 et combien d\u2019\u00e9tapes compte-t-elle ?<\/summary>\n<p>La Vuelta 2026 se d\u00e9roule du samedi 22 ao\u00fbt au dimanche 13 septembre 2026. Elle compte 21 \u00e9tapes pour 3 275 km, avec deux journ\u00e9es de repos, les 31 ao\u00fbt et 7 septembre.<\/p>\n<\/details>\n<details>\n<summary>O\u00f9 part la Vuelta 2026 et quel est le format de la premi\u00e8re \u00e9tape ?<\/summary>\n<p>Le grand d\u00e9part a lieu \u00e0 Monaco, Place du Casino de Monte-Carlo. La premi\u00e8re \u00e9tape est un contre-la-montre individuel de 9,4 km disput\u00e9 dans les rues de la Principaut\u00e9 : fermeture du trac\u00e9 \u00e0 12h, reconnaissance des coureurs de 13h \u00e0 15h, d\u00e9part du premier coureur \u00e0 16h00 et arriv\u00e9e du dernier coureur \u00e0 19h30.<\/p>\n<\/details>\n<details>\n<summary>Quelles \u00e9tapes de la Vuelta 2026 passent en France ?<\/summary>\n<p>Deux \u00e9tapes se courent sur le sol fran\u00e7ais : Monaco \u2013 Manosque (214,3 km) le dimanche 23 ao\u00fbt, et Gruissan, dans l\u2019Aude, vers Font-Romeu, dans les Pyr\u00e9n\u00e9es-Orientales (174 km), le lundi 24 ao\u00fbt. La course bascule ensuite en Andorre le 25 ao\u00fbt.<\/p>\n<\/details>\n<p><script type=\"application\/ld+json\">{\"@context\":\"https:\/\/schema.org\",\"@type\":\"FAQPage\",\"mainEntity\":[{\"@type\":\"Question\",\"name\":\"Qui a gagn\u00e9 la 13e \u00e9tape de la Vuelta 2026 ?\",\"acceptedAnswer\":{\"@type\":\"Answer\",\"text\":\"Wout van Aert (Team Visma | Lease a Bike) a remport\u00e9 la 13e \u00e9tape, disput\u00e9e le vendredi 4 septembre 2026 entre Almu\u00f1\u00e9car et Loja sur 192,8 km. Il a devanc\u00e9 au sprint le Fran\u00e7ais Valentin Paret-Peintre (Soudal Quick-Step), cr\u00e9dit\u00e9 du m\u00eame temps, et son co\u00e9quipier Matthew Brennan, troisi\u00e8me \u00e0 24\u2033. C\u2019est sa premi\u00e8re victoire d\u2019\u00e9tape sur cette \u00e9dition.\"}},{\"@type\":\"Question\",\"name\":\"Qui porte le maillot rouge de la Vuelta 2026 au 4 septembre ?\",\"acceptedAnswer\":{\"@type\":\"Answer\",\"text\":\"L\u2019Espagnol Enric Mas (Movistar Team) est en t\u00eate du classement g\u00e9n\u00e9ral \u00e0 l\u2019issue de la 13e \u00e9tape, en 45 h 08\u2032\u00a051\u2033. Il devance Primo\u017e Rogli\u010d de 1\u2032\u00a045\u2033 et Felix Gall de 2\u2032\u00a006\u2033. Il porte le maillot rouge depuis l\u2019abandon de Tadej Poga\u010dar, tomb\u00e9 lors de la 8e \u00e9tape le 29 ao\u00fbt.\"}},{\"@type\":\"Question\",\"name\":\"Quand a lieu la Vuelta 2026 et combien d\u2019\u00e9tapes compte-t-elle ?\",\"acceptedAnswer\":{\"@type\":\"Answer\",\"text\":\"La Vuelta 2026 se d\u00e9roule du samedi 22 ao\u00fbt au dimanche 13 septembre 2026. Elle compte 21 \u00e9tapes pour 3 275 km, avec deux journ\u00e9es de repos, les 31 ao\u00fbt et 7 septembre.\"}},{\"@type\":\"Question\",\"name\":\"O\u00f9 part la Vuelta 2026 et quel est le format de la premi\u00e8re \u00e9tape ?\",\"acceptedAnswer\":{\"@type\":\"Answer\",\"text\":\"Le grand d\u00e9part a lieu \u00e0 Monaco, Place du Casino de Monte-Carlo. La premi\u00e8re \u00e9tape est un contre-la-montre individuel de 9,4 km disput\u00e9 dans les rues de la Principaut\u00e9 : fermeture du trac\u00e9 \u00e0 12h, reconnaissance des coureurs de 13h \u00e0 15h, d\u00e9part du premier coureur \u00e0 16h00 et arriv\u00e9e du dernier coureur \u00e0 19h30.\"}},{\"@type\":\"Question\",\"name\":\"Quelles \u00e9tapes de la Vuelta 2026 passent en France ?\",\"acceptedAnswer\":{\"@type\":\"Answer\",\"text\":\"Deux \u00e9tapes se courent sur le sol fran\u00e7ais : Monaco \u2013 Manosque (214,3 km) le dimanche 23 ao\u00fbt, et Gruissan, dans l\u2019Aude, vers Font-Romeu, dans les Pyr\u00e9n\u00e9es-Orientales (174 km), le lundi 24 ao\u00fbt. La course bascule ensuite en Andorre le 25 ao\u00fbt.\"}}]}<\/script><\/p>\n<h2>\u00c0 retenir<\/h2>\n<ul>\n<li>D\u00e9part le <strong>samedi 22 ao\u00fbt 2026<\/strong> \u00e0 Monaco, chrono individuel de 9,4 km, premier coureur \u00e0 16h00, trac\u00e9 ferm\u00e9 d\u00e8s 12h.<\/li>\n<li>Deux \u00e9tapes en France les 23 et 24 ao\u00fbt : Monaco \u2013 Manosque (214,3 km) et Gruissan \u2013 Font-Romeu (174 km).<\/li>\n<li>21 \u00e9tapes, 3 275 km, quatre pays travers\u00e9s, arriv\u00e9e \u00e0 Grenade le <strong>dimanche 13 septembre<\/strong>.<\/li>\n<li>Diffusion sur Eurosport 1 et Eurosport 2, en streaming via l\u2019option Sport de HBO Max.<\/li>\n<li>Au soir du <strong>vendredi 4 septembre<\/strong>, 13e \u00e9tape : victoire de <strong>Wout van Aert<\/strong> \u00e0 Loja devant <strong>Valentin Paret-Peintre<\/strong> ; <strong>Enric Mas<\/strong> garde le maillot rouge avec 1\u2032\u00a045\u2033 d\u2019avance sur Primo\u017e Rogli\u010d. Il reste huit \u00e9tapes.<\/li>\n<\/ul>\n<p>Sources officielles : <a href=\"https:\/\/www.lavuelta.es\/en\/overall-route\" rel=\"nofollow\" target=\"_blank\">le parcours officiel de La Vuelta 2026<\/a> et <a href=\"https:\/\/lavueltamonaco.gouv.mc\/calendrier\/etape-1\" rel=\"nofollow\" target=\"_blank\">la page de l\u2019\u00e9tape 1 du gouvernement princier de Monaco<\/a>. R\u00e9sultats et classements du 4 septembre : <a href=\"https:\/\/www.lavuelta.es\/fr\/classements\/etape-13\" rel=\"nofollow\" target=\"_blank\">les classements officiels apr\u00e8s la 13e \u00e9tape<\/a>.<\/p>\n","protected":false},"excerpt":{"rendered":"","protected":false},"author":39,"featured_media":18323,"comment_status":"open","ping_status":"open","sticky":false,"template":"","format":"standard","meta":{"_acf_changed":false,"manual_indexmenow":false,"indexmenow_id_project":0,"footnotes":""},"categories":[4523],"tags":[],"class_list":["post-18322","post","type-post","status-publish","format-standard","has-post-thumbnail","hentry","category-evenements-et-competitions","generate-columns","tablet-grid-50","mobile-grid-100","grid-parent","grid-25"],"acf":[],"yoast_head":"<!-- This site is optimized with the Yoast SEO Premium plugin v21.3 (Yoast SEO v26.5) - https:\/\/yoast.com\/wordpress\/plugins\/seo\/ -->\n<title>Vuelta 2026 : d\u00e9part de Monaco, \u00e9tapes en France et TV<\/title>\n<meta name=\"description\" content=\"Vuelta 2026 : Wout van Aert gagne la 13e \u00e9tape \u00e0 Loja devant Valentin Paret-Peintre, Enric Mas garde le maillot rouge. Parcours, \u00e9tapes en France et TV.\" \/>\n<meta name=\"robots\" content=\"index, follow, max-snippet:-1, max-image-preview:large, max-video-preview:-1\" \/>\n<link rel=\"canonical\" href=\"https:\/\/sport-index.fr\/blog\/evenements-et-competitions\/vuelta-2026-grand-depart-de-monaco-etapes-en-france-et-diffusion-tv\/\" \/>\n<meta property=\"og:locale\" content=\"fr_FR\" \/>\n<meta property=\"og:type\" content=\"article\" \/>\n<meta property=\"og:title\" content=\"Vuelta 2026 : d\u00e9part de Monaco, \u00e9tapes en France et TV\" \/>\n<meta property=\"og:description\" content=\"Vuelta 2026 : Wout van Aert gagne la 13e \u00e9tape \u00e0 Loja devant Valentin Paret-Peintre, Enric Mas garde le maillot rouge. Parcours, \u00e9tapes en France et TV.\" \/>\n<meta property=\"og:url\" content=\"https:\/\/sport-index.fr\/blog\/evenements-et-competitions\/vuelta-2026-grand-depart-de-monaco-etapes-en-france-et-diffusion-tv\/\" \/>\n<meta property=\"og:site_name\" content=\"sport-index\" \/>\n<meta property=\"og:image\" content=\"https:\/\/sport-index.fr\/blog\/wp-content\/uploads\/2026\/08\/vuelta-2026-course-cycliste-urbaine-scaled.jpg\" \/>\n<meta name=\"author\" content=\"Lucas Moreau\" \/>\n<meta name=\"twitter:card\" content=\"summary_large_image\" \/>\n<meta name=\"twitter:image\" content=\"https:\/\/sport-index.fr\/blog\/wp-content\/uploads\/2026\/08\/vuelta-2026-course-cycliste-urbaine-scaled.jpg\" \/>\n<script type=\"application\/ld+json\" class=\"yoast-schema-graph\">{\"@context\":\"https:\/\/schema.org\",\"@graph\":[{\"@type\":\"NewsArticle\",\"@id\":\"https:\/\/sport-index.fr\/blog\/evenements-et-competitions\/vuelta-2026-grand-depart-de-monaco-etapes-en-france-et-diffusion-tv\/#article\",\"isPartOf\":{\"@id\":\"https:\/\/sport-index.fr\/blog\/evenements-et-competitions\/vuelta-2026-grand-depart-de-monaco-etapes-en-france-et-diffusion-tv\/\"},\"author\":{\"name\":\"Lucas Moreau\",\"@id\":\"https:\/\/sport-index.fr\/blog\/#\/schema\/person\/51382fb0b3e562f2d8b7b16213248735\"},\"headline\":\"Vuelta 2026 : grand d\u00e9part de Monaco, \u00e9tapes en France et diffusion TV\",\"datePublished\":\"2026-08-17T16:59:57+00:00\",\"dateModified\":\"2026-09-04T17:59:06+00:00\",\"mainEntityOfPage\":{\"@id\":\"https:\/\/sport-index.fr\/blog\/evenements-et-competitions\/vuelta-2026-grand-depart-de-monaco-etapes-en-france-et-diffusion-tv\/\"},\"wordCount\":2407,\"commentCount\":0,\"publisher\":{\"@id\":\"https:\/\/sport-index.fr\/blog\/#organization\"},\"image\":{\"@id\":\"https:\/\/sport-index.fr\/blog\/evenements-et-competitions\/vuelta-2026-grand-depart-de-monaco-etapes-en-france-et-diffusion-tv\/#primaryimage\"},\"thumbnailUrl\":\"https:\/\/sport-index.fr\/blog\/wp-content\/uploads\/2026\/08\/vuelta-2026-course-cycliste-urbaine-scaled.jpg\",\"articleSection\":[\"\u00c9v\u00e9nements et Comp\u00e9titions\"],\"inLanguage\":\"fr-FR\",\"potentialAction\":[{\"@type\":\"CommentAction\",\"name\":\"Comment\",\"target\":[\"https:\/\/sport-index.fr\/blog\/evenements-et-competitions\/vuelta-2026-grand-depart-de-monaco-etapes-en-france-et-diffusion-tv\/#respond\"]}]},{\"@type\":\"WebPage\",\"@id\":\"https:\/\/sport-index.fr\/blog\/evenements-et-competitions\/vuelta-2026-grand-depart-de-monaco-etapes-en-france-et-diffusion-tv\/\",\"url\":\"https:\/\/sport-index.fr\/blog\/evenements-et-competitions\/vuelta-2026-grand-depart-de-monaco-etapes-en-france-et-diffusion-tv\/\",\"name\":\"Vuelta 2026 : d\u00e9part de Monaco, \u00e9tapes en France et TV\",\"isPartOf\":{\"@id\":\"https:\/\/sport-index.fr\/blog\/#website\"},\"primaryImageOfPage\":{\"@id\":\"https:\/\/sport-index.fr\/blog\/evenements-et-competitions\/vuelta-2026-grand-depart-de-monaco-etapes-en-france-et-diffusion-tv\/#primaryimage\"},\"image\":{\"@id\":\"https:\/\/sport-index.fr\/blog\/evenements-et-competitions\/vuelta-2026-grand-depart-de-monaco-etapes-en-france-et-diffusion-tv\/#primaryimage\"},\"thumbnailUrl\":\"https:\/\/sport-index.fr\/blog\/wp-content\/uploads\/2026\/08\/vuelta-2026-course-cycliste-urbaine-scaled.jpg\",\"datePublished\":\"2026-08-17T16:59:57+00:00\",\"dateModified\":\"2026-09-04T17:59:06+00:00\",\"description\":\"Vuelta 2026 : Wout van Aert gagne la 13e \u00e9tape \u00e0 Loja devant Valentin Paret-Peintre, Enric Mas garde le maillot rouge. Parcours, \u00e9tapes en France et TV.\",\"inLanguage\":\"fr-FR\",\"potentialAction\":[{\"@type\":\"ReadAction\",\"target\":[\"https:\/\/sport-index.fr\/blog\/evenements-et-competitions\/vuelta-2026-grand-depart-de-monaco-etapes-en-france-et-diffusion-tv\/\"]}]},{\"@type\":\"ImageObject\",\"inLanguage\":\"fr-FR\",\"@id\":\"https:\/\/sport-index.fr\/blog\/evenements-et-competitions\/vuelta-2026-grand-depart-de-monaco-etapes-en-france-et-diffusion-tv\/#primaryimage\",\"url\":\"https:\/\/sport-index.fr\/blog\/wp-content\/uploads\/2026\/08\/vuelta-2026-course-cycliste-urbaine-scaled.jpg\",\"contentUrl\":\"https:\/\/sport-index.fr\/blog\/wp-content\/uploads\/2026\/08\/vuelta-2026-course-cycliste-urbaine-scaled.jpg\",\"width\":1200,\"height\":800,\"caption\":\"Coureurs cyclistes en pleine course dans les rues d\u2019une ville, \u00e0 l\u2019image du contre-la-montre d\u2019ouverture de la Vuelta 2026 \u00e0 Monaco.\"},{\"@type\":\"WebSite\",\"@id\":\"https:\/\/sport-index.fr\/blog\/#website\",\"url\":\"https:\/\/sport-index.fr\/blog\/\",\"name\":\"sport-index.fr\",\"description\":\"Le score de l\u2019analyse sportive.\",\"publisher\":{\"@id\":\"https:\/\/sport-index.fr\/blog\/#organization\"},\"alternateName\":\"Le score de l\u2019analyse sportive.\",\"potentialAction\":[{\"@type\":\"SearchAction\",\"target\":{\"@type\":\"EntryPoint\",\"urlTemplate\":\"https:\/\/sport-index.fr\/blog\/?s={search_term_string}\"},\"query-input\":{\"@type\":\"PropertyValueSpecification\",\"valueRequired\":true,\"valueName\":\"search_term_string\"}}],\"inLanguage\":\"fr-FR\"},{\"@type\":\"Organization\",\"@id\":\"https:\/\/sport-index.fr\/blog\/#organization\",\"name\":\"Foretsensations.fr\",\"url\":\"https:\/\/sport-index.fr\/blog\/\",\"logo\":{\"@type\":\"ImageObject\",\"inLanguage\":\"fr-FR\",\"@id\":\"https:\/\/sport-index.fr\/blog\/#\/schema\/logo\/image\/\",\"url\":\"https:\/\/sport-index.fr\/blog\/wp-content\/uploads\/2026\/07\/logo-auto.png\",\"contentUrl\":\"https:\/\/sport-index.fr\/blog\/wp-content\/uploads\/2026\/07\/logo-auto.png\",\"width\":1024,\"height\":1024,\"caption\":\"Foretsensations.fr\"},\"image\":{\"@id\":\"https:\/\/sport-index.fr\/blog\/#\/schema\/logo\/image\/\"}},{\"@type\":\"Person\",\"@id\":\"https:\/\/sport-index.fr\/blog\/#\/schema\/person\/51382fb0b3e562f2d8b7b16213248735\",\"name\":\"Lucas Moreau\",\"image\":{\"@type\":\"ImageObject\",\"inLanguage\":\"fr-FR\",\"@id\":\"https:\/\/sport-index.fr\/blog\/#\/schema\/person\/image\/\",\"url\":\"https:\/\/secure.gravatar.com\/avatar\/?s=96&d=mm&r=g\",\"contentUrl\":\"https:\/\/secure.gravatar.com\/avatar\/?s=96&d=mm&r=g\",\"caption\":\"Lucas Moreau\"},\"description\":\"Journaliste sportif avec plus de 15 ans d\u2019exp\u00e9rience couvrant divers sports tels que le football, le basket-ball, et le tennis. Lucas offre des analyses approfondies, des interviews exclusives et des reportages sur les grands \u00e9v\u00e9nements sportifs.\",\"url\":\"https:\/\/sport-index.fr\/blog\/auteur\/lucas-moreau\/\"}]}<\/script>\n<!-- \/ Yoast SEO Premium plugin. -->","yoast_head_json":{"title":"Vuelta 2026 : d\u00e9part de Monaco, \u00e9tapes en France et TV","description":"Vuelta 2026 : Wout van Aert gagne la 13e \u00e9tape \u00e0 Loja devant Valentin Paret-Peintre, Enric Mas garde le maillot rouge. Parcours, \u00e9tapes en France et TV.","robots":{"index":"index","follow":"follow","max-snippet":"max-snippet:-1","max-image-preview":"max-image-preview:large","max-video-preview":"max-video-preview:-1"},"canonical":"https:\/\/sport-index.fr\/blog\/evenements-et-competitions\/vuelta-2026-grand-depart-de-monaco-etapes-en-france-et-diffusion-tv\/","og_locale":"fr_FR","og_type":"article","og_title":"Vuelta 2026 : d\u00e9part de Monaco, \u00e9tapes en France et TV","og_description":"Vuelta 2026 : Wout van Aert gagne la 13e \u00e9tape \u00e0 Loja devant Valentin Paret-Peintre, Enric Mas garde le maillot rouge. Parcours, \u00e9tapes en France et TV.","og_url":"https:\/\/sport-index.fr\/blog\/evenements-et-competitions\/vuelta-2026-grand-depart-de-monaco-etapes-en-france-et-diffusion-tv\/","og_site_name":"sport-index","og_image":[{"url":"https:\/\/sport-index.fr\/blog\/wp-content\/uploads\/2026\/08\/vuelta-2026-course-cycliste-urbaine-scaled.jpg","type":"","width":"","height":""}],"author":"Lucas Moreau","twitter_card":"summary_large_image","twitter_image":"https:\/\/sport-index.fr\/blog\/wp-content\/uploads\/2026\/08\/vuelta-2026-course-cycliste-urbaine-scaled.jpg","schema":{"@context":"https:\/\/schema.org","@graph":[{"@type":"NewsArticle","@id":"https:\/\/sport-index.fr\/blog\/evenements-et-competitions\/vuelta-2026-grand-depart-de-monaco-etapes-en-france-et-diffusion-tv\/#article","isPartOf":{"@id":"https:\/\/sport-index.fr\/blog\/evenements-et-competitions\/vuelta-2026-grand-depart-de-monaco-etapes-en-france-et-diffusion-tv\/"},"author":{"name":"Lucas Moreau","@id":"https:\/\/sport-index.fr\/blog\/#\/schema\/person\/51382fb0b3e562f2d8b7b16213248735"},"headline":"Vuelta 2026 : grand d\u00e9part de Monaco, \u00e9tapes en France et diffusion TV","datePublished":"2026-08-17T16:59:57+00:00","dateModified":"2026-09-04T17:59:06+00:00","mainEntityOfPage":{"@id":"https:\/\/sport-index.fr\/blog\/evenements-et-competitions\/vuelta-2026-grand-depart-de-monaco-etapes-en-france-et-diffusion-tv\/"},"wordCount":2407,"commentCount":0,"publisher":{"@id":"https:\/\/sport-index.fr\/blog\/#organization"},"image":{"@id":"https:\/\/sport-index.fr\/blog\/evenements-et-competitions\/vuelta-2026-grand-depart-de-monaco-etapes-en-france-et-diffusion-tv\/#primaryimage"},"thumbnailUrl":"https:\/\/sport-index.fr\/blog\/wp-content\/uploads\/2026\/08\/vuelta-2026-course-cycliste-urbaine-scaled.jpg","articleSection":["\u00c9v\u00e9nements et Comp\u00e9titions"],"inLanguage":"fr-FR","potentialAction":[{"@type":"CommentAction","name":"Comment","target":["https:\/\/sport-index.fr\/blog\/evenements-et-competitions\/vuelta-2026-grand-depart-de-monaco-etapes-en-france-et-diffusion-tv\/#respond"]}]},{"@type":"WebPage","@id":"https:\/\/sport-index.fr\/blog\/evenements-et-competitions\/vuelta-2026-grand-depart-de-monaco-etapes-en-france-et-diffusion-tv\/","url":"https:\/\/sport-index.fr\/blog\/evenements-et-competitions\/vuelta-2026-grand-depart-de-monaco-etapes-en-france-et-diffusion-tv\/","name":"Vuelta 2026 : d\u00e9part de Monaco, \u00e9tapes en France et TV","isPartOf":{"@id":"https:\/\/sport-index.fr\/blog\/#website"},"primaryImageOfPage":{"@id":"https:\/\/sport-index.fr\/blog\/evenements-et-competitions\/vuelta-2026-grand-depart-de-monaco-etapes-en-france-et-diffusion-tv\/#primaryimage"},"image":{"@id":"https:\/\/sport-index.fr\/blog\/evenements-et-competitions\/vuelta-2026-grand-depart-de-monaco-etapes-en-france-et-diffusion-tv\/#primaryimage"},"thumbnailUrl":"https:\/\/sport-index.fr\/blog\/wp-content\/uploads\/2026\/08\/vuelta-2026-course-cycliste-urbaine-scaled.jpg","datePublished":"2026-08-17T16:59:57+00:00","dateModified":"2026-09-04T17:59:06+00:00","description":"Vuelta 2026 : Wout van Aert gagne la 13e \u00e9tape \u00e0 Loja devant Valentin Paret-Peintre, Enric Mas garde le maillot rouge. Parcours, \u00e9tapes en France et TV.","inLanguage":"fr-FR","potentialAction":[{"@type":"ReadAction","target":["https:\/\/sport-index.fr\/blog\/evenements-et-competitions\/vuelta-2026-grand-depart-de-monaco-etapes-en-france-et-diffusion-tv\/"]}]},{"@type":"ImageObject","inLanguage":"fr-FR","@id":"https:\/\/sport-index.fr\/blog\/evenements-et-competitions\/vuelta-2026-grand-depart-de-monaco-etapes-en-france-et-diffusion-tv\/#primaryimage","url":"https:\/\/sport-index.fr\/blog\/wp-content\/uploads\/2026\/08\/vuelta-2026-course-cycliste-urbaine-scaled.jpg","contentUrl":"https:\/\/sport-index.fr\/blog\/wp-content\/uploads\/2026\/08\/vuelta-2026-course-cycliste-urbaine-scaled.jpg","width":1200,"height":800,"caption":"Coureurs cyclistes en pleine course dans les rues d\u2019une ville, \u00e0 l\u2019image du contre-la-montre d\u2019ouverture de la Vuelta 2026 \u00e0 Monaco."},{"@type":"WebSite","@id":"https:\/\/sport-index.fr\/blog\/#website","url":"https:\/\/sport-index.fr\/blog\/","name":"sport-index.fr","description":"Le score de l\u2019analyse sportive.","publisher":{"@id":"https:\/\/sport-index.fr\/blog\/#organization"},"alternateName":"Le score de l\u2019analyse sportive.","potentialAction":[{"@type":"SearchAction","target":{"@type":"EntryPoint","urlTemplate":"https:\/\/sport-index.fr\/blog\/?s={search_term_string}"},"query-input":{"@type":"PropertyValueSpecification","valueRequired":true,"valueName":"search_term_string"}}],"inLanguage":"fr-FR"},{"@type":"Organization","@id":"https:\/\/sport-index.fr\/blog\/#organization","name":"Foretsensations.fr","url":"https:\/\/sport-index.fr\/blog\/","logo":{"@type":"ImageObject","inLanguage":"fr-FR","@id":"https:\/\/sport-index.fr\/blog\/#\/schema\/logo\/image\/","url":"https:\/\/sport-index.fr\/blog\/wp-content\/uploads\/2026\/07\/logo-auto.png","contentUrl":"https:\/\/sport-index.fr\/blog\/wp-content\/uploads\/2026\/07\/logo-auto.png","width":1024,"height":1024,"caption":"Foretsensations.fr"},"image":{"@id":"https:\/\/sport-index.fr\/blog\/#\/schema\/logo\/image\/"}},{"@type":"Person","@id":"https:\/\/sport-index.fr\/blog\/#\/schema\/person\/51382fb0b3e562f2d8b7b16213248735","name":"Lucas Moreau","image":{"@type":"ImageObject","inLanguage":"fr-FR","@id":"https:\/\/sport-index.fr\/blog\/#\/schema\/person\/image\/","url":"https:\/\/secure.gravatar.com\/avatar\/?s=96&d=mm&r=g","contentUrl":"https:\/\/secure.gravatar.com\/avatar\/?s=96&d=mm&r=g","caption":"Lucas Moreau"},"description":"Journaliste sportif avec plus de 15 ans d\u2019exp\u00e9rience couvrant divers sports tels que le football, le basket-ball, et le tennis. Lucas offre des analyses approfondies, des interviews exclusives et des reportages sur les grands \u00e9v\u00e9nements sportifs.","url":"https:\/\/sport-index.fr\/blog\/auteur\/lucas-moreau\/"}]}},"_links":{"self":[{"href":"https:\/\/sport-index.fr\/blog\/wp-json\/wp\/v2\/posts\/18322","targetHints":{"allow":["GET"]}}],"collection":[{"href":"https:\/\/sport-index.fr\/blog\/wp-json\/wp\/v2\/posts"}],"about":[{"href":"https:\/\/sport-index.fr\/blog\/wp-json\/wp\/v2\/types\/post"}],"author":[{"embeddable":true,"href":"https:\/\/sport-index.fr\/blog\/wp-json\/wp\/v2\/users\/39"}],"replies":[{"embeddable":true,"href":"https:\/\/sport-index.fr\/blog\/wp-json\/wp\/v2\/comments?post=18322"}],"version-history":[{"count":1,"href":"https:\/\/sport-index.fr\/blog\/wp-json\/wp\/v2\/posts\/18322\/revisions"}],"predecessor-version":[{"id":18505,"href":"https:\/\/sport-index.fr\/blog\/wp-json\/wp\/v2\/posts\/18322\/revisions\/18505"}],"wp:featuredmedia":[{"embeddable":true,"href":"https:\/\/sport-index.fr\/blog\/wp-json\/wp\/v2\/media\/18323"}],"wp:attachment":[{"href":"https:\/\/sport-index.fr\/blog\/wp-json\/wp\/v2\/media?parent=18322"}],"wp:term":[{"taxonomy":"category","embeddable":true,"href":"https:\/\/sport-index.fr\/blog\/wp-json\/wp\/v2\/categories?post=18322"},{"taxonomy":"post_tag","embeddable":true,"href":"https:\/\/sport-index.fr\/blog\/wp-json\/wp\/v2\/tags?post=18322"}],"curies":[{"name":"wp","href":"https:\/\/api.w.org\/{rel}","templated":true}]}}