{"id":18325,"date":"2026-08-28T12:59:09","date_gmt":"2026-08-28T10:59:09","guid":{"rendered":"https:\/\/sport-index.fr\/blog\/actualites-sportives\/mercato-fin-du-marche-mardi-1er-septembre-a-19h59-ce-quil-faut-savoir\/"},"modified":"2026-08-28T12:59:09","modified_gmt":"2026-08-28T10:59:09","slug":"mercato-fin-du-marche-mardi-1er-septembre-a-19h59-ce-quil-faut-savoir","status":"publish","type":"post","link":"https:\/\/sport-index.fr\/blog\/actualites-sportives\/mercato-fin-du-marche-mardi-1er-septembre-a-19h59-ce-quil-faut-savoir\/","title":{"rendered":"Mercato : fin du march\u00e9 mardi 1er septembre \u00e0 19h59, ce qu&rsquo;il faut savoir"},"content":{"rendered":"<p><strong>Le mercato estival de la Ligue 1 ferme ses portes le mardi 1er septembre 2026 \u00e0 19h59 pr\u00e9cises : pass\u00e9 cette heure, seuls les contrats enregistr\u00e9s aupr\u00e8s de la LFP sont valides, et plus aucun transfert payant n&rsquo;est possible avant janvier.<\/strong> Il reste donc moins de cinq jours aux clubs fran\u00e7ais pour boucler leurs derniers dossiers.<\/p>\n<div class=\"encart-bref\">\n<p><strong>En bref<\/strong><\/p>\n<ul>\n<li>Fermeture du march\u00e9 le <strong>1er septembre \u00e0 19h59<\/strong>, une date officialis\u00e9e par la LFP d\u00e8s le 21 mai.<\/li>\n<li>Seul <strong>l&rsquo;enregistrement aupr\u00e8s de la LFP<\/strong> avant l&rsquo;heure limite donne une valeur juridique au transfert.<\/li>\n<li>Le PSG a frapp\u00e9 fort en ao\u00fbt : <strong>Ferran Torres (environ 50 M\u20ac)<\/strong> et <strong>Mika Godts<\/strong> recrut\u00e9s.<\/li>\n<li>Apr\u00e8s la fermeture, un club peut encore signer des <strong>joueurs libres<\/strong> de tout contrat.<\/li>\n<\/ul>\n<\/div>\n<h2>Une deadline couperet : 19h59, pas une minute de plus<\/h2>\n<p>La r\u00e8gle est stricte : ce qui compte n&rsquo;est pas la poign\u00e9e de main, ni m\u00eame la signature, mais <strong>l&rsquo;enregistrement du contrat aupr\u00e8s de la Ligue de football professionnel avant le 1er septembre \u00e0 19h59<\/strong>. Un dossier transmis \u00e0 20h01 est refus\u00e9 \u2014 c&rsquo;est ce couperet qui produit chaque ann\u00e9e les fameux \u00ab deals de la derni\u00e8re heure \u00bb conclus dans la panique.<\/p>\n<p>Concr\u00e8tement, pour les supporters : les officialisations peuvent tomber jusque tard dans la soir\u00e9e de mardi, le temps que les clubs annoncent des accords enregistr\u00e9s in extremis.<\/p>\n<h2>Un \u00e9t\u00e9 au calendrier in\u00e9dit<\/h2>\n<p>D\u00e9tail que beaucoup ont rat\u00e9 : ce mercato 2026 s&rsquo;est d\u00e9roul\u00e9 <strong>en deux phases<\/strong>. Une premi\u00e8re fen\u00eatre du <strong>1er au 10 juin<\/strong>, une interruption pendant la <strong>Coupe du monde des clubs FIFA<\/strong> (du 14 juin au 13 juillet), puis la grande reprise depuis le <strong>14 juillet<\/strong>. C&rsquo;est cette seconde phase qui s&rsquo;ach\u00e8ve mardi.<\/p>\n<h2>Le PSG a sorti le ch\u00e9quier<\/h2>\n<p>C\u00f4t\u00e9 mouvements, le champion de France a anim\u00e9 le mois d&rsquo;ao\u00fbt : <strong>Ferran Torres<\/strong> a quitt\u00e9 le FC Barcelone pour Paris contre un montant proche de <strong>50 millions d&rsquo;euros<\/strong>, signant pour cinq saisons. Dans la foul\u00e9e, le PSG a officialis\u00e9 l&rsquo;arriv\u00e9e de l&rsquo;ailier belge <strong>Mika Godts<\/strong> (21 ans), en provenance de l&rsquo;Ajax Amsterdam, engag\u00e9 jusqu&rsquo;en 2031 \u2014 pour un montant rapport\u00e9 entre 45 et 55 M\u20ac selon les sources. Derri\u00e8re Paris, <strong>Lens et Lille<\/strong> comptent parmi les clubs les plus actifs du march\u00e9.<\/p>\n<h2>Les dates \u00e0 retenir<\/h2>\n<table>\n<thead>\n<tr>\n<th>\u00c9tape<\/th>\n<th>Date<\/th>\n<\/tr>\n<\/thead>\n<tbody>\n<tr>\n<td>Premi\u00e8re phase du mercato<\/td>\n<td>1er au 10 juin 2026<\/td>\n<\/tr>\n<tr>\n<td>Pause (Coupe du monde des clubs)<\/td>\n<td>14 juin au 13 juillet<\/td>\n<\/tr>\n<tr>\n<td>Seconde phase<\/td>\n<td>Depuis le 14 juillet<\/td>\n<\/tr>\n<tr>\n<td><strong>Fermeture d\u00e9finitive<\/strong><\/td>\n<td><strong>Mardi 1er septembre, 19h59<\/strong><\/td>\n<\/tr>\n<\/tbody>\n<\/table>\n<h2>Et apr\u00e8s le 1er septembre ?<\/h2>\n<p>Le march\u00e9 ferm\u00e9 ne signifie pas z\u00e9ro recrue. Deux portes restent ouvertes : les <strong>joueurs libres<\/strong> (sans contrat), qui peuvent s&rsquo;engager \u00e0 tout moment, et le <strong>mercato d&rsquo;hiver<\/strong> de janvier. Les clubs qui ont rat\u00e9 un dossier mardi soir se tourneront donc vers la liste des joueurs sans club \u2014 souvent une bonne affaire pour les budgets serr\u00e9s.<\/p>\n<blockquote>\n<p>Un transfert n&rsquo;existe que lorsqu&rsquo;il est enregistr\u00e9 \u00e0 la LFP : chaque ann\u00e9e, des deals annonc\u00e9s \u00ab faits \u00bb meurent \u00e0 quelques minutes de la deadline.<\/p>\n<\/blockquote>\n<p>Ce sprint final s&rsquo;annonce d&rsquo;autant plus anim\u00e9 que les clubs fran\u00e7ais connaissent d\u00e9sormais leurs adversaires europ\u00e9ens : le <a href=\"https:\/\/bestfootball.fr\/competitions-8436-tirage-de-la-ligue-des-champions-barcelone-et-city-pour-le-psg-le-baye\">tirage de la Ligue des champions<\/a> a distribu\u00e9 de sacr\u00e9es affiches, de quoi convaincre certains pr\u00e9sidents de recruter un dernier renfort.<\/p>\n<h2>FAQ<\/h2>\n<details>\n<summary>Quand ferme le mercato de Ligue 1 ?<\/summary>\n<p>Le mardi 1er septembre 2026 \u00e0 19h59. Seuls les contrats enregistr\u00e9s aupr\u00e8s de la LFP avant cette heure sont valides.<\/p>\n<\/details>\n<details>\n<summary>Un club peut-il recruter apr\u00e8s la fermeture ?<\/summary>\n<p>Oui, mais uniquement des joueurs libres de tout contrat. Pour un transfert payant, il faudra attendre le mercato d&rsquo;hiver en janvier.<\/p>\n<\/details>\n<details>\n<summary>Quels ont \u00e9t\u00e9 les gros transferts de cet \u00e9t\u00e9 en Ligue 1 ?<\/summary>\n<p>Le PSG a recrut\u00e9 Ferran Torres (environ 50 M\u20ac, FC Barcelone) et Mika Godts (Ajax Amsterdam, sign\u00e9 jusqu&rsquo;en 2031). Lens et Lille figurent aussi parmi les clubs les plus actifs.<\/p>\n<\/details>\n<h2>\u00c0 retenir<\/h2>\n<p>Rendez-vous <strong>mardi 1er septembre \u00e0 19h59<\/strong> : c&rsquo;est l&rsquo;heure exacte o\u00f9 le march\u00e9 des transferts s&rsquo;arr\u00eate. D&rsquo;ici l\u00e0, attendez-vous \u00e0 un feu d&rsquo;artifice d&rsquo;annonces \u2014 et m\u00e9fiez-vous des rumeurs : tant que la LFP n&rsquo;a pas enregistr\u00e9 le contrat, rien n&rsquo;est fait.<\/p>\n<p><em>Sources : <a href=\"https:\/\/www.pronor.fr\/date-mercato-ligue-1-ete-2026\/\" rel=\"nofollow\">Pronor<\/a>, <a href=\"https:\/\/canal-supporters.com\/mercato-le-psg-officialise-le-recrutement-de-mika-godts\/\" rel=\"nofollow\">Canal Supporters<\/a>, <a href=\"https:\/\/www.goal.com\/en\/news\/after-ferran-torres-paris-seal-a-new-deal\/bltea4306196ac0f42d\" rel=\"nofollow\">Goal<\/a>.<\/em><\/p>\n<p><script type=\"application\/ld+json\">{\"@context\":\"https:\/\/schema.org\",\"@type\":\"FAQPage\",\"mainEntity\":[{\"@type\":\"Question\",\"name\":\"Quand ferme le mercato de Ligue 1 ?\",\"acceptedAnswer\":{\"@type\":\"Answer\",\"text\":\"Le mardi 1er septembre 2026 \u00e0 19h59. Seuls les contrats enregistr\u00e9s aupr\u00e8s de la LFP avant cette heure sont valides.\"}},{\"@type\":\"Question\",\"name\":\"Un club peut-il recruter apr\u00e8s la fermeture ?\",\"acceptedAnswer\":{\"@type\":\"Answer\",\"text\":\"Oui, mais uniquement des joueurs libres de tout contrat. Pour un transfert payant, il faudra attendre le mercato d'hiver en janvier.\"}},{\"@type\":\"Question\",\"name\":\"Quels ont \u00e9t\u00e9 les gros transferts de cet \u00e9t\u00e9 en Ligue 1 ?\",\"acceptedAnswer\":{\"@type\":\"Answer\",\"text\":\"Le PSG a recrut\u00e9 Ferran Torres (environ 50 M\u20ac, FC Barcelone) et Mika Godts (Ajax Amsterdam, sign\u00e9 jusqu'en 2031). Lens et Lille figurent aussi parmi les clubs les plus actifs.\"}}]}<\/script><\/p>\n","protected":false},"excerpt":{"rendered":"","protected":false},"author":39,"featured_media":18326,"comment_status":"open","ping_status":"open","sticky":false,"template":"","format":"standard","meta":{"_acf_changed":false,"manual_indexmenow":false,"indexmenow_id_project":0,"footnotes":""},"categories":[4520],"tags":[],"class_list":["post-18325","post","type-post","status-publish","format-standard","has-post-thumbnail","hentry","category-actualites-sportives","generate-columns","tablet-grid-50","mobile-grid-100","grid-parent","grid-25"],"acf":[],"yoast_head":"<!-- This site is optimized with the Yoast SEO Premium plugin v21.3 (Yoast SEO v26.5) - https:\/\/yoast.com\/wordpress\/plugins\/seo\/ -->\n<title>Mercato Ligue 1 : clap de fin le 1er septembre \u00e0 19h59<\/title>\n<meta name=\"description\" content=\"Le mercato ferme mardi 1er septembre 2026 \u00e0 19h59 : seul l&#039;enregistrement LFP fait foi. Torres et Godts au PSG, joueurs libres encore recrutables apr\u00e8s.\" \/>\n<meta name=\"robots\" content=\"index, follow, max-snippet:-1, max-image-preview:large, max-video-preview:-1\" \/>\n<link rel=\"canonical\" href=\"https:\/\/sport-index.fr\/blog\/actualites-sportives\/mercato-fin-du-marche-mardi-1er-septembre-a-19h59-ce-quil-faut-savoir\/\" \/>\n<meta property=\"og:locale\" content=\"fr_FR\" \/>\n<meta property=\"og:type\" content=\"article\" \/>\n<meta property=\"og:title\" content=\"Mercato Ligue 1 : clap de fin le 1er septembre \u00e0 19h59\" \/>\n<meta property=\"og:description\" content=\"Le mercato ferme mardi 1er septembre 2026 \u00e0 19h59 : seul l&#039;enregistrement LFP fait foi. Torres et Godts au PSG, joueurs libres encore recrutables apr\u00e8s.\" \/>\n<meta property=\"og:url\" content=\"https:\/\/sport-index.fr\/blog\/actualites-sportives\/mercato-fin-du-marche-mardi-1er-septembre-a-19h59-ce-quil-faut-savoir\/\" \/>\n<meta property=\"og:site_name\" content=\"sport-index\" \/>\n<meta name=\"author\" content=\"Lucas Moreau\" \/>\n<meta name=\"twitter:card\" content=\"summary_large_image\" \/>\n<script type=\"application\/ld+json\" class=\"yoast-schema-graph\">{\"@context\":\"https:\/\/schema.org\",\"@graph\":[{\"@type\":\"NewsArticle\",\"@id\":\"https:\/\/sport-index.fr\/blog\/actualites-sportives\/mercato-fin-du-marche-mardi-1er-septembre-a-19h59-ce-quil-faut-savoir\/#article\",\"isPartOf\":{\"@id\":\"https:\/\/sport-index.fr\/blog\/actualites-sportives\/mercato-fin-du-marche-mardi-1er-septembre-a-19h59-ce-quil-faut-savoir\/\"},\"author\":{\"name\":\"Lucas Moreau\",\"@id\":\"https:\/\/sport-index.fr\/blog\/#\/schema\/person\/51382fb0b3e562f2d8b7b16213248735\"},\"headline\":\"Mercato : fin du march\u00e9 mardi 1er septembre \u00e0 19h59, ce qu&rsquo;il faut savoir\",\"datePublished\":\"2026-08-28T10:59:09+00:00\",\"mainEntityOfPage\":{\"@id\":\"https:\/\/sport-index.fr\/blog\/actualites-sportives\/mercato-fin-du-marche-mardi-1er-septembre-a-19h59-ce-quil-faut-savoir\/\"},\"wordCount\":718,\"commentCount\":0,\"publisher\":{\"@id\":\"https:\/\/sport-index.fr\/blog\/#organization\"},\"image\":{\"@id\":\"https:\/\/sport-index.fr\/blog\/actualites-sportives\/mercato-fin-du-marche-mardi-1er-septembre-a-19h59-ce-quil-faut-savoir\/#primaryimage\"},\"thumbnailUrl\":\"https:\/\/sport-index.fr\/blog\/wp-content\/uploads\/2026\/08\/img18325-scaled.jpg\",\"articleSection\":[\"Actualit\u00e9s Sportives\"],\"inLanguage\":\"fr-FR\",\"potentialAction\":[{\"@type\":\"CommentAction\",\"name\":\"Comment\",\"target\":[\"https:\/\/sport-index.fr\/blog\/actualites-sportives\/mercato-fin-du-marche-mardi-1er-septembre-a-19h59-ce-quil-faut-savoir\/#respond\"]}]},{\"@type\":\"WebPage\",\"@id\":\"https:\/\/sport-index.fr\/blog\/actualites-sportives\/mercato-fin-du-marche-mardi-1er-septembre-a-19h59-ce-quil-faut-savoir\/\",\"url\":\"https:\/\/sport-index.fr\/blog\/actualites-sportives\/mercato-fin-du-marche-mardi-1er-septembre-a-19h59-ce-quil-faut-savoir\/\",\"name\":\"Mercato Ligue 1 : clap de fin le 1er septembre \u00e0 19h59\",\"isPartOf\":{\"@id\":\"https:\/\/sport-index.fr\/blog\/#website\"},\"primaryImageOfPage\":{\"@id\":\"https:\/\/sport-index.fr\/blog\/actualites-sportives\/mercato-fin-du-marche-mardi-1er-septembre-a-19h59-ce-quil-faut-savoir\/#primaryimage\"},\"image\":{\"@id\":\"https:\/\/sport-index.fr\/blog\/actualites-sportives\/mercato-fin-du-marche-mardi-1er-septembre-a-19h59-ce-quil-faut-savoir\/#primaryimage\"},\"thumbnailUrl\":\"https:\/\/sport-index.fr\/blog\/wp-content\/uploads\/2026\/08\/img18325-scaled.jpg\",\"datePublished\":\"2026-08-28T10:59:09+00:00\",\"description\":\"Le mercato ferme mardi 1er septembre 2026 \u00e0 19h59 : seul l'enregistrement LFP fait foi. Torres et Godts au PSG, joueurs libres encore recrutables apr\u00e8s.\",\"inLanguage\":\"fr-FR\",\"potentialAction\":[{\"@type\":\"ReadAction\",\"target\":[\"https:\/\/sport-index.fr\/blog\/actualites-sportives\/mercato-fin-du-marche-mardi-1er-septembre-a-19h59-ce-quil-faut-savoir\/\"]}]},{\"@type\":\"ImageObject\",\"inLanguage\":\"fr-FR\",\"@id\":\"https:\/\/sport-index.fr\/blog\/actualites-sportives\/mercato-fin-du-marche-mardi-1er-septembre-a-19h59-ce-quil-faut-savoir\/#primaryimage\",\"url\":\"https:\/\/sport-index.fr\/blog\/wp-content\/uploads\/2026\/08\/img18325-scaled.jpg\",\"contentUrl\":\"https:\/\/sport-index.fr\/blog\/wp-content\/uploads\/2026\/08\/img18325-scaled.jpg\",\"width\":1200,\"height\":675},{\"@type\":\"WebSite\",\"@id\":\"https:\/\/sport-index.fr\/blog\/#website\",\"url\":\"https:\/\/sport-index.fr\/blog\/\",\"name\":\"sport-index.fr\",\"description\":\"Le score de l\u2019analyse sportive.\",\"publisher\":{\"@id\":\"https:\/\/sport-index.fr\/blog\/#organization\"},\"alternateName\":\"Le score de l\u2019analyse sportive.\",\"potentialAction\":[{\"@type\":\"SearchAction\",\"target\":{\"@type\":\"EntryPoint\",\"urlTemplate\":\"https:\/\/sport-index.fr\/blog\/?s={search_term_string}\"},\"query-input\":{\"@type\":\"PropertyValueSpecification\",\"valueRequired\":true,\"valueName\":\"search_term_string\"}}],\"inLanguage\":\"fr-FR\"},{\"@type\":\"Organization\",\"@id\":\"https:\/\/sport-index.fr\/blog\/#organization\",\"name\":\"Foretsensations.fr\",\"url\":\"https:\/\/sport-index.fr\/blog\/\",\"logo\":{\"@type\":\"ImageObject\",\"inLanguage\":\"fr-FR\",\"@id\":\"https:\/\/sport-index.fr\/blog\/#\/schema\/logo\/image\/\",\"url\":\"https:\/\/sport-index.fr\/blog\/wp-content\/uploads\/2026\/07\/logo-auto.png\",\"contentUrl\":\"https:\/\/sport-index.fr\/blog\/wp-content\/uploads\/2026\/07\/logo-auto.png\",\"width\":1024,\"height\":1024,\"caption\":\"Foretsensations.fr\"},\"image\":{\"@id\":\"https:\/\/sport-index.fr\/blog\/#\/schema\/logo\/image\/\"}},{\"@type\":\"Person\",\"@id\":\"https:\/\/sport-index.fr\/blog\/#\/schema\/person\/51382fb0b3e562f2d8b7b16213248735\",\"name\":\"Lucas Moreau\",\"image\":{\"@type\":\"ImageObject\",\"inLanguage\":\"fr-FR\",\"@id\":\"https:\/\/sport-index.fr\/blog\/#\/schema\/person\/image\/\",\"url\":\"https:\/\/secure.gravatar.com\/avatar\/?s=96&d=mm&r=g\",\"contentUrl\":\"https:\/\/secure.gravatar.com\/avatar\/?s=96&d=mm&r=g\",\"caption\":\"Lucas Moreau\"},\"description\":\"Journaliste sportif avec plus de 15 ans d\u2019exp\u00e9rience couvrant divers sports tels que le football, le basket-ball, et le tennis. Lucas offre des analyses approfondies, des interviews exclusives et des reportages sur les grands \u00e9v\u00e9nements sportifs.\",\"url\":\"https:\/\/sport-index.fr\/blog\/auteur\/lucas-moreau\/\"}]}<\/script>\n<!-- \/ Yoast SEO Premium plugin. -->","yoast_head_json":{"title":"Mercato Ligue 1 : clap de fin le 1er septembre \u00e0 19h59","description":"Le mercato ferme mardi 1er septembre 2026 \u00e0 19h59 : seul l'enregistrement LFP fait foi. Torres et Godts au PSG, joueurs libres encore recrutables apr\u00e8s.","robots":{"index":"index","follow":"follow","max-snippet":"max-snippet:-1","max-image-preview":"max-image-preview:large","max-video-preview":"max-video-preview:-1"},"canonical":"https:\/\/sport-index.fr\/blog\/actualites-sportives\/mercato-fin-du-marche-mardi-1er-septembre-a-19h59-ce-quil-faut-savoir\/","og_locale":"fr_FR","og_type":"article","og_title":"Mercato Ligue 1 : clap de fin le 1er septembre \u00e0 19h59","og_description":"Le mercato ferme mardi 1er septembre 2026 \u00e0 19h59 : seul l'enregistrement LFP fait foi. Torres et Godts au PSG, joueurs libres encore recrutables apr\u00e8s.","og_url":"https:\/\/sport-index.fr\/blog\/actualites-sportives\/mercato-fin-du-marche-mardi-1er-septembre-a-19h59-ce-quil-faut-savoir\/","og_site_name":"sport-index","author":"Lucas Moreau","twitter_card":"summary_large_image","schema":{"@context":"https:\/\/schema.org","@graph":[{"@type":"NewsArticle","@id":"https:\/\/sport-index.fr\/blog\/actualites-sportives\/mercato-fin-du-marche-mardi-1er-septembre-a-19h59-ce-quil-faut-savoir\/#article","isPartOf":{"@id":"https:\/\/sport-index.fr\/blog\/actualites-sportives\/mercato-fin-du-marche-mardi-1er-septembre-a-19h59-ce-quil-faut-savoir\/"},"author":{"name":"Lucas Moreau","@id":"https:\/\/sport-index.fr\/blog\/#\/schema\/person\/51382fb0b3e562f2d8b7b16213248735"},"headline":"Mercato : fin du march\u00e9 mardi 1er septembre \u00e0 19h59, ce qu&rsquo;il faut savoir","datePublished":"2026-08-28T10:59:09+00:00","mainEntityOfPage":{"@id":"https:\/\/sport-index.fr\/blog\/actualites-sportives\/mercato-fin-du-marche-mardi-1er-septembre-a-19h59-ce-quil-faut-savoir\/"},"wordCount":718,"commentCount":0,"publisher":{"@id":"https:\/\/sport-index.fr\/blog\/#organization"},"image":{"@id":"https:\/\/sport-index.fr\/blog\/actualites-sportives\/mercato-fin-du-marche-mardi-1er-septembre-a-19h59-ce-quil-faut-savoir\/#primaryimage"},"thumbnailUrl":"https:\/\/sport-index.fr\/blog\/wp-content\/uploads\/2026\/08\/img18325-scaled.jpg","articleSection":["Actualit\u00e9s Sportives"],"inLanguage":"fr-FR","potentialAction":[{"@type":"CommentAction","name":"Comment","target":["https:\/\/sport-index.fr\/blog\/actualites-sportives\/mercato-fin-du-marche-mardi-1er-septembre-a-19h59-ce-quil-faut-savoir\/#respond"]}]},{"@type":"WebPage","@id":"https:\/\/sport-index.fr\/blog\/actualites-sportives\/mercato-fin-du-marche-mardi-1er-septembre-a-19h59-ce-quil-faut-savoir\/","url":"https:\/\/sport-index.fr\/blog\/actualites-sportives\/mercato-fin-du-marche-mardi-1er-septembre-a-19h59-ce-quil-faut-savoir\/","name":"Mercato Ligue 1 : clap de fin le 1er septembre \u00e0 19h59","isPartOf":{"@id":"https:\/\/sport-index.fr\/blog\/#website"},"primaryImageOfPage":{"@id":"https:\/\/sport-index.fr\/blog\/actualites-sportives\/mercato-fin-du-marche-mardi-1er-septembre-a-19h59-ce-quil-faut-savoir\/#primaryimage"},"image":{"@id":"https:\/\/sport-index.fr\/blog\/actualites-sportives\/mercato-fin-du-marche-mardi-1er-septembre-a-19h59-ce-quil-faut-savoir\/#primaryimage"},"thumbnailUrl":"https:\/\/sport-index.fr\/blog\/wp-content\/uploads\/2026\/08\/img18325-scaled.jpg","datePublished":"2026-08-28T10:59:09+00:00","description":"Le mercato ferme mardi 1er septembre 2026 \u00e0 19h59 : seul l'enregistrement LFP fait foi. Torres et Godts au PSG, joueurs libres encore recrutables apr\u00e8s.","inLanguage":"fr-FR","potentialAction":[{"@type":"ReadAction","target":["https:\/\/sport-index.fr\/blog\/actualites-sportives\/mercato-fin-du-marche-mardi-1er-septembre-a-19h59-ce-quil-faut-savoir\/"]}]},{"@type":"ImageObject","inLanguage":"fr-FR","@id":"https:\/\/sport-index.fr\/blog\/actualites-sportives\/mercato-fin-du-marche-mardi-1er-septembre-a-19h59-ce-quil-faut-savoir\/#primaryimage","url":"https:\/\/sport-index.fr\/blog\/wp-content\/uploads\/2026\/08\/img18325-scaled.jpg","contentUrl":"https:\/\/sport-index.fr\/blog\/wp-content\/uploads\/2026\/08\/img18325-scaled.jpg","width":1200,"height":675},{"@type":"WebSite","@id":"https:\/\/sport-index.fr\/blog\/#website","url":"https:\/\/sport-index.fr\/blog\/","name":"sport-index.fr","description":"Le score de l\u2019analyse sportive.","publisher":{"@id":"https:\/\/sport-index.fr\/blog\/#organization"},"alternateName":"Le score de l\u2019analyse sportive.","potentialAction":[{"@type":"SearchAction","target":{"@type":"EntryPoint","urlTemplate":"https:\/\/sport-index.fr\/blog\/?s={search_term_string}"},"query-input":{"@type":"PropertyValueSpecification","valueRequired":true,"valueName":"search_term_string"}}],"inLanguage":"fr-FR"},{"@type":"Organization","@id":"https:\/\/sport-index.fr\/blog\/#organization","name":"Foretsensations.fr","url":"https:\/\/sport-index.fr\/blog\/","logo":{"@type":"ImageObject","inLanguage":"fr-FR","@id":"https:\/\/sport-index.fr\/blog\/#\/schema\/logo\/image\/","url":"https:\/\/sport-index.fr\/blog\/wp-content\/uploads\/2026\/07\/logo-auto.png","contentUrl":"https:\/\/sport-index.fr\/blog\/wp-content\/uploads\/2026\/07\/logo-auto.png","width":1024,"height":1024,"caption":"Foretsensations.fr"},"image":{"@id":"https:\/\/sport-index.fr\/blog\/#\/schema\/logo\/image\/"}},{"@type":"Person","@id":"https:\/\/sport-index.fr\/blog\/#\/schema\/person\/51382fb0b3e562f2d8b7b16213248735","name":"Lucas Moreau","image":{"@type":"ImageObject","inLanguage":"fr-FR","@id":"https:\/\/sport-index.fr\/blog\/#\/schema\/person\/image\/","url":"https:\/\/secure.gravatar.com\/avatar\/?s=96&d=mm&r=g","contentUrl":"https:\/\/secure.gravatar.com\/avatar\/?s=96&d=mm&r=g","caption":"Lucas Moreau"},"description":"Journaliste sportif avec plus de 15 ans d\u2019exp\u00e9rience couvrant divers sports tels que le football, le basket-ball, et le tennis. Lucas offre des analyses approfondies, des interviews exclusives et des reportages sur les grands \u00e9v\u00e9nements sportifs.","url":"https:\/\/sport-index.fr\/blog\/auteur\/lucas-moreau\/"}]}},"_links":{"self":[{"href":"https:\/\/sport-index.fr\/blog\/wp-json\/wp\/v2\/posts\/18325","targetHints":{"allow":["GET"]}}],"collection":[{"href":"https:\/\/sport-index.fr\/blog\/wp-json\/wp\/v2\/posts"}],"about":[{"href":"https:\/\/sport-index.fr\/blog\/wp-json\/wp\/v2\/types\/post"}],"author":[{"embeddable":true,"href":"https:\/\/sport-index.fr\/blog\/wp-json\/wp\/v2\/users\/39"}],"replies":[{"embeddable":true,"href":"https:\/\/sport-index.fr\/blog\/wp-json\/wp\/v2\/comments?post=18325"}],"version-history":[{"count":0,"href":"https:\/\/sport-index.fr\/blog\/wp-json\/wp\/v2\/posts\/18325\/revisions"}],"wp:featuredmedia":[{"embeddable":true,"href":"https:\/\/sport-index.fr\/blog\/wp-json\/wp\/v2\/media\/18326"}],"wp:attachment":[{"href":"https:\/\/sport-index.fr\/blog\/wp-json\/wp\/v2\/media?parent=18325"}],"wp:term":[{"taxonomy":"category","embeddable":true,"href":"https:\/\/sport-index.fr\/blog\/wp-json\/wp\/v2\/categories?post=18325"},{"taxonomy":"post_tag","embeddable":true,"href":"https:\/\/sport-index.fr\/blog\/wp-json\/wp\/v2\/tags?post=18325"}],"curies":[{"name":"wp","href":"https:\/\/api.w.org\/{rel}","templated":true}]}}