{"id":18327,"date":"2026-08-30T10:17:44","date_gmt":"2026-08-30T08:17:44","guid":{"rendered":"https:\/\/sport-index.fr\/blog\/actualites-sportives\/emilien-jacquelin-va-tourner-le-dos-au-biathlon-pour-2027-ce-que-revele-lequipe-sur-son-avenir-cycliste\/"},"modified":"2026-08-30T10:17:44","modified_gmt":"2026-08-30T08:17:44","slug":"emilien-jacquelin-va-tourner-le-dos-au-biathlon-pour-2027-ce-que-revele-lequipe-sur-son-avenir-cycliste","status":"publish","type":"post","link":"https:\/\/sport-index.fr\/blog\/actualites-sportives\/emilien-jacquelin-va-tourner-le-dos-au-biathlon-pour-2027-ce-que-revele-lequipe-sur-son-avenir-cycliste\/","title":{"rendered":"\u00c9milien Jacquelin va tourner le dos au biathlon pour 2027 : ce que r\u00e9v\u00e8le L&rsquo;\u00c9quipe sur son avenir cycliste"},"content":{"rendered":"<p style=\"font-size:18px;line-height:1.65;color:#1a1a1a;\"><strong>\u00c9milien Jacquelin ne devrait pas disputer la saison de biathlon 2026-2027 : selon L&rsquo;\u00c9quipe, le champion olympique du relais de Milan-Cortina veut rester dans le peloton cycliste en 2027, avec Decathlon CMA CGM ou ailleurs.<\/strong> L&rsquo;information, sortie jeudi 27 ao\u00fbt et reprise par Eurosport et Orange Sports, tombe au moment pr\u00e9cis o\u00f9 le staff de l&rsquo;\u00e9quipe de France lui avait demand\u00e9 de trancher : Simon Fourcade voulait une r\u00e9ponse avant la fin ao\u00fbt pour organiser la pr\u00e9paration. Voici ce que dit l&rsquo;info, ce que le principal int\u00e9ress\u00e9 a lui-m\u00eame laiss\u00e9 entendre \u00e0 Limoges, et ce qu&rsquo;il laisse derri\u00e8re lui.<\/p>\n<figure style=\"margin:24px auto;max-width:560px;\">\n<div style=\"position:relative;padding-bottom:56.25%;height:0;max-width:560px;margin:0 auto;\"><iframe src=\"https:\/\/www.youtube-nocookie.com\/embed\/ejLr7mYTPxA\" style=\"position:absolute;top:0;left:0;width:100%;height:100%;border:none;border-radius:12px;\" loading=\"lazy\" title=\"La Polynormande 2026 - R\u00e9sum\u00e9 - Premi\u00e8re course d'\u00c9milien Jacquelin et un final \" allowfullscreen><\/iframe><\/div><figcaption style=\"text-align:center;font-size:13px;color:#666;margin-top:8px;\">\u00ab La Polynormande 2026 &#8211; R\u00e9sum\u00e9 &#8211; Premi\u00e8re course d&rsquo;\u00c9milien Jacquelin et un final mouvement\u00e9 ! \u00bb \u2014 Cyclism&rsquo;Actu TV (56 000 de vues sur YouTube au 30\/08\/2026)<\/figcaption><\/figure>\n<div style=\"background:#E7F3EC;border:1px solid #15803D33;border-radius:14px;padding:20px 24px;margin:26px 0;font-family:-apple-system,BlinkMacSystemFont,'Segoe UI',Roboto,sans-serif;\">\n<div style=\"font-size:12px;font-weight:800;letter-spacing:.14em;text-transform:uppercase;color:#15803D;margin-bottom:12px;\">\u26a1 En bref<\/div>\n<ul style=\"margin:0;padding:0;list-style:none;font-size:15.5px;color:#1a1a1a;\">\n<li style=\"margin:0 0 8px;padding-left:24px;position:relative;line-height:1.5;\"><span style=\"position:absolute;left:0;color:#15803D;font-weight:800;\">\u25b8<\/span>Selon <strong>L&rsquo;\u00c9quipe<\/strong> (27 ao\u00fbt), Jacquelin <strong>fera l&rsquo;impasse sur la Coupe du monde de biathlon<\/strong>, qui d\u00e9bute le <strong>24 novembre \u00e0 Kontiolahti<\/strong> (Finlande), avec des Mondiaux en f\u00e9vrier \u00e0 <strong>Otep\u00e4\u00e4<\/strong> (Estonie).<\/li>\n<li style=\"margin:0 0 8px;padding-left:24px;position:relative;line-height:1.5;\"><span style=\"position:absolute;left:0;color:#15803D;font-weight:800;\">\u25b8<\/span>Il a rejoint l&rsquo;\u00e9quipe de d\u00e9veloppement <strong>Decathlon CMA CGM<\/strong> comme stagiaire le <strong>1er mai<\/strong>, quelques semaines apr\u00e8s ses <strong>deux m\u00e9dailles olympiques<\/strong> \u00e0 Milan-Cortina, dont l&rsquo;or du relais.<\/li>\n<li style=\"margin:0 0 8px;padding-left:24px;position:relative;line-height:1.5;\"><span style=\"position:absolute;left:0;color:#15803D;font-weight:800;\">\u25b8<\/span>Premi\u00e8re course pro \u00e0 la <strong>Polynormande<\/strong> mi-ao\u00fbt, puis <strong>52e du Tour du Limousin<\/strong> (18-21 ao\u00fbt) au service de son \u00e9quipier <strong>Noa Isidore<\/strong>, vainqueur de deux \u00e9tapes.<\/li>\n<li style=\"margin:0 0 8px;padding-left:24px;position:relative;line-height:1.5;\"><span style=\"position:absolute;left:0;color:#15803D;font-weight:800;\">\u25b8<\/span>Objectif 2027 : un contrat, chez Decathlon CMA CGM ou dans une \u00e9quipe Continentale\/ProTeam \u2014 <strong>TotalEnergies, Unibet Rose Rockets ou Van Rysel Roubaix<\/strong> sont cit\u00e9es.<\/li>\n<\/ul>\n<\/div>\n<div style=\"display:flex;flex-wrap:wrap;gap:12px;margin:24px 0;\">\n<div style=\"flex:1;min-width:120px;background:#fff;border:1px solid #e6e8ee;border-top:3px solid #15803D;border-radius:12px;padding:16px 18px;text-align:center;\">\n<div style=\"font-size:26px;font-weight:800;color:#15803D;line-height:1.1;letter-spacing:-.01em;\">52e<\/div>\n<div style=\"font-size:12.5px;color:#667085;margin-top:6px;line-height:1.3;\">au g\u00e9n\u00e9ral du Tour du Limousin-P\u00e9rigord-Nouvelle-Aquitaine (21 ao\u00fbt)<\/div>\n<\/div>\n<div style=\"flex:1;min-width:120px;background:#fff;border:1px solid #e6e8ee;border-top:3px solid #15803D;border-radius:12px;padding:16px 18px;text-align:center;\">\n<div style=\"font-size:26px;font-weight:800;color:#15803D;line-height:1.1;letter-spacing:-.01em;\">1er mai<\/div>\n<div style=\"font-size:12.5px;color:#667085;margin-top:6px;line-height:1.3;\">arriv\u00e9e comme stagiaire chez Decathlon CMA CGM Development<\/div>\n<\/div>\n<div style=\"flex:1;min-width:120px;background:#fff;border:1px solid #e6e8ee;border-top:3px solid #15803D;border-radius:12px;padding:16px 18px;text-align:center;\">\n<div style=\"font-size:26px;font-weight:800;color:#15803D;line-height:1.1;letter-spacing:-.01em;\">24 nov.<\/div>\n<div style=\"font-size:12.5px;color:#667085;margin-top:6px;line-height:1.3;\">ouverture de la Coupe du monde de biathlon \u00e0 Kontiolahti, sans lui<\/div>\n<\/div>\n<div style=\"flex:1;min-width:120px;background:#fff;border:1px solid #e6e8ee;border-top:3px solid #15803D;border-radius:12px;padding:16px 18px;text-align:center;\">\n<div style=\"font-size:26px;font-weight:800;color:#15803D;line-height:1.1;letter-spacing:-.01em;\">2<\/div>\n<div style=\"font-size:12.5px;color:#667085;margin-top:6px;line-height:1.3;\">titres mondiaux de la poursuite (Antholz 2020, Pokljuka 2021)<\/div>\n<\/div>\n<\/div>\n<h2 style=\"font-size:24px;line-height:1.25;margin:36px 0 14px;letter-spacing:-.01em;color:#1a1a1a;font-weight:800;\">Ce que L&rsquo;\u00c9quipe r\u00e9v\u00e8le, et ce qu&rsquo;il avait d\u00e9j\u00e0 dit \u00e0 Limoges<\/h2>\n<p style=\"font-size:16.5px;line-height:1.7;color:#2a2a2a;margin:0 0 16px;\">Le quotidien sportif \u00e9crit que Jacquelin \u00ab devrait rester dans les \u00e9quipes cyclistes en 2027 \u00bb et donc \u00ab zapper \u00bb la saison de Coupe du monde. Son objectif est de d\u00e9crocher un <strong>contrat pour 2027<\/strong>, soit au sein de l&rsquo;\u00e9quipe de d\u00e9veloppement Decathlon CMA CGM, soit dans une formation Continentale ou ProTeam. Eurosport pr\u00e9cise que son placement chez Decathlon est \u00ab difficile \u00bb malgr\u00e9 des prestations convaincantes, mais que des \u00e9quipes d&rsquo;\u00e9chelon inf\u00e9rieur y voient aussi un <u>atout marketing<\/u> \u2014 un champion olympique dans le peloton, cela ne court pas les routes.<\/p>\n<p style=\"font-size:16.5px;line-height:1.7;color:#2a2a2a;margin:0 0 16px;\">L&rsquo;int\u00e9ress\u00e9 n&rsquo;avait pas attendu la presse pour donner la direction. \u00c0 l&rsquo;arriv\u00e9e du Tour du Limousin, le 21 ao\u00fbt, il confiait \u00e0 Nordic Mag : \u00ab Je pense que je serai sur le v\u00e9lo un mois de plus \u00bb, annon\u00e7ant qu&rsquo;il encha\u00eenerait en septembre. Deux jours plus t\u00f4t, il expliquait n&rsquo;avoir \u00ab jamais rien l\u00e2ch\u00e9 \u00bb, m\u00eame apr\u00e8s une fracture de la clavicule.<\/p>\n<p style=\"font-size:16.5px;line-height:1.7;color:#2a2a2a;margin:0 0 16px;\">C\u00f4t\u00e9 biathlon, la fen\u00eatre est ferm\u00e9e de fait : le s\u00e9lectionneur <strong>Simon Fourcade<\/strong> avait fix\u00e9 la <strong>fin ao\u00fbt<\/strong> comme limite pour b\u00e2tir la pr\u00e9paration hivernale. Nous sommes le 30.<\/p>\n<blockquote style=\"margin:28px 0;padding:20px 26px;border-left:4px solid #15803D;background:#E7F3EC;border-radius:0 12px 12px 0;font-size:19px;line-height:1.5;font-style:italic;color:#1a1a1a;\"><p>\u00ab Je pense que je serai sur le v\u00e9lo un mois de plus. \u00bb<\/p>\n<div style=\"font-size:13px;color:#667085;margin-top:10px;font-style:normal;\">\u2014 \u00c9milien Jacquelin, \u00e0 l&rsquo;arriv\u00e9e du Tour du Limousin, Limoges, 21 ao\u00fbt 2026 (Nordic Mag)<\/div>\n<\/blockquote>\n<h2 style=\"font-size:24px;line-height:1.25;margin:36px 0 14px;letter-spacing:-.01em;color:#1a1a1a;font-weight:800;\">Ce qu&rsquo;il a montr\u00e9 sur le v\u00e9lo en trois semaines<\/h2>\n<p style=\"font-size:16.5px;line-height:1.7;color:#2a2a2a;margin:0 0 16px;\">Stagiaire depuis le 1er mai, Jacquelin a d&rsquo;abord couru en amateur avant sa <strong>premi\u00e8re course professionnelle<\/strong>, la <strong>Polynormande<\/strong>, mi-ao\u00fbt. Est venu ensuite le <strong>Tour du Limousin-P\u00e9rigord-Nouvelle-Aquitaine<\/strong> (18-21 ao\u00fbt) : <strong>52e<\/strong> du classement g\u00e9n\u00e9ral, mais surtout un <u>gros travail d&rsquo;\u00e9quipier<\/u> en t\u00eate de peloton pour son co\u00e9quipier <strong>Noa Isidore<\/strong>, auteur de deux victoires d&rsquo;\u00e9tape dont la derni\u00e8re \u00e0 Limoges. Aux <strong>Jeux m\u00e9diterran\u00e9ens<\/strong>, il a pris la <strong>14e place<\/strong> de la course en ligne, frein\u00e9 par un probl\u00e8me m\u00e9canique.<\/p>\n<p style=\"font-size:16.5px;line-height:1.7;color:#2a2a2a;margin:0 0 16px;\">Pour un lecteur qui conna\u00eet le biathlon, ce n&rsquo;est pas une surprise totale. Jacquelin est un <strong>skieur d&rsquo;explosivit\u00e9<\/strong>, l&rsquo;un des plus rapides du circuit sur les skis, dont la carri\u00e8re a \u00e9t\u00e9 rythm\u00e9e par des tirs debout \u00e0 haut risque. Sa fragilit\u00e9 mentale assum\u00e9e, racont\u00e9e publiquement en 2022-2023, l&rsquo;a plusieurs fois conduit \u00e0 \u00e9voquer d&rsquo;autres horizons. Le v\u00e9lo \u00e9tait d\u00e9j\u00e0 son terrain d&rsquo;entra\u00eenement d&rsquo;\u00e9t\u00e9.<\/p>\n<p style=\"font-size:16.5px;line-height:1.7;color:#2a2a2a;margin:0 0 16px;\">La r\u00e9action la plus parlante vient de son \u00e9quipier de relais : <strong>Quentin Fillon Maillet<\/strong>, cit\u00e9 par Orange Sports, l\u00e2che \u00ab Si j&rsquo;\u00e9tais \u00e0 sa place, je partirais dans une carri\u00e8re v\u00e9lo, parce qu&rsquo;il a marqu\u00e9 les esprits \u00bb.<\/p>\n<ul style=\"margin:6px 0 18px;padding:0;list-style:none;font-size:16px;\">\n<li style=\"margin:0 0 8px;padding-left:26px;position:relative;line-height:1.55;color:#2a2a2a;\"><span style=\"position:absolute;left:0;top:1px;color:#15803D;font-weight:800;\">\u2713<\/span><strong>Polynormande<\/strong> (mi-ao\u00fbt) : premi\u00e8re course professionnelle.<\/li>\n<li style=\"margin:0 0 8px;padding-left:26px;position:relative;line-height:1.55;color:#2a2a2a;\"><span style=\"position:absolute;left:0;top:1px;color:#15803D;font-weight:800;\">\u2713<\/span><strong>Tour du Limousin<\/strong> (18-21 ao\u00fbt) : 52e du g\u00e9n\u00e9ral, \u00e9quipier de Noa Isidore.<\/li>\n<li style=\"margin:0 0 8px;padding-left:26px;position:relative;line-height:1.55;color:#2a2a2a;\"><span style=\"position:absolute;left:0;top:1px;color:#15803D;font-weight:800;\">\u2713<\/span><strong>Jeux m\u00e9diterran\u00e9ens<\/strong>, course en ligne : 14e apr\u00e8s un souci m\u00e9canique.<\/li>\n<li style=\"margin:0 0 8px;padding-left:26px;position:relative;line-height:1.55;color:#2a2a2a;\"><span style=\"position:absolute;left:0;top:1px;color:#15803D;font-weight:800;\">\u2713<\/span><strong>Septembre<\/strong> : \u00ab un mois de plus \u00bb sur la route, calendrier non d\u00e9taill\u00e9.<\/li>\n<\/ul>\n<h2 style=\"font-size:24px;line-height:1.25;margin:36px 0 14px;letter-spacing:-.01em;color:#1a1a1a;font-weight:800;\">Ce qu&rsquo;il laisse au biathlon fran\u00e7ais, et ce que \u00e7a change pour l&rsquo;hiver<\/h2>\n<p style=\"font-size:16.5px;line-height:1.7;color:#2a2a2a;margin:0 0 16px;\">Le palmar\u00e8s parle : <strong>deux titres de champion du monde de la poursuite<\/strong> (Antholz 2020, Pokljuka 2021), deux m\u00e9dailles aux JO de <strong>P\u00e9kin 2022<\/strong> (argent en relais mixte, bronze en relais masculin) et, en f\u00e9vrier dernier \u00e0 <strong>Milan-Cortina<\/strong>, <strong>l&rsquo;or du relais<\/strong> plus une seconde m\u00e9daille. C&rsquo;est un pilier du relais tricolore qui s&rsquo;en va \u2014 du moins pour un hiver.<\/p>\n<p style=\"font-size:16.5px;line-height:1.7;color:#2a2a2a;margin:0 0 16px;\">Pour l&rsquo;\u00e9quipe de France, l&rsquo;absence lib\u00e8re une place dans un groupe d\u00e9j\u00e0 profond (Fillon Maillet, \u00c9ric Perrot, Fabien Claude, \u00c9milien Claude) et ouvre la porte aux jeunes de la Coupe IBU. Pour Jacquelin, rien n&rsquo;est ferm\u00e9 juridiquement : aucun texte n&rsquo;interdit un retour, et L&rsquo;\u00c9quipe parle bien d&rsquo;une saison \u00ab zapp\u00e9e \u00bb, pas d&rsquo;une retraite.<\/p>\n<p style=\"font-size:16.5px;line-height:1.7;color:#2a2a2a;margin:0 0 16px;\">Une officialisation est attendue dans les prochains jours : de sa part, de la F\u00e9d\u00e9ration fran\u00e7aise de ski ou de Decathlon CMA CGM. Nous mettrons cet article \u00e0 jour d\u00e8s qu&rsquo;un contrat 2027 sera sign\u00e9.<\/p>\n<div style=\"background:#1a1a1a;border-radius:14px;padding:22px 26px;margin:30px 0 8px;font-family:-apple-system,BlinkMacSystemFont,'Segoe UI',Roboto,sans-serif;\">\n<div style=\"font-size:12px;font-weight:800;letter-spacing:.16em;text-transform:uppercase;color:#15803D;margin-bottom:8px;\">\ud83c\udfaf \u00c0 retenir<\/div>\n<div style=\"font-size:17px;line-height:1.6;color:#f0f0f0;\">Sauf revirement, l&rsquo;hiver 2026-2027 se fera sans \u00c9milien Jacquelin sur les pas de tir : le double champion du monde de poursuite mise sur un contrat cycliste en 2027, et la r\u00e9ponse est attendue dans les prochains jours.<\/div>\n<\/div>\n<h2 style=\"margin-top:34px;\">Questions fr\u00e9quentes<\/h2>\n<details style=\"border:1px solid #e6e8ee;border-left:4px solid #15803D;border-radius:10px;padding:12px 16px;margin:10px 0;\">\n<summary style=\"font-weight:700;cursor:pointer;\">\u00c9milien Jacquelin arr\u00eate-t-il d\u00e9finitivement le biathlon ?<\/summary>\n<p style=\"margin:10px 0 0;line-height:1.6;\">Rien ne l&rsquo;indique. Selon L&rsquo;\u00c9quipe, il devrait faire l&rsquo;impasse sur la saison 2026-2027 de Coupe du monde pour courir \u00e0 v\u00e9lo en 2027. Aucune retraite n&rsquo;a \u00e9t\u00e9 annonc\u00e9e.<\/p>\n<\/details>\n<details style=\"border:1px solid #e6e8ee;border-left:4px solid #15803D;border-radius:10px;padding:12px 16px;margin:10px 0;\">\n<summary style=\"font-weight:700;cursor:pointer;\">Dans quelle \u00e9quipe cycliste court-il ?<\/summary>\n<p style=\"margin:10px 0 0;line-height:1.6;\">Il est stagiaire dans l&rsquo;\u00e9quipe de d\u00e9veloppement Decathlon CMA CGM depuis le 1er mai 2026. Pour 2027, un contrat y est envisag\u00e9, ou dans une \u00e9quipe Continentale ou ProTeam comme TotalEnergies, Unibet Rose Rockets ou Van Rysel Roubaix.<\/p>\n<\/details>\n<details style=\"border:1px solid #e6e8ee;border-left:4px solid #15803D;border-radius:10px;padding:12px 16px;margin:10px 0;\">\n<summary style=\"font-weight:700;cursor:pointer;\">Quand d\u00e9bute la saison de biathlon sans lui ?<\/summary>\n<p style=\"margin:10px 0 0;line-height:1.6;\">La Coupe du monde s&rsquo;ouvre le 24 novembre 2026 \u00e0 Kontiolahti (Finlande) ; les Championnats du monde ont lieu en f\u00e9vrier 2027 \u00e0 Otep\u00e4\u00e4 (Estonie).<\/p>\n<\/details>\n<p><script type=\"application\/ld+json\">{\"@context\": \"https:\/\/schema.org\", \"@type\": \"FAQPage\", \"mainEntity\": [{\"@type\": \"Question\", \"name\": \"\u00c9milien Jacquelin arr\u00eate-t-il d\u00e9finitivement le biathlon ?\", \"acceptedAnswer\": {\"@type\": \"Answer\", \"text\": \"Rien ne l'indique. Selon L'\u00c9quipe, il devrait faire l'impasse sur la saison 2026-2027 de Coupe du monde pour courir \u00e0 v\u00e9lo en 2027. Aucune retraite n'a \u00e9t\u00e9 annonc\u00e9e.\"}}, {\"@type\": \"Question\", \"name\": \"Dans quelle \u00e9quipe cycliste court-il ?\", \"acceptedAnswer\": {\"@type\": \"Answer\", \"text\": \"Il est stagiaire dans l'\u00e9quipe de d\u00e9veloppement Decathlon CMA CGM depuis le 1er mai 2026. Pour 2027, un contrat y est envisag\u00e9, ou dans une \u00e9quipe Continentale ou ProTeam comme TotalEnergies, Unibet Rose Rockets ou Van Rysel Roubaix.\"}}, {\"@type\": \"Question\", \"name\": \"Quand d\u00e9bute la saison de biathlon sans lui ?\", \"acceptedAnswer\": {\"@type\": \"Answer\", \"text\": \"La Coupe du monde s'ouvre le 24 novembre 2026 \u00e0 Kontiolahti (Finlande) ; les Championnats du monde ont lieu en f\u00e9vrier 2027 \u00e0 Otep\u00e4\u00e4 (Estonie).\"}}]}<\/script><\/p>\n","protected":false},"excerpt":{"rendered":"","protected":false},"author":34,"featured_media":18328,"comment_status":"open","ping_status":"open","sticky":false,"template":"","format":"standard","meta":{"_acf_changed":false,"manual_indexmenow":false,"indexmenow_id_project":0,"footnotes":""},"categories":[4520],"tags":[],"class_list":["post-18327","post","type-post","status-publish","format-standard","has-post-thumbnail","hentry","category-actualites-sportives","generate-columns","tablet-grid-50","mobile-grid-100","grid-parent","grid-25"],"acf":[],"yoast_head":"<!-- This site is optimized with the Yoast SEO Premium plugin v21.3 (Yoast SEO v26.5) - https:\/\/yoast.com\/wordpress\/plugins\/seo\/ -->\n<title>Jacquelin zappe le biathlon 2026-27 pour le v\u00e9lo<\/title>\n<meta name=\"description\" content=\"Selon L&#039;\u00c9quipe, \u00c9milien Jacquelin fera l&#039;impasse sur la Coupe du monde de biathlon (24 novembre) pour viser un contrat cycliste en 2027 : Decathlon CMA CGM, TotalEnergies, Van Rysel\u2026 Les faits, les chiffres, les r\u00e9actions.\" \/>\n<meta name=\"robots\" content=\"index, follow, max-snippet:-1, max-image-preview:large, max-video-preview:-1\" \/>\n<link rel=\"canonical\" href=\"https:\/\/sport-index.fr\/blog\/actualites-sportives\/emilien-jacquelin-va-tourner-le-dos-au-biathlon-pour-2027-ce-que-revele-lequipe-sur-son-avenir-cycliste\/\" \/>\n<meta property=\"og:locale\" content=\"fr_FR\" \/>\n<meta property=\"og:type\" content=\"article\" \/>\n<meta property=\"og:title\" content=\"Jacquelin zappe le biathlon 2026-27 pour le v\u00e9lo\" \/>\n<meta property=\"og:description\" content=\"Selon L&#039;\u00c9quipe, \u00c9milien Jacquelin fera l&#039;impasse sur la Coupe du monde de biathlon (24 novembre) pour viser un contrat cycliste en 2027 : Decathlon CMA CGM, TotalEnergies, Van Rysel\u2026 Les faits, les chiffres, les r\u00e9actions.\" \/>\n<meta property=\"og:url\" content=\"https:\/\/sport-index.fr\/blog\/actualites-sportives\/emilien-jacquelin-va-tourner-le-dos-au-biathlon-pour-2027-ce-que-revele-lequipe-sur-son-avenir-cycliste\/\" \/>\n<meta property=\"og:site_name\" content=\"sport-index\" \/>\n<meta name=\"author\" content=\"Axel Lauzier\" \/>\n<meta name=\"twitter:card\" content=\"summary_large_image\" \/>\n<script type=\"application\/ld+json\" class=\"yoast-schema-graph\">{\"@context\":\"https:\/\/schema.org\",\"@graph\":[{\"@type\":\"NewsArticle\",\"@id\":\"https:\/\/sport-index.fr\/blog\/actualites-sportives\/emilien-jacquelin-va-tourner-le-dos-au-biathlon-pour-2027-ce-que-revele-lequipe-sur-son-avenir-cycliste\/#article\",\"isPartOf\":{\"@id\":\"https:\/\/sport-index.fr\/blog\/actualites-sportives\/emilien-jacquelin-va-tourner-le-dos-au-biathlon-pour-2027-ce-que-revele-lequipe-sur-son-avenir-cycliste\/\"},\"author\":{\"name\":\"Axel Lauzier\",\"@id\":\"https:\/\/sport-index.fr\/blog\/#\/schema\/person\/3c864cdc320801e3db34b663e7e3f816\"},\"headline\":\"\u00c9milien Jacquelin va tourner le dos au biathlon pour 2027 : ce que r\u00e9v\u00e8le L&rsquo;\u00c9quipe sur son avenir cycliste\",\"datePublished\":\"2026-08-30T08:17:44+00:00\",\"mainEntityOfPage\":{\"@id\":\"https:\/\/sport-index.fr\/blog\/actualites-sportives\/emilien-jacquelin-va-tourner-le-dos-au-biathlon-pour-2027-ce-que-revele-lequipe-sur-son-avenir-cycliste\/\"},\"wordCount\":1147,\"commentCount\":0,\"publisher\":{\"@id\":\"https:\/\/sport-index.fr\/blog\/#organization\"},\"image\":{\"@id\":\"https:\/\/sport-index.fr\/blog\/actualites-sportives\/emilien-jacquelin-va-tourner-le-dos-au-biathlon-pour-2027-ce-que-revele-lequipe-sur-son-avenir-cycliste\/#primaryimage\"},\"thumbnailUrl\":\"https:\/\/sport-index.fr\/blog\/wp-content\/uploads\/2026\/08\/pf18327-scaled.jpg\",\"articleSection\":[\"Actualit\u00e9s Sportives\"],\"inLanguage\":\"fr-FR\",\"potentialAction\":[{\"@type\":\"CommentAction\",\"name\":\"Comment\",\"target\":[\"https:\/\/sport-index.fr\/blog\/actualites-sportives\/emilien-jacquelin-va-tourner-le-dos-au-biathlon-pour-2027-ce-que-revele-lequipe-sur-son-avenir-cycliste\/#respond\"]}]},{\"@type\":\"WebPage\",\"@id\":\"https:\/\/sport-index.fr\/blog\/actualites-sportives\/emilien-jacquelin-va-tourner-le-dos-au-biathlon-pour-2027-ce-que-revele-lequipe-sur-son-avenir-cycliste\/\",\"url\":\"https:\/\/sport-index.fr\/blog\/actualites-sportives\/emilien-jacquelin-va-tourner-le-dos-au-biathlon-pour-2027-ce-que-revele-lequipe-sur-son-avenir-cycliste\/\",\"name\":\"Jacquelin zappe le biathlon 2026-27 pour le v\u00e9lo\",\"isPartOf\":{\"@id\":\"https:\/\/sport-index.fr\/blog\/#website\"},\"primaryImageOfPage\":{\"@id\":\"https:\/\/sport-index.fr\/blog\/actualites-sportives\/emilien-jacquelin-va-tourner-le-dos-au-biathlon-pour-2027-ce-que-revele-lequipe-sur-son-avenir-cycliste\/#primaryimage\"},\"image\":{\"@id\":\"https:\/\/sport-index.fr\/blog\/actualites-sportives\/emilien-jacquelin-va-tourner-le-dos-au-biathlon-pour-2027-ce-que-revele-lequipe-sur-son-avenir-cycliste\/#primaryimage\"},\"thumbnailUrl\":\"https:\/\/sport-index.fr\/blog\/wp-content\/uploads\/2026\/08\/pf18327-scaled.jpg\",\"datePublished\":\"2026-08-30T08:17:44+00:00\",\"description\":\"Selon L'\u00c9quipe, \u00c9milien Jacquelin fera l'impasse sur la Coupe du monde de biathlon (24 novembre) pour viser un contrat cycliste en 2027 : Decathlon CMA CGM, TotalEnergies, Van Rysel\u2026 Les faits, les chiffres, les r\u00e9actions.\",\"inLanguage\":\"fr-FR\",\"potentialAction\":[{\"@type\":\"ReadAction\",\"target\":[\"https:\/\/sport-index.fr\/blog\/actualites-sportives\/emilien-jacquelin-va-tourner-le-dos-au-biathlon-pour-2027-ce-que-revele-lequipe-sur-son-avenir-cycliste\/\"]}]},{\"@type\":\"ImageObject\",\"inLanguage\":\"fr-FR\",\"@id\":\"https:\/\/sport-index.fr\/blog\/actualites-sportives\/emilien-jacquelin-va-tourner-le-dos-au-biathlon-pour-2027-ce-que-revele-lequipe-sur-son-avenir-cycliste\/#primaryimage\",\"url\":\"https:\/\/sport-index.fr\/blog\/wp-content\/uploads\/2026\/08\/pf18327-scaled.jpg\",\"contentUrl\":\"https:\/\/sport-index.fr\/blog\/wp-content\/uploads\/2026\/08\/pf18327-scaled.jpg\",\"width\":1200,\"height\":676},{\"@type\":\"WebSite\",\"@id\":\"https:\/\/sport-index.fr\/blog\/#website\",\"url\":\"https:\/\/sport-index.fr\/blog\/\",\"name\":\"sport-index.fr\",\"description\":\"Le score de l\u2019analyse sportive.\",\"publisher\":{\"@id\":\"https:\/\/sport-index.fr\/blog\/#organization\"},\"alternateName\":\"Le score de l\u2019analyse sportive.\",\"potentialAction\":[{\"@type\":\"SearchAction\",\"target\":{\"@type\":\"EntryPoint\",\"urlTemplate\":\"https:\/\/sport-index.fr\/blog\/?s={search_term_string}\"},\"query-input\":{\"@type\":\"PropertyValueSpecification\",\"valueRequired\":true,\"valueName\":\"search_term_string\"}}],\"inLanguage\":\"fr-FR\"},{\"@type\":\"Organization\",\"@id\":\"https:\/\/sport-index.fr\/blog\/#organization\",\"name\":\"Foretsensations.fr\",\"url\":\"https:\/\/sport-index.fr\/blog\/\",\"logo\":{\"@type\":\"ImageObject\",\"inLanguage\":\"fr-FR\",\"@id\":\"https:\/\/sport-index.fr\/blog\/#\/schema\/logo\/image\/\",\"url\":\"https:\/\/sport-index.fr\/blog\/wp-content\/uploads\/2026\/07\/logo-auto.png\",\"contentUrl\":\"https:\/\/sport-index.fr\/blog\/wp-content\/uploads\/2026\/07\/logo-auto.png\",\"width\":1024,\"height\":1024,\"caption\":\"Foretsensations.fr\"},\"image\":{\"@id\":\"https:\/\/sport-index.fr\/blog\/#\/schema\/logo\/image\/\"}},{\"@type\":\"Person\",\"@id\":\"https:\/\/sport-index.fr\/blog\/#\/schema\/person\/3c864cdc320801e3db34b663e7e3f816\",\"name\":\"Axel Lauzier\",\"image\":{\"@type\":\"ImageObject\",\"inLanguage\":\"fr-FR\",\"@id\":\"https:\/\/sport-index.fr\/blog\/#\/schema\/person\/image\/\",\"url\":\"https:\/\/sport-index.fr\/blog\/wp-content\/uploads\/2026\/06\/persona_axel-l-96x96.jpg\",\"contentUrl\":\"https:\/\/sport-index.fr\/blog\/wp-content\/uploads\/2026\/06\/persona_axel-l-96x96.jpg\",\"caption\":\"Axel Lauzier\"},\"description\":\"Le sport rythme mon quotidien depuis l'enfance, et j'en ai fait mon m\u00e9tier d'analyste r\u00e9dactionnel il y a une dizaine d'ann\u00e9es. Je couvre principalement le football, son actualit\u00e9, ses transferts et l'analyse tactique des grandes affiches, mais aussi les disciplines plus confidentielles que j'aime remettre en lumi\u00e8re. Une partie de mon travail porte sur les pronostics et la lecture statistique d'un match : forme des \u00e9quipes, historique des confrontations, compositions, sans jamais vendre de fausse certitude. Je rappelle syst\u00e9matiquement que parier comporte un risque et doit rester un loisir ma\u00eetris\u00e9. Avant de signer une analyse, je v\u00e9rifie mes chiffres, je recoupe les compositions probables et je distingue toujours la donn\u00e9e brute de l'intuition. Mon objectif : offrir une lecture honn\u00eate et argument\u00e9e, pas un ticket gagnant garanti.\",\"sameAs\":[\"https:\/\/axellauzier.fr\/\"],\"url\":\"https:\/\/sport-index.fr\/blog\/auteur\/noname\/\"}]}<\/script>\n<!-- \/ Yoast SEO Premium plugin. -->","yoast_head_json":{"title":"Jacquelin zappe le biathlon 2026-27 pour le v\u00e9lo","description":"Selon L'\u00c9quipe, \u00c9milien Jacquelin fera l'impasse sur la Coupe du monde de biathlon (24 novembre) pour viser un contrat cycliste en 2027 : Decathlon CMA CGM, TotalEnergies, Van Rysel\u2026 Les faits, les chiffres, les r\u00e9actions.","robots":{"index":"index","follow":"follow","max-snippet":"max-snippet:-1","max-image-preview":"max-image-preview:large","max-video-preview":"max-video-preview:-1"},"canonical":"https:\/\/sport-index.fr\/blog\/actualites-sportives\/emilien-jacquelin-va-tourner-le-dos-au-biathlon-pour-2027-ce-que-revele-lequipe-sur-son-avenir-cycliste\/","og_locale":"fr_FR","og_type":"article","og_title":"Jacquelin zappe le biathlon 2026-27 pour le v\u00e9lo","og_description":"Selon L'\u00c9quipe, \u00c9milien Jacquelin fera l'impasse sur la Coupe du monde de biathlon (24 novembre) pour viser un contrat cycliste en 2027 : Decathlon CMA CGM, TotalEnergies, Van Rysel\u2026 Les faits, les chiffres, les r\u00e9actions.","og_url":"https:\/\/sport-index.fr\/blog\/actualites-sportives\/emilien-jacquelin-va-tourner-le-dos-au-biathlon-pour-2027-ce-que-revele-lequipe-sur-son-avenir-cycliste\/","og_site_name":"sport-index","author":"Axel Lauzier","twitter_card":"summary_large_image","schema":{"@context":"https:\/\/schema.org","@graph":[{"@type":"NewsArticle","@id":"https:\/\/sport-index.fr\/blog\/actualites-sportives\/emilien-jacquelin-va-tourner-le-dos-au-biathlon-pour-2027-ce-que-revele-lequipe-sur-son-avenir-cycliste\/#article","isPartOf":{"@id":"https:\/\/sport-index.fr\/blog\/actualites-sportives\/emilien-jacquelin-va-tourner-le-dos-au-biathlon-pour-2027-ce-que-revele-lequipe-sur-son-avenir-cycliste\/"},"author":{"name":"Axel Lauzier","@id":"https:\/\/sport-index.fr\/blog\/#\/schema\/person\/3c864cdc320801e3db34b663e7e3f816"},"headline":"\u00c9milien Jacquelin va tourner le dos au biathlon pour 2027 : ce que r\u00e9v\u00e8le L&rsquo;\u00c9quipe sur son avenir cycliste","datePublished":"2026-08-30T08:17:44+00:00","mainEntityOfPage":{"@id":"https:\/\/sport-index.fr\/blog\/actualites-sportives\/emilien-jacquelin-va-tourner-le-dos-au-biathlon-pour-2027-ce-que-revele-lequipe-sur-son-avenir-cycliste\/"},"wordCount":1147,"commentCount":0,"publisher":{"@id":"https:\/\/sport-index.fr\/blog\/#organization"},"image":{"@id":"https:\/\/sport-index.fr\/blog\/actualites-sportives\/emilien-jacquelin-va-tourner-le-dos-au-biathlon-pour-2027-ce-que-revele-lequipe-sur-son-avenir-cycliste\/#primaryimage"},"thumbnailUrl":"https:\/\/sport-index.fr\/blog\/wp-content\/uploads\/2026\/08\/pf18327-scaled.jpg","articleSection":["Actualit\u00e9s Sportives"],"inLanguage":"fr-FR","potentialAction":[{"@type":"CommentAction","name":"Comment","target":["https:\/\/sport-index.fr\/blog\/actualites-sportives\/emilien-jacquelin-va-tourner-le-dos-au-biathlon-pour-2027-ce-que-revele-lequipe-sur-son-avenir-cycliste\/#respond"]}]},{"@type":"WebPage","@id":"https:\/\/sport-index.fr\/blog\/actualites-sportives\/emilien-jacquelin-va-tourner-le-dos-au-biathlon-pour-2027-ce-que-revele-lequipe-sur-son-avenir-cycliste\/","url":"https:\/\/sport-index.fr\/blog\/actualites-sportives\/emilien-jacquelin-va-tourner-le-dos-au-biathlon-pour-2027-ce-que-revele-lequipe-sur-son-avenir-cycliste\/","name":"Jacquelin zappe le biathlon 2026-27 pour le v\u00e9lo","isPartOf":{"@id":"https:\/\/sport-index.fr\/blog\/#website"},"primaryImageOfPage":{"@id":"https:\/\/sport-index.fr\/blog\/actualites-sportives\/emilien-jacquelin-va-tourner-le-dos-au-biathlon-pour-2027-ce-que-revele-lequipe-sur-son-avenir-cycliste\/#primaryimage"},"image":{"@id":"https:\/\/sport-index.fr\/blog\/actualites-sportives\/emilien-jacquelin-va-tourner-le-dos-au-biathlon-pour-2027-ce-que-revele-lequipe-sur-son-avenir-cycliste\/#primaryimage"},"thumbnailUrl":"https:\/\/sport-index.fr\/blog\/wp-content\/uploads\/2026\/08\/pf18327-scaled.jpg","datePublished":"2026-08-30T08:17:44+00:00","description":"Selon L'\u00c9quipe, \u00c9milien Jacquelin fera l'impasse sur la Coupe du monde de biathlon (24 novembre) pour viser un contrat cycliste en 2027 : Decathlon CMA CGM, TotalEnergies, Van Rysel\u2026 Les faits, les chiffres, les r\u00e9actions.","inLanguage":"fr-FR","potentialAction":[{"@type":"ReadAction","target":["https:\/\/sport-index.fr\/blog\/actualites-sportives\/emilien-jacquelin-va-tourner-le-dos-au-biathlon-pour-2027-ce-que-revele-lequipe-sur-son-avenir-cycliste\/"]}]},{"@type":"ImageObject","inLanguage":"fr-FR","@id":"https:\/\/sport-index.fr\/blog\/actualites-sportives\/emilien-jacquelin-va-tourner-le-dos-au-biathlon-pour-2027-ce-que-revele-lequipe-sur-son-avenir-cycliste\/#primaryimage","url":"https:\/\/sport-index.fr\/blog\/wp-content\/uploads\/2026\/08\/pf18327-scaled.jpg","contentUrl":"https:\/\/sport-index.fr\/blog\/wp-content\/uploads\/2026\/08\/pf18327-scaled.jpg","width":1200,"height":676},{"@type":"WebSite","@id":"https:\/\/sport-index.fr\/blog\/#website","url":"https:\/\/sport-index.fr\/blog\/","name":"sport-index.fr","description":"Le score de l\u2019analyse sportive.","publisher":{"@id":"https:\/\/sport-index.fr\/blog\/#organization"},"alternateName":"Le score de l\u2019analyse sportive.","potentialAction":[{"@type":"SearchAction","target":{"@type":"EntryPoint","urlTemplate":"https:\/\/sport-index.fr\/blog\/?s={search_term_string}"},"query-input":{"@type":"PropertyValueSpecification","valueRequired":true,"valueName":"search_term_string"}}],"inLanguage":"fr-FR"},{"@type":"Organization","@id":"https:\/\/sport-index.fr\/blog\/#organization","name":"Foretsensations.fr","url":"https:\/\/sport-index.fr\/blog\/","logo":{"@type":"ImageObject","inLanguage":"fr-FR","@id":"https:\/\/sport-index.fr\/blog\/#\/schema\/logo\/image\/","url":"https:\/\/sport-index.fr\/blog\/wp-content\/uploads\/2026\/07\/logo-auto.png","contentUrl":"https:\/\/sport-index.fr\/blog\/wp-content\/uploads\/2026\/07\/logo-auto.png","width":1024,"height":1024,"caption":"Foretsensations.fr"},"image":{"@id":"https:\/\/sport-index.fr\/blog\/#\/schema\/logo\/image\/"}},{"@type":"Person","@id":"https:\/\/sport-index.fr\/blog\/#\/schema\/person\/3c864cdc320801e3db34b663e7e3f816","name":"Axel Lauzier","image":{"@type":"ImageObject","inLanguage":"fr-FR","@id":"https:\/\/sport-index.fr\/blog\/#\/schema\/person\/image\/","url":"https:\/\/sport-index.fr\/blog\/wp-content\/uploads\/2026\/06\/persona_axel-l-96x96.jpg","contentUrl":"https:\/\/sport-index.fr\/blog\/wp-content\/uploads\/2026\/06\/persona_axel-l-96x96.jpg","caption":"Axel Lauzier"},"description":"Le sport rythme mon quotidien depuis l'enfance, et j'en ai fait mon m\u00e9tier d'analyste r\u00e9dactionnel il y a une dizaine d'ann\u00e9es. Je couvre principalement le football, son actualit\u00e9, ses transferts et l'analyse tactique des grandes affiches, mais aussi les disciplines plus confidentielles que j'aime remettre en lumi\u00e8re. Une partie de mon travail porte sur les pronostics et la lecture statistique d'un match : forme des \u00e9quipes, historique des confrontations, compositions, sans jamais vendre de fausse certitude. Je rappelle syst\u00e9matiquement que parier comporte un risque et doit rester un loisir ma\u00eetris\u00e9. Avant de signer une analyse, je v\u00e9rifie mes chiffres, je recoupe les compositions probables et je distingue toujours la donn\u00e9e brute de l'intuition. Mon objectif : offrir une lecture honn\u00eate et argument\u00e9e, pas un ticket gagnant garanti.","sameAs":["https:\/\/axellauzier.fr\/"],"url":"https:\/\/sport-index.fr\/blog\/auteur\/noname\/"}]}},"_links":{"self":[{"href":"https:\/\/sport-index.fr\/blog\/wp-json\/wp\/v2\/posts\/18327","targetHints":{"allow":["GET"]}}],"collection":[{"href":"https:\/\/sport-index.fr\/blog\/wp-json\/wp\/v2\/posts"}],"about":[{"href":"https:\/\/sport-index.fr\/blog\/wp-json\/wp\/v2\/types\/post"}],"author":[{"embeddable":true,"href":"https:\/\/sport-index.fr\/blog\/wp-json\/wp\/v2\/users\/34"}],"replies":[{"embeddable":true,"href":"https:\/\/sport-index.fr\/blog\/wp-json\/wp\/v2\/comments?post=18327"}],"version-history":[{"count":0,"href":"https:\/\/sport-index.fr\/blog\/wp-json\/wp\/v2\/posts\/18327\/revisions"}],"wp:featuredmedia":[{"embeddable":true,"href":"https:\/\/sport-index.fr\/blog\/wp-json\/wp\/v2\/media\/18328"}],"wp:attachment":[{"href":"https:\/\/sport-index.fr\/blog\/wp-json\/wp\/v2\/media?parent=18327"}],"wp:term":[{"taxonomy":"category","embeddable":true,"href":"https:\/\/sport-index.fr\/blog\/wp-json\/wp\/v2\/categories?post=18327"},{"taxonomy":"post_tag","embeddable":true,"href":"https:\/\/sport-index.fr\/blog\/wp-json\/wp\/v2\/tags?post=18327"}],"curies":[{"name":"wp","href":"https:\/\/api.w.org\/{rel}","templated":true}]}}