{"id":18502,"date":"2026-09-02T10:02:14","date_gmt":"2026-09-02T08:02:14","guid":{"rendered":"https:\/\/sport-index.fr\/blog\/a-la-une\/tadej-pogacar-opere-apres-sa-chute-sur-la-vuelta-les-mondiaux-de-montreal-menaces\/"},"modified":"2026-09-02T10:02:14","modified_gmt":"2026-09-02T08:02:14","slug":"tadej-pogacar-opere-apres-sa-chute-sur-la-vuelta-les-mondiaux-de-montreal-menaces","status":"publish","type":"post","link":"https:\/\/sport-index.fr\/blog\/a-la-une\/tadej-pogacar-opere-apres-sa-chute-sur-la-vuelta-les-mondiaux-de-montreal-menaces\/","title":{"rendered":"Tadej Poga\u010dar op\u00e9r\u00e9 apr\u00e8s sa chute sur la Vuelta : les Mondiaux de Montr\u00e9al menac\u00e9s"},"content":{"rendered":"<p><strong>Tadej Poga\u010dar a \u00e9t\u00e9 op\u00e9r\u00e9 avec succ\u00e8s de la clavicule gauche lundi soir 31 ao\u00fbt \u00e0 Barcelone, deux jours apr\u00e8s sa lourde chute sur la 8e \u00e9tape de la Vuelta 2026, et sa participation aux Mondiaux de Montr\u00e9al, dont la course en ligne est programm\u00e9e le 27 septembre, est d\u00e9sormais tr\u00e8s incertaine.<\/strong> Le maillot rouge de la Vuelta est pass\u00e9 sur les \u00e9paules d&rsquo;Enric Mas, et le double champion du monde en titre entame une convalescence dont personne, pas m\u00eame son \u00e9quipe, n&rsquo;ose fixer le terme.<\/p>\n<div class=\"encart-bref\" style=\"border-left:4px solid #c0392b;background:#fdf3f2;padding:16px 20px;margin:20px 0;\">\n<p style=\"margin:0 0 8px;\"><strong>En bref<\/strong><\/p>\n<ul style=\"margin:0;\">\n<li>Chute samedi 29 ao\u00fbt sur la 8e \u00e9tape de la Vuelta (Pu\u00e7ol \u2013 Xeraco), \u00e0 environ 32 km de l&rsquo;arriv\u00e9e : commotion c\u00e9r\u00e9brale, fracture d\u00e9plac\u00e9e de la clavicule gauche, fracture cervicale C7 stable.<\/li>\n<li>Op\u00e9ration de la clavicule r\u00e9ussie lundi soir 31 ao\u00fbt \u00e0 Barcelone ; quelques jours de surveillance \u00e0 l&rsquo;h\u00f4pital, puis retour \u00e0 domicile pour la r\u00e9\u00e9ducation.<\/li>\n<li>Premier abandon de sa carri\u00e8re dans un grand tour : il avait termin\u00e9 ses 8 pr\u00e9c\u00e9dents.<\/li>\n<li>Mondiaux de Montr\u00e9al le 27 septembre : son manager Mauro Gianetti ne ferme pas la porte, mais juge la r\u00e9cup\u00e9ration difficile.<\/li>\n<\/ul>\n<\/div>\n<figure style=\"margin:24px auto;max-width:560px;\">\n<div style=\"position:relative;padding-bottom:56.25%;height:0;max-width:560px;margin:0 auto;\"><iframe src=\"https:\/\/www.youtube-nocookie.com\/embed\/6L8DcBgWW18\" style=\"position:absolute;top:0;left:0;width:100%;height:100%;border:none;border-radius:12px;\" loading=\"lazy\" title=\"Vid\u00e9o RMC Sport : Mauro Gianetti apr\u00e8s la chute de Tadej Poga\u010dar\" allowfullscreen><\/iframe><\/div><figcaption style=\"text-align:center;font-size:13px;color:#666;margin-top:8px;\">\u00ab I was very scared \u00bb : Mauro Gianetti apr\u00e8s la chute de Tadej Poga\u010dar \u2014 RMC Sport, vid\u00e9o publi\u00e9e le 30\/08\/2026 (30 665 vues sur YouTube au 02\/09\/2026)<\/figcaption><\/figure>\n<h2>Ce qui s&rsquo;est pass\u00e9 sur la 8e \u00e9tape de la Vuelta<\/h2>\n<p>Samedi 29 ao\u00fbt, entre Pu\u00e7ol et Xeraco, dans la r\u00e9gion de Valence, la 8e \u00e9tape s&rsquo;est finalement jou\u00e9e au sprint, remport\u00e9 par le Fran\u00e7ais Bryan Coquard. Mais l&rsquo;essentiel s&rsquo;\u00e9tait nou\u00e9 avant : \u00e0 environ 32 kilom\u00e8tres de l&rsquo;arriv\u00e9e, Tadej Poga\u010dar, alors en <strong>maillot rouge<\/strong>, a chut\u00e9 violemment au milieu du peloton. Selon les images de la course, le Slov\u00e8ne aurait perdu le contr\u00f4le de son v\u00e9lo apr\u00e8s le passage d&rsquo;une pierre sur la chauss\u00e9e. Rest\u00e9 au sol, il a \u00e9t\u00e9 \u00e9vacu\u00e9 en ambulance et son abandon a \u00e9t\u00e9 annonc\u00e9 peu apr\u00e8s.<\/p>\n<p>C&rsquo;est le premier abandon de sa carri\u00e8re dans un grand tour : avant cette Vuelta, il avait termin\u00e9 les huit grands tours auxquels il avait pris part. Le coup est d&rsquo;autant plus dur qu&rsquo;il dominait la course depuis le premier jour : vainqueur du chrono d&rsquo;ouverture \u00e0 Monaco le 22 ao\u00fbt pour 9 centi\u00e8mes de seconde devant le Britannique Ethan Hayter, il portait le maillot rouge depuis le d\u00e9part et comptait d\u00e9j\u00e0 trois victoires d&rsquo;\u00e9tape.<\/p>\n<h2>Le bilan m\u00e9dical : commotion, clavicule et vert\u00e8bre C7<\/h2>\n<p>Le communiqu\u00e9 de l&rsquo;\u00e9quipe UAE Team Emirates-XRG, sign\u00e9 de son directeur m\u00e9dical le Dr Adrian Rotunno, a d\u00e9taill\u00e9 un triple diagnostic : <strong>commotion c\u00e9r\u00e9brale<\/strong>, fracture d\u00e9plac\u00e9e de la clavicule gauche et fracture cervicale C7 stable, accompagn\u00e9es de multiples abrasions. \u00ab Stable \u00bb signifie que la vert\u00e8bre touch\u00e9e ne pr\u00e9sente pas de risque de d\u00e9placement vers la moelle \u00e9pini\u00e8re \u2014 une nuance capitale, mais qui n&rsquo;enl\u00e8ve rien \u00e0 la lourdeur de l&rsquo;ensemble.<\/p>\n<p>La commotion a d&rsquo;ailleurs directement pes\u00e9 sur le calendrier des soins : par pr\u00e9caution neurologique, l&rsquo;op\u00e9ration de la clavicule n&rsquo;a pas \u00e9t\u00e9 r\u00e9alis\u00e9e imm\u00e9diatement. Les m\u00e9decins ont attendu le feu vert avant toute anesth\u00e9sie, un protocole devenu la norme dans le cyclisme professionnel apr\u00e8s une commotion.<\/p>\n<h2>Une op\u00e9ration r\u00e9ussie lundi soir \u00e0 Barcelone<\/h2>\n<p>L&rsquo;intervention a finalement eu lieu lundi 31 ao\u00fbt au soir, \u00e0 Barcelone, et l&rsquo;\u00e9quipe l&rsquo;a qualifi\u00e9e de r\u00e9ussie. Poga\u010dar doit rester hospitalis\u00e9 quelques jours en observation, avant de rentrer chez lui pour entamer sa r\u00e9cup\u00e9ration et sa r\u00e9\u00e9ducation sous le contr\u00f4le du staff m\u00e9dical de l&rsquo;\u00e9quipe. Aucun calendrier de reprise n&rsquo;a \u00e9t\u00e9 communiqu\u00e9 \u00e0 ce stade.<\/p>\n<p>Pour un coureur, une clavicule op\u00e9r\u00e9e autorise parfois un retour rapide sur home trainer. Mais la combinaison avec une commotion r\u00e9cente et une vert\u00e8bre cervicale fractur\u00e9e impose une prudence bien sup\u00e9rieure : la consolidation osseuse, la s\u00e9curit\u00e9 neurologique et la condition physique de course sont trois horloges diff\u00e9rentes, et c&rsquo;est la plus lente qui d\u00e9cidera.<\/p>\n<h2>Mondiaux de Montr\u00e9al : la porte reste entrouverte, \u00e0 peine<\/h2>\n<p>Toute la question tient dans le calendrier. La course en ligne des Championnats du monde est programm\u00e9e le <strong>27 septembre \u00e0 Montr\u00e9al<\/strong>, soit moins d&rsquo;un mois apr\u00e8s la chute. Poga\u010dar s&rsquo;y pr\u00e9senterait en double champion du monde en titre, sacr\u00e9 en 2024 puis en 2025, avec un maillot arc-en-ciel \u00e0 d\u00e9fendre.<\/p>\n<p>Mauro Gianetti, le manager de l&rsquo;\u00e9quipe, n&rsquo;a pas ferm\u00e9 la porte, mais son constat est sans ambigu\u00eft\u00e9 : \u00ab Of course, it doesn&rsquo;t seem easy to recover for the World Championship \u00bb \u2014 bien s\u00fbr, r\u00e9cup\u00e9rer pour les Mondiaux ne semble pas facile. La priorit\u00e9 affich\u00e9e reste la sant\u00e9 du coureur, et aucune d\u00e9cision officielle n&rsquo;a \u00e9t\u00e9 annonc\u00e9e sur sa pr\u00e9sence ou son absence au Canada.<\/p>\n<p>Sportivement, une absence du Slov\u00e8ne rebattrait compl\u00e8tement les cartes d&rsquo;une course dont il \u00e9tait le grand favori. Pour un coureur qui venait de s&rsquo;offrir un cinqui\u00e8me <a href=\"https:\/\/sport-index.fr\/blog\/evenements-et-competitions\/tour-de-france-2026-heure-chaine-derniere-etape-paris\/\">Tour de France en juillet dernier<\/a>, l&rsquo;enjeu n&rsquo;est toutefois plus le palmar\u00e8s de septembre : c&rsquo;est de revenir entier.<\/p>\n<h2>La Vuelta continue : Enric Mas a pris le pouvoir<\/h2>\n<p>Sur la route espagnole, la course a imm\u00e9diatement chang\u00e9 de visage. L&rsquo;Espagnol <strong>Enric Mas<\/strong> (Movistar) a r\u00e9cup\u00e9r\u00e9 le maillot rouge apr\u00e8s l&rsquo;abandon de Poga\u010dar, puis a frapp\u00e9 fort d\u00e8s le lendemain en remportant la 9e \u00e9tape au sommet de l&rsquo;Alto de Aitana. Mardi 1er septembre, la 10e \u00e9tape est revenue au Fran\u00e7ais Bastien Tronchon \u00e0 Elche de la Sierra, sans changement en t\u00eate du g\u00e9n\u00e9ral : Mas aborde la deuxi\u00e8me semaine en leader.<\/p>\n<p>Le parcours complet de cette \u00e9dition, partie de Monaco avec des \u00e9tapes en France, est \u00e0 retrouver sur <a href=\"https:\/\/sport-index.fr\/blog\/evenements-et-competitions\/vuelta-2026-grand-depart-de-monaco-etapes-en-france-et-diffusion-tv\/\">notre page Vuelta 2026 (\u00e9tapes et diffusion TV)<\/a>. Et pendant que la Vuelta se joue, le v\u00e9lo fran\u00e7ais pr\u00e9pare d\u00e9j\u00e0 sa prochaine curiosit\u00e9 : <a href=\"https:\/\/sport-index.fr\/blog\/actualites-sportives\/emilien-jacquelin-va-tourner-le-dos-au-biathlon-pour-2027-ce-que-revele-lequipe-sur-son-avenir-cycliste\/\">la reconversion du biathl\u00e8te \u00c9milien Jacquelin sur route en 2027<\/a>.<\/p>\n<h2>Les chiffres cl\u00e9s<\/h2>\n<ul>\n<li><strong>9 centi\u00e8mes de seconde<\/strong> : l&rsquo;\u00e9cart qui lui avait offert le chrono d&rsquo;ouverture \u00e0 Monaco, le 22 ao\u00fbt, devant Ethan Hayter.<\/li>\n<li><strong>3 victoires d&rsquo;\u00e9tape<\/strong> sur cette Vuelta avant sa chute, avec le maillot rouge port\u00e9 depuis le premier jour.<\/li>\n<li><strong>8 grands tours disput\u00e9s, 8 termin\u00e9s<\/strong> avant ce tout premier abandon en carri\u00e8re.<\/li>\n<li><strong>27 septembre<\/strong> : la course en ligne des Mondiaux \u00e0 Montr\u00e9al, o\u00f9 il d\u00e9fendrait ses titres de 2024 et 2025.<\/li>\n<\/ul>\n<h2>FAQ<\/h2>\n<details>\n<summary>Quand et o\u00f9 Tadej Poga\u010dar a-t-il \u00e9t\u00e9 op\u00e9r\u00e9 ?<\/summary>\n<p>Il a \u00e9t\u00e9 op\u00e9r\u00e9 de la clavicule gauche lundi soir 31 ao\u00fbt \u00e0 Barcelone. L&rsquo;\u00e9quipe UAE Team Emirates-XRG a qualifi\u00e9 l&rsquo;intervention de r\u00e9ussie ; il reste hospitalis\u00e9 quelques jours en observation avant de rentrer chez lui pour sa r\u00e9\u00e9ducation.<\/p>\n<\/details>\n<details>\n<summary>Peut-il encore disputer les Mondiaux de Montr\u00e9al le 27 septembre ?<\/summary>\n<p>Rien n&rsquo;est officiellement exclu, mais son manager Mauro Gianetti juge la r\u00e9cup\u00e9ration difficile dans ce d\u00e9lai. Entre la commotion c\u00e9r\u00e9brale, la clavicule op\u00e9r\u00e9e et la fracture cervicale C7, aucune date de reprise n&rsquo;a \u00e9t\u00e9 annonc\u00e9e.<\/p>\n<\/details>\n<details>\n<summary>Qui est le nouveau leader de la Vuelta 2026 ?<\/summary>\n<p>Enric Mas (Movistar) a r\u00e9cup\u00e9r\u00e9 le maillot rouge apr\u00e8s l&rsquo;abandon de Poga\u010dar. Il a remport\u00e9 la 9e \u00e9tape \u00e0 l&rsquo;Alto de Aitana et restait leader du classement g\u00e9n\u00e9ral \u00e0 l&rsquo;issue de la 10e \u00e9tape, courue le 1er septembre.<\/p>\n<\/details>\n<p><script type=\"application\/ld+json\">{\"@context\":\"https:\/\/schema.org\",\"@type\":\"FAQPage\",\"mainEntity\":[{\"@type\":\"Question\",\"name\":\"Quand et o\u00f9 Tadej Poga\u010dar a-t-il \u00e9t\u00e9 op\u00e9r\u00e9 ?\",\"acceptedAnswer\":{\"@type\":\"Answer\",\"text\":\"Il a \u00e9t\u00e9 op\u00e9r\u00e9 de la clavicule gauche lundi soir 31 ao\u00fbt \u00e0 Barcelone. L'\u00e9quipe UAE Team Emirates-XRG a qualifi\u00e9 l'intervention de r\u00e9ussie ; il reste hospitalis\u00e9 quelques jours en observation avant de rentrer chez lui pour sa r\u00e9\u00e9ducation.\"}},{\"@type\":\"Question\",\"name\":\"Peut-il encore disputer les Mondiaux de Montr\u00e9al le 27 septembre ?\",\"acceptedAnswer\":{\"@type\":\"Answer\",\"text\":\"Rien n'est officiellement exclu, mais son manager Mauro Gianetti juge la r\u00e9cup\u00e9ration difficile dans ce d\u00e9lai. Entre la commotion c\u00e9r\u00e9brale, la clavicule op\u00e9r\u00e9e et la fracture cervicale C7, aucune date de reprise n'a \u00e9t\u00e9 annonc\u00e9e.\"}},{\"@type\":\"Question\",\"name\":\"Qui est le nouveau leader de la Vuelta 2026 ?\",\"acceptedAnswer\":{\"@type\":\"Answer\",\"text\":\"Enric Mas (Movistar) a r\u00e9cup\u00e9r\u00e9 le maillot rouge apr\u00e8s l'abandon de Poga\u010dar. Il a remport\u00e9 la 9e \u00e9tape \u00e0 l'Alto de Aitana et restait leader du classement g\u00e9n\u00e9ral \u00e0 l'issue de la 10e \u00e9tape, courue le 1er septembre.\"}}]}<\/script><\/p>\n<h2>\u00c0 retenir<\/h2>\n<p>Op\u00e9r\u00e9 avec succ\u00e8s de la clavicule gauche le 31 ao\u00fbt apr\u00e8s sa chute sur la 8e \u00e9tape de la Vuelta, Tadej Poga\u010dar a sign\u00e9 le premier abandon de sa carri\u00e8re dans un grand tour. Sa pr\u00e9sence aux Mondiaux de Montr\u00e9al le 27 septembre n&rsquo;est pas officiellement exclue, mais son \u00e9quipe elle-m\u00eame juge le d\u00e9lai tr\u00e8s serr\u00e9. En Espagne, Enric Mas a endoss\u00e9 le r\u00f4le de patron de la course. Les informations de cet article s&rsquo;appuient sur le communiqu\u00e9 m\u00e9dical de l&rsquo;\u00e9quipe relay\u00e9 notamment par <a href=\"https:\/\/www.cyclingnews.com\/pro-cycling\/teams-riders\/tadej-pogacars-clavical-surgery-went-well-monday-as-team-confirms-world-champion-will-remain-in-barcelona-for-several-days\/\" rel=\"nofollow\">Cyclingnews<\/a> et par <a href=\"https:\/\/www.lavuelta.es\/en\/news\/2026\/stage-8\/coquard-sprints-to-victory-pogacar-abandons\/58418\" rel=\"nofollow\">le site officiel de la Vuelta<\/a>.<\/p>\n","protected":false},"excerpt":{"rendered":"","protected":false},"author":34,"featured_media":18503,"comment_status":"open","ping_status":"open","sticky":false,"template":"","format":"standard","meta":{"_acf_changed":false,"manual_indexmenow":false,"indexmenow_id_project":0,"footnotes":""},"categories":[1],"tags":[],"class_list":["post-18502","post","type-post","status-publish","format-standard","has-post-thumbnail","hentry","category-a-la-une","generate-columns","tablet-grid-50","mobile-grid-100","grid-parent","grid-25"],"acf":[],"yoast_head":"<!-- This site is optimized with the Yoast SEO Premium plugin v21.3 (Yoast SEO v26.5) - https:\/\/yoast.com\/wordpress\/plugins\/seo\/ -->\n<title>Poga\u010dar op\u00e9r\u00e9 apr\u00e8s sa chute sur la Vuelta, Mondiaux menac\u00e9s<\/title>\n<meta name=\"description\" content=\"Op\u00e9r\u00e9 de la clavicule gauche le 31 ao\u00fbt apr\u00e8s sa chute sur la 8e \u00e9tape de la Vuelta, Tadej Poga\u010dar pourrait manquer les Mondiaux de Montr\u00e9al le 27 septembre.\" \/>\n<meta name=\"robots\" content=\"index, follow, max-snippet:-1, max-image-preview:large, max-video-preview:-1\" \/>\n<link rel=\"canonical\" href=\"https:\/\/sport-index.fr\/blog\/a-la-une\/tadej-pogacar-opere-apres-sa-chute-sur-la-vuelta-les-mondiaux-de-montreal-menaces\/\" \/>\n<meta property=\"og:locale\" content=\"fr_FR\" \/>\n<meta property=\"og:type\" content=\"article\" \/>\n<meta property=\"og:title\" content=\"Poga\u010dar op\u00e9r\u00e9 apr\u00e8s sa chute sur la Vuelta, Mondiaux menac\u00e9s\" \/>\n<meta property=\"og:description\" content=\"Op\u00e9r\u00e9 de la clavicule gauche le 31 ao\u00fbt apr\u00e8s sa chute sur la 8e \u00e9tape de la Vuelta, Tadej Poga\u010dar pourrait manquer les Mondiaux de Montr\u00e9al le 27 septembre.\" \/>\n<meta property=\"og:url\" content=\"https:\/\/sport-index.fr\/blog\/a-la-une\/tadej-pogacar-opere-apres-sa-chute-sur-la-vuelta-les-mondiaux-de-montreal-menaces\/\" \/>\n<meta property=\"og:site_name\" content=\"sport-index\" \/>\n<meta property=\"og:image\" content=\"https:\/\/sport-index.fr\/blog\/wp-content\/uploads\/2026\/09\/pf18502-scaled.jpg\" \/>\n\t<meta property=\"og:image:width\" content=\"1200\" \/>\n\t<meta property=\"og:image:height\" content=\"676\" \/>\n\t<meta property=\"og:image:type\" content=\"image\/jpeg\" \/>\n<meta name=\"author\" content=\"Axel Lauzier\" \/>\n<meta name=\"twitter:card\" content=\"summary_large_image\" \/>\n<script type=\"application\/ld+json\" class=\"yoast-schema-graph\">{\"@context\":\"https:\/\/schema.org\",\"@graph\":[{\"@type\":\"NewsArticle\",\"@id\":\"https:\/\/sport-index.fr\/blog\/a-la-une\/tadej-pogacar-opere-apres-sa-chute-sur-la-vuelta-les-mondiaux-de-montreal-menaces\/#article\",\"isPartOf\":{\"@id\":\"https:\/\/sport-index.fr\/blog\/a-la-une\/tadej-pogacar-opere-apres-sa-chute-sur-la-vuelta-les-mondiaux-de-montreal-menaces\/\"},\"author\":{\"name\":\"Axel Lauzier\",\"@id\":\"https:\/\/sport-index.fr\/blog\/#\/schema\/person\/3c864cdc320801e3db34b663e7e3f816\"},\"headline\":\"Tadej Poga\u010dar op\u00e9r\u00e9 apr\u00e8s sa chute sur la Vuelta : les Mondiaux de Montr\u00e9al menac\u00e9s\",\"datePublished\":\"2026-09-02T08:02:14+00:00\",\"mainEntityOfPage\":{\"@id\":\"https:\/\/sport-index.fr\/blog\/a-la-une\/tadej-pogacar-opere-apres-sa-chute-sur-la-vuelta-les-mondiaux-de-montreal-menaces\/\"},\"wordCount\":1406,\"commentCount\":0,\"publisher\":{\"@id\":\"https:\/\/sport-index.fr\/blog\/#organization\"},\"image\":{\"@id\":\"https:\/\/sport-index.fr\/blog\/a-la-une\/tadej-pogacar-opere-apres-sa-chute-sur-la-vuelta-les-mondiaux-de-montreal-menaces\/#primaryimage\"},\"thumbnailUrl\":\"https:\/\/sport-index.fr\/blog\/wp-content\/uploads\/2026\/09\/pf18502-scaled.jpg\",\"articleSection\":[\"\u00c0 la une\"],\"inLanguage\":\"fr-FR\",\"potentialAction\":[{\"@type\":\"CommentAction\",\"name\":\"Comment\",\"target\":[\"https:\/\/sport-index.fr\/blog\/a-la-une\/tadej-pogacar-opere-apres-sa-chute-sur-la-vuelta-les-mondiaux-de-montreal-menaces\/#respond\"]}]},{\"@type\":\"WebPage\",\"@id\":\"https:\/\/sport-index.fr\/blog\/a-la-une\/tadej-pogacar-opere-apres-sa-chute-sur-la-vuelta-les-mondiaux-de-montreal-menaces\/\",\"url\":\"https:\/\/sport-index.fr\/blog\/a-la-une\/tadej-pogacar-opere-apres-sa-chute-sur-la-vuelta-les-mondiaux-de-montreal-menaces\/\",\"name\":\"Poga\u010dar op\u00e9r\u00e9 apr\u00e8s sa chute sur la Vuelta, Mondiaux menac\u00e9s\",\"isPartOf\":{\"@id\":\"https:\/\/sport-index.fr\/blog\/#website\"},\"primaryImageOfPage\":{\"@id\":\"https:\/\/sport-index.fr\/blog\/a-la-une\/tadej-pogacar-opere-apres-sa-chute-sur-la-vuelta-les-mondiaux-de-montreal-menaces\/#primaryimage\"},\"image\":{\"@id\":\"https:\/\/sport-index.fr\/blog\/a-la-une\/tadej-pogacar-opere-apres-sa-chute-sur-la-vuelta-les-mondiaux-de-montreal-menaces\/#primaryimage\"},\"thumbnailUrl\":\"https:\/\/sport-index.fr\/blog\/wp-content\/uploads\/2026\/09\/pf18502-scaled.jpg\",\"datePublished\":\"2026-09-02T08:02:14+00:00\",\"description\":\"Op\u00e9r\u00e9 de la clavicule gauche le 31 ao\u00fbt apr\u00e8s sa chute sur la 8e \u00e9tape de la Vuelta, Tadej Poga\u010dar pourrait manquer les Mondiaux de Montr\u00e9al le 27 septembre.\",\"inLanguage\":\"fr-FR\",\"potentialAction\":[{\"@type\":\"ReadAction\",\"target\":[\"https:\/\/sport-index.fr\/blog\/a-la-une\/tadej-pogacar-opere-apres-sa-chute-sur-la-vuelta-les-mondiaux-de-montreal-menaces\/\"]}]},{\"@type\":\"ImageObject\",\"inLanguage\":\"fr-FR\",\"@id\":\"https:\/\/sport-index.fr\/blog\/a-la-une\/tadej-pogacar-opere-apres-sa-chute-sur-la-vuelta-les-mondiaux-de-montreal-menaces\/#primaryimage\",\"url\":\"https:\/\/sport-index.fr\/blog\/wp-content\/uploads\/2026\/09\/pf18502-scaled.jpg\",\"contentUrl\":\"https:\/\/sport-index.fr\/blog\/wp-content\/uploads\/2026\/09\/pf18502-scaled.jpg\",\"width\":1200,\"height\":676},{\"@type\":\"WebSite\",\"@id\":\"https:\/\/sport-index.fr\/blog\/#website\",\"url\":\"https:\/\/sport-index.fr\/blog\/\",\"name\":\"sport-index.fr\",\"description\":\"Le score de l\u2019analyse sportive.\",\"publisher\":{\"@id\":\"https:\/\/sport-index.fr\/blog\/#organization\"},\"alternateName\":\"Le score de l\u2019analyse sportive.\",\"potentialAction\":[{\"@type\":\"SearchAction\",\"target\":{\"@type\":\"EntryPoint\",\"urlTemplate\":\"https:\/\/sport-index.fr\/blog\/?s={search_term_string}\"},\"query-input\":{\"@type\":\"PropertyValueSpecification\",\"valueRequired\":true,\"valueName\":\"search_term_string\"}}],\"inLanguage\":\"fr-FR\"},{\"@type\":\"Organization\",\"@id\":\"https:\/\/sport-index.fr\/blog\/#organization\",\"name\":\"Foretsensations.fr\",\"url\":\"https:\/\/sport-index.fr\/blog\/\",\"logo\":{\"@type\":\"ImageObject\",\"inLanguage\":\"fr-FR\",\"@id\":\"https:\/\/sport-index.fr\/blog\/#\/schema\/logo\/image\/\",\"url\":\"https:\/\/sport-index.fr\/blog\/wp-content\/uploads\/2026\/07\/logo-auto.png\",\"contentUrl\":\"https:\/\/sport-index.fr\/blog\/wp-content\/uploads\/2026\/07\/logo-auto.png\",\"width\":1024,\"height\":1024,\"caption\":\"Foretsensations.fr\"},\"image\":{\"@id\":\"https:\/\/sport-index.fr\/blog\/#\/schema\/logo\/image\/\"}},{\"@type\":\"Person\",\"@id\":\"https:\/\/sport-index.fr\/blog\/#\/schema\/person\/3c864cdc320801e3db34b663e7e3f816\",\"name\":\"Axel Lauzier\",\"image\":{\"@type\":\"ImageObject\",\"inLanguage\":\"fr-FR\",\"@id\":\"https:\/\/sport-index.fr\/blog\/#\/schema\/person\/image\/\",\"url\":\"https:\/\/sport-index.fr\/blog\/wp-content\/uploads\/2026\/06\/persona_axel-l-96x96.jpg\",\"contentUrl\":\"https:\/\/sport-index.fr\/blog\/wp-content\/uploads\/2026\/06\/persona_axel-l-96x96.jpg\",\"caption\":\"Axel Lauzier\"},\"description\":\"Le sport rythme mon quotidien depuis l'enfance, et j'en ai fait mon m\u00e9tier d'analyste r\u00e9dactionnel il y a une dizaine d'ann\u00e9es. Je couvre principalement le football, son actualit\u00e9, ses transferts et l'analyse tactique des grandes affiches, mais aussi les disciplines plus confidentielles que j'aime remettre en lumi\u00e8re. Une partie de mon travail porte sur les pronostics et la lecture statistique d'un match : forme des \u00e9quipes, historique des confrontations, compositions, sans jamais vendre de fausse certitude. Je rappelle syst\u00e9matiquement que parier comporte un risque et doit rester un loisir ma\u00eetris\u00e9. Avant de signer une analyse, je v\u00e9rifie mes chiffres, je recoupe les compositions probables et je distingue toujours la donn\u00e9e brute de l'intuition. Mon objectif : offrir une lecture honn\u00eate et argument\u00e9e, pas un ticket gagnant garanti.\",\"sameAs\":[\"https:\/\/axellauzier.fr\/\"],\"url\":\"https:\/\/sport-index.fr\/blog\/auteur\/noname\/\"}]}<\/script>\n<!-- \/ Yoast SEO Premium plugin. -->","yoast_head_json":{"title":"Poga\u010dar op\u00e9r\u00e9 apr\u00e8s sa chute sur la Vuelta, Mondiaux menac\u00e9s","description":"Op\u00e9r\u00e9 de la clavicule gauche le 31 ao\u00fbt apr\u00e8s sa chute sur la 8e \u00e9tape de la Vuelta, Tadej Poga\u010dar pourrait manquer les Mondiaux de Montr\u00e9al le 27 septembre.","robots":{"index":"index","follow":"follow","max-snippet":"max-snippet:-1","max-image-preview":"max-image-preview:large","max-video-preview":"max-video-preview:-1"},"canonical":"https:\/\/sport-index.fr\/blog\/a-la-une\/tadej-pogacar-opere-apres-sa-chute-sur-la-vuelta-les-mondiaux-de-montreal-menaces\/","og_locale":"fr_FR","og_type":"article","og_title":"Poga\u010dar op\u00e9r\u00e9 apr\u00e8s sa chute sur la Vuelta, Mondiaux menac\u00e9s","og_description":"Op\u00e9r\u00e9 de la clavicule gauche le 31 ao\u00fbt apr\u00e8s sa chute sur la 8e \u00e9tape de la Vuelta, Tadej Poga\u010dar pourrait manquer les Mondiaux de Montr\u00e9al le 27 septembre.","og_url":"https:\/\/sport-index.fr\/blog\/a-la-une\/tadej-pogacar-opere-apres-sa-chute-sur-la-vuelta-les-mondiaux-de-montreal-menaces\/","og_site_name":"sport-index","og_image":[{"width":1200,"height":676,"url":"https:\/\/sport-index.fr\/blog\/wp-content\/uploads\/2026\/09\/pf18502-scaled.jpg","type":"image\/jpeg"}],"author":"Axel Lauzier","twitter_card":"summary_large_image","schema":{"@context":"https:\/\/schema.org","@graph":[{"@type":"NewsArticle","@id":"https:\/\/sport-index.fr\/blog\/a-la-une\/tadej-pogacar-opere-apres-sa-chute-sur-la-vuelta-les-mondiaux-de-montreal-menaces\/#article","isPartOf":{"@id":"https:\/\/sport-index.fr\/blog\/a-la-une\/tadej-pogacar-opere-apres-sa-chute-sur-la-vuelta-les-mondiaux-de-montreal-menaces\/"},"author":{"name":"Axel Lauzier","@id":"https:\/\/sport-index.fr\/blog\/#\/schema\/person\/3c864cdc320801e3db34b663e7e3f816"},"headline":"Tadej Poga\u010dar op\u00e9r\u00e9 apr\u00e8s sa chute sur la Vuelta : les Mondiaux de Montr\u00e9al menac\u00e9s","datePublished":"2026-09-02T08:02:14+00:00","mainEntityOfPage":{"@id":"https:\/\/sport-index.fr\/blog\/a-la-une\/tadej-pogacar-opere-apres-sa-chute-sur-la-vuelta-les-mondiaux-de-montreal-menaces\/"},"wordCount":1406,"commentCount":0,"publisher":{"@id":"https:\/\/sport-index.fr\/blog\/#organization"},"image":{"@id":"https:\/\/sport-index.fr\/blog\/a-la-une\/tadej-pogacar-opere-apres-sa-chute-sur-la-vuelta-les-mondiaux-de-montreal-menaces\/#primaryimage"},"thumbnailUrl":"https:\/\/sport-index.fr\/blog\/wp-content\/uploads\/2026\/09\/pf18502-scaled.jpg","articleSection":["\u00c0 la une"],"inLanguage":"fr-FR","potentialAction":[{"@type":"CommentAction","name":"Comment","target":["https:\/\/sport-index.fr\/blog\/a-la-une\/tadej-pogacar-opere-apres-sa-chute-sur-la-vuelta-les-mondiaux-de-montreal-menaces\/#respond"]}]},{"@type":"WebPage","@id":"https:\/\/sport-index.fr\/blog\/a-la-une\/tadej-pogacar-opere-apres-sa-chute-sur-la-vuelta-les-mondiaux-de-montreal-menaces\/","url":"https:\/\/sport-index.fr\/blog\/a-la-une\/tadej-pogacar-opere-apres-sa-chute-sur-la-vuelta-les-mondiaux-de-montreal-menaces\/","name":"Poga\u010dar op\u00e9r\u00e9 apr\u00e8s sa chute sur la Vuelta, Mondiaux menac\u00e9s","isPartOf":{"@id":"https:\/\/sport-index.fr\/blog\/#website"},"primaryImageOfPage":{"@id":"https:\/\/sport-index.fr\/blog\/a-la-une\/tadej-pogacar-opere-apres-sa-chute-sur-la-vuelta-les-mondiaux-de-montreal-menaces\/#primaryimage"},"image":{"@id":"https:\/\/sport-index.fr\/blog\/a-la-une\/tadej-pogacar-opere-apres-sa-chute-sur-la-vuelta-les-mondiaux-de-montreal-menaces\/#primaryimage"},"thumbnailUrl":"https:\/\/sport-index.fr\/blog\/wp-content\/uploads\/2026\/09\/pf18502-scaled.jpg","datePublished":"2026-09-02T08:02:14+00:00","description":"Op\u00e9r\u00e9 de la clavicule gauche le 31 ao\u00fbt apr\u00e8s sa chute sur la 8e \u00e9tape de la Vuelta, Tadej Poga\u010dar pourrait manquer les Mondiaux de Montr\u00e9al le 27 septembre.","inLanguage":"fr-FR","potentialAction":[{"@type":"ReadAction","target":["https:\/\/sport-index.fr\/blog\/a-la-une\/tadej-pogacar-opere-apres-sa-chute-sur-la-vuelta-les-mondiaux-de-montreal-menaces\/"]}]},{"@type":"ImageObject","inLanguage":"fr-FR","@id":"https:\/\/sport-index.fr\/blog\/a-la-une\/tadej-pogacar-opere-apres-sa-chute-sur-la-vuelta-les-mondiaux-de-montreal-menaces\/#primaryimage","url":"https:\/\/sport-index.fr\/blog\/wp-content\/uploads\/2026\/09\/pf18502-scaled.jpg","contentUrl":"https:\/\/sport-index.fr\/blog\/wp-content\/uploads\/2026\/09\/pf18502-scaled.jpg","width":1200,"height":676},{"@type":"WebSite","@id":"https:\/\/sport-index.fr\/blog\/#website","url":"https:\/\/sport-index.fr\/blog\/","name":"sport-index.fr","description":"Le score de l\u2019analyse sportive.","publisher":{"@id":"https:\/\/sport-index.fr\/blog\/#organization"},"alternateName":"Le score de l\u2019analyse sportive.","potentialAction":[{"@type":"SearchAction","target":{"@type":"EntryPoint","urlTemplate":"https:\/\/sport-index.fr\/blog\/?s={search_term_string}"},"query-input":{"@type":"PropertyValueSpecification","valueRequired":true,"valueName":"search_term_string"}}],"inLanguage":"fr-FR"},{"@type":"Organization","@id":"https:\/\/sport-index.fr\/blog\/#organization","name":"Foretsensations.fr","url":"https:\/\/sport-index.fr\/blog\/","logo":{"@type":"ImageObject","inLanguage":"fr-FR","@id":"https:\/\/sport-index.fr\/blog\/#\/schema\/logo\/image\/","url":"https:\/\/sport-index.fr\/blog\/wp-content\/uploads\/2026\/07\/logo-auto.png","contentUrl":"https:\/\/sport-index.fr\/blog\/wp-content\/uploads\/2026\/07\/logo-auto.png","width":1024,"height":1024,"caption":"Foretsensations.fr"},"image":{"@id":"https:\/\/sport-index.fr\/blog\/#\/schema\/logo\/image\/"}},{"@type":"Person","@id":"https:\/\/sport-index.fr\/blog\/#\/schema\/person\/3c864cdc320801e3db34b663e7e3f816","name":"Axel Lauzier","image":{"@type":"ImageObject","inLanguage":"fr-FR","@id":"https:\/\/sport-index.fr\/blog\/#\/schema\/person\/image\/","url":"https:\/\/sport-index.fr\/blog\/wp-content\/uploads\/2026\/06\/persona_axel-l-96x96.jpg","contentUrl":"https:\/\/sport-index.fr\/blog\/wp-content\/uploads\/2026\/06\/persona_axel-l-96x96.jpg","caption":"Axel Lauzier"},"description":"Le sport rythme mon quotidien depuis l'enfance, et j'en ai fait mon m\u00e9tier d'analyste r\u00e9dactionnel il y a une dizaine d'ann\u00e9es. Je couvre principalement le football, son actualit\u00e9, ses transferts et l'analyse tactique des grandes affiches, mais aussi les disciplines plus confidentielles que j'aime remettre en lumi\u00e8re. Une partie de mon travail porte sur les pronostics et la lecture statistique d'un match : forme des \u00e9quipes, historique des confrontations, compositions, sans jamais vendre de fausse certitude. Je rappelle syst\u00e9matiquement que parier comporte un risque et doit rester un loisir ma\u00eetris\u00e9. Avant de signer une analyse, je v\u00e9rifie mes chiffres, je recoupe les compositions probables et je distingue toujours la donn\u00e9e brute de l'intuition. Mon objectif : offrir une lecture honn\u00eate et argument\u00e9e, pas un ticket gagnant garanti.","sameAs":["https:\/\/axellauzier.fr\/"],"url":"https:\/\/sport-index.fr\/blog\/auteur\/noname\/"}]}},"_links":{"self":[{"href":"https:\/\/sport-index.fr\/blog\/wp-json\/wp\/v2\/posts\/18502","targetHints":{"allow":["GET"]}}],"collection":[{"href":"https:\/\/sport-index.fr\/blog\/wp-json\/wp\/v2\/posts"}],"about":[{"href":"https:\/\/sport-index.fr\/blog\/wp-json\/wp\/v2\/types\/post"}],"author":[{"embeddable":true,"href":"https:\/\/sport-index.fr\/blog\/wp-json\/wp\/v2\/users\/34"}],"replies":[{"embeddable":true,"href":"https:\/\/sport-index.fr\/blog\/wp-json\/wp\/v2\/comments?post=18502"}],"version-history":[{"count":0,"href":"https:\/\/sport-index.fr\/blog\/wp-json\/wp\/v2\/posts\/18502\/revisions"}],"wp:featuredmedia":[{"embeddable":true,"href":"https:\/\/sport-index.fr\/blog\/wp-json\/wp\/v2\/media\/18503"}],"wp:attachment":[{"href":"https:\/\/sport-index.fr\/blog\/wp-json\/wp\/v2\/media?parent=18502"}],"wp:term":[{"taxonomy":"category","embeddable":true,"href":"https:\/\/sport-index.fr\/blog\/wp-json\/wp\/v2\/categories?post=18502"},{"taxonomy":"post_tag","embeddable":true,"href":"https:\/\/sport-index.fr\/blog\/wp-json\/wp\/v2\/tags?post=18502"}],"curies":[{"name":"wp","href":"https:\/\/api.w.org\/{rel}","templated":true}]}}