{"id":7918,"date":"2025-02-12T11:42:04","date_gmt":"2025-02-12T10:42:04","guid":{"rendered":"https:\/\/sport-index.fr\/blog\/?p=7918"},"modified":"2025-02-12T11:42:04","modified_gmt":"2025-02-12T10:42:04","slug":"romain-ntamack-absent-contre-litalie-un-coup-dur-pour-le-xv-de-france","status":"publish","type":"post","link":"https:\/\/sport-index.fr\/blog\/a-la-une\/romain-ntamack-absent-contre-litalie-un-coup-dur-pour-le-xv-de-france\/","title":{"rendered":"Romain Ntamack absent contre l&rsquo;Italie : un coup dur pour le XV de France"},"content":{"rendered":"<h2>Un coup dur pour le XV de France<\/h2>\n<p>Romain Ntamack, l&rsquo;ouvreur vedette du XV de France, ne pourra pas participer \u00e0 la rencontre tant attendue contre l&rsquo;Italie lors de la troisi\u00e8me journ\u00e9e du Tournoi des 6 Nations 2025. En effet, sa suspension de trois semaines, inflig\u00e9e suite \u00e0 un carton rouge pour un plaquage dangereux, a \u00e9t\u00e9 confirm\u00e9e par la commission de discipline. Cette d\u00e9cision survient alors que l&rsquo;\u00e9quipe nationale esp\u00e9rait pouvoir compter sur lui apr\u00e8s qu&rsquo;il ait suivi le protocole de r\u00e9habilitation.<\/p>\n<p>Le s\u00e9lectionneur Fabien Galthi\u00e9 se retrouve donc confront\u00e9 \u00e0 un nouveau d\u00e9fi. Apr\u00e8s une d\u00e9faite difficile face au pays de Galles, l&rsquo;absence de Ntamack ajoute une pression suppl\u00e9mentaire sur l&rsquo;\u00e9quipe. Le joueur, qui a \u00e9t\u00e9 un pilier essentiel pour la France, voit ses espoirs de retrouver le terrain rapidement an\u00e9antis, ce qui pourrait avoir des r\u00e9percussions sur la performance de l&rsquo;\u00e9quipe.<\/p>\n<h2>Les cons\u00e9quences de la d\u00e9cision<\/h2>\n<p>Cette situation soul\u00e8ve des questions sur la gestion des suspensions et des joueurs prot\u00e9g\u00e9s. La F\u00e9d\u00e9ration Fran\u00e7aise de Rugby (FFR) esp\u00e9rait que la suspension de Ntamack pourrait \u00eatre all\u00e9g\u00e9e, lui permettant de disputer des matchs en Top 14 pendant son temps d&rsquo;attente. Cependant, la commission de discipline a tranch\u00e9 en faveur d&rsquo;une interpr\u00e9tation stricte des r\u00e8gles, ne tenant pas compte du syst\u00e8me de protection des joueurs.<\/p>\n<p>Cette d\u00e9cision pourrait aussi avoir des r\u00e9percussions sur le moral de l&rsquo;\u00e9quipe. La confiance dans le groupe est souvent impact\u00e9e par des \u00e9v\u00e9nements comme celui-ci, et les joueurs devront se regrouper pour faire face \u00e0 l&rsquo;absence d&rsquo;une figure cl\u00e9 comme Ntamack. Comme l&rsquo;a soulign\u00e9 Antoine Dupont, \u00ab on esp\u00e8re que ce ne sera pas trop lourd \u00bb, illustrant bien les pr\u00e9occupations au sein du groupe.<\/p>\n<h2>Le parcours de Romain Ntamack<\/h2>\n<p>Romain Ntamack est reconnu non seulement pour ses comp\u00e9tences techniques et son sens du jeu, mais aussi pour son leadership sur le terrain. Sa capacit\u00e9 \u00e0 orchestrer le jeu et \u00e0 prendre des d\u00e9cisions rapides en fait un atout pr\u00e9cieux pour le XV de France. Son absence contre l&rsquo;Italie sera donc ressentie, non seulement par ses co\u00e9quipiers, mais aussi par les supporters.<\/p>\n<p>\u00c0 travers ses performances, Ntamack a su s&rsquo;imposer comme l&rsquo;un des meilleurs ouvreurs de sa g\u00e9n\u00e9ration. En l&rsquo;absence de ce joueur cl\u00e9, d&rsquo;autres membres de l&rsquo;\u00e9quipe devront se lever et prendre la responsabilit\u00e9. La question demeure : qui sera capable de remplir le vide laiss\u00e9 par Ntamack ? Les regards se tournent vers les rempla\u00e7ants et leur capacit\u00e9 \u00e0 briller sous pression.<\/p>\n<ul>\n<li>Romain Ntamack a \u00e9t\u00e9 suspendu pour un plaquage \u00e0 la t\u00eate.<\/li>\n<li>La commission de discipline n&rsquo;a pas reconnu le syst\u00e8me de protection des joueurs.<\/li>\n<li>Fabien Galthi\u00e9 doit faire face \u00e0 un nouveau d\u00e9fi sans son ouvreur vedette.<\/li>\n<li>Le moral de l&rsquo;\u00e9quipe pourrait \u00eatre affect\u00e9 par cette d\u00e9cision.<\/li>\n<li>Les co\u00e9quipiers de Ntamack devront s&rsquo;adapter rapidement.<\/li>\n<\/ul>\n<p>Ce coup dur pour le XV de France met en lumi\u00e8re les d\u00e9fis auxquels l&rsquo;\u00e9quipe est confront\u00e9e dans le cadre d&rsquo;un tournoi aussi comp\u00e9titif que le Tournoi des 6 Nations. Alors que les supporters esp\u00e8rent une r\u00e9action rapide de l&rsquo;\u00e9quipe, tous les yeux seront riv\u00e9s sur les prochains matchs pour voir comment les Bleus s&rsquo;adapteront \u00e0 cette nouvelle r\u00e9alit\u00e9.<\/p>\n","protected":false},"excerpt":{"rendered":"","protected":false},"author":34,"featured_media":10533,"comment_status":"open","ping_status":"open","sticky":false,"template":"","format":"standard","meta":{"_acf_changed":false,"manual_indexmenow":false,"indexmenow_id_project":0,"footnotes":""},"categories":[1],"tags":[4558,4557,4555,4556,4554],"class_list":["post-7918","post","type-post","status-publish","format-standard","has-post-thumbnail","hentry","category-a-la-une","tag-discipline","tag-fabien-galthie","tag-romain-ntamack","tag-tournoi-des-6-nations","tag-xv-de-france","generate-columns","tablet-grid-50","mobile-grid-100","grid-parent","grid-25"],"acf":[],"yoast_head":"<!-- This site is optimized with the Yoast SEO Premium plugin v21.3 (Yoast SEO v26.5) - https:\/\/yoast.com\/wordpress\/plugins\/seo\/ -->\n<title>Romain Ntamack absent contre l&#039;Italie : un coup dur<\/title>\n<meta name=\"description\" content=\"Un coup dur pour le XV de France Romain Ntamack, l&#039;ouvreur vedette du XV de France, ne pourra pas participer \u00e0 la rencontre tant attendue contre l&#039;Italie\u2026\" \/>\n<meta name=\"robots\" content=\"index, follow, max-snippet:-1, max-image-preview:large, max-video-preview:-1\" \/>\n<link rel=\"canonical\" href=\"https:\/\/sport-index.fr\/blog\/a-la-une\/romain-ntamack-absent-contre-litalie-un-coup-dur-pour-le-xv-de-france\/\" \/>\n<meta property=\"og:locale\" content=\"fr_FR\" \/>\n<meta property=\"og:type\" content=\"article\" \/>\n<meta property=\"og:title\" content=\"Romain Ntamack absent contre l&#039;Italie : un coup dur\" \/>\n<meta property=\"og:description\" content=\"Un coup dur pour le XV de France Romain Ntamack, l&#039;ouvreur vedette du XV de France, ne pourra pas participer \u00e0 la rencontre tant attendue contre l&#039;Italie\u2026\" \/>\n<meta property=\"og:url\" content=\"https:\/\/sport-index.fr\/blog\/a-la-une\/romain-ntamack-absent-contre-litalie-un-coup-dur-pour-le-xv-de-france\/\" \/>\n<meta property=\"og:site_name\" content=\"sport-index\" \/>\n<meta name=\"author\" content=\"Axel Lauzier\" \/>\n<meta name=\"twitter:card\" content=\"summary_large_image\" \/>\n<script type=\"application\/ld+json\" class=\"yoast-schema-graph\">{\"@context\":\"https:\/\/schema.org\",\"@graph\":[{\"@type\":\"NewsArticle\",\"@id\":\"https:\/\/sport-index.fr\/blog\/a-la-une\/romain-ntamack-absent-contre-litalie-un-coup-dur-pour-le-xv-de-france\/#article\",\"isPartOf\":{\"@id\":\"https:\/\/sport-index.fr\/blog\/a-la-une\/romain-ntamack-absent-contre-litalie-un-coup-dur-pour-le-xv-de-france\/\"},\"author\":{\"name\":\"Axel Lauzier\",\"@id\":\"https:\/\/sport-index.fr\/blog\/#\/schema\/person\/3c864cdc320801e3db34b663e7e3f816\"},\"headline\":\"Romain Ntamack absent contre l&rsquo;Italie : un coup dur pour le XV de France\",\"datePublished\":\"2025-02-12T10:42:04+00:00\",\"mainEntityOfPage\":{\"@id\":\"https:\/\/sport-index.fr\/blog\/a-la-une\/romain-ntamack-absent-contre-litalie-un-coup-dur-pour-le-xv-de-france\/\"},\"wordCount\":598,\"commentCount\":27,\"publisher\":{\"@id\":\"https:\/\/sport-index.fr\/blog\/#organization\"},\"image\":{\"@id\":\"https:\/\/sport-index.fr\/blog\/a-la-une\/romain-ntamack-absent-contre-litalie-un-coup-dur-pour-le-xv-de-france\/#primaryimage\"},\"thumbnailUrl\":\"https:\/\/sport-index.fr\/blog\/wp-content\/uploads\/2025\/02\/sdxl-d5f60c42b8564748fe3cdbe66be72692.png\",\"keywords\":[\"discipline\",\"Fabien Galthi\u00e9\",\"Romain Ntamack\",\"Tournoi des 6 Nations\",\"XV de France\"],\"articleSection\":[\"\u00c0 la une\"],\"inLanguage\":\"fr-FR\",\"potentialAction\":[{\"@type\":\"CommentAction\",\"name\":\"Comment\",\"target\":[\"https:\/\/sport-index.fr\/blog\/a-la-une\/romain-ntamack-absent-contre-litalie-un-coup-dur-pour-le-xv-de-france\/#respond\"]}]},{\"@type\":\"WebPage\",\"@id\":\"https:\/\/sport-index.fr\/blog\/a-la-une\/romain-ntamack-absent-contre-litalie-un-coup-dur-pour-le-xv-de-france\/\",\"url\":\"https:\/\/sport-index.fr\/blog\/a-la-une\/romain-ntamack-absent-contre-litalie-un-coup-dur-pour-le-xv-de-france\/\",\"name\":\"Romain Ntamack absent contre l'Italie : un coup dur\",\"isPartOf\":{\"@id\":\"https:\/\/sport-index.fr\/blog\/#website\"},\"primaryImageOfPage\":{\"@id\":\"https:\/\/sport-index.fr\/blog\/a-la-une\/romain-ntamack-absent-contre-litalie-un-coup-dur-pour-le-xv-de-france\/#primaryimage\"},\"image\":{\"@id\":\"https:\/\/sport-index.fr\/blog\/a-la-une\/romain-ntamack-absent-contre-litalie-un-coup-dur-pour-le-xv-de-france\/#primaryimage\"},\"thumbnailUrl\":\"https:\/\/sport-index.fr\/blog\/wp-content\/uploads\/2025\/02\/sdxl-d5f60c42b8564748fe3cdbe66be72692.png\",\"datePublished\":\"2025-02-12T10:42:04+00:00\",\"description\":\"Un coup dur pour le XV de France Romain Ntamack, l'ouvreur vedette du XV de France, ne pourra pas participer \u00e0 la rencontre tant attendue contre l'Italie\u2026\",\"inLanguage\":\"fr-FR\",\"potentialAction\":[{\"@type\":\"ReadAction\",\"target\":[\"https:\/\/sport-index.fr\/blog\/a-la-une\/romain-ntamack-absent-contre-litalie-un-coup-dur-pour-le-xv-de-france\/\"]}]},{\"@type\":\"ImageObject\",\"inLanguage\":\"fr-FR\",\"@id\":\"https:\/\/sport-index.fr\/blog\/a-la-une\/romain-ntamack-absent-contre-litalie-un-coup-dur-pour-le-xv-de-france\/#primaryimage\",\"url\":\"https:\/\/sport-index.fr\/blog\/wp-content\/uploads\/2025\/02\/sdxl-d5f60c42b8564748fe3cdbe66be72692.png\",\"contentUrl\":\"https:\/\/sport-index.fr\/blog\/wp-content\/uploads\/2025\/02\/sdxl-d5f60c42b8564748fe3cdbe66be72692.png\",\"width\":1536,\"height\":640},{\"@type\":\"WebSite\",\"@id\":\"https:\/\/sport-index.fr\/blog\/#website\",\"url\":\"https:\/\/sport-index.fr\/blog\/\",\"name\":\"sport-index.fr\",\"description\":\"Le score de l\u2019analyse sportive.\",\"publisher\":{\"@id\":\"https:\/\/sport-index.fr\/blog\/#organization\"},\"alternateName\":\"Le score de l\u2019analyse sportive.\",\"potentialAction\":[{\"@type\":\"SearchAction\",\"target\":{\"@type\":\"EntryPoint\",\"urlTemplate\":\"https:\/\/sport-index.fr\/blog\/?s={search_term_string}\"},\"query-input\":{\"@type\":\"PropertyValueSpecification\",\"valueRequired\":true,\"valueName\":\"search_term_string\"}}],\"inLanguage\":\"fr-FR\"},{\"@type\":\"Organization\",\"@id\":\"https:\/\/sport-index.fr\/blog\/#organization\",\"name\":\"Foretsensations.fr\",\"url\":\"https:\/\/sport-index.fr\/blog\/\",\"logo\":{\"@type\":\"ImageObject\",\"inLanguage\":\"fr-FR\",\"@id\":\"https:\/\/sport-index.fr\/blog\/#\/schema\/logo\/image\/\",\"url\":\"https:\/\/sport-index.fr\/blog\/wp-content\/uploads\/2026\/07\/logo-auto.png\",\"contentUrl\":\"https:\/\/sport-index.fr\/blog\/wp-content\/uploads\/2026\/07\/logo-auto.png\",\"width\":1024,\"height\":1024,\"caption\":\"Foretsensations.fr\"},\"image\":{\"@id\":\"https:\/\/sport-index.fr\/blog\/#\/schema\/logo\/image\/\"}},{\"@type\":\"Person\",\"@id\":\"https:\/\/sport-index.fr\/blog\/#\/schema\/person\/3c864cdc320801e3db34b663e7e3f816\",\"name\":\"Axel Lauzier\",\"image\":{\"@type\":\"ImageObject\",\"inLanguage\":\"fr-FR\",\"@id\":\"https:\/\/sport-index.fr\/blog\/#\/schema\/person\/image\/\",\"url\":\"https:\/\/sport-index.fr\/blog\/wp-content\/uploads\/2026\/06\/persona_axel-l-96x96.jpg\",\"contentUrl\":\"https:\/\/sport-index.fr\/blog\/wp-content\/uploads\/2026\/06\/persona_axel-l-96x96.jpg\",\"caption\":\"Axel Lauzier\"},\"description\":\"Le sport rythme mon quotidien depuis l'enfance, et j'en ai fait mon m\u00e9tier d'analyste r\u00e9dactionnel il y a une dizaine d'ann\u00e9es. Je couvre principalement le football, son actualit\u00e9, ses transferts et l'analyse tactique des grandes affiches, mais aussi les disciplines plus confidentielles que j'aime remettre en lumi\u00e8re. Une partie de mon travail porte sur les pronostics et la lecture statistique d'un match : forme des \u00e9quipes, historique des confrontations, compositions, sans jamais vendre de fausse certitude. Je rappelle syst\u00e9matiquement que parier comporte un risque et doit rester un loisir ma\u00eetris\u00e9. Avant de signer une analyse, je v\u00e9rifie mes chiffres, je recoupe les compositions probables et je distingue toujours la donn\u00e9e brute de l'intuition. Mon objectif : offrir une lecture honn\u00eate et argument\u00e9e, pas un ticket gagnant garanti.\",\"sameAs\":[\"https:\/\/axellauzier.fr\/\"],\"url\":\"https:\/\/sport-index.fr\/blog\/auteur\/noname\/\"}]}<\/script>\n<!-- \/ Yoast SEO Premium plugin. -->","yoast_head_json":{"title":"Romain Ntamack absent contre l'Italie : un coup dur","description":"Un coup dur pour le XV de France Romain Ntamack, l'ouvreur vedette du XV de France, ne pourra pas participer \u00e0 la rencontre tant attendue contre l'Italie\u2026","robots":{"index":"index","follow":"follow","max-snippet":"max-snippet:-1","max-image-preview":"max-image-preview:large","max-video-preview":"max-video-preview:-1"},"canonical":"https:\/\/sport-index.fr\/blog\/a-la-une\/romain-ntamack-absent-contre-litalie-un-coup-dur-pour-le-xv-de-france\/","og_locale":"fr_FR","og_type":"article","og_title":"Romain Ntamack absent contre l'Italie : un coup dur","og_description":"Un coup dur pour le XV de France Romain Ntamack, l'ouvreur vedette du XV de France, ne pourra pas participer \u00e0 la rencontre tant attendue contre l'Italie\u2026","og_url":"https:\/\/sport-index.fr\/blog\/a-la-une\/romain-ntamack-absent-contre-litalie-un-coup-dur-pour-le-xv-de-france\/","og_site_name":"sport-index","author":"Axel Lauzier","twitter_card":"summary_large_image","schema":{"@context":"https:\/\/schema.org","@graph":[{"@type":"NewsArticle","@id":"https:\/\/sport-index.fr\/blog\/a-la-une\/romain-ntamack-absent-contre-litalie-un-coup-dur-pour-le-xv-de-france\/#article","isPartOf":{"@id":"https:\/\/sport-index.fr\/blog\/a-la-une\/romain-ntamack-absent-contre-litalie-un-coup-dur-pour-le-xv-de-france\/"},"author":{"name":"Axel Lauzier","@id":"https:\/\/sport-index.fr\/blog\/#\/schema\/person\/3c864cdc320801e3db34b663e7e3f816"},"headline":"Romain Ntamack absent contre l&rsquo;Italie : un coup dur pour le XV de France","datePublished":"2025-02-12T10:42:04+00:00","mainEntityOfPage":{"@id":"https:\/\/sport-index.fr\/blog\/a-la-une\/romain-ntamack-absent-contre-litalie-un-coup-dur-pour-le-xv-de-france\/"},"wordCount":598,"commentCount":27,"publisher":{"@id":"https:\/\/sport-index.fr\/blog\/#organization"},"image":{"@id":"https:\/\/sport-index.fr\/blog\/a-la-une\/romain-ntamack-absent-contre-litalie-un-coup-dur-pour-le-xv-de-france\/#primaryimage"},"thumbnailUrl":"https:\/\/sport-index.fr\/blog\/wp-content\/uploads\/2025\/02\/sdxl-d5f60c42b8564748fe3cdbe66be72692.png","keywords":["discipline","Fabien Galthi\u00e9","Romain Ntamack","Tournoi des 6 Nations","XV de France"],"articleSection":["\u00c0 la une"],"inLanguage":"fr-FR","potentialAction":[{"@type":"CommentAction","name":"Comment","target":["https:\/\/sport-index.fr\/blog\/a-la-une\/romain-ntamack-absent-contre-litalie-un-coup-dur-pour-le-xv-de-france\/#respond"]}]},{"@type":"WebPage","@id":"https:\/\/sport-index.fr\/blog\/a-la-une\/romain-ntamack-absent-contre-litalie-un-coup-dur-pour-le-xv-de-france\/","url":"https:\/\/sport-index.fr\/blog\/a-la-une\/romain-ntamack-absent-contre-litalie-un-coup-dur-pour-le-xv-de-france\/","name":"Romain Ntamack absent contre l'Italie : un coup dur","isPartOf":{"@id":"https:\/\/sport-index.fr\/blog\/#website"},"primaryImageOfPage":{"@id":"https:\/\/sport-index.fr\/blog\/a-la-une\/romain-ntamack-absent-contre-litalie-un-coup-dur-pour-le-xv-de-france\/#primaryimage"},"image":{"@id":"https:\/\/sport-index.fr\/blog\/a-la-une\/romain-ntamack-absent-contre-litalie-un-coup-dur-pour-le-xv-de-france\/#primaryimage"},"thumbnailUrl":"https:\/\/sport-index.fr\/blog\/wp-content\/uploads\/2025\/02\/sdxl-d5f60c42b8564748fe3cdbe66be72692.png","datePublished":"2025-02-12T10:42:04+00:00","description":"Un coup dur pour le XV de France Romain Ntamack, l'ouvreur vedette du XV de France, ne pourra pas participer \u00e0 la rencontre tant attendue contre l'Italie\u2026","inLanguage":"fr-FR","potentialAction":[{"@type":"ReadAction","target":["https:\/\/sport-index.fr\/blog\/a-la-une\/romain-ntamack-absent-contre-litalie-un-coup-dur-pour-le-xv-de-france\/"]}]},{"@type":"ImageObject","inLanguage":"fr-FR","@id":"https:\/\/sport-index.fr\/blog\/a-la-une\/romain-ntamack-absent-contre-litalie-un-coup-dur-pour-le-xv-de-france\/#primaryimage","url":"https:\/\/sport-index.fr\/blog\/wp-content\/uploads\/2025\/02\/sdxl-d5f60c42b8564748fe3cdbe66be72692.png","contentUrl":"https:\/\/sport-index.fr\/blog\/wp-content\/uploads\/2025\/02\/sdxl-d5f60c42b8564748fe3cdbe66be72692.png","width":1536,"height":640},{"@type":"WebSite","@id":"https:\/\/sport-index.fr\/blog\/#website","url":"https:\/\/sport-index.fr\/blog\/","name":"sport-index.fr","description":"Le score de l\u2019analyse sportive.","publisher":{"@id":"https:\/\/sport-index.fr\/blog\/#organization"},"alternateName":"Le score de l\u2019analyse sportive.","potentialAction":[{"@type":"SearchAction","target":{"@type":"EntryPoint","urlTemplate":"https:\/\/sport-index.fr\/blog\/?s={search_term_string}"},"query-input":{"@type":"PropertyValueSpecification","valueRequired":true,"valueName":"search_term_string"}}],"inLanguage":"fr-FR"},{"@type":"Organization","@id":"https:\/\/sport-index.fr\/blog\/#organization","name":"Foretsensations.fr","url":"https:\/\/sport-index.fr\/blog\/","logo":{"@type":"ImageObject","inLanguage":"fr-FR","@id":"https:\/\/sport-index.fr\/blog\/#\/schema\/logo\/image\/","url":"https:\/\/sport-index.fr\/blog\/wp-content\/uploads\/2026\/07\/logo-auto.png","contentUrl":"https:\/\/sport-index.fr\/blog\/wp-content\/uploads\/2026\/07\/logo-auto.png","width":1024,"height":1024,"caption":"Foretsensations.fr"},"image":{"@id":"https:\/\/sport-index.fr\/blog\/#\/schema\/logo\/image\/"}},{"@type":"Person","@id":"https:\/\/sport-index.fr\/blog\/#\/schema\/person\/3c864cdc320801e3db34b663e7e3f816","name":"Axel Lauzier","image":{"@type":"ImageObject","inLanguage":"fr-FR","@id":"https:\/\/sport-index.fr\/blog\/#\/schema\/person\/image\/","url":"https:\/\/sport-index.fr\/blog\/wp-content\/uploads\/2026\/06\/persona_axel-l-96x96.jpg","contentUrl":"https:\/\/sport-index.fr\/blog\/wp-content\/uploads\/2026\/06\/persona_axel-l-96x96.jpg","caption":"Axel Lauzier"},"description":"Le sport rythme mon quotidien depuis l'enfance, et j'en ai fait mon m\u00e9tier d'analyste r\u00e9dactionnel il y a une dizaine d'ann\u00e9es. Je couvre principalement le football, son actualit\u00e9, ses transferts et l'analyse tactique des grandes affiches, mais aussi les disciplines plus confidentielles que j'aime remettre en lumi\u00e8re. Une partie de mon travail porte sur les pronostics et la lecture statistique d'un match : forme des \u00e9quipes, historique des confrontations, compositions, sans jamais vendre de fausse certitude. Je rappelle syst\u00e9matiquement que parier comporte un risque et doit rester un loisir ma\u00eetris\u00e9. Avant de signer une analyse, je v\u00e9rifie mes chiffres, je recoupe les compositions probables et je distingue toujours la donn\u00e9e brute de l'intuition. Mon objectif : offrir une lecture honn\u00eate et argument\u00e9e, pas un ticket gagnant garanti.","sameAs":["https:\/\/axellauzier.fr\/"],"url":"https:\/\/sport-index.fr\/blog\/auteur\/noname\/"}]}},"_links":{"self":[{"href":"https:\/\/sport-index.fr\/blog\/wp-json\/wp\/v2\/posts\/7918","targetHints":{"allow":["GET"]}}],"collection":[{"href":"https:\/\/sport-index.fr\/blog\/wp-json\/wp\/v2\/posts"}],"about":[{"href":"https:\/\/sport-index.fr\/blog\/wp-json\/wp\/v2\/types\/post"}],"author":[{"embeddable":true,"href":"https:\/\/sport-index.fr\/blog\/wp-json\/wp\/v2\/users\/34"}],"replies":[{"embeddable":true,"href":"https:\/\/sport-index.fr\/blog\/wp-json\/wp\/v2\/comments?post=7918"}],"version-history":[{"count":1,"href":"https:\/\/sport-index.fr\/blog\/wp-json\/wp\/v2\/posts\/7918\/revisions"}],"predecessor-version":[{"id":8260,"href":"https:\/\/sport-index.fr\/blog\/wp-json\/wp\/v2\/posts\/7918\/revisions\/8260"}],"wp:featuredmedia":[{"embeddable":true,"href":"https:\/\/sport-index.fr\/blog\/wp-json\/wp\/v2\/media\/10533"}],"wp:attachment":[{"href":"https:\/\/sport-index.fr\/blog\/wp-json\/wp\/v2\/media?parent=7918"}],"wp:term":[{"taxonomy":"category","embeddable":true,"href":"https:\/\/sport-index.fr\/blog\/wp-json\/wp\/v2\/categories?post=7918"},{"taxonomy":"post_tag","embeddable":true,"href":"https:\/\/sport-index.fr\/blog\/wp-json\/wp\/v2\/tags?post=7918"}],"curies":[{"name":"wp","href":"https:\/\/api.w.org\/{rel}","templated":true}]}}