{"id":7933,"date":"2026-09-01T17:08:14","date_gmt":"2026-09-01T15:08:14","guid":{"rendered":"https:\/\/sport-index.fr\/blog\/?p=7933"},"modified":"2026-09-01T17:08:14","modified_gmt":"2026-09-01T15:08:14","slug":"la-victoire-strategique-de-lidl-trek-les-secrets-du-sprint-final-de-milan-a-valence","status":"publish","type":"post","link":"https:\/\/sport-index.fr\/blog\/a-la-une\/la-victoire-strategique-de-lidl-trek-les-secrets-du-sprint-final-de-milan-a-valence\/","title":{"rendered":"Tour de la Communaut\u00e9 valencienne 2025 : Jonathan Milan gagne la 5e \u00e9tape \u00e0 Valence le 9 f\u00e9vrier"},"content":{"rendered":"<link rel=\"stylesheet\" href=\"https:\/\/fonts.googleapis.com\/css2?family=Newsreader:ital,opsz,wght@0,6..72,500;0,6..72,700;1,6..72,500&#038;family=Inter:wght@400;500;600;700&#038;family=JetBrains+Mono:wght@500&#038;display=swap\">\n<style>\n.spi-actu-wrap{--spi-ink:#12161c;--spi-acc:#c1121f;--spi-acc2:#7d0a15;--spi-soft:#fdf3f3;--spi-line:#e5e7eb;font-family:\"Inter\",system-ui,sans-serif;color:var(--spi-ink);line-height:1.68;font-size:17px}\n.spi-actu-wrap h2{font-family:\"Newsreader\",Georgia,serif;font-weight:700;font-size:clamp(24px,3.2vw,33px);letter-spacing:-.015em;line-height:1.2;margin:48px 0 14px}\n.spi-actu-wrap h3{font-family:\"Newsreader\",Georgia,serif;font-weight:700;font-size:clamp(19px,2.2vw,23px);margin:26px 0 8px}\n.spi-actu-dateline{font-family:\"JetBrains Mono\",ui-monospace,monospace;font-size:12px;font-weight:500;letter-spacing:.08em;text-transform:uppercase;color:var(--spi-acc2);border-left:3px solid var(--spi-acc);padding-left:10px;margin:0 0 18px}\n.spi-actu-lead{font-family:\"Newsreader\",Georgia,serif;font-size:clamp(19px,2.3vw,22px);font-style:italic;line-height:1.5;color:#2b323c;margin:0 0 26px}\n.spi-actu-key{background:var(--spi-soft);border:1px solid #f3d3d5;border-left:5px solid var(--spi-acc);border-radius:14px;padding:24px 26px;margin:26px 0;box-shadow:0 1px 2px rgba(16,24,40,.05),0 12px 28px -18px rgba(16,24,40,.22)}\n.spi-actu-key .spi-actu-kick{font-family:\"JetBrains Mono\",ui-monospace,monospace;font-size:11px;letter-spacing:.12em;text-transform:uppercase;color:var(--spi-acc);display:block;margin-bottom:12px}\n.spi-actu-key ul{margin:0;padding-left:0;list-style:none}\n.spi-actu-key li{position:relative;padding-left:24px;margin:9px 0}\n.spi-actu-key li::before{content:\"\u2192\";position:absolute;left:0;top:0;color:var(--spi-acc);font-weight:700}\n.spi-actu-tblwrap{overflow-x:auto;border:1px solid var(--spi-line);border-radius:14px;margin:26px 0;box-shadow:0 1px 2px rgba(16,24,40,.05),0 12px 28px -20px rgba(16,24,40,.2)}\n.spi-actu-tbl{border-collapse:collapse;width:100%;min-width:520px;font-size:15.5px}\n.spi-actu-tbl th{background:#12161c;color:#f4f6f8;text-align:left;padding:12px 14px;font-size:12px;letter-spacing:.07em;text-transform:uppercase;font-family:\"JetBrains Mono\",ui-monospace,monospace;font-weight:500}\n.spi-actu-tbl td{padding:11px 14px;border-top:1px solid var(--spi-line)}\n.spi-actu-tbl tbody tr:nth-child(even){background:#fafbfc}\n.spi-actu-tbl tbody tr.spi-actu-win td{background:var(--spi-soft);font-weight:600}\n.spi-actu-tbl td.spi-actu-num{font-family:\"JetBrains Mono\",ui-monospace,monospace;white-space:nowrap}\n.spi-actu-quote{border-top:3px solid var(--spi-acc);background:#fff;border-radius:0 0 14px 14px;padding:24px 26px 20px;margin:30px 0;box-shadow:0 1px 2px rgba(16,24,40,.05),0 14px 30px -20px rgba(16,24,40,.25);transition:.25s ease}\n.spi-actu-quote:hover{transform:translateY(-3px);box-shadow:0 2px 4px rgba(16,24,40,.07),0 20px 38px -20px rgba(16,24,40,.3)}\n.spi-actu-quote .spi-actu-txt{font-family:\"Newsreader\",Georgia,serif;font-size:clamp(18px,2.2vw,21px);font-style:italic;line-height:1.5}\n.spi-actu-quote .spi-actu-src{font-family:\"JetBrains Mono\",ui-monospace,monospace;font-size:12px;color:#5b636e;margin-top:12px;display:block}\n.spi-actu-retain{background:#12161c;color:#eef3f9;border-radius:16px;padding:26px 28px;margin:36px 0}\n.spi-actu-retain .spi-actu-kick{color:#ff8b93!important;font-family:\"JetBrains Mono\",ui-monospace,monospace;font-size:11px;letter-spacing:.12em;text-transform:uppercase;display:block;margin-bottom:12px}\n.spi-actu-retain ul{margin:0;padding-left:0;list-style:none}\n.spi-actu-retain li{position:relative;padding-left:24px;margin:10px 0;color:#eef3f9!important}\n.spi-actu-retain li::before{content:\"\u2713\";position:absolute;left:0;top:0;color:#ff8b93!important;font-weight:700}\n.spi-actu-retain span,.spi-actu-retain div{color:#eef3f9!important}\n.spi-actu-retain strong,.spi-actu-retain b{color:#ffffff!important}\n.spi-actu-retain a{color:#ffc4c8!important}\n.spi-actu-note{border:1px dashed #c9ced6;border-radius:14px;padding:20px 22px;margin:30px 0;background:#f8fafc;font-size:15.5px}\n.spi-actu-note .spi-actu-kick{font-family:\"JetBrains Mono\",ui-monospace,monospace;font-size:11px;letter-spacing:.12em;text-transform:uppercase;color:var(--spi-acc2);display:block;margin-bottom:10px}\n.spi-actu-faq{margin:30px 0}\n.spi-actu-faq details{border:1px solid var(--spi-line);border-radius:12px;padding:14px 18px;margin:10px 0;background:#fff;transition:.25s ease}\n.spi-actu-faq details:hover{transform:translateY(-3px);box-shadow:0 10px 24px -16px rgba(16,24,40,.3)}\n.spi-actu-faq summary{font-weight:600;cursor:pointer;list-style:none;font-size:16.5px}\n.spi-actu-faq summary::-webkit-details-marker{display:none}\n.spi-actu-faq summary::before{content:\"\u00ab\";color:var(--spi-acc);font-weight:700;margin-right:8px}\n.spi-actu-faq .spi-actu-txt{margin-top:10px;color:#39404a}\n.spi-actu-src-list{border-top:2px solid var(--spi-line);margin-top:40px;padding-top:18px;font-size:14.5px}\n.spi-actu-src-list .spi-actu-kick{font-family:\"JetBrains Mono\",ui-monospace,monospace;font-size:11px;letter-spacing:.12em;text-transform:uppercase;color:#5b636e;display:block;margin-bottom:10px}\n.spi-actu-src-list ul{margin:0;padding-left:20px}\n.spi-actu-src-list li{margin:6px 0}\n.spi-actu-wrap a{color:var(--spi-acc2);text-decoration:underline;text-underline-offset:2px;text-decoration-thickness:1px}\n@media(max-width:640px){.spi-actu-wrap{font-size:16.5px}.spi-actu-key,.spi-actu-retain,.spi-actu-quote{padding:20px}}\n<\/style>\n<div class=\"spi-actu-wrap\">\n<div class=\"spi-actu-dateline\">Cyclisme \u00b7 Volta a la Comunitat Valenciana \u00b7 Valence (Espagne), dimanche 9 f\u00e9vrier 2025<\/div>\n<div class=\"spi-actu-lead\">Le sprinteur italien Jonathan Milan a remport\u00e9 la 5<sup>e<\/sup> et derni\u00e8re \u00e9tape du Tour de la Communaut\u00e9 valencienne, le dimanche 9 f\u00e9vrier 2025 \u00e0 Valence, au terme d&rsquo;un lancement de son \u00e9quipe Lidl-Trek qui a rendu sa victoire presque in\u00e9vitable.<\/div>\n<div class=\"spi-actu-key\">\n<span class=\"spi-actu-kick\">L&rsquo;essentiel<\/span><\/p>\n<ul>\n<li><strong>Quoi<\/strong> \u2014 Victoire au sprint de Jonathan Milan (Lidl-Trek) sur la 5<sup>e<\/sup> et derni\u00e8re \u00e9tape de la 76<sup>e<\/sup> Volta a la Comunitat Valenciana.<\/li>\n<li><strong>Quand et o\u00f9<\/strong> \u2014 Le dimanche 9 f\u00e9vrier 2025, sur les 104,2 km entre Alfafar et Valence, une \u00e9tape plate.<\/li>\n<li><strong>Devant qui<\/strong> \u2014 Devant le Britannique Jake Stewart (Israel-Premier Tech) et l&rsquo;Italien Giovanni Lonardi (Team Polti VisitMalta), tous deux cr\u00e9dit\u00e9s du m\u00eame temps.<\/li>\n<li><strong>Le classement g\u00e9n\u00e9ral<\/strong> \u2014 Remport\u00e9 par le Colombien Santiago Buitrago (Bahrain Victorious), qui a ralli\u00e9 l&rsquo;arriv\u00e9e dans le peloton.<\/li>\n<\/ul>\n<\/div>\n<p>Il faut d&#8217;embl\u00e9e lever une ambigu\u00eft\u00e9 de vocabulaire, parce qu&rsquo;elle se lit dans le titre m\u00eame de cette course : ici, \u00ab Milan \u00bb ne d\u00e9signe pas la ville italienne mais <strong>Jonathan Milan<\/strong>, sprinteur italien de l&rsquo;\u00e9quipe Lidl-Trek ; et \u00ab Valence \u00bb ne d\u00e9signe pas la Dr\u00f4me mais <strong>Valence (Val\u00e8ncia), en Espagne<\/strong>, ville d&rsquo;arriv\u00e9e de l&rsquo;\u00e9preuve. Il n&rsquo;y a donc aucun trajet de Milan \u00e0 Valence : il s&rsquo;agit d&rsquo;une \u00e9tape espagnole de 104,2 km au d\u00e9part d&rsquo;Alfafar, dans la banlieue sud de Valence.<\/p>\n<h2>Une pr\u00e9paration minutieuse pour un sprint gagnant<\/h2>\n<p>L&rsquo;\u00e9tape s&rsquo;est jou\u00e9e sur un sc\u00e9nario classique mais tendu. Six coureurs sont partis en \u00e9chapp\u00e9e dans les premiers kilom\u00e8tres : Jokin Murguialday (Euskaltel-Euskadi), Sinhue Fern\u00e1ndez (Burgos Burpellet BH), Joan Bou (Caja Rural-Seguros RGA), Quentin Bezza (Wagner Bazin WB), Nathan Smith (Team Novo Nordisk) et Edgard Cadena (Team Polti VisitMalta). Leur avance maximale a plafonn\u00e9 autour de 2\u203230\u2033 avant que le peloton, emmen\u00e9 par Ineos Grenadiers et UAE Team Emirates, ne commence \u00e0 la grignoter.<\/p>\n<p>\u00c0 39 km de l&rsquo;arriv\u00e9e, la crevaison de Cadena a co\u00fbt\u00e9 au groupe de t\u00eate une part de son \u00e9lan. \u00c0 20 km, les fuyards ne comptaient plus qu&rsquo;une trentaine de secondes ; le peloton a alors rel\u00e2ch\u00e9 la pression et les a laiss\u00e9s repartir, temporairement, jusqu&rsquo;\u00e0 pr\u00e8s d&rsquo;une minute. Une fois Lidl-Trek en action pour lancer Milan, l&rsquo;\u00e9cart est retomb\u00e9 sous les 20 secondes \u00e0 15 km du but, et l&rsquo;\u00e9chapp\u00e9e a \u00e9t\u00e9 reprise \u00e0 5,5 km de la ligne.<\/p>\n<h2>Le dernier kilom\u00e8tre : un moment d\u00e9cisif<\/h2>\n<p>Dans un final sinueux, Lidl-Trek a d\u00fb batailler avec Israel-Premier Tech pour tenir la t\u00eate du peloton. C&rsquo;est <strong>Edward Theuns<\/strong> qui a pilot\u00e9 Jonathan Milan jusqu&rsquo;aux 200 derniers m\u00e8tres, avant que l&rsquo;Italien ne lance une acc\u00e9l\u00e9ration que personne n&rsquo;a pu contenir. Le train de son \u00e9quipe a fait la diff\u00e9rence bien avant que le sprint ne soit lanc\u00e9.<\/p>\n<div class=\"spi-actu-tblwrap\">\n<table class=\"spi-actu-tbl\">\n<thead>\n<tr>\n<th>Place<\/th>\n<th>Coureur<\/th>\n<th>\u00c9quipe (f\u00e9vrier 2025)<\/th>\n<th>Temps<\/th>\n<\/tr>\n<\/thead>\n<tbody>\n<tr class=\"spi-actu-win\">\n<td class=\"spi-actu-num\">1<\/td>\n<td>Jonathan Milan (ITA)<\/td>\n<td>Lidl-Trek<\/td>\n<td class=\"spi-actu-num\">2 h 09\u2032 52\u2033<\/td>\n<\/tr>\n<tr>\n<td class=\"spi-actu-num\">2<\/td>\n<td>Jake Stewart (GBR)<\/td>\n<td>Israel-Premier Tech<\/td>\n<td class=\"spi-actu-num\">m\u00eame temps<\/td>\n<\/tr>\n<tr>\n<td class=\"spi-actu-num\">3<\/td>\n<td>Giovanni Lonardi (ITA)<\/td>\n<td>Team Polti VisitMalta<\/td>\n<td class=\"spi-actu-num\">m\u00eame temps<\/td>\n<\/tr>\n<tr>\n<td class=\"spi-actu-num\">4<\/td>\n<td>Gerben Thijssen (BEL)<\/td>\n<td>Intermarch\u00e9-Wanty<\/td>\n<td class=\"spi-actu-num\">m\u00eame temps<\/td>\n<\/tr>\n<tr>\n<td class=\"spi-actu-num\">5<\/td>\n<td>Xabier Berasategi (ESP)<\/td>\n<td>Euskaltel-Euskadi<\/td>\n<td class=\"spi-actu-num\">m\u00eame temps<\/td>\n<\/tr>\n<tr>\n<td class=\"spi-actu-num\">7<\/td>\n<td>Ethan Vernon (GBR)<\/td>\n<td>Israel-Premier Tech<\/td>\n<td class=\"spi-actu-num\">m\u00eame temps<\/td>\n<\/tr>\n<\/tbody>\n<\/table>\n<\/div>\n<h2>Les cl\u00e9s du succ\u00e8s de Lidl-Trek<\/h2>\n<p>Interrog\u00e9 apr\u00e8s l&rsquo;arriv\u00e9e, Jonathan Milan a d\u00e9crit une \u00e9tape bien plus difficile que ne le laissaient para\u00eetre les images de t\u00e9l\u00e9vision : du vent, un peloton nerveux, et au moins une bordure dans laquelle son \u00e9quipe s&rsquo;\u00e9tait plac\u00e9e \u00e0 l&rsquo;avant. Le travail de Lidl-Trek n&rsquo;a donc pas commenc\u00e9 dans le dernier kilom\u00e8tre, mais d\u00e8s le d\u00e9part.<\/p>\n<div class=\"spi-actu-quote\">\n<div class=\"spi-actu-txt\">\u00ab C&rsquo;\u00e9tait une \u00e9tape assez dure, et aussi tr\u00e8s rapide \u00e0 cause du vent : le peloton \u00e9tait sans arr\u00eat nerveux. Nous avons eu une bordure dans laquelle j&rsquo;\u00e9tais devant \u2014 nous \u00e9tions pr\u00eats, nous savions que \u00e7a pouvait arriver. Nous avons commenc\u00e9 \u00e0 rouler d\u00e8s le d\u00e9but de l&rsquo;\u00e9tape, puis dans ces bordures, et ensuite l&rsquo;\u00e9quipe m&rsquo;a simplement d\u00e9pos\u00e9 au meilleur endroit pour sprinter. J&rsquo;ai donn\u00e9 mon maximum et je remercie l&rsquo;\u00e9quipe pour \u00e7a. \u00bb<\/div>\n<p><span class=\"spi-actu-src\">Jonathan Milan, propos tenus en anglais apr\u00e8s l&rsquo;arriv\u00e9e et rapport\u00e9s par Cyclingnews le 9 f\u00e9vrier 2025 (traduction).<\/span>\n<\/div>\n<h2>Ce que cette \u00e9tape a laiss\u00e9 au classement g\u00e9n\u00e9ral<\/h2>\n<p>Cette derni\u00e8re \u00e9tape n&rsquo;a rien chang\u00e9 au g\u00e9n\u00e9ral. Santiago Buitrago (Bahrain Victorious), qui avait pris la t\u00eate la veille dans l&rsquo;arriv\u00e9e au sommet, a termin\u00e9 en s\u00e9curit\u00e9 dans le peloton et a remport\u00e9 l&rsquo;\u00e9preuve devant Jo\u00e3o Almeida (UAE Team Emirates-XRG), \u00e0 18\u2033, et son co\u00e9quipier Pello Bilbao, \u00e0 39\u2033. Au total, cette 76<sup>e<\/sup> \u00e9dition a couvert 665,8 km du 5 au 9 f\u00e9vrier 2025, entre Orihuela et Valence. Le trac\u00e9 de l&rsquo;ultime \u00e9tape traversait une partie des zones les plus durement frapp\u00e9es par les inondations d&rsquo;octobre 2024 dans la province de Valence.<\/p>\n<div class=\"spi-actu-retain\">\n<span class=\"spi-actu-kick\">\u00c0 retenir<\/span><\/p>\n<ul>\n<li><strong>Milan est un coureur, pas une ville<\/strong> : Jonathan Milan, sprinteur italien de Lidl-Trek, a gagn\u00e9 \u00e0 Valence, en Espagne.<\/li>\n<li><strong>La course<\/strong> : 5<sup>e<\/sup> et derni\u00e8re \u00e9tape de la Volta a la Comunitat Valenciana 2025, Alfafar \u2192 Valence, 104,2 km, le 9 f\u00e9vrier 2025.<\/li>\n<li><strong>Le podium d&rsquo;\u00e9tape<\/strong> : Milan devant Jake Stewart et Giovanni Lonardi. Ethan Vernon a termin\u00e9 7<sup>e<\/sup>.<\/li>\n<li><strong>Le g\u00e9n\u00e9ral<\/strong> : victoire finale de Santiago Buitrago (Bahrain Victorious).<\/li>\n<li><strong>Le geste d\u00e9cisif<\/strong> : le lancement d&rsquo;Edward Theuns jusqu&rsquo;aux 200 derniers m\u00e8tres.<\/li>\n<\/ul>\n<\/div>\n<div class=\"spi-actu-note\">\n<span class=\"spi-actu-kick\">Mise \u00e0 jour du 1<sup>er<\/sup> septembre 2026<\/span><br \/>\nCet article a \u00e9t\u00e9 corrig\u00e9 et resourc\u00e9. Une version ant\u00e9rieure pr\u00e9sentait Ethan Vernon comme l&rsquo;un des deux coureurs battus au sprint : le deuxi\u00e8me de l&rsquo;\u00e9tape \u00e9tait en r\u00e9alit\u00e9 <strong>Jake Stewart<\/strong> (Israel-Premier Tech), Vernon ayant fini 7<sup>e<\/sup>. Elle attribuait par ailleurs \u00e0 Jonathan Milan une d\u00e9claration qui n&rsquo;a jamais \u00e9t\u00e9 prononc\u00e9e, et \u00e9voquait des \u00ab technologies avanc\u00e9es d&rsquo;entra\u00eenement et de r\u00e9cup\u00e9ration \u00bb qu&rsquo;aucune source ne documente : ces deux passages ont \u00e9t\u00e9 retir\u00e9s et remplac\u00e9s par les propos r\u00e9ellement tenus apr\u00e8s l&rsquo;arriv\u00e9e. Les commentaires publi\u00e9s sous l&rsquo;article renvoient encore, pour certains, \u00e0 ces passages supprim\u00e9s.\n<\/div>\n<div class=\"spi-actu-faq\">\n<h2>Questions fr\u00e9quentes<\/h2>\n<details>\n<summary>\u00ab De Milan \u00e0 Valence \u00bb : de quel trajet s&rsquo;agit-il ?<\/summary>\n<div class=\"spi-actu-txt\">D&rsquo;aucun. \u00ab Milan \u00bb d\u00e9signe le coureur Jonathan Milan et \u00ab Valence \u00bb la ville espagnole de Valence (Val\u00e8ncia), arriv\u00e9e de l&rsquo;\u00e9tape. Le d\u00e9part \u00e9tait donn\u00e9 \u00e0 Alfafar, \u00e0 une dizaine de kilom\u00e8tres de Valence.<\/div>\n<\/details>\n<details>\n<summary>Qui a gagn\u00e9 la 5<sup>e<\/sup> \u00e9tape du Tour de la Communaut\u00e9 valencienne 2025 ?<\/summary>\n<div class=\"spi-actu-txt\">Jonathan Milan (Lidl-Trek), en 2 h 09\u2032 52\u2033 sur 104,2 km, le 9 f\u00e9vrier 2025, devant Jake Stewart (Israel-Premier Tech) et Giovanni Lonardi (Team Polti VisitMalta).<\/div>\n<\/details>\n<details>\n<summary>Qui a remport\u00e9 le classement g\u00e9n\u00e9ral de l&rsquo;\u00e9preuve ?<\/summary>\n<div class=\"spi-actu-txt\">Santiago Buitrago (Bahrain Victorious), devant Jo\u00e3o Almeida (UAE Team Emirates-XRG) \u00e0 18\u2033 et Pello Bilbao (Bahrain Victorious) \u00e0 39\u2033.<\/div>\n<\/details>\n<details>\n<summary>Qui a lanc\u00e9 le sprint de Jonathan Milan ?<\/summary>\n<div class=\"spi-actu-txt\">Edward Theuns, son co\u00e9quipier chez Lidl-Trek, l&rsquo;a emmen\u00e9 jusqu&rsquo;aux 200 derniers m\u00e8tres apr\u00e8s une bataille avec Israel-Premier Tech dans le final sinueux.<\/div>\n<\/details>\n<\/div>\n<div class=\"spi-actu-src-list\">\n<span class=\"spi-actu-kick\">Sources<\/span><\/p>\n<ul>\n<li><a href=\"https:\/\/www.cyclingnews.com\/races\/volta-a-la-comunitat-valenciana-2025\/stage-5\/results\/\" target=\"_blank\" rel=\"noopener nofollow\">Cyclingnews, \u00ab Volta a Valenciana: Jonathan Milan wins stage 5 as Santiago Buitrago takes overall victory \u00bb, 9 f\u00e9vrier 2025<\/a> \u2014 d\u00e9roul\u00e9 de course, podium et propos de Jonathan Milan.<\/li>\n<li><a href=\"https:\/\/www.eurosport.fr\/cyclisme\/volta-a-la-comunitat-valenciana\/2025\/tour-de-la-communaute-de-valence-5e-etape-comment-lidl-trek-a-prepare-la-victoire-de-milan-dans-le-dernier-kilometre_vid2319175\/video.shtml\" target=\"_blank\" rel=\"noopener nofollow\">Eurosport, vid\u00e9o \u00ab Tour de la Communaut\u00e9 de Valence, 5e \u00e9tape : comment Lidl-Trek a pr\u00e9par\u00e9 la victoire de Milan dans le dernier kilom\u00e8tre \u00bb<\/a> \u2014 images du final. Attention : le r\u00e9sum\u00e9 de cette page donne Ethan Vernon comme deuxi\u00e8me de l&rsquo;\u00e9tape, ce que les classements officiels contredisent.<\/li>\n<li><a href=\"https:\/\/en.wikipedia.org\/wiki\/2025_Volta_a_la_Comunitat_Valenciana\" target=\"_blank\" rel=\"noopener nofollow\">Wikip\u00e9dia, \u00ab 2025 Volta a la Comunitat Valenciana \u00bb<\/a> \u2014 classements d&rsquo;\u00e9tape et classement g\u00e9n\u00e9ral complets.<\/li>\n<\/ul>\n<\/div>\n<\/div>\n","protected":false},"excerpt":{"rendered":"","protected":false},"author":34,"featured_media":10528,"comment_status":"open","ping_status":"open","sticky":false,"template":"","format":"standard","meta":{"_acf_changed":false,"manual_indexmenow":false,"indexmenow_id_project":0,"footnotes":""},"categories":[1],"tags":[4526,4527,4529,4571,4378],"class_list":["post-7933","post","type-post","status-publish","format-standard","has-post-thumbnail","hentry","category-a-la-une","tag-cyclisme-feminin","tag-demi-vollering","tag-egalite-des-chances","tag-equipe-lidl-trek","tag-performance-durable","generate-columns","tablet-grid-50","mobile-grid-100","grid-parent","grid-25"],"acf":[],"yoast_head":"<!-- This site is optimized with the Yoast SEO Premium plugin v21.3 (Yoast SEO v26.5) - https:\/\/yoast.com\/wordpress\/plugins\/seo\/ -->\n<title>Milan gagne la 5e \u00e9tape \u00e0 Valence, le 9 f\u00e9vrier 2025<\/title>\n<meta name=\"description\" content=\"Jonathan Milan (Lidl-Trek) a remport\u00e9 la 5e et derni\u00e8re \u00e9tape du Tour de la Communaut\u00e9 valencienne le 9 f\u00e9vrier 2025 \u00e0 Valence, devant Jake Stewart et Giovanni Lonardi.\" \/>\n<meta name=\"robots\" content=\"index, follow, max-snippet:-1, max-image-preview:large, max-video-preview:-1\" \/>\n<link rel=\"canonical\" href=\"https:\/\/sport-index.fr\/blog\/a-la-une\/la-victoire-strategique-de-lidl-trek-les-secrets-du-sprint-final-de-milan-a-valence\/\" \/>\n<meta property=\"og:locale\" content=\"fr_FR\" \/>\n<meta property=\"og:type\" content=\"article\" \/>\n<meta property=\"og:title\" content=\"Milan gagne la 5e \u00e9tape \u00e0 Valence, le 9 f\u00e9vrier 2025\" \/>\n<meta property=\"og:description\" content=\"Jonathan Milan (Lidl-Trek) a remport\u00e9 la 5e et derni\u00e8re \u00e9tape du Tour de la Communaut\u00e9 valencienne le 9 f\u00e9vrier 2025 \u00e0 Valence, devant Jake Stewart et Giovanni Lonardi.\" \/>\n<meta property=\"og:url\" content=\"https:\/\/sport-index.fr\/blog\/a-la-une\/la-victoire-strategique-de-lidl-trek-les-secrets-du-sprint-final-de-milan-a-valence\/\" \/>\n<meta property=\"og:site_name\" content=\"sport-index\" \/>\n<meta name=\"author\" content=\"Axel Lauzier\" \/>\n<meta name=\"twitter:card\" content=\"summary_large_image\" \/>\n<script type=\"application\/ld+json\" class=\"yoast-schema-graph\">{\"@context\":\"https:\/\/schema.org\",\"@graph\":[{\"@type\":\"NewsArticle\",\"@id\":\"https:\/\/sport-index.fr\/blog\/a-la-une\/la-victoire-strategique-de-lidl-trek-les-secrets-du-sprint-final-de-milan-a-valence\/#article\",\"isPartOf\":{\"@id\":\"https:\/\/sport-index.fr\/blog\/a-la-une\/la-victoire-strategique-de-lidl-trek-les-secrets-du-sprint-final-de-milan-a-valence\/\"},\"author\":{\"name\":\"Axel Lauzier\",\"@id\":\"https:\/\/sport-index.fr\/blog\/#\/schema\/person\/3c864cdc320801e3db34b663e7e3f816\"},\"headline\":\"Tour de la Communaut\u00e9 valencienne 2025 : Jonathan Milan gagne la 5e \u00e9tape \u00e0 Valence le 9 f\u00e9vrier\",\"datePublished\":\"2026-09-01T15:08:14+00:00\",\"mainEntityOfPage\":{\"@id\":\"https:\/\/sport-index.fr\/blog\/a-la-une\/la-victoire-strategique-de-lidl-trek-les-secrets-du-sprint-final-de-milan-a-valence\/\"},\"wordCount\":1265,\"commentCount\":26,\"publisher\":{\"@id\":\"https:\/\/sport-index.fr\/blog\/#organization\"},\"image\":{\"@id\":\"https:\/\/sport-index.fr\/blog\/a-la-une\/la-victoire-strategique-de-lidl-trek-les-secrets-du-sprint-final-de-milan-a-valence\/#primaryimage\"},\"thumbnailUrl\":\"https:\/\/sport-index.fr\/blog\/wp-content\/uploads\/2025\/02\/sdxl-747ed67a02f05c3a60af106b1b84d9ef.png\",\"keywords\":[\"Cyclisme F\u00e9minin\",\"Demi Vollering\",\"\u00c9galit\u00e9 des Chances\",\"\u00c9quipe Lidl-Trek\",\"Performance Durable\"],\"articleSection\":[\"\u00c0 la une\"],\"inLanguage\":\"fr-FR\",\"potentialAction\":[{\"@type\":\"CommentAction\",\"name\":\"Comment\",\"target\":[\"https:\/\/sport-index.fr\/blog\/a-la-une\/la-victoire-strategique-de-lidl-trek-les-secrets-du-sprint-final-de-milan-a-valence\/#respond\"]}]},{\"@type\":\"WebPage\",\"@id\":\"https:\/\/sport-index.fr\/blog\/a-la-une\/la-victoire-strategique-de-lidl-trek-les-secrets-du-sprint-final-de-milan-a-valence\/\",\"url\":\"https:\/\/sport-index.fr\/blog\/a-la-une\/la-victoire-strategique-de-lidl-trek-les-secrets-du-sprint-final-de-milan-a-valence\/\",\"name\":\"Milan gagne la 5e \u00e9tape \u00e0 Valence, le 9 f\u00e9vrier 2025\",\"isPartOf\":{\"@id\":\"https:\/\/sport-index.fr\/blog\/#website\"},\"primaryImageOfPage\":{\"@id\":\"https:\/\/sport-index.fr\/blog\/a-la-une\/la-victoire-strategique-de-lidl-trek-les-secrets-du-sprint-final-de-milan-a-valence\/#primaryimage\"},\"image\":{\"@id\":\"https:\/\/sport-index.fr\/blog\/a-la-une\/la-victoire-strategique-de-lidl-trek-les-secrets-du-sprint-final-de-milan-a-valence\/#primaryimage\"},\"thumbnailUrl\":\"https:\/\/sport-index.fr\/blog\/wp-content\/uploads\/2025\/02\/sdxl-747ed67a02f05c3a60af106b1b84d9ef.png\",\"datePublished\":\"2026-09-01T15:08:14+00:00\",\"description\":\"Jonathan Milan (Lidl-Trek) a remport\u00e9 la 5e et derni\u00e8re \u00e9tape du Tour de la Communaut\u00e9 valencienne le 9 f\u00e9vrier 2025 \u00e0 Valence, devant Jake Stewart et Giovanni Lonardi.\",\"inLanguage\":\"fr-FR\",\"potentialAction\":[{\"@type\":\"ReadAction\",\"target\":[\"https:\/\/sport-index.fr\/blog\/a-la-une\/la-victoire-strategique-de-lidl-trek-les-secrets-du-sprint-final-de-milan-a-valence\/\"]}]},{\"@type\":\"ImageObject\",\"inLanguage\":\"fr-FR\",\"@id\":\"https:\/\/sport-index.fr\/blog\/a-la-une\/la-victoire-strategique-de-lidl-trek-les-secrets-du-sprint-final-de-milan-a-valence\/#primaryimage\",\"url\":\"https:\/\/sport-index.fr\/blog\/wp-content\/uploads\/2025\/02\/sdxl-747ed67a02f05c3a60af106b1b84d9ef.png\",\"contentUrl\":\"https:\/\/sport-index.fr\/blog\/wp-content\/uploads\/2025\/02\/sdxl-747ed67a02f05c3a60af106b1b84d9ef.png\",\"width\":1536,\"height\":640},{\"@type\":\"WebSite\",\"@id\":\"https:\/\/sport-index.fr\/blog\/#website\",\"url\":\"https:\/\/sport-index.fr\/blog\/\",\"name\":\"sport-index.fr\",\"description\":\"Le score de l\u2019analyse sportive.\",\"publisher\":{\"@id\":\"https:\/\/sport-index.fr\/blog\/#organization\"},\"alternateName\":\"Le score de l\u2019analyse sportive.\",\"potentialAction\":[{\"@type\":\"SearchAction\",\"target\":{\"@type\":\"EntryPoint\",\"urlTemplate\":\"https:\/\/sport-index.fr\/blog\/?s={search_term_string}\"},\"query-input\":{\"@type\":\"PropertyValueSpecification\",\"valueRequired\":true,\"valueName\":\"search_term_string\"}}],\"inLanguage\":\"fr-FR\"},{\"@type\":\"Organization\",\"@id\":\"https:\/\/sport-index.fr\/blog\/#organization\",\"name\":\"Foretsensations.fr\",\"url\":\"https:\/\/sport-index.fr\/blog\/\",\"logo\":{\"@type\":\"ImageObject\",\"inLanguage\":\"fr-FR\",\"@id\":\"https:\/\/sport-index.fr\/blog\/#\/schema\/logo\/image\/\",\"url\":\"https:\/\/sport-index.fr\/blog\/wp-content\/uploads\/2026\/07\/logo-auto.png\",\"contentUrl\":\"https:\/\/sport-index.fr\/blog\/wp-content\/uploads\/2026\/07\/logo-auto.png\",\"width\":1024,\"height\":1024,\"caption\":\"Foretsensations.fr\"},\"image\":{\"@id\":\"https:\/\/sport-index.fr\/blog\/#\/schema\/logo\/image\/\"}},{\"@type\":\"Person\",\"@id\":\"https:\/\/sport-index.fr\/blog\/#\/schema\/person\/3c864cdc320801e3db34b663e7e3f816\",\"name\":\"Axel Lauzier\",\"image\":{\"@type\":\"ImageObject\",\"inLanguage\":\"fr-FR\",\"@id\":\"https:\/\/sport-index.fr\/blog\/#\/schema\/person\/image\/\",\"url\":\"https:\/\/sport-index.fr\/blog\/wp-content\/uploads\/2026\/06\/persona_axel-l-96x96.jpg\",\"contentUrl\":\"https:\/\/sport-index.fr\/blog\/wp-content\/uploads\/2026\/06\/persona_axel-l-96x96.jpg\",\"caption\":\"Axel Lauzier\"},\"description\":\"Le sport rythme mon quotidien depuis l'enfance, et j'en ai fait mon m\u00e9tier d'analyste r\u00e9dactionnel il y a une dizaine d'ann\u00e9es. Je couvre principalement le football, son actualit\u00e9, ses transferts et l'analyse tactique des grandes affiches, mais aussi les disciplines plus confidentielles que j'aime remettre en lumi\u00e8re. Une partie de mon travail porte sur les pronostics et la lecture statistique d'un match : forme des \u00e9quipes, historique des confrontations, compositions, sans jamais vendre de fausse certitude. Je rappelle syst\u00e9matiquement que parier comporte un risque et doit rester un loisir ma\u00eetris\u00e9. Avant de signer une analyse, je v\u00e9rifie mes chiffres, je recoupe les compositions probables et je distingue toujours la donn\u00e9e brute de l'intuition. Mon objectif : offrir une lecture honn\u00eate et argument\u00e9e, pas un ticket gagnant garanti.\",\"sameAs\":[\"https:\/\/axellauzier.fr\/\"],\"url\":\"https:\/\/sport-index.fr\/blog\/auteur\/noname\/\"}]}<\/script>\n<!-- \/ Yoast SEO Premium plugin. -->","yoast_head_json":{"title":"Milan gagne la 5e \u00e9tape \u00e0 Valence, le 9 f\u00e9vrier 2025","description":"Jonathan Milan (Lidl-Trek) a remport\u00e9 la 5e et derni\u00e8re \u00e9tape du Tour de la Communaut\u00e9 valencienne le 9 f\u00e9vrier 2025 \u00e0 Valence, devant Jake Stewart et Giovanni Lonardi.","robots":{"index":"index","follow":"follow","max-snippet":"max-snippet:-1","max-image-preview":"max-image-preview:large","max-video-preview":"max-video-preview:-1"},"canonical":"https:\/\/sport-index.fr\/blog\/a-la-une\/la-victoire-strategique-de-lidl-trek-les-secrets-du-sprint-final-de-milan-a-valence\/","og_locale":"fr_FR","og_type":"article","og_title":"Milan gagne la 5e \u00e9tape \u00e0 Valence, le 9 f\u00e9vrier 2025","og_description":"Jonathan Milan (Lidl-Trek) a remport\u00e9 la 5e et derni\u00e8re \u00e9tape du Tour de la Communaut\u00e9 valencienne le 9 f\u00e9vrier 2025 \u00e0 Valence, devant Jake Stewart et Giovanni Lonardi.","og_url":"https:\/\/sport-index.fr\/blog\/a-la-une\/la-victoire-strategique-de-lidl-trek-les-secrets-du-sprint-final-de-milan-a-valence\/","og_site_name":"sport-index","author":"Axel Lauzier","twitter_card":"summary_large_image","schema":{"@context":"https:\/\/schema.org","@graph":[{"@type":"NewsArticle","@id":"https:\/\/sport-index.fr\/blog\/a-la-une\/la-victoire-strategique-de-lidl-trek-les-secrets-du-sprint-final-de-milan-a-valence\/#article","isPartOf":{"@id":"https:\/\/sport-index.fr\/blog\/a-la-une\/la-victoire-strategique-de-lidl-trek-les-secrets-du-sprint-final-de-milan-a-valence\/"},"author":{"name":"Axel Lauzier","@id":"https:\/\/sport-index.fr\/blog\/#\/schema\/person\/3c864cdc320801e3db34b663e7e3f816"},"headline":"Tour de la Communaut\u00e9 valencienne 2025 : Jonathan Milan gagne la 5e \u00e9tape \u00e0 Valence le 9 f\u00e9vrier","datePublished":"2026-09-01T15:08:14+00:00","mainEntityOfPage":{"@id":"https:\/\/sport-index.fr\/blog\/a-la-une\/la-victoire-strategique-de-lidl-trek-les-secrets-du-sprint-final-de-milan-a-valence\/"},"wordCount":1265,"commentCount":26,"publisher":{"@id":"https:\/\/sport-index.fr\/blog\/#organization"},"image":{"@id":"https:\/\/sport-index.fr\/blog\/a-la-une\/la-victoire-strategique-de-lidl-trek-les-secrets-du-sprint-final-de-milan-a-valence\/#primaryimage"},"thumbnailUrl":"https:\/\/sport-index.fr\/blog\/wp-content\/uploads\/2025\/02\/sdxl-747ed67a02f05c3a60af106b1b84d9ef.png","keywords":["Cyclisme F\u00e9minin","Demi Vollering","\u00c9galit\u00e9 des Chances","\u00c9quipe Lidl-Trek","Performance Durable"],"articleSection":["\u00c0 la une"],"inLanguage":"fr-FR","potentialAction":[{"@type":"CommentAction","name":"Comment","target":["https:\/\/sport-index.fr\/blog\/a-la-une\/la-victoire-strategique-de-lidl-trek-les-secrets-du-sprint-final-de-milan-a-valence\/#respond"]}]},{"@type":"WebPage","@id":"https:\/\/sport-index.fr\/blog\/a-la-une\/la-victoire-strategique-de-lidl-trek-les-secrets-du-sprint-final-de-milan-a-valence\/","url":"https:\/\/sport-index.fr\/blog\/a-la-une\/la-victoire-strategique-de-lidl-trek-les-secrets-du-sprint-final-de-milan-a-valence\/","name":"Milan gagne la 5e \u00e9tape \u00e0 Valence, le 9 f\u00e9vrier 2025","isPartOf":{"@id":"https:\/\/sport-index.fr\/blog\/#website"},"primaryImageOfPage":{"@id":"https:\/\/sport-index.fr\/blog\/a-la-une\/la-victoire-strategique-de-lidl-trek-les-secrets-du-sprint-final-de-milan-a-valence\/#primaryimage"},"image":{"@id":"https:\/\/sport-index.fr\/blog\/a-la-une\/la-victoire-strategique-de-lidl-trek-les-secrets-du-sprint-final-de-milan-a-valence\/#primaryimage"},"thumbnailUrl":"https:\/\/sport-index.fr\/blog\/wp-content\/uploads\/2025\/02\/sdxl-747ed67a02f05c3a60af106b1b84d9ef.png","datePublished":"2026-09-01T15:08:14+00:00","description":"Jonathan Milan (Lidl-Trek) a remport\u00e9 la 5e et derni\u00e8re \u00e9tape du Tour de la Communaut\u00e9 valencienne le 9 f\u00e9vrier 2025 \u00e0 Valence, devant Jake Stewart et Giovanni Lonardi.","inLanguage":"fr-FR","potentialAction":[{"@type":"ReadAction","target":["https:\/\/sport-index.fr\/blog\/a-la-une\/la-victoire-strategique-de-lidl-trek-les-secrets-du-sprint-final-de-milan-a-valence\/"]}]},{"@type":"ImageObject","inLanguage":"fr-FR","@id":"https:\/\/sport-index.fr\/blog\/a-la-une\/la-victoire-strategique-de-lidl-trek-les-secrets-du-sprint-final-de-milan-a-valence\/#primaryimage","url":"https:\/\/sport-index.fr\/blog\/wp-content\/uploads\/2025\/02\/sdxl-747ed67a02f05c3a60af106b1b84d9ef.png","contentUrl":"https:\/\/sport-index.fr\/blog\/wp-content\/uploads\/2025\/02\/sdxl-747ed67a02f05c3a60af106b1b84d9ef.png","width":1536,"height":640},{"@type":"WebSite","@id":"https:\/\/sport-index.fr\/blog\/#website","url":"https:\/\/sport-index.fr\/blog\/","name":"sport-index.fr","description":"Le score de l\u2019analyse sportive.","publisher":{"@id":"https:\/\/sport-index.fr\/blog\/#organization"},"alternateName":"Le score de l\u2019analyse sportive.","potentialAction":[{"@type":"SearchAction","target":{"@type":"EntryPoint","urlTemplate":"https:\/\/sport-index.fr\/blog\/?s={search_term_string}"},"query-input":{"@type":"PropertyValueSpecification","valueRequired":true,"valueName":"search_term_string"}}],"inLanguage":"fr-FR"},{"@type":"Organization","@id":"https:\/\/sport-index.fr\/blog\/#organization","name":"Foretsensations.fr","url":"https:\/\/sport-index.fr\/blog\/","logo":{"@type":"ImageObject","inLanguage":"fr-FR","@id":"https:\/\/sport-index.fr\/blog\/#\/schema\/logo\/image\/","url":"https:\/\/sport-index.fr\/blog\/wp-content\/uploads\/2026\/07\/logo-auto.png","contentUrl":"https:\/\/sport-index.fr\/blog\/wp-content\/uploads\/2026\/07\/logo-auto.png","width":1024,"height":1024,"caption":"Foretsensations.fr"},"image":{"@id":"https:\/\/sport-index.fr\/blog\/#\/schema\/logo\/image\/"}},{"@type":"Person","@id":"https:\/\/sport-index.fr\/blog\/#\/schema\/person\/3c864cdc320801e3db34b663e7e3f816","name":"Axel Lauzier","image":{"@type":"ImageObject","inLanguage":"fr-FR","@id":"https:\/\/sport-index.fr\/blog\/#\/schema\/person\/image\/","url":"https:\/\/sport-index.fr\/blog\/wp-content\/uploads\/2026\/06\/persona_axel-l-96x96.jpg","contentUrl":"https:\/\/sport-index.fr\/blog\/wp-content\/uploads\/2026\/06\/persona_axel-l-96x96.jpg","caption":"Axel Lauzier"},"description":"Le sport rythme mon quotidien depuis l'enfance, et j'en ai fait mon m\u00e9tier d'analyste r\u00e9dactionnel il y a une dizaine d'ann\u00e9es. Je couvre principalement le football, son actualit\u00e9, ses transferts et l'analyse tactique des grandes affiches, mais aussi les disciplines plus confidentielles que j'aime remettre en lumi\u00e8re. Une partie de mon travail porte sur les pronostics et la lecture statistique d'un match : forme des \u00e9quipes, historique des confrontations, compositions, sans jamais vendre de fausse certitude. Je rappelle syst\u00e9matiquement que parier comporte un risque et doit rester un loisir ma\u00eetris\u00e9. Avant de signer une analyse, je v\u00e9rifie mes chiffres, je recoupe les compositions probables et je distingue toujours la donn\u00e9e brute de l'intuition. Mon objectif : offrir une lecture honn\u00eate et argument\u00e9e, pas un ticket gagnant garanti.","sameAs":["https:\/\/axellauzier.fr\/"],"url":"https:\/\/sport-index.fr\/blog\/auteur\/noname\/"}]}},"_links":{"self":[{"href":"https:\/\/sport-index.fr\/blog\/wp-json\/wp\/v2\/posts\/7933","targetHints":{"allow":["GET"]}}],"collection":[{"href":"https:\/\/sport-index.fr\/blog\/wp-json\/wp\/v2\/posts"}],"about":[{"href":"https:\/\/sport-index.fr\/blog\/wp-json\/wp\/v2\/types\/post"}],"author":[{"embeddable":true,"href":"https:\/\/sport-index.fr\/blog\/wp-json\/wp\/v2\/users\/34"}],"replies":[{"embeddable":true,"href":"https:\/\/sport-index.fr\/blog\/wp-json\/wp\/v2\/comments?post=7933"}],"version-history":[{"count":2,"href":"https:\/\/sport-index.fr\/blog\/wp-json\/wp\/v2\/posts\/7933\/revisions"}],"predecessor-version":[{"id":18348,"href":"https:\/\/sport-index.fr\/blog\/wp-json\/wp\/v2\/posts\/7933\/revisions\/18348"}],"wp:featuredmedia":[{"embeddable":true,"href":"https:\/\/sport-index.fr\/blog\/wp-json\/wp\/v2\/media\/10528"}],"wp:attachment":[{"href":"https:\/\/sport-index.fr\/blog\/wp-json\/wp\/v2\/media?parent=7933"}],"wp:term":[{"taxonomy":"category","embeddable":true,"href":"https:\/\/sport-index.fr\/blog\/wp-json\/wp\/v2\/categories?post=7933"},{"taxonomy":"post_tag","embeddable":true,"href":"https:\/\/sport-index.fr\/blog\/wp-json\/wp\/v2\/tags?post=7933"}],"curies":[{"name":"wp","href":"https:\/\/api.w.org\/{rel}","templated":true}]}}