{"id":7939,"date":"2025-02-12T10:43:06","date_gmt":"2025-02-12T09:43:06","guid":{"rendered":"https:\/\/sport-index.fr\/blog\/?p=7939"},"modified":"2025-02-12T10:43:06","modified_gmt":"2025-02-12T09:43:06","slug":"marco-odermatt-decu-apres-sa-performance-aux-mondiaux-de-saalbach-un-regard-sur-lavenir","status":"publish","type":"post","link":"https:\/\/sport-index.fr\/blog\/a-la-une\/marco-odermatt-decu-apres-sa-performance-aux-mondiaux-de-saalbach-un-regard-sur-lavenir\/","title":{"rendered":"marco odermatt d\u00e9\u00e7u apr\u00e8s sa performance aux mondiaux de saalbach : un regard sur l&rsquo;avenir"},"content":{"rendered":"<h2>Une performance en demi-teinte pour marco odermatt<\/h2>\n<p>Marco Odermatt, l&rsquo;un des plus grands espoirs du ski alpin suisse, a connu une journ\u00e9e difficile lors des Championnats du monde de ski alpin \u00e0 Saalbach. Malgr\u00e9 ses efforts et sa d\u00e9termination, il a termin\u00e9 \u00e0 une d\u00e9cevante cinqui\u00e8me place lors de la descente, laissant transpara\u00eetre sa frustration. Lors d&rsquo;une interview, Odermatt a d\u00e9clar\u00e9 : <\/p>\n<blockquote><p>\u00ab\u00a0Ce n&rsquo;\u00e9tait pas parfait aujourd&rsquo;hui, mais je vais apprendre de cette exp\u00e9rience.\u00a0\u00bb<\/p><\/blockquote>\n<p>Ce r\u00e9sultat n&rsquo;\u00e9tait pas \u00e0 la hauteur des attentes plac\u00e9es sur lui, surtout apr\u00e8s une pr\u00e9paration minutieuse. Ses co\u00e9quipiers, Franjo Von Allmen et Alexis Monney, ont brill\u00e9 en terminant respectivement premier et troisi\u00e8me, soulignant la comp\u00e9titivit\u00e9 de l&rsquo;\u00e9quipe suisse. La pression \u00e9tait forte, et le contraste avec les succ\u00e8s de ses compatriotes a accentu\u00e9 sa d\u00e9ception.<\/p>\n<h2>Les d\u00e9fis rencontr\u00e9s sur la piste<\/h2>\n<p>La descente propos\u00e9e \u00e0 Saalbach est connue pour \u00eatre particuli\u00e8rement exigeante, avec des virages serr\u00e9s et des sections rapides. Marco Odermatt a essay\u00e9 d&rsquo;adopter le m\u00eame engagement que ses coll\u00e8gues, mais les conditions de course ont jou\u00e9 un r\u00f4le crucial dans sa performance. Chaque skieur doit jongler avec la technique et la vitesse, et ce jour-l\u00e0, Odermatt n&rsquo;a pas trouv\u00e9 le bon \u00e9quilibre.<\/p>\n<p>Les erreurs commises sur la piste ont co\u00fbt\u00e9 cher au champion suisse. Chaque milli\u00e8me de seconde compte dans ce sport, et une petite h\u00e9sitation peut faire une grande diff\u00e9rence. Malgr\u00e9 tout, Odermatt reste d\u00e9termin\u00e9 \u00e0 tirer des enseignements de cette comp\u00e9tition pour se pr\u00e9parer aux prochaines courses.<\/p>\n<h2>Un avenir prometteur malgr\u00e9 la d\u00e9ception<\/h2>\n<p>Bien que cette cinqui\u00e8me place ne soit pas celle esp\u00e9r\u00e9e, Marco Odermatt poss\u00e8de encore un potentiel immense pour les comp\u00e9titions futures. Son talent et sa r\u00e9silience sont ind\u00e9niables, et il continue d&rsquo;\u00eatre un athl\u00e8te \u00e0 surveiller de pr\u00e8s. Les sportifs de haut niveau traversent souvent des hauts et des bas, et cette exp\u00e9rience pourrait devenir un tremplin pour son retour.<\/p>\n<p>Les enjeux sont \u00e9lev\u00e9s dans le ski alpin, et chaque course est une opportunit\u00e9 d&rsquo;apprendre et d&rsquo;\u00e9voluer. Avec l&rsquo;appui de ses co\u00e9quipiers et de son \u00e9quipe, Odermatt a toutes les cartes en main pour revenir plus fort. La passion et la d\u00e9termination qu&rsquo;il montre sont des atouts pr\u00e9cieux dans le monde comp\u00e9titif du ski.<\/p>\n<ul>\n<li>Marco Odermatt se classe cinqui\u00e8me lors de la descente des Mondiaux de Saalbach.<\/li>\n<li>Les co\u00e9quipiers Franjo Von Allmen et Alexis Monney terminent premier et troisi\u00e8me.<\/li>\n<li>Les erreurs sur la piste ont impact\u00e9 sa performance.<\/li>\n<li>Odermatt reste d\u00e9termin\u00e9 \u00e0 apprendre de cette exp\u00e9rience.<\/li>\n<li>Le skieur suisse a un avenir prometteur malgr\u00e9 cette d\u00e9ception.<\/li>\n<\/ul>\n<p>En somme, Marco Odermatt a montr\u00e9 qu&rsquo;il est capable de faire face \u00e0 l&rsquo;adversit\u00e9, m\u00eame lorsque les r\u00e9sultats ne sont pas \u00e0 la hauteur des attentes. Sa capacit\u00e9 \u00e0 analyser ses performances et \u00e0 en tirer des le\u00e7ons sera cruciale pour ses futures comp\u00e9titions. Les amateurs de ski alpin continueront de suivre son parcours avec attention, esp\u00e9rant le voir briller \u00e0 nouveau sur les pistes internationales.<\/p>\n","protected":false},"excerpt":{"rendered":"","protected":false},"author":34,"featured_media":11530,"comment_status":"open","ping_status":"open","sticky":false,"template":"","format":"standard","meta":{"_acf_changed":false,"manual_indexmenow":false,"indexmenow_id_project":0,"footnotes":""},"categories":[1],"tags":[4526,4529,4377,4378,4408],"class_list":["post-7939","post","type-post","status-publish","format-standard","has-post-thumbnail","hentry","category-a-la-une","tag-cyclisme-feminin","tag-egalite-des-chances","tag-liberte-de-mouvement","tag-performance-durable","tag-resilience","generate-columns","tablet-grid-50","mobile-grid-100","grid-parent","grid-25"],"acf":[],"yoast_head":"<!-- This site is optimized with the Yoast SEO Premium plugin v21.3 (Yoast SEO v26.5) - https:\/\/yoast.com\/wordpress\/plugins\/seo\/ -->\n<title>marco odermatt d\u00e9\u00e7u apr\u00e8s sa performance aux mondiaux<\/title>\n<meta name=\"description\" content=\"Une performance en demi-teinte pour marco odermatt Marco Odermatt, l&#039;un des plus grands espoirs du ski alpin suisse, a connu une journ\u00e9e difficile lors\u2026\" \/>\n<meta name=\"robots\" content=\"index, follow, max-snippet:-1, max-image-preview:large, max-video-preview:-1\" \/>\n<link rel=\"canonical\" href=\"https:\/\/sport-index.fr\/blog\/a-la-une\/marco-odermatt-decu-apres-sa-performance-aux-mondiaux-de-saalbach-un-regard-sur-lavenir\/\" \/>\n<meta property=\"og:locale\" content=\"fr_FR\" \/>\n<meta property=\"og:type\" content=\"article\" \/>\n<meta property=\"og:title\" content=\"marco odermatt d\u00e9\u00e7u apr\u00e8s sa performance aux mondiaux\" \/>\n<meta property=\"og:description\" content=\"Une performance en demi-teinte pour marco odermatt Marco Odermatt, l&#039;un des plus grands espoirs du ski alpin suisse, a connu une journ\u00e9e difficile lors\u2026\" \/>\n<meta property=\"og:url\" content=\"https:\/\/sport-index.fr\/blog\/a-la-une\/marco-odermatt-decu-apres-sa-performance-aux-mondiaux-de-saalbach-un-regard-sur-lavenir\/\" \/>\n<meta property=\"og:site_name\" content=\"sport-index\" \/>\n<meta name=\"author\" content=\"Axel Lauzier\" \/>\n<meta name=\"twitter:card\" content=\"summary_large_image\" \/>\n<script type=\"application\/ld+json\" class=\"yoast-schema-graph\">{\"@context\":\"https:\/\/schema.org\",\"@graph\":[{\"@type\":\"NewsArticle\",\"@id\":\"https:\/\/sport-index.fr\/blog\/a-la-une\/marco-odermatt-decu-apres-sa-performance-aux-mondiaux-de-saalbach-un-regard-sur-lavenir\/#article\",\"isPartOf\":{\"@id\":\"https:\/\/sport-index.fr\/blog\/a-la-une\/marco-odermatt-decu-apres-sa-performance-aux-mondiaux-de-saalbach-un-regard-sur-lavenir\/\"},\"author\":{\"name\":\"Axel Lauzier\",\"@id\":\"https:\/\/sport-index.fr\/blog\/#\/schema\/person\/3c864cdc320801e3db34b663e7e3f816\"},\"headline\":\"marco odermatt d\u00e9\u00e7u apr\u00e8s sa performance aux mondiaux de saalbach : un regard sur l&rsquo;avenir\",\"datePublished\":\"2025-02-12T09:43:06+00:00\",\"mainEntityOfPage\":{\"@id\":\"https:\/\/sport-index.fr\/blog\/a-la-une\/marco-odermatt-decu-apres-sa-performance-aux-mondiaux-de-saalbach-un-regard-sur-lavenir\/\"},\"wordCount\":561,\"commentCount\":23,\"publisher\":{\"@id\":\"https:\/\/sport-index.fr\/blog\/#organization\"},\"image\":{\"@id\":\"https:\/\/sport-index.fr\/blog\/a-la-une\/marco-odermatt-decu-apres-sa-performance-aux-mondiaux-de-saalbach-un-regard-sur-lavenir\/#primaryimage\"},\"thumbnailUrl\":\"https:\/\/sport-index.fr\/blog\/wp-content\/uploads\/2025\/02\/sdxl-edb3acd2d603b1d4560b27e9ea242f3d.png\",\"keywords\":[\"Cyclisme F\u00e9minin\",\"\u00c9galit\u00e9 des Chances\",\"Libert\u00e9 De Mouvement\",\"Performance Durable\",\"R\u00e9silience\"],\"articleSection\":[\"\u00c0 la une\"],\"inLanguage\":\"fr-FR\",\"potentialAction\":[{\"@type\":\"CommentAction\",\"name\":\"Comment\",\"target\":[\"https:\/\/sport-index.fr\/blog\/a-la-une\/marco-odermatt-decu-apres-sa-performance-aux-mondiaux-de-saalbach-un-regard-sur-lavenir\/#respond\"]}]},{\"@type\":\"WebPage\",\"@id\":\"https:\/\/sport-index.fr\/blog\/a-la-une\/marco-odermatt-decu-apres-sa-performance-aux-mondiaux-de-saalbach-un-regard-sur-lavenir\/\",\"url\":\"https:\/\/sport-index.fr\/blog\/a-la-une\/marco-odermatt-decu-apres-sa-performance-aux-mondiaux-de-saalbach-un-regard-sur-lavenir\/\",\"name\":\"marco odermatt d\u00e9\u00e7u apr\u00e8s sa performance aux mondiaux\",\"isPartOf\":{\"@id\":\"https:\/\/sport-index.fr\/blog\/#website\"},\"primaryImageOfPage\":{\"@id\":\"https:\/\/sport-index.fr\/blog\/a-la-une\/marco-odermatt-decu-apres-sa-performance-aux-mondiaux-de-saalbach-un-regard-sur-lavenir\/#primaryimage\"},\"image\":{\"@id\":\"https:\/\/sport-index.fr\/blog\/a-la-une\/marco-odermatt-decu-apres-sa-performance-aux-mondiaux-de-saalbach-un-regard-sur-lavenir\/#primaryimage\"},\"thumbnailUrl\":\"https:\/\/sport-index.fr\/blog\/wp-content\/uploads\/2025\/02\/sdxl-edb3acd2d603b1d4560b27e9ea242f3d.png\",\"datePublished\":\"2025-02-12T09:43:06+00:00\",\"description\":\"Une performance en demi-teinte pour marco odermatt Marco Odermatt, l'un des plus grands espoirs du ski alpin suisse, a connu une journ\u00e9e difficile lors\u2026\",\"inLanguage\":\"fr-FR\",\"potentialAction\":[{\"@type\":\"ReadAction\",\"target\":[\"https:\/\/sport-index.fr\/blog\/a-la-une\/marco-odermatt-decu-apres-sa-performance-aux-mondiaux-de-saalbach-un-regard-sur-lavenir\/\"]}]},{\"@type\":\"ImageObject\",\"inLanguage\":\"fr-FR\",\"@id\":\"https:\/\/sport-index.fr\/blog\/a-la-une\/marco-odermatt-decu-apres-sa-performance-aux-mondiaux-de-saalbach-un-regard-sur-lavenir\/#primaryimage\",\"url\":\"https:\/\/sport-index.fr\/blog\/wp-content\/uploads\/2025\/02\/sdxl-edb3acd2d603b1d4560b27e9ea242f3d.png\",\"contentUrl\":\"https:\/\/sport-index.fr\/blog\/wp-content\/uploads\/2025\/02\/sdxl-edb3acd2d603b1d4560b27e9ea242f3d.png\",\"width\":1536,\"height\":640},{\"@type\":\"WebSite\",\"@id\":\"https:\/\/sport-index.fr\/blog\/#website\",\"url\":\"https:\/\/sport-index.fr\/blog\/\",\"name\":\"sport-index.fr\",\"description\":\"Le score de l\u2019analyse sportive.\",\"publisher\":{\"@id\":\"https:\/\/sport-index.fr\/blog\/#organization\"},\"alternateName\":\"Le score de l\u2019analyse sportive.\",\"potentialAction\":[{\"@type\":\"SearchAction\",\"target\":{\"@type\":\"EntryPoint\",\"urlTemplate\":\"https:\/\/sport-index.fr\/blog\/?s={search_term_string}\"},\"query-input\":{\"@type\":\"PropertyValueSpecification\",\"valueRequired\":true,\"valueName\":\"search_term_string\"}}],\"inLanguage\":\"fr-FR\"},{\"@type\":\"Organization\",\"@id\":\"https:\/\/sport-index.fr\/blog\/#organization\",\"name\":\"Foretsensations.fr\",\"url\":\"https:\/\/sport-index.fr\/blog\/\",\"logo\":{\"@type\":\"ImageObject\",\"inLanguage\":\"fr-FR\",\"@id\":\"https:\/\/sport-index.fr\/blog\/#\/schema\/logo\/image\/\",\"url\":\"https:\/\/sport-index.fr\/blog\/wp-content\/uploads\/2026\/07\/logo-auto.png\",\"contentUrl\":\"https:\/\/sport-index.fr\/blog\/wp-content\/uploads\/2026\/07\/logo-auto.png\",\"width\":1024,\"height\":1024,\"caption\":\"Foretsensations.fr\"},\"image\":{\"@id\":\"https:\/\/sport-index.fr\/blog\/#\/schema\/logo\/image\/\"}},{\"@type\":\"Person\",\"@id\":\"https:\/\/sport-index.fr\/blog\/#\/schema\/person\/3c864cdc320801e3db34b663e7e3f816\",\"name\":\"Axel Lauzier\",\"image\":{\"@type\":\"ImageObject\",\"inLanguage\":\"fr-FR\",\"@id\":\"https:\/\/sport-index.fr\/blog\/#\/schema\/person\/image\/\",\"url\":\"https:\/\/sport-index.fr\/blog\/wp-content\/uploads\/2026\/06\/persona_axel-l-96x96.jpg\",\"contentUrl\":\"https:\/\/sport-index.fr\/blog\/wp-content\/uploads\/2026\/06\/persona_axel-l-96x96.jpg\",\"caption\":\"Axel Lauzier\"},\"description\":\"Le sport rythme mon quotidien depuis l'enfance, et j'en ai fait mon m\u00e9tier d'analyste r\u00e9dactionnel il y a une dizaine d'ann\u00e9es. Je couvre principalement le football, son actualit\u00e9, ses transferts et l'analyse tactique des grandes affiches, mais aussi les disciplines plus confidentielles que j'aime remettre en lumi\u00e8re. Une partie de mon travail porte sur les pronostics et la lecture statistique d'un match : forme des \u00e9quipes, historique des confrontations, compositions, sans jamais vendre de fausse certitude. Je rappelle syst\u00e9matiquement que parier comporte un risque et doit rester un loisir ma\u00eetris\u00e9. Avant de signer une analyse, je v\u00e9rifie mes chiffres, je recoupe les compositions probables et je distingue toujours la donn\u00e9e brute de l'intuition. Mon objectif : offrir une lecture honn\u00eate et argument\u00e9e, pas un ticket gagnant garanti.\",\"sameAs\":[\"https:\/\/axellauzier.fr\/\"],\"url\":\"https:\/\/sport-index.fr\/blog\/auteur\/noname\/\"}]}<\/script>\n<!-- \/ Yoast SEO Premium plugin. -->","yoast_head_json":{"title":"marco odermatt d\u00e9\u00e7u apr\u00e8s sa performance aux mondiaux","description":"Une performance en demi-teinte pour marco odermatt Marco Odermatt, l'un des plus grands espoirs du ski alpin suisse, a connu une journ\u00e9e difficile lors\u2026","robots":{"index":"index","follow":"follow","max-snippet":"max-snippet:-1","max-image-preview":"max-image-preview:large","max-video-preview":"max-video-preview:-1"},"canonical":"https:\/\/sport-index.fr\/blog\/a-la-une\/marco-odermatt-decu-apres-sa-performance-aux-mondiaux-de-saalbach-un-regard-sur-lavenir\/","og_locale":"fr_FR","og_type":"article","og_title":"marco odermatt d\u00e9\u00e7u apr\u00e8s sa performance aux mondiaux","og_description":"Une performance en demi-teinte pour marco odermatt Marco Odermatt, l'un des plus grands espoirs du ski alpin suisse, a connu une journ\u00e9e difficile lors\u2026","og_url":"https:\/\/sport-index.fr\/blog\/a-la-une\/marco-odermatt-decu-apres-sa-performance-aux-mondiaux-de-saalbach-un-regard-sur-lavenir\/","og_site_name":"sport-index","author":"Axel Lauzier","twitter_card":"summary_large_image","schema":{"@context":"https:\/\/schema.org","@graph":[{"@type":"NewsArticle","@id":"https:\/\/sport-index.fr\/blog\/a-la-une\/marco-odermatt-decu-apres-sa-performance-aux-mondiaux-de-saalbach-un-regard-sur-lavenir\/#article","isPartOf":{"@id":"https:\/\/sport-index.fr\/blog\/a-la-une\/marco-odermatt-decu-apres-sa-performance-aux-mondiaux-de-saalbach-un-regard-sur-lavenir\/"},"author":{"name":"Axel Lauzier","@id":"https:\/\/sport-index.fr\/blog\/#\/schema\/person\/3c864cdc320801e3db34b663e7e3f816"},"headline":"marco odermatt d\u00e9\u00e7u apr\u00e8s sa performance aux mondiaux de saalbach : un regard sur l&rsquo;avenir","datePublished":"2025-02-12T09:43:06+00:00","mainEntityOfPage":{"@id":"https:\/\/sport-index.fr\/blog\/a-la-une\/marco-odermatt-decu-apres-sa-performance-aux-mondiaux-de-saalbach-un-regard-sur-lavenir\/"},"wordCount":561,"commentCount":23,"publisher":{"@id":"https:\/\/sport-index.fr\/blog\/#organization"},"image":{"@id":"https:\/\/sport-index.fr\/blog\/a-la-une\/marco-odermatt-decu-apres-sa-performance-aux-mondiaux-de-saalbach-un-regard-sur-lavenir\/#primaryimage"},"thumbnailUrl":"https:\/\/sport-index.fr\/blog\/wp-content\/uploads\/2025\/02\/sdxl-edb3acd2d603b1d4560b27e9ea242f3d.png","keywords":["Cyclisme F\u00e9minin","\u00c9galit\u00e9 des Chances","Libert\u00e9 De Mouvement","Performance Durable","R\u00e9silience"],"articleSection":["\u00c0 la une"],"inLanguage":"fr-FR","potentialAction":[{"@type":"CommentAction","name":"Comment","target":["https:\/\/sport-index.fr\/blog\/a-la-une\/marco-odermatt-decu-apres-sa-performance-aux-mondiaux-de-saalbach-un-regard-sur-lavenir\/#respond"]}]},{"@type":"WebPage","@id":"https:\/\/sport-index.fr\/blog\/a-la-une\/marco-odermatt-decu-apres-sa-performance-aux-mondiaux-de-saalbach-un-regard-sur-lavenir\/","url":"https:\/\/sport-index.fr\/blog\/a-la-une\/marco-odermatt-decu-apres-sa-performance-aux-mondiaux-de-saalbach-un-regard-sur-lavenir\/","name":"marco odermatt d\u00e9\u00e7u apr\u00e8s sa performance aux mondiaux","isPartOf":{"@id":"https:\/\/sport-index.fr\/blog\/#website"},"primaryImageOfPage":{"@id":"https:\/\/sport-index.fr\/blog\/a-la-une\/marco-odermatt-decu-apres-sa-performance-aux-mondiaux-de-saalbach-un-regard-sur-lavenir\/#primaryimage"},"image":{"@id":"https:\/\/sport-index.fr\/blog\/a-la-une\/marco-odermatt-decu-apres-sa-performance-aux-mondiaux-de-saalbach-un-regard-sur-lavenir\/#primaryimage"},"thumbnailUrl":"https:\/\/sport-index.fr\/blog\/wp-content\/uploads\/2025\/02\/sdxl-edb3acd2d603b1d4560b27e9ea242f3d.png","datePublished":"2025-02-12T09:43:06+00:00","description":"Une performance en demi-teinte pour marco odermatt Marco Odermatt, l'un des plus grands espoirs du ski alpin suisse, a connu une journ\u00e9e difficile lors\u2026","inLanguage":"fr-FR","potentialAction":[{"@type":"ReadAction","target":["https:\/\/sport-index.fr\/blog\/a-la-une\/marco-odermatt-decu-apres-sa-performance-aux-mondiaux-de-saalbach-un-regard-sur-lavenir\/"]}]},{"@type":"ImageObject","inLanguage":"fr-FR","@id":"https:\/\/sport-index.fr\/blog\/a-la-une\/marco-odermatt-decu-apres-sa-performance-aux-mondiaux-de-saalbach-un-regard-sur-lavenir\/#primaryimage","url":"https:\/\/sport-index.fr\/blog\/wp-content\/uploads\/2025\/02\/sdxl-edb3acd2d603b1d4560b27e9ea242f3d.png","contentUrl":"https:\/\/sport-index.fr\/blog\/wp-content\/uploads\/2025\/02\/sdxl-edb3acd2d603b1d4560b27e9ea242f3d.png","width":1536,"height":640},{"@type":"WebSite","@id":"https:\/\/sport-index.fr\/blog\/#website","url":"https:\/\/sport-index.fr\/blog\/","name":"sport-index.fr","description":"Le score de l\u2019analyse sportive.","publisher":{"@id":"https:\/\/sport-index.fr\/blog\/#organization"},"alternateName":"Le score de l\u2019analyse sportive.","potentialAction":[{"@type":"SearchAction","target":{"@type":"EntryPoint","urlTemplate":"https:\/\/sport-index.fr\/blog\/?s={search_term_string}"},"query-input":{"@type":"PropertyValueSpecification","valueRequired":true,"valueName":"search_term_string"}}],"inLanguage":"fr-FR"},{"@type":"Organization","@id":"https:\/\/sport-index.fr\/blog\/#organization","name":"Foretsensations.fr","url":"https:\/\/sport-index.fr\/blog\/","logo":{"@type":"ImageObject","inLanguage":"fr-FR","@id":"https:\/\/sport-index.fr\/blog\/#\/schema\/logo\/image\/","url":"https:\/\/sport-index.fr\/blog\/wp-content\/uploads\/2026\/07\/logo-auto.png","contentUrl":"https:\/\/sport-index.fr\/blog\/wp-content\/uploads\/2026\/07\/logo-auto.png","width":1024,"height":1024,"caption":"Foretsensations.fr"},"image":{"@id":"https:\/\/sport-index.fr\/blog\/#\/schema\/logo\/image\/"}},{"@type":"Person","@id":"https:\/\/sport-index.fr\/blog\/#\/schema\/person\/3c864cdc320801e3db34b663e7e3f816","name":"Axel Lauzier","image":{"@type":"ImageObject","inLanguage":"fr-FR","@id":"https:\/\/sport-index.fr\/blog\/#\/schema\/person\/image\/","url":"https:\/\/sport-index.fr\/blog\/wp-content\/uploads\/2026\/06\/persona_axel-l-96x96.jpg","contentUrl":"https:\/\/sport-index.fr\/blog\/wp-content\/uploads\/2026\/06\/persona_axel-l-96x96.jpg","caption":"Axel Lauzier"},"description":"Le sport rythme mon quotidien depuis l'enfance, et j'en ai fait mon m\u00e9tier d'analyste r\u00e9dactionnel il y a une dizaine d'ann\u00e9es. Je couvre principalement le football, son actualit\u00e9, ses transferts et l'analyse tactique des grandes affiches, mais aussi les disciplines plus confidentielles que j'aime remettre en lumi\u00e8re. Une partie de mon travail porte sur les pronostics et la lecture statistique d'un match : forme des \u00e9quipes, historique des confrontations, compositions, sans jamais vendre de fausse certitude. Je rappelle syst\u00e9matiquement que parier comporte un risque et doit rester un loisir ma\u00eetris\u00e9. Avant de signer une analyse, je v\u00e9rifie mes chiffres, je recoupe les compositions probables et je distingue toujours la donn\u00e9e brute de l'intuition. Mon objectif : offrir une lecture honn\u00eate et argument\u00e9e, pas un ticket gagnant garanti.","sameAs":["https:\/\/axellauzier.fr\/"],"url":"https:\/\/sport-index.fr\/blog\/auteur\/noname\/"}]}},"_links":{"self":[{"href":"https:\/\/sport-index.fr\/blog\/wp-json\/wp\/v2\/posts\/7939","targetHints":{"allow":["GET"]}}],"collection":[{"href":"https:\/\/sport-index.fr\/blog\/wp-json\/wp\/v2\/posts"}],"about":[{"href":"https:\/\/sport-index.fr\/blog\/wp-json\/wp\/v2\/types\/post"}],"author":[{"embeddable":true,"href":"https:\/\/sport-index.fr\/blog\/wp-json\/wp\/v2\/users\/34"}],"replies":[{"embeddable":true,"href":"https:\/\/sport-index.fr\/blog\/wp-json\/wp\/v2\/comments?post=7939"}],"version-history":[{"count":1,"href":"https:\/\/sport-index.fr\/blog\/wp-json\/wp\/v2\/posts\/7939\/revisions"}],"predecessor-version":[{"id":8256,"href":"https:\/\/sport-index.fr\/blog\/wp-json\/wp\/v2\/posts\/7939\/revisions\/8256"}],"wp:featuredmedia":[{"embeddable":true,"href":"https:\/\/sport-index.fr\/blog\/wp-json\/wp\/v2\/media\/11530"}],"wp:attachment":[{"href":"https:\/\/sport-index.fr\/blog\/wp-json\/wp\/v2\/media?parent=7939"}],"wp:term":[{"taxonomy":"category","embeddable":true,"href":"https:\/\/sport-index.fr\/blog\/wp-json\/wp\/v2\/categories?post=7939"},{"taxonomy":"post_tag","embeddable":true,"href":"https:\/\/sport-index.fr\/blog\/wp-json\/wp\/v2\/tags?post=7939"}],"curies":[{"name":"wp","href":"https:\/\/api.w.org\/{rel}","templated":true}]}}