{"id":7967,"date":"2025-02-13T03:31:32","date_gmt":"2025-02-13T02:31:32","guid":{"rendered":"https:\/\/sport-index.fr\/blog\/?p=7967"},"modified":"2025-02-11T07:39:38","modified_gmt":"2025-02-11T06:39:38","slug":"retour-de-gael-fickou-et-thibaud-flament-le-xv-de-france-face-a-litalie","status":"publish","type":"post","link":"https:\/\/sport-index.fr\/blog\/a-la-une\/retour-de-gael-fickou-et-thibaud-flament-le-xv-de-france-face-a-litalie\/","title":{"rendered":"Retour de Ga\u00ebl Fickou et Thibaud Flament : le XV de France face \u00e0 l&rsquo;Italie"},"content":{"rendered":"<h2>Des retours cruciaux pour le XV de France<\/h2>\n<p>Fickou, trois-quarts centre du Racing 92, a \u00e9t\u00e9 absent lors des deux premiers matchs du Tournoi en raison d&rsquo;une fracture du pouce. Son op\u00e9ration s&rsquo;est bien d\u00e9roul\u00e9e et, selon les informations du staff, il devrait recevoir le feu vert m\u00e9dical dans les jours \u00e0 venir.<\/p>\n<p>Thibaud Flament, quant \u00e0 lui, a d\u00fb quitter la pr\u00e9paration en raison d&rsquo;une blessure musculaire. Son retour est \u00e9galement envisag\u00e9, car les nouvelles de son \u00e9tat de sant\u00e9 sont encourageantes. Ces deux joueurs repr\u00e9sentent des atouts majeurs pour le XV de France, qui cherche \u00e0 redresser la barre apr\u00e8s un d\u00e9but de tournoi difficile.<\/p>\n<h2>Des absences notables \u00e0 d\u00e9plorer<\/h2>\n<p>Malgr\u00e9 ces retours, l&rsquo;\u00e9quipe devra faire face \u00e0 des absences importantes. Romain Ntamack, l&rsquo;ouvreur talentueux, ne pourra pas participer au match contre l&rsquo;Italie en raison d&rsquo;une suspension li\u00e9e \u00e0 un plaquage dangereux. Il a d\u00e9j\u00e0 entam\u00e9 le processus de r\u00e9int\u00e9gration apr\u00e8s sa p\u00e9nalit\u00e9, mais il ne pourra pas jouer avant le week-end suivant.<\/p>\n<p>De plus, le pilier Tevita Tatafu, pressenti pour int\u00e9grer l&rsquo;\u00e9quipe, a \u00e9galement subi une blessure au genou. Son absence laisse la porte ouverte \u00e0 Dorian Aldegheri, dont le retour est jug\u00e9 probable. Ces changements dans l&rsquo;effectif pourraient influencer la strat\u00e9gie du s\u00e9lectionneur Fabien Galthi\u00e9 pour le match \u00e0 venir.<\/p>\n<h2>Un groupe qui doit se renforcer<\/h2>\n<p>Alors que le XV de France se pr\u00e9pare pour le duel contre l&rsquo;Italie, il est essentiel que le groupe se renforce. Les blessures et suspensions obligent le staff \u00e0 faire preuve de cr\u00e9ativit\u00e9 pour composer une \u00e9quipe comp\u00e9titive. L\u2019arriv\u00e9e potentielle de joueurs comme Dorian Aldegheri pourrait apporter une bouff\u00e9e d&rsquo;air frais \u00e0 l&rsquo;\u00e9quipe.<\/p>\n<p>Le retour de Ga\u00ebl Fickou et Thibaud Flament pourrait \u00e9galement renforcer la d\u00e9fense et am\u00e9liorer la coh\u00e9sion du groupe. Le staff technique doit capitaliser sur ces retours pour b\u00e2tir une \u00e9quipe solide et pr\u00eate \u00e0 relever le d\u00e9fi que repr\u00e9sente l&rsquo;Italie. Chaque joueur doit \u00eatre conscient de son r\u00f4le et de l&rsquo;importance de cette rencontre dans le cadre du Tournoi.<\/p>\n<ul>\n<li>Retour de Ga\u00ebl Fickou et Thibaud Flament<\/li>\n<li>Absence de Romain Ntamack et Tevita Tatafu<\/li>\n<li>Dorian Aldegheri pressenti pour remplacer Tatafu<\/li>\n<li>Importance des retours pour la coh\u00e9sion de l&rsquo;\u00e9quipe<\/li>\n<li>Strat\u00e9gies \u00e0 adapter face \u00e0 l&rsquo;Italie<\/li>\n<\/ul>\n<blockquote><p>\n\u00ab Le XV de France doit se rassembler et tirer parti de chaque joueur disponible pour faire face \u00e0 l&rsquo;Italie. \u00bb \u2013 Fabien Galthi\u00e9\n<\/p><\/blockquote>\n<p>Le match face \u00e0 l&rsquo;Italie est crucial pour le XV de France. Les joueurs doivent se concentrer sur leurs performances individuelles tout en travaillant ensemble pour cr\u00e9er une synergie sur le terrain. Avec des retours prometteurs et des ajustements n\u00e9cessaires, l&rsquo;\u00e9quipe a toutes les cartes en main pour offrir un spectacle de rugby de haut niveau.<\/p>\n","protected":false},"excerpt":{"rendered":"","protected":false},"author":34,"featured_media":10510,"comment_status":"open","ping_status":"open","sticky":false,"template":"","format":"standard","meta":{"_acf_changed":false,"manual_indexmenow":false,"indexmenow_id_project":0,"footnotes":""},"categories":[1],"tags":[4604,4602,4555,4603,4554],"class_list":["post-7967","post","type-post","status-publish","format-standard","has-post-thumbnail","hentry","category-a-la-une","tag-dorian-aldegheri","tag-gael-fickou","tag-romain-ntamack","tag-thibaud-flament","tag-xv-de-france","generate-columns","tablet-grid-50","mobile-grid-100","grid-parent","grid-25"],"acf":[],"yoast_head":"<!-- This site is optimized with the Yoast SEO Premium plugin v21.3 (Yoast SEO v26.5) - https:\/\/yoast.com\/wordpress\/plugins\/seo\/ -->\n<title>Retour de Ga\u00ebl Fickou et Thibaud Flament : le XV de France<\/title>\n<meta name=\"description\" content=\"Des retours cruciaux pour le XV de France Fickou, trois-quarts centre du Racing 92, a \u00e9t\u00e9 absent lors des deux premiers matchs du Tournoi en raison d&#039;une\u2026\" \/>\n<meta name=\"robots\" content=\"index, follow, max-snippet:-1, max-image-preview:large, max-video-preview:-1\" \/>\n<link rel=\"canonical\" href=\"https:\/\/sport-index.fr\/blog\/a-la-une\/retour-de-gael-fickou-et-thibaud-flament-le-xv-de-france-face-a-litalie\/\" \/>\n<meta property=\"og:locale\" content=\"fr_FR\" \/>\n<meta property=\"og:type\" content=\"article\" \/>\n<meta property=\"og:title\" content=\"Retour de Ga\u00ebl Fickou et Thibaud Flament : le XV de France\" \/>\n<meta property=\"og:description\" content=\"Des retours cruciaux pour le XV de France Fickou, trois-quarts centre du Racing 92, a \u00e9t\u00e9 absent lors des deux premiers matchs du Tournoi en raison d&#039;une\u2026\" \/>\n<meta property=\"og:url\" content=\"https:\/\/sport-index.fr\/blog\/a-la-une\/retour-de-gael-fickou-et-thibaud-flament-le-xv-de-france-face-a-litalie\/\" \/>\n<meta property=\"og:site_name\" content=\"sport-index\" \/>\n<meta name=\"author\" content=\"Axel Lauzier\" \/>\n<meta name=\"twitter:card\" content=\"summary_large_image\" \/>\n<script type=\"application\/ld+json\" class=\"yoast-schema-graph\">{\"@context\":\"https:\/\/schema.org\",\"@graph\":[{\"@type\":\"NewsArticle\",\"@id\":\"https:\/\/sport-index.fr\/blog\/a-la-une\/retour-de-gael-fickou-et-thibaud-flament-le-xv-de-france-face-a-litalie\/#article\",\"isPartOf\":{\"@id\":\"https:\/\/sport-index.fr\/blog\/a-la-une\/retour-de-gael-fickou-et-thibaud-flament-le-xv-de-france-face-a-litalie\/\"},\"author\":{\"name\":\"Axel Lauzier\",\"@id\":\"https:\/\/sport-index.fr\/blog\/#\/schema\/person\/3c864cdc320801e3db34b663e7e3f816\"},\"headline\":\"Retour de Ga\u00ebl Fickou et Thibaud Flament : le XV de France face \u00e0 l&rsquo;Italie\",\"datePublished\":\"2025-02-13T02:31:32+00:00\",\"mainEntityOfPage\":{\"@id\":\"https:\/\/sport-index.fr\/blog\/a-la-une\/retour-de-gael-fickou-et-thibaud-flament-le-xv-de-france-face-a-litalie\/\"},\"wordCount\":500,\"commentCount\":24,\"publisher\":{\"@id\":\"https:\/\/sport-index.fr\/blog\/#organization\"},\"image\":{\"@id\":\"https:\/\/sport-index.fr\/blog\/a-la-une\/retour-de-gael-fickou-et-thibaud-flament-le-xv-de-france-face-a-litalie\/#primaryimage\"},\"thumbnailUrl\":\"https:\/\/sport-index.fr\/blog\/wp-content\/uploads\/2025\/02\/sdxl-46c3ea3a26773a00a2595ab8fcf91ab8.png\",\"keywords\":[\"Dorian Aldegheri\",\"Ga\u00ebl Fickou\",\"Romain Ntamack\",\"Thibaud Flament\",\"XV de France\"],\"articleSection\":[\"\u00c0 la une\"],\"inLanguage\":\"fr-FR\",\"potentialAction\":[{\"@type\":\"CommentAction\",\"name\":\"Comment\",\"target\":[\"https:\/\/sport-index.fr\/blog\/a-la-une\/retour-de-gael-fickou-et-thibaud-flament-le-xv-de-france-face-a-litalie\/#respond\"]}]},{\"@type\":\"WebPage\",\"@id\":\"https:\/\/sport-index.fr\/blog\/a-la-une\/retour-de-gael-fickou-et-thibaud-flament-le-xv-de-france-face-a-litalie\/\",\"url\":\"https:\/\/sport-index.fr\/blog\/a-la-une\/retour-de-gael-fickou-et-thibaud-flament-le-xv-de-france-face-a-litalie\/\",\"name\":\"Retour de Ga\u00ebl Fickou et Thibaud Flament : le XV de France\",\"isPartOf\":{\"@id\":\"https:\/\/sport-index.fr\/blog\/#website\"},\"primaryImageOfPage\":{\"@id\":\"https:\/\/sport-index.fr\/blog\/a-la-une\/retour-de-gael-fickou-et-thibaud-flament-le-xv-de-france-face-a-litalie\/#primaryimage\"},\"image\":{\"@id\":\"https:\/\/sport-index.fr\/blog\/a-la-une\/retour-de-gael-fickou-et-thibaud-flament-le-xv-de-france-face-a-litalie\/#primaryimage\"},\"thumbnailUrl\":\"https:\/\/sport-index.fr\/blog\/wp-content\/uploads\/2025\/02\/sdxl-46c3ea3a26773a00a2595ab8fcf91ab8.png\",\"datePublished\":\"2025-02-13T02:31:32+00:00\",\"description\":\"Des retours cruciaux pour le XV de France Fickou, trois-quarts centre du Racing 92, a \u00e9t\u00e9 absent lors des deux premiers matchs du Tournoi en raison d'une\u2026\",\"inLanguage\":\"fr-FR\",\"potentialAction\":[{\"@type\":\"ReadAction\",\"target\":[\"https:\/\/sport-index.fr\/blog\/a-la-une\/retour-de-gael-fickou-et-thibaud-flament-le-xv-de-france-face-a-litalie\/\"]}]},{\"@type\":\"ImageObject\",\"inLanguage\":\"fr-FR\",\"@id\":\"https:\/\/sport-index.fr\/blog\/a-la-une\/retour-de-gael-fickou-et-thibaud-flament-le-xv-de-france-face-a-litalie\/#primaryimage\",\"url\":\"https:\/\/sport-index.fr\/blog\/wp-content\/uploads\/2025\/02\/sdxl-46c3ea3a26773a00a2595ab8fcf91ab8.png\",\"contentUrl\":\"https:\/\/sport-index.fr\/blog\/wp-content\/uploads\/2025\/02\/sdxl-46c3ea3a26773a00a2595ab8fcf91ab8.png\",\"width\":1536,\"height\":640},{\"@type\":\"WebSite\",\"@id\":\"https:\/\/sport-index.fr\/blog\/#website\",\"url\":\"https:\/\/sport-index.fr\/blog\/\",\"name\":\"sport-index.fr\",\"description\":\"Le score de l\u2019analyse sportive.\",\"publisher\":{\"@id\":\"https:\/\/sport-index.fr\/blog\/#organization\"},\"alternateName\":\"Le score de l\u2019analyse sportive.\",\"potentialAction\":[{\"@type\":\"SearchAction\",\"target\":{\"@type\":\"EntryPoint\",\"urlTemplate\":\"https:\/\/sport-index.fr\/blog\/?s={search_term_string}\"},\"query-input\":{\"@type\":\"PropertyValueSpecification\",\"valueRequired\":true,\"valueName\":\"search_term_string\"}}],\"inLanguage\":\"fr-FR\"},{\"@type\":\"Organization\",\"@id\":\"https:\/\/sport-index.fr\/blog\/#organization\",\"name\":\"Foretsensations.fr\",\"url\":\"https:\/\/sport-index.fr\/blog\/\",\"logo\":{\"@type\":\"ImageObject\",\"inLanguage\":\"fr-FR\",\"@id\":\"https:\/\/sport-index.fr\/blog\/#\/schema\/logo\/image\/\",\"url\":\"https:\/\/sport-index.fr\/blog\/wp-content\/uploads\/2026\/07\/logo-auto.png\",\"contentUrl\":\"https:\/\/sport-index.fr\/blog\/wp-content\/uploads\/2026\/07\/logo-auto.png\",\"width\":1024,\"height\":1024,\"caption\":\"Foretsensations.fr\"},\"image\":{\"@id\":\"https:\/\/sport-index.fr\/blog\/#\/schema\/logo\/image\/\"}},{\"@type\":\"Person\",\"@id\":\"https:\/\/sport-index.fr\/blog\/#\/schema\/person\/3c864cdc320801e3db34b663e7e3f816\",\"name\":\"Axel Lauzier\",\"image\":{\"@type\":\"ImageObject\",\"inLanguage\":\"fr-FR\",\"@id\":\"https:\/\/sport-index.fr\/blog\/#\/schema\/person\/image\/\",\"url\":\"https:\/\/sport-index.fr\/blog\/wp-content\/uploads\/2026\/06\/persona_axel-l-96x96.jpg\",\"contentUrl\":\"https:\/\/sport-index.fr\/blog\/wp-content\/uploads\/2026\/06\/persona_axel-l-96x96.jpg\",\"caption\":\"Axel Lauzier\"},\"description\":\"Le sport rythme mon quotidien depuis l'enfance, et j'en ai fait mon m\u00e9tier d'analyste r\u00e9dactionnel il y a une dizaine d'ann\u00e9es. Je couvre principalement le football, son actualit\u00e9, ses transferts et l'analyse tactique des grandes affiches, mais aussi les disciplines plus confidentielles que j'aime remettre en lumi\u00e8re. Une partie de mon travail porte sur les pronostics et la lecture statistique d'un match : forme des \u00e9quipes, historique des confrontations, compositions, sans jamais vendre de fausse certitude. Je rappelle syst\u00e9matiquement que parier comporte un risque et doit rester un loisir ma\u00eetris\u00e9. Avant de signer une analyse, je v\u00e9rifie mes chiffres, je recoupe les compositions probables et je distingue toujours la donn\u00e9e brute de l'intuition. Mon objectif : offrir une lecture honn\u00eate et argument\u00e9e, pas un ticket gagnant garanti.\",\"sameAs\":[\"https:\/\/axellauzier.fr\/\"],\"url\":\"https:\/\/sport-index.fr\/blog\/auteur\/noname\/\"}]}<\/script>\n<!-- \/ Yoast SEO Premium plugin. -->","yoast_head_json":{"title":"Retour de Ga\u00ebl Fickou et Thibaud Flament : le XV de France","description":"Des retours cruciaux pour le XV de France Fickou, trois-quarts centre du Racing 92, a \u00e9t\u00e9 absent lors des deux premiers matchs du Tournoi en raison d'une\u2026","robots":{"index":"index","follow":"follow","max-snippet":"max-snippet:-1","max-image-preview":"max-image-preview:large","max-video-preview":"max-video-preview:-1"},"canonical":"https:\/\/sport-index.fr\/blog\/a-la-une\/retour-de-gael-fickou-et-thibaud-flament-le-xv-de-france-face-a-litalie\/","og_locale":"fr_FR","og_type":"article","og_title":"Retour de Ga\u00ebl Fickou et Thibaud Flament : le XV de France","og_description":"Des retours cruciaux pour le XV de France Fickou, trois-quarts centre du Racing 92, a \u00e9t\u00e9 absent lors des deux premiers matchs du Tournoi en raison d'une\u2026","og_url":"https:\/\/sport-index.fr\/blog\/a-la-une\/retour-de-gael-fickou-et-thibaud-flament-le-xv-de-france-face-a-litalie\/","og_site_name":"sport-index","author":"Axel Lauzier","twitter_card":"summary_large_image","schema":{"@context":"https:\/\/schema.org","@graph":[{"@type":"NewsArticle","@id":"https:\/\/sport-index.fr\/blog\/a-la-une\/retour-de-gael-fickou-et-thibaud-flament-le-xv-de-france-face-a-litalie\/#article","isPartOf":{"@id":"https:\/\/sport-index.fr\/blog\/a-la-une\/retour-de-gael-fickou-et-thibaud-flament-le-xv-de-france-face-a-litalie\/"},"author":{"name":"Axel Lauzier","@id":"https:\/\/sport-index.fr\/blog\/#\/schema\/person\/3c864cdc320801e3db34b663e7e3f816"},"headline":"Retour de Ga\u00ebl Fickou et Thibaud Flament : le XV de France face \u00e0 l&rsquo;Italie","datePublished":"2025-02-13T02:31:32+00:00","mainEntityOfPage":{"@id":"https:\/\/sport-index.fr\/blog\/a-la-une\/retour-de-gael-fickou-et-thibaud-flament-le-xv-de-france-face-a-litalie\/"},"wordCount":500,"commentCount":24,"publisher":{"@id":"https:\/\/sport-index.fr\/blog\/#organization"},"image":{"@id":"https:\/\/sport-index.fr\/blog\/a-la-une\/retour-de-gael-fickou-et-thibaud-flament-le-xv-de-france-face-a-litalie\/#primaryimage"},"thumbnailUrl":"https:\/\/sport-index.fr\/blog\/wp-content\/uploads\/2025\/02\/sdxl-46c3ea3a26773a00a2595ab8fcf91ab8.png","keywords":["Dorian Aldegheri","Ga\u00ebl Fickou","Romain Ntamack","Thibaud Flament","XV de France"],"articleSection":["\u00c0 la une"],"inLanguage":"fr-FR","potentialAction":[{"@type":"CommentAction","name":"Comment","target":["https:\/\/sport-index.fr\/blog\/a-la-une\/retour-de-gael-fickou-et-thibaud-flament-le-xv-de-france-face-a-litalie\/#respond"]}]},{"@type":"WebPage","@id":"https:\/\/sport-index.fr\/blog\/a-la-une\/retour-de-gael-fickou-et-thibaud-flament-le-xv-de-france-face-a-litalie\/","url":"https:\/\/sport-index.fr\/blog\/a-la-une\/retour-de-gael-fickou-et-thibaud-flament-le-xv-de-france-face-a-litalie\/","name":"Retour de Ga\u00ebl Fickou et Thibaud Flament : le XV de France","isPartOf":{"@id":"https:\/\/sport-index.fr\/blog\/#website"},"primaryImageOfPage":{"@id":"https:\/\/sport-index.fr\/blog\/a-la-une\/retour-de-gael-fickou-et-thibaud-flament-le-xv-de-france-face-a-litalie\/#primaryimage"},"image":{"@id":"https:\/\/sport-index.fr\/blog\/a-la-une\/retour-de-gael-fickou-et-thibaud-flament-le-xv-de-france-face-a-litalie\/#primaryimage"},"thumbnailUrl":"https:\/\/sport-index.fr\/blog\/wp-content\/uploads\/2025\/02\/sdxl-46c3ea3a26773a00a2595ab8fcf91ab8.png","datePublished":"2025-02-13T02:31:32+00:00","description":"Des retours cruciaux pour le XV de France Fickou, trois-quarts centre du Racing 92, a \u00e9t\u00e9 absent lors des deux premiers matchs du Tournoi en raison d'une\u2026","inLanguage":"fr-FR","potentialAction":[{"@type":"ReadAction","target":["https:\/\/sport-index.fr\/blog\/a-la-une\/retour-de-gael-fickou-et-thibaud-flament-le-xv-de-france-face-a-litalie\/"]}]},{"@type":"ImageObject","inLanguage":"fr-FR","@id":"https:\/\/sport-index.fr\/blog\/a-la-une\/retour-de-gael-fickou-et-thibaud-flament-le-xv-de-france-face-a-litalie\/#primaryimage","url":"https:\/\/sport-index.fr\/blog\/wp-content\/uploads\/2025\/02\/sdxl-46c3ea3a26773a00a2595ab8fcf91ab8.png","contentUrl":"https:\/\/sport-index.fr\/blog\/wp-content\/uploads\/2025\/02\/sdxl-46c3ea3a26773a00a2595ab8fcf91ab8.png","width":1536,"height":640},{"@type":"WebSite","@id":"https:\/\/sport-index.fr\/blog\/#website","url":"https:\/\/sport-index.fr\/blog\/","name":"sport-index.fr","description":"Le score de l\u2019analyse sportive.","publisher":{"@id":"https:\/\/sport-index.fr\/blog\/#organization"},"alternateName":"Le score de l\u2019analyse sportive.","potentialAction":[{"@type":"SearchAction","target":{"@type":"EntryPoint","urlTemplate":"https:\/\/sport-index.fr\/blog\/?s={search_term_string}"},"query-input":{"@type":"PropertyValueSpecification","valueRequired":true,"valueName":"search_term_string"}}],"inLanguage":"fr-FR"},{"@type":"Organization","@id":"https:\/\/sport-index.fr\/blog\/#organization","name":"Foretsensations.fr","url":"https:\/\/sport-index.fr\/blog\/","logo":{"@type":"ImageObject","inLanguage":"fr-FR","@id":"https:\/\/sport-index.fr\/blog\/#\/schema\/logo\/image\/","url":"https:\/\/sport-index.fr\/blog\/wp-content\/uploads\/2026\/07\/logo-auto.png","contentUrl":"https:\/\/sport-index.fr\/blog\/wp-content\/uploads\/2026\/07\/logo-auto.png","width":1024,"height":1024,"caption":"Foretsensations.fr"},"image":{"@id":"https:\/\/sport-index.fr\/blog\/#\/schema\/logo\/image\/"}},{"@type":"Person","@id":"https:\/\/sport-index.fr\/blog\/#\/schema\/person\/3c864cdc320801e3db34b663e7e3f816","name":"Axel Lauzier","image":{"@type":"ImageObject","inLanguage":"fr-FR","@id":"https:\/\/sport-index.fr\/blog\/#\/schema\/person\/image\/","url":"https:\/\/sport-index.fr\/blog\/wp-content\/uploads\/2026\/06\/persona_axel-l-96x96.jpg","contentUrl":"https:\/\/sport-index.fr\/blog\/wp-content\/uploads\/2026\/06\/persona_axel-l-96x96.jpg","caption":"Axel Lauzier"},"description":"Le sport rythme mon quotidien depuis l'enfance, et j'en ai fait mon m\u00e9tier d'analyste r\u00e9dactionnel il y a une dizaine d'ann\u00e9es. Je couvre principalement le football, son actualit\u00e9, ses transferts et l'analyse tactique des grandes affiches, mais aussi les disciplines plus confidentielles que j'aime remettre en lumi\u00e8re. Une partie de mon travail porte sur les pronostics et la lecture statistique d'un match : forme des \u00e9quipes, historique des confrontations, compositions, sans jamais vendre de fausse certitude. Je rappelle syst\u00e9matiquement que parier comporte un risque et doit rester un loisir ma\u00eetris\u00e9. Avant de signer une analyse, je v\u00e9rifie mes chiffres, je recoupe les compositions probables et je distingue toujours la donn\u00e9e brute de l'intuition. Mon objectif : offrir une lecture honn\u00eate et argument\u00e9e, pas un ticket gagnant garanti.","sameAs":["https:\/\/axellauzier.fr\/"],"url":"https:\/\/sport-index.fr\/blog\/auteur\/noname\/"}]}},"_links":{"self":[{"href":"https:\/\/sport-index.fr\/blog\/wp-json\/wp\/v2\/posts\/7967","targetHints":{"allow":["GET"]}}],"collection":[{"href":"https:\/\/sport-index.fr\/blog\/wp-json\/wp\/v2\/posts"}],"about":[{"href":"https:\/\/sport-index.fr\/blog\/wp-json\/wp\/v2\/types\/post"}],"author":[{"embeddable":true,"href":"https:\/\/sport-index.fr\/blog\/wp-json\/wp\/v2\/users\/34"}],"replies":[{"embeddable":true,"href":"https:\/\/sport-index.fr\/blog\/wp-json\/wp\/v2\/comments?post=7967"}],"version-history":[{"count":1,"href":"https:\/\/sport-index.fr\/blog\/wp-json\/wp\/v2\/posts\/7967\/revisions"}],"predecessor-version":[{"id":8323,"href":"https:\/\/sport-index.fr\/blog\/wp-json\/wp\/v2\/posts\/7967\/revisions\/8323"}],"wp:featuredmedia":[{"embeddable":true,"href":"https:\/\/sport-index.fr\/blog\/wp-json\/wp\/v2\/media\/10510"}],"wp:attachment":[{"href":"https:\/\/sport-index.fr\/blog\/wp-json\/wp\/v2\/media?parent=7967"}],"wp:term":[{"taxonomy":"category","embeddable":true,"href":"https:\/\/sport-index.fr\/blog\/wp-json\/wp\/v2\/categories?post=7967"},{"taxonomy":"post_tag","embeddable":true,"href":"https:\/\/sport-index.fr\/blog\/wp-json\/wp\/v2\/tags?post=7967"}],"curies":[{"name":"wp","href":"https:\/\/api.w.org\/{rel}","templated":true}]}}