{"id":7990,"date":"2026-06-16T14:43:49","date_gmt":"2026-06-16T12:43:49","guid":{"rendered":"https:\/\/sport-index.fr\/blog\/?p=7990"},"modified":"2026-06-16T14:43:49","modified_gmt":"2026-06-16T12:43:49","slug":"pro-d2-nice-et-aurillac-revivez-lintensite-du-match-de-la-19eme-journee","status":"publish","type":"post","link":"https:\/\/sport-index.fr\/blog\/a-la-une\/pro-d2-nice-et-aurillac-revivez-lintensite-du-match-de-la-19eme-journee\/","title":{"rendered":"Pro D2 \u2013 Nice et Aurillac : revivez l&rsquo;intensit\u00e9 du match de la 19\u00e8me journ\u00e9e"},"content":{"rendered":"<link rel=\"stylesheet\" href=\"https:\/\/fonts.googleapis.com\/css2?family=Newsreader:ital,opsz,wght@0,6..72,500..700;1,6..72,500..600&#038;family=Inter:wght@400;500;600&#038;family=JetBrains+Mono:wght@500&#038;display=swap\">\n<style>\n.sif-actunews-wrap{font-family:'Inter',-apple-system,BlinkMacSystemFont,sans-serif;color:#1d1b1a;line-height:1.65;font-size:17px;max-width:760px;margin:0 auto}\n.sif-actunews-wrap h2{font-family:'Newsreader',Georgia,serif;font-weight:700;font-size:clamp(24px,3.2vw,33px);line-height:1.2;letter-spacing:-.01em;color:#15110f;margin:48px 0 14px}\n.sif-actunews-wrap h3{font-family:'Newsreader',Georgia,serif;font-weight:600;font-size:clamp(19px,2.2vw,22px);color:#15110f;margin:26px 0 8px}\n.sif-actunews-wrap p{margin:0 0 17px}\n.sif-actunews-kicker{font-family:'JetBrains Mono',monospace;font-weight:500;font-size:12.5px;letter-spacing:.12em;text-transform:uppercase;color:#8a1c2b;display:flex;align-items:center;gap:10px;margin:0 0 14px}\n.sif-actunews-kicker::before{content:\"\";display:inline-block;width:26px;height:2px;background:#8a1c2b}\n.sif-actunews-lead{font-family:'Newsreader',Georgia,serif;font-size:clamp(19px,2.4vw,22px);line-height:1.5;font-style:italic;color:#3a322f;margin:0 0 30px;font-weight:500}\n.sif-actunews-essentiel{background:#fbf4f2;border-left:5px solid #8a1c2b;border-radius:0 12px 12px 0;padding:22px 26px;margin:30px 0 38px;box-shadow:0 1px 2px rgba(16,24,40,.05),0 12px 28px -16px rgba(122,28,43,.28)}\n.sif-actunews-essentiel .sif-actunews-etitle{font-family:'JetBrains Mono',monospace;font-weight:500;font-size:12px;letter-spacing:.14em;text-transform:uppercase;color:#8a1c2b;margin-bottom:14px}\n.sif-actunews-essentiel ul{margin:0;padding:0;list-style:none}\n.sif-actunews-essentiel li{position:relative;padding:8px 0 8px 30px;border-bottom:1px solid #f0e2de}\n.sif-actunews-essentiel li:last-child{border-bottom:none}\n.sif-actunews-essentiel li::before{content:\"\";position:absolute;left:6px;top:15px;width:9px;height:9px;border-radius:50%;background:#8a1c2b}\n.sif-actunews-essentiel li b{font-family:'JetBrains Mono',monospace;font-size:12px;letter-spacing:.06em;text-transform:uppercase;color:#15110f;display:block;margin-bottom:1px}\n.sif-actunews-dateline{font-family:'JetBrains Mono',monospace;font-size:12.5px;letter-spacing:.05em;color:#7a6e69;margin:0 0 22px}\n.sif-actunews-pq{font-family:'Newsreader',Georgia,serif;font-style:italic;font-weight:500;font-size:clamp(22px,2.8vw,27px);line-height:1.4;color:#15110f;border-left:4px solid #8a1c2b;padding:6px 0 6px 26px;margin:34px 0}\n.sif-actunews-pq .sif-actunews-cite{display:block;font-family:'JetBrains Mono',monospace;font-style:normal;font-size:12px;letter-spacing:.08em;text-transform:uppercase;color:#8a1c2b;margin-top:14px}\n.sif-actunews-retenir{border:1px solid #ead9d4;border-top:3px solid #8a1c2b;border-radius:12px;padding:24px 28px;margin:44px 0;background:#fff;transition:.25s ease;box-shadow:0 1px 2px rgba(16,24,40,.05),0 12px 28px -16px rgba(16,24,40,.18)}\n.sif-actunews-retenir:hover{transform:translateY(-3px);box-shadow:0 1px 2px rgba(16,24,40,.06),0 18px 36px -16px rgba(122,28,43,.3)}\n.sif-actunews-retenir .sif-actunews-rtitle{font-family:'Newsreader',Georgia,serif;font-weight:700;font-size:21px;color:#15110f;margin-bottom:14px}\n.sif-actunews-retenir ul{margin:0;padding-left:22px}\n.sif-actunews-retenir li{margin:9px 0;padding-left:4px}\n.sif-actunews-retenir li::marker{color:#8a1c2b}\n.sif-actunews-faq{margin:40px 0 12px}\n.sif-actunews-faq details{border:1px solid #ead9d4;border-radius:10px;padding:0;margin:12px 0;background:#fff;transition:.25s ease;overflow:hidden}\n.sif-actunews-faq details:hover{border-color:#d8a59c;box-shadow:0 10px 24px -16px rgba(122,28,43,.3)}\n.sif-actunews-faq summary{cursor:pointer;list-style:none;font-family:'Newsreader',Georgia,serif;font-weight:600;font-size:18px;color:#15110f;padding:16px 20px;display:flex;justify-content:space-between;align-items:center;gap:14px}\n.sif-actunews-faq summary::-webkit-details-marker{display:none}\n.sif-actunews-faq summary::after{content:\"+\";font-family:'JetBrains Mono',monospace;color:#8a1c2b;font-size:22px;line-height:1;transition:.25s ease}\n.sif-actunews-faq details[open] summary::after{transform:rotate(45deg)}\n.sif-actunews-faq .sif-actunews-ans{padding:0 20px 18px;color:#3a322f}\n@media(max-width:640px){.sif-actunews-wrap{font-size:16px}}\n\/*RENDERFIX2*\/.sif-actunews-kicker::before{color:#eef3f9!important}.sif-actunews-kicker::before p,.sif-actunews-kicker::before li,.sif-actunews-kicker::before strong,.sif-actunews-kicker::before em,.sif-actunews-kicker::before a,.sif-actunews-kicker::before span,.sif-actunews-kicker::before b,.sif-actunews-kicker::before td,.sif-actunews-kicker::before th,.sif-actunews-kicker::before h2,.sif-actunews-kicker::before h3,.sif-actunews-kicker::before h4{color:#eef3f9!important}.sif-actunews-kicker::before strong,.sif-actunews-kicker::before b{color:#ffffff!important}.sif-actunews-essentiel li::before{color:#eef3f9!important}.sif-actunews-essentiel li::before p,.sif-actunews-essentiel li::before li,.sif-actunews-essentiel li::before strong,.sif-actunews-essentiel li::before em,.sif-actunews-essentiel li::before a,.sif-actunews-essentiel li::before span,.sif-actunews-essentiel li::before b,.sif-actunews-essentiel li::before td,.sif-actunews-essentiel li::before th,.sif-actunews-essentiel li::before h2,.sif-actunews-essentiel li::before h3,.sif-actunews-essentiel li::before h4{color:#eef3f9!important}.sif-actunews-essentiel li::before strong,.sif-actunews-essentiel li::before b{color:#ffffff!important}<\/style>\n<div class=\"sif-actunews-wrap\">\n<div class=\"sif-actunews-kicker\">Pro D2 \u00b7 19\u1d49 journ\u00e9e<\/div>\n<p class=\"sif-actunews-lead\">Nice, lanterne rouge en qu\u00eate d&rsquo;un sursaut, recevait un Aurillac d\u00e9sireux de prendre sa revanche apr\u00e8s le match aller. Une affiche \u00e0 enjeux crois\u00e9s o\u00f9 chaque ballon comptait, et qui a finalement souri aux Azur\u00e9ens.<\/p>\n<div class=\"sif-actunews-dateline\">Compte-rendu \u2014 Pro D2, 19\u1d49 journ\u00e9e \u00b7 Nice \u2013 Aurillac<\/div>\n<div class=\"sif-actunews-essentiel\">\n<div class=\"sif-actunews-etitle\">L&rsquo;essentiel<\/div>\n<ul>\n<li><b>Quoi<\/b><span>Nice s&rsquo;impose face \u00e0 Aurillac lors de la 19\u1d49 journ\u00e9e de Pro D2, dans un match disput\u00e9.<\/span><\/li>\n<li><b>Qui \/ contexte<\/b><span>Nice, dernier au classement, cherchait l&rsquo;oxyg\u00e8ne ; Aurillac visait sa revanche apr\u00e8s le match aller.<\/span><\/li>\n<li><b>Pourquoi \u00e7a compte<\/b><span>Un succ\u00e8s qui relance la dynamique ni\u00e7oise et redonne espoir \u00e0 un public en attente de r\u00e9sultats.<\/span><\/li>\n<\/ul>\n<\/div>\n<h2>Une rencontre cruciale pour Nice<\/h2>\n<p>Cette rencontre \u00e9tait essentielle pour tenter de sortir de cette zone d\u00e9licate et redonner espoir aux supporters. En effet, une victoire aurait permis de relancer la dynamique de l&rsquo;\u00e9quipe et de rassurer un public en attente de meilleures performances.<\/p>\n<p>Face \u00e0 une \u00e9quipe d&rsquo;Aurillac, qui avait \u00e9galement des enjeux, le d\u00e9fi \u00e9tait de taille. Les Cantaliens, ayant subi une lourde d\u00e9faite lors du match aller, \u00e9taient d\u00e9termin\u00e9s \u00e0 prendre leur revanche. Ainsi, le contexte de cette rencontre promettait une intensit\u00e9 palpable sur le terrain, avec deux formations jouant gros \u00e0 ce stade de la saison.<\/p>\n<h2>Des strat\u00e9gies bien distinctes sur le terrain<\/h2>\n<p>Nice a commenc\u00e9 le match avec une approche offensive, cherchant \u00e0 imposer son jeu d\u00e8s les premi\u00e8res minutes. Leurs joueurs ont montr\u00e9 une belle combativit\u00e9, tentant de cr\u00e9er des espaces face \u00e0 une d\u00e9fense d&rsquo;Aurillac qui se montrait solide. Chaque phase de jeu \u00e9tait d\u00e9cisive, et les \u00e9changes \u00e9taient rythm\u00e9s par des actions rapides et parfois spectaculaires.<\/p>\n<p>De leur c\u00f4t\u00e9, les Aurillacois ont opt\u00e9 pour une strat\u00e9gie plus prudente, cherchant \u00e0 contr\u00f4ler le rythme du match. En se concentrant sur la d\u00e9fense et les contres, ils esp\u00e9raient capitaliser sur les erreurs des Ni\u00e7ois. Cette tactique a ajout\u00e9 une couche de tension, alors que les deux \u00e9quipes s&rsquo;effor\u00e7aient de prendre l&rsquo;ascendant.<\/p>\n<h3>Le tournant du match<\/h3>\n<p>La bascule s&rsquo;est jou\u00e9e dans la capacit\u00e9 de Nice \u00e0 concr\u00e9tiser sa domination territoriale. L\u00e0 o\u00f9 Aurillac comptait sur la patience et le jeu de contre, les Azur\u00e9ens ont fini par trouver la faille, transformant leur pression en points et faisant basculer la rencontre dans le bon sens.<\/p>\n<h2>Un match qui a tenu toutes ses promesses<\/h2>\n<p>Le d\u00e9roulement de la rencontre a \u00e9t\u00e9 riche en rebondissements, avec des actions palpitantes de part et d&rsquo;autre. Les joueurs ont d\u00e9montr\u00e9 une grande d\u00e9termination, et les supporters \u00e9taient en \u00e9moi \u00e0 chaque occasion. La tension \u00e9tait \u00e0 son comble lorsque Nice a enfin r\u00e9ussi \u00e0 marquer, offrant un moment de joie aux fans pr\u00e9sents.<\/p>\n<p>Pour Aurillac, malgr\u00e9 la d\u00e9ception, il \u00e9tait clair que l&rsquo;\u00e9quipe avait donn\u00e9 le meilleur d&rsquo;elle-m\u00eame.<\/p>\n<div class=\"sif-actunews-pq\">\n\u00ab\u00a0Nous sommes fiers de la mani\u00e8re dont les joueurs ont combattu sur le terrain, m\u00eame si le r\u00e9sultat n&rsquo;est pas celui esp\u00e9r\u00e9.\u00a0\u00bb<br \/>\n<span class=\"sif-actunews-cite\">\u2014 Un membre du staff d&rsquo;Aurillac<\/span>\n<\/div>\n<p>Le match s&rsquo;est conclu sur une note d&rsquo;espoir pour Nice, mais aussi de respect mutuel entre les deux \u00e9quipes. Les enjeux de cette confrontation d\u00e9passaient le simple cadre sportif. Les joueurs ont su se d\u00e9passer, cr\u00e9ant ainsi une atmosph\u00e8re \u00e9lectrique qui a tenu les spectateurs en haleine. Alors que Nice esp\u00e8re relancer son parcours, Aurillac repart avec des le\u00e7ons pr\u00e9cieuses, pr\u00eates \u00e0 \u00eatre mises en \u0153uvre lors des prochains affrontements. Ce match a \u00e9t\u00e9 une v\u00e9ritable illustration de la passion et de l&rsquo;adr\u00e9naline qui caract\u00e9risent le rugby \u00e0 ce niveau.<\/p>\n<div class=\"sif-actunews-retenir\">\n<div class=\"sif-actunews-rtitle\">\u00c0 retenir<\/div>\n<ul>\n<li>Nice, lanterne rouge, avait besoin de cette victoire pour relancer sa saison.<\/li>\n<li>Aurillac cherchait \u00e0 prendre sa revanche apr\u00e8s le match aller.<\/li>\n<li>Des strat\u00e9gies oppos\u00e9es : offensive ni\u00e7oise contre d\u00e9fense et jeu de contre aurillacois.<\/li>\n<li>Un rythme \u00e9lev\u00e9 et une tension palpable durant toute la rencontre.<\/li>\n<li>Une fin de match riche en \u00e9motions, avec de l&rsquo;espoir c\u00f4t\u00e9 ni\u00e7ois et du respect mutuel.<\/li>\n<\/ul>\n<\/div>\n<div class=\"sif-actunews-faq\">\n<details>\n<summary>Qui s&rsquo;est impos\u00e9 lors de ce match Nice \u2013 Aurillac ?<\/summary>\n<div class=\"sif-actunews-ans\">Nice a remport\u00e9 cette rencontre de la 19\u1d49 journ\u00e9e de Pro D2, finissant par concr\u00e9tiser sa domination apr\u00e8s une partie intense et disput\u00e9e face \u00e0 un Aurillac accrocheur.<\/div>\n<\/details>\n<details>\n<summary>Pourquoi ce match \u00e9tait-il important pour Nice ?<\/summary>\n<div class=\"sif-actunews-ans\">Lanterne rouge du classement, Nice jouait une rencontre cruciale pour tenter de sortir de cette zone d\u00e9licate, relancer sa dynamique et rassurer un public en attente de meilleures performances.<\/div>\n<\/details>\n<details>\n<summary>Quel \u00e9tait l&rsquo;enjeu pour Aurillac ?<\/summary>\n<div class=\"sif-actunews-ans\">Les Cantaliens, battus lourdement lors du match aller, \u00e9taient venus chercher leur revanche. Ils ont mis\u00e9 sur une approche prudente, ax\u00e9e sur la d\u00e9fense et le jeu de contre.<\/div>\n<\/details>\n<\/div>\n<\/div>\n","protected":false},"excerpt":{"rendered":"","protected":false},"author":34,"featured_media":10380,"comment_status":"open","ping_status":"open","sticky":false,"template":"","format":"standard","meta":{"_acf_changed":false,"manual_indexmenow":false,"indexmenow_id_project":0,"footnotes":""},"categories":[1],"tags":[4616,4615,4529,4378,4408],"class_list":["post-7990","post","type-post","status-publish","format-standard","has-post-thumbnail","hentry","category-a-la-une","tag-activites-variees","tag-communaute-engagee","tag-egalite-des-chances","tag-performance-durable","tag-resilience","generate-columns","tablet-grid-50","mobile-grid-100","grid-parent","grid-25"],"acf":[],"yoast_head":"<!-- This site is optimized with the Yoast SEO Premium plugin v21.3 (Yoast SEO v26.5) - https:\/\/yoast.com\/wordpress\/plugins\/seo\/ -->\n<title>Pro D2 \u2013 Nice et Aurillac : revivez l&#039;intensit\u00e9 du match<\/title>\n<meta name=\"description\" content=\"Pro D2 \u00b7 19\u1d49 journ\u00e9e Nice, lanterne rouge en qu\u00eate d&#039;un sursaut, recevait un Aurillac d\u00e9sireux de prendre sa revanche apr\u00e8s le match aller. Une affiche \u00e0\u2026\" \/>\n<meta name=\"robots\" content=\"index, follow, max-snippet:-1, max-image-preview:large, max-video-preview:-1\" \/>\n<link rel=\"canonical\" href=\"https:\/\/sport-index.fr\/blog\/a-la-une\/pro-d2-nice-et-aurillac-revivez-lintensite-du-match-de-la-19eme-journee\/\" \/>\n<meta property=\"og:locale\" content=\"fr_FR\" \/>\n<meta property=\"og:type\" content=\"article\" \/>\n<meta property=\"og:title\" content=\"Pro D2 \u2013 Nice et Aurillac : revivez l&#039;intensit\u00e9 du match\" \/>\n<meta property=\"og:description\" content=\"Pro D2 \u00b7 19\u1d49 journ\u00e9e Nice, lanterne rouge en qu\u00eate d&#039;un sursaut, recevait un Aurillac d\u00e9sireux de prendre sa revanche apr\u00e8s le match aller. Une affiche \u00e0\u2026\" \/>\n<meta property=\"og:url\" content=\"https:\/\/sport-index.fr\/blog\/a-la-une\/pro-d2-nice-et-aurillac-revivez-lintensite-du-match-de-la-19eme-journee\/\" \/>\n<meta property=\"og:site_name\" content=\"sport-index\" \/>\n<meta name=\"author\" content=\"Axel Lauzier\" \/>\n<meta name=\"twitter:card\" content=\"summary_large_image\" \/>\n<script type=\"application\/ld+json\" class=\"yoast-schema-graph\">{\"@context\":\"https:\/\/schema.org\",\"@graph\":[{\"@type\":\"NewsArticle\",\"@id\":\"https:\/\/sport-index.fr\/blog\/a-la-une\/pro-d2-nice-et-aurillac-revivez-lintensite-du-match-de-la-19eme-journee\/#article\",\"isPartOf\":{\"@id\":\"https:\/\/sport-index.fr\/blog\/a-la-une\/pro-d2-nice-et-aurillac-revivez-lintensite-du-match-de-la-19eme-journee\/\"},\"author\":{\"name\":\"Axel Lauzier\",\"@id\":\"https:\/\/sport-index.fr\/blog\/#\/schema\/person\/3c864cdc320801e3db34b663e7e3f816\"},\"headline\":\"Pro D2 \u2013 Nice et Aurillac : revivez l&rsquo;intensit\u00e9 du match de la 19\u00e8me journ\u00e9e\",\"datePublished\":\"2026-06-16T12:43:49+00:00\",\"mainEntityOfPage\":{\"@id\":\"https:\/\/sport-index.fr\/blog\/a-la-une\/pro-d2-nice-et-aurillac-revivez-lintensite-du-match-de-la-19eme-journee\/\"},\"wordCount\":820,\"commentCount\":23,\"publisher\":{\"@id\":\"https:\/\/sport-index.fr\/blog\/#organization\"},\"image\":{\"@id\":\"https:\/\/sport-index.fr\/blog\/a-la-une\/pro-d2-nice-et-aurillac-revivez-lintensite-du-match-de-la-19eme-journee\/#primaryimage\"},\"thumbnailUrl\":\"https:\/\/sport-index.fr\/blog\/wp-content\/uploads\/2025\/02\/sdxl-5f7d4a845c5eccdde400198e7d2d581e.png\",\"keywords\":[\"Activit\u00e9s vari\u00e9es\",\"Communaut\u00e9 engag\u00e9e\",\"\u00c9galit\u00e9 des Chances\",\"Performance Durable\",\"R\u00e9silience\"],\"articleSection\":[\"\u00c0 la une\"],\"inLanguage\":\"fr-FR\",\"potentialAction\":[{\"@type\":\"CommentAction\",\"name\":\"Comment\",\"target\":[\"https:\/\/sport-index.fr\/blog\/a-la-une\/pro-d2-nice-et-aurillac-revivez-lintensite-du-match-de-la-19eme-journee\/#respond\"]}]},{\"@type\":\"WebPage\",\"@id\":\"https:\/\/sport-index.fr\/blog\/a-la-une\/pro-d2-nice-et-aurillac-revivez-lintensite-du-match-de-la-19eme-journee\/\",\"url\":\"https:\/\/sport-index.fr\/blog\/a-la-une\/pro-d2-nice-et-aurillac-revivez-lintensite-du-match-de-la-19eme-journee\/\",\"name\":\"Pro D2 \u2013 Nice et Aurillac : revivez l'intensit\u00e9 du match\",\"isPartOf\":{\"@id\":\"https:\/\/sport-index.fr\/blog\/#website\"},\"primaryImageOfPage\":{\"@id\":\"https:\/\/sport-index.fr\/blog\/a-la-une\/pro-d2-nice-et-aurillac-revivez-lintensite-du-match-de-la-19eme-journee\/#primaryimage\"},\"image\":{\"@id\":\"https:\/\/sport-index.fr\/blog\/a-la-une\/pro-d2-nice-et-aurillac-revivez-lintensite-du-match-de-la-19eme-journee\/#primaryimage\"},\"thumbnailUrl\":\"https:\/\/sport-index.fr\/blog\/wp-content\/uploads\/2025\/02\/sdxl-5f7d4a845c5eccdde400198e7d2d581e.png\",\"datePublished\":\"2026-06-16T12:43:49+00:00\",\"description\":\"Pro D2 \u00b7 19\u1d49 journ\u00e9e Nice, lanterne rouge en qu\u00eate d'un sursaut, recevait un Aurillac d\u00e9sireux de prendre sa revanche apr\u00e8s le match aller. Une affiche \u00e0\u2026\",\"inLanguage\":\"fr-FR\",\"potentialAction\":[{\"@type\":\"ReadAction\",\"target\":[\"https:\/\/sport-index.fr\/blog\/a-la-une\/pro-d2-nice-et-aurillac-revivez-lintensite-du-match-de-la-19eme-journee\/\"]}]},{\"@type\":\"ImageObject\",\"inLanguage\":\"fr-FR\",\"@id\":\"https:\/\/sport-index.fr\/blog\/a-la-une\/pro-d2-nice-et-aurillac-revivez-lintensite-du-match-de-la-19eme-journee\/#primaryimage\",\"url\":\"https:\/\/sport-index.fr\/blog\/wp-content\/uploads\/2025\/02\/sdxl-5f7d4a845c5eccdde400198e7d2d581e.png\",\"contentUrl\":\"https:\/\/sport-index.fr\/blog\/wp-content\/uploads\/2025\/02\/sdxl-5f7d4a845c5eccdde400198e7d2d581e.png\",\"width\":1536,\"height\":640},{\"@type\":\"WebSite\",\"@id\":\"https:\/\/sport-index.fr\/blog\/#website\",\"url\":\"https:\/\/sport-index.fr\/blog\/\",\"name\":\"sport-index.fr\",\"description\":\"Le score de l\u2019analyse sportive.\",\"publisher\":{\"@id\":\"https:\/\/sport-index.fr\/blog\/#organization\"},\"alternateName\":\"Le score de l\u2019analyse sportive.\",\"potentialAction\":[{\"@type\":\"SearchAction\",\"target\":{\"@type\":\"EntryPoint\",\"urlTemplate\":\"https:\/\/sport-index.fr\/blog\/?s={search_term_string}\"},\"query-input\":{\"@type\":\"PropertyValueSpecification\",\"valueRequired\":true,\"valueName\":\"search_term_string\"}}],\"inLanguage\":\"fr-FR\"},{\"@type\":\"Organization\",\"@id\":\"https:\/\/sport-index.fr\/blog\/#organization\",\"name\":\"Foretsensations.fr\",\"url\":\"https:\/\/sport-index.fr\/blog\/\",\"logo\":{\"@type\":\"ImageObject\",\"inLanguage\":\"fr-FR\",\"@id\":\"https:\/\/sport-index.fr\/blog\/#\/schema\/logo\/image\/\",\"url\":\"https:\/\/sport-index.fr\/blog\/wp-content\/uploads\/2026\/07\/logo-auto.png\",\"contentUrl\":\"https:\/\/sport-index.fr\/blog\/wp-content\/uploads\/2026\/07\/logo-auto.png\",\"width\":1024,\"height\":1024,\"caption\":\"Foretsensations.fr\"},\"image\":{\"@id\":\"https:\/\/sport-index.fr\/blog\/#\/schema\/logo\/image\/\"}},{\"@type\":\"Person\",\"@id\":\"https:\/\/sport-index.fr\/blog\/#\/schema\/person\/3c864cdc320801e3db34b663e7e3f816\",\"name\":\"Axel Lauzier\",\"image\":{\"@type\":\"ImageObject\",\"inLanguage\":\"fr-FR\",\"@id\":\"https:\/\/sport-index.fr\/blog\/#\/schema\/person\/image\/\",\"url\":\"https:\/\/sport-index.fr\/blog\/wp-content\/uploads\/2026\/06\/persona_axel-l-96x96.jpg\",\"contentUrl\":\"https:\/\/sport-index.fr\/blog\/wp-content\/uploads\/2026\/06\/persona_axel-l-96x96.jpg\",\"caption\":\"Axel Lauzier\"},\"description\":\"Le sport rythme mon quotidien depuis l'enfance, et j'en ai fait mon m\u00e9tier d'analyste r\u00e9dactionnel il y a une dizaine d'ann\u00e9es. Je couvre principalement le football, son actualit\u00e9, ses transferts et l'analyse tactique des grandes affiches, mais aussi les disciplines plus confidentielles que j'aime remettre en lumi\u00e8re. Une partie de mon travail porte sur les pronostics et la lecture statistique d'un match : forme des \u00e9quipes, historique des confrontations, compositions, sans jamais vendre de fausse certitude. Je rappelle syst\u00e9matiquement que parier comporte un risque et doit rester un loisir ma\u00eetris\u00e9. Avant de signer une analyse, je v\u00e9rifie mes chiffres, je recoupe les compositions probables et je distingue toujours la donn\u00e9e brute de l'intuition. Mon objectif : offrir une lecture honn\u00eate et argument\u00e9e, pas un ticket gagnant garanti.\",\"sameAs\":[\"https:\/\/axellauzier.fr\/\"],\"url\":\"https:\/\/sport-index.fr\/blog\/auteur\/noname\/\"}]}<\/script>\n<!-- \/ Yoast SEO Premium plugin. -->","yoast_head_json":{"title":"Pro D2 \u2013 Nice et Aurillac : revivez l'intensit\u00e9 du match","description":"Pro D2 \u00b7 19\u1d49 journ\u00e9e Nice, lanterne rouge en qu\u00eate d'un sursaut, recevait un Aurillac d\u00e9sireux de prendre sa revanche apr\u00e8s le match aller. Une affiche \u00e0\u2026","robots":{"index":"index","follow":"follow","max-snippet":"max-snippet:-1","max-image-preview":"max-image-preview:large","max-video-preview":"max-video-preview:-1"},"canonical":"https:\/\/sport-index.fr\/blog\/a-la-une\/pro-d2-nice-et-aurillac-revivez-lintensite-du-match-de-la-19eme-journee\/","og_locale":"fr_FR","og_type":"article","og_title":"Pro D2 \u2013 Nice et Aurillac : revivez l'intensit\u00e9 du match","og_description":"Pro D2 \u00b7 19\u1d49 journ\u00e9e Nice, lanterne rouge en qu\u00eate d'un sursaut, recevait un Aurillac d\u00e9sireux de prendre sa revanche apr\u00e8s le match aller. Une affiche \u00e0\u2026","og_url":"https:\/\/sport-index.fr\/blog\/a-la-une\/pro-d2-nice-et-aurillac-revivez-lintensite-du-match-de-la-19eme-journee\/","og_site_name":"sport-index","author":"Axel Lauzier","twitter_card":"summary_large_image","schema":{"@context":"https:\/\/schema.org","@graph":[{"@type":"NewsArticle","@id":"https:\/\/sport-index.fr\/blog\/a-la-une\/pro-d2-nice-et-aurillac-revivez-lintensite-du-match-de-la-19eme-journee\/#article","isPartOf":{"@id":"https:\/\/sport-index.fr\/blog\/a-la-une\/pro-d2-nice-et-aurillac-revivez-lintensite-du-match-de-la-19eme-journee\/"},"author":{"name":"Axel Lauzier","@id":"https:\/\/sport-index.fr\/blog\/#\/schema\/person\/3c864cdc320801e3db34b663e7e3f816"},"headline":"Pro D2 \u2013 Nice et Aurillac : revivez l&rsquo;intensit\u00e9 du match de la 19\u00e8me journ\u00e9e","datePublished":"2026-06-16T12:43:49+00:00","mainEntityOfPage":{"@id":"https:\/\/sport-index.fr\/blog\/a-la-une\/pro-d2-nice-et-aurillac-revivez-lintensite-du-match-de-la-19eme-journee\/"},"wordCount":820,"commentCount":23,"publisher":{"@id":"https:\/\/sport-index.fr\/blog\/#organization"},"image":{"@id":"https:\/\/sport-index.fr\/blog\/a-la-une\/pro-d2-nice-et-aurillac-revivez-lintensite-du-match-de-la-19eme-journee\/#primaryimage"},"thumbnailUrl":"https:\/\/sport-index.fr\/blog\/wp-content\/uploads\/2025\/02\/sdxl-5f7d4a845c5eccdde400198e7d2d581e.png","keywords":["Activit\u00e9s vari\u00e9es","Communaut\u00e9 engag\u00e9e","\u00c9galit\u00e9 des Chances","Performance Durable","R\u00e9silience"],"articleSection":["\u00c0 la une"],"inLanguage":"fr-FR","potentialAction":[{"@type":"CommentAction","name":"Comment","target":["https:\/\/sport-index.fr\/blog\/a-la-une\/pro-d2-nice-et-aurillac-revivez-lintensite-du-match-de-la-19eme-journee\/#respond"]}]},{"@type":"WebPage","@id":"https:\/\/sport-index.fr\/blog\/a-la-une\/pro-d2-nice-et-aurillac-revivez-lintensite-du-match-de-la-19eme-journee\/","url":"https:\/\/sport-index.fr\/blog\/a-la-une\/pro-d2-nice-et-aurillac-revivez-lintensite-du-match-de-la-19eme-journee\/","name":"Pro D2 \u2013 Nice et Aurillac : revivez l'intensit\u00e9 du match","isPartOf":{"@id":"https:\/\/sport-index.fr\/blog\/#website"},"primaryImageOfPage":{"@id":"https:\/\/sport-index.fr\/blog\/a-la-une\/pro-d2-nice-et-aurillac-revivez-lintensite-du-match-de-la-19eme-journee\/#primaryimage"},"image":{"@id":"https:\/\/sport-index.fr\/blog\/a-la-une\/pro-d2-nice-et-aurillac-revivez-lintensite-du-match-de-la-19eme-journee\/#primaryimage"},"thumbnailUrl":"https:\/\/sport-index.fr\/blog\/wp-content\/uploads\/2025\/02\/sdxl-5f7d4a845c5eccdde400198e7d2d581e.png","datePublished":"2026-06-16T12:43:49+00:00","description":"Pro D2 \u00b7 19\u1d49 journ\u00e9e Nice, lanterne rouge en qu\u00eate d'un sursaut, recevait un Aurillac d\u00e9sireux de prendre sa revanche apr\u00e8s le match aller. Une affiche \u00e0\u2026","inLanguage":"fr-FR","potentialAction":[{"@type":"ReadAction","target":["https:\/\/sport-index.fr\/blog\/a-la-une\/pro-d2-nice-et-aurillac-revivez-lintensite-du-match-de-la-19eme-journee\/"]}]},{"@type":"ImageObject","inLanguage":"fr-FR","@id":"https:\/\/sport-index.fr\/blog\/a-la-une\/pro-d2-nice-et-aurillac-revivez-lintensite-du-match-de-la-19eme-journee\/#primaryimage","url":"https:\/\/sport-index.fr\/blog\/wp-content\/uploads\/2025\/02\/sdxl-5f7d4a845c5eccdde400198e7d2d581e.png","contentUrl":"https:\/\/sport-index.fr\/blog\/wp-content\/uploads\/2025\/02\/sdxl-5f7d4a845c5eccdde400198e7d2d581e.png","width":1536,"height":640},{"@type":"WebSite","@id":"https:\/\/sport-index.fr\/blog\/#website","url":"https:\/\/sport-index.fr\/blog\/","name":"sport-index.fr","description":"Le score de l\u2019analyse sportive.","publisher":{"@id":"https:\/\/sport-index.fr\/blog\/#organization"},"alternateName":"Le score de l\u2019analyse sportive.","potentialAction":[{"@type":"SearchAction","target":{"@type":"EntryPoint","urlTemplate":"https:\/\/sport-index.fr\/blog\/?s={search_term_string}"},"query-input":{"@type":"PropertyValueSpecification","valueRequired":true,"valueName":"search_term_string"}}],"inLanguage":"fr-FR"},{"@type":"Organization","@id":"https:\/\/sport-index.fr\/blog\/#organization","name":"Foretsensations.fr","url":"https:\/\/sport-index.fr\/blog\/","logo":{"@type":"ImageObject","inLanguage":"fr-FR","@id":"https:\/\/sport-index.fr\/blog\/#\/schema\/logo\/image\/","url":"https:\/\/sport-index.fr\/blog\/wp-content\/uploads\/2026\/07\/logo-auto.png","contentUrl":"https:\/\/sport-index.fr\/blog\/wp-content\/uploads\/2026\/07\/logo-auto.png","width":1024,"height":1024,"caption":"Foretsensations.fr"},"image":{"@id":"https:\/\/sport-index.fr\/blog\/#\/schema\/logo\/image\/"}},{"@type":"Person","@id":"https:\/\/sport-index.fr\/blog\/#\/schema\/person\/3c864cdc320801e3db34b663e7e3f816","name":"Axel Lauzier","image":{"@type":"ImageObject","inLanguage":"fr-FR","@id":"https:\/\/sport-index.fr\/blog\/#\/schema\/person\/image\/","url":"https:\/\/sport-index.fr\/blog\/wp-content\/uploads\/2026\/06\/persona_axel-l-96x96.jpg","contentUrl":"https:\/\/sport-index.fr\/blog\/wp-content\/uploads\/2026\/06\/persona_axel-l-96x96.jpg","caption":"Axel Lauzier"},"description":"Le sport rythme mon quotidien depuis l'enfance, et j'en ai fait mon m\u00e9tier d'analyste r\u00e9dactionnel il y a une dizaine d'ann\u00e9es. Je couvre principalement le football, son actualit\u00e9, ses transferts et l'analyse tactique des grandes affiches, mais aussi les disciplines plus confidentielles que j'aime remettre en lumi\u00e8re. Une partie de mon travail porte sur les pronostics et la lecture statistique d'un match : forme des \u00e9quipes, historique des confrontations, compositions, sans jamais vendre de fausse certitude. Je rappelle syst\u00e9matiquement que parier comporte un risque et doit rester un loisir ma\u00eetris\u00e9. Avant de signer une analyse, je v\u00e9rifie mes chiffres, je recoupe les compositions probables et je distingue toujours la donn\u00e9e brute de l'intuition. Mon objectif : offrir une lecture honn\u00eate et argument\u00e9e, pas un ticket gagnant garanti.","sameAs":["https:\/\/axellauzier.fr\/"],"url":"https:\/\/sport-index.fr\/blog\/auteur\/noname\/"}]}},"_links":{"self":[{"href":"https:\/\/sport-index.fr\/blog\/wp-json\/wp\/v2\/posts\/7990","targetHints":{"allow":["GET"]}}],"collection":[{"href":"https:\/\/sport-index.fr\/blog\/wp-json\/wp\/v2\/posts"}],"about":[{"href":"https:\/\/sport-index.fr\/blog\/wp-json\/wp\/v2\/types\/post"}],"author":[{"embeddable":true,"href":"https:\/\/sport-index.fr\/blog\/wp-json\/wp\/v2\/users\/34"}],"replies":[{"embeddable":true,"href":"https:\/\/sport-index.fr\/blog\/wp-json\/wp\/v2\/comments?post=7990"}],"version-history":[{"count":3,"href":"https:\/\/sport-index.fr\/blog\/wp-json\/wp\/v2\/posts\/7990\/revisions"}],"predecessor-version":[{"id":18176,"href":"https:\/\/sport-index.fr\/blog\/wp-json\/wp\/v2\/posts\/7990\/revisions\/18176"}],"wp:featuredmedia":[{"embeddable":true,"href":"https:\/\/sport-index.fr\/blog\/wp-json\/wp\/v2\/media\/10380"}],"wp:attachment":[{"href":"https:\/\/sport-index.fr\/blog\/wp-json\/wp\/v2\/media?parent=7990"}],"wp:term":[{"taxonomy":"category","embeddable":true,"href":"https:\/\/sport-index.fr\/blog\/wp-json\/wp\/v2\/categories?post=7990"},{"taxonomy":"post_tag","embeddable":true,"href":"https:\/\/sport-index.fr\/blog\/wp-json\/wp\/v2\/tags?post=7990"}],"curies":[{"name":"wp","href":"https:\/\/api.w.org\/{rel}","templated":true}]}}