{"id":7998,"date":"2025-02-12T09:07:03","date_gmt":"2025-02-12T08:07:03","guid":{"rendered":"https:\/\/sport-index.fr\/blog\/?p=7998"},"modified":"2025-02-11T07:46:30","modified_gmt":"2025-02-11T06:46:30","slug":"la-descente-spectaculaire-de-franjo-von-allmen-aux-mondiaux-de-saalbach","status":"publish","type":"post","link":"https:\/\/sport-index.fr\/blog\/a-la-une\/la-descente-spectaculaire-de-franjo-von-allmen-aux-mondiaux-de-saalbach\/","title":{"rendered":"la descente spectaculaire de franjo von allmen aux mondiaux de saalbach"},"content":{"rendered":"<h2>Un moment historique pour le ski alpin<\/h2>\n<p>Franjo von Allmen, skieur suisse talentueux, a remport\u00e9 sa premi\u00e8re victoire en descente lors des championnats du monde \u00e0 Saalbach. Cette performance exceptionnelle lui a permis de d\u00e9crocher le titre tant convoit\u00e9 et d\u2019inscrire son nom en lettres d&rsquo;or dans l&rsquo;histoire du ski.<\/p>\n<p>La course a \u00e9t\u00e9 marqu\u00e9e par une intensit\u00e9 incroyable, o\u00f9 chaque virage comptait. Von Allmen a d\u00e9montr\u00e9 un engagement total, fr\u00f4lant les limites de la vitesse et de la technique. Ce jour-l\u00e0, il a prouv\u00e9 que la d\u00e9termination et le travail acharn\u00e9 peuvent mener \u00e0 la cons\u00e9cration.<\/p>\n<h2>Une course pleine de rebondissements<\/h2>\n<p>La descente \u00e0 Saalbach n&rsquo;\u00e9tait pas seulement une simple comp\u00e9tition, mais un v\u00e9ritable spectacle de courage et de strat\u00e9gie. Les skieurs ont d\u00fb naviguer sur un parcours exigeant, parsem\u00e9 de d\u00e9fis techniques et de changements de terrain. Franjo von Allmen a su tirer parti de chaque instant, adaptant sa strat\u00e9gie au gr\u00e9 des conditions.<\/p>\n<p>Tout au long de la course, la tension \u00e9tait palpable parmi les spectateurs. Chaque skieur repr\u00e9sentait une menace, et la pression \u00e9tait \u00e0 son comble. Cependant, la concentration de Von Allmen a \u00e9t\u00e9 sans faille, lui permettant de franchir la ligne d&rsquo;arriv\u00e9e avec un temps exceptionnel.<\/p>\n<h2>Les cl\u00e9s de sa victoire<\/h2>\n<p>La victoire de Franjo von Allmen repose sur plusieurs facteurs cl\u00e9s qui ont fa\u00e7onn\u00e9 son parcours. Tout d&rsquo;abord, sa pr\u00e9paration physique et mentale a \u00e9t\u00e9 rigoureuse, lui permettant d&rsquo;aborder la comp\u00e9tition dans des conditions optimales. De plus, son exp\u00e9rience accumul\u00e9e au fil des ann\u00e9es a \u00e9t\u00e9 d\u00e9terminante pour g\u00e9rer la pression du moment.<\/p>\n<p>Il est essentiel de reconna\u00eetre l&rsquo;importance du soutien de son \u00e9quipe qui a jou\u00e9 un r\u00f4le crucial. Chaque membre a contribu\u00e9 \u00e0 cr\u00e9er un environnement propice \u00e0 la performance. Comme le dit Von Allmen lui-m\u00eame : <\/p>\n<blockquote><p>\u201cSans mon \u00e9quipe, rien de tout cela n&rsquo;aurait \u00e9t\u00e9 possible.\u201d<\/p><\/blockquote>\n<ul>\n<li>Franjo von Allmen, skieur suisse prometteur<\/li>\n<li>Une premi\u00e8re victoire en descente m\u00e9morable<\/li>\n<li>Des conditions de course exigeantes \u00e0 Saalbach<\/li>\n<li>Un soutien ind\u00e9fectible de son \u00e9quipe<\/li>\n<li>Une pr\u00e9paration physique et mentale rigoureuse<\/li>\n<\/ul>\n<p>La descente de Franjo von Allmen aux Mondiaux de Saalbach est un exemple inspirant de ce que le d\u00e9vouement et la passion peuvent accomplir. Ce moment marquant dans sa carri\u00e8re pourrait bien en appeler d&rsquo;autres, alors qu&rsquo;il continue de gravir les \u00e9chelons du ski alpin. Les fans attendent avec impatience de voir comment il s&rsquo;imposera dans les prochaines comp\u00e9titions, esp\u00e9rant que cette victoire ne soit que le d\u00e9but d&rsquo;une belle aventure.<\/p>\n","protected":false},"excerpt":{"rendered":"","protected":false},"author":34,"featured_media":11325,"comment_status":"open","ping_status":"open","sticky":false,"template":"","format":"standard","meta":{"_acf_changed":false,"manual_indexmenow":false,"indexmenow_id_project":0,"footnotes":""},"categories":[1],"tags":[4614,4613,4378,4408,4591],"class_list":["post-7998","post","type-post","status-publish","format-standard","has-post-thumbnail","hentry","category-a-la-une","tag-encadrement-professionnel","tag-equipements-de-qualite","tag-performance-durable","tag-resilience","tag-ski-alpin","generate-columns","tablet-grid-50","mobile-grid-100","grid-parent","grid-25"],"acf":[],"yoast_head":"<!-- This site is optimized with the Yoast SEO Premium plugin v21.3 (Yoast SEO v26.5) - https:\/\/yoast.com\/wordpress\/plugins\/seo\/ -->\n<title>la descente spectaculaire de franjo von allmen aux mondiaux<\/title>\n<meta name=\"description\" content=\"Un moment historique pour le ski alpin Franjo von Allmen, skieur suisse talentueux, a remport\u00e9 sa premi\u00e8re victoire en descente lors des championnats du\u2026\" \/>\n<meta name=\"robots\" content=\"index, follow, max-snippet:-1, max-image-preview:large, max-video-preview:-1\" \/>\n<link rel=\"canonical\" href=\"https:\/\/sport-index.fr\/blog\/a-la-une\/la-descente-spectaculaire-de-franjo-von-allmen-aux-mondiaux-de-saalbach\/\" \/>\n<meta property=\"og:locale\" content=\"fr_FR\" \/>\n<meta property=\"og:type\" content=\"article\" \/>\n<meta property=\"og:title\" content=\"la descente spectaculaire de franjo von allmen aux mondiaux\" \/>\n<meta property=\"og:description\" content=\"Un moment historique pour le ski alpin Franjo von Allmen, skieur suisse talentueux, a remport\u00e9 sa premi\u00e8re victoire en descente lors des championnats du\u2026\" \/>\n<meta property=\"og:url\" content=\"https:\/\/sport-index.fr\/blog\/a-la-une\/la-descente-spectaculaire-de-franjo-von-allmen-aux-mondiaux-de-saalbach\/\" \/>\n<meta property=\"og:site_name\" content=\"sport-index\" \/>\n<meta name=\"author\" content=\"Axel Lauzier\" \/>\n<meta name=\"twitter:card\" content=\"summary_large_image\" \/>\n<script type=\"application\/ld+json\" class=\"yoast-schema-graph\">{\"@context\":\"https:\/\/schema.org\",\"@graph\":[{\"@type\":\"NewsArticle\",\"@id\":\"https:\/\/sport-index.fr\/blog\/a-la-une\/la-descente-spectaculaire-de-franjo-von-allmen-aux-mondiaux-de-saalbach\/#article\",\"isPartOf\":{\"@id\":\"https:\/\/sport-index.fr\/blog\/a-la-une\/la-descente-spectaculaire-de-franjo-von-allmen-aux-mondiaux-de-saalbach\/\"},\"author\":{\"name\":\"Axel Lauzier\",\"@id\":\"https:\/\/sport-index.fr\/blog\/#\/schema\/person\/3c864cdc320801e3db34b663e7e3f816\"},\"headline\":\"la descente spectaculaire de franjo von allmen aux mondiaux de saalbach\",\"datePublished\":\"2025-02-12T08:07:03+00:00\",\"mainEntityOfPage\":{\"@id\":\"https:\/\/sport-index.fr\/blog\/a-la-une\/la-descente-spectaculaire-de-franjo-von-allmen-aux-mondiaux-de-saalbach\/\"},\"wordCount\":461,\"commentCount\":30,\"publisher\":{\"@id\":\"https:\/\/sport-index.fr\/blog\/#organization\"},\"image\":{\"@id\":\"https:\/\/sport-index.fr\/blog\/a-la-une\/la-descente-spectaculaire-de-franjo-von-allmen-aux-mondiaux-de-saalbach\/#primaryimage\"},\"thumbnailUrl\":\"https:\/\/sport-index.fr\/blog\/wp-content\/uploads\/2025\/02\/sdxl-8d2dc5ddf418a8038fbe520c0d188bbd.png\",\"keywords\":[\"Encadrement professionnel\",\"\u00c9quipements de qualit\u00e9\",\"Performance Durable\",\"R\u00e9silience\",\"Ski Alpin\"],\"articleSection\":[\"\u00c0 la une\"],\"inLanguage\":\"fr-FR\",\"potentialAction\":[{\"@type\":\"CommentAction\",\"name\":\"Comment\",\"target\":[\"https:\/\/sport-index.fr\/blog\/a-la-une\/la-descente-spectaculaire-de-franjo-von-allmen-aux-mondiaux-de-saalbach\/#respond\"]}]},{\"@type\":\"WebPage\",\"@id\":\"https:\/\/sport-index.fr\/blog\/a-la-une\/la-descente-spectaculaire-de-franjo-von-allmen-aux-mondiaux-de-saalbach\/\",\"url\":\"https:\/\/sport-index.fr\/blog\/a-la-une\/la-descente-spectaculaire-de-franjo-von-allmen-aux-mondiaux-de-saalbach\/\",\"name\":\"la descente spectaculaire de franjo von allmen aux mondiaux\",\"isPartOf\":{\"@id\":\"https:\/\/sport-index.fr\/blog\/#website\"},\"primaryImageOfPage\":{\"@id\":\"https:\/\/sport-index.fr\/blog\/a-la-une\/la-descente-spectaculaire-de-franjo-von-allmen-aux-mondiaux-de-saalbach\/#primaryimage\"},\"image\":{\"@id\":\"https:\/\/sport-index.fr\/blog\/a-la-une\/la-descente-spectaculaire-de-franjo-von-allmen-aux-mondiaux-de-saalbach\/#primaryimage\"},\"thumbnailUrl\":\"https:\/\/sport-index.fr\/blog\/wp-content\/uploads\/2025\/02\/sdxl-8d2dc5ddf418a8038fbe520c0d188bbd.png\",\"datePublished\":\"2025-02-12T08:07:03+00:00\",\"description\":\"Un moment historique pour le ski alpin Franjo von Allmen, skieur suisse talentueux, a remport\u00e9 sa premi\u00e8re victoire en descente lors des championnats du\u2026\",\"inLanguage\":\"fr-FR\",\"potentialAction\":[{\"@type\":\"ReadAction\",\"target\":[\"https:\/\/sport-index.fr\/blog\/a-la-une\/la-descente-spectaculaire-de-franjo-von-allmen-aux-mondiaux-de-saalbach\/\"]}]},{\"@type\":\"ImageObject\",\"inLanguage\":\"fr-FR\",\"@id\":\"https:\/\/sport-index.fr\/blog\/a-la-une\/la-descente-spectaculaire-de-franjo-von-allmen-aux-mondiaux-de-saalbach\/#primaryimage\",\"url\":\"https:\/\/sport-index.fr\/blog\/wp-content\/uploads\/2025\/02\/sdxl-8d2dc5ddf418a8038fbe520c0d188bbd.png\",\"contentUrl\":\"https:\/\/sport-index.fr\/blog\/wp-content\/uploads\/2025\/02\/sdxl-8d2dc5ddf418a8038fbe520c0d188bbd.png\",\"width\":1536,\"height\":640},{\"@type\":\"WebSite\",\"@id\":\"https:\/\/sport-index.fr\/blog\/#website\",\"url\":\"https:\/\/sport-index.fr\/blog\/\",\"name\":\"sport-index.fr\",\"description\":\"Le score de l\u2019analyse sportive.\",\"publisher\":{\"@id\":\"https:\/\/sport-index.fr\/blog\/#organization\"},\"alternateName\":\"Le score de l\u2019analyse sportive.\",\"potentialAction\":[{\"@type\":\"SearchAction\",\"target\":{\"@type\":\"EntryPoint\",\"urlTemplate\":\"https:\/\/sport-index.fr\/blog\/?s={search_term_string}\"},\"query-input\":{\"@type\":\"PropertyValueSpecification\",\"valueRequired\":true,\"valueName\":\"search_term_string\"}}],\"inLanguage\":\"fr-FR\"},{\"@type\":\"Organization\",\"@id\":\"https:\/\/sport-index.fr\/blog\/#organization\",\"name\":\"Foretsensations.fr\",\"url\":\"https:\/\/sport-index.fr\/blog\/\",\"logo\":{\"@type\":\"ImageObject\",\"inLanguage\":\"fr-FR\",\"@id\":\"https:\/\/sport-index.fr\/blog\/#\/schema\/logo\/image\/\",\"url\":\"https:\/\/sport-index.fr\/blog\/wp-content\/uploads\/2026\/07\/logo-auto.png\",\"contentUrl\":\"https:\/\/sport-index.fr\/blog\/wp-content\/uploads\/2026\/07\/logo-auto.png\",\"width\":1024,\"height\":1024,\"caption\":\"Foretsensations.fr\"},\"image\":{\"@id\":\"https:\/\/sport-index.fr\/blog\/#\/schema\/logo\/image\/\"}},{\"@type\":\"Person\",\"@id\":\"https:\/\/sport-index.fr\/blog\/#\/schema\/person\/3c864cdc320801e3db34b663e7e3f816\",\"name\":\"Axel Lauzier\",\"image\":{\"@type\":\"ImageObject\",\"inLanguage\":\"fr-FR\",\"@id\":\"https:\/\/sport-index.fr\/blog\/#\/schema\/person\/image\/\",\"url\":\"https:\/\/sport-index.fr\/blog\/wp-content\/uploads\/2026\/06\/persona_axel-l-96x96.jpg\",\"contentUrl\":\"https:\/\/sport-index.fr\/blog\/wp-content\/uploads\/2026\/06\/persona_axel-l-96x96.jpg\",\"caption\":\"Axel Lauzier\"},\"description\":\"Le sport rythme mon quotidien depuis l'enfance, et j'en ai fait mon m\u00e9tier d'analyste r\u00e9dactionnel il y a une dizaine d'ann\u00e9es. Je couvre principalement le football, son actualit\u00e9, ses transferts et l'analyse tactique des grandes affiches, mais aussi les disciplines plus confidentielles que j'aime remettre en lumi\u00e8re. Une partie de mon travail porte sur les pronostics et la lecture statistique d'un match : forme des \u00e9quipes, historique des confrontations, compositions, sans jamais vendre de fausse certitude. Je rappelle syst\u00e9matiquement que parier comporte un risque et doit rester un loisir ma\u00eetris\u00e9. Avant de signer une analyse, je v\u00e9rifie mes chiffres, je recoupe les compositions probables et je distingue toujours la donn\u00e9e brute de l'intuition. Mon objectif : offrir une lecture honn\u00eate et argument\u00e9e, pas un ticket gagnant garanti.\",\"sameAs\":[\"https:\/\/axellauzier.fr\/\"],\"url\":\"https:\/\/sport-index.fr\/blog\/auteur\/noname\/\"}]}<\/script>\n<!-- \/ Yoast SEO Premium plugin. -->","yoast_head_json":{"title":"la descente spectaculaire de franjo von allmen aux mondiaux","description":"Un moment historique pour le ski alpin Franjo von Allmen, skieur suisse talentueux, a remport\u00e9 sa premi\u00e8re victoire en descente lors des championnats du\u2026","robots":{"index":"index","follow":"follow","max-snippet":"max-snippet:-1","max-image-preview":"max-image-preview:large","max-video-preview":"max-video-preview:-1"},"canonical":"https:\/\/sport-index.fr\/blog\/a-la-une\/la-descente-spectaculaire-de-franjo-von-allmen-aux-mondiaux-de-saalbach\/","og_locale":"fr_FR","og_type":"article","og_title":"la descente spectaculaire de franjo von allmen aux mondiaux","og_description":"Un moment historique pour le ski alpin Franjo von Allmen, skieur suisse talentueux, a remport\u00e9 sa premi\u00e8re victoire en descente lors des championnats du\u2026","og_url":"https:\/\/sport-index.fr\/blog\/a-la-une\/la-descente-spectaculaire-de-franjo-von-allmen-aux-mondiaux-de-saalbach\/","og_site_name":"sport-index","author":"Axel Lauzier","twitter_card":"summary_large_image","schema":{"@context":"https:\/\/schema.org","@graph":[{"@type":"NewsArticle","@id":"https:\/\/sport-index.fr\/blog\/a-la-une\/la-descente-spectaculaire-de-franjo-von-allmen-aux-mondiaux-de-saalbach\/#article","isPartOf":{"@id":"https:\/\/sport-index.fr\/blog\/a-la-une\/la-descente-spectaculaire-de-franjo-von-allmen-aux-mondiaux-de-saalbach\/"},"author":{"name":"Axel Lauzier","@id":"https:\/\/sport-index.fr\/blog\/#\/schema\/person\/3c864cdc320801e3db34b663e7e3f816"},"headline":"la descente spectaculaire de franjo von allmen aux mondiaux de saalbach","datePublished":"2025-02-12T08:07:03+00:00","mainEntityOfPage":{"@id":"https:\/\/sport-index.fr\/blog\/a-la-une\/la-descente-spectaculaire-de-franjo-von-allmen-aux-mondiaux-de-saalbach\/"},"wordCount":461,"commentCount":30,"publisher":{"@id":"https:\/\/sport-index.fr\/blog\/#organization"},"image":{"@id":"https:\/\/sport-index.fr\/blog\/a-la-une\/la-descente-spectaculaire-de-franjo-von-allmen-aux-mondiaux-de-saalbach\/#primaryimage"},"thumbnailUrl":"https:\/\/sport-index.fr\/blog\/wp-content\/uploads\/2025\/02\/sdxl-8d2dc5ddf418a8038fbe520c0d188bbd.png","keywords":["Encadrement professionnel","\u00c9quipements de qualit\u00e9","Performance Durable","R\u00e9silience","Ski Alpin"],"articleSection":["\u00c0 la une"],"inLanguage":"fr-FR","potentialAction":[{"@type":"CommentAction","name":"Comment","target":["https:\/\/sport-index.fr\/blog\/a-la-une\/la-descente-spectaculaire-de-franjo-von-allmen-aux-mondiaux-de-saalbach\/#respond"]}]},{"@type":"WebPage","@id":"https:\/\/sport-index.fr\/blog\/a-la-une\/la-descente-spectaculaire-de-franjo-von-allmen-aux-mondiaux-de-saalbach\/","url":"https:\/\/sport-index.fr\/blog\/a-la-une\/la-descente-spectaculaire-de-franjo-von-allmen-aux-mondiaux-de-saalbach\/","name":"la descente spectaculaire de franjo von allmen aux mondiaux","isPartOf":{"@id":"https:\/\/sport-index.fr\/blog\/#website"},"primaryImageOfPage":{"@id":"https:\/\/sport-index.fr\/blog\/a-la-une\/la-descente-spectaculaire-de-franjo-von-allmen-aux-mondiaux-de-saalbach\/#primaryimage"},"image":{"@id":"https:\/\/sport-index.fr\/blog\/a-la-une\/la-descente-spectaculaire-de-franjo-von-allmen-aux-mondiaux-de-saalbach\/#primaryimage"},"thumbnailUrl":"https:\/\/sport-index.fr\/blog\/wp-content\/uploads\/2025\/02\/sdxl-8d2dc5ddf418a8038fbe520c0d188bbd.png","datePublished":"2025-02-12T08:07:03+00:00","description":"Un moment historique pour le ski alpin Franjo von Allmen, skieur suisse talentueux, a remport\u00e9 sa premi\u00e8re victoire en descente lors des championnats du\u2026","inLanguage":"fr-FR","potentialAction":[{"@type":"ReadAction","target":["https:\/\/sport-index.fr\/blog\/a-la-une\/la-descente-spectaculaire-de-franjo-von-allmen-aux-mondiaux-de-saalbach\/"]}]},{"@type":"ImageObject","inLanguage":"fr-FR","@id":"https:\/\/sport-index.fr\/blog\/a-la-une\/la-descente-spectaculaire-de-franjo-von-allmen-aux-mondiaux-de-saalbach\/#primaryimage","url":"https:\/\/sport-index.fr\/blog\/wp-content\/uploads\/2025\/02\/sdxl-8d2dc5ddf418a8038fbe520c0d188bbd.png","contentUrl":"https:\/\/sport-index.fr\/blog\/wp-content\/uploads\/2025\/02\/sdxl-8d2dc5ddf418a8038fbe520c0d188bbd.png","width":1536,"height":640},{"@type":"WebSite","@id":"https:\/\/sport-index.fr\/blog\/#website","url":"https:\/\/sport-index.fr\/blog\/","name":"sport-index.fr","description":"Le score de l\u2019analyse sportive.","publisher":{"@id":"https:\/\/sport-index.fr\/blog\/#organization"},"alternateName":"Le score de l\u2019analyse sportive.","potentialAction":[{"@type":"SearchAction","target":{"@type":"EntryPoint","urlTemplate":"https:\/\/sport-index.fr\/blog\/?s={search_term_string}"},"query-input":{"@type":"PropertyValueSpecification","valueRequired":true,"valueName":"search_term_string"}}],"inLanguage":"fr-FR"},{"@type":"Organization","@id":"https:\/\/sport-index.fr\/blog\/#organization","name":"Foretsensations.fr","url":"https:\/\/sport-index.fr\/blog\/","logo":{"@type":"ImageObject","inLanguage":"fr-FR","@id":"https:\/\/sport-index.fr\/blog\/#\/schema\/logo\/image\/","url":"https:\/\/sport-index.fr\/blog\/wp-content\/uploads\/2026\/07\/logo-auto.png","contentUrl":"https:\/\/sport-index.fr\/blog\/wp-content\/uploads\/2026\/07\/logo-auto.png","width":1024,"height":1024,"caption":"Foretsensations.fr"},"image":{"@id":"https:\/\/sport-index.fr\/blog\/#\/schema\/logo\/image\/"}},{"@type":"Person","@id":"https:\/\/sport-index.fr\/blog\/#\/schema\/person\/3c864cdc320801e3db34b663e7e3f816","name":"Axel Lauzier","image":{"@type":"ImageObject","inLanguage":"fr-FR","@id":"https:\/\/sport-index.fr\/blog\/#\/schema\/person\/image\/","url":"https:\/\/sport-index.fr\/blog\/wp-content\/uploads\/2026\/06\/persona_axel-l-96x96.jpg","contentUrl":"https:\/\/sport-index.fr\/blog\/wp-content\/uploads\/2026\/06\/persona_axel-l-96x96.jpg","caption":"Axel Lauzier"},"description":"Le sport rythme mon quotidien depuis l'enfance, et j'en ai fait mon m\u00e9tier d'analyste r\u00e9dactionnel il y a une dizaine d'ann\u00e9es. Je couvre principalement le football, son actualit\u00e9, ses transferts et l'analyse tactique des grandes affiches, mais aussi les disciplines plus confidentielles que j'aime remettre en lumi\u00e8re. Une partie de mon travail porte sur les pronostics et la lecture statistique d'un match : forme des \u00e9quipes, historique des confrontations, compositions, sans jamais vendre de fausse certitude. Je rappelle syst\u00e9matiquement que parier comporte un risque et doit rester un loisir ma\u00eetris\u00e9. Avant de signer une analyse, je v\u00e9rifie mes chiffres, je recoupe les compositions probables et je distingue toujours la donn\u00e9e brute de l'intuition. Mon objectif : offrir une lecture honn\u00eate et argument\u00e9e, pas un ticket gagnant garanti.","sameAs":["https:\/\/axellauzier.fr\/"],"url":"https:\/\/sport-index.fr\/blog\/auteur\/noname\/"}]}},"_links":{"self":[{"href":"https:\/\/sport-index.fr\/blog\/wp-json\/wp\/v2\/posts\/7998","targetHints":{"allow":["GET"]}}],"collection":[{"href":"https:\/\/sport-index.fr\/blog\/wp-json\/wp\/v2\/posts"}],"about":[{"href":"https:\/\/sport-index.fr\/blog\/wp-json\/wp\/v2\/types\/post"}],"author":[{"embeddable":true,"href":"https:\/\/sport-index.fr\/blog\/wp-json\/wp\/v2\/users\/34"}],"replies":[{"embeddable":true,"href":"https:\/\/sport-index.fr\/blog\/wp-json\/wp\/v2\/comments?post=7998"}],"version-history":[{"count":1,"href":"https:\/\/sport-index.fr\/blog\/wp-json\/wp\/v2\/posts\/7998\/revisions"}],"predecessor-version":[{"id":8246,"href":"https:\/\/sport-index.fr\/blog\/wp-json\/wp\/v2\/posts\/7998\/revisions\/8246"}],"wp:featuredmedia":[{"embeddable":true,"href":"https:\/\/sport-index.fr\/blog\/wp-json\/wp\/v2\/media\/11325"}],"wp:attachment":[{"href":"https:\/\/sport-index.fr\/blog\/wp-json\/wp\/v2\/media?parent=7998"}],"wp:term":[{"taxonomy":"category","embeddable":true,"href":"https:\/\/sport-index.fr\/blog\/wp-json\/wp\/v2\/categories?post=7998"},{"taxonomy":"post_tag","embeddable":true,"href":"https:\/\/sport-index.fr\/blog\/wp-json\/wp\/v2\/tags?post=7998"}],"curies":[{"name":"wp","href":"https:\/\/api.w.org\/{rel}","templated":true}]}}