{"id":8010,"date":"2025-02-15T03:31:37","date_gmt":"2025-02-15T02:31:37","guid":{"rendered":"https:\/\/sport-index.fr\/blog\/?p=8010"},"modified":"2025-02-11T07:49:34","modified_gmt":"2025-02-11T06:49:34","slug":"violence-au-stade-les-incidents-choquants-autour-du-match-givors-uram","status":"publish","type":"post","link":"https:\/\/sport-index.fr\/blog\/a-la-une\/violence-au-stade-les-incidents-choquants-autour-du-match-givors-uram\/","title":{"rendered":"Violence au stade : les incidents choquants autour du match Givors \u2013 Uram"},"content":{"rendered":"<h2>Des \u00e9v\u00e9nements tragiques au stade de la Lib\u00e9ration<\/h2>\n<p>En marge des rencontres opposant les \u00e9quipes de Givors et de l\u2019URAM, un joueur a \u00e9t\u00e9 agress\u00e9 par un groupe de vingt \u00e0 trente individus, masqu\u00e9s et habill\u00e9s de noir. Cet acte de violence a eu lieu alors que le joueur retournait au vestiaire apr\u00e8s son match.<\/p>\n<p>Les t\u00e9moins rapportent que la victime a subi une attaque brutale, culminant en un traumatisme cr\u00e2nien. Philippe Gilles, pr\u00e9sident de l&rsquo;URAM, a d\u00e9crit la situation : \u00ab\u00a0Il a pris une droite et a ensuite pris des coups de pied et de poings au sol.\u00a0\u00bb Ce type de comportement est inacceptable et soul\u00e8ve des questions sur la s\u00e9curit\u00e9 dans le sport amateur.<\/p>\n<h2>Les origines d&rsquo;une vendetta<\/h2>\n<p>Les tensions qui ont conduit \u00e0 cette agression semblent avoir des racines dans des conflits pr\u00e9c\u00e9dents entre les \u00e9quipes. Des insultes \u00e9chang\u00e9es lors d&rsquo;un match aller auraient provoqu\u00e9 une escalade des hostilit\u00e9s. J\u00e9r\u00f4me Allemane, pr\u00e9sident du club de Givors, a indiqu\u00e9 que le joueur vis\u00e9 avait pr\u00e9c\u00e9demment refus\u00e9 de se rendre disponible pour le match, exacerb\u00e9 par des frictions non r\u00e9solues.<\/p>\n<p>En \u00e9voquant l\u2019incident, Allemane a soulign\u00e9 que le joueur concern\u00e9 \u00e9tait connu pour son comportement discret et qu&rsquo;il n&rsquo;\u00e9tait pas repr\u00e9sentatif de l&rsquo;esprit du club. \u00ab\u00a0C\u2019est un acte isol\u00e9\u00a0\u00bb, a-t-il d\u00e9clar\u00e9, esp\u00e9rant que le monde du rugby ne confonde pas les actions d&rsquo;individus avec l&rsquo;identit\u00e9 du club.<\/p>\n<h2>R\u00e9actions et cons\u00e9quences<\/h2>\n<p>Face \u00e0 la gravit\u00e9 de la situation, le SO Givors a rapidement condamn\u00e9 les actes de violence sur ses r\u00e9seaux sociaux. En r\u00e9ponse, le club a d\u00e9cid\u00e9 d&rsquo;exclure le joueur impliqu\u00e9, soulignant une volont\u00e9 de prendre des mesures fermes contre de tels comportements. Cette d\u00e9cision a \u00e9t\u00e9 prise dans un contexte o\u00f9 l&rsquo;URAM a \u00e9galement port\u00e9 plainte pour coups et blessures.<\/p>\n<p>Les incidents du stade de la Lib\u00e9ration ont attir\u00e9 l&rsquo;attention des autorit\u00e9s sportives qui pr\u00e9voient d&rsquo;examiner le cas lors d&rsquo;une prochaine r\u00e9union. Allemane a exprim\u00e9 son inqui\u00e9tude face aux r\u00e9percussions sur le club, affirmant que \u00ab\u00a0ce n\u2019est pas l\u2019\u00e9tat d\u2019esprit du club.\u00a0\u00bb Cette situation souligne la n\u00e9cessit\u00e9 d&rsquo;une r\u00e9flexion sur la s\u00e9curit\u00e9 dans les \u00e9v\u00e9nements sportifs.<\/p>\n<ul>\n<li>Agression d&rsquo;un joueur par un groupe d&rsquo;individus cagoul\u00e9s.<\/li>\n<li>Traumatisme cr\u00e2nien et intervention des forces de l&rsquo;ordre.<\/li>\n<li>Exclusion imm\u00e9diate du joueur par le SO Givors.<\/li>\n<li>Plainte d\u00e9pos\u00e9e pour coups et blessures par l&rsquo;URAM.<\/li>\n<li>Examen du cas par la commission de discipline de la Ligue Aura.<\/li>\n<\/ul>\n<blockquote><p>\n\u00ab\u00a0\u00c0 partir du moment o\u00f9 un mec fait n\u2019importe quoi dans sa vie, en est-on responsable en tant que club?\u00a0\u00bb &#8211; J\u00e9r\u00f4me Allemane\n<\/p><\/blockquote>\n<p>La violence dans le sport amateur est un ph\u00e9nom\u00e8ne pr\u00e9occupant qui n\u00e9cessite une attention urgente. Les incidents survenus \u00e0 Givors font \u00e9cho \u00e0 des probl\u00e8mes plus larges concernant la s\u00e9curit\u00e9 et le comportement des supporters. Les clubs doivent travailler ensemble pour promouvoir un environnement s\u00fbr et respectueux, tant sur le terrain qu&rsquo;en dehors. Les \u00e9v\u00e9nements de ce week-end rappellent \u00e0 tous l&rsquo;importance de pr\u00e9server l&rsquo;int\u00e9grit\u00e9 du sport et de prot\u00e9ger les joueurs des violences inutiles.<\/p>\n","protected":false},"excerpt":{"rendered":"","protected":false},"author":34,"featured_media":10909,"comment_status":"open","ping_status":"open","sticky":false,"template":"","format":"standard","meta":{"_acf_changed":false,"manual_indexmenow":false,"indexmenow_id_project":0,"footnotes":""},"categories":[1],"tags":[4651,4652,4653,4649,4650],"class_list":["post-8010","post","type-post","status-publish","format-standard","has-post-thumbnail","hentry","category-a-la-une","tag-comportement-des-supporters","tag-exclusion-de-joueur","tag-integrite-du-sport","tag-securite-dans-le-sport","tag-violence-dans-le-sport-amateur","generate-columns","tablet-grid-50","mobile-grid-100","grid-parent","grid-25"],"acf":[],"yoast_head":"<!-- This site is optimized with the Yoast SEO Premium plugin v21.3 (Yoast SEO v26.5) - https:\/\/yoast.com\/wordpress\/plugins\/seo\/ -->\n<title>Violence au stade : les incidents choquants autour du match<\/title>\n<meta name=\"description\" content=\"Des \u00e9v\u00e9nements tragiques au stade de la Lib\u00e9ration En marge des rencontres opposant les \u00e9quipes de Givors et de l\u2019URAM, un joueur a \u00e9t\u00e9 agress\u00e9 par un\u2026\" \/>\n<meta name=\"robots\" content=\"index, follow, max-snippet:-1, max-image-preview:large, max-video-preview:-1\" \/>\n<link rel=\"canonical\" href=\"https:\/\/sport-index.fr\/blog\/a-la-une\/violence-au-stade-les-incidents-choquants-autour-du-match-givors-uram\/\" \/>\n<meta property=\"og:locale\" content=\"fr_FR\" \/>\n<meta property=\"og:type\" content=\"article\" \/>\n<meta property=\"og:title\" content=\"Violence au stade : les incidents choquants autour du match\" \/>\n<meta property=\"og:description\" content=\"Des \u00e9v\u00e9nements tragiques au stade de la Lib\u00e9ration En marge des rencontres opposant les \u00e9quipes de Givors et de l\u2019URAM, un joueur a \u00e9t\u00e9 agress\u00e9 par un\u2026\" \/>\n<meta property=\"og:url\" content=\"https:\/\/sport-index.fr\/blog\/a-la-une\/violence-au-stade-les-incidents-choquants-autour-du-match-givors-uram\/\" \/>\n<meta property=\"og:site_name\" content=\"sport-index\" \/>\n<meta name=\"author\" content=\"Axel Lauzier\" \/>\n<meta name=\"twitter:card\" content=\"summary_large_image\" \/>\n<script type=\"application\/ld+json\" class=\"yoast-schema-graph\">{\"@context\":\"https:\/\/schema.org\",\"@graph\":[{\"@type\":\"NewsArticle\",\"@id\":\"https:\/\/sport-index.fr\/blog\/a-la-une\/violence-au-stade-les-incidents-choquants-autour-du-match-givors-uram\/#article\",\"isPartOf\":{\"@id\":\"https:\/\/sport-index.fr\/blog\/a-la-une\/violence-au-stade-les-incidents-choquants-autour-du-match-givors-uram\/\"},\"author\":{\"name\":\"Axel Lauzier\",\"@id\":\"https:\/\/sport-index.fr\/blog\/#\/schema\/person\/3c864cdc320801e3db34b663e7e3f816\"},\"headline\":\"Violence au stade : les incidents choquants autour du match Givors \u2013 Uram\",\"datePublished\":\"2025-02-15T02:31:37+00:00\",\"mainEntityOfPage\":{\"@id\":\"https:\/\/sport-index.fr\/blog\/a-la-une\/violence-au-stade-les-incidents-choquants-autour-du-match-givors-uram\/\"},\"wordCount\":579,\"commentCount\":30,\"publisher\":{\"@id\":\"https:\/\/sport-index.fr\/blog\/#organization\"},\"image\":{\"@id\":\"https:\/\/sport-index.fr\/blog\/a-la-une\/violence-au-stade-les-incidents-choquants-autour-du-match-givors-uram\/#primaryimage\"},\"thumbnailUrl\":\"https:\/\/sport-index.fr\/blog\/wp-content\/uploads\/2025\/02\/sdxl-b80a6fd0dab2317c48a353f5255fd7d0.png\",\"keywords\":[\"Comportement des Supporters\",\"Exclusion de Joueur\",\"Int\u00e9grit\u00e9 du Sport\",\"S\u00e9curit\u00e9 dans le Sport\",\"Violence dans le Sport Amateur\"],\"articleSection\":[\"\u00c0 la une\"],\"inLanguage\":\"fr-FR\",\"potentialAction\":[{\"@type\":\"CommentAction\",\"name\":\"Comment\",\"target\":[\"https:\/\/sport-index.fr\/blog\/a-la-une\/violence-au-stade-les-incidents-choquants-autour-du-match-givors-uram\/#respond\"]}]},{\"@type\":\"WebPage\",\"@id\":\"https:\/\/sport-index.fr\/blog\/a-la-une\/violence-au-stade-les-incidents-choquants-autour-du-match-givors-uram\/\",\"url\":\"https:\/\/sport-index.fr\/blog\/a-la-une\/violence-au-stade-les-incidents-choquants-autour-du-match-givors-uram\/\",\"name\":\"Violence au stade : les incidents choquants autour du match\",\"isPartOf\":{\"@id\":\"https:\/\/sport-index.fr\/blog\/#website\"},\"primaryImageOfPage\":{\"@id\":\"https:\/\/sport-index.fr\/blog\/a-la-une\/violence-au-stade-les-incidents-choquants-autour-du-match-givors-uram\/#primaryimage\"},\"image\":{\"@id\":\"https:\/\/sport-index.fr\/blog\/a-la-une\/violence-au-stade-les-incidents-choquants-autour-du-match-givors-uram\/#primaryimage\"},\"thumbnailUrl\":\"https:\/\/sport-index.fr\/blog\/wp-content\/uploads\/2025\/02\/sdxl-b80a6fd0dab2317c48a353f5255fd7d0.png\",\"datePublished\":\"2025-02-15T02:31:37+00:00\",\"description\":\"Des \u00e9v\u00e9nements tragiques au stade de la Lib\u00e9ration En marge des rencontres opposant les \u00e9quipes de Givors et de l\u2019URAM, un joueur a \u00e9t\u00e9 agress\u00e9 par un\u2026\",\"inLanguage\":\"fr-FR\",\"potentialAction\":[{\"@type\":\"ReadAction\",\"target\":[\"https:\/\/sport-index.fr\/blog\/a-la-une\/violence-au-stade-les-incidents-choquants-autour-du-match-givors-uram\/\"]}]},{\"@type\":\"ImageObject\",\"inLanguage\":\"fr-FR\",\"@id\":\"https:\/\/sport-index.fr\/blog\/a-la-une\/violence-au-stade-les-incidents-choquants-autour-du-match-givors-uram\/#primaryimage\",\"url\":\"https:\/\/sport-index.fr\/blog\/wp-content\/uploads\/2025\/02\/sdxl-b80a6fd0dab2317c48a353f5255fd7d0.png\",\"contentUrl\":\"https:\/\/sport-index.fr\/blog\/wp-content\/uploads\/2025\/02\/sdxl-b80a6fd0dab2317c48a353f5255fd7d0.png\",\"width\":1536,\"height\":640},{\"@type\":\"WebSite\",\"@id\":\"https:\/\/sport-index.fr\/blog\/#website\",\"url\":\"https:\/\/sport-index.fr\/blog\/\",\"name\":\"sport-index.fr\",\"description\":\"Le score de l\u2019analyse sportive.\",\"publisher\":{\"@id\":\"https:\/\/sport-index.fr\/blog\/#organization\"},\"alternateName\":\"Le score de l\u2019analyse sportive.\",\"potentialAction\":[{\"@type\":\"SearchAction\",\"target\":{\"@type\":\"EntryPoint\",\"urlTemplate\":\"https:\/\/sport-index.fr\/blog\/?s={search_term_string}\"},\"query-input\":{\"@type\":\"PropertyValueSpecification\",\"valueRequired\":true,\"valueName\":\"search_term_string\"}}],\"inLanguage\":\"fr-FR\"},{\"@type\":\"Organization\",\"@id\":\"https:\/\/sport-index.fr\/blog\/#organization\",\"name\":\"Foretsensations.fr\",\"url\":\"https:\/\/sport-index.fr\/blog\/\",\"logo\":{\"@type\":\"ImageObject\",\"inLanguage\":\"fr-FR\",\"@id\":\"https:\/\/sport-index.fr\/blog\/#\/schema\/logo\/image\/\",\"url\":\"https:\/\/sport-index.fr\/blog\/wp-content\/uploads\/2026\/07\/logo-auto.png\",\"contentUrl\":\"https:\/\/sport-index.fr\/blog\/wp-content\/uploads\/2026\/07\/logo-auto.png\",\"width\":1024,\"height\":1024,\"caption\":\"Foretsensations.fr\"},\"image\":{\"@id\":\"https:\/\/sport-index.fr\/blog\/#\/schema\/logo\/image\/\"}},{\"@type\":\"Person\",\"@id\":\"https:\/\/sport-index.fr\/blog\/#\/schema\/person\/3c864cdc320801e3db34b663e7e3f816\",\"name\":\"Axel Lauzier\",\"image\":{\"@type\":\"ImageObject\",\"inLanguage\":\"fr-FR\",\"@id\":\"https:\/\/sport-index.fr\/blog\/#\/schema\/person\/image\/\",\"url\":\"https:\/\/sport-index.fr\/blog\/wp-content\/uploads\/2026\/06\/persona_axel-l-96x96.jpg\",\"contentUrl\":\"https:\/\/sport-index.fr\/blog\/wp-content\/uploads\/2026\/06\/persona_axel-l-96x96.jpg\",\"caption\":\"Axel Lauzier\"},\"description\":\"Le sport rythme mon quotidien depuis l'enfance, et j'en ai fait mon m\u00e9tier d'analyste r\u00e9dactionnel il y a une dizaine d'ann\u00e9es. Je couvre principalement le football, son actualit\u00e9, ses transferts et l'analyse tactique des grandes affiches, mais aussi les disciplines plus confidentielles que j'aime remettre en lumi\u00e8re. Une partie de mon travail porte sur les pronostics et la lecture statistique d'un match : forme des \u00e9quipes, historique des confrontations, compositions, sans jamais vendre de fausse certitude. Je rappelle syst\u00e9matiquement que parier comporte un risque et doit rester un loisir ma\u00eetris\u00e9. Avant de signer une analyse, je v\u00e9rifie mes chiffres, je recoupe les compositions probables et je distingue toujours la donn\u00e9e brute de l'intuition. Mon objectif : offrir une lecture honn\u00eate et argument\u00e9e, pas un ticket gagnant garanti.\",\"sameAs\":[\"https:\/\/axellauzier.fr\/\"],\"url\":\"https:\/\/sport-index.fr\/blog\/auteur\/noname\/\"}]}<\/script>\n<!-- \/ Yoast SEO Premium plugin. -->","yoast_head_json":{"title":"Violence au stade : les incidents choquants autour du match","description":"Des \u00e9v\u00e9nements tragiques au stade de la Lib\u00e9ration En marge des rencontres opposant les \u00e9quipes de Givors et de l\u2019URAM, un joueur a \u00e9t\u00e9 agress\u00e9 par un\u2026","robots":{"index":"index","follow":"follow","max-snippet":"max-snippet:-1","max-image-preview":"max-image-preview:large","max-video-preview":"max-video-preview:-1"},"canonical":"https:\/\/sport-index.fr\/blog\/a-la-une\/violence-au-stade-les-incidents-choquants-autour-du-match-givors-uram\/","og_locale":"fr_FR","og_type":"article","og_title":"Violence au stade : les incidents choquants autour du match","og_description":"Des \u00e9v\u00e9nements tragiques au stade de la Lib\u00e9ration En marge des rencontres opposant les \u00e9quipes de Givors et de l\u2019URAM, un joueur a \u00e9t\u00e9 agress\u00e9 par un\u2026","og_url":"https:\/\/sport-index.fr\/blog\/a-la-une\/violence-au-stade-les-incidents-choquants-autour-du-match-givors-uram\/","og_site_name":"sport-index","author":"Axel Lauzier","twitter_card":"summary_large_image","schema":{"@context":"https:\/\/schema.org","@graph":[{"@type":"NewsArticle","@id":"https:\/\/sport-index.fr\/blog\/a-la-une\/violence-au-stade-les-incidents-choquants-autour-du-match-givors-uram\/#article","isPartOf":{"@id":"https:\/\/sport-index.fr\/blog\/a-la-une\/violence-au-stade-les-incidents-choquants-autour-du-match-givors-uram\/"},"author":{"name":"Axel Lauzier","@id":"https:\/\/sport-index.fr\/blog\/#\/schema\/person\/3c864cdc320801e3db34b663e7e3f816"},"headline":"Violence au stade : les incidents choquants autour du match Givors \u2013 Uram","datePublished":"2025-02-15T02:31:37+00:00","mainEntityOfPage":{"@id":"https:\/\/sport-index.fr\/blog\/a-la-une\/violence-au-stade-les-incidents-choquants-autour-du-match-givors-uram\/"},"wordCount":579,"commentCount":30,"publisher":{"@id":"https:\/\/sport-index.fr\/blog\/#organization"},"image":{"@id":"https:\/\/sport-index.fr\/blog\/a-la-une\/violence-au-stade-les-incidents-choquants-autour-du-match-givors-uram\/#primaryimage"},"thumbnailUrl":"https:\/\/sport-index.fr\/blog\/wp-content\/uploads\/2025\/02\/sdxl-b80a6fd0dab2317c48a353f5255fd7d0.png","keywords":["Comportement des Supporters","Exclusion de Joueur","Int\u00e9grit\u00e9 du Sport","S\u00e9curit\u00e9 dans le Sport","Violence dans le Sport Amateur"],"articleSection":["\u00c0 la une"],"inLanguage":"fr-FR","potentialAction":[{"@type":"CommentAction","name":"Comment","target":["https:\/\/sport-index.fr\/blog\/a-la-une\/violence-au-stade-les-incidents-choquants-autour-du-match-givors-uram\/#respond"]}]},{"@type":"WebPage","@id":"https:\/\/sport-index.fr\/blog\/a-la-une\/violence-au-stade-les-incidents-choquants-autour-du-match-givors-uram\/","url":"https:\/\/sport-index.fr\/blog\/a-la-une\/violence-au-stade-les-incidents-choquants-autour-du-match-givors-uram\/","name":"Violence au stade : les incidents choquants autour du match","isPartOf":{"@id":"https:\/\/sport-index.fr\/blog\/#website"},"primaryImageOfPage":{"@id":"https:\/\/sport-index.fr\/blog\/a-la-une\/violence-au-stade-les-incidents-choquants-autour-du-match-givors-uram\/#primaryimage"},"image":{"@id":"https:\/\/sport-index.fr\/blog\/a-la-une\/violence-au-stade-les-incidents-choquants-autour-du-match-givors-uram\/#primaryimage"},"thumbnailUrl":"https:\/\/sport-index.fr\/blog\/wp-content\/uploads\/2025\/02\/sdxl-b80a6fd0dab2317c48a353f5255fd7d0.png","datePublished":"2025-02-15T02:31:37+00:00","description":"Des \u00e9v\u00e9nements tragiques au stade de la Lib\u00e9ration En marge des rencontres opposant les \u00e9quipes de Givors et de l\u2019URAM, un joueur a \u00e9t\u00e9 agress\u00e9 par un\u2026","inLanguage":"fr-FR","potentialAction":[{"@type":"ReadAction","target":["https:\/\/sport-index.fr\/blog\/a-la-une\/violence-au-stade-les-incidents-choquants-autour-du-match-givors-uram\/"]}]},{"@type":"ImageObject","inLanguage":"fr-FR","@id":"https:\/\/sport-index.fr\/blog\/a-la-une\/violence-au-stade-les-incidents-choquants-autour-du-match-givors-uram\/#primaryimage","url":"https:\/\/sport-index.fr\/blog\/wp-content\/uploads\/2025\/02\/sdxl-b80a6fd0dab2317c48a353f5255fd7d0.png","contentUrl":"https:\/\/sport-index.fr\/blog\/wp-content\/uploads\/2025\/02\/sdxl-b80a6fd0dab2317c48a353f5255fd7d0.png","width":1536,"height":640},{"@type":"WebSite","@id":"https:\/\/sport-index.fr\/blog\/#website","url":"https:\/\/sport-index.fr\/blog\/","name":"sport-index.fr","description":"Le score de l\u2019analyse sportive.","publisher":{"@id":"https:\/\/sport-index.fr\/blog\/#organization"},"alternateName":"Le score de l\u2019analyse sportive.","potentialAction":[{"@type":"SearchAction","target":{"@type":"EntryPoint","urlTemplate":"https:\/\/sport-index.fr\/blog\/?s={search_term_string}"},"query-input":{"@type":"PropertyValueSpecification","valueRequired":true,"valueName":"search_term_string"}}],"inLanguage":"fr-FR"},{"@type":"Organization","@id":"https:\/\/sport-index.fr\/blog\/#organization","name":"Foretsensations.fr","url":"https:\/\/sport-index.fr\/blog\/","logo":{"@type":"ImageObject","inLanguage":"fr-FR","@id":"https:\/\/sport-index.fr\/blog\/#\/schema\/logo\/image\/","url":"https:\/\/sport-index.fr\/blog\/wp-content\/uploads\/2026\/07\/logo-auto.png","contentUrl":"https:\/\/sport-index.fr\/blog\/wp-content\/uploads\/2026\/07\/logo-auto.png","width":1024,"height":1024,"caption":"Foretsensations.fr"},"image":{"@id":"https:\/\/sport-index.fr\/blog\/#\/schema\/logo\/image\/"}},{"@type":"Person","@id":"https:\/\/sport-index.fr\/blog\/#\/schema\/person\/3c864cdc320801e3db34b663e7e3f816","name":"Axel Lauzier","image":{"@type":"ImageObject","inLanguage":"fr-FR","@id":"https:\/\/sport-index.fr\/blog\/#\/schema\/person\/image\/","url":"https:\/\/sport-index.fr\/blog\/wp-content\/uploads\/2026\/06\/persona_axel-l-96x96.jpg","contentUrl":"https:\/\/sport-index.fr\/blog\/wp-content\/uploads\/2026\/06\/persona_axel-l-96x96.jpg","caption":"Axel Lauzier"},"description":"Le sport rythme mon quotidien depuis l'enfance, et j'en ai fait mon m\u00e9tier d'analyste r\u00e9dactionnel il y a une dizaine d'ann\u00e9es. Je couvre principalement le football, son actualit\u00e9, ses transferts et l'analyse tactique des grandes affiches, mais aussi les disciplines plus confidentielles que j'aime remettre en lumi\u00e8re. Une partie de mon travail porte sur les pronostics et la lecture statistique d'un match : forme des \u00e9quipes, historique des confrontations, compositions, sans jamais vendre de fausse certitude. Je rappelle syst\u00e9matiquement que parier comporte un risque et doit rester un loisir ma\u00eetris\u00e9. Avant de signer une analyse, je v\u00e9rifie mes chiffres, je recoupe les compositions probables et je distingue toujours la donn\u00e9e brute de l'intuition. Mon objectif : offrir une lecture honn\u00eate et argument\u00e9e, pas un ticket gagnant garanti.","sameAs":["https:\/\/axellauzier.fr\/"],"url":"https:\/\/sport-index.fr\/blog\/auteur\/noname\/"}]}},"_links":{"self":[{"href":"https:\/\/sport-index.fr\/blog\/wp-json\/wp\/v2\/posts\/8010","targetHints":{"allow":["GET"]}}],"collection":[{"href":"https:\/\/sport-index.fr\/blog\/wp-json\/wp\/v2\/posts"}],"about":[{"href":"https:\/\/sport-index.fr\/blog\/wp-json\/wp\/v2\/types\/post"}],"author":[{"embeddable":true,"href":"https:\/\/sport-index.fr\/blog\/wp-json\/wp\/v2\/users\/34"}],"replies":[{"embeddable":true,"href":"https:\/\/sport-index.fr\/blog\/wp-json\/wp\/v2\/comments?post=8010"}],"version-history":[{"count":1,"href":"https:\/\/sport-index.fr\/blog\/wp-json\/wp\/v2\/posts\/8010\/revisions"}],"predecessor-version":[{"id":8728,"href":"https:\/\/sport-index.fr\/blog\/wp-json\/wp\/v2\/posts\/8010\/revisions\/8728"}],"wp:featuredmedia":[{"embeddable":true,"href":"https:\/\/sport-index.fr\/blog\/wp-json\/wp\/v2\/media\/10909"}],"wp:attachment":[{"href":"https:\/\/sport-index.fr\/blog\/wp-json\/wp\/v2\/media?parent=8010"}],"wp:term":[{"taxonomy":"category","embeddable":true,"href":"https:\/\/sport-index.fr\/blog\/wp-json\/wp\/v2\/categories?post=8010"},{"taxonomy":"post_tag","embeddable":true,"href":"https:\/\/sport-index.fr\/blog\/wp-json\/wp\/v2\/tags?post=8010"}],"curies":[{"name":"wp","href":"https:\/\/api.w.org\/{rel}","templated":true}]}}