{"id":8017,"date":"2025-02-13T18:43:33","date_gmt":"2025-02-13T17:43:33","guid":{"rendered":"https:\/\/sport-index.fr\/blog\/?p=8017"},"modified":"2025-02-11T07:54:02","modified_gmt":"2025-02-11T06:54:02","slug":"affaire-jegou-auradou-le-proces-en-appel-relance-le-debat-sur-la-justice-en-argentine","status":"publish","type":"post","link":"https:\/\/sport-index.fr\/blog\/a-la-une\/affaire-jegou-auradou-le-proces-en-appel-relance-le-debat-sur-la-justice-en-argentine\/","title":{"rendered":"Affaire Jegou-Auradou : le proc\u00e8s en appel relance le d\u00e9bat sur la justice en Argentine"},"content":{"rendered":"<h2>Une affaire qui divise les opinions<\/h2>\n<p>Les accusations de viol aggrav\u00e9 port\u00e9es contre les rugbymen Oscar Jegou et Hugo Auradou ont plong\u00e9 le monde du rugby dans la tourmente. Alors que la justice argentine a rendu un non-lieu en d\u00e9cembre 2024, la plaignante a d\u00e9cid\u00e9 de faire appel, mettant ainsi en lumi\u00e8re des questions cruciales sur la mani\u00e8re dont les affaires de violences sexuelles sont trait\u00e9es.<\/p>\n<p>Ce lundi, la cour d&rsquo;appel de Mendoza doit examiner la requ\u00eate de la plaignante. Les enjeux sont \u00e9normes : si l&rsquo;appel est accept\u00e9, l&rsquo;enqu\u00eate pourra se poursuivre et de nouvelles preuves pourraient \u00eatre examin\u00e9es. Dans le cas contraire, la plaignante se retrouverait face \u00e0 un nouveau mur judiciaire, l&rsquo;incitant \u00e0 envisager un pourvoi en cassation.<\/p>\n<h2>Les r\u00e9percussions sur les joueurs et leur carri\u00e8re<\/h2>\n<p>Depuis le d\u00e9but de cette affaire, Oscar Jegou et Hugo Auradou ont d\u00fb jongler entre leur carri\u00e8re sportive et les lourdes accusations pesant sur eux. De retour en France, les deux joueurs ont retrouv\u00e9 le chemin du rugby, participant au Tournoi des 6 Nations 2025. Cependant, cette ombre au tableau pourrait continuer \u00e0 les hanter, tant que l&rsquo;affaire n&rsquo;est pas d\u00e9finitivement close.<\/p>\n<p>Leur s\u00e9lection en \u00e9quipe nationale a soulev\u00e9 des interrogations parmi les fans et les observateurs. Comment concilier performance sportive et accusation de crimes graves ? Les deux rugbymen ont \u00e9t\u00e9 rempla\u00e7ants lors des matchs contre le pays de Galles et l&rsquo;Angleterre, mais leur pr\u00e9sence sur le terrain ne fait pas que soulever des applaudissements, elle entra\u00eene aussi des critiques.<\/p>\n<h2>La justice face \u00e0 un d\u00e9fi complexe<\/h2>\n<p>Le syst\u00e8me judiciaire argentin est mis \u00e0 l&rsquo;\u00e9preuve avec cette affaire qui met en lumi\u00e8re des probl\u00e9matiques sur la protection des victimes. Le fait que la plaignante doive faire appel d&rsquo;un non-lieu soul\u00e8ve des questions sur l&rsquo;efficacit\u00e9 de la justice dans les affaires de violences sexuelles. Les avocats de la d\u00e9fense et de la plaignante sont d\u00e9j\u00e0 sur le qui-vive, chacun cherchant \u00e0 faire valoir ses arguments devant la cour.<\/p>\n<p>Le d\u00e9bat autour de cette affaire d\u00e9passe les fronti\u00e8res du rugby. Il s&rsquo;agit d&rsquo;une lutte pour la justice qui pourrait influencer d&rsquo;autres cas similaires, tant en Argentine qu&rsquo;\u00e0 l&rsquo;\u00e9tranger. Comme le souligne ma\u00eetre Romano, l&rsquo;un des avocats de la plaignante : <\/p>\n<blockquote><p>\u00ab Ce n&rsquo;est pas seulement une question de justice pour ma cliente, c&rsquo;est une question de justice pour toutes les victimes de violences sexuelles. \u00bb<\/p><\/blockquote>\n<ul>\n<li>Affaire Jegou-Auradou : un appel qui pourrait changer la donne<\/li>\n<li>Impact sur la carri\u00e8re des joueurs en s\u00e9lection nationale<\/li>\n<li>Questions sur l&rsquo;efficacit\u00e9 de la justice argentine face aux violences sexuelles<\/li>\n<li>R\u00e9actions des fans et des m\u00e9dias sur cette affaire controvers\u00e9e<\/li>\n<li>La plaignante d\u00e9termin\u00e9e \u00e0 obtenir justice malgr\u00e9 les obstacles<\/li>\n<\/ul>\n<p>La cour d&rsquo;appel de Mendoza rendra son verdict d&rsquo;ici quelques jours, mais quel que soit le r\u00e9sultat, les cons\u00e9quences de cette affaire se feront sentir longtemps. Les rugbymen, tout comme la plaignante, continueront d&rsquo;\u00eatre au centre des discussions sur des sujets sensibles qui transcendent le sport. L&rsquo;\u00e9volution de cette affaire pourrait bien ouvrir la voie \u00e0 une r\u00e9\u00e9valuation des pratiques judiciaires face \u00e0 des accusations aussi graves.<\/p>\n","protected":false},"excerpt":{"rendered":"","protected":false},"author":34,"featured_media":10935,"comment_status":"open","ping_status":"open","sticky":false,"template":"","format":"standard","meta":{"_acf_changed":false,"manual_indexmenow":false,"indexmenow_id_project":0,"footnotes":""},"categories":[1],"tags":[4666,4529,4664,4408,4665],"class_list":["post-8017","post","type-post","status-publish","format-standard","has-post-thumbnail","hentry","category-a-la-une","tag-carriere-sportive","tag-egalite-des-chances","tag-justice","tag-resilience","tag-violence-sexuelle","generate-columns","tablet-grid-50","mobile-grid-100","grid-parent","grid-25"],"acf":[],"yoast_head":"<!-- This site is optimized with the Yoast SEO Premium plugin v21.3 (Yoast SEO v26.5) - https:\/\/yoast.com\/wordpress\/plugins\/seo\/ -->\n<title>Affaire Jegou-Auradou : le proc\u00e8s en appel relance le d\u00e9bat<\/title>\n<meta name=\"description\" content=\"Une affaire qui divise les opinions Les accusations de viol aggrav\u00e9 port\u00e9es contre les rugbymen Oscar Jegou et Hugo Auradou ont plong\u00e9 le monde du rugby\u2026\" \/>\n<meta name=\"robots\" content=\"index, follow, max-snippet:-1, max-image-preview:large, max-video-preview:-1\" \/>\n<link rel=\"canonical\" href=\"https:\/\/sport-index.fr\/blog\/a-la-une\/affaire-jegou-auradou-le-proces-en-appel-relance-le-debat-sur-la-justice-en-argentine\/\" \/>\n<meta property=\"og:locale\" content=\"fr_FR\" \/>\n<meta property=\"og:type\" content=\"article\" \/>\n<meta property=\"og:title\" content=\"Affaire Jegou-Auradou : le proc\u00e8s en appel relance le d\u00e9bat\" \/>\n<meta property=\"og:description\" content=\"Une affaire qui divise les opinions Les accusations de viol aggrav\u00e9 port\u00e9es contre les rugbymen Oscar Jegou et Hugo Auradou ont plong\u00e9 le monde du rugby\u2026\" \/>\n<meta property=\"og:url\" content=\"https:\/\/sport-index.fr\/blog\/a-la-une\/affaire-jegou-auradou-le-proces-en-appel-relance-le-debat-sur-la-justice-en-argentine\/\" \/>\n<meta property=\"og:site_name\" content=\"sport-index\" \/>\n<meta name=\"author\" content=\"Axel Lauzier\" \/>\n<meta name=\"twitter:card\" content=\"summary_large_image\" \/>\n<script type=\"application\/ld+json\" class=\"yoast-schema-graph\">{\"@context\":\"https:\/\/schema.org\",\"@graph\":[{\"@type\":\"NewsArticle\",\"@id\":\"https:\/\/sport-index.fr\/blog\/a-la-une\/affaire-jegou-auradou-le-proces-en-appel-relance-le-debat-sur-la-justice-en-argentine\/#article\",\"isPartOf\":{\"@id\":\"https:\/\/sport-index.fr\/blog\/a-la-une\/affaire-jegou-auradou-le-proces-en-appel-relance-le-debat-sur-la-justice-en-argentine\/\"},\"author\":{\"name\":\"Axel Lauzier\",\"@id\":\"https:\/\/sport-index.fr\/blog\/#\/schema\/person\/3c864cdc320801e3db34b663e7e3f816\"},\"headline\":\"Affaire Jegou-Auradou : le proc\u00e8s en appel relance le d\u00e9bat sur la justice en Argentine\",\"datePublished\":\"2025-02-13T17:43:33+00:00\",\"mainEntityOfPage\":{\"@id\":\"https:\/\/sport-index.fr\/blog\/a-la-une\/affaire-jegou-auradou-le-proces-en-appel-relance-le-debat-sur-la-justice-en-argentine\/\"},\"wordCount\":568,\"commentCount\":30,\"publisher\":{\"@id\":\"https:\/\/sport-index.fr\/blog\/#organization\"},\"image\":{\"@id\":\"https:\/\/sport-index.fr\/blog\/a-la-une\/affaire-jegou-auradou-le-proces-en-appel-relance-le-debat-sur-la-justice-en-argentine\/#primaryimage\"},\"thumbnailUrl\":\"https:\/\/sport-index.fr\/blog\/wp-content\/uploads\/2025\/02\/sdxl-f5c86bab80ccfc256681fab2bd8ddef3.png\",\"keywords\":[\"Carri\u00e8re Sportive\",\"\u00c9galit\u00e9 des Chances\",\"Justice\",\"R\u00e9silience\",\"Violence Sexuelle\"],\"articleSection\":[\"\u00c0 la une\"],\"inLanguage\":\"fr-FR\",\"potentialAction\":[{\"@type\":\"CommentAction\",\"name\":\"Comment\",\"target\":[\"https:\/\/sport-index.fr\/blog\/a-la-une\/affaire-jegou-auradou-le-proces-en-appel-relance-le-debat-sur-la-justice-en-argentine\/#respond\"]}]},{\"@type\":\"WebPage\",\"@id\":\"https:\/\/sport-index.fr\/blog\/a-la-une\/affaire-jegou-auradou-le-proces-en-appel-relance-le-debat-sur-la-justice-en-argentine\/\",\"url\":\"https:\/\/sport-index.fr\/blog\/a-la-une\/affaire-jegou-auradou-le-proces-en-appel-relance-le-debat-sur-la-justice-en-argentine\/\",\"name\":\"Affaire Jegou-Auradou : le proc\u00e8s en appel relance le d\u00e9bat\",\"isPartOf\":{\"@id\":\"https:\/\/sport-index.fr\/blog\/#website\"},\"primaryImageOfPage\":{\"@id\":\"https:\/\/sport-index.fr\/blog\/a-la-une\/affaire-jegou-auradou-le-proces-en-appel-relance-le-debat-sur-la-justice-en-argentine\/#primaryimage\"},\"image\":{\"@id\":\"https:\/\/sport-index.fr\/blog\/a-la-une\/affaire-jegou-auradou-le-proces-en-appel-relance-le-debat-sur-la-justice-en-argentine\/#primaryimage\"},\"thumbnailUrl\":\"https:\/\/sport-index.fr\/blog\/wp-content\/uploads\/2025\/02\/sdxl-f5c86bab80ccfc256681fab2bd8ddef3.png\",\"datePublished\":\"2025-02-13T17:43:33+00:00\",\"description\":\"Une affaire qui divise les opinions Les accusations de viol aggrav\u00e9 port\u00e9es contre les rugbymen Oscar Jegou et Hugo Auradou ont plong\u00e9 le monde du rugby\u2026\",\"inLanguage\":\"fr-FR\",\"potentialAction\":[{\"@type\":\"ReadAction\",\"target\":[\"https:\/\/sport-index.fr\/blog\/a-la-une\/affaire-jegou-auradou-le-proces-en-appel-relance-le-debat-sur-la-justice-en-argentine\/\"]}]},{\"@type\":\"ImageObject\",\"inLanguage\":\"fr-FR\",\"@id\":\"https:\/\/sport-index.fr\/blog\/a-la-une\/affaire-jegou-auradou-le-proces-en-appel-relance-le-debat-sur-la-justice-en-argentine\/#primaryimage\",\"url\":\"https:\/\/sport-index.fr\/blog\/wp-content\/uploads\/2025\/02\/sdxl-f5c86bab80ccfc256681fab2bd8ddef3.png\",\"contentUrl\":\"https:\/\/sport-index.fr\/blog\/wp-content\/uploads\/2025\/02\/sdxl-f5c86bab80ccfc256681fab2bd8ddef3.png\",\"width\":1536,\"height\":640},{\"@type\":\"WebSite\",\"@id\":\"https:\/\/sport-index.fr\/blog\/#website\",\"url\":\"https:\/\/sport-index.fr\/blog\/\",\"name\":\"sport-index.fr\",\"description\":\"Le score de l\u2019analyse sportive.\",\"publisher\":{\"@id\":\"https:\/\/sport-index.fr\/blog\/#organization\"},\"alternateName\":\"Le score de l\u2019analyse sportive.\",\"potentialAction\":[{\"@type\":\"SearchAction\",\"target\":{\"@type\":\"EntryPoint\",\"urlTemplate\":\"https:\/\/sport-index.fr\/blog\/?s={search_term_string}\"},\"query-input\":{\"@type\":\"PropertyValueSpecification\",\"valueRequired\":true,\"valueName\":\"search_term_string\"}}],\"inLanguage\":\"fr-FR\"},{\"@type\":\"Organization\",\"@id\":\"https:\/\/sport-index.fr\/blog\/#organization\",\"name\":\"Foretsensations.fr\",\"url\":\"https:\/\/sport-index.fr\/blog\/\",\"logo\":{\"@type\":\"ImageObject\",\"inLanguage\":\"fr-FR\",\"@id\":\"https:\/\/sport-index.fr\/blog\/#\/schema\/logo\/image\/\",\"url\":\"https:\/\/sport-index.fr\/blog\/wp-content\/uploads\/2026\/07\/logo-auto.png\",\"contentUrl\":\"https:\/\/sport-index.fr\/blog\/wp-content\/uploads\/2026\/07\/logo-auto.png\",\"width\":1024,\"height\":1024,\"caption\":\"Foretsensations.fr\"},\"image\":{\"@id\":\"https:\/\/sport-index.fr\/blog\/#\/schema\/logo\/image\/\"}},{\"@type\":\"Person\",\"@id\":\"https:\/\/sport-index.fr\/blog\/#\/schema\/person\/3c864cdc320801e3db34b663e7e3f816\",\"name\":\"Axel Lauzier\",\"image\":{\"@type\":\"ImageObject\",\"inLanguage\":\"fr-FR\",\"@id\":\"https:\/\/sport-index.fr\/blog\/#\/schema\/person\/image\/\",\"url\":\"https:\/\/sport-index.fr\/blog\/wp-content\/uploads\/2026\/06\/persona_axel-l-96x96.jpg\",\"contentUrl\":\"https:\/\/sport-index.fr\/blog\/wp-content\/uploads\/2026\/06\/persona_axel-l-96x96.jpg\",\"caption\":\"Axel Lauzier\"},\"description\":\"Le sport rythme mon quotidien depuis l'enfance, et j'en ai fait mon m\u00e9tier d'analyste r\u00e9dactionnel il y a une dizaine d'ann\u00e9es. Je couvre principalement le football, son actualit\u00e9, ses transferts et l'analyse tactique des grandes affiches, mais aussi les disciplines plus confidentielles que j'aime remettre en lumi\u00e8re. Une partie de mon travail porte sur les pronostics et la lecture statistique d'un match : forme des \u00e9quipes, historique des confrontations, compositions, sans jamais vendre de fausse certitude. Je rappelle syst\u00e9matiquement que parier comporte un risque et doit rester un loisir ma\u00eetris\u00e9. Avant de signer une analyse, je v\u00e9rifie mes chiffres, je recoupe les compositions probables et je distingue toujours la donn\u00e9e brute de l'intuition. Mon objectif : offrir une lecture honn\u00eate et argument\u00e9e, pas un ticket gagnant garanti.\",\"sameAs\":[\"https:\/\/axellauzier.fr\/\"],\"url\":\"https:\/\/sport-index.fr\/blog\/auteur\/noname\/\"}]}<\/script>\n<!-- \/ Yoast SEO Premium plugin. -->","yoast_head_json":{"title":"Affaire Jegou-Auradou : le proc\u00e8s en appel relance le d\u00e9bat","description":"Une affaire qui divise les opinions Les accusations de viol aggrav\u00e9 port\u00e9es contre les rugbymen Oscar Jegou et Hugo Auradou ont plong\u00e9 le monde du rugby\u2026","robots":{"index":"index","follow":"follow","max-snippet":"max-snippet:-1","max-image-preview":"max-image-preview:large","max-video-preview":"max-video-preview:-1"},"canonical":"https:\/\/sport-index.fr\/blog\/a-la-une\/affaire-jegou-auradou-le-proces-en-appel-relance-le-debat-sur-la-justice-en-argentine\/","og_locale":"fr_FR","og_type":"article","og_title":"Affaire Jegou-Auradou : le proc\u00e8s en appel relance le d\u00e9bat","og_description":"Une affaire qui divise les opinions Les accusations de viol aggrav\u00e9 port\u00e9es contre les rugbymen Oscar Jegou et Hugo Auradou ont plong\u00e9 le monde du rugby\u2026","og_url":"https:\/\/sport-index.fr\/blog\/a-la-une\/affaire-jegou-auradou-le-proces-en-appel-relance-le-debat-sur-la-justice-en-argentine\/","og_site_name":"sport-index","author":"Axel Lauzier","twitter_card":"summary_large_image","schema":{"@context":"https:\/\/schema.org","@graph":[{"@type":"NewsArticle","@id":"https:\/\/sport-index.fr\/blog\/a-la-une\/affaire-jegou-auradou-le-proces-en-appel-relance-le-debat-sur-la-justice-en-argentine\/#article","isPartOf":{"@id":"https:\/\/sport-index.fr\/blog\/a-la-une\/affaire-jegou-auradou-le-proces-en-appel-relance-le-debat-sur-la-justice-en-argentine\/"},"author":{"name":"Axel Lauzier","@id":"https:\/\/sport-index.fr\/blog\/#\/schema\/person\/3c864cdc320801e3db34b663e7e3f816"},"headline":"Affaire Jegou-Auradou : le proc\u00e8s en appel relance le d\u00e9bat sur la justice en Argentine","datePublished":"2025-02-13T17:43:33+00:00","mainEntityOfPage":{"@id":"https:\/\/sport-index.fr\/blog\/a-la-une\/affaire-jegou-auradou-le-proces-en-appel-relance-le-debat-sur-la-justice-en-argentine\/"},"wordCount":568,"commentCount":30,"publisher":{"@id":"https:\/\/sport-index.fr\/blog\/#organization"},"image":{"@id":"https:\/\/sport-index.fr\/blog\/a-la-une\/affaire-jegou-auradou-le-proces-en-appel-relance-le-debat-sur-la-justice-en-argentine\/#primaryimage"},"thumbnailUrl":"https:\/\/sport-index.fr\/blog\/wp-content\/uploads\/2025\/02\/sdxl-f5c86bab80ccfc256681fab2bd8ddef3.png","keywords":["Carri\u00e8re Sportive","\u00c9galit\u00e9 des Chances","Justice","R\u00e9silience","Violence Sexuelle"],"articleSection":["\u00c0 la une"],"inLanguage":"fr-FR","potentialAction":[{"@type":"CommentAction","name":"Comment","target":["https:\/\/sport-index.fr\/blog\/a-la-une\/affaire-jegou-auradou-le-proces-en-appel-relance-le-debat-sur-la-justice-en-argentine\/#respond"]}]},{"@type":"WebPage","@id":"https:\/\/sport-index.fr\/blog\/a-la-une\/affaire-jegou-auradou-le-proces-en-appel-relance-le-debat-sur-la-justice-en-argentine\/","url":"https:\/\/sport-index.fr\/blog\/a-la-une\/affaire-jegou-auradou-le-proces-en-appel-relance-le-debat-sur-la-justice-en-argentine\/","name":"Affaire Jegou-Auradou : le proc\u00e8s en appel relance le d\u00e9bat","isPartOf":{"@id":"https:\/\/sport-index.fr\/blog\/#website"},"primaryImageOfPage":{"@id":"https:\/\/sport-index.fr\/blog\/a-la-une\/affaire-jegou-auradou-le-proces-en-appel-relance-le-debat-sur-la-justice-en-argentine\/#primaryimage"},"image":{"@id":"https:\/\/sport-index.fr\/blog\/a-la-une\/affaire-jegou-auradou-le-proces-en-appel-relance-le-debat-sur-la-justice-en-argentine\/#primaryimage"},"thumbnailUrl":"https:\/\/sport-index.fr\/blog\/wp-content\/uploads\/2025\/02\/sdxl-f5c86bab80ccfc256681fab2bd8ddef3.png","datePublished":"2025-02-13T17:43:33+00:00","description":"Une affaire qui divise les opinions Les accusations de viol aggrav\u00e9 port\u00e9es contre les rugbymen Oscar Jegou et Hugo Auradou ont plong\u00e9 le monde du rugby\u2026","inLanguage":"fr-FR","potentialAction":[{"@type":"ReadAction","target":["https:\/\/sport-index.fr\/blog\/a-la-une\/affaire-jegou-auradou-le-proces-en-appel-relance-le-debat-sur-la-justice-en-argentine\/"]}]},{"@type":"ImageObject","inLanguage":"fr-FR","@id":"https:\/\/sport-index.fr\/blog\/a-la-une\/affaire-jegou-auradou-le-proces-en-appel-relance-le-debat-sur-la-justice-en-argentine\/#primaryimage","url":"https:\/\/sport-index.fr\/blog\/wp-content\/uploads\/2025\/02\/sdxl-f5c86bab80ccfc256681fab2bd8ddef3.png","contentUrl":"https:\/\/sport-index.fr\/blog\/wp-content\/uploads\/2025\/02\/sdxl-f5c86bab80ccfc256681fab2bd8ddef3.png","width":1536,"height":640},{"@type":"WebSite","@id":"https:\/\/sport-index.fr\/blog\/#website","url":"https:\/\/sport-index.fr\/blog\/","name":"sport-index.fr","description":"Le score de l\u2019analyse sportive.","publisher":{"@id":"https:\/\/sport-index.fr\/blog\/#organization"},"alternateName":"Le score de l\u2019analyse sportive.","potentialAction":[{"@type":"SearchAction","target":{"@type":"EntryPoint","urlTemplate":"https:\/\/sport-index.fr\/blog\/?s={search_term_string}"},"query-input":{"@type":"PropertyValueSpecification","valueRequired":true,"valueName":"search_term_string"}}],"inLanguage":"fr-FR"},{"@type":"Organization","@id":"https:\/\/sport-index.fr\/blog\/#organization","name":"Foretsensations.fr","url":"https:\/\/sport-index.fr\/blog\/","logo":{"@type":"ImageObject","inLanguage":"fr-FR","@id":"https:\/\/sport-index.fr\/blog\/#\/schema\/logo\/image\/","url":"https:\/\/sport-index.fr\/blog\/wp-content\/uploads\/2026\/07\/logo-auto.png","contentUrl":"https:\/\/sport-index.fr\/blog\/wp-content\/uploads\/2026\/07\/logo-auto.png","width":1024,"height":1024,"caption":"Foretsensations.fr"},"image":{"@id":"https:\/\/sport-index.fr\/blog\/#\/schema\/logo\/image\/"}},{"@type":"Person","@id":"https:\/\/sport-index.fr\/blog\/#\/schema\/person\/3c864cdc320801e3db34b663e7e3f816","name":"Axel Lauzier","image":{"@type":"ImageObject","inLanguage":"fr-FR","@id":"https:\/\/sport-index.fr\/blog\/#\/schema\/person\/image\/","url":"https:\/\/sport-index.fr\/blog\/wp-content\/uploads\/2026\/06\/persona_axel-l-96x96.jpg","contentUrl":"https:\/\/sport-index.fr\/blog\/wp-content\/uploads\/2026\/06\/persona_axel-l-96x96.jpg","caption":"Axel Lauzier"},"description":"Le sport rythme mon quotidien depuis l'enfance, et j'en ai fait mon m\u00e9tier d'analyste r\u00e9dactionnel il y a une dizaine d'ann\u00e9es. Je couvre principalement le football, son actualit\u00e9, ses transferts et l'analyse tactique des grandes affiches, mais aussi les disciplines plus confidentielles que j'aime remettre en lumi\u00e8re. Une partie de mon travail porte sur les pronostics et la lecture statistique d'un match : forme des \u00e9quipes, historique des confrontations, compositions, sans jamais vendre de fausse certitude. Je rappelle syst\u00e9matiquement que parier comporte un risque et doit rester un loisir ma\u00eetris\u00e9. Avant de signer une analyse, je v\u00e9rifie mes chiffres, je recoupe les compositions probables et je distingue toujours la donn\u00e9e brute de l'intuition. Mon objectif : offrir une lecture honn\u00eate et argument\u00e9e, pas un ticket gagnant garanti.","sameAs":["https:\/\/axellauzier.fr\/"],"url":"https:\/\/sport-index.fr\/blog\/auteur\/noname\/"}]}},"_links":{"self":[{"href":"https:\/\/sport-index.fr\/blog\/wp-json\/wp\/v2\/posts\/8017","targetHints":{"allow":["GET"]}}],"collection":[{"href":"https:\/\/sport-index.fr\/blog\/wp-json\/wp\/v2\/posts"}],"about":[{"href":"https:\/\/sport-index.fr\/blog\/wp-json\/wp\/v2\/types\/post"}],"author":[{"embeddable":true,"href":"https:\/\/sport-index.fr\/blog\/wp-json\/wp\/v2\/users\/34"}],"replies":[{"embeddable":true,"href":"https:\/\/sport-index.fr\/blog\/wp-json\/wp\/v2\/comments?post=8017"}],"version-history":[{"count":1,"href":"https:\/\/sport-index.fr\/blog\/wp-json\/wp\/v2\/posts\/8017\/revisions"}],"predecessor-version":[{"id":8398,"href":"https:\/\/sport-index.fr\/blog\/wp-json\/wp\/v2\/posts\/8017\/revisions\/8398"}],"wp:featuredmedia":[{"embeddable":true,"href":"https:\/\/sport-index.fr\/blog\/wp-json\/wp\/v2\/media\/10935"}],"wp:attachment":[{"href":"https:\/\/sport-index.fr\/blog\/wp-json\/wp\/v2\/media?parent=8017"}],"wp:term":[{"taxonomy":"category","embeddable":true,"href":"https:\/\/sport-index.fr\/blog\/wp-json\/wp\/v2\/categories?post=8017"},{"taxonomy":"post_tag","embeddable":true,"href":"https:\/\/sport-index.fr\/blog\/wp-json\/wp\/v2\/tags?post=8017"}],"curies":[{"name":"wp","href":"https:\/\/api.w.org\/{rel}","templated":true}]}}