{"id":8029,"date":"2025-02-15T13:55:38","date_gmt":"2025-02-15T12:55:38","guid":{"rendered":"https:\/\/sport-index.fr\/blog\/?p=8029"},"modified":"2025-02-15T13:55:38","modified_gmt":"2025-02-15T12:55:38","slug":"pro-d2-agen-face-a-la-crise-une-inquietude-grandissante-pour-le-sua","status":"publish","type":"post","link":"https:\/\/sport-index.fr\/blog\/a-la-une\/pro-d2-agen-face-a-la-crise-une-inquietude-grandissante-pour-le-sua\/","title":{"rendered":"Pro D2 \u2013 Agen face \u00e0 la crise : une inqui\u00e9tude grandissante pour le SUA"},"content":{"rendered":"<h2>Un match cauchemardesque pour le SUA<\/h2>\n<p>Le SU Agen a r\u00e9cemment connu une d\u00e9faite cuisante face \u00e0 Montauban, laissant les supporters dans l&rsquo;inqui\u00e9tude. Le manager S\u00e9bastien Calvet a pris la parole apr\u00e8s cette rencontre, exprimant ses pr\u00e9occupations face \u00e0 la situation de l&rsquo;\u00e9quipe. Il a soulign\u00e9 qu&rsquo;il ne s&rsquo;agissait pas simplement d&rsquo;un mauvais match, mais d&rsquo;une v\u00e9ritable remise en question de l&rsquo;attitude des joueurs sur le terrain.<\/p>\n<p>Calvet a d\u00e9clar\u00e9 : \u00ab\u00a0Nous avons manqu\u00e9 de caract\u00e8re, et cela est tr\u00e8s surprenant.\u00a0\u00bb Cette d\u00e9claration r\u00e9v\u00e8le l&rsquo;\u00e9tat d&rsquo;esprit des joueurs et une absence de combativit\u00e9 qui pourrait leur co\u00fbter cher dans la course au maintien. Le manager a \u00e9galement reconnu que la premi\u00e8re mi-temps de ce match \u00e9tait probablement la pire de la saison, ce qui soul\u00e8ve des questions sur la pr\u00e9paration de l&rsquo;\u00e9quipe.<\/p>\n<h2>Des probl\u00e8mes structurels et un besoin urgent de changement<\/h2>\n<p>Les performances m\u00e9diocres d\u2019Agen ne peuvent pas \u00eatre attribu\u00e9es \u00e0 un seul match. Depuis plusieurs saisons, l&rsquo;\u00e9quipe semble incapable de trouver une coh\u00e9sion et un esprit de combat. Calvet a soulign\u00e9 que le rugby est un sport collectif o\u00f9 chaque joueur doit se battre pour l&rsquo;\u00e9quipe, et actuellement, cela manque cruellement au SUA.<\/p>\n<p>La situation devient de plus en plus d\u00e9licate, surtout avec la proximit\u00e9 de Valence Romans au classement. Le manager a \u00e9voqu\u00e9 l&rsquo;importance de se remettre en question et a appel\u00e9 \u00e0 une r\u00e9ponse imm\u00e9diate de ses joueurs. \u00ab\u00a0Nous devons guerroyer, ou alors nous allons nous retrouver dans une position tr\u00e8s inconfortable,\u00a0\u00bb a-t-il martel\u00e9.<\/p>\n<h2>Une \u00e9quipe en qu\u00eate de leaders et de solutions<\/h2>\n<p>Le manque de leaders sur le terrain est un autre point soulev\u00e9 par Calvet. Lors du dernier match, des figures embl\u00e9matiques comme Duputs et Farr\u00e9 \u00e9taient en tribune, et leur absence s&rsquo;est fait ressentir. Le manager a pr\u00e9cis\u00e9 que la pr\u00e9sence de v\u00e9ritables guerriers est essentielle pour relever le d\u00e9fi qui attend l&rsquo;\u00e9quipe.<\/p>\n<p>Pour sortir de cette spirale n\u00e9gative, le staff a d\u00e9cid\u00e9 d&rsquo;intensifier les entra\u00eenements. Des s\u00e9ances \u00e0 haute intensit\u00e9 ont \u00e9t\u00e9 mises en place, mais cela ne suffira pas si l&rsquo;\u00e9quipe ne montre pas une volont\u00e9 de combattre sur le terrain. Calvet a d\u00e9clar\u00e9 : \u00ab\u00a0Nous devons \u00eatre pr\u00eats physiquement et mentalement pour exister dans ce sport.\u00a0\u00bb<\/p>\n<ul>\n<li>Manque de caract\u00e8re et d&rsquo;attitude de l&rsquo;\u00e9quipe<\/li>\n<li>Probl\u00e8mes structurels dans l&rsquo;organisation du jeu<\/li>\n<li>Absence de leaders sur le terrain<\/li>\n<li>N\u00e9cessit\u00e9 de guerroyer pour esp\u00e9rer se maintenir<\/li>\n<li>Activit\u00e9s d&rsquo;entra\u00eenement intensifi\u00e9es pour pr\u00e9parer les matchs<\/li>\n<\/ul>\n<h2>Une inqui\u00e9tude palpable pour l&rsquo;avenir du SUA<\/h2>\n<p>La situation actuelle du SU Agen est pr\u00e9occupante, et l&rsquo;inqui\u00e9tude grandit non seulement au sein du staff, mais aussi parmi les anciens joueurs et les supporters. Calvet a exprim\u00e9 sa souffrance pour ceux qui ont fait l\u2019histoire du club, t\u00e9moignant ainsi du lien \u00e9motionnel qui unit le pass\u00e9 et le pr\u00e9sent du SUA. \u00ab\u00a0Je souffre pour tous ces valeureux guerriers qui ont fait l&rsquo;histoire que le SU Agen a aujourd&rsquo;hui,\u00a0\u00bb a-t-il d\u00e9clar\u00e9, mettant en lumi\u00e8re l&rsquo;importance de l&rsquo;h\u00e9ritage du club.<\/p>\n<p>La question du maintien est sur toutes les l\u00e8vres. L&rsquo;\u00e9quipe doit se battre pour \u00e9viter une descente qui marquerait un tournant tragique dans son histoire. \u00ab\u00a0Aujourd&rsquo;hui, on doit enlever les sourires et remettre les fondamentaux en place sur le terrain,\u00a0\u00bb a insist\u00e9 Calvet, soulignant l&rsquo;urgence de la situation. Il est crucial pour l\u2019\u00e9quipe de trouver une nouvelle dynamique afin de se relancer dans cette fin de saison intense.<\/p>\n<p>En somme, le SU Agen est \u00e0 un tournant d\u00e9cisif. La r\u00e9action de l&rsquo;\u00e9quipe lors des prochaines rencontres sera d\u00e9terminante pour son avenir. Les supporters esp\u00e8rent voir un SUA combattif et d\u00e9termin\u00e9, pr\u00eat \u00e0 relever le d\u00e9fi qui l&rsquo;attend.<\/p>\n","protected":false},"excerpt":{"rendered":"","protected":false},"author":34,"featured_media":10892,"comment_status":"open","ping_status":"open","sticky":false,"template":"","format":"standard","meta":{"_acf_changed":false,"manual_indexmenow":false,"indexmenow_id_project":0,"footnotes":""},"categories":[1],"tags":[4615,4529,4614,4378,4408],"class_list":["post-8029","post","type-post","status-publish","format-standard","has-post-thumbnail","hentry","category-a-la-une","tag-communaute-engagee","tag-egalite-des-chances","tag-encadrement-professionnel","tag-performance-durable","tag-resilience","generate-columns","tablet-grid-50","mobile-grid-100","grid-parent","grid-25"],"acf":[],"yoast_head":"<!-- This site is optimized with the Yoast SEO Premium plugin v21.3 (Yoast SEO v26.5) - https:\/\/yoast.com\/wordpress\/plugins\/seo\/ -->\n<title>Pro D2 \u2013 Agen face \u00e0 la crise : une inqui\u00e9tude grandissante<\/title>\n<meta name=\"description\" content=\"Un match cauchemardesque pour le SUA Le SU Agen a r\u00e9cemment connu une d\u00e9faite cuisante face \u00e0 Montauban, laissant les supporters dans l&#039;inqui\u00e9tude. Le\u2026\" \/>\n<meta name=\"robots\" content=\"index, follow, max-snippet:-1, max-image-preview:large, max-video-preview:-1\" \/>\n<link rel=\"canonical\" href=\"https:\/\/sport-index.fr\/blog\/a-la-une\/pro-d2-agen-face-a-la-crise-une-inquietude-grandissante-pour-le-sua\/\" \/>\n<meta property=\"og:locale\" content=\"fr_FR\" \/>\n<meta property=\"og:type\" content=\"article\" \/>\n<meta property=\"og:title\" content=\"Pro D2 \u2013 Agen face \u00e0 la crise : une inqui\u00e9tude grandissante\" \/>\n<meta property=\"og:description\" content=\"Un match cauchemardesque pour le SUA Le SU Agen a r\u00e9cemment connu une d\u00e9faite cuisante face \u00e0 Montauban, laissant les supporters dans l&#039;inqui\u00e9tude. Le\u2026\" \/>\n<meta property=\"og:url\" content=\"https:\/\/sport-index.fr\/blog\/a-la-une\/pro-d2-agen-face-a-la-crise-une-inquietude-grandissante-pour-le-sua\/\" \/>\n<meta property=\"og:site_name\" content=\"sport-index\" \/>\n<meta name=\"author\" content=\"Axel Lauzier\" \/>\n<meta name=\"twitter:card\" content=\"summary_large_image\" \/>\n<script type=\"application\/ld+json\" class=\"yoast-schema-graph\">{\"@context\":\"https:\/\/schema.org\",\"@graph\":[{\"@type\":\"NewsArticle\",\"@id\":\"https:\/\/sport-index.fr\/blog\/a-la-une\/pro-d2-agen-face-a-la-crise-une-inquietude-grandissante-pour-le-sua\/#article\",\"isPartOf\":{\"@id\":\"https:\/\/sport-index.fr\/blog\/a-la-une\/pro-d2-agen-face-a-la-crise-une-inquietude-grandissante-pour-le-sua\/\"},\"author\":{\"name\":\"Axel Lauzier\",\"@id\":\"https:\/\/sport-index.fr\/blog\/#\/schema\/person\/3c864cdc320801e3db34b663e7e3f816\"},\"headline\":\"Pro D2 \u2013 Agen face \u00e0 la crise : une inqui\u00e9tude grandissante pour le SUA\",\"datePublished\":\"2025-02-15T12:55:38+00:00\",\"mainEntityOfPage\":{\"@id\":\"https:\/\/sport-index.fr\/blog\/a-la-une\/pro-d2-agen-face-a-la-crise-une-inquietude-grandissante-pour-le-sua\/\"},\"wordCount\":692,\"commentCount\":32,\"publisher\":{\"@id\":\"https:\/\/sport-index.fr\/blog\/#organization\"},\"image\":{\"@id\":\"https:\/\/sport-index.fr\/blog\/a-la-une\/pro-d2-agen-face-a-la-crise-une-inquietude-grandissante-pour-le-sua\/#primaryimage\"},\"thumbnailUrl\":\"https:\/\/sport-index.fr\/blog\/wp-content\/uploads\/2025\/02\/sdxl-a33b6274cdcb134451634af615169fcc.png\",\"keywords\":[\"Communaut\u00e9 engag\u00e9e\",\"\u00c9galit\u00e9 des Chances\",\"Encadrement professionnel\",\"Performance Durable\",\"R\u00e9silience\"],\"articleSection\":[\"\u00c0 la une\"],\"inLanguage\":\"fr-FR\",\"potentialAction\":[{\"@type\":\"CommentAction\",\"name\":\"Comment\",\"target\":[\"https:\/\/sport-index.fr\/blog\/a-la-une\/pro-d2-agen-face-a-la-crise-une-inquietude-grandissante-pour-le-sua\/#respond\"]}]},{\"@type\":\"WebPage\",\"@id\":\"https:\/\/sport-index.fr\/blog\/a-la-une\/pro-d2-agen-face-a-la-crise-une-inquietude-grandissante-pour-le-sua\/\",\"url\":\"https:\/\/sport-index.fr\/blog\/a-la-une\/pro-d2-agen-face-a-la-crise-une-inquietude-grandissante-pour-le-sua\/\",\"name\":\"Pro D2 \u2013 Agen face \u00e0 la crise : une inqui\u00e9tude grandissante\",\"isPartOf\":{\"@id\":\"https:\/\/sport-index.fr\/blog\/#website\"},\"primaryImageOfPage\":{\"@id\":\"https:\/\/sport-index.fr\/blog\/a-la-une\/pro-d2-agen-face-a-la-crise-une-inquietude-grandissante-pour-le-sua\/#primaryimage\"},\"image\":{\"@id\":\"https:\/\/sport-index.fr\/blog\/a-la-une\/pro-d2-agen-face-a-la-crise-une-inquietude-grandissante-pour-le-sua\/#primaryimage\"},\"thumbnailUrl\":\"https:\/\/sport-index.fr\/blog\/wp-content\/uploads\/2025\/02\/sdxl-a33b6274cdcb134451634af615169fcc.png\",\"datePublished\":\"2025-02-15T12:55:38+00:00\",\"description\":\"Un match cauchemardesque pour le SUA Le SU Agen a r\u00e9cemment connu une d\u00e9faite cuisante face \u00e0 Montauban, laissant les supporters dans l'inqui\u00e9tude. Le\u2026\",\"inLanguage\":\"fr-FR\",\"potentialAction\":[{\"@type\":\"ReadAction\",\"target\":[\"https:\/\/sport-index.fr\/blog\/a-la-une\/pro-d2-agen-face-a-la-crise-une-inquietude-grandissante-pour-le-sua\/\"]}]},{\"@type\":\"ImageObject\",\"inLanguage\":\"fr-FR\",\"@id\":\"https:\/\/sport-index.fr\/blog\/a-la-une\/pro-d2-agen-face-a-la-crise-une-inquietude-grandissante-pour-le-sua\/#primaryimage\",\"url\":\"https:\/\/sport-index.fr\/blog\/wp-content\/uploads\/2025\/02\/sdxl-a33b6274cdcb134451634af615169fcc.png\",\"contentUrl\":\"https:\/\/sport-index.fr\/blog\/wp-content\/uploads\/2025\/02\/sdxl-a33b6274cdcb134451634af615169fcc.png\",\"width\":1536,\"height\":640},{\"@type\":\"WebSite\",\"@id\":\"https:\/\/sport-index.fr\/blog\/#website\",\"url\":\"https:\/\/sport-index.fr\/blog\/\",\"name\":\"sport-index.fr\",\"description\":\"Le score de l\u2019analyse sportive.\",\"publisher\":{\"@id\":\"https:\/\/sport-index.fr\/blog\/#organization\"},\"alternateName\":\"Le score de l\u2019analyse sportive.\",\"potentialAction\":[{\"@type\":\"SearchAction\",\"target\":{\"@type\":\"EntryPoint\",\"urlTemplate\":\"https:\/\/sport-index.fr\/blog\/?s={search_term_string}\"},\"query-input\":{\"@type\":\"PropertyValueSpecification\",\"valueRequired\":true,\"valueName\":\"search_term_string\"}}],\"inLanguage\":\"fr-FR\"},{\"@type\":\"Organization\",\"@id\":\"https:\/\/sport-index.fr\/blog\/#organization\",\"name\":\"Foretsensations.fr\",\"url\":\"https:\/\/sport-index.fr\/blog\/\",\"logo\":{\"@type\":\"ImageObject\",\"inLanguage\":\"fr-FR\",\"@id\":\"https:\/\/sport-index.fr\/blog\/#\/schema\/logo\/image\/\",\"url\":\"https:\/\/sport-index.fr\/blog\/wp-content\/uploads\/2026\/07\/logo-auto.png\",\"contentUrl\":\"https:\/\/sport-index.fr\/blog\/wp-content\/uploads\/2026\/07\/logo-auto.png\",\"width\":1024,\"height\":1024,\"caption\":\"Foretsensations.fr\"},\"image\":{\"@id\":\"https:\/\/sport-index.fr\/blog\/#\/schema\/logo\/image\/\"}},{\"@type\":\"Person\",\"@id\":\"https:\/\/sport-index.fr\/blog\/#\/schema\/person\/3c864cdc320801e3db34b663e7e3f816\",\"name\":\"Axel Lauzier\",\"image\":{\"@type\":\"ImageObject\",\"inLanguage\":\"fr-FR\",\"@id\":\"https:\/\/sport-index.fr\/blog\/#\/schema\/person\/image\/\",\"url\":\"https:\/\/sport-index.fr\/blog\/wp-content\/uploads\/2026\/06\/persona_axel-l-96x96.jpg\",\"contentUrl\":\"https:\/\/sport-index.fr\/blog\/wp-content\/uploads\/2026\/06\/persona_axel-l-96x96.jpg\",\"caption\":\"Axel Lauzier\"},\"description\":\"Le sport rythme mon quotidien depuis l'enfance, et j'en ai fait mon m\u00e9tier d'analyste r\u00e9dactionnel il y a une dizaine d'ann\u00e9es. Je couvre principalement le football, son actualit\u00e9, ses transferts et l'analyse tactique des grandes affiches, mais aussi les disciplines plus confidentielles que j'aime remettre en lumi\u00e8re. Une partie de mon travail porte sur les pronostics et la lecture statistique d'un match : forme des \u00e9quipes, historique des confrontations, compositions, sans jamais vendre de fausse certitude. Je rappelle syst\u00e9matiquement que parier comporte un risque et doit rester un loisir ma\u00eetris\u00e9. Avant de signer une analyse, je v\u00e9rifie mes chiffres, je recoupe les compositions probables et je distingue toujours la donn\u00e9e brute de l'intuition. Mon objectif : offrir une lecture honn\u00eate et argument\u00e9e, pas un ticket gagnant garanti.\",\"sameAs\":[\"https:\/\/axellauzier.fr\/\"],\"url\":\"https:\/\/sport-index.fr\/blog\/auteur\/noname\/\"}]}<\/script>\n<!-- \/ Yoast SEO Premium plugin. -->","yoast_head_json":{"title":"Pro D2 \u2013 Agen face \u00e0 la crise : une inqui\u00e9tude grandissante","description":"Un match cauchemardesque pour le SUA Le SU Agen a r\u00e9cemment connu une d\u00e9faite cuisante face \u00e0 Montauban, laissant les supporters dans l'inqui\u00e9tude. Le\u2026","robots":{"index":"index","follow":"follow","max-snippet":"max-snippet:-1","max-image-preview":"max-image-preview:large","max-video-preview":"max-video-preview:-1"},"canonical":"https:\/\/sport-index.fr\/blog\/a-la-une\/pro-d2-agen-face-a-la-crise-une-inquietude-grandissante-pour-le-sua\/","og_locale":"fr_FR","og_type":"article","og_title":"Pro D2 \u2013 Agen face \u00e0 la crise : une inqui\u00e9tude grandissante","og_description":"Un match cauchemardesque pour le SUA Le SU Agen a r\u00e9cemment connu une d\u00e9faite cuisante face \u00e0 Montauban, laissant les supporters dans l'inqui\u00e9tude. Le\u2026","og_url":"https:\/\/sport-index.fr\/blog\/a-la-une\/pro-d2-agen-face-a-la-crise-une-inquietude-grandissante-pour-le-sua\/","og_site_name":"sport-index","author":"Axel Lauzier","twitter_card":"summary_large_image","schema":{"@context":"https:\/\/schema.org","@graph":[{"@type":"NewsArticle","@id":"https:\/\/sport-index.fr\/blog\/a-la-une\/pro-d2-agen-face-a-la-crise-une-inquietude-grandissante-pour-le-sua\/#article","isPartOf":{"@id":"https:\/\/sport-index.fr\/blog\/a-la-une\/pro-d2-agen-face-a-la-crise-une-inquietude-grandissante-pour-le-sua\/"},"author":{"name":"Axel Lauzier","@id":"https:\/\/sport-index.fr\/blog\/#\/schema\/person\/3c864cdc320801e3db34b663e7e3f816"},"headline":"Pro D2 \u2013 Agen face \u00e0 la crise : une inqui\u00e9tude grandissante pour le SUA","datePublished":"2025-02-15T12:55:38+00:00","mainEntityOfPage":{"@id":"https:\/\/sport-index.fr\/blog\/a-la-une\/pro-d2-agen-face-a-la-crise-une-inquietude-grandissante-pour-le-sua\/"},"wordCount":692,"commentCount":32,"publisher":{"@id":"https:\/\/sport-index.fr\/blog\/#organization"},"image":{"@id":"https:\/\/sport-index.fr\/blog\/a-la-une\/pro-d2-agen-face-a-la-crise-une-inquietude-grandissante-pour-le-sua\/#primaryimage"},"thumbnailUrl":"https:\/\/sport-index.fr\/blog\/wp-content\/uploads\/2025\/02\/sdxl-a33b6274cdcb134451634af615169fcc.png","keywords":["Communaut\u00e9 engag\u00e9e","\u00c9galit\u00e9 des Chances","Encadrement professionnel","Performance Durable","R\u00e9silience"],"articleSection":["\u00c0 la une"],"inLanguage":"fr-FR","potentialAction":[{"@type":"CommentAction","name":"Comment","target":["https:\/\/sport-index.fr\/blog\/a-la-une\/pro-d2-agen-face-a-la-crise-une-inquietude-grandissante-pour-le-sua\/#respond"]}]},{"@type":"WebPage","@id":"https:\/\/sport-index.fr\/blog\/a-la-une\/pro-d2-agen-face-a-la-crise-une-inquietude-grandissante-pour-le-sua\/","url":"https:\/\/sport-index.fr\/blog\/a-la-une\/pro-d2-agen-face-a-la-crise-une-inquietude-grandissante-pour-le-sua\/","name":"Pro D2 \u2013 Agen face \u00e0 la crise : une inqui\u00e9tude grandissante","isPartOf":{"@id":"https:\/\/sport-index.fr\/blog\/#website"},"primaryImageOfPage":{"@id":"https:\/\/sport-index.fr\/blog\/a-la-une\/pro-d2-agen-face-a-la-crise-une-inquietude-grandissante-pour-le-sua\/#primaryimage"},"image":{"@id":"https:\/\/sport-index.fr\/blog\/a-la-une\/pro-d2-agen-face-a-la-crise-une-inquietude-grandissante-pour-le-sua\/#primaryimage"},"thumbnailUrl":"https:\/\/sport-index.fr\/blog\/wp-content\/uploads\/2025\/02\/sdxl-a33b6274cdcb134451634af615169fcc.png","datePublished":"2025-02-15T12:55:38+00:00","description":"Un match cauchemardesque pour le SUA Le SU Agen a r\u00e9cemment connu une d\u00e9faite cuisante face \u00e0 Montauban, laissant les supporters dans l'inqui\u00e9tude. Le\u2026","inLanguage":"fr-FR","potentialAction":[{"@type":"ReadAction","target":["https:\/\/sport-index.fr\/blog\/a-la-une\/pro-d2-agen-face-a-la-crise-une-inquietude-grandissante-pour-le-sua\/"]}]},{"@type":"ImageObject","inLanguage":"fr-FR","@id":"https:\/\/sport-index.fr\/blog\/a-la-une\/pro-d2-agen-face-a-la-crise-une-inquietude-grandissante-pour-le-sua\/#primaryimage","url":"https:\/\/sport-index.fr\/blog\/wp-content\/uploads\/2025\/02\/sdxl-a33b6274cdcb134451634af615169fcc.png","contentUrl":"https:\/\/sport-index.fr\/blog\/wp-content\/uploads\/2025\/02\/sdxl-a33b6274cdcb134451634af615169fcc.png","width":1536,"height":640},{"@type":"WebSite","@id":"https:\/\/sport-index.fr\/blog\/#website","url":"https:\/\/sport-index.fr\/blog\/","name":"sport-index.fr","description":"Le score de l\u2019analyse sportive.","publisher":{"@id":"https:\/\/sport-index.fr\/blog\/#organization"},"alternateName":"Le score de l\u2019analyse sportive.","potentialAction":[{"@type":"SearchAction","target":{"@type":"EntryPoint","urlTemplate":"https:\/\/sport-index.fr\/blog\/?s={search_term_string}"},"query-input":{"@type":"PropertyValueSpecification","valueRequired":true,"valueName":"search_term_string"}}],"inLanguage":"fr-FR"},{"@type":"Organization","@id":"https:\/\/sport-index.fr\/blog\/#organization","name":"Foretsensations.fr","url":"https:\/\/sport-index.fr\/blog\/","logo":{"@type":"ImageObject","inLanguage":"fr-FR","@id":"https:\/\/sport-index.fr\/blog\/#\/schema\/logo\/image\/","url":"https:\/\/sport-index.fr\/blog\/wp-content\/uploads\/2026\/07\/logo-auto.png","contentUrl":"https:\/\/sport-index.fr\/blog\/wp-content\/uploads\/2026\/07\/logo-auto.png","width":1024,"height":1024,"caption":"Foretsensations.fr"},"image":{"@id":"https:\/\/sport-index.fr\/blog\/#\/schema\/logo\/image\/"}},{"@type":"Person","@id":"https:\/\/sport-index.fr\/blog\/#\/schema\/person\/3c864cdc320801e3db34b663e7e3f816","name":"Axel Lauzier","image":{"@type":"ImageObject","inLanguage":"fr-FR","@id":"https:\/\/sport-index.fr\/blog\/#\/schema\/person\/image\/","url":"https:\/\/sport-index.fr\/blog\/wp-content\/uploads\/2026\/06\/persona_axel-l-96x96.jpg","contentUrl":"https:\/\/sport-index.fr\/blog\/wp-content\/uploads\/2026\/06\/persona_axel-l-96x96.jpg","caption":"Axel Lauzier"},"description":"Le sport rythme mon quotidien depuis l'enfance, et j'en ai fait mon m\u00e9tier d'analyste r\u00e9dactionnel il y a une dizaine d'ann\u00e9es. Je couvre principalement le football, son actualit\u00e9, ses transferts et l'analyse tactique des grandes affiches, mais aussi les disciplines plus confidentielles que j'aime remettre en lumi\u00e8re. Une partie de mon travail porte sur les pronostics et la lecture statistique d'un match : forme des \u00e9quipes, historique des confrontations, compositions, sans jamais vendre de fausse certitude. Je rappelle syst\u00e9matiquement que parier comporte un risque et doit rester un loisir ma\u00eetris\u00e9. Avant de signer une analyse, je v\u00e9rifie mes chiffres, je recoupe les compositions probables et je distingue toujours la donn\u00e9e brute de l'intuition. Mon objectif : offrir une lecture honn\u00eate et argument\u00e9e, pas un ticket gagnant garanti.","sameAs":["https:\/\/axellauzier.fr\/"],"url":"https:\/\/sport-index.fr\/blog\/auteur\/noname\/"}]}},"_links":{"self":[{"href":"https:\/\/sport-index.fr\/blog\/wp-json\/wp\/v2\/posts\/8029","targetHints":{"allow":["GET"]}}],"collection":[{"href":"https:\/\/sport-index.fr\/blog\/wp-json\/wp\/v2\/posts"}],"about":[{"href":"https:\/\/sport-index.fr\/blog\/wp-json\/wp\/v2\/types\/post"}],"author":[{"embeddable":true,"href":"https:\/\/sport-index.fr\/blog\/wp-json\/wp\/v2\/users\/34"}],"replies":[{"embeddable":true,"href":"https:\/\/sport-index.fr\/blog\/wp-json\/wp\/v2\/comments?post=8029"}],"version-history":[{"count":1,"href":"https:\/\/sport-index.fr\/blog\/wp-json\/wp\/v2\/posts\/8029\/revisions"}],"predecessor-version":[{"id":8823,"href":"https:\/\/sport-index.fr\/blog\/wp-json\/wp\/v2\/posts\/8029\/revisions\/8823"}],"wp:featuredmedia":[{"embeddable":true,"href":"https:\/\/sport-index.fr\/blog\/wp-json\/wp\/v2\/media\/10892"}],"wp:attachment":[{"href":"https:\/\/sport-index.fr\/blog\/wp-json\/wp\/v2\/media?parent=8029"}],"wp:term":[{"taxonomy":"category","embeddable":true,"href":"https:\/\/sport-index.fr\/blog\/wp-json\/wp\/v2\/categories?post=8029"},{"taxonomy":"post_tag","embeddable":true,"href":"https:\/\/sport-index.fr\/blog\/wp-json\/wp\/v2\/tags?post=8029"}],"curies":[{"name":"wp","href":"https:\/\/api.w.org\/{rel}","templated":true}]}}