{"id":8031,"date":"2026-09-02T09:53:39","date_gmt":"2026-09-02T07:53:39","guid":{"rendered":"https:\/\/sport-index.fr\/blog\/?p=8031"},"modified":"2026-09-02T09:53:39","modified_gmt":"2026-09-02T07:53:39","slug":"pro-d2-la-victoire-decisive-de-fabien-fortassin-et-valence-romans-contre-dax","status":"publish","type":"post","link":"https:\/\/sport-index.fr\/blog\/a-la-une\/pro-d2-la-victoire-decisive-de-fabien-fortassin-et-valence-romans-contre-dax\/","title":{"rendered":"Pro D2 : la victoire d\u00e9cisive de Fabien Fortassin et Valence Romans contre Dax"},"content":{"rendered":"<h2>Une victoire ressentie comme un soulagement<\/h2>\n<p>Fabien Fortassin, le manager de Valence Romans, ne pouvait cacher sa satisfaction apr\u00e8s la victoire de son \u00e9quipe contre Dax. Le score final de 23 \u00e0 17, obtenu dans les derni\u00e8res minutes, a suscit\u00e9 une vague de joie parmi les joueurs et le staff. \u00ab\u00a0Il y a beaucoup de joie, de bonheur de voir les gar\u00e7ons qui sont r\u00e9compens\u00e9s\u00a0\u00bb, a-t-il d\u00e9clar\u00e9, soulignant l&rsquo;importance de ce moment pour l&rsquo;\u00e9quipe.<br \/>\nCe match a \u00e9t\u00e9 le reflet d&rsquo;une saison pleine de tensions et de frustrations. Fortassin a rappel\u00e9 que de nombreux matchs avaient \u00e9chapp\u00e9 \u00e0 son \u00e9quipe dans les derniers instants, ce qui a cr\u00e9\u00e9 un climat pesant. Mais cette fois-ci, le caract\u00e8re et la lucidit\u00e9 des joueurs ont permis de renverser la tendance, offrant ainsi un d\u00e9clic tant attendu. L&rsquo;essai de la victoire a \u00e9t\u00e9 inscrit par Matteo Rodor, au terme d&rsquo;une s\u00e9quence \u00e0 trois contre deux c\u00f4t\u00e9 ferm\u00e9 dans les derniers instants ; Valence Romans devient ainsi seulement la deuxi\u00e8me \u00e9quipe de la saison \u00e0 s&rsquo;imposer au stade Maurice Boyau, apr\u00e8s Angoul\u00eame.<\/p>\n<h2>Un jeu strat\u00e9gique et pragmatique<\/h2>\n<p>Le succ\u00e8s de Valence Romans repose sur une strat\u00e9gie bien d\u00e9finie. Fortassin a insist\u00e9 sur l&rsquo;importance d&rsquo;\u00e9viter le jeu de ping-pong avec les Dacquois, connus pour leur efficacit\u00e9. L&rsquo;accent a \u00e9t\u00e9 mis sur les jeux au pied de pression et le maintien de la ma\u00eetrise sur le terrain, des \u00e9l\u00e9ments cruciaux pour ne pas se laisser entra\u00eener dans le rythme de l&rsquo;adversaire.<br \/>\nLa capacit\u00e9 des joueurs \u00e0 rester concentr\u00e9s et \u00e0 respecter le plan de jeu a \u00e9t\u00e9 d\u00e9terminante. Fortassin a salu\u00e9 la performance de ses joueurs, qui ont su \u00e9touffer les Dacquois et les forcer \u00e0 jouer sur le reculoir. \u00ab\u00a0Nous avons \u00e9t\u00e9 efficaces, nous avons contr\u00e9 des ballons en touche\u00a0\u00bb, a-t-il ajout\u00e9, soulignant le travail collectif accompli.<\/p>\n<h2>Une barri\u00e8re bris\u00e9e pour l&rsquo;avenir<\/h2>\n<p>Cette victoire pourrait \u00eatre le tournant d&rsquo;une saison difficile. Fortassin a \u00e9voqu\u00e9 le sentiment d&rsquo;avoir \u00ab\u00a0cass\u00e9 une barri\u00e8re qui nous hantait\u00a0\u00bb, ce qui pourrait donner \u00e0 l&rsquo;\u00e9quipe un nouvel \u00e9lan. Les joueurs ont montr\u00e9 qu&rsquo;ils \u00e9taient capables de g\u00e9rer la pression et de se battre jusqu&rsquo;\u00e0 la derni\u00e8re seconde, ce qui est essentiel pour aborder la suite du championnat avec confiance.<br \/>\nLe manager a \u00e9galement not\u00e9 que ce match a \u00e9t\u00e9 un v\u00e9ritable bol d&rsquo;oxyg\u00e8ne pour l&rsquo;\u00e9quipe. Apr\u00e8s des mois de d\u00e9ceptions, cette victoire pourrait permettre aux joueurs de retrouver confiance en leurs capacit\u00e9s. Les sourires et la musique dans le vestiaire t\u00e9moignent de cette nouvelle \u00e9nergie qui pourrait les accompagner dans les prochains d\u00e9fis.<\/p>\n<ul>\n<li>Victoire d\u00e9cisive contre Dax avec un score de 23-17<\/li>\n<li>Une strat\u00e9gie bas\u00e9e sur le jeu au pied et la ma\u00eetrise<\/li>\n<li>Un d\u00e9clic potentiel pour l&rsquo;\u00e9quipe apr\u00e8s une saison compliqu\u00e9e<\/li>\n<li>Performance collective salu\u00e9e par le manager Fabien Fortassin<\/li>\n<li>Confiance retrouv\u00e9e pour les prochaines rencontres<\/li>\n<\/ul>\n<blockquote><p>\n\u00ab\u00a0Nous avons eu le caract\u00e8re et la lucidit\u00e9 pour bien finir ce match.\u00a0\u00bb &#8211; Fabien Fortassin\n<\/p><\/blockquote>\n<p>En somme, la victoire de Valence Romans contre Dax ne se limite pas \u00e0 un simple score. Elle repr\u00e9sente un moment charni\u00e8re pour une \u00e9quipe en qu\u00eate de renouveau. Les joueurs, galvanis\u00e9s par cette r\u00e9ussite, sont d\u00e9sormais pr\u00eats \u00e0 affronter le reste de la saison avec un \u00e9tat d&rsquo;esprit renouvel\u00e9 et une d\u00e9termination \u00e0 toute \u00e9preuve. Les d\u00e9fis qui les attendent ne manqueront pas, mais avec une telle performance, Valence Romans a prouv\u00e9 qu&rsquo;il pouvait surmonter les obstacles et viser plus haut.<\/p>\n<p><em>Article publi\u00e9 le 15 f\u00e9vrier 2025 (19e journ\u00e9e de Pro D2), rev\u00e9rifi\u00e9 et compl\u00e9t\u00e9 le 2 septembre 2026 \u00e0 partir de l&rsquo;interview int\u00e9grale de Fabien Fortassin accord\u00e9e \u00e0 Rugbyrama.<\/em><\/p>\n","protected":false},"excerpt":{"rendered":"","protected":false},"author":34,"featured_media":10394,"comment_status":"open","ping_status":"open","sticky":false,"template":"","format":"standard","meta":{"_acf_changed":false,"manual_indexmenow":false,"indexmenow_id_project":0,"footnotes":""},"categories":[1],"tags":[],"class_list":["post-8031","post","type-post","status-publish","format-standard","has-post-thumbnail","hentry","category-a-la-une","generate-columns","tablet-grid-50","mobile-grid-100","grid-parent","grid-25"],"acf":[],"yoast_head":"<!-- This site is optimized with the Yoast SEO Premium plugin v21.3 (Yoast SEO v26.5) - https:\/\/yoast.com\/wordpress\/plugins\/seo\/ -->\n<title>Pro D2 : la victoire d\u00e9cisive de Fabien Fortassin et Valence Romans contre Dax<\/title>\n<meta name=\"description\" content=\"Fabien Fortassin, manager de Valence Romans, revient sur la victoire 23-17 \u00e0 Dax (Pro D2, 19e journ\u00e9e) et l&#039;essai d\u00e9cisif de Matteo Rodor.\" \/>\n<meta name=\"robots\" content=\"index, follow, max-snippet:-1, max-image-preview:large, max-video-preview:-1\" \/>\n<link rel=\"canonical\" href=\"https:\/\/sport-index.fr\/blog\/a-la-une\/pro-d2-la-victoire-decisive-de-fabien-fortassin-et-valence-romans-contre-dax\/\" \/>\n<meta property=\"og:locale\" content=\"fr_FR\" \/>\n<meta property=\"og:type\" content=\"article\" \/>\n<meta property=\"og:title\" content=\"Pro D2 : la victoire d\u00e9cisive de Fabien Fortassin et Valence Romans contre Dax\" \/>\n<meta property=\"og:description\" content=\"Fabien Fortassin, manager de Valence Romans, revient sur la victoire 23-17 \u00e0 Dax (Pro D2, 19e journ\u00e9e) et l&#039;essai d\u00e9cisif de Matteo Rodor.\" \/>\n<meta property=\"og:url\" content=\"https:\/\/sport-index.fr\/blog\/a-la-une\/pro-d2-la-victoire-decisive-de-fabien-fortassin-et-valence-romans-contre-dax\/\" \/>\n<meta property=\"og:site_name\" content=\"sport-index\" \/>\n<meta name=\"author\" content=\"Axel Lauzier\" \/>\n<meta name=\"twitter:card\" content=\"summary_large_image\" \/>\n<script type=\"application\/ld+json\" class=\"yoast-schema-graph\">{\"@context\":\"https:\/\/schema.org\",\"@graph\":[{\"@type\":\"NewsArticle\",\"@id\":\"https:\/\/sport-index.fr\/blog\/a-la-une\/pro-d2-la-victoire-decisive-de-fabien-fortassin-et-valence-romans-contre-dax\/#article\",\"isPartOf\":{\"@id\":\"https:\/\/sport-index.fr\/blog\/a-la-une\/pro-d2-la-victoire-decisive-de-fabien-fortassin-et-valence-romans-contre-dax\/\"},\"author\":{\"name\":\"Axel Lauzier\",\"@id\":\"https:\/\/sport-index.fr\/blog\/#\/schema\/person\/3c864cdc320801e3db34b663e7e3f816\"},\"headline\":\"Pro D2 : la victoire d\u00e9cisive de Fabien Fortassin et Valence Romans contre Dax\",\"datePublished\":\"2026-09-02T07:53:39+00:00\",\"mainEntityOfPage\":{\"@id\":\"https:\/\/sport-index.fr\/blog\/a-la-une\/pro-d2-la-victoire-decisive-de-fabien-fortassin-et-valence-romans-contre-dax\/\"},\"wordCount\":665,\"commentCount\":24,\"publisher\":{\"@id\":\"https:\/\/sport-index.fr\/blog\/#organization\"},\"image\":{\"@id\":\"https:\/\/sport-index.fr\/blog\/a-la-une\/pro-d2-la-victoire-decisive-de-fabien-fortassin-et-valence-romans-contre-dax\/#primaryimage\"},\"thumbnailUrl\":\"https:\/\/sport-index.fr\/blog\/wp-content\/uploads\/2025\/02\/sdxl-2b6a42370477776339461cb1dc0a0248.png\",\"articleSection\":[\"\u00c0 la une\"],\"inLanguage\":\"fr-FR\",\"potentialAction\":[{\"@type\":\"CommentAction\",\"name\":\"Comment\",\"target\":[\"https:\/\/sport-index.fr\/blog\/a-la-une\/pro-d2-la-victoire-decisive-de-fabien-fortassin-et-valence-romans-contre-dax\/#respond\"]}]},{\"@type\":\"WebPage\",\"@id\":\"https:\/\/sport-index.fr\/blog\/a-la-une\/pro-d2-la-victoire-decisive-de-fabien-fortassin-et-valence-romans-contre-dax\/\",\"url\":\"https:\/\/sport-index.fr\/blog\/a-la-une\/pro-d2-la-victoire-decisive-de-fabien-fortassin-et-valence-romans-contre-dax\/\",\"name\":\"Pro D2 : la victoire d\u00e9cisive de Fabien Fortassin et Valence Romans contre Dax\",\"isPartOf\":{\"@id\":\"https:\/\/sport-index.fr\/blog\/#website\"},\"primaryImageOfPage\":{\"@id\":\"https:\/\/sport-index.fr\/blog\/a-la-une\/pro-d2-la-victoire-decisive-de-fabien-fortassin-et-valence-romans-contre-dax\/#primaryimage\"},\"image\":{\"@id\":\"https:\/\/sport-index.fr\/blog\/a-la-une\/pro-d2-la-victoire-decisive-de-fabien-fortassin-et-valence-romans-contre-dax\/#primaryimage\"},\"thumbnailUrl\":\"https:\/\/sport-index.fr\/blog\/wp-content\/uploads\/2025\/02\/sdxl-2b6a42370477776339461cb1dc0a0248.png\",\"datePublished\":\"2026-09-02T07:53:39+00:00\",\"description\":\"Fabien Fortassin, manager de Valence Romans, revient sur la victoire 23-17 \u00e0 Dax (Pro D2, 19e journ\u00e9e) et l'essai d\u00e9cisif de Matteo Rodor.\",\"inLanguage\":\"fr-FR\",\"potentialAction\":[{\"@type\":\"ReadAction\",\"target\":[\"https:\/\/sport-index.fr\/blog\/a-la-une\/pro-d2-la-victoire-decisive-de-fabien-fortassin-et-valence-romans-contre-dax\/\"]}]},{\"@type\":\"ImageObject\",\"inLanguage\":\"fr-FR\",\"@id\":\"https:\/\/sport-index.fr\/blog\/a-la-une\/pro-d2-la-victoire-decisive-de-fabien-fortassin-et-valence-romans-contre-dax\/#primaryimage\",\"url\":\"https:\/\/sport-index.fr\/blog\/wp-content\/uploads\/2025\/02\/sdxl-2b6a42370477776339461cb1dc0a0248.png\",\"contentUrl\":\"https:\/\/sport-index.fr\/blog\/wp-content\/uploads\/2025\/02\/sdxl-2b6a42370477776339461cb1dc0a0248.png\",\"width\":1536,\"height\":640},{\"@type\":\"WebSite\",\"@id\":\"https:\/\/sport-index.fr\/blog\/#website\",\"url\":\"https:\/\/sport-index.fr\/blog\/\",\"name\":\"sport-index.fr\",\"description\":\"Le score de l\u2019analyse sportive.\",\"publisher\":{\"@id\":\"https:\/\/sport-index.fr\/blog\/#organization\"},\"alternateName\":\"Le score de l\u2019analyse sportive.\",\"potentialAction\":[{\"@type\":\"SearchAction\",\"target\":{\"@type\":\"EntryPoint\",\"urlTemplate\":\"https:\/\/sport-index.fr\/blog\/?s={search_term_string}\"},\"query-input\":{\"@type\":\"PropertyValueSpecification\",\"valueRequired\":true,\"valueName\":\"search_term_string\"}}],\"inLanguage\":\"fr-FR\"},{\"@type\":\"Organization\",\"@id\":\"https:\/\/sport-index.fr\/blog\/#organization\",\"name\":\"Foretsensations.fr\",\"url\":\"https:\/\/sport-index.fr\/blog\/\",\"logo\":{\"@type\":\"ImageObject\",\"inLanguage\":\"fr-FR\",\"@id\":\"https:\/\/sport-index.fr\/blog\/#\/schema\/logo\/image\/\",\"url\":\"https:\/\/sport-index.fr\/blog\/wp-content\/uploads\/2026\/07\/logo-auto.png\",\"contentUrl\":\"https:\/\/sport-index.fr\/blog\/wp-content\/uploads\/2026\/07\/logo-auto.png\",\"width\":1024,\"height\":1024,\"caption\":\"Foretsensations.fr\"},\"image\":{\"@id\":\"https:\/\/sport-index.fr\/blog\/#\/schema\/logo\/image\/\"}},{\"@type\":\"Person\",\"@id\":\"https:\/\/sport-index.fr\/blog\/#\/schema\/person\/3c864cdc320801e3db34b663e7e3f816\",\"name\":\"Axel Lauzier\",\"image\":{\"@type\":\"ImageObject\",\"inLanguage\":\"fr-FR\",\"@id\":\"https:\/\/sport-index.fr\/blog\/#\/schema\/person\/image\/\",\"url\":\"https:\/\/sport-index.fr\/blog\/wp-content\/uploads\/2026\/06\/persona_axel-l-96x96.jpg\",\"contentUrl\":\"https:\/\/sport-index.fr\/blog\/wp-content\/uploads\/2026\/06\/persona_axel-l-96x96.jpg\",\"caption\":\"Axel Lauzier\"},\"description\":\"Le sport rythme mon quotidien depuis l'enfance, et j'en ai fait mon m\u00e9tier d'analyste r\u00e9dactionnel il y a une dizaine d'ann\u00e9es. Je couvre principalement le football, son actualit\u00e9, ses transferts et l'analyse tactique des grandes affiches, mais aussi les disciplines plus confidentielles que j'aime remettre en lumi\u00e8re. Une partie de mon travail porte sur les pronostics et la lecture statistique d'un match : forme des \u00e9quipes, historique des confrontations, compositions, sans jamais vendre de fausse certitude. Je rappelle syst\u00e9matiquement que parier comporte un risque et doit rester un loisir ma\u00eetris\u00e9. Avant de signer une analyse, je v\u00e9rifie mes chiffres, je recoupe les compositions probables et je distingue toujours la donn\u00e9e brute de l'intuition. Mon objectif : offrir une lecture honn\u00eate et argument\u00e9e, pas un ticket gagnant garanti.\",\"sameAs\":[\"https:\/\/axellauzier.fr\/\"],\"url\":\"https:\/\/sport-index.fr\/blog\/auteur\/noname\/\"}]}<\/script>\n<!-- \/ Yoast SEO Premium plugin. -->","yoast_head_json":{"title":"Pro D2 : la victoire d\u00e9cisive de Fabien Fortassin et Valence Romans contre Dax","description":"Fabien Fortassin, manager de Valence Romans, revient sur la victoire 23-17 \u00e0 Dax (Pro D2, 19e journ\u00e9e) et l'essai d\u00e9cisif de Matteo Rodor.","robots":{"index":"index","follow":"follow","max-snippet":"max-snippet:-1","max-image-preview":"max-image-preview:large","max-video-preview":"max-video-preview:-1"},"canonical":"https:\/\/sport-index.fr\/blog\/a-la-une\/pro-d2-la-victoire-decisive-de-fabien-fortassin-et-valence-romans-contre-dax\/","og_locale":"fr_FR","og_type":"article","og_title":"Pro D2 : la victoire d\u00e9cisive de Fabien Fortassin et Valence Romans contre Dax","og_description":"Fabien Fortassin, manager de Valence Romans, revient sur la victoire 23-17 \u00e0 Dax (Pro D2, 19e journ\u00e9e) et l'essai d\u00e9cisif de Matteo Rodor.","og_url":"https:\/\/sport-index.fr\/blog\/a-la-une\/pro-d2-la-victoire-decisive-de-fabien-fortassin-et-valence-romans-contre-dax\/","og_site_name":"sport-index","author":"Axel Lauzier","twitter_card":"summary_large_image","schema":{"@context":"https:\/\/schema.org","@graph":[{"@type":"NewsArticle","@id":"https:\/\/sport-index.fr\/blog\/a-la-une\/pro-d2-la-victoire-decisive-de-fabien-fortassin-et-valence-romans-contre-dax\/#article","isPartOf":{"@id":"https:\/\/sport-index.fr\/blog\/a-la-une\/pro-d2-la-victoire-decisive-de-fabien-fortassin-et-valence-romans-contre-dax\/"},"author":{"name":"Axel Lauzier","@id":"https:\/\/sport-index.fr\/blog\/#\/schema\/person\/3c864cdc320801e3db34b663e7e3f816"},"headline":"Pro D2 : la victoire d\u00e9cisive de Fabien Fortassin et Valence Romans contre Dax","datePublished":"2026-09-02T07:53:39+00:00","mainEntityOfPage":{"@id":"https:\/\/sport-index.fr\/blog\/a-la-une\/pro-d2-la-victoire-decisive-de-fabien-fortassin-et-valence-romans-contre-dax\/"},"wordCount":665,"commentCount":24,"publisher":{"@id":"https:\/\/sport-index.fr\/blog\/#organization"},"image":{"@id":"https:\/\/sport-index.fr\/blog\/a-la-une\/pro-d2-la-victoire-decisive-de-fabien-fortassin-et-valence-romans-contre-dax\/#primaryimage"},"thumbnailUrl":"https:\/\/sport-index.fr\/blog\/wp-content\/uploads\/2025\/02\/sdxl-2b6a42370477776339461cb1dc0a0248.png","articleSection":["\u00c0 la une"],"inLanguage":"fr-FR","potentialAction":[{"@type":"CommentAction","name":"Comment","target":["https:\/\/sport-index.fr\/blog\/a-la-une\/pro-d2-la-victoire-decisive-de-fabien-fortassin-et-valence-romans-contre-dax\/#respond"]}]},{"@type":"WebPage","@id":"https:\/\/sport-index.fr\/blog\/a-la-une\/pro-d2-la-victoire-decisive-de-fabien-fortassin-et-valence-romans-contre-dax\/","url":"https:\/\/sport-index.fr\/blog\/a-la-une\/pro-d2-la-victoire-decisive-de-fabien-fortassin-et-valence-romans-contre-dax\/","name":"Pro D2 : la victoire d\u00e9cisive de Fabien Fortassin et Valence Romans contre Dax","isPartOf":{"@id":"https:\/\/sport-index.fr\/blog\/#website"},"primaryImageOfPage":{"@id":"https:\/\/sport-index.fr\/blog\/a-la-une\/pro-d2-la-victoire-decisive-de-fabien-fortassin-et-valence-romans-contre-dax\/#primaryimage"},"image":{"@id":"https:\/\/sport-index.fr\/blog\/a-la-une\/pro-d2-la-victoire-decisive-de-fabien-fortassin-et-valence-romans-contre-dax\/#primaryimage"},"thumbnailUrl":"https:\/\/sport-index.fr\/blog\/wp-content\/uploads\/2025\/02\/sdxl-2b6a42370477776339461cb1dc0a0248.png","datePublished":"2026-09-02T07:53:39+00:00","description":"Fabien Fortassin, manager de Valence Romans, revient sur la victoire 23-17 \u00e0 Dax (Pro D2, 19e journ\u00e9e) et l'essai d\u00e9cisif de Matteo Rodor.","inLanguage":"fr-FR","potentialAction":[{"@type":"ReadAction","target":["https:\/\/sport-index.fr\/blog\/a-la-une\/pro-d2-la-victoire-decisive-de-fabien-fortassin-et-valence-romans-contre-dax\/"]}]},{"@type":"ImageObject","inLanguage":"fr-FR","@id":"https:\/\/sport-index.fr\/blog\/a-la-une\/pro-d2-la-victoire-decisive-de-fabien-fortassin-et-valence-romans-contre-dax\/#primaryimage","url":"https:\/\/sport-index.fr\/blog\/wp-content\/uploads\/2025\/02\/sdxl-2b6a42370477776339461cb1dc0a0248.png","contentUrl":"https:\/\/sport-index.fr\/blog\/wp-content\/uploads\/2025\/02\/sdxl-2b6a42370477776339461cb1dc0a0248.png","width":1536,"height":640},{"@type":"WebSite","@id":"https:\/\/sport-index.fr\/blog\/#website","url":"https:\/\/sport-index.fr\/blog\/","name":"sport-index.fr","description":"Le score de l\u2019analyse sportive.","publisher":{"@id":"https:\/\/sport-index.fr\/blog\/#organization"},"alternateName":"Le score de l\u2019analyse sportive.","potentialAction":[{"@type":"SearchAction","target":{"@type":"EntryPoint","urlTemplate":"https:\/\/sport-index.fr\/blog\/?s={search_term_string}"},"query-input":{"@type":"PropertyValueSpecification","valueRequired":true,"valueName":"search_term_string"}}],"inLanguage":"fr-FR"},{"@type":"Organization","@id":"https:\/\/sport-index.fr\/blog\/#organization","name":"Foretsensations.fr","url":"https:\/\/sport-index.fr\/blog\/","logo":{"@type":"ImageObject","inLanguage":"fr-FR","@id":"https:\/\/sport-index.fr\/blog\/#\/schema\/logo\/image\/","url":"https:\/\/sport-index.fr\/blog\/wp-content\/uploads\/2026\/07\/logo-auto.png","contentUrl":"https:\/\/sport-index.fr\/blog\/wp-content\/uploads\/2026\/07\/logo-auto.png","width":1024,"height":1024,"caption":"Foretsensations.fr"},"image":{"@id":"https:\/\/sport-index.fr\/blog\/#\/schema\/logo\/image\/"}},{"@type":"Person","@id":"https:\/\/sport-index.fr\/blog\/#\/schema\/person\/3c864cdc320801e3db34b663e7e3f816","name":"Axel Lauzier","image":{"@type":"ImageObject","inLanguage":"fr-FR","@id":"https:\/\/sport-index.fr\/blog\/#\/schema\/person\/image\/","url":"https:\/\/sport-index.fr\/blog\/wp-content\/uploads\/2026\/06\/persona_axel-l-96x96.jpg","contentUrl":"https:\/\/sport-index.fr\/blog\/wp-content\/uploads\/2026\/06\/persona_axel-l-96x96.jpg","caption":"Axel Lauzier"},"description":"Le sport rythme mon quotidien depuis l'enfance, et j'en ai fait mon m\u00e9tier d'analyste r\u00e9dactionnel il y a une dizaine d'ann\u00e9es. Je couvre principalement le football, son actualit\u00e9, ses transferts et l'analyse tactique des grandes affiches, mais aussi les disciplines plus confidentielles que j'aime remettre en lumi\u00e8re. Une partie de mon travail porte sur les pronostics et la lecture statistique d'un match : forme des \u00e9quipes, historique des confrontations, compositions, sans jamais vendre de fausse certitude. Je rappelle syst\u00e9matiquement que parier comporte un risque et doit rester un loisir ma\u00eetris\u00e9. Avant de signer une analyse, je v\u00e9rifie mes chiffres, je recoupe les compositions probables et je distingue toujours la donn\u00e9e brute de l'intuition. Mon objectif : offrir une lecture honn\u00eate et argument\u00e9e, pas un ticket gagnant garanti.","sameAs":["https:\/\/axellauzier.fr\/"],"url":"https:\/\/sport-index.fr\/blog\/auteur\/noname\/"}]}},"_links":{"self":[{"href":"https:\/\/sport-index.fr\/blog\/wp-json\/wp\/v2\/posts\/8031","targetHints":{"allow":["GET"]}}],"collection":[{"href":"https:\/\/sport-index.fr\/blog\/wp-json\/wp\/v2\/posts"}],"about":[{"href":"https:\/\/sport-index.fr\/blog\/wp-json\/wp\/v2\/types\/post"}],"author":[{"embeddable":true,"href":"https:\/\/sport-index.fr\/blog\/wp-json\/wp\/v2\/users\/34"}],"replies":[{"embeddable":true,"href":"https:\/\/sport-index.fr\/blog\/wp-json\/wp\/v2\/comments?post=8031"}],"version-history":[{"count":2,"href":"https:\/\/sport-index.fr\/blog\/wp-json\/wp\/v2\/posts\/8031\/revisions"}],"predecessor-version":[{"id":18493,"href":"https:\/\/sport-index.fr\/blog\/wp-json\/wp\/v2\/posts\/8031\/revisions\/18493"}],"wp:featuredmedia":[{"embeddable":true,"href":"https:\/\/sport-index.fr\/blog\/wp-json\/wp\/v2\/media\/10394"}],"wp:attachment":[{"href":"https:\/\/sport-index.fr\/blog\/wp-json\/wp\/v2\/media?parent=8031"}],"wp:term":[{"taxonomy":"category","embeddable":true,"href":"https:\/\/sport-index.fr\/blog\/wp-json\/wp\/v2\/categories?post=8031"},{"taxonomy":"post_tag","embeddable":true,"href":"https:\/\/sport-index.fr\/blog\/wp-json\/wp\/v2\/tags?post=8031"}],"curies":[{"name":"wp","href":"https:\/\/api.w.org\/{rel}","templated":true}]}}