{"id":8045,"date":"2025-02-15T15:31:38","date_gmt":"2025-02-15T14:31:38","guid":{"rendered":"https:\/\/sport-index.fr\/blog\/?p=8045"},"modified":"2025-02-11T08:08:15","modified_gmt":"2025-02-11T07:08:15","slug":"pro-d2-beziers-en-danger-yvan-reilhac-en-vedette-lors-de-la-19e-journee","status":"publish","type":"post","link":"https:\/\/sport-index.fr\/blog\/a-la-une\/pro-d2-beziers-en-danger-yvan-reilhac-en-vedette-lors-de-la-19e-journee\/","title":{"rendered":"Pro D2 : B\u00e9ziers en danger, Yvan Reilhac en vedette lors de la 19e journ\u00e9e"},"content":{"rendered":"<p>Alors que B\u00e9ziers a r\u00e9ussi \u00e0 s&rsquo;imposer contre Oyonnax, cette victoire cache une r\u00e9alit\u00e9 bien plus inqui\u00e9tante pour le club h\u00e9raultais. De son c\u00f4t\u00e9, Montauban a vu l&rsquo;ailier Yvan Reilhac briller avec un tripl\u00e9 m\u00e9morable, confirmant la mont\u00e9e en puissance de l&rsquo;\u00e9quipe.<\/p>\n<h2>La performance impressionnante du FCG<\/h2>\n<p>Le FC Grenoble a montr\u00e9 une ma\u00eetrise impressionnante lors de son d\u00e9placement \u00e0 Colomiers. Malgr\u00e9 une \u00e9quipe l\u00e9g\u00e8rement remani\u00e9e, les Is\u00e9rois ont su faire face \u00e0 la pression et s&rsquo;imposer avec un score de 36 \u00e0 24. La d\u00e9termination des Grenoblois a \u00e9t\u00e9 illustr\u00e9e par un excellent jeu au pied de Sam Davies, qui a su punir les erreurs adverses.<\/p>\n<p>Caleb Timu a \u00e9galement \u00e9t\u00e9 un pilier de cette victoire, prenant le meilleur d\u00e9part et offrant \u00e0 son \u00e9quipe une solide avance. Les Colum\u00e9rins, malgr\u00e9 leur belle s\u00e9rie de victoires, n&rsquo;ont pas pu r\u00e9sister \u00e0 la force collective et \u00e0 l&rsquo;exp\u00e9rience du FCG, qui reste solidement en t\u00eate du classement.<\/p>\n<h2>Le Stade Ni\u00e7ois en grande difficult\u00e9<\/h2>\n<p>Le Stade Ni\u00e7ois semble en proie \u00e0 des difficult\u00e9s croissantes, affichant un niveau de jeu en baisse. Apr\u00e8s un bon d\u00e9but de saison, les Azur\u00e9ens ont subi une d\u00e9faite cinglante contre Aurillac, laissant entrevoir des signes alarmants pour la suite du championnat. Leur incapacit\u00e9 \u00e0 transformer les occasions en points a \u00e9t\u00e9 d\u00e9terminante dans cette rencontre.<\/p>\n<p>Les Ni\u00e7ois, qui avaient r\u00e9alis\u00e9 un coup lors de la phase aller, se sont montr\u00e9s incapables de r\u00e9it\u00e9rer cet exploit. La d\u00e9faite de 29 \u00e0 18 face \u00e0 Aurillac souligne la n\u00e9cessit\u00e9 d&rsquo;un renouveau pour \u00e9viter une descente vers la Nationale. Les hommes d&rsquo;Alexandre Compan devront redoubler d&rsquo;efforts pour retrouver leur niveau et se sauver de la rel\u00e9gation.<\/p>\n<h2>B\u00e9ziers encaisse des pertes pr\u00e9occupantes<\/h2>\n<p>La victoire de B\u00e9ziers contre Oyonnax cache une r\u00e9alit\u00e9 inqui\u00e9tante : des blessures significatives dans l&rsquo;effectif. Apr\u00e8s un match remport\u00e9 26 \u00e0 15, les Biterrois ont perdu deux joueurs cl\u00e9s, Charly Mali\u00e9 et Romain Uruty, sur des blessures au genou. Ces incidents pourraient avoir des r\u00e9percussions lourdes pour l&rsquo;\u00e9quipe dans les semaines \u00e0 venir.<\/p>\n<p>Les supporters biterrois, bien que ravis de la victoire, ont de quoi s&rsquo;inqui\u00e9ter pour la suite du championnat. La profondeur de l&rsquo;effectif sera mise \u00e0 l&rsquo;\u00e9preuve alors que l&rsquo;\u00e9quipe cherche \u00e0 maintenir sa position dans le haut du tableau. Le coach Pierre Caillet devra trouver des solutions pour pallier ces absences et \u00e9viter une chute dramatique au classement.<\/p>\n<h2>Le coup d\u2019\u00e9clat du VRDR \u00e0 Dax<\/h2>\n<p>Le VRDR a cr\u00e9\u00e9 l\u2019exploit en s\u2019imposant \u00e0 Dax lors de cette 19e journ\u00e9e, distan\u00e7ant ainsi la zone de rel\u00e9gation. Apr\u00e8s un d\u00e9but de match difficile, les Dr\u00f4mois ont su faire preuve de caract\u00e8re pour renverser la tendance et s&rsquo;imposer 23 \u00e0 17. Une victoire qui les rapproche du maintien et fait du bien au moral de l\u2019\u00e9quipe.<\/p>\n<p>Lucas M\u00e9ret et ses co\u00e9quipiers, bien que sous pression, ont su se battre jusqu\u2019au bout. L&rsquo;issue de cette rencontre montre que le VRDR n\u2019a pas dit son dernier mot et qu\u2019il est d\u00e9termin\u00e9 \u00e0 se battre pour sa place en Pro D2.<\/p>\n<ul>\n<li>FC Grenoble confirme sa position de leader avec une victoire solide.<\/li>\n<li>Le Stade Ni\u00e7ois continue de d\u00e9cevoir et semble en danger de rel\u00e9gation.<\/li>\n<li>B\u00e9ziers doit faire face \u00e0 de lourdes blessures au sein de son effectif.<\/li>\n<li>Le VRDR s\u2019\u00e9loigne de la zone rouge gr\u00e2ce \u00e0 une victoire d\u00e9cisive.<\/li>\n<li>Yvan Reilhac brille avec un tripl\u00e9 qui confirme son talent.<\/li>\n<\/ul>\n<blockquote>\n<p>\u00ab La 19e journ\u00e9e de Pro D2 a r\u00e9v\u00e9l\u00e9 des forces et des faiblesses parmi les \u00e9quipes, mettant en lumi\u00e8re les enjeux cruciaux pour la suite du championnat. \u00bb<\/p>\n<\/blockquote>\n<h2>Yvan Reilhac, l\u2019homme de la soir\u00e9e<\/h2>\n<p>Yvan Reilhac a su s\u2019imposer comme le joueur phare de la soir\u00e9e avec un tripl\u00e9 impressionnant lors de la rencontre contre Agen. Ce match, remport\u00e9 36 \u00e0 14 par Montauban, a permis \u00e0 Reilhac de montrer l\u2019\u00e9tendue de son talent et son sens du placement. Ses performances offensives ont \u00e9t\u00e9 cruciales pour maintenir l\u2019\u00e9quipe en course pour le top 6.<\/p>\n<p>Les Agenais, domin\u00e9s tout au long du match, n\u2019ont jamais trouv\u00e9 la solution face \u00e0 la d\u00e9fense bien organis\u00e9e de Montauban. Avec cette victoire, l&rsquo;USM continue sa route vers les phases finales, et Reilhac, avec ses exploits, devient un atout pr\u00e9cieux pour l\u2019\u00e9quipe.<\/p>\n","protected":false},"excerpt":{"rendered":"","protected":false},"author":34,"featured_media":10398,"comment_status":"open","ping_status":"open","sticky":false,"template":"","format":"standard","meta":{"_acf_changed":false,"manual_indexmenow":false,"indexmenow_id_project":0,"footnotes":""},"categories":[1],"tags":[4615,4526,4529,4378,4408],"class_list":["post-8045","post","type-post","status-publish","format-standard","has-post-thumbnail","hentry","category-a-la-une","tag-communaute-engagee","tag-cyclisme-feminin","tag-egalite-des-chances","tag-performance-durable","tag-resilience","generate-columns","tablet-grid-50","mobile-grid-100","grid-parent","grid-25"],"acf":[],"yoast_head":"<!-- This site is optimized with the Yoast SEO Premium plugin v21.3 (Yoast SEO v26.5) - https:\/\/yoast.com\/wordpress\/plugins\/seo\/ -->\n<title>Pro D2 : B\u00e9ziers en danger, Yvan Reilhac en vedette lors<\/title>\n<meta name=\"description\" content=\"Alors que B\u00e9ziers a r\u00e9ussi \u00e0 s&#039;imposer contre Oyonnax, cette victoire cache une r\u00e9alit\u00e9 bien plus inqui\u00e9tante pour le club h\u00e9raultais. De son c\u00f4t\u00e9\u2026\" \/>\n<meta name=\"robots\" content=\"index, follow, max-snippet:-1, max-image-preview:large, max-video-preview:-1\" \/>\n<link rel=\"canonical\" href=\"https:\/\/sport-index.fr\/blog\/a-la-une\/pro-d2-beziers-en-danger-yvan-reilhac-en-vedette-lors-de-la-19e-journee\/\" \/>\n<meta property=\"og:locale\" content=\"fr_FR\" \/>\n<meta property=\"og:type\" content=\"article\" \/>\n<meta property=\"og:title\" content=\"Pro D2 : B\u00e9ziers en danger, Yvan Reilhac en vedette lors\" \/>\n<meta property=\"og:description\" content=\"Alors que B\u00e9ziers a r\u00e9ussi \u00e0 s&#039;imposer contre Oyonnax, cette victoire cache une r\u00e9alit\u00e9 bien plus inqui\u00e9tante pour le club h\u00e9raultais. De son c\u00f4t\u00e9\u2026\" \/>\n<meta property=\"og:url\" content=\"https:\/\/sport-index.fr\/blog\/a-la-une\/pro-d2-beziers-en-danger-yvan-reilhac-en-vedette-lors-de-la-19e-journee\/\" \/>\n<meta property=\"og:site_name\" content=\"sport-index\" \/>\n<meta name=\"author\" content=\"Axel Lauzier\" \/>\n<meta name=\"twitter:card\" content=\"summary_large_image\" \/>\n<script type=\"application\/ld+json\" class=\"yoast-schema-graph\">{\"@context\":\"https:\/\/schema.org\",\"@graph\":[{\"@type\":\"NewsArticle\",\"@id\":\"https:\/\/sport-index.fr\/blog\/a-la-une\/pro-d2-beziers-en-danger-yvan-reilhac-en-vedette-lors-de-la-19e-journee\/#article\",\"isPartOf\":{\"@id\":\"https:\/\/sport-index.fr\/blog\/a-la-une\/pro-d2-beziers-en-danger-yvan-reilhac-en-vedette-lors-de-la-19e-journee\/\"},\"author\":{\"name\":\"Axel Lauzier\",\"@id\":\"https:\/\/sport-index.fr\/blog\/#\/schema\/person\/3c864cdc320801e3db34b663e7e3f816\"},\"headline\":\"Pro D2 : B\u00e9ziers en danger, Yvan Reilhac en vedette lors de la 19e journ\u00e9e\",\"datePublished\":\"2025-02-15T14:31:38+00:00\",\"mainEntityOfPage\":{\"@id\":\"https:\/\/sport-index.fr\/blog\/a-la-une\/pro-d2-beziers-en-danger-yvan-reilhac-en-vedette-lors-de-la-19e-journee\/\"},\"wordCount\":780,\"commentCount\":25,\"publisher\":{\"@id\":\"https:\/\/sport-index.fr\/blog\/#organization\"},\"image\":{\"@id\":\"https:\/\/sport-index.fr\/blog\/a-la-une\/pro-d2-beziers-en-danger-yvan-reilhac-en-vedette-lors-de-la-19e-journee\/#primaryimage\"},\"thumbnailUrl\":\"https:\/\/sport-index.fr\/blog\/wp-content\/uploads\/2025\/02\/sdxl-d1ee3283dbc665fa34bba6d695d5b081.png\",\"keywords\":[\"Communaut\u00e9 engag\u00e9e\",\"Cyclisme F\u00e9minin\",\"\u00c9galit\u00e9 des Chances\",\"Performance Durable\",\"R\u00e9silience\"],\"articleSection\":[\"\u00c0 la une\"],\"inLanguage\":\"fr-FR\",\"potentialAction\":[{\"@type\":\"CommentAction\",\"name\":\"Comment\",\"target\":[\"https:\/\/sport-index.fr\/blog\/a-la-une\/pro-d2-beziers-en-danger-yvan-reilhac-en-vedette-lors-de-la-19e-journee\/#respond\"]}]},{\"@type\":\"WebPage\",\"@id\":\"https:\/\/sport-index.fr\/blog\/a-la-une\/pro-d2-beziers-en-danger-yvan-reilhac-en-vedette-lors-de-la-19e-journee\/\",\"url\":\"https:\/\/sport-index.fr\/blog\/a-la-une\/pro-d2-beziers-en-danger-yvan-reilhac-en-vedette-lors-de-la-19e-journee\/\",\"name\":\"Pro D2 : B\u00e9ziers en danger, Yvan Reilhac en vedette lors\",\"isPartOf\":{\"@id\":\"https:\/\/sport-index.fr\/blog\/#website\"},\"primaryImageOfPage\":{\"@id\":\"https:\/\/sport-index.fr\/blog\/a-la-une\/pro-d2-beziers-en-danger-yvan-reilhac-en-vedette-lors-de-la-19e-journee\/#primaryimage\"},\"image\":{\"@id\":\"https:\/\/sport-index.fr\/blog\/a-la-une\/pro-d2-beziers-en-danger-yvan-reilhac-en-vedette-lors-de-la-19e-journee\/#primaryimage\"},\"thumbnailUrl\":\"https:\/\/sport-index.fr\/blog\/wp-content\/uploads\/2025\/02\/sdxl-d1ee3283dbc665fa34bba6d695d5b081.png\",\"datePublished\":\"2025-02-15T14:31:38+00:00\",\"description\":\"Alors que B\u00e9ziers a r\u00e9ussi \u00e0 s'imposer contre Oyonnax, cette victoire cache une r\u00e9alit\u00e9 bien plus inqui\u00e9tante pour le club h\u00e9raultais. De son c\u00f4t\u00e9\u2026\",\"inLanguage\":\"fr-FR\",\"potentialAction\":[{\"@type\":\"ReadAction\",\"target\":[\"https:\/\/sport-index.fr\/blog\/a-la-une\/pro-d2-beziers-en-danger-yvan-reilhac-en-vedette-lors-de-la-19e-journee\/\"]}]},{\"@type\":\"ImageObject\",\"inLanguage\":\"fr-FR\",\"@id\":\"https:\/\/sport-index.fr\/blog\/a-la-une\/pro-d2-beziers-en-danger-yvan-reilhac-en-vedette-lors-de-la-19e-journee\/#primaryimage\",\"url\":\"https:\/\/sport-index.fr\/blog\/wp-content\/uploads\/2025\/02\/sdxl-d1ee3283dbc665fa34bba6d695d5b081.png\",\"contentUrl\":\"https:\/\/sport-index.fr\/blog\/wp-content\/uploads\/2025\/02\/sdxl-d1ee3283dbc665fa34bba6d695d5b081.png\",\"width\":1536,\"height\":640},{\"@type\":\"WebSite\",\"@id\":\"https:\/\/sport-index.fr\/blog\/#website\",\"url\":\"https:\/\/sport-index.fr\/blog\/\",\"name\":\"sport-index.fr\",\"description\":\"Le score de l\u2019analyse sportive.\",\"publisher\":{\"@id\":\"https:\/\/sport-index.fr\/blog\/#organization\"},\"alternateName\":\"Le score de l\u2019analyse sportive.\",\"potentialAction\":[{\"@type\":\"SearchAction\",\"target\":{\"@type\":\"EntryPoint\",\"urlTemplate\":\"https:\/\/sport-index.fr\/blog\/?s={search_term_string}\"},\"query-input\":{\"@type\":\"PropertyValueSpecification\",\"valueRequired\":true,\"valueName\":\"search_term_string\"}}],\"inLanguage\":\"fr-FR\"},{\"@type\":\"Organization\",\"@id\":\"https:\/\/sport-index.fr\/blog\/#organization\",\"name\":\"Foretsensations.fr\",\"url\":\"https:\/\/sport-index.fr\/blog\/\",\"logo\":{\"@type\":\"ImageObject\",\"inLanguage\":\"fr-FR\",\"@id\":\"https:\/\/sport-index.fr\/blog\/#\/schema\/logo\/image\/\",\"url\":\"https:\/\/sport-index.fr\/blog\/wp-content\/uploads\/2026\/07\/logo-auto.png\",\"contentUrl\":\"https:\/\/sport-index.fr\/blog\/wp-content\/uploads\/2026\/07\/logo-auto.png\",\"width\":1024,\"height\":1024,\"caption\":\"Foretsensations.fr\"},\"image\":{\"@id\":\"https:\/\/sport-index.fr\/blog\/#\/schema\/logo\/image\/\"}},{\"@type\":\"Person\",\"@id\":\"https:\/\/sport-index.fr\/blog\/#\/schema\/person\/3c864cdc320801e3db34b663e7e3f816\",\"name\":\"Axel Lauzier\",\"image\":{\"@type\":\"ImageObject\",\"inLanguage\":\"fr-FR\",\"@id\":\"https:\/\/sport-index.fr\/blog\/#\/schema\/person\/image\/\",\"url\":\"https:\/\/sport-index.fr\/blog\/wp-content\/uploads\/2026\/06\/persona_axel-l-96x96.jpg\",\"contentUrl\":\"https:\/\/sport-index.fr\/blog\/wp-content\/uploads\/2026\/06\/persona_axel-l-96x96.jpg\",\"caption\":\"Axel Lauzier\"},\"description\":\"Le sport rythme mon quotidien depuis l'enfance, et j'en ai fait mon m\u00e9tier d'analyste r\u00e9dactionnel il y a une dizaine d'ann\u00e9es. Je couvre principalement le football, son actualit\u00e9, ses transferts et l'analyse tactique des grandes affiches, mais aussi les disciplines plus confidentielles que j'aime remettre en lumi\u00e8re. Une partie de mon travail porte sur les pronostics et la lecture statistique d'un match : forme des \u00e9quipes, historique des confrontations, compositions, sans jamais vendre de fausse certitude. Je rappelle syst\u00e9matiquement que parier comporte un risque et doit rester un loisir ma\u00eetris\u00e9. Avant de signer une analyse, je v\u00e9rifie mes chiffres, je recoupe les compositions probables et je distingue toujours la donn\u00e9e brute de l'intuition. Mon objectif : offrir une lecture honn\u00eate et argument\u00e9e, pas un ticket gagnant garanti.\",\"sameAs\":[\"https:\/\/axellauzier.fr\/\"],\"url\":\"https:\/\/sport-index.fr\/blog\/auteur\/noname\/\"}]}<\/script>\n<!-- \/ Yoast SEO Premium plugin. -->","yoast_head_json":{"title":"Pro D2 : B\u00e9ziers en danger, Yvan Reilhac en vedette lors","description":"Alors que B\u00e9ziers a r\u00e9ussi \u00e0 s'imposer contre Oyonnax, cette victoire cache une r\u00e9alit\u00e9 bien plus inqui\u00e9tante pour le club h\u00e9raultais. De son c\u00f4t\u00e9\u2026","robots":{"index":"index","follow":"follow","max-snippet":"max-snippet:-1","max-image-preview":"max-image-preview:large","max-video-preview":"max-video-preview:-1"},"canonical":"https:\/\/sport-index.fr\/blog\/a-la-une\/pro-d2-beziers-en-danger-yvan-reilhac-en-vedette-lors-de-la-19e-journee\/","og_locale":"fr_FR","og_type":"article","og_title":"Pro D2 : B\u00e9ziers en danger, Yvan Reilhac en vedette lors","og_description":"Alors que B\u00e9ziers a r\u00e9ussi \u00e0 s'imposer contre Oyonnax, cette victoire cache une r\u00e9alit\u00e9 bien plus inqui\u00e9tante pour le club h\u00e9raultais. De son c\u00f4t\u00e9\u2026","og_url":"https:\/\/sport-index.fr\/blog\/a-la-une\/pro-d2-beziers-en-danger-yvan-reilhac-en-vedette-lors-de-la-19e-journee\/","og_site_name":"sport-index","author":"Axel Lauzier","twitter_card":"summary_large_image","schema":{"@context":"https:\/\/schema.org","@graph":[{"@type":"NewsArticle","@id":"https:\/\/sport-index.fr\/blog\/a-la-une\/pro-d2-beziers-en-danger-yvan-reilhac-en-vedette-lors-de-la-19e-journee\/#article","isPartOf":{"@id":"https:\/\/sport-index.fr\/blog\/a-la-une\/pro-d2-beziers-en-danger-yvan-reilhac-en-vedette-lors-de-la-19e-journee\/"},"author":{"name":"Axel Lauzier","@id":"https:\/\/sport-index.fr\/blog\/#\/schema\/person\/3c864cdc320801e3db34b663e7e3f816"},"headline":"Pro D2 : B\u00e9ziers en danger, Yvan Reilhac en vedette lors de la 19e journ\u00e9e","datePublished":"2025-02-15T14:31:38+00:00","mainEntityOfPage":{"@id":"https:\/\/sport-index.fr\/blog\/a-la-une\/pro-d2-beziers-en-danger-yvan-reilhac-en-vedette-lors-de-la-19e-journee\/"},"wordCount":780,"commentCount":25,"publisher":{"@id":"https:\/\/sport-index.fr\/blog\/#organization"},"image":{"@id":"https:\/\/sport-index.fr\/blog\/a-la-une\/pro-d2-beziers-en-danger-yvan-reilhac-en-vedette-lors-de-la-19e-journee\/#primaryimage"},"thumbnailUrl":"https:\/\/sport-index.fr\/blog\/wp-content\/uploads\/2025\/02\/sdxl-d1ee3283dbc665fa34bba6d695d5b081.png","keywords":["Communaut\u00e9 engag\u00e9e","Cyclisme F\u00e9minin","\u00c9galit\u00e9 des Chances","Performance Durable","R\u00e9silience"],"articleSection":["\u00c0 la une"],"inLanguage":"fr-FR","potentialAction":[{"@type":"CommentAction","name":"Comment","target":["https:\/\/sport-index.fr\/blog\/a-la-une\/pro-d2-beziers-en-danger-yvan-reilhac-en-vedette-lors-de-la-19e-journee\/#respond"]}]},{"@type":"WebPage","@id":"https:\/\/sport-index.fr\/blog\/a-la-une\/pro-d2-beziers-en-danger-yvan-reilhac-en-vedette-lors-de-la-19e-journee\/","url":"https:\/\/sport-index.fr\/blog\/a-la-une\/pro-d2-beziers-en-danger-yvan-reilhac-en-vedette-lors-de-la-19e-journee\/","name":"Pro D2 : B\u00e9ziers en danger, Yvan Reilhac en vedette lors","isPartOf":{"@id":"https:\/\/sport-index.fr\/blog\/#website"},"primaryImageOfPage":{"@id":"https:\/\/sport-index.fr\/blog\/a-la-une\/pro-d2-beziers-en-danger-yvan-reilhac-en-vedette-lors-de-la-19e-journee\/#primaryimage"},"image":{"@id":"https:\/\/sport-index.fr\/blog\/a-la-une\/pro-d2-beziers-en-danger-yvan-reilhac-en-vedette-lors-de-la-19e-journee\/#primaryimage"},"thumbnailUrl":"https:\/\/sport-index.fr\/blog\/wp-content\/uploads\/2025\/02\/sdxl-d1ee3283dbc665fa34bba6d695d5b081.png","datePublished":"2025-02-15T14:31:38+00:00","description":"Alors que B\u00e9ziers a r\u00e9ussi \u00e0 s'imposer contre Oyonnax, cette victoire cache une r\u00e9alit\u00e9 bien plus inqui\u00e9tante pour le club h\u00e9raultais. De son c\u00f4t\u00e9\u2026","inLanguage":"fr-FR","potentialAction":[{"@type":"ReadAction","target":["https:\/\/sport-index.fr\/blog\/a-la-une\/pro-d2-beziers-en-danger-yvan-reilhac-en-vedette-lors-de-la-19e-journee\/"]}]},{"@type":"ImageObject","inLanguage":"fr-FR","@id":"https:\/\/sport-index.fr\/blog\/a-la-une\/pro-d2-beziers-en-danger-yvan-reilhac-en-vedette-lors-de-la-19e-journee\/#primaryimage","url":"https:\/\/sport-index.fr\/blog\/wp-content\/uploads\/2025\/02\/sdxl-d1ee3283dbc665fa34bba6d695d5b081.png","contentUrl":"https:\/\/sport-index.fr\/blog\/wp-content\/uploads\/2025\/02\/sdxl-d1ee3283dbc665fa34bba6d695d5b081.png","width":1536,"height":640},{"@type":"WebSite","@id":"https:\/\/sport-index.fr\/blog\/#website","url":"https:\/\/sport-index.fr\/blog\/","name":"sport-index.fr","description":"Le score de l\u2019analyse sportive.","publisher":{"@id":"https:\/\/sport-index.fr\/blog\/#organization"},"alternateName":"Le score de l\u2019analyse sportive.","potentialAction":[{"@type":"SearchAction","target":{"@type":"EntryPoint","urlTemplate":"https:\/\/sport-index.fr\/blog\/?s={search_term_string}"},"query-input":{"@type":"PropertyValueSpecification","valueRequired":true,"valueName":"search_term_string"}}],"inLanguage":"fr-FR"},{"@type":"Organization","@id":"https:\/\/sport-index.fr\/blog\/#organization","name":"Foretsensations.fr","url":"https:\/\/sport-index.fr\/blog\/","logo":{"@type":"ImageObject","inLanguage":"fr-FR","@id":"https:\/\/sport-index.fr\/blog\/#\/schema\/logo\/image\/","url":"https:\/\/sport-index.fr\/blog\/wp-content\/uploads\/2026\/07\/logo-auto.png","contentUrl":"https:\/\/sport-index.fr\/blog\/wp-content\/uploads\/2026\/07\/logo-auto.png","width":1024,"height":1024,"caption":"Foretsensations.fr"},"image":{"@id":"https:\/\/sport-index.fr\/blog\/#\/schema\/logo\/image\/"}},{"@type":"Person","@id":"https:\/\/sport-index.fr\/blog\/#\/schema\/person\/3c864cdc320801e3db34b663e7e3f816","name":"Axel Lauzier","image":{"@type":"ImageObject","inLanguage":"fr-FR","@id":"https:\/\/sport-index.fr\/blog\/#\/schema\/person\/image\/","url":"https:\/\/sport-index.fr\/blog\/wp-content\/uploads\/2026\/06\/persona_axel-l-96x96.jpg","contentUrl":"https:\/\/sport-index.fr\/blog\/wp-content\/uploads\/2026\/06\/persona_axel-l-96x96.jpg","caption":"Axel Lauzier"},"description":"Le sport rythme mon quotidien depuis l'enfance, et j'en ai fait mon m\u00e9tier d'analyste r\u00e9dactionnel il y a une dizaine d'ann\u00e9es. Je couvre principalement le football, son actualit\u00e9, ses transferts et l'analyse tactique des grandes affiches, mais aussi les disciplines plus confidentielles que j'aime remettre en lumi\u00e8re. Une partie de mon travail porte sur les pronostics et la lecture statistique d'un match : forme des \u00e9quipes, historique des confrontations, compositions, sans jamais vendre de fausse certitude. Je rappelle syst\u00e9matiquement que parier comporte un risque et doit rester un loisir ma\u00eetris\u00e9. Avant de signer une analyse, je v\u00e9rifie mes chiffres, je recoupe les compositions probables et je distingue toujours la donn\u00e9e brute de l'intuition. Mon objectif : offrir une lecture honn\u00eate et argument\u00e9e, pas un ticket gagnant garanti.","sameAs":["https:\/\/axellauzier.fr\/"],"url":"https:\/\/sport-index.fr\/blog\/auteur\/noname\/"}]}},"_links":{"self":[{"href":"https:\/\/sport-index.fr\/blog\/wp-json\/wp\/v2\/posts\/8045","targetHints":{"allow":["GET"]}}],"collection":[{"href":"https:\/\/sport-index.fr\/blog\/wp-json\/wp\/v2\/posts"}],"about":[{"href":"https:\/\/sport-index.fr\/blog\/wp-json\/wp\/v2\/types\/post"}],"author":[{"embeddable":true,"href":"https:\/\/sport-index.fr\/blog\/wp-json\/wp\/v2\/users\/34"}],"replies":[{"embeddable":true,"href":"https:\/\/sport-index.fr\/blog\/wp-json\/wp\/v2\/comments?post=8045"}],"version-history":[{"count":1,"href":"https:\/\/sport-index.fr\/blog\/wp-json\/wp\/v2\/posts\/8045\/revisions"}],"predecessor-version":[{"id":8841,"href":"https:\/\/sport-index.fr\/blog\/wp-json\/wp\/v2\/posts\/8045\/revisions\/8841"}],"wp:featuredmedia":[{"embeddable":true,"href":"https:\/\/sport-index.fr\/blog\/wp-json\/wp\/v2\/media\/10398"}],"wp:attachment":[{"href":"https:\/\/sport-index.fr\/blog\/wp-json\/wp\/v2\/media?parent=8045"}],"wp:term":[{"taxonomy":"category","embeddable":true,"href":"https:\/\/sport-index.fr\/blog\/wp-json\/wp\/v2\/categories?post=8045"},{"taxonomy":"post_tag","embeddable":true,"href":"https:\/\/sport-index.fr\/blog\/wp-json\/wp\/v2\/tags?post=8045"}],"curies":[{"name":"wp","href":"https:\/\/api.w.org\/{rel}","templated":true}]}}