{"id":8143,"date":"2025-02-11T15:33:15","date_gmt":"2025-02-11T14:33:15","guid":{"rendered":"https:\/\/sport-index.fr\/blog\/?p=8143"},"modified":"2025-02-11T15:33:15","modified_gmt":"2025-02-11T14:33:15","slug":"frederic-perrin-un-bilan-positif-des-mondiaux-de-saalbach-malgre-les-defis","status":"publish","type":"post","link":"https:\/\/sport-index.fr\/blog\/a-la-une\/frederic-perrin-un-bilan-positif-des-mondiaux-de-saalbach-malgre-les-defis\/","title":{"rendered":"Fr\u00e9d\u00e9ric Perrin : un bilan positif des mondiaux de Saalbach malgr\u00e9 les d\u00e9fis"},"content":{"rendered":"<h2>Les d\u00e9fis rencontr\u00e9s par l&rsquo;\u00e9quipe fran\u00e7aise<\/h2>\n<p>Fr\u00e9d\u00e9ric Perrin, le directeur de l\u2019\u00e9quipe masculine de ski alpin, a r\u00e9cemment fait le point sur les Championnats du monde qui se d\u00e9roulent \u00e0 Saalbach. Apr\u00e8s une journ\u00e9e difficile marqu\u00e9e par des performances en demi-teinte, il a soulign\u00e9 l&rsquo;importance de la r\u00e9silience et de la solidarit\u00e9 au sein de l&rsquo;\u00e9quipe. Les athl\u00e8tes ont d\u00fb faire face \u00e0 des \u00e9preuves de vitesse exigeantes, mais Perrin a relev\u00e9 une r\u00e9action positive lors de la descente.<\/p>\n<p>Les r\u00e9cents accidents, notamment celui de Cyprien Sarrazin, p\u00e8sent lourdement sur le moral de l\u2019\u00e9quipe. En d\u00e9pit de ces difficult\u00e9s, Perrin a affirm\u00e9 que le groupe continue \u00e0 avancer, cherchant \u00e0 dig\u00e9rer ces \u00e9v\u00e9nements tout en se concentrant sur les \u00e9preuves \u00e0 venir. Le soutien mutuel et l&rsquo;esprit d&rsquo;\u00e9quipe sont plus que jamais essentiels pour surmonter ces moments difficiles.<\/p>\n<h2>Une analyse des performances<\/h2>\n<p>Dans son bilan, Perrin a mis en exergue les points positifs malgr\u00e9 les r\u00e9sultats mitig\u00e9s. Il a indiqu\u00e9 que la descente a r\u00e9v\u00e9l\u00e9 des aspects encourageants pour l\u2019avenir, notamment la capacit\u00e9 des athl\u00e8tes \u00e0 se reprendre apr\u00e8s des contre-performances. Cette r\u00e9action est essentielle pour restaurer la confiance et pr\u00e9parer les prochaines comp\u00e9titions.<\/p>\n<p>Le directeur a \u00e9galement observ\u00e9 que les athl\u00e8tes doivent apprendre \u00e0 tirer des le\u00e7ons de ces exp\u00e9riences pour progresser. \u00ab\u00a0On doit dig\u00e9rer et continuer \u00e0 avancer\u00a0\u00bb, a-t-il d\u00e9clar\u00e9, soulignant l\u2019importance de la pers\u00e9v\u00e9rance. Cette philosophie est cruciale pour maintenir la motivation et la coh\u00e9sion au sein de l&rsquo;\u00e9quipe, particuli\u00e8rement dans un sport aussi exigeant que le ski alpin.<\/p>\n<h2>Les objectifs pour l&rsquo;avenir<\/h2>\n<p>L\u2019\u00e9quipe de France de ski alpin se fixe des objectifs ambitieux pour le reste de la saison. Avec les Championnats du monde en cours, chaque course est une occasion de prouver leur valeur sur la sc\u00e8ne internationale. Perrin a exprim\u00e9 sa confiance dans le potentiel de ses athl\u00e8tes et leur volont\u00e9 de se battre jusqu&rsquo;au bout.<\/p>\n<p>Pour atteindre ces objectifs, plusieurs axes de travail sont envisag\u00e9s. Les athl\u00e8tes devront se concentrer sur l&rsquo;am\u00e9lioration de leurs techniques et de leur pr\u00e9paration mentale. Voici quelques aspects cl\u00e9s sur lesquels l\u2019\u00e9quipe va se focaliser :<\/p>\n<ul>\n<li>Renforcement de la pr\u00e9paration physique<\/li>\n<li>Analyse des performances pass\u00e9es<\/li>\n<li>Travail sur la coh\u00e9sion d&rsquo;\u00e9quipe<\/li>\n<li>Optimisation des strat\u00e9gies de course<\/li>\n<li>Soutien psychologique pour g\u00e9rer la pression<\/li>\n<\/ul>\n<p>Fr\u00e9d\u00e9ric Perrin et son \u00e9quipe sont d\u00e9termin\u00e9s \u00e0 transformer ces d\u00e9fis en opportunit\u00e9s de croissance. En cultivant un esprit d&rsquo;\u00e9quipe solide et en tirant des enseignements des \u00e9preuves v\u00e9cues, ils esp\u00e8rent retrouver le chemin du succ\u00e8s lors des prochaines comp\u00e9titions. Les prochains jours \u00e0 Saalbach seront cruciaux pour la suite de la saison, et l&rsquo;\u00e9quipe est pr\u00eate \u00e0 relever le d\u00e9fi avec courage et d\u00e9termination.<\/p>\n","protected":false},"excerpt":{"rendered":"","protected":false},"author":34,"featured_media":10563,"comment_status":"open","ping_status":"open","sticky":false,"template":"","format":"standard","meta":{"_acf_changed":false,"manual_indexmenow":false,"indexmenow_id_project":0,"footnotes":""},"categories":[1],"tags":[2574,4614,4544,4543,4408],"class_list":["post-8143","post","type-post","status-publish","format-standard","has-post-thumbnail","hentry","category-a-la-une","tag-bien-etre","tag-encadrement-professionnel","tag-equipe","tag-performance","tag-resilience","generate-columns","tablet-grid-50","mobile-grid-100","grid-parent","grid-25"],"acf":[],"yoast_head":"<!-- This site is optimized with the Yoast SEO Premium plugin v21.3 (Yoast SEO v26.5) - https:\/\/yoast.com\/wordpress\/plugins\/seo\/ -->\n<title>Fr\u00e9d\u00e9ric Perrin : un bilan positif des mondiaux de Saalbach<\/title>\n<meta name=\"description\" content=\"Les d\u00e9fis rencontr\u00e9s par l&#039;\u00e9quipe fran\u00e7aise Fr\u00e9d\u00e9ric Perrin, le directeur de l\u2019\u00e9quipe masculine de ski alpin, a r\u00e9cemment fait le point sur les\u2026\" \/>\n<meta name=\"robots\" content=\"index, follow, max-snippet:-1, max-image-preview:large, max-video-preview:-1\" \/>\n<link rel=\"canonical\" href=\"https:\/\/sport-index.fr\/blog\/a-la-une\/frederic-perrin-un-bilan-positif-des-mondiaux-de-saalbach-malgre-les-defis\/\" \/>\n<meta property=\"og:locale\" content=\"fr_FR\" \/>\n<meta property=\"og:type\" content=\"article\" \/>\n<meta property=\"og:title\" content=\"Fr\u00e9d\u00e9ric Perrin : un bilan positif des mondiaux de Saalbach\" \/>\n<meta property=\"og:description\" content=\"Les d\u00e9fis rencontr\u00e9s par l&#039;\u00e9quipe fran\u00e7aise Fr\u00e9d\u00e9ric Perrin, le directeur de l\u2019\u00e9quipe masculine de ski alpin, a r\u00e9cemment fait le point sur les\u2026\" \/>\n<meta property=\"og:url\" content=\"https:\/\/sport-index.fr\/blog\/a-la-une\/frederic-perrin-un-bilan-positif-des-mondiaux-de-saalbach-malgre-les-defis\/\" \/>\n<meta property=\"og:site_name\" content=\"sport-index\" \/>\n<meta name=\"author\" content=\"Axel Lauzier\" \/>\n<meta name=\"twitter:card\" content=\"summary_large_image\" \/>\n<script type=\"application\/ld+json\" class=\"yoast-schema-graph\">{\"@context\":\"https:\/\/schema.org\",\"@graph\":[{\"@type\":\"NewsArticle\",\"@id\":\"https:\/\/sport-index.fr\/blog\/a-la-une\/frederic-perrin-un-bilan-positif-des-mondiaux-de-saalbach-malgre-les-defis\/#article\",\"isPartOf\":{\"@id\":\"https:\/\/sport-index.fr\/blog\/a-la-une\/frederic-perrin-un-bilan-positif-des-mondiaux-de-saalbach-malgre-les-defis\/\"},\"author\":{\"name\":\"Axel Lauzier\",\"@id\":\"https:\/\/sport-index.fr\/blog\/#\/schema\/person\/3c864cdc320801e3db34b663e7e3f816\"},\"headline\":\"Fr\u00e9d\u00e9ric Perrin : un bilan positif des mondiaux de Saalbach malgr\u00e9 les d\u00e9fis\",\"datePublished\":\"2025-02-11T14:33:15+00:00\",\"mainEntityOfPage\":{\"@id\":\"https:\/\/sport-index.fr\/blog\/a-la-une\/frederic-perrin-un-bilan-positif-des-mondiaux-de-saalbach-malgre-les-defis\/\"},\"wordCount\":521,\"commentCount\":18,\"publisher\":{\"@id\":\"https:\/\/sport-index.fr\/blog\/#organization\"},\"image\":{\"@id\":\"https:\/\/sport-index.fr\/blog\/a-la-une\/frederic-perrin-un-bilan-positif-des-mondiaux-de-saalbach-malgre-les-defis\/#primaryimage\"},\"thumbnailUrl\":\"https:\/\/sport-index.fr\/blog\/wp-content\/uploads\/2025\/02\/sdxl-12fa7cd8356813d4ec7b284de58aca5a.png\",\"keywords\":[\"Bien-\u00catre\",\"Encadrement professionnel\",\"\u00c9quipe\",\"Performance\",\"R\u00e9silience\"],\"articleSection\":[\"\u00c0 la une\"],\"inLanguage\":\"fr-FR\",\"potentialAction\":[{\"@type\":\"CommentAction\",\"name\":\"Comment\",\"target\":[\"https:\/\/sport-index.fr\/blog\/a-la-une\/frederic-perrin-un-bilan-positif-des-mondiaux-de-saalbach-malgre-les-defis\/#respond\"]}]},{\"@type\":\"WebPage\",\"@id\":\"https:\/\/sport-index.fr\/blog\/a-la-une\/frederic-perrin-un-bilan-positif-des-mondiaux-de-saalbach-malgre-les-defis\/\",\"url\":\"https:\/\/sport-index.fr\/blog\/a-la-une\/frederic-perrin-un-bilan-positif-des-mondiaux-de-saalbach-malgre-les-defis\/\",\"name\":\"Fr\u00e9d\u00e9ric Perrin : un bilan positif des mondiaux de Saalbach\",\"isPartOf\":{\"@id\":\"https:\/\/sport-index.fr\/blog\/#website\"},\"primaryImageOfPage\":{\"@id\":\"https:\/\/sport-index.fr\/blog\/a-la-une\/frederic-perrin-un-bilan-positif-des-mondiaux-de-saalbach-malgre-les-defis\/#primaryimage\"},\"image\":{\"@id\":\"https:\/\/sport-index.fr\/blog\/a-la-une\/frederic-perrin-un-bilan-positif-des-mondiaux-de-saalbach-malgre-les-defis\/#primaryimage\"},\"thumbnailUrl\":\"https:\/\/sport-index.fr\/blog\/wp-content\/uploads\/2025\/02\/sdxl-12fa7cd8356813d4ec7b284de58aca5a.png\",\"datePublished\":\"2025-02-11T14:33:15+00:00\",\"description\":\"Les d\u00e9fis rencontr\u00e9s par l'\u00e9quipe fran\u00e7aise Fr\u00e9d\u00e9ric Perrin, le directeur de l\u2019\u00e9quipe masculine de ski alpin, a r\u00e9cemment fait le point sur les\u2026\",\"inLanguage\":\"fr-FR\",\"potentialAction\":[{\"@type\":\"ReadAction\",\"target\":[\"https:\/\/sport-index.fr\/blog\/a-la-une\/frederic-perrin-un-bilan-positif-des-mondiaux-de-saalbach-malgre-les-defis\/\"]}]},{\"@type\":\"ImageObject\",\"inLanguage\":\"fr-FR\",\"@id\":\"https:\/\/sport-index.fr\/blog\/a-la-une\/frederic-perrin-un-bilan-positif-des-mondiaux-de-saalbach-malgre-les-defis\/#primaryimage\",\"url\":\"https:\/\/sport-index.fr\/blog\/wp-content\/uploads\/2025\/02\/sdxl-12fa7cd8356813d4ec7b284de58aca5a.png\",\"contentUrl\":\"https:\/\/sport-index.fr\/blog\/wp-content\/uploads\/2025\/02\/sdxl-12fa7cd8356813d4ec7b284de58aca5a.png\",\"width\":1536,\"height\":640},{\"@type\":\"WebSite\",\"@id\":\"https:\/\/sport-index.fr\/blog\/#website\",\"url\":\"https:\/\/sport-index.fr\/blog\/\",\"name\":\"sport-index.fr\",\"description\":\"Le score de l\u2019analyse sportive.\",\"publisher\":{\"@id\":\"https:\/\/sport-index.fr\/blog\/#organization\"},\"alternateName\":\"Le score de l\u2019analyse sportive.\",\"potentialAction\":[{\"@type\":\"SearchAction\",\"target\":{\"@type\":\"EntryPoint\",\"urlTemplate\":\"https:\/\/sport-index.fr\/blog\/?s={search_term_string}\"},\"query-input\":{\"@type\":\"PropertyValueSpecification\",\"valueRequired\":true,\"valueName\":\"search_term_string\"}}],\"inLanguage\":\"fr-FR\"},{\"@type\":\"Organization\",\"@id\":\"https:\/\/sport-index.fr\/blog\/#organization\",\"name\":\"Foretsensations.fr\",\"url\":\"https:\/\/sport-index.fr\/blog\/\",\"logo\":{\"@type\":\"ImageObject\",\"inLanguage\":\"fr-FR\",\"@id\":\"https:\/\/sport-index.fr\/blog\/#\/schema\/logo\/image\/\",\"url\":\"https:\/\/sport-index.fr\/blog\/wp-content\/uploads\/2026\/07\/logo-auto.png\",\"contentUrl\":\"https:\/\/sport-index.fr\/blog\/wp-content\/uploads\/2026\/07\/logo-auto.png\",\"width\":1024,\"height\":1024,\"caption\":\"Foretsensations.fr\"},\"image\":{\"@id\":\"https:\/\/sport-index.fr\/blog\/#\/schema\/logo\/image\/\"}},{\"@type\":\"Person\",\"@id\":\"https:\/\/sport-index.fr\/blog\/#\/schema\/person\/3c864cdc320801e3db34b663e7e3f816\",\"name\":\"Axel Lauzier\",\"image\":{\"@type\":\"ImageObject\",\"inLanguage\":\"fr-FR\",\"@id\":\"https:\/\/sport-index.fr\/blog\/#\/schema\/person\/image\/\",\"url\":\"https:\/\/sport-index.fr\/blog\/wp-content\/uploads\/2026\/06\/persona_axel-l-96x96.jpg\",\"contentUrl\":\"https:\/\/sport-index.fr\/blog\/wp-content\/uploads\/2026\/06\/persona_axel-l-96x96.jpg\",\"caption\":\"Axel Lauzier\"},\"description\":\"Le sport rythme mon quotidien depuis l'enfance, et j'en ai fait mon m\u00e9tier d'analyste r\u00e9dactionnel il y a une dizaine d'ann\u00e9es. Je couvre principalement le football, son actualit\u00e9, ses transferts et l'analyse tactique des grandes affiches, mais aussi les disciplines plus confidentielles que j'aime remettre en lumi\u00e8re. Une partie de mon travail porte sur les pronostics et la lecture statistique d'un match : forme des \u00e9quipes, historique des confrontations, compositions, sans jamais vendre de fausse certitude. Je rappelle syst\u00e9matiquement que parier comporte un risque et doit rester un loisir ma\u00eetris\u00e9. Avant de signer une analyse, je v\u00e9rifie mes chiffres, je recoupe les compositions probables et je distingue toujours la donn\u00e9e brute de l'intuition. Mon objectif : offrir une lecture honn\u00eate et argument\u00e9e, pas un ticket gagnant garanti.\",\"sameAs\":[\"https:\/\/axellauzier.fr\/\"],\"url\":\"https:\/\/sport-index.fr\/blog\/auteur\/noname\/\"}]}<\/script>\n<!-- \/ Yoast SEO Premium plugin. -->","yoast_head_json":{"title":"Fr\u00e9d\u00e9ric Perrin : un bilan positif des mondiaux de Saalbach","description":"Les d\u00e9fis rencontr\u00e9s par l'\u00e9quipe fran\u00e7aise Fr\u00e9d\u00e9ric Perrin, le directeur de l\u2019\u00e9quipe masculine de ski alpin, a r\u00e9cemment fait le point sur les\u2026","robots":{"index":"index","follow":"follow","max-snippet":"max-snippet:-1","max-image-preview":"max-image-preview:large","max-video-preview":"max-video-preview:-1"},"canonical":"https:\/\/sport-index.fr\/blog\/a-la-une\/frederic-perrin-un-bilan-positif-des-mondiaux-de-saalbach-malgre-les-defis\/","og_locale":"fr_FR","og_type":"article","og_title":"Fr\u00e9d\u00e9ric Perrin : un bilan positif des mondiaux de Saalbach","og_description":"Les d\u00e9fis rencontr\u00e9s par l'\u00e9quipe fran\u00e7aise Fr\u00e9d\u00e9ric Perrin, le directeur de l\u2019\u00e9quipe masculine de ski alpin, a r\u00e9cemment fait le point sur les\u2026","og_url":"https:\/\/sport-index.fr\/blog\/a-la-une\/frederic-perrin-un-bilan-positif-des-mondiaux-de-saalbach-malgre-les-defis\/","og_site_name":"sport-index","author":"Axel Lauzier","twitter_card":"summary_large_image","schema":{"@context":"https:\/\/schema.org","@graph":[{"@type":"NewsArticle","@id":"https:\/\/sport-index.fr\/blog\/a-la-une\/frederic-perrin-un-bilan-positif-des-mondiaux-de-saalbach-malgre-les-defis\/#article","isPartOf":{"@id":"https:\/\/sport-index.fr\/blog\/a-la-une\/frederic-perrin-un-bilan-positif-des-mondiaux-de-saalbach-malgre-les-defis\/"},"author":{"name":"Axel Lauzier","@id":"https:\/\/sport-index.fr\/blog\/#\/schema\/person\/3c864cdc320801e3db34b663e7e3f816"},"headline":"Fr\u00e9d\u00e9ric Perrin : un bilan positif des mondiaux de Saalbach malgr\u00e9 les d\u00e9fis","datePublished":"2025-02-11T14:33:15+00:00","mainEntityOfPage":{"@id":"https:\/\/sport-index.fr\/blog\/a-la-une\/frederic-perrin-un-bilan-positif-des-mondiaux-de-saalbach-malgre-les-defis\/"},"wordCount":521,"commentCount":18,"publisher":{"@id":"https:\/\/sport-index.fr\/blog\/#organization"},"image":{"@id":"https:\/\/sport-index.fr\/blog\/a-la-une\/frederic-perrin-un-bilan-positif-des-mondiaux-de-saalbach-malgre-les-defis\/#primaryimage"},"thumbnailUrl":"https:\/\/sport-index.fr\/blog\/wp-content\/uploads\/2025\/02\/sdxl-12fa7cd8356813d4ec7b284de58aca5a.png","keywords":["Bien-\u00catre","Encadrement professionnel","\u00c9quipe","Performance","R\u00e9silience"],"articleSection":["\u00c0 la une"],"inLanguage":"fr-FR","potentialAction":[{"@type":"CommentAction","name":"Comment","target":["https:\/\/sport-index.fr\/blog\/a-la-une\/frederic-perrin-un-bilan-positif-des-mondiaux-de-saalbach-malgre-les-defis\/#respond"]}]},{"@type":"WebPage","@id":"https:\/\/sport-index.fr\/blog\/a-la-une\/frederic-perrin-un-bilan-positif-des-mondiaux-de-saalbach-malgre-les-defis\/","url":"https:\/\/sport-index.fr\/blog\/a-la-une\/frederic-perrin-un-bilan-positif-des-mondiaux-de-saalbach-malgre-les-defis\/","name":"Fr\u00e9d\u00e9ric Perrin : un bilan positif des mondiaux de Saalbach","isPartOf":{"@id":"https:\/\/sport-index.fr\/blog\/#website"},"primaryImageOfPage":{"@id":"https:\/\/sport-index.fr\/blog\/a-la-une\/frederic-perrin-un-bilan-positif-des-mondiaux-de-saalbach-malgre-les-defis\/#primaryimage"},"image":{"@id":"https:\/\/sport-index.fr\/blog\/a-la-une\/frederic-perrin-un-bilan-positif-des-mondiaux-de-saalbach-malgre-les-defis\/#primaryimage"},"thumbnailUrl":"https:\/\/sport-index.fr\/blog\/wp-content\/uploads\/2025\/02\/sdxl-12fa7cd8356813d4ec7b284de58aca5a.png","datePublished":"2025-02-11T14:33:15+00:00","description":"Les d\u00e9fis rencontr\u00e9s par l'\u00e9quipe fran\u00e7aise Fr\u00e9d\u00e9ric Perrin, le directeur de l\u2019\u00e9quipe masculine de ski alpin, a r\u00e9cemment fait le point sur les\u2026","inLanguage":"fr-FR","potentialAction":[{"@type":"ReadAction","target":["https:\/\/sport-index.fr\/blog\/a-la-une\/frederic-perrin-un-bilan-positif-des-mondiaux-de-saalbach-malgre-les-defis\/"]}]},{"@type":"ImageObject","inLanguage":"fr-FR","@id":"https:\/\/sport-index.fr\/blog\/a-la-une\/frederic-perrin-un-bilan-positif-des-mondiaux-de-saalbach-malgre-les-defis\/#primaryimage","url":"https:\/\/sport-index.fr\/blog\/wp-content\/uploads\/2025\/02\/sdxl-12fa7cd8356813d4ec7b284de58aca5a.png","contentUrl":"https:\/\/sport-index.fr\/blog\/wp-content\/uploads\/2025\/02\/sdxl-12fa7cd8356813d4ec7b284de58aca5a.png","width":1536,"height":640},{"@type":"WebSite","@id":"https:\/\/sport-index.fr\/blog\/#website","url":"https:\/\/sport-index.fr\/blog\/","name":"sport-index.fr","description":"Le score de l\u2019analyse sportive.","publisher":{"@id":"https:\/\/sport-index.fr\/blog\/#organization"},"alternateName":"Le score de l\u2019analyse sportive.","potentialAction":[{"@type":"SearchAction","target":{"@type":"EntryPoint","urlTemplate":"https:\/\/sport-index.fr\/blog\/?s={search_term_string}"},"query-input":{"@type":"PropertyValueSpecification","valueRequired":true,"valueName":"search_term_string"}}],"inLanguage":"fr-FR"},{"@type":"Organization","@id":"https:\/\/sport-index.fr\/blog\/#organization","name":"Foretsensations.fr","url":"https:\/\/sport-index.fr\/blog\/","logo":{"@type":"ImageObject","inLanguage":"fr-FR","@id":"https:\/\/sport-index.fr\/blog\/#\/schema\/logo\/image\/","url":"https:\/\/sport-index.fr\/blog\/wp-content\/uploads\/2026\/07\/logo-auto.png","contentUrl":"https:\/\/sport-index.fr\/blog\/wp-content\/uploads\/2026\/07\/logo-auto.png","width":1024,"height":1024,"caption":"Foretsensations.fr"},"image":{"@id":"https:\/\/sport-index.fr\/blog\/#\/schema\/logo\/image\/"}},{"@type":"Person","@id":"https:\/\/sport-index.fr\/blog\/#\/schema\/person\/3c864cdc320801e3db34b663e7e3f816","name":"Axel Lauzier","image":{"@type":"ImageObject","inLanguage":"fr-FR","@id":"https:\/\/sport-index.fr\/blog\/#\/schema\/person\/image\/","url":"https:\/\/sport-index.fr\/blog\/wp-content\/uploads\/2026\/06\/persona_axel-l-96x96.jpg","contentUrl":"https:\/\/sport-index.fr\/blog\/wp-content\/uploads\/2026\/06\/persona_axel-l-96x96.jpg","caption":"Axel Lauzier"},"description":"Le sport rythme mon quotidien depuis l'enfance, et j'en ai fait mon m\u00e9tier d'analyste r\u00e9dactionnel il y a une dizaine d'ann\u00e9es. Je couvre principalement le football, son actualit\u00e9, ses transferts et l'analyse tactique des grandes affiches, mais aussi les disciplines plus confidentielles que j'aime remettre en lumi\u00e8re. Une partie de mon travail porte sur les pronostics et la lecture statistique d'un match : forme des \u00e9quipes, historique des confrontations, compositions, sans jamais vendre de fausse certitude. Je rappelle syst\u00e9matiquement que parier comporte un risque et doit rester un loisir ma\u00eetris\u00e9. Avant de signer une analyse, je v\u00e9rifie mes chiffres, je recoupe les compositions probables et je distingue toujours la donn\u00e9e brute de l'intuition. Mon objectif : offrir une lecture honn\u00eate et argument\u00e9e, pas un ticket gagnant garanti.","sameAs":["https:\/\/axellauzier.fr\/"],"url":"https:\/\/sport-index.fr\/blog\/auteur\/noname\/"}]}},"_links":{"self":[{"href":"https:\/\/sport-index.fr\/blog\/wp-json\/wp\/v2\/posts\/8143","targetHints":{"allow":["GET"]}}],"collection":[{"href":"https:\/\/sport-index.fr\/blog\/wp-json\/wp\/v2\/posts"}],"about":[{"href":"https:\/\/sport-index.fr\/blog\/wp-json\/wp\/v2\/types\/post"}],"author":[{"embeddable":true,"href":"https:\/\/sport-index.fr\/blog\/wp-json\/wp\/v2\/users\/34"}],"replies":[{"embeddable":true,"href":"https:\/\/sport-index.fr\/blog\/wp-json\/wp\/v2\/comments?post=8143"}],"version-history":[{"count":1,"href":"https:\/\/sport-index.fr\/blog\/wp-json\/wp\/v2\/posts\/8143\/revisions"}],"predecessor-version":[{"id":8191,"href":"https:\/\/sport-index.fr\/blog\/wp-json\/wp\/v2\/posts\/8143\/revisions\/8191"}],"wp:featuredmedia":[{"embeddable":true,"href":"https:\/\/sport-index.fr\/blog\/wp-json\/wp\/v2\/media\/10563"}],"wp:attachment":[{"href":"https:\/\/sport-index.fr\/blog\/wp-json\/wp\/v2\/media?parent=8143"}],"wp:term":[{"taxonomy":"category","embeddable":true,"href":"https:\/\/sport-index.fr\/blog\/wp-json\/wp\/v2\/categories?post=8143"},{"taxonomy":"post_tag","embeddable":true,"href":"https:\/\/sport-index.fr\/blog\/wp-json\/wp\/v2\/tags?post=8143"}],"curies":[{"name":"wp","href":"https:\/\/api.w.org\/{rel}","templated":true}]}}